{"id":233459,"date":"2021-09-23T15:02:11","date_gmt":"2021-09-23T13:02:11","guid":{"rendered":"https:\/\/www.radiopiu.net\/wordpress\/?p=233459"},"modified":"2021-09-24T05:20:44","modified_gmt":"2021-09-24T03:20:44","slug":"25-26-settembre-in-valle-del-biois-la-festa-delle-malghe-se-desmonteghea","status":"publish","type":"post","link":"https:\/\/www.radiopiu.net\/wordpress\/25-26-settembre-in-valle-del-biois-la-festa-delle-malghe-se-desmonteghea\/","title":{"rendered":"25-26 SETTEMBRE IN VALLE DEL BIOIS LA FESTA DELLE MALGHE &#8220;SE DESMONTEGHEA&#8221;"},"content":{"rendered":"<p><a href=\"https:\/\/www.radiopiu.net\/wordpress\/25-26-settembre-in-valle-del-biois-la-festa-delle-malghe-se-desmonteghea\/se-desmonteghea-4\/\" rel=\"attachment wp-att-233460\"><img loading=\"lazy\" decoding=\"async\" class=\"size-medium wp-image-233460 alignleft\" src=\"https:\/\/www.radiopiu.net\/wordpress\/wp-content\/uploads\/2021\/09\/45640705_m-300x200.jpg\" alt=\"\" width=\"300\" height=\"200\" srcset=\"https:\/\/www.radiopiu.net\/wordpress\/wp-content\/uploads\/2021\/09\/45640705_m-300x200.jpg 300w, https:\/\/www.radiopiu.net\/wordpress\/wp-content\/uploads\/2021\/09\/45640705_m-1024x683.jpg 1024w, https:\/\/www.radiopiu.net\/wordpress\/wp-content\/uploads\/2021\/09\/45640705_m-768x512.jpg 768w, https:\/\/www.radiopiu.net\/wordpress\/wp-content\/uploads\/2021\/09\/45640705_m-1536x1024.jpg 1536w, https:\/\/www.radiopiu.net\/wordpress\/wp-content\/uploads\/2021\/09\/45640705_m-2048x1365.jpg 2048w\" sizes=\"auto, (max-width: 300px) 100vw, 300px\" \/><\/a><\/p>\n<p><strong>FALCADE<\/strong> Sabato e domenica\u00a0 ritorna in Valle del Biois Se Desmonteghea, la festa delle malghe. Per la diciassettesima edizione il Gruppo folk Union ladina Val biois celebra l\u2019inizio dell\u2019autunno e il tempo di far ritorno dai pascoli estivi. E\u2019 un omaggio ai malgari e alle aziende agricole che per 365 giorni all\u2019anno si impegnano per mantenere pulito e vivo il nostro territorio. Anche quest\u2019anno, come per la scorsa edizione, l\u2019organizzazione ha voluto mantenere la tradizione, rivisitando la festa per poter viverla all\u2019aria aperta e nel pieno rispetto delle regole covid. Quello che non cambia \u00e8 l\u2019entusiasmo e volont\u00e0 di valorizzare la cultura e le tradizioni alpine, da sempre Se Desmonteghea si contraddistingue per la cura nei dettagli, dall\u2019uso dei prodotti del territorio per i propri men\u00f9 alla valorizzazione dei molti aspetti del vivere in montagna. Come ogni anno la cornice della festa sar\u00e0 la bellissima Piana di Falcade, circondata dalle Dolomiti patrimonio dell\u2019Umanit\u00e0. Nell\u2019ampio spazio verde saranno posizionati i chioschi della birra Pedavena e il tendone che proporr\u00e0 nella giornata di sabato a pranzo l\u2019immancabile toro allo spiedo mentre alla sera si potr\u00e0 gustare il tradizionale Piat del malgher con minestra d\u2019orzo, patate e formaggio. La novit\u00e0 della domenica sono gli stinchi di maiale. A completare il men\u00f9 le tradizionali fortaie, la selezione di vini al calice e lo stand del dolce. Come lo scorso anno sar\u00e0 possibile ritirare anche il cestino da pic nic con i prodotti locali. Sono bel 20 i locali della valle che hanno aderito all\u2019iniziativa proponendo un men\u00f9 legato alla tradizione. Si possono consultare le proposte gastronomiche sul sito www.gruppofolkvalbiois. Protagonista della festa sar\u00e0 anche la musica che accompagner\u00e0 il sabato con spettacoli itineranti lungo i chioschi insieme ai Bandaros del Friuli per poi proseguire a pranzo con la banda dei K\u00f6n<span style=\"font-family: Candara, serif;\">igsberger Musikanten e all\u2019allegria di Guglielmo e le bronze squerte, ensamble che riunisce l\u2019anima agordina e comeliana della festa. <\/span><span style=\"font-family: Candara, serif;\">La domenica si apre a pranzo con gli storici Amici della patata per chiudersi in bellezza con i Koa quintett, musica oberkrainer dall\u2019Alpago. <\/span><span style=\"font-family: Candara, serif;\">Da sempre la fiera dell&#8217;artigianato e delle tipicit\u00e0 alpine \u00e8 un fiore all&#8217;occhiello della festa. Quest\u2019anno saranno presenti oltre 100 espositori, dove trovare l&#8217;essenza delle Dolomiti, con i sapienti lavori degli artigiani o le golose proposte delle latterie e delle aziende agricole. <\/span>Ogni anno una parte della festa \u00e8 riservata agli approfondimenti della vita in montagna. Sabato mattina si parler\u00e0 di un elemento che \u00e8 fortemente presente nelle vite di ogni montanaro: il bosco, che da risorsa primaria sta diventando invadente, fino ad ritrovarselo sulla soglia di casa. Il titolo dell\u2019intervento sar\u00e0 Aon beleche el bosch &#8216;nte ciasa. Approfondiremo anche, insieme a Coldiretti Belluno, quali sono le razze bovine che meglio si adattano al nostro territorio, quali cavalli sono presenti nelle nostre aziende agricole e perch\u00e9, mentre domenica mattina affronteremo il tema dell\u2019adattamento dell\u2019uomo all\u2019ambiente e di come hanno fatto i montanari a spostarsi sui ripidi pendii o sul ghiaccio dell&#8217;inverno adattando le scarpe a tutte le esigenze. Saranno presenti dei maestri calzolai che ci racconteranno i segreti del mestiere. Nel pomeriggio uno spazio importante sar\u00e0 riservato alle malghe e alle aziende agricole presenti nel nostro comprensorio pascolivo con una dimostrazione di mungitura. Sabato sera alle 20.30 in sala consiliare di Falcade ci sar\u00e0 la presentazione del libro dell&#8217;associazione Sul fronte dei ricordi, che da anni si impegna a raccontare le piccole grandi storie degli alpini e dei civili che hanno vissuto la Grande Guerra tra la nostra valle e la Val di Fassa. Non solo racconta ma ripristina e valorizza i sentieri che hanno visto marciare quegli alpini 100 anni fa. Per accedere \u00e8 richiesto il green pass. Domenica pomeriggio, dopo un\u2019attesa di quasi due anni, il Gruppo Folk Val Biois potr\u00e0 tornare a ballare e lo far\u00e0 sulla Piana di Falcade con un\u2019esibizione di danze tradizionali. Dopo il successo dello scorso anno sar\u00e0 riproposto un divertentissimo gioco in cui si deve indovinare l&#8217;uso di un attrezzo in uso nel passato. A chi parteciper\u00e0 sar\u00e0 donata una pubblicazione dell&#8217;Union ladina Val Biois, l&#8217;associazione che \u00e8 parte integrante del Gruppo folk e che valorizza la cultura e le tradizioni della nostra valle. Se Desmonteghea \u00e8 una festa gemellata con altri eventi legati alla tradizioni agricole agordine. I prossimi appuntamenti saranno il 29 settembre ad Arabba con la rassegna della razza bruna e pezzata rossa ladina e il 9 ottobre ad Agordo con la fiera del bestiam.<\/p>\n<p>&nbsp;<\/p>\n<p><strong><span style=\"color: #ff0000;\">ALLA RADIO\u00a0<\/span><\/strong><\/p>\n<h2><span style=\"color: #ff0000;\"><a href=\"https:\/\/www.radiopiu.net\/wordpress\/se-desmonteghea-2021-le-festa-delle-malghe-alla-radio\/242458531_3044436332480471_1539653298059826230_n\/\" rel=\"attachment wp-att-232916\"><img loading=\"lazy\" decoding=\"async\" class=\" wp-image-232916 alignleft\" src=\"https:\/\/www.radiopiu.net\/wordpress\/wp-content\/uploads\/2021\/09\/242458531_3044436332480471_1539653298059826230_n-300x300.jpg\" alt=\"\" width=\"165\" height=\"165\" srcset=\"https:\/\/www.radiopiu.net\/wordpress\/wp-content\/uploads\/2021\/09\/242458531_3044436332480471_1539653298059826230_n-300x300.jpg 300w, https:\/\/www.radiopiu.net\/wordpress\/wp-content\/uploads\/2021\/09\/242458531_3044436332480471_1539653298059826230_n-150x150.jpg 150w, https:\/\/www.radiopiu.net\/wordpress\/wp-content\/uploads\/2021\/09\/242458531_3044436332480471_1539653298059826230_n.jpg 526w\" sizes=\"auto, (max-width: 165px) 100vw, 165px\" \/><\/a><\/span><\/h2>\n<h2><\/h2>\n<blockquote>\n<h3>SE DESMONTEGHEA 2021, LE FESTA DELLE MALGHE ALLA RADIO<\/h3>\n<p><strong>OSPITI<\/strong> Mayra De Marco, Antonella Schena, Eddy Gaspari, Alessio Xaiz<\/p>\n<p><strong>di Claudio Fontanive<\/strong><\/p><\/blockquote>\n<p><strong>AUDIO\u00a0<\/strong><\/p>\n<audio class=\"wp-audio-shortcode\" id=\"audio-233459-1\" preload=\"none\" style=\"width: 100%;\" controls=\"controls\"><source type=\"audio\/mpeg\" src=\"https:\/\/www.radiopiu.net\/wordpress\/wp-content\/uploads\/2021\/09\/se-desmonteghea-20-settembre.mp3?_=1\" \/><a href=\"https:\/\/www.radiopiu.net\/wordpress\/wp-content\/uploads\/2021\/09\/se-desmonteghea-20-settembre.mp3\">https:\/\/www.radiopiu.net\/wordpress\/wp-content\/uploads\/2021\/09\/se-desmonteghea-20-settembre.mp3<\/a><\/audio>\n<p>&nbsp;<\/p>\n","protected":false},"excerpt":{"rendered":"<p>FALCADE Sabato e domenica\u00a0 ritorna in Valle del Biois Se Desmonteghea, la festa delle malghe. Per la diciassettesima edizione il Gruppo folk Union ladina Val biois celebra l\u2019inizio dell\u2019autunno e il tempo di far ritorno dai pascoli estivi. E\u2019 un omaggio ai malgari e alle aziende agricole che per 365 giorni all\u2019anno si impegnano per&hellip;<\/p>\n","protected":false},"author":4,"featured_media":233460,"comment_status":"closed","ping_status":"open","sticky":false,"template":"","format":"standard","meta":{"_monsterinsights_skip_tracking":false,"_monsterinsights_sitenote_active":false,"_monsterinsights_sitenote_note":"","_monsterinsights_sitenote_category":0,"footnotes":""},"categories":[1],"tags":[],"class_list":["post-233459","post","type-post","status-publish","format-standard","has-post-thumbnail","hentry","category-senza-categoria","category-1","description-off"],"img_url":"https:\/\/www.radiopiu.net\/wordpress\/wp-content\/uploads\/2021\/09\/45640705_m.jpg","_links":{"self":[{"href":"https:\/\/www.radiopiu.net\/wordpress\/wp-json\/wp\/v2\/posts\/233459","targetHints":{"allow":["GET"]}}],"collection":[{"href":"https:\/\/www.radiopiu.net\/wordpress\/wp-json\/wp\/v2\/posts"}],"about":[{"href":"https:\/\/www.radiopiu.net\/wordpress\/wp-json\/wp\/v2\/types\/post"}],"author":[{"embeddable":true,"href":"https:\/\/www.radiopiu.net\/wordpress\/wp-json\/wp\/v2\/users\/4"}],"replies":[{"embeddable":true,"href":"https:\/\/www.radiopiu.net\/wordpress\/wp-json\/wp\/v2\/comments?post=233459"}],"version-history":[{"count":0,"href":"https:\/\/www.radiopiu.net\/wordpress\/wp-json\/wp\/v2\/posts\/233459\/revisions"}],"wp:featuredmedia":[{"embeddable":true,"href":"https:\/\/www.radiopiu.net\/wordpress\/wp-json\/wp\/v2\/media\/233460"}],"wp:attachment":[{"href":"https:\/\/www.radiopiu.net\/wordpress\/wp-json\/wp\/v2\/media?parent=233459"}],"wp:term":[{"taxonomy":"category","embeddable":true,"href":"https:\/\/www.radiopiu.net\/wordpress\/wp-json\/wp\/v2\/categories?post=233459"},{"taxonomy":"post_tag","embeddable":true,"href":"https:\/\/www.radiopiu.net\/wordpress\/wp-json\/wp\/v2\/tags?post=233459"}],"curies":[{"name":"wp","href":"https:\/\/api.w.org\/{rel}","templated":true}]}}