{"id":233525,"date":"2021-09-25T05:30:02","date_gmt":"2021-09-25T03:30:02","guid":{"rendered":"https:\/\/www.radiopiu.net\/wordpress\/?p=233525"},"modified":"2021-09-25T08:48:42","modified_gmt":"2021-09-25T06:48:42","slug":"giornale-radiopiu-25-settembre-2021-direttore-mirko-mezzacasa","status":"publish","type":"post","link":"https:\/\/www.radiopiu.net\/wordpress\/giornale-radiopiu-25-settembre-2021-direttore-mirko-mezzacasa\/","title":{"rendered":"GIORNALE RADIOPIU 25 SETTEMBRE 2021 DIRETTORE MIRKO MEZZACASA"},"content":{"rendered":"<div class=\"o9v6fnle cxmmr5t8 oygrvhab hcukyx3x c1et5uql ii04i59q\">\n<div dir=\"auto\">\n<div data-block=\"true\" data-editor=\"49orb\" data-offset-key=\"eafl5-0-0\">\n<h3 class=\"kvgmc6g5 cxmmr5t8 oygrvhab hcukyx3x c1et5uql\"><span style=\"color: #0000ff;\">INFORMAZIONE il canale su TELEGRAM informazione di prima mano e in tempo reale. iscriviti ed aiutaci a farlo conoscere<\/span><\/h3>\n<p>foto copertina fanpage.it<\/p>\n<\/div>\n<\/div>\n<\/div>\n<p>&nbsp;<\/p>\n<blockquote>\n<h3>ultim&#8217;ora NELLA NOTTE SOCCORSO NON FACILE A CIMA PAPE<\/h3>\n<\/blockquote>\n<p><strong>CENCENIGHE.AGORDO <\/strong>\u00a0Notte impegnativa per i vigili del fuoco di Agordo in collaborazione con il Soccorso Alpino. Ieri sera alle 21\u00a0 l&#8217;allarme al 115 per una ragazza (turista) bloccata per stanchezza nel freddo clima di Cima Pape. La ragazza \u00e8 stata raggiunta, riscaldata, rifocillata e quindi portata a valle incolume e in buone condizioni. L&#8217;intervento dei pompieri e degli uomini del Soccorso Alpino si \u00e8 concluso solo alle 2 di questa mattina<\/p>\n<p><img decoding=\"async\" src=\"https:\/\/www.radiopiu.net\/wordpress\/wp-content\/uploads\/2021\/03\/th-22.jpg\" \/><\/p>\n<p>&nbsp;<\/p>\n<hr \/>\n<div class=\"o9v6fnle cxmmr5t8 oygrvhab hcukyx3x c1et5uql ii04i59q\">\n<div data-block=\"true\" data-editor=\"49orb\" data-offset-key=\"eafl5-0-0\"><\/div>\n<div dir=\"auto\">\n<div class=\"\" data-block=\"true\" data-editor=\"49orb\" data-offset-key=\"eafl5-0-0\"><span style=\"color: #ff0000;\"><strong>REGIONALE 203 AGORDINA APERTA, NON SONO PREVISTE INTERRUZIONI ALMENO FINO ALLA PROSSIMA SETTIMANA QUANDO RIPRENDERANNO I LAVORI DI POSA DELLE RETI DI PROTEZIONE, VENETO STRADE COMUNICHERA&#8217; CON AMPIO ANTICIPO QUALI SARANNO LE LIMITAZIONI AL TRAFFICO<\/strong><\/span><\/div>\n<\/div>\n<div dir=\"auto\"><\/div>\n<div dir=\"auto\"><\/div>\n<div dir=\"auto\">\n<hr \/>\n<\/div>\n<blockquote>\n<h3 dir=\"auto\">EQUINOZIO E SPETTACOLARE PASSAGGIO DEL RAGGIO DI SOLE TRA LE PARETI DEL CIVETTA<\/h3>\n<\/blockquote>\n<div dir=\"auto\">\n<p><strong><img loading=\"lazy\" decoding=\"async\" class=\"alignleft\" src=\"https:\/\/www.radiopiu.net\/wordpress\/wp-content\/uploads\/2021\/09\/b857d0fa-cd89-40c0-94df-e258cfcc7595.jpg\" width=\"241\" height=\"136\" \/>ALLEGHE<\/strong> Claudio Pra non delude, anche quest&#8217;anno con l&#8217;aiuto di un&#8217;ottima meteo , ha filmato il passaggio del Sole sul foro equinoziale del Civetta, a segnare l&#8217;inizio dell&#8217; autunno. 1 minuto e 45 secondi\u00a0 velocizzati e ridotti a una ventina di secondi.<\/p>\n<p>buon spettacolo<\/p>\n<p>&nbsp;<\/p>\n<div style=\"width: 854px;\" class=\"wp-video\"><video class=\"wp-video-shortcode\" id=\"video-233525-1\" width=\"854\" height=\"480\" preload=\"metadata\" controls=\"controls\"><source type=\"video\/mp4\" src=\"https:\/\/www.radiopiu.net\/wordpress\/wp-content\/uploads\/2021\/09\/WhatsApp-Video-2021-09-24-at-12.28.56.mp4?_=1\" \/><a href=\"https:\/\/www.radiopiu.net\/wordpress\/wp-content\/uploads\/2021\/09\/WhatsApp-Video-2021-09-24-at-12.28.56.mp4\">https:\/\/www.radiopiu.net\/wordpress\/wp-content\/uploads\/2021\/09\/WhatsApp-Video-2021-09-24-at-12.28.56.mp4<\/a><\/video><\/div>\n<p>&nbsp;<\/p>\n<p>&nbsp;<\/p>\n<p>&nbsp;<\/p>\n<\/div>\n<div dir=\"auto\"><\/div>\n<div dir=\"auto\"><\/div>\n<\/div>\n<hr \/>\n<h3><\/h3>\n<blockquote>\n<h3>ACQUA NON POTABILE A VALCOZZENA, BRUGNACH E GIOVE DI AGORDO<\/h3>\n<\/blockquote>\n<p><strong><a href=\"https:\/\/www.radiopiu.net\/wordpress\/giornale-radiopiu-09-agosto-2018-direttore-mirko-mezzacasa\/acqua\/\" rel=\"attachment wp-att-57052\"><img loading=\"lazy\" decoding=\"async\" class=\" wp-image-57052 alignleft\" src=\"https:\/\/www.radiopiu.net\/wordpress\/wp-content\/uploads\/2018\/08\/ACQUA-300x180.jpeg\" alt=\"\" width=\"133\" height=\"80\" srcset=\"https:\/\/www.radiopiu.net\/wordpress\/wp-content\/uploads\/2018\/08\/ACQUA-300x180.jpeg 300w, https:\/\/www.radiopiu.net\/wordpress\/wp-content\/uploads\/2018\/08\/ACQUA-768x461.jpeg 768w, https:\/\/www.radiopiu.net\/wordpress\/wp-content\/uploads\/2018\/08\/ACQUA-1024x614.jpeg 1024w, https:\/\/www.radiopiu.net\/wordpress\/wp-content\/uploads\/2018\/08\/ACQUA.jpeg 1280w\" sizes=\"auto, (max-width: 133px) 100vw, 133px\" \/><\/a>AGORDO<\/strong> Gestione Servizi Pubblici informa che ad AGORDO nelle localit\u00e0 VALCOZZENA, BRUGNACH e GIOVE l&#8217;acqua erogata dall&#8217;acquedotto non \u00e8 potabile e pu\u00f2 essere usata per scopi alimentari SOLO PREVIA bollitura. GSP ha, comunque, gi\u00e0 adottato le necessarie misure per la disinfezione dell&#8217;acqua presente nei serbatoi e nella rete idrica con l&#8217;aggiunta di cloro. Ulteriori informazioni saranno fornite nei prossimi giorni<\/p>\n<p>&nbsp;<\/p>\n<p>&nbsp;<\/p>\n<blockquote>\n<h3>LUNEDI SENZ&#8217;ACQUA A SALESEI, POMERIGGIO A &#8220;SECCO&#8221; A ROCCA E SOTTOGUDA<\/h3>\n<\/blockquote>\n<p><strong>\u00a0LIVINALLONGO<\/strong> Lunedi dalle 8\u00a0 a fine lavori\u00a0 verr\u00e0 sospesa l\u2019erogazione dell\u2019acqua\u00a0 nella localit\u00e0 SALESEI.<\/p>\n<p>&nbsp;<\/p>\n<p><strong>ROCCA PIETORE<\/strong>\u00a0 Lunedi\u00a0 \u00a0dalle 13 a fine lavori verr\u00e0 sospesa l\u2019erogazione dell\u2019acqua nelle localit\u00e0 SOTTOGUDA, PIAN, PALUE, COL DI ROCCA, SORAR\u00d9, PEZZ\u00c8 e BOSCO VERDE e nelle vie CAPOLUOGO e SAS NEGHER.<\/p>\n<p>&nbsp;<\/p>\n<p>&nbsp;<\/p>\n<hr \/>\n<p>&nbsp;<\/p>\n<blockquote>\n<h3><a href=\"https:\/\/www.radiopiu.net\/wordpress\/giornale-radiopiu-16-giugno-2021-direttore-mirko-mezzacasa\/th-140\/\" rel=\"attachment wp-att-216173\"><img loading=\"lazy\" decoding=\"async\" class=\"wp-image-216173 alignleft\" src=\"https:\/\/www.radiopiu.net\/wordpress\/wp-content\/uploads\/2021\/06\/th-13.jpg\" alt=\"\" width=\"96\" height=\"64\" \/><\/a>INTERRUZIONE ENEL PROGRAMMATA PER LAVORI<\/h3>\n<p><strong>ROCCA PIETORE<\/strong> Lunedi dalle 8.30 alle 14.30 a Col di Rocca e via Marmolada civico 1<\/p><\/blockquote>\n<p>&nbsp;<\/p>\n<p>&nbsp;<\/p>\n<hr \/>\n<p><strong>\u00a0 \u00a0\u00a0<\/strong><\/p>\n<p><a href=\"https:\/\/www.radiopiu.net\/wordpress\/giornale-radiopiu-25-settembre-2021-direttore-mirko-mezzacasa\/5e0ad48c-d59e-444d-9d50-8619cf16636b\/\" rel=\"attachment wp-att-233674\"><img loading=\"lazy\" decoding=\"async\" class=\"size-medium wp-image-233674 aligncenter\" src=\"https:\/\/www.radiopiu.net\/wordpress\/wp-content\/uploads\/2021\/09\/5e0ad48c-d59e-444d-9d50-8619cf16636b-300x186.jpg\" alt=\"\" width=\"300\" height=\"186\" srcset=\"https:\/\/www.radiopiu.net\/wordpress\/wp-content\/uploads\/2021\/09\/5e0ad48c-d59e-444d-9d50-8619cf16636b-300x186.jpg 300w, https:\/\/www.radiopiu.net\/wordpress\/wp-content\/uploads\/2021\/09\/5e0ad48c-d59e-444d-9d50-8619cf16636b-768x477.jpg 768w, https:\/\/www.radiopiu.net\/wordpress\/wp-content\/uploads\/2021\/09\/5e0ad48c-d59e-444d-9d50-8619cf16636b.jpg 800w\" sizes=\"auto, (max-width: 300px) 100vw, 300px\" \/><\/a><\/p>\n<blockquote>\n<h3>VENETO, ANAS: MANUTENZIONE SEGNALETICA ORIZZONTALE SULLA STATALE 51 \u201cALEMAGNA\u201d TRA LONGARONE E PIEVE DI CADORE<\/h3>\n<\/blockquote>\n<p>Per consentire l\u2019esecuzione dei lavori di ripasso della segnaletica orizzontale sono previste limitazioni temporanee lungo la strada statale 51 \u201cAlemagna\u201d nel tratto tra Longarone e Pieve di Cadore. Da luned\u00ec 27 settembre sar\u00e0 istituita la chiusura del tratto dal km 50,000 al km 65,000 con deviazione del traffico sul vecchio tracciato della SS51. La limitazione \u00e8 programmata fino a venerd\u00ec 1 ottobre.<\/p>\n<p>&nbsp;<\/p>\n<blockquote>\n<h3>CAPRILE-DIGONERA\u00a0 A &#8220;SINGHIOZZO&#8221;<\/h3>\n<\/blockquote>\n<p><strong><img loading=\"lazy\" decoding=\"async\" class=\"alignleft\" src=\"https:\/\/www.radiopiu.net\/wordpress\/wp-content\/uploads\/2021\/09\/th-9.jpg\" width=\"165\" height=\"79\" \/>ROCCA PIETORE<\/strong> La messa in sicurezza del piano viabile lungo la provinciale 563 di Salesei che da Saviner di Rocca Pietore sale a Digonera e quindi Livinallongo, obbliga l&#8217;impresa vicentina Gheller\u00a0 non solo a prevedere il senso unico alternato h24 ma anche a chiusure fino a 20 minuti. I lavori termineranno (salvo proroghe) il prossimo 11 ottobre.<\/p>\n<p>&nbsp;<\/p>\n<p><strong><a href=\"https:\/\/www.radiopiu.net\/wordpress\/veneto-strade-interdizione-al-traffico\/veneto-strade-2\/\" rel=\"attachment wp-att-135574\"><img loading=\"lazy\" decoding=\"async\" class=\"wp-image-135574 alignleft\" src=\"https:\/\/www.radiopiu.net\/wordpress\/wp-content\/uploads\/2020\/05\/VENETO-STRADE-300x300.png\" alt=\"\" width=\"100\" height=\"100\" srcset=\"https:\/\/www.radiopiu.net\/wordpress\/wp-content\/uploads\/2020\/05\/VENETO-STRADE-300x300.png 300w, https:\/\/www.radiopiu.net\/wordpress\/wp-content\/uploads\/2020\/05\/VENETO-STRADE-150x150.png 150w, https:\/\/www.radiopiu.net\/wordpress\/wp-content\/uploads\/2020\/05\/VENETO-STRADE.png 400w\" sizes=\"auto, (max-width: 100px) 100vw, 100px\" \/><\/a><\/strong><strong>PROVINCIALE 3 VALLE IMPERINA<\/strong> prorogato il senso unico con semaforo sopra Ponte Alto (per Rivamonte) fino al 4 ottobre, anche sabato e domenica<\/p>\n<p><strong>SP39 MONTE AVENA COMUNE SOVRAMONTE<\/strong> dal 27 settembre al 15 ottobre -esclusi festivi e prefestivi &#8211; interdizione totale al traffico<\/p>\n<p>&nbsp;<\/p>\n<p>&nbsp;<\/p>\n<hr \/>\n<p>&nbsp;<\/p>\n<blockquote>\n<h3>GIACOMO SARTORI NON C&#8217;E&#8217; PIU&#8217;. SVANITE LE SPERANZE DI RITROVARLO IN VITA<\/h3>\n<\/blockquote>\n<p><strong><img loading=\"lazy\" decoding=\"async\" class=\"alignleft\" src=\"https:\/\/www.radiopiu.net\/wordpress\/wp-content\/uploads\/2021\/09\/th-10-e1632479178390.jpg\" width=\"176\" height=\"132\" \/>MILANO<\/strong> Giacomo Sartor<strong>i<\/strong>, il tecnico informatico 29enne di Mel, scomparso il 18 settembre scorso nel Milanese, dove lavorava \u00e8 stato ritrovato privo di vita. Il corpo del ragazzo era a un centinaio di metri dal luogo del ritrovamento dell&#8217;auto, in una cascina nella zona di Casorate Primo. Il corpo \u00e8 stato rinvenuto intorno alle 10.30 dalla coordinatrice della Protezione civile di Bereguardo, che venerd\u00ec mattina \u00e8 arrivata alla cascina e ha cominciato da l\u00ec a perlustrare la zona. I proprietari dell\u2019agriturismo\u00a0 e del terreno circostante hanno riferito di essere stati pi\u00f9 volte nel frutteto, durante la settimana, per svolgere i consueti lavori e di non aver notato nulla. Tra l\u2019altro, in questi giorni era in corso anche la potatura della siepe. L\u2019agghiacciante scoperta stamane nella zona di Casorate Primo, a pochissima distanza dal luogo in cui era parcheggiato l&#8217;auto, in una zona in cui nei giorni scorsi si erano gi\u00e0 svolte le ricerche dei soccorritori.<\/p>\n<p>&nbsp;<\/p>\n<p><strong>IL CORDOGLIO DELL&#8217;ASSOCIAZIONE BELLUNESI NEL MONDO<\/strong><\/p>\n<p>\u00ab<em>Siamo vicini ai famigliari di Giacomo<\/em>\u00bb. Queste le parole di Oscar De Bona, presidente dell\u2019Associazione Bellunesi nel Mondo, per la tragica fine di Giacomo Sartori, il 29enne di Mel, Comune di Borgo Valbelluna. Dopo una settimana di ricerche il suo corpo \u00e8 stato trovato oggi a Casorate Primo (Pavia). \u00ab<em>Giacomo era un giovane emigrante, che aveva scelto Milano come sua seconda casa. E quanti bellunesi, in tempi differenti, hanno fatto la sua stessa scelta. Le distanze, seppure ai giorni nostri quelle tra Milano e Belluno non siano cos\u00ec eccessive, per i parenti sono comunque un distacco e ancora di pi\u00f9 se giungono queste tragiche notizie<\/em>\u00bb. \u00ab<em>Assieme al presidente della Famiglia Bellunese di Milano, Roberto Feltrin e alla presidente della Famiglia Ex emigranti della Sinistra Piave, Olinda Fiabane &#8211; conclude De Bona &#8211; voglio esprimere le nostre pi\u00f9 sentite condoglianze alla famiglia Sartori, ai parenti e a tutti gli amici di Giacomo<\/em>\u00bb.<\/p>\n<p>&nbsp;<\/p>\n<hr \/>\n<p>&nbsp;<\/p>\n<blockquote>\n<h3>LADRI IN CHIESA AD AVOSCAN DI SAN TOMASO<\/h3>\n<\/blockquote>\n<p><strong><a href=\"https:\/\/www.radiopiu.net\/wordpress\/giornale-radiopiu-25-settembre-2021-direttore-mirko-mezzacasa\/c9ebd330-76b4-4bf6-a765-e11b28662777\/\" rel=\"attachment wp-att-233633\"><img loading=\"lazy\" decoding=\"async\" class=\" wp-image-233633 alignleft\" src=\"https:\/\/www.radiopiu.net\/wordpress\/wp-content\/uploads\/2021\/09\/c9ebd330-76b4-4bf6-a765-e11b28662777-135x300.jpg\" sizes=\"auto, (max-width: 95px) 100vw, 95px\" srcset=\"https:\/\/www.radiopiu.net\/wordpress\/wp-content\/uploads\/2021\/09\/c9ebd330-76b4-4bf6-a765-e11b28662777-135x300.jpg 135w, https:\/\/www.radiopiu.net\/wordpress\/wp-content\/uploads\/2021\/09\/c9ebd330-76b4-4bf6-a765-e11b28662777-461x1024.jpg 461w, https:\/\/www.radiopiu.net\/wordpress\/wp-content\/uploads\/2021\/09\/c9ebd330-76b4-4bf6-a765-e11b28662777-768x1708.jpg 768w, https:\/\/www.radiopiu.net\/wordpress\/wp-content\/uploads\/2021\/09\/c9ebd330-76b4-4bf6-a765-e11b28662777-691x1536.jpg 691w, https:\/\/www.radiopiu.net\/wordpress\/wp-content\/uploads\/2021\/09\/c9ebd330-76b4-4bf6-a765-e11b28662777.jpg 921w\" alt=\"\" width=\"95\" height=\"211\" \/><\/a><\/strong><\/p>\n<p><strong><a href=\"https:\/\/www.radiopiu.net\/wordpress\/ladri-in-chiesa-ad-avoscan-di-san-tomaso\/783960e8-1906-433c-8a49-f8e271d2a8ad\/\" rel=\"attachment wp-att-233637\"><img loading=\"lazy\" decoding=\"async\" class=\"wp-image-233637 alignright\" src=\"https:\/\/www.radiopiu.net\/wordpress\/wp-content\/uploads\/2021\/09\/783960e8-1906-433c-8a49-f8e271d2a8ad-169x300.jpg\" sizes=\"auto, (max-width: 86px) 100vw, 86px\" srcset=\"https:\/\/www.radiopiu.net\/wordpress\/wp-content\/uploads\/2021\/09\/783960e8-1906-433c-8a49-f8e271d2a8ad-169x300.jpg 169w, https:\/\/www.radiopiu.net\/wordpress\/wp-content\/uploads\/2021\/09\/783960e8-1906-433c-8a49-f8e271d2a8ad-576x1024.jpg 576w, https:\/\/www.radiopiu.net\/wordpress\/wp-content\/uploads\/2021\/09\/783960e8-1906-433c-8a49-f8e271d2a8ad-768x1365.jpg 768w, https:\/\/www.radiopiu.net\/wordpress\/wp-content\/uploads\/2021\/09\/783960e8-1906-433c-8a49-f8e271d2a8ad-864x1536.jpg 864w, https:\/\/www.radiopiu.net\/wordpress\/wp-content\/uploads\/2021\/09\/783960e8-1906-433c-8a49-f8e271d2a8ad.jpg 1080w\" alt=\"\" width=\"86\" height=\"153\" \/><\/a>SAN TOMASO<\/strong> Hanno spaccato il vetro della finestra del bagno della bella chiesa di Avoscan (a lato della regionale 203 Agordina in localit\u00e0 Vare), dopo aver forzato la tapparella sono entrati nell\u2019edificio ed \u00a0hanno messo a soqquadro la sacrestia, rovistando in ogni angolo, ma soprattutto hanno puntato l\u2019angolo della Madonna, quello dedicato alle offerte dei fedeli e come si pu\u00f2 immaginare per avere accesso alle monetine l\u2019ignoto o gli ignoti hanno scassato il contenitore trovando qualche euro visto,\u00a0 era stato svuotato pochi giorni fa.<\/p>\n<p>Ad accorgersi del furto nel pomeriggio di ieri un giovane del paese che portava in giro il suo cane, ha notato la tapparella della finestra forzata, il vetro rotto e le pietre usate per infrangerlo. Sul posto sono stati chiamati i Carabinieri di Caprile, il sacrestano e probabilmente arriver\u00e0 anche il parroco, forse, da Belluno perch\u00e9 anche San Tomaso come Alleghe non ha pi\u00f9 un prete a tempo pieno.<\/p>\n<p>Tornando al furto i balordi hanno dovuto accontentarsi di pochi euro, non sono stati rubati calici o altri oggetti sacri di valore, rimane per\u00f2 il danno, soprattutto la confusione in sacrestia dove anche qui sono stati rotti i vetri della porta.<\/p>\n<blockquote><p><em>&#8220;Una mascalzonata finita male per noi perch\u00e9 hanno danneggiato la struttura, ma almeno non hanno toccato gli oggetti sacri &#8211; dice il parroco Don Luigino. La chiesa \u00e8 assicurata ma il dispiacere resta. Proprio il mese scorso abbiamo festeggiato i cinquant&#8217;anni della chiesa di Avoscan.<\/em><\/p><\/blockquote>\n\n\t\t\t<style type='text\/css'>\n\t\t\t\t#gallery-1 {\n\t\t\t\t\tmargin: auto;\n\t\t\t\t}\n\t\t\t\t#gallery-1 .gallery-item {\n\t\t\t\t\tfloat: left;\n\t\t\t\t\tmargin-top: 10px;\n\t\t\t\t\ttext-align: center;\n\t\t\t\t\twidth: 33%;\n\t\t\t\t}\n\t\t\t\t#gallery-1 img {\n\t\t\t\t\tborder: 2px solid #cfcfcf;\n\t\t\t\t}\n\t\t\t\t#gallery-1 .gallery-caption {\n\t\t\t\t\tmargin-left: 0;\n\t\t\t\t}\n\t\t\t\t\/* see gallery_shortcode() in wp-includes\/media.php *\/\n\t\t\t<\/style>\n\t\t<div id='gallery-1' class='dt-gallery-container gallery galleryid-233525 gallery-columns-3 gallery-size-thumbnail'><dl class='gallery-item'>\n\t\t\t\t<dt class='gallery-icon landscape'>\n\t\t\t\t\t<a class=\"rollover rollover-zoom dt-pswp-item\" title=\"b800ee11-0727-4a02-b757-5a07011624a1\" data-dt-img-description=\"\" data-large_image_width=\"1728\" data-large_image_height=\"1728\"href='https:\/\/www.radiopiu.net\/wordpress\/wp-content\/uploads\/2021\/09\/b800ee11-0727-4a02-b757-5a07011624a1.jpg'><img loading=\"lazy\" decoding=\"async\" width=\"150\" height=\"150\" src=\"https:\/\/www.radiopiu.net\/wordpress\/wp-content\/uploads\/2021\/09\/b800ee11-0727-4a02-b757-5a07011624a1-150x150.jpg\" class=\"attachment-thumbnail size-thumbnail\" alt=\"\" srcset=\"https:\/\/www.radiopiu.net\/wordpress\/wp-content\/uploads\/2021\/09\/b800ee11-0727-4a02-b757-5a07011624a1-150x150.jpg 150w, https:\/\/www.radiopiu.net\/wordpress\/wp-content\/uploads\/2021\/09\/b800ee11-0727-4a02-b757-5a07011624a1-300x300.jpg 300w, https:\/\/www.radiopiu.net\/wordpress\/wp-content\/uploads\/2021\/09\/b800ee11-0727-4a02-b757-5a07011624a1-1024x1024.jpg 1024w, https:\/\/www.radiopiu.net\/wordpress\/wp-content\/uploads\/2021\/09\/b800ee11-0727-4a02-b757-5a07011624a1-768x768.jpg 768w, https:\/\/www.radiopiu.net\/wordpress\/wp-content\/uploads\/2021\/09\/b800ee11-0727-4a02-b757-5a07011624a1-1536x1536.jpg 1536w, https:\/\/www.radiopiu.net\/wordpress\/wp-content\/uploads\/2021\/09\/b800ee11-0727-4a02-b757-5a07011624a1.jpg 1728w\" sizes=\"auto, (max-width: 150px) 100vw, 150px\" \/><\/a>\n\t\t\t\t<\/dt><\/dl><dl class='gallery-item'>\n\t\t\t\t<dt class='gallery-icon landscape'>\n\t\t\t\t\t<a class=\"rollover rollover-zoom dt-pswp-item\" title=\"a0d9e1f2-511c-44eb-928e-695b53f24ebf\" data-dt-img-description=\"\" data-large_image_width=\"1728\" data-large_image_height=\"1728\"href='https:\/\/www.radiopiu.net\/wordpress\/wp-content\/uploads\/2021\/09\/a0d9e1f2-511c-44eb-928e-695b53f24ebf.jpg'><img loading=\"lazy\" decoding=\"async\" width=\"150\" height=\"150\" src=\"https:\/\/www.radiopiu.net\/wordpress\/wp-content\/uploads\/2021\/09\/a0d9e1f2-511c-44eb-928e-695b53f24ebf-150x150.jpg\" class=\"attachment-thumbnail size-thumbnail\" alt=\"\" srcset=\"https:\/\/www.radiopiu.net\/wordpress\/wp-content\/uploads\/2021\/09\/a0d9e1f2-511c-44eb-928e-695b53f24ebf-150x150.jpg 150w, https:\/\/www.radiopiu.net\/wordpress\/wp-content\/uploads\/2021\/09\/a0d9e1f2-511c-44eb-928e-695b53f24ebf-300x300.jpg 300w, https:\/\/www.radiopiu.net\/wordpress\/wp-content\/uploads\/2021\/09\/a0d9e1f2-511c-44eb-928e-695b53f24ebf-1024x1024.jpg 1024w, https:\/\/www.radiopiu.net\/wordpress\/wp-content\/uploads\/2021\/09\/a0d9e1f2-511c-44eb-928e-695b53f24ebf-768x768.jpg 768w, https:\/\/www.radiopiu.net\/wordpress\/wp-content\/uploads\/2021\/09\/a0d9e1f2-511c-44eb-928e-695b53f24ebf-1536x1536.jpg 1536w, https:\/\/www.radiopiu.net\/wordpress\/wp-content\/uploads\/2021\/09\/a0d9e1f2-511c-44eb-928e-695b53f24ebf.jpg 1728w\" sizes=\"auto, (max-width: 150px) 100vw, 150px\" \/><\/a>\n\t\t\t\t<\/dt><\/dl><dl class='gallery-item'>\n\t\t\t\t<dt class='gallery-icon landscape'>\n\t\t\t\t\t<a class=\"rollover rollover-zoom dt-pswp-item\" title=\"b8c3fd26-ac17-43aa-b9ef-9f2f3b7607ec\" data-dt-img-description=\"\" data-large_image_width=\"1728\" data-large_image_height=\"1728\"href='https:\/\/www.radiopiu.net\/wordpress\/wp-content\/uploads\/2021\/09\/b8c3fd26-ac17-43aa-b9ef-9f2f3b7607ec.jpg'><img loading=\"lazy\" decoding=\"async\" width=\"150\" height=\"150\" src=\"https:\/\/www.radiopiu.net\/wordpress\/wp-content\/uploads\/2021\/09\/b8c3fd26-ac17-43aa-b9ef-9f2f3b7607ec-150x150.jpg\" class=\"attachment-thumbnail size-thumbnail\" alt=\"\" srcset=\"https:\/\/www.radiopiu.net\/wordpress\/wp-content\/uploads\/2021\/09\/b8c3fd26-ac17-43aa-b9ef-9f2f3b7607ec-150x150.jpg 150w, https:\/\/www.radiopiu.net\/wordpress\/wp-content\/uploads\/2021\/09\/b8c3fd26-ac17-43aa-b9ef-9f2f3b7607ec-300x300.jpg 300w, https:\/\/www.radiopiu.net\/wordpress\/wp-content\/uploads\/2021\/09\/b8c3fd26-ac17-43aa-b9ef-9f2f3b7607ec-1024x1024.jpg 1024w, https:\/\/www.radiopiu.net\/wordpress\/wp-content\/uploads\/2021\/09\/b8c3fd26-ac17-43aa-b9ef-9f2f3b7607ec-768x768.jpg 768w, https:\/\/www.radiopiu.net\/wordpress\/wp-content\/uploads\/2021\/09\/b8c3fd26-ac17-43aa-b9ef-9f2f3b7607ec-1536x1536.jpg 1536w, https:\/\/www.radiopiu.net\/wordpress\/wp-content\/uploads\/2021\/09\/b8c3fd26-ac17-43aa-b9ef-9f2f3b7607ec.jpg 1728w\" sizes=\"auto, (max-width: 150px) 100vw, 150px\" \/><\/a>\n\t\t\t\t<\/dt><\/dl><br style=\"clear: both\" \/>\n\t\t\t<\/div>\n\n<p>&nbsp;<\/p>\n<p>&nbsp;<\/p>\n<hr \/>\n<p>&nbsp;<\/p>\n<blockquote>\n<h3>L&#8217;ALTRA NOTTE SUL CIVETTA, RECUPERATO L&#8217;ESCURSIONISTA POLACCO<\/h3>\n<\/blockquote>\n<p><strong><img loading=\"lazy\" decoding=\"async\" class=\"alignleft\" src=\"https:\/\/www.radiopiu.net\/wordpress\/wp-content\/uploads\/2021\/09\/salt_20210922_102152_227.jpg\" width=\"142\" height=\"189\" \/>VAL DI ZOLDO<\/strong>\u00a0 Un escursionista straniero \u00e8 rimasto bloccato nella zona della Ferrata Alleghesi, sul Civetta, in un punto in cui non si fidava a muoversi. Un soccorritore \u00e8 salito a Pian del Crep e ha individuato la luce nella zona dell&#8217;attacco della ferrata. Una squadra \u00e8 arrivata in jeep alla teleferica del Rifugio Torrani per poi proseguire a piedi fino all&#8217;attacco della via attrezzata, dove per\u00f2 non c&#8217;era nessuno, l&#8217;uomo non rispondeva ai richiami vocali e il suo cellulare risultava irraggiungibile. Dopo aver aggirato la spalla, la squadra ha intravisto una luce verso la Porta del Masar\u00e8, fuori sentiero in un tratto esposto. Una volta raggiunto l&#8217;escursionista, un polacco di 41 anni, \u00e8 stato verificato che era in buone condizioni e attrezzato, sebbene manifestasse dolore a un ginocchio. Aiutato a scendere sul sentiero, l&#8217;escursionista \u00e8 stato accompagnato a valle e in fuoristrada a Palafavera dove aveva la sua auto. L&#8217;intervento si \u00e8 concluso all&#8217;1.30.<\/p>\n<p>&nbsp;<\/p>\n<p>&nbsp;<\/p>\n<hr \/>\n<p>&nbsp;<\/p>\n<blockquote>\n<h3>SCIVOLA SUL SENTIERO CHE PORTA AL RIFUGIO VAZZOLER<\/h3>\n<\/blockquote>\n<p><strong><a href=\"https:\/\/www.radiopiu.net\/wordpress\/torna-la-festa-del-volontariato-cadorino-sabato-1-settembre\/soccorsoalpino\/\" rel=\"attachment wp-att-59164\"><img loading=\"lazy\" decoding=\"async\" class=\" wp-image-59164 alignleft\" src=\"https:\/\/www.radiopiu.net\/wordpress\/wp-content\/uploads\/2018\/08\/soccorsoalpino-300x300.jpg\" alt=\"\" width=\"127\" height=\"127\" srcset=\"https:\/\/www.radiopiu.net\/wordpress\/wp-content\/uploads\/2018\/08\/soccorsoalpino-300x300.jpg 300w, https:\/\/www.radiopiu.net\/wordpress\/wp-content\/uploads\/2018\/08\/soccorsoalpino-150x150.jpg 150w, https:\/\/www.radiopiu.net\/wordpress\/wp-content\/uploads\/2018\/08\/soccorsoalpino-768x768.jpg 768w, https:\/\/www.radiopiu.net\/wordpress\/wp-content\/uploads\/2018\/08\/soccorsoalpino-1024x1024.jpg 1024w, https:\/\/www.radiopiu.net\/wordpress\/wp-content\/uploads\/2018\/08\/soccorsoalpino.jpg 1200w\" sizes=\"auto, (max-width: 127px) 100vw, 127px\" \/><\/a>TAIBON AGORDINO<\/strong> Ieri attorno alle 15 il Soccorso alpino di Agordo \u00e8 stato allertato dalla Centrale del Suem, per un escursionista di lingua tedesca, che si era fatto male a una spalla scivolando lungo il sentiero numero 554, a una ventina di minuti di distanza dal Rifugio Vazzoler. Cinque soccorritori sono partiti con i mezzi e la barella, poich\u00e9 non sapevano se l&#8217;uomo sarebbe stato in grado di camminare autonomamente. L&#8217;uomo aveva invece deciso di proseguire malgrado il male al braccio e ha raggiunto la strada bianca dove la squadra lo ha incrociato. Caricato a bordo, l&#8217;infortunato \u00e8 stato accompagnato all&#8217;ospedale di Agordo.<\/p>\n<p>&nbsp;<\/p>\n<p>&nbsp;<\/p>\n<hr \/>\n<p>&nbsp;<\/p>\n<blockquote>\n<h3>SCIVOLA E SBATTE LA TESTA SUL SENTIERO CHE SCENDE DAL RIFUGIO AVERAU<\/h3>\n<\/blockquote>\n<p><strong><a href=\"https:\/\/www.radiopiu.net\/wordpress\/mattinata-impegnativa-per-il-soccorso-alpino-4-interventi-tra-longarone-livinallongo-e-cortina\/fb9dd0e0-d5e5-489c-a831-6502938db7ce\/\" rel=\"attachment wp-att-222520\"><img loading=\"lazy\" decoding=\"async\" class=\" wp-image-222520 alignleft\" src=\"https:\/\/www.radiopiu.net\/wordpress\/wp-content\/uploads\/2021\/07\/fb9dd0e0-d5e5-489c-a831-6502938db7ce-300x225.jpg\" alt=\"\" width=\"200\" height=\"150\" srcset=\"https:\/\/www.radiopiu.net\/wordpress\/wp-content\/uploads\/2021\/07\/fb9dd0e0-d5e5-489c-a831-6502938db7ce-300x225.jpg 300w, https:\/\/www.radiopiu.net\/wordpress\/wp-content\/uploads\/2021\/07\/fb9dd0e0-d5e5-489c-a831-6502938db7ce-1024x768.jpg 1024w, https:\/\/www.radiopiu.net\/wordpress\/wp-content\/uploads\/2021\/07\/fb9dd0e0-d5e5-489c-a831-6502938db7ce-768x576.jpg 768w, https:\/\/www.radiopiu.net\/wordpress\/wp-content\/uploads\/2021\/07\/fb9dd0e0-d5e5-489c-a831-6502938db7ce.jpg 1080w\" sizes=\"auto, (max-width: 200px) 100vw, 200px\" \/><\/a>COLLE SANTA LUCIA<\/strong> Attorno alle 16 l&#8217;elicottero del Suem di Pieve di Cadore \u00e8 intervenuto lungo il sentiero che scende dal Rifugio Averau, per un&#8217;escursionista di Vicenza, M.R., di 77 anni, che perso l&#8217;equilibrio era scivolata e ruzzolata per alcuni metri sbattendo la testa. Il marito e altri due compagni hanno chiesto aiuto al 118, con il supporto di una ragazza di passaggio. Individuato il punto, l&#8217;eliambulanza ha sbarcato equipe medica e tecnico di elisoccorso con un verricello di 25 metri. Prestate le prime cure alla donna, che aveva anche riportato un taglio vicino all&#8217;occhio, i soccorritori l&#8217; hanno, imbarellata, recuperata e trasportata all&#8217;ospedale di Belluno.<\/p>\n<p>&nbsp;<\/p>\n<hr \/>\n<p>&nbsp;<\/p>\n<blockquote>\n<h3>CALABRONI&#8230; DA POMPIERI<\/h3>\n<\/blockquote>\n<p><strong>PEDAVENA\u00a0<\/strong> Ieri mattina i vigili del fuoco\u00a0 sono stati chiamati perch\u00e9 in un edificio storico di Norcen in uso alla parrocchia gli imenotteri avevano trovato casa, pi\u00f9 precisamente nel camino. Per eseguire la rimozione in sicurezza degli animali sono state necessarie un paio d&#8217;ore.<\/p>\n<p>&nbsp;<\/p>\n<hr \/>\n<p>&nbsp;<\/p>\n<blockquote>\n<h3>ALTA VIA N. 1 IN LOCALITA\u2019 \u201cLA PISSA\u201d \u2013 203 AGORDINA,\u00a0 <strong style=\"font-size: 14px;\">PARCO NAZIONALE DOVE SEI?<\/strong><\/h3>\n<\/blockquote>\n<blockquote><p><strong>di Silvano Savio<\/strong><\/p>\n<p><em>Gruppo Consigliare Agordo Cambia\u201d &#8211; AGORDO<\/em><\/p><\/blockquote>\n<p><a href=\"https:\/\/www.radiopiu.net\/wordpress\/alta-via-n-1-in-localita-la-pissa-203-agordina\/20210917_113603\/\" rel=\"attachment wp-att-233579\"><img loading=\"lazy\" decoding=\"async\" class=\"size-medium wp-image-233579 alignleft\" src=\"https:\/\/www.radiopiu.net\/wordpress\/wp-content\/uploads\/2021\/09\/20210917_113603-300x225.jpg\" alt=\"\" width=\"300\" height=\"225\" srcset=\"https:\/\/www.radiopiu.net\/wordpress\/wp-content\/uploads\/2021\/09\/20210917_113603-300x225.jpg 300w, https:\/\/www.radiopiu.net\/wordpress\/wp-content\/uploads\/2021\/09\/20210917_113603-1024x768.jpg 1024w, https:\/\/www.radiopiu.net\/wordpress\/wp-content\/uploads\/2021\/09\/20210917_113603-768x576.jpg 768w, https:\/\/www.radiopiu.net\/wordpress\/wp-content\/uploads\/2021\/09\/20210917_113603-1536x1152.jpg 1536w, https:\/\/www.radiopiu.net\/wordpress\/wp-content\/uploads\/2021\/09\/20210917_113603-2048x1536.jpg 2048w\" sizes=\"auto, (max-width: 300px) 100vw, 300px\" \/><\/a> Nel periodo estivo, chi percorre la \u00a0 \u201c203 Agordina\u201d nota spesso che in localit\u00e0 \u201cLa Pissa\u201d, in corrispondenza di una ex casa cantoniera ci sono dei gruppi di persone equipaggiati da montagna. Sono i turisti che arrivano da tutto il mondo per percorrere la famosa \u201cAlta Via delle Dolomiti n. 1\u201d, un percorso \u00a0 di 125 km, con partenza dal Lago di Braies ed arrivo a Belluno, attraversando le Dolomiti nella parte centrale dalla Valle Pusteria, Braies, Ampezzano, Val di Zoldo, Agordino, Bellunese, visitando 15 rifugi.\u00a0 \u00a0Molti fruitori, a volte per stanchezza, avversit\u00e0 climatiche o per evitare la ferrata della Schiara nella parte finale che collega il Rif. 7\u00b0 Alpini, preferiscono raggiungere la Val Cordevole dal Rif. Bianchet e quindi Belluno in Corriera una volta raggiunta la \u201c203 Agordina\u201d. L\u2019indicazione di fermata della Dolomitibus \u00e8 posto in un contesto che a definirlo disarmante \u00e8 riduttivo, una casa cantoniera in disuso da decenni, in stato di decadente fatiscenza \u00a0 ed invasa dalle piante di Vitalba rampicanti che ancora la sorreggono \u2013 siamo nel Parco Nazionale Dolomiti Bellunesi! Un piccolo piazzale mimetizzato dalla vegetazione \u00a0 che rende pericolosa la fermata del <a href=\"https:\/\/www.radiopiu.net\/wordpress\/alta-via-n-1-in-localita-la-pissa-203-agordina\/20210920_075335\/\" rel=\"attachment wp-att-233580\"><img loading=\"lazy\" decoding=\"async\" class=\"size-medium wp-image-233580 alignright\" src=\"https:\/\/www.radiopiu.net\/wordpress\/wp-content\/uploads\/2021\/09\/20210920_075335-300x225.jpg\" alt=\"\" width=\"300\" height=\"225\" srcset=\"https:\/\/www.radiopiu.net\/wordpress\/wp-content\/uploads\/2021\/09\/20210920_075335-300x225.jpg 300w, https:\/\/www.radiopiu.net\/wordpress\/wp-content\/uploads\/2021\/09\/20210920_075335-1024x768.jpg 1024w, https:\/\/www.radiopiu.net\/wordpress\/wp-content\/uploads\/2021\/09\/20210920_075335-768x576.jpg 768w, https:\/\/www.radiopiu.net\/wordpress\/wp-content\/uploads\/2021\/09\/20210920_075335-1536x1152.jpg 1536w, https:\/\/www.radiopiu.net\/wordpress\/wp-content\/uploads\/2021\/09\/20210920_075335-2048x1536.jpg 2048w\" sizes=\"auto, (max-width: 300px) 100vw, 300px\" \/><\/a>bus o di un\u2019auto che offre un passaggio alle persone, che spesso aspettano sedute o sdraiate a terra.\u00a0 Una semplice considerazione sorge spontanea: ci troviamo sulle Dolomiti Patrimonio Unesco, dove lo scopo principale dovrebbe essere quello di promuovere le dolomiti attraverso un sistema turistico sostenibile e la valorizzazione del territorio, non senza fatica, impegno, investimenti di carattere pubblico e privato di molti imprenditori del turismo.\u00a0 Per questo Suggeriamo e invitiamo l\u2019Amministrazione del Parco ad interloquire con Veneto Strade per eseguire l\u2019abbattimento di quel rudere e realizzare un degno piazzale con un manufatto, una tettoia in legno che offra riparo, con una tabella informativa sugli orari dei pullman e taxi, di un bagno ecc. e promuova anche il parco Nazionale.\u00a0 Mancano i soldi? Ecco una soluzione a costo zero: nell\u2019area demaniale ci sono \u00a0 alberi a sufficienza per realizzare tavole e travature e l\u2019Ufficio per la Biodiversit\u00e0 di Belluno con il quale il Parco \u00e8 in collaborazione da anni \u00a0 \u00e8 dotato di sufficienti mezzi e uomini: circa 30 operai ed una moderna falegnameria a disposizione.\u00a0 Il Parco Nazionale deve farsi carico di queste problematiche, perch\u00e9 vive con i soldi pubblici e gli investimenti del territorio devono tornare sul territorio! Altrimenti a cosa serve un parco Nazionale?<\/p>\n<p><strong>di Gianni Santomaso<\/strong><\/p>\n<audio class=\"wp-audio-shortcode\" id=\"audio-233525-1\" preload=\"none\" style=\"width: 100%;\" controls=\"controls\"><source type=\"audio\/mpeg\" src=\"https:\/\/www.radiopiu.net\/wordpress\/wp-content\/uploads\/2021\/09\/GIANNI-ALTA-VIA-1-CORRIERE.mp3?_=1\" \/><a href=\"https:\/\/www.radiopiu.net\/wordpress\/wp-content\/uploads\/2021\/09\/GIANNI-ALTA-VIA-1-CORRIERE.mp3\">https:\/\/www.radiopiu.net\/wordpress\/wp-content\/uploads\/2021\/09\/GIANNI-ALTA-VIA-1-CORRIERE.mp3<\/a><\/audio>\n<p>&nbsp;<\/p>\n<hr \/>\n<p>&nbsp;<\/p>\n<blockquote class=\"wp-embedded-content\" data-secret=\"3ARiWfHTJp\"><p><a href=\"https:\/\/www.radiopiu.net\/wordpress\/aggiornamentoset24\/\">CORONAVIRUS: AGGIORNAMENTO NAZIONALE 24 SETTEMBRE  2021<\/a><\/p><\/blockquote>\n<p><iframe loading=\"lazy\" class=\"wp-embedded-content\" sandbox=\"allow-scripts\" security=\"restricted\" style=\"position: absolute; clip: rect(1px, 1px, 1px, 1px);\" title=\"&#8220;CORONAVIRUS: AGGIORNAMENTO NAZIONALE 24 SETTEMBRE  2021&#8221; &#8212; Radio Pi\u00f9\" src=\"https:\/\/www.radiopiu.net\/wordpress\/aggiornamentoset24\/embed\/#?secret=3ARiWfHTJp\" data-secret=\"3ARiWfHTJp\" width=\"600\" height=\"338\" frameborder=\"0\" marginwidth=\"0\" marginheight=\"0\" scrolling=\"no\"><\/iframe><\/p>\n<p>&nbsp;<\/p>\n<blockquote class=\"wp-embedded-content\" data-secret=\"eRj3n5Fw5W\"><p><a href=\"https:\/\/www.radiopiu.net\/wordpress\/treszvs11aafsaa\/\">RISALE IL NUMERO DEI DECESSI PER COVID, 6 IN 24 ORE, IN DIMINUZIONE I RICOVERI IN OSPEDALE<\/a><\/p><\/blockquote>\n<p><iframe loading=\"lazy\" class=\"wp-embedded-content\" sandbox=\"allow-scripts\" security=\"restricted\" style=\"position: absolute; clip: rect(1px, 1px, 1px, 1px);\" title=\"&#8220;RISALE IL NUMERO DEI DECESSI PER COVID, 6 IN 24 ORE, IN DIMINUZIONE I RICOVERI IN OSPEDALE&#8221; &#8212; Radio Pi\u00f9\" src=\"https:\/\/www.radiopiu.net\/wordpress\/treszvs11aafsaa\/embed\/#?secret=eRj3n5Fw5W\" data-secret=\"eRj3n5Fw5W\" width=\"600\" height=\"338\" frameborder=\"0\" marginwidth=\"0\" marginheight=\"0\" scrolling=\"no\"><\/iframe><\/p>\n<p>&nbsp;<\/p>\n<h2>I GRAFICI DI TIZIANO DE COL<\/h2>\n\n\t\t\t<style type='text\/css'>\n\t\t\t\t#gallery-2 {\n\t\t\t\t\tmargin: auto;\n\t\t\t\t}\n\t\t\t\t#gallery-2 .gallery-item {\n\t\t\t\t\tfloat: left;\n\t\t\t\t\tmargin-top: 10px;\n\t\t\t\t\ttext-align: center;\n\t\t\t\t\twidth: 20%;\n\t\t\t\t}\n\t\t\t\t#gallery-2 img {\n\t\t\t\t\tborder: 2px solid #cfcfcf;\n\t\t\t\t}\n\t\t\t\t#gallery-2 .gallery-caption {\n\t\t\t\t\tmargin-left: 0;\n\t\t\t\t}\n\t\t\t\t\/* see gallery_shortcode() in wp-includes\/media.php *\/\n\t\t\t<\/style>\n\t\t<div id='gallery-2' class='dt-gallery-container gallery galleryid-233525 gallery-columns-5 gallery-size-thumbnail'><dl class='gallery-item'>\n\t\t\t\t<dt class='gallery-icon landscape'>\n\t\t\t\t\t<a class=\"rollover rollover-zoom dt-pswp-item\" title=\"176a6d23-d7fc-4a77-91e7-7b1799ca92bf\" data-dt-img-description=\"\" data-large_image_width=\"590\" data-large_image_height=\"358\"href='https:\/\/www.radiopiu.net\/wordpress\/wp-content\/uploads\/2021\/09\/176a6d23-d7fc-4a77-91e7-7b1799ca92bf.jpg'><img loading=\"lazy\" decoding=\"async\" width=\"150\" height=\"150\" src=\"https:\/\/www.radiopiu.net\/wordpress\/wp-content\/uploads\/2021\/09\/176a6d23-d7fc-4a77-91e7-7b1799ca92bf-150x150.jpg\" class=\"attachment-thumbnail size-thumbnail\" alt=\"\" \/><\/a>\n\t\t\t\t<\/dt><\/dl><dl class='gallery-item'>\n\t\t\t\t<dt class='gallery-icon landscape'>\n\t\t\t\t\t<a class=\"rollover rollover-zoom dt-pswp-item\" title=\"8ca96225-4932-4c92-bd08-1390853fe47a\" data-dt-img-description=\"\" data-large_image_width=\"596\" data-large_image_height=\"357\"href='https:\/\/www.radiopiu.net\/wordpress\/wp-content\/uploads\/2021\/09\/8ca96225-4932-4c92-bd08-1390853fe47a.jpg'><img loading=\"lazy\" decoding=\"async\" width=\"150\" height=\"150\" src=\"https:\/\/www.radiopiu.net\/wordpress\/wp-content\/uploads\/2021\/09\/8ca96225-4932-4c92-bd08-1390853fe47a-150x150.jpg\" class=\"attachment-thumbnail size-thumbnail\" alt=\"\" \/><\/a>\n\t\t\t\t<\/dt><\/dl><dl class='gallery-item'>\n\t\t\t\t<dt class='gallery-icon landscape'>\n\t\t\t\t\t<a class=\"rollover rollover-zoom dt-pswp-item\" title=\"7be95b1d-33d2-40b6-87eb-2d695ecb8f64\" data-dt-img-description=\"\" data-large_image_width=\"596\" data-large_image_height=\"369\"href='https:\/\/www.radiopiu.net\/wordpress\/wp-content\/uploads\/2021\/09\/7be95b1d-33d2-40b6-87eb-2d695ecb8f64.jpg'><img loading=\"lazy\" decoding=\"async\" width=\"150\" height=\"150\" src=\"https:\/\/www.radiopiu.net\/wordpress\/wp-content\/uploads\/2021\/09\/7be95b1d-33d2-40b6-87eb-2d695ecb8f64-150x150.jpg\" class=\"attachment-thumbnail size-thumbnail\" alt=\"\" \/><\/a>\n\t\t\t\t<\/dt><\/dl><dl class='gallery-item'>\n\t\t\t\t<dt class='gallery-icon landscape'>\n\t\t\t\t\t<a class=\"rollover rollover-zoom dt-pswp-item\" title=\"f2423e69-f5a4-4578-921e-ca365874ac2f\" data-dt-img-description=\"\" data-large_image_width=\"616\" data-large_image_height=\"351\"href='https:\/\/www.radiopiu.net\/wordpress\/wp-content\/uploads\/2021\/09\/f2423e69-f5a4-4578-921e-ca365874ac2f.jpg'><img loading=\"lazy\" decoding=\"async\" width=\"150\" height=\"150\" src=\"https:\/\/www.radiopiu.net\/wordpress\/wp-content\/uploads\/2021\/09\/f2423e69-f5a4-4578-921e-ca365874ac2f-150x150.jpg\" class=\"attachment-thumbnail size-thumbnail\" alt=\"\" \/><\/a>\n\t\t\t\t<\/dt><\/dl><dl class='gallery-item'>\n\t\t\t\t<dt class='gallery-icon landscape'>\n\t\t\t\t\t<a class=\"rollover rollover-zoom dt-pswp-item\" title=\"3408406c-5894-4f4b-910f-325f702b4713\" data-dt-img-description=\"\" data-large_image_width=\"608\" data-large_image_height=\"357\"href='https:\/\/www.radiopiu.net\/wordpress\/wp-content\/uploads\/2021\/09\/3408406c-5894-4f4b-910f-325f702b4713.jpg'><img loading=\"lazy\" decoding=\"async\" width=\"150\" height=\"150\" src=\"https:\/\/www.radiopiu.net\/wordpress\/wp-content\/uploads\/2021\/09\/3408406c-5894-4f4b-910f-325f702b4713-150x150.jpg\" class=\"attachment-thumbnail size-thumbnail\" alt=\"\" \/><\/a>\n\t\t\t\t<\/dt><\/dl><br style=\"clear: both\" \/>\n\t\t\t<\/div>\n\n<p>&nbsp;<\/p>\n<hr \/>\n<p>&nbsp;<\/p>\n<blockquote>\n<h3>COVID SCUOLE: IN PROVINCIA DI BELLUNO SONO 11 LE CLASSI IN ISOLAMENTO<\/h3>\n<\/blockquote>\n<p><strong>BELLUNO<\/strong> Il Team scuole del Dipartimento di Prevenzione fa il punto settimanale sulla situazione dei contagi nelle scuole della provincia.<\/p>\n<p><strong>Classi attualmente in carico al Dipartimento (almeno un positivo): <\/strong><\/p>\n<table width=\"633\">\n<tbody>\n<tr>\n<td width=\"214\">Ordine e grado<\/td>\n<td width=\"154\">Numero classi<\/td>\n<td width=\"203\">Variazione rispetto alla settimana precedente<\/td>\n<\/tr>\n<tr>\n<td width=\"214\"><strong>nidi<\/strong><\/td>\n<td width=\"154\">2<\/td>\n<td width=\"203\">0<\/td>\n<\/tr>\n<tr>\n<td width=\"214\"><strong>infanzia<\/strong><\/td>\n<td width=\"154\">8<\/td>\n<td width=\"203\">6<\/td>\n<\/tr>\n<tr>\n<td width=\"214\"><strong>primaria<\/strong><\/td>\n<td width=\"154\">3<\/td>\n<td width=\"203\">3<\/td>\n<\/tr>\n<tr>\n<td width=\"214\"><strong>Secondaria primo grado<\/strong><\/td>\n<td width=\"154\">1<\/td>\n<td width=\"203\">1<\/td>\n<\/tr>\n<tr>\n<td width=\"214\"><strong>Secondaria secondo grado<\/strong><\/td>\n<td width=\"154\">3<\/td>\n<td width=\"203\">2<\/td>\n<\/tr>\n<tr>\n<td width=\"214\"><strong>convitto<\/strong><\/td>\n<td width=\"154\">0<\/td>\n<td width=\"203\">\/<\/td>\n<\/tr>\n<tr>\n<td width=\"214\"><strong>doposcuola<\/strong><\/td>\n<td width=\"154\">0<\/td>\n<td width=\"203\">\/<\/td>\n<\/tr>\n<tr>\n<td width=\"214\"><strong>TOTALE<\/strong><\/td>\n<td width=\"154\"><strong>17<\/strong><\/td>\n<td width=\"203\"><strong>12<\/strong><\/td>\n<\/tr>\n<\/tbody>\n<\/table>\n<p>&nbsp;<\/p>\n<p>Di cui, <strong>classi attualmente in isolamento:<\/strong><\/p>\n<table width=\"643\">\n<tbody>\n<tr>\n<td width=\"214\">Ordine e grado<\/td>\n<td width=\"214\">Numero classi<\/td>\n<td width=\"214\">Variazione rispetto alla settimana precedente<\/td>\n<\/tr>\n<tr>\n<td width=\"214\"><strong>nidi<\/strong><\/td>\n<td width=\"214\">2<\/td>\n<td width=\"214\">\/<\/td>\n<\/tr>\n<tr>\n<td width=\"214\"><strong>infanzia<\/strong><\/td>\n<td width=\"214\">8<\/td>\n<td width=\"214\">6<\/td>\n<\/tr>\n<tr>\n<td width=\"214\"><strong>primaria<\/strong><\/td>\n<td width=\"214\">0<\/td>\n<td width=\"214\">\/<\/td>\n<\/tr>\n<tr>\n<td width=\"214\"><strong>Secondaria primo grado<\/strong><\/td>\n<td width=\"214\">0<\/td>\n<td width=\"214\">\/<\/td>\n<\/tr>\n<tr>\n<td width=\"214\"><strong>Secondaria secondo grado<\/strong><\/td>\n<td width=\"214\">1<\/td>\n<td width=\"214\">1<\/td>\n<\/tr>\n<tr>\n<td width=\"214\"><strong>convitto<\/strong><\/td>\n<td width=\"214\">0<\/td>\n<td width=\"214\">\/<\/td>\n<\/tr>\n<tr>\n<td width=\"214\"><strong>doposcuola<\/strong><\/td>\n<td width=\"214\">0<\/td>\n<td width=\"214\">\/<\/td>\n<\/tr>\n<tr>\n<td width=\"214\"><strong>TOTALE<\/strong><\/td>\n<td width=\"214\"><strong>11<\/strong><\/td>\n<td width=\"214\"><strong>7<\/strong><\/td>\n<\/tr>\n<\/tbody>\n<\/table>\n<p>&nbsp;<\/p>\n<hr \/>\n<p>&nbsp;<\/p>\n<p>&nbsp;<\/p>\n<blockquote>\n<h3>CON I CAMPERISTI UN FINE SETTIMANA COLORATO DI ARANCIONE A BORGO VALBELLUNA<\/h3>\n<h3><a href=\"https:\/\/www.radiopiu.net\/wordpress\/giornale-radiopiu-25-settembre-2021-direttore-mirko-mezzacasa\/th-197\/\" rel=\"attachment wp-att-233680\"><img loading=\"lazy\" decoding=\"async\" class=\"size-full wp-image-233680 alignleft\" src=\"https:\/\/www.radiopiu.net\/wordpress\/wp-content\/uploads\/2021\/09\/th-12.jpg\" alt=\"\" width=\"242\" height=\"180\" \/><\/a><\/h3>\n<\/blockquote>\n<p><strong>di DAMIANO TORMEN\u00a0<\/strong><\/p>\n<audio class=\"wp-audio-shortcode\" id=\"audio-233525-2\" preload=\"none\" style=\"width: 100%;\" controls=\"controls\"><source type=\"audio\/mpeg\" src=\"https:\/\/www.radiopiu.net\/wordpress\/wp-content\/uploads\/2021\/09\/damiano-4.mp3?_=2\" \/><a href=\"https:\/\/www.radiopiu.net\/wordpress\/wp-content\/uploads\/2021\/09\/damiano-4.mp3\">https:\/\/www.radiopiu.net\/wordpress\/wp-content\/uploads\/2021\/09\/damiano-4.mp3<\/a><\/audio>\n<p>&nbsp;<\/p>\n<p>&nbsp;<\/p>\n<p>&nbsp;<\/p>\n<hr \/>\n<blockquote>\n<h3><\/h3>\n<h3>MAURIZIO CAPELLIN NELLA SEGRETARIA DELLA CISL, L&#8217;INCARICO CHE FU DI GABRIELLA CONT<\/h3>\n<\/blockquote>\n<p><strong><a href=\"https:\/\/www.radiopiu.net\/wordpress\/giornale-radiopiu-25-settembre-2021-direttore-mirko-mezzacasa\/maurizio-cappellin-fnp-min\/\" rel=\"attachment wp-att-233586\"><img loading=\"lazy\" decoding=\"async\" class=\" wp-image-233586 alignleft\" src=\"https:\/\/www.radiopiu.net\/wordpress\/wp-content\/uploads\/2021\/09\/Maurizio-Cappellin-FNP-min-300x225.jpg\" alt=\"\" width=\"231\" height=\"173\" srcset=\"https:\/\/www.radiopiu.net\/wordpress\/wp-content\/uploads\/2021\/09\/Maurizio-Cappellin-FNP-min-300x225.jpg 300w, https:\/\/www.radiopiu.net\/wordpress\/wp-content\/uploads\/2021\/09\/Maurizio-Cappellin-FNP-min-1024x768.jpg 1024w, https:\/\/www.radiopiu.net\/wordpress\/wp-content\/uploads\/2021\/09\/Maurizio-Cappellin-FNP-min-768x576.jpg 768w, https:\/\/www.radiopiu.net\/wordpress\/wp-content\/uploads\/2021\/09\/Maurizio-Cappellin-FNP-min-1536x1152.jpg 1536w, https:\/\/www.radiopiu.net\/wordpress\/wp-content\/uploads\/2021\/09\/Maurizio-Cappellin-FNP-min-2048x1536.jpg 2048w\" sizes=\"auto, (max-width: 231px) 100vw, 231px\" \/><\/a>BELLUNO<\/strong>\u00a0 Il Consiglio Generale della Fnp Belluno Treviso\u00a0 ha eletto Maurizio Cappellin nella Segreteria territoriale della Federazione dei Pensionati della Cisl. Feltrino, 71 anni, Cappellin andr\u00e0 a ricoprire l\u2019incarico lasciato desolatamente vuoto da Gabriella Cont, la segreteria organizzativa deceduta il 30 giugno in un incidente stradale. Affiancher\u00e0 il segretario generale Franco Marcuzzo, la collega di Segreteria Laura Fontana e il componente dello staff Sneder Scotton. <em>\u201cQuesta elezione mi onora &#8211; afferma il neoeletto Cappellin -. Continuer\u00f2 a impegnarmi nella Fnp come ho fatto in questi anni, dando voce ai pensionati e agli anziani delle due province, particolarmente provati dalla pandemia che ha determinato nuove povert\u00e0 e solitudini. Lavorer\u00f2 per migliorare ulteriormente la presenza del Sindacato dei Pensionati della Cisl sul territorio, per garantire servizi e assistenza anche nelle zone pi\u00f9 remote delle due province e per aumentare e valorizzare la presenza e il contributo delle donne all\u2019interno della Fnp e nel territorio\u201d.<\/em><\/p>\n<p>&nbsp;<\/p>\n<p>&nbsp;<\/p>\n<hr \/>\n<p>&nbsp;<\/p>\n<blockquote>\n<h3>IN VENETO VALORI PM10 IN MIGLIORAMENTO<\/h3>\n<\/blockquote>\n<p><strong><a href=\"https:\/\/www.radiopiu.net\/wordpress\/belluno-in-vigore-lordinanza-antismog-deroga-anche-per-chi-assiste-persone-in-isolamento-covid\/scarico-auto\/\" rel=\"attachment wp-att-164611\"><img loading=\"lazy\" decoding=\"async\" class=\"size-medium wp-image-164611 alignleft\" src=\"https:\/\/www.radiopiu.net\/wordpress\/wp-content\/uploads\/2020\/10\/SCARICO-AUTO-300x200.jpg\" alt=\"\" width=\"300\" height=\"200\" srcset=\"https:\/\/www.radiopiu.net\/wordpress\/wp-content\/uploads\/2020\/10\/SCARICO-AUTO-300x200.jpg 300w, https:\/\/www.radiopiu.net\/wordpress\/wp-content\/uploads\/2020\/10\/SCARICO-AUTO-1024x684.jpg 1024w, https:\/\/www.radiopiu.net\/wordpress\/wp-content\/uploads\/2020\/10\/SCARICO-AUTO-768x513.jpg 768w, https:\/\/www.radiopiu.net\/wordpress\/wp-content\/uploads\/2020\/10\/SCARICO-AUTO-1536x1026.jpg 1536w, https:\/\/www.radiopiu.net\/wordpress\/wp-content\/uploads\/2020\/10\/SCARICO-AUTO.jpg 1920w\" sizes=\"auto, (max-width: 300px) 100vw, 300px\" \/><\/a>VENEZIA <\/strong>\u201c<em>Confrontando con i dati del 2020 il numero di giorni di superamento del valore limite giornaliero delle polveri PM10 registrato fino a settembre 2021, si evidenzia una sensibile diminuzione degli sforamenti. Un risultato importante dato che avviene dal raffronto con quello dell\u2019anno in cui per un lungo periodo siamo stati in lockdown<\/em>\u201d. A dirlo \u00e8 l\u2019assessore regionale all\u2019Ambiente della Regione del Veneto, commentando i dati raccolti da ARPAV, braccio operativo della Regione Veneto. Nello specifico il numero di giorni di superamento registrato presso le stazioni di fondo al 19 settembre 2021 \u00e8 inferiore rispetto al numero di giorni di superamento registrato fino alla stessa data dell\u2019anno scorso: in particolare 12 giorni in meno a Padova, 21 giorni in meno a Treviso, 12 in meno a Venezia, 3 in meno a Verona e 17 in meno a Vicenza. Al 22 settembre 2020 tutte le 12 stazioni della Rete regionale della provincia di Venezia e di Verona (tranne Boscochiesanuova) avevano superato i 35 giorni consentiti di superamento del valore limite giornaliero (da 36 a 51 giorni di superamento). Al 22 settembre 2021 sono invece solo 4 stazioni su 12 ad aver superato i 35 giorni di superamento consentiti. \u201c<em>La situazione, pur essendo in oggettivo miglioramento &#8211; conclude l&#8217;assessore -, ancora non ci soddisfa e quindi continueremo nel cammino intrapreso perch\u00e9 siamo sulla strada giusta. Una battaglia che portiamo avanti in silenzio ma con continui investimenti. Infatti, negli ultimi tre anni quasi un miliardo di euro sono stati investiti in questa partita per incentivare il trasporto pubblico e promuovere l\u2019efficientamento energetico, ma anche pubblicando dei bandi specifici dedicati ai privati, come quelli per auto e stufe<\/em>\u201d.<\/p>\n<p>&nbsp;<\/p>\n<p>&nbsp;<\/p>\n<hr \/>\n<p>&nbsp;<\/p>\n<blockquote>\n<h3>GLI EX ALLIEVI DEL CALVI DANNO IL BENVENUTO ALLA DIRIGENTE DOTTORESSA MARIA PASTRELLO<\/h3>\n<\/blockquote>\n<p><strong><a href=\"https:\/\/www.radiopiu.net\/wordpress\/giornale-radiopiu-25-settembre-2021-direttore-mirko-mezzacasa\/ex-allievi-calvi\/\" rel=\"attachment wp-att-233644\"><img loading=\"lazy\" decoding=\"async\" class=\"size-medium wp-image-233644 alignleft\" src=\"https:\/\/www.radiopiu.net\/wordpress\/wp-content\/uploads\/2021\/09\/EX-ALLIEVI-CALVI-300x68.png\" alt=\"\" width=\"300\" height=\"68\" srcset=\"https:\/\/www.radiopiu.net\/wordpress\/wp-content\/uploads\/2021\/09\/EX-ALLIEVI-CALVI-300x68.png 300w, https:\/\/www.radiopiu.net\/wordpress\/wp-content\/uploads\/2021\/09\/EX-ALLIEVI-CALVI-1024x233.png 1024w, https:\/\/www.radiopiu.net\/wordpress\/wp-content\/uploads\/2021\/09\/EX-ALLIEVI-CALVI-768x175.png 768w, https:\/\/www.radiopiu.net\/wordpress\/wp-content\/uploads\/2021\/09\/EX-ALLIEVI-CALVI.png 1492w\" sizes=\"auto, (max-width: 300px) 100vw, 300px\" \/><\/a>BELLUNO<\/strong> Anno scolastico nuovo, dirigente nuova all\u2019Istituto Tecnico Economico \u201cPier Fortunato Calvi\u201d di Belluno. Raggiunta la quiescenza la dottoressa Renata Dal Farra e\u0300 sta- ta sostituita dalla professoressa Maria Pastrello alla guida dell\u2019Istituto di via Concetto Marchesi. L\u2019Associazione Ex Allievi ha voluto rendere omaggio alle due dirigenti nel corso di un cordiale incontro al quale hanno partecipato, il presidente Baldovino Sponga, il vice presidente Dino Bridda ed il segretario Vito Tormen. Con l\u2019occasione e\u0300 avvenuto un proficuo scambio di vedute con la nuova dirigente che proviene dalla carriera docente in qualita\u0300 di insegnante di materie letterarie e filosofia, nonche\u0301 autrice di articoli e saggi nei medesimi ambiti. La professoressa Pastrello ha molto apprezzato l\u2019attivita\u0300 dell\u2019Associazione al fianco della Scuola oggi da lei diretta ed ha dimostrato particolare conoscenza del territorio bellunese grazie a legami di ordine familiare. Si sono cosi\u0300 gettate basi utili per continuare nell\u2019opera di collaborazione tra gli ex allievi ed il \u201cCalvi\u201d: in tal senso l\u2019Associazione ha nel contempo espresso sentimenti di gratitudine nei confronti della dottoressa Dal Farra augurandole il meritato riposo. Alla dottoressa Pastrello, nel contempo, a nome del Consiglio direttivo e dei soci tutti dell\u2019Associazione il presidente Sponga ha espresso il migliore augurio di buon lavoro e di benvenuta nella scuola bellunese nella certezza di poter procedere in un cammino comune e parallelo che gia\u0300 avra\u0300 la prima conferma nell\u2019ormai tradizionale cerimonia del 9 ottobre in ricordo dei cinque allievi del \u201cCalvi\u201d scomparsi nella tragedia del Vajont.<\/p>\n<p>&nbsp;<\/p>\n<p>&nbsp;<\/p>\n<hr \/>\n<p>&nbsp;<\/p>\n<blockquote>\n<h3>VENERDI IN SALA DON TAMIS E IN DIRETTA SUI CANALI SOCIAL<\/h3>\n<\/blockquote>\n<p><strong>AGORDO<\/strong> Il Presidente Michele Costa ha convocato il consiglio dell&#8217;Unione Montana per venerd\u00ec alle 20 \u2013 in presenza \u2013 Sala Don Tamis in Via 27 Aprile. All&#8217;ordine del giorno il bilancio consolidato 2020<\/p>\n<p>&nbsp;<\/p>\n<blockquote>\n<h3>GIROTONDO E&#8217; LA VOLTA DI SAN TOMASO<\/h3>\n<\/blockquote>\n<p><strong>SAN TOMASO<\/strong> Martedi alle 20 consiglio comunale con tre punti all&#8217;ordine del giorno, comunicazioni del sindaco Moreno De Val comprese. Il consiglio prender\u00e0 atto della designazione del capogruppo consiliare del gruppo San Tomaso Si Pu\u00f2 Fare. Immancabile il punto sulla gestione dell&#8217;asilo nido e relativa convenzione con gli altri Comuni.<\/p>\n<p>&nbsp;<\/p>\n<p>&nbsp;<\/p>\n<hr \/>\n<blockquote>\n<h3>GUARDIA DI FINANZA: PUBBLICATO IL BANDO DI CONCORSO, PER TITOLI ED ESAMI,PER IL RECLUTAMENTO DI 1409 ALLIEVI FINANZIERI &#8211; ANNO 2021.<\/h3>\n<\/blockquote>\n<p><strong>BELLUNO<\/strong>\u00a0 Sulla Gazzetta Ufficiale \u00e8 stato pubblicato il bando di concorso, per titoli ed esami, per il reclutamento di 1409 allievi finanzieri. Al concorso possono partecipare coloro che abbiano, alla data di scadenza del termine per la presentazione della domanda, compiuto il 18\u00b0 anno e non abbiano superato il giorno di compimento del 26\u00b0.\u00a0 La domanda di partecipazione al concorso \u00e8 da presentare entro le\u00a0 12 del 11 ottobre mediante la procedura telematica disponibile sul portale attivo all\u2019indirizzo \u201chttps:\/\/concorsi.gdf.gov.it\u201d, seguendo le istruzioni del sistema automatizzato.<\/p>\n<hr \/>\n<p>&nbsp;<\/p>\n<blockquote>\n<h3>I 100 ANNI DEGLI ALPINI FELTRINI SCANDITI ANCHE DA UN CONCORSO<\/h3>\n<\/blockquote>\n<p><strong>FELTRE<\/strong> La sezione di Feltre dell\u2019A.N.A. ha indetto un concorso per la realizzazione di una medaglia commemorativa del centenario. Chiunque potr\u00e0 realizzare un bozzetto grafico ispirato all\u2019evento, e inviarlo alla sezione alpini di Feltre, entro il 30 novembre 2021. Con la recente riapertura dell\u2019anno scolastico, l\u2019A.N.A. ritiene che questa potrebbe essere un\u2019ottima opportunit\u00e0 di coinvolgimento degli studenti da parte delle scuole: un modo per trasmettere i valori degli alpini nella storia del nostro territorio, dando l\u2019occasione ai giovani di esprimere la loro creativit\u00e0. Il vincitore avr\u00e0 un riconoscimento economico per il proprio lavoro. Il bando del concorso \u00e8 visibile sulla pagina Facebook dell\u2019A.N.A. di Feltre e disponibile per il<br \/>\ndownload al link https:\/\/ana-feltre.webnode.com\/<\/p>\n<hr \/>\n<p>&nbsp;<\/p>\n<blockquote>\n<h3>LUNEDI IL BACINO &#8220;DOLOMITI BELLUNESI&#8221; PRESENTA I NUMERI<\/h3>\n<\/blockquote>\n<p><strong>BELLUNO<\/strong>\u00a0 L<span style=\"color: #073763; font-family: verdana, sans-serif;\">a raccolta sull&#8217;<i>indagine relativa all&#8217;utilizzo dell&#8217;acqua in Provincia di Belluno<\/i> promossa dal Comitato Consultivo Utenti del Consiglio di Bacino &#8220;Dolomiti Bellunesi&#8221; \u00e8 ormai completata, i dati pi\u00f9\u00a0 significativi saranno presentati alla stampa lunedi in Provincia.\u00a0<\/span><\/p>\n<p>&nbsp;<\/p>\n<hr \/>\n<p>&nbsp;<\/p>\n<blockquote>\n<h3>IL MASTER PER D&#8217;ALTA QUOTA<\/h3>\n<\/blockquote>\n<p><strong>BELLUNO<\/strong> Martedi alle 13 in sala convegni dell&#8217;ospedale Santa Maria del Prato di Feltre si terr\u00e0 la cerimonia di completamento del Master i primo livello in Prevenzione ed emergenza in territorio montano d&#8217;alta quota. Interverr\u00e0 il direttore generale Maria Grazia Carraro e il direttore del Master, Vincenzo Baldo.<\/p>\n<p>&nbsp;<\/p>\n<hr \/>\n<p>&nbsp;<\/p>\n<h3>VERSO L&#8217;ANNIVERSARIO\u00a0 \u201cPER NON DIMENTICARE\u201d<\/h3>\n<p><a href=\"https:\/\/www.radiopiu.net\/wordpress\/giornale-radiopiu-09-ottobre-2018-direttore-mirko-mezzacasa\/212px-diga_del_vajont_\/\" rel=\"attachment wp-att-63385\"><img loading=\"lazy\" decoding=\"async\" class=\"wp-image-63385 alignleft\" src=\"https:\/\/www.radiopiu.net\/wordpress\/wp-content\/uploads\/2018\/10\/212px-Diga_del_Vajont_-212x300.jpg\" alt=\"\" width=\"115\" height=\"163\" \/><\/a><em>PRESENTAZIONE COMMEMORAZIONE \u00a0 58^ ANNIVERSARIO TRAGEDIA DEL VAJONT<\/em><\/p>\n<p><strong>LONGARONE<\/strong> Oggi alle 11.30 nella sala consiliare di via San Rocco a Roncade (Treviso) il Comune, insieme ai Comuni di Longarone e San Biagio di Callalta, organizza una conferenza stampa per illustrare il programma della commemorazione del 58^ Anniversario del disastro del Vajont che quest\u2019anno, per la prima volta, si terr\u00e0 fuori dei luoghi che furono teatro della tragedia, in Chiesa Antica di San Cipriano sabato 9 ottobre 2021 alle ore 20.30. Interverranno: &#8211; Pieranna Zottarelli, Sindaco di Roncade &#8211; Roberto Padrin, Sindaco di Longarone e Presidente della Provincia di Belluno &#8211; Alberto Cappelletto, Sindaco di San Biagio di Callalta &#8211; Luca Giuriato, gruppo promotore della \u201cPartita della Memoria\u201d<\/p>\n<p>&nbsp;<\/p>\n<hr \/>\n<p>&nbsp;<\/p>\n<blockquote>\n<h3>ANNIVERSARIO DELLA MORTE DI PAPA LUCIANI, LA MESSA A CANALE D&#8217;AGORDO<\/h3>\n<\/blockquote>\n<p><strong><a href=\"https:\/\/www.radiopiu.net\/wordpress\/giornale-radiopiu-25-settembre-2021-direttore-mirko-mezzacasa\/canale-dagordo-in-lutto-per-papa-luciani-1\/\" rel=\"attachment wp-att-233570\"><img loading=\"lazy\" decoding=\"async\" class=\"size-medium wp-image-233570 alignleft\" src=\"https:\/\/www.radiopiu.net\/wordpress\/wp-content\/uploads\/2021\/09\/Canale-dAgordo-in-lutto-per-papa-Luciani-1-300x200.jpg\" alt=\"\" width=\"300\" height=\"200\" srcset=\"https:\/\/www.radiopiu.net\/wordpress\/wp-content\/uploads\/2021\/09\/Canale-dAgordo-in-lutto-per-papa-Luciani-1-300x200.jpg 300w, https:\/\/www.radiopiu.net\/wordpress\/wp-content\/uploads\/2021\/09\/Canale-dAgordo-in-lutto-per-papa-Luciani-1-1024x683.jpg 1024w, https:\/\/www.radiopiu.net\/wordpress\/wp-content\/uploads\/2021\/09\/Canale-dAgordo-in-lutto-per-papa-Luciani-1-768x512.jpg 768w, https:\/\/www.radiopiu.net\/wordpress\/wp-content\/uploads\/2021\/09\/Canale-dAgordo-in-lutto-per-papa-Luciani-1-1536x1024.jpg 1536w, https:\/\/www.radiopiu.net\/wordpress\/wp-content\/uploads\/2021\/09\/Canale-dAgordo-in-lutto-per-papa-Luciani-1-2048x1365.jpg 2048w\" sizes=\"auto, (max-width: 300px) 100vw, 300px\" \/><\/a>CANALE D&#8217;AGORDO<\/strong>\u00a0\u00a0<span style=\"font-family: Arial, sans-serif;\"><span style=\"font-size: small;\"> Anche la <\/span><\/span><span style=\"font-family: Arial, sans-serif;\"><span style=\"font-size: small;\">43\u00aa edizione<\/span><\/span><span style=\"font-family: Arial, sans-serif;\"><span style=\"font-size: small;\"> dell&#8217;<\/span><\/span><span style=\"font-family: Arial, sans-serif;\"><span style=\"font-size: small;\"><i>Appuntamento estivo con papa Luciani <\/i><\/span><\/span><span style=\"font-family: Arial, sans-serif;\"><span style=\"font-size: small;\">giunge alla sua conclusione con la celebrazione della <\/span><\/span><span style=\"font-family: Arial, sans-serif;\"><span style=\"font-size: small;\">\u00a0Messa di <\/span><\/span><span style=\"color: #000000;\"><span style=\"font-family: Arial, sans-serif;\"><span style=\"font-size: small;\"><span lang=\"it-IT\">anniversario della morte di Papa Giovanni Paolo I <\/span><\/span><\/span><\/span><span style=\"color: #000000;\"><span style=\"font-family: Arial, sans-serif;\"><span style=\"font-size: small;\"><span lang=\"it-IT\">che si terr\u00e0 nella <\/span><\/span><\/span><\/span><span style=\"color: #000000;\"><span style=\"font-family: Arial, sans-serif;\"><span style=\"font-size: small;\"><span lang=\"it-IT\">chiesa Arcipretale di Canale d&#8217;Agordo marted\u00ec <\/span><\/span><\/span><\/span><span style=\"color: #000000;\"><span style=\"font-family: Arial, sans-serif;\"><span style=\"font-size: small;\"><span lang=\"it-IT\">alle<\/span><\/span><\/span><\/span><span style=\"color: #000000;\"><span style=\"font-family: Arial, sans-serif;\"><span style=\"font-size: small;\"><span lang=\"it-IT\"> 20<\/span><\/span><\/span><\/span><span style=\"color: #000000;\"><span style=\"font-family: Arial, sans-serif;\"><span style=\"font-size: small;\"><span lang=\"it-IT\">. <\/span><\/span><\/span><\/span><span style=\"color: #000000;\"><span style=\"font-family: Arial, sans-serif;\"><span style=\"font-size: small;\"><span lang=\"it-IT\">La celebrazione \u00e8 un appuntamento molto sentito dai fedeli e dai concittadini di Albino Luciani che non hanno mai dimenticato la figura di questo papa che mor\u00ec improvvisamente dopo soli trentatr\u00e9 giorni di pontificato lasciando nello sgomento il mondo intero. <em>\u00abNonostante questo breve pontificato \u2013 sottolinea Loris Serafini, direttore del Musal \u2013 <\/em><\/span><\/span><\/span><\/span><em><span style=\"color: #000000;\"><span style=\"font-family: Arial, sans-serif;\"><span style=\"font-size: small;\"><span lang=\"it-IT\">Canale d&#8217;Agordo<\/span><\/span><\/span><\/span><span style=\"color: #000000;\"><span style=\"font-family: Arial, sans-serif;\"><span style=\"font-size: small;\"><span lang=\"it-IT\">, il suo paese natale, <\/span><\/span><\/span><\/span><span style=\"color: #000000;\"><span style=\"font-family: Arial, sans-serif;\"><span style=\"font-size: small;\"><span lang=\"it-IT\">rende omaggio<\/span><\/span><\/span><\/span><span style=\"color: #000000;\"><span style=\"font-family: Arial, sans-serif;\"><span style=\"font-size: small;\"><span lang=\"it-IT\"> alla grande persona che \u00e8 stata Albino Luciani con una cerimonia di commiato che intende tenerne vivo il ricordo\u00bb. <\/span><\/span><\/span><\/span><\/em><span style=\"color: #000000;\"><span style=\"font-family: Arial, sans-serif;\"><span style=\"font-size: small;\"><span lang=\"it-IT\">Per poter partecipare alla Santa Messa s<\/span><\/span><\/span><\/span><span style=\"color: #000000;\"><span style=\"font-family: Arial, sans-serif;\"><span style=\"font-size: small;\"><span lang=\"it-IT\">i consiglia la prenotazione presso la segreteria del Museo (<\/span><\/span><\/span><\/span><span style=\"color: #000080;\"><span lang=\"zxx\"><u><a href=\"mailto:info@fondazionepapaluciani.com\" target=\"_blank\" rel=\"nofollow noopener\"><span style=\"color: #000000;\"><span style=\"font-family: Arial, sans-serif;\"><span style=\"font-size: small;\"><span lang=\"it-IT\">info@fondazionepapaluciani.com<\/span><\/span><\/span><\/span><\/a><\/u><\/span><\/span><span style=\"color: #000000;\"><span style=\"font-family: Arial, sans-serif;\"><span style=\"font-size: small;\"><span lang=\"it-IT\">, oppure whatsapp 377.9665237, oppure telefonando al numero 0437.1948001)<\/span><\/span><\/span><\/span><\/p>\n<p>&nbsp;<\/p>\n<p>&nbsp;<\/p>\n<hr \/>\n<p>&nbsp;<\/p>\n<blockquote>\n<h3><strong>Giornata Mondiale del Migrante e del Rifugiato<\/strong><\/h3>\n<\/blockquote>\n<p><strong>BELLUNO\u00a0 <\/strong>In occasione della Giornata Mondiale del Migrante e del Rifugiato l\u2019Associazione Bellunesi nel Mondo garantir\u00e0 la diretta della Santa Messa, che sar\u00e0 celebrata domenica 26 settembre 2021, alle\u00a0 18.30 dal Duomo di Belluno. La diretta sar\u00e0 trasmessa sul canale YouTube e sulla pagina Facebook dell\u2019Associazione Bellunesi nel Mondo.<\/p>\n<p>&nbsp;<\/p>\n<hr \/>\n<p>&nbsp;<\/p>\n<p>&nbsp;<\/p>\n<blockquote>\n<h3><a href=\"https:\/\/www.radiopiu.net\/wordpress\/giornale-radiopiu-25-settembre-2021-direttore-mirko-mezzacasa\/image0-11\/\" rel=\"attachment wp-att-233585\"><img loading=\"lazy\" decoding=\"async\" class=\"wp-image-233585 alignleft\" src=\"https:\/\/www.radiopiu.net\/wordpress\/wp-content\/uploads\/2021\/09\/image0-195x300.jpeg\" alt=\"\" width=\"133\" height=\"205\" srcset=\"https:\/\/www.radiopiu.net\/wordpress\/wp-content\/uploads\/2021\/09\/image0-195x300.jpeg 195w, https:\/\/www.radiopiu.net\/wordpress\/wp-content\/uploads\/2021\/09\/image0-664x1024.jpeg 664w, https:\/\/www.radiopiu.net\/wordpress\/wp-content\/uploads\/2021\/09\/image0-768x1184.jpeg 768w, https:\/\/www.radiopiu.net\/wordpress\/wp-content\/uploads\/2021\/09\/image0-997x1536.jpeg 997w, https:\/\/www.radiopiu.net\/wordpress\/wp-content\/uploads\/2021\/09\/image0.jpeg 1125w\" sizes=\"auto, (max-width: 133px) 100vw, 133px\" \/><\/a>UNA VIA &#8221; LOZZA&#8221;\u00a0 PER RICORDARE UNO DEI PADRI DELL&#8217;OCCHIALERIA<\/h3>\n<\/blockquote>\n<p><strong>CALALZO DI CADORE<\/strong>\u00a0 Oggi alle 11 in localit\u00e0 Soraciase,\u00a0 intitolazione di una via a Giovanni Lozza, uno dei padri della occhialeria cadorina e bellunese.\u00a0 Nato nel 1840, prima con l&#8217;altro calaltino pioniere dell&#8217;occhialeria Angelo Frescura e poi con i figli, diede vita alla pi\u00f9 importante fabbrica di occhiali d&#8217;Italia dell&#8217;epoca. La Lozza era la \u201cfabbrica mamma\u201d che accompagnava la vita dei suoi lavoratori; Giovanni Lozza, e poi i suoi eredi, hanno rappresentato una parte importante del tessuto sociale del\u00a0 paese. A Calalzo c&#8217;\u00e8 gi\u00e0 una strada dedicata alla memoria di Angelo Frescura, ora con Via Giovanni Lozza\u00a0 si completa\u00a0 il nostro tributo ai calaltini pionieri dell&#8217;industria di produzione di occhiali in Italia.<\/p>\n<p>&nbsp;<\/p>\n<p>&nbsp;<\/p>\n<p>&nbsp;<\/p>\n<hr \/>\n<p>&nbsp;<\/p>\n<blockquote>\n<h3>I COLORI DELL&#8217;AUTUNNO, IL CONCORSO FOTOGRAFICO<\/h3>\n<\/blockquote>\n<p><strong>CENCENIGHE<\/strong> La proloco ha indetto un concorso fotografico sui colori della stagione appena iniziata. Le fotografie dovranno pervenire entro il 31 ottobre all&#8217;indirizzo: concorsocoloriautunno@gmail.com. Sabato 13 novembre alle 15 la premiazione con l&#8217;esposizione delle foto al Nof Filo&#8217;. Il regolamento sul sito www.prolococencenighe.it<\/p>\n<p>&nbsp;<\/p>\n<hr \/>\n<p><span style=\"color: #ff0000;\">\u00a0<span style=\"color: #000000;\">\u00a0<\/span><\/span><\/p>\n<blockquote>\n<h3>POSTE ITALIANE: IN PROVINCIA DI BELLUNO LE PENSIONI DI OTTOBRE IN PAGAMENTO DAL 27 SETTEMBRE<\/h3>\n<\/blockquote>\n<p><strong>BELLUNO <\/strong>Poste Italiane comunica che in provincia di Belluno le pensioni del mese di ottobre verranno accreditate a partire da luned\u00ec 27 settembre per i titolari di un Libretto di Risparmio, di un Conto BancoPosta o di una Postepay Evolution. I titolari di carta Postamat, Carta Libretto o di Postepay Evolution potranno prelevare i contanti dagli ATM Postamat disponibili in provincia, senza bisogno di recarsi allo sportello. In continuit\u00e0 con quanto fatto finora e con l\u2019obiettivo di evitare assembramenti, il pagamento delle pensioni in contanti avverr\u00e0 secondo la seguente turnazione alfabetica che potr\u00e0 variare in base al numero di giorni di apertura dell\u2019Ufficio Postale di riferimento. Pertanto, i cognomi <em>dalla A alla C luned\u00ec 27 settembre, <\/em><em>dalla D alla G marted\u00ec 28 settembre, <\/em><em>dalla H alla M mercoled\u00ec 29 settembre, <\/em><em>dalla N alla R gioved\u00ec 30 settembre , <\/em><em>dalla S alla Z venerd\u00ec 1\u00b0 ottobre.<\/em><\/p>\n<p>&nbsp;<\/p>\n<p>&nbsp;<\/p>\n<hr \/>\n<p>&nbsp;<\/p>\n<blockquote>\n<h3><span style=\"color: #ff0000;\">IERI ALLA RADIO<\/span><\/h3>\n<\/blockquote>\n<h3><a href=\"https:\/\/www.radiopiu.net\/wordpress\/sono-della-repubblica-ceca-i-vincitori-della-quinta-edizione-del-dolomiti-rally\/podio-dolomiti-rally\/\" rel=\"attachment wp-att-165785\"><img loading=\"lazy\" decoding=\"async\" class=\" wp-image-165785 alignleft\" src=\"https:\/\/www.radiopiu.net\/wordpress\/wp-content\/uploads\/2020\/10\/PODIO-DOLOMITI-RALLY-300x225.jpg\" alt=\"\" width=\"219\" height=\"164\" srcset=\"https:\/\/www.radiopiu.net\/wordpress\/wp-content\/uploads\/2020\/10\/PODIO-DOLOMITI-RALLY-300x225.jpg 300w, https:\/\/www.radiopiu.net\/wordpress\/wp-content\/uploads\/2020\/10\/PODIO-DOLOMITI-RALLY-1024x768.jpg 1024w, https:\/\/www.radiopiu.net\/wordpress\/wp-content\/uploads\/2020\/10\/PODIO-DOLOMITI-RALLY-768x576.jpg 768w, https:\/\/www.radiopiu.net\/wordpress\/wp-content\/uploads\/2020\/10\/PODIO-DOLOMITI-RALLY-1536x1152.jpg 1536w, https:\/\/www.radiopiu.net\/wordpress\/wp-content\/uploads\/2020\/10\/PODIO-DOLOMITI-RALLY.jpg 2048w\" sizes=\"auto, (max-width: 219px) 100vw, 219px\" \/><\/a>AGORDO<\/h3>\n<p>OSPITE, MAURO RIVA<\/p>\n<blockquote>\n<h3><em>&#8220;Come sempre al Dolomiti Rally vi facciamo correre sugli asfalti nuovissimi grazie a Veneto Strade che ha rifatto quasi per intero il manto stradale e da oggi, iniziano i lavori di sostituzione dei gard rail distrutti da Vaia sull&#8217;inedita ps Gosalt di 11,020 km, prova molto tecnica messa in totale sicurezza per gli equipaggi in gara.. Dolomiti Racing Motorsport&#8221;<\/em><\/h3>\n<p>di CLAUDIO FONTANIVE<\/p><\/blockquote>\n<audio class=\"wp-audio-shortcode\" id=\"audio-233525-3\" preload=\"none\" style=\"width: 100%;\" controls=\"controls\"><source type=\"audio\/mpeg\" src=\"https:\/\/www.radiopiu.net\/wordpress\/wp-content\/uploads\/2021\/09\/dolomiti-rally-24-settembre.mp3?_=3\" \/><a href=\"https:\/\/www.radiopiu.net\/wordpress\/wp-content\/uploads\/2021\/09\/dolomiti-rally-24-settembre.mp3\">https:\/\/www.radiopiu.net\/wordpress\/wp-content\/uploads\/2021\/09\/dolomiti-rally-24-settembre.mp3<\/a><\/audio>\n<blockquote>\n<h3><\/h3>\n<\/blockquote>\n<p>&nbsp;<\/p>\n<p><strong>IL PROGRAMMA E IL CRONOPROGRAMMA<\/strong><\/p>\n\n\t\t\t<style type='text\/css'>\n\t\t\t\t#gallery-3 {\n\t\t\t\t\tmargin: auto;\n\t\t\t\t}\n\t\t\t\t#gallery-3 .gallery-item {\n\t\t\t\t\tfloat: left;\n\t\t\t\t\tmargin-top: 10px;\n\t\t\t\t\ttext-align: center;\n\t\t\t\t\twidth: 50%;\n\t\t\t\t}\n\t\t\t\t#gallery-3 img {\n\t\t\t\t\tborder: 2px solid #cfcfcf;\n\t\t\t\t}\n\t\t\t\t#gallery-3 .gallery-caption {\n\t\t\t\t\tmargin-left: 0;\n\t\t\t\t}\n\t\t\t\t\/* see gallery_shortcode() in wp-includes\/media.php *\/\n\t\t\t<\/style>\n\t\t<div id='gallery-3' class='dt-gallery-container gallery galleryid-233525 gallery-columns-2 gallery-size-medium'><dl class='gallery-item'>\n\t\t\t\t<dt class='gallery-icon portrait'>\n\t\t\t\t\t<a class=\"rollover rollover-zoom dt-pswp-item\" title=\"d2202e6f-b598-4fa1-858a-10323d9301bf\" data-dt-img-description=\"\" data-large_image_width=\"1001\" data-large_image_height=\"1417\"href='https:\/\/www.radiopiu.net\/wordpress\/wp-content\/uploads\/2021\/09\/d2202e6f-b598-4fa1-858a-10323d9301bf.jpg'><img loading=\"lazy\" decoding=\"async\" width=\"212\" height=\"300\" src=\"https:\/\/www.radiopiu.net\/wordpress\/wp-content\/uploads\/2021\/09\/d2202e6f-b598-4fa1-858a-10323d9301bf-212x300.jpg\" class=\"attachment-medium size-medium\" alt=\"\" srcset=\"https:\/\/www.radiopiu.net\/wordpress\/wp-content\/uploads\/2021\/09\/d2202e6f-b598-4fa1-858a-10323d9301bf-212x300.jpg 212w, https:\/\/www.radiopiu.net\/wordpress\/wp-content\/uploads\/2021\/09\/d2202e6f-b598-4fa1-858a-10323d9301bf-723x1024.jpg 723w, https:\/\/www.radiopiu.net\/wordpress\/wp-content\/uploads\/2021\/09\/d2202e6f-b598-4fa1-858a-10323d9301bf-768x1087.jpg 768w, https:\/\/www.radiopiu.net\/wordpress\/wp-content\/uploads\/2021\/09\/d2202e6f-b598-4fa1-858a-10323d9301bf.jpg 1001w\" sizes=\"auto, (max-width: 212px) 100vw, 212px\" \/><\/a>\n\t\t\t\t<\/dt><\/dl><dl class='gallery-item'>\n\t\t\t\t<dt class='gallery-icon portrait'>\n\t\t\t\t\t<a class=\"rollover rollover-zoom dt-pswp-item\" title=\"ff6f3a27-50ff-4677-9f62-69a033d4b4d3\" data-dt-img-description=\"\" data-large_image_width=\"810\" data-large_image_height=\"1406\"href='https:\/\/www.radiopiu.net\/wordpress\/wp-content\/uploads\/2021\/09\/ff6f3a27-50ff-4677-9f62-69a033d4b4d3.jpg'><img loading=\"lazy\" decoding=\"async\" width=\"173\" height=\"300\" src=\"https:\/\/www.radiopiu.net\/wordpress\/wp-content\/uploads\/2021\/09\/ff6f3a27-50ff-4677-9f62-69a033d4b4d3-173x300.jpg\" class=\"attachment-medium size-medium\" alt=\"\" srcset=\"https:\/\/www.radiopiu.net\/wordpress\/wp-content\/uploads\/2021\/09\/ff6f3a27-50ff-4677-9f62-69a033d4b4d3-173x300.jpg 173w, https:\/\/www.radiopiu.net\/wordpress\/wp-content\/uploads\/2021\/09\/ff6f3a27-50ff-4677-9f62-69a033d4b4d3-590x1024.jpg 590w, https:\/\/www.radiopiu.net\/wordpress\/wp-content\/uploads\/2021\/09\/ff6f3a27-50ff-4677-9f62-69a033d4b4d3-768x1333.jpg 768w, https:\/\/www.radiopiu.net\/wordpress\/wp-content\/uploads\/2021\/09\/ff6f3a27-50ff-4677-9f62-69a033d4b4d3.jpg 810w\" sizes=\"auto, (max-width: 173px) 100vw, 173px\" \/><\/a>\n\t\t\t\t<\/dt><\/dl><br style=\"clear: both\" \/>\n\t\t\t<\/div>\n\n<a href=\"https:\/\/www.radiopiu.net\/wordpress\/wp-content\/uploads\/2021\/09\/6DOL_ChiusuraStrade.pdf\" class=\"pdfemb-viewer\" style=\"\" data-width=\"max\" data-height=\"max\" data-toolbar=\"top\" data-toolbar-fixed=\"on\">6DOL_ChiusuraStrade<\/a>\n<hr \/>\n<p>&nbsp;<\/p>\n<blockquote>\n<h3>I PIU ANTICHI ABITATORI DI LIMANA RISALGONO ALLA FINE DEL NEOLITICO<\/h3>\n<\/blockquote>\n<p>&nbsp;<\/p>\n<p><strong>di\u00a0 RENATO BONA<\/strong><\/p>\n<p>Con il contributo della Regione Veneto, la Biblioteca Civica ed il Comune di Limana hanno dato alle stampe nell\u2019aprile 1995 (Castaldi di Feltre) il pregevole libro \u201cAmbiente, storia e cultura di Limana\u201d con ottimi servizi di; Isidoro Barattin, Giuseppe Tormen, Adriano De Faveri, Carlo Mondini, Aldo Villabruna, Luisa Alpago Novello, Corrado Ghezzo, Mauro Vedana, Paolo Viel, Tiziana Conte, Raffaele Maria Tormen, Claudio Sala, Giuliana Saretta, Angela Fattore. La presentazione era stata curata dall\u2019allora sindaco Renato De Fanti, il quale aveva concluso cos\u00ec: \u201cRecuperare fedelmente e portare alla conoscenza di tutti la storia, aiuta a definire nel vero il passato antropico del paese e le sue vicende per trarne gli opportuni confronti ed ammaestramenti per il futuro e stimolare nel meglio la felice integrazione, quale base certa, per proseguire insieme nel cammino del progresso civile, sociale ed economico\u201d. Ci occupiamo oggi del capitolo, del quale sono stati autori Carlo Mondini e Aldo Villabruna, intitolato: \u201cI pi\u00f9 antichi abitatori del territorio limanese\u201d e scopriamo che \u201cAllo stato attuale delle ricerche e delle conoscenze, le prime tracce della presenza dell\u2019uomo nel territorio di Limana devono farsi risalire alla fine del periodo Neolitico quando circa 5.000 anni fa, gruppi di genti preistoriche iniziarono a colonizzare la Val Belluna insediandosi probabilmente in modo stabile in diverse localit\u00e0 della provincia\u201d. In proposito i due esperti sostengono che una probabile direttrice di penetrazione seguita da agricoltori-allevatori provenienti dall\u2019area collinare prealpina e dalla zona trevigiana, verso la fine del IV millennio a. C., \u00e8 documentata da una serie di siti coevi rinvenuti non lontano dal territorio limanese, che si sviluppano lungo una linea che attraverso Passo Praderadego, Costa del Vento, Val Maor, Carve si svilge in direzione della Val Belluna interessando ed estendendosi verso zone come Samprogno, Farra e Trichiana. Quanto alla possibilit\u00e0 che le prime comunit\u00e0 di agricoltori preistorici abbiano sfruttato anche i passi naturali lungo lo spartiacque della catena prealpina limanese, colonizzando via via i terrazzamenti di lato ai valloni che degradano verso la Val Belluna, \u201cil ritrovamento di manufatti litici (Gruppo archeologico del Cenedese) nei dintorni di Pian de le Femene, localit\u00e0 situata sul crinale prealpino, facilmente raggiungibile dal versante trevigiano ed in posizione panoramica al di sopra dei laghi di Revine, dove \u00e8 stato scoperto un importante insediamento Neolitico, lascerebbe presupporre come fondata tale ipotesi\u201d. Come che sia, la frequentazione dei crinali e dei passi prealpini \u00e8 confermata anche dal ritrovamento (C. Mondini) di un bel nucleo di selce bionda nei pressi di Pian de le Femene vicinanze della selletta da cui si origina la Val Negra; alcuni manufatti litici sono stati poi rinvenuti (C. Mondini, A. Villabruna) in superficie in un piccolo campo arato al di sopra del torrente Limana, nei pressi di Col Castelir di Cross, un ritrovamento poco consistente ma che \u201cassume importanza per la sua posizione geografica intermedia tra la zona di Pian de le Femene e quella del pi\u00f9 evidente insediamento Tardoneolitico di fondovalle situato a Triches di Limana\u201d. E infatti dai dintorni di quest\u2019ultima localit\u00e0 provengono numerosi manufatti attribuibili all\u2019ultima fase del periodo Neolitico: strumenti in selce quali lame e lamelle, grattatoi, bulini, punteruoli, schegge, nuclei, ma soprattutto alcune punte di freccia le cui caratteristiche tipologiche si inquadrano in questo momento culturale; significativa a tale proposito la presenza di una cuspide tranciante trasversale e di punte peduncolate, mentre rari e insignificanti, per le loro minute dimensioni, sono i frammenti di ceramica vascolare. Viene sottolineato che \u201cUna comunit\u00e0 preistorica che fondava la propria economia sull\u2019agricoltura e sull\u2019allevamento, e come testimoniano le varie punte di freccia, anche sulla caccia, aveva posto il proprio insediamento, probabilmente composto da poche capanne, lungo una fascia piana ai piedi di una collinetta che si affaccia panoramicamente sulla val Belluna, a pochissima distanza dall\u2019attuale centro di Triches\u201d. Ancora Mondini-Villabruna per ricordare che: \u201cRicorre sovente di localizzare siti Neo-eneolitici e dell\u2019et\u00e0 del Bronzo nei pressi degli attuali paesi, tanto da ipotizzare per questi un\u2019origine di carattere preistorico (Triches, Trichiana, Farra di Mel, Cugnan, Losego, Carve, Tremea, Sant\u2019Antonio di Tortal, Lastreghe, Polpet, nei pressi dei quali sono state rinvenute tracce di questi periodi storici). Di recente, in occasione degli scavi per la costruzione di nuovi capannoni industriali nelle vicinanze di Cesa di Limana, si sono rinvenute tracce di frequentazione umana preistorica, si sono identificati lembi di livelli antropizzati, cio\u00e8 gli antichi suoli su cui hanno vissuto genti preistoriche\u2026Il luogo doveva essere paludoso\u2026 e i pochi reperti raccolti non permettono di inquadrare cronologicamente e culturalmente il sito di Cesa di Limana, ma considerando che sulla riva direttamente opposta del Piave, in localit\u00e0 Le Sort (Salce) si \u00e8 scoperto un insediamento della fase finale del Neolitico, \u00e8 da presupporre che si tratti del medesimo episodio di frequentazione da parte di analoghe comunit\u00e0 e che i due siti di Cesa di Limana e Salce siano da mettere in correlazione culturale\u201d. Viene quindi specificato che \u201cPi\u00f9 probabile risulta il parallelismo culturale con il recentissimo ritrovamento effettuato nella vicina Farra di Mel, dove in occasione di scavi per la posa di tubazioni \u00e8 venuta alla luce una struttura abitativa, forse un capannone, attribuibile al tardo Neolitico-Eneolitico (circa 5.000-3.800 anni fa). Per concludere: sebbene siano ancora labili e confuse le tracce dell\u2019uomo del periodo Neolitico all\u2019interno del territorio di Limana, ne riscontriamo comunque la presenza su tutta la fascia che dal crinale prealpino scende fino al Piave, ci si augura che prossime e pi\u00f9 approfondite ricerche archeologiche possano determinare in modo preciso i primi momenti di colonizzazione Neolitica del territorio\u201d. Altro discorso quello sull\u2019Et\u00e0 del bronzo, periodo 3.800-3.000 anni che \u201csembra essere ben rappresentato nel Limanese da un insediamento scoperto di recente e ancora da scavare e studiare\u201d, sul colle di San Pietro in Tuba, in posizione fortemente panoramica e strategica sulla valle di Tassei e sulla Val Belluna, verso la fine dell\u2019et\u00e0 del Bronzo (Bronzo recente e finale e prima et\u00e0 del Ferro XIII-IX secolo a.C.) una delle prime comunit\u00e0 preistoriche edific\u00f2 il proprio villaggio probabilmente fortificato sull\u2019altura del colle. E sono proprio caratteristiche del periodo le strutture fortificate sulla sommit\u00e0 dei colli che prendono il nome di \u201cCastellieri\u201d (Noal di Sedico, Castel de Pedena, di Suppiane (Roncoi), di Lasen ed altri).<\/p>\n\n\t\t\t<style type='text\/css'>\n\t\t\t\t#gallery-4 {\n\t\t\t\t\tmargin: auto;\n\t\t\t\t}\n\t\t\t\t#gallery-4 .gallery-item {\n\t\t\t\t\tfloat: left;\n\t\t\t\t\tmargin-top: 10px;\n\t\t\t\t\ttext-align: center;\n\t\t\t\t\twidth: 14%;\n\t\t\t\t}\n\t\t\t\t#gallery-4 img {\n\t\t\t\t\tborder: 2px solid #cfcfcf;\n\t\t\t\t}\n\t\t\t\t#gallery-4 .gallery-caption {\n\t\t\t\t\tmargin-left: 0;\n\t\t\t\t}\n\t\t\t\t\/* see gallery_shortcode() in wp-includes\/media.php *\/\n\t\t\t<\/style>\n\t\t<div id='gallery-4' class='dt-gallery-container gallery galleryid-233525 gallery-columns-7 gallery-size-thumbnail'><dl class='gallery-item'>\n\t\t\t\t<dt class='gallery-icon landscape'>\n\t\t\t\t\t<a class=\"rollover\" href='https:\/\/www.radiopiu.net\/wordpress\/i-piu-antichi-abitatori-di-limana-risalgono-alla-fine-del-neolitico\/242823213_440719417375502_6075748579447444351_n\/'><img loading=\"lazy\" decoding=\"async\" width=\"150\" height=\"150\" src=\"https:\/\/www.radiopiu.net\/wordpress\/wp-content\/uploads\/2021\/09\/242823213_440719417375502_6075748579447444351_n-150x150.jpg\" class=\"attachment-thumbnail size-thumbnail\" alt=\"\" \/><\/a>\n\t\t\t\t<\/dt><\/dl><dl class='gallery-item'>\n\t\t\t\t<dt class='gallery-icon portrait'>\n\t\t\t\t\t<a class=\"rollover\" href='https:\/\/www.radiopiu.net\/wordpress\/i-piu-antichi-abitatori-di-limana-risalgono-alla-fine-del-neolitico\/242879317_154368563481999_6422148711567950794_n\/'><img loading=\"lazy\" decoding=\"async\" width=\"150\" height=\"150\" src=\"https:\/\/www.radiopiu.net\/wordpress\/wp-content\/uploads\/2021\/09\/242879317_154368563481999_6422148711567950794_n-150x150.jpg\" class=\"attachment-thumbnail size-thumbnail\" alt=\"\" \/><\/a>\n\t\t\t\t<\/dt><\/dl><dl class='gallery-item'>\n\t\t\t\t<dt class='gallery-icon landscape'>\n\t\t\t\t\t<a class=\"rollover\" href='https:\/\/www.radiopiu.net\/wordpress\/i-piu-antichi-abitatori-di-limana-risalgono-alla-fine-del-neolitico\/242844248_248735313925503_4609058265019435552_n\/'><img loading=\"lazy\" decoding=\"async\" width=\"150\" height=\"150\" src=\"https:\/\/www.radiopiu.net\/wordpress\/wp-content\/uploads\/2021\/09\/242844248_248735313925503_4609058265019435552_n-150x150.jpg\" class=\"attachment-thumbnail size-thumbnail\" alt=\"\" \/><\/a>\n\t\t\t\t<\/dt><\/dl><dl class='gallery-item'>\n\t\t\t\t<dt class='gallery-icon landscape'>\n\t\t\t\t\t<a class=\"rollover\" href='https:\/\/www.radiopiu.net\/wordpress\/i-piu-antichi-abitatori-di-limana-risalgono-alla-fine-del-neolitico\/242836384_606278763720737_6154607788847019394_n\/'><img loading=\"lazy\" decoding=\"async\" width=\"150\" height=\"150\" src=\"https:\/\/www.radiopiu.net\/wordpress\/wp-content\/uploads\/2021\/09\/242836384_606278763720737_6154607788847019394_n-150x150.jpg\" class=\"attachment-thumbnail size-thumbnail\" alt=\"\" \/><\/a>\n\t\t\t\t<\/dt><\/dl><dl class='gallery-item'>\n\t\t\t\t<dt class='gallery-icon landscape'>\n\t\t\t\t\t<a class=\"rollover\" href='https:\/\/www.radiopiu.net\/wordpress\/i-piu-antichi-abitatori-di-limana-risalgono-alla-fine-del-neolitico\/243050301_1334155957000851_2417219611410176607_n\/'><img loading=\"lazy\" decoding=\"async\" width=\"150\" height=\"150\" src=\"https:\/\/www.radiopiu.net\/wordpress\/wp-content\/uploads\/2021\/09\/243050301_1334155957000851_2417219611410176607_n-150x150.jpg\" class=\"attachment-thumbnail size-thumbnail\" alt=\"\" \/><\/a>\n\t\t\t\t<\/dt><\/dl><dl class='gallery-item'>\n\t\t\t\t<dt class='gallery-icon landscape'>\n\t\t\t\t\t<a class=\"rollover\" href='https:\/\/www.radiopiu.net\/wordpress\/i-piu-antichi-abitatori-di-limana-risalgono-alla-fine-del-neolitico\/242905943_1159183094490581_8915738252829523422_n\/'><img loading=\"lazy\" decoding=\"async\" width=\"150\" height=\"150\" src=\"https:\/\/www.radiopiu.net\/wordpress\/wp-content\/uploads\/2021\/09\/242905943_1159183094490581_8915738252829523422_n-150x150.jpg\" class=\"attachment-thumbnail size-thumbnail\" alt=\"\" \/><\/a>\n\t\t\t\t<\/dt><\/dl><dl class='gallery-item'>\n\t\t\t\t<dt class='gallery-icon landscape'>\n\t\t\t\t\t<a class=\"rollover\" href='https:\/\/www.radiopiu.net\/wordpress\/i-piu-antichi-abitatori-di-limana-risalgono-alla-fine-del-neolitico\/242903882_276326104308950_3015316161043480601_n\/'><img loading=\"lazy\" decoding=\"async\" width=\"150\" height=\"150\" src=\"https:\/\/www.radiopiu.net\/wordpress\/wp-content\/uploads\/2021\/09\/242903882_276326104308950_3015316161043480601_n-150x150.jpg\" class=\"attachment-thumbnail size-thumbnail\" alt=\"\" \/><\/a>\n\t\t\t\t<\/dt><\/dl><br style=\"clear: both\" \/><dl class='gallery-item'>\n\t\t\t\t<dt class='gallery-icon landscape'>\n\t\t\t\t\t<a class=\"rollover\" href='https:\/\/www.radiopiu.net\/wordpress\/i-piu-antichi-abitatori-di-limana-risalgono-alla-fine-del-neolitico\/242956808_956973821549190_8297756207088998385_n\/'><img loading=\"lazy\" decoding=\"async\" width=\"150\" height=\"150\" src=\"https:\/\/www.radiopiu.net\/wordpress\/wp-content\/uploads\/2021\/09\/242956808_956973821549190_8297756207088998385_n-150x150.jpg\" class=\"attachment-thumbnail size-thumbnail\" alt=\"\" \/><\/a>\n\t\t\t\t<\/dt><\/dl><dl class='gallery-item'>\n\t\t\t\t<dt class='gallery-icon landscape'>\n\t\t\t\t\t<a class=\"rollover\" href='https:\/\/www.radiopiu.net\/wordpress\/i-piu-antichi-abitatori-di-limana-risalgono-alla-fine-del-neolitico\/243106192_402635861472955_823595938060630766_n\/'><img loading=\"lazy\" decoding=\"async\" width=\"150\" height=\"150\" src=\"https:\/\/www.radiopiu.net\/wordpress\/wp-content\/uploads\/2021\/09\/243106192_402635861472955_823595938060630766_n-150x150.jpg\" class=\"attachment-thumbnail size-thumbnail\" alt=\"\" \/><\/a>\n\t\t\t\t<\/dt><\/dl><dl class='gallery-item'>\n\t\t\t\t<dt class='gallery-icon portrait'>\n\t\t\t\t\t<a class=\"rollover\" href='https:\/\/www.radiopiu.net\/wordpress\/i-piu-antichi-abitatori-di-limana-risalgono-alla-fine-del-neolitico\/242848807_2920663994851539_7264061586042652730_n\/'><img loading=\"lazy\" decoding=\"async\" width=\"149\" height=\"150\" src=\"https:\/\/www.radiopiu.net\/wordpress\/wp-content\/uploads\/2021\/09\/242848807_2920663994851539_7264061586042652730_n-149x150.jpg\" class=\"attachment-thumbnail size-thumbnail\" alt=\"\" \/><\/a>\n\t\t\t\t<\/dt><\/dl><dl class='gallery-item'>\n\t\t\t\t<dt class='gallery-icon landscape'>\n\t\t\t\t\t<a class=\"rollover\" href='https:\/\/www.radiopiu.net\/wordpress\/i-piu-antichi-abitatori-di-limana-risalgono-alla-fine-del-neolitico\/242881012_989056645160913_306774310050869778_n\/'><img loading=\"lazy\" decoding=\"async\" width=\"150\" height=\"150\" src=\"https:\/\/www.radiopiu.net\/wordpress\/wp-content\/uploads\/2021\/09\/242881012_989056645160913_306774310050869778_n-150x150.jpg\" class=\"attachment-thumbnail size-thumbnail\" alt=\"\" \/><\/a>\n\t\t\t\t<\/dt><\/dl><dl class='gallery-item'>\n\t\t\t\t<dt class='gallery-icon landscape'>\n\t\t\t\t\t<a class=\"rollover\" href='https:\/\/www.radiopiu.net\/wordpress\/i-piu-antichi-abitatori-di-limana-risalgono-alla-fine-del-neolitico\/242820172_556485192280234_1336872178729624135_n\/'><img loading=\"lazy\" decoding=\"async\" width=\"150\" height=\"150\" src=\"https:\/\/www.radiopiu.net\/wordpress\/wp-content\/uploads\/2021\/09\/242820172_556485192280234_1336872178729624135_n-150x150.jpg\" class=\"attachment-thumbnail size-thumbnail\" alt=\"\" \/><\/a>\n\t\t\t\t<\/dt><\/dl><dl class='gallery-item'>\n\t\t\t\t<dt class='gallery-icon landscape'>\n\t\t\t\t\t<a class=\"rollover\" href='https:\/\/www.radiopiu.net\/wordpress\/i-piu-antichi-abitatori-di-limana-risalgono-alla-fine-del-neolitico\/242691720_3005479219717827_1409072854666113411_n\/'><img loading=\"lazy\" decoding=\"async\" width=\"150\" height=\"150\" src=\"https:\/\/www.radiopiu.net\/wordpress\/wp-content\/uploads\/2021\/09\/242691720_3005479219717827_1409072854666113411_n-150x150.jpg\" class=\"attachment-thumbnail size-thumbnail\" alt=\"\" \/><\/a>\n\t\t\t\t<\/dt><\/dl><dl class='gallery-item'>\n\t\t\t\t<dt class='gallery-icon landscape'>\n\t\t\t\t\t<a class=\"rollover\" href='https:\/\/www.radiopiu.net\/wordpress\/i-piu-antichi-abitatori-di-limana-risalgono-alla-fine-del-neolitico\/243083016_397578355269644_2848683290194290421_n\/'><img loading=\"lazy\" decoding=\"async\" width=\"150\" height=\"150\" src=\"https:\/\/www.radiopiu.net\/wordpress\/wp-content\/uploads\/2021\/09\/243083016_397578355269644_2848683290194290421_n-150x150.jpg\" class=\"attachment-thumbnail size-thumbnail\" alt=\"\" \/><\/a>\n\t\t\t\t<\/dt><\/dl><br style=\"clear: both\" \/>\n\t\t\t<\/div>\n\n<p>NELLE FOTO (riproduzioni dal libro \u201cAmbiente, storia e cultura di Limana\u201d): il probabile percorso seguito dai primi colonizzatori Neolitici che si insediarono alla fine del IV millennio a.C. nella Val Belluna provenienti dal Trevigiano; tecnica della lavorazione della selce; nucleo di selce gi\u00e0 sfruttato, rinvenuto nei pressi di Pian de le Femene; l\u2019area del sito Neolitico di Triches di Limana; punte di freccia in selce da Triches; punte di freccia a tranciante trasversale usate alle fine del Neolitico; ipotetica scena di vita quotidiana in un villaggio Neolitico come poteva essere quello limanese di Triches; ricostruzione di ambiente Neolitico; e quella di una scena di mietitura con falcetto litico; tipologia della ceramica vascolare in uso nell\u2019et\u00e0 del bronzo-Ferro; frammenti di ceramica vascolare da San Pietro in Tuba; frammento di vaso biconico con decorazione a solcature; punte di freccia in selce; ciottolo inciso, forse usato come peso da telaio, sempre da San Pietro in Tuba.<\/p>\n<p>&nbsp;<\/p>\n<hr \/>\n<p>&nbsp;<\/p>\n<h3 class=\"kvgmc6g5 cxmmr5t8 oygrvhab hcukyx3x c1et5uql\"><span style=\"color: #0000ff;\">INFORMAZIONE il canale su TELEGRAM informazione di prima mano e in tempo reale. iscriviti ed aiutaci a farlo conoscere\u00a0\u00a0<\/span><\/h3>\n<p><a href=\"https:\/\/www.radiopiu.net\/wordpress\/dt_gallery\/voltago-campioni-dellagordino-nella-16-comuni\/appuntamenti-4\/\" rel=\"attachment wp-att-61958\"><img loading=\"lazy\" decoding=\"async\" class=\"wp-image-61958 size-full aligncenter\" src=\"https:\/\/www.radiopiu.net\/wordpress\/wp-content\/uploads\/2018\/09\/appuntamenti.jpeg\" alt=\"\" width=\"800\" height=\"100\" srcset=\"https:\/\/www.radiopiu.net\/wordpress\/wp-content\/uploads\/2018\/09\/appuntamenti.jpeg 800w, https:\/\/www.radiopiu.net\/wordpress\/wp-content\/uploads\/2018\/09\/appuntamenti-300x38.jpeg 300w, https:\/\/www.radiopiu.net\/wordpress\/wp-content\/uploads\/2018\/09\/appuntamenti-768x96.jpeg 768w\" sizes=\"auto, (max-width: 800px) 100vw, 800px\" \/><\/a><\/p>\n<p>&nbsp;<\/p>\n<blockquote>\n<h3>OGGI E DOMANI IN VALLE DEL BIOIS LA FESTA DELLE MALGHE &#8220;SE DESMONTEGHEA&#8221;<\/h3>\n<\/blockquote>\n<p><strong>FALCADE<\/strong> Oggi e domani\u00a0 ritorna in Valle del Biois Se Desmonteghea, la festa delle malghe. Per la diciassettesima edizione il Gruppo folk Union ladina Val biois celebra l\u2019inizio dell\u2019autunno e il tempo di far ritorno dai pascoli estivi. E\u2019 un omaggio ai malgari e alle aziende agricole che per 365 giorni all\u2019anno si impegnano per mantenere pulito e vivo il nostro territorio. Anche quest\u2019anno, come per la scorsa edizione, l\u2019organizzazione ha voluto mantenere la tradizione, rivisitando la festa per poter viverla all\u2019aria aperta e nel pieno rispetto delle regole covid. Quello che non cambia \u00e8 l\u2019entusiasmo e volont\u00e0 di valorizzare la cultura e le tradizioni alpine<\/p>\n<p><strong><span style=\"color: #ff0000;\">ALLA RADIO\u00a0<\/span><\/strong><\/p>\n<h2><span style=\"color: #ff0000;\"><a href=\"https:\/\/www.radiopiu.net\/wordpress\/se-desmonteghea-2021-le-festa-delle-malghe-alla-radio\/242458531_3044436332480471_1539653298059826230_n\/\" rel=\"attachment wp-att-232916\"><img loading=\"lazy\" decoding=\"async\" class=\" wp-image-232916 alignleft\" src=\"https:\/\/www.radiopiu.net\/wordpress\/wp-content\/uploads\/2021\/09\/242458531_3044436332480471_1539653298059826230_n-300x300.jpg\" alt=\"\" width=\"165\" height=\"165\" srcset=\"https:\/\/www.radiopiu.net\/wordpress\/wp-content\/uploads\/2021\/09\/242458531_3044436332480471_1539653298059826230_n-300x300.jpg 300w, https:\/\/www.radiopiu.net\/wordpress\/wp-content\/uploads\/2021\/09\/242458531_3044436332480471_1539653298059826230_n-150x150.jpg 150w, https:\/\/www.radiopiu.net\/wordpress\/wp-content\/uploads\/2021\/09\/242458531_3044436332480471_1539653298059826230_n.jpg 526w\" sizes=\"auto, (max-width: 165px) 100vw, 165px\" \/><\/a><\/span><\/h2>\n<h2><\/h2>\n<blockquote>\n<h3>SE DESMONTEGHEA 2021, LE FESTA DELLE MALGHE ALLA RADIO<\/h3>\n<p><strong>OSPITI<\/strong> Mayra De Marco, Antonella Schena, Eddy Gaspari, Alessio Xaiz<\/p>\n<p><strong>di Claudio Fontanive<\/strong><\/p><\/blockquote>\n<p><strong>AUDIO\u00a0<\/strong><\/p>\n<audio class=\"wp-audio-shortcode\" id=\"audio-233525-4\" preload=\"none\" style=\"width: 100%;\" controls=\"controls\"><source type=\"audio\/mpeg\" src=\"https:\/\/www.radiopiu.net\/wordpress\/wp-content\/uploads\/2021\/09\/se-desmonteghea-20-settembre.mp3?_=4\" \/><a href=\"https:\/\/www.radiopiu.net\/wordpress\/wp-content\/uploads\/2021\/09\/se-desmonteghea-20-settembre.mp3\">https:\/\/www.radiopiu.net\/wordpress\/wp-content\/uploads\/2021\/09\/se-desmonteghea-20-settembre.mp3<\/a><\/audio>\n<p>&nbsp;<\/p>\n<p>&nbsp;<\/p>\n<hr \/>\n<blockquote>\n<h3><\/h3>\n<h3>LA NUOVA INIZIATIVA DI ATTIVAMENTE AGORDINO<\/h3>\n<p><em><span style=\"color: #3d3d3d;\"><span style=\"font-family: Raleway, serif;\"><span lang=\"it-IT\">Attivit\u00e0 di fitness di gruppo con ritmi e\u00a0 movimenti della musica afro-caraibica mixati con i tradizionali dell\u2019aerobica.<\/span><\/span><\/span><\/em><\/p><\/blockquote>\n<p><strong>AGORDO<\/strong> Un corso di aerobica latina con le travolgenti danze latine, fitness al ritmo di salsa, merengue, cumbia, reggaeton e samba. Le iscrizioni sono aperte presso la segreteria della piscina e palazzetto dello sport di via Lungo Rova, telefono 0437 62406. Il corso si svolger\u00e0<span style=\"color: #3d3d3d;\"><span style=\"font-family: Raleway, serif;\"><span lang=\"it-IT\"> tutti i gioved\u00ec a partire dal 23 settembre,\u00a0 dalle 20\u00a0 alle 21 con istruttrice Ilaria Mecca.\u00a0<\/span><\/span><\/span><\/p>\n<p><a href=\"https:\/\/www.radiopiu.net\/wordpress\/giornale-radiopiu-20-settembre-2021-direttore-mirko-mezzacasa\/corso-aerobica-latina-2021\/\" rel=\"attachment wp-att-232959\"><img loading=\"lazy\" decoding=\"async\" class=\"alignnone size-medium wp-image-232959\" src=\"https:\/\/www.radiopiu.net\/wordpress\/wp-content\/uploads\/2021\/09\/CORSO-AEROBICA-LATINA-2021-300x169.jpeg\" alt=\"\" width=\"300\" height=\"169\" srcset=\"https:\/\/www.radiopiu.net\/wordpress\/wp-content\/uploads\/2021\/09\/CORSO-AEROBICA-LATINA-2021-300x169.jpeg 300w, https:\/\/www.radiopiu.net\/wordpress\/wp-content\/uploads\/2021\/09\/CORSO-AEROBICA-LATINA-2021-1024x576.jpeg 1024w, https:\/\/www.radiopiu.net\/wordpress\/wp-content\/uploads\/2021\/09\/CORSO-AEROBICA-LATINA-2021-768x432.jpeg 768w, https:\/\/www.radiopiu.net\/wordpress\/wp-content\/uploads\/2021\/09\/CORSO-AEROBICA-LATINA-2021-1536x864.jpeg 1536w, https:\/\/www.radiopiu.net\/wordpress\/wp-content\/uploads\/2021\/09\/CORSO-AEROBICA-LATINA-2021.jpeg 1600w\" sizes=\"auto, (max-width: 300px) 100vw, 300px\" \/>\u00a0<\/a><\/p>\n<h3><\/h3>\n<hr \/>\n<blockquote>\n<h3><\/h3>\n<h3>OGGI CERIMONIA DI COMMEMORAZIONE NEL CENTENARIO DELLA VIA JORI-ZANUTTI- ANDREOLETTI<\/h3>\n<\/blockquote>\n<h3><\/h3>\n<div>\n<p><strong>\u00a0AGORDO<\/strong>\u00a0 La Sezione Agordina del Cai con il patrocinio e la collaborazione del Comune di Taibon Agordino organizza per oggi\u00a0 alle\u00a0 10,30 in Valle di San Lucano presso la targa collocata nel 1981 per il sessantennale, cerimonia a ricordo del centenario della 1^ salita assoluta alla Parete Nord del Monte Agn\u00e8r condotta nei giorni 14 e 15 settembre 1921 da tre pionieri dell&#8217;Alpinismo Dolomitico, Francesco Jori, Alberto Zanutti e Arturo Andreoletti.<\/p>\n<\/div>\n<p>&nbsp;<\/p>\n<p>&nbsp;<\/p>\n<hr \/>\n<p>&nbsp;<\/p>\n<p>&nbsp;<\/p>\n<blockquote>\n<h3>ANCHE AGORDO VIVRA&#8217; LA SUA GIORNATA ECOLOGICA<\/h3>\n<\/blockquote>\n<p><strong>AGORDO<\/strong> Oggi il Comune e il Bacino di pesca N. 5 organizzano una giornata ecologica. Ritrovo ore 14.30 presso il piazzale di Luxottica in localit\u00e0 Valcozzena. Tutto il necessario verr\u00e0 fornito dal Comune. (info. 0437\/62105).<\/p>\n<p>&nbsp;<\/p>\n<blockquote>\n<h3><\/h3>\n<\/blockquote>\n<hr \/>\n<blockquote>\n<h3><\/h3>\n<p>&nbsp;<\/p>\n<h3>A SCUOLA DI GRANDI CARNIVORI CON IL CAI DI BELLUNO<\/h3>\n<\/blockquote>\n<p><strong>BELLUNO<\/strong> La Sezione di Belluno del <span class=\"tojvnm2t a6sixzi8 abs2jz4q a8s20v7p t1p8iaqh k5wvi7nf q3lfd5jv pk4s997a bipmatt0 cebpdrjk qowsmv63 owwhemhu dp1hu0rb dhp61c6y iyyx5f41\">Club Alpino Italiano organizza nel fine settimana 9-10 ottobre, in Nevegal (BL),<\/span><span class=\"tojvnm2t a6sixzi8 abs2jz4q a8s20v7p t1p8iaqh k5wvi7nf q3lfd5jv pk4s997a bipmatt0 cebpdrjk qowsmv63 owwhemhu dp1hu0rb dhp61c6y iyyx5f41\"> un corso in ambiente sui grandi carnivori. Ospite quest&#8217;anno sar\u00e0 Paolo Molinari del Progetto Lince Italia, con la partecipazione del dott. Maurizio Dal Mas della Regione Veneto e di Davide Berton, referente nazionale del Gruppo Grandi Carnivori del CAI. <\/span>Sono previste un paio di facili escursioni, una lezione frontale e una serata aperta al pubblico. Possibilit\u00e0 di pernottamento in loco, cena di sabato inclusa nella quota. Il programma \u00e8 pubblicato sul sito del CAI BL:<a href=\"https:\/\/www.caibelluno.it\/2021\/09\/14\/un-tranquillo-week-end-da-lupi-e-c-2021\/\" target=\"_blank\" rel=\"noopener\">https:\/\/www.caibelluno.it\/2021\/09\/14\/un-tranquillo-week-end-da-lupi-e-c-2021\/<\/a><br \/>\nLe iscrizioni, gi\u00e0 aperte, si ricevono online al seguente link<a href=\"https:\/\/form.jotform.com\/EscursionismoCaiBL\/WeLupiBL2021\" target=\"_blank\" rel=\"noopener\"> https:\/\/form.jotform.com\/EscursionismoCaiBL\/WeLupiBL2021\u00a0<\/a><\/p>\n<p>&nbsp;<\/p>\n<p>&nbsp;<\/p>\n<hr \/>\n<p>&nbsp;<\/p>\n<blockquote>\n<h3><\/h3>\n<h3>EDUCAZIONE AMBIENTALE CON IL PARCO NAZIONALE DOLOMITI BELLUNESI<\/h3>\n<\/blockquote>\n<p><strong>FELTRE<\/strong>\u00a0 \u201cA scuola nel Parco\u201d \u00e8 il titolo del programma di educazione ambientale organizzato dal Parco Nazionale Dolomiti Bellunesi, destinato alle scuole dell\u2019infanzia, primarie e secondarie. Le attivit\u00e0, curate dalle guide naturalistico ambientali della Cooperativa Mazarol, sono a pagamento, ma le scuole possono beneficiare di un contributo economico da parte del Parco in totale di \u00a030.000 euro Il programma dettagliato dei corsi e i moduli per l\u2019iscrizione sono scaricabili dal sito internet del Parco: www.dolomitipark.it.<\/p>\n<p>&nbsp;<\/p>\n<p>&nbsp;<\/p>\n<hr \/>\n<blockquote>\n<h3>GLI ULTIMI\u00a0 GIORNI DEI MUSEI FELTRINI<\/h3>\n<\/blockquote>\n<p><strong>FELTRE<\/strong>\u00a0 Oggi e domani chiusura\u00a0 della stagione dei musei con due visite guidate gratuite. Oggi alle 17.30 protagoniste le torri dell&#8217;Orologio e del Campanon. La durata prevista \u00e8 di circa 1 ora e 30 minuti. Domani\u00a0 alle 20.30 le antiche prigioni di Palazzo Pretorio in \u201cNOTTE ALLE PRIGIONI\u201d. Durata prevista di circa 1 ora. Le visite guidate saranno gratuite; per accedere ai siti \u00e8 necessaria\u00a0 la TOTEM Card, biglietto unico<\/p>\n<p>&nbsp;<\/p>\n<hr \/>\n<p>&nbsp;<\/p>\n<blockquote class=\"wp-embedded-content\" data-secret=\"eY62GnWg1K\"><p><a href=\"https:\/\/www.radiopiu.net\/wordpress\/ricordi-la-prima-comunione-ad-agordo\/\">RICORDI, LA PRIMA COMUNIONE AD AGORDO<\/a><\/p><\/blockquote>\n<p><iframe loading=\"lazy\" class=\"wp-embedded-content\" sandbox=\"allow-scripts\" security=\"restricted\" style=\"position: absolute; clip: rect(1px, 1px, 1px, 1px);\" title=\"&#8220;RICORDI, LA PRIMA COMUNIONE AD AGORDO&#8221; &#8212; Radio Pi\u00f9\" src=\"https:\/\/www.radiopiu.net\/wordpress\/ricordi-la-prima-comunione-ad-agordo\/embed\/#?secret=eY62GnWg1K\" data-secret=\"eY62GnWg1K\" width=\"600\" height=\"338\" frameborder=\"0\" marginwidth=\"0\" marginheight=\"0\" scrolling=\"no\"><\/iframe><\/p>\n<p>&nbsp;<\/p>\n<p>&nbsp;<\/p>\n<hr \/>\n<div>\n<div class=\"mkdf-post-text\">\n<div class=\"mkdf-post-text-inner\">\n<div class=\"mkdf-post-text-main\">\n<div class=\"mkdf-post-text\">\n<div class=\"mkdf-post-text-inner\">\n<div class=\"mkdf-post-text-main\">\n<div class=\"mkdf-post-text\">\n<div class=\"mkdf-post-text-inner\">\n<div class=\"mkdf-post-text-main\">\n<div class=\"page-title-head hgroup\">\n<div class=\"page-title-head hgroup\">\n<div class=\"page-title-breadcrumbs\">\n<div class=\"mkdf-post-text\">\n<div class=\"mkdf-post-text-inner\">\n<div class=\"mkdf-post-text-main\">\n<div class=\"mkdf-post-text\">\n<div class=\"mkdf-post-text-inner\">\n<div class=\"mkdf-post-text-main\">\n<div class=\"page-title-head hgroup\">\n<div class=\"page-title-head hgroup\">\n<div class=\"mkdf-post-text\">\n<div class=\"mkdf-post-text-inner\">\n<div class=\"mkdf-post-text-main\">\n<div class=\"mkdf-post-text\">\n<div class=\"mkdf-post-text-inner\">\n<div class=\"mkdf-post-text-main\">\n<div class=\"page-title-head hgroup\">\n<div class=\"page-title-head hgroup\">\n<div class=\"page-title-head hgroup\">\n<div class=\"page-title-head hgroup\">\n<div class=\"b654a4as d2edcug0\">\n<div class=\"page-title-head hgroup\">\n<div class=\"page-title-head hgroup\">\n<div class=\"mkdf-post-text\">\n<div class=\"mkdf-post-text-inner\">\n<div class=\"mkdf-post-text-main\">\n<div class=\"mkdf-post-text\">\n<div class=\"mkdf-post-text-inner\">\n<div class=\"mkdf-post-text-main\">\n<div class=\"mkdf-post-text\">\n<div class=\"mkdf-post-text-inner\">\n<div class=\"mkdf-post-text-main\">\n<div class=\"page-title-head hgroup\">\n<div class=\"page-title-head hgroup\">\n<div class=\"mkdf-post-text\">\n<div class=\"mkdf-post-text-inner\">\n<div class=\"mkdf-post-text-main\">\n<div class=\"mkdf-post-text\">\n<div class=\"mkdf-post-text-inner\">\n<div class=\"mkdf-post-text-main\">\n<div class=\"page-title-head hgroup\">\n<div class=\"page-title-head hgroup\">\n<div class=\"page-title-head hgroup\">\n<div class=\"page-title-head hgroup\">\n<div class=\"b654a4as d2edcug0\">\n<div class=\"page-title-head hgroup\">\n<div class=\"page-title-head hgroup\">\n<div class=\"page-title-head hgroup\">\n<div class=\"page-title-head hgroup\">\n<div class=\"b654a4as d2edcug0\">\n<div>\n<div class=\"mkdf-post-text\">\n<div class=\"mkdf-post-text-inner\">\n<div class=\"mkdf-post-text-main\">\n<div class=\"mkdf-post-text\">\n<div class=\"mkdf-post-text-inner\">\n<div class=\"mkdf-post-text-main\">\n<div class=\"mkdf-post-text\">\n<div class=\"mkdf-post-text-inner\">\n<div class=\"mkdf-post-text-main\">\n<div class=\"page-title-head hgroup\">\n<div class=\"page-title-head hgroup\">\n<div class=\"page-title-breadcrumbs\">\n<div class=\"mkdf-post-text\">\n<div class=\"mkdf-post-text-inner\">\n<div class=\"mkdf-post-text-main\">\n<div class=\"mkdf-post-text\">\n<div class=\"mkdf-post-text-inner\">\n<div class=\"mkdf-post-text-main\">\n<div class=\"page-title-head hgroup\">\n<div class=\"page-title-head hgroup\">\n<div class=\"mkdf-post-text\">\n<div class=\"mkdf-post-text-inner\">\n<div class=\"mkdf-post-text-main\">\n<div class=\"mkdf-post-text\">\n<div class=\"mkdf-post-text-inner\">\n<div class=\"mkdf-post-text-main\">\n<div class=\"page-title-head hgroup\">\n<div class=\"page-title-head hgroup\">\n<div class=\"page-title-head hgroup\">\n<div class=\"page-title-head hgroup\">\n<div class=\"b654a4as d2edcug0\">\n<div>\n<div class=\"b654a4as d2edcug0\">\n<div class=\"rq0escxv hkbzh7o3 jwdofwj8 n8tt0mok r8blr3vg hyh9befq\">\n<p><a class=\"dt-pswp-item\" href=\"https:\/\/www.radiopiu.net\/wordpress\/wp-content\/uploads\/2020\/10\/pp.jpg\" data-dt-img-description=\"\" data-large_image_width=\"640\" data-large_image_height=\"640\"><img loading=\"lazy\" decoding=\"async\" class=\"wp-image-163678 alignleft\" src=\"https:\/\/www.radiopiu.net\/wordpress\/wp-content\/uploads\/2020\/10\/pp-300x300.jpg\" alt=\"\" width=\"106\" height=\"106\" srcset=\"https:\/\/www.radiopiu.net\/wordpress\/wp-content\/uploads\/2020\/10\/pp-300x300.jpg 300w, https:\/\/www.radiopiu.net\/wordpress\/wp-content\/uploads\/2020\/10\/pp-150x150.jpg 150w, https:\/\/www.radiopiu.net\/wordpress\/wp-content\/uploads\/2020\/10\/pp-125x125.jpg 125w, https:\/\/www.radiopiu.net\/wordpress\/wp-content\/uploads\/2020\/10\/pp-200x200.jpg 200w, https:\/\/www.radiopiu.net\/wordpress\/wp-content\/uploads\/2020\/10\/pp-80x80.jpg 80w, https:\/\/www.radiopiu.net\/wordpress\/wp-content\/uploads\/2020\/10\/pp-480x480.jpg 480w, https:\/\/www.radiopiu.net\/wordpress\/wp-content\/uploads\/2020\/10\/pp.jpg 640w\" sizes=\"auto, (max-width: 106px) 100vw, 106px\" \/><\/a><\/p>\n<\/div>\n<\/div>\n<\/div>\n<div>\n<div class=\"page-title-head hgroup\">\n<div class=\"page-title-head hgroup\">\n<div class=\"b654a4as d2edcug0\">\n<div class=\"j83agx80 btwxx1t3 lhclo0ds hop8lmos nkwizq5d scwd0bx6 roh60bw9\">\n<div class=\"rq0escxv hkbzh7o3 jwdofwj8 n8tt0mok r8blr3vg hyh9befq\">\n<div class=\"do00u71z l9j0dhe7 k4urcfbm\">\n<h2><span style=\"color: #000080;\">DON CESARE, IL PENSIERO DEL GIORNO. ALLA RADIO ALLE 7 DEL MATTINO E ALLE 19.30 DELLA SERA.\u00a0\u00a0<\/span><\/h2>\n<\/div>\n<\/div>\n<\/div>\n<\/div>\n<\/div>\n<div class=\"page-title-head hgroup\"><\/div>\n<\/div>\n<\/div>\n<\/div>\n<\/div>\n<\/div>\n<\/div>\n<\/div>\n<\/div>\n<\/div>\n<\/div>\n<\/div>\n<\/div>\n<\/div>\n<\/div>\n<\/div>\n<\/div>\n<\/div>\n<\/div>\n<\/div>\n<\/div>\n<\/div>\n<\/div>\n<\/div>\n<\/div>\n<\/div>\n<\/div>\n<\/div>\n<\/div>\n<\/div>\n<\/div>\n<\/div>\n<\/div>\n<\/div>\n<\/div>\n<div>\n<p><b>\u00a0\u00a0<\/b><\/p>\n<p>&nbsp;<\/p>\n<audio class=\"wp-audio-shortcode\" id=\"audio-233525-5\" preload=\"none\" style=\"width: 100%;\" controls=\"controls\"><source type=\"audio\/mpeg\" src=\"https:\/\/www.radiopiu.net\/wordpress\/wp-content\/uploads\/2021\/09\/cesare-6.mp3?_=5\" \/><a href=\"https:\/\/www.radiopiu.net\/wordpress\/wp-content\/uploads\/2021\/09\/cesare-6.mp3\">https:\/\/www.radiopiu.net\/wordpress\/wp-content\/uploads\/2021\/09\/cesare-6.mp3<\/a><\/audio>\n<p>&nbsp;<\/p>\n<hr \/>\n<p>&nbsp;<\/p>\n<div>\n<div class=\"mkdf-post-text\">\n<div class=\"mkdf-post-text-inner\">\n<div class=\"mkdf-post-text-main\">\n<div class=\"mkdf-post-text\">\n<div class=\"mkdf-post-text-inner\">\n<div class=\"mkdf-post-text-main\">\n<div class=\"mkdf-post-text\">\n<div class=\"mkdf-post-text-inner\">\n<div class=\"mkdf-post-text-main\">\n<div class=\"page-title-head hgroup\">\n<div class=\"page-title-head hgroup\">\n<div class=\"page-title-breadcrumbs\">\n<div class=\"mkdf-post-text\">\n<div class=\"mkdf-post-text-inner\">\n<div class=\"mkdf-post-text-main\">\n<div class=\"mkdf-post-text\">\n<div class=\"mkdf-post-text-inner\">\n<div class=\"mkdf-post-text-main\">\n<div class=\"page-title-head hgroup\">\n<div class=\"page-title-head hgroup\">\n<div class=\"mkdf-post-text\">\n<div class=\"mkdf-post-text-inner\">\n<div class=\"mkdf-post-text-main\">\n<div class=\"mkdf-post-text\">\n<div class=\"mkdf-post-text-inner\">\n<div class=\"mkdf-post-text-main\">\n<div class=\"page-title-head hgroup\">\n<div class=\"page-title-head hgroup\">\n<div class=\"page-title-head hgroup\">\n<div class=\"page-title-head hgroup\">\n<div class=\"b654a4as d2edcug0\">\n<div class=\"page-title-head hgroup\">\n<div class=\"page-title-head hgroup\">\n<div class=\"mkdf-post-text\">\n<div class=\"mkdf-post-text-inner\">\n<div class=\"mkdf-post-text-main\">\n<div class=\"mkdf-post-text\">\n<div class=\"mkdf-post-text-inner\">\n<div class=\"mkdf-post-text-main\">\n<div class=\"mkdf-post-text\">\n<div class=\"mkdf-post-text-inner\">\n<div class=\"mkdf-post-text-main\">\n<div class=\"page-title-head hgroup\">\n<div class=\"page-title-head hgroup\">\n<div class=\"mkdf-post-text\">\n<div class=\"mkdf-post-text-inner\">\n<div class=\"mkdf-post-text-main\">\n<div class=\"mkdf-post-text\">\n<div class=\"mkdf-post-text-inner\">\n<div class=\"mkdf-post-text-main\">\n<div class=\"page-title-head hgroup\">\n<div class=\"page-title-head hgroup\">\n<div class=\"page-title-head hgroup\">\n<div class=\"page-title-head hgroup\">\n<div class=\"b654a4as d2edcug0\">\n<div class=\"page-title-head hgroup\">\n<div class=\"page-title-head hgroup\">\n<div class=\"page-title-head hgroup\">\n<div class=\"page-title-head hgroup\">\n<div class=\"b654a4as d2edcug0\">\n<div>\n<div>\n<div class=\"page-title-head hgroup\">\n<blockquote>\n<h3 class=\"entry-title\">LOTTERIA CELARDA TRA STORIA E NATURA. I BIGLIETTI VINCENTI<\/h3>\n<\/blockquote>\n<\/div>\n<div class=\"page-title-breadcrumbs\"><\/div>\n<\/div>\n<div>\n<h3><img loading=\"lazy\" decoding=\"async\" class=\"alignleft\" src=\"https:\/\/www.radiopiu.net\/wordpress\/wp-content\/uploads\/2021\/09\/luck-152048__340.png\" width=\"87\" height=\"95\" \/><\/h3>\n<blockquote>\n<h3>Per ritiro premi contattare Daniela Manfroi 335\/340487<\/h3>\n<\/blockquote>\n<p>&nbsp;<\/p>\n<p>&nbsp;<\/p>\n<p>&nbsp;<\/p>\n<a href=\"https:\/\/www.radiopiu.net\/wordpress\/wp-content\/uploads\/2021\/09\/elenco_premi_estratti2021-carta-intestata-1.pdf\" class=\"pdfemb-viewer\" style=\"\" data-width=\"max\" data-height=\"max\" data-toolbar=\"top\" data-toolbar-fixed=\"on\">elenco_premi_estratti2021 carta intestata-1<\/a>\n<p>&nbsp;<\/p>\n<p>&nbsp;<\/p>\n<p>&nbsp;<\/p>\n<\/div>\n<\/div>\n<\/div>\n<\/div>\n<\/div>\n<\/div>\n<\/div>\n<\/div>\n<\/div>\n<\/div>\n<\/div>\n<\/div>\n<\/div>\n<\/div>\n<\/div>\n<\/div>\n<\/div>\n<\/div>\n<\/div>\n<\/div>\n<\/div>\n<\/div>\n<\/div>\n<\/div>\n<\/div>\n<\/div>\n<\/div>\n<\/div>\n<\/div>\n<\/div>\n<\/div>\n<\/div>\n<\/div>\n<\/div>\n<\/div>\n<\/div>\n<\/div>\n<\/div>\n<\/div>\n<\/div>\n<\/div>\n<\/div>\n<\/div>\n<\/div>\n<\/div>\n<\/div>\n<\/div>\n<\/div>\n<\/div>\n<\/div>\n<\/div>\n<\/div>\n<\/div>\n<\/div>\n<\/div>\n<\/div>\n<\/div>\n<\/div>\n<\/div>\n<\/div>\n<\/div>\n<\/div>\n<\/div>\n<div>\n<hr \/>\n<div>\n<h3 class=\"kvgmc6g5 cxmmr5t8 oygrvhab hcukyx3x c1et5uql\"><span style=\"color: #0000ff;\">INFORMAZIONE il canale su TELEGRAM informazione di prima mano e in tempo reale. iscriviti ed aiutaci a farlo conoscere\u00a0\u00a0<\/span><\/h3>\n<\/div>\n<div>\n<div class=\"page-title-head hgroup\">\n<div class=\"page-title-head hgroup\">\n<div class=\"page-title-head hgroup\">\n<div class=\"page-title-head hgroup\">\n<div class=\"page-title-head hgroup\">\n<p><strong>LA RASSEGNA STAMPA DA L&#8217;AMICO DEL POPOLO ALLA RADIO IL SABATO ALLE 10.30 E ALLE 19, LA DOMENICA ALLE 12.30<\/strong><\/p>\n<p><strong>LA RACCOLTA COMPLETA<\/strong><\/p>\n<\/div>\n<\/div>\n<\/div>\n<\/div>\n<\/div>\n<\/div>\n<div>\n<div class=\"page-title-head hgroup\">\n<div class=\"page-title-head hgroup\">\n<div class=\"page-title-head hgroup\">\n<div class=\"page-title-head hgroup\">\n<div class=\"b654a4as d2edcug0\">\n<div class=\"page-title-head hgroup\">\n<div class=\"page-title-head hgroup\">\n<div class=\"page-title-head hgroup\">\n<div class=\"page-title-head hgroup\">\n<div class=\"b654a4as d2edcug0\">\n<div>\n<blockquote class=\"wp-embedded-content\" data-secret=\"XpTa2uGg9G\"><p><a href=\"https:\/\/www.radiopiu.net\/wordpress\/rassegna-stampa-di-gianni-santomaso\/\">Rassegna stampa da l&#8217;amico del popolo &#8211; di Gianni Santomaso<\/a><\/p><\/blockquote>\n<p><iframe loading=\"lazy\" class=\"wp-embedded-content\" sandbox=\"allow-scripts\" security=\"restricted\" style=\"position: absolute; clip: rect(1px, 1px, 1px, 1px);\" title=\"&#8220;Rassegna stampa da l&#8217;amico del popolo &#8211; di Gianni Santomaso&#8221; &#8212; Radio Pi\u00f9\" src=\"https:\/\/www.radiopiu.net\/wordpress\/rassegna-stampa-di-gianni-santomaso\/embed\/#?secret=XpTa2uGg9G\" data-secret=\"XpTa2uGg9G\" width=\"600\" height=\"338\" frameborder=\"0\" marginwidth=\"0\" marginheight=\"0\" scrolling=\"no\"><\/iframe><\/p>\n<p>&nbsp;<\/p>\n<p>&nbsp;<\/p>\n<\/div>\n<div>\n<div class=\"page-title-head hgroup\">\n<div class=\"page-title-head hgroup\">\n<div class=\"page-title-head hgroup\">\n<div>\n<div class=\"b654a4as d2edcug0\">\n<div class=\"rq0escxv hkbzh7o3 jwdofwj8 n8tt0mok r8blr3vg hyh9befq\">\n<hr \/>\n<\/div>\n<\/div>\n<\/div>\n<div>\n<div class=\"page-title-head hgroup\">\n<div class=\"page-title-head hgroup\">\n<div class=\"b654a4as d2edcug0\">\n<p><strong>\u00a0<\/strong><\/p>\n<p><strong>\u00a0L&#8217;ALMANACCO LADINO ALLA RADIO OGNI 15 GIORNI\u00a0 IL LUNEDI 830 MARTEDI 13.30 MERCOLEDI 1830 E DOMENICA ALLE 9<\/strong><\/p>\n<p><strong>RACCOLTA COMPLETA\u00a0 \u00a0<\/strong><\/p>\n<blockquote class=\"wp-embedded-content\" data-secret=\"rePquCVook\"><p><a href=\"https:\/\/www.radiopiu.net\/wordpress\/almanacco-ladino\/\">Almanacco Ladino<\/a><\/p><\/blockquote>\n<p><iframe loading=\"lazy\" class=\"wp-embedded-content\" sandbox=\"allow-scripts\" security=\"restricted\" style=\"position: absolute; clip: rect(1px, 1px, 1px, 1px);\" title=\"&#8220;Almanacco Ladino&#8221; &#8212; Radio Pi\u00f9\" src=\"https:\/\/www.radiopiu.net\/wordpress\/almanacco-ladino\/embed\/#?secret=rePquCVook\" data-secret=\"rePquCVook\" width=\"600\" height=\"338\" frameborder=\"0\" marginwidth=\"0\" marginheight=\"0\" scrolling=\"no\"><\/iframe><\/p>\n<\/div>\n<div>\n<p>&nbsp;<\/p>\n<hr \/>\n<p><strong>\u00a0\u00a0<\/strong><\/p>\n<p><strong>DUE MINUTI UN LIBRO, TUTTI I GIORNI ALLA RADIO ALLE 9.40 E ALLE 17.50<\/strong><\/p>\n<p><strong>LA RACCOLTA COMPLETA\u00a0\u00a0<\/strong><\/p>\n<\/div>\n<div>\n<blockquote class=\"wp-embedded-content\" data-secret=\"vFxaiBGVCD\"><p><a href=\"https:\/\/www.radiopiu.net\/wordpress\/due-minuti-un-libro\/\">Due minuti un libro<\/a><\/p><\/blockquote>\n<p><iframe loading=\"lazy\" class=\"wp-embedded-content\" sandbox=\"allow-scripts\" security=\"restricted\" style=\"position: absolute; clip: rect(1px, 1px, 1px, 1px);\" title=\"&#8220;Due minuti un libro&#8221; &#8212; Radio Pi\u00f9\" src=\"https:\/\/www.radiopiu.net\/wordpress\/due-minuti-un-libro\/embed\/#?secret=vFxaiBGVCD\" data-secret=\"vFxaiBGVCD\" width=\"600\" height=\"338\" frameborder=\"0\" marginwidth=\"0\" marginheight=\"0\" scrolling=\"no\"><\/iframe><\/p>\n<p>&nbsp;<\/p>\n<p>&nbsp;<\/p>\n<blockquote><p>&nbsp;<\/p>\n<p><strong>IL LUNEDI ALLE 13 E ALLE 20, LA DOMENICA ALLE 10.30: SALUTE E SOCIETA&#8217; CON IL DOTTOR MARCO CARACCIOLO<\/strong><\/p><\/blockquote>\n<blockquote>\n<h3>LA RACCOLTA COMPLETA<\/h3>\n<blockquote class=\"wp-embedded-content\" data-secret=\"cFsPWTA7GN\"><p><a href=\"https:\/\/www.radiopiu.net\/wordpress\/saluteesocieta\/\">Salute e Societ\u00e0<\/a><\/p><\/blockquote>\n<p><iframe loading=\"lazy\" class=\"wp-embedded-content\" sandbox=\"allow-scripts\" security=\"restricted\" style=\"position: absolute; clip: rect(1px, 1px, 1px, 1px);\" title=\"&#8220;Salute e Societ\u00e0&#8221; &#8212; Radio Pi\u00f9\" src=\"https:\/\/www.radiopiu.net\/wordpress\/saluteesocieta\/embed\/#?secret=cFsPWTA7GN\" data-secret=\"cFsPWTA7GN\" width=\"600\" height=\"338\" frameborder=\"0\" marginwidth=\"0\" marginheight=\"0\" scrolling=\"no\"><\/iframe><\/p>\n<p>&nbsp;<\/p><\/blockquote>\n<hr \/>\n<p>&nbsp;<\/p>\n<p>&nbsp;<\/p>\n<p><strong>I RACCONTI DI PAOLO SOPPELSA, ALLA RADIO IL LUNEDI ALLE 9.30 E ALLE 18.30\u00a0<\/strong><\/p>\n<blockquote class=\"wp-embedded-content\" data-secret=\"OWIwFlwOwJ\"><p><a href=\"https:\/\/www.radiopiu.net\/wordpress\/i-racconti-di-paolo-soppelsa\/\">I racconti di Paolo Soppelsa<\/a><\/p><\/blockquote>\n<p><iframe loading=\"lazy\" class=\"wp-embedded-content\" sandbox=\"allow-scripts\" security=\"restricted\" style=\"position: absolute; clip: rect(1px, 1px, 1px, 1px);\" title=\"&#8220;I racconti di Paolo Soppelsa&#8221; &#8212; Radio Pi\u00f9\" src=\"https:\/\/www.radiopiu.net\/wordpress\/i-racconti-di-paolo-soppelsa\/embed\/#?secret=OWIwFlwOwJ\" data-secret=\"OWIwFlwOwJ\" width=\"600\" height=\"338\" frameborder=\"0\" marginwidth=\"0\" marginheight=\"0\" scrolling=\"no\"><\/iframe><\/p>\n<hr \/>\n<p>&nbsp;<\/p>\n<p><strong>GIROVAGANDO IN E BIKE TRA LE DOLOMITI CON THOMAS SOPPERA IL LUNEDI ALLE 9 E ALLE 18,30<\/strong><\/p>\n<blockquote class=\"wp-embedded-content\" data-secret=\"WS3Ah2EYw3\"><p><a href=\"https:\/\/www.radiopiu.net\/wordpress\/girovagando-in-e-bike-tra-le-dolomiti\/\">GIROVAGANDO IN E BIKE TRA LE DOLOMITI<\/a><\/p><\/blockquote>\n<p><iframe loading=\"lazy\" class=\"wp-embedded-content\" sandbox=\"allow-scripts\" security=\"restricted\" style=\"position: absolute; clip: rect(1px, 1px, 1px, 1px);\" title=\"&#8220;GIROVAGANDO IN E BIKE TRA LE DOLOMITI&#8221; &#8212; Radio Pi\u00f9\" src=\"https:\/\/www.radiopiu.net\/wordpress\/girovagando-in-e-bike-tra-le-dolomiti\/embed\/#?secret=WS3Ah2EYw3\" data-secret=\"WS3Ah2EYw3\" width=\"600\" height=\"338\" frameborder=\"0\" marginwidth=\"0\" marginheight=\"0\" scrolling=\"no\"><\/iframe><\/p>\n<p>&nbsp;<\/p>\n<p>&nbsp;<\/p>\n<\/div>\n<hr \/>\n<p>&nbsp;<\/p>\n<div class=\"mkdf-post-text\">\n<div class=\"mkdf-post-text-inner\">\n<div class=\"mkdf-post-text-main\">\n<div class=\"mkdf-post-text\">\n<div class=\"mkdf-post-text-inner\">\n<div class=\"mkdf-post-text-main\">\n<div class=\"mkdf-post-text\">\n<div class=\"mkdf-post-text-inner\">\n<div class=\"mkdf-post-text-main\">\n<div class=\"page-title-head hgroup\">\n<div class=\"page-title-head hgroup\">\n<div class=\"mkdf-post-text\">\n<div class=\"mkdf-post-text-inner\">\n<div class=\"mkdf-post-text-main\">\n<div class=\"mkdf-post-text\">\n<div class=\"mkdf-post-text-inner\">\n<div class=\"mkdf-post-text-main\">\n<div>\n<div class=\"page-title-head hgroup\">\n<div class=\"page-title-head hgroup\">\n<div class=\"page-title-head hgroup\">\n<div class=\"page-title-head hgroup\">\n<div class=\"b654a4as d2edcug0\">\n<div class=\"page-title-head hgroup\">\n<div class=\"page-title-head hgroup\">\n<div class=\"page-title-head hgroup\">\n<div class=\"page-title-head hgroup\">\n<div class=\"b654a4as d2edcug0\">\n<div>\n<div>\n<div>\n<div>\n<div class=\"page-title-head hgroup\">\n<div class=\"page-title-head hgroup\">\n<div class=\"page-title-head hgroup\">\n<div class=\"page-title-head hgroup\">\n<div class=\"b654a4as d2edcug0\">\n<div class=\"page-title-head hgroup\">\n<div class=\"page-title-head hgroup\">\n<div class=\"page-title-head hgroup\">\n<div class=\"page-title-head hgroup\">\n<div class=\"b654a4as d2edcug0\">\n<div>\n<div class=\"page-title-head hgroup\">\n<div class=\"page-title-head hgroup\">\n<div class=\"page-title-head hgroup\">\n<div>\n<div class=\"page-title-head hgroup\">\n<div class=\"page-title-head hgroup\">\n<div class=\"page-title-head hgroup\">\n<p>&nbsp;<\/p>\n<p><a href=\"https:\/\/www.radiopiu.net\/wordpress\/giornale-radiopiu-26-settembre-2018-direttore-mirko-mezzacasa\/viabilita-2\/\" rel=\"attachment wp-att-61954\"><img loading=\"lazy\" decoding=\"async\" class=\"wp-image-61954 size-full aligncenter\" src=\"https:\/\/www.radiopiu.net\/wordpress\/wp-content\/uploads\/2018\/09\/viabilita.jpeg\" alt=\"\" width=\"800\" height=\"100\" srcset=\"https:\/\/www.radiopiu.net\/wordpress\/wp-content\/uploads\/2018\/09\/viabilita.jpeg 800w, https:\/\/www.radiopiu.net\/wordpress\/wp-content\/uploads\/2018\/09\/viabilita-300x38.jpeg 300w, https:\/\/www.radiopiu.net\/wordpress\/wp-content\/uploads\/2018\/09\/viabilita-768x96.jpeg 768w\" sizes=\"auto, (max-width: 800px) 100vw, 800px\" \/><\/a><\/p>\n<blockquote><p><a href=\"https:\/\/www.radiopiu.net\/wordpress\/giornale-radiopiu-09-agosto-2018-direttore-mirko-mezzacasa\/viabilia\/\" rel=\"attachment wp-att-57053\"><img loading=\"lazy\" decoding=\"async\" class=\" wp-image-57053 alignleft\" src=\"https:\/\/www.radiopiu.net\/wordpress\/wp-content\/uploads\/2018\/08\/VIABILIA-300x180.jpeg\" alt=\"\" width=\"220\" height=\"132\" srcset=\"https:\/\/www.radiopiu.net\/wordpress\/wp-content\/uploads\/2018\/08\/VIABILIA-300x180.jpeg 300w, https:\/\/www.radiopiu.net\/wordpress\/wp-content\/uploads\/2018\/08\/VIABILIA-768x461.jpeg 768w, https:\/\/www.radiopiu.net\/wordpress\/wp-content\/uploads\/2018\/08\/VIABILIA-1024x614.jpeg 1024w, https:\/\/www.radiopiu.net\/wordpress\/wp-content\/uploads\/2018\/08\/VIABILIA.jpeg 1280w\" sizes=\"auto, (max-width: 220px) 100vw, 220px\" \/><\/a><\/p><\/blockquote>\n<\/div>\n<\/div>\n<\/div>\n<\/div>\n<\/div>\n<\/div>\n<\/div>\n<\/div>\n<div>\n<div>\n<div class=\"page-title-head hgroup\">\n<div class=\"page-title-head hgroup\">\n<div class=\"page-title-head hgroup\">\n<div class=\"page-title-head hgroup\">\n<div class=\"page-title-head hgroup\">\n<div class=\"page-title-head hgroup\">\n<blockquote><p>La viabilit\u00e0 con gli ultimi aggiornamenti<\/p><\/blockquote>\n<\/div>\n<\/div>\n<\/div>\n<\/div>\n<\/div>\n<\/div>\n<\/div>\n<div><\/div>\n<div>\n<audio class=\"wp-audio-shortcode\" id=\"audio-233525-6\" preload=\"none\" style=\"width: 100%;\" controls=\"controls\"><source type=\"audio\/mpeg\" src=\"https:\/\/www.radiopiu.net\/wordpress\/wp-content\/uploads\/2021\/09\/VIABILITA-1.mp3?_=6\" \/><a href=\"https:\/\/www.radiopiu.net\/wordpress\/wp-content\/uploads\/2021\/09\/VIABILITA-1.mp3\">https:\/\/www.radiopiu.net\/wordpress\/wp-content\/uploads\/2021\/09\/VIABILITA-1.mp3<\/a><\/audio>\n<\/div>\n<div>\n<div><\/div>\n<\/div>\n<\/div>\n<\/div>\n<\/div>\n<\/div>\n<\/div>\n<\/div>\n<\/div>\n<\/div>\n<\/div>\n<\/div>\n<\/div>\n<\/div>\n<div>\n<div class=\"page-title-head hgroup\">\n<div class=\"page-title-head hgroup\">\n<div class=\"page-title-head hgroup\">\n<div class=\"page-title-head hgroup\">\n<div class=\"b654a4as d2edcug0\">\n<div>\n<div class=\"page-title-head hgroup\" style=\"text-align: left;\"><\/div>\n<div><\/div>\n<div>\n<hr \/>\n<\/div>\n<div><\/div>\n<h4><span style=\"color: #ff0000;\">MUSICA ALLA RADIO<\/span><\/h4>\n<div><a href=\"https:\/\/www.radiopiu.net\/wordpress\/giornale-radiopiu-20-settembre-2021-direttore-mirko-mezzacasa\/pp-79\/\" rel=\"attachment wp-att-232921\"><img loading=\"lazy\" decoding=\"async\" class=\"wp-image-232921 alignleft\" src=\"https:\/\/www.radiopiu.net\/wordpress\/wp-content\/uploads\/2021\/09\/pp-1-300x300.jpg\" alt=\"\" width=\"135\" height=\"135\" srcset=\"https:\/\/www.radiopiu.net\/wordpress\/wp-content\/uploads\/2021\/09\/pp-1-300x300.jpg 300w, https:\/\/www.radiopiu.net\/wordpress\/wp-content\/uploads\/2021\/09\/pp-1-150x150.jpg 150w, https:\/\/www.radiopiu.net\/wordpress\/wp-content\/uploads\/2021\/09\/pp-1.jpg 640w\" sizes=\"auto, (max-width: 135px) 100vw, 135px\" \/><\/a><\/div>\n<div><\/div>\n<div><\/div>\n<div><strong>MUSICA ALLA RADIO, IL PROGRAMMA DI LORIS SCUSSEL &#8220;COLLAGE OPERAZIONE NOSTALGIA&#8221; DAL LUNEDI AL VENERDI ALLE 16.00\u00a0 E ALLE 23\u00a0<\/strong><br \/>\n<strong>PUNTATA 440<\/strong><\/div>\n<div>\n<audio class=\"wp-audio-shortcode\" id=\"audio-233525-7\" preload=\"none\" style=\"width: 100%;\" controls=\"controls\"><source type=\"audio\/mpeg\" src=\"https:\/\/www.radiopiu.net\/wordpress\/wp-content\/uploads\/2021\/09\/Collage-440.mp3?_=7\" \/><a href=\"https:\/\/www.radiopiu.net\/wordpress\/wp-content\/uploads\/2021\/09\/Collage-440.mp3\">https:\/\/www.radiopiu.net\/wordpress\/wp-content\/uploads\/2021\/09\/Collage-440.mp3<\/a><\/audio>\n<p><strong>\u00a0<\/strong><\/p>\n<p>&nbsp;<\/p>\n<hr \/>\n<p>&nbsp;<\/p>\n<\/div>\n<\/div>\n<\/div>\n<\/div>\n<\/div>\n<\/div>\n<\/div>\n<\/div>\n<\/div>\n<\/div>\n<\/div>\n<\/div>\n<\/div>\n<\/div>\n<\/div>\n<\/div>\n<\/div>\n<\/div>\n<\/div>\n<\/div>\n<\/div>\n<\/div>\n<\/div>\n<\/div>\n<\/div>\n<\/div>\n<\/div>\n<\/div>\n<\/div>\n<\/div>\n<\/div>\n<\/div>\n<\/div>\n<\/div>\n<\/div>\n<\/div>\n<\/div>\n<\/div>\n<\/div>\n<\/div>\n<\/div>\n<\/div>\n<\/div>\n<\/div>\n<\/div>\n<\/div>\n<\/div>\n<\/div>\n<\/div>\n<\/div>\n<\/div>\n<\/div>\n<\/div>\n<\/div>\n<\/div>\n<\/div>\n<\/div>\n<\/div>\n<div>\n<div class=\"page-title-head hgroup\">\n<div class=\"page-title-head hgroup\">\n<div class=\"page-title-head hgroup\">\n<div class=\"page-title-head hgroup\">\n<div class=\"b654a4as d2edcug0\">\n<div class=\"page-title-head hgroup\">\n<div class=\"page-title-head hgroup\">\n<div class=\"page-title-head hgroup\">\n<div class=\"page-title-head hgroup\">\n<div class=\"b654a4as d2edcug0\">\n<div class=\"page-title-head hgroup\">\n<div class=\"page-title-head hgroup\">\n<div class=\"page-title-head hgroup\">\n<div class=\"page-title-head hgroup\">\n<div class=\"page-title-head hgroup\">\n<div class=\"mkdf-post-text\">\n<div class=\"mkdf-post-text-inner\">\n<div class=\"mkdf-post-text-main\">\n<div class=\"mkdf-post-text\">\n<div class=\"mkdf-post-text-inner\">\n<div class=\"mkdf-post-text-main\">\n<div class=\"mkdf-post-text\">\n<div class=\"mkdf-post-text-inner\">\n<div class=\"mkdf-post-text-main\">\n<div class=\"page-title-head hgroup\">\n<div class=\"page-title-head hgroup\">\n<div class=\"mkdf-post-text\">\n<div class=\"mkdf-post-text-inner\">\n<div class=\"mkdf-post-text-main\">\n<div class=\"mkdf-post-text\">\n<div class=\"mkdf-post-text-inner\">\n<div class=\"mkdf-post-text-main\">\n<div>\n<div class=\"page-title-head hgroup\">\n<div class=\"page-title-head hgroup\">\n<div>\n<div class=\"page-title-head hgroup\">\n<div class=\"page-title-head hgroup\">\n<div class=\"b654a4as d2edcug0\">\n<div>\n<div class=\"page-title-head hgroup\" style=\"text-align: left;\">\n<div class=\"page-title-head hgroup\">\n<div dir=\"auto\">\n<p><a class=\"dt-pswp-item pspw-wrap-ready\" href=\"https:\/\/i0.wp.com\/www.radiopiu.net\/wordpress\/wp-content\/uploads\/2018\/09\/WhatsApp-Image-2018-09-20-at-16.04.06.jpeg?ssl=1\" data-dt-img-description=\"\" data-large_image_width=\"800\" data-large_image_height=\"100\"><img loading=\"lazy\" decoding=\"async\" class=\"aligncenter wp-image-61378 size-full jetpack-lazy-image jetpack-lazy-image--handled\" src=\"https:\/\/i0.wp.com\/www.radiopiu.net\/wordpress\/wp-content\/uploads\/2018\/09\/WhatsApp-Image-2018-09-20-at-16.04.06.jpeg?resize=800%2C100&amp;ssl=1\" sizes=\"auto, (max-width: 800px) 100vw, 800px\" srcset=\"https:\/\/i0.wp.com\/www.radiopiu.net\/wordpress\/wp-content\/uploads\/2018\/09\/WhatsApp-Image-2018-09-20-at-16.04.06.jpeg?w=800&amp;ssl=1 800w, https:\/\/i0.wp.com\/www.radiopiu.net\/wordpress\/wp-content\/uploads\/2018\/09\/WhatsApp-Image-2018-09-20-at-16.04.06.jpeg?resize=300%2C38&amp;ssl=1 300w, https:\/\/i0.wp.com\/www.radiopiu.net\/wordpress\/wp-content\/uploads\/2018\/09\/WhatsApp-Image-2018-09-20-at-16.04.06.jpeg?resize=768%2C96&amp;ssl=1 768w\" alt=\"\" width=\"800\" height=\"100\" data-lazy-loaded=\"1\" \/><\/a><\/p>\n<\/div>\n<\/div>\n<\/div>\n<\/div>\n<\/div>\n<\/div>\n<\/div>\n<\/div>\n<\/div>\n<\/div>\n<\/div>\n<\/div>\n<\/div>\n<\/div>\n<\/div>\n<\/div>\n<\/div>\n<\/div>\n<\/div>\n<\/div>\n<\/div>\n<\/div>\n<\/div>\n<\/div>\n<\/div>\n<\/div>\n<\/div>\n<\/div>\n<\/div>\n<\/div>\n<\/div>\n<\/div>\n<\/div>\n<\/div>\n<\/div>\n<\/div>\n<\/div>\n<\/div>\n<\/div>\n<\/div>\n<\/div>\n<\/div>\n<\/div>\n<\/div>\n<p>&nbsp;<\/p>\n<p><center><b>Sabato 25<\/b><\/center><b>Tempo atteso: <\/b>Altra bella giornata autunnale con sole e cielo sereno o poco nuvoloso per banchi di cirri al mattino. In Valbelluna iniziali nubi basse, in graduale dissolvimento. Al pomeriggio modesti annuvolamenti sulle cime prealpine e arrivo di nubi alte. Aria limpida e ottima visibilit\u00e0 in quota. Forte escursione termica nelle valli pi\u00f9 assolate e conferma del contesto termico tardo-estivo.<br \/>\n<b>Precipitazioni: <\/b>Assenti (0%).<br \/>\n<b>Temperature: <\/b>In ulteriore lieve rialzo, salvo stazionariet\u00e0 delle massime in caso di velature. Sono previste punte di 24\/25\u00b0C nei fondovalle prealpini e di 19\/23\u00b0C a 1000\/1200 m. Su Prealpi a 1500 m min 13\u00b0C max 17\u00b0C, a 2000 m min 11\u00b0C max 14\u00b0C. Su Dolomiti a 2000 m min 10\u00b0C max 15\u00b0C, a 3000 m min 6\u00b0C max 7\u00b0C.<br \/>\n<b>Venti: <\/b>Nelle valli perlopi\u00f9 deboli a regime di brezza, a tratti e localmente moderati nei settori solitamente pi\u00f9 ventilati; in quota deboli\/moderati dai quadranti occidentali, a 5-10 km\/h a 2000 m e 15-25 km\/h a 3000 m.<\/p>\n<hr \/>\n<p><center><b>Domenica 26<\/b><\/center><b>Tempo atteso: <\/b>Al primo mattino sole sulle Dolomiti e nuvolosit\u00e0 stratiforme, gi\u00e0 presente su alcuni settori prealpini. In seguito aumento della nuvolosit\u00e0 stratiforme media fino a cielo assai nuvoloso entro le ore centrali. Al pomeriggio intensificazione della nuvolosit\u00e0 e deboli fenomeni a partire dalle Prealpi occidentali, in parziale estensione agli altri settori. Nonostante la riduzione del soleggiamento, il contesto termico rimarr\u00e0 mite.<br \/>\n<b>Precipitazioni: <\/b>Al mattino assenti (0%), al pomeriggio probabilit\u00e0 in aumento sui settori occidentali (50\/60%), mentre la stessa rimarr\u00e0 pi\u00f9 bassa sul Bellunese (20\/40%), specie sui settori orientali.<br \/>\n<b>Temperature: <\/b>Minime in generale aumento al mattino, anche se i valori pi\u00f9 bassi osservati in quota saranno alla sera. Massime in generale lieve flessione. Sono previste punte di 21\/22\u00b0C nei fondovalle prealpini e di 16\/18\u00b0C a 1000\/1200 m. Su Prealpi a 1500 m min 11\u00b0C max 15\u00b0C, a 2000 m min 9\u00b0C max 12\u00b0C. Su Dolomiti a 2000 m min 8\u00b0C max 13\u00b0C, a 3000 m min 4\u00b0C max 7\u00b0C.<br \/>\n<b>Venti: <\/b>Nelle valli perlopi\u00f9 deboli di direzione variabile, anche per brezze; in quota deboli\/moderati da sud-ovest al mattino, poi moderati\/tesi, a 5-15 km\/h a 2000 m e 20-35 km\/h a 3000 m.<\/p>\n<hr \/>\n<p><center><b>Lunedi 27<\/b><\/center>Residua instabilit\u00e0 notturna, seguita da miglioramento del tempo, dapprima sulle Dolomiti, poi sulle Prealpi dopo diradamento della nuvolosit\u00e0 bassa stratiforme. Al pomeriggio sole e annuvolamenti irregolari, i primi saranno predominanti sulle Dolomiti, mentre i secondi pi\u00f9 presenti sulla fascia prealpina, dove qualche piovasco non sar\u00e0 da escludere. Temperature in diminuzione, ecceto ripresa delle massime nelle valli. Venti perlopi\u00f9 deboli di direzione variabile nelle valli; in quota deboli da nord-ovest di giorno.<\/p>\n<hr \/>\n<p><center><b>Martedi 28<\/b><\/center>Al mattino ben soleggiato con cielo sereno; eventuali nebbie notturne in alcune depressioni prealpine. Al pomeriggio parziale riduzione del soleggiamento per nuvolosit\u00e0 alta e medio-alta. Temperature minime in calo e massime in leggera ripresa. Venti perlopi\u00f9 deboli per brezze nelle nelle valli; in quota deboli\/moderati da ovest nord-ovest. Previsore: R.L.Th.<\/p>\n<hr \/>\n<p>&nbsp;<\/p>\n<hr \/>\n<p>&nbsp;<\/p>\n<div class=\"mkdf-post-text\">\n<div class=\"mkdf-post-text-inner\">\n<p><a href=\"https:\/\/www.radiopiu.net\/wordpress\/giornale-radiopiu-15-settembre-2018-direttore-mirko-mezzacasa\/sport-7\/\" rel=\"attachment wp-att-60761\"><img loading=\"lazy\" decoding=\"async\" class=\"wp-image-60761 size-full aligncenter\" src=\"https:\/\/www.radiopiu.net\/wordpress\/wp-content\/uploads\/2018\/09\/sport.jpg\" alt=\"\" width=\"800\" height=\"100\" srcset=\"https:\/\/www.radiopiu.net\/wordpress\/wp-content\/uploads\/2018\/09\/sport.jpg 800w, https:\/\/www.radiopiu.net\/wordpress\/wp-content\/uploads\/2018\/09\/sport-300x38.jpg 300w, https:\/\/www.radiopiu.net\/wordpress\/wp-content\/uploads\/2018\/09\/sport-768x96.jpg 768w\" sizes=\"auto, (max-width: 800px) 100vw, 800px\" \/><\/a><\/p>\n<p>&nbsp;<\/p>\n<h3><span style=\"color: #0000ff;\">CALCIO<\/span><\/h3>\n<blockquote>\n<h3>AGORDINA E KERALPEN IN CAMPO NEL FINE SETTIMANA<\/h3>\n<\/blockquote>\n<p><strong><a href=\"https:\/\/www.radiopiu.net\/wordpress\/il-voltago-continua-a-vincere-nel-campionato-agordino-femminile\/pallone-calcio-2019\/\" rel=\"attachment wp-att-91405\"><img loading=\"lazy\" decoding=\"async\" class=\"size-medium wp-image-91405 alignleft\" src=\"https:\/\/www.radiopiu.net\/wordpress\/wp-content\/uploads\/2019\/07\/pallone-calcio-2019-300x200.jpg\" alt=\"\" width=\"300\" height=\"200\" srcset=\"https:\/\/www.radiopiu.net\/wordpress\/wp-content\/uploads\/2019\/07\/pallone-calcio-2019-300x200.jpg 300w, https:\/\/www.radiopiu.net\/wordpress\/wp-content\/uploads\/2019\/07\/pallone-calcio-2019-768x513.jpg 768w, https:\/\/www.radiopiu.net\/wordpress\/wp-content\/uploads\/2019\/07\/pallone-calcio-2019-1024x684.jpg 1024w\" sizes=\"auto, (max-width: 300px) 100vw, 300px\" \/><\/a>AGORDO <\/strong>Secondo fine settimana calcistico per l\u2019Agordina Calcio. Nel fine settimana in campo Juniores, Allievi, Giovanissimi e prima squadra. Gli Juniores Regionali di Roberto Fontanive, dopo la vittoria all\u2019esordio, questo fine settimana ospitano all\u2019Ivano Dorigo il Cappella Maggiore. Entrambe le formazioni hanno vinto la partita inaugurale. Calcio d\u2019inizio oggi alle 15:30. Domani in campo la categoria Allievi Regionali che, dopo la sconfitta racimolata in terra trevigiana, provano il riscatto sul campo di casa. Ad Agordo arriva il Treviso, si gioca all\u2019Ivano Dorigo alle 10:30. I Giovanissimi Provinciali di De Bastiani oggi alle 15:30 sono chiamati alla prima trasferta stagionale. Di fronte il Piave per cercare di confermare il buon risultato della scorsa settimana. Seconda giornata anche per la Seconda Categoria girone T dove milita l\u2019Agordina di Marco Lorenzi. La prima squadra di Agordo ha vinto la prima partita di campionato e questo fine settimana scender\u00e0 a Celarda di Feltre per affrontare l\u2019Arten. Non solo calcio maschile ma questa settimana inizia il campionato Eccellenza anche per il femminile con il Keralpen ai blocchi di partenza. La formazione di Belluno esordir\u00e0 in terra trevigiana contro il Condor Treviso domani alle 15:30. A partire da domani pomeriggio ritorna l\u2019appuntamento con \u201cDomenica Pi\u00f9 Sport\u201d il contenitore sportivo di Radio Pi\u00f9 per seguire in diretta Agordina e Keralpen e per trattare anche gli altri sport.<\/p>\n<p>&nbsp;<\/p>\n<p>&nbsp;<\/p>\n<hr \/>\n<p>&nbsp;<\/p>\n<h3><span style=\"color: #0000ff;\">HOCKEY<\/span><\/h3>\n<blockquote>\n<h3>SECONDA SCONFITTA CONSECUTIVA PER LE CIVETTE. IL BRESSANONE SBANCA IL DE TONI<\/h3>\n<\/blockquote>\n<p class=\"p1\"><strong><a href=\"https:\/\/www.radiopiu.net\/wordpress\/il-calendario-ufficiale-dellitalian-hockey-league\/logo-alleghe-hockey\/\" rel=\"attachment wp-att-95699\"><img loading=\"lazy\" decoding=\"async\" class=\"size-medium wp-image-95699 alignleft\" src=\"https:\/\/www.radiopiu.net\/wordpress\/wp-content\/uploads\/2019\/08\/logo-alleghe-hockey-300x281.png\" alt=\"\" width=\"300\" height=\"281\" srcset=\"https:\/\/www.radiopiu.net\/wordpress\/wp-content\/uploads\/2019\/08\/logo-alleghe-hockey-300x281.png 300w, https:\/\/www.radiopiu.net\/wordpress\/wp-content\/uploads\/2019\/08\/logo-alleghe-hockey.png 547w\" sizes=\"auto, (max-width: 300px) 100vw, 300px\" \/><\/a>ALLEGHE &#8211; BRESSANONE 2-3<\/strong><\/p>\n<p class=\"p1\">PARZIALI: 1-0, 1-1, 0-2<\/p>\n<p class=\"p1\">GOL: pt. 16\u201916\u201d Testori. st. 0\u201932\u201d Berger, 19\u201957\u201d Bona. tt. 17\u201900\u201d Bona, 18\u201943\u201d Purdeller<\/p>\n<p class=\"p1\">Seconda sconfitta consecutiva in altrettante partite giocate per l\u2019Alleghe Hockey. Che beffa per le civette che dopo aver giocato i primi due tempi magistralmente subisce il pressing altoatesino nella terza frazione. Fatale la penalit\u00e0 rifilata a Kiviranta a 2\u2019 dalla fine del match. I biancorossi restano in fondo alla classifica e la prossima settimana sono chiamati ad una partita di riscatto contro il Dobbiaco. Primi minuti di gara con gli ospiti che hanno le prime occasioni. Il ritmo della partita \u00e8 buono e le squadre sembrano giocarsela alla pari. Le civette alzano la testa e provano a rispondere. L\u2019Alleghe si difende bene con un uomo in panca puniti e subito dopo crea buone occasioni in superiorit\u00e0 numerica con Testori che impegna il golie altoatesino. Alla seconda superiorit\u00e0 i biancorossi sbloccano la partita. \u00c8 Testori che trova un tiro che buca la porta del Bressanone. Nel secondo periodo di gioco arriva il raddoppio immediato delle civette. A fare la voce grossa questa volta sono i due stranieri Kiviranta e Berger con quest\u2019ultimo che trova l\u2019angolino giusto per siglare la seconda rete agordina. Gli ospiti non mollano e cercano di capovolgere il risultato ma Scola \u00e8 attento. Prima dell\u2019ultimo intervallo la partita si incattivisce e scattano le penalit\u00e0 per entrambe le compagini. A sfruttare il tutto sono gli altoatesini che accorciano con Bona. I brissinesi prendono coraggio e nell\u2019ultimo drittel prendono di mira la gabbia difesa da Scola che per\u00f2 riesce a salvare il risultato. \u00c8 un assedio della squadra altoatesina e le civette si difendono con le unghie. Il pareggio dei falchi arriva a 3\u2019 dal termine quando Bona sigla la doppietta personale. La beffa arriva subito dopo. Kiviranta finisce in panca puniti e in 40\u201d il Bressanone trova la rete del vantaggio che consegna i 3 punti in palio.<\/p>\n<p>&nbsp;<\/p>\n<p>&nbsp;<\/p>\n<hr \/>\n<p>&nbsp;<\/p>\n<h3><span style=\"color: #0000ff;\">PALLAVOLO\u00a0<\/span><\/h3>\n<blockquote>\n<h3>SECONDO TEST PER I &#8220;RINOCERONTI&#8221;,\u00a0 ARRIVA IL MOTTA NEOPROMOSSO IN A2<\/h3>\n<\/blockquote>\n<p><strong><a href=\"https:\/\/www.radiopiu.net\/wordpress\/giornale-radiopiu-25-settembre-2021-direttore-mirko-mezzacasa\/test_contro_il_cus_trieste-1\/\" rel=\"attachment wp-att-233567\"><img loading=\"lazy\" decoding=\"async\" class=\"wp-image-233567 alignleft\" src=\"https:\/\/www.radiopiu.net\/wordpress\/wp-content\/uploads\/2021\/09\/Test_contro_il_Cus_Trieste-1-300x200.jpg\" alt=\"\" width=\"183\" height=\"122\" srcset=\"https:\/\/www.radiopiu.net\/wordpress\/wp-content\/uploads\/2021\/09\/Test_contro_il_Cus_Trieste-1-300x200.jpg 300w, https:\/\/www.radiopiu.net\/wordpress\/wp-content\/uploads\/2021\/09\/Test_contro_il_Cus_Trieste-1-768x512.jpg 768w, https:\/\/www.radiopiu.net\/wordpress\/wp-content\/uploads\/2021\/09\/Test_contro_il_Cus_Trieste-1.jpg 942w\" sizes=\"auto, (max-width: 183px) 100vw, 183px\" \/><\/a>BELLUNO<\/strong> La Da Rold Logistics Belluno torna sotto rete per confrontarsi con un avversario di categoria superiore: la Pallavolo Motta, neopromossa in A2.\u00a0 Oggi\u00a0 alle 17.30 \u00a0alla Spes Arena. Ancora a porte a chiuse: il pubblico potr\u00e0 tornare in tribuna solo nelle gare ufficiali<\/p>\n<\/div>\n<blockquote><p><em>&#8220;Affronteremo una compagine di valore &#8211; sono le parole del team manager, Alessio Bortoluzzi &#8211; e, di conseguenza, andremo maggiormente in difficolt\u00e0 rispetto al test precedente. Anche perch\u00e9 la palla viagger\u00e0 molto pi\u00f9 veloce. Ma \u00e8 quello che vogliamo in questa fase della preparazione. Al di l\u00e0 del risultato, il cui peso \u00e8 del tutto relativo, ci aspettiamo determinate conferme sotto il profilo della prestazione e dell\u2019atteggiamento&#8221;.\u00a0<\/em><\/p><\/blockquote>\n<div class=\"mkdf-post-text-inner\">\n<p>&nbsp;<\/p>\n<p>&nbsp;<\/p>\n<p>&nbsp;<\/p>\n<\/div>\n<\/div>\n<\/div>\n<\/div>\n<\/div>\n<\/div>\n<\/div>\n<\/div>\n<\/div>\n<\/div>\n<\/div>\n<\/div>\n<\/div>\n<\/div>\n<\/div>\n<\/div>\n<\/div>\n<\/div>\n<\/div>\n<\/div>\n<\/div>\n<\/div>\n<\/div>\n<\/div>\n<\/div>\n<\/div>\n<\/div>\n<\/div>\n<\/div>\n<\/div>\n<\/div>\n<\/div>\n<\/div>\n<\/div>\n<\/div>\n<\/div>\n<\/div>\n<\/div>\n<\/div>\n<\/div>\n<\/div>\n<\/div>\n<\/div>\n<\/div>\n<\/div>\n<\/div>\n<\/div>\n<\/div>\n<\/div>\n<\/div>\n<\/div>\n<\/div>\n<\/div>\n<\/div>\n<\/div>\n<\/div>\n<\/div>\n<\/div>\n<\/div>\n<\/div>\n<\/div>\n<\/div>\n<\/div>\n<\/div>\n","protected":false},"excerpt":{"rendered":"<p>INFORMAZIONE il canale su TELEGRAM informazione di prima mano e in tempo reale. iscriviti ed aiutaci a farlo conoscere foto copertina fanpage.it &nbsp; ultim&#8217;ora NELLA NOTTE SOCCORSO NON FACILE A CIMA PAPE CENCENIGHE.AGORDO \u00a0Notte impegnativa per i vigili del fuoco di Agordo in collaborazione con il Soccorso Alpino. Ieri sera alle 21\u00a0 l&#8217;allarme al 115&hellip;<\/p>\n","protected":false},"author":4,"featured_media":233692,"comment_status":"closed","ping_status":"open","sticky":false,"template":"","format":"standard","meta":{"_monsterinsights_skip_tracking":false,"_monsterinsights_sitenote_active":false,"_monsterinsights_sitenote_note":"","_monsterinsights_sitenote_category":0,"footnotes":""},"categories":[1,51,86,49],"tags":[],"class_list":["post-233525","post","type-post","status-publish","format-standard","has-post-thumbnail","hentry","category-senza-categoria","category-evidenza-top","category-gr","category-news-18","category-1","category-51","category-86","category-49","description-off"],"img_url":"https:\/\/www.radiopiu.net\/wordpress\/wp-content\/uploads\/2021\/09\/giacomo-sartori-e-auto-1-ok-768x384-1.webp","_links":{"self":[{"href":"https:\/\/www.radiopiu.net\/wordpress\/wp-json\/wp\/v2\/posts\/233525","targetHints":{"allow":["GET"]}}],"collection":[{"href":"https:\/\/www.radiopiu.net\/wordpress\/wp-json\/wp\/v2\/posts"}],"about":[{"href":"https:\/\/www.radiopiu.net\/wordpress\/wp-json\/wp\/v2\/types\/post"}],"author":[{"embeddable":true,"href":"https:\/\/www.radiopiu.net\/wordpress\/wp-json\/wp\/v2\/users\/4"}],"replies":[{"embeddable":true,"href":"https:\/\/www.radiopiu.net\/wordpress\/wp-json\/wp\/v2\/comments?post=233525"}],"version-history":[{"count":0,"href":"https:\/\/www.radiopiu.net\/wordpress\/wp-json\/wp\/v2\/posts\/233525\/revisions"}],"wp:featuredmedia":[{"embeddable":true,"href":"https:\/\/www.radiopiu.net\/wordpress\/wp-json\/wp\/v2\/media\/233692"}],"wp:attachment":[{"href":"https:\/\/www.radiopiu.net\/wordpress\/wp-json\/wp\/v2\/media?parent=233525"}],"wp:term":[{"taxonomy":"category","embeddable":true,"href":"https:\/\/www.radiopiu.net\/wordpress\/wp-json\/wp\/v2\/categories?post=233525"},{"taxonomy":"post_tag","embeddable":true,"href":"https:\/\/www.radiopiu.net\/wordpress\/wp-json\/wp\/v2\/tags?post=233525"}],"curies":[{"name":"wp","href":"https:\/\/api.w.org\/{rel}","templated":true}]}}