{"id":233614,"date":"2021-09-24T23:59:43","date_gmt":"2021-09-24T21:59:43","guid":{"rendered":"https:\/\/www.radiopiu.net\/wordpress\/?p=233614"},"modified":"2021-09-24T15:27:46","modified_gmt":"2021-09-24T13:27:46","slug":"i-piu-antichi-abitatori-di-limana-risalgono-alla-fine-del-neolitico","status":"publish","type":"post","link":"https:\/\/www.radiopiu.net\/wordpress\/i-piu-antichi-abitatori-di-limana-risalgono-alla-fine-del-neolitico\/","title":{"rendered":"I PIU ANTICHI ABITATORI DI LIMANA RISALGONO ALLA FINE DEL NEOLITICO"},"content":{"rendered":"<p><strong>di\u00a0 RENATO BONA<\/strong><\/p>\n<p>Con il contributo della Regione Veneto, la Biblioteca Civica ed il Comune di Limana hanno dato alle stampe nell\u2019aprile 1995 (Castaldi di Feltre) il pregevole libro \u201cAmbiente, storia e cultura di Limana\u201d con ottimi servizi di; Isidoro Barattin, Giuseppe Tormen, Adriano De Faveri, Carlo Mondini, Aldo Villabruna, Luisa Alpago Novello, Corrado Ghezzo, Mauro Vedana, Paolo Viel, Tiziana Conte, Raffaele Maria Tormen, Claudio Sala, Giuliana Saretta, Angela Fattore. La presentazione era stata curata dall\u2019allora sindaco Renato De Fanti, il quale aveva concluso cos\u00ec: \u201cRecuperare fedelmente e portare alla conoscenza di tutti la storia, aiuta a definire nel vero il passato antropico del paese e le sue vicende per trarne gli opportuni confronti ed ammaestramenti per il futuro e stimolare nel meglio la felice integrazione, quale base certa, per proseguire insieme nel cammino del progresso civile, sociale ed economico\u201d. Ci occupiamo oggi del capitolo, del quale sono stati autori Carlo Mondini e Aldo Villabruna, intitolato: \u201cI pi\u00f9 antichi abitatori del territorio limanese\u201d e scopriamo che \u201cAllo stato attuale delle ricerche e delle conoscenze, le prime tracce della presenza dell\u2019uomo nel territorio di Limana devono farsi risalire alla fine del periodo Neolitico quando circa 5.000 anni fa, gruppi di genti preistoriche iniziarono a colonizzare la Val Belluna insediandosi probabilmente in modo stabile in diverse localit\u00e0 della provincia\u201d. In proposito i due esperti sostengono che una probabile direttrice di penetrazione seguita da agricoltori-allevatori provenienti dall\u2019area collinare prealpina e dalla zona trevigiana, verso la fine del IV millennio a. C., \u00e8 documentata da una serie di siti coevi rinvenuti non lontano dal territorio limanese, che si sviluppano lungo una linea che attraverso Passo Praderadego, Costa del Vento, Val Maor, Carve si svilge in direzione della Val Belluna interessando ed estendendosi verso zone come Samprogno, Farra e Trichiana. Quanto alla possibilit\u00e0 che le prime comunit\u00e0 di agricoltori preistorici abbiano sfruttato anche i passi naturali lungo lo spartiacque della catena prealpina limanese, colonizzando via via i terrazzamenti di lato ai valloni che degradano verso la Val Belluna, \u201cil ritrovamento di manufatti litici (Gruppo archeologico del Cenedese) nei dintorni di Pian de le Femene, localit\u00e0 situata sul crinale prealpino, facilmente raggiungibile dal versante trevigiano ed in posizione panoramica al di sopra dei laghi di Revine, dove \u00e8 stato scoperto un importante insediamento Neolitico, lascerebbe presupporre come fondata tale ipotesi\u201d. Come che sia, la frequentazione dei crinali e dei passi prealpini \u00e8 confermata anche dal ritrovamento (C. Mondini) di un bel nucleo di selce bionda nei pressi di Pian de le Femene vicinanze della selletta da cui si origina la Val Negra; alcuni manufatti litici sono stati poi rinvenuti (C. Mondini, A. Villabruna) in superficie in un piccolo campo arato al di sopra del torrente Limana, nei pressi di Col Castelir di Cross, un ritrovamento poco consistente ma che \u201cassume importanza per la sua posizione geografica intermedia tra la zona di Pian de le Femene e quella del pi\u00f9 evidente insediamento Tardoneolitico di fondovalle situato a Triches di Limana\u201d. E infatti dai dintorni di quest\u2019ultima localit\u00e0 provengono numerosi manufatti attribuibili all\u2019ultima fase del periodo Neolitico: strumenti in selce quali lame e lamelle, grattatoi, bulini, punteruoli, schegge, nuclei, ma soprattutto alcune punte di freccia le cui caratteristiche tipologiche si inquadrano in questo momento culturale; significativa a tale proposito la presenza di una cuspide tranciante trasversale e di punte peduncolate, mentre rari e insignificanti, per le loro minute dimensioni, sono i frammenti di ceramica vascolare. Viene sottolineato che \u201cUna comunit\u00e0 preistorica che fondava la propria economia sull\u2019agricoltura e sull\u2019allevamento, e come testimoniano le varie punte di freccia, anche sulla caccia, aveva posto il proprio insediamento, probabilmente composto da poche capanne, lungo una fascia piana ai piedi di una collinetta che si affaccia panoramicamente sulla val Belluna, a pochissima distanza dall\u2019attuale centro di Triches\u201d. Ancora Mondini-Villabruna per ricordare che: \u201cRicorre sovente di localizzare siti Neo-eneolitici e dell\u2019et\u00e0 del Bronzo nei pressi degli attuali paesi, tanto da ipotizzare per questi un\u2019origine di carattere preistorico (Triches, Trichiana, Farra di Mel, Cugnan, Losego, Carve, Tremea, Sant\u2019Antonio di Tortal, Lastreghe, Polpet, nei pressi dei quali sono state rinvenute tracce di questi periodi storici). Di recente, in occasione degli scavi per la costruzione di nuovi capannoni industriali nelle vicinanze di Cesa di Limana, si sono rinvenute tracce di frequentazione umana preistorica, si sono identificati lembi di livelli antropizzati, cio\u00e8 gli antichi suoli su cui hanno vissuto genti preistoriche\u2026Il luogo doveva essere paludoso\u2026 e i pochi reperti raccolti non permettono di inquadrare cronologicamente e culturalmente il sito di Cesa di Limana, ma considerando che sulla riva direttamente opposta del Piave, in localit\u00e0 Le Sort (Salce) si \u00e8 scoperto un insediamento della fase finale del Neolitico, \u00e8 da presupporre che si tratti del medesimo episodio di frequentazione da parte di analoghe comunit\u00e0 e che i due siti di Cesa di Limana e Salce siano da mettere in correlazione culturale\u201d. Viene quindi specificato che \u201cPi\u00f9 probabile risulta il parallelismo culturale con il recentissimo ritrovamento effettuato nella vicina Farra di Mel, dove in occasione di scavi per la posa di tubazioni \u00e8 venuta alla luce una struttura abitativa, forse un capannone, attribuibile al tardo Neolitico-Eneolitico (circa 5.000-3.800 anni fa). Per concludere: sebbene siano ancora labili e confuse le tracce dell\u2019uomo del periodo Neolitico all\u2019interno del territorio di Limana, ne riscontriamo comunque la presenza su tutta la fascia che dal crinale prealpino scende fino al Piave, ci si augura che prossime e pi\u00f9 approfondite ricerche archeologiche possano determinare in modo preciso i primi momenti di colonizzazione Neolitica del territorio\u201d. Altro discorso quello sull\u2019Et\u00e0 del bronzo, periodo 3.800-3.000 anni che \u201csembra essere ben rappresentato nel Limanese da un insediamento scoperto di recente e ancora da scavare e studiare\u201d, sul colle di San Pietro in Tuba, in posizione fortemente panoramica e strategica sulla valle di Tassei e sulla Val Belluna, verso la fine dell\u2019et\u00e0 del Bronzo (Bronzo recente e finale e prima et\u00e0 del Ferro XIII-IX secolo a.C.) una delle prime comunit\u00e0 preistoriche edific\u00f2 il proprio villaggio probabilmente fortificato sull\u2019altura del colle. E sono proprio caratteristiche del periodo le strutture fortificate sulla sommit\u00e0 dei colli che prendono il nome di \u201cCastellieri\u201d (Noal di Sedico, Castel de Pedena, di Suppiane (Roncoi), di Lasen ed altri).<\/p>\n\n\t\t\t<style type='text\/css'>\n\t\t\t\t#gallery-1 {\n\t\t\t\t\tmargin: auto;\n\t\t\t\t}\n\t\t\t\t#gallery-1 .gallery-item {\n\t\t\t\t\tfloat: left;\n\t\t\t\t\tmargin-top: 10px;\n\t\t\t\t\ttext-align: center;\n\t\t\t\t\twidth: 14%;\n\t\t\t\t}\n\t\t\t\t#gallery-1 img {\n\t\t\t\t\tborder: 2px solid #cfcfcf;\n\t\t\t\t}\n\t\t\t\t#gallery-1 .gallery-caption {\n\t\t\t\t\tmargin-left: 0;\n\t\t\t\t}\n\t\t\t\t\/* see gallery_shortcode() in wp-includes\/media.php *\/\n\t\t\t<\/style>\n\t\t<div id='gallery-1' class='dt-gallery-container gallery galleryid-233614 gallery-columns-7 gallery-size-thumbnail'><dl class='gallery-item'>\n\t\t\t\t<dt class='gallery-icon landscape'>\n\t\t\t\t\t<a class=\"rollover\" href='https:\/\/www.radiopiu.net\/wordpress\/i-piu-antichi-abitatori-di-limana-risalgono-alla-fine-del-neolitico\/242823213_440719417375502_6075748579447444351_n\/'><img loading=\"lazy\" decoding=\"async\" width=\"150\" height=\"150\" src=\"https:\/\/www.radiopiu.net\/wordpress\/wp-content\/uploads\/2021\/09\/242823213_440719417375502_6075748579447444351_n-150x150.jpg\" class=\"attachment-thumbnail size-thumbnail\" alt=\"\" \/><\/a>\n\t\t\t\t<\/dt><\/dl><dl class='gallery-item'>\n\t\t\t\t<dt class='gallery-icon portrait'>\n\t\t\t\t\t<a class=\"rollover\" href='https:\/\/www.radiopiu.net\/wordpress\/i-piu-antichi-abitatori-di-limana-risalgono-alla-fine-del-neolitico\/242879317_154368563481999_6422148711567950794_n\/'><img loading=\"lazy\" decoding=\"async\" width=\"150\" height=\"150\" src=\"https:\/\/www.radiopiu.net\/wordpress\/wp-content\/uploads\/2021\/09\/242879317_154368563481999_6422148711567950794_n-150x150.jpg\" class=\"attachment-thumbnail size-thumbnail\" alt=\"\" \/><\/a>\n\t\t\t\t<\/dt><\/dl><dl class='gallery-item'>\n\t\t\t\t<dt class='gallery-icon landscape'>\n\t\t\t\t\t<a class=\"rollover\" href='https:\/\/www.radiopiu.net\/wordpress\/i-piu-antichi-abitatori-di-limana-risalgono-alla-fine-del-neolitico\/242844248_248735313925503_4609058265019435552_n\/'><img loading=\"lazy\" decoding=\"async\" width=\"150\" height=\"150\" src=\"https:\/\/www.radiopiu.net\/wordpress\/wp-content\/uploads\/2021\/09\/242844248_248735313925503_4609058265019435552_n-150x150.jpg\" class=\"attachment-thumbnail size-thumbnail\" alt=\"\" \/><\/a>\n\t\t\t\t<\/dt><\/dl><dl class='gallery-item'>\n\t\t\t\t<dt class='gallery-icon landscape'>\n\t\t\t\t\t<a class=\"rollover\" href='https:\/\/www.radiopiu.net\/wordpress\/i-piu-antichi-abitatori-di-limana-risalgono-alla-fine-del-neolitico\/242836384_606278763720737_6154607788847019394_n\/'><img loading=\"lazy\" decoding=\"async\" width=\"150\" height=\"150\" src=\"https:\/\/www.radiopiu.net\/wordpress\/wp-content\/uploads\/2021\/09\/242836384_606278763720737_6154607788847019394_n-150x150.jpg\" class=\"attachment-thumbnail size-thumbnail\" alt=\"\" \/><\/a>\n\t\t\t\t<\/dt><\/dl><dl class='gallery-item'>\n\t\t\t\t<dt class='gallery-icon landscape'>\n\t\t\t\t\t<a class=\"rollover\" href='https:\/\/www.radiopiu.net\/wordpress\/i-piu-antichi-abitatori-di-limana-risalgono-alla-fine-del-neolitico\/243050301_1334155957000851_2417219611410176607_n\/'><img loading=\"lazy\" decoding=\"async\" width=\"150\" height=\"150\" src=\"https:\/\/www.radiopiu.net\/wordpress\/wp-content\/uploads\/2021\/09\/243050301_1334155957000851_2417219611410176607_n-150x150.jpg\" class=\"attachment-thumbnail size-thumbnail\" alt=\"\" \/><\/a>\n\t\t\t\t<\/dt><\/dl><dl class='gallery-item'>\n\t\t\t\t<dt class='gallery-icon landscape'>\n\t\t\t\t\t<a class=\"rollover\" href='https:\/\/www.radiopiu.net\/wordpress\/i-piu-antichi-abitatori-di-limana-risalgono-alla-fine-del-neolitico\/242905943_1159183094490581_8915738252829523422_n\/'><img loading=\"lazy\" decoding=\"async\" width=\"150\" height=\"150\" src=\"https:\/\/www.radiopiu.net\/wordpress\/wp-content\/uploads\/2021\/09\/242905943_1159183094490581_8915738252829523422_n-150x150.jpg\" class=\"attachment-thumbnail size-thumbnail\" alt=\"\" \/><\/a>\n\t\t\t\t<\/dt><\/dl><dl class='gallery-item'>\n\t\t\t\t<dt class='gallery-icon landscape'>\n\t\t\t\t\t<a class=\"rollover\" href='https:\/\/www.radiopiu.net\/wordpress\/i-piu-antichi-abitatori-di-limana-risalgono-alla-fine-del-neolitico\/242903882_276326104308950_3015316161043480601_n\/'><img loading=\"lazy\" decoding=\"async\" width=\"150\" height=\"150\" src=\"https:\/\/www.radiopiu.net\/wordpress\/wp-content\/uploads\/2021\/09\/242903882_276326104308950_3015316161043480601_n-150x150.jpg\" class=\"attachment-thumbnail size-thumbnail\" alt=\"\" \/><\/a>\n\t\t\t\t<\/dt><\/dl><br style=\"clear: both\" \/><dl class='gallery-item'>\n\t\t\t\t<dt class='gallery-icon landscape'>\n\t\t\t\t\t<a class=\"rollover\" href='https:\/\/www.radiopiu.net\/wordpress\/i-piu-antichi-abitatori-di-limana-risalgono-alla-fine-del-neolitico\/242956808_956973821549190_8297756207088998385_n\/'><img loading=\"lazy\" decoding=\"async\" width=\"150\" height=\"150\" src=\"https:\/\/www.radiopiu.net\/wordpress\/wp-content\/uploads\/2021\/09\/242956808_956973821549190_8297756207088998385_n-150x150.jpg\" class=\"attachment-thumbnail size-thumbnail\" alt=\"\" \/><\/a>\n\t\t\t\t<\/dt><\/dl><dl class='gallery-item'>\n\t\t\t\t<dt class='gallery-icon landscape'>\n\t\t\t\t\t<a class=\"rollover\" href='https:\/\/www.radiopiu.net\/wordpress\/i-piu-antichi-abitatori-di-limana-risalgono-alla-fine-del-neolitico\/243106192_402635861472955_823595938060630766_n\/'><img loading=\"lazy\" decoding=\"async\" width=\"150\" height=\"150\" src=\"https:\/\/www.radiopiu.net\/wordpress\/wp-content\/uploads\/2021\/09\/243106192_402635861472955_823595938060630766_n-150x150.jpg\" class=\"attachment-thumbnail size-thumbnail\" alt=\"\" \/><\/a>\n\t\t\t\t<\/dt><\/dl><dl class='gallery-item'>\n\t\t\t\t<dt class='gallery-icon portrait'>\n\t\t\t\t\t<a class=\"rollover\" href='https:\/\/www.radiopiu.net\/wordpress\/i-piu-antichi-abitatori-di-limana-risalgono-alla-fine-del-neolitico\/242848807_2920663994851539_7264061586042652730_n\/'><img loading=\"lazy\" decoding=\"async\" width=\"149\" height=\"150\" src=\"https:\/\/www.radiopiu.net\/wordpress\/wp-content\/uploads\/2021\/09\/242848807_2920663994851539_7264061586042652730_n-149x150.jpg\" class=\"attachment-thumbnail size-thumbnail\" alt=\"\" \/><\/a>\n\t\t\t\t<\/dt><\/dl><dl class='gallery-item'>\n\t\t\t\t<dt class='gallery-icon landscape'>\n\t\t\t\t\t<a class=\"rollover\" href='https:\/\/www.radiopiu.net\/wordpress\/i-piu-antichi-abitatori-di-limana-risalgono-alla-fine-del-neolitico\/242881012_989056645160913_306774310050869778_n\/'><img loading=\"lazy\" decoding=\"async\" width=\"150\" height=\"150\" src=\"https:\/\/www.radiopiu.net\/wordpress\/wp-content\/uploads\/2021\/09\/242881012_989056645160913_306774310050869778_n-150x150.jpg\" class=\"attachment-thumbnail size-thumbnail\" alt=\"\" \/><\/a>\n\t\t\t\t<\/dt><\/dl><dl class='gallery-item'>\n\t\t\t\t<dt class='gallery-icon landscape'>\n\t\t\t\t\t<a class=\"rollover\" href='https:\/\/www.radiopiu.net\/wordpress\/i-piu-antichi-abitatori-di-limana-risalgono-alla-fine-del-neolitico\/242820172_556485192280234_1336872178729624135_n\/'><img loading=\"lazy\" decoding=\"async\" width=\"150\" height=\"150\" src=\"https:\/\/www.radiopiu.net\/wordpress\/wp-content\/uploads\/2021\/09\/242820172_556485192280234_1336872178729624135_n-150x150.jpg\" class=\"attachment-thumbnail size-thumbnail\" alt=\"\" \/><\/a>\n\t\t\t\t<\/dt><\/dl><dl class='gallery-item'>\n\t\t\t\t<dt class='gallery-icon landscape'>\n\t\t\t\t\t<a class=\"rollover\" href='https:\/\/www.radiopiu.net\/wordpress\/i-piu-antichi-abitatori-di-limana-risalgono-alla-fine-del-neolitico\/242691720_3005479219717827_1409072854666113411_n\/'><img loading=\"lazy\" decoding=\"async\" width=\"150\" height=\"150\" src=\"https:\/\/www.radiopiu.net\/wordpress\/wp-content\/uploads\/2021\/09\/242691720_3005479219717827_1409072854666113411_n-150x150.jpg\" class=\"attachment-thumbnail size-thumbnail\" alt=\"\" \/><\/a>\n\t\t\t\t<\/dt><\/dl><dl class='gallery-item'>\n\t\t\t\t<dt class='gallery-icon landscape'>\n\t\t\t\t\t<a class=\"rollover\" href='https:\/\/www.radiopiu.net\/wordpress\/i-piu-antichi-abitatori-di-limana-risalgono-alla-fine-del-neolitico\/243083016_397578355269644_2848683290194290421_n\/'><img loading=\"lazy\" decoding=\"async\" width=\"150\" height=\"150\" src=\"https:\/\/www.radiopiu.net\/wordpress\/wp-content\/uploads\/2021\/09\/243083016_397578355269644_2848683290194290421_n-150x150.jpg\" class=\"attachment-thumbnail size-thumbnail\" alt=\"\" \/><\/a>\n\t\t\t\t<\/dt><\/dl><br style=\"clear: both\" \/>\n\t\t\t<\/div>\n\n<p>NELLE FOTO (riproduzioni dal libro \u201cAmbiente, storia e cultura di Limana\u201d): il probabile percorso seguito dai primi colonizzatori Neolitici che si insediarono alla fine del IV millennio a.C. nella Val Belluna provenienti dal Trevigiano; tecnica della lavorazione della selce; nucleo di selce gi\u00e0 sfruttato, rinvenuto nei pressi di Pian de le Femene; l\u2019area del sito Neolitico di Triches di Limana; punte di freccia in selce da Triches; punte di freccia a tranciante trasversale usate alle fine del Neolitico; ipotetica scena di vita quotidiana in un villaggio Neolitico come poteva essere quello limanese di Triches; ricostruzione di ambiente Neolitico; e quella di una scena di mietitura con falcetto litico; tipologia della ceramica vascolare in uso nell\u2019et\u00e0 del bronzo-Ferro; frammenti di ceramica vascolare da San Pietro in Tuba; frammento di vaso biconico con decorazione a solcature; punte di freccia in selce; ciottolo inciso, forse usato come peso da telaio, sempre da San Pietro in Tuba.<\/p>\n","protected":false},"excerpt":{"rendered":"<p>di\u00a0 RENATO BONA Con il contributo della Regione Veneto, la Biblioteca Civica ed il Comune di Limana hanno dato alle stampe nell\u2019aprile 1995 (Castaldi di Feltre) il pregevole libro \u201cAmbiente, storia e cultura di Limana\u201d con ottimi servizi di; Isidoro Barattin, Giuseppe Tormen, Adriano De Faveri, Carlo Mondini, Aldo Villabruna, Luisa Alpago Novello, Corrado Ghezzo,&hellip;<\/p>\n","protected":false},"author":4,"featured_media":233621,"comment_status":"closed","ping_status":"open","sticky":false,"template":"","format":"standard","meta":{"_monsterinsights_skip_tracking":false,"_monsterinsights_sitenote_active":false,"_monsterinsights_sitenote_note":"","_monsterinsights_sitenote_category":0,"footnotes":""},"categories":[104,49],"tags":[],"class_list":["post-233614","post","type-post","status-publish","format-standard","has-post-thumbnail","hentry","category-evidenza_3","category-news-18","category-104","category-49","description-off"],"img_url":"https:\/\/www.radiopiu.net\/wordpress\/wp-content\/uploads\/2021\/09\/242903882_276326104308950_3015316161043480601_n.jpg","_links":{"self":[{"href":"https:\/\/www.radiopiu.net\/wordpress\/wp-json\/wp\/v2\/posts\/233614","targetHints":{"allow":["GET"]}}],"collection":[{"href":"https:\/\/www.radiopiu.net\/wordpress\/wp-json\/wp\/v2\/posts"}],"about":[{"href":"https:\/\/www.radiopiu.net\/wordpress\/wp-json\/wp\/v2\/types\/post"}],"author":[{"embeddable":true,"href":"https:\/\/www.radiopiu.net\/wordpress\/wp-json\/wp\/v2\/users\/4"}],"replies":[{"embeddable":true,"href":"https:\/\/www.radiopiu.net\/wordpress\/wp-json\/wp\/v2\/comments?post=233614"}],"version-history":[{"count":0,"href":"https:\/\/www.radiopiu.net\/wordpress\/wp-json\/wp\/v2\/posts\/233614\/revisions"}],"wp:featuredmedia":[{"embeddable":true,"href":"https:\/\/www.radiopiu.net\/wordpress\/wp-json\/wp\/v2\/media\/233621"}],"wp:attachment":[{"href":"https:\/\/www.radiopiu.net\/wordpress\/wp-json\/wp\/v2\/media?parent=233614"}],"wp:term":[{"taxonomy":"category","embeddable":true,"href":"https:\/\/www.radiopiu.net\/wordpress\/wp-json\/wp\/v2\/categories?post=233614"},{"taxonomy":"post_tag","embeddable":true,"href":"https:\/\/www.radiopiu.net\/wordpress\/wp-json\/wp\/v2\/tags?post=233614"}],"curies":[{"name":"wp","href":"https:\/\/api.w.org\/{rel}","templated":true}]}}