{"id":233716,"date":"2021-09-25T12:07:47","date_gmt":"2021-09-25T10:07:47","guid":{"rendered":"https:\/\/www.radiopiu.net\/wordpress\/?p=233716"},"modified":"2021-09-25T12:07:47","modified_gmt":"2021-09-25T10:07:47","slug":"sbaglia-sentiero-intervento-del-soccorso-alpino-di-agordo-nella-notte","status":"publish","type":"post","link":"https:\/\/www.radiopiu.net\/wordpress\/sbaglia-sentiero-intervento-del-soccorso-alpino-di-agordo-nella-notte\/","title":{"rendered":"SBAGLIA SENTIERO: INTERVENTO DEL SOCCORSO ALPINO DI AGORDO NELLA NOTTE"},"content":{"rendered":"<p><strong><img loading=\"lazy\" decoding=\"async\" class=\"alignleft\" src=\"https:\/\/www.radiopiu.net\/wordpress\/wp-content\/uploads\/2020\/11\/salt_20201115_210146_846.jpg\" width=\"296\" height=\"222\" \/>CENCENIGHE_AGORDO<\/strong>\u00a0 Ieri sera il Soccorso alpino di Agordo \u00e8 stato allertato a seguito della chiamata di un ragazzo, che si trovava da due giorni in gruppo al Bivacco Bedin, poich\u00e9 un&#8217;amica che doveva raggiungerli era in difficolt\u00e0. Dalle prime informazioni, difficili da reperire a causa della scarsa copertura telefonica, la ragazza, aveva raggiunto Pradimezzo alle 12 e aveva iniziato a salire mandando delle foto, perch\u00e9 non si ritrovava lungo il percorso e non riusciva ad arrivate a Malga Ambrosogn, da dove prosegue il sentiero per il Bivacco Bedin. Dalle immagini, l&#8217;ultima spedita nel tardo pomeriggio, i soccorritori hanno capito per\u00f2 che era da tutt&#8217;altra parte. Finch\u00e9, a conferma, la ventiquattrenne di Montebelluna (TV) \u00e8 stata in grado di mandare la posizione tramite Whatsapp. L&#8217;escursionista aveva sbagliato fin dalla partenza, nella zona di Torcol, l&#8217;itinerario, salendo a Rudelfin basso, sotto il Monte Pape. Quattro soccorritori si sono portati a Bogo, per poi proseguire in jeep fino a Cioit e da l\u00ec partire a piedi. Dopo una cinquantina di minuti, a Rudelfin basso, non appena hanno scollinato la ragazza ha iniziato a rispondere ai richiami e a fare segnali con la luce del telefonino. Era uscita dalla traccia, dopo aver vagato, e si trovava tra la vegetazione, riparata sotto un albero con il saccoapelo, a 1.800 metri di quota. In dieci minuti la squadra era da lei. I soccorritori la hanno riportata sul sentiero e riaccompagnata a valle, dove, a venti minuti dalla jeep, due Vigili del fuoco\u00a0sono andati loro incontro. L&#8217;intervento si \u00e8 concluso alle 2.<\/p>\n<blockquote>\n<h3 dir=\"auto\">Ricordiamo che il Bivacco Bedin, come tutti gli altri bivacchi, \u00e8 un presidio di emergenza, non un rifugio d&#8217;alta quota in cui si pu\u00f2 pernottare per pi\u00f9 giorni.<\/h3>\n<\/blockquote>\n<div dir=\"auto\"><\/div>\n","protected":false},"excerpt":{"rendered":"<p>CENCENIGHE_AGORDO\u00a0 Ieri sera il Soccorso alpino di Agordo \u00e8 stato allertato a seguito della chiamata di un ragazzo, che si trovava da due giorni in gruppo al Bivacco Bedin, poich\u00e9 un&#8217;amica che doveva raggiungerli era in difficolt\u00e0. Dalle prime informazioni, difficili da reperire a causa della scarsa copertura telefonica, la ragazza, aveva raggiunto Pradimezzo alle&hellip;<\/p>\n","protected":false},"author":4,"featured_media":173023,"comment_status":"closed","ping_status":"open","sticky":false,"template":"","format":"standard","meta":{"_monsterinsights_skip_tracking":false,"_monsterinsights_sitenote_active":false,"_monsterinsights_sitenote_note":"","_monsterinsights_sitenote_category":0,"footnotes":""},"categories":[51,49],"tags":[],"class_list":["post-233716","post","type-post","status-publish","format-standard","has-post-thumbnail","hentry","category-evidenza-top","category-news-18","category-51","category-49","description-off"],"img_url":"https:\/\/www.radiopiu.net\/wordpress\/wp-content\/uploads\/2020\/11\/salt_20201115_210146_846.jpg","_links":{"self":[{"href":"https:\/\/www.radiopiu.net\/wordpress\/wp-json\/wp\/v2\/posts\/233716","targetHints":{"allow":["GET"]}}],"collection":[{"href":"https:\/\/www.radiopiu.net\/wordpress\/wp-json\/wp\/v2\/posts"}],"about":[{"href":"https:\/\/www.radiopiu.net\/wordpress\/wp-json\/wp\/v2\/types\/post"}],"author":[{"embeddable":true,"href":"https:\/\/www.radiopiu.net\/wordpress\/wp-json\/wp\/v2\/users\/4"}],"replies":[{"embeddable":true,"href":"https:\/\/www.radiopiu.net\/wordpress\/wp-json\/wp\/v2\/comments?post=233716"}],"version-history":[{"count":0,"href":"https:\/\/www.radiopiu.net\/wordpress\/wp-json\/wp\/v2\/posts\/233716\/revisions"}],"wp:featuredmedia":[{"embeddable":true,"href":"https:\/\/www.radiopiu.net\/wordpress\/wp-json\/wp\/v2\/media\/173023"}],"wp:attachment":[{"href":"https:\/\/www.radiopiu.net\/wordpress\/wp-json\/wp\/v2\/media?parent=233716"}],"wp:term":[{"taxonomy":"category","embeddable":true,"href":"https:\/\/www.radiopiu.net\/wordpress\/wp-json\/wp\/v2\/categories?post=233716"},{"taxonomy":"post_tag","embeddable":true,"href":"https:\/\/www.radiopiu.net\/wordpress\/wp-json\/wp\/v2\/tags?post=233716"}],"curies":[{"name":"wp","href":"https:\/\/api.w.org\/{rel}","templated":true}]}}