{"id":233723,"date":"2021-09-25T12:43:14","date_gmt":"2021-09-25T10:43:14","guid":{"rendered":"https:\/\/www.radiopiu.net\/wordpress\/?p=233723"},"modified":"2021-09-26T09:09:22","modified_gmt":"2021-09-26T07:09:22","slug":"lagordina-karin-schena","status":"publish","type":"post","link":"https:\/\/www.radiopiu.net\/wordpress\/lagordina-karin-schena\/","title":{"rendered":"L&#8217;AGORDINA KARIN SCHENA SUL CORRIERE DELLA SERA &#8221; LA MALATTIA E&#8217; UNA FASE IL FUTURO VI SORPRENDERA'&#8221;"},"content":{"rendered":"<p>Karin \u00e8 agordina e da sempre legata al suo territorio. Gi\u00e0 ospite di Radio Pi\u00f9 racconta oggi la sua storia a Caterina Ruggi d&#8217;Aragona sul Corriere della Sera inserto salute<\/p>\n<p>&nbsp;<\/p>\n<p>&nbsp;<\/p>\n<p>&nbsp;<\/p>\n<p><a href=\"https:\/\/www.radiopiu.net\/wordpress\/lagordina-karin-schena-sul-corriere-della-sera-la-malattia-e-una-fase-il-futuro-di-sorprendera\/73042c11-0fd6-4d5a-9a5d-ee3a5dd8d3dc\/\" rel=\"attachment wp-att-233724\"><img loading=\"lazy\" decoding=\"async\" class=\"alignnone wp-image-233724 size-large\" src=\"https:\/\/www.radiopiu.net\/wordpress\/wp-content\/uploads\/2021\/09\/73042c11-0fd6-4d5a-9a5d-ee3a5dd8d3dc-e1632566473899-1024x768.jpg\" alt=\"\" width=\"1024\" height=\"768\" srcset=\"https:\/\/www.radiopiu.net\/wordpress\/wp-content\/uploads\/2021\/09\/73042c11-0fd6-4d5a-9a5d-ee3a5dd8d3dc-e1632566473899-1024x768.jpg 1024w, https:\/\/www.radiopiu.net\/wordpress\/wp-content\/uploads\/2021\/09\/73042c11-0fd6-4d5a-9a5d-ee3a5dd8d3dc-e1632566473899-300x225.jpg 300w, https:\/\/www.radiopiu.net\/wordpress\/wp-content\/uploads\/2021\/09\/73042c11-0fd6-4d5a-9a5d-ee3a5dd8d3dc-e1632566473899-768x576.jpg 768w, https:\/\/www.radiopiu.net\/wordpress\/wp-content\/uploads\/2021\/09\/73042c11-0fd6-4d5a-9a5d-ee3a5dd8d3dc-e1632566473899-1536x1152.jpg 1536w, https:\/\/www.radiopiu.net\/wordpress\/wp-content\/uploads\/2021\/09\/73042c11-0fd6-4d5a-9a5d-ee3a5dd8d3dc-e1632566473899.jpg 2048w\" sizes=\"auto, (max-width: 1024px) 100vw, 1024px\" \/><\/a><\/p>\n","protected":false},"excerpt":{"rendered":"<p>Karin \u00e8 agordina e da sempre legata al suo territorio. Gi\u00e0 ospite di Radio Pi\u00f9 racconta oggi la sua storia a Caterina Ruggi d&#8217;Aragona sul Corriere della Sera inserto salute &nbsp; &nbsp; &nbsp;<\/p>\n","protected":false},"author":4,"featured_media":233724,"comment_status":"closed","ping_status":"open","sticky":false,"template":"","format":"standard","meta":{"_monsterinsights_skip_tracking":false,"_monsterinsights_sitenote_active":false,"_monsterinsights_sitenote_note":"","_monsterinsights_sitenote_category":0,"footnotes":""},"categories":[51,49],"tags":[],"class_list":["post-233723","post","type-post","status-publish","format-standard","has-post-thumbnail","hentry","category-evidenza-top","category-news-18","category-51","category-49","description-off"],"img_url":"https:\/\/www.radiopiu.net\/wordpress\/wp-content\/uploads\/2021\/09\/73042c11-0fd6-4d5a-9a5d-ee3a5dd8d3dc-e1632566473899.jpg","_links":{"self":[{"href":"https:\/\/www.radiopiu.net\/wordpress\/wp-json\/wp\/v2\/posts\/233723","targetHints":{"allow":["GET"]}}],"collection":[{"href":"https:\/\/www.radiopiu.net\/wordpress\/wp-json\/wp\/v2\/posts"}],"about":[{"href":"https:\/\/www.radiopiu.net\/wordpress\/wp-json\/wp\/v2\/types\/post"}],"author":[{"embeddable":true,"href":"https:\/\/www.radiopiu.net\/wordpress\/wp-json\/wp\/v2\/users\/4"}],"replies":[{"embeddable":true,"href":"https:\/\/www.radiopiu.net\/wordpress\/wp-json\/wp\/v2\/comments?post=233723"}],"version-history":[{"count":0,"href":"https:\/\/www.radiopiu.net\/wordpress\/wp-json\/wp\/v2\/posts\/233723\/revisions"}],"wp:featuredmedia":[{"embeddable":true,"href":"https:\/\/www.radiopiu.net\/wordpress\/wp-json\/wp\/v2\/media\/233724"}],"wp:attachment":[{"href":"https:\/\/www.radiopiu.net\/wordpress\/wp-json\/wp\/v2\/media?parent=233723"}],"wp:term":[{"taxonomy":"category","embeddable":true,"href":"https:\/\/www.radiopiu.net\/wordpress\/wp-json\/wp\/v2\/categories?post=233723"},{"taxonomy":"post_tag","embeddable":true,"href":"https:\/\/www.radiopiu.net\/wordpress\/wp-json\/wp\/v2\/tags?post=233723"}],"curies":[{"name":"wp","href":"https:\/\/api.w.org\/{rel}","templated":true}]}}