{"id":233733,"date":"2021-09-25T16:00:11","date_gmt":"2021-09-25T14:00:11","guid":{"rendered":"https:\/\/www.radiopiu.net\/wordpress\/?p=233733"},"modified":"2021-09-26T09:05:18","modified_gmt":"2021-09-26T07:05:18","slug":"vaccinazioni-anti-covid-in-provincia-di-belluno-vaccinati-l802-dei-residenti","status":"publish","type":"post","link":"https:\/\/www.radiopiu.net\/wordpress\/vaccinazioni-anti-covid-in-provincia-di-belluno-vaccinati-l802-dei-residenti\/","title":{"rendered":"VACCINAZIONI ANTI COVID: IN PROVINCIA DI BELLUNO VACCINATI L&#8217;80,2% DEI RESIDENTI"},"content":{"rendered":"<p><strong>BELLUNO <\/strong>A questa mattina, oltre l\u201980,2% dei residenti in provincia di Belluno con pi\u00f9 di 12 anni ha ricevuto almeno una dose di vaccino anti covid. Ad oggi, le dosi somministrate in Ulss Dolomiti sono oltre 275.300 mila. <strong>l\u201980,2<\/strong><strong>%<\/strong> ( pari a 146.322 persone ) della popolazione vaccinabile in Ulss Dolomiti, ha eseguito almeno una dose di vaccino anti covid. Il <strong>76,6% <\/strong>della popolazione ha ricevuto il ciclo completo di vaccinazione. Risultano vaccinati con almeno una dose: il 63,4 % dei 12- 19 enni, il 73,7% dei 20-29enni, il 69,0 % dei 30-39enni, il 71,9% dei 40-49enni, l\u201980,8% dei 50-59enni, l\u201986,3% dei 60-69enni, il 92,1% dei 70-79enni, circa il 100% degli over 80. Risultano da vaccinare ancora circa 36 mila Bellunesi. La fascia d\u2019et\u00e0 con pi\u00f9 persone ancora da vaccinare \u00e8 quella dei 40-49 con oltre 7.700 persone da vaccinare, a seguire i 6.370 da vaccinare tra i 50-59enni e i 6.150 da vaccinare tra 30-39enni. Hanno dimostrato grande responsabilit\u00e0 i 20-29enni che hanno aderito alla vaccinazione in modo rapido. Si ricorda che \u00e8 sempre possibile vaccinarsi nelle sedute territoriali o nei punti vaccinali con accesso libero oppure si pu\u00f2 prenotare il proprio turno nel portale www.aulss1.veneto.it Si precisa che la Certificazione verde COVID-19 per vaccinazione (prima dose) viene generata automaticamente dalla Piattaforma nazionale-DGC dopo 12 giorni dalla somministrazione ed \u00e8 valida dal 15\u00b0 giorno dal vaccino fino alla data della seconda dose. La Certificazione dopo la seconda dose verr\u00e0 rilasciata entro 24\/48 ore dalla seconda somministrazione e sar\u00e0 valida per 12 mesi. Quindi, che necessita della certificazione verde dal 15 ottobre, dovrebbe eseguire la prima dose entro il 1 ottobre. Ecco l\u2019elenco delle sedute vaccinali aperte a tutte le fasce d\u2019et\u00e0 SENZA PRENOTAZIONE, nei vari comuni della provincia e nei centri vaccinali dell\u2019Ulss Dolomiti. E\u2019 comunque sempre possibile prenotare la vaccinazione anti covid dal sito <a href=\"http:\/\/www.aulss1.veneto.it\/\">www.aulss1.veneto.it<\/a><\/p>\n<p><a href=\"https:\/\/www.radiopiu.net\/wordpress\/vaccinazioni-anti-covid-in-provincia-di-belluno-vaccinati-l802-dei-residenti\/schermata-2021-09-25-alle-15-55-38\/\" rel=\"attachment wp-att-233740\"><img loading=\"lazy\" decoding=\"async\" class=\"aligncenter wp-image-233740 size-large\" src=\"https:\/\/www.radiopiu.net\/wordpress\/wp-content\/uploads\/2021\/09\/Schermata-2021-09-25-alle-15.55.38-761x1024.png\" alt=\"\" width=\"761\" height=\"1024\" srcset=\"https:\/\/www.radiopiu.net\/wordpress\/wp-content\/uploads\/2021\/09\/Schermata-2021-09-25-alle-15.55.38-761x1024.png 761w, https:\/\/www.radiopiu.net\/wordpress\/wp-content\/uploads\/2021\/09\/Schermata-2021-09-25-alle-15.55.38-223x300.png 223w, https:\/\/www.radiopiu.net\/wordpress\/wp-content\/uploads\/2021\/09\/Schermata-2021-09-25-alle-15.55.38-768x1033.png 768w, https:\/\/www.radiopiu.net\/wordpress\/wp-content\/uploads\/2021\/09\/Schermata-2021-09-25-alle-15.55.38.png 1078w\" sizes=\"auto, (max-width: 761px) 100vw, 761px\" \/><\/a><\/p>\n<p>&nbsp;<\/p>\n<p>&nbsp;<\/p>\n<p>&nbsp;<\/p>\n<p>*****<\/p>\n","protected":false},"excerpt":{"rendered":"<p>BELLUNO A questa mattina, oltre l\u201980,2% dei residenti in provincia di Belluno con pi\u00f9 di 12 anni ha ricevuto almeno una dose di vaccino anti covid. Ad oggi, le dosi somministrate in Ulss Dolomiti sono oltre 275.300 mila. l\u201980,2% ( pari a 146.322 persone ) della popolazione vaccinabile in Ulss Dolomiti, ha eseguito almeno una&hellip;<\/p>\n","protected":false},"author":4,"featured_media":181587,"comment_status":"closed","ping_status":"open","sticky":false,"template":"","format":"standard","meta":{"_monsterinsights_skip_tracking":false,"_monsterinsights_sitenote_active":false,"_monsterinsights_sitenote_note":"","_monsterinsights_sitenote_category":0,"footnotes":""},"categories":[51,49],"tags":[],"class_list":["post-233733","post","type-post","status-publish","format-standard","has-post-thumbnail","hentry","category-evidenza-top","category-news-18","category-51","category-49","description-off"],"img_url":"https:\/\/www.radiopiu.net\/wordpress\/wp-content\/uploads\/2020\/12\/VACCINO-COVID.jpg","_links":{"self":[{"href":"https:\/\/www.radiopiu.net\/wordpress\/wp-json\/wp\/v2\/posts\/233733","targetHints":{"allow":["GET"]}}],"collection":[{"href":"https:\/\/www.radiopiu.net\/wordpress\/wp-json\/wp\/v2\/posts"}],"about":[{"href":"https:\/\/www.radiopiu.net\/wordpress\/wp-json\/wp\/v2\/types\/post"}],"author":[{"embeddable":true,"href":"https:\/\/www.radiopiu.net\/wordpress\/wp-json\/wp\/v2\/users\/4"}],"replies":[{"embeddable":true,"href":"https:\/\/www.radiopiu.net\/wordpress\/wp-json\/wp\/v2\/comments?post=233733"}],"version-history":[{"count":0,"href":"https:\/\/www.radiopiu.net\/wordpress\/wp-json\/wp\/v2\/posts\/233733\/revisions"}],"wp:featuredmedia":[{"embeddable":true,"href":"https:\/\/www.radiopiu.net\/wordpress\/wp-json\/wp\/v2\/media\/181587"}],"wp:attachment":[{"href":"https:\/\/www.radiopiu.net\/wordpress\/wp-json\/wp\/v2\/media?parent=233733"}],"wp:term":[{"taxonomy":"category","embeddable":true,"href":"https:\/\/www.radiopiu.net\/wordpress\/wp-json\/wp\/v2\/categories?post=233733"},{"taxonomy":"post_tag","embeddable":true,"href":"https:\/\/www.radiopiu.net\/wordpress\/wp-json\/wp\/v2\/tags?post=233733"}],"curies":[{"name":"wp","href":"https:\/\/api.w.org\/{rel}","templated":true}]}}