{"id":233763,"date":"2021-09-25T18:39:50","date_gmt":"2021-09-25T16:39:50","guid":{"rendered":"https:\/\/www.radiopiu.net\/wordpress\/?p=233763"},"modified":"2021-09-25T18:39:50","modified_gmt":"2021-09-25T16:39:50","slug":"alpinista-colpito-da-una-scarica-di-sassi-sulla-gusela-di-giau","status":"publish","type":"post","link":"https:\/\/www.radiopiu.net\/wordpress\/alpinista-colpito-da-una-scarica-di-sassi-sulla-gusela-di-giau\/","title":{"rendered":"ALPINISTA COLPITO DA UNA SCARICA DI SASSI SULLA GUSELA DI GIAU"},"content":{"rendered":"<p><strong><a href=\"https:\/\/www.radiopiu.net\/wordpress\/giornale-radiopiu-19-agosto-2021-direttore-mirko-mezzacasa\/salt-3\/\" rel=\"attachment wp-att-228370\"><img loading=\"lazy\" decoding=\"async\" class=\" wp-image-228370 alignleft\" src=\"https:\/\/www.radiopiu.net\/wordpress\/wp-content\/uploads\/2021\/08\/salt-3-300x225.jpg\" alt=\"\" width=\"209\" height=\"157\" srcset=\"https:\/\/www.radiopiu.net\/wordpress\/wp-content\/uploads\/2021\/08\/salt-3-300x225.jpg 300w, https:\/\/www.radiopiu.net\/wordpress\/wp-content\/uploads\/2021\/08\/salt-3-1024x767.jpg 1024w, https:\/\/www.radiopiu.net\/wordpress\/wp-content\/uploads\/2021\/08\/salt-3-768x575.jpg 768w, https:\/\/www.radiopiu.net\/wordpress\/wp-content\/uploads\/2021\/08\/salt-3.jpg 1080w\" sizes=\"auto, (max-width: 209px) 100vw, 209px\" \/><\/a>SAN VITO DI CADORE<\/strong> Attorno a mezzogiorno e mezza la Centrale del Suem \u00e8 stata allertata per un infortunio lungo la Via Dallago &#8211; Menardi sulla Gusela di Giau. Durante un corso roccia, infatti, un giovane alpinista, G.L., 22 anni, di Roma, era stato colpito da una scarica di sassi caduta dall&#8217;alto mentre si trovava alla fine del 4\u00b0 tiro. Individuato in parete dall&#8217;elicottero del Suem di Pieve di Cadore, \u00e8 stato calato il tecnico di elisoccorso che lo ha recuperato con un vericello di 40 metri. Spostato in un luogo pi\u00f9 agevole, il ragazzo \u00e8 stato stabilizzato per un probabile trauma alla testa e alla spalla, imbarcato e trasportato all&#8217;ospedale di Belluno.<\/p>\n<p>&nbsp;<\/p>\n<p>&nbsp;<\/p>\n<p>&nbsp;<\/p>\n<p>*****<\/p>\n","protected":false},"excerpt":{"rendered":"<p>SAN VITO DI CADORE Attorno a mezzogiorno e mezza la Centrale del Suem \u00e8 stata allertata per un infortunio lungo la Via Dallago &#8211; Menardi sulla Gusela di Giau. Durante un corso roccia, infatti, un giovane alpinista, G.L., 22 anni, di Roma, era stato colpito da una scarica di sassi caduta dall&#8217;alto mentre si trovava&hellip;<\/p>\n","protected":false},"author":4,"featured_media":228370,"comment_status":"closed","ping_status":"open","sticky":false,"template":"","format":"standard","meta":{"_monsterinsights_skip_tracking":false,"_monsterinsights_sitenote_active":false,"_monsterinsights_sitenote_note":"","_monsterinsights_sitenote_category":0,"footnotes":""},"categories":[51,49],"tags":[],"class_list":["post-233763","post","type-post","status-publish","format-standard","has-post-thumbnail","hentry","category-evidenza-top","category-news-18","category-51","category-49","description-off"],"img_url":"https:\/\/www.radiopiu.net\/wordpress\/wp-content\/uploads\/2021\/08\/salt-3.jpg","_links":{"self":[{"href":"https:\/\/www.radiopiu.net\/wordpress\/wp-json\/wp\/v2\/posts\/233763","targetHints":{"allow":["GET"]}}],"collection":[{"href":"https:\/\/www.radiopiu.net\/wordpress\/wp-json\/wp\/v2\/posts"}],"about":[{"href":"https:\/\/www.radiopiu.net\/wordpress\/wp-json\/wp\/v2\/types\/post"}],"author":[{"embeddable":true,"href":"https:\/\/www.radiopiu.net\/wordpress\/wp-json\/wp\/v2\/users\/4"}],"replies":[{"embeddable":true,"href":"https:\/\/www.radiopiu.net\/wordpress\/wp-json\/wp\/v2\/comments?post=233763"}],"version-history":[{"count":0,"href":"https:\/\/www.radiopiu.net\/wordpress\/wp-json\/wp\/v2\/posts\/233763\/revisions"}],"wp:featuredmedia":[{"embeddable":true,"href":"https:\/\/www.radiopiu.net\/wordpress\/wp-json\/wp\/v2\/media\/228370"}],"wp:attachment":[{"href":"https:\/\/www.radiopiu.net\/wordpress\/wp-json\/wp\/v2\/media?parent=233763"}],"wp:term":[{"taxonomy":"category","embeddable":true,"href":"https:\/\/www.radiopiu.net\/wordpress\/wp-json\/wp\/v2\/categories?post=233763"},{"taxonomy":"post_tag","embeddable":true,"href":"https:\/\/www.radiopiu.net\/wordpress\/wp-json\/wp\/v2\/tags?post=233763"}],"curies":[{"name":"wp","href":"https:\/\/api.w.org\/{rel}","templated":true}]}}