{"id":233777,"date":"2021-09-25T20:18:32","date_gmt":"2021-09-25T18:18:32","guid":{"rendered":"https:\/\/www.radiopiu.net\/wordpress\/?p=233777"},"modified":"2021-09-26T01:35:39","modified_gmt":"2021-09-25T23:35:39","slug":"altri-interventi-in-montagna-tra-cortina-auronzo-e-pale-di-san-martino","status":"publish","type":"post","link":"https:\/\/www.radiopiu.net\/wordpress\/altri-interventi-in-montagna-tra-cortina-auronzo-e-pale-di-san-martino\/","title":{"rendered":"ALTRI INTERVENTI IN MONTAGNA TRA CORTINA, AURONZO E PALE DI SAN MARTINO"},"content":{"rendered":"<p><strong><a href=\"https:\/\/www.radiopiu.net\/wordpress\/recuperato-senza-vita-alpinista-precipitato-sul-lagazuoi\/salt_20210827_092026_573\/\" rel=\"attachment wp-att-229863\"><img loading=\"lazy\" decoding=\"async\" class=\"size-medium wp-image-229863 alignleft\" src=\"https:\/\/www.radiopiu.net\/wordpress\/wp-content\/uploads\/2021\/08\/salt_20210827_092026_573-225x300.jpg\" alt=\"\" width=\"225\" height=\"300\" srcset=\"https:\/\/www.radiopiu.net\/wordpress\/wp-content\/uploads\/2021\/08\/salt_20210827_092026_573-225x300.jpg 225w, https:\/\/www.radiopiu.net\/wordpress\/wp-content\/uploads\/2021\/08\/salt_20210827_092026_573-768x1024.jpg 768w, https:\/\/www.radiopiu.net\/wordpress\/wp-content\/uploads\/2021\/08\/salt_20210827_092026_573-1152x1536.jpg 1152w, https:\/\/www.radiopiu.net\/wordpress\/wp-content\/uploads\/2021\/08\/salt_20210827_092026_573-1536x2048.jpg 1536w, https:\/\/www.radiopiu.net\/wordpress\/wp-content\/uploads\/2021\/08\/salt_20210827_092026_573.jpg 1773w\" sizes=\"auto, (max-width: 225px) 100vw, 225px\" \/><\/a>CORTINA\u00a0<\/strong>Attorno alle 14.40 l&#8217;elicottero del Suem di Pieve di Cadore \u00e8 decollato in direzione del Cristallo, dove, mentre una cordata stava scendendo lungo la normale, un centinaio di metri sotto la cima, un masso si era staccato facendo cadere uno dei due ragazzi, che si era fermato sopra una cengia. Sbarcati con il verricello tecnico di elisoccorso e medico, all&#8217;infortunato sono state prestate le prime cure per un sospetto politrauma. Recuperato il ragazzo \u00e8 stato trasportato all&#8217;ospedale di Belluno. Il compagno \u00e8 invece sceso autonomamente con altri scalatori.<\/p>\n<p><strong>CORTINA\u00a0<\/strong>Verso le 15.10 \u00e8 scattato l&#8217;allarme per una escursionista tedesca scivolata lungo il sentiero del Lago del Sorapiss. La donna \u00e8 stata presa in carico dall&#8217;equipe medica e dal tecnico di elisoccorso sbarcati in hovering nelle vicinanze e accompagnata all&#8217;ospedale di Cortina, il marito \u00e8 rientrato da solo.<\/p>\n<p><strong>PALE DI SAN MARTINO\u00a0<\/strong>Alle 16.15 l&#8217;eliambulanza \u00e8 stata inviata sulle Pale di San Martino. Scendendo lungo una scorciatoia dal Bivacco Brunner, un uomo, che si trovava con la moglie, il figlio e altre due persone, era scivolato per alcune decine di metri. Scesi in hovering, personale medico e tecnico del Soccorso alpino hanno stabilizzato l&#8217;infortunato per un probabile politrauma, lo hanno caricato a bordo e portato all&#8217;ospedale di Belluno.<\/p>\n<p><strong>AURONZO DI CADORE\u00a0<\/strong>Verso le 16.30 infine l&#8217;elicottero di Treviso emergenza \u00e8 volato a Forcella Marmarole, poich\u00e9 un&#8217;escursionista L.T., 59 anni, si Vigonza (PD), stava salendo con un&#8217;amica verso il Bivacco Fanton, dove avrebbe dormito, quando, 200 metri pi\u00f9 sotto \u00e8 ruzzolata trascinando con s\u00e9 una pietra che l&#8217;ha colpita alla gamba. Dalle coordinate, l&#8217;elicottero di Treviso emergenza ha individuato il luogo dall&#8217;incidente \u00e8 ha sbarcato pi\u00f9 in alto il tecnico di elisoccorso, che ha raggiunto la donna a piedi. In due rotazioni sono state recuperate entrambe le amiche, l&#8217;infortunata \u00e8 stata portata all&#8217;ospedale di Belluno, la compagna e stata lasciata al Rifugio Baion.<\/p>\n","protected":false},"excerpt":{"rendered":"<p>CORTINA\u00a0Attorno alle 14.40 l&#8217;elicottero del Suem di Pieve di Cadore \u00e8 decollato in direzione del Cristallo, dove, mentre una cordata stava scendendo lungo la normale, un centinaio di metri sotto la cima, un masso si era staccato facendo cadere uno dei due ragazzi, che si era fermato sopra una cengia. Sbarcati con il verricello tecnico&hellip;<\/p>\n","protected":false},"author":4,"featured_media":229863,"comment_status":"closed","ping_status":"open","sticky":false,"template":"","format":"standard","meta":{"_monsterinsights_skip_tracking":false,"_monsterinsights_sitenote_active":false,"_monsterinsights_sitenote_note":"","_monsterinsights_sitenote_category":0,"footnotes":""},"categories":[51,49],"tags":[],"class_list":["post-233777","post","type-post","status-publish","format-standard","has-post-thumbnail","hentry","category-evidenza-top","category-news-18","category-51","category-49","description-off"],"img_url":"https:\/\/www.radiopiu.net\/wordpress\/wp-content\/uploads\/2021\/08\/salt_20210827_092026_573.jpg","_links":{"self":[{"href":"https:\/\/www.radiopiu.net\/wordpress\/wp-json\/wp\/v2\/posts\/233777","targetHints":{"allow":["GET"]}}],"collection":[{"href":"https:\/\/www.radiopiu.net\/wordpress\/wp-json\/wp\/v2\/posts"}],"about":[{"href":"https:\/\/www.radiopiu.net\/wordpress\/wp-json\/wp\/v2\/types\/post"}],"author":[{"embeddable":true,"href":"https:\/\/www.radiopiu.net\/wordpress\/wp-json\/wp\/v2\/users\/4"}],"replies":[{"embeddable":true,"href":"https:\/\/www.radiopiu.net\/wordpress\/wp-json\/wp\/v2\/comments?post=233777"}],"version-history":[{"count":0,"href":"https:\/\/www.radiopiu.net\/wordpress\/wp-json\/wp\/v2\/posts\/233777\/revisions"}],"wp:featuredmedia":[{"embeddable":true,"href":"https:\/\/www.radiopiu.net\/wordpress\/wp-json\/wp\/v2\/media\/229863"}],"wp:attachment":[{"href":"https:\/\/www.radiopiu.net\/wordpress\/wp-json\/wp\/v2\/media?parent=233777"}],"wp:term":[{"taxonomy":"category","embeddable":true,"href":"https:\/\/www.radiopiu.net\/wordpress\/wp-json\/wp\/v2\/categories?post=233777"},{"taxonomy":"post_tag","embeddable":true,"href":"https:\/\/www.radiopiu.net\/wordpress\/wp-json\/wp\/v2\/tags?post=233777"}],"curies":[{"name":"wp","href":"https:\/\/api.w.org\/{rel}","templated":true}]}}