{"id":233828,"date":"2021-09-26T14:17:03","date_gmt":"2021-09-26T12:17:03","guid":{"rendered":"https:\/\/www.radiopiu.net\/wordpress\/?p=233828"},"modified":"2021-09-26T14:17:03","modified_gmt":"2021-09-26T12:17:03","slug":"ottimi-risultati-per-il-pr-ranch-al-campionato-regionale-di-volteggio-accademico","status":"publish","type":"post","link":"https:\/\/www.radiopiu.net\/wordpress\/ottimi-risultati-per-il-pr-ranch-al-campionato-regionale-di-volteggio-accademico\/","title":{"rendered":"OTTIMI RISULTATI PER IL PR RANCH AL CAMPIONATO REGIONALE DI VOLTEGGIO ACCADEMICO"},"content":{"rendered":"<p><strong>LA VALLE<\/strong> Aurora Zuanel e Federica Morandini hanno partecipato sabato al campionato regionale di Volteggio Accademico a cavallo portando a casa un ottimo primo posto nonostante i problemi tecnici.infatti durante lo svolgimento della gara la regia non \u00e8 riuscita a far partire la musica e le ragazze hanno dovuto fare la loro coreografia senza base musicale ,il che non \u00e8 assolutamente facile perch\u00e9 si vanno a perdere i punti di riferimento temporale necessari per rientrare nelle tempistiche dell&#8217;esibizione (30 secondi ad atleta comprensivi di salita e discesa secondo le regole FISE in periodo di covid). Ancor pi\u00f9 brave le due ragazze che hanno saputo superare l&#8217;ostacolo migliorando anche il loro personale punteggio di gara . La prossima sfida sar\u00e0 ai primi di ottobre con i campionati Italiani assoluti che si disputeranno a Buscate Magnago in provincia di Milano.<\/p>\n\n\t\t\t<style type='text\/css'>\n\t\t\t\t#gallery-1 {\n\t\t\t\t\tmargin: auto;\n\t\t\t\t}\n\t\t\t\t#gallery-1 .gallery-item {\n\t\t\t\t\tfloat: left;\n\t\t\t\t\tmargin-top: 10px;\n\t\t\t\t\ttext-align: center;\n\t\t\t\t\twidth: 25%;\n\t\t\t\t}\n\t\t\t\t#gallery-1 img {\n\t\t\t\t\tborder: 2px solid #cfcfcf;\n\t\t\t\t}\n\t\t\t\t#gallery-1 .gallery-caption {\n\t\t\t\t\tmargin-left: 0;\n\t\t\t\t}\n\t\t\t\t\/* see gallery_shortcode() in wp-includes\/media.php *\/\n\t\t\t<\/style>\n\t\t<div id='gallery-1' class='dt-gallery-container gallery galleryid-233828 gallery-columns-4 gallery-size-medium'><dl class='gallery-item'>\n\t\t\t\t<dt class='gallery-icon landscape'>\n\t\t\t\t\t<a class=\"rollover rollover-zoom dt-pswp-item\" title=\"3dbcbb95-cf33-46c4-99bb-6de1918bd152\" data-dt-img-description=\"\" data-large_image_width=\"2016\" data-large_image_height=\"980\"href='https:\/\/www.radiopiu.net\/wordpress\/wp-content\/uploads\/2021\/09\/3dbcbb95-cf33-46c4-99bb-6de1918bd152.jpg'><img loading=\"lazy\" decoding=\"async\" width=\"300\" height=\"146\" src=\"https:\/\/www.radiopiu.net\/wordpress\/wp-content\/uploads\/2021\/09\/3dbcbb95-cf33-46c4-99bb-6de1918bd152-300x146.jpg\" class=\"attachment-medium size-medium\" alt=\"\" srcset=\"https:\/\/www.radiopiu.net\/wordpress\/wp-content\/uploads\/2021\/09\/3dbcbb95-cf33-46c4-99bb-6de1918bd152-300x146.jpg 300w, https:\/\/www.radiopiu.net\/wordpress\/wp-content\/uploads\/2021\/09\/3dbcbb95-cf33-46c4-99bb-6de1918bd152-1024x498.jpg 1024w, https:\/\/www.radiopiu.net\/wordpress\/wp-content\/uploads\/2021\/09\/3dbcbb95-cf33-46c4-99bb-6de1918bd152-768x373.jpg 768w, https:\/\/www.radiopiu.net\/wordpress\/wp-content\/uploads\/2021\/09\/3dbcbb95-cf33-46c4-99bb-6de1918bd152-1536x747.jpg 1536w, https:\/\/www.radiopiu.net\/wordpress\/wp-content\/uploads\/2021\/09\/3dbcbb95-cf33-46c4-99bb-6de1918bd152.jpg 2016w\" sizes=\"auto, (max-width: 300px) 100vw, 300px\" \/><\/a>\n\t\t\t\t<\/dt><\/dl><dl class='gallery-item'>\n\t\t\t\t<dt class='gallery-icon landscape'>\n\t\t\t\t\t<a class=\"rollover rollover-zoom dt-pswp-item\" title=\"6ddb19c1-6157-4aa2-810d-4d880177994d\" data-dt-img-description=\"\" data-large_image_width=\"1256\" data-large_image_height=\"979\"href='https:\/\/www.radiopiu.net\/wordpress\/wp-content\/uploads\/2021\/09\/6ddb19c1-6157-4aa2-810d-4d880177994d.jpg'><img loading=\"lazy\" decoding=\"async\" width=\"300\" height=\"234\" src=\"https:\/\/www.radiopiu.net\/wordpress\/wp-content\/uploads\/2021\/09\/6ddb19c1-6157-4aa2-810d-4d880177994d-300x234.jpg\" class=\"attachment-medium size-medium\" alt=\"\" srcset=\"https:\/\/www.radiopiu.net\/wordpress\/wp-content\/uploads\/2021\/09\/6ddb19c1-6157-4aa2-810d-4d880177994d-300x234.jpg 300w, https:\/\/www.radiopiu.net\/wordpress\/wp-content\/uploads\/2021\/09\/6ddb19c1-6157-4aa2-810d-4d880177994d-1024x798.jpg 1024w, https:\/\/www.radiopiu.net\/wordpress\/wp-content\/uploads\/2021\/09\/6ddb19c1-6157-4aa2-810d-4d880177994d-768x599.jpg 768w, https:\/\/www.radiopiu.net\/wordpress\/wp-content\/uploads\/2021\/09\/6ddb19c1-6157-4aa2-810d-4d880177994d.jpg 1256w\" sizes=\"auto, (max-width: 300px) 100vw, 300px\" \/><\/a>\n\t\t\t\t<\/dt><\/dl><dl class='gallery-item'>\n\t\t\t\t<dt class='gallery-icon landscape'>\n\t\t\t\t\t<a class=\"rollover rollover-zoom dt-pswp-item\" title=\"914220aa-02f9-4bfa-9c8e-56c4fb42cbb1\" data-dt-img-description=\"\" data-large_image_width=\"1436\" data-large_image_height=\"980\"href='https:\/\/www.radiopiu.net\/wordpress\/wp-content\/uploads\/2021\/09\/914220aa-02f9-4bfa-9c8e-56c4fb42cbb1.jpg'><img loading=\"lazy\" decoding=\"async\" width=\"300\" height=\"205\" src=\"https:\/\/www.radiopiu.net\/wordpress\/wp-content\/uploads\/2021\/09\/914220aa-02f9-4bfa-9c8e-56c4fb42cbb1-300x205.jpg\" class=\"attachment-medium size-medium\" alt=\"\" srcset=\"https:\/\/www.radiopiu.net\/wordpress\/wp-content\/uploads\/2021\/09\/914220aa-02f9-4bfa-9c8e-56c4fb42cbb1-300x205.jpg 300w, https:\/\/www.radiopiu.net\/wordpress\/wp-content\/uploads\/2021\/09\/914220aa-02f9-4bfa-9c8e-56c4fb42cbb1-1024x699.jpg 1024w, https:\/\/www.radiopiu.net\/wordpress\/wp-content\/uploads\/2021\/09\/914220aa-02f9-4bfa-9c8e-56c4fb42cbb1-768x524.jpg 768w, https:\/\/www.radiopiu.net\/wordpress\/wp-content\/uploads\/2021\/09\/914220aa-02f9-4bfa-9c8e-56c4fb42cbb1.jpg 1436w\" sizes=\"auto, (max-width: 300px) 100vw, 300px\" \/><\/a>\n\t\t\t\t<\/dt><\/dl><dl class='gallery-item'>\n\t\t\t\t<dt class='gallery-icon landscape'>\n\t\t\t\t\t<a class=\"rollover rollover-zoom dt-pswp-item\" title=\"b4f063b7-6028-45aa-b837-5d9e0f2a3330\" data-dt-img-description=\"\" data-large_image_width=\"1034\" data-large_image_height=\"796\"href='https:\/\/www.radiopiu.net\/wordpress\/wp-content\/uploads\/2021\/09\/b4f063b7-6028-45aa-b837-5d9e0f2a3330.jpg'><img loading=\"lazy\" decoding=\"async\" width=\"300\" height=\"231\" src=\"https:\/\/www.radiopiu.net\/wordpress\/wp-content\/uploads\/2021\/09\/b4f063b7-6028-45aa-b837-5d9e0f2a3330-300x231.jpg\" class=\"attachment-medium size-medium\" alt=\"\" srcset=\"https:\/\/www.radiopiu.net\/wordpress\/wp-content\/uploads\/2021\/09\/b4f063b7-6028-45aa-b837-5d9e0f2a3330-300x231.jpg 300w, https:\/\/www.radiopiu.net\/wordpress\/wp-content\/uploads\/2021\/09\/b4f063b7-6028-45aa-b837-5d9e0f2a3330-1024x788.jpg 1024w, https:\/\/www.radiopiu.net\/wordpress\/wp-content\/uploads\/2021\/09\/b4f063b7-6028-45aa-b837-5d9e0f2a3330-768x591.jpg 768w, https:\/\/www.radiopiu.net\/wordpress\/wp-content\/uploads\/2021\/09\/b4f063b7-6028-45aa-b837-5d9e0f2a3330.jpg 1034w\" sizes=\"auto, (max-width: 300px) 100vw, 300px\" \/><\/a>\n\t\t\t\t<\/dt><\/dl><br style=\"clear: both\" \/>\n\t\t\t<\/div>\n\n<p>&nbsp;<\/p>\n<p>&nbsp;<\/p>\n<p>*****<\/p>\n","protected":false},"excerpt":{"rendered":"<p>LA VALLE Aurora Zuanel e Federica Morandini hanno partecipato sabato al campionato regionale di Volteggio Accademico a cavallo portando a casa un ottimo primo posto nonostante i problemi tecnici.infatti durante lo svolgimento della gara la regia non \u00e8 riuscita a far partire la musica e le ragazze hanno dovuto fare la loro coreografia senza base&hellip;<\/p>\n","protected":false},"author":4,"featured_media":233832,"comment_status":"closed","ping_status":"open","sticky":false,"template":"","format":"standard","meta":{"_monsterinsights_skip_tracking":false,"_monsterinsights_sitenote_active":false,"_monsterinsights_sitenote_note":"","_monsterinsights_sitenote_category":0,"footnotes":""},"categories":[49,72],"tags":[],"class_list":["post-233828","post","type-post","status-publish","format-standard","has-post-thumbnail","hentry","category-news-18","category-sport","category-49","category-72","description-off"],"img_url":"https:\/\/www.radiopiu.net\/wordpress\/wp-content\/uploads\/2021\/09\/b4f063b7-6028-45aa-b837-5d9e0f2a3330.jpg","_links":{"self":[{"href":"https:\/\/www.radiopiu.net\/wordpress\/wp-json\/wp\/v2\/posts\/233828","targetHints":{"allow":["GET"]}}],"collection":[{"href":"https:\/\/www.radiopiu.net\/wordpress\/wp-json\/wp\/v2\/posts"}],"about":[{"href":"https:\/\/www.radiopiu.net\/wordpress\/wp-json\/wp\/v2\/types\/post"}],"author":[{"embeddable":true,"href":"https:\/\/www.radiopiu.net\/wordpress\/wp-json\/wp\/v2\/users\/4"}],"replies":[{"embeddable":true,"href":"https:\/\/www.radiopiu.net\/wordpress\/wp-json\/wp\/v2\/comments?post=233828"}],"version-history":[{"count":0,"href":"https:\/\/www.radiopiu.net\/wordpress\/wp-json\/wp\/v2\/posts\/233828\/revisions"}],"wp:featuredmedia":[{"embeddable":true,"href":"https:\/\/www.radiopiu.net\/wordpress\/wp-json\/wp\/v2\/media\/233832"}],"wp:attachment":[{"href":"https:\/\/www.radiopiu.net\/wordpress\/wp-json\/wp\/v2\/media?parent=233828"}],"wp:term":[{"taxonomy":"category","embeddable":true,"href":"https:\/\/www.radiopiu.net\/wordpress\/wp-json\/wp\/v2\/categories?post=233828"},{"taxonomy":"post_tag","embeddable":true,"href":"https:\/\/www.radiopiu.net\/wordpress\/wp-json\/wp\/v2\/tags?post=233828"}],"curies":[{"name":"wp","href":"https:\/\/api.w.org\/{rel}","templated":true}]}}