{"id":233871,"date":"2021-09-27T05:31:40","date_gmt":"2021-09-27T03:31:40","guid":{"rendered":"https:\/\/www.radiopiu.net\/wordpress\/?p=233871"},"modified":"2021-09-27T05:41:23","modified_gmt":"2021-09-27T03:41:23","slug":"boscaiolo-in-gravi-condizioni-dopo-essere-stato-colpito-alla-testa-da-un-grosso-ramo","status":"publish","type":"post","link":"https:\/\/www.radiopiu.net\/wordpress\/boscaiolo-in-gravi-condizioni-dopo-essere-stato-colpito-alla-testa-da-un-grosso-ramo\/","title":{"rendered":"BOSCAIOLO IN GRAVI CONDIZIONI DOPO ESSERE STATO COLPITO ALLA TESTA DA UN GROSSO RAMO"},"content":{"rendered":"<p><strong><a href=\"https:\/\/www.radiopiu.net\/wordpress\/giornale-radiopiu-19-agosto-2021-direttore-mirko-mezzacasa\/salt-1\/\" rel=\"attachment wp-att-228372\"><img loading=\"lazy\" decoding=\"async\" class=\" wp-image-228372 alignleft\" src=\"https:\/\/www.radiopiu.net\/wordpress\/wp-content\/uploads\/2021\/08\/salt-1-240x300.jpg\" alt=\"\" width=\"93\" height=\"116\" srcset=\"https:\/\/www.radiopiu.net\/wordpress\/wp-content\/uploads\/2021\/08\/salt-1-240x300.jpg 240w, https:\/\/www.radiopiu.net\/wordpress\/wp-content\/uploads\/2021\/08\/salt-1.jpg 768w\" sizes=\"auto, (max-width: 93px) 100vw, 93px\" \/><\/a>VOLTAGO <\/strong>\u00c8 stato recuperato in gravi condizioni un boscaiolo colpito alla testa da un grosso ramo, durante lavori in bosco a Voltago Agordino. Scattato l&#8217;allarme verso le 11.15, seguendo le coordinate l&#8217;elicottero del Suem di Pieve di Cadore \u00e8 atterrato in una radura vicina al luogo dell&#8217;incidente e ha sbarcato equipe medica e tecnico di elisoccorso, che hanno raggiunto a piedi M.D.C., 46 anni di La Valle Agordina e gli hanno prestato le prime cure urgenti. Imbarellato, l&#8217;infortunato \u00e8 stato spostato con l&#8217;aiuto dei colleghi in un punto pi\u00f9 agevole, dove \u00e8 stato recuperato con un verricello di 45 metri, per essere trasportato all&#8217;ospedale di Belluno.<\/p>\n<div style=\"width: 640px;\" class=\"wp-video\"><video class=\"wp-video-shortcode\" id=\"video-233871-1\" width=\"640\" height=\"352\" preload=\"metadata\" controls=\"controls\"><source type=\"video\/mp4\" src=\"https:\/\/www.radiopiu.net\/wordpress\/wp-content\/uploads\/2021\/09\/WhatsApp-Video-2021-09-26-at-18.36.30.mp4?_=1\" \/><a href=\"https:\/\/www.radiopiu.net\/wordpress\/wp-content\/uploads\/2021\/09\/WhatsApp-Video-2021-09-26-at-18.36.30.mp4\">https:\/\/www.radiopiu.net\/wordpress\/wp-content\/uploads\/2021\/09\/WhatsApp-Video-2021-09-26-at-18.36.30.mp4<\/a><\/video><\/div>\n<p>&nbsp;<\/p>\n\n\t\t\t<style type='text\/css'>\n\t\t\t\t#gallery-1 {\n\t\t\t\t\tmargin: auto;\n\t\t\t\t}\n\t\t\t\t#gallery-1 .gallery-item {\n\t\t\t\t\tfloat: left;\n\t\t\t\t\tmargin-top: 10px;\n\t\t\t\t\ttext-align: center;\n\t\t\t\t\twidth: 33%;\n\t\t\t\t}\n\t\t\t\t#gallery-1 img {\n\t\t\t\t\tborder: 2px solid #cfcfcf;\n\t\t\t\t}\n\t\t\t\t#gallery-1 .gallery-caption {\n\t\t\t\t\tmargin-left: 0;\n\t\t\t\t}\n\t\t\t\t\/* see gallery_shortcode() in wp-includes\/media.php *\/\n\t\t\t<\/style>\n\t\t<div id='gallery-1' class='dt-gallery-container gallery galleryid-233871 gallery-columns-3 gallery-size-thumbnail'><dl class='gallery-item'>\n\t\t\t\t<dt class='gallery-icon portrait'>\n\t\t\t\t\t<a class=\"rollover rollover-zoom dt-pswp-item\" title=\"d5452dfc-bc82-4568-9fbc-32b4357500a1\" data-dt-img-description=\"\" data-large_image_width=\"934\" data-large_image_height=\"2000\"href='https:\/\/www.radiopiu.net\/wordpress\/wp-content\/uploads\/2021\/09\/d5452dfc-bc82-4568-9fbc-32b4357500a1.jpg'><img loading=\"lazy\" decoding=\"async\" width=\"150\" height=\"150\" src=\"https:\/\/www.radiopiu.net\/wordpress\/wp-content\/uploads\/2021\/09\/d5452dfc-bc82-4568-9fbc-32b4357500a1-150x150.jpg\" class=\"attachment-thumbnail size-thumbnail\" alt=\"\" \/><\/a>\n\t\t\t\t<\/dt><\/dl><dl class='gallery-item'>\n\t\t\t\t<dt class='gallery-icon landscape'>\n\t\t\t\t\t<a class=\"rollover rollover-zoom dt-pswp-item\" title=\"59fbcd12-710a-4c0e-b721-ebda71d5242a\" data-dt-img-description=\"\" data-large_image_width=\"2000\" data-large_image_height=\"934\"href='https:\/\/www.radiopiu.net\/wordpress\/wp-content\/uploads\/2021\/09\/59fbcd12-710a-4c0e-b721-ebda71d5242a.jpg'><img loading=\"lazy\" decoding=\"async\" width=\"150\" height=\"150\" src=\"https:\/\/www.radiopiu.net\/wordpress\/wp-content\/uploads\/2021\/09\/59fbcd12-710a-4c0e-b721-ebda71d5242a-150x150.jpg\" class=\"attachment-thumbnail size-thumbnail\" alt=\"\" \/><\/a>\n\t\t\t\t<\/dt><\/dl><dl class='gallery-item'>\n\t\t\t\t<dt class='gallery-icon landscape'>\n\t\t\t\t\t<a class=\"rollover rollover-zoom dt-pswp-item\" title=\"03b1bce5-df63-4c8b-bc83-4063bb8ce909\" data-dt-img-description=\"\" data-large_image_width=\"2000\" data-large_image_height=\"934\"href='https:\/\/www.radiopiu.net\/wordpress\/wp-content\/uploads\/2021\/09\/03b1bce5-df63-4c8b-bc83-4063bb8ce909.jpg'><img loading=\"lazy\" decoding=\"async\" width=\"150\" height=\"150\" src=\"https:\/\/www.radiopiu.net\/wordpress\/wp-content\/uploads\/2021\/09\/03b1bce5-df63-4c8b-bc83-4063bb8ce909-150x150.jpg\" class=\"attachment-thumbnail size-thumbnail\" alt=\"\" \/><\/a>\n\t\t\t\t<\/dt><\/dl><br style=\"clear: both\" \/>\n\t\t\t<\/div>\n\n<p>&nbsp;<\/p>\n<p>&nbsp;<\/p>\n<p>*****<\/p>\n","protected":false},"excerpt":{"rendered":"<p>VOLTAGO \u00c8 stato recuperato in gravi condizioni un boscaiolo colpito alla testa da un grosso ramo, durante lavori in bosco a Voltago Agordino. Scattato l&#8217;allarme verso le 11.15, seguendo le coordinate l&#8217;elicottero del Suem di Pieve di Cadore \u00e8 atterrato in una radura vicina al luogo dell&#8217;incidente e ha sbarcato equipe medica e tecnico di&hellip;<\/p>\n","protected":false},"author":4,"featured_media":228372,"comment_status":"closed","ping_status":"open","sticky":false,"template":"","format":"standard","meta":{"_monsterinsights_skip_tracking":false,"_monsterinsights_sitenote_active":false,"_monsterinsights_sitenote_note":"","_monsterinsights_sitenote_category":0,"footnotes":""},"categories":[51,49],"tags":[],"class_list":["post-233871","post","type-post","status-publish","format-standard","has-post-thumbnail","hentry","category-evidenza-top","category-news-18","category-51","category-49","description-off"],"img_url":"https:\/\/www.radiopiu.net\/wordpress\/wp-content\/uploads\/2021\/08\/salt-1.jpg","_links":{"self":[{"href":"https:\/\/www.radiopiu.net\/wordpress\/wp-json\/wp\/v2\/posts\/233871","targetHints":{"allow":["GET"]}}],"collection":[{"href":"https:\/\/www.radiopiu.net\/wordpress\/wp-json\/wp\/v2\/posts"}],"about":[{"href":"https:\/\/www.radiopiu.net\/wordpress\/wp-json\/wp\/v2\/types\/post"}],"author":[{"embeddable":true,"href":"https:\/\/www.radiopiu.net\/wordpress\/wp-json\/wp\/v2\/users\/4"}],"replies":[{"embeddable":true,"href":"https:\/\/www.radiopiu.net\/wordpress\/wp-json\/wp\/v2\/comments?post=233871"}],"version-history":[{"count":0,"href":"https:\/\/www.radiopiu.net\/wordpress\/wp-json\/wp\/v2\/posts\/233871\/revisions"}],"wp:featuredmedia":[{"embeddable":true,"href":"https:\/\/www.radiopiu.net\/wordpress\/wp-json\/wp\/v2\/media\/228372"}],"wp:attachment":[{"href":"https:\/\/www.radiopiu.net\/wordpress\/wp-json\/wp\/v2\/media?parent=233871"}],"wp:term":[{"taxonomy":"category","embeddable":true,"href":"https:\/\/www.radiopiu.net\/wordpress\/wp-json\/wp\/v2\/categories?post=233871"},{"taxonomy":"post_tag","embeddable":true,"href":"https:\/\/www.radiopiu.net\/wordpress\/wp-json\/wp\/v2\/tags?post=233871"}],"curies":[{"name":"wp","href":"https:\/\/api.w.org\/{rel}","templated":true}]}}