{"id":233883,"date":"2021-09-26T18:30:07","date_gmt":"2021-09-26T16:30:07","guid":{"rendered":"https:\/\/www.radiopiu.net\/wordpress\/?p=233883"},"modified":"2021-09-27T05:43:54","modified_gmt":"2021-09-27T03:43:54","slug":"dillo-a-radio-piu-la-coda-a-scendere-da-falcade","status":"publish","type":"post","link":"https:\/\/www.radiopiu.net\/wordpress\/dillo-a-radio-piu-la-coda-a-scendere-da-falcade\/","title":{"rendered":"DILLO A RADIO PIU&#8217;&#8230;LA CODA A SCENDERE DA FALCADE"},"content":{"rendered":"<p><strong><a href=\"https:\/\/www.radiopiu.net\/wordpress\/i-flussi-di-traffico-in-agordino\/auto-5\/\" rel=\"attachment wp-att-135920\"><img loading=\"lazy\" decoding=\"async\" class=\"size-medium wp-image-135920 alignleft\" src=\"https:\/\/www.radiopiu.net\/wordpress\/wp-content\/uploads\/2020\/05\/AUTO-300x200.jpg\" alt=\"\" width=\"300\" height=\"200\" srcset=\"https:\/\/www.radiopiu.net\/wordpress\/wp-content\/uploads\/2020\/05\/AUTO-300x200.jpg 300w, https:\/\/www.radiopiu.net\/wordpress\/wp-content\/uploads\/2020\/05\/AUTO-1024x683.jpg 1024w, https:\/\/www.radiopiu.net\/wordpress\/wp-content\/uploads\/2020\/05\/AUTO-768x512.jpg 768w, https:\/\/www.radiopiu.net\/wordpress\/wp-content\/uploads\/2020\/05\/AUTO-1536x1024.jpg 1536w, https:\/\/www.radiopiu.net\/wordpress\/wp-content\/uploads\/2020\/05\/AUTO.jpg 1920w\" sizes=\"auto, (max-width: 300px) 100vw, 300px\" \/><\/a>REDAZIONE<\/strong> Riceviamo e pubblichiamo una mail arrivata in redazione da Rodolfo Pellegrinon che denuncia una colonna di automobili mai vista a scendere da Falcade, anche a causa del semaforo in localit\u00e0 La Mora a Canale D&#8217;Agordo.<\/p>\n<blockquote>\n<p class=\"p1\"><em><span class=\"s1\">Oggi domenica ore 16,30 coda impressionante di autovetture gi\u00e0 da Falcade. Una delle cause il semaforo in localit\u00e0 La Mora nel comune di Canale d\u2019Agordo. <\/span><span class=\"s1\">Anche con questa situazione si evidenzia la totale mancanza di organizzazione sia da parte dei comuni che dell\u2019ente proprietario della strada. <\/span><span class=\"s1\">Siccome la marea di autovetture transita\u00a0 in discesa verso la pianura e pochissime in salita verso Falcade basterebbe un vigile o altro incaricato sul posto\u00a0 che, al semaforo, dovrebbe\u00a0 far\u00a0 transitare per pi\u00f9 tempo quelle in discesa e ogni tanto quelle in salita, che sono pochissime. Con questo sistema, non di difficile soluzione, la coda sarebbe sicuramente pi\u00f9 scorrevole e meno pesante per gli automobilisti. Alle ore 17,15 ho visto transitare e superare la coda, con lampeggianti accesi, un\u2019autovettura dei Carabinieri. Speriamo che abbiano recepito il problema e provvedano.<\/span><\/em><\/p>\n<p class=\"p1\"><em><span class=\"s1\">Rodolfo Pellegrinon<\/span><\/em><\/p>\n<\/blockquote>\n<p>&nbsp;<\/p>\n<p>&nbsp;<\/p>\n<p>&nbsp;<\/p>\n<p>*****<\/p>\n","protected":false},"excerpt":{"rendered":"<p>REDAZIONE Riceviamo e pubblichiamo una mail arrivata in redazione da Rodolfo Pellegrinon che denuncia una colonna di automobili mai vista a scendere da Falcade, anche a causa del semaforo in localit\u00e0 La Mora a Canale D&#8217;Agordo. Oggi domenica ore 16,30 coda impressionante di autovetture gi\u00e0 da Falcade. Una delle cause il semaforo in localit\u00e0 La&hellip;<\/p>\n","protected":false},"author":4,"featured_media":135920,"comment_status":"closed","ping_status":"open","sticky":false,"template":"","format":"standard","meta":{"_monsterinsights_skip_tracking":false,"_monsterinsights_sitenote_active":false,"_monsterinsights_sitenote_note":"","_monsterinsights_sitenote_category":0,"footnotes":""},"categories":[51,49],"tags":[],"class_list":["post-233883","post","type-post","status-publish","format-standard","has-post-thumbnail","hentry","category-evidenza-top","category-news-18","category-51","category-49","description-off"],"img_url":"https:\/\/www.radiopiu.net\/wordpress\/wp-content\/uploads\/2020\/05\/AUTO.jpg","_links":{"self":[{"href":"https:\/\/www.radiopiu.net\/wordpress\/wp-json\/wp\/v2\/posts\/233883","targetHints":{"allow":["GET"]}}],"collection":[{"href":"https:\/\/www.radiopiu.net\/wordpress\/wp-json\/wp\/v2\/posts"}],"about":[{"href":"https:\/\/www.radiopiu.net\/wordpress\/wp-json\/wp\/v2\/types\/post"}],"author":[{"embeddable":true,"href":"https:\/\/www.radiopiu.net\/wordpress\/wp-json\/wp\/v2\/users\/4"}],"replies":[{"embeddable":true,"href":"https:\/\/www.radiopiu.net\/wordpress\/wp-json\/wp\/v2\/comments?post=233883"}],"version-history":[{"count":0,"href":"https:\/\/www.radiopiu.net\/wordpress\/wp-json\/wp\/v2\/posts\/233883\/revisions"}],"wp:featuredmedia":[{"embeddable":true,"href":"https:\/\/www.radiopiu.net\/wordpress\/wp-json\/wp\/v2\/media\/135920"}],"wp:attachment":[{"href":"https:\/\/www.radiopiu.net\/wordpress\/wp-json\/wp\/v2\/media?parent=233883"}],"wp:term":[{"taxonomy":"category","embeddable":true,"href":"https:\/\/www.radiopiu.net\/wordpress\/wp-json\/wp\/v2\/categories?post=233883"},{"taxonomy":"post_tag","embeddable":true,"href":"https:\/\/www.radiopiu.net\/wordpress\/wp-json\/wp\/v2\/tags?post=233883"}],"curies":[{"name":"wp","href":"https:\/\/api.w.org\/{rel}","templated":true}]}}