{"id":233904,"date":"2021-09-26T23:59:28","date_gmt":"2021-09-26T21:59:28","guid":{"rendered":"https:\/\/www.radiopiu.net\/wordpress\/?p=233904"},"modified":"2021-09-27T05:43:40","modified_gmt":"2021-09-27T03:43:40","slug":"i-candidati-sindaco-a-selva-di-cadore-intervistati-da-gianni-santomaso","status":"publish","type":"post","link":"https:\/\/www.radiopiu.net\/wordpress\/i-candidati-sindaco-a-selva-di-cadore-intervistati-da-gianni-santomaso\/","title":{"rendered":"I CANDIDATI SINDACO A SELVA DI CADORE INTERVISTATI DA GIANNI SANTOMASO"},"content":{"rendered":"<p><strong>di Gianni Santomaso<\/strong><\/p>\n<p><strong><a href=\"https:\/\/www.radiopiu.net\/wordpress\/i-candidati-sindaco-a-selva-di-cadore-intervistati-da-gianni-santomaso\/schermata-2021-09-26-alle-20-35-58\/\" rel=\"attachment wp-att-233921\"><img loading=\"lazy\" decoding=\"async\" class=\"size-medium wp-image-233921 alignleft\" src=\"https:\/\/www.radiopiu.net\/wordpress\/wp-content\/uploads\/2021\/09\/Schermata-2021-09-26-alle-20.35.58-300x297.png\" alt=\"\" width=\"300\" height=\"297\" srcset=\"https:\/\/www.radiopiu.net\/wordpress\/wp-content\/uploads\/2021\/09\/Schermata-2021-09-26-alle-20.35.58-300x297.png 300w, https:\/\/www.radiopiu.net\/wordpress\/wp-content\/uploads\/2021\/09\/Schermata-2021-09-26-alle-20.35.58-150x150.png 150w, https:\/\/www.radiopiu.net\/wordpress\/wp-content\/uploads\/2021\/09\/Schermata-2021-09-26-alle-20.35.58.png 582w\" sizes=\"auto, (max-width: 300px) 100vw, 300px\" \/><\/a>SELVA DI CADORE<\/strong> \u00abSe vogliamo crescere e intercettare fondi, dobbiamo unirci e guardare anche fuori del paese\u00bb. Adriano Peretti, 51 anni, \u00e8 stato il primo a ufficializzare la propria candidatura a sindaco di Selva di Cadore come capolista di &#8220;Insieme per Selva di Cadore&#8221;. Originario di San Don\u00e0 di Piave (dove era stato anche candidato sindaco, poi ritiratosi per sostenerne un altro), da cinque anni \u00e8 gestore dell&#8217;Hotel Lorenzini.<br \/>\n<strong>Quali incentivi propone per le giovani coppie?<\/strong><br \/>\n\u00abPerch\u00e9 una giovane coppia rimanga sul territorio servono la casa e il lavoro. Per la casa faremo di tutto per ridurre i costi e per fornire incentivi con fondi interni ed esterni, per aiutare nell&#8217;acquisto della casa o per pagare gli affitti almeno fino a quando non si stabilizza. Inoltre molti giovani fanno un lavoro d&#8217;estate e uno d&#8217;inverno. C&#8217;\u00e8 un precariato. Occorre portare incentivi, che ci sono, anche attraverso la rete Veneto Eccellenze per la costituzione di start up. Vorrei riuscire a mettere assieme i giovani anche affinch\u00e9 possano svolgere alcuni lavori ai quali il Comune non riesce pi\u00f9 a far fronte. Occorre per\u00f2 presentare progettualit\u00e0 sinergiche. L&#8217;ho detto anche alle associazioni di volontariato che lamentano che i contributi non sono sufficienti. Devono mettersi assieme e presentare progetti comuni\u00bb.<br \/>\n<strong>Come si concretizzer\u00e0 il potenziamento dell&#8217;ufficio informazioni?<\/strong><br \/>\n\u00abOra \u00e8 gestito dalla Pro loco anche attraverso un contributo del Comune che non \u00e8 pi\u00f9 sufficiente. Occorrer\u00e0 intervenire come amministrazione con ulteriori fondi, ma bisogner\u00e0 anche capire perch\u00e9 le quote associative siano diminuite nel corso del tempo. Le strutture ricettive devono percepire maggiormente il ruolo che ha la Pro loco. Oltre a valorizzare la Pro loco, serve poi promuovere ci\u00f2 che la valle propone. E per farlo occorre andare a vedere cosa accade anche fuori dei confini comunali, partecipando per esempio alle fiere\u00bb.<br \/>\n<strong>Cosa vuole dire creare un canale turistico esperienziale?<\/strong><br \/>\n\u00abIl turista non deve percepire il benessere stando in un hotel piuttosto che in un altro, ma per stare bene deve vivere il territorio e per farlo deve trovare delle iniziative che glielo consentano: la giornata in malga, la guida che lo porta sulle montagne circostanti. Sono iniziative che possono nascere dalla Pro loco oppure appoggiarsi a un tour operator esistente o a uno che potrebbe nascere in valle dall&#8217;aggregazione di tutte le realt\u00e0 associative. L&#8217;amministrazione deve mettersi a disposizione\u00bb<br \/>\n<strong>Qual \u00e8 la sua posizione sul collegamento sciistico Civetta-Cinque Torri?<\/strong><br \/>\n\u00abServe valutare il progetto di fattibilit\u00e0, ma sono favorevole. Da quello che ho visto io \u00e8 interessante per portare risorse e pi\u00f9 turisti. La Regione \u00e8 pronta a stanziare 35 milioni di euro. Non voglio distruggere la montagna, ma credo nell&#8217;obiettivo di limitare i transiti di auto sui passi\u00bb.<br \/>\n<strong>Per la messa in sicurezza e la cura del territorio cosa proponete?<\/strong><br \/>\n\u00abIn questi ambiti qualcosa \u00e8 stato fatto, qualcosa promesso. Ci sono zone fragili come l&#8217;Andria. Chi \u00e8 in amministrazione deve andare negli uffici giusti per ottenere risposte. Mi \u00e8 spiaciuto andare in alcune frazioni e vedere che siano stati messi dei bei fiori per coprire staccionate in degrado. Ma cosa ci vuole per cambiarle?\u00bb.<br \/>\n<strong>\u00c8 tesserato a qualche partito? Qual \u00e8 la sua ideologia politica?<\/strong><br \/>\n\u00abNon sono mai stato iscritto a un partito, ma sono un moderato di centro-destra\u00bb.<\/p>\n\n\t\t\t<style type='text\/css'>\n\t\t\t\t#gallery-1 {\n\t\t\t\t\tmargin: auto;\n\t\t\t\t}\n\t\t\t\t#gallery-1 .gallery-item {\n\t\t\t\t\tfloat: left;\n\t\t\t\t\tmargin-top: 10px;\n\t\t\t\t\ttext-align: center;\n\t\t\t\t\twidth: 25%;\n\t\t\t\t}\n\t\t\t\t#gallery-1 img {\n\t\t\t\t\tborder: 2px solid #cfcfcf;\n\t\t\t\t}\n\t\t\t\t#gallery-1 .gallery-caption {\n\t\t\t\t\tmargin-left: 0;\n\t\t\t\t}\n\t\t\t\t\/* see gallery_shortcode() in wp-includes\/media.php *\/\n\t\t\t<\/style>\n\t\t<div id='gallery-1' class='dt-gallery-container gallery galleryid-233904 gallery-columns-4 gallery-size-thumbnail'><dl class='gallery-item'>\n\t\t\t\t<dt class='gallery-icon portrait'>\n\t\t\t\t\t<a class=\"rollover rollover-zoom dt-pswp-item\" title=\"Adriano Peretti (2)\" data-dt-img-description=\"\" data-large_image_width=\"1920\" data-large_image_height=\"2560\"href='https:\/\/www.radiopiu.net\/wordpress\/wp-content\/uploads\/2021\/09\/Adriano-Peretti-2-scaled.jpg'><img loading=\"lazy\" decoding=\"async\" width=\"150\" height=\"150\" src=\"https:\/\/www.radiopiu.net\/wordpress\/wp-content\/uploads\/2021\/09\/Adriano-Peretti-2-150x150.jpg\" class=\"attachment-thumbnail size-thumbnail\" alt=\"\" aria-describedby=\"gallery-1-233905\" \/><\/a>\n\t\t\t\t<\/dt>\n\t\t\t\t\t<dd class='wp-caption-text gallery-caption' id='gallery-1-233905'>\n\t\t\t\t\tADRIANO PERETTI CANDIDATO SINDACO\n\t\t\t\t\t<\/dd><\/dl><dl class='gallery-item'>\n\t\t\t\t<dt class='gallery-icon portrait'>\n\t\t\t\t\t<a class=\"rollover rollover-zoom dt-pswp-item\" title=\"Andrea De Bortoli\" data-dt-img-description=\"\" data-large_image_width=\"1920\" data-large_image_height=\"2560\"href='https:\/\/www.radiopiu.net\/wordpress\/wp-content\/uploads\/2021\/09\/Andrea-De-Bortoli-scaled.jpg'><img loading=\"lazy\" decoding=\"async\" width=\"150\" height=\"150\" src=\"https:\/\/www.radiopiu.net\/wordpress\/wp-content\/uploads\/2021\/09\/Andrea-De-Bortoli-150x150.jpg\" class=\"attachment-thumbnail size-thumbnail\" alt=\"\" aria-describedby=\"gallery-1-233906\" \/><\/a>\n\t\t\t\t<\/dt>\n\t\t\t\t\t<dd class='wp-caption-text gallery-caption' id='gallery-1-233906'>\n\t\t\t\t\tANDREA DE BORTOLI\n\t\t\t\t\t<\/dd><\/dl><dl class='gallery-item'>\n\t\t\t\t<dt class='gallery-icon portrait'>\n\t\t\t\t\t<a class=\"rollover rollover-zoom dt-pswp-item\" title=\"Annalisa Fochesato\" data-dt-img-description=\"\" data-large_image_width=\"1920\" data-large_image_height=\"2560\"href='https:\/\/www.radiopiu.net\/wordpress\/wp-content\/uploads\/2021\/09\/Annalisa-Fochesato-scaled.jpg'><img loading=\"lazy\" decoding=\"async\" width=\"150\" height=\"150\" src=\"https:\/\/www.radiopiu.net\/wordpress\/wp-content\/uploads\/2021\/09\/Annalisa-Fochesato-150x150.jpg\" class=\"attachment-thumbnail size-thumbnail\" alt=\"\" aria-describedby=\"gallery-1-233907\" \/><\/a>\n\t\t\t\t<\/dt>\n\t\t\t\t\t<dd class='wp-caption-text gallery-caption' id='gallery-1-233907'>\n\t\t\t\t\tANNALISA FOCHESATO\n\t\t\t\t\t<\/dd><\/dl><dl class='gallery-item'>\n\t\t\t\t<dt class='gallery-icon portrait'>\n\t\t\t\t\t<a class=\"rollover rollover-zoom dt-pswp-item\" title=\"Bruno Liconti\" data-dt-img-description=\"\" data-large_image_width=\"1920\" data-large_image_height=\"2560\"href='https:\/\/www.radiopiu.net\/wordpress\/wp-content\/uploads\/2021\/09\/Bruno-Liconti-scaled.jpg'><img loading=\"lazy\" decoding=\"async\" width=\"150\" height=\"150\" src=\"https:\/\/www.radiopiu.net\/wordpress\/wp-content\/uploads\/2021\/09\/Bruno-Liconti-150x150.jpg\" class=\"attachment-thumbnail size-thumbnail\" alt=\"\" aria-describedby=\"gallery-1-233908\" \/><\/a>\n\t\t\t\t<\/dt>\n\t\t\t\t\t<dd class='wp-caption-text gallery-caption' id='gallery-1-233908'>\n\t\t\t\t\tBRUNO LICONTI\n\t\t\t\t\t<\/dd><\/dl><br style=\"clear: both\" \/><dl class='gallery-item'>\n\t\t\t\t<dt class='gallery-icon portrait'>\n\t\t\t\t\t<a class=\"rollover rollover-zoom dt-pswp-item\" title=\"Elisabetta Ruggi\" data-dt-img-description=\"\" data-large_image_width=\"1920\" data-large_image_height=\"2560\"href='https:\/\/www.radiopiu.net\/wordpress\/wp-content\/uploads\/2021\/09\/Elisabetta-Ruggi-scaled.jpg'><img loading=\"lazy\" decoding=\"async\" width=\"150\" height=\"150\" src=\"https:\/\/www.radiopiu.net\/wordpress\/wp-content\/uploads\/2021\/09\/Elisabetta-Ruggi-150x150.jpg\" class=\"attachment-thumbnail size-thumbnail\" alt=\"\" aria-describedby=\"gallery-1-233909\" \/><\/a>\n\t\t\t\t<\/dt>\n\t\t\t\t\t<dd class='wp-caption-text gallery-caption' id='gallery-1-233909'>\n\t\t\t\t\tELISABETTA RUGGI\n\t\t\t\t\t<\/dd><\/dl><dl class='gallery-item'>\n\t\t\t\t<dt class='gallery-icon portrait'>\n\t\t\t\t\t<a class=\"rollover rollover-zoom dt-pswp-item\" title=\"Isaac Dall&#039;Asen\" data-dt-img-description=\"\" data-large_image_width=\"1920\" data-large_image_height=\"2560\"href='https:\/\/www.radiopiu.net\/wordpress\/wp-content\/uploads\/2021\/09\/Isaac-DallAsen-scaled.jpg'><img loading=\"lazy\" decoding=\"async\" width=\"150\" height=\"150\" src=\"https:\/\/www.radiopiu.net\/wordpress\/wp-content\/uploads\/2021\/09\/Isaac-DallAsen-150x150.jpg\" class=\"attachment-thumbnail size-thumbnail\" alt=\"\" aria-describedby=\"gallery-1-233910\" \/><\/a>\n\t\t\t\t<\/dt>\n\t\t\t\t\t<dd class='wp-caption-text gallery-caption' id='gallery-1-233910'>\n\t\t\t\t\tISAAC DALL&#8217;ASEN\n\t\t\t\t\t<\/dd><\/dl><dl class='gallery-item'>\n\t\t\t\t<dt class='gallery-icon portrait'>\n\t\t\t\t\t<a class=\"rollover rollover-zoom dt-pswp-item\" title=\"Laura Russian\" data-dt-img-description=\"\" data-large_image_width=\"991\" data-large_image_height=\"1551\"href='https:\/\/www.radiopiu.net\/wordpress\/wp-content\/uploads\/2021\/09\/Laura-Russian.jpg'><img loading=\"lazy\" decoding=\"async\" width=\"150\" height=\"150\" src=\"https:\/\/www.radiopiu.net\/wordpress\/wp-content\/uploads\/2021\/09\/Laura-Russian-150x150.jpg\" class=\"attachment-thumbnail size-thumbnail\" alt=\"\" aria-describedby=\"gallery-1-233911\" \/><\/a>\n\t\t\t\t<\/dt>\n\t\t\t\t\t<dd class='wp-caption-text gallery-caption' id='gallery-1-233911'>\n\t\t\t\t\tLAURA RUSSIAN\n\t\t\t\t\t<\/dd><\/dl><dl class='gallery-item'>\n\t\t\t\t<dt class='gallery-icon portrait'>\n\t\t\t\t\t<a class=\"rollover rollover-zoom dt-pswp-item\" title=\"Leopoldo Lezuo\" data-dt-img-description=\"\" data-large_image_width=\"1920\" data-large_image_height=\"2560\"href='https:\/\/www.radiopiu.net\/wordpress\/wp-content\/uploads\/2021\/09\/Leopoldo-Lezuo-scaled.jpg'><img loading=\"lazy\" decoding=\"async\" width=\"150\" height=\"150\" src=\"https:\/\/www.radiopiu.net\/wordpress\/wp-content\/uploads\/2021\/09\/Leopoldo-Lezuo-150x150.jpg\" class=\"attachment-thumbnail size-thumbnail\" alt=\"\" aria-describedby=\"gallery-1-233912\" \/><\/a>\n\t\t\t\t<\/dt>\n\t\t\t\t\t<dd class='wp-caption-text gallery-caption' id='gallery-1-233912'>\n\t\t\t\t\tLEOPOLDO LEZUO\n\t\t\t\t\t<\/dd><\/dl><br style=\"clear: both\" \/>\n\t\t\t<\/div>\n\n<div><\/div>\n<div><strong><a href=\"https:\/\/www.radiopiu.net\/wordpress\/i-candidati-sindaco-a-selva-di-cadore-intervistati-da-gianni-santomaso\/simbolo-selva-ce\/\" rel=\"attachment wp-att-233922\"><img loading=\"lazy\" decoding=\"async\" class=\"size-medium wp-image-233922 alignleft\" src=\"https:\/\/www.radiopiu.net\/wordpress\/wp-content\/uploads\/2021\/09\/Simbolo-Selva-ce\u0300-300x289.jpg\" alt=\"\" width=\"300\" height=\"289\" srcset=\"https:\/\/www.radiopiu.net\/wordpress\/wp-content\/uploads\/2021\/09\/Simbolo-Selva-ce\u0300-300x289.jpg 300w, https:\/\/www.radiopiu.net\/wordpress\/wp-content\/uploads\/2021\/09\/Simbolo-Selva-ce\u0300-768x740.jpg 768w, https:\/\/www.radiopiu.net\/wordpress\/wp-content\/uploads\/2021\/09\/Simbolo-Selva-ce\u0300.jpg 800w\" sizes=\"auto, (max-width: 300px) 100vw, 300px\" \/><\/a>SELVA DI CADORE<\/strong> \u00abCosa \u00e8 pi\u00f9 urgente contro lo spopolamento? Riuscire a creare un luogo in cui le famiglie possano lasciare i bambini\u00bb.<br \/>\nLuca Lorenzini, 37 anni, da tempo operativo nella gestione delle propriet\u00e0 collettive (le Regole) che segue come consulente esterno, guida\u2013accompagnatore di media montagna, si candida a guidare il Comune di Selva di Cadore con la lista &#8220;Selva c&#8217;\u00e8!&#8221;.<br \/>\n<strong>Cosa si pu\u00f2 fare a livello locale contro lo spopolamento?<\/strong><br \/>\n\u00abPrima di prospettare iniziative occorre conoscere il bilancio e verificare tanti aspetti, ma il problema mi sta molto a cuore. Chi cresce in realt\u00e0 dove sin da piccoli si riesce a instillare un legame molto forte col territorio, \u00e8 pi\u00f9 difficile che quando avr\u00e0 25-30 anni vada via. Questa fascia d&#8217;et\u00e0 ha poi problemi abitativi: gli affitti costano molto ed \u00e8 difficile trovare appartamenti per tutto l&#8217;arco dell&#8217;anno. Anche i prezzi di acquisto sono alti come in tutte le zone turistiche. Chi fa famiglia incontra poi i problemi legati ai servizi che nelle piccole realt\u00e0 della montagna bellunese sono carenti. Fra le tante iniziative possibili, io penso che sia urgente dare alle famiglie un posto dove lasciare i bambini\u00bb.<br \/>\n<strong>C&#8217;\u00e8 gi\u00e0 una domanda di contributo per il centro servizi alla famiglia nell&#8217;ex canonica di Santa Fosca, no?<\/strong><br \/>\n\u00abS\u00ec, c&#8217;\u00e8 uno studio di fattibilit\u00e0 che \u00e8 entrato in graduatoria, ma non \u00e8 stato finanziato. Ci adopereremo per cercare comunque i soldi necessari. In tale studio si parla di un centro ampio con spazi per i bimbi piccoli, locali adibiti per i pi\u00f9 grandicelli e anche per gli anziani\u00bb.<br \/>\n<strong>Cosa bisogna ancora fare nell&#8217;ambito della messa in sicurezza del territorio?<\/strong><br \/>\n\u00abLavorando con le propriet\u00e0 collettive ed essendo guida di mezza montagna conosco bene il tema e posso dire che il Comune di Selva ha agito bene nel post-Vaia e ha ottenuto somme considerevoli. Restano alcune criticit\u00e0 che verranno affrontate\u00bb.<br \/>\n<strong>Quali sono gli edifici pubblici da riammodernare?<\/strong><br \/>\n\u00abCi sono vari immobili che potrebbe essere interessati, in primis la canonica. Una cosa mi sento di dire: saremo concentrati sull&#8217;esistente e non faremo cattedrali nel deserto\u00bb.<br \/>\n<strong>Dopo il Pati si va verso Piano degli interventi. Qual \u00e8 la vostra posizione sulle ristrutturazioni?<\/strong><br \/>\n\u00ab\u00c8 un tema molto delicato e complesso. Sappiamo che nel momento in cui affronteremo il piano degli interventi ci saranno presentate molte esigenze private. Assicureremo due cose: ascolto e studio in collaborazione con i tecnici\u00bb.<br \/>\n<strong>Come si fa a regolare e indirizzare i flussi turistici giornalieri?<\/strong><br \/>\n\u00abIl problema \u00e8 nella zona della Staulanza dopo Pescul. D&#8217;estate, ma soprattutto d&#8217;inverno c&#8217;\u00e8 un problema di ordine pubblico dato dalle numerose auto che si fermano lungo la strada. \u00c8 un turismo giornaliero che d\u00e0 poco apporto all&#8217;economia della valle, ma le aree in questione sono private. \u00c8 prematuro dire quali interventi si possono fare, ma noi conosciamo il problema e cercheremo di affrontarlo\u00bb.<br \/>\n<strong>Qual \u00e8 la sua posizione sul collegamento sciistico Civetta-Cinque Torri?<\/strong><br \/>\n\u00abAd oggi \u00e8 in fase embrionale, non si sono progetti definitivi, per cui dare un parere \u00e8 prematuro. Nel caso in cui ci sia l&#8217;intenzione di concretizzarlo, ci interfacceremo con i soggetti che portano avanti l&#8217;iniziativa e poi concerteremo la posizione del Comune con la comunit\u00e0 tutta\u00bb.<br \/>\n<strong>\u00c8 tesserato a qualche partito? Qual \u00e8 la sua ideologia politica?<\/strong><br \/>\n\u00abNon sono iscritto ad alcun partito. La nostra \u00e8 una lista civica\u00bb.<\/div>\n<div>\n\n\t\t\t<style type='text\/css'>\n\t\t\t\t#gallery-2 {\n\t\t\t\t\tmargin: auto;\n\t\t\t\t}\n\t\t\t\t#gallery-2 .gallery-item {\n\t\t\t\t\tfloat: left;\n\t\t\t\t\tmargin-top: 10px;\n\t\t\t\t\ttext-align: center;\n\t\t\t\t\twidth: 25%;\n\t\t\t\t}\n\t\t\t\t#gallery-2 img {\n\t\t\t\t\tborder: 2px solid #cfcfcf;\n\t\t\t\t}\n\t\t\t\t#gallery-2 .gallery-caption {\n\t\t\t\t\tmargin-left: 0;\n\t\t\t\t}\n\t\t\t\t\/* see gallery_shortcode() in wp-includes\/media.php *\/\n\t\t\t<\/style>\n\t\t<div id='gallery-2' class='dt-gallery-container gallery galleryid-233904 gallery-columns-4 gallery-size-thumbnail'><dl class='gallery-item'>\n\t\t\t\t<dt class='gallery-icon portrait'>\n\t\t\t\t\t<a class=\"rollover rollover-zoom dt-pswp-item\" title=\"Luca Lorenzini\" data-dt-img-description=\"\" data-large_image_width=\"1200\" data-large_image_height=\"1295\"href='https:\/\/www.radiopiu.net\/wordpress\/wp-content\/uploads\/2021\/09\/Luca-Lorenzini-1.jpg'><img loading=\"lazy\" decoding=\"async\" width=\"150\" height=\"150\" src=\"https:\/\/www.radiopiu.net\/wordpress\/wp-content\/uploads\/2021\/09\/Luca-Lorenzini-1-150x150.jpg\" class=\"attachment-thumbnail size-thumbnail\" alt=\"\" aria-describedby=\"gallery-2-233913\" \/><\/a>\n\t\t\t\t<\/dt>\n\t\t\t\t\t<dd class='wp-caption-text gallery-caption' id='gallery-2-233913'>\n\t\t\t\t\tLUCA LORENZINI CANDIDATO SINDACO\n\t\t\t\t\t<\/dd><\/dl><dl class='gallery-item'>\n\t\t\t\t<dt class='gallery-icon portrait'>\n\t\t\t\t\t<a class=\"rollover rollover-zoom dt-pswp-item\" title=\"Elena Dolcetta Capuzzo\" data-dt-img-description=\"\" data-large_image_width=\"1494\" data-large_image_height=\"1600\"href='https:\/\/www.radiopiu.net\/wordpress\/wp-content\/uploads\/2021\/09\/Elena-Dolcetta-Capuzzo.jpg'><img loading=\"lazy\" decoding=\"async\" width=\"150\" height=\"150\" src=\"https:\/\/www.radiopiu.net\/wordpress\/wp-content\/uploads\/2021\/09\/Elena-Dolcetta-Capuzzo-150x150.jpg\" class=\"attachment-thumbnail size-thumbnail\" alt=\"\" aria-describedby=\"gallery-2-233914\" \/><\/a>\n\t\t\t\t<\/dt>\n\t\t\t\t\t<dd class='wp-caption-text gallery-caption' id='gallery-2-233914'>\n\t\t\t\t\tELENA DOLCETTA CAPUZZO\n\t\t\t\t\t<\/dd><\/dl><dl class='gallery-item'>\n\t\t\t\t<dt class='gallery-icon portrait'>\n\t\t\t\t\t<a class=\"rollover rollover-zoom dt-pswp-item\" title=\"Melchiori Silvia\" data-dt-img-description=\"\" data-large_image_width=\"820\" data-large_image_height=\"1024\"href='https:\/\/www.radiopiu.net\/wordpress\/wp-content\/uploads\/2021\/09\/Melchiori-Silvia.jpg'><img loading=\"lazy\" decoding=\"async\" width=\"150\" height=\"150\" src=\"https:\/\/www.radiopiu.net\/wordpress\/wp-content\/uploads\/2021\/09\/Melchiori-Silvia-150x150.jpg\" class=\"attachment-thumbnail size-thumbnail\" alt=\"\" aria-describedby=\"gallery-2-233915\" \/><\/a>\n\t\t\t\t<\/dt>\n\t\t\t\t\t<dd class='wp-caption-text gallery-caption' id='gallery-2-233915'>\n\t\t\t\t\tSILVIA MELCHIORI\n\t\t\t\t\t<\/dd><\/dl><dl class='gallery-item'>\n\t\t\t\t<dt class='gallery-icon portrait'>\n\t\t\t\t\t<a class=\"rollover rollover-zoom dt-pswp-item\" title=\"Odorizzi Nicola\" data-dt-img-description=\"\" data-large_image_width=\"1200\" data-large_image_height=\"1600\"href='https:\/\/www.radiopiu.net\/wordpress\/wp-content\/uploads\/2021\/09\/Odorizzi-Nicola.jpg'><img loading=\"lazy\" decoding=\"async\" width=\"150\" height=\"150\" src=\"https:\/\/www.radiopiu.net\/wordpress\/wp-content\/uploads\/2021\/09\/Odorizzi-Nicola-150x150.jpg\" class=\"attachment-thumbnail size-thumbnail\" alt=\"\" aria-describedby=\"gallery-2-233916\" \/><\/a>\n\t\t\t\t<\/dt>\n\t\t\t\t\t<dd class='wp-caption-text gallery-caption' id='gallery-2-233916'>\n\t\t\t\t\tNICOLA ODORIZZI\n\t\t\t\t\t<\/dd><\/dl><br style=\"clear: both\" \/><dl class='gallery-item'>\n\t\t\t\t<dt class='gallery-icon portrait'>\n\t\t\t\t\t<a class=\"rollover rollover-zoom dt-pswp-item\" title=\"Pirollo Enrico\" data-dt-img-description=\"\" data-large_image_width=\"768\" data-large_image_height=\"1024\"href='https:\/\/www.radiopiu.net\/wordpress\/wp-content\/uploads\/2021\/09\/Pirollo-Enrico.jpg'><img loading=\"lazy\" decoding=\"async\" width=\"150\" height=\"150\" src=\"https:\/\/www.radiopiu.net\/wordpress\/wp-content\/uploads\/2021\/09\/Pirollo-Enrico-150x150.jpg\" class=\"attachment-thumbnail size-thumbnail\" alt=\"\" aria-describedby=\"gallery-2-233917\" \/><\/a>\n\t\t\t\t<\/dt>\n\t\t\t\t\t<dd class='wp-caption-text gallery-caption' id='gallery-2-233917'>\n\t\t\t\t\tENRICO PIROLLO\n\t\t\t\t\t<\/dd><\/dl><dl class='gallery-item'>\n\t\t\t\t<dt class='gallery-icon portrait'>\n\t\t\t\t\t<a class=\"rollover rollover-zoom dt-pswp-item\" title=\"Rossini Gabriele\" data-dt-img-description=\"\" data-large_image_width=\"682\" data-large_image_height=\"1024\"href='https:\/\/www.radiopiu.net\/wordpress\/wp-content\/uploads\/2021\/09\/Rossini-Gabriele.jpg'><img loading=\"lazy\" decoding=\"async\" width=\"150\" height=\"150\" src=\"https:\/\/www.radiopiu.net\/wordpress\/wp-content\/uploads\/2021\/09\/Rossini-Gabriele-150x150.jpg\" class=\"attachment-thumbnail size-thumbnail\" alt=\"\" aria-describedby=\"gallery-2-233918\" \/><\/a>\n\t\t\t\t<\/dt>\n\t\t\t\t\t<dd class='wp-caption-text gallery-caption' id='gallery-2-233918'>\n\t\t\t\t\tGABRIELE ROSSINI\n\t\t\t\t\t<\/dd><\/dl><dl class='gallery-item'>\n\t\t\t\t<dt class='gallery-icon portrait'>\n\t\t\t\t\t<a class=\"rollover rollover-zoom dt-pswp-item\" title=\"Rova Enrico\" data-dt-img-description=\"\" data-large_image_width=\"1012\" data-large_image_height=\"1496\"href='https:\/\/www.radiopiu.net\/wordpress\/wp-content\/uploads\/2021\/09\/Rova-Enrico.jpg'><img loading=\"lazy\" decoding=\"async\" width=\"150\" height=\"150\" src=\"https:\/\/www.radiopiu.net\/wordpress\/wp-content\/uploads\/2021\/09\/Rova-Enrico-150x150.jpg\" class=\"attachment-thumbnail size-thumbnail\" alt=\"\" aria-describedby=\"gallery-2-233919\" \/><\/a>\n\t\t\t\t<\/dt>\n\t\t\t\t\t<dd class='wp-caption-text gallery-caption' id='gallery-2-233919'>\n\t\t\t\t\tENRICO ROVA\n\t\t\t\t\t<\/dd><\/dl><dl class='gallery-item'>\n\t\t\t\t<dt class='gallery-icon portrait'>\n\t\t\t\t\t<a class=\"rollover rollover-zoom dt-pswp-item\" title=\"Torre Ivo\" data-dt-img-description=\"\" data-large_image_width=\"256\" data-large_image_height=\"415\"href='https:\/\/www.radiopiu.net\/wordpress\/wp-content\/uploads\/2021\/09\/Torre-Ivo.jpg'><img loading=\"lazy\" decoding=\"async\" width=\"150\" height=\"150\" src=\"https:\/\/www.radiopiu.net\/wordpress\/wp-content\/uploads\/2021\/09\/Torre-Ivo-150x150.jpg\" class=\"attachment-thumbnail size-thumbnail\" alt=\"\" aria-describedby=\"gallery-2-233920\" \/><\/a>\n\t\t\t\t<\/dt>\n\t\t\t\t\t<dd class='wp-caption-text gallery-caption' id='gallery-2-233920'>\n\t\t\t\t\tIVO TORRE\n\t\t\t\t\t<\/dd><\/dl><br style=\"clear: both\" \/>\n\t\t\t<\/div>\n\n<\/div>\n<div><\/div>\n<div><\/div>\n<div><\/div>\n<div><\/div>\n<div>******<\/div>\n","protected":false},"excerpt":{"rendered":"<p>di Gianni Santomaso SELVA DI CADORE \u00abSe vogliamo crescere e intercettare fondi, dobbiamo unirci e guardare anche fuori del paese\u00bb. Adriano Peretti, 51 anni, \u00e8 stato il primo a ufficializzare la propria candidatura a sindaco di Selva di Cadore come capolista di &#8220;Insieme per Selva di Cadore&#8221;. Originario di San Don\u00e0 di Piave (dove era&hellip;<\/p>\n","protected":false},"author":4,"featured_media":47474,"comment_status":"closed","ping_status":"open","sticky":false,"template":"","format":"standard","meta":{"_monsterinsights_skip_tracking":false,"_monsterinsights_sitenote_active":false,"_monsterinsights_sitenote_note":"","_monsterinsights_sitenote_category":0,"footnotes":""},"categories":[51,49],"tags":[],"class_list":["post-233904","post","type-post","status-publish","format-standard","has-post-thumbnail","hentry","category-evidenza-top","category-news-18","category-51","category-49","description-off"],"img_url":"https:\/\/www.radiopiu.net\/wordpress\/wp-content\/uploads\/2018\/05\/SELVA-DI-CADORE.jpg","_links":{"self":[{"href":"https:\/\/www.radiopiu.net\/wordpress\/wp-json\/wp\/v2\/posts\/233904","targetHints":{"allow":["GET"]}}],"collection":[{"href":"https:\/\/www.radiopiu.net\/wordpress\/wp-json\/wp\/v2\/posts"}],"about":[{"href":"https:\/\/www.radiopiu.net\/wordpress\/wp-json\/wp\/v2\/types\/post"}],"author":[{"embeddable":true,"href":"https:\/\/www.radiopiu.net\/wordpress\/wp-json\/wp\/v2\/users\/4"}],"replies":[{"embeddable":true,"href":"https:\/\/www.radiopiu.net\/wordpress\/wp-json\/wp\/v2\/comments?post=233904"}],"version-history":[{"count":0,"href":"https:\/\/www.radiopiu.net\/wordpress\/wp-json\/wp\/v2\/posts\/233904\/revisions"}],"wp:featuredmedia":[{"embeddable":true,"href":"https:\/\/www.radiopiu.net\/wordpress\/wp-json\/wp\/v2\/media\/47474"}],"wp:attachment":[{"href":"https:\/\/www.radiopiu.net\/wordpress\/wp-json\/wp\/v2\/media?parent=233904"}],"wp:term":[{"taxonomy":"category","embeddable":true,"href":"https:\/\/www.radiopiu.net\/wordpress\/wp-json\/wp\/v2\/categories?post=233904"},{"taxonomy":"post_tag","embeddable":true,"href":"https:\/\/www.radiopiu.net\/wordpress\/wp-json\/wp\/v2\/tags?post=233904"}],"curies":[{"name":"wp","href":"https:\/\/api.w.org\/{rel}","templated":true}]}}