{"id":234047,"date":"2021-09-28T05:35:53","date_gmt":"2021-09-28T03:35:53","guid":{"rendered":"https:\/\/www.radiopiu.net\/wordpress\/?p=234047"},"modified":"2021-09-28T05:52:22","modified_gmt":"2021-09-28T03:52:22","slug":"i-sette-giorni-piu-lunghi-dellacc-esempio-di-resistenza-intorno-ad-un-patrimonio-tecnico","status":"publish","type":"post","link":"https:\/\/www.radiopiu.net\/wordpress\/i-sette-giorni-piu-lunghi-dellacc-esempio-di-resistenza-intorno-ad-un-patrimonio-tecnico\/","title":{"rendered":"I SETTE GIORNI PIU&#8217; LUNGHI DELL&#8217;ACC ESEMPIO DI RESISTENZA INTORNO AD UN PATRIMONIO TECNICO"},"content":{"rendered":"<p><strong><img loading=\"lazy\" decoding=\"async\" class=\"alignleft\" src=\"https:\/\/www.radiopiu.net\/wordpress\/wp-content\/uploads\/2021\/07\/faa8de43-2fda-41a5-a69d-a3a4c1e10a1c.jpg\" width=\"137\" height=\"183\" \/>BORGO VALBELLUNA<\/strong> Iniziano domani i sette giorni \u00a0pi\u00f9 lunghi nella storia di Acc. E&#8217; stato infatti convocato il tavolo al Ministero dello Sviluppo Economico (Mise) per chiudere la sessione iniziata il 13 settembre scorso e il 5 ottobre scade il termine per la presentazione delle offerte vincolanti da parte degli investitori che hanno partecipato alla gara iniziata il 14 Giugno 2021. <em>&#8220;Domani il Ministero deve uscire definitivamente dalle nebbie omissive degli ultimi mesi\u00a0 &#8211; dice Stefano Bona della Cgil &#8211; e deve dire una volta per tutte se metter\u00e0 a disposizione di Acc i finanziamenti previsti dal fondo per le grandi imprese in crisi, per quale importo e quando! Non accetteremo nessuna ambiguit\u00e0, da oltre un anno il Mise deve trovare i fondi, che la legge Prodi dispone per alimentare la gestione di una azienda in Amministrazione Straordinaria se ancora non ci \u00e8 riuscito \u00e8 solo colpa della sua inconsistenza nelle relazioni con la commissione europea e poi nell&#8217;adozione di uno strumento normativo efficace, Acc \u00e8 in grado di presentare la domanda in poche ore, basta che il mise dica quanti soldi intende concedere e su quali presupposti di rimborsabilit\u00e0. Con noi, siamo convinti, anche la regione Veneto non intende pi\u00f9 essere presa in giro, a cominciare dal suo governatore Luca Zaia per gli impegni presi con i lavoratori, che con l&#8217;assessore Donazzan presidia da mesi, con impegno questa crisi! Non permetteremo che tutto finisca nella palude delle lotte intestine del Ministero&#8221;. <\/em>\u00a0 Acc pur senza supporti finanziari da oltre 21 mesi resta aperta anche se con la produzione limitata a pochi strategici clienti. Un vero miracolo industriale, un esempio di resistenza intorno ad un patrimonio tecnico unico al mondo. Se Mel sar\u00e0 salvata sar\u00e0 grazie al fatto di essere riuscita in mezzo alla crisi pi\u00f9 nera, ad industrializzate un nuovo compressore in grado di mettere all&#8217;angolo tutta la concorrenza internazionale, e di aver sempre fornito puntualmente i suoi clienti nel grande caos della logistica globale.\u00a0 <em>&#8220;Abbiamo bisogno di trattative vere &#8211; insiste Bona &#8211;\u00a0 alla fine delle quali si sottoscrivono accordi veri, che impegnano le parti, basta post su Facebook, agenzie di stampa o veline di ogni genere, servono atti di responsabilit\u00e0. Martedi terminer\u00e0 la gara e dovranno arrivare le offerte vincolanti di acquisto, se ci saranno si apra da subito il confronto. Se invece non ci saranno offerte, devono essere garantite ad Acc le finanze necessarie per arrivare al marzo 2022 che \u00e8 il termine previsto dalla legge per sostituire lo strumento della gara pubblica con quello della trattativa privata nella ricerca dell&#8217;investitore per Acc&#8221;.\u00a0<\/em><\/p>\n","protected":false},"excerpt":{"rendered":"<p>BORGO VALBELLUNA Iniziano domani i sette giorni \u00a0pi\u00f9 lunghi nella storia di Acc. E&#8217; stato infatti convocato il tavolo al Ministero dello Sviluppo Economico (Mise) per chiudere la sessione iniziata il 13 settembre scorso e il 5 ottobre scade il termine per la presentazione delle offerte vincolanti da parte degli investitori che hanno partecipato alla&hellip;<\/p>\n","protected":false},"author":4,"featured_media":219346,"comment_status":"closed","ping_status":"open","sticky":false,"template":"","format":"standard","meta":{"_monsterinsights_skip_tracking":false,"_monsterinsights_sitenote_active":false,"_monsterinsights_sitenote_note":"","_monsterinsights_sitenote_category":0,"footnotes":""},"categories":[51,49],"tags":[],"class_list":["post-234047","post","type-post","status-publish","format-standard","has-post-thumbnail","hentry","category-evidenza-top","category-news-18","category-51","category-49","description-off"],"img_url":"https:\/\/www.radiopiu.net\/wordpress\/wp-content\/uploads\/2021\/07\/faa8de43-2fda-41a5-a69d-a3a4c1e10a1c.jpg","_links":{"self":[{"href":"https:\/\/www.radiopiu.net\/wordpress\/wp-json\/wp\/v2\/posts\/234047","targetHints":{"allow":["GET"]}}],"collection":[{"href":"https:\/\/www.radiopiu.net\/wordpress\/wp-json\/wp\/v2\/posts"}],"about":[{"href":"https:\/\/www.radiopiu.net\/wordpress\/wp-json\/wp\/v2\/types\/post"}],"author":[{"embeddable":true,"href":"https:\/\/www.radiopiu.net\/wordpress\/wp-json\/wp\/v2\/users\/4"}],"replies":[{"embeddable":true,"href":"https:\/\/www.radiopiu.net\/wordpress\/wp-json\/wp\/v2\/comments?post=234047"}],"version-history":[{"count":0,"href":"https:\/\/www.radiopiu.net\/wordpress\/wp-json\/wp\/v2\/posts\/234047\/revisions"}],"wp:featuredmedia":[{"embeddable":true,"href":"https:\/\/www.radiopiu.net\/wordpress\/wp-json\/wp\/v2\/media\/219346"}],"wp:attachment":[{"href":"https:\/\/www.radiopiu.net\/wordpress\/wp-json\/wp\/v2\/media?parent=234047"}],"wp:term":[{"taxonomy":"category","embeddable":true,"href":"https:\/\/www.radiopiu.net\/wordpress\/wp-json\/wp\/v2\/categories?post=234047"},{"taxonomy":"post_tag","embeddable":true,"href":"https:\/\/www.radiopiu.net\/wordpress\/wp-json\/wp\/v2\/tags?post=234047"}],"curies":[{"name":"wp","href":"https:\/\/api.w.org\/{rel}","templated":true}]}}