{"id":234152,"date":"2021-09-29T16:28:42","date_gmt":"2021-09-29T14:28:42","guid":{"rendered":"https:\/\/www.radiopiu.net\/wordpress\/?p=234152"},"modified":"2021-09-30T05:59:15","modified_gmt":"2021-09-30T03:59:15","slug":"terred","status":"publish","type":"post","link":"https:\/\/www.radiopiu.net\/wordpress\/terred\/","title":{"rendered":"TERREMOTO: ANCORA MIANE, LA SCOSSA:  3,5 SCALA RICHTER"},"content":{"rendered":"<h3>MIANE Un&#8217;altra scossa di terremoto ieri con epicentro a Miane,\u00a0 alle 16.20, magnitudo 3,5 profondit\u00e0 18 chilometri. Nel pomeriggio alle 17.10 altra scossa di terremoto a Claut, 1,5 di magnitudo. <strong>Alle 18. 14 VALDOBBIADENE magnitudo 1,6<\/strong><\/h3>\n<p><strong><a href=\"https:\/\/www.radiopiu.net\/wordpress\/terred\/50de7d3c-c395-423e-9a42-672c66ab9011\/\" rel=\"attachment wp-att-234477\"><img loading=\"lazy\" decoding=\"async\" class=\"size-medium wp-image-234477 alignleft\" src=\"https:\/\/www.radiopiu.net\/wordpress\/wp-content\/uploads\/2021\/09\/50de7d3c-c395-423e-9a42-672c66ab9011-140x300.jpg\" alt=\"\" width=\"140\" height=\"300\" srcset=\"https:\/\/www.radiopiu.net\/wordpress\/wp-content\/uploads\/2021\/09\/50de7d3c-c395-423e-9a42-672c66ab9011-140x300.jpg 140w, https:\/\/www.radiopiu.net\/wordpress\/wp-content\/uploads\/2021\/09\/50de7d3c-c395-423e-9a42-672c66ab9011-478x1024.jpg 478w, https:\/\/www.radiopiu.net\/wordpress\/wp-content\/uploads\/2021\/09\/50de7d3c-c395-423e-9a42-672c66ab9011-768x1647.jpg 768w, https:\/\/www.radiopiu.net\/wordpress\/wp-content\/uploads\/2021\/09\/50de7d3c-c395-423e-9a42-672c66ab9011-716x1536.jpg 716w, https:\/\/www.radiopiu.net\/wordpress\/wp-content\/uploads\/2021\/09\/50de7d3c-c395-423e-9a42-672c66ab9011.jpg 955w\" sizes=\"auto, (max-width: 140px) 100vw, 140px\" \/><\/a>questi i comuni dove si stima sia stata precipita la scossa, oltre a Miane ovviamente:<\/strong><br \/>\nFollina (Treviso) 6 km Valdobbiadene (Treviso) 6 km Segusino (Treviso) 8 km Farra di Soligo (Treviso) 8 km Cison di Valmarino (Treviso) 8 km Quero Vas (Belluno) 9 km Vidor (Treviso) 9 km Borgo Valbelluna (Belluno) 10 km Moriago della Battaglia (Treviso) 10 km Pederobba (Treviso) 11 km Sernaglia della Battaglia (Treviso) 11 km Alano di Piave (Belluno) 11 km Pieve di Soligo (Treviso) 12 km Feltre (Belluno) 13 km Cornuda (Treviso) 13 km Refrontolo (Treviso) 13 km Crocetta del Montello (Treviso) 14 km Cavaso del Tomba (Treviso) 15 km Santa Giustina (Belluno) 15 km Tarzo (Treviso) 15 km Revine Lago (Treviso) 16 km Seren del Grappa (Belluno) 16 km Pedavena (Belluno) 16 km<br \/>\nMonfumo (Treviso) 16 km Possagno (Treviso) 16 km Cesiomaggiore (Belluno) 16 km Maser (Treviso) 16 km San Pietro di Feletto (Treviso) 17 km\u00a0 San Gregorio nelle Alpi (Belluno) 17 km<\/p>\n<p>Info Assessorato Protezione Civile Veneto_ass Gianpaolo Bottacin<\/p>\n<p>&nbsp;<\/p>\n<p>&nbsp;<\/p>\n<p>&nbsp;<\/p>\n<p><strong>ARCHIVIO RADIOPIU<\/strong><\/p>\n<hr \/>\n<blockquote><p><strong><a href=\"https:\/\/www.radiopiu.net\/wordpress\/giornale-radiopiu-29-settembre-2021-direttore-mirko-mezzacasa\/agor-hhz-7\/\" rel=\"attachment wp-att-234340\"><img loading=\"lazy\" decoding=\"async\" class=\"size-medium wp-image-234340 alignleft\" src=\"https:\/\/www.radiopiu.net\/wordpress\/wp-content\/uploads\/2021\/09\/AGOR.HHZ_-1-300x232.gif\" alt=\"\" width=\"300\" height=\"232\" srcset=\"https:\/\/www.radiopiu.net\/wordpress\/wp-content\/uploads\/2021\/09\/AGOR.HHZ_-1-300x232.gif 300w, https:\/\/www.radiopiu.net\/wordpress\/wp-content\/uploads\/2021\/09\/AGOR.HHZ_-1-768x593.gif 768w\" sizes=\"auto, (max-width: 300px) 100vw, 300px\" \/><\/a>SCOSSE DI TERREMOTO RILEVATE DAL SISMOGRAFO NELLE EX GALLERIE DEL MINERARIO<\/strong><\/p><\/blockquote>\n<p><strong>REDAZIONE\u00a0<\/strong> Dopo le scosse della notte, lo sciame fino all&#8217;ultimo tremolio alle 6.26, a 4 chilometri da Valdobbiadene, 2,5 gradi della scala Richter (oltre 3,2 le precedenti della notte). Il terremoto \u00e8 stato localizzato da: Sala Sismica INGV-Roma. L&#8217;ora risulta sfalsata (rispetto all&#8217;evento) di 120 minuti. Le due scosse di terremoto pi\u00f9 forti al confine con il bellunese, a Miane e Valdobbiadene, peraltro di oltre 3 gradi della scala Richter. Ieri sera poco prima delle 19 scossa di terremoto a Pettorazza Grimani di Rovigo, magnitudo 2,7, profondit\u00e0 2 chilometri<\/p>\n<p>Questa notte Un terremoto di magnitudo \u00a02.9 \u00e8 avvenuto nella zona do \u00a0Ala in provincia di Trento ad una profondit\u00e0 di 12 km. Il terremoto \u00e8 stato localizzato da: Sala Sismica INGV-Roma. Altra scossa stamane alle 4.44 a Sauris (Udine) anche in questo caso al confine con la provincia, magnitudo 1,5<\/p>\n<p><strong>NELLA FOTO DAL SISMOGRAFO DI AGORDO VIA MOLIN DEI COT<\/strong><\/p>\n<p>&nbsp;<\/p>\n<p>&nbsp;<\/p>\n<p><strong>IERI ALLA RADIO<\/strong><\/p>\n<p><strong>REDAZIONE<\/strong> Arrivano segnalazioni dal Mas di Sedico e dalla Valbelluna: &#8220;abbiamo sentito la terra tremare&#8221;, infatti alle 2.45 due scosse di terremoto al confine con il bellunese, a Miane e Valdobbiadene, peraltro di oltre 3 gradi della scala Richter. Questa sera poco prima delle 19 scossa di terremoto a Pettorazza Grimani di Rovigo, magnitudo 2,7, profondit\u00e0 2 chilometri<\/p>\n<p><a href=\"https:\/\/www.radiopiu.net\/wordpress\/ultimora-terremoto-alle-tre-del-mattino-dal-trevigiano-al-bellunese\/7e57d9d1-d696-48c5-9935-6030b1752c78\/\" rel=\"attachment wp-att-234153\"><img loading=\"lazy\" decoding=\"async\" class=\"alignnone size-medium wp-image-234153\" src=\"https:\/\/www.radiopiu.net\/wordpress\/wp-content\/uploads\/2021\/09\/7e57d9d1-d696-48c5-9935-6030b1752c78-300x246.jpg\" alt=\"\" width=\"300\" height=\"246\" srcset=\"https:\/\/www.radiopiu.net\/wordpress\/wp-content\/uploads\/2021\/09\/7e57d9d1-d696-48c5-9935-6030b1752c78-300x246.jpg 300w, https:\/\/www.radiopiu.net\/wordpress\/wp-content\/uploads\/2021\/09\/7e57d9d1-d696-48c5-9935-6030b1752c78.jpg 720w\" sizes=\"auto, (max-width: 300px) 100vw, 300px\" \/><\/a><a href=\"https:\/\/www.radiopiu.net\/wordpress\/ultimora-terremoto-alle-tre-del-mattino-dal-trevigiano-al-bellunese\/3ca0c9f4-1137-4148-8896-db77b7ecb0d1\/\" rel=\"attachment wp-att-234179\"><img loading=\"lazy\" decoding=\"async\" class=\"alignnone size-medium wp-image-234179\" src=\"https:\/\/www.radiopiu.net\/wordpress\/wp-content\/uploads\/2021\/09\/3ca0c9f4-1137-4148-8896-db77b7ecb0d1-140x300.jpg\" alt=\"\" width=\"140\" height=\"300\" srcset=\"https:\/\/www.radiopiu.net\/wordpress\/wp-content\/uploads\/2021\/09\/3ca0c9f4-1137-4148-8896-db77b7ecb0d1-140x300.jpg 140w, https:\/\/www.radiopiu.net\/wordpress\/wp-content\/uploads\/2021\/09\/3ca0c9f4-1137-4148-8896-db77b7ecb0d1-478x1024.jpg 478w, https:\/\/www.radiopiu.net\/wordpress\/wp-content\/uploads\/2021\/09\/3ca0c9f4-1137-4148-8896-db77b7ecb0d1-768x1647.jpg 768w, https:\/\/www.radiopiu.net\/wordpress\/wp-content\/uploads\/2021\/09\/3ca0c9f4-1137-4148-8896-db77b7ecb0d1-716x1536.jpg 716w, https:\/\/www.radiopiu.net\/wordpress\/wp-content\/uploads\/2021\/09\/3ca0c9f4-1137-4148-8896-db77b7ecb0d1.jpg 955w\" sizes=\"auto, (max-width: 140px) 100vw, 140px\" \/><\/a><a href=\"https:\/\/www.radiopiu.net\/wordpress\/ultimora-terremoto-alle-tre-del-mattino-dal-trevigiano-al-bellunese\/a4103d0d-8fa2-440d-b1d0-f8ad9f909718\/\" rel=\"attachment wp-att-234321\"><img loading=\"lazy\" decoding=\"async\" class=\"alignnone size-medium wp-image-234321\" src=\"https:\/\/www.radiopiu.net\/wordpress\/wp-content\/uploads\/2021\/09\/a4103d0d-8fa2-440d-b1d0-f8ad9f909718-240x300.jpg\" alt=\"\" width=\"240\" height=\"300\" srcset=\"https:\/\/www.radiopiu.net\/wordpress\/wp-content\/uploads\/2021\/09\/a4103d0d-8fa2-440d-b1d0-f8ad9f909718-240x300.jpg 240w, https:\/\/www.radiopiu.net\/wordpress\/wp-content\/uploads\/2021\/09\/a4103d0d-8fa2-440d-b1d0-f8ad9f909718-819x1024.jpg 819w, https:\/\/www.radiopiu.net\/wordpress\/wp-content\/uploads\/2021\/09\/a4103d0d-8fa2-440d-b1d0-f8ad9f909718-768x960.jpg 768w, https:\/\/www.radiopiu.net\/wordpress\/wp-content\/uploads\/2021\/09\/a4103d0d-8fa2-440d-b1d0-f8ad9f909718.jpg 1080w\" sizes=\"auto, (max-width: 240px) 100vw, 240px\" \/><\/a><\/p>\n<blockquote>\n<h3>PROTEZIONE CIVILE DEL VENETO TERREMOTI ZONA MIANE (TV) DEL 28 SETTEMBRE 2021<\/h3>\n<\/blockquote>\n<p>Oggi, 28 settembre 2021 alle 2:45 e 2:46 locali, la Rete Sismometrica del Veneto ha registrato due terremoti, rispettivamente di magnitudo 3.7 e 3.5, localizzati in prossimit\u00e0 di Miane (TV), a cavallo tra le provincie di Treviso e Belluno, a una profondit\u00e0 di circa 10 km. I terremoti sono stati percepiti dalla popolazione. L\u2019evoluzione<br \/>\ndel fenomeno viene seguita con continuit\u00e0 dalla Protezione Civile del Veneto e dal Centro di Ricerche Sismologiche dell\u2019OGS. Allo stato attuale si contano quattro repliche, la maggiore delle quali di magnitudo 2.6 alle ore 3:32. Negli ultimi mesi la zona \u00e8 stata interessata da terremoti di minore entit\u00e0 localizzata circa 10 km pi\u00f9 a sud-est (zona di Pieve di Soligo). Storicamente \u00e8 una delle zone sismicamente pi\u00f9 attive del Veneto. A quest\u2019area viene attribuito il terremoto del 25 febbraio 1695, noto come terremoto di Asolo, di magnitudo stimata 6.4 (magnitudo analoga a quella del terremoto del Friuli del 1976). Dal punto di vista della sismicit\u00e0 pi\u00f9 recente e registrata strumentalmente, nella stessa zona sono da segnalare due terremoti avvenuti il 12 e il 15 maggio 2015, rispettivamente di magnitudo 3.7 e 3.6. Un ulteriore terremoto di magnitudo 3.7 si \u00e8 verificato il 13 settembre 2011. I livelli di magnitudo osservati questa mattina sono quindi in linea con quelli massimi osservati nella zona negli ultimi decenni.<\/p>\n","protected":false},"excerpt":{"rendered":"<p>MIANE Un&#8217;altra scossa di terremoto ieri con epicentro a Miane,\u00a0 alle 16.20, magnitudo 3,5 profondit\u00e0 18 chilometri. Nel pomeriggio alle 17.10 altra scossa di terremoto a Claut, 1,5 di magnitudo. Alle 18. 14 VALDOBBIADENE magnitudo 1,6 questi i comuni dove si stima sia stata precipita la scossa, oltre a Miane ovviamente: Follina (Treviso) 6 km&hellip;<\/p>\n","protected":false},"author":4,"featured_media":124960,"comment_status":"closed","ping_status":"open","sticky":false,"template":"","format":"standard","meta":{"_monsterinsights_skip_tracking":false,"_monsterinsights_sitenote_active":false,"_monsterinsights_sitenote_note":"","_monsterinsights_sitenote_category":0,"footnotes":""},"categories":[1],"tags":[],"class_list":["post-234152","post","type-post","status-publish","format-standard","has-post-thumbnail","hentry","category-senza-categoria","category-1","description-off"],"img_url":"https:\/\/www.radiopiu.net\/wordpress\/wp-content\/uploads\/2020\/03\/download-44.jpg","_links":{"self":[{"href":"https:\/\/www.radiopiu.net\/wordpress\/wp-json\/wp\/v2\/posts\/234152","targetHints":{"allow":["GET"]}}],"collection":[{"href":"https:\/\/www.radiopiu.net\/wordpress\/wp-json\/wp\/v2\/posts"}],"about":[{"href":"https:\/\/www.radiopiu.net\/wordpress\/wp-json\/wp\/v2\/types\/post"}],"author":[{"embeddable":true,"href":"https:\/\/www.radiopiu.net\/wordpress\/wp-json\/wp\/v2\/users\/4"}],"replies":[{"embeddable":true,"href":"https:\/\/www.radiopiu.net\/wordpress\/wp-json\/wp\/v2\/comments?post=234152"}],"version-history":[{"count":0,"href":"https:\/\/www.radiopiu.net\/wordpress\/wp-json\/wp\/v2\/posts\/234152\/revisions"}],"wp:featuredmedia":[{"embeddable":true,"href":"https:\/\/www.radiopiu.net\/wordpress\/wp-json\/wp\/v2\/media\/124960"}],"wp:attachment":[{"href":"https:\/\/www.radiopiu.net\/wordpress\/wp-json\/wp\/v2\/media?parent=234152"}],"wp:term":[{"taxonomy":"category","embeddable":true,"href":"https:\/\/www.radiopiu.net\/wordpress\/wp-json\/wp\/v2\/categories?post=234152"},{"taxonomy":"post_tag","embeddable":true,"href":"https:\/\/www.radiopiu.net\/wordpress\/wp-json\/wp\/v2\/tags?post=234152"}],"curies":[{"name":"wp","href":"https:\/\/api.w.org\/{rel}","templated":true}]}}