{"id":234213,"date":"2021-09-29T05:35:10","date_gmt":"2021-09-29T03:35:10","guid":{"rendered":"https:\/\/www.radiopiu.net\/wordpress\/?p=234213"},"modified":"2021-09-29T11:15:00","modified_gmt":"2021-09-29T09:15:00","slug":"si-cerca-arturo-di-queraagd","status":"publish","type":"post","link":"https:\/\/www.radiopiu.net\/wordpress\/si-cerca-arturo-di-queraagd\/","title":{"rendered":"RITROVATO ARTURO A CAMISANO VICENTINO"},"content":{"rendered":"<blockquote>\n<h3>RITROVATO IN TARDA SERATA<\/h3>\n<\/blockquote>\n<p><a href=\"https:\/\/www.radiopiu.net\/wordpress\/si-cerca-arturo-di-quero-attivata-la-ricerca-persona-scomparse\/aijlfpcjjlnlafac\/\" rel=\"attachment wp-att-234214\"><img loading=\"lazy\" decoding=\"async\" class=\"size-full wp-image-234214 alignleft\" src=\"https:\/\/www.radiopiu.net\/wordpress\/wp-content\/uploads\/2021\/09\/aijlfpcjjlnlafac.jpg\" alt=\"\" width=\"217\" height=\"242\" \/><\/a><strong>BELLUNO-QUERO<\/strong> La Prefettura aveva attivato\u00a0 il piano di ricerca delle persone scomparse in relazione all\u2019allontanamento Di Arturo\u00a0 Arocena 85 anni, nato nelle Filippine ma\u00a0 residente a Quero Vas, via Noal.<\/p>\n<p>Era uscito di casa non prima di avere fatto la valigia.\u00a0 A segnalare la scomparsa di Arturo Arocena, di nazionalit\u00e0 filippina e residente a Quero Vas, era stata la figlia dell&#8217;uomo, che al risveglio non ha pi\u00f9 trovato il genitore e si \u00e8 allarmata. Una vicenda a lieto fine perch\u00e9 in tarda serata i carabinieri lo hanno rintracciato a Camisano Vicentino. Decine di uomini hanno battuto il Feltrino per alcune ore. I carabinieri hanno comunque interessato la polizia ferroviaria e in tarda serata \u00e8 arrivata la buona notizia.<\/p>\n<p>&nbsp;<\/p>\n<p>&nbsp;<\/p>\n<blockquote>\n<h3><\/h3>\n<\/blockquote>\n<p><strong><a href=\"https:\/\/www.radiopiu.net\/wordpress\/ricerca-in-corso-a-pieve-di-cadore\/img-20210928-wa0011-2\/\" rel=\"attachment wp-att-234313\"><img loading=\"lazy\" decoding=\"async\" class=\"wp-image-234313 alignleft\" src=\"https:\/\/www.radiopiu.net\/wordpress\/wp-content\/uploads\/2021\/09\/IMG-20210928-WA0011-2.jpg\" alt=\"\" width=\"154\" height=\"274\" srcset=\"https:\/\/www.radiopiu.net\/wordpress\/wp-content\/uploads\/2021\/09\/IMG-20210928-WA0011-2.jpg 375w, https:\/\/www.radiopiu.net\/wordpress\/wp-content\/uploads\/2021\/09\/IMG-20210928-WA0011-2-169x300.jpg 169w\" sizes=\"auto, (max-width: 154px) 100vw, 154px\" \/><\/a><\/strong><\/p>\n<p>&nbsp;<\/p>\n<p>&nbsp;<\/p>\n<p><strong>PIEVE DI CADORE<\/strong> E\u2019 stato ritrovato, a pochi metri da casa Roberto Tabacchi, 65 anni, di Pieve di Cadore (BL), che ieri mattina verso le 10 si \u00e8 fatto lasciare dal genero in piazza al rientro di Belluno, per proseguire a piedi senza dare indicazioni sull\u2019itinerario scelto, ma \u00e8 stato atteso invano a casa.\u00a0 Lo cercavano\u00a0 oltre 30 persone tra Soccorso alpino di Pieve di Cadore, Centro Cadore, San Vito di Cadore, Longarone, della Guardia di finanza di Cortina e Auronzo, dei Carabinieri di Cortina, pi\u00f9 i Vigili del fuoco. Stamane il triste ritrovamento, nessuna responsabilit\u00e0 di terzi.<\/p>\n","protected":false},"excerpt":{"rendered":"<p>RITROVATO IN TARDA SERATA BELLUNO-QUERO La Prefettura aveva attivato\u00a0 il piano di ricerca delle persone scomparse in relazione all\u2019allontanamento Di Arturo\u00a0 Arocena 85 anni, nato nelle Filippine ma\u00a0 residente a Quero Vas, via Noal. Era uscito di casa non prima di avere fatto la valigia.\u00a0 A segnalare la scomparsa di Arturo Arocena, di nazionalit\u00e0 filippina&hellip;<\/p>\n","protected":false},"author":4,"featured_media":234214,"comment_status":"closed","ping_status":"open","sticky":false,"template":"","format":"standard","meta":{"_monsterinsights_skip_tracking":false,"_monsterinsights_sitenote_active":false,"_monsterinsights_sitenote_note":"","_monsterinsights_sitenote_category":0,"footnotes":""},"categories":[51,49],"tags":[],"class_list":["post-234213","post","type-post","status-publish","format-standard","has-post-thumbnail","hentry","category-evidenza-top","category-news-18","category-51","category-49","description-off"],"img_url":"https:\/\/www.radiopiu.net\/wordpress\/wp-content\/uploads\/2021\/09\/aijlfpcjjlnlafac.jpg","_links":{"self":[{"href":"https:\/\/www.radiopiu.net\/wordpress\/wp-json\/wp\/v2\/posts\/234213","targetHints":{"allow":["GET"]}}],"collection":[{"href":"https:\/\/www.radiopiu.net\/wordpress\/wp-json\/wp\/v2\/posts"}],"about":[{"href":"https:\/\/www.radiopiu.net\/wordpress\/wp-json\/wp\/v2\/types\/post"}],"author":[{"embeddable":true,"href":"https:\/\/www.radiopiu.net\/wordpress\/wp-json\/wp\/v2\/users\/4"}],"replies":[{"embeddable":true,"href":"https:\/\/www.radiopiu.net\/wordpress\/wp-json\/wp\/v2\/comments?post=234213"}],"version-history":[{"count":0,"href":"https:\/\/www.radiopiu.net\/wordpress\/wp-json\/wp\/v2\/posts\/234213\/revisions"}],"wp:featuredmedia":[{"embeddable":true,"href":"https:\/\/www.radiopiu.net\/wordpress\/wp-json\/wp\/v2\/media\/234214"}],"wp:attachment":[{"href":"https:\/\/www.radiopiu.net\/wordpress\/wp-json\/wp\/v2\/media?parent=234213"}],"wp:term":[{"taxonomy":"category","embeddable":true,"href":"https:\/\/www.radiopiu.net\/wordpress\/wp-json\/wp\/v2\/categories?post=234213"},{"taxonomy":"post_tag","embeddable":true,"href":"https:\/\/www.radiopiu.net\/wordpress\/wp-json\/wp\/v2\/tags?post=234213"}],"curies":[{"name":"wp","href":"https:\/\/api.w.org\/{rel}","templated":true}]}}