{"id":234225,"date":"2021-09-30T05:46:38","date_gmt":"2021-09-30T03:46:38","guid":{"rendered":"https:\/\/www.radiopiu.net\/wordpress\/?p=234225"},"modified":"2021-09-30T09:19:41","modified_gmt":"2021-09-30T07:19:41","slug":"san-michele-il-patrono","status":"publish","type":"post","link":"https:\/\/www.radiopiu.net\/wordpress\/san-michele-il-patrono\/","title":{"rendered":"QUESTURA. L&#8217;ANNO DIFFICILE E DELLA &#8220;PAURA&#8221;, IERI IL PUNTO NEL GIORNO DI SAN MICHELE"},"content":{"rendered":"<h3><img decoding=\"async\" src=\"https:\/\/www.radiopiu.net\/wordpress\/wp-content\/uploads\/2021\/09\/a900106c-5726-48c1-ba48-9252752d9f48.jpg\" \/><\/h3>\n<blockquote>\n<h3><strong>CHIARA ZAMPIERI_FIGLIA DI TONINO\u00a0<\/strong> <em>\u00abGrazie per il &#8220;modo&#8221; in cui fate il vostro dovere. Volevamo ringraziarvi di persona, per quello che avete\u00a0 fatto e per il supporto alla mamma quella sera. Quel giorno ci avete detto che avevate fatto &#8220;solo&#8221; il vostro dovere, ma quel &#8220;solo&#8221; lo metterei tra virgolette: \u00e8 il &#8220;modo&#8221; in cui avete fatto il vostro dovere che ci ha colpito. Servono coraggio e sensibilit\u00e0 per guardare negli occhi una persona e dirle che un suo caro non c&#8217;\u00e8 pi\u00f9. Cos\u00ec si rende onore a divisa e personale\u00bb.<\/em><\/h3>\n<\/blockquote>\n<h3><\/h3>\n<h3>BELLUNO<\/h3>\n<p><strong>DI MORENO GIOLI<\/strong><\/p>\n<audio class=\"wp-audio-shortcode\" id=\"audio-234225-1\" preload=\"none\" style=\"width: 100%;\" controls=\"controls\"><source type=\"audio\/mpeg\" src=\"https:\/\/www.radiopiu.net\/wordpress\/wp-content\/uploads\/2021\/09\/MORENO-QUESTURA.mp3?_=1\" \/><a href=\"https:\/\/www.radiopiu.net\/wordpress\/wp-content\/uploads\/2021\/09\/MORENO-QUESTURA.mp3\">https:\/\/www.radiopiu.net\/wordpress\/wp-content\/uploads\/2021\/09\/MORENO-QUESTURA.mp3<\/a><\/audio>\n<p><strong>IL QUESTORE LILIA FREDELLA\u00a0<\/strong><\/p>\n<audio class=\"wp-audio-shortcode\" id=\"audio-234225-2\" preload=\"none\" style=\"width: 100%;\" controls=\"controls\"><source type=\"audio\/mpeg\" src=\"https:\/\/www.radiopiu.net\/wordpress\/wp-content\/uploads\/2021\/09\/FREDELLA.mp3?_=2\" \/><a href=\"https:\/\/www.radiopiu.net\/wordpress\/wp-content\/uploads\/2021\/09\/FREDELLA.mp3\">https:\/\/www.radiopiu.net\/wordpress\/wp-content\/uploads\/2021\/09\/FREDELLA.mp3<\/a><\/audio>\n<p>&nbsp;<\/p>\n<p><strong><img loading=\"lazy\" decoding=\"async\" class=\"alignleft\" src=\"https:\/\/www.radiopiu.net\/wordpress\/wp-content\/uploads\/2018\/09\/POLIZIA-2.jpg\" width=\"227\" height=\"151\" \/>BELLUNO<\/strong> Ieri\u00a0 In occasione della festa di San Michele Arcangelo, patrono della Polizia di Stato dopo il momento religioso il Questore Lilia Fredella ha <a href=\"https:\/\/www.radiopiu.net\/wordpress\/giornale-radiopiu-29-settembre-2021-direttore-mirko-mezzacasa\/736539_108033322704119_1334807867_o-2\/\" rel=\"attachment wp-att-234345\"><img loading=\"lazy\" decoding=\"async\" class=\"wp-image-234345 alignright\" src=\"https:\/\/www.radiopiu.net\/wordpress\/wp-content\/uploads\/2021\/09\/736539_108033322704119_1334807867_o-300x200.jpg\" alt=\"\" width=\"170\" height=\"113\" srcset=\"https:\/\/www.radiopiu.net\/wordpress\/wp-content\/uploads\/2021\/09\/736539_108033322704119_1334807867_o-300x200.jpg 300w, https:\/\/www.radiopiu.net\/wordpress\/wp-content\/uploads\/2021\/09\/736539_108033322704119_1334807867_o-1024x683.jpg 1024w, https:\/\/www.radiopiu.net\/wordpress\/wp-content\/uploads\/2021\/09\/736539_108033322704119_1334807867_o-768x512.jpg 768w, https:\/\/www.radiopiu.net\/wordpress\/wp-content\/uploads\/2021\/09\/736539_108033322704119_1334807867_o.jpg 1500w\" sizes=\"auto, (max-width: 170px) 100vw, 170px\" \/><\/a>consegnato i riconoscimenti al personale, in servizio e quiescenza, che si \u00e8 particolarmente distinto. Presente<br \/>\nla signora Vignolle, vedova di Tonino Zampieri,\u00a0 e la figlia chiara. Tonino mori&#8217; durante un incidente in montagna a \u201cCasere Bortot\u201d lo scorso 12 agosto. Nella circostanza, gli Agenti Giuseppe Lo Grasso e Marco Perretta, giunti sul sentiero in ausilio alle ricerche in atto, supportavano la donna che aveva assistito all\u2019incidente mortale del marito, dimostrando non comuni qualit\u00e0 umane e professionali.Consegnati dei riconoscimenti, per la particolare vicinanza dimostrata alla Polizia di Stato, alla Provincia di Belluno, al Comune di Ponte nelle Alpi e alla Dottoressa Erika Leone del Dipartimento di Igiene della Ulss Dolomiti in ragione delle attivit\u00e0 di prevenzione dirette verso gli operatori di Polizia.<\/p>\n","protected":false},"excerpt":{"rendered":"<p>CHIARA ZAMPIERI_FIGLIA DI TONINO\u00a0 \u00abGrazie per il &#8220;modo&#8221; in cui fate il vostro dovere. Volevamo ringraziarvi di persona, per quello che avete\u00a0 fatto e per il supporto alla mamma quella sera. Quel giorno ci avete detto che avevate fatto &#8220;solo&#8221; il vostro dovere, ma quel &#8220;solo&#8221; lo metterei tra virgolette: \u00e8 il &#8220;modo&#8221; in cui&hellip;<\/p>\n","protected":false},"author":4,"featured_media":234505,"comment_status":"closed","ping_status":"open","sticky":false,"template":"","format":"standard","meta":{"_monsterinsights_skip_tracking":false,"_monsterinsights_sitenote_active":false,"_monsterinsights_sitenote_note":"","_monsterinsights_sitenote_category":0,"footnotes":""},"categories":[104,49],"tags":[],"class_list":["post-234225","post","type-post","status-publish","format-standard","has-post-thumbnail","hentry","category-evidenza_3","category-news-18","category-104","category-49","description-off"],"img_url":"https:\/\/www.radiopiu.net\/wordpress\/wp-content\/uploads\/2021\/09\/a900106c-5726-48c1-ba48-9252752d9f48.jpg","_links":{"self":[{"href":"https:\/\/www.radiopiu.net\/wordpress\/wp-json\/wp\/v2\/posts\/234225","targetHints":{"allow":["GET"]}}],"collection":[{"href":"https:\/\/www.radiopiu.net\/wordpress\/wp-json\/wp\/v2\/posts"}],"about":[{"href":"https:\/\/www.radiopiu.net\/wordpress\/wp-json\/wp\/v2\/types\/post"}],"author":[{"embeddable":true,"href":"https:\/\/www.radiopiu.net\/wordpress\/wp-json\/wp\/v2\/users\/4"}],"replies":[{"embeddable":true,"href":"https:\/\/www.radiopiu.net\/wordpress\/wp-json\/wp\/v2\/comments?post=234225"}],"version-history":[{"count":0,"href":"https:\/\/www.radiopiu.net\/wordpress\/wp-json\/wp\/v2\/posts\/234225\/revisions"}],"wp:featuredmedia":[{"embeddable":true,"href":"https:\/\/www.radiopiu.net\/wordpress\/wp-json\/wp\/v2\/media\/234505"}],"wp:attachment":[{"href":"https:\/\/www.radiopiu.net\/wordpress\/wp-json\/wp\/v2\/media?parent=234225"}],"wp:term":[{"taxonomy":"category","embeddable":true,"href":"https:\/\/www.radiopiu.net\/wordpress\/wp-json\/wp\/v2\/categories?post=234225"},{"taxonomy":"post_tag","embeddable":true,"href":"https:\/\/www.radiopiu.net\/wordpress\/wp-json\/wp\/v2\/tags?post=234225"}],"curies":[{"name":"wp","href":"https:\/\/api.w.org\/{rel}","templated":true}]}}