{"id":234299,"date":"2021-09-28T17:47:18","date_gmt":"2021-09-28T15:47:18","guid":{"rendered":"https:\/\/www.radiopiu.net\/wordpress\/?p=234299"},"modified":"2021-09-28T17:48:00","modified_gmt":"2021-09-28T15:48:00","slug":"turismo-assessore-regionale-punto-di-svolta-per-spettacoli-sport-e-cultura-ora-si-approvino-anche-i-protocolli-per-lo-sci","status":"publish","type":"post","link":"https:\/\/www.radiopiu.net\/wordpress\/turismo-assessore-regionale-punto-di-svolta-per-spettacoli-sport-e-cultura-ora-si-approvino-anche-i-protocolli-per-lo-sci\/","title":{"rendered":"TURISMO. ASSESSORE REGIONALE, \u201cPUNTO DI SVOLTA PER SPETTACOLI, SPORT E CULTURA. ORA SI APPROVINO ANCHE I PROTOCOLLI PER LO SCI\u201d"},"content":{"rendered":"<p>&nbsp;<\/p>\n<p><em><strong><img loading=\"lazy\" decoding=\"async\" class=\"alignleft\" src=\"https:\/\/www.radiopiu.net\/wordpress\/wp-content\/uploads\/2018\/03\/sagra.jpg\" width=\"319\" height=\"239\" \/>VENEZIA<\/strong> \u201cAccolgo con piacere che il Comitato Tecnico-Scientifico abbia recepito alcune indicazioni provenienti dalle Regioni annunciando l\u2019ampliamento della capienza nei luoghi dello spettacolo, dello sport e della cultura. Si tratta di una decisione che influir\u00e0 evidentemente in maniera positiva anche nel settore turistico. Ora \u00e8 giunto il momento di pensare alla programmazione della stagione invernale, per favorire la ripartenza di un comparto che porta evidenti cicatrici causate dalle chiusure imposte dalla pandemia\u201d. <\/em>Questo il commento dell\u2019assessore regionale al Turismo in merito alle ultime assunte dal Comitato Tecnico-Scientifico nazionale. \u201c<em>Chiudiamo un\u2019estate con numeri positivi che ci permettono di guardare all\u2019orizzonte con un po\u2019 pi\u00f9 di serenit\u00e0 ma anche con la consapevolezza che c\u2019\u00e8 veramente molta attesa per la prossima stagione sciistica \u2013 continua l\u2019Assessore \u2013. \u00c8 necessario raggiungere al pi\u00f9 presto un accordo sulle capienze nei comprensori, condividendo le formule anche con i gestori attraverso le loro associazioni di categoria. L\u2019obbiettivo \u00e8 quello di vedere al pi\u00f9 presto approvato il protocollo firmato dal Ministro al Turismo per un ritorno alla normalit\u00e0 anche nelle aree sciistiche e per un utilizzo degli impianti di risalita in sicurezza\u201d.<\/em><\/p>\n","protected":false},"excerpt":{"rendered":"<p>&nbsp; VENEZIA \u201cAccolgo con piacere che il Comitato Tecnico-Scientifico abbia recepito alcune indicazioni provenienti dalle Regioni annunciando l\u2019ampliamento della capienza nei luoghi dello spettacolo, dello sport e della cultura. Si tratta di una decisione che influir\u00e0 evidentemente in maniera positiva anche nel settore turistico. Ora \u00e8 giunto il momento di pensare alla programmazione della stagione&hellip;<\/p>\n","protected":false},"author":4,"featured_media":45748,"comment_status":"closed","ping_status":"open","sticky":false,"template":"","format":"standard","meta":{"_monsterinsights_skip_tracking":false,"_monsterinsights_sitenote_active":false,"_monsterinsights_sitenote_note":"","_monsterinsights_sitenote_category":0,"footnotes":""},"categories":[49],"tags":[],"class_list":["post-234299","post","type-post","status-publish","format-standard","has-post-thumbnail","hentry","category-news-18","category-49","description-off"],"img_url":"https:\/\/www.radiopiu.net\/wordpress\/wp-content\/uploads\/2018\/03\/sagra.jpg","_links":{"self":[{"href":"https:\/\/www.radiopiu.net\/wordpress\/wp-json\/wp\/v2\/posts\/234299","targetHints":{"allow":["GET"]}}],"collection":[{"href":"https:\/\/www.radiopiu.net\/wordpress\/wp-json\/wp\/v2\/posts"}],"about":[{"href":"https:\/\/www.radiopiu.net\/wordpress\/wp-json\/wp\/v2\/types\/post"}],"author":[{"embeddable":true,"href":"https:\/\/www.radiopiu.net\/wordpress\/wp-json\/wp\/v2\/users\/4"}],"replies":[{"embeddable":true,"href":"https:\/\/www.radiopiu.net\/wordpress\/wp-json\/wp\/v2\/comments?post=234299"}],"version-history":[{"count":0,"href":"https:\/\/www.radiopiu.net\/wordpress\/wp-json\/wp\/v2\/posts\/234299\/revisions"}],"wp:featuredmedia":[{"embeddable":true,"href":"https:\/\/www.radiopiu.net\/wordpress\/wp-json\/wp\/v2\/media\/45748"}],"wp:attachment":[{"href":"https:\/\/www.radiopiu.net\/wordpress\/wp-json\/wp\/v2\/media?parent=234299"}],"wp:term":[{"taxonomy":"category","embeddable":true,"href":"https:\/\/www.radiopiu.net\/wordpress\/wp-json\/wp\/v2\/categories?post=234299"},{"taxonomy":"post_tag","embeddable":true,"href":"https:\/\/www.radiopiu.net\/wordpress\/wp-json\/wp\/v2\/tags?post=234299"}],"curies":[{"name":"wp","href":"https:\/\/api.w.org\/{rel}","templated":true}]}}