{"id":234396,"date":"2021-09-29T15:00:33","date_gmt":"2021-09-29T13:00:33","guid":{"rendered":"https:\/\/www.radiopiu.net\/wordpress\/?p=234396"},"modified":"2021-09-30T05:59:49","modified_gmt":"2021-09-30T03:59:49","slug":"voltago-al-voto-conosciamo-i-candidati-a-sindaco","status":"publish","type":"post","link":"https:\/\/www.radiopiu.net\/wordpress\/voltago-al-voto-conosciamo-i-candidati-a-sindaco\/","title":{"rendered":"VOLTAGO AL VOTO: CONOSCIAMO I CANDIDATI A SINDACO"},"content":{"rendered":"<p><strong>di Gianni Santomaso<\/strong><\/p>\n<p><a href=\"https:\/\/www.radiopiu.net\/wordpress\/giornale-radiopiu-28-settembre-2021-direttore-mirko-mezzacasa\/giuseppe-schena-2\/\" rel=\"attachment wp-att-234061\"><img loading=\"lazy\" decoding=\"async\" class=\"alignleft wp-image-234061 size-medium\" src=\"https:\/\/www.radiopiu.net\/wordpress\/wp-content\/uploads\/2021\/09\/Giuseppe-Schena-225x300.jpeg\" alt=\"\" width=\"225\" height=\"300\" srcset=\"https:\/\/www.radiopiu.net\/wordpress\/wp-content\/uploads\/2021\/09\/Giuseppe-Schena-225x300.jpeg 225w, https:\/\/www.radiopiu.net\/wordpress\/wp-content\/uploads\/2021\/09\/Giuseppe-Schena-769x1024.jpeg 769w, https:\/\/www.radiopiu.net\/wordpress\/wp-content\/uploads\/2021\/09\/Giuseppe-Schena-768x1023.jpeg 768w, https:\/\/www.radiopiu.net\/wordpress\/wp-content\/uploads\/2021\/09\/Giuseppe-Schena.jpeg 931w\" sizes=\"auto, (max-width: 225px) 100vw, 225px\" \/><\/a><\/p>\n<p><strong>INTERVISTA A GIUSEPPE SCHENA<\/strong><\/p>\n<p><strong>VOLTAGO<\/strong> Unire le associazioni, ampliare parcheggi e magazzini. Giuseppe Schena, 30 anni, operaio in Luxottica e attuale capo del Gruppo comunale di protezione civile, si candida a sindaco di Voltago alla guida della lista &#8220;Ricominciamo insieme&#8221;.<\/p>\n<p><strong>Come intendete rivedere il Piano economico di gestione?<\/strong><\/p>\n<p>\u00abTra le pieghe del bilancio dobbiamo trovare fondi per sostenere le associazioni e i gruppi sportivi. Se al comune togliamo l&#8217;ente statale, esso resta in piedi per il volontariato che contribuisce a creare comunit\u00e0 e a garantire il decoro urbano. Dobbiamo far sedere tutte le associazioni attorno a un tavolo per collaborare nella promozione di eventi pi\u00f9 grossi\u00bb.<\/p>\n<p><strong>Volete un vigile urbano e un tecnico a tempo pieno. C&#8217;\u00e8 lo spazio economico?<\/strong><\/p>\n<p>\u00abDobbiamo prima parlarne con la ragioniera. Certo che di fronte a un&#8217;emergenza come quella del dicembre scorso abbiamo visto quanto serva un vigile che gestisca l&#8217;ordine pubblico e un tecnico per le valutazioni da fare al momento. Il vigile (al momento in convenzione con Rivamonte) serve anche per poter varare lo statuto di polizia rurale\u00bb.<\/p>\n<p><strong>Come vi ponete di fronte all&#8217;idea di un&#8217;unificazione tra le scuole del Poi?<\/strong><\/p>\n<p>\u00abNoi siamo propensi all&#8217;idea e ci sono dei genitori favorevoli, ma occorrer\u00e0 confrontarci con loro al momento di prendere le decisioni. \u00c8 da valutare anche la possibilit\u00e0 di istituire il tempo pieno dal prossimo anno scolastico\u00bb.<\/p>\n<p><strong>Per quali edifici comunali prospettate un aumento di volumetria?<\/strong><\/p>\n<p>\u00abC&#8217;\u00e8 la necessit\u00e0 di ampliare i magazzini comunali a Voltago e di realizzarne uno anche a Frassen\u00e9. Sappiamo che l&#8217;ex macello di Voltago, a disposizione del Comune per il ricovero di attrezzature, \u00e8 stato affidato ai cacciatori, ma le macchine comunali sono sotto una tettoia al campo sportivo. Serve una rivalutazione complessiva degli spazi\u00bb.<\/p>\n<p><strong>Nuove telecamere e nuovi posteggi: dove?<\/strong><\/p>\n<p>\u00abDobbiamo beccare quelli che gettano i sacchetti delle immondizie lungo le strade o al cimitero. I parcheggi sono stati ridotti sia in seguito alla sistemazione della piazza del municipio, sia alla realizzazione del graffito vicino alla chiesa. Abbiamo bisogno di posti auto a Voltago, e abbiamo in mente due posti in centro, e a Digoman dove ci sono tante seconde case. Inoltre intendiamo allargare l&#8217;entrata della strada della zona artigianale alle Corone. Per quanto riguarda altri beni comunali, a Frassen\u00e9 ci sono gli spogliatoi e la casetta vicina da assegnare al Gs Frassen\u00e9. Abbiamo poi l&#8217;ex scuola Paolo Mosca per cui dovremo fare un sopralluogo per valutare gli spazi. Serve inoltre un corposo investimento per la casa di Piandison che \u00e8 gi\u00e0 usata da vari sodalizi. Pensiamo poi alle malghe e ai pascoli che vanno sistemate e recuperati portando anche animali da latte, al fine di creare dei punti di ristoro in quota\u00bb.\u00bb.<\/p>\n<p><strong>Contro lo spopolamento cosa si pu\u00f2 fare?<\/strong><\/p>\n<p>\u00abOccorre mantenere i servizi esistenti in primis nella sanit\u00e0. Serve un locale da garantire al medico di base alla tariffa minima imposta dalla legge. Dobbiamo installare due defibrillatori e un sistema tecnologico che faccia accendere le luci del campo di calcio per un eventuale atterraggio notturno dell&#8217;elicottero del Suem\u00bb.<\/p>\n<p><strong>Come si spendono i 500 mila euro l&#8217;anno di fondi di confine?<\/strong><\/p>\n<p>\u00abCon intelligenza pensando pi\u00f9 alla funzionalit\u00e0 dell&#8217;opera che all&#8217;estetica\u00bb.<\/p>\n<p><strong>Qual \u00e8 la sua idea politica? \u00c8 iscritto a qualche partito?<\/strong><\/p>\n<p>\u00abLa nostra \u00e8 una lista civica. Non ho tessere di partito\u00bb.<\/p>\n\n\t\t\t<style type='text\/css'>\n\t\t\t\t#gallery-1 {\n\t\t\t\t\tmargin: auto;\n\t\t\t\t}\n\t\t\t\t#gallery-1 .gallery-item {\n\t\t\t\t\tfloat: left;\n\t\t\t\t\tmargin-top: 10px;\n\t\t\t\t\ttext-align: center;\n\t\t\t\t\twidth: 20%;\n\t\t\t\t}\n\t\t\t\t#gallery-1 img {\n\t\t\t\t\tborder: 2px solid #cfcfcf;\n\t\t\t\t}\n\t\t\t\t#gallery-1 .gallery-caption {\n\t\t\t\t\tmargin-left: 0;\n\t\t\t\t}\n\t\t\t\t\/* see gallery_shortcode() in wp-includes\/media.php *\/\n\t\t\t<\/style>\n\t\t<div id='gallery-1' class='dt-gallery-container gallery galleryid-234396 gallery-columns-5 gallery-size-thumbnail'><dl class='gallery-item'>\n\t\t\t\t<dt class='gallery-icon portrait'>\n\t\t\t\t\t<a class=\"rollover rollover-zoom dt-pswp-item\" title=\"Palmiro De Marco\" data-dt-img-description=\"\" data-large_image_width=\"478\" data-large_image_height=\"1024\"href='https:\/\/www.radiopiu.net\/wordpress\/wp-content\/uploads\/2021\/09\/Palmiro-De-Marco.jpeg'><img loading=\"lazy\" decoding=\"async\" width=\"150\" height=\"150\" src=\"https:\/\/www.radiopiu.net\/wordpress\/wp-content\/uploads\/2021\/09\/Palmiro-De-Marco-150x150.jpeg\" class=\"attachment-thumbnail size-thumbnail\" alt=\"\" aria-describedby=\"gallery-1-234066\" \/><\/a>\n\t\t\t\t<\/dt>\n\t\t\t\t\t<dd class='wp-caption-text gallery-caption' id='gallery-1-234066'>\n\t\t\t\t\tPalmiro De Marco\n\t\t\t\t\t<\/dd><\/dl><dl class='gallery-item'>\n\t\t\t\t<dt class='gallery-icon portrait'>\n\t\t\t\t\t<a class=\"rollover rollover-zoom dt-pswp-item\" title=\"Nicola Scussel\" data-dt-img-description=\"\" data-large_image_width=\"934\" data-large_image_height=\"2000\"href='https:\/\/www.radiopiu.net\/wordpress\/wp-content\/uploads\/2021\/09\/Nicola-Scussel.jpeg'><img loading=\"lazy\" decoding=\"async\" width=\"150\" height=\"150\" src=\"https:\/\/www.radiopiu.net\/wordpress\/wp-content\/uploads\/2021\/09\/Nicola-Scussel-150x150.jpeg\" class=\"attachment-thumbnail size-thumbnail\" alt=\"\" aria-describedby=\"gallery-1-234065\" \/><\/a>\n\t\t\t\t<\/dt>\n\t\t\t\t\t<dd class='wp-caption-text gallery-caption' id='gallery-1-234065'>\n\t\t\t\t\tNicola Scussel\n\t\t\t\t\t<\/dd><\/dl><dl class='gallery-item'>\n\t\t\t\t<dt class='gallery-icon portrait'>\n\t\t\t\t\t<a class=\"rollover rollover-zoom dt-pswp-item\" title=\"Michela Da Ronch\" data-dt-img-description=\"\" data-large_image_width=\"934\" data-large_image_height=\"2000\"href='https:\/\/www.radiopiu.net\/wordpress\/wp-content\/uploads\/2021\/09\/Michela-Da-Ronch.jpeg'><img loading=\"lazy\" decoding=\"async\" width=\"150\" height=\"150\" src=\"https:\/\/www.radiopiu.net\/wordpress\/wp-content\/uploads\/2021\/09\/Michela-Da-Ronch-150x150.jpeg\" class=\"attachment-thumbnail size-thumbnail\" alt=\"\" aria-describedby=\"gallery-1-234064\" \/><\/a>\n\t\t\t\t<\/dt>\n\t\t\t\t\t<dd class='wp-caption-text gallery-caption' id='gallery-1-234064'>\n\t\t\t\t\tMichela Da Ronch\n\t\t\t\t\t<\/dd><\/dl><dl class='gallery-item'>\n\t\t\t\t<dt class='gallery-icon portrait'>\n\t\t\t\t\t<a class=\"rollover rollover-zoom dt-pswp-item\" title=\"Marco Da Campo\" data-dt-img-description=\"\" data-large_image_width=\"934\" data-large_image_height=\"2000\"href='https:\/\/www.radiopiu.net\/wordpress\/wp-content\/uploads\/2021\/09\/Marco-Da-Campo.jpeg'><img loading=\"lazy\" decoding=\"async\" width=\"150\" height=\"150\" src=\"https:\/\/www.radiopiu.net\/wordpress\/wp-content\/uploads\/2021\/09\/Marco-Da-Campo-150x150.jpeg\" class=\"attachment-thumbnail size-thumbnail\" alt=\"\" aria-describedby=\"gallery-1-234063\" \/><\/a>\n\t\t\t\t<\/dt>\n\t\t\t\t\t<dd class='wp-caption-text gallery-caption' id='gallery-1-234063'>\n\t\t\t\t\tMarco Da Campo\n\t\t\t\t\t<\/dd><\/dl><dl class='gallery-item'>\n\t\t\t\t<dt class='gallery-icon portrait'>\n\t\t\t\t\t<a class=\"rollover rollover-zoom dt-pswp-item\" title=\"Luana Agostini\" data-dt-img-description=\"\" data-large_image_width=\"478\" data-large_image_height=\"1024\"href='https:\/\/www.radiopiu.net\/wordpress\/wp-content\/uploads\/2021\/09\/Luana-Agostini.jpeg'><img loading=\"lazy\" decoding=\"async\" width=\"150\" height=\"150\" src=\"https:\/\/www.radiopiu.net\/wordpress\/wp-content\/uploads\/2021\/09\/Luana-Agostini-150x150.jpeg\" class=\"attachment-thumbnail size-thumbnail\" alt=\"\" aria-describedby=\"gallery-1-234062\" \/><\/a>\n\t\t\t\t<\/dt>\n\t\t\t\t\t<dd class='wp-caption-text gallery-caption' id='gallery-1-234062'>\n\t\t\t\t\tLuana Agostini\n\t\t\t\t\t<\/dd><\/dl><br style=\"clear: both\" \/><dl class='gallery-item'>\n\t\t\t\t<dt class='gallery-icon portrait'>\n\t\t\t\t\t<a class=\"rollover rollover-zoom dt-pswp-item\" title=\"Andrea Gnech\" data-dt-img-description=\"\" data-large_image_width=\"934\" data-large_image_height=\"2000\"href='https:\/\/www.radiopiu.net\/wordpress\/wp-content\/uploads\/2021\/09\/Andrea-Gnech.jpeg'><img loading=\"lazy\" decoding=\"async\" width=\"150\" height=\"150\" src=\"https:\/\/www.radiopiu.net\/wordpress\/wp-content\/uploads\/2021\/09\/Andrea-Gnech-150x150.jpeg\" class=\"attachment-thumbnail size-thumbnail\" alt=\"\" aria-describedby=\"gallery-1-234060\" \/><\/a>\n\t\t\t\t<\/dt>\n\t\t\t\t\t<dd class='wp-caption-text gallery-caption' id='gallery-1-234060'>\n\t\t\t\t\tAndrea Gnech\n\t\t\t\t\t<\/dd><\/dl><dl class='gallery-item'>\n\t\t\t\t<dt class='gallery-icon portrait'>\n\t\t\t\t\t<a class=\"rollover rollover-zoom dt-pswp-item\" title=\"Andrea Bressan\" data-dt-img-description=\"\" data-large_image_width=\"934\" data-large_image_height=\"2000\"href='https:\/\/www.radiopiu.net\/wordpress\/wp-content\/uploads\/2021\/09\/Andrea-Bressan.jpeg'><img loading=\"lazy\" decoding=\"async\" width=\"150\" height=\"150\" src=\"https:\/\/www.radiopiu.net\/wordpress\/wp-content\/uploads\/2021\/09\/Andrea-Bressan-150x150.jpeg\" class=\"attachment-thumbnail size-thumbnail\" alt=\"\" aria-describedby=\"gallery-1-234059\" \/><\/a>\n\t\t\t\t<\/dt>\n\t\t\t\t\t<dd class='wp-caption-text gallery-caption' id='gallery-1-234059'>\n\t\t\t\t\tAndrea Bressan\n\t\t\t\t\t<\/dd><\/dl><dl class='gallery-item'>\n\t\t\t\t<dt class='gallery-icon portrait'>\n\t\t\t\t\t<a class=\"rollover rollover-zoom dt-pswp-item\" title=\"Alessandro Lazzarini\" data-dt-img-description=\"\" data-large_image_width=\"934\" data-large_image_height=\"2000\"href='https:\/\/www.radiopiu.net\/wordpress\/wp-content\/uploads\/2021\/09\/Alessandro-Lazzarini.jpeg'><img loading=\"lazy\" decoding=\"async\" width=\"150\" height=\"150\" src=\"https:\/\/www.radiopiu.net\/wordpress\/wp-content\/uploads\/2021\/09\/Alessandro-Lazzarini-150x150.jpeg\" class=\"attachment-thumbnail size-thumbnail\" alt=\"\" aria-describedby=\"gallery-1-234058\" \/><\/a>\n\t\t\t\t<\/dt>\n\t\t\t\t\t<dd class='wp-caption-text gallery-caption' id='gallery-1-234058'>\n\t\t\t\t\tAlessandro Lazzarini\n\t\t\t\t\t<\/dd><\/dl><dl class='gallery-item'>\n\t\t\t\t<dt class='gallery-icon portrait'>\n\t\t\t\t\t<a class=\"rollover rollover-zoom dt-pswp-item\" title=\"Viki Riva\" data-dt-img-description=\"\" data-large_image_width=\"934\" data-large_image_height=\"2000\"href='https:\/\/www.radiopiu.net\/wordpress\/wp-content\/uploads\/2021\/09\/Viki-Riva.jpeg'><img loading=\"lazy\" decoding=\"async\" width=\"150\" height=\"150\" src=\"https:\/\/www.radiopiu.net\/wordpress\/wp-content\/uploads\/2021\/09\/Viki-Riva-150x150.jpeg\" class=\"attachment-thumbnail size-thumbnail\" alt=\"\" aria-describedby=\"gallery-1-234057\" \/><\/a>\n\t\t\t\t<\/dt>\n\t\t\t\t\t<dd class='wp-caption-text gallery-caption' id='gallery-1-234057'>\n\t\t\t\t\tViki Riva\n\t\t\t\t\t<\/dd><\/dl><dl class='gallery-item'>\n\t\t\t\t<dt class='gallery-icon portrait'>\n\t\t\t\t\t<a class=\"rollover rollover-zoom dt-pswp-item\" title=\"Valter Bogo\" data-dt-img-description=\"\" data-large_image_width=\"934\" data-large_image_height=\"2000\"href='https:\/\/www.radiopiu.net\/wordpress\/wp-content\/uploads\/2021\/09\/Valter-Bogo.jpeg'><img loading=\"lazy\" decoding=\"async\" width=\"150\" height=\"150\" src=\"https:\/\/www.radiopiu.net\/wordpress\/wp-content\/uploads\/2021\/09\/Valter-Bogo-150x150.jpeg\" class=\"attachment-thumbnail size-thumbnail\" alt=\"\" aria-describedby=\"gallery-1-234056\" \/><\/a>\n\t\t\t\t<\/dt>\n\t\t\t\t\t<dd class='wp-caption-text gallery-caption' id='gallery-1-234056'>\n\t\t\t\t\tValter Bogo\n\t\t\t\t\t<\/dd><\/dl><br style=\"clear: both\" \/>\n\t\t\t<\/div>\n\n<p>&nbsp;<\/p>\n<p><strong><a href=\"https:\/\/www.radiopiu.net\/wordpress\/voltago-al-voto-conosciamo-i-candidati-a-sindaco\/71acfaeb-2db2-419c-b658-c6583bcbbef8\/\" rel=\"attachment wp-att-234399\"><img loading=\"lazy\" decoding=\"async\" class=\"size-medium wp-image-234399 alignleft\" src=\"https:\/\/www.radiopiu.net\/wordpress\/wp-content\/uploads\/2021\/09\/71acfaeb-2db2-419c-b658-c6583bcbbef8-300x300.jpg\" alt=\"\" width=\"300\" height=\"300\" srcset=\"https:\/\/www.radiopiu.net\/wordpress\/wp-content\/uploads\/2021\/09\/71acfaeb-2db2-419c-b658-c6583bcbbef8-300x300.jpg 300w, https:\/\/www.radiopiu.net\/wordpress\/wp-content\/uploads\/2021\/09\/71acfaeb-2db2-419c-b658-c6583bcbbef8-1024x1024.jpg 1024w, https:\/\/www.radiopiu.net\/wordpress\/wp-content\/uploads\/2021\/09\/71acfaeb-2db2-419c-b658-c6583bcbbef8-150x150.jpg 150w, https:\/\/www.radiopiu.net\/wordpress\/wp-content\/uploads\/2021\/09\/71acfaeb-2db2-419c-b658-c6583bcbbef8-768x768.jpg 768w, https:\/\/www.radiopiu.net\/wordpress\/wp-content\/uploads\/2021\/09\/71acfaeb-2db2-419c-b658-c6583bcbbef8-1536x1536.jpg 1536w, https:\/\/www.radiopiu.net\/wordpress\/wp-content\/uploads\/2021\/09\/71acfaeb-2db2-419c-b658-c6583bcbbef8.jpg 1600w\" sizes=\"auto, (max-width: 300px) 100vw, 300px\" \/><\/a>INTERVISTA A FRANCESCA DELLA LUCIA<\/strong><\/p>\n<p><strong>VOLTAGO<\/strong> Attenzione per le fasce pi\u00f9 deboli della popolazione e confronto con la cittadinanza. Francesca Della Lucia, 49 anni, impiegata all&#8217;ufficio tecnico di Luxottica, si \u00e8 candidata a sindaco di Voltago come capolista di &#8220;Vivere la montagna-Vive le nosse crode&#8221;.<\/p>\n<p><strong>Cosa intende con il &#8220;ritorno a valori civici e morali&#8221;?<\/strong><\/p>\n<p>\u00abCredo che ci sia un bisogno di rappresentanza: sia all&#8217;interno del comune che presso altri enti. Penso, inoltre, che un&#8217;amministrazione abbia doveri morali verso chi la rappresenta e noi vogliamo trovare delle forme di assistenza verso le fasce pi\u00f9 deboli della popolazione che sono gli anziani e le famiglie con bambini\u00bb.<\/p>\n<p><strong>Cos&#8217;\u00e8 l&#8217;albo comunale per anziani inabili che proponete?<\/strong><\/p>\n<p>\u00abSo per esperienza che \u00e8 difficoltoso trovare la persona giusta che accudisca l&#8217;anziano. I bisogni sono diversi: ci sono persone anziane inabili, ma anche persone che sono anziane e stanno bene per\u00f2 hanno bisogno di qualcuno che li aiuti con i canali di comunicazioni attuali. A Bolzano c&#8217;\u00e8 un albo delle persone che offrono il servizio e che hanno delle referenze. L&#8217;idea \u00e8 quella di provare a superare il passaparola e magari di farlo anche a livello sovracomunale\u00bb.<\/p>\n<p><strong>Per le scuole cosa proponete? Cosa pensate dell&#8217;unificazione con gli altri comuni limitrofi?<\/strong><\/p>\n<p>\u00abServe un dialogo con i comuni vicini che si trovano nella stessa nostra situazione e valutare anche la possibilit\u00e0 di un tempo pieno. Sappiamo, inoltre, che c&#8217;\u00e8 un problema che riguarda alcune famiglie e cio\u00e8 dove lasciare i bimbi quando finiscono l&#8217;asilo, tra le 15.45 e le 17.30. Abbiamo una bella scuola dell&#8217;infanzia e allora perch\u00e9 non provare a dialogare con Luxottica per capire se nell&#8217;ambito del suo welfare potesse sostenere un servizio mettendo a disposizione uno spazio in azienda in cui i genitori possano lasciare i figli in attesa che lo scuolabus venga a prenderli?\u00bb.<\/p>\n<p><strong>Parla della necessit\u00e0 di prendere decisioni coraggiose. Quale potrebbe essere una?<\/strong><\/p>\n<p>\u00abSulle cose importanti faremo delle serate in cui diremo alla cittadinanza qual \u00e8 la nostra idea e chiederemo cosa ne pensa. Quando sui giornali \u00e8 uscita la notizia del progetto della nuova viabilit\u00e0 di viale della Vittoria a Frassen\u00e9 ognuno diceva la propria opinione. In quel caso occorre interpellare la gente sapendo che non sempre ti dar\u00e0 ragione\u00bb.<\/p>\n<p><strong>Quali luoghi intendete proporre per l&#8217;aggregazione?<\/strong><\/p>\n<p>\u00abFra i vari c&#8217;\u00e8 sicuramente l&#8217;ex scuola Paolo Mosca che pu\u00f2 ospitare iniziative culturali una tantum e settimanali sia per i giovani che per gli anziani\u00bb<\/p>\n<p><strong>Quali strategie per cercare di tenere la gente sul posto?<\/strong><\/p>\n<p>\u00abVorremmo proporre in Unione montana di usare una parte dei fondi di area vasta come contributo ai giovani che si fermano sul posto per l&#8217;acquisto della prima casa\u00bb.<\/p>\n<p><strong>Come si promuove il recupero dell&#8217;attivit\u00e0 agricola?<\/strong><\/p>\n<p>\u00abSia a Frassen\u00e9 che a Voltago ci sono molte aree verdi che vengono sfalciate solo una volta all&#8217;anno. Occorre trovare il modo, anche attraverso il ripristino dei fossi a monte e a valle, di rendere la pratica pi\u00f9 frequente e di puntare sulla coltivazione di alcuni prodotti\u00bb.<\/p>\n<p><strong>Come si spendono 500 mila euro l&#8217;anno?<\/strong><\/p>\n<p>\u00abI bisogni sono tanti. Se devo dire due progetti, dico il recupero delle malghe, sia per un valore storico che ambientale ed economico, e l&#8217;attenzione per la viabilit\u00e0 interna\u00bb.<\/p>\n<p><strong>Qual \u00e8 la sua idea politica? \u00c8 iscritta a qualche partito?<\/strong><\/p>\n<p>\u00abLa nostra \u00e8 una lista civica. Non ho tessere di partito\u00bb.<\/p>\n\n\t\t\t<style type='text\/css'>\n\t\t\t\t#gallery-2 {\n\t\t\t\t\tmargin: auto;\n\t\t\t\t}\n\t\t\t\t#gallery-2 .gallery-item {\n\t\t\t\t\tfloat: left;\n\t\t\t\t\tmargin-top: 10px;\n\t\t\t\t\ttext-align: center;\n\t\t\t\t\twidth: 20%;\n\t\t\t\t}\n\t\t\t\t#gallery-2 img {\n\t\t\t\t\tborder: 2px solid #cfcfcf;\n\t\t\t\t}\n\t\t\t\t#gallery-2 .gallery-caption {\n\t\t\t\t\tmargin-left: 0;\n\t\t\t\t}\n\t\t\t\t\/* see gallery_shortcode() in wp-includes\/media.php *\/\n\t\t\t<\/style>\n\t\t<div id='gallery-2' class='dt-gallery-container gallery galleryid-234396 gallery-columns-5 gallery-size-thumbnail'><dl class='gallery-item'>\n\t\t\t\t<dt class='gallery-icon landscape'>\n\t\t\t\t\t<a class=\"rollover rollover-zoom dt-pswp-item\" title=\"Paolo Dalle Zotte\" data-dt-img-description=\"\" data-large_image_width=\"3024\" data-large_image_height=\"3024\"href='https:\/\/www.radiopiu.net\/wordpress\/wp-content\/uploads\/2021\/09\/Paolo-Dalle-Zotte.bmp'><img loading=\"lazy\" decoding=\"async\" width=\"150\" height=\"150\" src=\"https:\/\/www.radiopiu.net\/wordpress\/wp-content\/uploads\/2021\/09\/Paolo-Dalle-Zotte.bmp\" class=\"attachment-thumbnail size-thumbnail\" alt=\"\" aria-describedby=\"gallery-2-234079\" \/><\/a>\n\t\t\t\t<\/dt>\n\t\t\t\t\t<dd class='wp-caption-text gallery-caption' id='gallery-2-234079'>\n\t\t\t\t\tPaolo Dalle Zotte\n\t\t\t\t\t<\/dd><\/dl><dl class='gallery-item'>\n\t\t\t\t<dt class='gallery-icon landscape'>\n\t\t\t\t\t<a class=\"rollover rollover-zoom dt-pswp-item\" title=\"Matteo Da Ronch\" data-dt-img-description=\"\" data-large_image_width=\"1032\" data-large_image_height=\"1032\"href='https:\/\/www.radiopiu.net\/wordpress\/wp-content\/uploads\/2021\/09\/Matteo-Da-Ronch.jpg'><img loading=\"lazy\" decoding=\"async\" width=\"150\" height=\"150\" src=\"https:\/\/www.radiopiu.net\/wordpress\/wp-content\/uploads\/2021\/09\/Matteo-Da-Ronch-150x150.jpg\" class=\"attachment-thumbnail size-thumbnail\" alt=\"\" aria-describedby=\"gallery-2-234078\" srcset=\"https:\/\/www.radiopiu.net\/wordpress\/wp-content\/uploads\/2021\/09\/Matteo-Da-Ronch-150x150.jpg 150w, https:\/\/www.radiopiu.net\/wordpress\/wp-content\/uploads\/2021\/09\/Matteo-Da-Ronch-300x300.jpg 300w, https:\/\/www.radiopiu.net\/wordpress\/wp-content\/uploads\/2021\/09\/Matteo-Da-Ronch-1024x1024.jpg 1024w, https:\/\/www.radiopiu.net\/wordpress\/wp-content\/uploads\/2021\/09\/Matteo-Da-Ronch-768x768.jpg 768w, https:\/\/www.radiopiu.net\/wordpress\/wp-content\/uploads\/2021\/09\/Matteo-Da-Ronch.jpg 1032w\" sizes=\"auto, (max-width: 150px) 100vw, 150px\" \/><\/a>\n\t\t\t\t<\/dt>\n\t\t\t\t\t<dd class='wp-caption-text gallery-caption' id='gallery-2-234078'>\n\t\t\t\t\tMatteo Da Ronch\n\t\t\t\t\t<\/dd><\/dl><dl class='gallery-item'>\n\t\t\t\t<dt class='gallery-icon landscape'>\n\t\t\t\t\t<a class=\"rollover rollover-zoom dt-pswp-item\" title=\"Margherita Guadagnini\" data-dt-img-description=\"\" data-large_image_width=\"1200\" data-large_image_height=\"1200\"href='https:\/\/www.radiopiu.net\/wordpress\/wp-content\/uploads\/2021\/09\/Margherita-Guadagnini.jpg'><img loading=\"lazy\" decoding=\"async\" width=\"150\" height=\"150\" src=\"https:\/\/www.radiopiu.net\/wordpress\/wp-content\/uploads\/2021\/09\/Margherita-Guadagnini-150x150.jpg\" class=\"attachment-thumbnail size-thumbnail\" alt=\"\" aria-describedby=\"gallery-2-234077\" srcset=\"https:\/\/www.radiopiu.net\/wordpress\/wp-content\/uploads\/2021\/09\/Margherita-Guadagnini-150x150.jpg 150w, https:\/\/www.radiopiu.net\/wordpress\/wp-content\/uploads\/2021\/09\/Margherita-Guadagnini-300x300.jpg 300w, https:\/\/www.radiopiu.net\/wordpress\/wp-content\/uploads\/2021\/09\/Margherita-Guadagnini-1024x1024.jpg 1024w, https:\/\/www.radiopiu.net\/wordpress\/wp-content\/uploads\/2021\/09\/Margherita-Guadagnini-768x768.jpg 768w, https:\/\/www.radiopiu.net\/wordpress\/wp-content\/uploads\/2021\/09\/Margherita-Guadagnini.jpg 1200w\" sizes=\"auto, (max-width: 150px) 100vw, 150px\" \/><\/a>\n\t\t\t\t<\/dt>\n\t\t\t\t\t<dd class='wp-caption-text gallery-caption' id='gallery-2-234077'>\n\t\t\t\t\tMargherita Guadagnini\n\t\t\t\t\t<\/dd><\/dl><dl class='gallery-item'>\n\t\t\t\t<dt class='gallery-icon landscape'>\n\t\t\t\t\t<a class=\"rollover rollover-zoom dt-pswp-item\" title=\"Lorenzo Tortiello\" data-dt-img-description=\"\" data-large_image_width=\"1536\" data-large_image_height=\"1536\"href='https:\/\/www.radiopiu.net\/wordpress\/wp-content\/uploads\/2021\/09\/Lorenzo-Tortiello.jpg'><img loading=\"lazy\" decoding=\"async\" width=\"150\" height=\"150\" src=\"https:\/\/www.radiopiu.net\/wordpress\/wp-content\/uploads\/2021\/09\/Lorenzo-Tortiello-150x150.jpg\" class=\"attachment-thumbnail size-thumbnail\" alt=\"\" aria-describedby=\"gallery-2-234076\" srcset=\"https:\/\/www.radiopiu.net\/wordpress\/wp-content\/uploads\/2021\/09\/Lorenzo-Tortiello-150x150.jpg 150w, https:\/\/www.radiopiu.net\/wordpress\/wp-content\/uploads\/2021\/09\/Lorenzo-Tortiello-300x300.jpg 300w, https:\/\/www.radiopiu.net\/wordpress\/wp-content\/uploads\/2021\/09\/Lorenzo-Tortiello-1024x1024.jpg 1024w, https:\/\/www.radiopiu.net\/wordpress\/wp-content\/uploads\/2021\/09\/Lorenzo-Tortiello-768x768.jpg 768w, https:\/\/www.radiopiu.net\/wordpress\/wp-content\/uploads\/2021\/09\/Lorenzo-Tortiello.jpg 1536w\" sizes=\"auto, (max-width: 150px) 100vw, 150px\" \/><\/a>\n\t\t\t\t<\/dt>\n\t\t\t\t\t<dd class='wp-caption-text gallery-caption' id='gallery-2-234076'>\n\t\t\t\t\tLorenzo Tortiello\n\t\t\t\t\t<\/dd><\/dl><dl class='gallery-item'>\n\t\t\t\t<dt class='gallery-icon landscape'>\n\t\t\t\t\t<a class=\"rollover rollover-zoom dt-pswp-item\" title=\"Federica Benvegn\u00f9\" data-dt-img-description=\"\" data-large_image_width=\"3024\" data-large_image_height=\"3024\"href='https:\/\/www.radiopiu.net\/wordpress\/wp-content\/uploads\/2021\/09\/Federica-Benvegnu.bmp'><img loading=\"lazy\" decoding=\"async\" width=\"150\" height=\"150\" src=\"https:\/\/www.radiopiu.net\/wordpress\/wp-content\/uploads\/2021\/09\/Federica-Benvegnu.bmp\" class=\"attachment-thumbnail size-thumbnail\" alt=\"\" aria-describedby=\"gallery-2-234074\" \/><\/a>\n\t\t\t\t<\/dt>\n\t\t\t\t\t<dd class='wp-caption-text gallery-caption' id='gallery-2-234074'>\n\t\t\t\t\tFederica Benvegn\u00f9\n\t\t\t\t\t<\/dd><\/dl><br style=\"clear: both\" \/><dl class='gallery-item'>\n\t\t\t\t<dt class='gallery-icon portrait'>\n\t\t\t\t\t<a class=\"rollover rollover-zoom dt-pswp-item\" title=\"Dino Manchiero\" data-dt-img-description=\"\" data-large_image_width=\"3024\" data-large_image_height=\"4032\"href='https:\/\/www.radiopiu.net\/wordpress\/wp-content\/uploads\/2021\/09\/Dino-Manchiero.bmp'><img loading=\"lazy\" decoding=\"async\" width=\"113\" height=\"150\" src=\"https:\/\/www.radiopiu.net\/wordpress\/wp-content\/uploads\/2021\/09\/Dino-Manchiero.bmp\" class=\"attachment-thumbnail size-thumbnail\" alt=\"\" aria-describedby=\"gallery-2-234073\" \/><\/a>\n\t\t\t\t<\/dt>\n\t\t\t\t\t<dd class='wp-caption-text gallery-caption' id='gallery-2-234073'>\n\t\t\t\t\tDino Manchiero\n\t\t\t\t\t<\/dd><\/dl><dl class='gallery-item'>\n\t\t\t\t<dt class='gallery-icon landscape'>\n\t\t\t\t\t<a class=\"rollover rollover-zoom dt-pswp-item\" title=\"_Simone Merlin (1)\" data-dt-img-description=\"\" data-large_image_width=\"3024\" data-large_image_height=\"3024\"href='https:\/\/www.radiopiu.net\/wordpress\/wp-content\/uploads\/2021\/09\/Simone-Merlin-1.bmp'><img loading=\"lazy\" decoding=\"async\" width=\"150\" height=\"150\" src=\"https:\/\/www.radiopiu.net\/wordpress\/wp-content\/uploads\/2021\/09\/Simone-Merlin-1.bmp\" class=\"attachment-thumbnail size-thumbnail\" alt=\"\" aria-describedby=\"gallery-2-234072\" \/><\/a>\n\t\t\t\t<\/dt>\n\t\t\t\t\t<dd class='wp-caption-text gallery-caption' id='gallery-2-234072'>\n\t\t\t\t\tSimone Merlin\n\t\t\t\t\t<\/dd><\/dl><dl class='gallery-item'>\n\t\t\t\t<dt class='gallery-icon landscape'>\n\t\t\t\t\t<a class=\"rollover rollover-zoom dt-pswp-item\" title=\"_Maria Giovanna Piazzetta\" data-dt-img-description=\"\" data-large_image_width=\"3024\" data-large_image_height=\"3024\"href='https:\/\/www.radiopiu.net\/wordpress\/wp-content\/uploads\/2021\/09\/Maria-Giovanna-Piazzetta.bmp'><img loading=\"lazy\" decoding=\"async\" width=\"150\" height=\"150\" src=\"https:\/\/www.radiopiu.net\/wordpress\/wp-content\/uploads\/2021\/09\/Maria-Giovanna-Piazzetta.bmp\" class=\"attachment-thumbnail size-thumbnail\" alt=\"\" aria-describedby=\"gallery-2-234071\" \/><\/a>\n\t\t\t\t<\/dt>\n\t\t\t\t\t<dd class='wp-caption-text gallery-caption' id='gallery-2-234071'>\n\t\t\t\t\tMaria Giovanna Piazzetta\n\t\t\t\t\t<\/dd><\/dl><dl class='gallery-item'>\n\t\t\t\t<dt class='gallery-icon landscape'>\n\t\t\t\t\t<a class=\"rollover rollover-zoom dt-pswp-item\" title=\"_Luca Magro (1)\" data-dt-img-description=\"\" data-large_image_width=\"3024\" data-large_image_height=\"3024\"href='https:\/\/www.radiopiu.net\/wordpress\/wp-content\/uploads\/2021\/09\/Luca-Magro-1.bmp'><img loading=\"lazy\" decoding=\"async\" width=\"150\" height=\"150\" src=\"https:\/\/www.radiopiu.net\/wordpress\/wp-content\/uploads\/2021\/09\/Luca-Magro-1.bmp\" class=\"attachment-thumbnail size-thumbnail\" alt=\"\" aria-describedby=\"gallery-2-234070\" \/><\/a>\n\t\t\t\t<\/dt>\n\t\t\t\t\t<dd class='wp-caption-text gallery-caption' id='gallery-2-234070'>\n\t\t\t\t\tLuca Magro\n\t\t\t\t\t<\/dd><\/dl><dl class='gallery-item'>\n\t\t\t\t<dt class='gallery-icon landscape'>\n\t\t\t\t\t<a class=\"rollover rollover-zoom dt-pswp-item\" title=\"_Francesca Simonetti\" data-dt-img-description=\"\" data-large_image_width=\"3024\" data-large_image_height=\"3024\"href='https:\/\/www.radiopiu.net\/wordpress\/wp-content\/uploads\/2021\/09\/Francesca-Simonetti.bmp'><img loading=\"lazy\" decoding=\"async\" width=\"150\" height=\"150\" src=\"https:\/\/www.radiopiu.net\/wordpress\/wp-content\/uploads\/2021\/09\/Francesca-Simonetti.bmp\" class=\"attachment-thumbnail size-thumbnail\" alt=\"\" aria-describedby=\"gallery-2-234069\" \/><\/a>\n\t\t\t\t<\/dt>\n\t\t\t\t\t<dd class='wp-caption-text gallery-caption' id='gallery-2-234069'>\n\t\t\t\t\tFrancesca Simonetti\n\t\t\t\t\t<\/dd><\/dl><br style=\"clear: both\" \/>\n\t\t\t<\/div>\n\n<p>&nbsp;<\/p>\n<p>&nbsp;<\/p>\n<p>*****<\/p>\n","protected":false},"excerpt":{"rendered":"<p>di Gianni Santomaso INTERVISTA A GIUSEPPE SCHENA VOLTAGO Unire le associazioni, ampliare parcheggi e magazzini. Giuseppe Schena, 30 anni, operaio in Luxottica e attuale capo del Gruppo comunale di protezione civile, si candida a sindaco di Voltago alla guida della lista &#8220;Ricominciamo insieme&#8221;. Come intendete rivedere il Piano economico di gestione? \u00abTra le pieghe del&hellip;<\/p>\n","protected":false},"author":4,"featured_media":234400,"comment_status":"closed","ping_status":"open","sticky":false,"template":"","format":"standard","meta":{"_monsterinsights_skip_tracking":false,"_monsterinsights_sitenote_active":false,"_monsterinsights_sitenote_note":"","_monsterinsights_sitenote_category":0,"footnotes":""},"categories":[51,49],"tags":[],"class_list":["post-234396","post","type-post","status-publish","format-standard","has-post-thumbnail","hentry","category-evidenza-top","category-news-18","category-51","category-49","description-off"],"img_url":"https:\/\/www.radiopiu.net\/wordpress\/wp-content\/uploads\/2021\/09\/b645f460-4328-4483-b4ca-3d8341cab69f.jpg","_links":{"self":[{"href":"https:\/\/www.radiopiu.net\/wordpress\/wp-json\/wp\/v2\/posts\/234396","targetHints":{"allow":["GET"]}}],"collection":[{"href":"https:\/\/www.radiopiu.net\/wordpress\/wp-json\/wp\/v2\/posts"}],"about":[{"href":"https:\/\/www.radiopiu.net\/wordpress\/wp-json\/wp\/v2\/types\/post"}],"author":[{"embeddable":true,"href":"https:\/\/www.radiopiu.net\/wordpress\/wp-json\/wp\/v2\/users\/4"}],"replies":[{"embeddable":true,"href":"https:\/\/www.radiopiu.net\/wordpress\/wp-json\/wp\/v2\/comments?post=234396"}],"version-history":[{"count":0,"href":"https:\/\/www.radiopiu.net\/wordpress\/wp-json\/wp\/v2\/posts\/234396\/revisions"}],"wp:featuredmedia":[{"embeddable":true,"href":"https:\/\/www.radiopiu.net\/wordpress\/wp-json\/wp\/v2\/media\/234400"}],"wp:attachment":[{"href":"https:\/\/www.radiopiu.net\/wordpress\/wp-json\/wp\/v2\/media?parent=234396"}],"wp:term":[{"taxonomy":"category","embeddable":true,"href":"https:\/\/www.radiopiu.net\/wordpress\/wp-json\/wp\/v2\/categories?post=234396"},{"taxonomy":"post_tag","embeddable":true,"href":"https:\/\/www.radiopiu.net\/wordpress\/wp-json\/wp\/v2\/tags?post=234396"}],"curies":[{"name":"wp","href":"https:\/\/api.w.org\/{rel}","templated":true}]}}