{"id":234446,"date":"2021-09-29T16:02:50","date_gmt":"2021-09-29T14:02:50","guid":{"rendered":"https:\/\/www.radiopiu.net\/wordpress\/?p=234446"},"modified":"2021-09-29T16:02:50","modified_gmt":"2021-09-29T14:02:50","slug":"il-grazie-degli-alpini-a-don-francesco-e-padre-pietro-labbraccio-solidale-a-tobia","status":"publish","type":"post","link":"https:\/\/www.radiopiu.net\/wordpress\/il-grazie-degli-alpini-a-don-francesco-e-padre-pietro-labbraccio-solidale-a-tobia\/","title":{"rendered":"IL GRAZIE DEGLI ALPINI A DON FRANCESCO E PADRE PIETRO, L&#8217;ABBRACCIO SOLIDALE A TOBIA"},"content":{"rendered":"<p><strong>ALLEGHE<\/strong> Don Francesco di Stefano lascia Alleghe, Padre Pietro Viscolani parroco di Caprile e Santa Maria delel Grazie \u00e8 stato trasferito altrove\u00a0 e per la comunit\u00e0 sono momenti di grandi emozioni non solo di muguni in paesi che rimangono senza parroci, medico e con i servizi sempre pi\u00f9 lontani. Anche gli alpini del Gruppo Monte Civetta di Alleghe portano il loro saluto ed abbraccio ai due uomini di chiesa con il grazie per la presenza, importante in riva al lago in questi anni.<\/p>\n<p>Nella sede di Masar\u00e8 il saluto ufficiale ai due parroci, che lasciano le rispettive comunit\u00e0, a loro sono stati consegnati due crocifissi artistici come segno di riconoscenza per la disponibilit\u00e0 nei confronti degli Alpini. Un grazie per il passato ed un augurio per gli impegni cui andranno incontro in futuro. Era presente anche\u00a0 l\u2019ex Capogruppo Guerrino (Tobia) Bellenzier al quale \u00e8 stato consegnato, dal Capogruppo Cristian De Toni, un simbolico assegno di 10.732 \u20ac frutto di una raccolta fondi organizzata dal gruppo Alpini a seguito dell\u2019incendio che ha colpito il tetto della sua abitazione. Alla raccolta hanno contribuito a raggiungere tale cifra, oltre ai Soci, anche numerosi cittadini.<\/p>\n<p>&nbsp;<\/p>\n<p><img decoding=\"async\" src=\"https:\/\/www.radiopiu.net\/wordpress\/wp-content\/uploads\/2021\/09\/DSCN4618-scaled.jpg\" \/><\/p>\n","protected":false},"excerpt":{"rendered":"<p>ALLEGHE Don Francesco di Stefano lascia Alleghe, Padre Pietro Viscolani parroco di Caprile e Santa Maria delel Grazie \u00e8 stato trasferito altrove\u00a0 e per la comunit\u00e0 sono momenti di grandi emozioni non solo di muguni in paesi che rimangono senza parroci, medico e con i servizi sempre pi\u00f9 lontani. Anche gli alpini del Gruppo Monte&hellip;<\/p>\n","protected":false},"author":4,"featured_media":234447,"comment_status":"closed","ping_status":"open","sticky":false,"template":"","format":"standard","meta":{"_monsterinsights_skip_tracking":false,"_monsterinsights_sitenote_active":false,"_monsterinsights_sitenote_note":"","_monsterinsights_sitenote_category":0,"footnotes":""},"categories":[51,49],"tags":[],"class_list":["post-234446","post","type-post","status-publish","format-standard","has-post-thumbnail","hentry","category-evidenza-top","category-news-18","category-51","category-49","description-off"],"img_url":"https:\/\/www.radiopiu.net\/wordpress\/wp-content\/uploads\/2021\/09\/DSCN4618-scaled.jpg","_links":{"self":[{"href":"https:\/\/www.radiopiu.net\/wordpress\/wp-json\/wp\/v2\/posts\/234446","targetHints":{"allow":["GET"]}}],"collection":[{"href":"https:\/\/www.radiopiu.net\/wordpress\/wp-json\/wp\/v2\/posts"}],"about":[{"href":"https:\/\/www.radiopiu.net\/wordpress\/wp-json\/wp\/v2\/types\/post"}],"author":[{"embeddable":true,"href":"https:\/\/www.radiopiu.net\/wordpress\/wp-json\/wp\/v2\/users\/4"}],"replies":[{"embeddable":true,"href":"https:\/\/www.radiopiu.net\/wordpress\/wp-json\/wp\/v2\/comments?post=234446"}],"version-history":[{"count":0,"href":"https:\/\/www.radiopiu.net\/wordpress\/wp-json\/wp\/v2\/posts\/234446\/revisions"}],"wp:featuredmedia":[{"embeddable":true,"href":"https:\/\/www.radiopiu.net\/wordpress\/wp-json\/wp\/v2\/media\/234447"}],"wp:attachment":[{"href":"https:\/\/www.radiopiu.net\/wordpress\/wp-json\/wp\/v2\/media?parent=234446"}],"wp:term":[{"taxonomy":"category","embeddable":true,"href":"https:\/\/www.radiopiu.net\/wordpress\/wp-json\/wp\/v2\/categories?post=234446"},{"taxonomy":"post_tag","embeddable":true,"href":"https:\/\/www.radiopiu.net\/wordpress\/wp-json\/wp\/v2\/tags?post=234446"}],"curies":[{"name":"wp","href":"https:\/\/api.w.org\/{rel}","templated":true}]}}