{"id":234499,"date":"2021-09-30T05:44:31","date_gmt":"2021-09-30T03:44:31","guid":{"rendered":"https:\/\/www.radiopiu.net\/wordpress\/?p=234499"},"modified":"2021-09-30T06:18:05","modified_gmt":"2021-09-30T04:18:05","slug":"sanita-veneto-da-questa-sera-operativo-il-volo-notturno-dellelicottero-del-suem-118-basato-a-treviso","status":"publish","type":"post","link":"https:\/\/www.radiopiu.net\/wordpress\/sanita-veneto-da-questa-sera-operativo-il-volo-notturno-dellelicottero-del-suem-118-basato-a-treviso\/","title":{"rendered":"SANITA\u2019. VENETO, DA  IERI  SERA\u00a0 OPERATIVO IL VOLO NOTTURNO DELL\u2019ELICOTTERO DEL SUEM 118 BASATO A TREVISO"},"content":{"rendered":"<blockquote>\n<h3 align=\"JUSTIFY\"><\/h3>\n<\/blockquote>\n<p align=\"JUSTIFY\"><span style=\"font-family: Times New Roman, serif;\"><span style=\"font-size: medium;\"><strong><a href=\"https:\/\/www.radiopiu.net\/wordpress\/terred\/remv6\/\" rel=\"attachment wp-att-234498\"><img loading=\"lazy\" decoding=\"async\" class=\"alignleft wp-image-234498 size-full\" src=\"https:\/\/www.radiopiu.net\/wordpress\/wp-content\/uploads\/2021\/09\/remv6.jpg\" alt=\"\" width=\"270\" height=\"190\" \/><\/a>VENEZIA<\/strong> E&#8217;<\/span><\/span><span style=\"font-family: Times New Roman, serif;\"><span style=\"font-size: medium;\">\u00a0operativo il volo notturno dell\u2019elicottero del Suem 118 della Regione Veneto, basato a Treviso. <\/span><\/span><span style=\"font-family: Times New Roman, serif;\"><span style=\"font-size: medium;\">L\u2019avvio del volo notturno \u00e8 stato reso possibile dall\u2019avvio del nuovo contratto regionale stipulato a luglio scorso; fin da allora sono state avviate tutte le operazioni preliminari all\u2019inizio del servizio <\/span><\/span><span style=\"font-family: Times New Roman, serif;\"><span style=\"font-size: medium;\">La programmazione regionale ha previsto il servizio di volo notturno con base a Pieve di Cadore al servizio delle ULSS 1, 2, 3 e 4. Poich\u00e9 la realizzazione dell\u2019eliporto dell\u2019ospedale di Pieve di Cadore non \u00e8 conclusa e nel bellunese non sono presenti altre strutture conformi alle normative aeronautiche che disciplinano il volo notturno, per non dilazionare ulteriormente l\u2019avvio del servizio l\u2019attivit\u00e0 \u00e8 stata assegnata temporaneamente all\u2019ULSS 2. <\/span><\/span><span style=\"font-family: Times New Roman, serif;\"><span style=\"font-size: medium;\">L\u2019elisoccorso svolger\u00e0 sia trasferimenti interospedalieri che interventi di soccorso in prossimit\u00e0 del luogo dove si trova il paziente, consentendo il trasporto diretto all\u2019ospedale Hub delle patologie pi\u00f9 critiche <\/span><\/span><span style=\"font-family: Times New Roman, serif;\"><span style=\"font-size: medium;\">Come previsto dalle normative, per i primi due mesi negli interventi di soccorso l\u2019elicottero potr\u00e0 atterrare su superfici gi\u00e0 identificate ed inserite nei manuali di volo, dotate di illuminazione. Successivamente potr\u00e0 operare anche su superfici non illuminate. <\/span><\/span><span style=\"font-family: Times New Roman, serif;\"><span style=\"font-size: medium;\">In questi mesi il personale delle Centrali Operative del SUEM di Belluno, Treviso e Venezia ha identificato oltre 50 campi sportivi dotati di illuminazione, ottenendo l\u2019assenso dei gestori al loro utilizzo e predisponendo tutte le procedure per l\u2019accesso e l\u2019accensione delle luci da parte dell\u2019ambulanza intervenuta. Tutte le ambulanze sono state dotate delle procedure per l\u2019accesso ai siti di loro interesse e delle chiavi dell\u2019impianto <\/span><\/span><span style=\"font-family: Times New Roman, serif;\"><span style=\"font-size: medium;\">Fondamentale \u00e8 stata la collaborazione delle amministrazioni comunali e delle societ\u00e0 di gestione degli impianti sportivi, che sono immediatamente resi disponibili per consentire l\u2019accesso alle strutture ed hanno fornito tutto il supporto tecnico necessario <\/span><\/span><span style=\"font-family: Times New Roman, serif;\"><span style=\"font-size: medium;\">La societ\u00e0 che gestisce l\u2019elicottero, Babcock Italia, ha poi svolto una ricognizione notturna di tutti i siti censiti, al fine di verificarne la sicurezza e di predisporre le rotte di avvicinamento e di atterraggio. I piloti sono stati addestrati ad operare utilizzando i visori notturni (NVG \u2013 Night Vision Googles), tecnologia che fino a pochi anni fa era riservata all\u2019ambito militare e che consente la visione di tutti gli ostacoli anche in assenza di luce <\/span><\/span><span style=\"font-family: Times New Roman, serif;\"><span style=\"font-size: medium;\">La disposizione dei siti consente di coprire la parte del territorio che richiede tempi lunghi di accesso all\u2019ospedale Hub da parte dei pazienti critici; particolare attenzione \u00e8 stata rivolta alla provincia di Belluno, per fare in modo che su tutto il territorio sia disponibile una superficie per l\u2019atterraggio <\/span><\/span><span style=\"font-family: Times New Roman, serif;\"><span style=\"font-size: medium;\">L\u2019attivit\u00e0 coprir\u00e0 da subito le province di Belluno e Treviso; nella settimana successiva la copertura verr\u00e0 estesa al Veneziano (in particolare le aree pi\u00f9 periferiche dell\u2019ULSS 4 la zona meridionale dell\u2019ULSS 3) ed all\u2019Altopiano di Asiago.\u00a0<\/span><\/span><\/p>\n<p align=\"JUSTIFY\"><strong>LA RIFLESSIONE DI FABIO RUFUS BRISTOT, CONSIGLIERE COMUNALE<\/strong><\/p>\n<blockquote>\n<div dir=\"auto\"><a href=\"https:\/\/www.radiopiu.net\/wordpress\/giornale-radiopiu-20-agosto-2018-direttore-mirko-mezzacasa\/fabio-rufus\/\" rel=\"attachment wp-att-58379\"><img loading=\"lazy\" decoding=\"async\" class=\"size-thumbnail wp-image-58379 alignleft\" src=\"https:\/\/www.radiopiu.net\/wordpress\/wp-content\/uploads\/2018\/08\/FABIO-RUFUS-150x150.jpg\" alt=\"\" width=\"150\" height=\"150\" srcset=\"https:\/\/www.radiopiu.net\/wordpress\/wp-content\/uploads\/2018\/08\/FABIO-RUFUS-150x150.jpg 150w, https:\/\/www.radiopiu.net\/wordpress\/wp-content\/uploads\/2018\/08\/FABIO-RUFUS-300x300.jpg 300w, https:\/\/www.radiopiu.net\/wordpress\/wp-content\/uploads\/2018\/08\/FABIO-RUFUS-768x768.jpg 768w, https:\/\/www.radiopiu.net\/wordpress\/wp-content\/uploads\/2018\/08\/FABIO-RUFUS.jpg 928w\" sizes=\"auto, (max-width: 150px) 100vw, 150px\" \/><\/a><strong>FACCIAMO VOLARE DI NOTTE L&#8217;ORGOGLIO DI UN TEMPO AL POSTO DELLA RASSEGNAZIONE DI ADESSO, CHE \u00c8 DIVENTA PARADOSSALMENTE UN APPLAUSO..<\/strong>. Dopo oltre 20 anni di utilizzo come sede dedicata ad officina manutenzioni, uffici, oltre che deposito carburante, il 15.10 chiude la sede di Babcock Italia e, quindi, messa in vendita. Mentre tutti applaudono con tutta l&#8217;esca ancora in bocca per l&#8217;elicottero di Treviso che salva &#8220;il povero Bellunese&#8221; di notte (Treviso-Auronzo ca. 38&#8217;&#8230; mentre Pieve-Auronzo 8&#8242; di volo&#8230; cos\u00ec per dire), dal 15 ottobre non ci sar\u00e0 neppure la possibilit\u00e0 di fare rifornimemto di carburante in quanto anche la piazzola di Pieve di Cadore \u00e8 fuori servizio per i lavori della nuova elibase. Tutto ci\u00f2 risulta putroppo del tutto vero, a meno che il rifornimento di carburante degli elicotteri non lo si faccia in piena area ospedaliera a Belluno, dove si trova dislocata da qualche mese una autocisterna da 22.000 litri di kerosene a 30 metri dal padiglione est&#8230; Ritengo con assoluta congnizione di causa, che possono sostenere, anche con poca fatica, in ogni sede come ho sempre fatto mostrando la faccia, che la provincia di Belluno meriti qualcosa di pi\u00f9&#8230; Resto poi basito che quasi tutti i sindaci restino silenti, incaci di cogliere il senso e la portata di quanto sopra sommariamente descritto e gaudenti che il &#8220;Leone&#8221; salvi il povero montanaro, incapace quest&#8217;ultimo di governare, all&#8217;evidenza, i processi del territorio e delle comunit\u00e0 della montagna.<\/div>\n<\/blockquote>\n<p>&nbsp;<\/p>\n","protected":false},"excerpt":{"rendered":"<p>VENEZIA E&#8217;\u00a0operativo il volo notturno dell\u2019elicottero del Suem 118 della Regione Veneto, basato a Treviso. L\u2019avvio del volo notturno \u00e8 stato reso possibile dall\u2019avvio del nuovo contratto regionale stipulato a luglio scorso; fin da allora sono state avviate tutte le operazioni preliminari all\u2019inizio del servizio La programmazione regionale ha previsto il servizio di volo notturno&hellip;<\/p>\n","protected":false},"author":4,"featured_media":234498,"comment_status":"closed","ping_status":"open","sticky":false,"template":"","format":"standard","meta":{"_monsterinsights_skip_tracking":false,"_monsterinsights_sitenote_active":false,"_monsterinsights_sitenote_note":"","_monsterinsights_sitenote_category":0,"footnotes":""},"categories":[51,49],"tags":[],"class_list":["post-234499","post","type-post","status-publish","format-standard","has-post-thumbnail","hentry","category-evidenza-top","category-news-18","category-51","category-49","description-off"],"img_url":"https:\/\/www.radiopiu.net\/wordpress\/wp-content\/uploads\/2021\/09\/remv6.jpg","_links":{"self":[{"href":"https:\/\/www.radiopiu.net\/wordpress\/wp-json\/wp\/v2\/posts\/234499","targetHints":{"allow":["GET"]}}],"collection":[{"href":"https:\/\/www.radiopiu.net\/wordpress\/wp-json\/wp\/v2\/posts"}],"about":[{"href":"https:\/\/www.radiopiu.net\/wordpress\/wp-json\/wp\/v2\/types\/post"}],"author":[{"embeddable":true,"href":"https:\/\/www.radiopiu.net\/wordpress\/wp-json\/wp\/v2\/users\/4"}],"replies":[{"embeddable":true,"href":"https:\/\/www.radiopiu.net\/wordpress\/wp-json\/wp\/v2\/comments?post=234499"}],"version-history":[{"count":0,"href":"https:\/\/www.radiopiu.net\/wordpress\/wp-json\/wp\/v2\/posts\/234499\/revisions"}],"wp:featuredmedia":[{"embeddable":true,"href":"https:\/\/www.radiopiu.net\/wordpress\/wp-json\/wp\/v2\/media\/234498"}],"wp:attachment":[{"href":"https:\/\/www.radiopiu.net\/wordpress\/wp-json\/wp\/v2\/media?parent=234499"}],"wp:term":[{"taxonomy":"category","embeddable":true,"href":"https:\/\/www.radiopiu.net\/wordpress\/wp-json\/wp\/v2\/categories?post=234499"},{"taxonomy":"post_tag","embeddable":true,"href":"https:\/\/www.radiopiu.net\/wordpress\/wp-json\/wp\/v2\/tags?post=234499"}],"curies":[{"name":"wp","href":"https:\/\/api.w.org\/{rel}","templated":true}]}}