{"id":234503,"date":"2021-10-01T05:31:38","date_gmt":"2021-10-01T03:31:38","guid":{"rendered":"https:\/\/www.radiopiu.net\/wordpress\/?p=234503"},"modified":"2021-10-01T09:17:45","modified_gmt":"2021-10-01T07:17:45","slug":"giornale-radiopiu-01-ottobre-2021-direttore-mirko-mezzacasa","status":"publish","type":"post","link":"https:\/\/www.radiopiu.net\/wordpress\/giornale-radiopiu-01-ottobre-2021-direttore-mirko-mezzacasa\/","title":{"rendered":"GIORNALE RADIOPIU 01 OTTOBRE 2021 DIRETTORE MIRKO MEZZACASA"},"content":{"rendered":"<h3 class=\"kvgmc6g5 cxmmr5t8 oygrvhab hcukyx3x c1et5uql\"><span style=\"color: #0000ff;\">INFORMAZIONE il canale su TELEGRAM informazione di prima mano e in tempo reale. iscriviti ed aiutaci a farlo conoscere\u00a0<\/span><\/h3>\n<p>&nbsp;<\/p>\n<hr \/>\n<p>&nbsp;<\/p>\n<h2><span style=\"color: #ff0000;\">IL FUTURO<\/span><\/h2>\n<blockquote>\n<h3><a href=\"https:\/\/www.radiopiu.net\/wordpress\/giornale-radiopiu-01-ottobre-2020-direttore-mirko-mezzacasa\/blackfin_nuova_sede_rendering_nl\/\" rel=\"attachment wp-att-163497\"><img loading=\"lazy\" decoding=\"async\" class=\"size-medium wp-image-163497 alignleft\" src=\"https:\/\/www.radiopiu.net\/wordpress\/wp-content\/uploads\/2020\/09\/blackfin_nuova_sede_rendering_nl-300x200.jpg\" alt=\"\" width=\"300\" height=\"200\" srcset=\"https:\/\/www.radiopiu.net\/wordpress\/wp-content\/uploads\/2020\/09\/blackfin_nuova_sede_rendering_nl-300x200.jpg 300w, https:\/\/www.radiopiu.net\/wordpress\/wp-content\/uploads\/2020\/09\/blackfin_nuova_sede_rendering_nl-640x427.jpg 640w, https:\/\/www.radiopiu.net\/wordpress\/wp-content\/uploads\/2020\/09\/blackfin_nuova_sede_rendering_nl.jpg 750w\" sizes=\"auto, (max-width: 300px) 100vw, 300px\" \/><\/a>TANTI AUGURI ALLA BLACKFIN E ALLA FAMIGLIA DEL DIN_PRAMAOR<\/h3>\n<\/blockquote>\n<p><strong>TAIBON<\/strong> Il 13 ottobre Blackfin festeggia 50 anni di vita inaugurando il nuovo stabilimento di Nogarola, la ex Pastalegno di tanti anni fa.\u00a0 Sar\u00e0\u00a0 l&#8217;astronauta Paolo Nespoli\u00a0 ad inaugurare i locali del primo edificio business che ha ottenutola certificazione Casa clima. Sar\u00e0 presentato ufficialmente\u00a0 Black Shelter, la nuova sede sostenibile di Blackfin.<\/p>\n<p>&nbsp;<\/p>\n\n\t\t\t<style type='text\/css'>\n\t\t\t\t#gallery-1 {\n\t\t\t\t\tmargin: auto;\n\t\t\t\t}\n\t\t\t\t#gallery-1 .gallery-item {\n\t\t\t\t\tfloat: left;\n\t\t\t\t\tmargin-top: 10px;\n\t\t\t\t\ttext-align: center;\n\t\t\t\t\twidth: 25%;\n\t\t\t\t}\n\t\t\t\t#gallery-1 img {\n\t\t\t\t\tborder: 2px solid #cfcfcf;\n\t\t\t\t}\n\t\t\t\t#gallery-1 .gallery-caption {\n\t\t\t\t\tmargin-left: 0;\n\t\t\t\t}\n\t\t\t\t\/* see gallery_shortcode() in wp-includes\/media.php *\/\n\t\t\t<\/style>\n\t\t<div id='gallery-1' class='dt-gallery-container gallery galleryid-234503 gallery-columns-4 gallery-size-thumbnail'><dl class='gallery-item'>\n\t\t\t\t<dt class='gallery-icon landscape'>\n\t\t\t\t\t<a class=\"rollover rollover-zoom dt-pswp-item\" title=\"th\" data-dt-img-description=\"\" data-large_image_width=\"263\" data-large_image_height=\"176\"href='https:\/\/www.radiopiu.net\/wordpress\/wp-content\/uploads\/2021\/10\/th-3.jpg'><img loading=\"lazy\" decoding=\"async\" width=\"150\" height=\"150\" src=\"https:\/\/www.radiopiu.net\/wordpress\/wp-content\/uploads\/2021\/10\/th-3-150x150.jpg\" class=\"attachment-thumbnail size-thumbnail\" alt=\"\" \/><\/a>\n\t\t\t\t<\/dt><\/dl><dl class='gallery-item'>\n\t\t\t\t<dt class='gallery-icon landscape'>\n\t\t\t\t\t<a class=\"rollover rollover-zoom dt-pswp-item\" title=\"th\" data-dt-img-description=\"\" data-large_image_width=\"288\" data-large_image_height=\"192\"href='https:\/\/www.radiopiu.net\/wordpress\/wp-content\/uploads\/2021\/10\/th-2.jpg'><img loading=\"lazy\" decoding=\"async\" width=\"150\" height=\"150\" src=\"https:\/\/www.radiopiu.net\/wordpress\/wp-content\/uploads\/2021\/10\/th-2-150x150.jpg\" class=\"attachment-thumbnail size-thumbnail\" alt=\"\" \/><\/a>\n\t\t\t\t<\/dt><\/dl><dl class='gallery-item'>\n\t\t\t\t<dt class='gallery-icon landscape'>\n\t\t\t\t\t<a class=\"rollover rollover-zoom dt-pswp-item\" title=\"th\" data-dt-img-description=\"\" data-large_image_width=\"269\" data-large_image_height=\"180\"href='https:\/\/www.radiopiu.net\/wordpress\/wp-content\/uploads\/2021\/10\/th-1.jpg'><img loading=\"lazy\" decoding=\"async\" width=\"150\" height=\"150\" src=\"https:\/\/www.radiopiu.net\/wordpress\/wp-content\/uploads\/2021\/10\/th-1-150x150.jpg\" class=\"attachment-thumbnail size-thumbnail\" alt=\"\" \/><\/a>\n\t\t\t\t<\/dt><\/dl><dl class='gallery-item'>\n\t\t\t\t<dt class='gallery-icon landscape'>\n\t\t\t\t\t<a class=\"rollover rollover-zoom dt-pswp-item\" title=\"PM 2014-11-19 SEDE\" data-dt-img-description=\"\" data-large_image_width=\"2000\" data-large_image_height=\"1331\"href='https:\/\/www.radiopiu.net\/wordpress\/wp-content\/uploads\/2020\/09\/Blackfin-Neomadeinitaly-05.jpg'><img loading=\"lazy\" decoding=\"async\" width=\"150\" height=\"150\" src=\"https:\/\/www.radiopiu.net\/wordpress\/wp-content\/uploads\/2020\/09\/Blackfin-Neomadeinitaly-05-150x150.jpg\" class=\"attachment-thumbnail size-thumbnail\" alt=\"\" aria-describedby=\"gallery-1-163498\" srcset=\"https:\/\/www.radiopiu.net\/wordpress\/wp-content\/uploads\/2020\/09\/Blackfin-Neomadeinitaly-05-150x150.jpg 150w, https:\/\/www.radiopiu.net\/wordpress\/wp-content\/uploads\/2020\/09\/Blackfin-Neomadeinitaly-05-125x125.jpg 125w, https:\/\/www.radiopiu.net\/wordpress\/wp-content\/uploads\/2020\/09\/Blackfin-Neomadeinitaly-05-200x200.jpg 200w, https:\/\/www.radiopiu.net\/wordpress\/wp-content\/uploads\/2020\/09\/Blackfin-Neomadeinitaly-05-80x80.jpg 80w\" sizes=\"auto, (max-width: 150px) 100vw, 150px\" \/><\/a>\n\t\t\t\t<\/dt>\n\t\t\t\t\t<dd class='wp-caption-text gallery-caption' id='gallery-1-163498'>\n\t\t\t\t\tLA STORIA \n\t\t\t\t\t<\/dd><\/dl><br style=\"clear: both\" \/>\n\t\t\t<\/div>\n\n<p>&nbsp;<\/p>\n<p>&nbsp;<\/p>\n<hr \/>\n<p>&nbsp;<\/p>\n<blockquote>\n<h3><span style=\"color: #ff0000;\">REGIONALE 203 AGORDINA, CHIUDE DA MARTEDI PER 4 GIORNI, MATTINA E POMERIGGIO<\/span><\/h3>\n<\/blockquote>\n<p><strong><a href=\"https:\/\/www.radiopiu.net\/wordpress\/giornale-radiopiu-01-ottobre-2021-direttore-mirko-mezzacasa\/243381206_4404311092970950_2588586484936416015_n\/\" rel=\"attachment wp-att-234654\"><img loading=\"lazy\" decoding=\"async\" class=\"size-medium wp-image-234654 alignleft\" src=\"https:\/\/www.radiopiu.net\/wordpress\/wp-content\/uploads\/2021\/09\/243381206_4404311092970950_2588586484936416015_n-274x300.jpg\" alt=\"\" width=\"274\" height=\"300\" srcset=\"https:\/\/www.radiopiu.net\/wordpress\/wp-content\/uploads\/2021\/09\/243381206_4404311092970950_2588586484936416015_n-274x300.jpg 274w, https:\/\/www.radiopiu.net\/wordpress\/wp-content\/uploads\/2021\/09\/243381206_4404311092970950_2588586484936416015_n.jpg 548w\" sizes=\"auto, (max-width: 274px) 100vw, 274px\" \/><\/a>\u00a0<\/strong><\/p>\n<p><strong>\u00a0<\/strong><\/p>\n<p><strong>\u00a0<\/strong><strong>SEDICO<\/strong> La Strada Regionale 203 Agordina dal 5 al 8 ottobre chiuder\u00e0 al transito per la messa in sicurezza del versante in localit\u00e0 La Stanga. Le chiusure: dalle 8:30 alle 13 e dalle 14:30 alle 16:30.<\/p>\n<p>&nbsp;<\/p>\n<p>&nbsp;<\/p>\n<p>&nbsp;<\/p>\n<p>&nbsp;<\/p>\n<p>&nbsp;<\/p>\n<p>&nbsp;<\/p>\n<p>&nbsp;<\/p>\n<p>&nbsp;<\/p>\n<p>&nbsp;<\/p>\n<hr \/>\n<p>&nbsp;<\/p>\n<blockquote>\n<h3>ACQUA POTABILE A VALCOZZENA, BRUGNACH E GIOVE DI AGORDO<\/h3>\n<\/blockquote>\n<p><span style=\"color: #0000ff;\"><strong><a href=\"https:\/\/www.radiopiu.net\/wordpress\/giornale-radiopiu-01-ottobre-2021-direttore-mirko-mezzacasa\/bicchiere-acqua-2\/\" rel=\"attachment wp-att-234651\"><img loading=\"lazy\" decoding=\"async\" class=\"wp-image-234651 alignleft\" src=\"https:\/\/www.radiopiu.net\/wordpress\/wp-content\/uploads\/2021\/09\/BICCHIERE-ACQUA-300x200.jpg\" alt=\"\" width=\"188\" height=\"125\" srcset=\"https:\/\/www.radiopiu.net\/wordpress\/wp-content\/uploads\/2021\/09\/BICCHIERE-ACQUA-300x200.jpg 300w, https:\/\/www.radiopiu.net\/wordpress\/wp-content\/uploads\/2021\/09\/BICCHIERE-ACQUA-1024x683.jpg 1024w, https:\/\/www.radiopiu.net\/wordpress\/wp-content\/uploads\/2021\/09\/BICCHIERE-ACQUA-768x512.jpg 768w, https:\/\/www.radiopiu.net\/wordpress\/wp-content\/uploads\/2021\/09\/BICCHIERE-ACQUA-1536x1024.jpg 1536w, https:\/\/www.radiopiu.net\/wordpress\/wp-content\/uploads\/2021\/09\/BICCHIERE-ACQUA.jpg 1920w\" sizes=\"auto, (max-width: 188px) 100vw, 188px\" \/><\/a>DOPO SETTE GIORNI IL RIENTRO ALLA NORMALITA&#8217;<\/strong><\/span><\/p>\n<p>&nbsp;<\/p>\n<p><strong>AGORDO<\/strong> Gestione Servizi Pubblici informa che ad AGORDO nelle localit\u00e0 VALCOZZENA, BRUGNACH e GIOVE l&#8217;acqua erogata dall&#8217;acquedotto non \u00e8 potabile e pu\u00f2 essere usata per scopi alimentari SOLO PREVIA bollitura. GSP ha, comunque, gi\u00e0 adottato le necessarie misure per la disinfezione dell&#8217;acqua presente nei serbatoi e nella rete idrica con l&#8217;aggiunta di cloro. Ulteriori informazioni saranno fornite nei prossimi giorni<\/p>\n<p>&nbsp;<\/p>\n<p>&nbsp;<\/p>\n<hr \/>\n<p>&nbsp;<\/p>\n<blockquote>\n<h3>INTERRUZIONI ELETTRICHE PROGRAMMATE<\/h3>\n<\/blockquote>\n<p><strong><a href=\"https:\/\/www.radiopiu.net\/wordpress\/giornale-radiopiu-16-giugno-2021-direttore-mirko-mezzacasa\/th-140\/\" rel=\"attachment wp-att-216173\"><img loading=\"lazy\" decoding=\"async\" class=\" wp-image-216173 alignleft\" src=\"https:\/\/www.radiopiu.net\/wordpress\/wp-content\/uploads\/2021\/06\/th-13.jpg\" alt=\"\" width=\"106\" height=\"71\" \/><\/a> <\/strong><\/p>\n<p><strong>\u00a0<\/strong><\/p>\n<p><strong>\u00a0<\/strong><strong>COLLE SANTA LUCIA <\/strong>Luned\u00ec dalle 10 alle 12:30 nelle vie Villagrande e Varazza<\/p>\n<p>&nbsp;<\/p>\n<p>&nbsp;<\/p>\n<p>&nbsp;<\/p>\n<hr \/>\n<p>&nbsp;<\/p>\n<p><strong>Il viadotto Pontet a Sovramonte \u00e8 chiuso\u00a0 per lavori sulla sicurezza della struttura. Alternative: passo Cereda,\u00a0 oppure una strada a senso unico alternato vicina al viadotto.<\/strong><\/p>\n<p>&nbsp;<\/p>\n<blockquote>\n<h3>VENETO, ANAS: MANUTENZIONE SEGNALETICA ORIZZONTALE SULLA STATALE 51 \u201cALEMAGNA\u201d TRA LONGARONE E PIEVE DI CADORE<\/h3>\n<\/blockquote>\n<p>Per consentire l\u2019esecuzione dei lavori di ripasso della segnaletica orizzontale sono previste limitazioni temporanee lungo la strada statale 51 \u201cAlemagna\u201d nel tratto tra Longarone e Pieve di Cadore. Chiusura del tratto dal km 50,000 al km 65,000 con deviazione del traffico sul vecchio tracciato della SS51. La limitazione \u00e8 programmata fino a venerd\u00ec 1 ottobre.<\/p>\n<p>&nbsp;<\/p>\n<blockquote>\n<h3><strong><a href=\"https:\/\/www.radiopiu.net\/wordpress\/giornale-radiopiu-29-settembre-2021-direttore-mirko-mezzacasa\/66195c39-0d91-471e-a86c-e4c55a78d703\/\" rel=\"attachment wp-att-234297\"><img loading=\"lazy\" decoding=\"async\" class=\"size-medium wp-image-234297 alignleft\" src=\"https:\/\/www.radiopiu.net\/wordpress\/wp-content\/uploads\/2021\/09\/66195c39-0d91-471e-a86c-e4c55a78d703-225x300.jpg\" alt=\"\" width=\"225\" height=\"300\" srcset=\"https:\/\/www.radiopiu.net\/wordpress\/wp-content\/uploads\/2021\/09\/66195c39-0d91-471e-a86c-e4c55a78d703-225x300.jpg 225w, https:\/\/www.radiopiu.net\/wordpress\/wp-content\/uploads\/2021\/09\/66195c39-0d91-471e-a86c-e4c55a78d703.jpg 600w\" sizes=\"auto, (max-width: 225px) 100vw, 225px\" \/><\/a><\/strong>CAPRILE-DIGONERA\u00a0 A &#8220;SINGHIOZZO&#8221;<\/h3>\n<\/blockquote>\n<p><strong><img loading=\"lazy\" decoding=\"async\" class=\"alignleft\" src=\"https:\/\/www.radiopiu.net\/wordpress\/wp-content\/uploads\/2021\/09\/th-9.jpg\" width=\"165\" height=\"79\" \/>ROCCA PIETORE<\/strong> La messa in sicurezza del piano viabile lungo la provinciale 563 di Salesei che da Saviner di Rocca Pietore sale a Digonera e quindi Livinallongo, obbliga l&#8217;impresa vicentina Gheller\u00a0 non solo a prevedere il senso unico alternato h24 ma anche a chiusure fino a 20 minuti. I lavori termineranno (salvo proroghe) il prossimo 11 ottobre.<\/p>\n<p>&nbsp;<\/p>\n<p><strong><a href=\"https:\/\/www.radiopiu.net\/wordpress\/veneto-strade-interdizione-al-traffico\/veneto-strade-2\/\" rel=\"attachment wp-att-135574\"><img loading=\"lazy\" decoding=\"async\" class=\"wp-image-135574 alignleft\" src=\"https:\/\/www.radiopiu.net\/wordpress\/wp-content\/uploads\/2020\/05\/VENETO-STRADE-300x300.png\" alt=\"\" width=\"100\" height=\"100\" srcset=\"https:\/\/www.radiopiu.net\/wordpress\/wp-content\/uploads\/2020\/05\/VENETO-STRADE-300x300.png 300w, https:\/\/www.radiopiu.net\/wordpress\/wp-content\/uploads\/2020\/05\/VENETO-STRADE-150x150.png 150w, https:\/\/www.radiopiu.net\/wordpress\/wp-content\/uploads\/2020\/05\/VENETO-STRADE.png 400w\" sizes=\"auto, (max-width: 100px) 100vw, 100px\" \/><\/a><\/strong><strong>PROVINCIALE 3 VALLE IMPERINA<\/strong> prorogato il senso unico con semaforo sopra Ponte Alto (per Rivamonte) fino al 4 ottobre, anche sabato e domenica<\/p>\n<p><strong>SP39 MONTE AVENA COMUNE SOVRAMONTE<\/strong> dal 27 settembre al 15 ottobre -esclusi festivi e prefestivi &#8211; interdizione totale al traffico<\/p>\n<p><strong>PROVINCIALE 638 DI PASSO GIAU<\/strong> Fino al 15 ottobre, sabato e domenica esclusi, interruzioni alla transitabilit\u00e0 stradale della durata di 15 minuti regolate da movieri.<\/p>\n<p>&nbsp;<\/p>\n<p>&nbsp;<\/p>\n<hr \/>\n<p>&nbsp;<\/p>\n<p>&nbsp;<\/p>\n<blockquote>\n<h3 align=\"CENTER\"><b>Terza dose per over 80: aperte le prenotazioni<\/b><\/h3>\n<\/blockquote>\n<p align=\"LEFT\"><strong>BELLUNO <\/strong>Da ieri\u00a0 in Ulss Dolomiti, tramite il portale regionale \u00e8 possibile prenotare la terza dose di vaccino anti covid per tutte le persone di et\u00e0 pari o superiore a 80 anni . Il sistema di prenotazione, tramite il codice fiscale, verifica automaticamente le persone che possono ricevere questa dose vaccinale di richiamo (over 80, ciclo vaccinale completato da almeno sei mesi). Per la prenotazione sono disponibili ampi spazi nei quattro drive in vaccinali (Belluno Paludi, Feltre ex Marangoni, Tai di Cadore, Agordo) e nel grande centro vaccinale di Sedico palaskating. La vaccinazione delle persone over 80 in casa di riposo avverr\u00e0 direttamente in struttura.<\/p>\n<hr \/>\n<p>&nbsp;<\/p>\n<p>&nbsp;<\/p>\n<p>&nbsp;<\/p>\n<a href=\"https:\/\/www.radiopiu.net\/wordpress\/wp-content\/uploads\/2021\/09\/positvi-tamponi.pdf\" class=\"pdfemb-viewer\" style=\"\" data-width=\"max\" data-height=\"max\" data-toolbar=\"top\" data-toolbar-fixed=\"on\">positvi-tamponi<\/a>\n<p>&nbsp;<\/p>\n<blockquote class=\"wp-embedded-content\" data-secret=\"A63HK0QDNw\"><p><a href=\"https:\/\/www.radiopiu.net\/wordpress\/aggiornamentoset30\/\">CORONAVIRUS: AGGIORNAMENTO NAZIONALE 30 SETTEMBRE  2021<\/a><\/p><\/blockquote>\n<p><iframe loading=\"lazy\" class=\"wp-embedded-content\" sandbox=\"allow-scripts\" security=\"restricted\" style=\"position: absolute; clip: rect(1px, 1px, 1px, 1px);\" title=\"&#8220;CORONAVIRUS: AGGIORNAMENTO NAZIONALE 30 SETTEMBRE  2021&#8221; &#8212; Radio Pi\u00f9\" src=\"https:\/\/www.radiopiu.net\/wordpress\/aggiornamentoset30\/embed\/#?secret=A63HK0QDNw\" data-secret=\"A63HK0QDNw\" width=\"600\" height=\"338\" frameborder=\"0\" marginwidth=\"0\" marginheight=\"0\" scrolling=\"no\"><\/iframe><\/p>\n<p>&nbsp;<\/p>\n<blockquote class=\"wp-embedded-content\" data-secret=\"rSW21cuY76\"><p><a href=\"https:\/\/www.radiopiu.net\/wordpress\/nelle-ultime-24-ore-472-nuovi-positivi-in-veneto-in-calo-i-ricoveri-in-area-non-critica-2-decessi\/\">NELLE ULTIME 24 ORE 472 NUOVI POSITIVI IN VENETO. IN CALO I RICOVERI IN AREA NON CRITICA, 2 DECESSI<\/a><\/p><\/blockquote>\n<p><iframe loading=\"lazy\" class=\"wp-embedded-content\" sandbox=\"allow-scripts\" security=\"restricted\" style=\"position: absolute; clip: rect(1px, 1px, 1px, 1px);\" title=\"&#8220;NELLE ULTIME 24 ORE 472 NUOVI POSITIVI IN VENETO. IN CALO I RICOVERI IN AREA NON CRITICA, 2 DECESSI&#8221; &#8212; Radio Pi\u00f9\" src=\"https:\/\/www.radiopiu.net\/wordpress\/nelle-ultime-24-ore-472-nuovi-positivi-in-veneto-in-calo-i-ricoveri-in-area-non-critica-2-decessi\/embed\/#?secret=rSW21cuY76\" data-secret=\"rSW21cuY76\" width=\"600\" height=\"338\" frameborder=\"0\" marginwidth=\"0\" marginheight=\"0\" scrolling=\"no\"><\/iframe><\/p>\n<p>&nbsp;<\/p>\n<blockquote>\n<h3>I GRAFICI DI TIZIANO DE COL<\/h3>\n<\/blockquote>\n\n\t\t\t<style type='text\/css'>\n\t\t\t\t#gallery-2 {\n\t\t\t\t\tmargin: auto;\n\t\t\t\t}\n\t\t\t\t#gallery-2 .gallery-item {\n\t\t\t\t\tfloat: left;\n\t\t\t\t\tmargin-top: 10px;\n\t\t\t\t\ttext-align: center;\n\t\t\t\t\twidth: 20%;\n\t\t\t\t}\n\t\t\t\t#gallery-2 img {\n\t\t\t\t\tborder: 2px solid #cfcfcf;\n\t\t\t\t}\n\t\t\t\t#gallery-2 .gallery-caption {\n\t\t\t\t\tmargin-left: 0;\n\t\t\t\t}\n\t\t\t\t\/* see gallery_shortcode() in wp-includes\/media.php *\/\n\t\t\t<\/style>\n\t\t<div id='gallery-2' class='dt-gallery-container gallery galleryid-234503 gallery-columns-5 gallery-size-thumbnail'><dl class='gallery-item'>\n\t\t\t\t<dt class='gallery-icon landscape'>\n\t\t\t\t\t<a class=\"rollover rollover-zoom dt-pswp-item\" title=\"cbdca286-2d68-446f-b276-885328189688\" data-dt-img-description=\"\" data-large_image_width=\"590\" data-large_image_height=\"356\"href='https:\/\/www.radiopiu.net\/wordpress\/wp-content\/uploads\/2021\/09\/cbdca286-2d68-446f-b276-885328189688.jpg'><img loading=\"lazy\" decoding=\"async\" width=\"150\" height=\"150\" src=\"https:\/\/www.radiopiu.net\/wordpress\/wp-content\/uploads\/2021\/09\/cbdca286-2d68-446f-b276-885328189688-150x150.jpg\" class=\"attachment-thumbnail size-thumbnail\" alt=\"\" \/><\/a>\n\t\t\t\t<\/dt><\/dl><dl class='gallery-item'>\n\t\t\t\t<dt class='gallery-icon landscape'>\n\t\t\t\t\t<a class=\"rollover rollover-zoom dt-pswp-item\" title=\"0b297c08-7dee-424c-9922-bb7e631c9baf\" data-dt-img-description=\"\" data-large_image_width=\"596\" data-large_image_height=\"354\"href='https:\/\/www.radiopiu.net\/wordpress\/wp-content\/uploads\/2021\/09\/0b297c08-7dee-424c-9922-bb7e631c9baf.jpg'><img loading=\"lazy\" decoding=\"async\" width=\"150\" height=\"150\" src=\"https:\/\/www.radiopiu.net\/wordpress\/wp-content\/uploads\/2021\/09\/0b297c08-7dee-424c-9922-bb7e631c9baf-150x150.jpg\" class=\"attachment-thumbnail size-thumbnail\" alt=\"\" \/><\/a>\n\t\t\t\t<\/dt><\/dl><dl class='gallery-item'>\n\t\t\t\t<dt class='gallery-icon landscape'>\n\t\t\t\t\t<a class=\"rollover rollover-zoom dt-pswp-item\" title=\"b0ce2551-2fcd-474d-866e-7be6138ddd1b\" data-dt-img-description=\"\" data-large_image_width=\"608\" data-large_image_height=\"352\"href='https:\/\/www.radiopiu.net\/wordpress\/wp-content\/uploads\/2021\/09\/b0ce2551-2fcd-474d-866e-7be6138ddd1b.jpg'><img loading=\"lazy\" decoding=\"async\" width=\"150\" height=\"150\" src=\"https:\/\/www.radiopiu.net\/wordpress\/wp-content\/uploads\/2021\/09\/b0ce2551-2fcd-474d-866e-7be6138ddd1b-150x150.jpg\" class=\"attachment-thumbnail size-thumbnail\" alt=\"\" \/><\/a>\n\t\t\t\t<\/dt><\/dl><dl class='gallery-item'>\n\t\t\t\t<dt class='gallery-icon landscape'>\n\t\t\t\t\t<a class=\"rollover rollover-zoom dt-pswp-item\" title=\"fc5f46a3-c540-4c4b-96ef-4656a2e13a40\" data-dt-img-description=\"\" data-large_image_width=\"606\" data-large_image_height=\"352\"href='https:\/\/www.radiopiu.net\/wordpress\/wp-content\/uploads\/2021\/09\/fc5f46a3-c540-4c4b-96ef-4656a2e13a40.jpg'><img loading=\"lazy\" decoding=\"async\" width=\"150\" height=\"150\" src=\"https:\/\/www.radiopiu.net\/wordpress\/wp-content\/uploads\/2021\/09\/fc5f46a3-c540-4c4b-96ef-4656a2e13a40-150x150.jpg\" class=\"attachment-thumbnail size-thumbnail\" alt=\"\" \/><\/a>\n\t\t\t\t<\/dt><\/dl><dl class='gallery-item'>\n\t\t\t\t<dt class='gallery-icon landscape'>\n\t\t\t\t\t<a class=\"rollover rollover-zoom dt-pswp-item\" title=\"9e5db1be-6fc4-47c3-b8b7-5d1fb261c8f9\" data-dt-img-description=\"\" data-large_image_width=\"608\" data-large_image_height=\"353\"href='https:\/\/www.radiopiu.net\/wordpress\/wp-content\/uploads\/2021\/09\/9e5db1be-6fc4-47c3-b8b7-5d1fb261c8f9.jpg'><img loading=\"lazy\" decoding=\"async\" width=\"150\" height=\"150\" src=\"https:\/\/www.radiopiu.net\/wordpress\/wp-content\/uploads\/2021\/09\/9e5db1be-6fc4-47c3-b8b7-5d1fb261c8f9-150x150.jpg\" class=\"attachment-thumbnail size-thumbnail\" alt=\"\" \/><\/a>\n\t\t\t\t<\/dt><\/dl><br style=\"clear: both\" \/>\n\t\t\t<\/div>\n\n<p>&nbsp;<\/p>\n<hr \/>\n<p>&nbsp;<\/p>\n<blockquote>\n<h3>DOMENICA ESERCITAZIONE DEI VIGILI DEL FUOCO A FALCADE<\/h3>\n<\/blockquote>\n<p><strong><a href=\"https:\/\/www.radiopiu.net\/wordpress\/3ad5a980-5dd0-475a-991f-39b6c7d87e5c\/\"><img loading=\"lazy\" decoding=\"async\" class=\"size-medium wp-image-222517 alignleft\" src=\"https:\/\/www.radiopiu.net\/wordpress\/wp-content\/uploads\/2021\/07\/3ad5a980-5dd0-475a-991f-39b6c7d87e5c-300x200.jpg\" alt=\"\" width=\"300\" height=\"200\" srcset=\"https:\/\/www.radiopiu.net\/wordpress\/wp-content\/uploads\/2021\/07\/3ad5a980-5dd0-475a-991f-39b6c7d87e5c-300x200.jpg 300w, https:\/\/www.radiopiu.net\/wordpress\/wp-content\/uploads\/2021\/07\/3ad5a980-5dd0-475a-991f-39b6c7d87e5c-1024x683.jpg 1024w, https:\/\/www.radiopiu.net\/wordpress\/wp-content\/uploads\/2021\/07\/3ad5a980-5dd0-475a-991f-39b6c7d87e5c-768x512.jpg 768w, https:\/\/www.radiopiu.net\/wordpress\/wp-content\/uploads\/2021\/07\/3ad5a980-5dd0-475a-991f-39b6c7d87e5c.jpg 1080w\" sizes=\"auto, (max-width: 300px) 100vw, 300px\" \/><\/a> <\/strong><\/p>\n<p><strong>\u00a0<\/strong><\/p>\n<p><strong>FALCADE<\/strong>\u00a0 il Comando Provinciale Vigili del Fuoco di Belluno ha organizzato un&#8217;esercitazione antincendio nella zona Falcade. Pi\u00f9 precisamente verranno interessate le Frazioni di Ganz, Costa e Somor oltre alla localit\u00e0 di Caverson e al Lago di Cavia. L&#8217;addestramento \u00e8 finalizzato allo spegnimento di incendi che possono coinvolgere abitati di montagna caratterizzati da scarse risorse idriche disponibili sul posto, una viabilit\u00e0 complicata per i mezzi pesanti e la presenza di fabbricati costruiti con materiale ligneo. Si comunica quanto sopra in quanto nelle suddette localit\u00e0 \u00e8 prevista una consistente presenza di personale e mezzi dei Vigili del Fuoco dalla mattina sino al primo pomeriggio. Fatte salve diverse esigenze di soccorso, in zona operer\u00e0 anche l&#8217;elicottero dei Vigili del fuoco del Reparto Volo di Venezia e allestito un ponte radio mobile dal Nucleo Regionale TLC Veneto.<\/p>\n<p>&nbsp;<\/p>\n<p>&nbsp;<\/p>\n<hr \/>\n<p>&nbsp;<\/p>\n<blockquote>\n<h3>ALLARME INCENDIO ALLA GABELLI<\/h3>\n<\/blockquote>\n<p><strong>BELLUNO<\/strong> Scatta l&#8217;allarme antincendio, a lezioni quasi terminate,\u00a0 era solo un sensore impazzito. Ieri intorno alle 13 i vigili del fuoco sono arrivati per i controlli e gli\u00a0 alunni sono stati fatti uscire.<\/p>\n<p>&nbsp;<\/p>\n<hr \/>\n<p>&nbsp;<\/p>\n<p>&nbsp;<\/p>\n<blockquote>\n<h3><a href=\"https:\/\/www.radiopiu.net\/wordpress\/speraznes\/th-195\/\" rel=\"attachment wp-att-233596\"><img loading=\"lazy\" decoding=\"async\" class=\"wp-image-233596 alignleft\" src=\"https:\/\/www.radiopiu.net\/wordpress\/wp-content\/uploads\/2021\/09\/th-10-e1633058955960.jpg\" alt=\"\" width=\"161\" height=\"121\" \/><\/a>I FUNERALI DI GIACOMO SARTORI, DOMANI A MEL<\/h3>\n<\/blockquote>\n<p>&nbsp;<\/p>\n<p><strong><em>BORGO VALBELLUNA<\/em><\/strong> Mamma Daniela, pap\u00e0 Stefano e il fratello Tommaso domani daranno l&#8217;ultimo saluto al loro Giacomo, morto a soli 29 anni. I funerali alle 15 di domani nella chiesa di Mel &#8220;Coloro che amiamo e che abbiamo perduto non sono pi\u00f9 dov&#8217;erano, ma sono ovunque noi siamo&#8221; S. Agostino<\/p>\n<p>&nbsp;<\/p>\n<p>&nbsp;<\/p>\n<p>&nbsp;<\/p>\n<hr \/>\n<p>&nbsp;<\/p>\n<blockquote>\n<h3>RECUPERATA ESCURSIONISTA CON TRAUMA AL GINOCCHIO<\/h3>\n<\/blockquote>\n<div dir=\"auto\"><strong><a href=\"https:\/\/www.radiopiu.net\/wordpress\/giornale-radiopiu-01-ottobre-2021-direttore-mirko-mezzacasa\/knee-2768834__340\/\" rel=\"attachment wp-att-234624\"><img loading=\"lazy\" decoding=\"async\" class=\"wp-image-234624 alignleft\" src=\"https:\/\/www.radiopiu.net\/wordpress\/wp-content\/uploads\/2021\/09\/knee-2768834__340-300x213.webp\" alt=\"\" width=\"82\" height=\"58\" srcset=\"https:\/\/www.radiopiu.net\/wordpress\/wp-content\/uploads\/2021\/09\/knee-2768834__340-300x213.webp 300w, https:\/\/www.radiopiu.net\/wordpress\/wp-content\/uploads\/2021\/09\/knee-2768834__340.webp 480w\" sizes=\"auto, (max-width: 82px) 100vw, 82px\" \/><\/a>CORTINA<\/strong>\u00a0 \u00a0Tra il Lago Limedes e l&#8217;Averau,un&#8217;escursionista\u00a0 ha\u00a0 riportato un probabile trauma al ginocchio. La donna, una turista francese di 63 anni, che si trovava con il marito e stata raggiunta da medico e tecnico di elisoccorso calati da lei con un verricello di 25 metri. Imbarcata con la stessa modalit\u00e0, la donna \u00e8 stata trasportata all&#8217;ospedale di Cortina.<\/div>\n<div dir=\"auto\"><\/div>\n<p>&nbsp;<\/p>\n<hr \/>\n<blockquote>\n<h3><\/h3>\n<h3>CONTROLLI DELLA POLIZIA LOCALE NEI GIORNI FESTIVI. I DATI DELLA PRIMA GIORNATA DI ATTIVIT\u00c0<\/h3>\n<\/blockquote>\n<p><strong><a href=\"https:\/\/www.radiopiu.net\/wordpress\/per-il-ponte-della-vittoria-era-gia-stato-programmato-il-sopralluogo\/ponte-vittoria-belluno\/\" rel=\"attachment wp-att-210552\"><img loading=\"lazy\" decoding=\"async\" class=\"size-full wp-image-210552 alignleft\" src=\"https:\/\/www.radiopiu.net\/wordpress\/wp-content\/uploads\/2021\/05\/PONTE-VITTORIA-BELLUNO.jpg\" alt=\"\" width=\"259\" height=\"194\" \/><\/a>BELLUNO <\/strong>Si \u00e8 tenuta domenica scorsa la prima giornata di controlli del territorio da parte della Polizia Locale di Belluno nei giorni festivi. Nel corso delle operazioni, sono state impiegate tre pattuglie per un totale di 7 agenti, che sono stati impegnati in controllo della circolazione stradale, delle soste, degli accessi in ZTL e delle aree ecologiche. In totale, sono state effettuare 14 sanzioni: in mattinata 4 per divieto di sosta, una per patente scaduta e una rimozione di un mezzo in Piazzale Associazione della Bandiera. 10 quelle erogate nel pomeriggio, per divieto di sosta e accessi senza permesso in ZTL. Inoltre una persona \u00e8 stata denunciata per furto di merce di modico valore in un negozio del centro, per il quale \u00e8 stato chiesto l&#8217;intervento degli agenti che proprio in quel momento passavano davanti all&#8217;esercizio commerciale e richiamati dagli addetti alle vendite. Gli agenti sono stati impegnati anche in attivit\u00e0 di controllo in Nevegal, in occasione del Trail del Nevegal. Le operazioni della Polizia Locale del capoluogo nelle giornate festive proseguiranno per tutto il 2021.<\/p>\n<p>&nbsp;<\/p>\n<p>&nbsp;<\/p>\n<hr \/>\n<p>&nbsp;<\/p>\n<div class=\"page-title-head hgroup\">\n<blockquote>\n<h1 class=\"entry-title\">VOLTAGO E SELVA DI CADORE: DA LUNEDI FINE DEL COMMISSARIAMENTO<\/h1>\n<\/blockquote>\n<\/div>\n<div class=\"page-title-breadcrumbs\"><\/div>\n<p><span style=\"color: #ff0000;\">IL GRAZIE A CHI SI IMPEGNA PER UN PAESE, PER UNA COMUNITA&#8217;<\/span><\/p>\n<p><a href=\"https:\/\/www.radiopiu.net\/wordpress\/elezioni-comunali-2019-laffluenza-alle-23\/elezioni-comunali\/\" rel=\"attachment wp-att-86550\"><img loading=\"lazy\" decoding=\"async\" class=\"wp-image-86550 alignleft\" src=\"https:\/\/www.radiopiu.net\/wordpress\/wp-content\/uploads\/2019\/05\/ELEZIONI-COMUNALI-300x195.jpg\" alt=\"\" width=\"172\" height=\"112\" srcset=\"https:\/\/www.radiopiu.net\/wordpress\/wp-content\/uploads\/2019\/05\/ELEZIONI-COMUNALI-300x195.jpg 300w, https:\/\/www.radiopiu.net\/wordpress\/wp-content\/uploads\/2019\/05\/ELEZIONI-COMUNALI.jpg 751w\" sizes=\"auto, (max-width: 172px) 100vw, 172px\" \/><\/a><strong>BELLUNO<\/strong> si vota a Selva di Cadore, Alpago, Val di Zoldo, Alano di Piave, Lozzo di Cadore, Vigo di Cadore, Sovramonte e Voltago. Andranno al voto otto comuni con circa 20 mila abitanti.<\/p>\n<blockquote><p><em>L&#8217;IMPORTANZA DEL VOTO SINONIMO DI DEMOCRAZIA, LA PARTECIPAZIONE ATTIVA ALLA VITA DI UNA COMUNITA&#8217;, BUON VOTO AGLI ELETTORI DI VOLTAGO E SELVA DI CADORE, BUON LAVORO AGLI AMMINISTRATORI CHE CON GRANDE SENSO DI RESPONSABILITA&#8217; TOGLIERANNO I DUE COMUNI DAL COMMISSARIAMENTO DELLA PREFETTURA, AI FUNZIONARI SALITI NELL&#8217;AGORDINO IL GRAZIE PER L&#8217;IMPEGNO PROFUSO\u00a0 <\/em><\/p><\/blockquote>\n<p>DOPO UN ANNO A SELVA DI CADORE, DOPO DUE ANNI A VOLTAGO. I PAESI TORNERANNO AD AVERE UN SINDACO, UN CONSIGLIO COMUNALE, UN CONTATTO IMPORTANTE CON I CITTADINI.<\/p>\n<blockquote>\n<h3><\/h3>\n<\/blockquote>\n<blockquote>\n<h3>VOLTAGO AL VOTO: CONOSCIAMO I CANDIDATI A SINDACO<\/h3>\n<\/blockquote>\n<p><strong>di Gianni Santomaso<\/strong><\/p>\n<p><a href=\"https:\/\/www.radiopiu.net\/wordpress\/giornale-radiopiu-28-settembre-2021-direttore-mirko-mezzacasa\/giuseppe-schena-2\/\" rel=\"attachment wp-att-234061\"><img loading=\"lazy\" decoding=\"async\" class=\"alignleft wp-image-234061 size-medium\" src=\"https:\/\/www.radiopiu.net\/wordpress\/wp-content\/uploads\/2021\/09\/Giuseppe-Schena-225x300.jpeg\" alt=\"\" width=\"225\" height=\"300\" srcset=\"https:\/\/www.radiopiu.net\/wordpress\/wp-content\/uploads\/2021\/09\/Giuseppe-Schena-225x300.jpeg 225w, https:\/\/www.radiopiu.net\/wordpress\/wp-content\/uploads\/2021\/09\/Giuseppe-Schena-769x1024.jpeg 769w, https:\/\/www.radiopiu.net\/wordpress\/wp-content\/uploads\/2021\/09\/Giuseppe-Schena-768x1023.jpeg 768w, https:\/\/www.radiopiu.net\/wordpress\/wp-content\/uploads\/2021\/09\/Giuseppe-Schena.jpeg 931w\" sizes=\"auto, (max-width: 225px) 100vw, 225px\" \/><\/a><\/p>\n<p><strong>GIUSEPPE SCHENA<\/strong><\/p>\n<p><strong>VOLTAGO<\/strong> Unire le associazioni, ampliare parcheggi e magazzini. Giuseppe Schena, 30 anni, operaio in Luxottica e attuale capo del Gruppo comunale di protezione civile, si candida a sindaco di Voltago alla guida della lista &#8220;Ricominciamo insieme&#8221;.<\/p>\n<p>&nbsp;<\/p>\n<p><strong>Qual \u00e8 la sua idea politica? \u00c8 iscritto a qualche partito?<\/strong><\/p>\n<p>\u00abLa nostra \u00e8 una lista civica. Non ho tessere di partito\u00bb.<\/p>\n\n\t\t\t<style type='text\/css'>\n\t\t\t\t#gallery-3 {\n\t\t\t\t\tmargin: auto;\n\t\t\t\t}\n\t\t\t\t#gallery-3 .gallery-item {\n\t\t\t\t\tfloat: left;\n\t\t\t\t\tmargin-top: 10px;\n\t\t\t\t\ttext-align: center;\n\t\t\t\t\twidth: 16%;\n\t\t\t\t}\n\t\t\t\t#gallery-3 img {\n\t\t\t\t\tborder: 2px solid #cfcfcf;\n\t\t\t\t}\n\t\t\t\t#gallery-3 .gallery-caption {\n\t\t\t\t\tmargin-left: 0;\n\t\t\t\t}\n\t\t\t\t\/* see gallery_shortcode() in wp-includes\/media.php *\/\n\t\t\t<\/style>\n\t\t<div id='gallery-3' class='dt-gallery-container gallery galleryid-234503 gallery-columns-6 gallery-size-thumbnail'><dl class='gallery-item'>\n\t\t\t\t<dt class='gallery-icon portrait'>\n\t\t\t\t\t<a class=\"rollover rollover-zoom dt-pswp-item\" title=\"Palmiro De Marco\" data-dt-img-description=\"\" data-large_image_width=\"478\" data-large_image_height=\"1024\"href='https:\/\/www.radiopiu.net\/wordpress\/wp-content\/uploads\/2021\/09\/Palmiro-De-Marco.jpeg'><img loading=\"lazy\" decoding=\"async\" width=\"150\" height=\"150\" src=\"https:\/\/www.radiopiu.net\/wordpress\/wp-content\/uploads\/2021\/09\/Palmiro-De-Marco-150x150.jpeg\" class=\"attachment-thumbnail size-thumbnail\" alt=\"\" aria-describedby=\"gallery-3-234066\" \/><\/a>\n\t\t\t\t<\/dt>\n\t\t\t\t\t<dd class='wp-caption-text gallery-caption' id='gallery-3-234066'>\n\t\t\t\t\tPalmiro De Marco\n\t\t\t\t\t<\/dd><\/dl><dl class='gallery-item'>\n\t\t\t\t<dt class='gallery-icon portrait'>\n\t\t\t\t\t<a class=\"rollover rollover-zoom dt-pswp-item\" title=\"Nicola Scussel\" data-dt-img-description=\"\" data-large_image_width=\"934\" data-large_image_height=\"2000\"href='https:\/\/www.radiopiu.net\/wordpress\/wp-content\/uploads\/2021\/09\/Nicola-Scussel.jpeg'><img loading=\"lazy\" decoding=\"async\" width=\"150\" height=\"150\" src=\"https:\/\/www.radiopiu.net\/wordpress\/wp-content\/uploads\/2021\/09\/Nicola-Scussel-150x150.jpeg\" class=\"attachment-thumbnail size-thumbnail\" alt=\"\" aria-describedby=\"gallery-3-234065\" \/><\/a>\n\t\t\t\t<\/dt>\n\t\t\t\t\t<dd class='wp-caption-text gallery-caption' id='gallery-3-234065'>\n\t\t\t\t\tNicola Scussel\n\t\t\t\t\t<\/dd><\/dl><dl class='gallery-item'>\n\t\t\t\t<dt class='gallery-icon portrait'>\n\t\t\t\t\t<a class=\"rollover rollover-zoom dt-pswp-item\" title=\"Michela Da Ronch\" data-dt-img-description=\"\" data-large_image_width=\"934\" data-large_image_height=\"2000\"href='https:\/\/www.radiopiu.net\/wordpress\/wp-content\/uploads\/2021\/09\/Michela-Da-Ronch.jpeg'><img loading=\"lazy\" decoding=\"async\" width=\"150\" height=\"150\" src=\"https:\/\/www.radiopiu.net\/wordpress\/wp-content\/uploads\/2021\/09\/Michela-Da-Ronch-150x150.jpeg\" class=\"attachment-thumbnail size-thumbnail\" alt=\"\" aria-describedby=\"gallery-3-234064\" \/><\/a>\n\t\t\t\t<\/dt>\n\t\t\t\t\t<dd class='wp-caption-text gallery-caption' id='gallery-3-234064'>\n\t\t\t\t\tMichela Da Ronch\n\t\t\t\t\t<\/dd><\/dl><dl class='gallery-item'>\n\t\t\t\t<dt class='gallery-icon portrait'>\n\t\t\t\t\t<a class=\"rollover rollover-zoom dt-pswp-item\" title=\"Marco Da Campo\" data-dt-img-description=\"\" data-large_image_width=\"934\" data-large_image_height=\"2000\"href='https:\/\/www.radiopiu.net\/wordpress\/wp-content\/uploads\/2021\/09\/Marco-Da-Campo.jpeg'><img loading=\"lazy\" decoding=\"async\" width=\"150\" height=\"150\" src=\"https:\/\/www.radiopiu.net\/wordpress\/wp-content\/uploads\/2021\/09\/Marco-Da-Campo-150x150.jpeg\" class=\"attachment-thumbnail size-thumbnail\" alt=\"\" aria-describedby=\"gallery-3-234063\" \/><\/a>\n\t\t\t\t<\/dt>\n\t\t\t\t\t<dd class='wp-caption-text gallery-caption' id='gallery-3-234063'>\n\t\t\t\t\tMarco Da Campo\n\t\t\t\t\t<\/dd><\/dl><dl class='gallery-item'>\n\t\t\t\t<dt class='gallery-icon portrait'>\n\t\t\t\t\t<a class=\"rollover rollover-zoom dt-pswp-item\" title=\"Luana Agostini\" data-dt-img-description=\"\" data-large_image_width=\"478\" data-large_image_height=\"1024\"href='https:\/\/www.radiopiu.net\/wordpress\/wp-content\/uploads\/2021\/09\/Luana-Agostini.jpeg'><img loading=\"lazy\" decoding=\"async\" width=\"150\" height=\"150\" src=\"https:\/\/www.radiopiu.net\/wordpress\/wp-content\/uploads\/2021\/09\/Luana-Agostini-150x150.jpeg\" class=\"attachment-thumbnail size-thumbnail\" alt=\"\" aria-describedby=\"gallery-3-234062\" \/><\/a>\n\t\t\t\t<\/dt>\n\t\t\t\t\t<dd class='wp-caption-text gallery-caption' id='gallery-3-234062'>\n\t\t\t\t\tLuana Agostini\n\t\t\t\t\t<\/dd><\/dl><dl class='gallery-item'>\n\t\t\t\t<dt class='gallery-icon portrait'>\n\t\t\t\t\t<a class=\"rollover rollover-zoom dt-pswp-item\" title=\"Andrea Gnech\" data-dt-img-description=\"\" data-large_image_width=\"934\" data-large_image_height=\"2000\"href='https:\/\/www.radiopiu.net\/wordpress\/wp-content\/uploads\/2021\/09\/Andrea-Gnech.jpeg'><img loading=\"lazy\" decoding=\"async\" width=\"150\" height=\"150\" src=\"https:\/\/www.radiopiu.net\/wordpress\/wp-content\/uploads\/2021\/09\/Andrea-Gnech-150x150.jpeg\" class=\"attachment-thumbnail size-thumbnail\" alt=\"\" aria-describedby=\"gallery-3-234060\" \/><\/a>\n\t\t\t\t<\/dt>\n\t\t\t\t\t<dd class='wp-caption-text gallery-caption' id='gallery-3-234060'>\n\t\t\t\t\tAndrea Gnech\n\t\t\t\t\t<\/dd><\/dl><br style=\"clear: both\" \/><dl class='gallery-item'>\n\t\t\t\t<dt class='gallery-icon portrait'>\n\t\t\t\t\t<a class=\"rollover rollover-zoom dt-pswp-item\" title=\"Andrea Bressan\" data-dt-img-description=\"\" data-large_image_width=\"934\" data-large_image_height=\"2000\"href='https:\/\/www.radiopiu.net\/wordpress\/wp-content\/uploads\/2021\/09\/Andrea-Bressan.jpeg'><img loading=\"lazy\" decoding=\"async\" width=\"150\" height=\"150\" src=\"https:\/\/www.radiopiu.net\/wordpress\/wp-content\/uploads\/2021\/09\/Andrea-Bressan-150x150.jpeg\" class=\"attachment-thumbnail size-thumbnail\" alt=\"\" aria-describedby=\"gallery-3-234059\" \/><\/a>\n\t\t\t\t<\/dt>\n\t\t\t\t\t<dd class='wp-caption-text gallery-caption' id='gallery-3-234059'>\n\t\t\t\t\tAndrea Bressan\n\t\t\t\t\t<\/dd><\/dl><dl class='gallery-item'>\n\t\t\t\t<dt class='gallery-icon portrait'>\n\t\t\t\t\t<a class=\"rollover rollover-zoom dt-pswp-item\" title=\"Alessandro Lazzarini\" data-dt-img-description=\"\" data-large_image_width=\"934\" data-large_image_height=\"2000\"href='https:\/\/www.radiopiu.net\/wordpress\/wp-content\/uploads\/2021\/09\/Alessandro-Lazzarini.jpeg'><img loading=\"lazy\" decoding=\"async\" width=\"150\" height=\"150\" src=\"https:\/\/www.radiopiu.net\/wordpress\/wp-content\/uploads\/2021\/09\/Alessandro-Lazzarini-150x150.jpeg\" class=\"attachment-thumbnail size-thumbnail\" alt=\"\" aria-describedby=\"gallery-3-234058\" \/><\/a>\n\t\t\t\t<\/dt>\n\t\t\t\t\t<dd class='wp-caption-text gallery-caption' id='gallery-3-234058'>\n\t\t\t\t\tAlessandro Lazzarini\n\t\t\t\t\t<\/dd><\/dl><dl class='gallery-item'>\n\t\t\t\t<dt class='gallery-icon portrait'>\n\t\t\t\t\t<a class=\"rollover rollover-zoom dt-pswp-item\" title=\"Viki Riva\" data-dt-img-description=\"\" data-large_image_width=\"934\" data-large_image_height=\"2000\"href='https:\/\/www.radiopiu.net\/wordpress\/wp-content\/uploads\/2021\/09\/Viki-Riva.jpeg'><img loading=\"lazy\" decoding=\"async\" width=\"150\" height=\"150\" src=\"https:\/\/www.radiopiu.net\/wordpress\/wp-content\/uploads\/2021\/09\/Viki-Riva-150x150.jpeg\" class=\"attachment-thumbnail size-thumbnail\" alt=\"\" aria-describedby=\"gallery-3-234057\" \/><\/a>\n\t\t\t\t<\/dt>\n\t\t\t\t\t<dd class='wp-caption-text gallery-caption' id='gallery-3-234057'>\n\t\t\t\t\tViki Riva\n\t\t\t\t\t<\/dd><\/dl><dl class='gallery-item'>\n\t\t\t\t<dt class='gallery-icon portrait'>\n\t\t\t\t\t<a class=\"rollover rollover-zoom dt-pswp-item\" title=\"Valter Bogo\" data-dt-img-description=\"\" data-large_image_width=\"934\" data-large_image_height=\"2000\"href='https:\/\/www.radiopiu.net\/wordpress\/wp-content\/uploads\/2021\/09\/Valter-Bogo.jpeg'><img loading=\"lazy\" decoding=\"async\" width=\"150\" height=\"150\" src=\"https:\/\/www.radiopiu.net\/wordpress\/wp-content\/uploads\/2021\/09\/Valter-Bogo-150x150.jpeg\" class=\"attachment-thumbnail size-thumbnail\" alt=\"\" aria-describedby=\"gallery-3-234056\" \/><\/a>\n\t\t\t\t<\/dt>\n\t\t\t\t\t<dd class='wp-caption-text gallery-caption' id='gallery-3-234056'>\n\t\t\t\t\tValter Bogo\n\t\t\t\t\t<\/dd><\/dl>\n\t\t\t\t<br style='clear: both' \/>\n\t\t\t<\/div>\n\n<p>&nbsp;<\/p>\n<p><strong><a href=\"https:\/\/www.radiopiu.net\/wordpress\/voltago-al-voto-conosciamo-i-candidati-a-sindaco\/71acfaeb-2db2-419c-b658-c6583bcbbef8\/\" rel=\"attachment wp-att-234399\"><img loading=\"lazy\" decoding=\"async\" class=\"size-medium wp-image-234399 alignleft\" src=\"https:\/\/www.radiopiu.net\/wordpress\/wp-content\/uploads\/2021\/09\/71acfaeb-2db2-419c-b658-c6583bcbbef8-300x300.jpg\" alt=\"\" width=\"300\" height=\"300\" srcset=\"https:\/\/www.radiopiu.net\/wordpress\/wp-content\/uploads\/2021\/09\/71acfaeb-2db2-419c-b658-c6583bcbbef8-300x300.jpg 300w, https:\/\/www.radiopiu.net\/wordpress\/wp-content\/uploads\/2021\/09\/71acfaeb-2db2-419c-b658-c6583bcbbef8-1024x1024.jpg 1024w, https:\/\/www.radiopiu.net\/wordpress\/wp-content\/uploads\/2021\/09\/71acfaeb-2db2-419c-b658-c6583bcbbef8-150x150.jpg 150w, https:\/\/www.radiopiu.net\/wordpress\/wp-content\/uploads\/2021\/09\/71acfaeb-2db2-419c-b658-c6583bcbbef8-768x768.jpg 768w, https:\/\/www.radiopiu.net\/wordpress\/wp-content\/uploads\/2021\/09\/71acfaeb-2db2-419c-b658-c6583bcbbef8-1536x1536.jpg 1536w, https:\/\/www.radiopiu.net\/wordpress\/wp-content\/uploads\/2021\/09\/71acfaeb-2db2-419c-b658-c6583bcbbef8.jpg 1600w\" sizes=\"auto, (max-width: 300px) 100vw, 300px\" \/><\/a>FRANCESCA DELLA LUCIA<\/strong><\/p>\n<p><strong>VOLTAGO<\/strong> Attenzione per le fasce pi\u00f9 deboli della popolazione e confronto con la cittadinanza. Francesca Della Lucia, 49 anni, impiegata all&#8217;ufficio tecnico di Luxottica, si \u00e8 candidata a sindaco di Voltago come capolista di &#8220;Vivere la montagna-Vive le nosse crode&#8221;.<\/p>\n<p>&nbsp;<\/p>\n<p><strong>Qual \u00e8 la sua idea politica? \u00c8 iscritta a qualche partito?<\/strong><\/p>\n<p>\u00abLa nostra \u00e8 una lista civica. Non ho tessere di partito\u00bb.<\/p>\n\n\t\t\t<style type='text\/css'>\n\t\t\t\t#gallery-4 {\n\t\t\t\t\tmargin: auto;\n\t\t\t\t}\n\t\t\t\t#gallery-4 .gallery-item {\n\t\t\t\t\tfloat: left;\n\t\t\t\t\tmargin-top: 10px;\n\t\t\t\t\ttext-align: center;\n\t\t\t\t\twidth: 16%;\n\t\t\t\t}\n\t\t\t\t#gallery-4 img {\n\t\t\t\t\tborder: 2px solid #cfcfcf;\n\t\t\t\t}\n\t\t\t\t#gallery-4 .gallery-caption {\n\t\t\t\t\tmargin-left: 0;\n\t\t\t\t}\n\t\t\t\t\/* see gallery_shortcode() in wp-includes\/media.php *\/\n\t\t\t<\/style>\n\t\t<div id='gallery-4' class='dt-gallery-container gallery galleryid-234503 gallery-columns-6 gallery-size-thumbnail'><dl class='gallery-item'>\n\t\t\t\t<dt class='gallery-icon landscape'>\n\t\t\t\t\t<a class=\"rollover rollover-zoom dt-pswp-item\" title=\"Paolo Dalle Zotte\" data-dt-img-description=\"\" data-large_image_width=\"3024\" data-large_image_height=\"3024\"href='https:\/\/www.radiopiu.net\/wordpress\/wp-content\/uploads\/2021\/09\/Paolo-Dalle-Zotte.bmp'><img loading=\"lazy\" decoding=\"async\" width=\"150\" height=\"150\" src=\"https:\/\/www.radiopiu.net\/wordpress\/wp-content\/uploads\/2021\/09\/Paolo-Dalle-Zotte.bmp\" class=\"attachment-thumbnail size-thumbnail\" alt=\"\" aria-describedby=\"gallery-4-234079\" \/><\/a>\n\t\t\t\t<\/dt>\n\t\t\t\t\t<dd class='wp-caption-text gallery-caption' id='gallery-4-234079'>\n\t\t\t\t\tPaolo Dalle Zotte\n\t\t\t\t\t<\/dd><\/dl><dl class='gallery-item'>\n\t\t\t\t<dt class='gallery-icon landscape'>\n\t\t\t\t\t<a class=\"rollover rollover-zoom dt-pswp-item\" title=\"Matteo Da Ronch\" data-dt-img-description=\"\" data-large_image_width=\"1032\" data-large_image_height=\"1032\"href='https:\/\/www.radiopiu.net\/wordpress\/wp-content\/uploads\/2021\/09\/Matteo-Da-Ronch.jpg'><img loading=\"lazy\" decoding=\"async\" width=\"150\" height=\"150\" src=\"https:\/\/www.radiopiu.net\/wordpress\/wp-content\/uploads\/2021\/09\/Matteo-Da-Ronch-150x150.jpg\" class=\"attachment-thumbnail size-thumbnail\" alt=\"\" aria-describedby=\"gallery-4-234078\" srcset=\"https:\/\/www.radiopiu.net\/wordpress\/wp-content\/uploads\/2021\/09\/Matteo-Da-Ronch-150x150.jpg 150w, https:\/\/www.radiopiu.net\/wordpress\/wp-content\/uploads\/2021\/09\/Matteo-Da-Ronch-300x300.jpg 300w, https:\/\/www.radiopiu.net\/wordpress\/wp-content\/uploads\/2021\/09\/Matteo-Da-Ronch-1024x1024.jpg 1024w, https:\/\/www.radiopiu.net\/wordpress\/wp-content\/uploads\/2021\/09\/Matteo-Da-Ronch-768x768.jpg 768w, https:\/\/www.radiopiu.net\/wordpress\/wp-content\/uploads\/2021\/09\/Matteo-Da-Ronch.jpg 1032w\" sizes=\"auto, (max-width: 150px) 100vw, 150px\" \/><\/a>\n\t\t\t\t<\/dt>\n\t\t\t\t\t<dd class='wp-caption-text gallery-caption' id='gallery-4-234078'>\n\t\t\t\t\tMatteo Da Ronch\n\t\t\t\t\t<\/dd><\/dl><dl class='gallery-item'>\n\t\t\t\t<dt class='gallery-icon landscape'>\n\t\t\t\t\t<a class=\"rollover rollover-zoom dt-pswp-item\" title=\"Margherita Guadagnini\" data-dt-img-description=\"\" data-large_image_width=\"1200\" data-large_image_height=\"1200\"href='https:\/\/www.radiopiu.net\/wordpress\/wp-content\/uploads\/2021\/09\/Margherita-Guadagnini.jpg'><img loading=\"lazy\" decoding=\"async\" width=\"150\" height=\"150\" src=\"https:\/\/www.radiopiu.net\/wordpress\/wp-content\/uploads\/2021\/09\/Margherita-Guadagnini-150x150.jpg\" class=\"attachment-thumbnail size-thumbnail\" alt=\"\" aria-describedby=\"gallery-4-234077\" srcset=\"https:\/\/www.radiopiu.net\/wordpress\/wp-content\/uploads\/2021\/09\/Margherita-Guadagnini-150x150.jpg 150w, https:\/\/www.radiopiu.net\/wordpress\/wp-content\/uploads\/2021\/09\/Margherita-Guadagnini-300x300.jpg 300w, https:\/\/www.radiopiu.net\/wordpress\/wp-content\/uploads\/2021\/09\/Margherita-Guadagnini-1024x1024.jpg 1024w, https:\/\/www.radiopiu.net\/wordpress\/wp-content\/uploads\/2021\/09\/Margherita-Guadagnini-768x768.jpg 768w, https:\/\/www.radiopiu.net\/wordpress\/wp-content\/uploads\/2021\/09\/Margherita-Guadagnini.jpg 1200w\" sizes=\"auto, (max-width: 150px) 100vw, 150px\" \/><\/a>\n\t\t\t\t<\/dt>\n\t\t\t\t\t<dd class='wp-caption-text gallery-caption' id='gallery-4-234077'>\n\t\t\t\t\tMargherita Guadagnini\n\t\t\t\t\t<\/dd><\/dl><dl class='gallery-item'>\n\t\t\t\t<dt class='gallery-icon landscape'>\n\t\t\t\t\t<a class=\"rollover rollover-zoom dt-pswp-item\" title=\"Lorenzo Tortiello\" data-dt-img-description=\"\" data-large_image_width=\"1536\" data-large_image_height=\"1536\"href='https:\/\/www.radiopiu.net\/wordpress\/wp-content\/uploads\/2021\/09\/Lorenzo-Tortiello.jpg'><img loading=\"lazy\" decoding=\"async\" width=\"150\" height=\"150\" src=\"https:\/\/www.radiopiu.net\/wordpress\/wp-content\/uploads\/2021\/09\/Lorenzo-Tortiello-150x150.jpg\" class=\"attachment-thumbnail size-thumbnail\" alt=\"\" aria-describedby=\"gallery-4-234076\" srcset=\"https:\/\/www.radiopiu.net\/wordpress\/wp-content\/uploads\/2021\/09\/Lorenzo-Tortiello-150x150.jpg 150w, https:\/\/www.radiopiu.net\/wordpress\/wp-content\/uploads\/2021\/09\/Lorenzo-Tortiello-300x300.jpg 300w, https:\/\/www.radiopiu.net\/wordpress\/wp-content\/uploads\/2021\/09\/Lorenzo-Tortiello-1024x1024.jpg 1024w, https:\/\/www.radiopiu.net\/wordpress\/wp-content\/uploads\/2021\/09\/Lorenzo-Tortiello-768x768.jpg 768w, https:\/\/www.radiopiu.net\/wordpress\/wp-content\/uploads\/2021\/09\/Lorenzo-Tortiello.jpg 1536w\" sizes=\"auto, (max-width: 150px) 100vw, 150px\" \/><\/a>\n\t\t\t\t<\/dt>\n\t\t\t\t\t<dd class='wp-caption-text gallery-caption' id='gallery-4-234076'>\n\t\t\t\t\tLorenzo Tortiello\n\t\t\t\t\t<\/dd><\/dl><dl class='gallery-item'>\n\t\t\t\t<dt class='gallery-icon landscape'>\n\t\t\t\t\t<a class=\"rollover rollover-zoom dt-pswp-item\" title=\"Federica Benvegn\u00f9\" data-dt-img-description=\"\" data-large_image_width=\"3024\" data-large_image_height=\"3024\"href='https:\/\/www.radiopiu.net\/wordpress\/wp-content\/uploads\/2021\/09\/Federica-Benvegnu.bmp'><img loading=\"lazy\" decoding=\"async\" width=\"150\" height=\"150\" src=\"https:\/\/www.radiopiu.net\/wordpress\/wp-content\/uploads\/2021\/09\/Federica-Benvegnu.bmp\" class=\"attachment-thumbnail size-thumbnail\" alt=\"\" aria-describedby=\"gallery-4-234074\" \/><\/a>\n\t\t\t\t<\/dt>\n\t\t\t\t\t<dd class='wp-caption-text gallery-caption' id='gallery-4-234074'>\n\t\t\t\t\tFederica Benvegn\u00f9\n\t\t\t\t\t<\/dd><\/dl><dl class='gallery-item'>\n\t\t\t\t<dt class='gallery-icon portrait'>\n\t\t\t\t\t<a class=\"rollover rollover-zoom dt-pswp-item\" title=\"Dino Manchiero\" data-dt-img-description=\"\" data-large_image_width=\"3024\" data-large_image_height=\"4032\"href='https:\/\/www.radiopiu.net\/wordpress\/wp-content\/uploads\/2021\/09\/Dino-Manchiero.bmp'><img loading=\"lazy\" decoding=\"async\" width=\"113\" height=\"150\" src=\"https:\/\/www.radiopiu.net\/wordpress\/wp-content\/uploads\/2021\/09\/Dino-Manchiero.bmp\" class=\"attachment-thumbnail size-thumbnail\" alt=\"\" aria-describedby=\"gallery-4-234073\" \/><\/a>\n\t\t\t\t<\/dt>\n\t\t\t\t\t<dd class='wp-caption-text gallery-caption' id='gallery-4-234073'>\n\t\t\t\t\tDino Manchiero\n\t\t\t\t\t<\/dd><\/dl><br style=\"clear: both\" \/><dl class='gallery-item'>\n\t\t\t\t<dt class='gallery-icon landscape'>\n\t\t\t\t\t<a class=\"rollover rollover-zoom dt-pswp-item\" title=\"_Simone Merlin (1)\" data-dt-img-description=\"\" data-large_image_width=\"3024\" data-large_image_height=\"3024\"href='https:\/\/www.radiopiu.net\/wordpress\/wp-content\/uploads\/2021\/09\/Simone-Merlin-1.bmp'><img loading=\"lazy\" decoding=\"async\" width=\"150\" height=\"150\" src=\"https:\/\/www.radiopiu.net\/wordpress\/wp-content\/uploads\/2021\/09\/Simone-Merlin-1.bmp\" class=\"attachment-thumbnail size-thumbnail\" alt=\"\" aria-describedby=\"gallery-4-234072\" \/><\/a>\n\t\t\t\t<\/dt>\n\t\t\t\t\t<dd class='wp-caption-text gallery-caption' id='gallery-4-234072'>\n\t\t\t\t\tSimone Merlin\n\t\t\t\t\t<\/dd><\/dl><dl class='gallery-item'>\n\t\t\t\t<dt class='gallery-icon landscape'>\n\t\t\t\t\t<a class=\"rollover rollover-zoom dt-pswp-item\" title=\"_Maria Giovanna Piazzetta\" data-dt-img-description=\"\" data-large_image_width=\"3024\" data-large_image_height=\"3024\"href='https:\/\/www.radiopiu.net\/wordpress\/wp-content\/uploads\/2021\/09\/Maria-Giovanna-Piazzetta.bmp'><img loading=\"lazy\" decoding=\"async\" width=\"150\" height=\"150\" src=\"https:\/\/www.radiopiu.net\/wordpress\/wp-content\/uploads\/2021\/09\/Maria-Giovanna-Piazzetta.bmp\" class=\"attachment-thumbnail size-thumbnail\" alt=\"\" aria-describedby=\"gallery-4-234071\" \/><\/a>\n\t\t\t\t<\/dt>\n\t\t\t\t\t<dd class='wp-caption-text gallery-caption' id='gallery-4-234071'>\n\t\t\t\t\tMaria Giovanna Piazzetta\n\t\t\t\t\t<\/dd><\/dl><dl class='gallery-item'>\n\t\t\t\t<dt class='gallery-icon landscape'>\n\t\t\t\t\t<a class=\"rollover rollover-zoom dt-pswp-item\" title=\"_Luca Magro (1)\" data-dt-img-description=\"\" data-large_image_width=\"3024\" data-large_image_height=\"3024\"href='https:\/\/www.radiopiu.net\/wordpress\/wp-content\/uploads\/2021\/09\/Luca-Magro-1.bmp'><img loading=\"lazy\" decoding=\"async\" width=\"150\" height=\"150\" src=\"https:\/\/www.radiopiu.net\/wordpress\/wp-content\/uploads\/2021\/09\/Luca-Magro-1.bmp\" class=\"attachment-thumbnail size-thumbnail\" alt=\"\" aria-describedby=\"gallery-4-234070\" \/><\/a>\n\t\t\t\t<\/dt>\n\t\t\t\t\t<dd class='wp-caption-text gallery-caption' id='gallery-4-234070'>\n\t\t\t\t\tLuca Magro\n\t\t\t\t\t<\/dd><\/dl><dl class='gallery-item'>\n\t\t\t\t<dt class='gallery-icon landscape'>\n\t\t\t\t\t<a class=\"rollover rollover-zoom dt-pswp-item\" title=\"_Francesca Simonetti\" data-dt-img-description=\"\" data-large_image_width=\"3024\" data-large_image_height=\"3024\"href='https:\/\/www.radiopiu.net\/wordpress\/wp-content\/uploads\/2021\/09\/Francesca-Simonetti.bmp'><img loading=\"lazy\" decoding=\"async\" width=\"150\" height=\"150\" src=\"https:\/\/www.radiopiu.net\/wordpress\/wp-content\/uploads\/2021\/09\/Francesca-Simonetti.bmp\" class=\"attachment-thumbnail size-thumbnail\" alt=\"\" aria-describedby=\"gallery-4-234069\" \/><\/a>\n\t\t\t\t<\/dt>\n\t\t\t\t\t<dd class='wp-caption-text gallery-caption' id='gallery-4-234069'>\n\t\t\t\t\tFrancesca Simonetti\n\t\t\t\t\t<\/dd><\/dl>\n\t\t\t\t<br style='clear: both' \/>\n\t\t\t<\/div>\n\n<blockquote>\n<h3><strong>\u00a0<\/strong><\/h3>\n<h3><strong>\u00a0<\/strong><\/h3>\n<h3><strong>DOMENICA IL VOTO A SELVA DI CADORE\u00a0 di Gianni Santomaso<\/strong><\/h3>\n<\/blockquote>\n<p>&nbsp;<\/p>\n<p><strong><a href=\"https:\/\/www.radiopiu.net\/wordpress\/i-candidati-sindaco-a-selva-di-cadore-intervistati-da-gianni-santomaso\/schermata-2021-09-26-alle-20-35-58\/\" rel=\"attachment wp-att-233921\"><img loading=\"lazy\" decoding=\"async\" class=\"size-medium wp-image-233921 alignleft\" src=\"https:\/\/www.radiopiu.net\/wordpress\/wp-content\/uploads\/2021\/09\/Schermata-2021-09-26-alle-20.35.58-300x297.png\" alt=\"\" width=\"300\" height=\"297\" srcset=\"https:\/\/www.radiopiu.net\/wordpress\/wp-content\/uploads\/2021\/09\/Schermata-2021-09-26-alle-20.35.58-300x297.png 300w, https:\/\/www.radiopiu.net\/wordpress\/wp-content\/uploads\/2021\/09\/Schermata-2021-09-26-alle-20.35.58-150x150.png 150w, https:\/\/www.radiopiu.net\/wordpress\/wp-content\/uploads\/2021\/09\/Schermata-2021-09-26-alle-20.35.58.png 582w\" sizes=\"auto, (max-width: 300px) 100vw, 300px\" \/><\/a>SELVA DI CADORE<\/strong> \u00abSe vogliamo crescere e intercettare fondi, dobbiamo unirci e guardare anche fuori del paese\u00bb. Adriano Peretti, 51 anni, \u00e8 stato il primo a ufficializzare la propria candidatura a sindaco di Selva di Cadore come capolista di &#8220;Insieme per Selva di Cadore&#8221;. Originario di San Don\u00e0 di Piave (dove era stato anche candidato sindaco, poi ritiratosi per sostenerne un altro), da cinque anni \u00e8 gestore dell&#8217;Hotel Lorenzini.<\/p>\n<p><strong>\u00c8 tesserato a qualche partito? Qual \u00e8 la sua ideologia politica?<\/strong><br \/>\n\u00abNon sono mai stato iscritto a un partito, ma sono un moderato di centro-destra\u00bb.<\/p>\n\n\t\t\t<style type='text\/css'>\n\t\t\t\t#gallery-5 {\n\t\t\t\t\tmargin: auto;\n\t\t\t\t}\n\t\t\t\t#gallery-5 .gallery-item {\n\t\t\t\t\tfloat: left;\n\t\t\t\t\tmargin-top: 10px;\n\t\t\t\t\ttext-align: center;\n\t\t\t\t\twidth: 25%;\n\t\t\t\t}\n\t\t\t\t#gallery-5 img {\n\t\t\t\t\tborder: 2px solid #cfcfcf;\n\t\t\t\t}\n\t\t\t\t#gallery-5 .gallery-caption {\n\t\t\t\t\tmargin-left: 0;\n\t\t\t\t}\n\t\t\t\t\/* see gallery_shortcode() in wp-includes\/media.php *\/\n\t\t\t<\/style>\n\t\t<div id='gallery-5' class='dt-gallery-container gallery galleryid-234503 gallery-columns-4 gallery-size-thumbnail'><dl class='gallery-item'>\n\t\t\t\t<dt class='gallery-icon portrait'>\n\t\t\t\t\t<a class=\"rollover rollover-zoom dt-pswp-item\" title=\"Adriano Peretti (2)\" data-dt-img-description=\"\" data-large_image_width=\"1920\" data-large_image_height=\"2560\"href='https:\/\/www.radiopiu.net\/wordpress\/wp-content\/uploads\/2021\/09\/Adriano-Peretti-2-scaled.jpg'><img loading=\"lazy\" decoding=\"async\" width=\"150\" height=\"150\" src=\"https:\/\/www.radiopiu.net\/wordpress\/wp-content\/uploads\/2021\/09\/Adriano-Peretti-2-150x150.jpg\" class=\"attachment-thumbnail size-thumbnail\" alt=\"\" aria-describedby=\"gallery-5-233905\" \/><\/a>\n\t\t\t\t<\/dt>\n\t\t\t\t\t<dd class='wp-caption-text gallery-caption' id='gallery-5-233905'>\n\t\t\t\t\tADRIANO PERETTI CANDIDATO SINDACO\n\t\t\t\t\t<\/dd><\/dl><dl class='gallery-item'>\n\t\t\t\t<dt class='gallery-icon portrait'>\n\t\t\t\t\t<a class=\"rollover rollover-zoom dt-pswp-item\" title=\"Andrea De Bortoli\" data-dt-img-description=\"\" data-large_image_width=\"1920\" data-large_image_height=\"2560\"href='https:\/\/www.radiopiu.net\/wordpress\/wp-content\/uploads\/2021\/09\/Andrea-De-Bortoli-scaled.jpg'><img loading=\"lazy\" decoding=\"async\" width=\"150\" height=\"150\" src=\"https:\/\/www.radiopiu.net\/wordpress\/wp-content\/uploads\/2021\/09\/Andrea-De-Bortoli-150x150.jpg\" class=\"attachment-thumbnail size-thumbnail\" alt=\"\" aria-describedby=\"gallery-5-233906\" \/><\/a>\n\t\t\t\t<\/dt>\n\t\t\t\t\t<dd class='wp-caption-text gallery-caption' id='gallery-5-233906'>\n\t\t\t\t\tANDREA DE BORTOLI\n\t\t\t\t\t<\/dd><\/dl><dl class='gallery-item'>\n\t\t\t\t<dt class='gallery-icon portrait'>\n\t\t\t\t\t<a class=\"rollover rollover-zoom dt-pswp-item\" title=\"Annalisa Fochesato\" data-dt-img-description=\"\" data-large_image_width=\"1920\" data-large_image_height=\"2560\"href='https:\/\/www.radiopiu.net\/wordpress\/wp-content\/uploads\/2021\/09\/Annalisa-Fochesato-scaled.jpg'><img loading=\"lazy\" decoding=\"async\" width=\"150\" height=\"150\" src=\"https:\/\/www.radiopiu.net\/wordpress\/wp-content\/uploads\/2021\/09\/Annalisa-Fochesato-150x150.jpg\" class=\"attachment-thumbnail size-thumbnail\" alt=\"\" aria-describedby=\"gallery-5-233907\" \/><\/a>\n\t\t\t\t<\/dt>\n\t\t\t\t\t<dd class='wp-caption-text gallery-caption' id='gallery-5-233907'>\n\t\t\t\t\tANNALISA FOCHESATO\n\t\t\t\t\t<\/dd><\/dl><dl class='gallery-item'>\n\t\t\t\t<dt class='gallery-icon portrait'>\n\t\t\t\t\t<a class=\"rollover rollover-zoom dt-pswp-item\" title=\"Bruno Liconti\" data-dt-img-description=\"\" data-large_image_width=\"1920\" data-large_image_height=\"2560\"href='https:\/\/www.radiopiu.net\/wordpress\/wp-content\/uploads\/2021\/09\/Bruno-Liconti-scaled.jpg'><img loading=\"lazy\" decoding=\"async\" width=\"150\" height=\"150\" src=\"https:\/\/www.radiopiu.net\/wordpress\/wp-content\/uploads\/2021\/09\/Bruno-Liconti-150x150.jpg\" class=\"attachment-thumbnail size-thumbnail\" alt=\"\" aria-describedby=\"gallery-5-233908\" \/><\/a>\n\t\t\t\t<\/dt>\n\t\t\t\t\t<dd class='wp-caption-text gallery-caption' id='gallery-5-233908'>\n\t\t\t\t\tBRUNO LICONTI\n\t\t\t\t\t<\/dd><\/dl><br style=\"clear: both\" \/><dl class='gallery-item'>\n\t\t\t\t<dt class='gallery-icon portrait'>\n\t\t\t\t\t<a class=\"rollover rollover-zoom dt-pswp-item\" title=\"Elisabetta Ruggi\" data-dt-img-description=\"\" data-large_image_width=\"1920\" data-large_image_height=\"2560\"href='https:\/\/www.radiopiu.net\/wordpress\/wp-content\/uploads\/2021\/09\/Elisabetta-Ruggi-scaled.jpg'><img loading=\"lazy\" decoding=\"async\" width=\"150\" height=\"150\" src=\"https:\/\/www.radiopiu.net\/wordpress\/wp-content\/uploads\/2021\/09\/Elisabetta-Ruggi-150x150.jpg\" class=\"attachment-thumbnail size-thumbnail\" alt=\"\" aria-describedby=\"gallery-5-233909\" \/><\/a>\n\t\t\t\t<\/dt>\n\t\t\t\t\t<dd class='wp-caption-text gallery-caption' id='gallery-5-233909'>\n\t\t\t\t\tELISABETTA RUGGI\n\t\t\t\t\t<\/dd><\/dl><dl class='gallery-item'>\n\t\t\t\t<dt class='gallery-icon portrait'>\n\t\t\t\t\t<a class=\"rollover rollover-zoom dt-pswp-item\" title=\"Isaac Dall&#039;Asen\" data-dt-img-description=\"\" data-large_image_width=\"1920\" data-large_image_height=\"2560\"href='https:\/\/www.radiopiu.net\/wordpress\/wp-content\/uploads\/2021\/09\/Isaac-DallAsen-scaled.jpg'><img loading=\"lazy\" decoding=\"async\" width=\"150\" height=\"150\" src=\"https:\/\/www.radiopiu.net\/wordpress\/wp-content\/uploads\/2021\/09\/Isaac-DallAsen-150x150.jpg\" class=\"attachment-thumbnail size-thumbnail\" alt=\"\" aria-describedby=\"gallery-5-233910\" \/><\/a>\n\t\t\t\t<\/dt>\n\t\t\t\t\t<dd class='wp-caption-text gallery-caption' id='gallery-5-233910'>\n\t\t\t\t\tISAAC DALL&#8217;ASEN\n\t\t\t\t\t<\/dd><\/dl><dl class='gallery-item'>\n\t\t\t\t<dt class='gallery-icon portrait'>\n\t\t\t\t\t<a class=\"rollover rollover-zoom dt-pswp-item\" title=\"Laura Russian\" data-dt-img-description=\"\" data-large_image_width=\"991\" data-large_image_height=\"1551\"href='https:\/\/www.radiopiu.net\/wordpress\/wp-content\/uploads\/2021\/09\/Laura-Russian.jpg'><img loading=\"lazy\" decoding=\"async\" width=\"150\" height=\"150\" src=\"https:\/\/www.radiopiu.net\/wordpress\/wp-content\/uploads\/2021\/09\/Laura-Russian-150x150.jpg\" class=\"attachment-thumbnail size-thumbnail\" alt=\"\" aria-describedby=\"gallery-5-233911\" \/><\/a>\n\t\t\t\t<\/dt>\n\t\t\t\t\t<dd class='wp-caption-text gallery-caption' id='gallery-5-233911'>\n\t\t\t\t\tLAURA RUSSIAN\n\t\t\t\t\t<\/dd><\/dl><dl class='gallery-item'>\n\t\t\t\t<dt class='gallery-icon portrait'>\n\t\t\t\t\t<a class=\"rollover rollover-zoom dt-pswp-item\" title=\"Leopoldo Lezuo\" data-dt-img-description=\"\" data-large_image_width=\"1920\" data-large_image_height=\"2560\"href='https:\/\/www.radiopiu.net\/wordpress\/wp-content\/uploads\/2021\/09\/Leopoldo-Lezuo-scaled.jpg'><img loading=\"lazy\" decoding=\"async\" width=\"150\" height=\"150\" src=\"https:\/\/www.radiopiu.net\/wordpress\/wp-content\/uploads\/2021\/09\/Leopoldo-Lezuo-150x150.jpg\" class=\"attachment-thumbnail size-thumbnail\" alt=\"\" aria-describedby=\"gallery-5-233912\" \/><\/a>\n\t\t\t\t<\/dt>\n\t\t\t\t\t<dd class='wp-caption-text gallery-caption' id='gallery-5-233912'>\n\t\t\t\t\tLEOPOLDO LEZUO\n\t\t\t\t\t<\/dd><\/dl><br style=\"clear: both\" \/>\n\t\t\t<\/div>\n\n<p>&nbsp;<\/p>\n<p>&nbsp;<\/p>\n<hr \/>\n<div><strong><a href=\"https:\/\/www.radiopiu.net\/wordpress\/i-candidati-sindaco-a-selva-di-cadore-intervistati-da-gianni-santomaso\/simbolo-selva-ce\/\" rel=\"attachment wp-att-233922\"><img loading=\"lazy\" decoding=\"async\" class=\"size-medium wp-image-233922 alignleft\" src=\"https:\/\/www.radiopiu.net\/wordpress\/wp-content\/uploads\/2021\/09\/Simbolo-Selva-ce\u0300-300x289.jpg\" alt=\"\" width=\"300\" height=\"289\" srcset=\"https:\/\/www.radiopiu.net\/wordpress\/wp-content\/uploads\/2021\/09\/Simbolo-Selva-ce\u0300-300x289.jpg 300w, https:\/\/www.radiopiu.net\/wordpress\/wp-content\/uploads\/2021\/09\/Simbolo-Selva-ce\u0300-768x740.jpg 768w, https:\/\/www.radiopiu.net\/wordpress\/wp-content\/uploads\/2021\/09\/Simbolo-Selva-ce\u0300.jpg 800w\" sizes=\"auto, (max-width: 300px) 100vw, 300px\" \/><\/a>SELVA DI CADORE<\/strong> \u00abCosa \u00e8 pi\u00f9 urgente contro lo spopolamento? Riuscire a creare un luogo in cui le famiglie possano lasciare i bambini\u00bb.<br \/>\nLuca Lorenzini, 37 anni, da tempo operativo nella gestione delle propriet\u00e0 collettive (le Regole) che segue come consulente esterno, guida\u2013accompagnatore di media montagna, si candida a guidare il Comune di Selva di Cadore con la lista &#8220;Selva c&#8217;\u00e8!&#8221;<\/div>\n<div><\/div>\n<div>.<strong>\u00c8 tesserato a qualche partito? Qual \u00e8 la sua ideologia politica?<\/strong><br \/>\n\u00abNon sono iscritto ad alcun partito. La nostra \u00e8 una lista civica\u00bb.<\/div>\n<div>\n\n\t\t\t<style type='text\/css'>\n\t\t\t\t#gallery-6 {\n\t\t\t\t\tmargin: auto;\n\t\t\t\t}\n\t\t\t\t#gallery-6 .gallery-item {\n\t\t\t\t\tfloat: left;\n\t\t\t\t\tmargin-top: 10px;\n\t\t\t\t\ttext-align: center;\n\t\t\t\t\twidth: 25%;\n\t\t\t\t}\n\t\t\t\t#gallery-6 img {\n\t\t\t\t\tborder: 2px solid #cfcfcf;\n\t\t\t\t}\n\t\t\t\t#gallery-6 .gallery-caption {\n\t\t\t\t\tmargin-left: 0;\n\t\t\t\t}\n\t\t\t\t\/* see gallery_shortcode() in wp-includes\/media.php *\/\n\t\t\t<\/style>\n\t\t<div id='gallery-6' class='dt-gallery-container gallery galleryid-234503 gallery-columns-4 gallery-size-thumbnail'><dl class='gallery-item'>\n\t\t\t\t<dt class='gallery-icon portrait'>\n\t\t\t\t\t<a class=\"rollover rollover-zoom dt-pswp-item\" title=\"Luca Lorenzini\" data-dt-img-description=\"\" data-large_image_width=\"1200\" data-large_image_height=\"1295\"href='https:\/\/www.radiopiu.net\/wordpress\/wp-content\/uploads\/2021\/09\/Luca-Lorenzini-1.jpg'><img loading=\"lazy\" decoding=\"async\" width=\"150\" height=\"150\" src=\"https:\/\/www.radiopiu.net\/wordpress\/wp-content\/uploads\/2021\/09\/Luca-Lorenzini-1-150x150.jpg\" class=\"attachment-thumbnail size-thumbnail\" alt=\"\" aria-describedby=\"gallery-6-233913\" \/><\/a>\n\t\t\t\t<\/dt>\n\t\t\t\t\t<dd class='wp-caption-text gallery-caption' id='gallery-6-233913'>\n\t\t\t\t\tLUCA LORENZINI CANDIDATO SINDACO\n\t\t\t\t\t<\/dd><\/dl><dl class='gallery-item'>\n\t\t\t\t<dt class='gallery-icon portrait'>\n\t\t\t\t\t<a class=\"rollover rollover-zoom dt-pswp-item\" title=\"Elena Dolcetta Capuzzo\" data-dt-img-description=\"\" data-large_image_width=\"1494\" data-large_image_height=\"1600\"href='https:\/\/www.radiopiu.net\/wordpress\/wp-content\/uploads\/2021\/09\/Elena-Dolcetta-Capuzzo.jpg'><img loading=\"lazy\" decoding=\"async\" width=\"150\" height=\"150\" src=\"https:\/\/www.radiopiu.net\/wordpress\/wp-content\/uploads\/2021\/09\/Elena-Dolcetta-Capuzzo-150x150.jpg\" class=\"attachment-thumbnail size-thumbnail\" alt=\"\" aria-describedby=\"gallery-6-233914\" \/><\/a>\n\t\t\t\t<\/dt>\n\t\t\t\t\t<dd class='wp-caption-text gallery-caption' id='gallery-6-233914'>\n\t\t\t\t\tELENA DOLCETTA CAPUZZO\n\t\t\t\t\t<\/dd><\/dl><dl class='gallery-item'>\n\t\t\t\t<dt class='gallery-icon portrait'>\n\t\t\t\t\t<a class=\"rollover rollover-zoom dt-pswp-item\" title=\"Melchiori Silvia\" data-dt-img-description=\"\" data-large_image_width=\"820\" data-large_image_height=\"1024\"href='https:\/\/www.radiopiu.net\/wordpress\/wp-content\/uploads\/2021\/09\/Melchiori-Silvia.jpg'><img loading=\"lazy\" decoding=\"async\" width=\"150\" height=\"150\" src=\"https:\/\/www.radiopiu.net\/wordpress\/wp-content\/uploads\/2021\/09\/Melchiori-Silvia-150x150.jpg\" class=\"attachment-thumbnail size-thumbnail\" alt=\"\" aria-describedby=\"gallery-6-233915\" \/><\/a>\n\t\t\t\t<\/dt>\n\t\t\t\t\t<dd class='wp-caption-text gallery-caption' id='gallery-6-233915'>\n\t\t\t\t\tSILVIA MELCHIORI\n\t\t\t\t\t<\/dd><\/dl><dl class='gallery-item'>\n\t\t\t\t<dt class='gallery-icon portrait'>\n\t\t\t\t\t<a class=\"rollover rollover-zoom dt-pswp-item\" title=\"Odorizzi Nicola\" data-dt-img-description=\"\" data-large_image_width=\"1200\" data-large_image_height=\"1600\"href='https:\/\/www.radiopiu.net\/wordpress\/wp-content\/uploads\/2021\/09\/Odorizzi-Nicola.jpg'><img loading=\"lazy\" decoding=\"async\" width=\"150\" height=\"150\" src=\"https:\/\/www.radiopiu.net\/wordpress\/wp-content\/uploads\/2021\/09\/Odorizzi-Nicola-150x150.jpg\" class=\"attachment-thumbnail size-thumbnail\" alt=\"\" aria-describedby=\"gallery-6-233916\" \/><\/a>\n\t\t\t\t<\/dt>\n\t\t\t\t\t<dd class='wp-caption-text gallery-caption' id='gallery-6-233916'>\n\t\t\t\t\tNICOLA ODORIZZI\n\t\t\t\t\t<\/dd><\/dl><br style=\"clear: both\" \/><dl class='gallery-item'>\n\t\t\t\t<dt class='gallery-icon portrait'>\n\t\t\t\t\t<a class=\"rollover rollover-zoom dt-pswp-item\" title=\"Pirollo Enrico\" data-dt-img-description=\"\" data-large_image_width=\"768\" data-large_image_height=\"1024\"href='https:\/\/www.radiopiu.net\/wordpress\/wp-content\/uploads\/2021\/09\/Pirollo-Enrico.jpg'><img loading=\"lazy\" decoding=\"async\" width=\"150\" height=\"150\" src=\"https:\/\/www.radiopiu.net\/wordpress\/wp-content\/uploads\/2021\/09\/Pirollo-Enrico-150x150.jpg\" class=\"attachment-thumbnail size-thumbnail\" alt=\"\" aria-describedby=\"gallery-6-233917\" \/><\/a>\n\t\t\t\t<\/dt>\n\t\t\t\t\t<dd class='wp-caption-text gallery-caption' id='gallery-6-233917'>\n\t\t\t\t\tENRICO PIROLLO\n\t\t\t\t\t<\/dd><\/dl><dl class='gallery-item'>\n\t\t\t\t<dt class='gallery-icon portrait'>\n\t\t\t\t\t<a class=\"rollover rollover-zoom dt-pswp-item\" title=\"Rossini Gabriele\" data-dt-img-description=\"\" data-large_image_width=\"682\" data-large_image_height=\"1024\"href='https:\/\/www.radiopiu.net\/wordpress\/wp-content\/uploads\/2021\/09\/Rossini-Gabriele.jpg'><img loading=\"lazy\" decoding=\"async\" width=\"150\" height=\"150\" src=\"https:\/\/www.radiopiu.net\/wordpress\/wp-content\/uploads\/2021\/09\/Rossini-Gabriele-150x150.jpg\" class=\"attachment-thumbnail size-thumbnail\" alt=\"\" aria-describedby=\"gallery-6-233918\" \/><\/a>\n\t\t\t\t<\/dt>\n\t\t\t\t\t<dd class='wp-caption-text gallery-caption' id='gallery-6-233918'>\n\t\t\t\t\tGABRIELE ROSSINI\n\t\t\t\t\t<\/dd><\/dl><dl class='gallery-item'>\n\t\t\t\t<dt class='gallery-icon portrait'>\n\t\t\t\t\t<a class=\"rollover rollover-zoom dt-pswp-item\" title=\"Rova Enrico\" data-dt-img-description=\"\" data-large_image_width=\"1012\" data-large_image_height=\"1496\"href='https:\/\/www.radiopiu.net\/wordpress\/wp-content\/uploads\/2021\/09\/Rova-Enrico.jpg'><img loading=\"lazy\" decoding=\"async\" width=\"150\" height=\"150\" src=\"https:\/\/www.radiopiu.net\/wordpress\/wp-content\/uploads\/2021\/09\/Rova-Enrico-150x150.jpg\" class=\"attachment-thumbnail size-thumbnail\" alt=\"\" aria-describedby=\"gallery-6-233919\" \/><\/a>\n\t\t\t\t<\/dt>\n\t\t\t\t\t<dd class='wp-caption-text gallery-caption' id='gallery-6-233919'>\n\t\t\t\t\tENRICO ROVA\n\t\t\t\t\t<\/dd><\/dl><dl class='gallery-item'>\n\t\t\t\t<dt class='gallery-icon portrait'>\n\t\t\t\t\t<a class=\"rollover rollover-zoom dt-pswp-item\" title=\"Torre Ivo\" data-dt-img-description=\"\" data-large_image_width=\"256\" data-large_image_height=\"415\"href='https:\/\/www.radiopiu.net\/wordpress\/wp-content\/uploads\/2021\/09\/Torre-Ivo.jpg'><img loading=\"lazy\" decoding=\"async\" width=\"150\" height=\"150\" src=\"https:\/\/www.radiopiu.net\/wordpress\/wp-content\/uploads\/2021\/09\/Torre-Ivo-150x150.jpg\" class=\"attachment-thumbnail size-thumbnail\" alt=\"\" aria-describedby=\"gallery-6-233920\" \/><\/a>\n\t\t\t\t<\/dt>\n\t\t\t\t\t<dd class='wp-caption-text gallery-caption' id='gallery-6-233920'>\n\t\t\t\t\tIVO TORRE\n\t\t\t\t\t<\/dd><\/dl><br style=\"clear: both\" \/>\n\t\t\t<\/div>\n\n<\/div>\n<div><\/div>\n<hr \/>\n<blockquote>\n<h3><\/h3>\n<h3>FONDO PER I COMUNI CONFINANTI: IL COMUNE DI FELTRE CANDIDA PER L\u2019ANNUALIT\u00c0 2021 LA RIQUALIFICAZIONE DEL PARCO DELLA RIMEMBRANZA E IL NUOVO ACCESSO A ZERMEN<\/h3>\n<\/blockquote>\n<p><strong><a href=\"https:\/\/www.radiopiu.net\/wordpress\/omaggi-a-feltre-dallalto\/94e3b68b-d386-4f94-8aa8-30105c25932b\/\" rel=\"attachment wp-att-145789\"><img loading=\"lazy\" decoding=\"async\" class=\" wp-image-145789 alignleft\" src=\"https:\/\/www.radiopiu.net\/wordpress\/wp-content\/uploads\/2020\/06\/94e3b68b-d386-4f94-8aa8-30105c25932b-300x225.jpg\" alt=\"\" width=\"197\" height=\"148\" srcset=\"https:\/\/www.radiopiu.net\/wordpress\/wp-content\/uploads\/2020\/06\/94e3b68b-d386-4f94-8aa8-30105c25932b-300x225.jpg 300w, https:\/\/www.radiopiu.net\/wordpress\/wp-content\/uploads\/2020\/06\/94e3b68b-d386-4f94-8aa8-30105c25932b-768x576.jpg 768w, https:\/\/www.radiopiu.net\/wordpress\/wp-content\/uploads\/2020\/06\/94e3b68b-d386-4f94-8aa8-30105c25932b.jpg 960w\" sizes=\"auto, (max-width: 197px) 100vw, 197px\" \/><\/a>FELTRE <\/strong>Sono due i progetti che il Comune di Feltre candida all\u2019annualit\u00e0 2021 del FCC, con una delibera di giunta assunta nell\u2019ultima seduta.\u00a0 Il primo, per un importo di 200 mila euro, riguarda i lavori di riqualificazione del Parco della Rimembranza. Il secondo intervento per un importo di 300 mila euro, riguarda\u00a0 i lavori di messa in sicurezza dell\u2019intersezione a raso tra la SS50 e Via Tevere per l\u2019accesso alla frazione di Zermen.\u00a0 L\u2019obiettivo del progetto sar\u00e0 dunque quello di trovare una soluzione, anche mediante la realizzazione di una rotatoria o un altro innesto in sicurezza.<\/p>\n<p>&nbsp;<\/p>\n<p>&nbsp;<\/p>\n<p>&nbsp;<\/p>\n<hr \/>\n<p>&nbsp;<\/p>\n<blockquote>\n<h3 class=\"p1\"><span class=\"s1\">SOSTEGNO ALLE IMPRESE CON IL BANDO DI FINANZIAMENTI AGEVOLATI: IL COMUNE INCONTRA CONSORZI DI GARANZIA E ASSOCIAZIONI DI CATEGORIA<\/span><\/h3>\n<\/blockquote>\n<p class=\"p1\"><span class=\"s1\"><strong><a href=\"https:\/\/www.radiopiu.net\/wordpress\/giornale-radiopiu-01-ottobre-2021-direttore-mirko-mezzacasa\/incontro_in_municipio\/\" rel=\"attachment wp-att-234562\"><img loading=\"lazy\" decoding=\"async\" class=\"size-medium wp-image-234562 alignleft\" src=\"https:\/\/www.radiopiu.net\/wordpress\/wp-content\/uploads\/2021\/09\/Incontro_in_municipio-300x225.jpg\" alt=\"\" width=\"300\" height=\"225\" srcset=\"https:\/\/www.radiopiu.net\/wordpress\/wp-content\/uploads\/2021\/09\/Incontro_in_municipio-300x225.jpg 300w, https:\/\/www.radiopiu.net\/wordpress\/wp-content\/uploads\/2021\/09\/Incontro_in_municipio-1024x768.jpg 1024w, https:\/\/www.radiopiu.net\/wordpress\/wp-content\/uploads\/2021\/09\/Incontro_in_municipio-768x576.jpg 768w, https:\/\/www.radiopiu.net\/wordpress\/wp-content\/uploads\/2021\/09\/Incontro_in_municipio.jpg 1194w\" sizes=\"auto, (max-width: 300px) 100vw, 300px\" \/><\/a>PONTE NELLE ALPI <\/strong>Il Comune di Ponte nelle Alpi incontra i Consorzi di garanzia e le associazione di categoria per rendere concreta una proposta di particolare importanza nell\u2019ottica di una ripartenza delle attivit\u00e0 produttive. Dopo il via libera all\u2019unanimit\u00e0 del consiglio comunale, i vertici amministrativi hanno deciso di assegnare 20mila euro alle imprese, attraverso un bando di finanziamenti agevolati. <\/span><span class=\"s1\">Il bando ha trovato terreno fertile nelle realt\u00e0 locali, grazie alla facilit\u00e0 di utilizzo delle risorse.\u00a0 <\/span><strong>\u00a0L&#8217;Assessore al Bilancio: <\/strong>&#8220;C\u2019\u00e8 bisogno di spingere al massimo affinch\u00e9 si inneschi una decisa ripartenza&#8221; <strong>Vittorio Zampieri di Fidi Impresa: <\/strong>&#8220;Un plauso alle amministrazioni che investono in questa direzione: \u00e8 cos\u00ec che si evita la desertificazione dei centri periferici&#8221;\u00a0 <strong>Claudia Scarzanella Confartigianato:<\/strong> &#8220;modello virtuoso, da prendere come esempio per altri contesti&#8221;.\u00a0<strong>Luca Dal Poz Ascom: <\/strong>Se a questo si accompagner\u00e0 poi un nuovo approccio alla gestione del credito, tanto meglio<\/p>\n<p>&nbsp;<\/p>\n<hr \/>\n<p>&nbsp;<\/p>\n<p><span style=\"color: #ff0000;\">A Margine dell&#8217;articolo pubblicato ieri &#8220;Dillo a Radio Pi\u00f9&#8221;&#8230; precisazione dalla Farmacia Comunale di Taibon.<\/span><\/p>\n<blockquote>\n<h3>ALLA FARMACIA DI TAIBON I TAMPONI SONO ASSICURATI, OGGI E ANCHE DOPO IL 15 OTTOBRE<\/h3>\n<\/blockquote>\n<p><strong><img decoding=\"async\" class=\"alignleft\" src=\"https:\/\/www.radiopiu.net\/wordpress\/wp-content\/uploads\/2019\/05\/download-1.jpg\" \/><\/strong><\/p>\n<p><strong>TAIBON<\/strong> La Farmacia di Taibon sta facendo tamponi quotidianamente a tutte le ore dalle 7,30 del mattino alle 18 della sera, questo fino al 15 di ottobre. Successivamente la dottoressa Donella Masoch si \u00e8 impegnata a stilare un calendario in cui coprir\u00e0 80 persone al giorno con un orario da verificare su prenotazione,\u00a0 come da indicazioni della Farmacia Comunale. Quindi dalla farmacia una smentita secca: <em>&#8220;Non abbiamo mai detto che non faremo pi\u00f9 tamponi, ad esempio solo per domani abbiamo fissato 27 appun<\/em>tamenti&#8221;.<\/p>\n<p>&nbsp;<\/p>\n<h3><span style=\"color: #ff0000;\">IERI ALLA RADIO<\/span><\/h3>\n<blockquote>\n<h3>DILLO A RADIO PIU&#8217; &#8230;. SEMPRE PIU&#8217; DIFFICILE VIVERE IN MONTAGNA&#8230; ANCHE PER FARE UN TAMPONE<\/h3>\n<\/blockquote>\n<p>&nbsp;<\/p>\n<p><strong><img loading=\"lazy\" decoding=\"async\" class=\"alignleft\" src=\"https:\/\/www.radiopiu.net\/wordpress\/wp-content\/uploads\/2021\/04\/vaccino-covid.jpg\" width=\"231\" height=\"154\" \/>Riceviamo una riflessione importante che mette in evidenza una volta in pi\u00f9 il difficile del vivere in montagna, anche quando le strade sono aperte, non cadono sassi e i cervi rimangono in quota.<\/strong><\/p>\n<blockquote><p>&#8220;Volevo far notare\u00a0 a nome\u00a0 di parecchie persone\u00a0 della Valle del Biois, l&#8217;attuale situazione tamponi. Qui in valle, Falcade, Canale e Cencenighe, non abbiamo una farmacia che faccia questo servizio.\u00a0 Dobbiamo a scendere a Taibon\/Agordo oppure andare fino a Caprile. Chiss\u00e0 se tutto questo \u00e8 ammesso e ammissibile tra un decreto legge e l&#8217;altro.\u00a0 A Taibon mi\u00a0 dicono\u00a0 che prenderanno\u00a0 una decisione sul da farsi ai primi di ottobre, non \u00e8 detto che il servizio continuer\u00e0 mi pare di capire.\u00a0 Quindi corriamo il rischio di avere solo due farmacie che coprono tre vallate e mi sembra un po\u2019 poco&#8221;<\/p><\/blockquote>\n<p>&nbsp;<\/p>\n<hr \/>\n<p>&nbsp;<\/p>\n<h3 style=\"text-align: center;\">PRELIEVI DI SANGUE NEI BIMBI 0-6 ANNI<\/h3>\n<p><strong><a href=\"https:\/\/www.radiopiu.net\/wordpress\/donazioni-sangue-riattivati-i-punti-raccolta-di-agordo-e-pieve-di-cadore\/donazione-sangue\/\" rel=\"attachment wp-att-161053\"><img loading=\"lazy\" decoding=\"async\" class=\"size-medium wp-image-161053 alignleft\" src=\"https:\/\/www.radiopiu.net\/wordpress\/wp-content\/uploads\/2020\/09\/DONAZIONE-SANGUE-300x200.jpg\" alt=\"\" width=\"300\" height=\"200\" srcset=\"https:\/\/www.radiopiu.net\/wordpress\/wp-content\/uploads\/2020\/09\/DONAZIONE-SANGUE-300x200.jpg 300w, https:\/\/www.radiopiu.net\/wordpress\/wp-content\/uploads\/2020\/09\/DONAZIONE-SANGUE-1024x684.jpg 1024w, https:\/\/www.radiopiu.net\/wordpress\/wp-content\/uploads\/2020\/09\/DONAZIONE-SANGUE-768x513.jpg 768w, https:\/\/www.radiopiu.net\/wordpress\/wp-content\/uploads\/2020\/09\/DONAZIONE-SANGUE-1536x1026.jpg 1536w, https:\/\/www.radiopiu.net\/wordpress\/wp-content\/uploads\/2020\/09\/DONAZIONE-SANGUE-640x427.jpg 640w, https:\/\/www.radiopiu.net\/wordpress\/wp-content\/uploads\/2020\/09\/DONAZIONE-SANGUE.jpg 1920w\" sizes=\"auto, (max-width: 300px) 100vw, 300px\" \/><\/a>BELLUNO<\/strong>\u00a0 <span style=\"color: #000000;\"><span style=\"font-family: Arial, serif;\">Per facilitare e rendere meno traumatico il prelievo di sangue nei bambini da zero a sei anni, l\u2019ulss Dolomiti ha istituito un percorso pensato per accogliere il bambino e i suoi genitori in un ambiente dedicato e superare la paura del prelievo. <\/span><\/span><span style=\"color: #000000;\"><span style=\"font-family: Arial, serif;\">Dal <\/span><\/span><span style=\"color: #000000;\"><span style=\"font-family: Arial, serif;\"><span style=\"font-size: medium;\">4<\/span><\/span><\/span><span style=\"color: #000000;\"><span style=\"font-family: Arial, serif;\"> ottobre, le analisi del sangue per i bambini da 0 a 6 anni potranno essere eseguite nelle Pediatrie di Belluno e Feltre (su prenotazione) dal personale infermieristico della pediatria e in un clima giocoso e accogliente. <\/span><\/span><span style=\"color: #000000;\"><span style=\"font-family: Arial, serif;\">L\u2019esperienza del \u201cpizzoccotto\u201d del prelievo potr\u00e0 quindi essere vissuta in modo pi\u00f9 sereno dal piccolo e dai suoi genitori. Al termine del prelievo, inoltre, il bambino ricever\u00e0 un piccolo \u201criconoscimento\u201d per il suo coraggio.\u00a0<\/span><\/span><span style=\"color: #000000;\"><span style=\"font-family: Arial, serif;\"> I prelievi saranno eseguiti dal <\/span><\/span><span style=\"color: #000000;\"><span style=\"font-family: Arial, serif;\"><u>marted\u00ec al gioved\u00ec, dalle ore 8.00 alle ore 9.30<\/u><\/span><\/span><span style=\"color: #000000;\"><span style=\"font-family: Arial, serif;\">. <\/span><\/span>COME PRENOTARE: telefonare, dal luned\u00ec al venerd\u00ec dalle ore 8.00 alle 12.00, alla Segretaria o la Coordinatrice ai seguenti numeri: 0439\/883564 o 0439\/883491<\/p>\n<p>&nbsp;<\/p>\n<p>&nbsp;<\/p>\n<hr \/>\n<p>&nbsp;<\/p>\n<h2><strong><span style=\"color: #ff0000;\">GLI SPECIALI ALLA RADIO\u00a0<\/span><\/strong><\/h2>\n<p>&nbsp;<\/p>\n<p><iframe loading=\"lazy\" title=\"FRANCESCO ZILLIO &quot;EVOLUZIONE DELL&#039;ELETTRICITA&#039;&quot;\" width=\"1200\" height=\"675\" src=\"https:\/\/www.youtube.com\/embed\/P_8N0CNZpVs?start=298&#038;feature=oembed\" frameborder=\"0\" allow=\"accelerometer; autoplay; clipboard-write; encrypted-media; gyroscope; picture-in-picture\" allowfullscreen><\/iframe><\/p>\n<p>&nbsp;<\/p>\n<p>&nbsp;<\/p>\n<blockquote class=\"wp-embedded-content\" data-secret=\"ow8N4SIshk\"><p><a href=\"https:\/\/www.radiopiu.net\/wordpress\/i-70-anni-dellassociazione-bellunese-volontari-del-sangue\/\">I 70 ANNI DELL&#8217;ASSOCIAZIONE BELLUNESE VOLONTARI DEL SANGUE<\/a><\/p><\/blockquote>\n<p><iframe loading=\"lazy\" class=\"wp-embedded-content\" sandbox=\"allow-scripts\" security=\"restricted\" style=\"position: absolute; clip: rect(1px, 1px, 1px, 1px);\" title=\"&#8220;I 70 ANNI DELL&#8217;ASSOCIAZIONE BELLUNESE VOLONTARI DEL SANGUE&#8221; &#8212; Radio Pi\u00f9\" src=\"https:\/\/www.radiopiu.net\/wordpress\/i-70-anni-dellassociazione-bellunese-volontari-del-sangue\/embed\/#?secret=ow8N4SIshk\" data-secret=\"ow8N4SIshk\" width=\"600\" height=\"338\" frameborder=\"0\" marginwidth=\"0\" marginheight=\"0\" scrolling=\"no\"><\/iframe><\/p>\n<p>&nbsp;<\/p>\n<p>&nbsp;<\/p>\n<hr \/>\n<p>&nbsp;<\/p>\n<blockquote>\n<h3>L&#8217;ELIPORTO DI AGORDO ED ARABBA, APPRODO PER IL VOLO NOTTURNO DELL&#8217;ELICOTTERO &#8220;LEONE&#8221;<\/h3>\n<\/blockquote>\n<p><strong><img loading=\"lazy\" decoding=\"async\" class=\"alignleft\" src=\"https:\/\/www.radiopiu.net\/wordpress\/wp-content\/uploads\/2020\/08\/ELIPORTO-AGORDO.png\" width=\"263\" height=\"162\" \/>BELLUNO\u00a0<\/strong> E&#8217; \u00a0operativo in Ulss Dolomiti il volo notturno dell\u2019elicottero del Suem 118. C\u2019\u00e8 stata una prima individuazione dei siti illuminati utilizzabili quali approdi per il volo notturno. Ulteriori siti sono in fase di valutazione e la mappa sar\u00e0 via via aggiornata, una volta vagliate nuove disponibilit\u00e0 e caratteristiche dei luoghi <a href=\"https:\/\/www.radiopiu.net\/wordpress\/leliporto-di-agordo-ed-arabba-approdo-per-il-volo-notturno-dellelicottero-leone\/primostep-volo-notturno\/\" rel=\"attachment wp-att-234640\"><img loading=\"lazy\" decoding=\"async\" class=\"wp-image-234640 alignright\" src=\"https:\/\/www.radiopiu.net\/wordpress\/wp-content\/uploads\/2021\/09\/primostep-volo-notturno.png\" alt=\"\" width=\"360\" height=\"303\" srcset=\"https:\/\/www.radiopiu.net\/wordpress\/wp-content\/uploads\/2021\/09\/primostep-volo-notturno.png 940w, https:\/\/www.radiopiu.net\/wordpress\/wp-content\/uploads\/2021\/09\/primostep-volo-notturno-768x644.png 768w\" sizes=\"auto, (max-width: 360px) 100vw, 360px\" \/><\/a>individuati. Come previsto dalle normative, infatti, per i primi due mesi negli interventi di soccorso l\u2019elicottero potr\u00e0 atterrare su superfici gi\u00e0 identificate ed inserite nei manuali di volo, dotate di illuminazione. Successivamente potr\u00e0 operare anche su superfici non illuminate.<\/p>\n<p>&nbsp;<\/p>\n<p>&nbsp;<\/p>\n<p>&nbsp;<\/p>\n<p>&nbsp;<\/p>\n<p>&nbsp;<\/p>\n<p><strong>IL CONSIGLIERE REGIONALE SILVIA CESTARO\u00a0<\/strong><\/p>\n<audio class=\"wp-audio-shortcode\" id=\"audio-234503-1\" preload=\"none\" style=\"width: 100%;\" controls=\"controls\"><source type=\"audio\/mpeg\" src=\"https:\/\/www.radiopiu.net\/wordpress\/wp-content\/uploads\/2021\/09\/CESTARO.mp3?_=1\" \/><a href=\"https:\/\/www.radiopiu.net\/wordpress\/wp-content\/uploads\/2021\/09\/CESTARO.mp3\">https:\/\/www.radiopiu.net\/wordpress\/wp-content\/uploads\/2021\/09\/CESTARO.mp3<\/a><\/audio>\n<p>&nbsp;<\/p>\n<p>&nbsp;<\/p>\n<p>In questa prima fase, gli approdi individuati sono: AGORDO \u2013 PIAZZOLA loc Narae ALANO DI PIAVE &#8211; CAMPO SPORTIVO ALPAGO Puos d&#8217;Alpago &#8211; CAMPO SPORTIVO<br \/>\nAURONZO DI CADORE &#8211; CAMPO SPORTIVO BELLUNO &#8211; PIAZZOLA OSPEDALE BORGO VALBELLUNA Lentiai &#8211; CAMPO SPORTIVO BORGO VALBELLUNA Sant&#8217;Antonio di Tortal &#8211; CAMPO SPORTIVO CORTINA \u2013 PIAZZOLA CODIVILLA<br \/>\nDOMEGGE &#8211; CAMPO SPORTIVO FELTRE \u2013 PIAZZOLA OSPEDALE SEDICO Longano &#8211; CAMPO SPORTIVO LIVINALLONGO Arabba \u2013 PIAZZOLA loc. Arabba LONGARONE &#8211; CAMPO SPORTIVO SAN PIETRO DI CADORE Presenaio &#8211; CAMPO PORTIVO SAN VITO DI CADORE Mo- CAMPO SPORTIVO SOVRAMONTE Sorriva &#8211; CAMPO SPORTIVO TAMBRE &#8211; CAMPO SPORTIVO VAL DI ZOLDO Forno di Zoldo &#8211; PIAZZOLA loc Campagna ZOPPE\u2019 DI CADORE &#8211; PIAZZOLA loc Pian Zopp\u00e8<\/p>\n<p>I siti individuati sono dotati di illuminazione, \u00e8 stato ottenuto l\u2019assenso dei gestori al loro utilizzo e sono state predisposte tutte le procedure per l\u2019accesso e l\u2019accensione delle luci. Fino al completamento della nuova base HEMS di Pieve di Cadore, la base per il volo notturno \u00e8 stata temporaneamente assegnata a Treviso per consentire il rapido avvio del servizio. Una volta completati i lavori, come da programmazione regionale, il servizio di volo notturno avr\u00e0 base a Pieve di Cadore per le Ulss 1,2,3 e 4.<\/p>\n[<\/p>\n<p>&nbsp;<\/p>\n<p>&nbsp;<\/p>\n<hr \/>\n<p>&nbsp;<\/p>\n<blockquote>\n<h3>VENETO &#8220;BIANCO&#8221;, OCCUPAZIONE OSPEDALIERA, INCIDENZA, CASI&#8230; TUTTE LE CURVE GUARDANO AL BASSO, DALLE 12 PRENOTAZIONI TERZA DOSE PER OVER 80<\/h3>\n<\/blockquote>\n<blockquote>\n<h3>LEGGI LA CONFERENZA STAMPA DI LUCA ZAIA<\/h3>\n<p><em>l&#8217;82,3% della popolazione vaccinabile ha ricevuto due dosi anti-Covid, rispetto all&#8217;80,9% di una settimana fa. Il lavoro dei 60 centri vaccinali e dei 1.600 addetti sta funzionando.\u00a0 Nelle ultime 24 ore sono state somministrate 14.141 dosi.<\/em><\/p><\/blockquote>\n<p>Scende\u00a0 la curva dei contagi. Il virus circola, ma \u00e8 vero che la vaccinazione ha cambiato il corso della storia del Coronavirus e ci permette di essere pi\u00f9 tranquilli rispetto a prima. Ovvio, mascherina e igienizzazione devono sempre essere utilizzati dai cittadini.\u00a0 Il 65% di chi finisce in ospedale non \u00e8 vaccinato, e l&#8217;80% di chi finisce in terapia intensiva non \u00e8 vaccinato. Il bilancio settimanale: terapia intensiva (4%) e area non critica\u00a0 (3%) che scendono di un punto nell&#8217;occupazione, come scende l&#8217;incidenza e l&#8217;Rt (0,86) ma abbiamo aperto le scuole a settembre ed \u00e8 prudente aspettare almeno 3 settimane per andare a regime e conoscere i reali dati della scuola. Per questo il veneto \u00e8 da colorazione bianca con \u00a040,7 positivi ogni 100mila abitanti a settimana. Dalle 12 i 365mila over\u00a0 80 veneti\u00a0 potranno prenotarsi per la terza dose per chi \u00e8 stato vaccinato con la seconda almeno 6 mesi fa.<\/p>\n<p><strong>SITUAZIONE VACCINI PER FASCE D&#8217;ETA&#8217;, SECONDA DOSE<\/strong> (totale 82,3% un punto e mezzo in una settimana)\u00a0 60-69 anni 88,6%; 70-79 anni 92,5%; over 80 anni 99,6<\/p>\n<h3><strong><span style=\"color: #ff0000;\">DOMANDE<\/span><\/strong><\/h3>\n<h3><strong>Scuole: novit\u00e0 sulla quarantena in classe<\/strong><\/h3>\n<p><strong>SCUOLA\u00a0<\/strong> Sulla\u00a0 quarantena: abbiamo presentato una proposta, nell&#8217;ottica di non chiudere le scuole perch\u00e9 c&#8217;\u00e8 un positivo. Servono modalit\u00e0 meno invasive e potremmo tenere presente dei parametri, come il numero di vaccinati nell&#8217;aula. L&#8217;altro aspetto \u00e8 chiedersi a che distanza si trovava il positivo rispetto agli altri ragazzi e molte valutazioni.\u00a0 C&#8217;\u00e8 un gruppo di lavoro attivo, a breve avremo delle novit\u00e0 a livello nazionale. Ho visto il Governo disponibile a risolvere questo problema<\/p>\n<p><strong>AUTONOMIA<\/strong> Stiamo lavorando in maniera proficua con i nostri tecnici, Emilia Romagna e Lombardia per vedere di trovare una soluzione e fare una proposta condivisa dalle regioni da portare avanti. Siamo nella fase degli incontri ai tavoli tecnici. Il Presidente del Consiglio Draghi che si presenta come uomo della responsabilit\u00e0 se non vuole sprechi deve puntare all&#8217;autonomia<\/p>\n<p><strong>SPETTACOLO<\/strong> Il mondo delle discoteche, fin dal primo giorno, si \u00e8 messo a disposizione per fare tampone all&#8217;ingresso, fare screening, monitorare i ragazzi. Si tratta di un comparto produttivo messo in ginocchio e non ha avuto risorse e anche le promesse si sono rivelate tali eppure abbiamo avuto due ondate di infezione e le discoteche erano chiuse.<\/p>\n<p>&nbsp;<\/p>\n<p><a href=\"https:\/\/www.facebook.com\/zaiaufficiale\/videos\/408099671029913\">https:\/\/www.facebook.com\/zaiaufficiale\/videos\/408099671029913<\/a><\/p>\n<p>&nbsp;<\/p>\n<p>&nbsp;<\/p>\n<hr \/>\n<p>&nbsp;<\/p>\n<blockquote>\n<h3>CONTRO LO SMOG, A SUON DI ORDINANZE PER IL CONTENIMENTO DELL&#8217;INQUINAMENTO ATMOSFERICO<\/h3>\n<\/blockquote>\n<p><strong><a href=\"https:\/\/www.radiopiu.net\/wordpress\/smog-bottacin-da-alcuni-sindaci-polemiche-disinformate-regione-pilatesca-falso-facciamo-tutto-quel-che-serve-compresi-milioni-di-finanziamenti\/smog\/\" rel=\"attachment wp-att-68776\"><img loading=\"lazy\" decoding=\"async\" class=\" wp-image-68776 alignleft\" src=\"https:\/\/www.radiopiu.net\/wordpress\/wp-content\/uploads\/2018\/12\/smog-300x200.jpg\" alt=\"\" width=\"257\" height=\"171\" srcset=\"https:\/\/www.radiopiu.net\/wordpress\/wp-content\/uploads\/2018\/12\/smog-300x200.jpg 300w, https:\/\/www.radiopiu.net\/wordpress\/wp-content\/uploads\/2018\/12\/smog-768x512.jpg 768w, https:\/\/www.radiopiu.net\/wordpress\/wp-content\/uploads\/2018\/12\/smog-1024x682.jpg 1024w, https:\/\/www.radiopiu.net\/wordpress\/wp-content\/uploads\/2018\/12\/smog.jpg 1280w\" sizes=\"auto, (max-width: 257px) 100vw, 257px\" \/><\/a>BELLUNO<\/strong>\u00a0 Entrano in vigore da oggi\u00a0 le due nuove ordinanze comunali \u201cantismog\u201d, in rispetto dell\u2019accordo tra Ministero dell\u2019Ambiente e le regioni del bacino padano, relative al traffico veicolare, all&#8217;esercizio degli impianti termici, compresi quelli alimentati a biomassa legnosa, e alle combustioni all\u2019aperto.\u00a0 Mentre quest&#8217;ultima rester\u00e0 in vigore continuativamente fino al 30 aprile 2022, quella relativa al traffico veicolare \u2013 in caso di permanenza in allerta verde o arancio &#8211; prevede una finestra di sospensione dal 17 dicembre al 7 gennaio 2022. L&#8217;amministrazione comunale, sempre come previsto dalle delibere regionali, ha deciso di istituire una \u201cDomenica ecologica\u201d al mese, con chiusura del centro storico al traffico veicolare. L&#8217;obiettivo \u00e8 quello di contenere l\u2019inquinamento da Pm10 e, soprattutto, di sensibilizzare a una frequentazione diversa, in totale sicurezza, della citt\u00e0.<\/p>\n<p><strong>\u00a0L&#8217;ASSESSORE ALBERTO SIMIELE\u00a0 &#8211; AUDIO &#8211;\u00a0<\/strong><\/p>\n<audio class=\"wp-audio-shortcode\" id=\"audio-234503-2\" preload=\"none\" style=\"width: 100%;\" controls=\"controls\"><source type=\"audio\/mpeg\" src=\"https:\/\/www.radiopiu.net\/wordpress\/wp-content\/uploads\/2021\/09\/simiele-1.mp3?_=2\" \/><a href=\"https:\/\/www.radiopiu.net\/wordpress\/wp-content\/uploads\/2021\/09\/simiele-1.mp3\">https:\/\/www.radiopiu.net\/wordpress\/wp-content\/uploads\/2021\/09\/simiele-1.mp3<\/a><\/audio>\n<p>&nbsp;<\/p>\n<p>E A PROPOSITO DELLE STUFE<\/p>\n<audio class=\"wp-audio-shortcode\" id=\"audio-234503-3\" preload=\"none\" style=\"width: 100%;\" controls=\"controls\"><source type=\"audio\/mpeg\" src=\"https:\/\/www.radiopiu.net\/wordpress\/wp-content\/uploads\/2021\/09\/simiele2.mp3?_=3\" \/><a href=\"https:\/\/www.radiopiu.net\/wordpress\/wp-content\/uploads\/2021\/09\/simiele2.mp3\">https:\/\/www.radiopiu.net\/wordpress\/wp-content\/uploads\/2021\/09\/simiele2.mp3<\/a><\/audio>\n<p>&nbsp;<\/p>\n<hr \/>\n<p>&nbsp;<\/p>\n<blockquote>\n<h3>TRA DONNE, SINONIMO DI UTILITA&#8217; PER IL PROSSIMO<\/h3>\n<\/blockquote>\n<p><strong> <img loading=\"lazy\" decoding=\"async\" class=\"alignleft\" src=\"https:\/\/www.radiopiu.net\/wordpress\/wp-content\/uploads\/2021\/09\/summerfield-336672__340.webp\" width=\"249\" height=\"166\" \/>BELLUNO<\/strong> Domenica dalle 9:30 alle 12:30, nella saletta privata del ristorante Degusto di Sagrogna, ci sar\u00e0 \u201cTra Donne\u201d una mattinata dedicata all\u2019importanza della leggerezza non sinonimo di superficialit\u00e0, ma per planare lievemente sui problemi.\u00a0 Sar\u00f2 donata una domenica mattina ad alcune donne che, a causa di un momento difficile, come quello della battaglia al brutto \u201cmale\u201d, sentono la necessit\u00e0 di dedicarsi una mattina e \u201cstaccare la mente\u201d. Sar\u00e0 messa a disposizione un\u2019esperta parrucchiera che dar\u00e0 consigli su come affrontare la cura dei capelli soprattutto in caso di caduta e di ricrescita; due make-up artists che insegneranno come valorizzare il viso, anche nel caso in cui la fisionomia subisca momentanee trasformazioni,\u00a0e infine un po\u2019 di ginnastica dolce.\u00a0 Inoltre per chi volesse sar\u00e0 a disposizione un fotografo e gli abiti del \u201cBellunoStore\u201d per qualche foto ricordo professionale. Tutto nella piena di libert\u00e0 e in base allo stato d\u2019animo delle partecipanti. \u201cTra Donne\u201d nasce da un gruppo di donne, ognuna con il proprio percorso ed esperienze, che decide di fare qualcosa per altre donne, sfatando il luogo comune che tra donne non si riesca a collaborare.\u00a0 <em>\u201cQuando ho proposto loro questa idea &#8211; racconta Monica Mazzoccoli\u00a0 tutte hanno accettato subito e si sono messe a disposizione curando ognuna un dettaglio dell\u2019organizzazione. Una sintonia mai provata prima, nonostante io abbia realizzato altri eventi negli anni addietro. Il titolo\u00a0 &#8220;tra donne&#8221; \u00e8 quindi saltato fuori spontaneo\u201d. <\/em>Le prenotazioni e le informazioni possono essere richieste al n. 3471019014 tramite un messaggio whatsapp.\u00a0Info anche sulla pagina fb dell\u2019Associazione\u00a0PensieroAzione che organizza l\u2019evento<em>.<\/em><\/p>\n<blockquote><p><strong>IL GRUPPO Monica Mazzoccoli, presidente dell\u2019Associazione PensieroAzione;\u00a0 Anna Bortoluzzi,\u00a0 Federica Pugliese,\u00a0 Rosita Costa,\u00a0 Cristina Stevanato,\u00a0 Rosanna Pol,\u00a0 Ivana Del Pizzol,\u00a0 Elisa Zangrando,\u00a0 Elisabetta Toffoli,\u00a0 \u00a0Noemi D\u2019Inc\u00e0\u00a0 Valentina Sabato, Helenia Barban, la\u00a0 grafica di fiducia.\u00a0<\/strong><\/p><\/blockquote>\n<p>&nbsp;<\/p>\n<hr \/>\n<p>&nbsp;<\/p>\n<blockquote>\n<h2>LA PROVINCIA DI BELLUNO A SIENA IN DIFESA DELL&#8217;AMBIENTE<\/h2>\n<\/blockquote>\n<p><strong><a href=\"https:\/\/www.radiopiu.net\/wordpress\/giornale-radiopiu-01-ottobre-2021-direttore-mirko-mezzacasa\/848ad4d0-adef-4e6d-8a36-2ca13da34b73\/\" rel=\"attachment wp-att-234659\"><img loading=\"lazy\" decoding=\"async\" class=\"size-medium wp-image-234659 alignleft\" src=\"https:\/\/www.radiopiu.net\/wordpress\/wp-content\/uploads\/2021\/09\/848ad4d0-adef-4e6d-8a36-2ca13da34b73-300x225.jpg\" alt=\"\" width=\"300\" height=\"225\" srcset=\"https:\/\/www.radiopiu.net\/wordpress\/wp-content\/uploads\/2021\/09\/848ad4d0-adef-4e6d-8a36-2ca13da34b73-300x225.jpg 300w, https:\/\/www.radiopiu.net\/wordpress\/wp-content\/uploads\/2021\/09\/848ad4d0-adef-4e6d-8a36-2ca13da34b73-1024x768.jpg 1024w, https:\/\/www.radiopiu.net\/wordpress\/wp-content\/uploads\/2021\/09\/848ad4d0-adef-4e6d-8a36-2ca13da34b73-768x576.jpg 768w, https:\/\/www.radiopiu.net\/wordpress\/wp-content\/uploads\/2021\/09\/848ad4d0-adef-4e6d-8a36-2ca13da34b73-1536x1153.jpg 1536w, https:\/\/www.radiopiu.net\/wordpress\/wp-content\/uploads\/2021\/09\/848ad4d0-adef-4e6d-8a36-2ca13da34b73.jpg 1599w\" sizes=\"auto, (max-width: 300px) 100vw, 300px\" \/><\/a>SIENA<\/strong> La Provincia di Belluno ha partecipato oggi a Siena a \u201cConversAzioni\u201d, una due giorni cominciata ieri dedicata alle tematiche ambientali e in particolare alla carbon neutrality. Si tratta di un importante convegno che vede tra gli organizzatori anche l\u2019Universit\u00e0 di Siena e che mette attorno allo stesso tavolo diversi soggetti istituzionali interessati alle politiche ambientali. Per l\u2019amministrazione provinciale c\u2019era il consigliere delegato all\u2019ambiente, che ha preso parte alla sessione dedicata alla pianificazione dei territori per la carbon neutrality, insieme alla Provincia di Parma e al Comune di Mantova.<\/p>\n<p>IL CONSIGLIERE PROVINCIALE SIMONE DEOLA<\/p>\n<audio class=\"wp-audio-shortcode\" id=\"audio-234503-4\" preload=\"none\" style=\"width: 100%;\" controls=\"controls\"><source type=\"audio\/mpeg\" src=\"https:\/\/www.radiopiu.net\/wordpress\/wp-content\/uploads\/2021\/09\/eola.mp3?_=4\" \/><a href=\"https:\/\/www.radiopiu.net\/wordpress\/wp-content\/uploads\/2021\/09\/eola.mp3\">https:\/\/www.radiopiu.net\/wordpress\/wp-content\/uploads\/2021\/09\/eola.mp3<\/a><\/audio>\n<p>&nbsp;<\/p>\n<p>&nbsp;<\/p>\n<hr \/>\n<blockquote>\n<h2><strong>\u00a0<\/strong><\/h2>\n<h2><strong>UN PROGETTO DI SOLIDARIET\u00c0 PER LA SCUOLA E IL TERRITORIO <\/strong><\/h2>\n<\/blockquote>\n<p><em>Raccolti dal Comitato d&#8217;Intesa 573 euro donati a \u201cInsieme si pu\u00f2\u201d e destinati all&#8217;istruzione\u00a0<\/em><\/p>\n<p><strong><a href=\"https:\/\/www.radiopiu.net\/wordpress\/giornale-radiopiu-01-ottobre-2021-direttore-mirko-mezzacasa\/foto-consegna-assegno-cartonato\/\" rel=\"attachment wp-att-234622\"><img loading=\"lazy\" decoding=\"async\" class=\"size-medium wp-image-234622 alignleft\" src=\"https:\/\/www.radiopiu.net\/wordpress\/wp-content\/uploads\/2021\/09\/Foto-consegna-assegno-cartonato-300x225.jpg\" alt=\"\" width=\"300\" height=\"225\" srcset=\"https:\/\/www.radiopiu.net\/wordpress\/wp-content\/uploads\/2021\/09\/Foto-consegna-assegno-cartonato-300x225.jpg 300w, https:\/\/www.radiopiu.net\/wordpress\/wp-content\/uploads\/2021\/09\/Foto-consegna-assegno-cartonato-1024x768.jpg 1024w, https:\/\/www.radiopiu.net\/wordpress\/wp-content\/uploads\/2021\/09\/Foto-consegna-assegno-cartonato-768x576.jpg 768w, https:\/\/www.radiopiu.net\/wordpress\/wp-content\/uploads\/2021\/09\/Foto-consegna-assegno-cartonato-1536x1152.jpg 1536w, https:\/\/www.radiopiu.net\/wordpress\/wp-content\/uploads\/2021\/09\/Foto-consegna-assegno-cartonato.jpg 2048w\" sizes=\"auto, (max-width: 300px) 100vw, 300px\" \/><\/a>BELLUNO<\/strong> Grazie all&#8217;azione di alcuni giovani, sono stati raccolti 573 euro destinati alla scuola, in un&#8217;ottica di sensibilizzazione al diritto allo studio.\u00a0 \u00c8 il risultato finale del progetto di solidariet\u00e0 \u201cHappiness is\u2026 helping others!\u201d promosso dall\u2019Area Europa del Comitato d\u2019Intesa di Belluno e finanziato da Agenzia Nazionale per i Giovani.\u00a0 Numerose le azioni messe in campo dai giovani volontari nel corso dei dodici mesi: prima un momento di formazione sul tema del fundraising, poi l\u2019organizzazione di due campagne di raccolta fondi: una a sostegno dei giovani artisti bellunesi colpiti dalla crisi, realizzata la scorsa primavera in collaborazione con il Fondo Welfare della Provincia di Belluno, e l\u2019ultima, appena conclusa, a sostegno dell\u2019iniziativa \u201cTutti a scuola?!\u201d. <em>\u00abAbbiamo deciso di farci artefici e promotori di questa raccolta fondi tramite l\u2019ideazione di una cinquantina di t-shirt, tutte realizzate da noi stessi sperimentando la tecnica della serigrafia, utilizzando cotone a marchio Fair Trade\u00bb, chiariscono i partecipanti. \u00abCi siamo poi attivati per distribuirle ad offerta libera, raccogliendo una somma di 573 euro, che abbiamo deciso di destinare in toto a \u201cInsieme si Pu\u00f2\u201d. Il nostro contributo sar\u00e0 poi convertito in \u201cbuoni libri\u201d a favore delle famiglie bellunesi che si trovano in difficolt\u00e0 economica\u00bb.\u00a0<\/em><\/p>\n<p>&nbsp;<\/p>\n<p>&nbsp;<\/p>\n<hr \/>\n<p>&nbsp;<\/p>\n<p>&nbsp;<\/p>\n<blockquote>\n<h3>CONSORZIO BIM PIAVE BELLUNO: L&#8217;AUTUNNO BELLUNESE CON IL PROGETTO COndiVIDIamo<\/h3>\n<\/blockquote>\n<p><strong><a href=\"https:\/\/www.radiopiu.net\/wordpress\/giornale-radiopiu-01-ottobre-2021-direttore-mirko-mezzacasa\/th-203\/\" rel=\"attachment wp-att-234671\"><img loading=\"lazy\" decoding=\"async\" class=\"size-full wp-image-234671 alignleft\" src=\"https:\/\/www.radiopiu.net\/wordpress\/wp-content\/uploads\/2021\/10\/th.jpg\" alt=\"\" width=\"228\" height=\"171\" \/><\/a>BELLUNO<\/strong> Nell\u2019ambito del progetto \u201cCOndiVIDiamo: le relazioni che fanno comunit\u00e0\u201d, finanziato dall\u2019avviso pubblico \u201cEduCare\u201d della Presidenza del Consiglio dei Ministri, il Consorzio dei Comuni BIM Piave di Belluno promuove per il mese di ottobre quattro appuntamenti rivolti a bambini e ragazzi con lo scopo di offrire a loro e alle rispettive famiglie alcune opportunit\u00e0 di educazione, divertimento e apprendimento. Le attivit\u00e0 previste si terranno a Fonzaso con il coordinamento del centro culturale Dolomiti Hub, presso l\u2019ex-scuola elementare della frazione di Arten, dove il Comune ha attivato un processo di rigenerazione e riqualificazione. Il primo appuntamento \u00e8 domenica 3 ottobre: alle ore 17.00 il Lago Film Fest. <em>\u201cGrazie a questo progetto il Consorzio BIM Piave di Belluno intende dare una spinta alla risocializzazione per i giovanissimi e le loro famiglie, aiutando nel contempo il mondo della cultura e dell\u2019intrattenimento che ha molto sofferto a causa della pandemia da Covid-19 \u2013 afferma il Presidente F.F. del Consorzio Pier Luigi Svaluto Ferro \u2013 attraverso una serie di incontri tra film e laboratori cinematografici pensati per i ragazzi tra i 6 e i 16 anni. Il tutto si svolger\u00e0 inoltre in luoghi non formali, che stimoleranno la creativit\u00e0 dei ragazzi, aumentandone l\u2019apprendimento\u201d. <\/em>Domenica 17 ottobre sar\u00e0 il turno di un altro festival e un altro linguaggio artistico: il Treviso Comic Book Festival, seguiranno poi due film particolarmente noti, entrambi con una forte finalit\u00e0 educativa. \u201cStelle sulla Terra\u201d\u00a0 e\u00a0 \u201cLa famosa invasione degli orsi in Sicilia\u201d di Lorenzo Mattotti, tratto dal romanzo di Dino Buzzatti. Tutte le iniziative sono gratuite, le proiezioni del 21 e 31 ottobre prevedono l\u2019obbligo di green pass o di tampone effettuato entro le 48 ore precedenti. Per informazioni, iscrizioni e prenotazioni: https:\/\/dolomitihub.it<\/p>\n<p>&nbsp;<\/p>\n<p>&nbsp;<\/p>\n<hr \/>\n<blockquote>\n<h3><\/h3>\n<h3>GLI SCRITTI DI DON GABRIELE BERNARDI, LA GIOIA DI DARE LA VITA, DAL DRAMMA DELLA MORTE ALLA GIOIA DELLA RESURREZIONE<\/h3>\n<\/blockquote>\n<p><strong>BELLUNO<\/strong> Domani alle 19 in chiesa a Longarone, dopo la messa delle 18, sar\u00e0 presentato il volume con gli scritti di Don Gabriele Bernardi. L&#8217;iniziativa della parrocchia di Longarone prevede l&#8217;intervento dei vescovi Renato Marangoni, Giuseppe Andrich, dei parroci Don Pietro Bez, Don Mirko Pozzobon, del sindaco di Colle Santa Lucia Paolo Frena, del sindaco di Longarone Roberto Padrin.<\/p>\n<p>&nbsp;<\/p>\n<p>&nbsp;<\/p>\n<hr \/>\n<blockquote>\n<h3><\/h3>\n<h3>GUARDIA DI FINANZA: PUBBLICATO IL BANDO DI CONCORSO, PER TITOLI ED ESAMI,PER IL RECLUTAMENTO DI 1409 ALLIEVI FINANZIERI &#8211; ANNO 2021.<\/h3>\n<\/blockquote>\n<p><strong>BELLUNO<\/strong>\u00a0 Sulla Gazzetta Ufficiale \u00e8 stato pubblicato il bando di concorso, per titoli ed esami, per il reclutamento di 1409 allievi finanzieri. Al concorso possono partecipare coloro che abbiano, alla data di scadenza del termine per la presentazione della domanda, compiuto il 18\u00b0 anno e non abbiano superato il giorno di compimento del 26\u00b0.\u00a0 La domanda di partecipazione al concorso \u00e8 da presentare entro le\u00a0 12 del 11 ottobre mediante la procedura telematica disponibile sul portale attivo all\u2019indirizzo \u201chttps:\/\/concorsi.gdf.gov.it\u201d, seguendo le istruzioni del sistema automatizzato.<\/p>\n<p>&nbsp;<\/p>\n<p>&nbsp;<\/p>\n<hr \/>\n<p>&nbsp;<\/p>\n<blockquote>\n<h3>I 100 ANNI DEGLI ALPINI FELTRINI SCANDITI ANCHE DA UN CONCORSO<\/h3>\n<\/blockquote>\n<p><strong>FELTRE<\/strong> La sezione di Feltre dell\u2019A.N.A. ha indetto un concorso per la realizzazione di una medaglia commemorativa del centenario. Chiunque potr\u00e0 realizzare un bozzetto grafico ispirato all\u2019evento, e inviarlo alla sezione alpini di Feltre, entro il 30 novembre 2021. Con la recente riapertura dell\u2019anno scolastico, l\u2019A.N.A. ritiene che questa potrebbe essere un\u2019ottima opportunit\u00e0 di coinvolgimento degli studenti da parte delle scuole: un modo per trasmettere i valori degli alpini nella storia del nostro territorio, dando l\u2019occasione ai giovani di esprimere la loro creativit\u00e0. Il vincitore avr\u00e0 un riconoscimento economico per il proprio lavoro. Il bando del concorso \u00e8 visibile sulla pagina Facebook dell\u2019A.N.A. di Feltre e disponibile per il<br \/>\ndownload al link https:\/\/ana-feltre.webnode.com\/<\/p>\n<p>&nbsp;<\/p>\n<p>&nbsp;<\/p>\n<hr \/>\n<p>&nbsp;<\/p>\n<blockquote>\n<h3>I COLORI DELL&#8217;AUTUNNO, IL CONCORSO FOTOGRAFICO<\/h3>\n<\/blockquote>\n<p><strong>CENCENIGHE<\/strong> La proloco ha indetto un concorso fotografico sui colori della stagione appena iniziata. Le fotografie dovranno pervenire entro il 31 ottobre all&#8217;indirizzo: concorsocoloriautunno@gmail.com. Sabato 13 novembre alle 15 la premiazione con l&#8217;esposizione delle foto al Nof Filo&#8217;. Il regolamento sul sito www.prolococencenighe.it<\/p>\n<p>&nbsp;<\/p>\n<p>&nbsp;<\/p>\n<hr \/>\n<p>&nbsp;<\/p>\n<blockquote>\n<h3>OGGI IN SALA DON TAMIS E IN DIRETTA SUI CANALI SOCIAL<\/h3>\n<\/blockquote>\n<p><strong>AGORDO<\/strong> Il Presidente Michele Costa ha convocato il consiglio dell\u2019Unione Montana per oggi alle 20 \u2013 in presenza \u2013 Sala Don Tamis in Via 27 Aprile. All\u2019ordine del giorno il bilancio consolidato 2020<\/p>\n<p>&nbsp;<\/p>\n<p>&nbsp;<\/p>\n<hr \/>\n<p>&nbsp;<\/p>\n<blockquote>\n<h3>SOSPIROLO TRA LEGGENDE E MISTERI, FINO AL 16 OTTOBRE<\/h3>\n<\/blockquote>\n<p><strong>\u00a0<\/strong><\/p>\n<p><strong>SOSPIROLO<\/strong> C&#8217;\u00e8 tempo fino al 16 ottobre per partecipare al concorso letterario \u201cSospirolo tra leggende e misteri\u201d promosso dalla Pro loco \u201cMonti del Sole\u201d e dalla Biblioteca civica di Sospirolo. Oggetto del concorso sono racconti brevi inediti incentrati sul tema dell&#8217;\u00d2m Salv\u00e0rech\u00a0 Il bando completo, con altri spunti, \u00e8 disponibile sulla homepage del sito <a href=\"http:\/\/www.sospirolo.net\/\" target=\"_blank\" rel=\"noopener\">www.sospirolo.net<\/a>\u00a0o su Facebook (pagina Pro loco \u201cMonti del Sole\u201d).<\/p>\n<p>&nbsp;<\/p>\n<p>&nbsp;<\/p>\n<p>&nbsp;<\/p>\n<hr \/>\n<p>&nbsp;<\/p>\n<blockquote>\n<h3>INCONTRO ONLINE PER IL VOLONTARIATO<\/h3>\n<\/blockquote>\n<p><strong>BELLUNO <\/strong>Come posso organizzare l&#8217;area &#8220;Volontariato&#8221; nella mia associazione? Quali informazioni devo dare e quali strumenti mi sono utili? Sono alcune delle domande che troveranno sicuramente risposta nell&#8217;incontro informativo, promosso dalla\u00a0<a href=\"https:\/\/www.fss.bz.it\/365.html\" target=\"_blank\" rel=\"noopener\">Federazione per il Sociale e la Sanit\u00e0 <\/a>di Bolzano. L&#8217;incontro si terr\u00e0 in modalit\u00e0 online mercoled\u00ec 6 ottobre dalle 14.30 alle 17.\u00a0 \u00a0Moderano Simonetta Terzariol (Federazione) e Paolo Capraro (Comitato d&#8217;Intesa di Belluno); l&#8217;incontro sar\u00e0 in doppia lingua (Italiano e tedesco). Iscrizione gratuita mediante modulo entro il 4 ottobre a <a href=\"mailto:segreteria@fss.bz.itPartecipanti\">segreteria@fss.bz.it.<\/a>Per info: 0471 1186236<\/p>\n<p>&nbsp;<\/p>\n<hr \/>\n<p>&nbsp;<\/p>\n<blockquote>\n<h3>IL MESSAGGIO DI GSP, ANTI TRUFFA<\/h3>\n<p><em><a href=\"https:\/\/www.radiopiu.net\/wordpress\/allarme-truffe-informata-la-polizia\/codacons-le-dieci-regole-piu-una-contro-truffe-e-furti-in-casa_1be385a8-3d30-11e6-9f2f-8ebf834401a4_998_397_original\/\" rel=\"attachment wp-att-209672\"><img loading=\"lazy\" decoding=\"async\" class=\"size-medium wp-image-209672 alignleft\" src=\"https:\/\/www.radiopiu.net\/wordpress\/wp-content\/uploads\/2021\/05\/codacons-le-dieci-regole-piu-una-contro-truffe-e-furti-in-casa_1be385a8-3d30-11e6-9f2f-8ebf834401a4_998_397_original-300x119.jpg\" alt=\"\" width=\"300\" height=\"119\" srcset=\"https:\/\/www.radiopiu.net\/wordpress\/wp-content\/uploads\/2021\/05\/codacons-le-dieci-regole-piu-una-contro-truffe-e-furti-in-casa_1be385a8-3d30-11e6-9f2f-8ebf834401a4_998_397_original-300x119.jpg 300w, https:\/\/www.radiopiu.net\/wordpress\/wp-content\/uploads\/2021\/05\/codacons-le-dieci-regole-piu-una-contro-truffe-e-furti-in-casa_1be385a8-3d30-11e6-9f2f-8ebf834401a4_998_397_original-768x306.jpg 768w, https:\/\/www.radiopiu.net\/wordpress\/wp-content\/uploads\/2021\/05\/codacons-le-dieci-regole-piu-una-contro-truffe-e-furti-in-casa_1be385a8-3d30-11e6-9f2f-8ebf834401a4_998_397_original.jpg 998w\" sizes=\"auto, (max-width: 300px) 100vw, 300px\" \/><\/a>\u00abAlcuni nostri utenti ci segnalano, da pi\u00f9 parti della provincia, la presenza di persone che, porta a porta, si presentano come incaricati di Bim per visionare le bollette. Precisiamo che non si tratta di nostri operatori o di personale incaricato dalla nostra societ\u00e0: nessun nostro addetto, infatti, controlla i contratti o le bollette casa per casa o richiede pagamenti a domicilio. Invitiamo, pertanto, a porre la massima attenzione alle proposte formulate. Ricordiamo che eventuali nostri addetti per la lettura dei contatori o per interventi tecnici sono identificabili dal tesserino di riconoscimento e l\u2019identit\u00e0 pu\u00f2 essere verificata, in caso di dubbio, con il nostro Servizio Clienti al numero 800 306 999\u00bb.\u00a0<\/em><\/p><\/blockquote>\n<p>&nbsp;<\/p>\n<p>&nbsp;<\/p>\n<hr \/>\n<p>&nbsp;<\/p>\n<h3 class=\"kvgmc6g5 cxmmr5t8 oygrvhab hcukyx3x c1et5uql\"><span style=\"color: #0000ff;\">INFORMAZIONE il canale su TELEGRAM informazione di prima mano e in tempo reale. iscriviti ed aiutaci a farlo conoscere\u00a0\u00a0<\/span><\/h3>\n<p><a href=\"https:\/\/www.radiopiu.net\/wordpress\/dt_gallery\/voltago-campioni-dellagordino-nella-16-comuni\/appuntamenti-4\/\" rel=\"attachment wp-att-61958\"><img loading=\"lazy\" decoding=\"async\" class=\"wp-image-61958 size-full aligncenter\" src=\"https:\/\/www.radiopiu.net\/wordpress\/wp-content\/uploads\/2018\/09\/appuntamenti.jpeg\" alt=\"\" width=\"800\" height=\"100\" srcset=\"https:\/\/www.radiopiu.net\/wordpress\/wp-content\/uploads\/2018\/09\/appuntamenti.jpeg 800w, https:\/\/www.radiopiu.net\/wordpress\/wp-content\/uploads\/2018\/09\/appuntamenti-300x38.jpeg 300w, https:\/\/www.radiopiu.net\/wordpress\/wp-content\/uploads\/2018\/09\/appuntamenti-768x96.jpeg 768w\" sizes=\"auto, (max-width: 800px) 100vw, 800px\" \/><\/a><\/p>\n<p>&nbsp;<\/p>\n<p>&nbsp;<\/p>\n<blockquote>\n<h3>A SCUOLA DI GRANDI CARNIVORI CON IL CAI DI BELLUNO<\/h3>\n<\/blockquote>\n<p><strong>BELLUNO<\/strong> La Sezione di Belluno del <span class=\"tojvnm2t a6sixzi8 abs2jz4q a8s20v7p t1p8iaqh k5wvi7nf q3lfd5jv pk4s997a bipmatt0 cebpdrjk qowsmv63 owwhemhu dp1hu0rb dhp61c6y iyyx5f41\">Club Alpino Italiano organizza nel fine settimana 9-10 ottobre, in Nevegal (BL),<\/span><span class=\"tojvnm2t a6sixzi8 abs2jz4q a8s20v7p t1p8iaqh k5wvi7nf q3lfd5jv pk4s997a bipmatt0 cebpdrjk qowsmv63 owwhemhu dp1hu0rb dhp61c6y iyyx5f41\"> un corso in ambiente sui grandi carnivori. Ospite quest&#8217;anno sar\u00e0 Paolo Molinari del Progetto Lince Italia, con la partecipazione del dott. Maurizio Dal Mas della Regione Veneto e di Davide Berton, referente nazionale del Gruppo Grandi Carnivori del CAI. <\/span>Sono previste un paio di facili escursioni, una lezione frontale e una serata aperta al pubblico. Possibilit\u00e0 di pernottamento in loco, cena di sabato inclusa nella quota. Il programma \u00e8 pubblicato sul sito del CAI BL:<a href=\"https:\/\/www.caibelluno.it\/2021\/09\/14\/un-tranquillo-week-end-da-lupi-e-c-2021\/\" target=\"_blank\" rel=\"noopener\">https:\/\/www.caibelluno.it\/2021\/09\/14\/un-tranquillo-week-end-da-lupi-e-c-2021\/<\/a><br \/>\nLe iscrizioni, gi\u00e0 aperte, si ricevono online al seguente link<a href=\"https:\/\/form.jotform.com\/EscursionismoCaiBL\/WeLupiBL2021\" target=\"_blank\" rel=\"noopener\"> https:\/\/form.jotform.com\/EscursionismoCaiBL\/WeLupiBL2021\u00a0<\/a><\/p>\n<p>&nbsp;<\/p>\n<p>&nbsp;<\/p>\n<hr \/>\n<p>&nbsp;<\/p>\n<blockquote>\n<h3>&#8220;&#8230;PER NON PERDERE IL FILO&#8221; A VILLA PATT DI SEDICO<\/h3>\n<\/blockquote>\n<p><strong>SEDICO <\/strong>Dopo il successo della manifestazione Viva Vittoria alle tre Cime di Lavaredo organizzata da Dolomitike e\u00a0 l\u2019Associazione\u00a0 UP-I sogni fuori dal cassetto, l\u2019Associazione\u00a0 Gocce di Sole APS di Belluno, partner dell\u2019iniziativa, replica con un ricco appuntamento presso Villa Patt di Sedico domenica 3 ottobre 2021 con l&#8217;intento di promuovere la sensibilizzazione sul tema della violenza sulle donne. La manifestazione gode del\u00a0 Patrocinio del Comune di Sedico e della Pro Loco di Sedico. Durante la giornata vi sar\u00e0 l&#8217;esposizione delle coperte Viva Vittoria Tre Cime di Lavaredo; con la possibilit\u00e0 di scegliere la propria coperta e contribuire cos\u00ec a sostenere tre progetti contro la violenza sulle donne della Provincia di Belluno quali Onda Rosa, Belluno Donna e Cooperativa Blister. Saranno inoltre presenti alla giornata altri stand informativi di altre associazioni del territorio e\u00a0 stand espositivi di creazioni artistiche fatte dalle mani e menti di donne. L&#8217;accesso contingentato ai locali di Villa Patt sar\u00e0 consentito solo con Green Pass oppure tampone nelle 48 ore precedenti. La manifestazione si svolger\u00e0 comunque, anche in caso di maltempo, nei locali interni della Villa.<\/p>\n<p>&nbsp;<\/p>\n<p>&nbsp;<\/p>\n<hr \/>\n<p>&nbsp;<\/p>\n<blockquote>\n<h3>PRESENTAZIONE OPERA COLORARE LE EMOZIONI E MOSTRA DI LUCIANO DE BARBA A LIMANA<\/h3>\n<\/blockquote>\n<p><strong>LIMANA <\/strong>Il Comune di Limana, Assessorato alla Cultura e Biblioteca, sono lieti di invitare tutta la cittadinanza alla presentazione al pubblico della scultura in legno <span style=\"color: #000000;\">COLORARE LE EMOZIONI, che lo scultore bellunese Luciano De Barba doner\u00e0 alla Biblioteca Comunale DOMANI, alle 10.30. <\/span><span style=\"color: #000000;\">P<\/span>resentazione a cura di Erminio Mazzucco con la presenza dell&#8217;autore. L&#8217;evento si svolger\u00e0 all&#8217;esterno, davanti alla nuova Biblioteca, Via Ruggero Fiabane 3, alla presenza dei bambini della scuola primaria di Limana, nel rispetto delle attuali normative anti-Covid. Con l&#8217;occasione verr\u00e0 altres\u00ec inaugurata la MOSTRA personale dello scultore, che rimarr\u00e0 esposta presso la struttura culturale fino al giorno 22 ottobre e potr\u00e0 essere visitata durante gli orari di apertura al pubblico della Biblioteca. Sar\u00e0 inoltre visitabile anche durante la giornata di domenica 17 ottobre in occasione della Festa del Miele.<\/p>\n<p>&nbsp;<\/p>\n<p>&nbsp;<\/p>\n<hr \/>\n<p>&nbsp;<\/p>\n<blockquote>\n<h3>UN INCONTRO SUL COVID ALL&#8217;ISTITUTO LEONARDO DA VINCI DI BELLUNO<\/h3>\n<\/blockquote>\n<p><strong>BELLUNO<\/strong> Si terr\u00e0 sabato 9 ottobre con inizio alle ore 18.00 nell&#8217;Aula Magna dell\u2019Istituto \u201cLeonardo Da Vinci l&#8217;incontro dal titolo \u201dCovid, etica, medicina, diritto: quali interrogativi per oggi e domani?\u201d, che vedr\u00e0 l&#8217;intervento del professor Francesco Maria Avato, docente emerito di Medicina Legale presso l\u2019Universit\u00e0 degli Studi di Ferrara. A moderare la discussione saranno il dottor Renzo Barbazza, presidente dell&#8217;Associazione Pig&amp;Menti organizzatrice dell&#8217;evento e gi\u00e0 primario di Anatomia e Istologia Patologia e Citopatologia negli ospedali di Mirano e Feltre, e il dottor Paolo Jus, presidente dell&#8217;Accademia Medico Giuridica delle Venezie. Viste le attuali normative, sono disponibili solamente 40 posti ed \u00e8 necessario prenotare inviando una mail a <a href=\"mailto:pig&amp;mentiaps@gmail.com\" target=\"_blank\" rel=\"noopener noreferrer\">pig&amp;mentiaps@gmail.com<\/a> o telefonando al 333\/1324592. L&#8217;ingresso \u00e8 gratuito ed \u00e8 richiesta l&#8217;esibizione del Green Pass.<\/p>\n<p>&nbsp;<\/p>\n<p>&nbsp;<\/p>\n<hr \/>\n<p>&nbsp;<\/p>\n<h1><span style=\"color: #ff0000;\">IERI ALLA RADIO<\/span><\/h1>\n<h2><strong><a href=\"https:\/\/www.radiopiu.net\/wordpress\/fabrizio-pescosta-agriturismo-piccola-baita\/piccola-baita-falcade\/\" rel=\"attachment wp-att-140191\"><img loading=\"lazy\" decoding=\"async\" class=\"size-medium wp-image-140191 alignleft\" src=\"https:\/\/www.radiopiu.net\/wordpress\/wp-content\/uploads\/2020\/05\/PICCOLA-BAITA-FALCADE-300x169.jpg\" alt=\"\" width=\"300\" height=\"169\" srcset=\"https:\/\/www.radiopiu.net\/wordpress\/wp-content\/uploads\/2020\/05\/PICCOLA-BAITA-FALCADE-300x169.jpg 300w, https:\/\/www.radiopiu.net\/wordpress\/wp-content\/uploads\/2020\/05\/PICCOLA-BAITA-FALCADE-1024x576.jpg 1024w, https:\/\/www.radiopiu.net\/wordpress\/wp-content\/uploads\/2020\/05\/PICCOLA-BAITA-FALCADE-768x432.jpg 768w, https:\/\/www.radiopiu.net\/wordpress\/wp-content\/uploads\/2020\/05\/PICCOLA-BAITA-FALCADE-1536x864.jpg 1536w, https:\/\/www.radiopiu.net\/wordpress\/wp-content\/uploads\/2020\/05\/PICCOLA-BAITA-FALCADE.jpg 2048w\" sizes=\"auto, (max-width: 300px) 100vw, 300px\" \/><\/a><span style=\"color: #3366ff;\">DALL&#8217;AGRITURISMO PICCOLA BAITA IL PUNTO SULLA STAGIONE ESTIVA MA NON SOLO<\/span><\/strong><\/h2>\n<p><strong>di Claudio Fontanive<\/strong><\/p>\n<p>OSPITE: Fabrizio Pescosta<\/p>\n<audio class=\"wp-audio-shortcode\" id=\"audio-234503-5\" preload=\"none\" style=\"width: 100%;\" controls=\"controls\"><source type=\"audio\/mpeg\" src=\"https:\/\/www.radiopiu.net\/wordpress\/wp-content\/uploads\/2021\/09\/fabrizio-pescosta-coldiretti-30-settembre.mp3?_=5\" \/><a href=\"https:\/\/www.radiopiu.net\/wordpress\/wp-content\/uploads\/2021\/09\/fabrizio-pescosta-coldiretti-30-settembre.mp3\">https:\/\/www.radiopiu.net\/wordpress\/wp-content\/uploads\/2021\/09\/fabrizio-pescosta-coldiretti-30-settembre.mp3<\/a><\/audio>\n<p>&nbsp;<\/p>\n<p>&nbsp;<\/p>\n<p>&nbsp;<\/p>\n<p>&nbsp;<\/p>\n<hr \/>\n<p>&nbsp;<\/p>\n<h2><strong><a href=\"https:\/\/www.radiopiu.net\/wordpress\/giornale-radiopiu-06-febbraio-2019-direttore-mirko-mezzacasa\/logo_spi-cgil-800x445\/\" rel=\"attachment wp-att-75538\"><img loading=\"lazy\" decoding=\"async\" class=\"size-medium wp-image-75538 alignleft\" src=\"https:\/\/www.radiopiu.net\/wordpress\/wp-content\/uploads\/2019\/02\/Logo_Spi-CGIL-800x445-300x167.jpg\" alt=\"\" width=\"300\" height=\"167\" srcset=\"https:\/\/www.radiopiu.net\/wordpress\/wp-content\/uploads\/2019\/02\/Logo_Spi-CGIL-800x445-300x167.jpg 300w, https:\/\/www.radiopiu.net\/wordpress\/wp-content\/uploads\/2019\/02\/Logo_Spi-CGIL-800x445-768x427.jpg 768w, https:\/\/www.radiopiu.net\/wordpress\/wp-content\/uploads\/2019\/02\/Logo_Spi-CGIL-800x445.jpg 800w\" sizes=\"auto, (max-width: 300px) 100vw, 300px\" \/><\/a><span style=\"color: #ff0000;\">SPECIALE SPI CGIL &#8211; 30 SETTEMBRE 2021<\/span><\/strong><\/h2>\n<p><strong>di Claudio Fontanive<\/strong><\/p>\n<p>OSPITE: Maria Rita Gentilin<\/p>\n<audio class=\"wp-audio-shortcode\" id=\"audio-234503-6\" preload=\"none\" style=\"width: 100%;\" controls=\"controls\"><source type=\"audio\/mpeg\" src=\"https:\/\/www.radiopiu.net\/wordpress\/wp-content\/uploads\/2021\/09\/spi-cgil-30-settembre.mp3?_=6\" \/><a href=\"https:\/\/www.radiopiu.net\/wordpress\/wp-content\/uploads\/2021\/09\/spi-cgil-30-settembre.mp3\">https:\/\/www.radiopiu.net\/wordpress\/wp-content\/uploads\/2021\/09\/spi-cgil-30-settembre.mp3<\/a><\/audio>\n<p>&nbsp;<\/p>\n<p>&nbsp;<\/p>\n<p>&nbsp;<\/p>\n<hr \/>\n<p>&nbsp;<\/p>\n<div>\n<div class=\"b654a4as d2edcug0\">\n<div class=\"rq0escxv hkbzh7o3 jwdofwj8 n8tt0mok r8blr3vg hyh9befq\">\n<p><a class=\"dt-pswp-item\" href=\"https:\/\/www.radiopiu.net\/wordpress\/wp-content\/uploads\/2020\/10\/pp.jpg\" data-dt-img-description=\"\" data-large_image_width=\"640\" data-large_image_height=\"640\"><img loading=\"lazy\" decoding=\"async\" class=\"wp-image-163678 alignleft\" src=\"https:\/\/www.radiopiu.net\/wordpress\/wp-content\/uploads\/2020\/10\/pp-300x300.jpg\" alt=\"\" width=\"106\" height=\"106\" srcset=\"https:\/\/www.radiopiu.net\/wordpress\/wp-content\/uploads\/2020\/10\/pp-300x300.jpg 300w, https:\/\/www.radiopiu.net\/wordpress\/wp-content\/uploads\/2020\/10\/pp-150x150.jpg 150w, https:\/\/www.radiopiu.net\/wordpress\/wp-content\/uploads\/2020\/10\/pp-125x125.jpg 125w, https:\/\/www.radiopiu.net\/wordpress\/wp-content\/uploads\/2020\/10\/pp-200x200.jpg 200w, https:\/\/www.radiopiu.net\/wordpress\/wp-content\/uploads\/2020\/10\/pp-80x80.jpg 80w, https:\/\/www.radiopiu.net\/wordpress\/wp-content\/uploads\/2020\/10\/pp-480x480.jpg 480w, https:\/\/www.radiopiu.net\/wordpress\/wp-content\/uploads\/2020\/10\/pp.jpg 640w\" sizes=\"auto, (max-width: 106px) 100vw, 106px\" \/><\/a><\/p>\n<\/div>\n<\/div>\n<\/div>\n<div>\n<div class=\"page-title-head hgroup\">\n<div class=\"page-title-head hgroup\">\n<div class=\"b654a4as d2edcug0\">\n<div class=\"j83agx80 btwxx1t3 lhclo0ds hop8lmos nkwizq5d scwd0bx6 roh60bw9\">\n<div class=\"rq0escxv hkbzh7o3 jwdofwj8 n8tt0mok r8blr3vg hyh9befq\">\n<div class=\"do00u71z l9j0dhe7 k4urcfbm\">\n<h2><span style=\"color: #000080;\">DON CESARE, IL PENSIERO DEL GIORNO. ALLA RADIO ALLE 7 DEL MATTINO E ALLE 19.30 DELLA SERA.\u00a0\u00a0<\/span><\/h2>\n<p>&nbsp;<\/p>\n<p>&nbsp;<\/p>\n<audio class=\"wp-audio-shortcode\" id=\"audio-234503-7\" preload=\"none\" style=\"width: 100%;\" controls=\"controls\"><source type=\"audio\/mpeg\" src=\"https:\/\/www.radiopiu.net\/wordpress\/wp-content\/uploads\/2021\/09\/CESARE-15.mp3?_=7\" \/><a href=\"https:\/\/www.radiopiu.net\/wordpress\/wp-content\/uploads\/2021\/09\/CESARE-15.mp3\">https:\/\/www.radiopiu.net\/wordpress\/wp-content\/uploads\/2021\/09\/CESARE-15.mp3<\/a><\/audio>\n<p>&nbsp;<\/p>\n<hr \/>\n<p>&nbsp;<\/p>\n<p>&nbsp;<\/p>\n<blockquote>\n<h3>APPROVATA IN NEVEGAL DALL\u2019ASSEMBLEA SINODALE CARTA D\u2019INTENTI PER COLLABORARE TRA PARROCCHIE<\/h3>\n<\/blockquote>\n<p><strong>di RENATO BONA\u00a0<\/strong><\/p>\n<p>Nel santuario Maria Immacolata Nostra Signora di Lourdes, al Col Nevegal di Belluno, si \u00e8 svolta l\u2019annunciata assemblea sinodale diocesana, con lavori presieduti dal vescovo di Belluno-Feltre monsignor Renato Marangoni. Importante la decisione di dotare la Diocesi di una \u201cCarte d\u2019intenti\u201d col fine di procedere nel cammino di una sempre maggiore collaborazione tra le parrocchie. Lo scrive Carlo Arrigoni, direttore del settimanale diocesano \u201cL\u2019Amico del Popolo\u201d in un ampio servizio postato sul sito telematico \u201cchiesabellunofeltre\u201d. C\u2019\u00e8 di pi\u00f9: il Vescovo Marangoni ha proposto di affidare la \u201cCarta\u201d anche ai giovani \u201cinterrogandoli\u201d sulla prospettiva di collaborazione: \u201cin vista della giornata mondiale dei giovani a livello diocesano del 21 novembre, potremo fare un passaggio anche con loro\u201d. L\u2019assemblea, con la partecipazione di oltre un centinaio di rappresentanti delle varie realt\u00e0 territoriali di Belluno-Feltre, si era aperta con la preghiera preparata e guidata dalle Discepole del Vangelo di Arabba cui \u00e8 seguita una riflessione di don Carlo Broccardo (dal sito beweb.chiesacattolica.it: presbitero della Diocesi di Padova; ordinato sacerdote nel 1997, nel 2001 ottiene la licenza in S. Scrittura presso il Pontificio Istituto Biblico in Roma, dove nel 2005 consegue il dottorato nella stessa materia. Attualmente insegna Introduzione alla Sacra Scrittura all\u2019Istituto superiore di scienze religiose di Padova, Vangeli sinottici e Atti degli Apostoli al ciclo istituzionale della Facolt\u00e0 Teologica del Triveneto sede di Padova. \u00c8 vicepreside della Facolt\u00e0 Teologica del Triveneto per il quadriennio 2019-2023.) il quale, commentando passi degli \u201cAtti degli Apostoli\u201d ha evidenziato che con la presenza dello Spirito Santo anche la dimensione comunitaria \u00e8 parte costitutiva della Chiesa fin dal suo inizio\u201d. Aggiungendo, fra l\u2019altro, che l\u2019annuncio del Vangelo avviene tramite gli apostoli ma anche tramite la comunit\u00e0 unita e dagli Atti appare chiaro che la distruzione dell\u2019unit\u00e0 \u00e8 opera di satana perch\u00e9 blocca il progetto di Ges\u00f9. Naturalmente, ci sar\u00e0 sempre anche chi non capir\u00e0, chi prender\u00e0 in giro i cristiani (come nella Pentecoste \u00e8 stato scambiato per ubriachezza il dono dello Spirito): un dato di fatto da accettare, perch\u00e9 fin dall\u2019inizio \u00e8 stato cos\u00ec e questo non deve impedire di lavorare\u201d. Dal canto suo il vescovo di Belluno-Feltre ha proposto all\u2019attenzione dell\u2019assemblea quattro sottolineature a partire dalla fiducia di essere custoditi da Dio, che Arrigoni ha cos\u00ec riportato nel sito: \u201cIncontrandoci e condividendo, ci ricordiamo che non siamo abbandonati ma sostenuti e presi a cuore. Ogni persona \u00e8 una cifra di Dio e della sua cura. In ognuno Dio si espone per custodirci. Se siamo qui non siamo dei delusi della vita perch\u00e9 portiamo in noi la promessa che chiamiamo Vangelo, Abitiamo con passione questa terra a motivo del Vangelo. Non \u00e8 andata male la nostra vita, ma \u00e8 qui, aperta\u2026 siamo stati presi dentro il Vangelo. Il fatto che Ges\u00f9 non ci chiami pi\u00f9 servi ma amici cambia tutto per noi e aiuta a capire la Chiesa che non \u00e8 una sovrastruttura o una legge. All\u2019origine vi \u00e8 la parola di Ges\u00f9 (\u2018vi ho chiamati amici\u2019) che sovverte le nostre meschine recriminazioni, le nostre gelosie all\u2019ombra dei nostri campanili. Pur tra mille incongruenze e contraddizioni, nella Chiesa c\u2019\u00e8 sempre un sogno che la pone in uscita, che la proietta oltre. Per noi oggi \u00e8 il sogno di una Chiesa solidale. Ce lo ha messo Lui questo sogno. E\u2019 il Vangelo, Chiedo a tutti di non spazzare via questo sogno, ma di cercare di capire dove ci sta portando, di portarlo nella fatica della quotidianit\u00e0 pastorale, non buttandola via ma ripensandola\u201d. Il presule ha concluso sottolineando che \u201cUna Chiesa pi\u00f9 sinodale \u00e8 sogno e lievito anche per la nostra Chiesa di Belluno-Feltre. Siamo qui per incoraggiarci che vale la pena costruire per la causa del Vangelo. Grazie del vostro esserci\u201d. La prima fase dei lavori dell\u2019assemblea sinodale si \u00e8 conclusa al mattino con la presentazione in particolare di alcuni punti della \u201cCarta d\u2019intenti\u201d che \u00e8 lo strumento per sostenere un migliore collaborazione tra le parrocchie. Che passa per due priorit\u00e0 pastorali: coinvolgere le persone in modo attivo, partendo dall\u2019ascolto delle loro esigenze, in particolare quelle di adolescenti, giovani e famiglie in una pastorale che presti attenzione particolare che dovr\u00e0 essere generazione alla fede cristiana e non solo preparazione ai sacramenti. La \u201cCarta\u201d propone di \u201cprogettare insieme\u201d puntando all\u2019istituzione dei Consigli pastorali parrocchiali unitari che aiutano le comunit\u00e0 a camminare insieme; favorire il cammino di gruppo nei mandati di ministero e gli incontri periodici dei sacerdoti per sostenere fraternit\u00e0 e sinodalit\u00e0. Dopo i lavori di gruppo, nel santuario del Nevegal ogni delegato ha potuto manifestare la sua opinione sul futuro di collaborazione che attende le parrocchie e dare l\u2019assenso alla Carta d\u2019intenti che monsignor Renato Marangoni, concludendo, ha voluto indicare come \u201cun riferimento che d\u00e0 degli orientamenti per aumentare e migliorare la collaborazione tra le parrocchie: come verranno attuati dipender\u00e0 dalla responsabilit\u00e0 di tutte le varie parti della Chiesa\u201d. Perch\u00e9 \u201ctutti sono protagonisti, nessuno pu\u00f2 essere considerato semplice comparsa. Continuiamo su questa strada cercando di mettere insieme la fede e la vita di tutti\u201d.<\/p>\n\n\t\t\t<style type='text\/css'>\n\t\t\t\t#gallery-7 {\n\t\t\t\t\tmargin: auto;\n\t\t\t\t}\n\t\t\t\t#gallery-7 .gallery-item {\n\t\t\t\t\tfloat: left;\n\t\t\t\t\tmargin-top: 10px;\n\t\t\t\t\ttext-align: center;\n\t\t\t\t\twidth: 25%;\n\t\t\t\t}\n\t\t\t\t#gallery-7 img {\n\t\t\t\t\tborder: 2px solid #cfcfcf;\n\t\t\t\t}\n\t\t\t\t#gallery-7 .gallery-caption {\n\t\t\t\t\tmargin-left: 0;\n\t\t\t\t}\n\t\t\t\t\/* see gallery_shortcode() in wp-includes\/media.php *\/\n\t\t\t<\/style>\n\t\t<div id='gallery-7' class='dt-gallery-container gallery galleryid-234503 gallery-columns-4 gallery-size-thumbnail'><dl class='gallery-item'>\n\t\t\t\t<dt class='gallery-icon landscape'>\n\t\t\t\t\t<a class=\"rollover rollover-zoom dt-pswp-item\" title=\"243824041_228585732630014_8333862144184643368_n\" data-dt-img-description=\"\" data-large_image_width=\"366\" data-large_image_height=\"206\"href='https:\/\/www.radiopiu.net\/wordpress\/wp-content\/uploads\/2021\/09\/243824041_228585732630014_8333862144184643368_n.jpg'><img loading=\"lazy\" decoding=\"async\" width=\"150\" height=\"150\" src=\"https:\/\/www.radiopiu.net\/wordpress\/wp-content\/uploads\/2021\/09\/243824041_228585732630014_8333862144184643368_n-150x150.jpg\" class=\"attachment-thumbnail size-thumbnail\" alt=\"\" \/><\/a>\n\t\t\t\t<\/dt><\/dl><dl class='gallery-item'>\n\t\t\t\t<dt class='gallery-icon landscape'>\n\t\t\t\t\t<a class=\"rollover rollover-zoom dt-pswp-item\" title=\"243547600_148581347412112_5668741493698086291_n\" data-dt-img-description=\"\" data-large_image_width=\"962\" data-large_image_height=\"206\"href='https:\/\/www.radiopiu.net\/wordpress\/wp-content\/uploads\/2021\/09\/243547600_148581347412112_5668741493698086291_n.jpg'><img loading=\"lazy\" decoding=\"async\" width=\"150\" height=\"150\" src=\"https:\/\/www.radiopiu.net\/wordpress\/wp-content\/uploads\/2021\/09\/243547600_148581347412112_5668741493698086291_n-150x150.jpg\" class=\"attachment-thumbnail size-thumbnail\" alt=\"\" \/><\/a>\n\t\t\t\t<\/dt><\/dl><dl class='gallery-item'>\n\t\t\t\t<dt class='gallery-icon landscape'>\n\t\t\t\t\t<a class=\"rollover rollover-zoom dt-pswp-item\" title=\"119458991_450798252556065_2820044017332741359_n\" data-dt-img-description=\"\" data-large_image_width=\"275\" data-large_image_height=\"206\"href='https:\/\/www.radiopiu.net\/wordpress\/wp-content\/uploads\/2021\/09\/119458991_450798252556065_2820044017332741359_n-1.jpg'><img loading=\"lazy\" decoding=\"async\" width=\"150\" height=\"150\" src=\"https:\/\/www.radiopiu.net\/wordpress\/wp-content\/uploads\/2021\/09\/119458991_450798252556065_2820044017332741359_n-1-150x150.jpg\" class=\"attachment-thumbnail size-thumbnail\" alt=\"\" \/><\/a>\n\t\t\t\t<\/dt><\/dl><dl class='gallery-item'>\n\t\t\t\t<dt class='gallery-icon landscape'>\n\t\t\t\t\t<a class=\"rollover rollover-zoom dt-pswp-item\" title=\"243742665_1004837136916754_5735272394385086584_n\" data-dt-img-description=\"\" data-large_image_width=\"366\" data-large_image_height=\"206\"href='https:\/\/www.radiopiu.net\/wordpress\/wp-content\/uploads\/2021\/09\/243742665_1004837136916754_5735272394385086584_n.jpg'><img loading=\"lazy\" decoding=\"async\" width=\"150\" height=\"150\" src=\"https:\/\/www.radiopiu.net\/wordpress\/wp-content\/uploads\/2021\/09\/243742665_1004837136916754_5735272394385086584_n-150x150.jpg\" class=\"attachment-thumbnail size-thumbnail\" alt=\"\" \/><\/a>\n\t\t\t\t<\/dt><\/dl><br style=\"clear: both\" \/><dl class='gallery-item'>\n\t\t\t\t<dt class='gallery-icon landscape'>\n\t\t\t\t\t<a class=\"rollover rollover-zoom dt-pswp-item\" title=\"243387893_910279912962196_5143832638018954963_n\" data-dt-img-description=\"\" data-large_image_width=\"366\" data-large_image_height=\"206\"href='https:\/\/www.radiopiu.net\/wordpress\/wp-content\/uploads\/2021\/09\/243387893_910279912962196_5143832638018954963_n.jpg'><img loading=\"lazy\" decoding=\"async\" width=\"150\" height=\"150\" src=\"https:\/\/www.radiopiu.net\/wordpress\/wp-content\/uploads\/2021\/09\/243387893_910279912962196_5143832638018954963_n-150x150.jpg\" class=\"attachment-thumbnail size-thumbnail\" alt=\"\" \/><\/a>\n\t\t\t\t<\/dt><\/dl><dl class='gallery-item'>\n\t\t\t\t<dt class='gallery-icon landscape'>\n\t\t\t\t\t<a class=\"rollover rollover-zoom dt-pswp-item\" title=\"243568675_228393915934887_6188824944485561906_n\" data-dt-img-description=\"\" data-large_image_width=\"220\" data-large_image_height=\"206\"href='https:\/\/www.radiopiu.net\/wordpress\/wp-content\/uploads\/2021\/09\/243568675_228393915934887_6188824944485561906_n.jpg'><img loading=\"lazy\" decoding=\"async\" width=\"150\" height=\"150\" src=\"https:\/\/www.radiopiu.net\/wordpress\/wp-content\/uploads\/2021\/09\/243568675_228393915934887_6188824944485561906_n-150x150.jpg\" class=\"attachment-thumbnail size-thumbnail\" alt=\"\" \/><\/a>\n\t\t\t\t<\/dt><\/dl><dl class='gallery-item'>\n\t\t\t\t<dt class='gallery-icon landscape'>\n\t\t\t\t\t<a class=\"rollover rollover-zoom dt-pswp-item\" title=\"243674581_416850380003390_3856935562779875731_n\" data-dt-img-description=\"\" data-large_image_width=\"280\" data-large_image_height=\"205\"href='https:\/\/www.radiopiu.net\/wordpress\/wp-content\/uploads\/2021\/09\/243674581_416850380003390_3856935562779875731_n.jpg'><img loading=\"lazy\" decoding=\"async\" width=\"150\" height=\"150\" src=\"https:\/\/www.radiopiu.net\/wordpress\/wp-content\/uploads\/2021\/09\/243674581_416850380003390_3856935562779875731_n-150x150.jpg\" class=\"attachment-thumbnail size-thumbnail\" alt=\"\" \/><\/a>\n\t\t\t\t<\/dt><\/dl><dl class='gallery-item'>\n\t\t\t\t<dt class='gallery-icon landscape'>\n\t\t\t\t\t<a class=\"rollover rollover-zoom dt-pswp-item\" title=\"243484633_471672917187009_2263027918914652579_n\" data-dt-img-description=\"\" data-large_image_width=\"150\" data-large_image_height=\"150\"href='https:\/\/www.radiopiu.net\/wordpress\/wp-content\/uploads\/2021\/09\/243484633_471672917187009_2263027918914652579_n.jpg'><img loading=\"lazy\" decoding=\"async\" width=\"150\" height=\"150\" src=\"https:\/\/www.radiopiu.net\/wordpress\/wp-content\/uploads\/2021\/09\/243484633_471672917187009_2263027918914652579_n.jpg\" class=\"attachment-thumbnail size-thumbnail\" alt=\"\" \/><\/a>\n\t\t\t\t<\/dt><\/dl><br style=\"clear: both\" \/>\n\t\t\t<\/div>\n\n<p>NELLE FOTO (sito chiesabellunofeltre): Panoramica ed interno del santuario del Nevegal; foto di gruppo al termine dei lavori dell\u2019assemblea sinodale; il vescovo di Belluno-Feltre monsignor Renato Marangoni; il dott. don Carlo Broccardo che ha parlato sugli \u201cAtti degli Apostoli); fra i tanti, intervento di Carlo Criveler; altri momenti dell\u2019assemblea.<\/p>\n<p>&nbsp;<\/p>\n<p>&nbsp;<\/p>\n<p>&nbsp;<\/p>\n<hr \/>\n<p>&nbsp;<\/p>\n<div>\n<div>\n<h3 class=\"kvgmc6g5 cxmmr5t8 oygrvhab hcukyx3x c1et5uql\"><span style=\"color: #0000ff;\">INFORMAZIONE il canale su TELEGRAM informazione di prima mano e in tempo reale. iscriviti ed aiutaci a farlo conoscere\u00a0\u00a0<\/span><\/h3>\n<\/div>\n<div>\n<div class=\"page-title-head hgroup\">\n<div class=\"page-title-head hgroup\">\n<div class=\"page-title-head hgroup\">\n<div class=\"page-title-head hgroup\">\n<div class=\"page-title-head hgroup\">\n<p><strong>LA RASSEGNA STAMPA DA L&#8217;AMICO DEL POPOLO ALLA RADIO IL SABATO ALLE 10.30 E ALLE 19, LA DOMENICA ALLE 12.30<\/strong><\/p>\n<p><strong>LA RACCOLTA COMPLETA<\/strong><\/p>\n<\/div>\n<\/div>\n<\/div>\n<\/div>\n<\/div>\n<\/div>\n<div>\n<div class=\"page-title-head hgroup\">\n<div class=\"page-title-head hgroup\">\n<div class=\"page-title-head hgroup\">\n<div class=\"page-title-head hgroup\">\n<div class=\"b654a4as d2edcug0\">\n<div class=\"page-title-head hgroup\">\n<div class=\"page-title-head hgroup\">\n<div class=\"page-title-head hgroup\">\n<div class=\"page-title-head hgroup\">\n<div class=\"b654a4as d2edcug0\">\n<div>\n<blockquote class=\"wp-embedded-content\" data-secret=\"JWbbpwtYTI\"><p><a href=\"https:\/\/www.radiopiu.net\/wordpress\/rassegna-stampa-di-gianni-santomaso\/\">Rassegna stampa da l&#8217;amico del popolo &#8211; di Gianni Santomaso<\/a><\/p><\/blockquote>\n<p><iframe loading=\"lazy\" class=\"wp-embedded-content\" sandbox=\"allow-scripts\" security=\"restricted\" style=\"position: absolute; clip: rect(1px, 1px, 1px, 1px);\" title=\"&#8220;Rassegna stampa da l&#8217;amico del popolo &#8211; di Gianni Santomaso&#8221; &#8212; Radio Pi\u00f9\" src=\"https:\/\/www.radiopiu.net\/wordpress\/rassegna-stampa-di-gianni-santomaso\/embed\/#?secret=JWbbpwtYTI\" data-secret=\"JWbbpwtYTI\" width=\"600\" height=\"338\" frameborder=\"0\" marginwidth=\"0\" marginheight=\"0\" scrolling=\"no\"><\/iframe><\/p>\n<p>&nbsp;<\/p>\n<p>&nbsp;<\/p>\n<\/div>\n<div>\n<div class=\"page-title-head hgroup\">\n<div class=\"page-title-head hgroup\">\n<div class=\"page-title-head hgroup\">\n<div>\n<div class=\"b654a4as d2edcug0\">\n<div class=\"rq0escxv hkbzh7o3 jwdofwj8 n8tt0mok r8blr3vg hyh9befq\">\n<hr \/>\n<\/div>\n<\/div>\n<\/div>\n<div>\n<div class=\"page-title-head hgroup\">\n<div class=\"page-title-head hgroup\">\n<div class=\"b654a4as d2edcug0\">\n<p><strong>\u00a0<\/strong><\/p>\n<p><strong>\u00a0L&#8217;ALMANACCO LADINO ALLA RADIO OGNI 15 GIORNI\u00a0 IL LUNEDI 8.30 MARTEDI 13.30 MERCOLEDI 1830 E DOMENICA ALLE 9<\/strong><\/p>\n<p><strong>RACCOLTA COMPLETA\u00a0 \u00a0<\/strong><\/p>\n<blockquote class=\"wp-embedded-content\" data-secret=\"QHE2Mqx3nS\"><p><a href=\"https:\/\/www.radiopiu.net\/wordpress\/almanacco-ladino\/\">Almanacco Ladino<\/a><\/p><\/blockquote>\n<p><iframe loading=\"lazy\" class=\"wp-embedded-content\" sandbox=\"allow-scripts\" security=\"restricted\" style=\"position: absolute; clip: rect(1px, 1px, 1px, 1px);\" title=\"&#8220;Almanacco Ladino&#8221; &#8212; Radio Pi\u00f9\" src=\"https:\/\/www.radiopiu.net\/wordpress\/almanacco-ladino\/embed\/#?secret=QHE2Mqx3nS\" data-secret=\"QHE2Mqx3nS\" width=\"600\" height=\"338\" frameborder=\"0\" marginwidth=\"0\" marginheight=\"0\" scrolling=\"no\"><\/iframe><\/p>\n<\/div>\n<div>\n<p>&nbsp;<\/p>\n<hr \/>\n<p><strong>\u00a0\u00a0<\/strong><\/p>\n<p><strong>DUE MINUTI UN LIBRO, TUTTI I GIORNI ALLA RADIO ALLE 9.40 E ALLE 17.50<\/strong><\/p>\n<p><strong>LA RACCOLTA COMPLETA\u00a0\u00a0<\/strong><\/p>\n<\/div>\n<div>\n<blockquote class=\"wp-embedded-content\" data-secret=\"1W418ONpyr\"><p><a href=\"https:\/\/www.radiopiu.net\/wordpress\/due-minuti-un-libro\/\">Due minuti un libro<\/a><\/p><\/blockquote>\n<p><iframe loading=\"lazy\" class=\"wp-embedded-content\" sandbox=\"allow-scripts\" security=\"restricted\" style=\"position: absolute; clip: rect(1px, 1px, 1px, 1px);\" title=\"&#8220;Due minuti un libro&#8221; &#8212; Radio Pi\u00f9\" src=\"https:\/\/www.radiopiu.net\/wordpress\/due-minuti-un-libro\/embed\/#?secret=1W418ONpyr\" data-secret=\"1W418ONpyr\" width=\"600\" height=\"338\" frameborder=\"0\" marginwidth=\"0\" marginheight=\"0\" scrolling=\"no\"><\/iframe><\/p>\n<p>&nbsp;<\/p>\n<hr \/>\n<p>&nbsp;<\/p>\n<p><strong>IL LUNEDI ALLE 13 E ALLE 20, LA DOMENICA ALLE 10.30: SALUTE E SOCIETA&#8217; CON IL DOTTOR MARCO CARACCIOLO<\/strong><\/p>\n<blockquote>\n<h3>LA RACCOLTA COMPLETA<\/h3>\n<blockquote class=\"wp-embedded-content\" data-secret=\"RNS7KsIH40\"><p><a href=\"https:\/\/www.radiopiu.net\/wordpress\/saluteesocieta\/\">Salute e Societ\u00e0<\/a><\/p><\/blockquote>\n<p><iframe loading=\"lazy\" class=\"wp-embedded-content\" sandbox=\"allow-scripts\" security=\"restricted\" style=\"position: absolute; clip: rect(1px, 1px, 1px, 1px);\" title=\"&#8220;Salute e Societ\u00e0&#8221; &#8212; Radio Pi\u00f9\" src=\"https:\/\/www.radiopiu.net\/wordpress\/saluteesocieta\/embed\/#?secret=RNS7KsIH40\" data-secret=\"RNS7KsIH40\" width=\"600\" height=\"338\" frameborder=\"0\" marginwidth=\"0\" marginheight=\"0\" scrolling=\"no\"><\/iframe><\/p>\n<p>&nbsp;<\/p><\/blockquote>\n<hr \/>\n<p>&nbsp;<\/p>\n<p>&nbsp;<\/p>\n<p><strong>I RACCONTI DI PAOLO SOPPELSA, ALLA RADIO IL LUNEDI ALLE 9.30 E ALLE 18.30\u00a0<\/strong><\/p>\n<p>&nbsp;<\/p>\n<blockquote class=\"wp-embedded-content\" data-secret=\"Qdpdku18wA\"><p><a href=\"https:\/\/www.radiopiu.net\/wordpress\/i-racconti-di-paolo-soppelsa\/\">I racconti di Paolo Soppelsa<\/a><\/p><\/blockquote>\n<p><iframe loading=\"lazy\" class=\"wp-embedded-content\" sandbox=\"allow-scripts\" security=\"restricted\" style=\"position: absolute; clip: rect(1px, 1px, 1px, 1px);\" title=\"&#8220;I racconti di Paolo Soppelsa&#8221; &#8212; Radio Pi\u00f9\" src=\"https:\/\/www.radiopiu.net\/wordpress\/i-racconti-di-paolo-soppelsa\/embed\/#?secret=Qdpdku18wA\" data-secret=\"Qdpdku18wA\" width=\"600\" height=\"338\" frameborder=\"0\" marginwidth=\"0\" marginheight=\"0\" scrolling=\"no\"><\/iframe><\/p>\n<hr \/>\n<p>&nbsp;<\/p>\n<p><strong>GIROVAGANDO IN E BIKE TRA LE DOLOMITI CON THOMAS SOPPERA IL LUNEDI ALLE 9 E ALLE 18,30<\/strong><\/p>\n<blockquote class=\"wp-embedded-content\" data-secret=\"cigkhjqOXO\"><p><a href=\"https:\/\/www.radiopiu.net\/wordpress\/girovagando-in-e-bike-tra-le-dolomiti\/\">GIROVAGANDO IN E BIKE TRA LE DOLOMITI<\/a><\/p><\/blockquote>\n<p><iframe loading=\"lazy\" class=\"wp-embedded-content\" sandbox=\"allow-scripts\" security=\"restricted\" style=\"position: absolute; clip: rect(1px, 1px, 1px, 1px);\" title=\"&#8220;GIROVAGANDO IN E BIKE TRA LE DOLOMITI&#8221; &#8212; Radio Pi\u00f9\" src=\"https:\/\/www.radiopiu.net\/wordpress\/girovagando-in-e-bike-tra-le-dolomiti\/embed\/#?secret=cigkhjqOXO\" data-secret=\"cigkhjqOXO\" width=\"600\" height=\"338\" frameborder=\"0\" marginwidth=\"0\" marginheight=\"0\" scrolling=\"no\"><\/iframe><\/p>\n<p>&nbsp;<\/p>\n<p>&nbsp;<\/p>\n<\/div>\n<p>&nbsp;<\/p>\n<div class=\"mkdf-post-text\">\n<div class=\"mkdf-post-text-inner\">\n<div class=\"mkdf-post-text-main\">\n<div class=\"mkdf-post-text\">\n<div class=\"mkdf-post-text-inner\">\n<div class=\"mkdf-post-text-main\">\n<div class=\"mkdf-post-text\">\n<div class=\"mkdf-post-text-inner\">\n<div class=\"mkdf-post-text-main\">\n<div class=\"page-title-head hgroup\">\n<div class=\"page-title-head hgroup\">\n<div class=\"mkdf-post-text\">\n<div class=\"mkdf-post-text-inner\">\n<div class=\"mkdf-post-text-main\">\n<div class=\"mkdf-post-text\">\n<div class=\"mkdf-post-text-inner\">\n<div class=\"mkdf-post-text-main\">\n<div class=\"page-title-head hgroup\">\n<div class=\"page-title-head hgroup\">\n<div class=\"page-title-head hgroup\">\n<div class=\"page-title-head hgroup\">\n<div class=\"b654a4as d2edcug0\">\n<div class=\"page-title-head hgroup\">\n<div class=\"page-title-head hgroup\">\n<div class=\"page-title-head hgroup\">\n<div class=\"page-title-head hgroup\">\n<div class=\"b654a4as d2edcug0\">\n<div>\n<div class=\"page-title-head hgroup\">\n<div class=\"page-title-head hgroup\">\n<div class=\"page-title-head hgroup\">\n<div class=\"page-title-head hgroup\">\n<div class=\"b654a4as d2edcug0\">\n<div><\/div>\n<div>\n<hr \/>\n<\/div>\n<div><\/div>\n<h4><span style=\"color: #ff0000;\">MUSICA ALLA RADIO<\/span><\/h4>\n<div><a href=\"https:\/\/www.radiopiu.net\/wordpress\/giornale-radiopiu-20-settembre-2021-direttore-mirko-mezzacasa\/pp-79\/\" rel=\"attachment wp-att-232921\"><img loading=\"lazy\" decoding=\"async\" class=\"wp-image-232921 alignleft\" src=\"https:\/\/www.radiopiu.net\/wordpress\/wp-content\/uploads\/2021\/09\/pp-1-300x300.jpg\" alt=\"\" width=\"135\" height=\"135\" srcset=\"https:\/\/www.radiopiu.net\/wordpress\/wp-content\/uploads\/2021\/09\/pp-1-300x300.jpg 300w, https:\/\/www.radiopiu.net\/wordpress\/wp-content\/uploads\/2021\/09\/pp-1-150x150.jpg 150w, https:\/\/www.radiopiu.net\/wordpress\/wp-content\/uploads\/2021\/09\/pp-1.jpg 640w\" sizes=\"auto, (max-width: 135px) 100vw, 135px\" \/><\/a><\/div>\n<div><\/div>\n<div><\/div>\n<div>\n<p><strong>MUSICA ALLA RADIO, IL PROGRAMMA DI LORIS SCUSSEL &#8220;COLLAGE OPERAZIONE NOSTALGIA&#8221; DAL LUNEDI AL VENERDI ALLE 16.00\u00a0 E ALLE 23\u00a0<\/strong><\/p>\n<p><em><strong>PUNTATA 445 del 30 Settembre 2021<\/strong><\/em><\/p>\n<\/div>\n<div>\n<audio class=\"wp-audio-shortcode\" id=\"audio-234503-8\" preload=\"none\" style=\"width: 100%;\" controls=\"controls\"><source type=\"audio\/mpeg\" src=\"https:\/\/www.radiopiu.net\/wordpress\/wp-content\/uploads\/2021\/09\/Collage-444.mp3?_=8\" \/><a href=\"https:\/\/www.radiopiu.net\/wordpress\/wp-content\/uploads\/2021\/09\/Collage-444.mp3\">https:\/\/www.radiopiu.net\/wordpress\/wp-content\/uploads\/2021\/09\/Collage-444.mp3<\/a><\/audio>\n<p>&nbsp;<\/p>\n<p>&nbsp;<\/p>\n<p>&nbsp;<\/p>\n<hr \/>\n<p>&nbsp;<\/p>\n<\/div>\n<\/div>\n<\/div>\n<\/div>\n<\/div>\n<\/div>\n<\/div>\n<\/div>\n<\/div>\n<\/div>\n<\/div>\n<\/div>\n<\/div>\n<\/div>\n<\/div>\n<\/div>\n<\/div>\n<\/div>\n<\/div>\n<\/div>\n<\/div>\n<\/div>\n<\/div>\n<\/div>\n<\/div>\n<\/div>\n<\/div>\n<\/div>\n<\/div>\n<\/div>\n<\/div>\n<\/div>\n<\/div>\n<\/div>\n<\/div>\n<\/div>\n<\/div>\n<\/div>\n<\/div>\n<\/div>\n<\/div>\n<\/div>\n<\/div>\n<\/div>\n<\/div>\n<\/div>\n<\/div>\n<\/div>\n<\/div>\n<\/div>\n<\/div>\n<\/div>\n<\/div>\n<div>\n<div class=\"page-title-head hgroup\">\n<div class=\"page-title-head hgroup\">\n<div class=\"page-title-head hgroup\">\n<div class=\"page-title-head hgroup\">\n<div class=\"b654a4as d2edcug0\">\n<div class=\"page-title-head hgroup\">\n<div class=\"page-title-head hgroup\">\n<div class=\"page-title-head hgroup\">\n<div class=\"page-title-head hgroup\">\n<div class=\"b654a4as d2edcug0\">\n<div class=\"page-title-head hgroup\">\n<div class=\"page-title-head hgroup\">\n<div class=\"page-title-head hgroup\">\n<div class=\"page-title-head hgroup\">\n<div class=\"page-title-head hgroup\">\n<div class=\"mkdf-post-text\">\n<div class=\"mkdf-post-text-inner\">\n<div class=\"mkdf-post-text-main\">\n<div class=\"mkdf-post-text\">\n<div class=\"mkdf-post-text-inner\">\n<div class=\"mkdf-post-text-main\">\n<div class=\"mkdf-post-text\">\n<div class=\"mkdf-post-text-inner\">\n<div class=\"mkdf-post-text-main\">\n<div class=\"page-title-head hgroup\">\n<div class=\"page-title-head hgroup\">\n<div class=\"mkdf-post-text\">\n<div class=\"mkdf-post-text-inner\">\n<div class=\"mkdf-post-text-main\">\n<div class=\"mkdf-post-text\">\n<div class=\"mkdf-post-text-inner\">\n<div class=\"mkdf-post-text-main\">\n<div>\n<div class=\"page-title-head hgroup\">\n<div class=\"page-title-head hgroup\">\n<div>\n<div class=\"page-title-head hgroup\">\n<div class=\"page-title-head hgroup\">\n<div class=\"b654a4as d2edcug0\">\n<div>\n<div class=\"page-title-head hgroup\" style=\"text-align: left;\">\n<div class=\"page-title-head hgroup\">\n<div dir=\"auto\">\n<p><a class=\"dt-pswp-item pspw-wrap-ready\" href=\"https:\/\/i0.wp.com\/www.radiopiu.net\/wordpress\/wp-content\/uploads\/2018\/09\/WhatsApp-Image-2018-09-20-at-16.04.06.jpeg?ssl=1\" data-dt-img-description=\"\" data-large_image_width=\"800\" data-large_image_height=\"100\"><img loading=\"lazy\" decoding=\"async\" class=\"aligncenter wp-image-61378 size-full jetpack-lazy-image jetpack-lazy-image--handled\" src=\"https:\/\/i0.wp.com\/www.radiopiu.net\/wordpress\/wp-content\/uploads\/2018\/09\/WhatsApp-Image-2018-09-20-at-16.04.06.jpeg?resize=800%2C100&amp;ssl=1\" sizes=\"auto, (max-width: 800px) 100vw, 800px\" srcset=\"https:\/\/i0.wp.com\/www.radiopiu.net\/wordpress\/wp-content\/uploads\/2018\/09\/WhatsApp-Image-2018-09-20-at-16.04.06.jpeg?w=800&amp;ssl=1 800w, https:\/\/i0.wp.com\/www.radiopiu.net\/wordpress\/wp-content\/uploads\/2018\/09\/WhatsApp-Image-2018-09-20-at-16.04.06.jpeg?resize=300%2C38&amp;ssl=1 300w, https:\/\/i0.wp.com\/www.radiopiu.net\/wordpress\/wp-content\/uploads\/2018\/09\/WhatsApp-Image-2018-09-20-at-16.04.06.jpeg?resize=768%2C96&amp;ssl=1 768w\" alt=\"\" width=\"800\" height=\"100\" data-lazy-loaded=\"1\" \/><\/a><\/p>\n<\/div>\n<\/div>\n<\/div>\n<\/div>\n<\/div>\n<\/div>\n<\/div>\n<\/div>\n<\/div>\n<\/div>\n<\/div>\n<\/div>\n<\/div>\n<\/div>\n<\/div>\n<\/div>\n<\/div>\n<\/div>\n<\/div>\n<\/div>\n<\/div>\n<\/div>\n<\/div>\n<\/div>\n<\/div>\n<\/div>\n<\/div>\n<\/div>\n<\/div>\n<\/div>\n<\/div>\n<\/div>\n<\/div>\n<\/div>\n<\/div>\n<\/div>\n<\/div>\n<\/div>\n<\/div>\n<\/div>\n<\/div>\n<\/div>\n<\/div>\n<\/div>\n<p>&nbsp;<\/p>\n<p><center><b>Venerdi 1<\/b><\/center><b>Tempo atteso: <\/b>Cielo in prevalenza poco nuvoloso, con ampi spazi di sereno ma anche presenza di stratocumuli sparsi o locali cumuli pomeridiani.<br \/>\n<b>Precipitazioni: <\/b>Assenti (0%).<br \/>\n<b>Temperature: <\/b>Minime in calo nelle valli e stazionarie o in lieve aumento ad alta quota, massime in ripresa soprattutto in quota, con punte di 21-23 \u00b0C nei fondovalle prealpini e di 16-18 \u00b0C a 1000-1200 m; minime e massime in libera atmosfera sulle Prealpi 6\/10 \u00b0C a 1500 m e 4\/6 \u00b0C a 2000 m, sulle Dolomiti 3\/9 \u00b0C a 2000 me 0\/2 \u00b0C a 3000 m.<br \/>\n<b>Venti: <\/b>Nelle valli generalmente deboli con direzione variabile, in quota da deboli occidentali a moderati sud-occidentali; intensit\u00e0 indicative 5-10 km\/h a 2000 m, 5-15 km\/h a 3000 m.<\/p>\n<hr \/>\n<p><center><b>Sabato 2<\/b><\/center><b>Tempo atteso: <\/b>Cielo parzialmente nuvoloso con spazi di sereno, passaggio di nubi alte e formazione di locali stratocumuli nelle ore pi\u00f9 fresche, destinati a sollevarsi in cumuli sparsi durante quelle diurne.<br \/>\n<b>Precipitazioni: <\/b>Generalmente assenti, salvo occasionali piovaschi pomeridiani sulle Dolomiti (probabilit\u00e0 10-20%).<br \/>\n<b>Temperature: <\/b>Senza notevoli variazioni, con punte di 21-23 \u00b0C nei fondovalle prealpini e di 16-18 \u00b0C a 1000-1200 m; minime e massime in libera atmosfera sulle Prealpi 8\/11 \u00b0C a 1500 m e 5\/7 \u00b0C a 2000 m, sulle Dolomiti 4\/8 \u00b0C a 2000 m e -1\/1 \u00b0C a 3000 m.<br \/>\n<b>Venti: <\/b>Nelle valli perlopi\u00f9 deboli di direzione variabile, ma con tendenza a locali moderati rinforzi dai quadranti meridionali; in quota da moderati a localmente tesi, sud-occidentali; intensit\u00e0 indicative 5-15 km\/h a 2000 m, 10-30 km\/h a 3000 m.<\/p>\n<hr \/>\n<p><center><b>Domenica 3<\/b><\/center>Nuvolosit\u00e0 dapprima irregolare e poi pi\u00f9 estesa, salvo qualche schiarita pi\u00f9 probabile in quota nelle prime ore; probabili precipitazioni sparse, generalmente deboli; temperature minime in aumento e massime pressoch\u00e8 stazionarie; soprattutto in quota, il vento subir\u00e0 un discreto rinforzo di Libeccio.<\/p>\n<hr \/>\n<p><center><b>Lunedi 4<\/b><\/center>Instabilit\u00e0, con parecchi addensamenti nuvolosi alternati a schiarite probabilmente pi\u00f9 ampie alla sera verso ovest; precipitazioni da sparse a temporaneamente diffuse, anche a carattere di rovescio o locale temporale; temperature minime in aumento e massime in leggero calo, con variazioni un po&#8217; pi\u00f9 significative nelle valli; il vento subir\u00e0 un ulteriore significativo rinforzo da sud-ovest, specie in quota fino al primo pomeriggio. Previsore: AB<\/p>\n<p>&nbsp;<\/p>\n<hr \/>\n<p>&nbsp;<\/p>\n<div class=\"mkdf-post-text\">\n<div class=\"mkdf-post-text-inner\">\n<p><a href=\"https:\/\/www.radiopiu.net\/wordpress\/giornale-radiopiu-15-settembre-2018-direttore-mirko-mezzacasa\/sport-7\/\" rel=\"attachment wp-att-60761\"><img loading=\"lazy\" decoding=\"async\" class=\"wp-image-60761 size-full aligncenter\" src=\"https:\/\/www.radiopiu.net\/wordpress\/wp-content\/uploads\/2018\/09\/sport.jpg\" alt=\"\" width=\"800\" height=\"100\" srcset=\"https:\/\/www.radiopiu.net\/wordpress\/wp-content\/uploads\/2018\/09\/sport.jpg 800w, https:\/\/www.radiopiu.net\/wordpress\/wp-content\/uploads\/2018\/09\/sport-300x38.jpg 300w, https:\/\/www.radiopiu.net\/wordpress\/wp-content\/uploads\/2018\/09\/sport-768x96.jpg 768w\" sizes=\"auto, (max-width: 800px) 100vw, 800px\" \/><\/a><\/p>\n<\/div>\n<\/div>\n<p>&nbsp;<\/p>\n<p>&nbsp;<\/p>\n<p><a class=\"dt-pswp-item\" href=\"https:\/\/www.radiopiu.net\/wordpress\/wp-content\/uploads\/2021\/09\/9e0da2a4-4f78-43ba-9282-67ddd9ba0a43.jpg\" data-dt-img-description=\"\" data-large_image_width=\"496\" data-large_image_height=\"800\"><img loading=\"lazy\" decoding=\"async\" class=\"wp-image-234298 size-full aligncenter\" src=\"https:\/\/www.radiopiu.net\/wordpress\/wp-content\/uploads\/2021\/09\/9e0da2a4-4f78-43ba-9282-67ddd9ba0a43.jpg\" alt=\"\" width=\"496\" height=\"800\" srcset=\"https:\/\/www.radiopiu.net\/wordpress\/wp-content\/uploads\/2021\/09\/9e0da2a4-4f78-43ba-9282-67ddd9ba0a43.jpg 496w, https:\/\/www.radiopiu.net\/wordpress\/wp-content\/uploads\/2021\/09\/9e0da2a4-4f78-43ba-9282-67ddd9ba0a43-186x300.jpg 186w\" sizes=\"auto, (max-width: 496px) 100vw, 496px\" \/><\/a><\/p>\n<p>&nbsp;<\/p>\n<p><span style=\"color: #0000ff;\"><strong>RALLY<\/strong>\u00a0<\/span><\/p>\n<blockquote>\n<h3>SONO 99 GLI EQUIPAGGI ISCRITTI AL SESTO RALLY DOLOMITI<\/h3>\n<\/blockquote>\n<p><strong><a href=\"https:\/\/www.radiopiu.net\/wordpress\/sono-99-gli-equipaggi-iscritti-al-sesto-rally-dolomiti\/7ebf0d9c-fdcb-44b6-b70d-ebf0b3dc0a05\/\" rel=\"attachment wp-att-234206\"><img loading=\"lazy\" decoding=\"async\" class=\"size-medium wp-image-234206 alignleft\" src=\"https:\/\/www.radiopiu.net\/wordpress\/wp-content\/uploads\/2021\/09\/7ebf0d9c-fdcb-44b6-b70d-ebf0b3dc0a05-300x195.jpg\" alt=\"\" width=\"300\" height=\"195\" srcset=\"https:\/\/www.radiopiu.net\/wordpress\/wp-content\/uploads\/2021\/09\/7ebf0d9c-fdcb-44b6-b70d-ebf0b3dc0a05-300x195.jpg 300w, https:\/\/www.radiopiu.net\/wordpress\/wp-content\/uploads\/2021\/09\/7ebf0d9c-fdcb-44b6-b70d-ebf0b3dc0a05-768x500.jpg 768w, https:\/\/www.radiopiu.net\/wordpress\/wp-content\/uploads\/2021\/09\/7ebf0d9c-fdcb-44b6-b70d-ebf0b3dc0a05.jpg 1024w\" sizes=\"auto, (max-width: 300px) 100vw, 300px\" \/><\/a>VOLTAGO<\/strong><\/p>\n<p>di Roberto Bona<\/p>\n<audio class=\"wp-audio-shortcode\" id=\"audio-234503-9\" preload=\"none\" style=\"width: 100%;\" controls=\"controls\"><source type=\"audio\/mpeg\" src=\"https:\/\/www.radiopiu.net\/wordpress\/wp-content\/uploads\/2021\/09\/bona-rally-dolomiti-2021.mp3?_=9\" \/><a href=\"https:\/\/www.radiopiu.net\/wordpress\/wp-content\/uploads\/2021\/09\/bona-rally-dolomiti-2021.mp3\">https:\/\/www.radiopiu.net\/wordpress\/wp-content\/uploads\/2021\/09\/bona-rally-dolomiti-2021.mp3<\/a><\/audio>\n<p>&nbsp;<\/p>\n<blockquote>\n<h3>SI AVVICINA IL FINE SETTIMANA DEDICATO AL SESTO RALLY DOLIMITI<\/h3>\n<\/blockquote>\n<h3><a href=\"https:\/\/www.radiopiu.net\/wordpress\/sono-della-repubblica-ceca-i-vincitori-della-quinta-edizione-del-dolomiti-rally\/podio-dolomiti-rally\/\" rel=\"attachment wp-att-165785\"><img loading=\"lazy\" decoding=\"async\" class=\" wp-image-165785 alignleft\" src=\"https:\/\/www.radiopiu.net\/wordpress\/wp-content\/uploads\/2020\/10\/PODIO-DOLOMITI-RALLY-300x225.jpg\" alt=\"\" width=\"219\" height=\"164\" srcset=\"https:\/\/www.radiopiu.net\/wordpress\/wp-content\/uploads\/2020\/10\/PODIO-DOLOMITI-RALLY-300x225.jpg 300w, https:\/\/www.radiopiu.net\/wordpress\/wp-content\/uploads\/2020\/10\/PODIO-DOLOMITI-RALLY-1024x768.jpg 1024w, https:\/\/www.radiopiu.net\/wordpress\/wp-content\/uploads\/2020\/10\/PODIO-DOLOMITI-RALLY-768x576.jpg 768w, https:\/\/www.radiopiu.net\/wordpress\/wp-content\/uploads\/2020\/10\/PODIO-DOLOMITI-RALLY-1536x1152.jpg 1536w, https:\/\/www.radiopiu.net\/wordpress\/wp-content\/uploads\/2020\/10\/PODIO-DOLOMITI-RALLY.jpg 2048w\" sizes=\"auto, (max-width: 219px) 100vw, 219px\" \/><\/a>AGORDO<\/h3>\n<p>OSPITE, MAURO RIVA<\/p>\n<blockquote>\n<h3><em>&#8220;Come sempre al Dolomiti Rally vi facciamo correre sugli asfalti nuovissimi grazie a Veneto Strade che ha rifatto quasi per intero il manto stradale e da oggi, iniziano i lavori di sostituzione dei gard rail distrutti da Vaia sull&#8217;inedita ps Gosalt di 11,020 km, prova molto tecnica messa in totale sicurezza per gli equipaggi in gara.. Dolomiti Racing Motorsport&#8221;<\/em><\/h3>\n<p>di CLAUDIO FONTANIVE<\/p><\/blockquote>\n<audio class=\"wp-audio-shortcode\" id=\"audio-234503-10\" preload=\"none\" style=\"width: 100%;\" controls=\"controls\"><source type=\"audio\/mpeg\" src=\"https:\/\/www.radiopiu.net\/wordpress\/wp-content\/uploads\/2021\/09\/dolomiti-rally-24-settembre.mp3?_=10\" \/><a href=\"https:\/\/www.radiopiu.net\/wordpress\/wp-content\/uploads\/2021\/09\/dolomiti-rally-24-settembre.mp3\">https:\/\/www.radiopiu.net\/wordpress\/wp-content\/uploads\/2021\/09\/dolomiti-rally-24-settembre.mp3<\/a><\/audio>\n<h3><\/h3>\n<blockquote>\n<h3>L&#8217;EQUIPAGGIO SELVESTREL &#8211; MICHELETTO PRESENTANO LA NUOVA VETTURA PER IL DOLOMITI RALLY<\/h3>\n<\/blockquote>\n<p><strong><a href=\"https:\/\/www.radiopiu.net\/wordpress\/lequipaggio-selvestrel-micheletto-presentano-la-nuova-vettura-per-il-dolomiti-rally\/davideselvestrel\/\" rel=\"attachment wp-att-234595\"><img loading=\"lazy\" decoding=\"async\" class=\"size-medium wp-image-234595 alignleft\" src=\"https:\/\/www.radiopiu.net\/wordpress\/wp-content\/uploads\/2021\/09\/DavideSelvestrel-212x300.jpg\" alt=\"\" width=\"212\" height=\"300\" srcset=\"https:\/\/www.radiopiu.net\/wordpress\/wp-content\/uploads\/2021\/09\/DavideSelvestrel-212x300.jpg 212w, https:\/\/www.radiopiu.net\/wordpress\/wp-content\/uploads\/2021\/09\/DavideSelvestrel.jpg 509w\" sizes=\"auto, (max-width: 212px) 100vw, 212px\" \/><\/a>BELLUNO<\/strong><\/p>\n<p>di Roberto Bona<\/p>\n<audio class=\"wp-audio-shortcode\" id=\"audio-234503-11\" preload=\"none\" style=\"width: 100%;\" controls=\"controls\"><source type=\"audio\/mpeg\" src=\"https:\/\/www.radiopiu.net\/wordpress\/wp-content\/uploads\/2021\/09\/BONA-SELVESTREL.mp3?_=11\" \/><a href=\"https:\/\/www.radiopiu.net\/wordpress\/wp-content\/uploads\/2021\/09\/BONA-SELVESTREL.mp3\">https:\/\/www.radiopiu.net\/wordpress\/wp-content\/uploads\/2021\/09\/BONA-SELVESTREL.mp3<\/a><\/audio>\n<p>&nbsp;<\/p>\n<hr \/>\n<p>&nbsp;<\/p>\n<p><span style=\"color: #0000ff;\"><strong>MOTORI<\/strong><\/span><\/p>\n<blockquote>\n<h3>DENIS MEZZACASA ALLA CIVIDALE PER IL TITOLO<\/h3>\n<\/blockquote>\n<p><strong><a href=\"https:\/\/www.radiopiu.net\/wordpress\/denis-mezzacasa-alla-cividale-per-il-titolo\/denis-5\/\" rel=\"attachment wp-att-234588\"><img loading=\"lazy\" decoding=\"async\" class=\"size-medium wp-image-234588 alignleft\" src=\"https:\/\/www.radiopiu.net\/wordpress\/wp-content\/uploads\/2021\/09\/Denis-300x200.jpg\" alt=\"\" width=\"300\" height=\"200\" srcset=\"https:\/\/www.radiopiu.net\/wordpress\/wp-content\/uploads\/2021\/09\/Denis-300x200.jpg 300w, https:\/\/www.radiopiu.net\/wordpress\/wp-content\/uploads\/2021\/09\/Denis-768x512.jpg 768w, https:\/\/www.radiopiu.net\/wordpress\/wp-content\/uploads\/2021\/09\/Denis.jpg 810w\" sizes=\"auto, (max-width: 300px) 100vw, 300px\" \/><\/a>BELLUNO<\/strong><\/p>\n<p>di Roberto Bona<\/p>\n<audio class=\"wp-audio-shortcode\" id=\"audio-234503-12\" preload=\"none\" style=\"width: 100%;\" controls=\"controls\"><source type=\"audio\/mpeg\" src=\"https:\/\/www.radiopiu.net\/wordpress\/wp-content\/uploads\/2021\/09\/BONA-MEZZACASA.mp3?_=12\" \/><a href=\"https:\/\/www.radiopiu.net\/wordpress\/wp-content\/uploads\/2021\/09\/BONA-MEZZACASA.mp3\">https:\/\/www.radiopiu.net\/wordpress\/wp-content\/uploads\/2021\/09\/BONA-MEZZACASA.mp3<\/a><\/audio>\n<p>&nbsp;<\/p>\n<hr \/>\n<p>&nbsp;<\/p>\n<p><span style=\"color: #0000ff;\"><strong>CORSA IN MONTAGNA<\/strong><\/span><\/p>\n<blockquote>\n<h3>APRONO OGGI LE ISCRIZIONI ALLA DOLOMITI EXTREME TRAIL 2022<\/h3>\n<\/blockquote>\n<p><strong><a href=\"https:\/\/www.radiopiu.net\/wordpress\/giornale-radiopiu-01-ottobre-2021-direttore-mirko-mezzacasa\/dxt-2021-3\/\" rel=\"attachment wp-att-234571\"><img loading=\"lazy\" decoding=\"async\" class=\" wp-image-234571 alignleft\" src=\"https:\/\/www.radiopiu.net\/wordpress\/wp-content\/uploads\/2021\/09\/dxt-2021-300x200.jpg\" alt=\"\" width=\"227\" height=\"151\" srcset=\"https:\/\/www.radiopiu.net\/wordpress\/wp-content\/uploads\/2021\/09\/dxt-2021-300x200.jpg 300w, https:\/\/www.radiopiu.net\/wordpress\/wp-content\/uploads\/2021\/09\/dxt-2021-1024x682.jpg 1024w, https:\/\/www.radiopiu.net\/wordpress\/wp-content\/uploads\/2021\/09\/dxt-2021-768x512.jpg 768w, https:\/\/www.radiopiu.net\/wordpress\/wp-content\/uploads\/2021\/09\/dxt-2021-1536x1023.jpg 1536w, https:\/\/www.radiopiu.net\/wordpress\/wp-content\/uploads\/2021\/09\/dxt-2021.jpg 1617w\" sizes=\"auto, (max-width: 227px) 100vw, 227px\" \/><\/a>VAL DI ZOLDO <\/strong><span class=\"s1\">Si aprono oggi le iscrizioni alla nona edizione di Dolomiti Extreme Trail, l\u2019evento della Val di Zoldo costituisce uno dei riferimenti internazionale del trail e che la scorsa primavera ha richiamato su sentieri della vallata bellunese oltre mille concorrenti, in rappresentanza di 34 nazioni. <\/span><span class=\"s1\">Anche per il 2022 (l\u2019evento si svolger\u00e0 dal 10 al 12 giugno) sono confermati cinque tracciati. <\/span><span class=\"s1\">Coloro che si iscriveranno nel periodo dall\u20191 ottobre al 31 dicembre\u00a0 potranno godere di una quota agevolata. A<\/span><span class=\"s1\">l via anche Moreno Pesce, l&#8217;atleta\u00a0 veneziano che insieme allo staff di Dxt e al Gruppo Matches coordinato da Andrea Cicini, sta lavorando a un progetto per la realizzazione di alcuni sentieri, in Val di Zoldo, percorribili da atleti con disabilit\u00e0, anche con le carrozzine.\u00a0<\/span><\/p>\n<\/div>\n<\/div>\n<\/div>\n<\/div>\n<\/div>\n<\/div>\n<\/div>\n","protected":false},"excerpt":{"rendered":"<p>INFORMAZIONE il canale su TELEGRAM informazione di prima mano e in tempo reale. iscriviti ed aiutaci a farlo conoscere\u00a0 &nbsp; &nbsp; IL FUTURO TANTI AUGURI ALLA BLACKFIN E ALLA FAMIGLIA DEL DIN_PRAMAOR TAIBON Il 13 ottobre Blackfin festeggia 50 anni di vita inaugurando il nuovo stabilimento di Nogarola, la ex Pastalegno di tanti anni fa.\u00a0&hellip;<\/p>\n","protected":false},"author":4,"featured_media":163497,"comment_status":"closed","ping_status":"open","sticky":false,"template":"","format":"standard","meta":{"_monsterinsights_skip_tracking":false,"_monsterinsights_sitenote_active":false,"_monsterinsights_sitenote_note":"","_monsterinsights_sitenote_category":0,"footnotes":""},"categories":[1,51,86,49],"tags":[],"class_list":["post-234503","post","type-post","status-publish","format-standard","has-post-thumbnail","hentry","category-senza-categoria","category-evidenza-top","category-gr","category-news-18","category-1","category-51","category-86","category-49","description-off"],"img_url":"https:\/\/www.radiopiu.net\/wordpress\/wp-content\/uploads\/2020\/09\/blackfin_nuova_sede_rendering_nl.jpg","_links":{"self":[{"href":"https:\/\/www.radiopiu.net\/wordpress\/wp-json\/wp\/v2\/posts\/234503","targetHints":{"allow":["GET"]}}],"collection":[{"href":"https:\/\/www.radiopiu.net\/wordpress\/wp-json\/wp\/v2\/posts"}],"about":[{"href":"https:\/\/www.radiopiu.net\/wordpress\/wp-json\/wp\/v2\/types\/post"}],"author":[{"embeddable":true,"href":"https:\/\/www.radiopiu.net\/wordpress\/wp-json\/wp\/v2\/users\/4"}],"replies":[{"embeddable":true,"href":"https:\/\/www.radiopiu.net\/wordpress\/wp-json\/wp\/v2\/comments?post=234503"}],"version-history":[{"count":0,"href":"https:\/\/www.radiopiu.net\/wordpress\/wp-json\/wp\/v2\/posts\/234503\/revisions"}],"wp:featuredmedia":[{"embeddable":true,"href":"https:\/\/www.radiopiu.net\/wordpress\/wp-json\/wp\/v2\/media\/163497"}],"wp:attachment":[{"href":"https:\/\/www.radiopiu.net\/wordpress\/wp-json\/wp\/v2\/media?parent=234503"}],"wp:term":[{"taxonomy":"category","embeddable":true,"href":"https:\/\/www.radiopiu.net\/wordpress\/wp-json\/wp\/v2\/categories?post=234503"},{"taxonomy":"post_tag","embeddable":true,"href":"https:\/\/www.radiopiu.net\/wordpress\/wp-json\/wp\/v2\/tags?post=234503"}],"curies":[{"name":"wp","href":"https:\/\/api.w.org\/{rel}","templated":true}]}}