{"id":234561,"date":"2021-10-01T05:28:18","date_gmt":"2021-10-01T03:28:18","guid":{"rendered":"https:\/\/www.radiopiu.net\/wordpress\/?p=234561"},"modified":"2021-10-01T05:39:30","modified_gmt":"2021-10-01T03:39:30","slug":"domenica-esercitazione-dei-vigili-del-fuoco-a-falcade","status":"publish","type":"post","link":"https:\/\/www.radiopiu.net\/wordpress\/domenica-esercitazione-dei-vigili-del-fuoco-a-falcade\/","title":{"rendered":"DOMENICA ESERCITAZIONE DEI VIGILI DEL FUOCO A FALCADE"},"content":{"rendered":"<p><strong><a href=\"https:\/\/www.radiopiu.net\/wordpress\/3ad5a980-5dd0-475a-991f-39b6c7d87e5c\/\"><img loading=\"lazy\" decoding=\"async\" class=\"size-medium wp-image-222517 alignleft\" src=\"https:\/\/www.radiopiu.net\/wordpress\/wp-content\/uploads\/2021\/07\/3ad5a980-5dd0-475a-991f-39b6c7d87e5c-300x200.jpg\" alt=\"\" width=\"300\" height=\"200\" srcset=\"https:\/\/www.radiopiu.net\/wordpress\/wp-content\/uploads\/2021\/07\/3ad5a980-5dd0-475a-991f-39b6c7d87e5c-300x200.jpg 300w, https:\/\/www.radiopiu.net\/wordpress\/wp-content\/uploads\/2021\/07\/3ad5a980-5dd0-475a-991f-39b6c7d87e5c-1024x683.jpg 1024w, https:\/\/www.radiopiu.net\/wordpress\/wp-content\/uploads\/2021\/07\/3ad5a980-5dd0-475a-991f-39b6c7d87e5c-768x512.jpg 768w, https:\/\/www.radiopiu.net\/wordpress\/wp-content\/uploads\/2021\/07\/3ad5a980-5dd0-475a-991f-39b6c7d87e5c.jpg 1080w\" sizes=\"auto, (max-width: 300px) 100vw, 300px\" \/><\/a> <\/strong><\/p>\n<p><strong>FALCADE<\/strong>\u00a0 il Comando Provinciale Vigili del Fuoco di Belluno ha organizzato un&#8217;esercitazione antincendio nella zona Falcade. Pi\u00f9 precisamente verranno interessate le Frazioni di Ganz, Costa e Somor oltre alla localit\u00e0 di Caverson e al Lago di Cavia. L&#8217;addestramento \u00e8 finalizzato allo spegnimento di incendi che possono coinvolgere abitati di montagna caratterizzati da scarse risorse idriche disponibili sul posto, una viabilit\u00e0 complicata per i mezzi pesanti e la presenza di fabbricati costruiti con materiale ligneo. Si comunica quanto sopra in quanto nelle suddette localit\u00e0 \u00e8 prevista una consistente presenza di personale e mezzi dei Vigili del Fuoco dalla mattina sino al primo pomeriggio. Fatte salve diverse esigenze di soccorso, in zona operer\u00e0 anche l&#8217;elicottero dei Vigili del fuoco del Reparto Volo di Venezia e allestito un ponte radio mobile dal Nucleo Regionale TLC Veneto.<\/p>\n<p>&nbsp;<\/p>\n<p>&nbsp;<\/p>\n<p>&nbsp;<\/p>\n<p>&nbsp;<\/p>\n<p>*****<\/p>\n","protected":false},"excerpt":{"rendered":"<p>FALCADE\u00a0 il Comando Provinciale Vigili del Fuoco di Belluno ha organizzato un&#8217;esercitazione antincendio nella zona Falcade. Pi\u00f9 precisamente verranno interessate le Frazioni di Ganz, Costa e Somor oltre alla localit\u00e0 di Caverson e al Lago di Cavia. L&#8217;addestramento \u00e8 finalizzato allo spegnimento di incendi che possono coinvolgere abitati di montagna caratterizzati da scarse risorse idriche&hellip;<\/p>\n","protected":false},"author":4,"featured_media":222517,"comment_status":"closed","ping_status":"open","sticky":false,"template":"","format":"standard","meta":{"_monsterinsights_skip_tracking":false,"_monsterinsights_sitenote_active":false,"_monsterinsights_sitenote_note":"","_monsterinsights_sitenote_category":0,"footnotes":""},"categories":[51,49],"tags":[],"class_list":["post-234561","post","type-post","status-publish","format-standard","has-post-thumbnail","hentry","category-evidenza-top","category-news-18","category-51","category-49","description-off"],"img_url":"https:\/\/www.radiopiu.net\/wordpress\/wp-content\/uploads\/2021\/07\/3ad5a980-5dd0-475a-991f-39b6c7d87e5c.jpg","_links":{"self":[{"href":"https:\/\/www.radiopiu.net\/wordpress\/wp-json\/wp\/v2\/posts\/234561","targetHints":{"allow":["GET"]}}],"collection":[{"href":"https:\/\/www.radiopiu.net\/wordpress\/wp-json\/wp\/v2\/posts"}],"about":[{"href":"https:\/\/www.radiopiu.net\/wordpress\/wp-json\/wp\/v2\/types\/post"}],"author":[{"embeddable":true,"href":"https:\/\/www.radiopiu.net\/wordpress\/wp-json\/wp\/v2\/users\/4"}],"replies":[{"embeddable":true,"href":"https:\/\/www.radiopiu.net\/wordpress\/wp-json\/wp\/v2\/comments?post=234561"}],"version-history":[{"count":0,"href":"https:\/\/www.radiopiu.net\/wordpress\/wp-json\/wp\/v2\/posts\/234561\/revisions"}],"wp:featuredmedia":[{"embeddable":true,"href":"https:\/\/www.radiopiu.net\/wordpress\/wp-json\/wp\/v2\/media\/222517"}],"wp:attachment":[{"href":"https:\/\/www.radiopiu.net\/wordpress\/wp-json\/wp\/v2\/media?parent=234561"}],"wp:term":[{"taxonomy":"category","embeddable":true,"href":"https:\/\/www.radiopiu.net\/wordpress\/wp-json\/wp\/v2\/categories?post=234561"},{"taxonomy":"post_tag","embeddable":true,"href":"https:\/\/www.radiopiu.net\/wordpress\/wp-json\/wp\/v2\/tags?post=234561"}],"curies":[{"name":"wp","href":"https:\/\/api.w.org\/{rel}","templated":true}]}}