{"id":234566,"date":"2021-09-30T12:25:20","date_gmt":"2021-09-30T10:25:20","guid":{"rendered":"https:\/\/www.radiopiu.net\/wordpress\/?p=234566"},"modified":"2021-09-30T14:32:38","modified_gmt":"2021-09-30T12:32:38","slug":"il-presidente-del-veneto","status":"publish","type":"post","link":"https:\/\/www.radiopiu.net\/wordpress\/il-presidente-del-veneto\/","title":{"rendered":"VENETO &#8220;BIANCO&#8221;, OCCUPAZIONE OSPEDALIERA, INCIDENZA, CASI&#8230; TUTTE LE CURVE GUARDANO AL BASSO, DALLE 12 PRENOTAZIONI  TERZA DOSE PER OVER 80"},"content":{"rendered":"<blockquote>\n<h3>punto stampa del 30 settembre 2021<\/h3>\n<h3>NELLE ULTIME 24 ORE<\/h3>\n<\/blockquote>\n<p><strong>IL BOLLETTINO NUOVO AGGIORNAMENTO <\/strong>TAMPONI 14milioni540mila\u00a0 POSITIVI DAL 21 FEBBRAIO 469225 (+472),\u00a0 INCIDENZA 1% POSITIVI ATTUALI\u00a0\u00a010618\u00a0 \u00a0 DECEDUTI 11775 (+2), RICOVERATI ) IN AREA NON CRITICA 229 (-12) TERAPIA INTENSIVA\u00a0 50 ()<\/p>\n<p>&nbsp;<\/p>\n<blockquote>\n<h3>LEGGI LA CONFERENZA STAMPA DI LUCA ZAIA<\/h3>\n<p><em>l&#8217;82,3% della popolazione vaccinabile ha ricevuto due dosi anti-Covid, rispetto all&#8217;80,9% di una settimana fa. Il lavoro dei 60 centri vaccinali e dei 1.600 addetti sta funzionando.\u00a0 Nelle ultime 24 ore sono state somministrate 14.141 dosi.<\/em><\/p><\/blockquote>\n<p>Scende\u00a0 la curva dei contagi. Il virus circola, ma \u00e8 vero che la vaccinazione ha cambiato il corso della storia del Coronavirus e ci permette di essere pi\u00f9 tranquilli rispetto a prima. Ovvio, mascherina e igienizzazione devono sempre essere utilizzati dai cittadini.\u00a0 Il 65% di chi finisce in ospedale non \u00e8 vaccinato, e l&#8217;80% di chi finisce in terapia intensiva non \u00e8 vaccinato. Il bilancio settimanale: terapia intensiva (4%) e area non critica\u00a0 (3%) che scendono di un punto nell&#8217;occupazione, come scende l&#8217;incidenza e l&#8217;Rt (0,86) ma abbiamo aperto le scuole a settembre ed \u00e8 prudente aspettare almeno 3 settimane per andare a regime e conoscere i reali dati della scuola. Per questo il veneto \u00e8 da colorazione bianca con \u00a040,7 positivi ogni 100mila abitanti a settimana. Dalle 12 i 365mila over\u00a0 80 veneti\u00a0 potranno prenotarsi per la terza dose per chi \u00e8 stato vaccinato con la seconda almeno 6 mesi fa.<\/p>\n<p><strong>SITUAZIONE VACCINI PER FASCE D&#8217;ETA&#8217;, SECONDA DOSE<\/strong> (totale 82,3% un punto e mezzo in una settimana)\u00a0 60-69 anni 88,6%; 70-79 anni 92,5%; over 80 anni 99,6<\/p>\n<h3><strong><span style=\"color: #ff0000;\">DOMANDE<\/span><\/strong><\/h3>\n<h3><strong>Scuole: novit\u00e0 sulla quarantena in classe<\/strong><\/h3>\n<p><strong>SCUOLA\u00a0<\/strong> Sulla\u00a0 quarantena: abbiamo presentato una proposta, nell&#8217;ottica di non chiudere le scuole perch\u00e9 c&#8217;\u00e8 un positivo. Servono modalit\u00e0 meno invasive e potremmo tenere presente dei parametri, come il numero di vaccinati nell&#8217;aula. L&#8217;altro aspetto \u00e8 chiedersi a che distanza si trovava il positivo rispetto agli altri ragazzi e molte valutazioni.\u00a0 C&#8217;\u00e8 un gruppo di lavoro attivo, a breve avremo delle novit\u00e0 a livello nazionale. Ho visto il Governo disponibile a risolvere questo problema<\/p>\n<p><strong>AUTONOMIA<\/strong> Stiamo lavorando in maniera proficua con i nostri tecnici, Emilia Romagna e Lombardia per vedere di trovare una soluzione e fare una proposta condivisa dalle regioni da portare avanti. Siamo nella fase degli incontri ai tavoli tecnici. Il Presidente del Consiglio Draghi che si presenta come uomo della responsabilit\u00e0 se non vuole sprechi deve puntare all&#8217;autonomia<\/p>\n<p><strong>SPETTACOLO<\/strong> Il mondo delle discoteche, fin dal primo giorno, si \u00e8 messo a disposizione per fare tampone all&#8217;ingresso, fare screening, monitorare i ragazzi. Si tratta di un comparto produttivo messo in ginocchio e non ha avuto risorse e anche le promesse si sono rivelate tali eppure abbiamo avuto due ondate di infezione e le discoteche erano chiuse.<\/p>\n<p>&nbsp;<\/p>\n<p>&nbsp;<\/p>\n<p><a href=\"https:\/\/www.facebook.com\/zaiaufficiale\/videos\/408099671029913\">https:\/\/www.facebook.com\/zaiaufficiale\/videos\/408099671029913<\/a><\/p>\n<p>&nbsp;<\/p>\n","protected":false},"excerpt":{"rendered":"<p>punto stampa del 30 settembre 2021 NELLE ULTIME 24 ORE IL BOLLETTINO NUOVO AGGIORNAMENTO TAMPONI 14milioni540mila\u00a0 POSITIVI DAL 21 FEBBRAIO 469225 (+472),\u00a0 INCIDENZA 1% POSITIVI ATTUALI\u00a0\u00a010618\u00a0 \u00a0 DECEDUTI 11775 (+2), RICOVERATI ) IN AREA NON CRITICA 229 (-12) TERAPIA INTENSIVA\u00a0 50 () &nbsp; LEGGI LA CONFERENZA STAMPA DI LUCA ZAIA l&#8217;82,3% della popolazione vaccinabile ha&hellip;<\/p>\n","protected":false},"author":4,"featured_media":175390,"comment_status":"closed","ping_status":"open","sticky":false,"template":"","format":"standard","meta":{"_monsterinsights_skip_tracking":false,"_monsterinsights_sitenote_active":false,"_monsterinsights_sitenote_note":"","_monsterinsights_sitenote_category":0,"footnotes":""},"categories":[51,49],"tags":[],"class_list":["post-234566","post","type-post","status-publish","format-standard","has-post-thumbnail","hentry","category-evidenza-top","category-news-18","category-51","category-49","description-off"],"img_url":"https:\/\/www.radiopiu.net\/wordpress\/wp-content\/uploads\/2020\/11\/ZAIA-2.jpg","_links":{"self":[{"href":"https:\/\/www.radiopiu.net\/wordpress\/wp-json\/wp\/v2\/posts\/234566","targetHints":{"allow":["GET"]}}],"collection":[{"href":"https:\/\/www.radiopiu.net\/wordpress\/wp-json\/wp\/v2\/posts"}],"about":[{"href":"https:\/\/www.radiopiu.net\/wordpress\/wp-json\/wp\/v2\/types\/post"}],"author":[{"embeddable":true,"href":"https:\/\/www.radiopiu.net\/wordpress\/wp-json\/wp\/v2\/users\/4"}],"replies":[{"embeddable":true,"href":"https:\/\/www.radiopiu.net\/wordpress\/wp-json\/wp\/v2\/comments?post=234566"}],"version-history":[{"count":0,"href":"https:\/\/www.radiopiu.net\/wordpress\/wp-json\/wp\/v2\/posts\/234566\/revisions"}],"wp:featuredmedia":[{"embeddable":true,"href":"https:\/\/www.radiopiu.net\/wordpress\/wp-json\/wp\/v2\/media\/175390"}],"wp:attachment":[{"href":"https:\/\/www.radiopiu.net\/wordpress\/wp-json\/wp\/v2\/media?parent=234566"}],"wp:term":[{"taxonomy":"category","embeddable":true,"href":"https:\/\/www.radiopiu.net\/wordpress\/wp-json\/wp\/v2\/categories?post=234566"},{"taxonomy":"post_tag","embeddable":true,"href":"https:\/\/www.radiopiu.net\/wordpress\/wp-json\/wp\/v2\/tags?post=234566"}],"curies":[{"name":"wp","href":"https:\/\/api.w.org\/{rel}","templated":true}]}}