{"id":234630,"date":"2021-09-30T23:59:27","date_gmt":"2021-09-30T21:59:27","guid":{"rendered":"https:\/\/www.radiopiu.net\/wordpress\/?p=234630"},"modified":"2021-09-30T16:02:41","modified_gmt":"2021-09-30T14:02:41","slug":"approvata-in-nevegal-dallassemblea-sinodale-carta-dintenti-per-collaborare-tra-parrocchie","status":"publish","type":"post","link":"https:\/\/www.radiopiu.net\/wordpress\/approvata-in-nevegal-dallassemblea-sinodale-carta-dintenti-per-collaborare-tra-parrocchie\/","title":{"rendered":"APPROVATA IN NEVEGAL DALL\u2019ASSEMBLEA SINODALE CARTA D\u2019INTENTI PER COLLABORARE TRA PARROCCHIE"},"content":{"rendered":"<p><strong>di RENATO BONA\u00a0<\/strong><\/p>\n<p>Nel santuario Maria Immacolata Nostra Signora di Lourdes, al Col Nevegal di Belluno, si \u00e8 svolta l\u2019annunciata assemblea sinodale diocesana, con lavori presieduti dal vescovo di Belluno-Feltre monsignor Renato Marangoni. Importante la decisione di dotare la Diocesi di una \u201cCarte d\u2019intenti\u201d col fine di procedere nel cammino di una sempre maggiore collaborazione tra le parrocchie. Lo scrive Carlo Arrigoni, direttore del settimanale diocesano \u201cL\u2019Amico del Popolo\u201d in un ampio servizio postato sul sito telematico \u201cchiesabellunofeltre\u201d. C\u2019\u00e8 di pi\u00f9: il Vescovo Marangoni ha proposto di affidare la \u201cCarta\u201d anche ai giovani \u201cinterrogandoli\u201d sulla prospettiva di collaborazione: \u201cin vista della giornata mondiale dei giovani a livello diocesano del 21 novembre, potremo fare un passaggio anche con loro\u201d. L\u2019assemblea, con la partecipazione di oltre un centinaio di rappresentanti delle varie realt\u00e0 territoriali di Belluno-Feltre, si era aperta con la preghiera preparata e guidata dalle Discepole del Vangelo di Arabba cui \u00e8 seguita una riflessione di don Carlo Broccardo (dal sito beweb.chiesacattolica.it: presbitero della Diocesi di Padova; ordinato sacerdote nel 1997, nel 2001 ottiene la licenza in S. Scrittura presso il Pontificio Istituto Biblico in Roma, dove nel 2005 consegue il dottorato nella stessa materia. Attualmente insegna Introduzione alla Sacra Scrittura all\u2019Istituto superiore di scienze religiose di Padova, Vangeli sinottici e Atti degli Apostoli al ciclo istituzionale della Facolt\u00e0 Teologica del Triveneto sede di Padova. \u00c8 vicepreside della Facolt\u00e0 Teologica del Triveneto per il quadriennio 2019-2023.) il quale, commentando passi degli \u201cAtti degli Apostoli\u201d ha evidenziato che con la presenza dello Spirito Santo anche la dimensione comunitaria \u00e8 parte costitutiva della Chiesa fin dal suo inizio\u201d. Aggiungendo, fra l\u2019altro, che l\u2019annuncio del Vangelo avviene tramite gli apostoli ma anche tramite la comunit\u00e0 unita e dagli Atti appare chiaro che la distruzione dell\u2019unit\u00e0 \u00e8 opera di satana perch\u00e9 blocca il progetto di Ges\u00f9. Naturalmente, ci sar\u00e0 sempre anche chi non capir\u00e0, chi prender\u00e0 in giro i cristiani (come nella Pentecoste \u00e8 stato scambiato per ubriachezza il dono dello Spirito): un dato di fatto da accettare, perch\u00e9 fin dall\u2019inizio \u00e8 stato cos\u00ec e questo non deve impedire di lavorare\u201d. Dal canto suo il vescovo di Belluno-Feltre ha proposto all\u2019attenzione dell\u2019assemblea quattro sottolineature a partire dalla fiducia di essere custoditi da Dio, che Arrigoni ha cos\u00ec riportato nel sito: \u201cIncontrandoci e condividendo, ci ricordiamo che non siamo abbandonati ma sostenuti e presi a cuore. Ogni persona \u00e8 una cifra di Dio e della sua cura. In ognuno Dio si espone per custodirci. Se siamo qui non siamo dei delusi della vita perch\u00e9 portiamo in noi la promessa che chiamiamo Vangelo, Abitiamo con passione questa terra a motivo del Vangelo. Non \u00e8 andata male la nostra vita, ma \u00e8 qui, aperta\u2026 siamo stati presi dentro il Vangelo. Il fatto che Ges\u00f9 non ci chiami pi\u00f9 servi ma amici cambia tutto per noi e aiuta a capire la Chiesa che non \u00e8 una sovrastruttura o una legge. All\u2019origine vi \u00e8 la parola di Ges\u00f9 (\u2018vi ho chiamati amici\u2019) che sovverte le nostre meschine recriminazioni, le nostre gelosie all\u2019ombra dei nostri campanili. Pur tra mille incongruenze e contraddizioni, nella Chiesa c\u2019\u00e8 sempre un sogno che la pone in uscita, che la proietta oltre. Per noi oggi \u00e8 il sogno di una Chiesa solidale. Ce lo ha messo Lui questo sogno. E\u2019 il Vangelo, Chiedo a tutti di non spazzare via questo sogno, ma di cercare di capire dove ci sta portando, di portarlo nella fatica della quotidianit\u00e0 pastorale, non buttandola via ma ripensandola\u201d. Il presule ha concluso sottolineando che \u201cUna Chiesa pi\u00f9 sinodale \u00e8 sogno e lievito anche per la nostra Chiesa di Belluno-Feltre. Siamo qui per incoraggiarci che vale la pena costruire per la causa del Vangelo. Grazie del vostro esserci\u201d. La prima fase dei lavori dell\u2019assemblea sinodale si \u00e8 conclusa al mattino con la presentazione in particolare di alcuni punti della \u201cCarta d\u2019intenti\u201d che \u00e8 lo strumento per sostenere un migliore collaborazione tra le parrocchie. Che passa per due priorit\u00e0 pastorali: coinvolgere le persone in modo attivo, partendo dall\u2019ascolto delle loro esigenze, in particolare quelle di adolescenti, giovani e famiglie in una pastorale che presti attenzione particolare che dovr\u00e0 essere generazione alla fede cristiana e non solo preparazione ai sacramenti. La \u201cCarta\u201d propone di \u201cprogettare insieme\u201d puntando all\u2019istituzione dei Consigli pastorali parrocchiali unitari che aiutano le comunit\u00e0 a camminare insieme; favorire il cammino di gruppo nei mandati di ministero e gli incontri periodici dei sacerdoti per sostenere fraternit\u00e0 e sinodalit\u00e0. Dopo i lavori di gruppo, nel santuario del Nevegal ogni delegato ha potuto manifestare la sua opinione sul futuro di collaborazione che attende le parrocchie e dare l\u2019assenso alla Carta d\u2019intenti che monsignor Renato Marangoni, concludendo, ha voluto indicare come \u201cun riferimento che d\u00e0 degli orientamenti per aumentare e migliorare la collaborazione tra le parrocchie: come verranno attuati dipender\u00e0 dalla responsabilit\u00e0 di tutte le varie parti della Chiesa\u201d. Perch\u00e9 \u201ctutti sono protagonisti, nessuno pu\u00f2 essere considerato semplice comparsa. Continuiamo su questa strada cercando di mettere insieme la fede e la vita di tutti\u201d.<\/p>\n\n\t\t\t<style type='text\/css'>\n\t\t\t\t#gallery-1 {\n\t\t\t\t\tmargin: auto;\n\t\t\t\t}\n\t\t\t\t#gallery-1 .gallery-item {\n\t\t\t\t\tfloat: left;\n\t\t\t\t\tmargin-top: 10px;\n\t\t\t\t\ttext-align: center;\n\t\t\t\t\twidth: 25%;\n\t\t\t\t}\n\t\t\t\t#gallery-1 img {\n\t\t\t\t\tborder: 2px solid #cfcfcf;\n\t\t\t\t}\n\t\t\t\t#gallery-1 .gallery-caption {\n\t\t\t\t\tmargin-left: 0;\n\t\t\t\t}\n\t\t\t\t\/* see gallery_shortcode() in wp-includes\/media.php *\/\n\t\t\t<\/style>\n\t\t<div id='gallery-1' class='dt-gallery-container gallery galleryid-234630 gallery-columns-4 gallery-size-thumbnail'><dl class='gallery-item'>\n\t\t\t\t<dt class='gallery-icon landscape'>\n\t\t\t\t\t<a class=\"rollover rollover-zoom dt-pswp-item\" title=\"243824041_228585732630014_8333862144184643368_n\" data-dt-img-description=\"\" data-large_image_width=\"366\" data-large_image_height=\"206\"href='https:\/\/www.radiopiu.net\/wordpress\/wp-content\/uploads\/2021\/09\/243824041_228585732630014_8333862144184643368_n.jpg'><img loading=\"lazy\" decoding=\"async\" width=\"150\" height=\"150\" src=\"https:\/\/www.radiopiu.net\/wordpress\/wp-content\/uploads\/2021\/09\/243824041_228585732630014_8333862144184643368_n-150x150.jpg\" class=\"attachment-thumbnail size-thumbnail\" alt=\"\" \/><\/a>\n\t\t\t\t<\/dt><\/dl><dl class='gallery-item'>\n\t\t\t\t<dt class='gallery-icon landscape'>\n\t\t\t\t\t<a class=\"rollover rollover-zoom dt-pswp-item\" title=\"243547600_148581347412112_5668741493698086291_n\" data-dt-img-description=\"\" data-large_image_width=\"962\" data-large_image_height=\"206\"href='https:\/\/www.radiopiu.net\/wordpress\/wp-content\/uploads\/2021\/09\/243547600_148581347412112_5668741493698086291_n.jpg'><img loading=\"lazy\" decoding=\"async\" width=\"150\" height=\"150\" src=\"https:\/\/www.radiopiu.net\/wordpress\/wp-content\/uploads\/2021\/09\/243547600_148581347412112_5668741493698086291_n-150x150.jpg\" class=\"attachment-thumbnail size-thumbnail\" alt=\"\" \/><\/a>\n\t\t\t\t<\/dt><\/dl><dl class='gallery-item'>\n\t\t\t\t<dt class='gallery-icon landscape'>\n\t\t\t\t\t<a class=\"rollover rollover-zoom dt-pswp-item\" title=\"119458991_450798252556065_2820044017332741359_n\" data-dt-img-description=\"\" data-large_image_width=\"275\" data-large_image_height=\"206\"href='https:\/\/www.radiopiu.net\/wordpress\/wp-content\/uploads\/2021\/09\/119458991_450798252556065_2820044017332741359_n-1.jpg'><img loading=\"lazy\" decoding=\"async\" width=\"150\" height=\"150\" src=\"https:\/\/www.radiopiu.net\/wordpress\/wp-content\/uploads\/2021\/09\/119458991_450798252556065_2820044017332741359_n-1-150x150.jpg\" class=\"attachment-thumbnail size-thumbnail\" alt=\"\" \/><\/a>\n\t\t\t\t<\/dt><\/dl><dl class='gallery-item'>\n\t\t\t\t<dt class='gallery-icon landscape'>\n\t\t\t\t\t<a class=\"rollover rollover-zoom dt-pswp-item\" title=\"243742665_1004837136916754_5735272394385086584_n\" data-dt-img-description=\"\" data-large_image_width=\"366\" data-large_image_height=\"206\"href='https:\/\/www.radiopiu.net\/wordpress\/wp-content\/uploads\/2021\/09\/243742665_1004837136916754_5735272394385086584_n.jpg'><img loading=\"lazy\" decoding=\"async\" width=\"150\" height=\"150\" src=\"https:\/\/www.radiopiu.net\/wordpress\/wp-content\/uploads\/2021\/09\/243742665_1004837136916754_5735272394385086584_n-150x150.jpg\" class=\"attachment-thumbnail size-thumbnail\" alt=\"\" \/><\/a>\n\t\t\t\t<\/dt><\/dl><br style=\"clear: both\" \/><dl class='gallery-item'>\n\t\t\t\t<dt class='gallery-icon landscape'>\n\t\t\t\t\t<a class=\"rollover rollover-zoom dt-pswp-item\" title=\"243387893_910279912962196_5143832638018954963_n\" data-dt-img-description=\"\" data-large_image_width=\"366\" data-large_image_height=\"206\"href='https:\/\/www.radiopiu.net\/wordpress\/wp-content\/uploads\/2021\/09\/243387893_910279912962196_5143832638018954963_n.jpg'><img loading=\"lazy\" decoding=\"async\" width=\"150\" height=\"150\" src=\"https:\/\/www.radiopiu.net\/wordpress\/wp-content\/uploads\/2021\/09\/243387893_910279912962196_5143832638018954963_n-150x150.jpg\" class=\"attachment-thumbnail size-thumbnail\" alt=\"\" \/><\/a>\n\t\t\t\t<\/dt><\/dl><dl class='gallery-item'>\n\t\t\t\t<dt class='gallery-icon landscape'>\n\t\t\t\t\t<a class=\"rollover rollover-zoom dt-pswp-item\" title=\"243568675_228393915934887_6188824944485561906_n\" data-dt-img-description=\"\" data-large_image_width=\"220\" data-large_image_height=\"206\"href='https:\/\/www.radiopiu.net\/wordpress\/wp-content\/uploads\/2021\/09\/243568675_228393915934887_6188824944485561906_n.jpg'><img loading=\"lazy\" decoding=\"async\" width=\"150\" height=\"150\" src=\"https:\/\/www.radiopiu.net\/wordpress\/wp-content\/uploads\/2021\/09\/243568675_228393915934887_6188824944485561906_n-150x150.jpg\" class=\"attachment-thumbnail size-thumbnail\" alt=\"\" \/><\/a>\n\t\t\t\t<\/dt><\/dl><dl class='gallery-item'>\n\t\t\t\t<dt class='gallery-icon landscape'>\n\t\t\t\t\t<a class=\"rollover rollover-zoom dt-pswp-item\" title=\"243674581_416850380003390_3856935562779875731_n\" data-dt-img-description=\"\" data-large_image_width=\"280\" data-large_image_height=\"205\"href='https:\/\/www.radiopiu.net\/wordpress\/wp-content\/uploads\/2021\/09\/243674581_416850380003390_3856935562779875731_n.jpg'><img loading=\"lazy\" decoding=\"async\" width=\"150\" height=\"150\" src=\"https:\/\/www.radiopiu.net\/wordpress\/wp-content\/uploads\/2021\/09\/243674581_416850380003390_3856935562779875731_n-150x150.jpg\" class=\"attachment-thumbnail size-thumbnail\" alt=\"\" \/><\/a>\n\t\t\t\t<\/dt><\/dl><dl class='gallery-item'>\n\t\t\t\t<dt class='gallery-icon landscape'>\n\t\t\t\t\t<a class=\"rollover rollover-zoom dt-pswp-item\" title=\"243484633_471672917187009_2263027918914652579_n\" data-dt-img-description=\"\" data-large_image_width=\"150\" data-large_image_height=\"150\"href='https:\/\/www.radiopiu.net\/wordpress\/wp-content\/uploads\/2021\/09\/243484633_471672917187009_2263027918914652579_n.jpg'><img loading=\"lazy\" decoding=\"async\" width=\"150\" height=\"150\" src=\"https:\/\/www.radiopiu.net\/wordpress\/wp-content\/uploads\/2021\/09\/243484633_471672917187009_2263027918914652579_n.jpg\" class=\"attachment-thumbnail size-thumbnail\" alt=\"\" \/><\/a>\n\t\t\t\t<\/dt><\/dl><br style=\"clear: both\" \/>\n\t\t\t<\/div>\n\n<p>NELLE FOTO (sito chiesabellunofeltre): Panoramica ed interno del santuario del Nevegal; foto di gruppo al termine dei lavori dell\u2019assemblea sinodale; il vescovo di Belluno-Feltre monsignor Renato Marangoni; il dott. don Carlo Broccardo che ha parlato sugli \u201cAtti degli Apostoli); fra i tanti, intervento di Carlo Criveler; altri momenti dell\u2019assemblea.<\/p>\n<p>&nbsp;<\/p>\n","protected":false},"excerpt":{"rendered":"<p>di RENATO BONA\u00a0 Nel santuario Maria Immacolata Nostra Signora di Lourdes, al Col Nevegal di Belluno, si \u00e8 svolta l\u2019annunciata assemblea sinodale diocesana, con lavori presieduti dal vescovo di Belluno-Feltre monsignor Renato Marangoni. Importante la decisione di dotare la Diocesi di una \u201cCarte d\u2019intenti\u201d col fine di procedere nel cammino di una sempre maggiore collaborazione&hellip;<\/p>\n","protected":false},"author":4,"featured_media":234633,"comment_status":"closed","ping_status":"open","sticky":false,"template":"","format":"standard","meta":{"_monsterinsights_skip_tracking":false,"_monsterinsights_sitenote_active":false,"_monsterinsights_sitenote_note":"","_monsterinsights_sitenote_category":0,"footnotes":""},"categories":[49],"tags":[],"class_list":["post-234630","post","type-post","status-publish","format-standard","has-post-thumbnail","hentry","category-news-18","category-49","description-off"],"img_url":"https:\/\/www.radiopiu.net\/wordpress\/wp-content\/uploads\/2021\/09\/243674581_416850380003390_3856935562779875731_n.jpg","_links":{"self":[{"href":"https:\/\/www.radiopiu.net\/wordpress\/wp-json\/wp\/v2\/posts\/234630","targetHints":{"allow":["GET"]}}],"collection":[{"href":"https:\/\/www.radiopiu.net\/wordpress\/wp-json\/wp\/v2\/posts"}],"about":[{"href":"https:\/\/www.radiopiu.net\/wordpress\/wp-json\/wp\/v2\/types\/post"}],"author":[{"embeddable":true,"href":"https:\/\/www.radiopiu.net\/wordpress\/wp-json\/wp\/v2\/users\/4"}],"replies":[{"embeddable":true,"href":"https:\/\/www.radiopiu.net\/wordpress\/wp-json\/wp\/v2\/comments?post=234630"}],"version-history":[{"count":0,"href":"https:\/\/www.radiopiu.net\/wordpress\/wp-json\/wp\/v2\/posts\/234630\/revisions"}],"wp:featuredmedia":[{"embeddable":true,"href":"https:\/\/www.radiopiu.net\/wordpress\/wp-json\/wp\/v2\/media\/234633"}],"wp:attachment":[{"href":"https:\/\/www.radiopiu.net\/wordpress\/wp-json\/wp\/v2\/media?parent=234630"}],"wp:term":[{"taxonomy":"category","embeddable":true,"href":"https:\/\/www.radiopiu.net\/wordpress\/wp-json\/wp\/v2\/categories?post=234630"},{"taxonomy":"post_tag","embeddable":true,"href":"https:\/\/www.radiopiu.net\/wordpress\/wp-json\/wp\/v2\/tags?post=234630"}],"curies":[{"name":"wp","href":"https:\/\/api.w.org\/{rel}","templated":true}]}}