{"id":234662,"date":"2021-10-02T05:38:32","date_gmt":"2021-10-02T03:38:32","guid":{"rendered":"https:\/\/www.radiopiu.net\/wordpress\/?p=234662"},"modified":"2021-10-02T09:39:01","modified_gmt":"2021-10-02T07:39:01","slug":"giornale-radiopiu-02-ottobre-2021-direttore-mirko-mezzacasa","status":"publish","type":"post","link":"https:\/\/www.radiopiu.net\/wordpress\/giornale-radiopiu-02-ottobre-2021-direttore-mirko-mezzacasa\/","title":{"rendered":"GIORNALE RADIOPIU 02 OTTOBRE 2021 DIRETTORE MIRKO MEZZACASA"},"content":{"rendered":"<h3 class=\"kvgmc6g5 cxmmr5t8 oygrvhab hcukyx3x c1et5uql\"><span style=\"color: #0000ff;\">INFORMAZIONE il canale su TELEGRAM informazione di prima mano e in tempo reale. iscriviti ed aiutaci a farlo conoscere\u00a0\u00a0<\/span><\/h3>\n<p>&nbsp;<\/p>\n<p>&nbsp;<\/p>\n<h1 class=\"entry-title\">Elezioni, si pu\u00f2 votare senza il green pass.<\/h1>\n<div class=\"breadcrumb-area\">\n<div class=\"entry-breadcrumb\"><\/div>\n<\/div>\n<blockquote>\n<h3>SI VOTA, DA LUNEDI 8 NUOVI SINDACI: Da domani mattina a lunedi alle 15 si vota, alle urne 19mila elettori bellunesi a\u00a0 Voltago, Selva di Cadore, Alpago, Alano, Vigo di Cadore, Sovramonte,\u00a0 \u00a0Lozzo di Cadore, Val di Zoldo (in questi\u00a0 ultimi due Comuni decider\u00e0 il quorum portato al 40% (dal 50%) senza gli iscritti Aire<br \/>\n<strong>Per entrare nei seggi non serve il green pass a questo proposito proprio un bel esempio da chi Governa&#8230;..<\/strong><\/h3>\n<\/blockquote>\n<p>&nbsp;<\/p>\n<p>Le regole per l\u2019emergenza sanitaria in corso. Si potr\u00e0 votare senza mostrare il green pass, \u00e8 obbligatoria ovviamente la mascherina, che viene tolta solo per il riconoscimento una volta al seggio. Non \u00e8 prevista la misurazione della temperatura, anche se a chi ha i sintomi tipici del Covid (febbre e problemi respiratori) viene chiesto, come gesto di responsabilit\u00e0, di non recarsi al voto. Vietato invece presentarsi ai seggi a tutte le persone in quarantena o in isolamento domiciliare. Il personale del seggio dovr\u00e0 avere il green pass solo nelle sezioni ospedaliere e dentro le Rsa. Gli altri componenti dei seggi dovranno sostituire le mascherine ogni 4-6 ore e tenere il distanziamento. Si vota domenica dalle 7 alle 23 e luned\u00ec 4 ottobre dalle 7 alle 15. Alla chiusura dei seggi inizieranno subito le operazioni di spoglio. Gi\u00e0 luned\u00ec si conosceranno quindi i sindaci dei 23 comuni. I candidati consiglieri sono in tutto 412 con 285 uomini e 127 donne.<\/p>\n<p>&#8212;&#8212;&#8212;&#8212;&#8212;&#8212;&#8212;&#8212;<\/p>\n<p>&nbsp;<\/p>\n<p>&nbsp;<\/p>\n<blockquote>\n<h3>DOLOMITI RALLY, DUE GIORNI DI SPORT NELLA CONCA AGORDINA E IN VALLE DEL BIOIS, ALBERGHI DA TUTTO ESAURITO, LOCALI PRONTI PER ACCOGLIERE I 99 EQUIPAGGI IMPEGNATI NELLE TRE PROVE, IN NOTTURNA AD AGORDO, DOMENICA A GOSALDO E VALLADA<\/h3>\n<\/blockquote>\n<p><a href=\"https:\/\/www.facebook.com\/mirko.mezzacasa\/videos\/163994162576035\">https:\/\/www.facebook.com\/mirko.mezzacasa\/videos\/163994162576035<\/a><\/p>\n<p>&nbsp;<\/p>\n<p><strong>\u00a0 \u00a0 \u00a0 \u00a0 OGGI E DOMANI, LE STRADE CHIUSE<\/strong><\/p>\n<p><a href=\"https:\/\/www.radiopiu.net\/wordpress\/giornale-radiopiu-02-ottobre-2021-direttore-mirko-mezzacasa\/eadc83c2-a480-490a-8dfb-3ee71912f545\/\" rel=\"attachment wp-att-234867\"><img loading=\"lazy\" decoding=\"async\" class=\"alignnone wp-image-234867 \" src=\"https:\/\/www.radiopiu.net\/wordpress\/wp-content\/uploads\/2021\/10\/eadc83c2-a480-490a-8dfb-3ee71912f545.jpg\" alt=\"\" width=\"333\" height=\"538\" srcset=\"https:\/\/www.radiopiu.net\/wordpress\/wp-content\/uploads\/2021\/10\/eadc83c2-a480-490a-8dfb-3ee71912f545.jpg 496w, https:\/\/www.radiopiu.net\/wordpress\/wp-content\/uploads\/2021\/10\/eadc83c2-a480-490a-8dfb-3ee71912f545-186x300.jpg 186w\" sizes=\"auto, (max-width: 333px) 100vw, 333px\" \/><\/a><\/p>\n<p>&nbsp;<\/p>\n<hr \/>\n<p>&nbsp;<\/p>\n<blockquote>\n<h3>REGIONALE 203 AGORDINA, CHIUDE DA MARTEDI PER 4 GIORNI, MATTINA E POMERIGGIO<\/h3>\n<\/blockquote>\n<p><strong><a href=\"https:\/\/www.radiopiu.net\/wordpress\/veneto-strade-interdizione-al-traffico\/veneto-strade-2\/\" rel=\"attachment wp-att-135574\"><img loading=\"lazy\" decoding=\"async\" class=\" wp-image-135574 alignleft\" src=\"https:\/\/www.radiopiu.net\/wordpress\/wp-content\/uploads\/2020\/05\/VENETO-STRADE-300x300.png\" alt=\"\" width=\"157\" height=\"157\" srcset=\"https:\/\/www.radiopiu.net\/wordpress\/wp-content\/uploads\/2020\/05\/VENETO-STRADE-300x300.png 300w, https:\/\/www.radiopiu.net\/wordpress\/wp-content\/uploads\/2020\/05\/VENETO-STRADE-150x150.png 150w, https:\/\/www.radiopiu.net\/wordpress\/wp-content\/uploads\/2020\/05\/VENETO-STRADE.png 400w\" sizes=\"auto, (max-width: 157px) 100vw, 157px\" \/><\/a> <\/strong><\/p>\n<p><strong>\u00a0<\/strong><\/p>\n<p>&nbsp;<\/p>\n<p><strong>\u00a0<\/strong><strong>SEDICO<\/strong> La Strada Regionale 203 Agordina dal 5 al 8 ottobre chiuder\u00e0 al transito per la messa in sicurezza del versante in localit\u00e0 La Stanga. Le chiusure: dalle 8:30 alle 13 e dalle 14:30 alle 16:30.<\/p>\n<p>&nbsp;<\/p>\n<p>&nbsp;<\/p>\n<hr \/>\n<p>&nbsp;<\/p>\n<blockquote>\n<h3>ACQUA POTABILE A VALCOZZENA, BRUGNACH E GIOVE DI AGORDO<\/h3>\n<\/blockquote>\n<p><span style=\"color: #0000ff;\"><strong><a href=\"https:\/\/www.radiopiu.net\/wordpress\/giornale-radiopiu-01-ottobre-2021-direttore-mirko-mezzacasa\/bicchiere-acqua-2\/\" rel=\"attachment wp-att-234651\"><img loading=\"lazy\" decoding=\"async\" class=\"wp-image-234651 alignleft\" src=\"https:\/\/www.radiopiu.net\/wordpress\/wp-content\/uploads\/2021\/09\/BICCHIERE-ACQUA-300x200.jpg\" alt=\"\" width=\"188\" height=\"125\" srcset=\"https:\/\/www.radiopiu.net\/wordpress\/wp-content\/uploads\/2021\/09\/BICCHIERE-ACQUA-300x200.jpg 300w, https:\/\/www.radiopiu.net\/wordpress\/wp-content\/uploads\/2021\/09\/BICCHIERE-ACQUA-1024x683.jpg 1024w, https:\/\/www.radiopiu.net\/wordpress\/wp-content\/uploads\/2021\/09\/BICCHIERE-ACQUA-768x512.jpg 768w, https:\/\/www.radiopiu.net\/wordpress\/wp-content\/uploads\/2021\/09\/BICCHIERE-ACQUA-1536x1024.jpg 1536w, https:\/\/www.radiopiu.net\/wordpress\/wp-content\/uploads\/2021\/09\/BICCHIERE-ACQUA.jpg 1920w\" sizes=\"auto, (max-width: 188px) 100vw, 188px\" \/><\/a><\/strong><\/span><\/p>\n<p><strong>\u00a0<\/strong><\/p>\n<p><strong>AGORDO<\/strong> Gestione Servizi Pubblici informa che ad AGORDO nelle localit\u00e0 VALCOZZENA, BRUGNACH e GIOVE l&#8217;acqua erogata dall&#8217;acquedotto \u00e8 di nuovo e pu\u00f2 essere usata per scopi alimentari<\/p>\n<p>&nbsp;<\/p>\n<p>&nbsp;<\/p>\n<hr \/>\n<p>&nbsp;<\/p>\n<blockquote>\n<h3>INTERRUZIONI ELETTRICHE PROGRAMMATE<\/h3>\n<\/blockquote>\n<p><strong><a href=\"https:\/\/www.radiopiu.net\/wordpress\/giornale-radiopiu-16-giugno-2021-direttore-mirko-mezzacasa\/th-140\/\" rel=\"attachment wp-att-216173\"><img loading=\"lazy\" decoding=\"async\" class=\" wp-image-216173 alignleft\" src=\"https:\/\/www.radiopiu.net\/wordpress\/wp-content\/uploads\/2021\/06\/th-13.jpg\" alt=\"\" width=\"106\" height=\"71\" \/><\/a> <\/strong><\/p>\n<p><strong>\u00a0<\/strong><\/p>\n<p><strong>\u00a0<\/strong><strong>COLLE SANTA LUCIA <\/strong>Luned\u00ec dalle 10 alle 12:30 nelle vie Villagrande e Varazza<\/p>\n<p><strong>SELVA DI CADORE<\/strong>, Giovedi dalle 8.30 alle 14.30 nelle vie Villa, Foppa, Solator<\/p>\n<p>&nbsp;<\/p>\n<p>&nbsp;<\/p>\n<hr \/>\n<p>&nbsp;<\/p>\n<p><strong>Il viadotto Pontet a Sovramonte \u00e8 chiuso\u00a0 per lavori sulla sicurezza della struttura. Alternative: passo Cereda,\u00a0 oppure una strada a senso unico alternato vicina al viadotto.<\/strong><\/p>\n<blockquote>\n<h3>\u00a0APERTA LA NUOVA CORSIA DI MARCIA DELLA SS 51 \u201cDI ALEMAGNA\u201d, IN DIREZIONE CORTINA, NEL TRATTO URBANO DI LONGARONE<\/h3>\n<\/blockquote>\n<p><strong>VENEZIA<\/strong>\u00a0 Anas (Gruppo FS Italiane) ha aperto al traffico, in modalit\u00e0 provvisoria di cantiere, in direzione Cortina, due nuovi viadotti realizzati tra il km 52,634 e il km 53,010 della strada statale 51 \u201cdi Alemagna\u201d, nell\u2019ambito del piano di potenziamento della viabilit\u00e0 di accesso a Cortina. <em>\u201cAvanzano i lavori nel tratto tra Longarone e Castellavazzo in provincia di Belluno\u201d, ha dichiarato il Commissario per il potenziamento della viabilit\u00e0 per Cortina e Presidente di Anas <strong>Claudio Andrea Gemme<\/strong>. \u201cIl nuovo tracciato, ora accessibile al traffico in direzione Cortina d\u2019Ampezzo, verr\u00e0 aperto al transito nei prossimi giorni anche in direzione Venezia. Questi lavori consentiranno il miglioramento prestazionale e funzionale della SS51 nel tratto tra lo svincolo di Castellavazzo e l\u2019imbocco della Galleria Termine.\u201d<\/em><\/p>\n\n\t\t\t<style type='text\/css'>\n\t\t\t\t#gallery-1 {\n\t\t\t\t\tmargin: auto;\n\t\t\t\t}\n\t\t\t\t#gallery-1 .gallery-item {\n\t\t\t\t\tfloat: left;\n\t\t\t\t\tmargin-top: 10px;\n\t\t\t\t\ttext-align: center;\n\t\t\t\t\twidth: 33%;\n\t\t\t\t}\n\t\t\t\t#gallery-1 img {\n\t\t\t\t\tborder: 2px solid #cfcfcf;\n\t\t\t\t}\n\t\t\t\t#gallery-1 .gallery-caption {\n\t\t\t\t\tmargin-left: 0;\n\t\t\t\t}\n\t\t\t\t\/* see gallery_shortcode() in wp-includes\/media.php *\/\n\t\t\t<\/style>\n\t\t<div id='gallery-1' class='dt-gallery-container gallery galleryid-234662 gallery-columns-3 gallery-size-thumbnail'><dl class='gallery-item'>\n\t\t\t\t<dt class='gallery-icon landscape'>\n\t\t\t\t\t<a class=\"rollover rollover-zoom dt-pswp-item\" title=\"SS 51 Longarone Castellavazzo\" data-dt-img-description=\"\" data-large_image_width=\"1600\" data-large_image_height=\"1200\"href='https:\/\/www.radiopiu.net\/wordpress\/wp-content\/uploads\/2021\/10\/SS-51-Longarone-Castellavazzo.jpeg'><img loading=\"lazy\" decoding=\"async\" width=\"150\" height=\"150\" src=\"https:\/\/www.radiopiu.net\/wordpress\/wp-content\/uploads\/2021\/10\/SS-51-Longarone-Castellavazzo-150x150.jpeg\" class=\"attachment-thumbnail size-thumbnail\" alt=\"\" \/><\/a>\n\t\t\t\t<\/dt><\/dl><dl class='gallery-item'>\n\t\t\t\t<dt class='gallery-icon landscape'>\n\t\t\t\t\t<a class=\"rollover rollover-zoom dt-pswp-item\" title=\"SS 51 Longarone Castellavazzo (3)\" data-dt-img-description=\"\" data-large_image_width=\"1600\" data-large_image_height=\"1200\"href='https:\/\/www.radiopiu.net\/wordpress\/wp-content\/uploads\/2021\/10\/SS-51-Longarone-Castellavazzo-3.jpeg'><img loading=\"lazy\" decoding=\"async\" width=\"150\" height=\"150\" src=\"https:\/\/www.radiopiu.net\/wordpress\/wp-content\/uploads\/2021\/10\/SS-51-Longarone-Castellavazzo-3-150x150.jpeg\" class=\"attachment-thumbnail size-thumbnail\" alt=\"\" \/><\/a>\n\t\t\t\t<\/dt><\/dl><dl class='gallery-item'>\n\t\t\t\t<dt class='gallery-icon portrait'>\n\t\t\t\t\t<a class=\"rollover rollover-zoom dt-pswp-item\" title=\"SS 51 Longarone Castellavazzo (2)\" data-dt-img-description=\"\" data-large_image_width=\"1200\" data-large_image_height=\"1600\"href='https:\/\/www.radiopiu.net\/wordpress\/wp-content\/uploads\/2021\/10\/SS-51-Longarone-Castellavazzo-2.jpeg'><img loading=\"lazy\" decoding=\"async\" width=\"150\" height=\"150\" src=\"https:\/\/www.radiopiu.net\/wordpress\/wp-content\/uploads\/2021\/10\/SS-51-Longarone-Castellavazzo-2-150x150.jpeg\" class=\"attachment-thumbnail size-thumbnail\" alt=\"\" \/><\/a>\n\t\t\t\t<\/dt><\/dl><br style=\"clear: both\" \/>\n\t\t\t<\/div>\n\n<p>&nbsp;<\/p>\n<p>&nbsp;<\/p>\n<hr \/>\n<p>&nbsp;<\/p>\n<blockquote>\n<h3>FURTO DI OCCHIALI ALLA LUXOTTICA DI SEDICO E ALLA DE RIGO DI LONGARONE<\/h3>\n<p><strong>\u00a0DI MORENO GIOLI\u00a0<\/strong><\/p><\/blockquote>\n<audio class=\"wp-audio-shortcode\" id=\"audio-234662-1\" preload=\"none\" style=\"width: 100%;\" controls=\"controls\"><source type=\"audio\/mpeg\" src=\"https:\/\/www.radiopiu.net\/wordpress\/wp-content\/uploads\/2021\/10\/mpreno-occhili.mp3?_=1\" \/><a href=\"https:\/\/www.radiopiu.net\/wordpress\/wp-content\/uploads\/2021\/10\/mpreno-occhili.mp3\">https:\/\/www.radiopiu.net\/wordpress\/wp-content\/uploads\/2021\/10\/mpreno-occhili.mp3<\/a><\/audio>\n<p>&nbsp;<\/p>\n<p>&nbsp;<\/p>\n<p><strong>SEDICO\u00a0<\/strong>\u00c8 stata denunciata una dipendente della Luxottica di Sedico che dal mese di luglio di quest\u2019anno e fino a questi giorni, si sarebbe impossessata di 10 paia di occhiali di varie marche per un valore commerciale di circa 2.000 Euro. Denunciato anche il marito che provvedeva a rivenderli nei pressi della Stazione ferroviaria di Belluno a clienti occasionali<\/p>\n<p><strong>LONGARONE <\/strong>Molto pi\u00f9 consistente il bottino di una dipendente della De Rigo. Quaranta le montature di varie marche asportati per un valore commerciale di 7\/8000 euro<\/p>\n<p><em><strong>In entrambi i casi le aziende avevano segnalato la sparizione costante di occhiali. I successivi accertamenti e le perquisizioni domiciliari hanno consentito il rinvenimento della refurtiva<\/strong><\/em><\/p>\n\n\t\t\t<style type='text\/css'>\n\t\t\t\t#gallery-2 {\n\t\t\t\t\tmargin: auto;\n\t\t\t\t}\n\t\t\t\t#gallery-2 .gallery-item {\n\t\t\t\t\tfloat: left;\n\t\t\t\t\tmargin-top: 10px;\n\t\t\t\t\ttext-align: center;\n\t\t\t\t\twidth: 50%;\n\t\t\t\t}\n\t\t\t\t#gallery-2 img {\n\t\t\t\t\tborder: 2px solid #cfcfcf;\n\t\t\t\t}\n\t\t\t\t#gallery-2 .gallery-caption {\n\t\t\t\t\tmargin-left: 0;\n\t\t\t\t}\n\t\t\t\t\/* see gallery_shortcode() in wp-includes\/media.php *\/\n\t\t\t<\/style>\n\t\t<div id='gallery-2' class='dt-gallery-container gallery galleryid-234662 gallery-columns-2 gallery-size-medium'><dl class='gallery-item'>\n\t\t\t\t<dt class='gallery-icon portrait'>\n\t\t\t\t\t<a class=\"rollover\" href='https:\/\/www.radiopiu.net\/wordpress\/furto-di-occhiali-alla-luxottica-di-sedico-e-alla-de-rigo-di-longaroneeeeeee\/img-20210930-wa0013\/'><img loading=\"lazy\" decoding=\"async\" width=\"225\" height=\"300\" src=\"https:\/\/www.radiopiu.net\/wordpress\/wp-content\/uploads\/2021\/10\/IMG-20210930-WA0013-225x300.jpg\" class=\"attachment-medium size-medium\" alt=\"\" srcset=\"https:\/\/www.radiopiu.net\/wordpress\/wp-content\/uploads\/2021\/10\/IMG-20210930-WA0013-225x300.jpg 225w, https:\/\/www.radiopiu.net\/wordpress\/wp-content\/uploads\/2021\/10\/IMG-20210930-WA0013.jpg 768w\" sizes=\"auto, (max-width: 225px) 100vw, 225px\" \/><\/a>\n\t\t\t\t<\/dt><\/dl><dl class='gallery-item'>\n\t\t\t\t<dt class='gallery-icon portrait'>\n\t\t\t\t\t<a class=\"rollover\" href='https:\/\/www.radiopiu.net\/wordpress\/furto-di-occhiali-alla-luxottica-di-sedico-e-alla-de-rigo-di-longaroneeeeeee\/schermata-2021-10-01-alle-10-29-16\/'><img loading=\"lazy\" decoding=\"async\" width=\"266\" height=\"300\" src=\"https:\/\/www.radiopiu.net\/wordpress\/wp-content\/uploads\/2021\/10\/Schermata-2021-10-01-alle-10.29.16-266x300.png\" class=\"attachment-medium size-medium\" alt=\"\" srcset=\"https:\/\/www.radiopiu.net\/wordpress\/wp-content\/uploads\/2021\/10\/Schermata-2021-10-01-alle-10.29.16-266x300.png 266w, https:\/\/www.radiopiu.net\/wordpress\/wp-content\/uploads\/2021\/10\/Schermata-2021-10-01-alle-10.29.16-908x1024.png 908w, https:\/\/www.radiopiu.net\/wordpress\/wp-content\/uploads\/2021\/10\/Schermata-2021-10-01-alle-10.29.16-768x866.png 768w, https:\/\/www.radiopiu.net\/wordpress\/wp-content\/uploads\/2021\/10\/Schermata-2021-10-01-alle-10.29.16.png 1108w\" sizes=\"auto, (max-width: 266px) 100vw, 266px\" \/><\/a>\n\t\t\t\t<\/dt><\/dl><br style=\"clear: both\" \/>\n\t\t\t<\/div>\n\n<p>&nbsp;<\/p>\n<hr \/>\n<p>&nbsp;<\/p>\n<blockquote>\n<h3>MANCATO RISPETTO DELLE NORME COVID E SCATTA LA CHIUSURA<\/h3>\n<\/blockquote>\n<p><strong><a href=\"https:\/\/www.radiopiu.net\/wordpress\/mancato-rispetto-delle-norme-covid-e-scatta-la-chiusura\/img-20211001-wa0014-1\/\" rel=\"attachment wp-att-234839\"><img loading=\"lazy\" decoding=\"async\" class=\"wp-image-234839 alignleft\" src=\"https:\/\/www.radiopiu.net\/wordpress\/wp-content\/uploads\/2021\/10\/IMG-20211001-WA0014-1-300x225.jpg\" alt=\"\" width=\"179\" height=\"134\" srcset=\"https:\/\/www.radiopiu.net\/wordpress\/wp-content\/uploads\/2021\/10\/IMG-20211001-WA0014-1-300x225.jpg 300w, https:\/\/www.radiopiu.net\/wordpress\/wp-content\/uploads\/2021\/10\/IMG-20211001-WA0014-1-1024x768.jpg 1024w, https:\/\/www.radiopiu.net\/wordpress\/wp-content\/uploads\/2021\/10\/IMG-20211001-WA0014-1-768x576.jpg 768w, https:\/\/www.radiopiu.net\/wordpress\/wp-content\/uploads\/2021\/10\/IMG-20211001-WA0014-1-1536x1152.jpg 1536w, https:\/\/www.radiopiu.net\/wordpress\/wp-content\/uploads\/2021\/10\/IMG-20211001-WA0014-1.jpg 1600w\" sizes=\"auto, (max-width: 179px) 100vw, 179px\" \/><\/a>FELTRE<\/strong> I carabinieri di Feltre hanno chiuso per cinque giorni l\u2019esercizio pubblico \u201cRistorante pizzeria da Frank\u201d\u00a0 a Quero Vas. Nel corso di un controllo, tipico di questi tempi, gli uomini dell&#8217;Arma comandanti dal Capitano Luca Innelli hanno contato le teste dei presenti nel locale arrivando ad una conclusione: il previsto distanziamento non \u00e8 rispettato. Per questo \u00e8 scattata l&#8217;immediata denuncia con quanto ne consegue, sanzioni e chiusura del locale come detto per cinque giorni.<\/p>\n<p>E&#8217; un brutto periodo per il locale, tre sanzioni in meno di quattro settimane (la prima per non aver rispettato gli orari di chiusura) e due successive per il non rispetto delle norme covid, con la chiusura per cinque giorni. L&#8217;ultima volta era in corso anche una serata danzante nel mancato rispetto del distanziamento e mascherina. Sar\u00e0 la Prefettura, alla luce della recidiva a stabilire eventuali altri sanzioni o ulteriori chiusure del locale.<\/p>\n<p>&nbsp;<\/p>\n<p>&nbsp;<\/p>\n<p>&nbsp;<\/p>\n<hr \/>\n<p>&nbsp;<\/p>\n<blockquote>\n<h3>L&#8217;ADDIO A GIOVANNI SCHENA, PIETRA MILIARE DELL&#8217;IMPRENDITORIA DI AGORDO, SCHENA DAL 1930, UNA STORIA INIZIATA CON IL PAPA&#8217; SIMEONE CHE CONTINUA CON FRANCESCO<\/h3>\n<\/blockquote>\n<p><strong><a href=\"https:\/\/www.radiopiu.net\/wordpress\/laddio-a-gianni-schena-pietra-miliare-dellimprenditoria-di-agordo\/b0c27132-41ef-46fd-b5fa-5f15c9f7896a\/\" rel=\"attachment wp-att-234772\"><img loading=\"lazy\" decoding=\"async\" class=\" wp-image-234772 alignleft\" src=\"https:\/\/www.radiopiu.net\/wordpress\/wp-content\/uploads\/2021\/10\/b0c27132-41ef-46fd-b5fa-5f15c9f7896a-231x300.jpg\" alt=\"\" width=\"177\" height=\"230\" srcset=\"https:\/\/www.radiopiu.net\/wordpress\/wp-content\/uploads\/2021\/10\/b0c27132-41ef-46fd-b5fa-5f15c9f7896a-231x300.jpg 231w, https:\/\/www.radiopiu.net\/wordpress\/wp-content\/uploads\/2021\/10\/b0c27132-41ef-46fd-b5fa-5f15c9f7896a-768x999.jpg 768w, https:\/\/www.radiopiu.net\/wordpress\/wp-content\/uploads\/2021\/10\/b0c27132-41ef-46fd-b5fa-5f15c9f7896a.jpg 787w\" sizes=\"auto, (max-width: 177px) 100vw, 177px\" \/><\/a><\/strong><\/p>\n<p><strong>AGORDO<\/strong>\u00a0 E&#8217; mancato tra l&#8217;abbraccio dei suoi familiari Giovanni Schena, 78 anni, marito,\u00a0 padre, nonno esemplare e instancabile lavoratore nell&#8217;impiantistica e nel commercio con i due negozi a marchio Schena.<\/p>\n<p>La citt\u00e0 perde un personaggio importante, un imprenditore che ha fatto scuola creando aziende anche e soprattutto con l&#8217;aiuto e il supporto della famiglia. Gianni Schena, per noi della radio con Gabriella: <em>&#8220;Gianni e Gabriella dei dischi&#8221;<\/em>, perch\u00e9 con Gianni e Gabriella sono trascorsi i primi importanti decenni della radio quando a girare erano i vinili e successivamente i Cd e &#8220;Schena&#8221; \u00e8 stato il nostro punto di riferimento.\u00a0 \u00a0Agordo \u00e8 vicino alla moglie Gabriella, ai figli Francesco con Serena e Chiara con Alessandro, alle adorate nipoti Alice, Bianca, Nora, Giulia ed Elena. La cerimonia funebre lunedi alle 14.30 nell&#8217;Arcidiaconale di Agordo.<\/p>\n<p><em>A Gabriella, alla famiglia, un messaggio di cordoglio da tutta la redazione di Radio Pi\u00f9\u00a0<\/em><\/p>\n<p>&nbsp;<\/p>\n<p><strong><span style=\"color: #ff0000;\">DAL CORRIERE DELLE ALPI, GIANNI SANTOMASO<\/span><\/strong><\/p>\n<audio class=\"wp-audio-shortcode\" id=\"audio-234662-2\" preload=\"none\" style=\"width: 100%;\" controls=\"controls\"><source type=\"audio\/mpeg\" src=\"https:\/\/www.radiopiu.net\/wordpress\/wp-content\/uploads\/2021\/10\/GIANNI-SCHENA.mp3?_=2\" \/><a href=\"https:\/\/www.radiopiu.net\/wordpress\/wp-content\/uploads\/2021\/10\/GIANNI-SCHENA.mp3\">https:\/\/www.radiopiu.net\/wordpress\/wp-content\/uploads\/2021\/10\/GIANNI-SCHENA.mp3<\/a><\/audio>\n<p>&nbsp;<\/p>\n<hr \/>\n<p>&nbsp;<\/p>\n<p>&nbsp;<\/p>\n<blockquote>\n<h3><a href=\"https:\/\/www.radiopiu.net\/wordpress\/speraznes\/th-195\/\" rel=\"attachment wp-att-233596\"><img loading=\"lazy\" decoding=\"async\" class=\"wp-image-233596 alignleft\" src=\"https:\/\/www.radiopiu.net\/wordpress\/wp-content\/uploads\/2021\/09\/th-10-e1633058955960.jpg\" alt=\"\" width=\"161\" height=\"121\" \/><\/a>I FUNERALI DI GIACOMO SARTORI, A MEL<\/h3>\n<\/blockquote>\n<p>&nbsp;<\/p>\n<p><strong><em>BORGO VALBELLUNA<\/em><\/strong> Mamma Daniela, pap\u00e0 Stefano e il fratello Tommaso oggi daranno l&#8217;ultimo saluto al loro Giacomo, morto a soli 29 anni. I funerali\u00a0 alle 15\u00a0 nella chiesa di Mel<\/p>\n<p>&nbsp;<\/p>\n<p>&nbsp;<\/p>\n<hr \/>\n<p>&nbsp;<\/p>\n<p>&nbsp;<\/p>\n<blockquote>\n<h3>INFORTUNIO SULLA CIMA OVEST DI LAVAREDO<\/h3>\n<\/blockquote>\n<p><strong><img loading=\"lazy\" decoding=\"async\" class=\"alignleft\" src=\"https:\/\/www.radiopiu.net\/wordpress\/wp-content\/uploads\/2021\/09\/salt_20210925_194232_070.jpg\" width=\"187\" height=\"140\" \/>AURONZO\u00a0<\/strong> Caduta in parete di un alpinista, che stava scalando una via sulla Ovest delle Tre Cime di Lavaredo. Data la presenza di nubi basse, l&#8217;elicottero del Suem di Pieve di Cadore ha fatto un primo tentativo di avvicinamento, ma ha dovuto desistere e atterrare al Rifugio Lavaredo. Poich\u00e9 le nuvole non si spostavano dal canale di accesso, l&#8217;eliambulanza \u00e8 scesa a imbarcare una squadra del Soccorso alpino di Auronzo e del Sagf per trasportarle fino al campo base al Lavaredo. Non appena si \u00e8 aperto un varco, l&#8217;eliambulanza \u00e8 nuovamente decollata e ha potuto effettuare il recupero con un verricello di 50 metri dell&#8217;alpinista austriaco, che si trovava con altri tre scalatori e aveva riportato una probabile frattura al piede. L&#8217;infortunato \u00e8 stato trasportato all&#8217;ospedale di Belluno.<\/p>\n<p>&nbsp;<\/p>\n<p>&nbsp;<\/p>\n<hr \/>\n<p>&nbsp;<\/p>\n<blockquote>\n<h3>CENTRA L&#8217;ANGOLO DELLA CASA, SONNA FELTRINA IN OSPEDALE<\/h3>\n<\/blockquote>\n<p><strong><a href=\"https:\/\/www.radiopiu.net\/wordpress\/centra-langolo-della-casa-sonna-feltrina-in-ospedale\/img-20211001-wa0018\/\" rel=\"attachment wp-att-234859\"><img loading=\"lazy\" decoding=\"async\" class=\"size-medium wp-image-234859 alignleft\" src=\"https:\/\/www.radiopiu.net\/wordpress\/wp-content\/uploads\/2021\/10\/IMG-20211001-WA0018-300x169.jpg\" alt=\"\" width=\"300\" height=\"169\" srcset=\"https:\/\/www.radiopiu.net\/wordpress\/wp-content\/uploads\/2021\/10\/IMG-20211001-WA0018-300x169.jpg 300w, https:\/\/www.radiopiu.net\/wordpress\/wp-content\/uploads\/2021\/10\/IMG-20211001-WA0018-1024x576.jpg 1024w, https:\/\/www.radiopiu.net\/wordpress\/wp-content\/uploads\/2021\/10\/IMG-20211001-WA0018-768x432.jpg 768w, https:\/\/www.radiopiu.net\/wordpress\/wp-content\/uploads\/2021\/10\/IMG-20211001-WA0018-1536x864.jpg 1536w, https:\/\/www.radiopiu.net\/wordpress\/wp-content\/uploads\/2021\/10\/IMG-20211001-WA0018.jpg 1599w\" sizes=\"auto, (max-width: 300px) 100vw, 300px\" \/><\/a>FELTRE<\/strong> Una donna P.S.77\u00a0 anni di Feltre \u00e8 ricoverata in ospedale,\u00a0 il muso della Panda schiacciato contro l&#8217;angolo di un&#8217;abitazione di via Quartiere Salvo d\u2019acquisto verso via Tempietto. Queste le conseguenze del sinistro di oggi.\u00a0 I Carabinieri di Belluno intervenuti sul posto stanno ricostruendo le cause per dare una spiegazione come\u00a0 la donna abbia perso\u00a0 il controllo del mezzo<strong><br \/>\n<\/strong><\/p>\n<p><strong>CASTION<\/strong> Contemporaneamente altro schianto contro una casa a Castion, fortunatamente senza conseguenze gravi<\/p>\n\n\t\t\t<style type='text\/css'>\n\t\t\t\t#gallery-3 {\n\t\t\t\t\tmargin: auto;\n\t\t\t\t}\n\t\t\t\t#gallery-3 .gallery-item {\n\t\t\t\t\tfloat: left;\n\t\t\t\t\tmargin-top: 10px;\n\t\t\t\t\ttext-align: center;\n\t\t\t\t\twidth: 100%;\n\t\t\t\t}\n\t\t\t\t#gallery-3 img {\n\t\t\t\t\tborder: 2px solid #cfcfcf;\n\t\t\t\t}\n\t\t\t\t#gallery-3 .gallery-caption {\n\t\t\t\t\tmargin-left: 0;\n\t\t\t\t}\n\t\t\t\t\/* see gallery_shortcode() in wp-includes\/media.php *\/\n\t\t\t<\/style>\n\t\t<div id='gallery-3' class='dt-gallery-container gallery galleryid-234662 gallery-columns-1 gallery-size-thumbnail'><dl class='gallery-item'>\n\t\t\t\t<dt class='gallery-icon landscape'>\n\t\t\t\t\t<a class=\"rollover rollover-zoom dt-pswp-item\" title=\"2fbc6a92-f085-43d8-88dd-d8e97190d8d7\" data-dt-img-description=\"\" data-large_image_width=\"2048\" data-large_image_height=\"2035\"href='https:\/\/www.radiopiu.net\/wordpress\/wp-content\/uploads\/2021\/10\/2fbc6a92-f085-43d8-88dd-d8e97190d8d7.jpg'><img loading=\"lazy\" decoding=\"async\" width=\"150\" height=\"150\" src=\"https:\/\/www.radiopiu.net\/wordpress\/wp-content\/uploads\/2021\/10\/2fbc6a92-f085-43d8-88dd-d8e97190d8d7-150x150.jpg\" class=\"attachment-thumbnail size-thumbnail\" alt=\"\" srcset=\"https:\/\/www.radiopiu.net\/wordpress\/wp-content\/uploads\/2021\/10\/2fbc6a92-f085-43d8-88dd-d8e97190d8d7-150x150.jpg 150w, https:\/\/www.radiopiu.net\/wordpress\/wp-content\/uploads\/2021\/10\/2fbc6a92-f085-43d8-88dd-d8e97190d8d7-300x298.jpg 300w, https:\/\/www.radiopiu.net\/wordpress\/wp-content\/uploads\/2021\/10\/2fbc6a92-f085-43d8-88dd-d8e97190d8d7-1024x1018.jpg 1024w, https:\/\/www.radiopiu.net\/wordpress\/wp-content\/uploads\/2021\/10\/2fbc6a92-f085-43d8-88dd-d8e97190d8d7-768x763.jpg 768w, https:\/\/www.radiopiu.net\/wordpress\/wp-content\/uploads\/2021\/10\/2fbc6a92-f085-43d8-88dd-d8e97190d8d7-1536x1526.jpg 1536w, https:\/\/www.radiopiu.net\/wordpress\/wp-content\/uploads\/2021\/10\/2fbc6a92-f085-43d8-88dd-d8e97190d8d7.jpg 2048w\" sizes=\"auto, (max-width: 150px) 100vw, 150px\" \/><\/a>\n\t\t\t\t<\/dt><\/dl><br style=\"clear: both\" \/>\n\t\t\t<\/div>\n\n<hr \/>\n<p>&nbsp;<\/p>\n<p>&nbsp;<\/p>\n<p>&nbsp;<\/p>\n<blockquote>\n<h3>SOSPESO UN ALTRO MEDICO NO VAX DELL&#8217;ORDINE BELLUNESE<\/h3>\n<\/blockquote>\n<p><strong><a href=\"https:\/\/www.radiopiu.net\/wordpress\/sospeso-un-altro-medico-no-vax-dellordine-bellunese\/pp-80\/\" rel=\"attachment wp-att-234854\"><img loading=\"lazy\" decoding=\"async\" class=\"size-full wp-image-234854 alignleft\" src=\"https:\/\/www.radiopiu.net\/wordpress\/wp-content\/uploads\/2021\/10\/pp.jpg\" alt=\"\" width=\"192\" height=\"192\" srcset=\"https:\/\/www.radiopiu.net\/wordpress\/wp-content\/uploads\/2021\/10\/pp.jpg 192w, https:\/\/www.radiopiu.net\/wordpress\/wp-content\/uploads\/2021\/10\/pp-150x150.jpg 150w\" sizes=\"auto, (max-width: 192px) 100vw, 192px\" \/><\/a>BELLUNO<\/strong> L&#8217;ordine del medici e odontoiatri della provincia di Belluno informa che \u00e8 pervenuta nella tarda mattinata odierna una comunicazione a mezzo posta certificata\u00a0 da parte di Ulss1\u00a0 Dolomiti di assunzione del provvedimento di sospensione per inosservanza obblighi ex DL 44 e Legge 76 2021 di un medico iscritto all&#8217;Ordine. Il Presidente ha provveduto alla assunzione degli atti amministrativi di competenza con comunicazione all&#8217;interessato e alle autorit\u00e0 preposte<\/p>\n<p>&nbsp;<\/p>\n<p>&nbsp;<\/p>\n<hr \/>\n<div class=\"page-title-head hgroup\">\n<blockquote>\n<h3 class=\"entry-title\"><\/h3>\n<h3 class=\"entry-title\">COVID, CONFRONTO NUOVI POSITIVI 2020-21<\/h3>\n<\/blockquote>\n<\/div>\n<div class=\"page-title-breadcrumbs\">\n<p><strong>AGORDO\u00a0<\/strong> Il grafico confronta l&#8217;andamento epidemico nella provincia di Belluno del 2020 e 2021. Per l&#8217;anno 2020 si evidenzia un significativo aumento dei casi in concomitanza dell&#8217;inizio della stagione autunnale. La circolazione del virus nell&#8217;estate del corrente anno si attesta a livelli pi\u00f9 alti rispetto lo scorso anno, ma il <b>trend che assume nelle ultime settimane \u00e8 opposto<\/b> a con una diminuzione dei casi. Questo andamento \u00e8 ancora preliminare e rimane fondamentale continuare l&#8217;attivit\u00e0 di monitoraggio e contenimento della pandemia. La campagna vaccinale ha raggiunto ottimi livelli di copertura che stanno, nonostante la permanenza del virus nella popolazione, allentando la pressione a livello ospedaliero.<\/p>\n<p><a href=\"https:\/\/www.radiopiu.net\/wordpress\/giornale-radiopiu-02-ottobre-2021-direttore-mirko-mezzacasa\/1111111111111111-3\/\" rel=\"attachment wp-att-234831\"><img loading=\"lazy\" decoding=\"async\" class=\"alignnone wp-image-234831 size-full\" src=\"https:\/\/www.radiopiu.net\/wordpress\/wp-content\/uploads\/2021\/10\/1111111111111111.jpg\" alt=\"\" width=\"857\" height=\"459\" srcset=\"https:\/\/www.radiopiu.net\/wordpress\/wp-content\/uploads\/2021\/10\/1111111111111111.jpg 857w, https:\/\/www.radiopiu.net\/wordpress\/wp-content\/uploads\/2021\/10\/1111111111111111-300x161.jpg 300w, https:\/\/www.radiopiu.net\/wordpress\/wp-content\/uploads\/2021\/10\/1111111111111111-768x411.jpg 768w\" sizes=\"auto, (max-width: 857px) 100vw, 857px\" \/><\/a><\/p>\n<p>&nbsp;<\/p>\n<\/div>\n<p>&nbsp;<\/p>\n<p>&nbsp;<\/p>\n<hr \/>\n<p align=\"CENTER\"><span style=\"font-size: large;\"><b>\u00a0<\/b><\/span><\/p>\n<p align=\"CENTER\"><span style=\"font-size: large;\"><b>Vaccinazione covid: prosegue l\u2019offerta vaccinale\u00a0<\/b><\/span><\/p>\n<p><strong>BELLUNO<\/strong> In vista dell\u2019obbligo generalizzato del green pass (che di regola viene rilasciato dopo 12 giorni dalla prima dose ed entra in vigore dopo 15) l\u2019Ulss Dolomiti rilancia e potenzia l\u2019offerta vaccinale nei drive in, nel centro di Sedico e sul territorio (in collaborazione con i medici di famiglia).\u00a0 \u00a0Possono accede, per eseguire la prima dose o la dose unica post covid tutte le persone di et\u00e0 superiore a 12 anni, anche senza prenotazione. Si segnala in particolare il potenziamento delle sedute serali e festive per favorire i lavoratori : <b>Belluno<\/b> drive in Ospedale \u2013 zona san Gervasio: gioved\u00ec 7 ottobre e gioved\u00ec 14 ottobre dalle 18 alle 21 <b>Feltre<\/b> Centro Prelievi: marted\u00ec e gioved\u00ec dalle 18 alle 20 <b>Sedico pala skating: <\/b>da domenica a giovedi 12.30 \u2013 20.00 <b>Borgo Valbelluna \u2013 <\/b>oratorio Villa di Villa mercoled\u00ec 8 ottobre 18.00 -20.00 <strong><span style=\"color: #ff0000;\">SABATO 2 OTTOBRE Feltre, Drive in ex Marangoni ALPAGO Drive Paludi dalle 10 alle 13 SEDICO Centro vaccinale palaskating 12.30-20 ALPAGO Drive in Paludi 10-13<\/span><\/strong><\/p>\n<p>&nbsp;<\/p>\n<p>&nbsp;<\/p>\n<blockquote class=\"wp-embedded-content\" data-secret=\"iMea57uAIo\"><p><a href=\"https:\/\/www.radiopiu.net\/wordpress\/aggiornamentoott1\/\">CORONAVIRUS: AGGIORNAMENTO NAZIONALE 01 OTTOBRE  2021<\/a><\/p><\/blockquote>\n<p><iframe loading=\"lazy\" class=\"wp-embedded-content\" sandbox=\"allow-scripts\" security=\"restricted\" style=\"position: absolute; clip: rect(1px, 1px, 1px, 1px);\" title=\"&#8220;CORONAVIRUS: AGGIORNAMENTO NAZIONALE 01 OTTOBRE  2021&#8221; &#8212; Radio Pi\u00f9\" src=\"https:\/\/www.radiopiu.net\/wordpress\/aggiornamentoott1\/embed\/#?secret=iMea57uAIo\" data-secret=\"iMea57uAIo\" width=\"600\" height=\"338\" frameborder=\"0\" marginwidth=\"0\" marginheight=\"0\" scrolling=\"no\"><\/iframe><\/p>\n<p>&nbsp;<\/p>\n<blockquote class=\"wp-embedded-content\" data-secret=\"ExyQT9oSrr\"><p><a href=\"https:\/\/www.radiopiu.net\/wordpress\/sono-349-i-nuovi-positivi-in-veneto-delle-ultime-24-ore-un-decesso-aumentano-le-terapie-intensive\/\">SONO 349 I NUOVI POSITIVI IN VENETO DELLE ULTIME 24 ORE. UN DECESSO, AUMENTANO LE TERAPIE INTENSIVE<\/a><\/p><\/blockquote>\n<p><iframe loading=\"lazy\" class=\"wp-embedded-content\" sandbox=\"allow-scripts\" security=\"restricted\" style=\"position: absolute; clip: rect(1px, 1px, 1px, 1px);\" title=\"&#8220;SONO 349 I NUOVI POSITIVI IN VENETO DELLE ULTIME 24 ORE. UN DECESSO, AUMENTANO LE TERAPIE INTENSIVE&#8221; &#8212; Radio Pi\u00f9\" src=\"https:\/\/www.radiopiu.net\/wordpress\/sono-349-i-nuovi-positivi-in-veneto-delle-ultime-24-ore-un-decesso-aumentano-le-terapie-intensive\/embed\/#?secret=ExyQT9oSrr\" data-secret=\"ExyQT9oSrr\" width=\"600\" height=\"338\" frameborder=\"0\" marginwidth=\"0\" marginheight=\"0\" scrolling=\"no\"><\/iframe><\/p>\n<p>&nbsp;<\/p>\n<h2>I GRAFICI DI TIZIANO DE COL<\/h2>\n\n\t\t\t<style type='text\/css'>\n\t\t\t\t#gallery-4 {\n\t\t\t\t\tmargin: auto;\n\t\t\t\t}\n\t\t\t\t#gallery-4 .gallery-item {\n\t\t\t\t\tfloat: left;\n\t\t\t\t\tmargin-top: 10px;\n\t\t\t\t\ttext-align: center;\n\t\t\t\t\twidth: 20%;\n\t\t\t\t}\n\t\t\t\t#gallery-4 img {\n\t\t\t\t\tborder: 2px solid #cfcfcf;\n\t\t\t\t}\n\t\t\t\t#gallery-4 .gallery-caption {\n\t\t\t\t\tmargin-left: 0;\n\t\t\t\t}\n\t\t\t\t\/* see gallery_shortcode() in wp-includes\/media.php *\/\n\t\t\t<\/style>\n\t\t<div id='gallery-4' class='dt-gallery-container gallery galleryid-234662 gallery-columns-5 gallery-size-thumbnail'><dl class='gallery-item'>\n\t\t\t\t<dt class='gallery-icon landscape'>\n\t\t\t\t\t<a class=\"rollover rollover-zoom dt-pswp-item\" title=\"b66394ab-49c3-49d0-896a-be0393c2e5ab\" data-dt-img-description=\"\" data-large_image_width=\"588\" data-large_image_height=\"369\"href='https:\/\/www.radiopiu.net\/wordpress\/wp-content\/uploads\/2021\/10\/b66394ab-49c3-49d0-896a-be0393c2e5ab.jpg'><img loading=\"lazy\" decoding=\"async\" width=\"150\" height=\"150\" src=\"https:\/\/www.radiopiu.net\/wordpress\/wp-content\/uploads\/2021\/10\/b66394ab-49c3-49d0-896a-be0393c2e5ab-150x150.jpg\" class=\"attachment-thumbnail size-thumbnail\" alt=\"\" \/><\/a>\n\t\t\t\t<\/dt><\/dl><dl class='gallery-item'>\n\t\t\t\t<dt class='gallery-icon landscape'>\n\t\t\t\t\t<a class=\"rollover rollover-zoom dt-pswp-item\" title=\"d712265a-f2b0-4283-9c68-c75012deb654\" data-dt-img-description=\"\" data-large_image_width=\"602\" data-large_image_height=\"354\"href='https:\/\/www.radiopiu.net\/wordpress\/wp-content\/uploads\/2021\/10\/d712265a-f2b0-4283-9c68-c75012deb654.jpg'><img loading=\"lazy\" decoding=\"async\" width=\"150\" height=\"150\" src=\"https:\/\/www.radiopiu.net\/wordpress\/wp-content\/uploads\/2021\/10\/d712265a-f2b0-4283-9c68-c75012deb654-150x150.jpg\" class=\"attachment-thumbnail size-thumbnail\" alt=\"\" \/><\/a>\n\t\t\t\t<\/dt><\/dl><dl class='gallery-item'>\n\t\t\t\t<dt class='gallery-icon landscape'>\n\t\t\t\t\t<a class=\"rollover rollover-zoom dt-pswp-item\" title=\"46a6c591-fb4e-4cb3-82ba-b09829c1d083\" data-dt-img-description=\"\" data-large_image_width=\"602\" data-large_image_height=\"359\"href='https:\/\/www.radiopiu.net\/wordpress\/wp-content\/uploads\/2021\/10\/46a6c591-fb4e-4cb3-82ba-b09829c1d083.jpg'><img loading=\"lazy\" decoding=\"async\" width=\"150\" height=\"150\" src=\"https:\/\/www.radiopiu.net\/wordpress\/wp-content\/uploads\/2021\/10\/46a6c591-fb4e-4cb3-82ba-b09829c1d083-150x150.jpg\" class=\"attachment-thumbnail size-thumbnail\" alt=\"\" \/><\/a>\n\t\t\t\t<\/dt><\/dl><dl class='gallery-item'>\n\t\t\t\t<dt class='gallery-icon landscape'>\n\t\t\t\t\t<a class=\"rollover rollover-zoom dt-pswp-item\" title=\"5b9d9768-5d0f-49ae-b20d-7df724c3863d\" data-dt-img-description=\"\" data-large_image_width=\"608\" data-large_image_height=\"357\"href='https:\/\/www.radiopiu.net\/wordpress\/wp-content\/uploads\/2021\/10\/5b9d9768-5d0f-49ae-b20d-7df724c3863d.jpg'><img loading=\"lazy\" decoding=\"async\" width=\"150\" height=\"150\" src=\"https:\/\/www.radiopiu.net\/wordpress\/wp-content\/uploads\/2021\/10\/5b9d9768-5d0f-49ae-b20d-7df724c3863d-150x150.jpg\" class=\"attachment-thumbnail size-thumbnail\" alt=\"\" \/><\/a>\n\t\t\t\t<\/dt><\/dl><dl class='gallery-item'>\n\t\t\t\t<dt class='gallery-icon landscape'>\n\t\t\t\t\t<a class=\"rollover rollover-zoom dt-pswp-item\" title=\"a526769f-52d1-4885-a2b2-cb0c02320512\" data-dt-img-description=\"\" data-large_image_width=\"606\" data-large_image_height=\"352\"href='https:\/\/www.radiopiu.net\/wordpress\/wp-content\/uploads\/2021\/10\/a526769f-52d1-4885-a2b2-cb0c02320512.jpg'><img loading=\"lazy\" decoding=\"async\" width=\"150\" height=\"150\" src=\"https:\/\/www.radiopiu.net\/wordpress\/wp-content\/uploads\/2021\/10\/a526769f-52d1-4885-a2b2-cb0c02320512-150x150.jpg\" class=\"attachment-thumbnail size-thumbnail\" alt=\"\" \/><\/a>\n\t\t\t\t<\/dt><\/dl><br style=\"clear: both\" \/>\n\t\t\t<\/div>\n\n<p>&nbsp;<\/p>\n<hr \/>\n<p>&nbsp;<\/p>\n<blockquote>\n<h3>ACC, PARTE LA RICHIESTA DI FINANZIAMENTO, DIPENDERA&#8217; ANCHE DALLE OFFERTE DI ACQUISTO<\/h3>\n<\/blockquote>\n<p><strong><img decoding=\"async\" class=\"alignleft\" src=\"https:\/\/www.radiopiu.net\/wordpress\/wp-content\/uploads\/2021\/07\/th-1.jpg\" \/>BORGO VALBELLUNA\u00a0<\/strong> In un incontro tecnico\u00a0 al Mise, alla presenza del commissario straordinario dell\u2019Acc di Mel Maurizio Castro, con le Segreterie nazionali di Fim, Fiom e Uilm, \u00e8 stato comunicato che il finanziamento, a sostegno della continuit\u00e0 industriale, cos\u00ec come definito dall\u2019art 37 del Decreto sostegni, pu\u00f2 essere corrisposto per una cifra variabile in relazione ai contenuti delle manifestazioni d&#8217;interesse di acquisto del compendio industriale di Mel che potranno essere presentate il prossimo 5 ottobre. La delegazione sindacale ha ribadito che il Mise, come pi\u00f9 volte espresso dai suoi rappresentanti politici in questi ultimi 18 mesi, dovr\u00e0 essere garante del mantenimento del patrimonio industriale e occupazionale<\/p>\n<p>&nbsp;<\/p>\n<p>&nbsp;<\/p>\n<hr \/>\n<blockquote>\n<h3><\/h3>\n<h3>OSPEDALE DI AGORDO DA DEDICARE A PAPA LUCIANI, L&#8217;UNIONE MONTANA CONFIDA NEL DIRETTORE MARIA GRAZIA CARRARO DOPO LA DELUSIONE DI CHI L&#8217;HA PRECEDUTA<\/h3>\n<\/blockquote>\n<p><strong>AGORDO<\/strong>\u00a0 Ieri sera consiglio dell&#8217;Unione Montana, approvata la variazione al bilancio, il consigliere Marilisa Luchetta ha rilanciato la proposta di dedicare l&#8217;ospedale di Agordo a Papa Giovanni Paolo I Albino Luciani invitando il Presidente ad insistere presso la Ulss1 (come gi\u00e0 fatto con il precedente direttore generale Adriano Rasi Caldogno) perch\u00e9 si proceda in questo senso anche alla luce della prossima beatificazione del Papa Agordino. Michele Costa ha assicurato che c&#8217;\u00e8 stato e c&#8217;\u00e8 l&#8217;interesse dell&#8217;Unione Montana come gi\u00e0 evidenziato in conferenza dei sindaci, la pandemia Covid ha sconquassato i piani perch\u00e9 c&#8217;era e c&#8217;\u00e8 altro di importante in questi mesi a cui pensare. Tutto vero, ma \u00e8 anche vero che \u00e8 un&#8217;idea del Comitato per l&#8217;Ospedale su suggerimento di Loris Santomaso (dalla manifestazione del Broi di Agordo) che risale al 2012 Presidente dell&#8217;Unione Fabio Luchetta, in quel periodo non c&#8217;era certo la pandemia covid arrivata sette anni dopo, un anno prima che Caldogno lasciasse la poltrona di direttore senza aver dato la soddisfazione agli agordini, speriamo che Maria Grazia Carraro sappia concretizzare l&#8217;iniziativa degli agordini diversamente da chi l&#8217;ha preceduta che sul territorio della vallata a questo proposito non ha\u00a0 lasciato un buon ricordo.<\/p>\n<p><strong>LA DIRETTA\u00a0 ALLA RADIO, L&#8217;INTERVENTO DI MARILISA LUCHETTA NELLA PARTE FINALE DAL MINUTO 24&#8217;50&#8221;<\/strong><\/p>\n<p><a href=\"https:\/\/www.facebook.com\/mirko.mezzacasa\/videos\/820128301996641\">https:\/\/www.facebook.com\/mirko.mezzacasa\/videos\/820128301996641<\/a><\/p>\n<blockquote>\n<h2><\/h2>\n<p>&nbsp;<\/p><\/blockquote>\n<hr \/>\n<blockquote>\n<h2>VOLO NOTTURNO, ELIPORTI AD AGORDO ED ARABBA, ALLO STUDIO ALTROVE<\/h2>\n<\/blockquote>\n<blockquote>\n<h3><strong style=\"font-size: 14px;\"><img loading=\"lazy\" decoding=\"async\" class=\"alignleft\" src=\"https:\/\/www.radiopiu.net\/wordpress\/wp-content\/uploads\/2020\/08\/ELIPORTO-AGORDO.png\" width=\"263\" height=\"162\" \/><\/strong><\/h3>\n<\/blockquote>\n<p><strong>BELLUNO\u00a0<\/strong> E&#8217; \u00a0operativo in Ulss Dolomiti il volo notturno dell\u2019elicottero del Suem 118. C\u2019\u00e8 stata una prima individuazione dei siti illuminati utilizzabili quali approdi per il volo notturno. Ulteriori siti sono in fase di valutazione e la mappa sar\u00e0 via via aggiornata, una volta vagliate nuove disponibilit\u00e0 e caratteristiche dei luoghi individuati.\u00a0 Nessun problema ad <strong>Agordo<\/strong> l&#8217;eliporto \u00e8 ben strutturato ed illuminato ed \u00e8 cosa nota da tempo grazie a Luxottica e all&#8217;area attrezzata sulla piana dei Mogn nei pressi del Palaluxottica.<\/p>\n<p>Ad <strong>Arabba<\/strong> il volo notturno \u00e8 fatto concreto. Non va altrettanto bene in Valle del Biois dove non esiste un punto dedicato al volo notturno dell&#8217;elicottero, ad Alleghe l&#8217;eliporto in riva al lago (alla foce con il Cordevole) si presta alle operazioni diurne ma non a quelle notturne, ma poco lontano a <strong>Rocca Pietore\u00a0<\/strong> si studia la soluzione per una parte importante della Val Cordevole. <em>&#8220;Stiamo pensando da tempo ad una sede della protezione civile anche con l&#8217;illuminazione per il volo notturno dell&#8217;elicottero\u00a0 \u00a0-dice il sindaco di Rocca Pietore\u00a0 &#8211; quindi le proposte della Ulss sono in linea con le nostre. La carenza di punti di atterraggio ci sprona a fare di pi\u00f9, sono certo che ce la faremo perch\u00e9 abbiamo un obiettivo&#8221; <\/em>Infine la zona di <strong>Gosaldo<\/strong>, il sindaco ricorda: <em>&#8220;Noi abbiamo segnalato le zone in cui si pu\u00f2 usufruire come volo notturno, ora aspettiamo i tecnici che ci diano dei suggerimenti come fare per l&#8217;impianto di illuminazione&#8221;\u00a0<\/em><\/p>\n<p>&nbsp;<\/p>\n<hr \/>\n<p>&nbsp;<\/p>\n<p><span style=\"color: #0000ff;\">LAVORO<\/span><\/p>\n<blockquote><p><a href=\"https:\/\/www.radiopiu.net\/wordpress\/giornale-radiopiu-25-giugno-2021-direttore-mirko-mezzacasa\/occhiale-orientale-ad-arco\/\" rel=\"attachment wp-att-217978\"><img loading=\"lazy\" decoding=\"async\" class=\" wp-image-217978\" src=\"https:\/\/www.radiopiu.net\/wordpress\/wp-content\/uploads\/2021\/06\/Fig.31-300x225.jpg\" alt=\"\" width=\"136\" height=\"102\" srcset=\"https:\/\/www.radiopiu.net\/wordpress\/wp-content\/uploads\/2021\/06\/Fig.31-300x225.jpg 300w, https:\/\/www.radiopiu.net\/wordpress\/wp-content\/uploads\/2021\/06\/Fig.31-1024x768.jpg 1024w, https:\/\/www.radiopiu.net\/wordpress\/wp-content\/uploads\/2021\/06\/Fig.31-768x576.jpg 768w, https:\/\/www.radiopiu.net\/wordpress\/wp-content\/uploads\/2021\/06\/Fig.31-1536x1152.jpg 1536w, https:\/\/www.radiopiu.net\/wordpress\/wp-content\/uploads\/2021\/06\/Fig.31-2048x1536.jpg 2048w\" sizes=\"auto, (max-width: 136px) 100vw, 136px\" \/><\/a><\/p>\n<h3>CORSO DI PROGRAMMAZIONE CNC, DALL&#8217;11 OTTOBRE: 120 ORE IN DUE SETTIMANE TRA PRATICA E TEORIA<\/h3>\n<\/blockquote>\n<p><strong>DI DAMIANO TORMEN\u00a0<\/strong><\/p>\n<audio class=\"wp-audio-shortcode\" id=\"audio-234662-3\" preload=\"none\" style=\"width: 100%;\" controls=\"controls\"><source type=\"audio\/mpeg\" src=\"https:\/\/www.radiopiu.net\/wordpress\/wp-content\/uploads\/2021\/10\/DAMIANO.mp3?_=3\" \/><a href=\"https:\/\/www.radiopiu.net\/wordpress\/wp-content\/uploads\/2021\/10\/DAMIANO.mp3\">https:\/\/www.radiopiu.net\/wordpress\/wp-content\/uploads\/2021\/10\/DAMIANO.mp3<\/a><\/audio>\n<p>&nbsp;<\/p>\n<p>&nbsp;<\/p>\n<hr \/>\n<blockquote>\n<h3><\/h3>\n<h3>SAM 2021: incontri per mamme, pap\u00e0 e nonni e appuntamento danzante<\/h3>\n<\/blockquote>\n<p><strong>BELLUNO<\/strong>\u00a0 In occasione della Settimana dedicata dall\u2019OMS all\u2019Allattamento Materno (SAM), l\u2019ulss Dolomiti propone una serie di incontri in Gmeet e una appuntamento danzante per le neo mamme LUNED\u00ec 4 OTTOBRE dalle 18 alle 19.30 L\u2019allattamento \u00e8 una faccenda di famiglia: il ruolo del PAPA\u2019 incontro in Gmeet con l\u2019ostetrica Beatrice D\u2019Alberto Iscrizioni via mail a elda.cengia@aulss1.veneto.it\u00a0 MARTED\u00ec 5 ottobre dalle 18.00 alle 19.30 L\u2019allattamento \u00e8 una faccenda di famiglia: il ruolo del PAPA\u2019 incontro in Gmeet con l\u2019ostetrica Valentina Bianchet Iscrizioni via mail a elda.cengia@aulss1.veneto.it MERCOLED\u00ec 6 ottobre dalle 14.00 alle 16.00 Da mamma a mamma incontro in Gmeet con la mamma peer counselor Chiara Croda Iscrizioni via mail a cinzia.scapolan@aulss1.veneto.it GIOVEDI 7 ottobre dalle 18.00 alle 19.30 Appuntamento danzante: allattamento e babywearing evento in presenza nella hall dell\u2019ostetricia e ginecologia di Feltre con le ostriche Costanza De Bona e Elena Fabris che proporranno movimenti a ritmo di musica per mamme e bambini in fascia Iscrizioni via mail a elda.cengia@aulss1.veneto.it<\/p>\n<p>&nbsp;<\/p>\n<p>&nbsp;<\/p>\n<hr \/>\n<p>&nbsp;<\/p>\n<blockquote>\n<h3>PALI SPEZZATI E CAVO TELEFONICO AD ALTEZZA UOMO A SERACH DI TAIBON<\/h3>\n<\/blockquote>\n<p><strong>TAIBON\u00a0<\/strong>Pali spezzati e cavi a terra, o meglio ad altezza uomo. \u00c8 questo il panorama che si trovano di fronte coloro che vogliono andare in passeggiata in localit\u00e0 Le Coste, sotto alla frazione di Serach nella parte alta di Taibon. Una zona conosciuta per il suo panorama che d\u00e0 su Agordo ma che con il passaggio di Vaia, quasi tre anni fa, ha avuto anche dei danni che non sono ancora stati riparati. I pali in questione sono quelli della Tim, letteralmente spezzati dalla furia del vento. Il cavo ad altezza uomo \u00e8 quello che parte da Brugnach e fornisce le utenze di Soccol, Campedel e Serach. Al momento non sono stati segnalati disservizi alle utenze ma solo un danno da riparare. Un cavo grosso ma ad altezza uomo che diventa pericoloso per chi va in passeggiata nella zona.<\/p>\n\n\t\t\t<style type='text\/css'>\n\t\t\t\t#gallery-5 {\n\t\t\t\t\tmargin: auto;\n\t\t\t\t}\n\t\t\t\t#gallery-5 .gallery-item {\n\t\t\t\t\tfloat: left;\n\t\t\t\t\tmargin-top: 10px;\n\t\t\t\t\ttext-align: center;\n\t\t\t\t\twidth: 25%;\n\t\t\t\t}\n\t\t\t\t#gallery-5 img {\n\t\t\t\t\tborder: 2px solid #cfcfcf;\n\t\t\t\t}\n\t\t\t\t#gallery-5 .gallery-caption {\n\t\t\t\t\tmargin-left: 0;\n\t\t\t\t}\n\t\t\t\t\/* see gallery_shortcode() in wp-includes\/media.php *\/\n\t\t\t<\/style>\n\t\t<div id='gallery-5' class='dt-gallery-container gallery galleryid-234662 gallery-columns-4 gallery-size-medium'><dl class='gallery-item'>\n\t\t\t\t<dt class='gallery-icon landscape'>\n\t\t\t\t\t<a class=\"rollover rollover-zoom dt-pswp-item\" title=\"887cde38-758b-4c6b-aa6a-1aac1293054c\" data-dt-img-description=\"\" data-large_image_width=\"1600\" data-large_image_height=\"1201\"href='https:\/\/www.radiopiu.net\/wordpress\/wp-content\/uploads\/2021\/10\/887cde38-758b-4c6b-aa6a-1aac1293054c.jpg'><img loading=\"lazy\" decoding=\"async\" width=\"300\" height=\"225\" src=\"https:\/\/www.radiopiu.net\/wordpress\/wp-content\/uploads\/2021\/10\/887cde38-758b-4c6b-aa6a-1aac1293054c-300x225.jpg\" class=\"attachment-medium size-medium\" alt=\"\" srcset=\"https:\/\/www.radiopiu.net\/wordpress\/wp-content\/uploads\/2021\/10\/887cde38-758b-4c6b-aa6a-1aac1293054c-300x225.jpg 300w, https:\/\/www.radiopiu.net\/wordpress\/wp-content\/uploads\/2021\/10\/887cde38-758b-4c6b-aa6a-1aac1293054c-1024x769.jpg 1024w, https:\/\/www.radiopiu.net\/wordpress\/wp-content\/uploads\/2021\/10\/887cde38-758b-4c6b-aa6a-1aac1293054c-768x576.jpg 768w, https:\/\/www.radiopiu.net\/wordpress\/wp-content\/uploads\/2021\/10\/887cde38-758b-4c6b-aa6a-1aac1293054c-1536x1153.jpg 1536w, https:\/\/www.radiopiu.net\/wordpress\/wp-content\/uploads\/2021\/10\/887cde38-758b-4c6b-aa6a-1aac1293054c.jpg 1600w\" sizes=\"auto, (max-width: 300px) 100vw, 300px\" \/><\/a>\n\t\t\t\t<\/dt><\/dl><dl class='gallery-item'>\n\t\t\t\t<dt class='gallery-icon landscape'>\n\t\t\t\t\t<a class=\"rollover rollover-zoom dt-pswp-item\" title=\"bf361e33-97b1-40e8-b352-93eb6e6b1f5a\" data-dt-img-description=\"\" data-large_image_width=\"1600\" data-large_image_height=\"1201\"href='https:\/\/www.radiopiu.net\/wordpress\/wp-content\/uploads\/2021\/10\/bf361e33-97b1-40e8-b352-93eb6e6b1f5a.jpg'><img loading=\"lazy\" decoding=\"async\" width=\"300\" height=\"225\" src=\"https:\/\/www.radiopiu.net\/wordpress\/wp-content\/uploads\/2021\/10\/bf361e33-97b1-40e8-b352-93eb6e6b1f5a-300x225.jpg\" class=\"attachment-medium size-medium\" alt=\"\" srcset=\"https:\/\/www.radiopiu.net\/wordpress\/wp-content\/uploads\/2021\/10\/bf361e33-97b1-40e8-b352-93eb6e6b1f5a-300x225.jpg 300w, https:\/\/www.radiopiu.net\/wordpress\/wp-content\/uploads\/2021\/10\/bf361e33-97b1-40e8-b352-93eb6e6b1f5a-1024x769.jpg 1024w, https:\/\/www.radiopiu.net\/wordpress\/wp-content\/uploads\/2021\/10\/bf361e33-97b1-40e8-b352-93eb6e6b1f5a-768x576.jpg 768w, https:\/\/www.radiopiu.net\/wordpress\/wp-content\/uploads\/2021\/10\/bf361e33-97b1-40e8-b352-93eb6e6b1f5a-1536x1153.jpg 1536w, https:\/\/www.radiopiu.net\/wordpress\/wp-content\/uploads\/2021\/10\/bf361e33-97b1-40e8-b352-93eb6e6b1f5a.jpg 1600w\" sizes=\"auto, (max-width: 300px) 100vw, 300px\" \/><\/a>\n\t\t\t\t<\/dt><\/dl><dl class='gallery-item'>\n\t\t\t\t<dt class='gallery-icon landscape'>\n\t\t\t\t\t<a class=\"rollover rollover-zoom dt-pswp-item\" title=\"90115f7e-dea3-4039-83cf-e183d0799b59\" data-dt-img-description=\"\" data-large_image_width=\"1600\" data-large_image_height=\"1201\"href='https:\/\/www.radiopiu.net\/wordpress\/wp-content\/uploads\/2021\/10\/90115f7e-dea3-4039-83cf-e183d0799b59.jpg'><img loading=\"lazy\" decoding=\"async\" width=\"300\" height=\"225\" src=\"https:\/\/www.radiopiu.net\/wordpress\/wp-content\/uploads\/2021\/10\/90115f7e-dea3-4039-83cf-e183d0799b59-300x225.jpg\" class=\"attachment-medium size-medium\" alt=\"\" srcset=\"https:\/\/www.radiopiu.net\/wordpress\/wp-content\/uploads\/2021\/10\/90115f7e-dea3-4039-83cf-e183d0799b59-300x225.jpg 300w, https:\/\/www.radiopiu.net\/wordpress\/wp-content\/uploads\/2021\/10\/90115f7e-dea3-4039-83cf-e183d0799b59-1024x769.jpg 1024w, https:\/\/www.radiopiu.net\/wordpress\/wp-content\/uploads\/2021\/10\/90115f7e-dea3-4039-83cf-e183d0799b59-768x576.jpg 768w, https:\/\/www.radiopiu.net\/wordpress\/wp-content\/uploads\/2021\/10\/90115f7e-dea3-4039-83cf-e183d0799b59-1536x1153.jpg 1536w, https:\/\/www.radiopiu.net\/wordpress\/wp-content\/uploads\/2021\/10\/90115f7e-dea3-4039-83cf-e183d0799b59.jpg 1600w\" sizes=\"auto, (max-width: 300px) 100vw, 300px\" \/><\/a>\n\t\t\t\t<\/dt><\/dl><dl class='gallery-item'>\n\t\t\t\t<dt class='gallery-icon portrait'>\n\t\t\t\t\t<a class=\"rollover rollover-zoom dt-pswp-item\" title=\"71cc66ec-3ab9-4d36-b07d-46cde6402be1\" data-dt-img-description=\"\" data-large_image_width=\"1080\" data-large_image_height=\"1529\"href='https:\/\/www.radiopiu.net\/wordpress\/wp-content\/uploads\/2021\/10\/71cc66ec-3ab9-4d36-b07d-46cde6402be1.jpg'><img loading=\"lazy\" decoding=\"async\" width=\"212\" height=\"300\" src=\"https:\/\/www.radiopiu.net\/wordpress\/wp-content\/uploads\/2021\/10\/71cc66ec-3ab9-4d36-b07d-46cde6402be1-212x300.jpg\" class=\"attachment-medium size-medium\" alt=\"\" srcset=\"https:\/\/www.radiopiu.net\/wordpress\/wp-content\/uploads\/2021\/10\/71cc66ec-3ab9-4d36-b07d-46cde6402be1-212x300.jpg 212w, https:\/\/www.radiopiu.net\/wordpress\/wp-content\/uploads\/2021\/10\/71cc66ec-3ab9-4d36-b07d-46cde6402be1-723x1024.jpg 723w, https:\/\/www.radiopiu.net\/wordpress\/wp-content\/uploads\/2021\/10\/71cc66ec-3ab9-4d36-b07d-46cde6402be1-768x1087.jpg 768w, https:\/\/www.radiopiu.net\/wordpress\/wp-content\/uploads\/2021\/10\/71cc66ec-3ab9-4d36-b07d-46cde6402be1.jpg 1080w\" sizes=\"auto, (max-width: 212px) 100vw, 212px\" \/><\/a>\n\t\t\t\t<\/dt><\/dl><br style=\"clear: both\" \/>\n\t\t\t<\/div>\n\n<p>&nbsp;<\/p>\n<hr \/>\n<p>&nbsp;<\/p>\n<blockquote>\n<h2>LADINI STORICI OSSERVATORI NELL&#8217;EUREGIO TIROLO<\/h2>\n<\/blockquote>\n<p align=\"CENTER\"><span style=\"color: #000000;\"><span style=\"font-family: Arial, sans-serif;\"><span style=\"font-size: large;\">\u00ab<\/span><\/span><\/span><span style=\"color: #000000;\"><span style=\"font-family: Arial, sans-serif;\"><span style=\"font-size: large;\"><b>SEGNALE IMPORTANTE PER QUELLE TERRE E PER LA POLITICA<\/b><\/span><\/span><\/span><span style=\"color: #000000;\"><span style=\"font-family: Arial, sans-serif;\"><span style=\"font-size: large;\">\u00bb<\/span><\/span><\/span><\/p>\n<p style=\"text-align: left;\" align=\"CENTER\"><em><span style=\"color: #000000;\"><span style=\"font-family: Arial, sans-serif;\"><span style=\"font-size: large;\">Dal movimento Belluno Autonoma Regione Dolomiti\u00a0 il commento alla nomina di Denni Dorigo a delegato dei comuni di Colle Santa Lucia, Cortina d&#8217;Ampezzo e Livinallongo del Col di Lana che nel nuovo Consiglio dei Comuni dell&#8217;Euregio Tirolo Sudtirolo Trentino godono ora dello status di osservatore.\u00a0<\/span><\/span><\/span><\/em><\/p>\n<p align=\"LEFT\"><span style=\"color: #000000;\"><span style=\"font-family: Arial, sans-serif;\"><span style=\"font-size: large;\"><a href=\"https:\/\/www.radiopiu.net\/wordpress\/il-questionario-sulluso-della-lingua-ladina\/denni-dorigo-8\/\" rel=\"attachment wp-att-224612\"><img loading=\"lazy\" decoding=\"async\" class=\" wp-image-224612 alignleft\" src=\"https:\/\/www.radiopiu.net\/wordpress\/wp-content\/uploads\/2021\/07\/DENNI-DORIGO-300x300.jpg\" alt=\"\" width=\"227\" height=\"227\" srcset=\"https:\/\/www.radiopiu.net\/wordpress\/wp-content\/uploads\/2021\/07\/DENNI-DORIGO-300x300.jpg 300w, https:\/\/www.radiopiu.net\/wordpress\/wp-content\/uploads\/2021\/07\/DENNI-DORIGO-1024x1024.jpg 1024w, https:\/\/www.radiopiu.net\/wordpress\/wp-content\/uploads\/2021\/07\/DENNI-DORIGO-150x150.jpg 150w, https:\/\/www.radiopiu.net\/wordpress\/wp-content\/uploads\/2021\/07\/DENNI-DORIGO-768x769.jpg 768w, https:\/\/www.radiopiu.net\/wordpress\/wp-content\/uploads\/2021\/07\/DENNI-DORIGO.jpg 1240w\" sizes=\"auto, (max-width: 227px) 100vw, 227px\" \/><\/a><\/span><\/span><\/span><\/p>\n<p>&nbsp;<\/p>\n<hr \/>\n<p>\u00abRiteniamo un passaggio importante per i comuni di Colle Santa Lucia, Cortina d&#8217;Ampezzo e Livinallongo del Col di Lana l&#8217;ingresso di un loro rappresentante nell&#8217;Euregio Tirolo. Questo per i ladini storici \u00e8 il riconoscimento di una comunit\u00e0 estesa oltre i semplici confini politici e un segnale importante sia per la storia che per il futuro di queste tre realt\u00e0. Non dimentichiamo la battaglia che abbiamo portato avanti come BARD con i nostri consiglieri provinciali, prima Moreno Broccon e poi Ivan Minella, per l&#8217;attribuzione del ruolo di osservatore alla Provincia di Belluno, riconoscimento ottenuto in via sperimentale per un paio di anni, ma sul quale evidentemente i vertici dell&#8217;ente non credevano. Non poteva poi esserci scelta migliore di Denni Dorigo (foto), oggi direttore dell&#8217;Istitut Cultural Ladin Cesa de Jan che proprio recentemente ha presentato una pubblicazione sulla &#8220;Storia di un Referendum e di un popolo inascoltato&#8221; inerente al referendum del 2007 per il passaggio all&#8217;Alto Adige dei tre comuni; da quasi 15 anni questi paesi aspettano una risposta, il volere dei cittadini \u00e8 stato chiaro ed \u00e8 ormai ora passata che, come accaduto per Sappada e come dovr\u00e0 accadere per tutti gli altri comuni referendari da Lamon in poi, il Parlamento si esprima con un s\u00ec o un no al loro passaggio. Questo \u00e8 un messaggio importante non solo per i ladini storici, ma per l&#8217;intero mondo politico bellunese, veneto e nazionale: \u00e8 chiaro che questa pagina \u00e8 ancora irrisolta e non verr\u00e0 chiusa facilmente, e il riconoscimento arrivato dall&#8217;Euregio pu\u00f2 riaprire vecchi discorsi e aprire nuovi fronti di confronto. Se qualcuno pensava che anni di silenzio e immobilismo veneziano e romano avessero indebolito le battaglie delle terre alte, questo passaggio \u00e8 un chiaro segnale che dimostra come la partita non sia certo dimenticata, n\u00e9 di qua n\u00e9 di l\u00e0 del confine\u00bb<\/p>\n<p>&nbsp;<\/p>\n<p>&nbsp;<\/p>\n<hr \/>\n<blockquote>\n<h3><\/h3>\n<h3>LA PROPOSTA DI FABIO RUFUS BRISTOT, L&#8217;UOMO DEL SOCCORSO<\/h3>\n<\/blockquote>\n<p><strong><a href=\"https:\/\/www.radiopiu.net\/wordpress\/la-proposta-di-fabio-rufus-britot-luomo-del-soccorso\/243855735_10224433765824763_6603807883791019144_n\/\" rel=\"attachment wp-att-234764\"><img loading=\"lazy\" decoding=\"async\" class=\"size-medium wp-image-234764 alignleft\" src=\"https:\/\/www.radiopiu.net\/wordpress\/wp-content\/uploads\/2021\/10\/243855735_10224433765824763_6603807883791019144_n-300x225.jpg\" alt=\"\" width=\"300\" height=\"225\" srcset=\"https:\/\/www.radiopiu.net\/wordpress\/wp-content\/uploads\/2021\/10\/243855735_10224433765824763_6603807883791019144_n-300x225.jpg 300w, https:\/\/www.radiopiu.net\/wordpress\/wp-content\/uploads\/2021\/10\/243855735_10224433765824763_6603807883791019144_n-768x576.jpg 768w, https:\/\/www.radiopiu.net\/wordpress\/wp-content\/uploads\/2021\/10\/243855735_10224433765824763_6603807883791019144_n.jpg 960w\" sizes=\"auto, (max-width: 300px) 100vw, 300px\" \/><\/a>BELLUNO<\/strong> &#8220;<em>Vorremmo che la nuova Base di Elisoccorso del SUEM 118 di Pieve di Cadore fosse dedicata a chi ide\u00f2, organizz\u00f2 e istituzionalizz\u00f2 nella provincia di Belluno il &#8220;118&#8221;, tra i primi in Italia assieme a Bologna e Udine e a chi nel 1988, dopo alcuni anni di sperimentazione con il Soccorso Alpino, avvi\u00f2 il Servizio di Elisoccorso, anche in questo caso tra i primi in Italia. Vorremo, dunque, che questa base venisse dedicata al Dott. Angelo Costola, instancabile promotore e motore di queste realt\u00e0 che sono state straordinariamente importanti, per non dire decisive, per la provincia di Belluno, per il suo territorio, per le sue comunit\u00e0 e per l&#8217;utenza turistica<\/em>&#8220;. Questa la proposta di Fabio &#8220;Rufus&#8221; Bristot, l&#8217;uomo del Soccorso Alpino che sulla pagina Facebook &#8220;Base di elisoccorso Angelo Costola&#8221; fa un appello.<\/p>\n<p>&nbsp;<\/p>\n<hr \/>\n<p>&nbsp;<\/p>\n<p>&nbsp;<\/p>\n<blockquote>\n<h3>\u00a0IN RICORDO DI REMIS<br \/>\nOGGI SUL CORRIERE DELLE ALPI, DI GIANNI SANTOMASO<\/h3>\n<\/blockquote>\n<p><strong>IL RACCONTO<\/strong> Una nuova via sull&#8217;Agn\u00e9r dedicata a Remis Benvegn\u00f9. La notizia l&#8217;hanno comunicata pi\u00f9 di un anno dopo per discrezione e riservatezza che li contraddistingue. Ma oggi hanno pensato che il loro gesto potesse essere condiviso con il resto della comunit\u00e0.Nell&#8217;agosto 2020 gli alpinisti agordini Stefano Santomaso (accademico del Cai) ed Ermes Dell&#8217;Agnola hanno infatti aperto una nuova via sul pilastro Tor\u00f3nt sull&#8217;Agn\u00e9r percorrendola in una sola giornata<\/p>\n\n\t\t\t<style type='text\/css'>\n\t\t\t\t#gallery-6 {\n\t\t\t\t\tmargin: auto;\n\t\t\t\t}\n\t\t\t\t#gallery-6 .gallery-item {\n\t\t\t\t\tfloat: left;\n\t\t\t\t\tmargin-top: 10px;\n\t\t\t\t\ttext-align: center;\n\t\t\t\t\twidth: 33%;\n\t\t\t\t}\n\t\t\t\t#gallery-6 img {\n\t\t\t\t\tborder: 2px solid #cfcfcf;\n\t\t\t\t}\n\t\t\t\t#gallery-6 .gallery-caption {\n\t\t\t\t\tmargin-left: 0;\n\t\t\t\t}\n\t\t\t\t\/* see gallery_shortcode() in wp-includes\/media.php *\/\n\t\t\t<\/style>\n\t\t<div id='gallery-6' class='dt-gallery-container gallery galleryid-234662 gallery-columns-3 gallery-size-thumbnail'><dl class='gallery-item'>\n\t\t\t\t<dt class='gallery-icon portrait'>\n\t\t\t\t\t<a class=\"rollover rollover-zoom dt-pswp-item\" title=\"Tracciato Via Remis Benvegn\u00f9\" data-dt-img-description=\"\" data-large_image_width=\"738\" data-large_image_height=\"964\"href='https:\/\/www.radiopiu.net\/wordpress\/wp-content\/uploads\/2021\/10\/Tracciato-Via-Remis-Benvegnu.jpg'><img loading=\"lazy\" decoding=\"async\" width=\"150\" height=\"150\" src=\"https:\/\/www.radiopiu.net\/wordpress\/wp-content\/uploads\/2021\/10\/Tracciato-Via-Remis-Benvegnu-150x150.jpg\" class=\"attachment-thumbnail size-thumbnail\" alt=\"\" aria-describedby=\"gallery-6-234930\" \/><\/a>\n\t\t\t\t<\/dt>\n\t\t\t\t\t<dd class='wp-caption-text gallery-caption' id='gallery-6-234930'>\n\t\t\t\t\tIL TRACCIATO\n\t\t\t\t\t<\/dd><\/dl><dl class='gallery-item'>\n\t\t\t\t<dt class='gallery-icon portrait'>\n\t\t\t\t\t<a class=\"rollover rollover-zoom dt-pswp-item\" title=\"Ermes Dell&#039;Agnola durante la scalata\" data-dt-img-description=\"\" data-large_image_width=\"1920\" data-large_image_height=\"2560\"href='https:\/\/www.radiopiu.net\/wordpress\/wp-content\/uploads\/2021\/10\/Ermes-DellAgnola-durante-la-scalata-scaled.jpg'><img loading=\"lazy\" decoding=\"async\" width=\"150\" height=\"150\" src=\"https:\/\/www.radiopiu.net\/wordpress\/wp-content\/uploads\/2021\/10\/Ermes-DellAgnola-durante-la-scalata-150x150.jpg\" class=\"attachment-thumbnail size-thumbnail\" alt=\"\" aria-describedby=\"gallery-6-234929\" \/><\/a>\n\t\t\t\t<\/dt>\n\t\t\t\t\t<dd class='wp-caption-text gallery-caption' id='gallery-6-234929'>\n\t\t\t\t\tERMES DELL&#8217;AGNOLA\n\t\t\t\t\t<\/dd><\/dl><dl class='gallery-item'>\n\t\t\t\t<dt class='gallery-icon landscape'>\n\t\t\t\t\t<a class=\"rollover rollover-zoom dt-pswp-item\" title=\"Stefano Santomaso durante la salita-2-1\" data-dt-img-description=\"\" data-large_image_width=\"2560\" data-large_image_height=\"2560\"href='https:\/\/www.radiopiu.net\/wordpress\/wp-content\/uploads\/2021\/10\/Stefano-Santomaso-durante-la-salita-2-1-scaled.jpg'><img loading=\"lazy\" decoding=\"async\" width=\"150\" height=\"150\" src=\"https:\/\/www.radiopiu.net\/wordpress\/wp-content\/uploads\/2021\/10\/Stefano-Santomaso-durante-la-salita-2-1-150x150.jpg\" class=\"attachment-thumbnail size-thumbnail\" alt=\"\" aria-describedby=\"gallery-6-234928\" srcset=\"https:\/\/www.radiopiu.net\/wordpress\/wp-content\/uploads\/2021\/10\/Stefano-Santomaso-durante-la-salita-2-1-150x150.jpg 150w, https:\/\/www.radiopiu.net\/wordpress\/wp-content\/uploads\/2021\/10\/Stefano-Santomaso-durante-la-salita-2-1-300x300.jpg 300w, https:\/\/www.radiopiu.net\/wordpress\/wp-content\/uploads\/2021\/10\/Stefano-Santomaso-durante-la-salita-2-1-1024x1024.jpg 1024w, https:\/\/www.radiopiu.net\/wordpress\/wp-content\/uploads\/2021\/10\/Stefano-Santomaso-durante-la-salita-2-1-768x768.jpg 768w, https:\/\/www.radiopiu.net\/wordpress\/wp-content\/uploads\/2021\/10\/Stefano-Santomaso-durante-la-salita-2-1-1536x1536.jpg 1536w, https:\/\/www.radiopiu.net\/wordpress\/wp-content\/uploads\/2021\/10\/Stefano-Santomaso-durante-la-salita-2-1-2048x2048.jpg 2048w\" sizes=\"auto, (max-width: 150px) 100vw, 150px\" \/><\/a>\n\t\t\t\t<\/dt>\n\t\t\t\t\t<dd class='wp-caption-text gallery-caption' id='gallery-6-234928'>\n\t\t\t\t\tSTEFANO SANTOMASO\n\t\t\t\t\t<\/dd><\/dl><br style=\"clear: both\" \/>\n\t\t\t<\/div>\n\n<p>&nbsp;<\/p>\n<p>&nbsp;<\/p>\n<hr \/>\n<p>&nbsp;<\/p>\n<blockquote>\n<h3>BIM GSP, SISTEMATA LA VASCA IMHOFF DI SOTTO BERNART A SELVA<\/h3>\n<p><em>Nella strategia di lungo periodo di Bim Gsp, chiaramente delineata nel programma dei lavori da 215 milioni di euro approvato di recente dai sindaci dell\u2019ente d\u2019ambito, la fognatura e depurazione rivestono un ruolo chiave, ben il 70% del valore complessivo.<\/em><\/p><\/blockquote>\n<p><strong><a href=\"https:\/\/www.radiopiu.net\/wordpress\/bim-gsp-sistemata-la-vasca-imhoff-di-sotto-bernart-a-selva\/il-cantiere-2\/\" rel=\"attachment wp-att-234791\"><img loading=\"lazy\" decoding=\"async\" class=\"wp-image-234791 alignleft\" src=\"https:\/\/www.radiopiu.net\/wordpress\/wp-content\/uploads\/2021\/10\/il-cantiere-300x225.jpg\" alt=\"\" width=\"185\" height=\"139\" srcset=\"https:\/\/www.radiopiu.net\/wordpress\/wp-content\/uploads\/2021\/10\/il-cantiere-300x225.jpg 300w, https:\/\/www.radiopiu.net\/wordpress\/wp-content\/uploads\/2021\/10\/il-cantiere-768x576.jpg 768w, https:\/\/www.radiopiu.net\/wordpress\/wp-content\/uploads\/2021\/10\/il-cantiere.jpg 992w\" sizes=\"auto, (max-width: 185px) 100vw, 185px\" \/><\/a>SELVA DI CADORE<\/strong>\u00a0\u00a0Si sono conclusi in questi giorni i lavori di Bim Gsp alla vasca imhoff di Sotto Bernart, a Selva di Cadore. L\u2019intervento, durato complessivamente cinque mesi, ha comportato la posa di una nuova porzione di fognatura, la realizzazione di un pozzetto di sfioro\u00a0 e la posa di una nuova condotta di scarico. Il <a href=\"https:\/\/www.radiopiu.net\/wordpress\/bim-gsp-sistemata-la-vasca-imhoff-di-sotto-bernart-a-selva\/la-nuova-strada-di-accesso\/\" rel=\"attachment wp-att-234794\"><img loading=\"lazy\" decoding=\"async\" class=\"size-medium wp-image-234794 alignright\" src=\"https:\/\/www.radiopiu.net\/wordpress\/wp-content\/uploads\/2021\/10\/la-nuova-strada-di-accesso-300x194.jpg\" alt=\"\" width=\"300\" height=\"194\" srcset=\"https:\/\/www.radiopiu.net\/wordpress\/wp-content\/uploads\/2021\/10\/la-nuova-strada-di-accesso-300x194.jpg 300w, https:\/\/www.radiopiu.net\/wordpress\/wp-content\/uploads\/2021\/10\/la-nuova-strada-di-accesso-1024x662.jpg 1024w, https:\/\/www.radiopiu.net\/wordpress\/wp-content\/uploads\/2021\/10\/la-nuova-strada-di-accesso-768x496.jpg 768w, https:\/\/www.radiopiu.net\/wordpress\/wp-content\/uploads\/2021\/10\/la-nuova-strada-di-accesso-1536x993.jpg 1536w, https:\/\/www.radiopiu.net\/wordpress\/wp-content\/uploads\/2021\/10\/la-nuova-strada-di-accesso.jpg 1772w\" sizes=\"auto, (max-width: 300px) 100vw, 300px\" \/><\/a>cantiere, affidato all\u2019impresa locale Selva Scavi, ha richiesto un investimento di 180mila euro. Grazie al cofinanziamento di 50mila euro del Comune, \u00e8 stata realizzata anche la strada di accesso all\u2019impianto, in sostituzione del ripido tratturo esistente. <em>\u201cQuest\u2019opera \u2013 spiega Attilio Sommavilla, presidente di Bim Gsp \u2013 ci ha permesso di risolvere importanti e annose criticit\u00e0, che limitavano il corretto funzionamento dell\u2019impianto e pregiudicavano l\u2019efficacia del processo depurativo. Oggi, anche grazie alla preziosa sinergia messa in campo con il Comune, che ringraziamo per aver contribuito fattivamente alla buona riuscita dei lavori cofinanziando la costruzione della strada di accesso alle opere, abbiamo ripristinato la funzionalit\u00e0 del processo depurativo, garantito un buon servizio all\u2019utenza collegata e assicurato sicurezza e regolarit\u00e0 alle operazioni di manutenzione\u201d<\/em>.<\/p>\n<p>&nbsp;<\/p>\n<p>&nbsp;<\/p>\n<hr \/>\n<blockquote>\n<h3><\/h3>\n<h3>UNA GIORNATA A MONT DA LASTE PER LA SCUOLA ELEMENTARE DI ROCCA PIETORE<\/h3>\n<\/blockquote>\n<p><strong><a href=\"https:\/\/www.radiopiu.net\/wordpress\/una-giornata-a-mont-di-laste-per-la-scuola-elementare-di-rocca-pietore\/2a6cbbfa-8c4d-43bc-85e2-d45e0770d924\/\" rel=\"attachment wp-att-234706\"><img loading=\"lazy\" decoding=\"async\" class=\" wp-image-234706 alignleft\" src=\"https:\/\/www.radiopiu.net\/wordpress\/wp-content\/uploads\/2021\/10\/2a6cbbfa-8c4d-43bc-85e2-d45e0770d924-300x225.jpg\" alt=\"\" width=\"251\" height=\"188\" srcset=\"https:\/\/www.radiopiu.net\/wordpress\/wp-content\/uploads\/2021\/10\/2a6cbbfa-8c4d-43bc-85e2-d45e0770d924-300x225.jpg 300w, https:\/\/www.radiopiu.net\/wordpress\/wp-content\/uploads\/2021\/10\/2a6cbbfa-8c4d-43bc-85e2-d45e0770d924-1024x768.jpg 1024w, https:\/\/www.radiopiu.net\/wordpress\/wp-content\/uploads\/2021\/10\/2a6cbbfa-8c4d-43bc-85e2-d45e0770d924-768x576.jpg 768w, https:\/\/www.radiopiu.net\/wordpress\/wp-content\/uploads\/2021\/10\/2a6cbbfa-8c4d-43bc-85e2-d45e0770d924-1536x1152.jpg 1536w, https:\/\/www.radiopiu.net\/wordpress\/wp-content\/uploads\/2021\/10\/2a6cbbfa-8c4d-43bc-85e2-d45e0770d924.jpg 1600w\" sizes=\"auto, (max-width: 251px) 100vw, 251px\" \/><\/a>ROCCA PIETORE<\/strong> Bellissima giornata a Mont da Laste con i bambini della Scuola elementare di Rocca Pietore. Oltre alla camminata tutti assieme, fino al Col Toront a vedere le postazioni belliche della Grande Guerra ma non solo. Si \u00e8 parlato del bostrico che sta attaccando i nostri boschi. Piccole scuole ma grandi opportunit\u00e0. &#8220;Una giornata che rester\u00e0 nei ricordi di tutti, bambini e adulti&#8221; dice il sindaco<\/p>\n\n\t\t\t<style type='text\/css'>\n\t\t\t\t#gallery-7 {\n\t\t\t\t\tmargin: auto;\n\t\t\t\t}\n\t\t\t\t#gallery-7 .gallery-item {\n\t\t\t\t\tfloat: left;\n\t\t\t\t\tmargin-top: 10px;\n\t\t\t\t\ttext-align: center;\n\t\t\t\t\twidth: 25%;\n\t\t\t\t}\n\t\t\t\t#gallery-7 img {\n\t\t\t\t\tborder: 2px solid #cfcfcf;\n\t\t\t\t}\n\t\t\t\t#gallery-7 .gallery-caption {\n\t\t\t\t\tmargin-left: 0;\n\t\t\t\t}\n\t\t\t\t\/* see gallery_shortcode() in wp-includes\/media.php *\/\n\t\t\t<\/style>\n\t\t<div id='gallery-7' class='dt-gallery-container gallery galleryid-234662 gallery-columns-4 gallery-size-medium'><dl class='gallery-item'>\n\t\t\t\t<dt class='gallery-icon landscape'>\n\t\t\t\t\t<a class=\"rollover rollover-zoom dt-pswp-item\" title=\"bad79cbc-b4d5-4f4e-8f29-be4dffe9076d\" data-dt-img-description=\"\" data-large_image_width=\"1600\" data-large_image_height=\"1200\"href='https:\/\/www.radiopiu.net\/wordpress\/wp-content\/uploads\/2021\/10\/bad79cbc-b4d5-4f4e-8f29-be4dffe9076d.jpg'><img loading=\"lazy\" decoding=\"async\" width=\"300\" height=\"225\" src=\"https:\/\/www.radiopiu.net\/wordpress\/wp-content\/uploads\/2021\/10\/bad79cbc-b4d5-4f4e-8f29-be4dffe9076d-300x225.jpg\" class=\"attachment-medium size-medium\" alt=\"\" srcset=\"https:\/\/www.radiopiu.net\/wordpress\/wp-content\/uploads\/2021\/10\/bad79cbc-b4d5-4f4e-8f29-be4dffe9076d-300x225.jpg 300w, https:\/\/www.radiopiu.net\/wordpress\/wp-content\/uploads\/2021\/10\/bad79cbc-b4d5-4f4e-8f29-be4dffe9076d-1024x768.jpg 1024w, https:\/\/www.radiopiu.net\/wordpress\/wp-content\/uploads\/2021\/10\/bad79cbc-b4d5-4f4e-8f29-be4dffe9076d-768x576.jpg 768w, https:\/\/www.radiopiu.net\/wordpress\/wp-content\/uploads\/2021\/10\/bad79cbc-b4d5-4f4e-8f29-be4dffe9076d-1536x1152.jpg 1536w, https:\/\/www.radiopiu.net\/wordpress\/wp-content\/uploads\/2021\/10\/bad79cbc-b4d5-4f4e-8f29-be4dffe9076d.jpg 1600w\" sizes=\"auto, (max-width: 300px) 100vw, 300px\" \/><\/a>\n\t\t\t\t<\/dt><\/dl><dl class='gallery-item'>\n\t\t\t\t<dt class='gallery-icon landscape'>\n\t\t\t\t\t<a class=\"rollover rollover-zoom dt-pswp-item\" title=\"76d57e38-102e-43e2-b3f7-d2e1ed3ef976\" data-dt-img-description=\"\" data-large_image_width=\"1600\" data-large_image_height=\"1200\"href='https:\/\/www.radiopiu.net\/wordpress\/wp-content\/uploads\/2021\/10\/76d57e38-102e-43e2-b3f7-d2e1ed3ef976.jpg'><img loading=\"lazy\" decoding=\"async\" width=\"300\" height=\"225\" src=\"https:\/\/www.radiopiu.net\/wordpress\/wp-content\/uploads\/2021\/10\/76d57e38-102e-43e2-b3f7-d2e1ed3ef976-300x225.jpg\" class=\"attachment-medium size-medium\" alt=\"\" srcset=\"https:\/\/www.radiopiu.net\/wordpress\/wp-content\/uploads\/2021\/10\/76d57e38-102e-43e2-b3f7-d2e1ed3ef976-300x225.jpg 300w, https:\/\/www.radiopiu.net\/wordpress\/wp-content\/uploads\/2021\/10\/76d57e38-102e-43e2-b3f7-d2e1ed3ef976-1024x768.jpg 1024w, https:\/\/www.radiopiu.net\/wordpress\/wp-content\/uploads\/2021\/10\/76d57e38-102e-43e2-b3f7-d2e1ed3ef976-768x576.jpg 768w, https:\/\/www.radiopiu.net\/wordpress\/wp-content\/uploads\/2021\/10\/76d57e38-102e-43e2-b3f7-d2e1ed3ef976-1536x1152.jpg 1536w, https:\/\/www.radiopiu.net\/wordpress\/wp-content\/uploads\/2021\/10\/76d57e38-102e-43e2-b3f7-d2e1ed3ef976.jpg 1600w\" sizes=\"auto, (max-width: 300px) 100vw, 300px\" \/><\/a>\n\t\t\t\t<\/dt><\/dl><dl class='gallery-item'>\n\t\t\t\t<dt class='gallery-icon landscape'>\n\t\t\t\t\t<a class=\"rollover rollover-zoom dt-pswp-item\" title=\"0596f36f-b9c2-4db1-ba5a-8bcfded3923f\" data-dt-img-description=\"\" data-large_image_width=\"1600\" data-large_image_height=\"1200\"href='https:\/\/www.radiopiu.net\/wordpress\/wp-content\/uploads\/2021\/10\/0596f36f-b9c2-4db1-ba5a-8bcfded3923f.jpg'><img loading=\"lazy\" decoding=\"async\" width=\"300\" height=\"225\" src=\"https:\/\/www.radiopiu.net\/wordpress\/wp-content\/uploads\/2021\/10\/0596f36f-b9c2-4db1-ba5a-8bcfded3923f-300x225.jpg\" class=\"attachment-medium size-medium\" alt=\"\" srcset=\"https:\/\/www.radiopiu.net\/wordpress\/wp-content\/uploads\/2021\/10\/0596f36f-b9c2-4db1-ba5a-8bcfded3923f-300x225.jpg 300w, https:\/\/www.radiopiu.net\/wordpress\/wp-content\/uploads\/2021\/10\/0596f36f-b9c2-4db1-ba5a-8bcfded3923f-1024x768.jpg 1024w, https:\/\/www.radiopiu.net\/wordpress\/wp-content\/uploads\/2021\/10\/0596f36f-b9c2-4db1-ba5a-8bcfded3923f-768x576.jpg 768w, https:\/\/www.radiopiu.net\/wordpress\/wp-content\/uploads\/2021\/10\/0596f36f-b9c2-4db1-ba5a-8bcfded3923f-1536x1152.jpg 1536w, https:\/\/www.radiopiu.net\/wordpress\/wp-content\/uploads\/2021\/10\/0596f36f-b9c2-4db1-ba5a-8bcfded3923f.jpg 1600w\" sizes=\"auto, (max-width: 300px) 100vw, 300px\" \/><\/a>\n\t\t\t\t<\/dt><\/dl><dl class='gallery-item'>\n\t\t\t\t<dt class='gallery-icon landscape'>\n\t\t\t\t\t<a class=\"rollover rollover-zoom dt-pswp-item\" title=\"20c70c3d-c11d-4bf9-a967-736efd952f37\" data-dt-img-description=\"\" data-large_image_width=\"1600\" data-large_image_height=\"1200\"href='https:\/\/www.radiopiu.net\/wordpress\/wp-content\/uploads\/2021\/10\/20c70c3d-c11d-4bf9-a967-736efd952f37.jpg'><img loading=\"lazy\" decoding=\"async\" width=\"300\" height=\"225\" src=\"https:\/\/www.radiopiu.net\/wordpress\/wp-content\/uploads\/2021\/10\/20c70c3d-c11d-4bf9-a967-736efd952f37-300x225.jpg\" class=\"attachment-medium size-medium\" alt=\"\" srcset=\"https:\/\/www.radiopiu.net\/wordpress\/wp-content\/uploads\/2021\/10\/20c70c3d-c11d-4bf9-a967-736efd952f37-300x225.jpg 300w, https:\/\/www.radiopiu.net\/wordpress\/wp-content\/uploads\/2021\/10\/20c70c3d-c11d-4bf9-a967-736efd952f37-1024x768.jpg 1024w, https:\/\/www.radiopiu.net\/wordpress\/wp-content\/uploads\/2021\/10\/20c70c3d-c11d-4bf9-a967-736efd952f37-768x576.jpg 768w, https:\/\/www.radiopiu.net\/wordpress\/wp-content\/uploads\/2021\/10\/20c70c3d-c11d-4bf9-a967-736efd952f37-1536x1152.jpg 1536w, https:\/\/www.radiopiu.net\/wordpress\/wp-content\/uploads\/2021\/10\/20c70c3d-c11d-4bf9-a967-736efd952f37.jpg 1600w\" sizes=\"auto, (max-width: 300px) 100vw, 300px\" \/><\/a>\n\t\t\t\t<\/dt><\/dl><br style=\"clear: both\" \/><dl class='gallery-item'>\n\t\t\t\t<dt class='gallery-icon landscape'>\n\t\t\t\t\t<a class=\"rollover rollover-zoom dt-pswp-item\" title=\"98031245-29df-42f4-866c-1885ef17c446\" data-dt-img-description=\"\" data-large_image_width=\"1600\" data-large_image_height=\"1200\"href='https:\/\/www.radiopiu.net\/wordpress\/wp-content\/uploads\/2021\/10\/98031245-29df-42f4-866c-1885ef17c446.jpg'><img loading=\"lazy\" decoding=\"async\" width=\"300\" height=\"225\" src=\"https:\/\/www.radiopiu.net\/wordpress\/wp-content\/uploads\/2021\/10\/98031245-29df-42f4-866c-1885ef17c446-300x225.jpg\" class=\"attachment-medium size-medium\" alt=\"\" srcset=\"https:\/\/www.radiopiu.net\/wordpress\/wp-content\/uploads\/2021\/10\/98031245-29df-42f4-866c-1885ef17c446-300x225.jpg 300w, https:\/\/www.radiopiu.net\/wordpress\/wp-content\/uploads\/2021\/10\/98031245-29df-42f4-866c-1885ef17c446-1024x768.jpg 1024w, https:\/\/www.radiopiu.net\/wordpress\/wp-content\/uploads\/2021\/10\/98031245-29df-42f4-866c-1885ef17c446-768x576.jpg 768w, https:\/\/www.radiopiu.net\/wordpress\/wp-content\/uploads\/2021\/10\/98031245-29df-42f4-866c-1885ef17c446-1536x1152.jpg 1536w, https:\/\/www.radiopiu.net\/wordpress\/wp-content\/uploads\/2021\/10\/98031245-29df-42f4-866c-1885ef17c446.jpg 1600w\" sizes=\"auto, (max-width: 300px) 100vw, 300px\" \/><\/a>\n\t\t\t\t<\/dt><\/dl><dl class='gallery-item'>\n\t\t\t\t<dt class='gallery-icon landscape'>\n\t\t\t\t\t<a class=\"rollover rollover-zoom dt-pswp-item\" title=\"ea03c985-7abb-4a8a-9cb7-b09163f77096\" data-dt-img-description=\"\" data-large_image_width=\"1600\" data-large_image_height=\"1200\"href='https:\/\/www.radiopiu.net\/wordpress\/wp-content\/uploads\/2021\/10\/ea03c985-7abb-4a8a-9cb7-b09163f77096.jpg'><img loading=\"lazy\" decoding=\"async\" width=\"300\" height=\"225\" src=\"https:\/\/www.radiopiu.net\/wordpress\/wp-content\/uploads\/2021\/10\/ea03c985-7abb-4a8a-9cb7-b09163f77096-300x225.jpg\" class=\"attachment-medium size-medium\" alt=\"\" srcset=\"https:\/\/www.radiopiu.net\/wordpress\/wp-content\/uploads\/2021\/10\/ea03c985-7abb-4a8a-9cb7-b09163f77096-300x225.jpg 300w, https:\/\/www.radiopiu.net\/wordpress\/wp-content\/uploads\/2021\/10\/ea03c985-7abb-4a8a-9cb7-b09163f77096-1024x768.jpg 1024w, https:\/\/www.radiopiu.net\/wordpress\/wp-content\/uploads\/2021\/10\/ea03c985-7abb-4a8a-9cb7-b09163f77096-768x576.jpg 768w, https:\/\/www.radiopiu.net\/wordpress\/wp-content\/uploads\/2021\/10\/ea03c985-7abb-4a8a-9cb7-b09163f77096-1536x1152.jpg 1536w, https:\/\/www.radiopiu.net\/wordpress\/wp-content\/uploads\/2021\/10\/ea03c985-7abb-4a8a-9cb7-b09163f77096.jpg 1600w\" sizes=\"auto, (max-width: 300px) 100vw, 300px\" \/><\/a>\n\t\t\t\t<\/dt><\/dl><dl class='gallery-item'>\n\t\t\t\t<dt class='gallery-icon landscape'>\n\t\t\t\t\t<a class=\"rollover rollover-zoom dt-pswp-item\" title=\"7309a25b-e5c1-4ef5-917f-15e532fb79d0\" data-dt-img-description=\"\" data-large_image_width=\"1600\" data-large_image_height=\"1200\"href='https:\/\/www.radiopiu.net\/wordpress\/wp-content\/uploads\/2021\/10\/7309a25b-e5c1-4ef5-917f-15e532fb79d0.jpg'><img loading=\"lazy\" decoding=\"async\" width=\"300\" height=\"225\" src=\"https:\/\/www.radiopiu.net\/wordpress\/wp-content\/uploads\/2021\/10\/7309a25b-e5c1-4ef5-917f-15e532fb79d0-300x225.jpg\" class=\"attachment-medium size-medium\" alt=\"\" srcset=\"https:\/\/www.radiopiu.net\/wordpress\/wp-content\/uploads\/2021\/10\/7309a25b-e5c1-4ef5-917f-15e532fb79d0-300x225.jpg 300w, https:\/\/www.radiopiu.net\/wordpress\/wp-content\/uploads\/2021\/10\/7309a25b-e5c1-4ef5-917f-15e532fb79d0-1024x768.jpg 1024w, https:\/\/www.radiopiu.net\/wordpress\/wp-content\/uploads\/2021\/10\/7309a25b-e5c1-4ef5-917f-15e532fb79d0-768x576.jpg 768w, https:\/\/www.radiopiu.net\/wordpress\/wp-content\/uploads\/2021\/10\/7309a25b-e5c1-4ef5-917f-15e532fb79d0-1536x1152.jpg 1536w, https:\/\/www.radiopiu.net\/wordpress\/wp-content\/uploads\/2021\/10\/7309a25b-e5c1-4ef5-917f-15e532fb79d0.jpg 1600w\" sizes=\"auto, (max-width: 300px) 100vw, 300px\" \/><\/a>\n\t\t\t\t<\/dt><\/dl><dl class='gallery-item'>\n\t\t\t\t<dt class='gallery-icon landscape'>\n\t\t\t\t\t<a class=\"rollover rollover-zoom dt-pswp-item\" title=\"11390d73-060f-4c3a-9c19-eda71c0a87e2\" data-dt-img-description=\"\" data-large_image_width=\"1600\" data-large_image_height=\"1200\"href='https:\/\/www.radiopiu.net\/wordpress\/wp-content\/uploads\/2021\/10\/11390d73-060f-4c3a-9c19-eda71c0a87e2.jpg'><img loading=\"lazy\" decoding=\"async\" width=\"300\" height=\"225\" src=\"https:\/\/www.radiopiu.net\/wordpress\/wp-content\/uploads\/2021\/10\/11390d73-060f-4c3a-9c19-eda71c0a87e2-300x225.jpg\" class=\"attachment-medium size-medium\" alt=\"\" srcset=\"https:\/\/www.radiopiu.net\/wordpress\/wp-content\/uploads\/2021\/10\/11390d73-060f-4c3a-9c19-eda71c0a87e2-300x225.jpg 300w, https:\/\/www.radiopiu.net\/wordpress\/wp-content\/uploads\/2021\/10\/11390d73-060f-4c3a-9c19-eda71c0a87e2-1024x768.jpg 1024w, https:\/\/www.radiopiu.net\/wordpress\/wp-content\/uploads\/2021\/10\/11390d73-060f-4c3a-9c19-eda71c0a87e2-768x576.jpg 768w, https:\/\/www.radiopiu.net\/wordpress\/wp-content\/uploads\/2021\/10\/11390d73-060f-4c3a-9c19-eda71c0a87e2-1536x1152.jpg 1536w, https:\/\/www.radiopiu.net\/wordpress\/wp-content\/uploads\/2021\/10\/11390d73-060f-4c3a-9c19-eda71c0a87e2.jpg 1600w\" sizes=\"auto, (max-width: 300px) 100vw, 300px\" \/><\/a>\n\t\t\t\t<\/dt><\/dl><br style=\"clear: both\" \/><dl class='gallery-item'>\n\t\t\t\t<dt class='gallery-icon portrait'>\n\t\t\t\t\t<a class=\"rollover rollover-zoom dt-pswp-item\" title=\"e6734328-9ae2-4159-8013-d22ce7d644de\" data-dt-img-description=\"\" data-large_image_width=\"1200\" data-large_image_height=\"1600\"href='https:\/\/www.radiopiu.net\/wordpress\/wp-content\/uploads\/2021\/10\/e6734328-9ae2-4159-8013-d22ce7d644de.jpg'><img loading=\"lazy\" decoding=\"async\" width=\"225\" height=\"300\" src=\"https:\/\/www.radiopiu.net\/wordpress\/wp-content\/uploads\/2021\/10\/e6734328-9ae2-4159-8013-d22ce7d644de-225x300.jpg\" class=\"attachment-medium size-medium\" alt=\"\" srcset=\"https:\/\/www.radiopiu.net\/wordpress\/wp-content\/uploads\/2021\/10\/e6734328-9ae2-4159-8013-d22ce7d644de-225x300.jpg 225w, https:\/\/www.radiopiu.net\/wordpress\/wp-content\/uploads\/2021\/10\/e6734328-9ae2-4159-8013-d22ce7d644de-768x1024.jpg 768w, https:\/\/www.radiopiu.net\/wordpress\/wp-content\/uploads\/2021\/10\/e6734328-9ae2-4159-8013-d22ce7d644de-1152x1536.jpg 1152w, https:\/\/www.radiopiu.net\/wordpress\/wp-content\/uploads\/2021\/10\/e6734328-9ae2-4159-8013-d22ce7d644de.jpg 1200w\" sizes=\"auto, (max-width: 225px) 100vw, 225px\" \/><\/a>\n\t\t\t\t<\/dt><\/dl><dl class='gallery-item'>\n\t\t\t\t<dt class='gallery-icon portrait'>\n\t\t\t\t\t<a class=\"rollover rollover-zoom dt-pswp-item\" title=\"ac469ddf-4bf3-4cac-834c-e737fb50eb9a\" data-dt-img-description=\"\" data-large_image_width=\"1200\" data-large_image_height=\"1600\"href='https:\/\/www.radiopiu.net\/wordpress\/wp-content\/uploads\/2021\/10\/ac469ddf-4bf3-4cac-834c-e737fb50eb9a.jpg'><img loading=\"lazy\" decoding=\"async\" width=\"225\" height=\"300\" src=\"https:\/\/www.radiopiu.net\/wordpress\/wp-content\/uploads\/2021\/10\/ac469ddf-4bf3-4cac-834c-e737fb50eb9a-225x300.jpg\" class=\"attachment-medium size-medium\" alt=\"\" srcset=\"https:\/\/www.radiopiu.net\/wordpress\/wp-content\/uploads\/2021\/10\/ac469ddf-4bf3-4cac-834c-e737fb50eb9a-225x300.jpg 225w, https:\/\/www.radiopiu.net\/wordpress\/wp-content\/uploads\/2021\/10\/ac469ddf-4bf3-4cac-834c-e737fb50eb9a-768x1024.jpg 768w, https:\/\/www.radiopiu.net\/wordpress\/wp-content\/uploads\/2021\/10\/ac469ddf-4bf3-4cac-834c-e737fb50eb9a-1152x1536.jpg 1152w, https:\/\/www.radiopiu.net\/wordpress\/wp-content\/uploads\/2021\/10\/ac469ddf-4bf3-4cac-834c-e737fb50eb9a.jpg 1200w\" sizes=\"auto, (max-width: 225px) 100vw, 225px\" \/><\/a>\n\t\t\t\t<\/dt><\/dl><dl class='gallery-item'>\n\t\t\t\t<dt class='gallery-icon landscape'>\n\t\t\t\t\t<a class=\"rollover rollover-zoom dt-pswp-item\" title=\"a99b781d-f377-4f77-b067-ec8f94d7b430-1\" data-dt-img-description=\"\" data-large_image_width=\"1600\" data-large_image_height=\"1200\"href='https:\/\/www.radiopiu.net\/wordpress\/wp-content\/uploads\/2021\/10\/a99b781d-f377-4f77-b067-ec8f94d7b430-1.jpg'><img loading=\"lazy\" decoding=\"async\" width=\"300\" height=\"225\" src=\"https:\/\/www.radiopiu.net\/wordpress\/wp-content\/uploads\/2021\/10\/a99b781d-f377-4f77-b067-ec8f94d7b430-1-300x225.jpg\" class=\"attachment-medium size-medium\" alt=\"\" srcset=\"https:\/\/www.radiopiu.net\/wordpress\/wp-content\/uploads\/2021\/10\/a99b781d-f377-4f77-b067-ec8f94d7b430-1-300x225.jpg 300w, https:\/\/www.radiopiu.net\/wordpress\/wp-content\/uploads\/2021\/10\/a99b781d-f377-4f77-b067-ec8f94d7b430-1-1024x768.jpg 1024w, https:\/\/www.radiopiu.net\/wordpress\/wp-content\/uploads\/2021\/10\/a99b781d-f377-4f77-b067-ec8f94d7b430-1-768x576.jpg 768w, https:\/\/www.radiopiu.net\/wordpress\/wp-content\/uploads\/2021\/10\/a99b781d-f377-4f77-b067-ec8f94d7b430-1-1536x1152.jpg 1536w, https:\/\/www.radiopiu.net\/wordpress\/wp-content\/uploads\/2021\/10\/a99b781d-f377-4f77-b067-ec8f94d7b430-1.jpg 1600w\" sizes=\"auto, (max-width: 300px) 100vw, 300px\" \/><\/a>\n\t\t\t\t<\/dt><\/dl><dl class='gallery-item'>\n\t\t\t\t<dt class='gallery-icon landscape'>\n\t\t\t\t\t<a class=\"rollover rollover-zoom dt-pswp-item\" title=\"a99b781d-f377-4f77-b067-ec8f94d7b430\" data-dt-img-description=\"\" data-large_image_width=\"1600\" data-large_image_height=\"1200\"href='https:\/\/www.radiopiu.net\/wordpress\/wp-content\/uploads\/2021\/10\/a99b781d-f377-4f77-b067-ec8f94d7b430.jpg'><img loading=\"lazy\" decoding=\"async\" width=\"300\" height=\"225\" src=\"https:\/\/www.radiopiu.net\/wordpress\/wp-content\/uploads\/2021\/10\/a99b781d-f377-4f77-b067-ec8f94d7b430-300x225.jpg\" class=\"attachment-medium size-medium\" alt=\"\" srcset=\"https:\/\/www.radiopiu.net\/wordpress\/wp-content\/uploads\/2021\/10\/a99b781d-f377-4f77-b067-ec8f94d7b430-300x225.jpg 300w, https:\/\/www.radiopiu.net\/wordpress\/wp-content\/uploads\/2021\/10\/a99b781d-f377-4f77-b067-ec8f94d7b430-1024x768.jpg 1024w, https:\/\/www.radiopiu.net\/wordpress\/wp-content\/uploads\/2021\/10\/a99b781d-f377-4f77-b067-ec8f94d7b430-768x576.jpg 768w, https:\/\/www.radiopiu.net\/wordpress\/wp-content\/uploads\/2021\/10\/a99b781d-f377-4f77-b067-ec8f94d7b430-1536x1152.jpg 1536w, https:\/\/www.radiopiu.net\/wordpress\/wp-content\/uploads\/2021\/10\/a99b781d-f377-4f77-b067-ec8f94d7b430.jpg 1600w\" sizes=\"auto, (max-width: 300px) 100vw, 300px\" \/><\/a>\n\t\t\t\t<\/dt><\/dl><br style=\"clear: both\" \/>\n\t\t\t<\/div>\n\n<p>&nbsp;<\/p>\n<hr \/>\n<p>&nbsp;<\/p>\n<p>&nbsp;<\/p>\n<div class=\"page-title-head hgroup\">\n<blockquote>\n<h3 class=\"entry-title\">VOLTAGO E SELVA DI CADORE: DA LUNEDI FINE DEL COMMISSARIAMENTO<\/h3>\n<\/blockquote>\n<\/div>\n<p><a href=\"https:\/\/www.radiopiu.net\/wordpress\/elezioni-comunali-2019-laffluenza-alle-23\/elezioni-comunali\/\" rel=\"attachment wp-att-86550\"><img loading=\"lazy\" decoding=\"async\" class=\"wp-image-86550 alignleft\" src=\"https:\/\/www.radiopiu.net\/wordpress\/wp-content\/uploads\/2019\/05\/ELEZIONI-COMUNALI-300x195.jpg\" alt=\"\" width=\"172\" height=\"112\" srcset=\"https:\/\/www.radiopiu.net\/wordpress\/wp-content\/uploads\/2019\/05\/ELEZIONI-COMUNALI-300x195.jpg 300w, https:\/\/www.radiopiu.net\/wordpress\/wp-content\/uploads\/2019\/05\/ELEZIONI-COMUNALI.jpg 751w\" sizes=\"auto, (max-width: 172px) 100vw, 172px\" \/><\/a><strong>BELLUNO<\/strong> si vota a Selva di Cadore, Alpago, Val di Zoldo, Alano di Piave, Lozzo di Cadore, Vigo di Cadore, Sovramonte e Voltago. Andranno al voto otto comuni con circa 20 mila abitanti.<\/p>\n<blockquote>\n<h3><\/h3>\n<\/blockquote>\n<blockquote>\n<h3>VOLTAGO AL VOTO<\/h3>\n<\/blockquote>\n<p><a href=\"https:\/\/www.radiopiu.net\/wordpress\/giornale-radiopiu-28-settembre-2021-direttore-mirko-mezzacasa\/giuseppe-schena-2\/\" rel=\"attachment wp-att-234061\"><img loading=\"lazy\" decoding=\"async\" class=\"alignleft wp-image-234061 \" src=\"https:\/\/www.radiopiu.net\/wordpress\/wp-content\/uploads\/2021\/09\/Giuseppe-Schena-225x300.jpeg\" alt=\"\" width=\"99\" height=\"132\" srcset=\"https:\/\/www.radiopiu.net\/wordpress\/wp-content\/uploads\/2021\/09\/Giuseppe-Schena-225x300.jpeg 225w, https:\/\/www.radiopiu.net\/wordpress\/wp-content\/uploads\/2021\/09\/Giuseppe-Schena-769x1024.jpeg 769w, https:\/\/www.radiopiu.net\/wordpress\/wp-content\/uploads\/2021\/09\/Giuseppe-Schena-768x1023.jpeg 768w, https:\/\/www.radiopiu.net\/wordpress\/wp-content\/uploads\/2021\/09\/Giuseppe-Schena.jpeg 931w\" sizes=\"auto, (max-width: 99px) 100vw, 99px\" \/><\/a><\/p>\n<p><strong>GIUSEPPE SCHENA<\/strong><\/p>\n<p>candidato sindaco<\/p>\n<p>LA SQUADRA<\/p>\n<p>&nbsp;<\/p>\n<p>&nbsp;<\/p>\n<p>&nbsp;<\/p>\n<p>&nbsp;<\/p>\n\n\t\t\t<style type='text\/css'>\n\t\t\t\t#gallery-8 {\n\t\t\t\t\tmargin: auto;\n\t\t\t\t}\n\t\t\t\t#gallery-8 .gallery-item {\n\t\t\t\t\tfloat: left;\n\t\t\t\t\tmargin-top: 10px;\n\t\t\t\t\ttext-align: center;\n\t\t\t\t\twidth: 16%;\n\t\t\t\t}\n\t\t\t\t#gallery-8 img {\n\t\t\t\t\tborder: 2px solid #cfcfcf;\n\t\t\t\t}\n\t\t\t\t#gallery-8 .gallery-caption {\n\t\t\t\t\tmargin-left: 0;\n\t\t\t\t}\n\t\t\t\t\/* see gallery_shortcode() in wp-includes\/media.php *\/\n\t\t\t<\/style>\n\t\t<div id='gallery-8' class='dt-gallery-container gallery galleryid-234662 gallery-columns-6 gallery-size-thumbnail'><dl class='gallery-item'>\n\t\t\t\t<dt class='gallery-icon portrait'>\n\t\t\t\t\t<a class=\"rollover rollover-zoom dt-pswp-item\" title=\"Palmiro De Marco\" data-dt-img-description=\"\" data-large_image_width=\"478\" data-large_image_height=\"1024\"href='https:\/\/www.radiopiu.net\/wordpress\/wp-content\/uploads\/2021\/09\/Palmiro-De-Marco.jpeg'><img loading=\"lazy\" decoding=\"async\" width=\"150\" height=\"150\" src=\"https:\/\/www.radiopiu.net\/wordpress\/wp-content\/uploads\/2021\/09\/Palmiro-De-Marco-150x150.jpeg\" class=\"attachment-thumbnail size-thumbnail\" alt=\"\" aria-describedby=\"gallery-8-234066\" \/><\/a>\n\t\t\t\t<\/dt>\n\t\t\t\t\t<dd class='wp-caption-text gallery-caption' id='gallery-8-234066'>\n\t\t\t\t\tPalmiro De Marco\n\t\t\t\t\t<\/dd><\/dl><dl class='gallery-item'>\n\t\t\t\t<dt class='gallery-icon portrait'>\n\t\t\t\t\t<a class=\"rollover rollover-zoom dt-pswp-item\" title=\"Nicola Scussel\" data-dt-img-description=\"\" data-large_image_width=\"934\" data-large_image_height=\"2000\"href='https:\/\/www.radiopiu.net\/wordpress\/wp-content\/uploads\/2021\/09\/Nicola-Scussel.jpeg'><img loading=\"lazy\" decoding=\"async\" width=\"150\" height=\"150\" src=\"https:\/\/www.radiopiu.net\/wordpress\/wp-content\/uploads\/2021\/09\/Nicola-Scussel-150x150.jpeg\" class=\"attachment-thumbnail size-thumbnail\" alt=\"\" aria-describedby=\"gallery-8-234065\" \/><\/a>\n\t\t\t\t<\/dt>\n\t\t\t\t\t<dd class='wp-caption-text gallery-caption' id='gallery-8-234065'>\n\t\t\t\t\tNicola Scussel\n\t\t\t\t\t<\/dd><\/dl><dl class='gallery-item'>\n\t\t\t\t<dt class='gallery-icon portrait'>\n\t\t\t\t\t<a class=\"rollover rollover-zoom dt-pswp-item\" title=\"Michela Da Ronch\" data-dt-img-description=\"\" data-large_image_width=\"934\" data-large_image_height=\"2000\"href='https:\/\/www.radiopiu.net\/wordpress\/wp-content\/uploads\/2021\/09\/Michela-Da-Ronch.jpeg'><img loading=\"lazy\" decoding=\"async\" width=\"150\" height=\"150\" src=\"https:\/\/www.radiopiu.net\/wordpress\/wp-content\/uploads\/2021\/09\/Michela-Da-Ronch-150x150.jpeg\" class=\"attachment-thumbnail size-thumbnail\" alt=\"\" aria-describedby=\"gallery-8-234064\" \/><\/a>\n\t\t\t\t<\/dt>\n\t\t\t\t\t<dd class='wp-caption-text gallery-caption' id='gallery-8-234064'>\n\t\t\t\t\tMichela Da Ronch\n\t\t\t\t\t<\/dd><\/dl><dl class='gallery-item'>\n\t\t\t\t<dt class='gallery-icon portrait'>\n\t\t\t\t\t<a class=\"rollover rollover-zoom dt-pswp-item\" title=\"Marco Da Campo\" data-dt-img-description=\"\" data-large_image_width=\"934\" data-large_image_height=\"2000\"href='https:\/\/www.radiopiu.net\/wordpress\/wp-content\/uploads\/2021\/09\/Marco-Da-Campo.jpeg'><img loading=\"lazy\" decoding=\"async\" width=\"150\" height=\"150\" src=\"https:\/\/www.radiopiu.net\/wordpress\/wp-content\/uploads\/2021\/09\/Marco-Da-Campo-150x150.jpeg\" class=\"attachment-thumbnail size-thumbnail\" alt=\"\" aria-describedby=\"gallery-8-234063\" \/><\/a>\n\t\t\t\t<\/dt>\n\t\t\t\t\t<dd class='wp-caption-text gallery-caption' id='gallery-8-234063'>\n\t\t\t\t\tMarco Da Campo\n\t\t\t\t\t<\/dd><\/dl><dl class='gallery-item'>\n\t\t\t\t<dt class='gallery-icon portrait'>\n\t\t\t\t\t<a class=\"rollover rollover-zoom dt-pswp-item\" title=\"Luana Agostini\" data-dt-img-description=\"\" data-large_image_width=\"478\" data-large_image_height=\"1024\"href='https:\/\/www.radiopiu.net\/wordpress\/wp-content\/uploads\/2021\/09\/Luana-Agostini.jpeg'><img loading=\"lazy\" decoding=\"async\" width=\"150\" height=\"150\" src=\"https:\/\/www.radiopiu.net\/wordpress\/wp-content\/uploads\/2021\/09\/Luana-Agostini-150x150.jpeg\" class=\"attachment-thumbnail size-thumbnail\" alt=\"\" aria-describedby=\"gallery-8-234062\" \/><\/a>\n\t\t\t\t<\/dt>\n\t\t\t\t\t<dd class='wp-caption-text gallery-caption' id='gallery-8-234062'>\n\t\t\t\t\tLuana Agostini\n\t\t\t\t\t<\/dd><\/dl><dl class='gallery-item'>\n\t\t\t\t<dt class='gallery-icon portrait'>\n\t\t\t\t\t<a class=\"rollover rollover-zoom dt-pswp-item\" title=\"Andrea Gnech\" data-dt-img-description=\"\" data-large_image_width=\"934\" data-large_image_height=\"2000\"href='https:\/\/www.radiopiu.net\/wordpress\/wp-content\/uploads\/2021\/09\/Andrea-Gnech.jpeg'><img loading=\"lazy\" decoding=\"async\" width=\"150\" height=\"150\" src=\"https:\/\/www.radiopiu.net\/wordpress\/wp-content\/uploads\/2021\/09\/Andrea-Gnech-150x150.jpeg\" class=\"attachment-thumbnail size-thumbnail\" alt=\"\" aria-describedby=\"gallery-8-234060\" \/><\/a>\n\t\t\t\t<\/dt>\n\t\t\t\t\t<dd class='wp-caption-text gallery-caption' id='gallery-8-234060'>\n\t\t\t\t\tAndrea Gnech\n\t\t\t\t\t<\/dd><\/dl><br style=\"clear: both\" \/><dl class='gallery-item'>\n\t\t\t\t<dt class='gallery-icon portrait'>\n\t\t\t\t\t<a class=\"rollover rollover-zoom dt-pswp-item\" title=\"Andrea Bressan\" data-dt-img-description=\"\" data-large_image_width=\"934\" data-large_image_height=\"2000\"href='https:\/\/www.radiopiu.net\/wordpress\/wp-content\/uploads\/2021\/09\/Andrea-Bressan.jpeg'><img loading=\"lazy\" decoding=\"async\" width=\"150\" height=\"150\" src=\"https:\/\/www.radiopiu.net\/wordpress\/wp-content\/uploads\/2021\/09\/Andrea-Bressan-150x150.jpeg\" class=\"attachment-thumbnail size-thumbnail\" alt=\"\" aria-describedby=\"gallery-8-234059\" \/><\/a>\n\t\t\t\t<\/dt>\n\t\t\t\t\t<dd class='wp-caption-text gallery-caption' id='gallery-8-234059'>\n\t\t\t\t\tAndrea Bressan\n\t\t\t\t\t<\/dd><\/dl><dl class='gallery-item'>\n\t\t\t\t<dt class='gallery-icon portrait'>\n\t\t\t\t\t<a class=\"rollover rollover-zoom dt-pswp-item\" title=\"Alessandro Lazzarini\" data-dt-img-description=\"\" data-large_image_width=\"934\" data-large_image_height=\"2000\"href='https:\/\/www.radiopiu.net\/wordpress\/wp-content\/uploads\/2021\/09\/Alessandro-Lazzarini.jpeg'><img loading=\"lazy\" decoding=\"async\" width=\"150\" height=\"150\" src=\"https:\/\/www.radiopiu.net\/wordpress\/wp-content\/uploads\/2021\/09\/Alessandro-Lazzarini-150x150.jpeg\" class=\"attachment-thumbnail size-thumbnail\" alt=\"\" aria-describedby=\"gallery-8-234058\" \/><\/a>\n\t\t\t\t<\/dt>\n\t\t\t\t\t<dd class='wp-caption-text gallery-caption' id='gallery-8-234058'>\n\t\t\t\t\tAlessandro Lazzarini\n\t\t\t\t\t<\/dd><\/dl><dl class='gallery-item'>\n\t\t\t\t<dt class='gallery-icon portrait'>\n\t\t\t\t\t<a class=\"rollover rollover-zoom dt-pswp-item\" title=\"Viki Riva\" data-dt-img-description=\"\" data-large_image_width=\"934\" data-large_image_height=\"2000\"href='https:\/\/www.radiopiu.net\/wordpress\/wp-content\/uploads\/2021\/09\/Viki-Riva.jpeg'><img loading=\"lazy\" decoding=\"async\" width=\"150\" height=\"150\" src=\"https:\/\/www.radiopiu.net\/wordpress\/wp-content\/uploads\/2021\/09\/Viki-Riva-150x150.jpeg\" class=\"attachment-thumbnail size-thumbnail\" alt=\"\" aria-describedby=\"gallery-8-234057\" \/><\/a>\n\t\t\t\t<\/dt>\n\t\t\t\t\t<dd class='wp-caption-text gallery-caption' id='gallery-8-234057'>\n\t\t\t\t\tViki Riva\n\t\t\t\t\t<\/dd><\/dl><dl class='gallery-item'>\n\t\t\t\t<dt class='gallery-icon portrait'>\n\t\t\t\t\t<a class=\"rollover rollover-zoom dt-pswp-item\" title=\"Valter Bogo\" data-dt-img-description=\"\" data-large_image_width=\"934\" data-large_image_height=\"2000\"href='https:\/\/www.radiopiu.net\/wordpress\/wp-content\/uploads\/2021\/09\/Valter-Bogo.jpeg'><img loading=\"lazy\" decoding=\"async\" width=\"150\" height=\"150\" src=\"https:\/\/www.radiopiu.net\/wordpress\/wp-content\/uploads\/2021\/09\/Valter-Bogo-150x150.jpeg\" class=\"attachment-thumbnail size-thumbnail\" alt=\"\" aria-describedby=\"gallery-8-234056\" \/><\/a>\n\t\t\t\t<\/dt>\n\t\t\t\t\t<dd class='wp-caption-text gallery-caption' id='gallery-8-234056'>\n\t\t\t\t\tValter Bogo\n\t\t\t\t\t<\/dd><\/dl>\n\t\t\t\t<br style='clear: both' \/>\n\t\t\t<\/div>\n\n<h3>VOLTAGO AL VOTO<\/h3>\n<p><strong><a href=\"https:\/\/www.radiopiu.net\/wordpress\/voltago-al-voto-conosciamo-i-candidati-a-sindaco\/71acfaeb-2db2-419c-b658-c6583bcbbef8\/\" rel=\"attachment wp-att-234399\"><img loading=\"lazy\" decoding=\"async\" class=\" wp-image-234399 alignleft\" src=\"https:\/\/www.radiopiu.net\/wordpress\/wp-content\/uploads\/2021\/09\/71acfaeb-2db2-419c-b658-c6583bcbbef8-300x300.jpg\" alt=\"\" width=\"118\" height=\"118\" srcset=\"https:\/\/www.radiopiu.net\/wordpress\/wp-content\/uploads\/2021\/09\/71acfaeb-2db2-419c-b658-c6583bcbbef8-300x300.jpg 300w, https:\/\/www.radiopiu.net\/wordpress\/wp-content\/uploads\/2021\/09\/71acfaeb-2db2-419c-b658-c6583bcbbef8-1024x1024.jpg 1024w, https:\/\/www.radiopiu.net\/wordpress\/wp-content\/uploads\/2021\/09\/71acfaeb-2db2-419c-b658-c6583bcbbef8-150x150.jpg 150w, https:\/\/www.radiopiu.net\/wordpress\/wp-content\/uploads\/2021\/09\/71acfaeb-2db2-419c-b658-c6583bcbbef8-768x768.jpg 768w, https:\/\/www.radiopiu.net\/wordpress\/wp-content\/uploads\/2021\/09\/71acfaeb-2db2-419c-b658-c6583bcbbef8-1536x1536.jpg 1536w, https:\/\/www.radiopiu.net\/wordpress\/wp-content\/uploads\/2021\/09\/71acfaeb-2db2-419c-b658-c6583bcbbef8.jpg 1600w\" sizes=\"auto, (max-width: 118px) 100vw, 118px\" \/><\/a><\/strong><\/p>\n<p><strong>FRANCESCA DELLA LUCIA\u00a0<\/strong><\/p>\n<p>candidato sindaco<\/p>\n<p>LA SQUADRA<\/p>\n<p><strong>\u00a0<\/strong><\/p>\n<p>.<\/p>\n<p>&nbsp;<\/p>\n\n\t\t\t<style type='text\/css'>\n\t\t\t\t#gallery-9 {\n\t\t\t\t\tmargin: auto;\n\t\t\t\t}\n\t\t\t\t#gallery-9 .gallery-item {\n\t\t\t\t\tfloat: left;\n\t\t\t\t\tmargin-top: 10px;\n\t\t\t\t\ttext-align: center;\n\t\t\t\t\twidth: 16%;\n\t\t\t\t}\n\t\t\t\t#gallery-9 img {\n\t\t\t\t\tborder: 2px solid #cfcfcf;\n\t\t\t\t}\n\t\t\t\t#gallery-9 .gallery-caption {\n\t\t\t\t\tmargin-left: 0;\n\t\t\t\t}\n\t\t\t\t\/* see gallery_shortcode() in wp-includes\/media.php *\/\n\t\t\t<\/style>\n\t\t<div id='gallery-9' class='dt-gallery-container gallery galleryid-234662 gallery-columns-6 gallery-size-thumbnail'><dl class='gallery-item'>\n\t\t\t\t<dt class='gallery-icon landscape'>\n\t\t\t\t\t<a class=\"rollover rollover-zoom dt-pswp-item\" title=\"Paolo Dalle Zotte\" data-dt-img-description=\"\" data-large_image_width=\"3024\" data-large_image_height=\"3024\"href='https:\/\/www.radiopiu.net\/wordpress\/wp-content\/uploads\/2021\/09\/Paolo-Dalle-Zotte.bmp'><img loading=\"lazy\" decoding=\"async\" width=\"150\" height=\"150\" src=\"https:\/\/www.radiopiu.net\/wordpress\/wp-content\/uploads\/2021\/09\/Paolo-Dalle-Zotte.bmp\" class=\"attachment-thumbnail size-thumbnail\" alt=\"\" aria-describedby=\"gallery-9-234079\" \/><\/a>\n\t\t\t\t<\/dt>\n\t\t\t\t\t<dd class='wp-caption-text gallery-caption' id='gallery-9-234079'>\n\t\t\t\t\tPaolo Dalle Zotte\n\t\t\t\t\t<\/dd><\/dl><dl class='gallery-item'>\n\t\t\t\t<dt class='gallery-icon landscape'>\n\t\t\t\t\t<a class=\"rollover rollover-zoom dt-pswp-item\" title=\"Matteo Da Ronch\" data-dt-img-description=\"\" data-large_image_width=\"1032\" data-large_image_height=\"1032\"href='https:\/\/www.radiopiu.net\/wordpress\/wp-content\/uploads\/2021\/09\/Matteo-Da-Ronch.jpg'><img loading=\"lazy\" decoding=\"async\" width=\"150\" height=\"150\" src=\"https:\/\/www.radiopiu.net\/wordpress\/wp-content\/uploads\/2021\/09\/Matteo-Da-Ronch-150x150.jpg\" class=\"attachment-thumbnail size-thumbnail\" alt=\"\" aria-describedby=\"gallery-9-234078\" srcset=\"https:\/\/www.radiopiu.net\/wordpress\/wp-content\/uploads\/2021\/09\/Matteo-Da-Ronch-150x150.jpg 150w, https:\/\/www.radiopiu.net\/wordpress\/wp-content\/uploads\/2021\/09\/Matteo-Da-Ronch-300x300.jpg 300w, https:\/\/www.radiopiu.net\/wordpress\/wp-content\/uploads\/2021\/09\/Matteo-Da-Ronch-1024x1024.jpg 1024w, https:\/\/www.radiopiu.net\/wordpress\/wp-content\/uploads\/2021\/09\/Matteo-Da-Ronch-768x768.jpg 768w, https:\/\/www.radiopiu.net\/wordpress\/wp-content\/uploads\/2021\/09\/Matteo-Da-Ronch.jpg 1032w\" sizes=\"auto, (max-width: 150px) 100vw, 150px\" \/><\/a>\n\t\t\t\t<\/dt>\n\t\t\t\t\t<dd class='wp-caption-text gallery-caption' id='gallery-9-234078'>\n\t\t\t\t\tMatteo Da Ronch\n\t\t\t\t\t<\/dd><\/dl><dl class='gallery-item'>\n\t\t\t\t<dt class='gallery-icon landscape'>\n\t\t\t\t\t<a class=\"rollover rollover-zoom dt-pswp-item\" title=\"Margherita Guadagnini\" data-dt-img-description=\"\" data-large_image_width=\"1200\" data-large_image_height=\"1200\"href='https:\/\/www.radiopiu.net\/wordpress\/wp-content\/uploads\/2021\/09\/Margherita-Guadagnini.jpg'><img loading=\"lazy\" decoding=\"async\" width=\"150\" height=\"150\" src=\"https:\/\/www.radiopiu.net\/wordpress\/wp-content\/uploads\/2021\/09\/Margherita-Guadagnini-150x150.jpg\" class=\"attachment-thumbnail size-thumbnail\" alt=\"\" aria-describedby=\"gallery-9-234077\" srcset=\"https:\/\/www.radiopiu.net\/wordpress\/wp-content\/uploads\/2021\/09\/Margherita-Guadagnini-150x150.jpg 150w, https:\/\/www.radiopiu.net\/wordpress\/wp-content\/uploads\/2021\/09\/Margherita-Guadagnini-300x300.jpg 300w, https:\/\/www.radiopiu.net\/wordpress\/wp-content\/uploads\/2021\/09\/Margherita-Guadagnini-1024x1024.jpg 1024w, https:\/\/www.radiopiu.net\/wordpress\/wp-content\/uploads\/2021\/09\/Margherita-Guadagnini-768x768.jpg 768w, https:\/\/www.radiopiu.net\/wordpress\/wp-content\/uploads\/2021\/09\/Margherita-Guadagnini.jpg 1200w\" sizes=\"auto, (max-width: 150px) 100vw, 150px\" \/><\/a>\n\t\t\t\t<\/dt>\n\t\t\t\t\t<dd class='wp-caption-text gallery-caption' id='gallery-9-234077'>\n\t\t\t\t\tMargherita Guadagnini\n\t\t\t\t\t<\/dd><\/dl><dl class='gallery-item'>\n\t\t\t\t<dt class='gallery-icon landscape'>\n\t\t\t\t\t<a class=\"rollover rollover-zoom dt-pswp-item\" title=\"Lorenzo Tortiello\" data-dt-img-description=\"\" data-large_image_width=\"1536\" data-large_image_height=\"1536\"href='https:\/\/www.radiopiu.net\/wordpress\/wp-content\/uploads\/2021\/09\/Lorenzo-Tortiello.jpg'><img loading=\"lazy\" decoding=\"async\" width=\"150\" height=\"150\" src=\"https:\/\/www.radiopiu.net\/wordpress\/wp-content\/uploads\/2021\/09\/Lorenzo-Tortiello-150x150.jpg\" class=\"attachment-thumbnail size-thumbnail\" alt=\"\" aria-describedby=\"gallery-9-234076\" srcset=\"https:\/\/www.radiopiu.net\/wordpress\/wp-content\/uploads\/2021\/09\/Lorenzo-Tortiello-150x150.jpg 150w, https:\/\/www.radiopiu.net\/wordpress\/wp-content\/uploads\/2021\/09\/Lorenzo-Tortiello-300x300.jpg 300w, https:\/\/www.radiopiu.net\/wordpress\/wp-content\/uploads\/2021\/09\/Lorenzo-Tortiello-1024x1024.jpg 1024w, https:\/\/www.radiopiu.net\/wordpress\/wp-content\/uploads\/2021\/09\/Lorenzo-Tortiello-768x768.jpg 768w, https:\/\/www.radiopiu.net\/wordpress\/wp-content\/uploads\/2021\/09\/Lorenzo-Tortiello.jpg 1536w\" sizes=\"auto, (max-width: 150px) 100vw, 150px\" \/><\/a>\n\t\t\t\t<\/dt>\n\t\t\t\t\t<dd class='wp-caption-text gallery-caption' id='gallery-9-234076'>\n\t\t\t\t\tLorenzo Tortiello\n\t\t\t\t\t<\/dd><\/dl><dl class='gallery-item'>\n\t\t\t\t<dt class='gallery-icon landscape'>\n\t\t\t\t\t<a class=\"rollover rollover-zoom dt-pswp-item\" title=\"Federica Benvegn\u00f9\" data-dt-img-description=\"\" data-large_image_width=\"3024\" data-large_image_height=\"3024\"href='https:\/\/www.radiopiu.net\/wordpress\/wp-content\/uploads\/2021\/09\/Federica-Benvegnu.bmp'><img loading=\"lazy\" decoding=\"async\" width=\"150\" height=\"150\" src=\"https:\/\/www.radiopiu.net\/wordpress\/wp-content\/uploads\/2021\/09\/Federica-Benvegnu.bmp\" class=\"attachment-thumbnail size-thumbnail\" alt=\"\" aria-describedby=\"gallery-9-234074\" \/><\/a>\n\t\t\t\t<\/dt>\n\t\t\t\t\t<dd class='wp-caption-text gallery-caption' id='gallery-9-234074'>\n\t\t\t\t\tFederica Benvegn\u00f9\n\t\t\t\t\t<\/dd><\/dl><dl class='gallery-item'>\n\t\t\t\t<dt class='gallery-icon portrait'>\n\t\t\t\t\t<a class=\"rollover rollover-zoom dt-pswp-item\" title=\"Dino Manchiero\" data-dt-img-description=\"\" data-large_image_width=\"3024\" data-large_image_height=\"4032\"href='https:\/\/www.radiopiu.net\/wordpress\/wp-content\/uploads\/2021\/09\/Dino-Manchiero.bmp'><img loading=\"lazy\" decoding=\"async\" width=\"113\" height=\"150\" src=\"https:\/\/www.radiopiu.net\/wordpress\/wp-content\/uploads\/2021\/09\/Dino-Manchiero.bmp\" class=\"attachment-thumbnail size-thumbnail\" alt=\"\" aria-describedby=\"gallery-9-234073\" \/><\/a>\n\t\t\t\t<\/dt>\n\t\t\t\t\t<dd class='wp-caption-text gallery-caption' id='gallery-9-234073'>\n\t\t\t\t\tDino Manchiero\n\t\t\t\t\t<\/dd><\/dl><br style=\"clear: both\" \/><dl class='gallery-item'>\n\t\t\t\t<dt class='gallery-icon landscape'>\n\t\t\t\t\t<a class=\"rollover rollover-zoom dt-pswp-item\" title=\"_Simone Merlin (1)\" data-dt-img-description=\"\" data-large_image_width=\"3024\" data-large_image_height=\"3024\"href='https:\/\/www.radiopiu.net\/wordpress\/wp-content\/uploads\/2021\/09\/Simone-Merlin-1.bmp'><img loading=\"lazy\" decoding=\"async\" width=\"150\" height=\"150\" src=\"https:\/\/www.radiopiu.net\/wordpress\/wp-content\/uploads\/2021\/09\/Simone-Merlin-1.bmp\" class=\"attachment-thumbnail size-thumbnail\" alt=\"\" aria-describedby=\"gallery-9-234072\" \/><\/a>\n\t\t\t\t<\/dt>\n\t\t\t\t\t<dd class='wp-caption-text gallery-caption' id='gallery-9-234072'>\n\t\t\t\t\tSimone Merlin\n\t\t\t\t\t<\/dd><\/dl><dl class='gallery-item'>\n\t\t\t\t<dt class='gallery-icon landscape'>\n\t\t\t\t\t<a class=\"rollover rollover-zoom dt-pswp-item\" title=\"_Maria Giovanna Piazzetta\" data-dt-img-description=\"\" data-large_image_width=\"3024\" data-large_image_height=\"3024\"href='https:\/\/www.radiopiu.net\/wordpress\/wp-content\/uploads\/2021\/09\/Maria-Giovanna-Piazzetta.bmp'><img loading=\"lazy\" decoding=\"async\" width=\"150\" height=\"150\" src=\"https:\/\/www.radiopiu.net\/wordpress\/wp-content\/uploads\/2021\/09\/Maria-Giovanna-Piazzetta.bmp\" class=\"attachment-thumbnail size-thumbnail\" alt=\"\" aria-describedby=\"gallery-9-234071\" \/><\/a>\n\t\t\t\t<\/dt>\n\t\t\t\t\t<dd class='wp-caption-text gallery-caption' id='gallery-9-234071'>\n\t\t\t\t\tMaria Giovanna Piazzetta\n\t\t\t\t\t<\/dd><\/dl><dl class='gallery-item'>\n\t\t\t\t<dt class='gallery-icon landscape'>\n\t\t\t\t\t<a class=\"rollover rollover-zoom dt-pswp-item\" title=\"_Luca Magro (1)\" data-dt-img-description=\"\" data-large_image_width=\"3024\" data-large_image_height=\"3024\"href='https:\/\/www.radiopiu.net\/wordpress\/wp-content\/uploads\/2021\/09\/Luca-Magro-1.bmp'><img loading=\"lazy\" decoding=\"async\" width=\"150\" height=\"150\" src=\"https:\/\/www.radiopiu.net\/wordpress\/wp-content\/uploads\/2021\/09\/Luca-Magro-1.bmp\" class=\"attachment-thumbnail size-thumbnail\" alt=\"\" aria-describedby=\"gallery-9-234070\" \/><\/a>\n\t\t\t\t<\/dt>\n\t\t\t\t\t<dd class='wp-caption-text gallery-caption' id='gallery-9-234070'>\n\t\t\t\t\tLuca Magro\n\t\t\t\t\t<\/dd><\/dl><dl class='gallery-item'>\n\t\t\t\t<dt class='gallery-icon landscape'>\n\t\t\t\t\t<a class=\"rollover rollover-zoom dt-pswp-item\" title=\"_Francesca Simonetti\" data-dt-img-description=\"\" data-large_image_width=\"3024\" data-large_image_height=\"3024\"href='https:\/\/www.radiopiu.net\/wordpress\/wp-content\/uploads\/2021\/09\/Francesca-Simonetti.bmp'><img loading=\"lazy\" decoding=\"async\" width=\"150\" height=\"150\" src=\"https:\/\/www.radiopiu.net\/wordpress\/wp-content\/uploads\/2021\/09\/Francesca-Simonetti.bmp\" class=\"attachment-thumbnail size-thumbnail\" alt=\"\" aria-describedby=\"gallery-9-234069\" \/><\/a>\n\t\t\t\t<\/dt>\n\t\t\t\t\t<dd class='wp-caption-text gallery-caption' id='gallery-9-234069'>\n\t\t\t\t\tFrancesca Simonetti\n\t\t\t\t\t<\/dd><\/dl>\n\t\t\t\t<br style='clear: both' \/>\n\t\t\t<\/div>\n\n<blockquote>\n<h3><strong>\u00a0<\/strong><strong>\u00a0<\/strong><\/h3>\n<\/blockquote>\n<p><strong>SELVA DI CADORE<\/strong><\/p>\n<p><strong>Candidato a Sindaco\u00a0 Adriano Peretti, La squadra<\/strong><\/p>\n\n\t\t\t<style type='text\/css'>\n\t\t\t\t#gallery-10 {\n\t\t\t\t\tmargin: auto;\n\t\t\t\t}\n\t\t\t\t#gallery-10 .gallery-item {\n\t\t\t\t\tfloat: left;\n\t\t\t\t\tmargin-top: 10px;\n\t\t\t\t\ttext-align: center;\n\t\t\t\t\twidth: 25%;\n\t\t\t\t}\n\t\t\t\t#gallery-10 img {\n\t\t\t\t\tborder: 2px solid #cfcfcf;\n\t\t\t\t}\n\t\t\t\t#gallery-10 .gallery-caption {\n\t\t\t\t\tmargin-left: 0;\n\t\t\t\t}\n\t\t\t\t\/* see gallery_shortcode() in wp-includes\/media.php *\/\n\t\t\t<\/style>\n\t\t<div id='gallery-10' class='dt-gallery-container gallery galleryid-234662 gallery-columns-4 gallery-size-thumbnail'><dl class='gallery-item'>\n\t\t\t\t<dt class='gallery-icon portrait'>\n\t\t\t\t\t<a class=\"rollover rollover-zoom dt-pswp-item\" title=\"Adriano Peretti (2)\" data-dt-img-description=\"\" data-large_image_width=\"1920\" data-large_image_height=\"2560\"href='https:\/\/www.radiopiu.net\/wordpress\/wp-content\/uploads\/2021\/09\/Adriano-Peretti-2-scaled.jpg'><img loading=\"lazy\" decoding=\"async\" width=\"150\" height=\"150\" src=\"https:\/\/www.radiopiu.net\/wordpress\/wp-content\/uploads\/2021\/09\/Adriano-Peretti-2-150x150.jpg\" class=\"attachment-thumbnail size-thumbnail\" alt=\"\" aria-describedby=\"gallery-10-233905\" \/><\/a>\n\t\t\t\t<\/dt>\n\t\t\t\t\t<dd class='wp-caption-text gallery-caption' id='gallery-10-233905'>\n\t\t\t\t\tADRIANO PERETTI CANDIDATO SINDACO\n\t\t\t\t\t<\/dd><\/dl><dl class='gallery-item'>\n\t\t\t\t<dt class='gallery-icon portrait'>\n\t\t\t\t\t<a class=\"rollover rollover-zoom dt-pswp-item\" title=\"Andrea De Bortoli\" data-dt-img-description=\"\" data-large_image_width=\"1920\" data-large_image_height=\"2560\"href='https:\/\/www.radiopiu.net\/wordpress\/wp-content\/uploads\/2021\/09\/Andrea-De-Bortoli-scaled.jpg'><img loading=\"lazy\" decoding=\"async\" width=\"150\" height=\"150\" src=\"https:\/\/www.radiopiu.net\/wordpress\/wp-content\/uploads\/2021\/09\/Andrea-De-Bortoli-150x150.jpg\" class=\"attachment-thumbnail size-thumbnail\" alt=\"\" aria-describedby=\"gallery-10-233906\" \/><\/a>\n\t\t\t\t<\/dt>\n\t\t\t\t\t<dd class='wp-caption-text gallery-caption' id='gallery-10-233906'>\n\t\t\t\t\tANDREA DE BORTOLI\n\t\t\t\t\t<\/dd><\/dl><dl class='gallery-item'>\n\t\t\t\t<dt class='gallery-icon portrait'>\n\t\t\t\t\t<a class=\"rollover rollover-zoom dt-pswp-item\" title=\"Annalisa Fochesato\" data-dt-img-description=\"\" data-large_image_width=\"1920\" data-large_image_height=\"2560\"href='https:\/\/www.radiopiu.net\/wordpress\/wp-content\/uploads\/2021\/09\/Annalisa-Fochesato-scaled.jpg'><img loading=\"lazy\" decoding=\"async\" width=\"150\" height=\"150\" src=\"https:\/\/www.radiopiu.net\/wordpress\/wp-content\/uploads\/2021\/09\/Annalisa-Fochesato-150x150.jpg\" class=\"attachment-thumbnail size-thumbnail\" alt=\"\" aria-describedby=\"gallery-10-233907\" \/><\/a>\n\t\t\t\t<\/dt>\n\t\t\t\t\t<dd class='wp-caption-text gallery-caption' id='gallery-10-233907'>\n\t\t\t\t\tANNALISA FOCHESATO\n\t\t\t\t\t<\/dd><\/dl><dl class='gallery-item'>\n\t\t\t\t<dt class='gallery-icon portrait'>\n\t\t\t\t\t<a class=\"rollover rollover-zoom dt-pswp-item\" title=\"Bruno Liconti\" data-dt-img-description=\"\" data-large_image_width=\"1920\" data-large_image_height=\"2560\"href='https:\/\/www.radiopiu.net\/wordpress\/wp-content\/uploads\/2021\/09\/Bruno-Liconti-scaled.jpg'><img loading=\"lazy\" decoding=\"async\" width=\"150\" height=\"150\" src=\"https:\/\/www.radiopiu.net\/wordpress\/wp-content\/uploads\/2021\/09\/Bruno-Liconti-150x150.jpg\" class=\"attachment-thumbnail size-thumbnail\" alt=\"\" aria-describedby=\"gallery-10-233908\" \/><\/a>\n\t\t\t\t<\/dt>\n\t\t\t\t\t<dd class='wp-caption-text gallery-caption' id='gallery-10-233908'>\n\t\t\t\t\tBRUNO LICONTI\n\t\t\t\t\t<\/dd><\/dl><br style=\"clear: both\" \/><dl class='gallery-item'>\n\t\t\t\t<dt class='gallery-icon portrait'>\n\t\t\t\t\t<a class=\"rollover rollover-zoom dt-pswp-item\" title=\"Elisabetta Ruggi\" data-dt-img-description=\"\" data-large_image_width=\"1920\" data-large_image_height=\"2560\"href='https:\/\/www.radiopiu.net\/wordpress\/wp-content\/uploads\/2021\/09\/Elisabetta-Ruggi-scaled.jpg'><img loading=\"lazy\" decoding=\"async\" width=\"150\" height=\"150\" src=\"https:\/\/www.radiopiu.net\/wordpress\/wp-content\/uploads\/2021\/09\/Elisabetta-Ruggi-150x150.jpg\" class=\"attachment-thumbnail size-thumbnail\" alt=\"\" aria-describedby=\"gallery-10-233909\" \/><\/a>\n\t\t\t\t<\/dt>\n\t\t\t\t\t<dd class='wp-caption-text gallery-caption' id='gallery-10-233909'>\n\t\t\t\t\tELISABETTA RUGGI\n\t\t\t\t\t<\/dd><\/dl><dl class='gallery-item'>\n\t\t\t\t<dt class='gallery-icon portrait'>\n\t\t\t\t\t<a class=\"rollover rollover-zoom dt-pswp-item\" title=\"Isaac Dall&#039;Asen\" data-dt-img-description=\"\" data-large_image_width=\"1920\" data-large_image_height=\"2560\"href='https:\/\/www.radiopiu.net\/wordpress\/wp-content\/uploads\/2021\/09\/Isaac-DallAsen-scaled.jpg'><img loading=\"lazy\" decoding=\"async\" width=\"150\" height=\"150\" src=\"https:\/\/www.radiopiu.net\/wordpress\/wp-content\/uploads\/2021\/09\/Isaac-DallAsen-150x150.jpg\" class=\"attachment-thumbnail size-thumbnail\" alt=\"\" aria-describedby=\"gallery-10-233910\" \/><\/a>\n\t\t\t\t<\/dt>\n\t\t\t\t\t<dd class='wp-caption-text gallery-caption' id='gallery-10-233910'>\n\t\t\t\t\tISAAC DALL&#8217;ASEN\n\t\t\t\t\t<\/dd><\/dl><dl class='gallery-item'>\n\t\t\t\t<dt class='gallery-icon portrait'>\n\t\t\t\t\t<a class=\"rollover rollover-zoom dt-pswp-item\" title=\"Laura Russian\" data-dt-img-description=\"\" data-large_image_width=\"991\" data-large_image_height=\"1551\"href='https:\/\/www.radiopiu.net\/wordpress\/wp-content\/uploads\/2021\/09\/Laura-Russian.jpg'><img loading=\"lazy\" decoding=\"async\" width=\"150\" height=\"150\" src=\"https:\/\/www.radiopiu.net\/wordpress\/wp-content\/uploads\/2021\/09\/Laura-Russian-150x150.jpg\" class=\"attachment-thumbnail size-thumbnail\" alt=\"\" aria-describedby=\"gallery-10-233911\" \/><\/a>\n\t\t\t\t<\/dt>\n\t\t\t\t\t<dd class='wp-caption-text gallery-caption' id='gallery-10-233911'>\n\t\t\t\t\tLAURA RUSSIAN\n\t\t\t\t\t<\/dd><\/dl><dl class='gallery-item'>\n\t\t\t\t<dt class='gallery-icon portrait'>\n\t\t\t\t\t<a class=\"rollover rollover-zoom dt-pswp-item\" title=\"Leopoldo Lezuo\" data-dt-img-description=\"\" data-large_image_width=\"1920\" data-large_image_height=\"2560\"href='https:\/\/www.radiopiu.net\/wordpress\/wp-content\/uploads\/2021\/09\/Leopoldo-Lezuo-scaled.jpg'><img loading=\"lazy\" decoding=\"async\" width=\"150\" height=\"150\" src=\"https:\/\/www.radiopiu.net\/wordpress\/wp-content\/uploads\/2021\/09\/Leopoldo-Lezuo-150x150.jpg\" class=\"attachment-thumbnail size-thumbnail\" alt=\"\" aria-describedby=\"gallery-10-233912\" \/><\/a>\n\t\t\t\t<\/dt>\n\t\t\t\t\t<dd class='wp-caption-text gallery-caption' id='gallery-10-233912'>\n\t\t\t\t\tLEOPOLDO LEZUO\n\t\t\t\t\t<\/dd><\/dl><br style=\"clear: both\" \/>\n\t\t\t<\/div>\n\n<p><strong>SELVA DI CADORE<\/strong><\/p>\n<div>\n<p><strong>Candidato a Sindaco\u00a0 Luca Lorenzini, La squadra<\/strong><\/p>\n<\/div>\n<div>\n\n\t\t\t<style type='text\/css'>\n\t\t\t\t#gallery-11 {\n\t\t\t\t\tmargin: auto;\n\t\t\t\t}\n\t\t\t\t#gallery-11 .gallery-item {\n\t\t\t\t\tfloat: left;\n\t\t\t\t\tmargin-top: 10px;\n\t\t\t\t\ttext-align: center;\n\t\t\t\t\twidth: 25%;\n\t\t\t\t}\n\t\t\t\t#gallery-11 img {\n\t\t\t\t\tborder: 2px solid #cfcfcf;\n\t\t\t\t}\n\t\t\t\t#gallery-11 .gallery-caption {\n\t\t\t\t\tmargin-left: 0;\n\t\t\t\t}\n\t\t\t\t\/* see gallery_shortcode() in wp-includes\/media.php *\/\n\t\t\t<\/style>\n\t\t<div id='gallery-11' class='dt-gallery-container gallery galleryid-234662 gallery-columns-4 gallery-size-thumbnail'><dl class='gallery-item'>\n\t\t\t\t<dt class='gallery-icon portrait'>\n\t\t\t\t\t<a class=\"rollover rollover-zoom dt-pswp-item\" title=\"Luca Lorenzini\" data-dt-img-description=\"\" data-large_image_width=\"1200\" data-large_image_height=\"1295\"href='https:\/\/www.radiopiu.net\/wordpress\/wp-content\/uploads\/2021\/09\/Luca-Lorenzini-1.jpg'><img loading=\"lazy\" decoding=\"async\" width=\"150\" height=\"150\" src=\"https:\/\/www.radiopiu.net\/wordpress\/wp-content\/uploads\/2021\/09\/Luca-Lorenzini-1-150x150.jpg\" class=\"attachment-thumbnail size-thumbnail\" alt=\"\" aria-describedby=\"gallery-11-233913\" \/><\/a>\n\t\t\t\t<\/dt>\n\t\t\t\t\t<dd class='wp-caption-text gallery-caption' id='gallery-11-233913'>\n\t\t\t\t\tLUCA LORENZINI CANDIDATO SINDACO\n\t\t\t\t\t<\/dd><\/dl><dl class='gallery-item'>\n\t\t\t\t<dt class='gallery-icon portrait'>\n\t\t\t\t\t<a class=\"rollover rollover-zoom dt-pswp-item\" title=\"Elena Dolcetta Capuzzo\" data-dt-img-description=\"\" data-large_image_width=\"1494\" data-large_image_height=\"1600\"href='https:\/\/www.radiopiu.net\/wordpress\/wp-content\/uploads\/2021\/09\/Elena-Dolcetta-Capuzzo.jpg'><img loading=\"lazy\" decoding=\"async\" width=\"150\" height=\"150\" src=\"https:\/\/www.radiopiu.net\/wordpress\/wp-content\/uploads\/2021\/09\/Elena-Dolcetta-Capuzzo-150x150.jpg\" class=\"attachment-thumbnail size-thumbnail\" alt=\"\" aria-describedby=\"gallery-11-233914\" \/><\/a>\n\t\t\t\t<\/dt>\n\t\t\t\t\t<dd class='wp-caption-text gallery-caption' id='gallery-11-233914'>\n\t\t\t\t\tELENA DOLCETTA CAPUZZO\n\t\t\t\t\t<\/dd><\/dl><dl class='gallery-item'>\n\t\t\t\t<dt class='gallery-icon portrait'>\n\t\t\t\t\t<a class=\"rollover rollover-zoom dt-pswp-item\" title=\"Melchiori Silvia\" data-dt-img-description=\"\" data-large_image_width=\"820\" data-large_image_height=\"1024\"href='https:\/\/www.radiopiu.net\/wordpress\/wp-content\/uploads\/2021\/09\/Melchiori-Silvia.jpg'><img loading=\"lazy\" decoding=\"async\" width=\"150\" height=\"150\" src=\"https:\/\/www.radiopiu.net\/wordpress\/wp-content\/uploads\/2021\/09\/Melchiori-Silvia-150x150.jpg\" class=\"attachment-thumbnail size-thumbnail\" alt=\"\" aria-describedby=\"gallery-11-233915\" \/><\/a>\n\t\t\t\t<\/dt>\n\t\t\t\t\t<dd class='wp-caption-text gallery-caption' id='gallery-11-233915'>\n\t\t\t\t\tSILVIA MELCHIORI\n\t\t\t\t\t<\/dd><\/dl><dl class='gallery-item'>\n\t\t\t\t<dt class='gallery-icon portrait'>\n\t\t\t\t\t<a class=\"rollover rollover-zoom dt-pswp-item\" title=\"Odorizzi Nicola\" data-dt-img-description=\"\" data-large_image_width=\"1200\" data-large_image_height=\"1600\"href='https:\/\/www.radiopiu.net\/wordpress\/wp-content\/uploads\/2021\/09\/Odorizzi-Nicola.jpg'><img loading=\"lazy\" decoding=\"async\" width=\"150\" height=\"150\" src=\"https:\/\/www.radiopiu.net\/wordpress\/wp-content\/uploads\/2021\/09\/Odorizzi-Nicola-150x150.jpg\" class=\"attachment-thumbnail size-thumbnail\" alt=\"\" aria-describedby=\"gallery-11-233916\" \/><\/a>\n\t\t\t\t<\/dt>\n\t\t\t\t\t<dd class='wp-caption-text gallery-caption' id='gallery-11-233916'>\n\t\t\t\t\tNICOLA ODORIZZI\n\t\t\t\t\t<\/dd><\/dl><br style=\"clear: both\" \/><dl class='gallery-item'>\n\t\t\t\t<dt class='gallery-icon portrait'>\n\t\t\t\t\t<a class=\"rollover rollover-zoom dt-pswp-item\" title=\"Pirollo Enrico\" data-dt-img-description=\"\" data-large_image_width=\"768\" data-large_image_height=\"1024\"href='https:\/\/www.radiopiu.net\/wordpress\/wp-content\/uploads\/2021\/09\/Pirollo-Enrico.jpg'><img loading=\"lazy\" decoding=\"async\" width=\"150\" height=\"150\" src=\"https:\/\/www.radiopiu.net\/wordpress\/wp-content\/uploads\/2021\/09\/Pirollo-Enrico-150x150.jpg\" class=\"attachment-thumbnail size-thumbnail\" alt=\"\" aria-describedby=\"gallery-11-233917\" \/><\/a>\n\t\t\t\t<\/dt>\n\t\t\t\t\t<dd class='wp-caption-text gallery-caption' id='gallery-11-233917'>\n\t\t\t\t\tENRICO PIROLLO\n\t\t\t\t\t<\/dd><\/dl><dl class='gallery-item'>\n\t\t\t\t<dt class='gallery-icon portrait'>\n\t\t\t\t\t<a class=\"rollover rollover-zoom dt-pswp-item\" title=\"Rossini Gabriele\" data-dt-img-description=\"\" data-large_image_width=\"682\" data-large_image_height=\"1024\"href='https:\/\/www.radiopiu.net\/wordpress\/wp-content\/uploads\/2021\/09\/Rossini-Gabriele.jpg'><img loading=\"lazy\" decoding=\"async\" width=\"150\" height=\"150\" src=\"https:\/\/www.radiopiu.net\/wordpress\/wp-content\/uploads\/2021\/09\/Rossini-Gabriele-150x150.jpg\" class=\"attachment-thumbnail size-thumbnail\" alt=\"\" aria-describedby=\"gallery-11-233918\" \/><\/a>\n\t\t\t\t<\/dt>\n\t\t\t\t\t<dd class='wp-caption-text gallery-caption' id='gallery-11-233918'>\n\t\t\t\t\tGABRIELE ROSSINI\n\t\t\t\t\t<\/dd><\/dl><dl class='gallery-item'>\n\t\t\t\t<dt class='gallery-icon portrait'>\n\t\t\t\t\t<a class=\"rollover rollover-zoom dt-pswp-item\" title=\"Rova Enrico\" data-dt-img-description=\"\" data-large_image_width=\"1012\" data-large_image_height=\"1496\"href='https:\/\/www.radiopiu.net\/wordpress\/wp-content\/uploads\/2021\/09\/Rova-Enrico.jpg'><img loading=\"lazy\" decoding=\"async\" width=\"150\" height=\"150\" src=\"https:\/\/www.radiopiu.net\/wordpress\/wp-content\/uploads\/2021\/09\/Rova-Enrico-150x150.jpg\" class=\"attachment-thumbnail size-thumbnail\" alt=\"\" aria-describedby=\"gallery-11-233919\" \/><\/a>\n\t\t\t\t<\/dt>\n\t\t\t\t\t<dd class='wp-caption-text gallery-caption' id='gallery-11-233919'>\n\t\t\t\t\tENRICO ROVA\n\t\t\t\t\t<\/dd><\/dl><dl class='gallery-item'>\n\t\t\t\t<dt class='gallery-icon portrait'>\n\t\t\t\t\t<a class=\"rollover rollover-zoom dt-pswp-item\" title=\"Torre Ivo\" data-dt-img-description=\"\" data-large_image_width=\"256\" data-large_image_height=\"415\"href='https:\/\/www.radiopiu.net\/wordpress\/wp-content\/uploads\/2021\/09\/Torre-Ivo.jpg'><img loading=\"lazy\" decoding=\"async\" width=\"150\" height=\"150\" src=\"https:\/\/www.radiopiu.net\/wordpress\/wp-content\/uploads\/2021\/09\/Torre-Ivo-150x150.jpg\" class=\"attachment-thumbnail size-thumbnail\" alt=\"\" aria-describedby=\"gallery-11-233920\" \/><\/a>\n\t\t\t\t<\/dt>\n\t\t\t\t\t<dd class='wp-caption-text gallery-caption' id='gallery-11-233920'>\n\t\t\t\t\tIVO TORRE\n\t\t\t\t\t<\/dd><\/dl><br style=\"clear: both\" \/>\n\t\t\t<\/div>\n\n<\/div>\n<div><\/div>\n<div>\n<hr \/>\n<\/div>\n<div><\/div>\n<div><\/div>\n<blockquote>\n<h3>\u00a0FONDI COMUNI CONFINANTI, APPROVATO IL NUOVO REGOLAMENTO PER LA PROGRAMMAZIONE D&#8217;AREA VASTA 2019-2024<\/h3>\n<\/blockquote>\n<div><\/div>\n<div>\n<p><strong>TRENTO<\/strong>\u00a0 E&#8217; stato approvato all\u2019unanimit\u00e0 il nuovo regolamento del Fondo Comuni confinanti che sovrintende alla programmazione d\u2019area vasta per sei annualit\u00e0 anzich\u00e9 cinque, con richiesta specifica partita dalla Provincia di Belluno. Per quanto riguarda le modalit\u00e0 di presentazione dei progetti (per la nuova programmazione 2019-2024 ci sono sei mesi di tempo), viene introdotta la possibilit\u00e0 di trasferimento delle risorse direttamente alle Province, con l\u2019aggiunta dell\u2019anticipo del 10% delle spese per gli interventi approvati. I Comuni inoltre potranno presentare interventi per stralci e avranno diritto in anticipo al 5% dell\u2019ammontare delle risorse approvate per i progetti di fattibilit\u00e0. Si tratta di un passaggio che consente di avere subito a disposizione le risorse per una progettazione migliore e dettagliata, che quindi presenta meno inghippi nell\u2019attuazione.\u00a0 L\u2019altra grande novit\u00e0 \u00e8 rappresentata dalla creazione di un plafond a valere sul quale il Comitato paritetico pu\u00f2 presentare progetti bilaterali o di particolare rilevanza, in concertazione con i territori. Questo plafond vale il 10% del riparto di ogni singola provincia, per Belluno circa 2,6 milioni di euro l\u2019anno. Particolare attenzione \u00e8 stata riservata al potenziamento degli uffici decentrati del Fondo, con risorse dedicate e utilizzabili per assunzioni e personale tecnico; per Belluno significa circa 400mila euro l\u2019anno per tutte le sei annualit\u00e0 della programmazione. Tra le altre novit\u00e0 degne di nota, anche l\u2019inserimento di un limite minimo per progetti strategici, che devono ammontare almeno a 1,5 milioni (con possibilit\u00e0, per\u00f2, di deroga da parte del Comitato paritetico in caso di interventi particolarmente significativi.<\/p>\n<\/div>\n<div><\/div>\n<div><\/div>\n<p>&nbsp;<\/p>\n<hr \/>\n<blockquote>\n<h3>INAUGURAZIONE INNOVATIONLAB DOLOMITI<\/h3>\n<\/blockquote>\n<p><strong>BELLUNO\u00a0<\/strong> Nella sede del Consorzio BIM Piave di Belluno, si \u00e8 svolta la cerimonia di inaugurazione degli spazi del nuovo InnovationLab Dolomiti di Belluno, un luogo dove le persone possono accrescere le proprie conoscenze nel digitale, lavorare a progetti, avviare processi di innovazione e sperimentare. L&#8217;intero progetto dedicato alla promozione del digitale \u00e8 finanziato dalla Regione Veneto. Lo scopo di questo progetto\u00a0 \u00e8 promuovere la conoscenza informatica nelle persone di tutte le et\u00e0, senza alcun tipo di discriminazione. Tra gli obiettivi anche l&#8217;importanza della diminuzione della forbice di competenze richieste dal mercato e prodotte dalle scuole e dare slancio all\u2019imprenditorialit\u00e0 giovanile. Visitando il sito innovationlabdolomiti.it \u00e8 possibile conoscere i prossimi appuntamenti e iscriversi alla newsletter per rimanere sempre aggiornati. Inoltre, \u00e8 attiva una pagina Facebook per rimanere al passo con le ultime novit\u00e0<\/p>\n<p>&nbsp;<\/p>\n\n\t\t\t<style type='text\/css'>\n\t\t\t\t#gallery-12 {\n\t\t\t\t\tmargin: auto;\n\t\t\t\t}\n\t\t\t\t#gallery-12 .gallery-item {\n\t\t\t\t\tfloat: left;\n\t\t\t\t\tmargin-top: 10px;\n\t\t\t\t\ttext-align: center;\n\t\t\t\t\twidth: 25%;\n\t\t\t\t}\n\t\t\t\t#gallery-12 img {\n\t\t\t\t\tborder: 2px solid #cfcfcf;\n\t\t\t\t}\n\t\t\t\t#gallery-12 .gallery-caption {\n\t\t\t\t\tmargin-left: 0;\n\t\t\t\t}\n\t\t\t\t\/* see gallery_shortcode() in wp-includes\/media.php *\/\n\t\t\t<\/style>\n\t\t<div id='gallery-12' class='dt-gallery-container gallery galleryid-234662 gallery-columns-4 gallery-size-thumbnail'><dl class='gallery-item'>\n\t\t\t\t<dt class='gallery-icon landscape'>\n\t\t\t\t\t<a class=\"rollover rollover-zoom dt-pswp-item\" title=\"inaugurazione_innovationlabdolomiti (4)\" data-dt-img-description=\"\" data-large_image_width=\"2560\" data-large_image_height=\"1920\"href='https:\/\/www.radiopiu.net\/wordpress\/wp-content\/uploads\/2021\/10\/inaugurazione_innovationlabdolomiti-4-scaled.jpg'><img loading=\"lazy\" decoding=\"async\" width=\"150\" height=\"150\" src=\"https:\/\/www.radiopiu.net\/wordpress\/wp-content\/uploads\/2021\/10\/inaugurazione_innovationlabdolomiti-4-150x150.jpg\" class=\"attachment-thumbnail size-thumbnail\" alt=\"\" \/><\/a>\n\t\t\t\t<\/dt><\/dl><dl class='gallery-item'>\n\t\t\t\t<dt class='gallery-icon landscape'>\n\t\t\t\t\t<a class=\"rollover rollover-zoom dt-pswp-item\" title=\"inaugurazione_innovationlabdolomiti (1)\" data-dt-img-description=\"\" data-large_image_width=\"2560\" data-large_image_height=\"1920\"href='https:\/\/www.radiopiu.net\/wordpress\/wp-content\/uploads\/2021\/10\/inaugurazione_innovationlabdolomiti-1-scaled.jpg'><img loading=\"lazy\" decoding=\"async\" width=\"150\" height=\"150\" src=\"https:\/\/www.radiopiu.net\/wordpress\/wp-content\/uploads\/2021\/10\/inaugurazione_innovationlabdolomiti-1-150x150.jpg\" class=\"attachment-thumbnail size-thumbnail\" alt=\"\" \/><\/a>\n\t\t\t\t<\/dt><\/dl><dl class='gallery-item'>\n\t\t\t\t<dt class='gallery-icon landscape'>\n\t\t\t\t\t<a class=\"rollover rollover-zoom dt-pswp-item\" title=\"inaugurazione_innovationlabdolomiti (2)\" data-dt-img-description=\"\" data-large_image_width=\"2560\" data-large_image_height=\"1920\"href='https:\/\/www.radiopiu.net\/wordpress\/wp-content\/uploads\/2021\/10\/inaugurazione_innovationlabdolomiti-2-scaled.jpg'><img loading=\"lazy\" decoding=\"async\" width=\"150\" height=\"150\" src=\"https:\/\/www.radiopiu.net\/wordpress\/wp-content\/uploads\/2021\/10\/inaugurazione_innovationlabdolomiti-2-150x150.jpg\" class=\"attachment-thumbnail size-thumbnail\" alt=\"\" \/><\/a>\n\t\t\t\t<\/dt><\/dl><dl class='gallery-item'>\n\t\t\t\t<dt class='gallery-icon portrait'>\n\t\t\t\t\t<a class=\"rollover rollover-zoom dt-pswp-item\" title=\"inaugurazione_innovationlabdolomiti (7)\" data-dt-img-description=\"\" data-large_image_width=\"1920\" data-large_image_height=\"2560\"href='https:\/\/www.radiopiu.net\/wordpress\/wp-content\/uploads\/2021\/10\/inaugurazione_innovationlabdolomiti-7-scaled.jpg'><img loading=\"lazy\" decoding=\"async\" width=\"150\" height=\"150\" src=\"https:\/\/www.radiopiu.net\/wordpress\/wp-content\/uploads\/2021\/10\/inaugurazione_innovationlabdolomiti-7-150x150.jpg\" class=\"attachment-thumbnail size-thumbnail\" alt=\"\" \/><\/a>\n\t\t\t\t<\/dt><\/dl><br style=\"clear: both\" \/>\n\t\t\t<\/div>\n\n<p>&nbsp;<\/p>\n<hr \/>\n<p>&nbsp;<\/p>\n<blockquote>\n<h3>DOMANI ESERCITAZIONE DEI VIGILI DEL FUOCO A FALCADE<\/h3>\n<\/blockquote>\n<p><strong><a href=\"https:\/\/www.radiopiu.net\/wordpress\/3ad5a980-5dd0-475a-991f-39b6c7d87e5c\/\"><img loading=\"lazy\" decoding=\"async\" class=\"size-medium wp-image-222517 alignleft\" src=\"https:\/\/www.radiopiu.net\/wordpress\/wp-content\/uploads\/2021\/07\/3ad5a980-5dd0-475a-991f-39b6c7d87e5c-300x200.jpg\" alt=\"\" width=\"300\" height=\"200\" srcset=\"https:\/\/www.radiopiu.net\/wordpress\/wp-content\/uploads\/2021\/07\/3ad5a980-5dd0-475a-991f-39b6c7d87e5c-300x200.jpg 300w, https:\/\/www.radiopiu.net\/wordpress\/wp-content\/uploads\/2021\/07\/3ad5a980-5dd0-475a-991f-39b6c7d87e5c-1024x683.jpg 1024w, https:\/\/www.radiopiu.net\/wordpress\/wp-content\/uploads\/2021\/07\/3ad5a980-5dd0-475a-991f-39b6c7d87e5c-768x512.jpg 768w, https:\/\/www.radiopiu.net\/wordpress\/wp-content\/uploads\/2021\/07\/3ad5a980-5dd0-475a-991f-39b6c7d87e5c.jpg 1080w\" sizes=\"auto, (max-width: 300px) 100vw, 300px\" \/><\/a> <\/strong><\/p>\n<p><strong>\u00a0<\/strong><strong>FALCADE<\/strong>\u00a0 il Comando Provinciale Vigili del Fuoco di Belluno ha organizzato un&#8217;esercitazione antincendio nella zona Falcade. Pi\u00f9 precisamente verranno interessate le Frazioni di Ganz, Costa e Somor oltre alla localit\u00e0 di Caverson e al Lago di Cavia. L&#8217;addestramento \u00e8 finalizzato allo spegnimento di incendi che possono coinvolgere abitati di montagna caratterizzati da scarse risorse idriche disponibili sul posto, una viabilit\u00e0 complicata per i mezzi pesanti e la presenza di fabbricati costruiti con materiale ligneo.\u00a0 E&#8217; prevista una consistente presenza di personale e mezzi dei Vigili del Fuoco dalla mattina sino al primo pomeriggio. Fatte salve diverse esigenze di soccorso, in zona operer\u00e0 anche l&#8217;elicottero dei Vigili del fuoco del Reparto Volo di Venezia e allestito un ponte radio mobile dal Nucleo Regionale TLC Veneto.<\/p>\n<p>&nbsp;<\/p>\n<p>&nbsp;<\/p>\n<hr \/>\n<blockquote>\n<h3><\/h3>\n<\/blockquote>\n<h2><strong><span style=\"color: #ff0000;\">GLI SPECIALI ALLA RADIO\u00a0<\/span><\/strong><\/h2>\n<p>&nbsp;<\/p>\n<p><iframe loading=\"lazy\" title=\"FRANCESCO ZILLIO &quot;EVOLUZIONE DELL&#039;ELETTRICITA&#039;&quot;\" width=\"1200\" height=\"675\" src=\"https:\/\/www.youtube.com\/embed\/P_8N0CNZpVs?start=298&#038;feature=oembed\" frameborder=\"0\" allow=\"accelerometer; autoplay; clipboard-write; encrypted-media; gyroscope; picture-in-picture\" allowfullscreen><\/iframe><\/p>\n<p>&nbsp;<\/p>\n<p>&nbsp;<\/p>\n<blockquote class=\"wp-embedded-content\" data-secret=\"XI4jjQl5Ur\"><p><a href=\"https:\/\/www.radiopiu.net\/wordpress\/i-70-anni-dellassociazione-bellunese-volontari-del-sangue\/\">I 70 ANNI DELL&#8217;ASSOCIAZIONE BELLUNESE VOLONTARI DEL SANGUE<\/a><\/p><\/blockquote>\n<p><iframe loading=\"lazy\" class=\"wp-embedded-content\" sandbox=\"allow-scripts\" security=\"restricted\" style=\"position: absolute; clip: rect(1px, 1px, 1px, 1px);\" title=\"&#8220;I 70 ANNI DELL&#8217;ASSOCIAZIONE BELLUNESE VOLONTARI DEL SANGUE&#8221; &#8212; Radio Pi\u00f9\" src=\"https:\/\/www.radiopiu.net\/wordpress\/i-70-anni-dellassociazione-bellunese-volontari-del-sangue\/embed\/#?secret=XI4jjQl5Ur\" data-secret=\"XI4jjQl5Ur\" width=\"600\" height=\"338\" frameborder=\"0\" marginwidth=\"0\" marginheight=\"0\" scrolling=\"no\"><\/iframe><\/p>\n<p>&nbsp;<\/p>\n<p>&nbsp;<\/p>\n<hr \/>\n<blockquote>\n<h3><\/h3>\n<h3>GLI SCRITTI DI DON GABRIELE BERNARDI, LA GIOIA DI DARE LA VITA, DAL DRAMMA DELLA MORTE ALLA GIOIA DELLA RESURREZIONE<\/h3>\n<\/blockquote>\n<p><strong>BELLUNO<\/strong> Oggi alle 19 in chiesa a Longarone, dopo la messa delle 18, sar\u00e0 presentato il volume con gli scritti di Don Gabriele Bernardi. L&#8217;iniziativa della parrocchia di Longarone prevede l&#8217;intervento dei vescovi Renato Marangoni, Giuseppe Andrich, dei parroci Don Pietro Bez, Don Mirko Pozzobon, del sindaco di Colle Santa Lucia Paolo Frena, del sindaco di Longarone Roberto Padrin.<\/p>\n<p>&nbsp;<\/p>\n<p>&nbsp;<\/p>\n<hr \/>\n<blockquote>\n<h3><\/h3>\n<h3>GUARDIA DI FINANZA: PUBBLICATO IL BANDO DI CONCORSO, PER TITOLI ED ESAMI,PER IL RECLUTAMENTO DI 1409 ALLIEVI FINANZIERI &#8211; ANNO 2021.<\/h3>\n<\/blockquote>\n<p><strong>BELLUNO<\/strong>\u00a0 Sulla Gazzetta Ufficiale \u00e8 stato pubblicato il bando di concorso, per titoli ed esami, per il reclutamento di 1409 allievi finanzieri. Al concorso possono partecipare coloro che abbiano, alla data di scadenza del termine per la presentazione della domanda, compiuto il 18\u00b0 anno e non abbiano superato il giorno di compimento del 26\u00b0.\u00a0 La domanda di partecipazione al concorso \u00e8 da presentare entro le\u00a0 12 del 11 ottobre mediante la procedura telematica disponibile sul portale attivo all\u2019indirizzo \u201chttps:\/\/concorsi.gdf.gov.it\u201d, seguendo le istruzioni del sistema automatizzato.<\/p>\n<p>&nbsp;<\/p>\n<p>&nbsp;<\/p>\n<hr \/>\n<p>&nbsp;<\/p>\n<blockquote>\n<h3>I 100 ANNI DEGLI ALPINI FELTRINI SCANDITI ANCHE DA UN CONCORSO<\/h3>\n<\/blockquote>\n<p><strong>FELTRE<\/strong> La sezione di Feltre dell\u2019A.N.A. ha indetto un concorso per la realizzazione di una medaglia commemorativa del centenario. Chiunque potr\u00e0 realizzare un bozzetto grafico ispirato all\u2019evento, e inviarlo alla sezione alpini di Feltre, entro il 30 novembre 2021. Con la recente riapertura dell\u2019anno scolastico, l\u2019A.N.A. ritiene che questa potrebbe essere un\u2019ottima opportunit\u00e0 di coinvolgimento degli studenti da parte delle scuole: un modo per trasmettere i valori degli alpini nella storia del nostro territorio, dando l\u2019occasione ai giovani di esprimere la loro creativit\u00e0. Il vincitore avr\u00e0 un riconoscimento economico per il proprio lavoro. Il bando del concorso \u00e8 visibile sulla pagina Facebook dell\u2019A.N.A. di Feltre e disponibile per il<br \/>\ndownload al link https:\/\/ana-feltre.webnode.com\/<\/p>\n<p>&nbsp;<\/p>\n<p>&nbsp;<\/p>\n<hr \/>\n<p>&nbsp;<\/p>\n<blockquote>\n<h3>I COLORI DELL&#8217;AUTUNNO, IL CONCORSO FOTOGRAFICO<\/h3>\n<\/blockquote>\n<p><strong>CENCENIGHE<\/strong> La proloco ha indetto un concorso fotografico sui colori della stagione appena iniziata. Le fotografie dovranno pervenire entro il 31 ottobre all&#8217;indirizzo: concorsocoloriautunno@gmail.com. Sabato 13 novembre alle 15 la premiazione con l&#8217;esposizione delle foto al Nof Filo&#8217;. Il regolamento sul sito www.prolococencenighe.it<\/p>\n<p>&nbsp;<\/p>\n<p>&nbsp;<\/p>\n<hr \/>\n<p>&nbsp;<\/p>\n<blockquote>\n<h3>SOSPIROLO TRA LEGGENDE E MISTERI, FINO AL 16 OTTOBRE<strong style=\"font-size: 14px;\">\u00a0<\/strong><\/h3>\n<\/blockquote>\n<p><strong>SOSPIROLO<\/strong> C&#8217;\u00e8 tempo fino al 16 ottobre per partecipare al concorso letterario \u201cSospirolo tra leggende e misteri\u201d promosso dalla Pro loco \u201cMonti del Sole\u201d e dalla Biblioteca civica di Sospirolo. Oggetto del concorso sono racconti brevi inediti incentrati sul tema dell&#8217;\u00d2m Salv\u00e0rech\u00a0 Il bando completo, con altri spunti, \u00e8 disponibile sulla homepage del sito <a href=\"http:\/\/www.sospirolo.net\/\" target=\"_blank\" rel=\"noopener\">www.sospirolo.net<\/a>\u00a0o su Facebook (pagina Pro loco \u201cMonti del Sole\u201d).<\/p>\n<p>&nbsp;<\/p>\n<p>&nbsp;<\/p>\n<hr \/>\n<p>&nbsp;<\/p>\n<blockquote>\n<h3>INCONTRO ONLINE PER IL VOLONTARIATO<\/h3>\n<\/blockquote>\n<p><strong>BELLUNO <\/strong>Come posso organizzare l&#8217;area &#8220;Volontariato&#8221; nella mia associazione? Quali informazioni devo dare e quali strumenti mi sono utili? Sono alcune delle domande che troveranno sicuramente risposta nell&#8217;incontro informativo, promosso dalla\u00a0<a href=\"https:\/\/www.fss.bz.it\/365.html\" target=\"_blank\" rel=\"noopener\">Federazione per il Sociale e la Sanit\u00e0 <\/a>di Bolzano. L&#8217;incontro si terr\u00e0 in modalit\u00e0 online mercoled\u00ec 6 ottobre dalle 14.30 alle 17.\u00a0 \u00a0Moderano Simonetta Terzariol (Federazione) e Paolo Capraro (Comitato d&#8217;Intesa di Belluno); l&#8217;incontro sar\u00e0 in doppia lingua (Italiano e tedesco). Iscrizione gratuita mediante modulo entro il 4 ottobre a <a href=\"mailto:segreteria@fss.bz.itPartecipanti\">segreteria@fss.bz.it.<\/a>Per info: 0471 1186236<\/p>\n<p>&nbsp;<\/p>\n<hr \/>\n<p>&nbsp;<\/p>\n<blockquote>\n<h3>IL MESSAGGIO DI GSP, ANTI TRUFFA<\/h3>\n<p><em><a href=\"https:\/\/www.radiopiu.net\/wordpress\/allarme-truffe-informata-la-polizia\/codacons-le-dieci-regole-piu-una-contro-truffe-e-furti-in-casa_1be385a8-3d30-11e6-9f2f-8ebf834401a4_998_397_original\/\" rel=\"attachment wp-att-209672\"><img loading=\"lazy\" decoding=\"async\" class=\"size-medium wp-image-209672 alignleft\" src=\"https:\/\/www.radiopiu.net\/wordpress\/wp-content\/uploads\/2021\/05\/codacons-le-dieci-regole-piu-una-contro-truffe-e-furti-in-casa_1be385a8-3d30-11e6-9f2f-8ebf834401a4_998_397_original-300x119.jpg\" alt=\"\" width=\"300\" height=\"119\" srcset=\"https:\/\/www.radiopiu.net\/wordpress\/wp-content\/uploads\/2021\/05\/codacons-le-dieci-regole-piu-una-contro-truffe-e-furti-in-casa_1be385a8-3d30-11e6-9f2f-8ebf834401a4_998_397_original-300x119.jpg 300w, https:\/\/www.radiopiu.net\/wordpress\/wp-content\/uploads\/2021\/05\/codacons-le-dieci-regole-piu-una-contro-truffe-e-furti-in-casa_1be385a8-3d30-11e6-9f2f-8ebf834401a4_998_397_original-768x306.jpg 768w, https:\/\/www.radiopiu.net\/wordpress\/wp-content\/uploads\/2021\/05\/codacons-le-dieci-regole-piu-una-contro-truffe-e-furti-in-casa_1be385a8-3d30-11e6-9f2f-8ebf834401a4_998_397_original.jpg 998w\" sizes=\"auto, (max-width: 300px) 100vw, 300px\" \/><\/a>\u00abAlcuni nostri utenti ci segnalano, da pi\u00f9 parti della provincia, la presenza di persone che, porta a porta, si presentano come incaricati di Bim per visionare le bollette. Precisiamo che non si tratta di nostri operatori o di personale incaricato dalla nostra societ\u00e0: nessun nostro addetto, infatti, controlla i contratti o le bollette casa per casa o richiede pagamenti a domicilio. Invitiamo, pertanto, a porre la massima attenzione alle proposte formulate. Ricordiamo che eventuali nostri addetti per la lettura dei contatori o per interventi tecnici sono identificabili dal tesserino di riconoscimento e l\u2019identit\u00e0 pu\u00f2 essere verificata, in caso di dubbio, con il nostro Servizio Clienti al numero 800 306 999\u00bb.\u00a0<\/em><\/p><\/blockquote>\n<p>&nbsp;<\/p>\n<p>&nbsp;<\/p>\n<hr \/>\n<p>&nbsp;<\/p>\n<h3 class=\"kvgmc6g5 cxmmr5t8 oygrvhab hcukyx3x c1et5uql\"><span style=\"color: #0000ff;\">INFORMAZIONE il canale su TELEGRAM informazione di prima mano e in tempo reale. iscriviti ed aiutaci a farlo conoscere\u00a0\u00a0<\/span><\/h3>\n<p><a href=\"https:\/\/www.radiopiu.net\/wordpress\/dt_gallery\/voltago-campioni-dellagordino-nella-16-comuni\/appuntamenti-4\/\" rel=\"attachment wp-att-61958\"><img loading=\"lazy\" decoding=\"async\" class=\"wp-image-61958 size-full aligncenter\" src=\"https:\/\/www.radiopiu.net\/wordpress\/wp-content\/uploads\/2018\/09\/appuntamenti.jpeg\" alt=\"\" width=\"800\" height=\"100\" srcset=\"https:\/\/www.radiopiu.net\/wordpress\/wp-content\/uploads\/2018\/09\/appuntamenti.jpeg 800w, https:\/\/www.radiopiu.net\/wordpress\/wp-content\/uploads\/2018\/09\/appuntamenti-300x38.jpeg 300w, https:\/\/www.radiopiu.net\/wordpress\/wp-content\/uploads\/2018\/09\/appuntamenti-768x96.jpeg 768w\" sizes=\"auto, (max-width: 800px) 100vw, 800px\" \/><\/a><\/p>\n<p>&nbsp;<\/p>\n<p>&nbsp;<\/p>\n<blockquote>\n<h3>A SCUOLA DI GRANDI CARNIVORI CON IL CAI DI BELLUNO<\/h3>\n<\/blockquote>\n<p><strong>BELLUNO<\/strong> La Sezione di Belluno del <span class=\"tojvnm2t a6sixzi8 abs2jz4q a8s20v7p t1p8iaqh k5wvi7nf q3lfd5jv pk4s997a bipmatt0 cebpdrjk qowsmv63 owwhemhu dp1hu0rb dhp61c6y iyyx5f41\">Club Alpino Italiano organizza nel fine settimana 9-10 ottobre, in Nevegal (BL),<\/span><span class=\"tojvnm2t a6sixzi8 abs2jz4q a8s20v7p t1p8iaqh k5wvi7nf q3lfd5jv pk4s997a bipmatt0 cebpdrjk qowsmv63 owwhemhu dp1hu0rb dhp61c6y iyyx5f41\"> un corso in ambiente sui grandi carnivori. Ospite quest&#8217;anno sar\u00e0 Paolo Molinari del Progetto Lince Italia, con la partecipazione del dott. Maurizio Dal Mas della Regione Veneto e di Davide Berton, referente nazionale del Gruppo Grandi Carnivori del CAI. <\/span>Sono previste un paio di facili escursioni, una lezione frontale e una serata aperta al pubblico. Possibilit\u00e0 di pernottamento in loco, cena di sabato inclusa nella quota. Il programma \u00e8 pubblicato sul sito del CAI BL:<a href=\"https:\/\/www.caibelluno.it\/2021\/09\/14\/un-tranquillo-week-end-da-lupi-e-c-2021\/\" target=\"_blank\" rel=\"noopener\">https:\/\/www.caibelluno.it\/2021\/09\/14\/un-tranquillo-week-end-da-lupi-e-c-2021\/<\/a><br \/>\nLe iscrizioni, gi\u00e0 aperte, si ricevono online al seguente link<a href=\"https:\/\/form.jotform.com\/EscursionismoCaiBL\/WeLupiBL2021\" target=\"_blank\" rel=\"noopener\"> https:\/\/form.jotform.com\/EscursionismoCaiBL\/WeLupiBL2021\u00a0<\/a><\/p>\n<p>&nbsp;<\/p>\n<p>&nbsp;<\/p>\n<hr \/>\n<p>&nbsp;<\/p>\n<blockquote>\n<h3>&#8220;&#8230;PER NON PERDERE IL FILO&#8221; A VILLA PATT DI SEDICO<\/h3>\n<\/blockquote>\n<p><strong>SEDICO <\/strong>Dopo il successo della manifestazione Viva Vittoria alle tre Cime di Lavaredo organizzata da Dolomitike e\u00a0 l\u2019Associazione\u00a0 UP-I sogni fuori dal cassetto, l\u2019Associazione\u00a0 Gocce di Sole APS di Belluno, partner dell\u2019iniziativa, replica con un ricco appuntamento presso Villa Patt di Sedico domani con l&#8217;intento di promuovere la sensibilizzazione sul tema della violenza sulle donne. La manifestazione gode del\u00a0 Patrocinio del Comune di Sedico e della Pro Loco di Sedico. Durante la giornata vi sar\u00e0 l&#8217;esposizione delle coperte Viva Vittoria Tre Cime di Lavaredo; con la possibilit\u00e0 di scegliere la propria coperta e contribuire cos\u00ec a sostenere tre progetti contro la violenza sulle donne della Provincia di Belluno quali Onda Rosa, Belluno Donna e Cooperativa Blister. Saranno inoltre presenti alla giornata altri stand informativi di altre associazioni del territorio e\u00a0 stand espositivi di creazioni artistiche fatte dalle mani e menti di donne. L&#8217;accesso contingentato ai locali di Villa Patt sar\u00e0 consentito solo con Green Pass oppure tampone nelle 48 ore precedenti. La manifestazione si svolger\u00e0 comunque, anche in caso di maltempo, nei locali interni della Villa.<\/p>\n<p>&nbsp;<\/p>\n<p>&nbsp;<\/p>\n<hr \/>\n<p>&nbsp;<\/p>\n<blockquote>\n<h3>PRESENTAZIONE OPERA COLORARE LE EMOZIONI E MOSTRA DI LUCIANO DE BARBA A LIMANA<\/h3>\n<\/blockquote>\n<p><strong>LIMANA <\/strong>Il Comune di Limana, Assessorato alla Cultura e Biblioteca, sono lieti di invitare tutta la cittadinanza alla presentazione al pubblico della scultura in legno <span style=\"color: #000000;\">COLORARE LE EMOZIONI, che lo scultore bellunese Luciano De Barba doner\u00e0 alla Biblioteca Comunale OGGI, alle 10.30. <\/span><span style=\"color: #000000;\">P<\/span>resentazione a cura di Erminio Mazzucco con la presenza dell&#8217;autore. L&#8217;evento si svolger\u00e0 all&#8217;esterno, davanti alla nuova Biblioteca, Via Ruggero Fiabane 3, alla presenza dei bambini della scuola primaria di Limana, nel rispetto delle attuali normative anti-Covid. Con l&#8217;occasione verr\u00e0 altres\u00ec inaugurata la MOSTRA personale dello scultore, che rimarr\u00e0 esposta presso la struttura culturale fino al giorno 22 ottobre e potr\u00e0 essere visitata durante gli orari di apertura al pubblico della Biblioteca. Sar\u00e0 inoltre visitabile anche durante la giornata di domenica 17 ottobre in occasione della Festa del Miele.<\/p>\n<p>&nbsp;<\/p>\n<p>&nbsp;<\/p>\n<hr \/>\n<p>&nbsp;<\/p>\n<blockquote>\n<h3>UN INCONTRO SUL COVID ALL&#8217;ISTITUTO LEONARDO DA VINCI DI BELLUNO<\/h3>\n<\/blockquote>\n<p><strong>BELLUNO<\/strong> Si terr\u00e0 sabato 9 ottobre con inizio alle ore 18.00 nell&#8217;Aula Magna dell\u2019Istituto \u201cLeonardo Da Vinci l&#8217;incontro dal titolo \u201dCovid, etica, medicina, diritto: quali interrogativi per oggi e domani?\u201d, che vedr\u00e0 l&#8217;intervento del professor Francesco Maria Avato, docente emerito di Medicina Legale presso l\u2019Universit\u00e0 degli Studi di Ferrara. A moderare la discussione saranno il dottor Renzo Barbazza, presidente dell&#8217;Associazione Pig&amp;Menti organizzatrice dell&#8217;evento e gi\u00e0 primario di Anatomia e Istologia Patologia e Citopatologia negli ospedali di Mirano e Feltre, e il dottor Paolo Jus, presidente dell&#8217;Accademia Medico Giuridica delle Venezie. Viste le attuali normative, sono disponibili solamente 40 posti ed \u00e8 necessario prenotare inviando una mail a <a href=\"mailto:pig&amp;mentiaps@gmail.com\" target=\"_blank\" rel=\"noopener noreferrer\">pig&amp;mentiaps@gmail.com<\/a> o telefonando al 333\/1324592. L&#8217;ingresso \u00e8 gratuito ed \u00e8 richiesta l&#8217;esibizione del Green Pass.<\/p>\n<p>&nbsp;<\/p>\n<p>&nbsp;<\/p>\n<hr \/>\n<p>&nbsp;<\/p>\n<h1><span style=\"color: #ff0000;\">IERI ALLA RADIO<\/span><\/h1>\n<h2><strong><a href=\"https:\/\/www.radiopiu.net\/wordpress\/le-novita-dellagenzia-per-il-lavoro-umana\/umana-2\/\" rel=\"attachment wp-att-209061\"><img loading=\"lazy\" decoding=\"async\" class=\"size-medium wp-image-209061 alignleft\" src=\"https:\/\/www.radiopiu.net\/wordpress\/wp-content\/uploads\/2021\/05\/UMANA-300x107.jpg\" alt=\"\" width=\"300\" height=\"107\" srcset=\"https:\/\/www.radiopiu.net\/wordpress\/wp-content\/uploads\/2021\/05\/UMANA-300x107.jpg 300w, https:\/\/www.radiopiu.net\/wordpress\/wp-content\/uploads\/2021\/05\/UMANA.jpg 400w\" sizes=\"auto, (max-width: 300px) 100vw, 300px\" \/><\/a><span style=\"color: #ff0000;\">UMANA ALLA RICERCA DI 500 FIGURE PER LE AZIENDE MANIFATTURIERE <\/span><\/strong><\/h2>\n<p><strong>di Claudio Fontanive<\/strong><\/p>\n<p>OSPITE: Maria Raffaella Caprioglio<\/p>\n<audio class=\"wp-audio-shortcode\" id=\"audio-234662-4\" preload=\"none\" style=\"width: 100%;\" controls=\"controls\"><source type=\"audio\/mpeg\" src=\"https:\/\/www.radiopiu.net\/wordpress\/wp-content\/uploads\/2021\/10\/maria-raffaella-caprioglio-01-otobre.mp3?_=4\" \/><a href=\"https:\/\/www.radiopiu.net\/wordpress\/wp-content\/uploads\/2021\/10\/maria-raffaella-caprioglio-01-otobre.mp3\">https:\/\/www.radiopiu.net\/wordpress\/wp-content\/uploads\/2021\/10\/maria-raffaella-caprioglio-01-otobre.mp3<\/a><\/audio>\n<p>&nbsp;<\/p>\n<p>&nbsp;<\/p>\n<p>&nbsp;<\/p>\n<p>&nbsp;<\/p>\n<hr \/>\n<p>&nbsp;<\/p>\n<h2><strong><a href=\"https:\/\/www.radiopiu.net\/wordpress\/speciale-solidarieta-veneto\/solidarieta-veneto-3\/\" rel=\"attachment wp-att-134366\"><img loading=\"lazy\" decoding=\"async\" class=\"size-medium wp-image-134366 alignleft\" src=\"https:\/\/www.radiopiu.net\/wordpress\/wp-content\/uploads\/2020\/05\/solidariet\u00e0-veneto-300x210.jpg\" alt=\"\" width=\"300\" height=\"210\" srcset=\"https:\/\/www.radiopiu.net\/wordpress\/wp-content\/uploads\/2020\/05\/solidariet\u00e0-veneto-300x210.jpg 300w, https:\/\/www.radiopiu.net\/wordpress\/wp-content\/uploads\/2020\/05\/solidariet\u00e0-veneto-1024x717.jpg 1024w, https:\/\/www.radiopiu.net\/wordpress\/wp-content\/uploads\/2020\/05\/solidariet\u00e0-veneto-768x538.jpg 768w, https:\/\/www.radiopiu.net\/wordpress\/wp-content\/uploads\/2020\/05\/solidariet\u00e0-veneto.jpg 1373w\" sizes=\"auto, (max-width: 300px) 100vw, 300px\" \/><\/a><span style=\"color: #008000;\">SPECIALE SOLIDARIETA&#8217; VENETO &#8211; PUNTATA DI OTTOBRE<\/span><\/strong><\/h2>\n<p><strong>di Claudio Fontanive<\/strong><\/p>\n<p>OSPITI: Paolo Stefan e Thomas Argenta<\/p>\n<audio class=\"wp-audio-shortcode\" id=\"audio-234662-5\" preload=\"none\" style=\"width: 100%;\" controls=\"controls\"><source type=\"audio\/mpeg\" src=\"https:\/\/www.radiopiu.net\/wordpress\/wp-content\/uploads\/2021\/10\/soldarieta-veneto-ottobre-2021.mp3?_=5\" \/><a href=\"https:\/\/www.radiopiu.net\/wordpress\/wp-content\/uploads\/2021\/10\/soldarieta-veneto-ottobre-2021.mp3\">https:\/\/www.radiopiu.net\/wordpress\/wp-content\/uploads\/2021\/10\/soldarieta-veneto-ottobre-2021.mp3<\/a><\/audio>\n<p>&nbsp;<\/p>\n<hr \/>\n<p>&nbsp;<\/p>\n<p>&nbsp;<\/p>\n<blockquote>\n<h3>OFFERTA CULTURALE, STORICA E TURISTICA DI \u201cFELTRE E IL FELTRINO\u201d IN UNA BELLA GUIDA<\/h3>\n<\/blockquote>\n<p><strong>di RENATO BONA<\/strong><\/p>\n<p>Con testi di ottima fattura e sintesi di Sergio Claut e Gigi Bertoldin e grafica dello studio Scottini, l\u2019Azienda di promozione turistica del Feltrino (all\u2019epoca commissario straordinario era Mauro Miuzzi, direttore Ennio Soccal) diede alle stampe diversi anni fa &#8211; con la \u201cPanfilo Castaldi srl\u201d (fotolito di Artistudio, immagini di Scottini, Frescura, Dalla Corte, Resegatti, Fuss, Nicolao, Claut, Merli, Bortolot, Facchinato, Passarella, Perco, Zandonella, Doglioni, Lasen, Svegliado, Callegaro, Vaccari, Bertoldin e Quick Time) &#8211; la preziosa guida \u201cFeltre e il Feltrino\u201d. Era articolata nei capitoli: La storia; La citt\u00e0 dipinta ed i suoi artisti; Feltre citt\u00e0; Feltre e dintorni; Comuni del Feltrino. Oggi, in rigoroso ordine alfabetico, \u201crileggiamo\u201d e sintetizziamo quanto riportato a proposito di Alano di Piave, Arsi\u00e8, Cesiomaggiore e Fonzaso dopo che in precedente servizio ci siamo occupati di Feltre, la \u201cpiccola citt\u00e0 degli uomini grandi\u201d. Per quanto riguarda il primo comune nella guida si ricorda che fanno corona alla conca \u201ci profili prealpini di monti facenti parte del massiccio del Grappa: a sud la dorsale Tomba ( 869 metri)-Palon (1305; ad est le cime del Casonet (1614), del Col dell\u2019Orso (1670) e del Valderoa (1477); a nord, oltre la valle di Schievenin, i monti Peurna (1383) e Santo (1538)\u201d. Immancabile il riferimento al fatto che \u201cSu queste cime prossime al Grappa e nella stessa conca alanese, si svolsero furiosi combattimenti durante la guerra 1915-18 che segnarono i monti non meno dei sottostanti abitati che subirono danni gravissimi\u201d. Nella parrocchiale sono presenti dipinti di Tizianello, Pittoni e sculture di Marchiori. Giustamente, si cita il concittadino, illustre latinista, Egidio Forcellini (1688-1768) ricordato con un obelisco sul ponte vecchio del Tegorzo. Due le frazioni, sulle sponde opposte del torrente Calcino: Colmirano e Campo. Sono numerose le possibilit\u00e0 di escursioni risalendo le pendici verso i monti Spinioncia (1296 metri) e Primion (1026) e quindi in collegamento con la fitta rete di mulattiere e sentieri militari, in direzione del torrente Ornic per continuare sul versante opposto in cresta al monte Tomba da qui si pu\u00f2 scendere verso Cavaso. Arsi\u00e8. Viene definito \u201cinsediamento di notevole importanza storica sul tragitto commerciale e militare un tempo, tra l\u2019area feltrina e la confinante Valsugana attraverso la quale consente il contatto con la pianura veneta, col Trentino ed il Tirolo. Per quanto concerne la parrocchiale, al centro del paese, si ricorda che \u00e8 stata costruita su una preesistente chiesa paleocristiana i cui resti sono stati ritrovati; nell\u2019interno discreti dipinti di Francesco Bassano, Alessandro Maganza, Giambattista Volpato e varie sculture. Interessanti le opere di Marascalchi, Terilli e Cignaroli nella chiesa della frazione Mellame dove vi \u00e8 anche uno splendido tabernacolo lombardesco del tardo \u2018400. Imperdibile arrivare a Cima Campo dove \u201cl\u2019imponente struttura militare del Forte Leone, ciclopico fortilizio della guerra 1915-18, costituisce una meta di sicuro interesse\u201d. Sulle ghiaie dei pendii di Fastro meritano una visita i \u201csolivi\u201d, gruppi di case di rustica architettura ancora ben conservate. Poco oltre Fastro la strada discende a serpentina attraversando le fortificazioni della \u201cScala\u201d, altro maniero, questo per\u00f2 d\u2019epoca antichissima, baluardo della Repubblica veneta verso le terre dell\u2019Impero. Dal Basso Feltrino alla Pedemontana, con Cesiomaggiore \u201ccaratterizzato a settentrione per due terzi dalle alte e selvagge cime che coronano la lunga Val Canzoi, allo sbocco della quale si distende invece la dolce e solatia fascia collinare pedemontana, che con balze successive discende fino al fiume Piave. Soranzen, allo sbocco della Val Canzoi, \u00e8 dominato dalla villa Martini, del secolo XVIII. Il capoluogo invece \u00e8 dominato dallo snello campanile e dal nucleo abitato \u201crisaltano alcuni edifici di buon interesse architettonico quali le ville Corr\u00e0 e Muffoni; meritano una visita anche la Dal Corno, sempre a Cesiomaggiore, quindi la Petricelli a Montebello, Zugni a Tussui e a Pez, De Mezzan a Menin; una speciale attenzione viene consigliata per la villa Tauro, pure a Pez, detta \u201cle Centenere\u201d, eretta fra il \u2018500 e \u2018600. Sempre a Pez, il piccolo santuario della \u201cMadonnetta\u201d custodisce nell\u2019interno un ottimo ciclo pittorico di Agostino Ridolfi (1675 ca). Infine le montagne che: \u201cconservano ancora il fascino selvaggio e solitario, sono il rifugio di innumerevoli specie floreali di grande interesse scientifico e sicuro riparo per le specie animali\u201d. Torniamo indietro e facciamo tappa a Fonzaso \u201cposto a margine della piana tra l\u2019incombente monte Avena (1454 metri) ed il pi\u00f9 lontano massiccio del Grappa (1775) costituisce un importante snodo viario ad ovest della valle del Piave, consentendo il transito e l\u2019accesso alla Valsugana e al Primiero\u201d.Viene precisato che la zona della Fenadora \u00e8 cos\u00ec chiamata \u201cperch\u00e9 vi confluivano le mulattiere di Roncon dalle quali si scendeva con le slitte cariche di fieno che veniva poi caricato sui carri\u201d e si legge ancora: \u201cHa recentemente assunto una destinazione industriale che ne ha parzialmente mutato l\u2019aspetto. Il paese vecchio \u00e8 tutto attorno alla grande chiesa parrocchiale, con uno snello ed alto campanile (78 metri) che risalta sulle balze rocciose dell\u2019Avena\u201d. Delle passate fortune sono testimonianza edifici signorili, ville, la chiesa con notevoli dipinti del \u2018600 di Andrea Vicentino, Forabosco, Frigimelica ed altri mentre \u201cal riparo in una grande nicchia, sotto un roccione dell\u2019Avena c\u2019\u00e8 la casa del \u2018guardiano del fuoco\u2019 il quale vigila contro gli incendi. Nell\u2019antica chiesa di San Nicol\u00f2, vicino al cimitero, esistono notevoli affreschi del \u2018500. Dello stesso periodo, sempre ad Arten, la villa Tonello-Zampiero mentre risale alla met\u00e0 del \u2018400 il ciclo di affreschi di Giovanni di Francia nella piccola chiesa di Santa Giustina di Pedesalto.<\/p>\n\n\t\t\t<style type='text\/css'>\n\t\t\t\t#gallery-13 {\n\t\t\t\t\tmargin: auto;\n\t\t\t\t}\n\t\t\t\t#gallery-13 .gallery-item {\n\t\t\t\t\tfloat: left;\n\t\t\t\t\tmargin-top: 10px;\n\t\t\t\t\ttext-align: center;\n\t\t\t\t\twidth: 25%;\n\t\t\t\t}\n\t\t\t\t#gallery-13 img {\n\t\t\t\t\tborder: 2px solid #cfcfcf;\n\t\t\t\t}\n\t\t\t\t#gallery-13 .gallery-caption {\n\t\t\t\t\tmargin-left: 0;\n\t\t\t\t}\n\t\t\t\t\/* see gallery_shortcode() in wp-includes\/media.php *\/\n\t\t\t<\/style>\n\t\t<div id='gallery-13' class='dt-gallery-container gallery galleryid-234662 gallery-columns-4 gallery-size-thumbnail'><dl class='gallery-item'>\n\t\t\t\t<dt class='gallery-icon portrait'>\n\t\t\t\t\t<a class=\"rollover rollover-zoom dt-pswp-item\" title=\"244324685_987481285158686_9089380979836602204_n\" data-dt-img-description=\"\" data-large_image_width=\"156\" data-large_image_height=\"206\"href='https:\/\/www.radiopiu.net\/wordpress\/wp-content\/uploads\/2021\/10\/244324685_987481285158686_9089380979836602204_n.jpg'><img loading=\"lazy\" decoding=\"async\" width=\"150\" height=\"150\" src=\"https:\/\/www.radiopiu.net\/wordpress\/wp-content\/uploads\/2021\/10\/244324685_987481285158686_9089380979836602204_n-150x150.jpg\" class=\"attachment-thumbnail size-thumbnail\" alt=\"\" \/><\/a>\n\t\t\t\t<\/dt><\/dl><dl class='gallery-item'>\n\t\t\t\t<dt class='gallery-icon landscape'>\n\t\t\t\t\t<a class=\"rollover rollover-zoom dt-pswp-item\" title=\"243499360_398776645260118_6882316704502960770_n\" data-dt-img-description=\"\" data-large_image_width=\"401\" data-large_image_height=\"206\"href='https:\/\/www.radiopiu.net\/wordpress\/wp-content\/uploads\/2021\/10\/243499360_398776645260118_6882316704502960770_n.jpg'><img loading=\"lazy\" decoding=\"async\" width=\"150\" height=\"150\" src=\"https:\/\/www.radiopiu.net\/wordpress\/wp-content\/uploads\/2021\/10\/243499360_398776645260118_6882316704502960770_n-150x150.jpg\" class=\"attachment-thumbnail size-thumbnail\" alt=\"\" \/><\/a>\n\t\t\t\t<\/dt><\/dl><dl class='gallery-item'>\n\t\t\t\t<dt class='gallery-icon portrait'>\n\t\t\t\t\t<a class=\"rollover rollover-zoom dt-pswp-item\" title=\"243490647_409348173884140_4964625305475313549_n\" data-dt-img-description=\"\" data-large_image_width=\"154\" data-large_image_height=\"296\"href='https:\/\/www.radiopiu.net\/wordpress\/wp-content\/uploads\/2021\/10\/243490647_409348173884140_4964625305475313549_n.jpg'><img loading=\"lazy\" decoding=\"async\" width=\"150\" height=\"150\" src=\"https:\/\/www.radiopiu.net\/wordpress\/wp-content\/uploads\/2021\/10\/243490647_409348173884140_4964625305475313549_n-150x150.jpg\" class=\"attachment-thumbnail size-thumbnail\" alt=\"\" \/><\/a>\n\t\t\t\t<\/dt><\/dl><dl class='gallery-item'>\n\t\t\t\t<dt class='gallery-icon portrait'>\n\t\t\t\t\t<a class=\"rollover rollover-zoom dt-pswp-item\" title=\"244345721_570972447657057_3392446250269740676_n\" data-dt-img-description=\"\" data-large_image_width=\"200\" data-large_image_height=\"206\"href='https:\/\/www.radiopiu.net\/wordpress\/wp-content\/uploads\/2021\/10\/244345721_570972447657057_3392446250269740676_n.jpg'><img loading=\"lazy\" decoding=\"async\" width=\"150\" height=\"150\" src=\"https:\/\/www.radiopiu.net\/wordpress\/wp-content\/uploads\/2021\/10\/244345721_570972447657057_3392446250269740676_n-150x150.jpg\" class=\"attachment-thumbnail size-thumbnail\" alt=\"\" \/><\/a>\n\t\t\t\t<\/dt><\/dl><br style=\"clear: both\" \/><dl class='gallery-item'>\n\t\t\t\t<dt class='gallery-icon portrait'>\n\t\t\t\t\t<a class=\"rollover rollover-zoom dt-pswp-item\" title=\"243772173_396110765415611_8984330915587035990_n\" data-dt-img-description=\"\" data-large_image_width=\"153\" data-large_image_height=\"247\"href='https:\/\/www.radiopiu.net\/wordpress\/wp-content\/uploads\/2021\/10\/243772173_396110765415611_8984330915587035990_n.jpg'><img loading=\"lazy\" decoding=\"async\" width=\"150\" height=\"150\" src=\"https:\/\/www.radiopiu.net\/wordpress\/wp-content\/uploads\/2021\/10\/243772173_396110765415611_8984330915587035990_n-150x150.jpg\" class=\"attachment-thumbnail size-thumbnail\" alt=\"\" \/><\/a>\n\t\t\t\t<\/dt><\/dl><dl class='gallery-item'>\n\t\t\t\t<dt class='gallery-icon landscape'>\n\t\t\t\t\t<a class=\"rollover rollover-zoom dt-pswp-item\" title=\"244338047_4758633720854848_5471142422764666213_n\" data-dt-img-description=\"\" data-large_image_width=\"240\" data-large_image_height=\"202\"href='https:\/\/www.radiopiu.net\/wordpress\/wp-content\/uploads\/2021\/10\/244338047_4758633720854848_5471142422764666213_n.jpg'><img loading=\"lazy\" decoding=\"async\" width=\"150\" height=\"150\" src=\"https:\/\/www.radiopiu.net\/wordpress\/wp-content\/uploads\/2021\/10\/244338047_4758633720854848_5471142422764666213_n-150x150.jpg\" class=\"attachment-thumbnail size-thumbnail\" alt=\"\" \/><\/a>\n\t\t\t\t<\/dt><\/dl><dl class='gallery-item'>\n\t\t\t\t<dt class='gallery-icon portrait'>\n\t\t\t\t\t<a class=\"rollover rollover-zoom dt-pswp-item\" title=\"244211559_281793643582532_1552303373743183430_n\" data-dt-img-description=\"\" data-large_image_width=\"151\" data-large_image_height=\"240\"href='https:\/\/www.radiopiu.net\/wordpress\/wp-content\/uploads\/2021\/10\/244211559_281793643582532_1552303373743183430_n.jpg'><img loading=\"lazy\" decoding=\"async\" width=\"150\" height=\"150\" src=\"https:\/\/www.radiopiu.net\/wordpress\/wp-content\/uploads\/2021\/10\/244211559_281793643582532_1552303373743183430_n-150x150.jpg\" class=\"attachment-thumbnail size-thumbnail\" alt=\"\" \/><\/a>\n\t\t\t\t<\/dt><\/dl><dl class='gallery-item'>\n\t\t\t\t<dt class='gallery-icon portrait'>\n\t\t\t\t\t<a class=\"rollover rollover-zoom dt-pswp-item\" title=\"244310457_547536103167763_8700276609095530857_n\" data-dt-img-description=\"\" data-large_image_width=\"153\" data-large_image_height=\"240\"href='https:\/\/www.radiopiu.net\/wordpress\/wp-content\/uploads\/2021\/10\/244310457_547536103167763_8700276609095530857_n.jpg'><img loading=\"lazy\" decoding=\"async\" width=\"150\" height=\"150\" src=\"https:\/\/www.radiopiu.net\/wordpress\/wp-content\/uploads\/2021\/10\/244310457_547536103167763_8700276609095530857_n-150x150.jpg\" class=\"attachment-thumbnail size-thumbnail\" alt=\"\" \/><\/a>\n\t\t\t\t<\/dt><\/dl><br style=\"clear: both\" \/><dl class='gallery-item'>\n\t\t\t\t<dt class='gallery-icon portrait'>\n\t\t\t\t\t<a class=\"rollover rollover-zoom dt-pswp-item\" title=\"243475370_1286355495159955_1783000634287248394_n\" data-dt-img-description=\"\" data-large_image_width=\"159\" data-large_image_height=\"280\"href='https:\/\/www.radiopiu.net\/wordpress\/wp-content\/uploads\/2021\/10\/243475370_1286355495159955_1783000634287248394_n.jpg'><img loading=\"lazy\" decoding=\"async\" width=\"150\" height=\"150\" src=\"https:\/\/www.radiopiu.net\/wordpress\/wp-content\/uploads\/2021\/10\/243475370_1286355495159955_1783000634287248394_n-150x150.jpg\" class=\"attachment-thumbnail size-thumbnail\" alt=\"\" \/><\/a>\n\t\t\t\t<\/dt><\/dl><dl class='gallery-item'>\n\t\t\t\t<dt class='gallery-icon landscape'>\n\t\t\t\t\t<a class=\"rollover rollover-zoom dt-pswp-item\" title=\"244200609_384325473351131_780006537623708902_n\" data-dt-img-description=\"\" data-large_image_width=\"253\" data-large_image_height=\"206\"href='https:\/\/www.radiopiu.net\/wordpress\/wp-content\/uploads\/2021\/10\/244200609_384325473351131_780006537623708902_n.jpg'><img loading=\"lazy\" decoding=\"async\" width=\"150\" height=\"150\" src=\"https:\/\/www.radiopiu.net\/wordpress\/wp-content\/uploads\/2021\/10\/244200609_384325473351131_780006537623708902_n-150x150.jpg\" class=\"attachment-thumbnail size-thumbnail\" alt=\"\" \/><\/a>\n\t\t\t\t<\/dt><\/dl><dl class='gallery-item'>\n\t\t\t\t<dt class='gallery-icon landscape'>\n\t\t\t\t\t<a class=\"rollover rollover-zoom dt-pswp-item\" title=\"243765456_590822382355029_2507458279005898830_n\" data-dt-img-description=\"\" data-large_image_width=\"350\" data-large_image_height=\"202\"href='https:\/\/www.radiopiu.net\/wordpress\/wp-content\/uploads\/2021\/10\/243765456_590822382355029_2507458279005898830_n.jpg'><img loading=\"lazy\" decoding=\"async\" width=\"150\" height=\"150\" src=\"https:\/\/www.radiopiu.net\/wordpress\/wp-content\/uploads\/2021\/10\/243765456_590822382355029_2507458279005898830_n-150x150.jpg\" class=\"attachment-thumbnail size-thumbnail\" alt=\"\" \/><\/a>\n\t\t\t\t<\/dt><\/dl><dl class='gallery-item'>\n\t\t\t\t<dt class='gallery-icon landscape'>\n\t\t\t\t\t<a class=\"rollover rollover-zoom dt-pswp-item\" title=\"243927335_358167512723482_693747444948713704_n\" data-dt-img-description=\"\" data-large_image_width=\"364\" data-large_image_height=\"206\"href='https:\/\/www.radiopiu.net\/wordpress\/wp-content\/uploads\/2021\/10\/243927335_358167512723482_693747444948713704_n.jpg'><img loading=\"lazy\" decoding=\"async\" width=\"150\" height=\"150\" src=\"https:\/\/www.radiopiu.net\/wordpress\/wp-content\/uploads\/2021\/10\/243927335_358167512723482_693747444948713704_n-150x150.jpg\" class=\"attachment-thumbnail size-thumbnail\" alt=\"\" \/><\/a>\n\t\t\t\t<\/dt><\/dl><br style=\"clear: both\" \/><dl class='gallery-item'>\n\t\t\t\t<dt class='gallery-icon portrait'>\n\t\t\t\t\t<a class=\"rollover rollover-zoom dt-pswp-item\" title=\"244334550_2867326053597820_4999904614004000707_n\" data-dt-img-description=\"\" data-large_image_width=\"157\" data-large_image_height=\"600\"href='https:\/\/www.radiopiu.net\/wordpress\/wp-content\/uploads\/2021\/10\/244334550_2867326053597820_4999904614004000707_n.jpg'><img loading=\"lazy\" decoding=\"async\" width=\"150\" height=\"150\" src=\"https:\/\/www.radiopiu.net\/wordpress\/wp-content\/uploads\/2021\/10\/244334550_2867326053597820_4999904614004000707_n-150x150.jpg\" class=\"attachment-thumbnail size-thumbnail\" alt=\"\" \/><\/a>\n\t\t\t\t<\/dt><\/dl><dl class='gallery-item'>\n\t\t\t\t<dt class='gallery-icon landscape'>\n\t\t\t\t\t<a class=\"rollover rollover-zoom dt-pswp-item\" title=\"243853941_333173481939618_7761507556161078121_n\" data-dt-img-description=\"\" data-large_image_width=\"240\" data-large_image_height=\"201\"href='https:\/\/www.radiopiu.net\/wordpress\/wp-content\/uploads\/2021\/10\/243853941_333173481939618_7761507556161078121_n.jpg'><img loading=\"lazy\" decoding=\"async\" width=\"150\" height=\"150\" src=\"https:\/\/www.radiopiu.net\/wordpress\/wp-content\/uploads\/2021\/10\/243853941_333173481939618_7761507556161078121_n-150x150.jpg\" class=\"attachment-thumbnail size-thumbnail\" alt=\"\" \/><\/a>\n\t\t\t\t<\/dt><\/dl><dl class='gallery-item'>\n\t\t\t\t<dt class='gallery-icon portrait'>\n\t\t\t\t\t<a class=\"rollover rollover-zoom dt-pswp-item\" title=\"244111021_4607203245986159_1377042645270994759_n\" data-dt-img-description=\"\" data-large_image_width=\"158\" data-large_image_height=\"350\"href='https:\/\/www.radiopiu.net\/wordpress\/wp-content\/uploads\/2021\/10\/244111021_4607203245986159_1377042645270994759_n.jpg'><img loading=\"lazy\" decoding=\"async\" width=\"150\" height=\"150\" src=\"https:\/\/www.radiopiu.net\/wordpress\/wp-content\/uploads\/2021\/10\/244111021_4607203245986159_1377042645270994759_n-150x150.jpg\" class=\"attachment-thumbnail size-thumbnail\" alt=\"\" \/><\/a>\n\t\t\t\t<\/dt><\/dl><dl class='gallery-item'>\n\t\t\t\t<dt class='gallery-icon portrait'>\n\t\t\t\t\t<a class=\"rollover rollover-zoom dt-pswp-item\" title=\"243834108_907486586832622_2911395400437379704_n\" data-dt-img-description=\"\" data-large_image_width=\"151\" data-large_image_height=\"280\"href='https:\/\/www.radiopiu.net\/wordpress\/wp-content\/uploads\/2021\/10\/243834108_907486586832622_2911395400437379704_n.jpg'><img loading=\"lazy\" decoding=\"async\" width=\"150\" height=\"150\" src=\"https:\/\/www.radiopiu.net\/wordpress\/wp-content\/uploads\/2021\/10\/243834108_907486586832622_2911395400437379704_n-150x150.jpg\" class=\"attachment-thumbnail size-thumbnail\" alt=\"\" \/><\/a>\n\t\t\t\t<\/dt><\/dl><br style=\"clear: both\" \/>\n\t\t\t<\/div>\n\n<p>NELLE FOTO (riproduzioni dalla guida \u201cFeltre e il Feltrino\u201d): uno scorcio di Alano di Piave; visione generale della conca alanese; un particolare con la fontana; Colmirano e Campo; panoramica di Arsi\u00e9; la frazione Rocca; i \u201csolivi\u201d a Fastro; rustico; ecco Cesiomaggiore; edificio del tempo che fu; svetta il campanile; splendida villa veneta; cos\u00ec Fonzaso; vecchia costruzione; villa Tonello-Zampiero; la casa del \u201cguardiano del fuoco\u201d.<\/p>\n<p>&nbsp;<\/p>\n<p>&nbsp;<\/p>\n<p>&nbsp;<\/p>\n<hr \/>\n<p>&nbsp;<\/p>\n<div>\n<div class=\"b654a4as d2edcug0\">\n<div class=\"rq0escxv hkbzh7o3 jwdofwj8 n8tt0mok r8blr3vg hyh9befq\">\n<p><a class=\"dt-pswp-item\" href=\"https:\/\/www.radiopiu.net\/wordpress\/wp-content\/uploads\/2020\/10\/pp.jpg\" data-dt-img-description=\"\" data-large_image_width=\"640\" data-large_image_height=\"640\"><img loading=\"lazy\" decoding=\"async\" class=\"wp-image-163678 alignleft\" src=\"https:\/\/www.radiopiu.net\/wordpress\/wp-content\/uploads\/2020\/10\/pp-300x300.jpg\" alt=\"\" width=\"106\" height=\"106\" srcset=\"https:\/\/www.radiopiu.net\/wordpress\/wp-content\/uploads\/2020\/10\/pp-300x300.jpg 300w, https:\/\/www.radiopiu.net\/wordpress\/wp-content\/uploads\/2020\/10\/pp-150x150.jpg 150w, https:\/\/www.radiopiu.net\/wordpress\/wp-content\/uploads\/2020\/10\/pp-125x125.jpg 125w, https:\/\/www.radiopiu.net\/wordpress\/wp-content\/uploads\/2020\/10\/pp-200x200.jpg 200w, https:\/\/www.radiopiu.net\/wordpress\/wp-content\/uploads\/2020\/10\/pp-80x80.jpg 80w, https:\/\/www.radiopiu.net\/wordpress\/wp-content\/uploads\/2020\/10\/pp-480x480.jpg 480w, https:\/\/www.radiopiu.net\/wordpress\/wp-content\/uploads\/2020\/10\/pp.jpg 640w\" sizes=\"auto, (max-width: 106px) 100vw, 106px\" \/><\/a><\/p>\n<\/div>\n<\/div>\n<\/div>\n<div>\n<div class=\"page-title-head hgroup\">\n<div class=\"page-title-head hgroup\">\n<div class=\"b654a4as d2edcug0\">\n<div class=\"j83agx80 btwxx1t3 lhclo0ds hop8lmos nkwizq5d scwd0bx6 roh60bw9\">\n<div class=\"rq0escxv hkbzh7o3 jwdofwj8 n8tt0mok r8blr3vg hyh9befq\">\n<div class=\"do00u71z l9j0dhe7 k4urcfbm\">\n<h2><span style=\"color: #000080;\">DON CESARE, IL PENSIERO DEL GIORNO. ALLA RADIO ALLE 7 DEL MATTINO E ALLE 19.30 DELLA SERA.\u00a0\u00a0<\/span><\/h2>\n<p>&nbsp;<\/p>\n<p>&nbsp;<\/p>\n<audio class=\"wp-audio-shortcode\" id=\"audio-234662-6\" preload=\"none\" style=\"width: 100%;\" controls=\"controls\"><source type=\"audio\/mpeg\" src=\"https:\/\/www.radiopiu.net\/wordpress\/wp-content\/uploads\/2021\/10\/CESARE.mp3?_=6\" \/><a href=\"https:\/\/www.radiopiu.net\/wordpress\/wp-content\/uploads\/2021\/10\/CESARE.mp3\">https:\/\/www.radiopiu.net\/wordpress\/wp-content\/uploads\/2021\/10\/CESARE.mp3<\/a><\/audio>\n<p>&nbsp;<\/p>\n<p>&nbsp;<\/p>\n<hr \/>\n<p>&nbsp;<\/p>\n<div>\n<div>\n<h3 class=\"kvgmc6g5 cxmmr5t8 oygrvhab hcukyx3x c1et5uql\"><span style=\"color: #0000ff;\">INFORMAZIONE il canale su TELEGRAM informazione di prima mano e in tempo reale. iscriviti ed aiutaci a farlo conoscere\u00a0\u00a0<\/span><\/h3>\n<\/div>\n<div>\n<div class=\"page-title-head hgroup\">\n<div class=\"page-title-head hgroup\">\n<div class=\"page-title-head hgroup\">\n<div class=\"page-title-head hgroup\">\n<div class=\"page-title-head hgroup\">\n<p><strong>LA RASSEGNA STAMPA DA L&#8217;AMICO DEL POPOLO ALLA RADIO IL SABATO ALLE 10.30 E ALLE 19, LA DOMENICA ALLE 12.30<\/strong><\/p>\n<p><strong>LA RACCOLTA COMPLETA<\/strong><\/p>\n<\/div>\n<\/div>\n<\/div>\n<\/div>\n<\/div>\n<\/div>\n<div>\n<div class=\"page-title-head hgroup\">\n<div class=\"page-title-head hgroup\">\n<div class=\"page-title-head hgroup\">\n<div class=\"page-title-head hgroup\">\n<div class=\"b654a4as d2edcug0\">\n<div class=\"page-title-head hgroup\">\n<div class=\"page-title-head hgroup\">\n<div class=\"page-title-head hgroup\">\n<div class=\"page-title-head hgroup\">\n<div class=\"b654a4as d2edcug0\">\n<div>\n<blockquote class=\"wp-embedded-content\" data-secret=\"C5xyk48Sql\"><p><a href=\"https:\/\/www.radiopiu.net\/wordpress\/rassegna-stampa-di-gianni-santomaso\/\">Rassegna stampa da l&#8217;amico del popolo &#8211; di Gianni Santomaso<\/a><\/p><\/blockquote>\n<p><iframe loading=\"lazy\" class=\"wp-embedded-content\" sandbox=\"allow-scripts\" security=\"restricted\" style=\"position: absolute; clip: rect(1px, 1px, 1px, 1px);\" title=\"&#8220;Rassegna stampa da l&#8217;amico del popolo &#8211; di Gianni Santomaso&#8221; &#8212; Radio Pi\u00f9\" src=\"https:\/\/www.radiopiu.net\/wordpress\/rassegna-stampa-di-gianni-santomaso\/embed\/#?secret=C5xyk48Sql\" data-secret=\"C5xyk48Sql\" width=\"600\" height=\"338\" frameborder=\"0\" marginwidth=\"0\" marginheight=\"0\" scrolling=\"no\"><\/iframe><\/p>\n<p>&nbsp;<\/p>\n<p>&nbsp;<\/p>\n<\/div>\n<div>\n<div class=\"page-title-head hgroup\">\n<div class=\"page-title-head hgroup\">\n<div class=\"page-title-head hgroup\">\n<div>\n<div class=\"b654a4as d2edcug0\">\n<div class=\"rq0escxv hkbzh7o3 jwdofwj8 n8tt0mok r8blr3vg hyh9befq\">\n<hr \/>\n<\/div>\n<\/div>\n<\/div>\n<div>\n<div class=\"page-title-head hgroup\">\n<div class=\"page-title-head hgroup\">\n<div class=\"b654a4as d2edcug0\">\n<p><strong>\u00a0<\/strong><\/p>\n<p><strong>\u00a0L&#8217;ALMANACCO LADINO ALLA RADIO OGNI 15 GIORNI\u00a0 IL LUNEDI 8.30 MARTEDI 13.30 MERCOLEDI 1830 E DOMENICA ALLE 9<\/strong><\/p>\n<p><strong>RACCOLTA COMPLETA\u00a0 \u00a0<\/strong><\/p>\n<blockquote class=\"wp-embedded-content\" data-secret=\"lMXpgsetMi\"><p><a href=\"https:\/\/www.radiopiu.net\/wordpress\/almanacco-ladino\/\">Almanacco Ladino<\/a><\/p><\/blockquote>\n<p><iframe loading=\"lazy\" class=\"wp-embedded-content\" sandbox=\"allow-scripts\" security=\"restricted\" style=\"position: absolute; clip: rect(1px, 1px, 1px, 1px);\" title=\"&#8220;Almanacco Ladino&#8221; &#8212; Radio Pi\u00f9\" src=\"https:\/\/www.radiopiu.net\/wordpress\/almanacco-ladino\/embed\/#?secret=lMXpgsetMi\" data-secret=\"lMXpgsetMi\" width=\"600\" height=\"338\" frameborder=\"0\" marginwidth=\"0\" marginheight=\"0\" scrolling=\"no\"><\/iframe><\/p>\n<\/div>\n<div>\n<p>&nbsp;<\/p>\n<hr \/>\n<p><strong>\u00a0\u00a0<\/strong><\/p>\n<p><strong>DUE MINUTI UN LIBRO, TUTTI I GIORNI ALLA RADIO ALLE 9.40 E ALLE 17.50<\/strong><\/p>\n<p><strong>LA RACCOLTA COMPLETA\u00a0\u00a0<\/strong><\/p>\n<\/div>\n<div>\n<blockquote class=\"wp-embedded-content\" data-secret=\"NL8Kd4Vrlj\"><p><a href=\"https:\/\/www.radiopiu.net\/wordpress\/due-minuti-un-libro\/\">Due minuti un libro<\/a><\/p><\/blockquote>\n<p><iframe loading=\"lazy\" class=\"wp-embedded-content\" sandbox=\"allow-scripts\" security=\"restricted\" style=\"position: absolute; clip: rect(1px, 1px, 1px, 1px);\" title=\"&#8220;Due minuti un libro&#8221; &#8212; Radio Pi\u00f9\" src=\"https:\/\/www.radiopiu.net\/wordpress\/due-minuti-un-libro\/embed\/#?secret=NL8Kd4Vrlj\" data-secret=\"NL8Kd4Vrlj\" width=\"600\" height=\"338\" frameborder=\"0\" marginwidth=\"0\" marginheight=\"0\" scrolling=\"no\"><\/iframe><\/p>\n<p>&nbsp;<\/p>\n<hr \/>\n<p>&nbsp;<\/p>\n<p><strong>IL LUNEDI ALLE 13 E ALLE 20, LA DOMENICA ALLE 10.30: SALUTE E SOCIETA&#8217; CON IL DOTTOR MARCO CARACCIOLO<\/strong><\/p>\n<blockquote>\n<h3>LA RACCOLTA COMPLETA<\/h3>\n<blockquote class=\"wp-embedded-content\" data-secret=\"mmFPnahA8a\"><p><a href=\"https:\/\/www.radiopiu.net\/wordpress\/saluteesocieta\/\">Salute e Societ\u00e0<\/a><\/p><\/blockquote>\n<p><iframe loading=\"lazy\" class=\"wp-embedded-content\" sandbox=\"allow-scripts\" security=\"restricted\" style=\"position: absolute; clip: rect(1px, 1px, 1px, 1px);\" title=\"&#8220;Salute e Societ\u00e0&#8221; &#8212; Radio Pi\u00f9\" src=\"https:\/\/www.radiopiu.net\/wordpress\/saluteesocieta\/embed\/#?secret=mmFPnahA8a\" data-secret=\"mmFPnahA8a\" width=\"600\" height=\"338\" frameborder=\"0\" marginwidth=\"0\" marginheight=\"0\" scrolling=\"no\"><\/iframe><\/p>\n<p>&nbsp;<\/p><\/blockquote>\n<hr \/>\n<p>&nbsp;<\/p>\n<p>&nbsp;<\/p>\n<p><strong>I RACCONTI DI PAOLO SOPPELSA, ALLA RADIO IL LUNEDI ALLE 9.30 E ALLE 18.30\u00a0<\/strong><\/p>\n<p>&nbsp;<\/p>\n<blockquote class=\"wp-embedded-content\" data-secret=\"hMv9ADaC7f\"><p><a href=\"https:\/\/www.radiopiu.net\/wordpress\/i-racconti-di-paolo-soppelsa\/\">I racconti di Paolo Soppelsa<\/a><\/p><\/blockquote>\n<p><iframe loading=\"lazy\" class=\"wp-embedded-content\" sandbox=\"allow-scripts\" security=\"restricted\" style=\"position: absolute; clip: rect(1px, 1px, 1px, 1px);\" title=\"&#8220;I racconti di Paolo Soppelsa&#8221; &#8212; Radio Pi\u00f9\" src=\"https:\/\/www.radiopiu.net\/wordpress\/i-racconti-di-paolo-soppelsa\/embed\/#?secret=hMv9ADaC7f\" data-secret=\"hMv9ADaC7f\" width=\"600\" height=\"338\" frameborder=\"0\" marginwidth=\"0\" marginheight=\"0\" scrolling=\"no\"><\/iframe><\/p>\n<hr \/>\n<p>&nbsp;<\/p>\n<p><strong>GIROVAGANDO IN E BIKE TRA LE DOLOMITI CON THOMAS SOPPERA IL LUNEDI ALLE 9 E ALLE 18,30<\/strong><\/p>\n<blockquote class=\"wp-embedded-content\" data-secret=\"kkBakPKEkE\"><p><a href=\"https:\/\/www.radiopiu.net\/wordpress\/girovagando-in-e-bike-tra-le-dolomiti\/\">GIROVAGANDO IN E BIKE TRA LE DOLOMITI<\/a><\/p><\/blockquote>\n<p><iframe loading=\"lazy\" class=\"wp-embedded-content\" sandbox=\"allow-scripts\" security=\"restricted\" style=\"position: absolute; clip: rect(1px, 1px, 1px, 1px);\" title=\"&#8220;GIROVAGANDO IN E BIKE TRA LE DOLOMITI&#8221; &#8212; Radio Pi\u00f9\" src=\"https:\/\/www.radiopiu.net\/wordpress\/girovagando-in-e-bike-tra-le-dolomiti\/embed\/#?secret=kkBakPKEkE\" data-secret=\"kkBakPKEkE\" width=\"600\" height=\"338\" frameborder=\"0\" marginwidth=\"0\" marginheight=\"0\" scrolling=\"no\"><\/iframe><\/p>\n<p>&nbsp;<\/p>\n<p>&nbsp;<\/p>\n<\/div>\n<p>&nbsp;<\/p>\n<div class=\"mkdf-post-text\">\n<div class=\"mkdf-post-text-inner\">\n<div class=\"mkdf-post-text-main\">\n<div class=\"mkdf-post-text\">\n<div class=\"mkdf-post-text-inner\">\n<div class=\"mkdf-post-text-main\">\n<div class=\"mkdf-post-text\">\n<div class=\"mkdf-post-text-inner\">\n<div class=\"mkdf-post-text-main\">\n<div class=\"page-title-head hgroup\">\n<div class=\"page-title-head hgroup\">\n<div class=\"mkdf-post-text\">\n<div class=\"mkdf-post-text-inner\">\n<div class=\"mkdf-post-text-main\">\n<div class=\"mkdf-post-text\">\n<div class=\"mkdf-post-text-inner\">\n<div class=\"mkdf-post-text-main\">\n<div class=\"page-title-head hgroup\">\n<div class=\"page-title-head hgroup\">\n<div class=\"page-title-head hgroup\">\n<div class=\"page-title-head hgroup\">\n<div class=\"b654a4as d2edcug0\">\n<div class=\"page-title-head hgroup\">\n<div class=\"page-title-head hgroup\">\n<div class=\"page-title-head hgroup\">\n<div class=\"page-title-head hgroup\">\n<div class=\"b654a4as d2edcug0\">\n<div>\n<div class=\"page-title-head hgroup\">\n<div class=\"page-title-head hgroup\">\n<div class=\"page-title-head hgroup\">\n<div class=\"page-title-head hgroup\">\n<div class=\"b654a4as d2edcug0\">\n<div><\/div>\n<div>\n<hr \/>\n<\/div>\n<div><\/div>\n<h4><span style=\"color: #ff0000;\">MUSICA ALLA RADIO<\/span><\/h4>\n<div><a href=\"https:\/\/www.radiopiu.net\/wordpress\/giornale-radiopiu-20-settembre-2021-direttore-mirko-mezzacasa\/pp-79\/\" rel=\"attachment wp-att-232921\"><img loading=\"lazy\" decoding=\"async\" class=\"wp-image-232921 alignleft\" src=\"https:\/\/www.radiopiu.net\/wordpress\/wp-content\/uploads\/2021\/09\/pp-1-300x300.jpg\" alt=\"\" width=\"135\" height=\"135\" srcset=\"https:\/\/www.radiopiu.net\/wordpress\/wp-content\/uploads\/2021\/09\/pp-1-300x300.jpg 300w, https:\/\/www.radiopiu.net\/wordpress\/wp-content\/uploads\/2021\/09\/pp-1-150x150.jpg 150w, https:\/\/www.radiopiu.net\/wordpress\/wp-content\/uploads\/2021\/09\/pp-1.jpg 640w\" sizes=\"auto, (max-width: 135px) 100vw, 135px\" \/><\/a><\/div>\n<div><\/div>\n<div><\/div>\n<div>\n<p><strong>MUSICA ALLA RADIO, IL PROGRAMMA DI LORIS SCUSSEL &#8220;COLLAGE OPERAZIONE NOSTALGIA&#8221; DAL LUNEDI AL VENERDI ALLE 16.00\u00a0 E ALLE 23\u00a0<\/strong><\/p>\n<p><em><strong>PUNTATA 445 del 01 Ottobre 2021<\/strong><\/em><\/p>\n<audio class=\"wp-audio-shortcode\" id=\"audio-234662-7\" preload=\"none\" style=\"width: 100%;\" controls=\"controls\"><source type=\"audio\/mpeg\" src=\"https:\/\/www.radiopiu.net\/wordpress\/wp-content\/uploads\/2021\/09\/Collage-445.mp3?_=7\" \/><a href=\"https:\/\/www.radiopiu.net\/wordpress\/wp-content\/uploads\/2021\/09\/Collage-445.mp3\">https:\/\/www.radiopiu.net\/wordpress\/wp-content\/uploads\/2021\/09\/Collage-445.mp3<\/a><\/audio>\n<p>&nbsp;<\/p>\n<\/div>\n<div>\n<p>&nbsp;<\/p>\n<p>&nbsp;<\/p>\n<hr \/>\n<p>&nbsp;<\/p>\n<p>&nbsp;<\/p>\n<p>&nbsp;<\/p>\n<p><a href=\"https:\/\/www.radiopiu.net\/wordpress\/giornale-radiopiu-26-settembre-2018-direttore-mirko-mezzacasa\/viabilita-2\/\" rel=\"attachment wp-att-61954\"><img loading=\"lazy\" decoding=\"async\" class=\"alignnone wp-image-61954 size-full\" src=\"https:\/\/www.radiopiu.net\/wordpress\/wp-content\/uploads\/2018\/09\/viabilita.jpeg\" alt=\"\" width=\"800\" height=\"100\" srcset=\"https:\/\/www.radiopiu.net\/wordpress\/wp-content\/uploads\/2018\/09\/viabilita.jpeg 800w, https:\/\/www.radiopiu.net\/wordpress\/wp-content\/uploads\/2018\/09\/viabilita-300x38.jpeg 300w, https:\/\/www.radiopiu.net\/wordpress\/wp-content\/uploads\/2018\/09\/viabilita-768x96.jpeg 768w\" sizes=\"auto, (max-width: 800px) 100vw, 800px\" \/><\/a><\/p>\n<blockquote>\n<h3><strong><a href=\"https:\/\/www.radiopiu.net\/wordpress\/giornale-radiopiu-29-settembre-2021-direttore-mirko-mezzacasa\/66195c39-0d91-471e-a86c-e4c55a78d703\/\" rel=\"attachment wp-att-234297\"><img loading=\"lazy\" decoding=\"async\" class=\"size-medium wp-image-234297 alignleft\" src=\"https:\/\/www.radiopiu.net\/wordpress\/wp-content\/uploads\/2021\/09\/66195c39-0d91-471e-a86c-e4c55a78d703-225x300.jpg\" alt=\"\" width=\"225\" height=\"300\" srcset=\"https:\/\/www.radiopiu.net\/wordpress\/wp-content\/uploads\/2021\/09\/66195c39-0d91-471e-a86c-e4c55a78d703-225x300.jpg 225w, https:\/\/www.radiopiu.net\/wordpress\/wp-content\/uploads\/2021\/09\/66195c39-0d91-471e-a86c-e4c55a78d703.jpg 600w\" sizes=\"auto, (max-width: 225px) 100vw, 225px\" \/><\/a><\/strong>CAPRILE-DIGONERA\u00a0 A &#8220;SINGHIOZZO&#8221;<\/h3>\n<\/blockquote>\n<p><strong><img loading=\"lazy\" decoding=\"async\" class=\"alignleft\" src=\"https:\/\/www.radiopiu.net\/wordpress\/wp-content\/uploads\/2021\/09\/th-9.jpg\" width=\"165\" height=\"79\" \/>ROCCA PIETORE<\/strong> La messa in sicurezza del piano viabile lungo la provinciale 563 di Salesei che da Saviner di Rocca Pietore sale a Digonera e quindi Livinallongo, obbliga l&#8217;impresa vicentina Gheller\u00a0 non solo a prevedere il senso unico alternato h24 ma anche a chiusure fino a 20 minuti. I lavori termineranno (salvo proroghe) il prossimo 11 ottobre.<\/p>\n<p>&nbsp;<\/p>\n<p><strong><a href=\"https:\/\/www.radiopiu.net\/wordpress\/veneto-strade-interdizione-al-traffico\/veneto-strade-2\/\" rel=\"attachment wp-att-135574\"><img loading=\"lazy\" decoding=\"async\" class=\"wp-image-135574 alignleft\" src=\"https:\/\/www.radiopiu.net\/wordpress\/wp-content\/uploads\/2020\/05\/VENETO-STRADE-300x300.png\" alt=\"\" width=\"100\" height=\"100\" srcset=\"https:\/\/www.radiopiu.net\/wordpress\/wp-content\/uploads\/2020\/05\/VENETO-STRADE-300x300.png 300w, https:\/\/www.radiopiu.net\/wordpress\/wp-content\/uploads\/2020\/05\/VENETO-STRADE-150x150.png 150w, https:\/\/www.radiopiu.net\/wordpress\/wp-content\/uploads\/2020\/05\/VENETO-STRADE.png 400w\" sizes=\"auto, (max-width: 100px) 100vw, 100px\" \/><\/a><\/strong><strong>PROVINCIALE 3 VALLE IMPERINA<\/strong> prorogato il senso unico con semaforo sopra Ponte Alto (per Rivamonte) fino al 4 ottobre, anche sabato e domenica<\/p>\n<p><strong>SP39 MONTE AVENA COMUNE SOVRAMONTE<\/strong> dal 27 settembre al 15 ottobre -esclusi festivi e prefestivi &#8211; interdizione totale al traffico<\/p>\n<p><strong>PROVINCIALE 638 DI PASSO GIAU<\/strong> Fino al 15 ottobre, sabato e domenica esclusi, interruzioni alla transitabilit\u00e0 stradale della durata di 15 minuti regolate da movieri.<\/p>\n<p>&nbsp;<\/p>\n<p>&nbsp;<\/p>\n<hr \/>\n<p>&nbsp;<\/p>\n<\/div>\n<\/div>\n<\/div>\n<\/div>\n<\/div>\n<\/div>\n<\/div>\n<\/div>\n<\/div>\n<\/div>\n<\/div>\n<\/div>\n<\/div>\n<\/div>\n<\/div>\n<\/div>\n<\/div>\n<\/div>\n<\/div>\n<\/div>\n<\/div>\n<\/div>\n<\/div>\n<\/div>\n<\/div>\n<\/div>\n<\/div>\n<\/div>\n<\/div>\n<\/div>\n<\/div>\n<\/div>\n<\/div>\n<\/div>\n<\/div>\n<\/div>\n<\/div>\n<\/div>\n<\/div>\n<\/div>\n<\/div>\n<\/div>\n<\/div>\n<\/div>\n<\/div>\n<\/div>\n<\/div>\n<\/div>\n<\/div>\n<\/div>\n<\/div>\n<\/div>\n<\/div>\n<div>\n<div class=\"page-title-head hgroup\">\n<div class=\"page-title-head hgroup\">\n<div class=\"page-title-head hgroup\">\n<div class=\"page-title-head hgroup\">\n<div class=\"b654a4as d2edcug0\">\n<div class=\"page-title-head hgroup\">\n<div class=\"page-title-head hgroup\">\n<div class=\"page-title-head hgroup\">\n<div class=\"page-title-head hgroup\">\n<div class=\"b654a4as d2edcug0\">\n<div class=\"page-title-head hgroup\">\n<div class=\"page-title-head hgroup\">\n<div class=\"page-title-head hgroup\">\n<div class=\"page-title-head hgroup\">\n<div class=\"page-title-head hgroup\">\n<div class=\"mkdf-post-text\">\n<div class=\"mkdf-post-text-inner\">\n<div class=\"mkdf-post-text-main\">\n<div class=\"mkdf-post-text\">\n<div class=\"mkdf-post-text-inner\">\n<div class=\"mkdf-post-text-main\">\n<div class=\"mkdf-post-text\">\n<div class=\"mkdf-post-text-inner\">\n<div class=\"mkdf-post-text-main\">\n<div class=\"page-title-head hgroup\">\n<div class=\"page-title-head hgroup\">\n<div class=\"mkdf-post-text\">\n<div class=\"mkdf-post-text-inner\">\n<div class=\"mkdf-post-text-main\">\n<div class=\"mkdf-post-text\">\n<div class=\"mkdf-post-text-inner\">\n<div class=\"mkdf-post-text-main\">\n<div>\n<div class=\"page-title-head hgroup\">\n<div class=\"page-title-head hgroup\">\n<div>\n<div class=\"page-title-head hgroup\">\n<div class=\"page-title-head hgroup\">\n<div class=\"b654a4as d2edcug0\">\n<div>\n<div class=\"page-title-head hgroup\" style=\"text-align: left;\">\n<div class=\"page-title-head hgroup\">\n<div dir=\"auto\">\n<p><a class=\"dt-pswp-item pspw-wrap-ready\" href=\"https:\/\/i0.wp.com\/www.radiopiu.net\/wordpress\/wp-content\/uploads\/2018\/09\/WhatsApp-Image-2018-09-20-at-16.04.06.jpeg?ssl=1\" data-dt-img-description=\"\" data-large_image_width=\"800\" data-large_image_height=\"100\"><img loading=\"lazy\" decoding=\"async\" class=\"aligncenter wp-image-61378 size-full jetpack-lazy-image jetpack-lazy-image--handled\" src=\"https:\/\/i0.wp.com\/www.radiopiu.net\/wordpress\/wp-content\/uploads\/2018\/09\/WhatsApp-Image-2018-09-20-at-16.04.06.jpeg?resize=800%2C100&amp;ssl=1\" sizes=\"auto, (max-width: 800px) 100vw, 800px\" srcset=\"https:\/\/i0.wp.com\/www.radiopiu.net\/wordpress\/wp-content\/uploads\/2018\/09\/WhatsApp-Image-2018-09-20-at-16.04.06.jpeg?w=800&amp;ssl=1 800w, https:\/\/i0.wp.com\/www.radiopiu.net\/wordpress\/wp-content\/uploads\/2018\/09\/WhatsApp-Image-2018-09-20-at-16.04.06.jpeg?resize=300%2C38&amp;ssl=1 300w, https:\/\/i0.wp.com\/www.radiopiu.net\/wordpress\/wp-content\/uploads\/2018\/09\/WhatsApp-Image-2018-09-20-at-16.04.06.jpeg?resize=768%2C96&amp;ssl=1 768w\" alt=\"\" width=\"800\" height=\"100\" data-lazy-loaded=\"1\" \/><\/a><\/p>\n<\/div>\n<\/div>\n<\/div>\n<\/div>\n<\/div>\n<\/div>\n<\/div>\n<\/div>\n<\/div>\n<\/div>\n<\/div>\n<\/div>\n<\/div>\n<\/div>\n<\/div>\n<\/div>\n<\/div>\n<\/div>\n<\/div>\n<\/div>\n<\/div>\n<\/div>\n<\/div>\n<\/div>\n<\/div>\n<\/div>\n<\/div>\n<\/div>\n<\/div>\n<\/div>\n<\/div>\n<\/div>\n<\/div>\n<\/div>\n<\/div>\n<\/div>\n<\/div>\n<\/div>\n<\/div>\n<\/div>\n<\/div>\n<\/div>\n<\/div>\n<\/div>\n<p>&nbsp;<\/p>\n<p><center><b>Sabato 2<\/b><\/center><b>Tempo atteso: <\/b>Giornata in prevalenza soleggiata, con diffusa velatura al mattino per nubi alte e sottili e cielo poco nuvoloso nel pomeriggio per cumuli, pi\u00f9 diffusi a ridosso dei rilievi. In serata probabile formazione di nubi basse in molte valli.<br \/>\n<b>Precipitazioni: <\/b>Assenti (0%), salvo qualche possibile pioviggine in serata sulle Prealpi veronesi e vicentine (10%)<br \/>\n<b>Temperature: <\/b>Generalmente stazionarie. Su Prealpi a 1500 m min 7\u00b0C max 10\u00b0C, a 2000 m min 4\u00b0C max 8\u00b0C. Su Dolomiti a 2000 m min 4\u00b0C max 9\u00b0C, a 3000 m min -1\u00b0C max 1\u00b0C.<br \/>\n<b>Venti: <\/b>Nelle valli deboli, localmente moderati per brezze; in quota inizialmente deboli\/moderati da ovest, poi in rotazione a sud-ovest ed in intensificazione, fino a tesi o forti in serata, 15-35 km\/h a 2000 m, 15-50 km\/h a 3000 m.<\/p>\n<hr \/>\n<p><center><b>Domenica 3<\/b><\/center><b>Tempo atteso: <\/b>Cielo irregolarmente nuvoloso, con schiarite pi\u00f9 ampie al mattino, dopo il diradamento delle probabili nubi basse notturne nelle valli, e nubi pi\u00f9 diffuse nel pomeriggio e in serata, quando tenderanno a riformarsi estese nubi basse nelle vallate.<br \/>\n<b>Precipitazioni: <\/b>Possibile qualche piovasco, soprattutto nel pomeriggio (30-40%)<br \/>\n<b>Temperature: <\/b>Senza notevoli variazioni, salvo aumentare le minime a fondovalle. Su Prealpi a 1500 m min 7\u00b0C max 11\u00b0C, a 2000 m min 5\u00b0C max 9\u00b0C. Su Dolomiti a 2000 m min 3\u00b0C max 9\u00b0C, a 3000 m min -1\u00b0C max 1\u00b0C.<br \/>\n<b>Venti: <\/b>Nelle valli in prevalenza deboli; in quota tesi da sud-ovest, anche forti sulle cime, 25-35 km\/h a 2000 m, 40-50 km\/h a 3000 m.<\/p>\n<hr \/>\n<p><center><b>Lunedi 4<\/b><\/center>Sensibile peggioramento nel pomeriggio\/sera, con residue schiarite al mattino. In serata\/notte gli apporti di pioggia potranno essere consistenti, con limite delle nevicate a 2900-3000 m. Temperature in genere stazionarie. Venti in quota tesi o forti da sud-ovest, in rotazione a sud dal pomeriggio e in ulteriore intensificazione in serata.<\/p>\n<hr \/>\n<p><center><b>Martedi 5<\/b><\/center>Dopo il marcato maltempo notturno il tempo migliorer\u00e0 solo parzialmente e rimarr\u00e0 instabile fin verso sera, con nuove precipitazioni. Temperature in lieve diminuzione. Venti in quota moderati o tesi, inizialmente ancora da sud, poi in rotazione a sud-ovest. Previsore: BR<\/p>\n<p>&nbsp;<\/p>\n<hr \/>\n<p>&nbsp;<\/p>\n<div class=\"mkdf-post-text\">\n<div class=\"mkdf-post-text-inner\">\n<p><a href=\"https:\/\/www.radiopiu.net\/wordpress\/giornale-radiopiu-15-settembre-2018-direttore-mirko-mezzacasa\/sport-7\/\" rel=\"attachment wp-att-60761\"><img loading=\"lazy\" decoding=\"async\" class=\"wp-image-60761 size-full aligncenter\" src=\"https:\/\/www.radiopiu.net\/wordpress\/wp-content\/uploads\/2018\/09\/sport.jpg\" alt=\"\" width=\"800\" height=\"100\" srcset=\"https:\/\/www.radiopiu.net\/wordpress\/wp-content\/uploads\/2018\/09\/sport.jpg 800w, https:\/\/www.radiopiu.net\/wordpress\/wp-content\/uploads\/2018\/09\/sport-300x38.jpg 300w, https:\/\/www.radiopiu.net\/wordpress\/wp-content\/uploads\/2018\/09\/sport-768x96.jpg 768w\" sizes=\"auto, (max-width: 800px) 100vw, 800px\" \/><\/a><\/p>\n<\/div>\n<\/div>\n<p>&nbsp;<\/p>\n<p><span style=\"color: #0000ff;\"><strong>CALCIO<\/strong><\/span><\/p>\n<blockquote>\n<h3>IL FINE SETTIMANA CALCISTICO DI AGORDINA E KERALPEN<\/h3>\n<\/blockquote>\n<p><strong><a href=\"https:\/\/www.radiopiu.net\/wordpress\/il-voltago-continua-a-vincere-nel-campionato-agordino-femminile\/pallone-calcio-2019\/\" rel=\"attachment wp-att-91405\"><img loading=\"lazy\" decoding=\"async\" class=\"size-medium wp-image-91405 alignleft\" src=\"https:\/\/www.radiopiu.net\/wordpress\/wp-content\/uploads\/2019\/07\/pallone-calcio-2019-300x200.jpg\" alt=\"\" width=\"300\" height=\"200\" srcset=\"https:\/\/www.radiopiu.net\/wordpress\/wp-content\/uploads\/2019\/07\/pallone-calcio-2019-300x200.jpg 300w, https:\/\/www.radiopiu.net\/wordpress\/wp-content\/uploads\/2019\/07\/pallone-calcio-2019-768x513.jpg 768w, https:\/\/www.radiopiu.net\/wordpress\/wp-content\/uploads\/2019\/07\/pallone-calcio-2019-1024x684.jpg 1024w\" sizes=\"auto, (max-width: 300px) 100vw, 300px\" \/><\/a>AGORDO <\/strong>Continua l\u2019avventura dell\u2019Agordina Calcio nei vari campionati FIGC. Anche questo fine settimana il settore giovanile e la prima squadra saranno protagonisti a livello regionale e provinciale. Nel pomeriggio di oggi in campo la Juniores. L\u2019Agordina Giovanissimi di De Bastiani ha rinviato la partita in programma oggi con il Valbelluna. La Juniores Regionale di Roberto Fontanive, dopo i due risultati utili all\u2019esordio, cercher\u00e0 altri punti nella trasferta odierna in programma alle 15:30 contro l\u2019Alpago. Domani mattina alle 10:30 sar\u00e0 la volta degli Allievi Regionali che in terra cadorina affronteranno il fanalino di coda Cadore 1919. Alle 15:30 sar\u00e0 la volta della prima squadra. La squadra di Lorenzi, dopo un pareggio e una vittoria nelle prime due giornate della Seconda Categoria Girone T, sar\u00e0 all\u2019Ivano Dorigo di Agordo dove arriva la Fulgor Farra. Si preannuncia una partita dai ritmi alti con gli ospiti alla ricerca di punti per lasciare la zona playout e l\u2019Agordina che vuole racimolare pi\u00f9 punti possibile nella prima parte della stagione per chiudere l\u2019obbiettivo salvezza al pi\u00f9 presto. Non solo calcio maschile ma questa settimana inizia il campionato Eccellenza anche per il femminile con il Keralpen ai blocchi di partenza. La formazione di Belluno esordir\u00e0 in terra trevigiana contro il Condor Treviso domani alle 15:30. Sempre domani pomeriggio ritorna l\u2019appuntamento con \u201cDomenica Pi\u00f9 Sport\u201d il contenitore sportivo di Radio Pi\u00f9 per seguire in diretta Agordina e Keralpen e per trattare anche gli altri sport.<\/p>\n<p>&nbsp;<\/p>\n<p>&nbsp;<\/p>\n<hr \/>\n<p>&nbsp;<\/p>\n<p><span style=\"color: #0000ff;\"><strong>HOCKEY<\/strong><\/span><\/p>\n<blockquote>\n<h3>ALLEGHE A DOBBIACO ALLA RICERCA DEI PRIMI PUNTI STAGIONALI<\/h3>\n<\/blockquote>\n<p><strong><a href=\"https:\/\/www.radiopiu.net\/wordpress\/il-calendario-ufficiale-dellitalian-hockey-league\/logo-alleghe-hockey\/\" rel=\"attachment wp-att-95699\"><img loading=\"lazy\" decoding=\"async\" class=\"size-medium wp-image-95699 alignleft\" src=\"https:\/\/www.radiopiu.net\/wordpress\/wp-content\/uploads\/2019\/08\/logo-alleghe-hockey-300x281.png\" alt=\"\" width=\"300\" height=\"281\" srcset=\"https:\/\/www.radiopiu.net\/wordpress\/wp-content\/uploads\/2019\/08\/logo-alleghe-hockey-300x281.png 300w, https:\/\/www.radiopiu.net\/wordpress\/wp-content\/uploads\/2019\/08\/logo-alleghe-hockey.png 547w\" sizes=\"auto, (max-width: 300px) 100vw, 300px\" \/><\/a>ALLEGHE<\/strong> Terza giornata del campionato di Italian Hockey League. Sabato 2 ottobre alle ore 20:00 le Civette giocano in trasferta a Dobbiaco. Prima trasferta stagionale per l&#8217;Alleghe che si trover\u00e0 sulla propria strada il neopromosso Dobbiaco, con Testori e compagni chiamati a rialzare la testa dopo due sconfitte casalinghe maturate contro Unterland e Bressanone. Nell\u2019ultima gara persa 2-3 contro i Brissinesi, la squadra di coach Fontana, al contrario di quanto accaduto nella partita d\u2019esordio contro l\u2019Unterland, ha ben controllato il match nei primi due parziali, portandosi sul doppio vantaggio grazie alle marcature di capitan Testori e dello svedese Joshua Berger, alla sua prima rete stagionale. Purtroppo, evitabili inferiorit\u00e0 numeriche subite dagli Alleghesi nei finali di secondo e terzo parziale, hanno permesso agli Altoatesini di ribaltare una partita che nel terzo tempo \u00e8 comunque stata appannaggio degli ospiti, complice un evidente calo fisico dei nostri ragazzi. Da evidenziare la giovane et\u00e0 della squadra, con i nostri \u201cboce\u201d che stanno comunque dimostrando di essere maturati ed aver acquisito esperienza nelle ultime stagioni e con l\u2019aiuto dei veterani, questo interessante mix, ci potr\u00e0 dare soddisfazioni nel proseguo della stagione. Il Dobbiaco nelle prime due giornate ha raccolto 3 punti, frutto all\u2019esordio della sconfitta casalinga 4-5 contro il Caldaro, in cui gli Icebears hanno comunque dato un ottima impressione al cospetto dei campioni in carica e nell\u2019ultimo incontro della vittoria 3-1 sul ghiaccio del Como, in una partita ben giocata dai Pusteresi che sono riusciti a sfruttare al meglio le occasioni create, con gli avversari costretti ad inseguire. L\u2019incrocio delle stecche tra le Civette alleghesi e gli Icebears di Dobbiaco \u00e8 un inedito, infatti i due team non si sono mai incontrati nel campionato cadetto di Italian Hockey League.<br \/>\n<strong>AHC Toblach Dobbiaco Icebears &#8211; Alleghe Hockey<\/strong><br \/>\nSabato 2 ottobre ore 20:00 \u2013 Stadio \u201cSportzone Gries\u201d di Dobbiaco (Bz)<br \/>\nArbitri: Patrick Theo Gruber e Fabio Tirelli con giudici di linea Martin Mair e Lukas Fleischmann<br \/>\n<strong><em>Collegamento in DIRETTA RADIOFONICA su Radio Pi\u00f9 (www.radiopiu.net) con \u201cHockey al punto giusto\u201d, in studio Marco Gaz e da Dobbiaco radiocronaca di Federico Paganin<\/em><\/strong><\/p>\n<p>&nbsp;<\/p>\n<blockquote>\n<h3>DOMENICA LA NAZIONALE FEMMINILE DI HOCKEY IN AMICHEVOLE CON L&#8217;AUSTRIA<\/h3>\n<\/blockquote>\n<p class=\"null\"><a href=\"https:\/\/www.radiopiu.net\/wordpress\/giornale-radiopiu-02-ottobre-2021-direttore-mirko-mezzacasa\/6725fe33-4880-f574-4df5-e5470e968a22\/\" rel=\"attachment wp-att-234737\"><img loading=\"lazy\" decoding=\"async\" class=\"size-medium wp-image-234737 alignleft\" src=\"https:\/\/www.radiopiu.net\/wordpress\/wp-content\/uploads\/2021\/10\/6725fe33-4880-f574-4df5-e5470e968a22-300x200.jpg\" alt=\"\" width=\"300\" height=\"200\" srcset=\"https:\/\/www.radiopiu.net\/wordpress\/wp-content\/uploads\/2021\/10\/6725fe33-4880-f574-4df5-e5470e968a22-300x200.jpg 300w, https:\/\/www.radiopiu.net\/wordpress\/wp-content\/uploads\/2021\/10\/6725fe33-4880-f574-4df5-e5470e968a22-1024x683.jpg 1024w, https:\/\/www.radiopiu.net\/wordpress\/wp-content\/uploads\/2021\/10\/6725fe33-4880-f574-4df5-e5470e968a22-768x512.jpg 768w, https:\/\/www.radiopiu.net\/wordpress\/wp-content\/uploads\/2021\/10\/6725fe33-4880-f574-4df5-e5470e968a22.jpg 1200w\" sizes=\"auto, (max-width: 300px) 100vw, 300px\" \/><\/a>L\u2019appuntamento con il torneo di pre-qualificazione olimpica \u00e8 sempre pi\u00f9 vicino per l\u2019Italia femminile di hockey su ghiaccio. Le ragazze di coach Max Fedrizzi si sono allenate per la prima volta ieri a Pinerolo. Ancora assente la forte difensora Nadia Mattivi, impegnata negli Stati Uniti con Boston University nel campionato NCAA, la quale si aggregher\u00e0 al gruppo nella giornata di domenica. A proposito del 3 ottobre, proprio domenica \u00e8 in programma l\u2019unico test-match di preparazione per le azzurre, che alle ore 13 affronteranno l\u2019Austria. L\u2019incontro si disputer\u00e0 all\u2019Agor\u00e0 di Milano. Dal 7 al 10 ottobre. l&#8217;Italia affronter\u00e0 Taipei, Spagna e Kazakhstan: nel torneo di pre-qualificazione olimpica i tre match si disputeranno rispettivamente gioved\u00ec 7, venerd\u00ec 8 e domenica 10 ottobre al \u201cCottaMorandini\u201d di Torre Pellice con ingaggio d\u2019inizio alle ore 20.15.<\/p>\n<p>&nbsp;<\/p>\n<p>&nbsp;<\/p>\n<hr \/>\n<p>&nbsp;<\/p>\n<p><span style=\"color: #0000ff;\"><strong>MOTORI<\/strong><\/span><\/p>\n<blockquote>\n<h3>IL SESTO DOLOMITI RALLY SCALDA I MOTORI. OGGI LE RICOGNIZIONI DEI TRACCIATI<\/h3>\n<\/blockquote>\n<p><strong><a href=\"https:\/\/www.radiopiu.net\/wordpress\/il-sesto-dolomiti-rally-scalda-i-motori-oggi-le-ricognizioni-dei-tracciati\/alb_0157\/\" rel=\"attachment wp-att-234777\"><img loading=\"lazy\" decoding=\"async\" class=\"size-medium wp-image-234777 alignleft\" src=\"https:\/\/www.radiopiu.net\/wordpress\/wp-content\/uploads\/2021\/10\/ALB_0157-300x200.jpg\" alt=\"\" width=\"300\" height=\"200\" srcset=\"https:\/\/www.radiopiu.net\/wordpress\/wp-content\/uploads\/2021\/10\/ALB_0157-300x200.jpg 300w, https:\/\/www.radiopiu.net\/wordpress\/wp-content\/uploads\/2021\/10\/ALB_0157-1024x683.jpg 1024w, https:\/\/www.radiopiu.net\/wordpress\/wp-content\/uploads\/2021\/10\/ALB_0157-768x512.jpg 768w, https:\/\/www.radiopiu.net\/wordpress\/wp-content\/uploads\/2021\/10\/ALB_0157-1536x1024.jpg 1536w, https:\/\/www.radiopiu.net\/wordpress\/wp-content\/uploads\/2021\/10\/ALB_0157-2048x1365.jpg 2048w\" sizes=\"auto, (max-width: 300px) 100vw, 300px\" \/><\/a>VOLTAGO<\/strong><\/p>\n<p>di Roberto Bona<\/p>\n<audio class=\"wp-audio-shortcode\" id=\"audio-234662-8\" preload=\"none\" style=\"width: 100%;\" controls=\"controls\"><source type=\"audio\/mpeg\" src=\"https:\/\/www.radiopiu.net\/wordpress\/wp-content\/uploads\/2021\/10\/BONA-DOLOMITI-RALLY-RICOGNIZIONE-TRACCIATI.mp3?_=8\" \/><a href=\"https:\/\/www.radiopiu.net\/wordpress\/wp-content\/uploads\/2021\/10\/BONA-DOLOMITI-RALLY-RICOGNIZIONE-TRACCIATI.mp3\">https:\/\/www.radiopiu.net\/wordpress\/wp-content\/uploads\/2021\/10\/BONA-DOLOMITI-RALLY-RICOGNIZIONE-TRACCIATI.mp3<\/a><\/audio>\n<p>&nbsp;<\/p>\n<hr \/>\n<p>&nbsp;<\/p>\n<p><strong><span style=\"color: #0000ff;\">VOLLEY<\/span><\/strong><\/p>\n<blockquote>\n<h3>MANCANO 9 GIORNI ALL&#8217;INIZIO DELLA STAGIONE PER LA DA ROLD LOGISTIC BELLUNO<\/h3>\n<\/blockquote>\n<p><strong><a href=\"https:\/\/www.radiopiu.net\/wordpress\/giornale-radiopiu-02-ottobre-2021-direttore-mirko-mezzacasa\/ostuzzi_in_ricezione\/\" rel=\"attachment wp-att-234736\"><img loading=\"lazy\" decoding=\"async\" class=\"size-medium wp-image-234736 alignleft\" src=\"https:\/\/www.radiopiu.net\/wordpress\/wp-content\/uploads\/2021\/10\/Ostuzzi_in_ricezione-300x184.jpg\" alt=\"\" width=\"300\" height=\"184\" srcset=\"https:\/\/www.radiopiu.net\/wordpress\/wp-content\/uploads\/2021\/10\/Ostuzzi_in_ricezione-300x184.jpg 300w, https:\/\/www.radiopiu.net\/wordpress\/wp-content\/uploads\/2021\/10\/Ostuzzi_in_ricezione-768x472.jpg 768w, https:\/\/www.radiopiu.net\/wordpress\/wp-content\/uploads\/2021\/10\/Ostuzzi_in_ricezione.jpg 881w\" sizes=\"auto, (max-width: 300px) 100vw, 300px\" \/><\/a>BELLUNO <\/strong>Mancano solo nove giorni al debutto in Serie A3 Credem Banca: domenica 10 ottobre (ore 18, alla Spes Arena), la Da Rold Logistics Belluno ospiter\u00e0 l\u2019Abba Pineto. Di conseguenza, \u00e8 necessaria una prova generale: la terza e ultima di un pre-campionato caratterizzato dal successo con il Cus Trieste e dal durissimo test con un sestetto di A2 come Motta.\u00a0 E sar\u00e0 ancora Motta a mettere alla prova il gruppo di Diego Poletto: stavolta a Caorle. A questo proposito, l\u2019appuntamento \u00e8 per oggi, attorno alle 17.30.<span class=\"gmail-Apple-converted-space\">\u00a0<\/span>I rinoceronti? Tutti presenti. Compreso un ragazzo che tiene fede al suo nome: Massimo. Perch\u00e9 \u201cmassimo\u201d \u00e8 il suo impegno nel volley, ma anche negli studi.\u00a0 Non a caso, lo schiacciatore Ostuzzi si \u00e8 appena laureato in Matematica pura: \u00ab<em>Ho studiato a Padova &#8211; afferma il ventiduenne nato a Bassano del Grappa &#8211; anche se ho frequentato in presenza solo il primo anno. Ed \u00e8 stato il pi\u00f9 difficile perch\u00e9 non ero del tutto pronto al rigore, n\u00e9 all\u2019originalit\u00e0 richiesta nei ragionamenti. Poi, con l\u2019arrivo del Covid e le lezioni online, paradossalmente per me \u00e8 stato tutto pi\u00f9 facile. Cos\u00ec la scorsa estate sono riuscito a sostenere sei esami e a laurearmi in tempo, scrivendo una tesi sulla geometria algebrica. Mi sto trovando al meglio con tutti: dirigenza, staff e atleti. Siamo una bella squadra, stiamo bene insieme. E ci sono i presupposti per una bella stagione di pallavolo<\/em>\u00bb.<span class=\"gmail-Apple-converted-space\">\u00a0<\/span><\/p>\n<\/div>\n<\/div>\n<\/div>\n<\/div>\n<\/div>\n<\/div>\n<\/div>\n","protected":false},"excerpt":{"rendered":"<p>INFORMAZIONE il canale su TELEGRAM informazione di prima mano e in tempo reale. iscriviti ed aiutaci a farlo conoscere\u00a0\u00a0 &nbsp; &nbsp; Elezioni, si pu\u00f2 votare senza il green pass. SI VOTA, DA LUNEDI 8 NUOVI SINDACI: Da domani mattina a lunedi alle 15 si vota, alle urne 19mila elettori bellunesi a\u00a0 Voltago, Selva di Cadore,&hellip;<\/p>\n","protected":false},"author":4,"featured_media":234839,"comment_status":"closed","ping_status":"open","sticky":false,"template":"","format":"standard","meta":{"_monsterinsights_skip_tracking":false,"_monsterinsights_sitenote_active":false,"_monsterinsights_sitenote_note":"","_monsterinsights_sitenote_category":0,"footnotes":""},"categories":[1,104,86,49],"tags":[],"class_list":["post-234662","post","type-post","status-publish","format-standard","has-post-thumbnail","hentry","category-senza-categoria","category-evidenza_3","category-gr","category-news-18","category-1","category-104","category-86","category-49","description-off"],"img_url":"https:\/\/www.radiopiu.net\/wordpress\/wp-content\/uploads\/2021\/10\/IMG-20211001-WA0014-1.jpg","_links":{"self":[{"href":"https:\/\/www.radiopiu.net\/wordpress\/wp-json\/wp\/v2\/posts\/234662","targetHints":{"allow":["GET"]}}],"collection":[{"href":"https:\/\/www.radiopiu.net\/wordpress\/wp-json\/wp\/v2\/posts"}],"about":[{"href":"https:\/\/www.radiopiu.net\/wordpress\/wp-json\/wp\/v2\/types\/post"}],"author":[{"embeddable":true,"href":"https:\/\/www.radiopiu.net\/wordpress\/wp-json\/wp\/v2\/users\/4"}],"replies":[{"embeddable":true,"href":"https:\/\/www.radiopiu.net\/wordpress\/wp-json\/wp\/v2\/comments?post=234662"}],"version-history":[{"count":0,"href":"https:\/\/www.radiopiu.net\/wordpress\/wp-json\/wp\/v2\/posts\/234662\/revisions"}],"wp:featuredmedia":[{"embeddable":true,"href":"https:\/\/www.radiopiu.net\/wordpress\/wp-json\/wp\/v2\/media\/234839"}],"wp:attachment":[{"href":"https:\/\/www.radiopiu.net\/wordpress\/wp-json\/wp\/v2\/media?parent=234662"}],"wp:term":[{"taxonomy":"category","embeddable":true,"href":"https:\/\/www.radiopiu.net\/wordpress\/wp-json\/wp\/v2\/categories?post=234662"},{"taxonomy":"post_tag","embeddable":true,"href":"https:\/\/www.radiopiu.net\/wordpress\/wp-json\/wp\/v2\/tags?post=234662"}],"curies":[{"name":"wp","href":"https:\/\/api.w.org\/{rel}","templated":true}]}}