{"id":234762,"date":"2021-10-01T11:12:13","date_gmt":"2021-10-01T09:12:13","guid":{"rendered":"https:\/\/www.radiopiu.net\/wordpress\/?p=234762"},"modified":"2021-10-01T16:59:49","modified_gmt":"2021-10-01T14:59:49","slug":"la-proposta-di-fabio-rufus-britot-luomo-del-soccorso","status":"publish","type":"post","link":"https:\/\/www.radiopiu.net\/wordpress\/la-proposta-di-fabio-rufus-britot-luomo-del-soccorso\/","title":{"rendered":"LA PROPOSTA DI FABIO RUFUS BRISTOT, L&#8217;UOMO DEL SOCCORSO"},"content":{"rendered":"<p><strong><a href=\"https:\/\/www.radiopiu.net\/wordpress\/la-proposta-di-fabio-rufus-britot-luomo-del-soccorso\/243855735_10224433765824763_6603807883791019144_n\/\" rel=\"attachment wp-att-234764\"><img loading=\"lazy\" decoding=\"async\" class=\"size-medium wp-image-234764 alignleft\" src=\"https:\/\/www.radiopiu.net\/wordpress\/wp-content\/uploads\/2021\/10\/243855735_10224433765824763_6603807883791019144_n-300x225.jpg\" alt=\"\" width=\"300\" height=\"225\" srcset=\"https:\/\/www.radiopiu.net\/wordpress\/wp-content\/uploads\/2021\/10\/243855735_10224433765824763_6603807883791019144_n-300x225.jpg 300w, https:\/\/www.radiopiu.net\/wordpress\/wp-content\/uploads\/2021\/10\/243855735_10224433765824763_6603807883791019144_n-768x576.jpg 768w, https:\/\/www.radiopiu.net\/wordpress\/wp-content\/uploads\/2021\/10\/243855735_10224433765824763_6603807883791019144_n.jpg 960w\" sizes=\"auto, (max-width: 300px) 100vw, 300px\" \/><\/a>BELLUNO<\/strong> &#8220;<em>Vorremmo che la nuova Base di Elisoccorso del SUEM 118 di Pieve di Cadore fosse dedicata a chi ide\u00f2, organizz\u00f2 e istituzionalizz\u00f2 nella provincia di Belluno il &#8220;118&#8221;, tra i primi in Italia assieme a Bologna e Udine e a chi nel 1988, dopo alcuni anni di sperimentazione con il Soccorso Alpino, avvi\u00f2 il Servizio di Elisoccorso, anche in questo caso tra i primi in Italia. Vorremo, dunque, che questa base venisse dedicata al Dott. Angelo Costola, instancabile promotore e motore di queste realt\u00e0 che sono state straordinariamente importanti, per non dire decisive, per la provincia di Belluno, per il suo territorio, per le sue comunit\u00e0 e per l&#8217;utenza turistica<\/em>&#8220;. Questa la proposta di Fabio &#8220;Rufus&#8221; Bristot, l&#8217;uomo del Soccorso Alpino che sulla pagina Facebook &#8220;Base di elisoccorso Angelo Costola&#8221; fa un appello.<\/p>\n<p>&nbsp;<\/p>\n<p>&nbsp;<\/p>\n<p>&nbsp;<\/p>\n<p>&nbsp;<\/p>\n<p>*****<\/p>\n","protected":false},"excerpt":{"rendered":"<p>BELLUNO &#8220;Vorremmo che la nuova Base di Elisoccorso del SUEM 118 di Pieve di Cadore fosse dedicata a chi ide\u00f2, organizz\u00f2 e istituzionalizz\u00f2 nella provincia di Belluno il &#8220;118&#8221;, tra i primi in Italia assieme a Bologna e Udine e a chi nel 1988, dopo alcuni anni di sperimentazione con il Soccorso Alpino, avvi\u00f2 il&hellip;<\/p>\n","protected":false},"author":4,"featured_media":234764,"comment_status":"closed","ping_status":"open","sticky":false,"template":"","format":"standard","meta":{"_monsterinsights_skip_tracking":false,"_monsterinsights_sitenote_active":false,"_monsterinsights_sitenote_note":"","_monsterinsights_sitenote_category":0,"footnotes":""},"categories":[1,49],"tags":[],"class_list":["post-234762","post","type-post","status-publish","format-standard","has-post-thumbnail","hentry","category-senza-categoria","category-news-18","category-1","category-49","description-off"],"img_url":"https:\/\/www.radiopiu.net\/wordpress\/wp-content\/uploads\/2021\/10\/243855735_10224433765824763_6603807883791019144_n.jpg","_links":{"self":[{"href":"https:\/\/www.radiopiu.net\/wordpress\/wp-json\/wp\/v2\/posts\/234762","targetHints":{"allow":["GET"]}}],"collection":[{"href":"https:\/\/www.radiopiu.net\/wordpress\/wp-json\/wp\/v2\/posts"}],"about":[{"href":"https:\/\/www.radiopiu.net\/wordpress\/wp-json\/wp\/v2\/types\/post"}],"author":[{"embeddable":true,"href":"https:\/\/www.radiopiu.net\/wordpress\/wp-json\/wp\/v2\/users\/4"}],"replies":[{"embeddable":true,"href":"https:\/\/www.radiopiu.net\/wordpress\/wp-json\/wp\/v2\/comments?post=234762"}],"version-history":[{"count":0,"href":"https:\/\/www.radiopiu.net\/wordpress\/wp-json\/wp\/v2\/posts\/234762\/revisions"}],"wp:featuredmedia":[{"embeddable":true,"href":"https:\/\/www.radiopiu.net\/wordpress\/wp-json\/wp\/v2\/media\/234764"}],"wp:attachment":[{"href":"https:\/\/www.radiopiu.net\/wordpress\/wp-json\/wp\/v2\/media?parent=234762"}],"wp:term":[{"taxonomy":"category","embeddable":true,"href":"https:\/\/www.radiopiu.net\/wordpress\/wp-json\/wp\/v2\/categories?post=234762"},{"taxonomy":"post_tag","embeddable":true,"href":"https:\/\/www.radiopiu.net\/wordpress\/wp-json\/wp\/v2\/tags?post=234762"}],"curies":[{"name":"wp","href":"https:\/\/api.w.org\/{rel}","templated":true}]}}