{"id":234844,"date":"2021-10-01T16:21:03","date_gmt":"2021-10-01T14:21:03","guid":{"rendered":"https:\/\/www.radiopiu.net\/wordpress\/?p=234844"},"modified":"2021-10-01T16:42:31","modified_gmt":"2021-10-01T14:42:31","slug":"ladini-storici-osservatori-nelleuregio-tirolo","status":"publish","type":"post","link":"https:\/\/www.radiopiu.net\/wordpress\/ladini-storici-osservatori-nelleuregio-tirolo\/","title":{"rendered":"LADINI STORICI OSSERVATORI NELL&#8217;EUREGIO TIROLO"},"content":{"rendered":"<p align=\"CENTER\"><span style=\"color: #000000;\"><span style=\"font-family: Arial, sans-serif;\"><span style=\"font-size: large;\">\u00ab<\/span><\/span><\/span><span style=\"color: #000000;\"><span style=\"font-family: Arial, sans-serif;\"><span style=\"font-size: large;\"><b>SEGNALE IMPORTANTE PER QUELLE TERRE E PER LA POLITICA<\/b><\/span><\/span><\/span><span style=\"color: #000000;\"><span style=\"font-family: Arial, sans-serif;\"><span style=\"font-size: large;\">\u00bb<\/span><\/span><\/span><\/p>\n<p style=\"text-align: left;\" align=\"CENTER\"><em><span style=\"color: #000000;\"><span style=\"font-family: Arial, sans-serif;\"><span style=\"font-size: large;\">Dal movimento Belluno Autonoma Regione Dolomiti\u00a0 il commento alla nomina di Denni Dorigo a delegato dei comuni di Colle Santa Lucia, Cortina d&#8217;Ampezzo e Livinallongo del Col di Lana che nel nuovo Consiglio dei Comuni dell&#8217;Euregio Tirolo Sudtirolo Trentino godono ora dello status di osservatore.\u00a0<\/span><\/span><\/span><\/em><\/p>\n<p align=\"LEFT\"><span style=\"color: #000000;\"><span style=\"font-family: Arial, sans-serif;\"><span style=\"font-size: large;\"><a href=\"https:\/\/www.radiopiu.net\/wordpress\/il-questionario-sulluso-della-lingua-ladina\/denni-dorigo-8\/\" rel=\"attachment wp-att-224612\"><img loading=\"lazy\" decoding=\"async\" class=\" wp-image-224612 alignleft\" src=\"https:\/\/www.radiopiu.net\/wordpress\/wp-content\/uploads\/2021\/07\/DENNI-DORIGO-300x300.jpg\" alt=\"\" width=\"227\" height=\"227\" srcset=\"https:\/\/www.radiopiu.net\/wordpress\/wp-content\/uploads\/2021\/07\/DENNI-DORIGO-300x300.jpg 300w, https:\/\/www.radiopiu.net\/wordpress\/wp-content\/uploads\/2021\/07\/DENNI-DORIGO-1024x1024.jpg 1024w, https:\/\/www.radiopiu.net\/wordpress\/wp-content\/uploads\/2021\/07\/DENNI-DORIGO-150x150.jpg 150w, https:\/\/www.radiopiu.net\/wordpress\/wp-content\/uploads\/2021\/07\/DENNI-DORIGO-768x769.jpg 768w, https:\/\/www.radiopiu.net\/wordpress\/wp-content\/uploads\/2021\/07\/DENNI-DORIGO.jpg 1240w\" sizes=\"auto, (max-width: 227px) 100vw, 227px\" \/><\/a>\u00abRiteniamo un passaggio importante per i comuni di Colle Santa Lucia, Cortina d&#8217;Ampezzo e Livinallongo del Col di Lana l&#8217;ingresso di un loro rappresentante nell&#8217;Euregio Tirolo. Questo per i ladini storici \u00e8 il riconoscimento di una comunit\u00e0 estesa oltre i semplici confini politici e un segnale importante sia per la storia che per il futuro di queste tre realt\u00e0. Non dimentichiamo la battaglia che abbiamo portato avanti come BARD con i nostri consiglieri provinciali, prima Moreno Broccon e poi Ivan Minella, per l&#8217;attribuzione del ruolo di osservatore alla Provincia di Belluno, riconoscimento ottenuto in via sperimentale per un paio di anni, ma sul quale evidentemente i vertici dell&#8217;ente non credevano. Non poteva poi esserci scelta migliore di Denni Dorigo (foto), oggi direttore dell&#8217;Istitut Cultural Ladin Cesa de Jan che proprio recentemente ha presentato una pubblicazione sulla &#8220;Storia di un Referendum e di un popolo inascoltato&#8221; inerente al referendum del 2007 per il passaggio all&#8217;Alto Adige dei tre comuni; da quasi 15 anni questi paesi aspettano una risposta, il volere dei cittadini \u00e8 stato chiaro ed \u00e8 ormai ora passata che, come accaduto per Sappada e come dovr\u00e0 accadere per tutti gli altri comuni referendari da Lamon in poi, il Parlamento si esprima con un s\u00ec o un no al loro passaggio. Questo \u00e8 un messaggio importante non solo per i ladini storici, ma per l&#8217;intero mondo politico bellunese, veneto e nazionale: \u00e8 chiaro che questa pagina \u00e8 ancora irrisolta e non verr\u00e0 chiusa facilmente, e il riconoscimento arrivato dall&#8217;Euregio pu\u00f2 riaprire vecchi discorsi e aprire nuovi fronti di confronto. Se qualcuno pensava che anni di silenzio e immobilismo veneziano e romano avessero indebolito le battaglie delle terre alte, questo passaggio \u00e8 un chiaro segnale che dimostra come la partita non sia certo dimenticata, n\u00e9 di qua n\u00e9 di l\u00e0 del confine\u00bb<\/span><\/span><\/span><\/p>\n<p align=\"LEFT\">\n","protected":false},"excerpt":{"rendered":"<p>\u00abSEGNALE IMPORTANTE PER QUELLE TERRE E PER LA POLITICA\u00bb Dal movimento Belluno Autonoma Regione Dolomiti\u00a0 il commento alla nomina di Denni Dorigo a delegato dei comuni di Colle Santa Lucia, Cortina d&#8217;Ampezzo e Livinallongo del Col di Lana che nel nuovo Consiglio dei Comuni dell&#8217;Euregio Tirolo Sudtirolo Trentino godono ora dello status di osservatore.\u00a0 \u00abRiteniamo&hellip;<\/p>\n","protected":false},"author":4,"featured_media":234845,"comment_status":"closed","ping_status":"open","sticky":false,"template":"","format":"standard","meta":{"_monsterinsights_skip_tracking":false,"_monsterinsights_sitenote_active":false,"_monsterinsights_sitenote_note":"","_monsterinsights_sitenote_category":0,"footnotes":""},"categories":[51,49],"tags":[],"class_list":["post-234844","post","type-post","status-publish","format-standard","has-post-thumbnail","hentry","category-evidenza-top","category-news-18","category-51","category-49","description-off"],"img_url":"https:\/\/www.radiopiu.net\/wordpress\/wp-content\/uploads\/2021\/10\/download.png","_links":{"self":[{"href":"https:\/\/www.radiopiu.net\/wordpress\/wp-json\/wp\/v2\/posts\/234844","targetHints":{"allow":["GET"]}}],"collection":[{"href":"https:\/\/www.radiopiu.net\/wordpress\/wp-json\/wp\/v2\/posts"}],"about":[{"href":"https:\/\/www.radiopiu.net\/wordpress\/wp-json\/wp\/v2\/types\/post"}],"author":[{"embeddable":true,"href":"https:\/\/www.radiopiu.net\/wordpress\/wp-json\/wp\/v2\/users\/4"}],"replies":[{"embeddable":true,"href":"https:\/\/www.radiopiu.net\/wordpress\/wp-json\/wp\/v2\/comments?post=234844"}],"version-history":[{"count":0,"href":"https:\/\/www.radiopiu.net\/wordpress\/wp-json\/wp\/v2\/posts\/234844\/revisions"}],"wp:featuredmedia":[{"embeddable":true,"href":"https:\/\/www.radiopiu.net\/wordpress\/wp-json\/wp\/v2\/media\/234845"}],"wp:attachment":[{"href":"https:\/\/www.radiopiu.net\/wordpress\/wp-json\/wp\/v2\/media?parent=234844"}],"wp:term":[{"taxonomy":"category","embeddable":true,"href":"https:\/\/www.radiopiu.net\/wordpress\/wp-json\/wp\/v2\/categories?post=234844"},{"taxonomy":"post_tag","embeddable":true,"href":"https:\/\/www.radiopiu.net\/wordpress\/wp-json\/wp\/v2\/tags?post=234844"}],"curies":[{"name":"wp","href":"https:\/\/api.w.org\/{rel}","templated":true}]}}