{"id":234994,"date":"2021-10-02T11:12:49","date_gmt":"2021-10-02T09:12:49","guid":{"rendered":"https:\/\/www.radiopiu.net\/wordpress\/?p=234994"},"modified":"2021-10-02T11:12:50","modified_gmt":"2021-10-02T09:12:50","slug":"il-questore-di-belluno-ha-intrapreso-le-prime-decisioni-dopo-la-lite-alla-sagra-di-polpet-e-del-deon-di-belluno","status":"publish","type":"post","link":"https:\/\/www.radiopiu.net\/wordpress\/il-questore-di-belluno-ha-intrapreso-le-prime-decisioni-dopo-la-lite-alla-sagra-di-polpet-e-del-deon-di-belluno\/","title":{"rendered":"IL QUESTORE DI BELLUNO HA INTRAPRESO LE PRIME DECISIONI DOPO LA LITE ALLA SAGRA DI POLPET E DEL DEON DI BELLUNO"},"content":{"rendered":"<p><strong><a href=\"https:\/\/www.radiopiu.net\/wordpress\/?attachment_id=60258\" rel=\"attachment wp-att-60258\"><img loading=\"lazy\" decoding=\"async\" class=\"size-medium wp-image-60258 alignleft\" src=\"https:\/\/www.radiopiu.net\/wordpress\/wp-content\/uploads\/2018\/09\/POLIZIA-1-300x225.jpg\" alt=\"\" width=\"300\" height=\"225\" srcset=\"https:\/\/www.radiopiu.net\/wordpress\/wp-content\/uploads\/2018\/09\/POLIZIA-1-300x225.jpg 300w, https:\/\/www.radiopiu.net\/wordpress\/wp-content\/uploads\/2018\/09\/POLIZIA-1-768x576.jpg 768w, https:\/\/www.radiopiu.net\/wordpress\/wp-content\/uploads\/2018\/09\/POLIZIA-1-1024x768.jpg 1024w, https:\/\/www.radiopiu.net\/wordpress\/wp-content\/uploads\/2018\/09\/POLIZIA-1.jpg 1600w\" sizes=\"auto, (max-width: 300px) 100vw, 300px\" \/><\/a>BELLUNO <\/strong>A seguito dei gravi episodi del 4 settembre 2021 durante la \u201cSagra di Polpet\u201d che ha determinato l\u2019intervento del personale addetto alla sicurezza e successivamente l\u2019intervento di pi\u00f9 pattuglie \u00a0della Polizia di Stato per sedare una lite tra giovani e ristabilire l\u2019ordine e la sicurezza dei numerosi partecipanti all\u2019evento, il Questore, nell\u2019immediatezza dei fatti, ha emesso due misure di prevenzione personale del foglio di via obbligatorio e divieto di ritorno per anni 3 nel comune di Ponte nelle Alpi a carico \u00a0di B.M., 21 anni residente a Mel pluripregiudicato, e per anni 2\u00a0 a carico di M.G. 23 anni residente a Belluno pluripregiudicato. L\u2019 attivit\u00e0 investigativa intrapresa ha permesso di appurare che altri tre giovani avevano partecipato in modo attivo alla lite e pertanto venivano emesso nei confronti\u00a0 di M.T di anni 26, B.C di anni 26 e M.N. di anni 32, tutti pregiudicati e residenti nel comune di Ponte nelle Alpi, il divieto di accesso ai locali pubblici del comune di Ponte nelle Alpi e ai luoghi di intrattenimento del comune di Ponte nelle Alpi e del comune di Belluno. Ulteriori provvedimenti sono stati \u00a0emessi in occasione dei disordini accaduti nel centro cittadino di Belluno il 13 agosto scorso nelle vicinanze del Caff\u00e8 Deon. Nello specifico il Questore ha emesso il provvedimento del foglio di via obbligatorio e divieto di ritorno per anni 3 per B.M., 21 anni residente nel comune di Mel ed il divieto di accesso e stazionamento nei locali del centro cittadino per D.A. di anni\u00a0 20 residente a Belluno, entrambi pregiudicati. Si tratta della prima e concreta applicazione dei divieti d\u2019accesso agli esercizi pubblici introdotta dal D.L. nr.14 del 2017 e successive modifiche emanata a seguito dell\u2019omicidio del ventenne Willy Monteiro Duante, che inibisce a chi ne \u00e8 destinatario di poter frequentare esercizi pubblici e luoghi di pubblico trattenimento, nonch\u00e9 lo stazionamento nelle immediate vicinanze degli stessi. Questa misura \u00e8 calibrata proprio per permettere ai cittadini di poter frequentare in tutta sicurezza i pubblici esercizi e dall\u2019altro di consentire ai gestori di quest\u2019ultimi di poter svolgere con maggiore tranquillit\u00e0 la propria attivit\u00e0 d\u2019impresa.<\/p>\n<p>&nbsp;<\/p>\n<p>&nbsp;<\/p>\n<p>&nbsp;<\/p>\n<p>*****<\/p>\n","protected":false},"excerpt":{"rendered":"<p>BELLUNO A seguito dei gravi episodi del 4 settembre 2021 durante la \u201cSagra di Polpet\u201d che ha determinato l\u2019intervento del personale addetto alla sicurezza e successivamente l\u2019intervento di pi\u00f9 pattuglie \u00a0della Polizia di Stato per sedare una lite tra giovani e ristabilire l\u2019ordine e la sicurezza dei numerosi partecipanti all\u2019evento, il Questore, nell\u2019immediatezza dei fatti,&hellip;<\/p>\n","protected":false},"author":4,"featured_media":60258,"comment_status":"closed","ping_status":"open","sticky":false,"template":"","format":"standard","meta":{"_monsterinsights_skip_tracking":false,"_monsterinsights_sitenote_active":false,"_monsterinsights_sitenote_note":"","_monsterinsights_sitenote_category":0,"footnotes":""},"categories":[51,49],"tags":[],"class_list":["post-234994","post","type-post","status-publish","format-standard","has-post-thumbnail","hentry","category-evidenza-top","category-news-18","category-51","category-49","description-off"],"img_url":"https:\/\/www.radiopiu.net\/wordpress\/wp-content\/uploads\/2018\/09\/POLIZIA-1.jpg","_links":{"self":[{"href":"https:\/\/www.radiopiu.net\/wordpress\/wp-json\/wp\/v2\/posts\/234994","targetHints":{"allow":["GET"]}}],"collection":[{"href":"https:\/\/www.radiopiu.net\/wordpress\/wp-json\/wp\/v2\/posts"}],"about":[{"href":"https:\/\/www.radiopiu.net\/wordpress\/wp-json\/wp\/v2\/types\/post"}],"author":[{"embeddable":true,"href":"https:\/\/www.radiopiu.net\/wordpress\/wp-json\/wp\/v2\/users\/4"}],"replies":[{"embeddable":true,"href":"https:\/\/www.radiopiu.net\/wordpress\/wp-json\/wp\/v2\/comments?post=234994"}],"version-history":[{"count":0,"href":"https:\/\/www.radiopiu.net\/wordpress\/wp-json\/wp\/v2\/posts\/234994\/revisions"}],"wp:featuredmedia":[{"embeddable":true,"href":"https:\/\/www.radiopiu.net\/wordpress\/wp-json\/wp\/v2\/media\/60258"}],"wp:attachment":[{"href":"https:\/\/www.radiopiu.net\/wordpress\/wp-json\/wp\/v2\/media?parent=234994"}],"wp:term":[{"taxonomy":"category","embeddable":true,"href":"https:\/\/www.radiopiu.net\/wordpress\/wp-json\/wp\/v2\/categories?post=234994"},{"taxonomy":"post_tag","embeddable":true,"href":"https:\/\/www.radiopiu.net\/wordpress\/wp-json\/wp\/v2\/tags?post=234994"}],"curies":[{"name":"wp","href":"https:\/\/api.w.org\/{rel}","templated":true}]}}