{"id":235089,"date":"2021-10-03T14:27:40","date_gmt":"2021-10-03T12:27:40","guid":{"rendered":"https:\/\/www.radiopiu.net\/wordpress\/?p=235089"},"modified":"2021-10-03T14:29:35","modified_gmt":"2021-10-03T12:29:35","slug":"dillo-a-radio-piu-un-fine-settimana-da-paura-sulle-strade-del-passo-fedaia","status":"publish","type":"post","link":"https:\/\/www.radiopiu.net\/wordpress\/dillo-a-radio-piu-un-fine-settimana-da-paura-sulle-strade-del-passo-fedaia\/","title":{"rendered":"DILLO A RADIO PIU&#8217;&#8230;UN FINE SETTIMANA DA PAURA SULLE STRADE DEL PASSO FEDAIA"},"content":{"rendered":"<p><strong><a href=\"https:\/\/www.radiopiu.net\/wordpress\/dillo-a-radio-piu-un-fine-settimana-da-paura-sulle-strade-del-passo-fedaia\/786ba587-48dc-474f-9c24-d06192f2d2a5\/\" rel=\"attachment wp-att-235091\"><img loading=\"lazy\" decoding=\"async\" class=\"size-medium wp-image-235091 alignleft\" src=\"https:\/\/www.radiopiu.net\/wordpress\/wp-content\/uploads\/2021\/10\/786ba587-48dc-474f-9c24-d06192f2d2a5-300x225.jpg\" alt=\"\" width=\"300\" height=\"225\" srcset=\"https:\/\/www.radiopiu.net\/wordpress\/wp-content\/uploads\/2021\/10\/786ba587-48dc-474f-9c24-d06192f2d2a5-300x225.jpg 300w, https:\/\/www.radiopiu.net\/wordpress\/wp-content\/uploads\/2021\/10\/786ba587-48dc-474f-9c24-d06192f2d2a5-1024x768.jpg 1024w, https:\/\/www.radiopiu.net\/wordpress\/wp-content\/uploads\/2021\/10\/786ba587-48dc-474f-9c24-d06192f2d2a5-768x576.jpg 768w, https:\/\/www.radiopiu.net\/wordpress\/wp-content\/uploads\/2021\/10\/786ba587-48dc-474f-9c24-d06192f2d2a5-1536x1152.jpg 1536w, https:\/\/www.radiopiu.net\/wordpress\/wp-content\/uploads\/2021\/10\/786ba587-48dc-474f-9c24-d06192f2d2a5.jpg 1600w\" sizes=\"auto, (max-width: 300px) 100vw, 300px\" \/><\/a>REDAZIONE<\/strong> Riceviamo e pubblichiamo un contributo appena arrivato in redazione<\/p>\n<blockquote><p><em>Da un paio di giorni centinaia di auto super potenti scorazzano a tutta velocit\u00e0 sulle nostre strade. Percorrere il Passo Fedaia fra ieri e oggi \u00e8 davvero pericoloso con auto che sfrecciano a tutta velocit\u00e0 incuranti di qualsivoglia regola. <\/em><br \/>\n<em>Una ha appena centrato il guard rail opposto alla propria corsia di marcia. Non oso immaginare cosa sarebbe successo se qualcuno scendendo il Passo avesse incrociato questo &#8220;mostro volante&#8221;&#8230;&#8230;<\/em><\/p>\n<p>Andrea De Bernardin<\/p><\/blockquote>\n<p>&nbsp;<\/p>\n<p>&nbsp;<\/p>\n<p>&nbsp;<\/p>\n<p>*****<\/p>\n","protected":false},"excerpt":{"rendered":"<p>REDAZIONE Riceviamo e pubblichiamo un contributo appena arrivato in redazione Da un paio di giorni centinaia di auto super potenti scorazzano a tutta velocit\u00e0 sulle nostre strade. Percorrere il Passo Fedaia fra ieri e oggi \u00e8 davvero pericoloso con auto che sfrecciano a tutta velocit\u00e0 incuranti di qualsivoglia regola. Una ha appena centrato il guard&hellip;<\/p>\n","protected":false},"author":4,"featured_media":235091,"comment_status":"closed","ping_status":"open","sticky":false,"template":"","format":"standard","meta":{"_monsterinsights_skip_tracking":false,"_monsterinsights_sitenote_active":false,"_monsterinsights_sitenote_note":"","_monsterinsights_sitenote_category":0,"footnotes":""},"categories":[51,49],"tags":[],"class_list":["post-235089","post","type-post","status-publish","format-standard","has-post-thumbnail","hentry","category-evidenza-top","category-news-18","category-51","category-49","description-off"],"img_url":"https:\/\/www.radiopiu.net\/wordpress\/wp-content\/uploads\/2021\/10\/786ba587-48dc-474f-9c24-d06192f2d2a5.jpg","_links":{"self":[{"href":"https:\/\/www.radiopiu.net\/wordpress\/wp-json\/wp\/v2\/posts\/235089","targetHints":{"allow":["GET"]}}],"collection":[{"href":"https:\/\/www.radiopiu.net\/wordpress\/wp-json\/wp\/v2\/posts"}],"about":[{"href":"https:\/\/www.radiopiu.net\/wordpress\/wp-json\/wp\/v2\/types\/post"}],"author":[{"embeddable":true,"href":"https:\/\/www.radiopiu.net\/wordpress\/wp-json\/wp\/v2\/users\/4"}],"replies":[{"embeddable":true,"href":"https:\/\/www.radiopiu.net\/wordpress\/wp-json\/wp\/v2\/comments?post=235089"}],"version-history":[{"count":0,"href":"https:\/\/www.radiopiu.net\/wordpress\/wp-json\/wp\/v2\/posts\/235089\/revisions"}],"wp:featuredmedia":[{"embeddable":true,"href":"https:\/\/www.radiopiu.net\/wordpress\/wp-json\/wp\/v2\/media\/235091"}],"wp:attachment":[{"href":"https:\/\/www.radiopiu.net\/wordpress\/wp-json\/wp\/v2\/media?parent=235089"}],"wp:term":[{"taxonomy":"category","embeddable":true,"href":"https:\/\/www.radiopiu.net\/wordpress\/wp-json\/wp\/v2\/categories?post=235089"},{"taxonomy":"post_tag","embeddable":true,"href":"https:\/\/www.radiopiu.net\/wordpress\/wp-json\/wp\/v2\/tags?post=235089"}],"curies":[{"name":"wp","href":"https:\/\/api.w.org\/{rel}","templated":true}]}}