{"id":235135,"date":"2021-10-03T19:17:24","date_gmt":"2021-10-03T17:17:24","guid":{"rendered":"https:\/\/www.radiopiu.net\/wordpress\/?p=235135"},"modified":"2021-10-03T19:17:24","modified_gmt":"2021-10-03T17:17:24","slug":"scivola-sul-sentiero-che-porta-ad-antracisa","status":"publish","type":"post","link":"https:\/\/www.radiopiu.net\/wordpress\/scivola-sul-sentiero-che-porta-ad-antracisa\/","title":{"rendered":"SCIVOLA SUL SENTIERO CHE PORTA AD ANTRACISA"},"content":{"rendered":"<p><strong><a href=\"https:\/\/www.radiopiu.net\/wordpress\/torna-la-festa-del-volontariato-cadorino-sabato-1-settembre\/soccorsoalpino\/\" rel=\"attachment wp-att-59164\"><img loading=\"lazy\" decoding=\"async\" class=\"wp-image-59164 alignleft\" src=\"https:\/\/www.radiopiu.net\/wordpress\/wp-content\/uploads\/2018\/08\/soccorsoalpino-300x300.jpg\" alt=\"\" width=\"125\" height=\"125\" srcset=\"https:\/\/www.radiopiu.net\/wordpress\/wp-content\/uploads\/2018\/08\/soccorsoalpino-300x300.jpg 300w, https:\/\/www.radiopiu.net\/wordpress\/wp-content\/uploads\/2018\/08\/soccorsoalpino-150x150.jpg 150w, https:\/\/www.radiopiu.net\/wordpress\/wp-content\/uploads\/2018\/08\/soccorsoalpino-768x768.jpg 768w, https:\/\/www.radiopiu.net\/wordpress\/wp-content\/uploads\/2018\/08\/soccorsoalpino-1024x1024.jpg 1024w, https:\/\/www.radiopiu.net\/wordpress\/wp-content\/uploads\/2018\/08\/soccorsoalpino.jpg 1200w\" sizes=\"auto, (max-width: 125px) 100vw, 125px\" \/><\/a>PIEVE DI CADORE <\/strong>Attorno alle 16 la Centrale del 118 ha allertato il Soccorso alpino di Pieve di Cadore, per un escursionista di Ceggia (VE), G.T., di 56 anni, che si era procurato un sospetto trauma alla caviglia, mentre in compagnia percorreva un sentieto in localit\u00e0 Antracisa, sotto il Rifugio Antelao. Una squadra si \u00e8 avvicinata in jeep, per poi raggiungere l&#8217;infortunato a piedi, trasportarlo fino al fuoristrada e da l\u00ec all&#8217;ospedale. Subito dopo \u00e8 stato chiesto nuovamente l&#8217;intervento dei soccorritori in supporto all&#8217;ambulanza, per una donna scivolata nella zona del Roccolo. P.C., 60 anni, di Conegliano (TV), \u00e8 stata quindi recuperata e affidata all&#8217;ambulanza.<\/p>\n<p>&nbsp;<\/p>\n<p>&nbsp;<\/p>\n<p>&nbsp;<\/p>\n<p>****<\/p>\n","protected":false},"excerpt":{"rendered":"<p>PIEVE DI CADORE Attorno alle 16 la Centrale del 118 ha allertato il Soccorso alpino di Pieve di Cadore, per un escursionista di Ceggia (VE), G.T., di 56 anni, che si era procurato un sospetto trauma alla caviglia, mentre in compagnia percorreva un sentieto in localit\u00e0 Antracisa, sotto il Rifugio Antelao. Una squadra si \u00e8&hellip;<\/p>\n","protected":false},"author":4,"featured_media":59164,"comment_status":"closed","ping_status":"open","sticky":false,"template":"","format":"standard","meta":{"_monsterinsights_skip_tracking":false,"_monsterinsights_sitenote_active":false,"_monsterinsights_sitenote_note":"","_monsterinsights_sitenote_category":0,"footnotes":""},"categories":[51,49],"tags":[],"class_list":["post-235135","post","type-post","status-publish","format-standard","has-post-thumbnail","hentry","category-evidenza-top","category-news-18","category-51","category-49","description-off"],"img_url":"https:\/\/www.radiopiu.net\/wordpress\/wp-content\/uploads\/2018\/08\/soccorsoalpino.jpg","_links":{"self":[{"href":"https:\/\/www.radiopiu.net\/wordpress\/wp-json\/wp\/v2\/posts\/235135","targetHints":{"allow":["GET"]}}],"collection":[{"href":"https:\/\/www.radiopiu.net\/wordpress\/wp-json\/wp\/v2\/posts"}],"about":[{"href":"https:\/\/www.radiopiu.net\/wordpress\/wp-json\/wp\/v2\/types\/post"}],"author":[{"embeddable":true,"href":"https:\/\/www.radiopiu.net\/wordpress\/wp-json\/wp\/v2\/users\/4"}],"replies":[{"embeddable":true,"href":"https:\/\/www.radiopiu.net\/wordpress\/wp-json\/wp\/v2\/comments?post=235135"}],"version-history":[{"count":0,"href":"https:\/\/www.radiopiu.net\/wordpress\/wp-json\/wp\/v2\/posts\/235135\/revisions"}],"wp:featuredmedia":[{"embeddable":true,"href":"https:\/\/www.radiopiu.net\/wordpress\/wp-json\/wp\/v2\/media\/59164"}],"wp:attachment":[{"href":"https:\/\/www.radiopiu.net\/wordpress\/wp-json\/wp\/v2\/media?parent=235135"}],"wp:term":[{"taxonomy":"category","embeddable":true,"href":"https:\/\/www.radiopiu.net\/wordpress\/wp-json\/wp\/v2\/categories?post=235135"},{"taxonomy":"post_tag","embeddable":true,"href":"https:\/\/www.radiopiu.net\/wordpress\/wp-json\/wp\/v2\/tags?post=235135"}],"curies":[{"name":"wp","href":"https:\/\/api.w.org\/{rel}","templated":true}]}}