{"id":235151,"date":"2021-10-04T05:50:42","date_gmt":"2021-10-04T03:50:42","guid":{"rendered":"https:\/\/www.radiopiu.net\/wordpress\/?p=235151"},"modified":"2021-10-04T05:50:42","modified_gmt":"2021-10-04T03:50:42","slug":"guerra-occupazione-rappresaglie-elezioni-nei-difficili-anni-40-della-storia-bellunese","status":"publish","type":"post","link":"https:\/\/www.radiopiu.net\/wordpress\/guerra-occupazione-rappresaglie-elezioni-nei-difficili-anni-40-della-storia-bellunese\/","title":{"rendered":"GUERRA, OCCUPAZIONE, RAPPRESAGLIE, ELEZIONI NEI DIFFICILI ANNI \u201940 DELLA STORIA BELLUNESE"},"content":{"rendered":"<p><strong>di RENATO BONA<\/strong><\/p>\n<p>Sfogliando, sfogliando, siamo giunti all\u2019anno 1941 del libro \u201cCento anni a Belluno. Notizie e curiosit\u00e0 dal XX secolo\u201d che Franco Sirena ha realizzato nel gennaio 2001 con l\u2019Istituto bellunese di ricerche sociali e culturali (stampa tipografia Piave). La prima immagine proposta \u00e8 quella dei depositi della stazione ferroviaria poco prima della demolizione. Ma la prima notizia dell\u2019anno \u00e8 che la Gazzetta ufficiale ha pubblicato l\u2019elenco delle cattedrali monumentali d\u2019Italia ed il Duomo bellunese rientra fra queste. C\u2019\u00e8 quindi l\u2019annuncio relativo alla partenza per l\u2019Albania di 300 operai che saranno seguiti da molti altri nei mesi successivi; che vengono inaugurati i locali della nuova Biblioteca civica e che con proprio decreto il Duce ha disposto l\u2019erogazione di 1 milione 600 mila lire per la costruzione del Regio Liceo. Ancora: il 24 febbraio &#8211; \u00e8 la notizia che ha dato il titolo al capitolo del 1941- a norma delle leggi di guerra, il Tribunale speciale condanna alla pena capitale un uomo per rapina e tentato omicidio: la condanna viene eseguita nei dintorni di Belluno. Sette grossisti sono colti con bilance truccate e denunciati; il mercato nero aumenta e non diminuiscono i furti delle biciclette. Dal 22 luglio scatta l\u2019oscuramento: in tutta la provincia le luci dovranno essere spente dalle 22 alle 5. Durante lavori stradali a Vezzano e Cavarzano scoperta di tombe romane con utensili in ferro e anfore. Novembre: il ministero dei Lavori pubblici ha detto s\u00ec al progetto di Tullio Petech di Roma e del bellunese Barcelloni Corte, del nuovo ospedale civile che sorger\u00e0 vicino al sanatorio su un\u2019area di 140 mila metri: avr\u00e0 500 posti letto. Prevista una spesa di 20 milioni. Per il 1942 il titolo \u00e8: \u201cPrecettazione civile\u201d. Considerato lo stato di guerra in atto, a marzo decreto di precettazione civile per tutti gli uomini dai 18 ai 55 anni. 23 luglio: in centro si abbatte una impressionante nuvola di formiche. Il 28 ottobre inaugurazione a Baldenich del secondo lotto di case popolari:32 alloggi con 96 vani che hanno comportato una spesa di1 milione 150 mila lire. A fine anno sono completati i lavori della chiesa di Cavarzano. Franco Sirena ha dedicato all\u2019Incontro Hitler-Mussolini il titolo per l\u2019anno 1943 quando i due dittatori si incontrarono dalle 11 alle 17 a villa Gaggia, nella localit\u00e0 Socchieva. Il morale di Mussolini \u00e8 molto basso per i rovesci militari in Africa e in Sicilia. L\u20198 settembre il generale Pietro Badoglio chiede l\u2019armistizio. Belluno viene immediatamente occupata da uno sparuto gruppo di tedeschi, cominciano rastrellamenti e deportazioni. Nei monti attorno a Belluno si rafforzano le formazioni partigiane. Solo a Natale la Sezione provinciale dell\u2019alimentazione (Sepral) comunica che per i bellunesi sar\u00e0 riservata una razione doppia di carne\u2026 Il titolo del 1944 rievoca \u201cL\u2019eccidio di Fiammoi\u201d. Il 15 giugno 12 partigiani (tre finti prigionieri, gli altri che simulano di essere tedeschi) assaltano il carcere di Baldenich e in 25 minuti, senza spargimento di sangue, liberano 73 prigionieri politici. E\u2019 del 14 settembre la furiosa rappresaglia che segue l\u2019uccisione di due soldati tedeschi e il ferimento di un terzo nella zona dell\u2019Oltrardo. Arrivano una cinquantina di SS e tutte le persone che incontrano vengono fucilate, in tutto saranno dieci. Alle 15 dello stesso giorno un maggiore delle SS viene assassinato dai tedeschi in bagno nella villa san Bonifacio in zona Cavarzano e la gente vive due giorni di angoscia per possibili azioni di rappresaglia. Il 22 dicembre primo bombardamento aereo della citt\u00e0 con obiettivo la Stazione dove muoiono un ferroviere e sua figlia. \u201cAnno degli orrori\u201d \u00e8 il titolo scelto da Sirena per il 1945, anno che \u201ccomincia con una tranquillit\u00e0 irreale, le notizie sono frammentarie e la radio tace delle varie operazioni che si preparano\u2026\u201d. Il 20 febbraio le sirene installate sul campanile del Duomo sono di nuovo in azione. Il 10 marzo al Bosco delle castagne vengono impiccati 10 prigionieri detenuti a Baldenich, altri 4 impiccati in Campedel. Il 1. maggio 4 caduti in Piazzale Marconi dove cercavano di fermare una colonna corazzata tedesca; il giorno successivo vi \u00e8 l\u2019intervento dell\u2019aviazione \u201cche martella tutta via Vittorio Veneto. E\u2019 la fine, ma muoiono anche 5 ostaggi\u201d. E siamo al 1946 anno per il quale l\u2019autore della ricerca ha scelto il titolo: \u201cReferendum\u201d. Una notizia ci riporta ad oggi: \u201cA febbraio sono in corso lavori di arginatura a Lambioi dove la diga viene allungata\u201d. Il 13 aprile a Borgo Pra, con una partecipata cerimonia, viene scoperta la lapide ai Caduti. Elezioni amministrative: Vincenzo Lante viene eletto sindaco il 5 maggio, ottiene 21 voti di comunisti e socialisti, al democristiano Agostino D\u2019Inc\u00e0 19 voti. Il 2 giugno si svolgono referendum (per la repubblica si pronuncia il 62,20 dei votanti, per la monarchia il 37,80) ed elezioni politiche (vince la Dc davanti a socialisti e comunisti). Il 16 giugno solenne celebrazione di Gregorio XVI (il primo pontefice bellunese della storia) con il cardinale cadorino Adeodato Piazza. In pochi giorni partono per il Belgio ad agosto 900 minatori. Nell\u2019anno, fondazione dell\u2019Associazione industriali, dell\u2019Appia e dei commercianti. \u201cLa medaglia d\u2019oro per la lotta di liberazione\u201d \u00e8 il titolo dedicato al 1947, anno denso di eventi. Si parla di un progetto di ponte sull\u2019Ardo per collegare Cavarzano a Belluno; sar\u00e0 a sei arcate con costo a carico dello Stato di 200 milioni. Il vecchio fabbricato che ospita il Manin sar\u00e0 demolito e sar\u00e0 costruita la nuova sede della Cassa di Risparmio. 25 aprile: con solenne cerimonia in Piazza dei Martiri e la partecipazione di una grande folla viene conferita alla Citt\u00e0 di Belluno la medaglia d\u2019oro per il contributo dato dalla provincia alla lotta di liberazione. Il 20 luglio, organizzata dall\u2019Aci, prima Coppa automobilistica delle Dolomiti: un grande successo. L\u20198 dicembre apre il Cinema Famiglia, ex Sperti. La notizia principale del 1948 \u00e8: \u201cRiapre la ferrovia Belluno-Padova\u201d. Il 10 marzo appalto per l\u2019acquedotto della Pezzericola. Il 12 aprile iniziano lavori di restauro al Teatro comunale. In citt\u00e0 si girano alcune scene del film \u201cPian delle Stelle\u201d.Votazioni per l\u2019Assemblea costituente: vince la Dc seguita da comunisti e socialisti. Il 23 maggio grande festa per l\u2019arrivo dei militari della \u201cNembo\u201d che si istallano alla caserma Fantuzzi. A luglio viene inaugurato il ponte sul Viara e cos\u00ec pu\u00f2 riprendere la circolazione normale dei treni da Belluno a Padova. Rinasce l\u2019idea di un collegamento tra Belluno e il Castionese a mezzo funicolare. Il 7 novembre un anonimo vince la bella cifra di un milione al Totocalcio! Anno 1949, titolo: \u201cIl Teatro comunale\u201d. Con la rappresentazione della \u201cTraviata\u201d il 29 ottobre si inaugura il Teatro comunale dopo i restauri che hanno completamento modificato l\u2019assetto originario. La giunta comunale ha in progetto un ampio rimboschimento della zona del Nevegal quale primo atto per la valorizzazione turistica del colle. A febbraio la giunta prende in esame i problemi viari fra i quali spiccano la realizzazione della Panoramica dal Ponte della vittoria a Piazzale Marconi e la circonvallazione nord con il viadotto sull\u2019Ardo. Il 27 febbraio intitolazione a Venezia della nave \u201cBelluno\u201d. Il 23 marzo disordini in piazza Duomo dopo un comizio di disoccupati al cinema Italia. Il 23 marzo il vescovo Bortignon annuncia che lascer\u00e0 Belluno per Padova: sar\u00e0 sostituito da Gioacchino Muccin. Concludiamo con il 1950 cui \u00e8 stato dato il titolo: \u201cLe acque del Piave\u201d. La Sade chiede una ulteriore concessione di derivazione d\u2019acqua dal Piave per il quale fin dal 1900 era stato deciso che sotto il Ponte dovessero passare non meno di 30 metri cubi d\u2019acqua, ridotti a 24 nel 1919 a 12 nel 1924 a 9 nel 1942. L\u2019opinione pubblica si ribella e in un\u2019assemblea al cinema Italia viene ribadita la necessit\u00e0 di non togliere altra acqua al Piave. Il Comune concede il terreno e legname per la costruzione dei rifugi al Pis Pilon e sul Toront a cura del Cai. Nella zona di Quartier Cadore-Baldenich sorge un comitato per ottenere una nuova parrocchia. Tra il 4 e l\u20198 maggio primo pellegrinaggio della Diocesi a Roma per l\u2019Anno santo. Lavori in corso per la pavimentazione di Piazza dei Martiri e via Feltre. Il 17 settembre riapre l\u2019aeroporto con un avioraduno triveneto. Il 9 dicembre viene inaugurato l\u2019Auditorium.<\/p>\n\n\t\t\t<style type='text\/css'>\n\t\t\t\t#gallery-1 {\n\t\t\t\t\tmargin: auto;\n\t\t\t\t}\n\t\t\t\t#gallery-1 .gallery-item {\n\t\t\t\t\tfloat: left;\n\t\t\t\t\tmargin-top: 10px;\n\t\t\t\t\ttext-align: center;\n\t\t\t\t\twidth: 20%;\n\t\t\t\t}\n\t\t\t\t#gallery-1 img {\n\t\t\t\t\tborder: 2px solid #cfcfcf;\n\t\t\t\t}\n\t\t\t\t#gallery-1 .gallery-caption {\n\t\t\t\t\tmargin-left: 0;\n\t\t\t\t}\n\t\t\t\t\/* see gallery_shortcode() in wp-includes\/media.php *\/\n\t\t\t<\/style>\n\t\t<div id='gallery-1' class='dt-gallery-container gallery galleryid-235151 gallery-columns-5 gallery-size-thumbnail'><dl class='gallery-item'>\n\t\t\t\t<dt class='gallery-icon landscape'>\n\t\t\t\t\t<img loading=\"lazy\" decoding=\"async\" width=\"150\" height=\"150\" src=\"https:\/\/www.radiopiu.net\/wordpress\/wp-content\/uploads\/2021\/10\/244348877_616187026061159_2473215647500617350_n-150x150.jpg\" class=\"attachment-thumbnail size-thumbnail\" alt=\"\" \/>\n\t\t\t\t<\/dt><\/dl><dl class='gallery-item'>\n\t\t\t\t<dt class='gallery-icon landscape'>\n\t\t\t\t\t<img loading=\"lazy\" decoding=\"async\" width=\"150\" height=\"150\" src=\"https:\/\/www.radiopiu.net\/wordpress\/wp-content\/uploads\/2021\/10\/244334300_881069649205257_3240203255524445910_n-150x150.jpg\" class=\"attachment-thumbnail size-thumbnail\" alt=\"\" \/>\n\t\t\t\t<\/dt><\/dl><dl class='gallery-item'>\n\t\t\t\t<dt class='gallery-icon landscape'>\n\t\t\t\t\t<img loading=\"lazy\" decoding=\"async\" width=\"150\" height=\"150\" src=\"https:\/\/www.radiopiu.net\/wordpress\/wp-content\/uploads\/2021\/10\/244408569_868921750495710_5446857474071685508_n-150x150.jpg\" class=\"attachment-thumbnail size-thumbnail\" alt=\"\" \/>\n\t\t\t\t<\/dt><\/dl><dl class='gallery-item'>\n\t\t\t\t<dt class='gallery-icon portrait'>\n\t\t\t\t\t<img loading=\"lazy\" decoding=\"async\" width=\"150\" height=\"150\" src=\"https:\/\/www.radiopiu.net\/wordpress\/wp-content\/uploads\/2021\/10\/243653969_546723269725177_3275462855576206097_n-150x150.jpg\" class=\"attachment-thumbnail size-thumbnail\" alt=\"\" \/>\n\t\t\t\t<\/dt><\/dl><dl class='gallery-item'>\n\t\t\t\t<dt class='gallery-icon landscape'>\n\t\t\t\t\t<img loading=\"lazy\" decoding=\"async\" width=\"150\" height=\"150\" src=\"https:\/\/www.radiopiu.net\/wordpress\/wp-content\/uploads\/2021\/10\/244341715_159676026284335_8420322200044865394_n-150x150.jpg\" class=\"attachment-thumbnail size-thumbnail\" alt=\"\" \/>\n\t\t\t\t<\/dt><\/dl><br style=\"clear: both\" \/><dl class='gallery-item'>\n\t\t\t\t<dt class='gallery-icon landscape'>\n\t\t\t\t\t<img loading=\"lazy\" decoding=\"async\" width=\"150\" height=\"150\" src=\"https:\/\/www.radiopiu.net\/wordpress\/wp-content\/uploads\/2021\/10\/244390452_1013816972806472_230606741502892814_n-150x150.jpg\" class=\"attachment-thumbnail size-thumbnail\" alt=\"\" \/>\n\t\t\t\t<\/dt><\/dl><dl class='gallery-item'>\n\t\t\t\t<dt class='gallery-icon landscape'>\n\t\t\t\t\t<img loading=\"lazy\" decoding=\"async\" width=\"150\" height=\"150\" src=\"https:\/\/www.radiopiu.net\/wordpress\/wp-content\/uploads\/2021\/10\/244344807_1043967103021261_7561099310161466344_n-150x150.jpg\" class=\"attachment-thumbnail size-thumbnail\" alt=\"\" \/>\n\t\t\t\t<\/dt><\/dl><dl class='gallery-item'>\n\t\t\t\t<dt class='gallery-icon landscape'>\n\t\t\t\t\t<img loading=\"lazy\" decoding=\"async\" width=\"150\" height=\"150\" src=\"https:\/\/www.radiopiu.net\/wordpress\/wp-content\/uploads\/2021\/10\/244389657_372989777853370_8877403618704530858_n-150x150.jpg\" class=\"attachment-thumbnail size-thumbnail\" alt=\"\" \/>\n\t\t\t\t<\/dt><\/dl><dl class='gallery-item'>\n\t\t\t\t<dt class='gallery-icon landscape'>\n\t\t\t\t\t<img loading=\"lazy\" decoding=\"async\" width=\"150\" height=\"150\" src=\"https:\/\/www.radiopiu.net\/wordpress\/wp-content\/uploads\/2021\/10\/244347332_4578011648902581_6391176370761976567_n-150x150.jpg\" class=\"attachment-thumbnail size-thumbnail\" alt=\"\" \/>\n\t\t\t\t<\/dt><\/dl><dl class='gallery-item'>\n\t\t\t\t<dt class='gallery-icon landscape'>\n\t\t\t\t\t<img loading=\"lazy\" decoding=\"async\" width=\"150\" height=\"150\" src=\"https:\/\/www.radiopiu.net\/wordpress\/wp-content\/uploads\/2021\/10\/244348772_1044655776347092_4463469587334637395_n-150x150.jpg\" class=\"attachment-thumbnail size-thumbnail\" alt=\"\" \/>\n\t\t\t\t<\/dt><\/dl><br style=\"clear: both\" \/>\n\t\t\t<\/div>\n\n<p>&nbsp;<\/p>\n<p>NELLE FOTO (riproduzioni dal libro \u201cCento anni a Belluno. Notizie e curiosit\u00e0 dal XX secolo\u201d): i depositi della stazione ferroviaria prima della demolizione; interno della fabbrica Dino Chinaglia; Mussolini e Hitler a Villa Gaggia; Villa San Bonifacio residenza delle SS; case attorno Piazza Piloni crivellate da colpi di mitraglia; rifugio V artiglieria alpina sul Visentin; conferimento della medaglia d\u2019oro per la lotta di liberazione; il Liceo Tiziano appena inaugurato; il Teatro comunale prima della ristrutturazione; il rifugio Angelo Bristot sul Col Toront.<\/p>\n","protected":false},"excerpt":{"rendered":"<p>di RENATO BONA Sfogliando, sfogliando, siamo giunti all\u2019anno 1941 del libro \u201cCento anni a Belluno. Notizie e curiosit\u00e0 dal XX secolo\u201d che Franco Sirena ha realizzato nel gennaio 2001 con l\u2019Istituto bellunese di ricerche sociali e culturali (stampa tipografia Piave). La prima immagine proposta \u00e8 quella dei depositi della stazione ferroviaria poco prima della demolizione.&hellip;<\/p>\n","protected":false},"author":4,"featured_media":235157,"comment_status":"closed","ping_status":"open","sticky":false,"template":"","format":"standard","meta":{"_monsterinsights_skip_tracking":false,"_monsterinsights_sitenote_active":false,"_monsterinsights_sitenote_note":"","_monsterinsights_sitenote_category":0,"footnotes":""},"categories":[49],"tags":[],"class_list":["post-235151","post","type-post","status-publish","format-standard","has-post-thumbnail","hentry","category-news-18","category-49","description-off"],"img_url":"https:\/\/www.radiopiu.net\/wordpress\/wp-content\/uploads\/2021\/10\/244348877_616187026061159_2473215647500617350_n.jpg","_links":{"self":[{"href":"https:\/\/www.radiopiu.net\/wordpress\/wp-json\/wp\/v2\/posts\/235151","targetHints":{"allow":["GET"]}}],"collection":[{"href":"https:\/\/www.radiopiu.net\/wordpress\/wp-json\/wp\/v2\/posts"}],"about":[{"href":"https:\/\/www.radiopiu.net\/wordpress\/wp-json\/wp\/v2\/types\/post"}],"author":[{"embeddable":true,"href":"https:\/\/www.radiopiu.net\/wordpress\/wp-json\/wp\/v2\/users\/4"}],"replies":[{"embeddable":true,"href":"https:\/\/www.radiopiu.net\/wordpress\/wp-json\/wp\/v2\/comments?post=235151"}],"version-history":[{"count":0,"href":"https:\/\/www.radiopiu.net\/wordpress\/wp-json\/wp\/v2\/posts\/235151\/revisions"}],"wp:featuredmedia":[{"embeddable":true,"href":"https:\/\/www.radiopiu.net\/wordpress\/wp-json\/wp\/v2\/media\/235157"}],"wp:attachment":[{"href":"https:\/\/www.radiopiu.net\/wordpress\/wp-json\/wp\/v2\/media?parent=235151"}],"wp:term":[{"taxonomy":"category","embeddable":true,"href":"https:\/\/www.radiopiu.net\/wordpress\/wp-json\/wp\/v2\/categories?post=235151"},{"taxonomy":"post_tag","embeddable":true,"href":"https:\/\/www.radiopiu.net\/wordpress\/wp-json\/wp\/v2\/tags?post=235151"}],"curies":[{"name":"wp","href":"https:\/\/api.w.org\/{rel}","templated":true}]}}