{"id":235264,"date":"2021-10-05T05:27:57","date_gmt":"2021-10-05T03:27:57","guid":{"rendered":"https:\/\/www.radiopiu.net\/wordpress\/?p=235264"},"modified":"2021-10-05T05:48:51","modified_gmt":"2021-10-05T03:48:51","slug":"ventenne-bellunese-arrestato-a-treviso-in-flagranza-di-reato","status":"publish","type":"post","link":"https:\/\/www.radiopiu.net\/wordpress\/ventenne-bellunese-arrestato-a-treviso-in-flagranza-di-reato\/","title":{"rendered":"VENTENNE BELLUNESE ARRESTATO A TREVISO IN FLAGRANZA DI REATO"},"content":{"rendered":"<blockquote>\n<p align=\"JUSTIFY\"><span style=\"font-size: large;\"><b><img loading=\"lazy\" decoding=\"async\" class=\"alignleft\" src=\"https:\/\/www.radiopiu.net\/wordpress\/wp-content\/uploads\/2019\/12\/CARABINIERI-FELTRE-4.jpg\" width=\"327\" height=\"245\" \/><em>ventenne bellunese \u00e8 in carcere a Treviso dopo una notte trascorsa a picchiare ragazzi e ragazze pi\u00f9 giovani di lui. Il giovane si \u00e8 reso protagonista di una serie di furti, il bottino ritrovato nel suo zaino. Vistosi scoperto ha pure tentato in modo goffo di nascondersi dietro un cespuglio entro un cappuccio, ma gli \u00e8 andata male e una volta aperto lo zaino la sorpresa: una notte di furti<\/em><\/b><\/span><\/p>\n<\/blockquote>\n<p align=\"JUSTIFY\"><span style=\"font-size: large;\"><b>TREVISO <\/b><\/span><span style=\"font-size: large;\"><b>\u00a0 <\/b><\/span><span style=\"font-size: medium;\">I Carabinieri della Compagnia di Treviso ieri all&#8217;alba hanno arrestato D.A. 20 anni di Belluno, per i reati di rapina aggravata e ricettazione. <\/span><span style=\"font-size: medium;\">Due gazzelle del Radiomobile trevigiano sono intervenute alle 5 di domenica mattina all\u2019esterno di un locale di via Pisani di Monastier di Treviso,\u00a0 per\u00a0 un\u2019aggressione con contestuale rapina a mano armata in danno di alcuni giovani. <\/span><span style=\"font-size: medium;\">Identificate le due vittime della rapina, sanguinanti, con evidenti segni di pestaggio e ancora in stato di shock: un 18enne e un 17enne originari della provincia di Venezia.\u00a0<\/span> <span style=\"font-size: medium;\">Secondo il racconto fornito dai due malcapitati erano stati avvicinati da un folto gruppo di giovani fra i quali D.A. che li affrontava spingendoli contro una ringhiera, minacciandoli con un coltello e, infine, scaraventandoli a terra e colpendo uno dei due, il minore, con un calcio alla testa. <\/span><span style=\"font-size: medium;\">I due aggrediti, terrorizzati, avevano quindi consegnato al rapinatore i propri portafogli con il contante nella loro disponibilit\u00e0. <\/span><\/p>\n<p align=\"JUSTIFY\"><span style=\"font-size: medium;\">I militari dopo pochi minuti hanno sorpreso l&#8217;aggressore nella limitrofa via Roma, accovacciato dietro una siepe e travisato da un cappuccio. Il giovane bloccato e perquisito: all\u2019interno della borsa un vero e proprio \u201cbottino\u201d che D.A. aveva &#8220;raccolto&#8221; nel corso della serata: un orecchino con brillantini sottratto a un 15enne di Silea sotto la minaccia di un coltello,\u00a0 gli \u00e8 stato strappato l\u2019orecchino dall\u2019orecchio,\u00a0 un telefono cellulare risultato oggetto di furto ai danni di una 18enne di Treviso, una giacca in felpa indossata dall\u2019indagato al momento dell\u2019arresto, un orologio in acciaio, una catenina ed un anello in metallo, un telefono cellulare ed un portadocumenti. <\/span><span style=\"font-size: medium;\">Per le violenze condotte\u00a0 D.A. \u00e8 stato arrestato\u00a0 e condotto, su disposizione in carcere a Treviso.<\/span><\/p>\n","protected":false},"excerpt":{"rendered":"<p>ventenne bellunese \u00e8 in carcere a Treviso dopo una notte trascorsa a picchiare ragazzi e ragazze pi\u00f9 giovani di lui. Il giovane si \u00e8 reso protagonista di una serie di furti, il bottino ritrovato nel suo zaino. Vistosi scoperto ha pure tentato in modo goffo di nascondersi dietro un cespuglio entro un cappuccio, ma gli&hellip;<\/p>\n","protected":false},"author":4,"featured_media":110915,"comment_status":"closed","ping_status":"open","sticky":false,"template":"","format":"standard","meta":{"_monsterinsights_skip_tracking":false,"_monsterinsights_sitenote_active":false,"_monsterinsights_sitenote_note":"","_monsterinsights_sitenote_category":0,"footnotes":""},"categories":[51,49],"tags":[],"class_list":["post-235264","post","type-post","status-publish","format-standard","has-post-thumbnail","hentry","category-evidenza-top","category-news-18","category-51","category-49","description-off"],"img_url":"https:\/\/www.radiopiu.net\/wordpress\/wp-content\/uploads\/2019\/12\/CARABINIERI-FELTRE-4.jpg","_links":{"self":[{"href":"https:\/\/www.radiopiu.net\/wordpress\/wp-json\/wp\/v2\/posts\/235264","targetHints":{"allow":["GET"]}}],"collection":[{"href":"https:\/\/www.radiopiu.net\/wordpress\/wp-json\/wp\/v2\/posts"}],"about":[{"href":"https:\/\/www.radiopiu.net\/wordpress\/wp-json\/wp\/v2\/types\/post"}],"author":[{"embeddable":true,"href":"https:\/\/www.radiopiu.net\/wordpress\/wp-json\/wp\/v2\/users\/4"}],"replies":[{"embeddable":true,"href":"https:\/\/www.radiopiu.net\/wordpress\/wp-json\/wp\/v2\/comments?post=235264"}],"version-history":[{"count":0,"href":"https:\/\/www.radiopiu.net\/wordpress\/wp-json\/wp\/v2\/posts\/235264\/revisions"}],"wp:featuredmedia":[{"embeddable":true,"href":"https:\/\/www.radiopiu.net\/wordpress\/wp-json\/wp\/v2\/media\/110915"}],"wp:attachment":[{"href":"https:\/\/www.radiopiu.net\/wordpress\/wp-json\/wp\/v2\/media?parent=235264"}],"wp:term":[{"taxonomy":"category","embeddable":true,"href":"https:\/\/www.radiopiu.net\/wordpress\/wp-json\/wp\/v2\/categories?post=235264"},{"taxonomy":"post_tag","embeddable":true,"href":"https:\/\/www.radiopiu.net\/wordpress\/wp-json\/wp\/v2\/tags?post=235264"}],"curies":[{"name":"wp","href":"https:\/\/api.w.org\/{rel}","templated":true}]}}