{"id":235309,"date":"2021-10-04T14:50:20","date_gmt":"2021-10-04T12:50:20","guid":{"rendered":"https:\/\/www.radiopiu.net\/wordpress\/?p=235309"},"modified":"2021-10-04T14:50:58","modified_gmt":"2021-10-04T12:50:58","slug":"meteo-in-arrivo-piogge-abbondanti-e-temporali-fino-alle-ore-24-di-mercoledi","status":"publish","type":"post","link":"https:\/\/www.radiopiu.net\/wordpress\/meteo-in-arrivo-piogge-abbondanti-e-temporali-fino-alle-ore-24-di-mercoledi\/","title":{"rendered":"METEO. IN ARRIVO PIOGGE ABBONDANTI E TEMPORALI  FINO ALLE ORE 24 DI MERCOLEDI\u2019"},"content":{"rendered":"<p><strong><img loading=\"lazy\" decoding=\"async\" class=\"alignleft\" src=\"https:\/\/www.radiopiu.net\/wordpress\/wp-content\/uploads\/2018\/08\/instabilita.jpg\" width=\"180\" height=\"108\" \/>VENEZIA<\/strong>\u00a0 Il bollettino del Centro funzionale decentrato della Protezione Civile del Veneto segnala l\u2019arrivo di precipitazioni estese e localmente persistenti sulle zone centro settentrionali. La fase pi\u00f9 intensa \u00e8 prevista per questa notte e nella mattinata di domani, 5 ottobre 2021. Il possibile verificarsi di forti rovesci o temporali localmente anche intensi, con piogge abbondanti sulle zone montane e pedemontane, sulle Prealpi centro-orientali e su qualche zona della pianura centro settentrionale, accompagnati da venti tesi e a tratti forti dai quadranti meridionali in quota, e Scirocco sulla costa, potrebbero creare disagi al sistema di drenaggio urbano e lungo la rete idrografica minore. Sulla base delle previsioni meteo \u00e8 stato dichiarato lo Stato di Attenzione (allerta gialla), valido fino alla mezzanotte di mercoled\u00ec 6 ottobre 2021. Si segnala, inoltre, la possibilit\u00e0 d&#8217;innesco di fenomeni franosi superficiali sui versanti e la possibilit\u00e0 di innesco di colate rapide specie nelle zone di allertamento.<\/p>\n<p>&nbsp;<\/p>\n","protected":false},"excerpt":{"rendered":"<p>VENEZIA\u00a0 Il bollettino del Centro funzionale decentrato della Protezione Civile del Veneto segnala l\u2019arrivo di precipitazioni estese e localmente persistenti sulle zone centro settentrionali. La fase pi\u00f9 intensa \u00e8 prevista per questa notte e nella mattinata di domani, 5 ottobre 2021. Il possibile verificarsi di forti rovesci o temporali localmente anche intensi, con piogge abbondanti&hellip;<\/p>\n","protected":false},"author":4,"featured_media":57488,"comment_status":"closed","ping_status":"open","sticky":false,"template":"","format":"standard","meta":{"_monsterinsights_skip_tracking":false,"_monsterinsights_sitenote_active":false,"_monsterinsights_sitenote_note":"","_monsterinsights_sitenote_category":0,"footnotes":""},"categories":[51,49],"tags":[],"class_list":["post-235309","post","type-post","status-publish","format-standard","has-post-thumbnail","hentry","category-evidenza-top","category-news-18","category-51","category-49","description-off"],"img_url":"https:\/\/www.radiopiu.net\/wordpress\/wp-content\/uploads\/2018\/08\/instabilita.jpg","_links":{"self":[{"href":"https:\/\/www.radiopiu.net\/wordpress\/wp-json\/wp\/v2\/posts\/235309","targetHints":{"allow":["GET"]}}],"collection":[{"href":"https:\/\/www.radiopiu.net\/wordpress\/wp-json\/wp\/v2\/posts"}],"about":[{"href":"https:\/\/www.radiopiu.net\/wordpress\/wp-json\/wp\/v2\/types\/post"}],"author":[{"embeddable":true,"href":"https:\/\/www.radiopiu.net\/wordpress\/wp-json\/wp\/v2\/users\/4"}],"replies":[{"embeddable":true,"href":"https:\/\/www.radiopiu.net\/wordpress\/wp-json\/wp\/v2\/comments?post=235309"}],"version-history":[{"count":0,"href":"https:\/\/www.radiopiu.net\/wordpress\/wp-json\/wp\/v2\/posts\/235309\/revisions"}],"wp:featuredmedia":[{"embeddable":true,"href":"https:\/\/www.radiopiu.net\/wordpress\/wp-json\/wp\/v2\/media\/57488"}],"wp:attachment":[{"href":"https:\/\/www.radiopiu.net\/wordpress\/wp-json\/wp\/v2\/media?parent=235309"}],"wp:term":[{"taxonomy":"category","embeddable":true,"href":"https:\/\/www.radiopiu.net\/wordpress\/wp-json\/wp\/v2\/categories?post=235309"},{"taxonomy":"post_tag","embeddable":true,"href":"https:\/\/www.radiopiu.net\/wordpress\/wp-json\/wp\/v2\/tags?post=235309"}],"curies":[{"name":"wp","href":"https:\/\/api.w.org\/{rel}","templated":true}]}}