{"id":235313,"date":"2021-10-05T05:28:07","date_gmt":"2021-10-05T03:28:07","guid":{"rendered":"https:\/\/www.radiopiu.net\/wordpress\/?p=235313"},"modified":"2021-10-05T10:44:42","modified_gmt":"2021-10-05T08:44:42","slug":"nuovi-sindaci","status":"publish","type":"post","link":"https:\/\/www.radiopiu.net\/wordpress\/nuovi-sindaci\/","title":{"rendered":"TUTTI I NUOVI SINDACI DELL&#8217;ULTIMA TORNATA ELETTORALE"},"content":{"rendered":"<p><strong><a href=\"https:\/\/www.radiopiu.net\/wordpress\/di-cadorevigo\/risultati-elezioni-comunali-2021-amministrative-oggi-today-2\/\" rel=\"attachment wp-att-235320\"><img loading=\"lazy\" decoding=\"async\" class=\" wp-image-235320 alignleft\" src=\"https:\/\/www.radiopiu.net\/wordpress\/wp-content\/uploads\/2021\/10\/risultati-elezioni-comunali-2021-amministrative-oggi-today-2-300x169.jpg\" alt=\"\" width=\"204\" height=\"115\" srcset=\"https:\/\/www.radiopiu.net\/wordpress\/wp-content\/uploads\/2021\/10\/risultati-elezioni-comunali-2021-amministrative-oggi-today-2-300x169.jpg 300w, https:\/\/www.radiopiu.net\/wordpress\/wp-content\/uploads\/2021\/10\/risultati-elezioni-comunali-2021-amministrative-oggi-today-2.jpg 640w\" sizes=\"auto, (max-width: 204px) 100vw, 204px\" \/><\/a> <\/strong><\/p>\n<p><b>\u00a0<\/b>Confermato<strong> Camillo De Pellegrin<\/strong> in Val di Zoldo, <strong>Alessio Zanella<\/strong> \u00e8 il sindaco di Lozzo di Cadore.\u00a0Dopo due tornate a vuoto con ricorso al commissario Voltago ha un sindaco: <strong>Giuseppe\u00a0 Schena\u00a0<\/strong> eletto con il 56,6%. A Selva di Cadore plebiscito per <strong>Luca Lorenzini<\/strong> con il 96% dei voti. In\u00a0 Alpago vince <strong>Alberto\u00a0<\/strong> <strong>Peterle<\/strong> per 26 voti su Vanessa De Francesch.<strong> Federico Dalla Torre<\/strong> confermato sindaco di Sovramonte. Ad Alano terzo mandato consecutivo per <strong>Serenella Bogana<\/strong>. A Vigo successo per la ex vicesindaco <strong>Silvia Calligaro<\/strong> nella corsa a tre ha sfiorato la maggioranza assoluta.<\/p>\n<p><strong>REDAZIONE <\/strong>L&#8217;affluenza in provincia di Belluno \u00e8 del 47,51% (precedente 53,12%)<\/p>\n<p><strong>\u00a0<\/strong><\/p>\n<p><strong>L&#8217;AFFLUENZA DEI COMUNI AL VOTO<\/strong><\/p>\n<p>ALANO DI PIAVE 48,79% (54,08%), ALPAGO 53,87% (58,86%), LOZZO DI CADORE 43,95% (64,47%), SELVA DI CADORE 65,86% (58,37%), SOVRAMONTE 36,25% (46,27%), VAL DI ZOLDO 33,93% (40,66%), VIGO DI CADORE 59,18% (60,99%), VOLTAGO AGORDINO 57,35% (51,75%).<\/p>\n<p>&nbsp;<\/p>\n<blockquote>\n<h3 class=\"entry-title\">VOLTAGO: GIUSEPPE SCHENA E&#8217; IL NUOVO SINDACO. FRANCESCA DELLA LUCIA: PRONTI PER UN\u2019OPPOSIZIONE COSTRUTTIVA<\/h3>\n<\/blockquote>\n<p><strong><a href=\"https:\/\/www.radiopiu.net\/wordpress\/giornale-radiopiu-05-ottobre-2021-direttore-mirko-mezzacasa\/img_1746\/\" rel=\"attachment wp-att-235438\"><img loading=\"lazy\" decoding=\"async\" class=\"size-medium wp-image-235438 alignleft\" src=\"https:\/\/www.radiopiu.net\/wordpress\/wp-content\/uploads\/2021\/10\/IMG_1746-300x178.jpg\" alt=\"\" width=\"300\" height=\"178\" srcset=\"https:\/\/www.radiopiu.net\/wordpress\/wp-content\/uploads\/2021\/10\/IMG_1746-300x178.jpg 300w, https:\/\/www.radiopiu.net\/wordpress\/wp-content\/uploads\/2021\/10\/IMG_1746.jpg 640w\" sizes=\"auto, (max-width: 300px) 100vw, 300px\" \/><\/a>VOLTAGO<\/strong> Giuseppe Schena \u00e8 il nuovo sindaco di Voltago. Sono 315 (56,65%) le preferenze per Schena contro le 241 (43,35%) a Francesca Della Lucia. Dopo due tornate senza quorum e relativo commissario a gestire il comune, Voltago ha un sindaco per i prossimi 5 anni<\/p>\n<p><strong>IL SINDACO DI VOLTAGO GIUSEPPE SCHENA<\/strong><\/p>\n<audio class=\"wp-audio-shortcode\" id=\"audio-235313-1\" preload=\"none\" style=\"width: 100%;\" controls=\"controls\"><source type=\"audio\/mpeg\" src=\"https:\/\/www.radiopiu.net\/wordpress\/wp-content\/uploads\/2021\/10\/GIUSEPPE-SCHENA.mp3?_=1\" \/><a href=\"https:\/\/www.radiopiu.net\/wordpress\/wp-content\/uploads\/2021\/10\/GIUSEPPE-SCHENA.mp3\">https:\/\/www.radiopiu.net\/wordpress\/wp-content\/uploads\/2021\/10\/GIUSEPPE-SCHENA.mp3<\/a><\/audio>\n<p>&nbsp;<\/p>\n<p><strong>\u00a0FRANCESCA DELLA LUCIA\u00a0 PRONTI PER UN&#8217;OPPOSIZIONE COSTRUTTIVA\u00a0<\/strong><\/p>\n<audio class=\"wp-audio-shortcode\" id=\"audio-235313-2\" preload=\"none\" style=\"width: 100%;\" controls=\"controls\"><source type=\"audio\/mpeg\" src=\"https:\/\/www.radiopiu.net\/wordpress\/wp-content\/uploads\/2021\/10\/FRANCESCA.mp3?_=2\" \/><a href=\"https:\/\/www.radiopiu.net\/wordpress\/wp-content\/uploads\/2021\/10\/FRANCESCA.mp3\">https:\/\/www.radiopiu.net\/wordpress\/wp-content\/uploads\/2021\/10\/FRANCESCA.mp3<\/a><\/audio>\n<p>&nbsp;<\/p>\n<blockquote>\n<h3><\/h3>\n<\/blockquote>\n<blockquote>\n<h3>LUCA LORENZINI SINDACO A SELVA DI CADORE CON IL 96,33%<\/h3>\n<\/blockquote>\n<p><a href=\"https:\/\/www.radiopiu.net\/wordpress\/i-candidati-sindaco-a-selva-di-cadore-intervistati-da-gianni-santomaso\/luca-lorenzini-2\/\" rel=\"attachment wp-att-233913\"><img loading=\"lazy\" decoding=\"async\" class=\"alignleft wp-image-233913 \" src=\"https:\/\/www.radiopiu.net\/wordpress\/wp-content\/uploads\/2021\/09\/Luca-Lorenzini-1-278x300.jpg\" alt=\"\" width=\"148\" height=\"160\" srcset=\"https:\/\/www.radiopiu.net\/wordpress\/wp-content\/uploads\/2021\/09\/Luca-Lorenzini-1-278x300.jpg 278w, https:\/\/www.radiopiu.net\/wordpress\/wp-content\/uploads\/2021\/09\/Luca-Lorenzini-1-949x1024.jpg 949w, https:\/\/www.radiopiu.net\/wordpress\/wp-content\/uploads\/2021\/09\/Luca-Lorenzini-1-768x829.jpg 768w, https:\/\/www.radiopiu.net\/wordpress\/wp-content\/uploads\/2021\/09\/Luca-Lorenzini-1.jpg 1200w\" sizes=\"auto, (max-width: 148px) 100vw, 148px\" \/><\/a><\/p>\n<h3><strong style=\"font-size: 14px;\">SELVA DI CADORE<\/strong><span style=\"font-size: 14px; font-weight: normal;\"> Luca Lorenzini \u00e8 il nuovo sindaco di Selva Di Cadore. \u00c8 terminato lo scrutinio delle schede a Selva di Cadore dove Luca Lorenzini vince nettamente la tornata elettorale con il 96,33% delle preferenze. Ben 289 schede per Lorenzini e solo 11 voti ad Adriano Peretti.<\/span><\/h3>\n<p><strong>IL SINDACO DI SELVA DI CADORE LUCA LORENZINI<\/strong><\/p>\n<audio class=\"wp-audio-shortcode\" id=\"audio-235313-3\" preload=\"none\" style=\"width: 100%;\" controls=\"controls\"><source type=\"audio\/mpeg\" src=\"https:\/\/www.radiopiu.net\/wordpress\/wp-content\/uploads\/2021\/10\/LUCA-ORENZINI.mp3?_=3\" \/><a href=\"https:\/\/www.radiopiu.net\/wordpress\/wp-content\/uploads\/2021\/10\/LUCA-ORENZINI.mp3\">https:\/\/www.radiopiu.net\/wordpress\/wp-content\/uploads\/2021\/10\/LUCA-ORENZINI.mp3<\/a><\/audio>\n<p>&nbsp;<\/p>\n<p><strong>ADRIANO PERETTI<\/strong><\/p>\n<audio class=\"wp-audio-shortcode\" id=\"audio-235313-4\" preload=\"none\" style=\"width: 100%;\" controls=\"controls\"><source type=\"audio\/mpeg\" src=\"https:\/\/www.radiopiu.net\/wordpress\/wp-content\/uploads\/2021\/10\/PERETTI.mp3?_=4\" \/><a href=\"https:\/\/www.radiopiu.net\/wordpress\/wp-content\/uploads\/2021\/10\/PERETTI.mp3\">https:\/\/www.radiopiu.net\/wordpress\/wp-content\/uploads\/2021\/10\/PERETTI.mp3<\/a><\/audio>\n<p>&nbsp;<\/p>\n<p>&nbsp;<\/p>\n<blockquote>\n<h3>CAMILLO DE PELLEGRIN RICONFERMATO SINDACO IN VAL DI ZOLDO<\/h3>\n<\/blockquote>\n<p><strong><a href=\"https:\/\/www.radiopiu.net\/wordpress\/di-cadorevigo\/download-1145\/\" rel=\"attachment wp-att-235329\"><img loading=\"lazy\" decoding=\"async\" class=\" wp-image-235329 alignleft\" src=\"https:\/\/www.radiopiu.net\/wordpress\/wp-content\/uploads\/2021\/10\/download.jpg\" alt=\"\" width=\"179\" height=\"178\" srcset=\"https:\/\/www.radiopiu.net\/wordpress\/wp-content\/uploads\/2021\/10\/download.jpg 225w, https:\/\/www.radiopiu.net\/wordpress\/wp-content\/uploads\/2021\/10\/download-150x150.jpg 150w\" sizes=\"auto, (max-width: 179px) 100vw, 179px\" \/><\/a> <\/strong><\/p>\n<p><strong>\u00a0<\/strong><\/p>\n<p><strong>VAL DI ZOLDO<\/strong> Quorum raggiunto tanto a\u00a0 Lozzo di Cadore che in Val di Zoldo,\u00a0 \u00a0a meno di clamorose sorprese Alessio Zanella\u00a0 \u00e8 il primo sindaco eletto di questa tornata amministrativa 2021 in provincia di Belluno. In Val di Zoldo quorum raggiunto e ampiamente superato da\u00a0 \u00a0Camillo De Pellegrin pronto per il terzo mandato, dopo i precedenti a Forno di Zoldo e nel Comune unico Val di Zoldo nell&#8217;ultima legislatura<\/p>\n<p><strong>IL SINDACO CAMILLO DE PELLEGRIN<\/strong><\/p>\n<audio class=\"wp-audio-shortcode\" id=\"audio-235313-5\" preload=\"none\" style=\"width: 100%;\" controls=\"controls\"><source type=\"audio\/mpeg\" src=\"https:\/\/www.radiopiu.net\/wordpress\/wp-content\/uploads\/2021\/10\/CAMILLO-DE-PELLEGRIN.mp3?_=5\" \/><a href=\"https:\/\/www.radiopiu.net\/wordpress\/wp-content\/uploads\/2021\/10\/CAMILLO-DE-PELLEGRIN.mp3\">https:\/\/www.radiopiu.net\/wordpress\/wp-content\/uploads\/2021\/10\/CAMILLO-DE-PELLEGRIN.mp3<\/a><\/audio>\n<p>&nbsp;<\/p>\n<blockquote>\n<h3>ALESSIO ZANELLA SINDACO A LOZZO DI CADORE\u00a0 OLTRE IL\u00a0 QUORUM<\/h3>\n<\/blockquote>\n<p><strong><a href=\"https:\/\/www.radiopiu.net\/wordpress\/giornale-radiopiu-05-ottobre-2021-direttore-mirko-mezzacasa\/alessio-zanella\/\" rel=\"attachment wp-att-235452\"><img loading=\"lazy\" decoding=\"async\" class=\"wp-image-235452 alignleft\" src=\"https:\/\/www.radiopiu.net\/wordpress\/wp-content\/uploads\/2021\/10\/ALESSIO-ZANELLA.png\" alt=\"\" width=\"109\" height=\"105\" \/><\/a> <\/strong><\/p>\n<p><strong>\u00a0<\/strong><\/p>\n<p><strong>\u00a0<\/strong><\/p>\n<p><strong>LOZZO DI CADORE<\/strong> Raggiunge il quorum e viene eletto sindaco Alessio Zanella a Lozzo di Cadore con 528 preferenze<\/p>\n<h3><\/h3>\n<p>&nbsp;<\/p>\n<blockquote>\n<h3>FEDERICO DALLA TORRE\u00a0 BATTE ELSA COLOMBEROTTO<\/h3>\n<\/blockquote>\n<p><strong><a href=\"https:\/\/www.radiopiu.net\/wordpress\/giornale-radiopiu-05-ottobre-2021-direttore-mirko-mezzacasa\/fedederico_dalla_torre_sindaco_sovramonte\/\" rel=\"attachment wp-att-235449\"><img loading=\"lazy\" decoding=\"async\" class=\"wp-image-235449 alignleft\" src=\"https:\/\/www.radiopiu.net\/wordpress\/wp-content\/uploads\/2021\/10\/fedederico_dalla_torre_sindaco_sovramonte.jpg\" alt=\"\" width=\"99\" height=\"116\" \/><\/a> <\/strong><\/p>\n<p><strong>\u00a0<\/strong><\/p>\n<p><strong>SOVARMONTE <\/strong>Federico dalla Torre viene eletto sindaco l&#8217;81,86% delle preferenze pari a 501 voti, batte la diretta avversaria Elsa Colomberotto che chiude la tornata elettorare con 111 preferenze pari al 18,14%.<\/p>\n<p>&nbsp;<\/p>\n<p>&nbsp;<\/p>\n<p>&nbsp;<\/p>\n<blockquote>\n<h3>IN ALPAGO VINCE PETERLE, AL CONSIGLIERE PROVINCIALE BORTOLUZZI UN SEGGIO<\/h3>\n<\/blockquote>\n<p><strong><a href=\"https:\/\/www.radiopiu.net\/wordpress\/giornale-radiopiu-05-ottobre-2021-direttore-mirko-mezzacasa\/alberto-peterle-2\/\" rel=\"attachment wp-att-235450\"><img loading=\"lazy\" decoding=\"async\" class=\"wp-image-235450 alignleft\" src=\"https:\/\/www.radiopiu.net\/wordpress\/wp-content\/uploads\/2021\/10\/ALBERTO-PETERLE-285x300.png\" alt=\"\" width=\"99\" height=\"104\" srcset=\"https:\/\/www.radiopiu.net\/wordpress\/wp-content\/uploads\/2021\/10\/ALBERTO-PETERLE-285x300.png 285w, https:\/\/www.radiopiu.net\/wordpress\/wp-content\/uploads\/2021\/10\/ALBERTO-PETERLE-768x810.png 768w, https:\/\/www.radiopiu.net\/wordpress\/wp-content\/uploads\/2021\/10\/ALBERTO-PETERLE.png 886w\" sizes=\"auto, (max-width: 99px) 100vw, 99px\" \/><\/a> <\/strong><\/p>\n<p><strong>\u00a0<\/strong><\/p>\n<p><strong>ALPAGO<\/strong> Con il 30,27% delle preferenze Alberto Peterle \u00e8 sindaco di Alpago aggiudicandosi 8 seggi. Un distacco risicato da Vanessa De Francesch che chiude con il 29,62% (2 seggi) e Massimo Bortoluzzi si aggiudica un seggio con il 22,81% delle preferenze.<\/p>\n<p>&nbsp;<\/p>\n<p>&nbsp;<\/p>\n<blockquote>\n<h3>CON IL 53,79% DELLE PREFERENZE AMALIA SERENELLA BOGANA E&#8217; SINDACO AD ALANO DI PIAVE<\/h3>\n<\/blockquote>\n<p><strong><a href=\"https:\/\/www.radiopiu.net\/wordpress\/elezioni-provinciali-de-carlo-ottimo-risultato-per-bogana-e-fdi-subito-vertice-di-centrodestra-e-poi-incontro-con-il-presidente-padrin\/konica-minolta-digital-camera-30\/\" rel=\"attachment wp-att-117956\"><img loading=\"lazy\" decoding=\"async\" class=\"wp-image-117956 alignleft\" src=\"https:\/\/www.radiopiu.net\/wordpress\/wp-content\/uploads\/2020\/02\/Serenella_Bogana-201x300.jpg\" alt=\"\" width=\"94\" height=\"140\" srcset=\"https:\/\/www.radiopiu.net\/wordpress\/wp-content\/uploads\/2020\/02\/Serenella_Bogana-201x300.jpg 201w, https:\/\/www.radiopiu.net\/wordpress\/wp-content\/uploads\/2020\/02\/Serenella_Bogana.jpg 445w\" sizes=\"auto, (max-width: 94px) 100vw, 94px\" \/><\/a> <\/strong><\/p>\n<p><strong>\u00a0<\/strong><\/p>\n<p><strong>\u00a0<\/strong><\/p>\n<p><strong>ALANO DI PIAVE <\/strong>Sono un centinaio i voti che fanno la differenza ad Alano di Piave dove Amalia Serenella Bogana vince le elezioni con il 53,79% delle preferenze battendo Dario Codemo che si ferma al 46,21%.<\/p>\n<p>&nbsp;<\/p>\n<p>&nbsp;<\/p>\n<p>&nbsp;<\/p>\n<blockquote>\n<h3>SILVIA CALLIGARO E&#8217; SINDACO A VIGO DI CADORE<\/h3>\n<\/blockquote>\n<p><strong><a href=\"https:\/\/www.radiopiu.net\/wordpress\/giornale-radiopiu-05-ottobre-2021-direttore-mirko-mezzacasa\/silvia-calligaro\/\" rel=\"attachment wp-att-235451\"><img loading=\"lazy\" decoding=\"async\" class=\"wp-image-235451 alignleft\" src=\"https:\/\/www.radiopiu.net\/wordpress\/wp-content\/uploads\/2021\/10\/SILVIA-CALLIGARO-270x300.png\" alt=\"\" width=\"134\" height=\"149\" srcset=\"https:\/\/www.radiopiu.net\/wordpress\/wp-content\/uploads\/2021\/10\/SILVIA-CALLIGARO-270x300.png 270w, https:\/\/www.radiopiu.net\/wordpress\/wp-content\/uploads\/2021\/10\/SILVIA-CALLIGARO.png 328w\" sizes=\"auto, (max-width: 134px) 100vw, 134px\" \/><\/a> <\/strong><\/p>\n<p><strong>\u00a0<\/strong><\/p>\n<p><strong>\u00a0<\/strong><\/p>\n<p><strong>VIGO DI CADORE<\/strong> Con il 48,43% Silvia Calligaro \u00e8 sindaco di Vigo di Cadore. Giuseppe Barreca si ferma al 41,03% mentre Mauro Giovanni Schiesaro al 10,54%<\/p>\n<p>&nbsp;<\/p>\n<p>&nbsp;<\/p>\n<p>&nbsp;<\/p>\n<p>&nbsp;<\/p>\n<blockquote>\n<h3 class=\"p1\"><span class=\"s1\">NUOVI SINDACI, IL PRESIDENTE PADRIN AUGURA BUON LAVORO AI COLLEGHI AMMINISTRATORI DEI COMUNI APPENA RINNOVATI\u00a0<\/span><\/h3>\n<p>audio<\/p>\n<audio class=\"wp-audio-shortcode\" id=\"audio-235313-6\" preload=\"none\" style=\"width: 100%;\" controls=\"controls\"><source type=\"audio\/mpeg\" src=\"https:\/\/www.radiopiu.net\/wordpress\/wp-content\/uploads\/2021\/10\/PADRIN.mp3?_=6\" \/><a href=\"https:\/\/www.radiopiu.net\/wordpress\/wp-content\/uploads\/2021\/10\/PADRIN.mp3\">https:\/\/www.radiopiu.net\/wordpress\/wp-content\/uploads\/2021\/10\/PADRIN.mp3<\/a><\/audio>\n<p>&nbsp;<\/p><\/blockquote>\n<p class=\"p1\"><span class=\"s1\"><strong><a href=\"https:\/\/www.radiopiu.net\/wordpress\/padrin-la-fase-2-ci-veda-uniti-nel-programmare-la-ripartenza-torneremo-alla-normalita\/padrin-63\/\" rel=\"attachment wp-att-134835\"><img loading=\"lazy\" decoding=\"async\" class=\"size-medium wp-image-134835 alignleft\" src=\"https:\/\/www.radiopiu.net\/wordpress\/wp-content\/uploads\/2020\/05\/PADRIN-200x300.jpg\" alt=\"\" width=\"200\" height=\"300\" srcset=\"https:\/\/www.radiopiu.net\/wordpress\/wp-content\/uploads\/2020\/05\/PADRIN-200x300.jpg 200w, https:\/\/www.radiopiu.net\/wordpress\/wp-content\/uploads\/2020\/05\/PADRIN-683x1024.jpg 683w, https:\/\/www.radiopiu.net\/wordpress\/wp-content\/uploads\/2020\/05\/PADRIN-768x1152.jpg 768w, https:\/\/www.radiopiu.net\/wordpress\/wp-content\/uploads\/2020\/05\/PADRIN.jpg 945w\" sizes=\"auto, (max-width: 200px) 100vw, 200px\" \/><\/a>BELLUNO<\/strong> \u00abCongratulazioni ai nuovi sindaci e ai riconfermati. Buon lavoro a tutti: le nostre comunit\u00e0 &#8211; tutte, ma specialmente quelle pi\u00f9 piccole e periferiche &#8211; hanno bisogno di persone appassionate che sappiano prendersi cura dei problemi della gente e portare avanti con coraggio e determinazione le scelte amministrative\u00bb. Lo dice il presidente della Provincia, Roberto Padrin, a margine dell\u2019appuntamento elettorale che ha visto impegnati otto Comuni bellunesi. <\/span><span class=\"s1\">\u00abInnanzitutto sono contento che si siano evitati i commissariamenti di Val di Zoldo e di Lozzo di Cadore, dove si presentavano alle urne liste uniche, segno della difficolt\u00e0 per i nostri Comuni di trovare persone disposte a investire tempo, risorse e serenit\u00e0 personali, ad assumersi enormi responsabilit\u00e0 per il bene collettivo. Complimenti quindi al riconfermato Camillo De Pellegrin e ad Alessio Zanella. Buon lavoro a loro e ai colleghi. Sappiano che la Provincia, diventata la \u201cCasa dei Comuni\u201d con la riforma Delrio, \u00e8 sempre disponibile per un lavoro di squadra a beneficio delle nostre comunit\u00e0. Un plauso va anche a chi ci ha messo la faccia, pur senza vincere la sfida elettorale. La vera sfida \u00e8 mettersi in gioco per il territorio e sono certo che queste energie non debbano andare disperse: anche fare opposizione, in maniera costruttiva, \u00e8 fondamentale per la vita civile e democratica\u00bb.<\/span><\/p>\n<p>&nbsp;<\/p>\n<p>&nbsp;<\/p>\n","protected":false},"excerpt":{"rendered":"<p>\u00a0Confermato Camillo De Pellegrin in Val di Zoldo, Alessio Zanella \u00e8 il sindaco di Lozzo di Cadore.\u00a0Dopo due tornate a vuoto con ricorso al commissario Voltago ha un sindaco: Giuseppe\u00a0 Schena\u00a0 eletto con il 56,6%. A Selva di Cadore plebiscito per Luca Lorenzini con il 96% dei voti. In\u00a0 Alpago vince Alberto\u00a0 Peterle per 26&hellip;<\/p>\n","protected":false},"author":4,"featured_media":235438,"comment_status":"closed","ping_status":"open","sticky":false,"template":"","format":"standard","meta":{"_monsterinsights_skip_tracking":false,"_monsterinsights_sitenote_active":false,"_monsterinsights_sitenote_note":"","_monsterinsights_sitenote_category":0,"footnotes":""},"categories":[51,49],"tags":[],"class_list":["post-235313","post","type-post","status-publish","format-standard","has-post-thumbnail","hentry","category-evidenza-top","category-news-18","category-51","category-49","description-off"],"img_url":"https:\/\/www.radiopiu.net\/wordpress\/wp-content\/uploads\/2021\/10\/IMG_1746.jpg","_links":{"self":[{"href":"https:\/\/www.radiopiu.net\/wordpress\/wp-json\/wp\/v2\/posts\/235313","targetHints":{"allow":["GET"]}}],"collection":[{"href":"https:\/\/www.radiopiu.net\/wordpress\/wp-json\/wp\/v2\/posts"}],"about":[{"href":"https:\/\/www.radiopiu.net\/wordpress\/wp-json\/wp\/v2\/types\/post"}],"author":[{"embeddable":true,"href":"https:\/\/www.radiopiu.net\/wordpress\/wp-json\/wp\/v2\/users\/4"}],"replies":[{"embeddable":true,"href":"https:\/\/www.radiopiu.net\/wordpress\/wp-json\/wp\/v2\/comments?post=235313"}],"version-history":[{"count":0,"href":"https:\/\/www.radiopiu.net\/wordpress\/wp-json\/wp\/v2\/posts\/235313\/revisions"}],"wp:featuredmedia":[{"embeddable":true,"href":"https:\/\/www.radiopiu.net\/wordpress\/wp-json\/wp\/v2\/media\/235438"}],"wp:attachment":[{"href":"https:\/\/www.radiopiu.net\/wordpress\/wp-json\/wp\/v2\/media?parent=235313"}],"wp:term":[{"taxonomy":"category","embeddable":true,"href":"https:\/\/www.radiopiu.net\/wordpress\/wp-json\/wp\/v2\/categories?post=235313"},{"taxonomy":"post_tag","embeddable":true,"href":"https:\/\/www.radiopiu.net\/wordpress\/wp-json\/wp\/v2\/tags?post=235313"}],"curies":[{"name":"wp","href":"https:\/\/api.w.org\/{rel}","templated":true}]}}