{"id":235314,"date":"2021-10-04T23:56:15","date_gmt":"2021-10-04T21:56:15","guid":{"rendered":"https:\/\/www.radiopiu.net\/wordpress\/?p=235314"},"modified":"2021-10-05T05:50:23","modified_gmt":"2021-10-05T03:50:23","slug":"il-volontariato-che-merita-il-sigillo-unesco","status":"publish","type":"post","link":"https:\/\/www.radiopiu.net\/wordpress\/il-volontariato-che-merita-il-sigillo-unesco\/","title":{"rendered":"IL VOLONTARIATO CHE MERITA IL SIGILLO UNESCO"},"content":{"rendered":"<blockquote>\n<h3>\u00a0 \u00a0di Franco Piacentini_Feltre<\/h3>\n<\/blockquote>\n<p><a href=\"https:\/\/www.radiopiu.net\/wordpress\/giornale-radiopiu-05-ottobre-2021-direttore-mirko-mezzacasa\/shutterstock_160930319-e1438093517149\/\" rel=\"attachment wp-att-235312\"><img loading=\"lazy\" decoding=\"async\" class=\"size-medium wp-image-235312 alignleft\" src=\"https:\/\/www.radiopiu.net\/wordpress\/wp-content\/uploads\/2021\/10\/shutterstock_160930319-e1438093517149-300x150.jpg\" alt=\"\" width=\"300\" height=\"150\" srcset=\"https:\/\/www.radiopiu.net\/wordpress\/wp-content\/uploads\/2021\/10\/shutterstock_160930319-e1438093517149-300x150.jpg 300w, https:\/\/www.radiopiu.net\/wordpress\/wp-content\/uploads\/2021\/10\/shutterstock_160930319-e1438093517149-1024x512.jpg 1024w, https:\/\/www.radiopiu.net\/wordpress\/wp-content\/uploads\/2021\/10\/shutterstock_160930319-e1438093517149-768x384.jpg 768w, https:\/\/www.radiopiu.net\/wordpress\/wp-content\/uploads\/2021\/10\/shutterstock_160930319-e1438093517149-1536x768.jpg 1536w, https:\/\/www.radiopiu.net\/wordpress\/wp-content\/uploads\/2021\/10\/shutterstock_160930319-e1438093517149-2048x1024.jpg 2048w\" sizes=\"auto, (max-width: 300px) 100vw, 300px\" \/><\/a>Da partecipante ai molteplici eventi di Solidaria, compresi i due giorni (1 e 2 ottobre 2021) di studio, svoltisi a Padova nello suggestivo Palazzo della Ragione, e da visitatore, domenica 3 ottobre, del Prato della Valle nella straordinaria giornata di esposizione delle &#8220;buone pratiche&#8221; delle Associazioni di Volontariato padovane, posso testimoniare, con cognizione di causa, che Padova Capitale Europea del Volontariato 2019 (causa Covid \u00e8 stata riferimento europeo sino alla primavera 2021) \u00e8 stata, ed \u00e8, per il Veneto e per l&#8217;insieme del nostro Paese, la principale\u00a0 proponente della richiesta &#8220;sigillo UNESCO&#8221; per il riconoscimento di bene immateriale del Volontariato di tutto il mondo. Riconoscimento acquisito? Ad oggi no! La proposta \u00e8 nelle mani istituzionali locali, nazionali, europee ed internazionali, alle quali, necessariamente, dovranno intrecciarsi le forti mani dell&#8217;associazionismo della solidariet\u00e0 e della sussidiariet\u00e0. La determinazione del Volontariato Italiano, possibilmente sostenuta convintamente da tutto il Terzo Settore, da Cgil Cisl Uil, dall&#8217;Anci, dalla Conferenza Stato Regioni, dai CSV (centri di servizio per il volontariato) in stretto raccordo con CSVnet, sar\u00e0 fondamentale per il dovuto &#8220;sigillo UNESCO&#8221; a tutte le donne e a tutti gli uomini che quotidianamente, volontariamente, sono riferimento di fraternit\u00e0 per le persone fragili, povere, disabili, emarginate e non autosufficienti, e attivamente impegnati nelle azioni di soccorso, nella salvaguardia ambientale, nella valorizzazione dei patrimoni storici e culturali. A tutti i Volontari un grandissimo grazie di cuore.<\/p>\n","protected":false},"excerpt":{"rendered":"<p>\u00a0 \u00a0di Franco Piacentini_Feltre Da partecipante ai molteplici eventi di Solidaria, compresi i due giorni (1 e 2 ottobre 2021) di studio, svoltisi a Padova nello suggestivo Palazzo della Ragione, e da visitatore, domenica 3 ottobre, del Prato della Valle nella straordinaria giornata di esposizione delle &#8220;buone pratiche&#8221; delle Associazioni di Volontariato padovane, posso testimoniare,&hellip;<\/p>\n","protected":false},"author":4,"featured_media":235312,"comment_status":"closed","ping_status":"open","sticky":false,"template":"","format":"standard","meta":{"_monsterinsights_skip_tracking":false,"_monsterinsights_sitenote_active":false,"_monsterinsights_sitenote_note":"","_monsterinsights_sitenote_category":0,"footnotes":""},"categories":[104,49],"tags":[],"class_list":["post-235314","post","type-post","status-publish","format-standard","has-post-thumbnail","hentry","category-evidenza_3","category-news-18","category-104","category-49","description-off"],"img_url":"https:\/\/www.radiopiu.net\/wordpress\/wp-content\/uploads\/2021\/10\/shutterstock_160930319-e1438093517149-scaled.jpg","_links":{"self":[{"href":"https:\/\/www.radiopiu.net\/wordpress\/wp-json\/wp\/v2\/posts\/235314","targetHints":{"allow":["GET"]}}],"collection":[{"href":"https:\/\/www.radiopiu.net\/wordpress\/wp-json\/wp\/v2\/posts"}],"about":[{"href":"https:\/\/www.radiopiu.net\/wordpress\/wp-json\/wp\/v2\/types\/post"}],"author":[{"embeddable":true,"href":"https:\/\/www.radiopiu.net\/wordpress\/wp-json\/wp\/v2\/users\/4"}],"replies":[{"embeddable":true,"href":"https:\/\/www.radiopiu.net\/wordpress\/wp-json\/wp\/v2\/comments?post=235314"}],"version-history":[{"count":0,"href":"https:\/\/www.radiopiu.net\/wordpress\/wp-json\/wp\/v2\/posts\/235314\/revisions"}],"wp:featuredmedia":[{"embeddable":true,"href":"https:\/\/www.radiopiu.net\/wordpress\/wp-json\/wp\/v2\/media\/235312"}],"wp:attachment":[{"href":"https:\/\/www.radiopiu.net\/wordpress\/wp-json\/wp\/v2\/media?parent=235314"}],"wp:term":[{"taxonomy":"category","embeddable":true,"href":"https:\/\/www.radiopiu.net\/wordpress\/wp-json\/wp\/v2\/categories?post=235314"},{"taxonomy":"post_tag","embeddable":true,"href":"https:\/\/www.radiopiu.net\/wordpress\/wp-json\/wp\/v2\/tags?post=235314"}],"curies":[{"name":"wp","href":"https:\/\/api.w.org\/{rel}","templated":true}]}}