{"id":235336,"date":"2021-10-04T23:59:39","date_gmt":"2021-10-04T21:59:39","guid":{"rendered":"https:\/\/www.radiopiu.net\/wordpress\/?p=235336"},"modified":"2021-10-04T15:48:03","modified_gmt":"2021-10-04T13:48:03","slug":"vajont-quello-che-conosco-e-quello-raccontato-da-altri","status":"publish","type":"post","link":"https:\/\/www.radiopiu.net\/wordpress\/vajont-quello-che-conosco-e-quello-raccontato-da-altri\/","title":{"rendered":"\u201cVAJONT. QUELLO CHE CONOSCO E QUELLO RACCONTATO DA ALTRI\u201d"},"content":{"rendered":"<p>L\u2019approssimarsi dell\u2019anniversario della catastrofe del Vajont del 9 ottobre 1963 (1910 vittime di cui ben 1458 del comune di Longarone, le altre di Castellavazzo, pure in provincia di Belluno, quindi di Erto e di Casso in provincia di Pordenone) \u00e8 l\u2019occasione propizia per soffermarci su \u201cVajont. Quello che conosco perch\u00e9 allora ero un addetto ai lavori, e quello raccontato da altri\u201d, il prezioso libro-documento di Luigi Rivis, stampato dalla tipografia Piave nel giugno del 2018 con Momenti Aics editore, grafica ed impaginazione di Davide Capponi. Rivis, che nell\u2019agosto 2012 aveva realizzato con notevole, meritato successo \u201cLa storia idraulica del \u2018Grande Vajont\u2019 rievocata da un addetto ai lavori che allora c\u2019era\u201d (alla terza ristampa, e tradotto anche in francese ed in inglese), era entrato alla Sade (Societ\u00e0 adriatica di elettricit\u00e0) nel 1951 e la sua prestigiosa carriera lavorativa \u00e8 proseguita con l\u2019Enel, sempre nel settore dell\u2019impiantistica per la produzione di energia idroelettrica, fino al pensionamento, nel 1997: responsabile degli impianti idroelettrici Piave-Boite-Ma\u00e8-Vajont e quindi vice direttore del Raggruppamento impianti idroelettrici Cordevole-Medio Piave-Cismon-Brenta, svolgendo incarichi di coordinamento su tematiche specialistiche relative alla generazione di energia elettrica per la direzione centrale della Produzione idroelettrica Enel. Il libro \u00e8 articolato in quattro parti ed un\u2019appendice (\u201cQuella notte a Soverzene &#8211; Perch\u00e9 parlarne\u201d). La prima: \u201cIl mio rapporto con il Vajont\u201d (Che cosa facevo all\u2019Enel il 9 ottobre 1963; Perch\u00e9 ho cominciato a parlare e scrivere del Vajont solo dopo 47 anni; Come era gestito e controllato l\u2019impianto del Vajont); la seconda: \u201cAlcune cose non dette o poco conosciute\u201d (Perch\u00e9 il bacino del Vajont \u00e8 diventato il \u201cGrande Vajont\u201d; Che cosa ha insegnato la caduta della frana di Pontesei in Val Zoldana; Come era controllata la frana); la terza: \u201cVarie puntualizzazioni su alcuni libri, filmati e convegni\u201d (Che cosa sapeva della frana il personale del Servizio idroelettrico di Soverzene; Che cosa sapeva della frana il personale del Servizio costruzioni idrauliche del Vajont; Quale sensazione di pericolo aveva il personale dell\u2019Enel e dell\u2019impresa Monti al Vajont; Quali effetti erano ritenuti prevedibili con la caduta della frana; Si doveva sgomberare? E se s\u00ec, quali paesi? E quando?; Analisi delle telefonate della sera del 9 ottobre; Il \u201cCanale ostruito\u201d verso Soverzene; Perch\u00e9 \u00e8 stata chiusa la strada Dogna-diga Vajont solo poco prima della tragedia; Perch\u00e9 dal Vajont hanno telefonato alla Mec Marmi di Longarone; Chi doveva trovarsi nella sala controllo del Vajont la sera del 9 ottobre; Compatibilmente con\u2026; A proposito del collaudo della diga; A proposito del film \u201cVajont\u201d; Quella sera a Ponte nelle Alpi); la quarta: \u201cAltre puntualizzazioni (I timori di ulteriori franamenti e la diaspora degli abitanti della valle; Trasferimento dell\u2019ingegnere capo del Genio Civile; Ancora a proposito della frana di Pontesei; I morti nella costruzione degli impianti Piave, Boite-Ma\u00e8-Vajont; Alcune considerazioni). Diciamo la verit\u00e0: ogni parte del libro di Rivis (il quale nella presentazione giustamente rammenta che: \u201cDopo un lungo iter giudiziario, la Corte suprema di Cassazione ha ritenuto responsabili del disastro Alberico Biadene, direttore del Servizio costruzioni idrauliche della Sade e Francesco Sensidoni, ispettore generale del Genio civile presso il Consiglio superiore dei Lavori pubblici, e li ha condannati \u2018per il reato di disastro colposo e di omicidio colposo plurimo; la sentenza venne emessa il 25 marzo 1971 quando mancavano solo 14 giorni alla prescrizione del reato) andrebbe anche qui proposta integralmente considerata l\u2019autorevolezza di chi l\u2019ha messa nero su bianco e per la drammaticit\u00e0 dell\u2019evento, che ha avuto risonanza mondiale anche in virt\u00f9 dell\u2019inchiesta penale che ne consegu\u00ec, portata avanti prima dal procuratore della Repubblica Arcangelo Mandarino e poi dal giovane giudice istruttore dell\u2019epoca, Mario Fabbri, alla cui memoria proprio sabato scorso 2 ottobre il Comune di Longarone guidato da Roberto Padrin che \u00e8 anche presidente dell\u2019Amministrazione provinciale bellunese, ha intitolato la \u201cScalinata della giustizia\u201d che sale dalla via Protti ed arriva nel centro del paese stagliandosi in faccia proprio alla diga del Vajont; erano presenti fra gli altri la figlia del magistrato, Antonella, che ha sottolineato come la lettura attenta del passato serviva a Fabbri per progettare il futuro; la vedova Maria Luisa, i figli Andrea ed Antonio; il vicario parrocchiale don Rinaldo Ottone che ha impartito la benedizione alla targa-ricordo; il ministro Federico D\u2019Inc\u00e0; il deputato Roger De Menech; l\u2019ex sindaco Gioacchino Bratti che a Fabbri aveva conferito la cittadinanza onoraria; Prefetto, Questore, numerosi sindaci e consiglieri provinciali; i comandanti delle forze dell\u2019ordine, una qualificata delegazione della Protezione civile e semplici cittadini). In questa occasione ci accontentiamo, si fa per dire, di sintetizzare due dei tanti capitoli in cui si articola il volume: \u201cPerch\u00e9 ho cominciato parlare e a scrivere del Vajont solo dopo 47 anni\u201d e \u201cCome era gestito e controllato l\u2019impianto del Vajont\u201d. Rivis rammenta che raramente parlava delle problematiche del Vajont con altre persone: \u201cNell\u2019oblio cercavo di dimenticare il passato, anche perch\u00e9 mi assaliva la sindrome del sopravvissuto, cosicch\u00e9 dividevo e divido la mia vita in due periodi: il prima e il dopo Vajont\u201d. Ancora: \u201c\u2026 alla fine degli anni \u201990, l\u2019attore Mario Paolini, con il suo monologo \u2018Racconti del Vajont\u2019 trasmesso in diretta televisiva nel 1997 e poi il regista Renzo Martinelli, con il suo film \u2018Vajont\u2019 del 2001, hanno contribuito ad accrescere l\u2019interesse dell\u2019opinione pubblica. Da allora sono aumentate le uscite, prima sulla stampa e poi sui libri, su documentari e nelle interviste, delle ricostruzioni di alcuni fatti che meritano di essere puntualizzati\u2026 Mi \u00e8 parso necessario intervenire dove ritenevo e ritengo ancora opportuno, per correggere delle affermazioni non veritiere le quali, purtroppo, hanno avuto anche un seguito che non ha reso testimonianza alla verit\u00e0\u2026 Intervengo doverosamente anche a ricordo dei 60 lavoratori che hanno perso la vita quella notte al Vajont dove alcuni erano stati comandanti in servizio. Essi, ora, vengono dimenticato dalla maggior parte di coloro che, a modo loro, raccontano il Vajont\u201d. Quanto al capitolo su gestione e controllo dell\u2019impianto del Vajont, Rivis spiega che all\u2019epoca erano affidati a due Servizi che facevano riferimento alla direzione centrale di Venezia: Sci, Servizio costruzioni idrauliche, e Si, Servizio idroelettrico, \u201cche avevano compiti e responsabilit\u00e0 ben chiare e distinte, disponevano di proprie strutture operative con proprio personale. Compito del primo era la costruzione di varie parti degli impianti idroelettrici: dighe, gallerie, strutture delle centrali le quali, una volta terminate e collaudate, passavano al SI a cui era demandata la loro gestione. Direttore era l\u2019ing. Alberico Biadene, dopo la morte il 30 ottobre 1961 dell\u2019ing. Carlo Semenza il quale era stato tra l\u2019altro, anche il progettista della diga del Vajont. Biadene aveva un rapporto diretto con il proprio personale al Vajont, allora composto dal direttore ing. Mario Pancini e da altri validi collaboratori, tutti geometri o periti edili. La catena di controllo del Si, invece, era pi\u00f9 allungata; l\u2019ultimo anello era rappresentato dal Reparto di Soverzene, che aveva come responsabile il perito industriale Armando Bertotti. Ancora Luigi Rivis: \u201cL\u2019entit\u00e0 delle variazioni del livello dell\u2019acqua nel lago del Vajont era di esclusiva competenza della direzione del Sci e quindi di Biadene. Le decisioni prese erano comunicate con fonogramma alla direzione del Reparto di Soverzene perch\u00e9 provvedesse ad attuarle. Le manovre da compiere al Vajont erano relativamente semplici sia che la quota dovesse rimanere stabile sia che dovesse variare in salita o in discesa in quanto si trattava di controllare e-o regolare le portate in entrata ed in uscita dal lago\u201d. L\u2019autore spiega poi che le portate in entrata erano quella naturale del suo bacino imbrifero di 2 metri cubi al secondo, quelle regolabili provenienti ai laghi di Pieve e di Valle di Cadore e quella dallo scarico della centrale di Gardona alimentata dai laghi di Vodo e Pontesei; era inoltre previsto che nel Vajont sarebbe entrata dell\u2019acqua anche dal contiguo bacino imbrifero del Cellina. La portata in uscita era regolabile e veniva immessa nella centrale del Colomber e nella paratoia \u201cposizione 23\u201d a sezione rettangolare. Si poteva inoltre far uscire l\u2019acqua dal lago aprendo gli scarichi della diga e immettendola a valle nell\u2019alveo del Vajont. E\u2019 la soluzione, quest\u2019ultima &#8211; ricorda Rivis &#8211; che venne presa in esame la sera del 9 ottobre. Gi scarichi furono utilizzati solo durante la costruzione della diga, per far defluire la portata naturale del Vajont. Terminata la costruzione non vennero pi\u00f9 aperti, anche perch\u00e9 non se ne manifest\u00f2 la necessit\u00e0 in quanto l\u2019acqua veniva mandata a Soverzene, dove era utilizzata per produrre energia elettrica. E cos\u00ec conclude il capitolo: \u201cPer la giornata del 9 ottobre la direzione Sci aveva previsto uno svaso del lago di 1,20 metri corrispondente ad un decremento orario di 5 centimetri; poich\u00e9 alle ore 0,00 la quota era a 701,70 metri slm, per la mezzanotte dello stesso giorno doveva scendere fino a 700,50. Per ottemperare alla disposizione del Sci, da Soverzene venne programmata la movimentazione delle acque nelle varie gallerie. La gestione delle paratoie era stata di competenza Sci fino al giugno del 1962, quando lo scarico della centrale di Gardona venne immesso nel Vajont. Da allora, il Reparto di Soverzene prese in consegna la gestione delle paratoie e dal novembre successivo, con l\u2019entrata in servizio della centrale di Colomber, anche la restante parte elettromeccanica del Vajont\u201d.<\/p>\n\n\t\t\t<style type='text\/css'>\n\t\t\t\t#gallery-1 {\n\t\t\t\t\tmargin: auto;\n\t\t\t\t}\n\t\t\t\t#gallery-1 .gallery-item {\n\t\t\t\t\tfloat: left;\n\t\t\t\t\tmargin-top: 10px;\n\t\t\t\t\ttext-align: center;\n\t\t\t\t\twidth: 16%;\n\t\t\t\t}\n\t\t\t\t#gallery-1 img {\n\t\t\t\t\tborder: 2px solid #cfcfcf;\n\t\t\t\t}\n\t\t\t\t#gallery-1 .gallery-caption {\n\t\t\t\t\tmargin-left: 0;\n\t\t\t\t}\n\t\t\t\t\/* see gallery_shortcode() in wp-includes\/media.php *\/\n\t\t\t<\/style>\n\t\t<div id='gallery-1' class='dt-gallery-container gallery galleryid-235336 gallery-columns-6 gallery-size-thumbnail'><dl class='gallery-item'>\n\t\t\t\t<dt class='gallery-icon landscape'>\n\t\t\t\t\t<a class=\"rollover rollover-zoom dt-pswp-item\" title=\"244465880_1063249367779866_1729927436164325278_n\" data-dt-img-description=\"\" data-large_image_width=\"332\" data-large_image_height=\"206\"href='https:\/\/www.radiopiu.net\/wordpress\/wp-content\/uploads\/2021\/10\/244465880_1063249367779866_1729927436164325278_n.jpg'><img loading=\"lazy\" decoding=\"async\" width=\"150\" height=\"150\" src=\"https:\/\/www.radiopiu.net\/wordpress\/wp-content\/uploads\/2021\/10\/244465880_1063249367779866_1729927436164325278_n-150x150.jpg\" class=\"attachment-thumbnail size-thumbnail\" alt=\"\" \/><\/a>\n\t\t\t\t<\/dt><\/dl><dl class='gallery-item'>\n\t\t\t\t<dt class='gallery-icon portrait'>\n\t\t\t\t\t<a class=\"rollover rollover-zoom dt-pswp-item\" title=\"244412464_200939875475001_5698350952382488066_n\" data-dt-img-description=\"\" data-large_image_width=\"152\" data-large_image_height=\"240\"href='https:\/\/www.radiopiu.net\/wordpress\/wp-content\/uploads\/2021\/10\/244412464_200939875475001_5698350952382488066_n.jpg'><img loading=\"lazy\" decoding=\"async\" width=\"150\" height=\"150\" src=\"https:\/\/www.radiopiu.net\/wordpress\/wp-content\/uploads\/2021\/10\/244412464_200939875475001_5698350952382488066_n-150x150.jpg\" class=\"attachment-thumbnail size-thumbnail\" alt=\"\" \/><\/a>\n\t\t\t\t<\/dt><\/dl><dl class='gallery-item'>\n\t\t\t\t<dt class='gallery-icon portrait'>\n\t\t\t\t\t<a class=\"rollover rollover-zoom dt-pswp-item\" title=\"243918864_228819279226845_4310895512047252844_n\" data-dt-img-description=\"\" data-large_image_width=\"196\" data-large_image_height=\"206\"href='https:\/\/www.radiopiu.net\/wordpress\/wp-content\/uploads\/2021\/10\/243918864_228819279226845_4310895512047252844_n.jpg'><img loading=\"lazy\" decoding=\"async\" width=\"150\" height=\"150\" src=\"https:\/\/www.radiopiu.net\/wordpress\/wp-content\/uploads\/2021\/10\/243918864_228819279226845_4310895512047252844_n-150x150.jpg\" class=\"attachment-thumbnail size-thumbnail\" alt=\"\" \/><\/a>\n\t\t\t\t<\/dt><\/dl><dl class='gallery-item'>\n\t\t\t\t<dt class='gallery-icon landscape'>\n\t\t\t\t\t<a class=\"rollover rollover-zoom dt-pswp-item\" title=\"243921289_1475114499542618_8064412684104886215_n\" data-dt-img-description=\"\" data-large_image_width=\"334\" data-large_image_height=\"206\"href='https:\/\/www.radiopiu.net\/wordpress\/wp-content\/uploads\/2021\/10\/243921289_1475114499542618_8064412684104886215_n.jpg'><img loading=\"lazy\" decoding=\"async\" width=\"150\" height=\"150\" src=\"https:\/\/www.radiopiu.net\/wordpress\/wp-content\/uploads\/2021\/10\/243921289_1475114499542618_8064412684104886215_n-150x150.jpg\" class=\"attachment-thumbnail size-thumbnail\" alt=\"\" \/><\/a>\n\t\t\t\t<\/dt><\/dl><dl class='gallery-item'>\n\t\t\t\t<dt class='gallery-icon portrait'>\n\t\t\t\t\t<a class=\"rollover rollover-zoom dt-pswp-item\" title=\"244488096_303911111072938_746921393333262336_n\" data-dt-img-description=\"\" data-large_image_width=\"159\" data-large_image_height=\"225\"href='https:\/\/www.radiopiu.net\/wordpress\/wp-content\/uploads\/2021\/10\/244488096_303911111072938_746921393333262336_n.jpg'><img loading=\"lazy\" decoding=\"async\" width=\"150\" height=\"150\" src=\"https:\/\/www.radiopiu.net\/wordpress\/wp-content\/uploads\/2021\/10\/244488096_303911111072938_746921393333262336_n-150x150.jpg\" class=\"attachment-thumbnail size-thumbnail\" alt=\"\" \/><\/a>\n\t\t\t\t<\/dt><\/dl><dl class='gallery-item'>\n\t\t\t\t<dt class='gallery-icon portrait'>\n\t\t\t\t\t<a class=\"rollover rollover-zoom dt-pswp-item\" title=\"244020560_3051131918488495_8309734632562029665_n\" data-dt-img-description=\"\" data-large_image_width=\"152\" data-large_image_height=\"206\"href='https:\/\/www.radiopiu.net\/wordpress\/wp-content\/uploads\/2021\/10\/244020560_3051131918488495_8309734632562029665_n.jpg'><img loading=\"lazy\" decoding=\"async\" width=\"150\" height=\"150\" src=\"https:\/\/www.radiopiu.net\/wordpress\/wp-content\/uploads\/2021\/10\/244020560_3051131918488495_8309734632562029665_n-150x150.jpg\" class=\"attachment-thumbnail size-thumbnail\" alt=\"\" \/><\/a>\n\t\t\t\t<\/dt><\/dl><br style=\"clear: both\" \/><dl class='gallery-item'>\n\t\t\t\t<dt class='gallery-icon landscape'>\n\t\t\t\t\t<a class=\"rollover rollover-zoom dt-pswp-item\" title=\"243867233_651012532556120_779715987656267362_n\" data-dt-img-description=\"\" data-large_image_width=\"320\" data-large_image_height=\"203\"href='https:\/\/www.radiopiu.net\/wordpress\/wp-content\/uploads\/2021\/10\/243867233_651012532556120_779715987656267362_n.jpg'><img loading=\"lazy\" decoding=\"async\" width=\"150\" height=\"150\" src=\"https:\/\/www.radiopiu.net\/wordpress\/wp-content\/uploads\/2021\/10\/243867233_651012532556120_779715987656267362_n-150x150.jpg\" class=\"attachment-thumbnail size-thumbnail\" alt=\"\" \/><\/a>\n\t\t\t\t<\/dt><\/dl><dl class='gallery-item'>\n\t\t\t\t<dt class='gallery-icon landscape'>\n\t\t\t\t\t<a class=\"rollover rollover-zoom dt-pswp-item\" title=\"244323332_393789662188203_6208472031968688030_n\" data-dt-img-description=\"\" data-large_image_width=\"261\" data-large_image_height=\"199\"href='https:\/\/www.radiopiu.net\/wordpress\/wp-content\/uploads\/2021\/10\/244323332_393789662188203_6208472031968688030_n.jpg'><img loading=\"lazy\" decoding=\"async\" width=\"150\" height=\"150\" src=\"https:\/\/www.radiopiu.net\/wordpress\/wp-content\/uploads\/2021\/10\/244323332_393789662188203_6208472031968688030_n-150x150.jpg\" class=\"attachment-thumbnail size-thumbnail\" alt=\"\" \/><\/a>\n\t\t\t\t<\/dt><\/dl><dl class='gallery-item'>\n\t\t\t\t<dt class='gallery-icon portrait'>\n\t\t\t\t\t<a class=\"rollover rollover-zoom dt-pswp-item\" title=\"243858202_390182825993541_2953350070809347972_n\" data-dt-img-description=\"\" data-large_image_width=\"203\" data-large_image_height=\"206\"href='https:\/\/www.radiopiu.net\/wordpress\/wp-content\/uploads\/2021\/10\/243858202_390182825993541_2953350070809347972_n.jpg'><img loading=\"lazy\" decoding=\"async\" width=\"150\" height=\"150\" src=\"https:\/\/www.radiopiu.net\/wordpress\/wp-content\/uploads\/2021\/10\/243858202_390182825993541_2953350070809347972_n-150x150.jpg\" class=\"attachment-thumbnail size-thumbnail\" alt=\"\" \/><\/a>\n\t\t\t\t<\/dt><\/dl><dl class='gallery-item'>\n\t\t\t\t<dt class='gallery-icon landscape'>\n\t\t\t\t\t<a class=\"rollover rollover-zoom dt-pswp-item\" title=\"244415666_1009003019933902_5869413082650398938_n\" data-dt-img-description=\"\" data-large_image_width=\"296\" data-large_image_height=\"204\"href='https:\/\/www.radiopiu.net\/wordpress\/wp-content\/uploads\/2021\/10\/244415666_1009003019933902_5869413082650398938_n.jpg'><img loading=\"lazy\" decoding=\"async\" width=\"150\" height=\"150\" src=\"https:\/\/www.radiopiu.net\/wordpress\/wp-content\/uploads\/2021\/10\/244415666_1009003019933902_5869413082650398938_n-150x150.jpg\" class=\"attachment-thumbnail size-thumbnail\" alt=\"\" \/><\/a>\n\t\t\t\t<\/dt><\/dl><dl class='gallery-item'>\n\t\t\t\t<dt class='gallery-icon landscape'>\n\t\t\t\t\t<a class=\"rollover rollover-zoom dt-pswp-item\" title=\"244424226_387364662865005_6408566858500862261_n\" data-dt-img-description=\"\" data-large_image_width=\"276\" data-large_image_height=\"206\"href='https:\/\/www.radiopiu.net\/wordpress\/wp-content\/uploads\/2021\/10\/244424226_387364662865005_6408566858500862261_n.jpg'><img loading=\"lazy\" decoding=\"async\" width=\"150\" height=\"150\" src=\"https:\/\/www.radiopiu.net\/wordpress\/wp-content\/uploads\/2021\/10\/244424226_387364662865005_6408566858500862261_n-150x150.jpg\" class=\"attachment-thumbnail size-thumbnail\" alt=\"\" \/><\/a>\n\t\t\t\t<\/dt><\/dl><dl class='gallery-item'>\n\t\t\t\t<dt class='gallery-icon landscape'>\n\t\t\t\t\t<a class=\"rollover rollover-zoom dt-pswp-item\" title=\"243879606_243899831016065_2478128122288934904_n\" data-dt-img-description=\"\" data-large_image_width=\"280\" data-large_image_height=\"203\"href='https:\/\/www.radiopiu.net\/wordpress\/wp-content\/uploads\/2021\/10\/243879606_243899831016065_2478128122288934904_n.jpg'><img loading=\"lazy\" decoding=\"async\" width=\"150\" height=\"150\" src=\"https:\/\/www.radiopiu.net\/wordpress\/wp-content\/uploads\/2021\/10\/243879606_243899831016065_2478128122288934904_n-150x150.jpg\" class=\"attachment-thumbnail size-thumbnail\" alt=\"\" \/><\/a>\n\t\t\t\t<\/dt><\/dl><br style=\"clear: both\" \/>\n\t\t\t<\/div>\n\n<p>&nbsp;<\/p>\n<p>NELLE FOTO (riproduzioni dal libro \u201cVajont. Quello che conosco e quello raccontato da altri\u201d; fotoreporter Giuseppe Zanfron): l\u2019autore, Luigi Rivis; la copertina del volume; il \u201cprogetto dighe\u201d; l\u2019insieme di dighe, gallerie e centrali che costituivano l\u2019impianto idroelettrico Piave-Boite-Ma\u00e8-Vajont nel mosaico del 1955 posto all\u2019ingresso della centrale di Soverzene; schema dell\u2019impianto del Vajont; due vedute da valle della diga del Vajont; primavera del 1963: uffici, abitazioni alloggiamenti del personale; la zona della frana; strutture in cemento armato realizzate nel 1961-62; cos\u00ec dopo la tragica notte del 9 ottobre 1963.<\/p>\n","protected":false},"excerpt":{"rendered":"<p>L\u2019approssimarsi dell\u2019anniversario della catastrofe del Vajont del 9 ottobre 1963 (1910 vittime di cui ben 1458 del comune di Longarone, le altre di Castellavazzo, pure in provincia di Belluno, quindi di Erto e di Casso in provincia di Pordenone) \u00e8 l\u2019occasione propizia per soffermarci su \u201cVajont. Quello che conosco perch\u00e9 allora ero un addetto ai&hellip;<\/p>\n","protected":false},"author":4,"featured_media":235342,"comment_status":"closed","ping_status":"open","sticky":false,"template":"","format":"standard","meta":{"_monsterinsights_skip_tracking":false,"_monsterinsights_sitenote_active":false,"_monsterinsights_sitenote_note":"","_monsterinsights_sitenote_category":0,"footnotes":""},"categories":[51,49],"tags":[],"class_list":["post-235336","post","type-post","status-publish","format-standard","has-post-thumbnail","hentry","category-evidenza-top","category-news-18","category-51","category-49","description-off"],"img_url":"https:\/\/www.radiopiu.net\/wordpress\/wp-content\/uploads\/2021\/10\/244488096_303911111072938_746921393333262336_n.jpg","_links":{"self":[{"href":"https:\/\/www.radiopiu.net\/wordpress\/wp-json\/wp\/v2\/posts\/235336","targetHints":{"allow":["GET"]}}],"collection":[{"href":"https:\/\/www.radiopiu.net\/wordpress\/wp-json\/wp\/v2\/posts"}],"about":[{"href":"https:\/\/www.radiopiu.net\/wordpress\/wp-json\/wp\/v2\/types\/post"}],"author":[{"embeddable":true,"href":"https:\/\/www.radiopiu.net\/wordpress\/wp-json\/wp\/v2\/users\/4"}],"replies":[{"embeddable":true,"href":"https:\/\/www.radiopiu.net\/wordpress\/wp-json\/wp\/v2\/comments?post=235336"}],"version-history":[{"count":0,"href":"https:\/\/www.radiopiu.net\/wordpress\/wp-json\/wp\/v2\/posts\/235336\/revisions"}],"wp:featuredmedia":[{"embeddable":true,"href":"https:\/\/www.radiopiu.net\/wordpress\/wp-json\/wp\/v2\/media\/235342"}],"wp:attachment":[{"href":"https:\/\/www.radiopiu.net\/wordpress\/wp-json\/wp\/v2\/media?parent=235336"}],"wp:term":[{"taxonomy":"category","embeddable":true,"href":"https:\/\/www.radiopiu.net\/wordpress\/wp-json\/wp\/v2\/categories?post=235336"},{"taxonomy":"post_tag","embeddable":true,"href":"https:\/\/www.radiopiu.net\/wordpress\/wp-json\/wp\/v2\/tags?post=235336"}],"curies":[{"name":"wp","href":"https:\/\/api.w.org\/{rel}","templated":true}]}}