{"id":235356,"date":"2021-10-08T11:50:40","date_gmt":"2021-10-08T09:50:40","guid":{"rendered":"https:\/\/www.radiopiu.net\/wordpress\/?p=235356"},"modified":"2021-10-08T11:52:14","modified_gmt":"2021-10-08T09:52:14","slug":"nuovi-pastori","status":"publish","type":"post","link":"https:\/\/www.radiopiu.net\/wordpress\/nuovi-pastori\/","title":{"rendered":"BENVENUTO AI PARROCI, NUOVI INCARICHI DA ALLEGHE A LIVINALLONGO E AL SANTUARIO CHE FU DELL&#8217;AMATO DI PADRE PIETRO"},"content":{"rendered":"<div>\n<div class=\"b654a4as d2edcug0\">\n<div class=\"rq0escxv hkbzh7o3 jwdofwj8 n8tt0mok r8blr3vg hyh9befq\">\n<p><a class=\"dt-pswp-item\" href=\"https:\/\/www.radiopiu.net\/wordpress\/wp-content\/uploads\/2020\/10\/pp.jpg\" data-dt-img-description=\"\" data-large_image_width=\"640\" data-large_image_height=\"640\"><img loading=\"lazy\" decoding=\"async\" class=\"wp-image-163678 alignleft\" src=\"https:\/\/www.radiopiu.net\/wordpress\/wp-content\/uploads\/2020\/10\/pp-300x300.jpg\" alt=\"\" width=\"106\" height=\"106\" srcset=\"https:\/\/www.radiopiu.net\/wordpress\/wp-content\/uploads\/2020\/10\/pp-300x300.jpg 300w, https:\/\/www.radiopiu.net\/wordpress\/wp-content\/uploads\/2020\/10\/pp-150x150.jpg 150w, https:\/\/www.radiopiu.net\/wordpress\/wp-content\/uploads\/2020\/10\/pp-125x125.jpg 125w, https:\/\/www.radiopiu.net\/wordpress\/wp-content\/uploads\/2020\/10\/pp-200x200.jpg 200w, https:\/\/www.radiopiu.net\/wordpress\/wp-content\/uploads\/2020\/10\/pp-80x80.jpg 80w, https:\/\/www.radiopiu.net\/wordpress\/wp-content\/uploads\/2020\/10\/pp-480x480.jpg 480w, https:\/\/www.radiopiu.net\/wordpress\/wp-content\/uploads\/2020\/10\/pp.jpg 640w\" sizes=\"auto, (max-width: 106px) 100vw, 106px\" \/><\/a><\/p>\n<\/div>\n<\/div>\n<\/div>\n<div>\n<div class=\"page-title-head hgroup\">\n<div class=\"page-title-head hgroup\">\n<div class=\"b654a4as d2edcug0\">\n<div class=\"j83agx80 btwxx1t3 lhclo0ds hop8lmos nkwizq5d scwd0bx6 roh60bw9\">\n<div class=\"rq0escxv hkbzh7o3 jwdofwj8 n8tt0mok r8blr3vg hyh9befq\">\n<div class=\"do00u71z l9j0dhe7 k4urcfbm\">\n<h2><span style=\"color: #000080;\">DON CESARE, IL PENSIERO DEL GIORNO. ALLA RADIO ALLE 7 DEL MATTINO E ALLE 19.30 DELLA SERA.\u00a0\u00a0<\/span><\/h2>\n<p>&nbsp;<\/p>\n<\/div>\n<\/div>\n<\/div>\n<\/div>\n<\/div>\n<\/div>\n<\/div>\n<audio class=\"wp-audio-shortcode\" id=\"audio-235356-1\" preload=\"none\" style=\"width: 100%;\" controls=\"controls\"><source type=\"audio\/mpeg\" src=\"https:\/\/www.radiopiu.net\/wordpress\/wp-content\/uploads\/2021\/10\/cesare-3.mp3?_=1\" \/><a href=\"https:\/\/www.radiopiu.net\/wordpress\/wp-content\/uploads\/2021\/10\/cesare-3.mp3\">https:\/\/www.radiopiu.net\/wordpress\/wp-content\/uploads\/2021\/10\/cesare-3.mp3<\/a><\/audio>\n<p>&nbsp;<\/p>\n<blockquote><p>l cammino delle comunit\u00e0 sperimenter\u00e0 ora un nuovo tratto, intraprendendo una strada d&#8217;insieme sotto la guida del parroco di Rocca don Franco Decima, coadiuvato dalla preziosa presenza a s.Maria di don Dario Fontana. Quest&#8217;ultimo, domenica 03 ha salutato le comunit\u00e0 di Pieve di Livinallongo ed Arabba, dopo 9 anni di ministero, unendo per la prima volta le due parrocchie nella persona di un unico parroco. Gli succeder\u00e0 don Andrea Constantini, trasferito dalla popolosa parrocchia cittadina di Cavarzano. Gioved\u00ec 7 ottobre, alle 20, proprio alle Grazie vi sar\u00e0 il rito di immissione dei nuovi parroci, alla presenza del vescovo Renato e dei sacerdoti operanti nella zona, oltre che ovviamente i fedeli delle comunit\u00e0.<\/p><\/blockquote>\n<p>&nbsp;<\/p>\n<h3>ARCHIVIO\u00a0 &#8211; GIORNALE\u00a0 RADIOPIU DI LUNEDI<\/h3>\n<p><strong><a href=\"https:\/\/www.radiopiu.net\/wordpress\/le-comunita-in-attesa-dei-nuovi-pastori\/98180c87-0986-43ab-9106-ec51327dea3d\/\" rel=\"attachment wp-att-235362\"><img loading=\"lazy\" decoding=\"async\" class=\"size-medium wp-image-235362 alignleft\" src=\"https:\/\/www.radiopiu.net\/wordpress\/wp-content\/uploads\/2021\/10\/98180c87-0986-43ab-9106-ec51327dea3d-300x166.jpg\" alt=\"\" width=\"300\" height=\"166\" srcset=\"https:\/\/www.radiopiu.net\/wordpress\/wp-content\/uploads\/2021\/10\/98180c87-0986-43ab-9106-ec51327dea3d-300x166.jpg 300w, https:\/\/www.radiopiu.net\/wordpress\/wp-content\/uploads\/2021\/10\/98180c87-0986-43ab-9106-ec51327dea3d.jpg 319w\" sizes=\"auto, (max-width: 300px) 100vw, 300px\" \/><\/a>ALLEGHE<\/strong> Con una celebrazione partecipata e commossa non solo domenica 3 ottobre, ma anche luned\u00ec 4, festa di San Francesco, ecco l&#8217;ultimo tassello del saluto di Padre Pietro Viscolani<em> (in foto)<\/em> alle Grazie. Le comunit\u00e0 di Alleghe, s.Maria e Caprile hanno vissuto settimane nelle quali sono affiorati l&#8217;affetto sincero, la riconoscenza e la fatica del distacco. I<\/p>\n<p><strong>DON FABIANO DEL FAVERO<\/strong><\/p>\n<audio class=\"wp-audio-shortcode\" id=\"audio-235356-2\" preload=\"none\" style=\"width: 100%;\" controls=\"controls\"><source type=\"audio\/mpeg\" src=\"https:\/\/www.radiopiu.net\/wordpress\/wp-content\/uploads\/2021\/10\/don-fabiano.mp3?_=2\" \/><a href=\"https:\/\/www.radiopiu.net\/wordpress\/wp-content\/uploads\/2021\/10\/don-fabiano.mp3\">https:\/\/www.radiopiu.net\/wordpress\/wp-content\/uploads\/2021\/10\/don-fabiano.mp3<\/a><\/audio>\n<p>&nbsp;<\/p>\n<p>&nbsp;<\/p>\n<p>&nbsp;<\/p>\n<p>****<\/p>\n","protected":false},"excerpt":{"rendered":"<p>DON CESARE, IL PENSIERO DEL GIORNO. ALLA RADIO ALLE 7 DEL MATTINO E ALLE 19.30 DELLA SERA.\u00a0\u00a0 &nbsp; &nbsp; l cammino delle comunit\u00e0 sperimenter\u00e0 ora un nuovo tratto, intraprendendo una strada d&#8217;insieme sotto la guida del parroco di Rocca don Franco Decima, coadiuvato dalla preziosa presenza a s.Maria di don Dario Fontana. Quest&#8217;ultimo, domenica 03&hellip;<\/p>\n","protected":false},"author":4,"featured_media":235363,"comment_status":"closed","ping_status":"open","sticky":false,"template":"","format":"standard","meta":{"_monsterinsights_skip_tracking":false,"_monsterinsights_sitenote_active":false,"_monsterinsights_sitenote_note":"","_monsterinsights_sitenote_category":0,"footnotes":""},"categories":[104,49],"tags":[],"class_list":["post-235356","post","type-post","status-publish","format-standard","has-post-thumbnail","hentry","category-evidenza_3","category-news-18","category-104","category-49","description-off"],"img_url":"https:\/\/www.radiopiu.net\/wordpress\/wp-content\/uploads\/2021\/10\/8bc7c634-7de7-4bb0-90df-521f84aba931.jpg","_links":{"self":[{"href":"https:\/\/www.radiopiu.net\/wordpress\/wp-json\/wp\/v2\/posts\/235356","targetHints":{"allow":["GET"]}}],"collection":[{"href":"https:\/\/www.radiopiu.net\/wordpress\/wp-json\/wp\/v2\/posts"}],"about":[{"href":"https:\/\/www.radiopiu.net\/wordpress\/wp-json\/wp\/v2\/types\/post"}],"author":[{"embeddable":true,"href":"https:\/\/www.radiopiu.net\/wordpress\/wp-json\/wp\/v2\/users\/4"}],"replies":[{"embeddable":true,"href":"https:\/\/www.radiopiu.net\/wordpress\/wp-json\/wp\/v2\/comments?post=235356"}],"version-history":[{"count":0,"href":"https:\/\/www.radiopiu.net\/wordpress\/wp-json\/wp\/v2\/posts\/235356\/revisions"}],"wp:featuredmedia":[{"embeddable":true,"href":"https:\/\/www.radiopiu.net\/wordpress\/wp-json\/wp\/v2\/media\/235363"}],"wp:attachment":[{"href":"https:\/\/www.radiopiu.net\/wordpress\/wp-json\/wp\/v2\/media?parent=235356"}],"wp:term":[{"taxonomy":"category","embeddable":true,"href":"https:\/\/www.radiopiu.net\/wordpress\/wp-json\/wp\/v2\/categories?post=235356"},{"taxonomy":"post_tag","embeddable":true,"href":"https:\/\/www.radiopiu.net\/wordpress\/wp-json\/wp\/v2\/tags?post=235356"}],"curies":[{"name":"wp","href":"https:\/\/api.w.org\/{rel}","templated":true}]}}