{"id":235402,"date":"2021-10-05T05:29:28","date_gmt":"2021-10-05T03:29:28","guid":{"rendered":"https:\/\/www.radiopiu.net\/wordpress\/?p=235402"},"modified":"2021-10-05T05:47:47","modified_gmt":"2021-10-05T03:47:47","slug":"quattro-ore-di-trattative-e-la-giovane-donna-carabiniere-fa-cambiare-idea-ad-una-madre-in-difficolta","status":"publish","type":"post","link":"https:\/\/www.radiopiu.net\/wordpress\/quattro-ore-di-trattative-e-la-giovane-donna-carabiniere-fa-cambiare-idea-ad-una-madre-in-difficolta\/","title":{"rendered":"QUATTRO ORE DI TRATTATIVE E LA GIOVANE DONNA CARABINIERE FA CAMBIARE IDEA AD UNA MADRE IN DIFFICOLTA&#8217;"},"content":{"rendered":"<p><strong><img decoding=\"async\" class=\"alignleft\" src=\"https:\/\/www.radiopiu.net\/wordpress\/wp-content\/uploads\/2018\/03\/CARABINIERI-CORTINA.jpg\" \/>PERAROLO <\/strong>Erano da poco passate le 8 del mattino quando un cittadino, chiamando il 112, riferiva che una donna si trovava in gravi difficolt\u00e0 psicologiche. a Perarolo lungo un ponte che unisce i due lati di un canalone profondo pi\u00f9 di 80 metri. Sul posto la pattuglia della Compagnia di Cortina d\u2019Ampezzo: un graduato esperto e una giovane carabiniere donna che lasciato il veicolo ha\u00a0 raggiunto il ponte tibetano scoprendo che non si trattava\u00a0 di\u00a0 un&#8217; escursionista in pericolo.<\/p>\n<p>La donna in uniforme si \u00e8 avvicinata\u00a0 ed ha iniziato un contatto verbale che in breve si \u00e8 trasformato in un vero e proprio rapporto empatico, tanto da far sperare in una rapida soluzione della vicenda, ma non \u00e8 stato cos\u00ec. La donna, madre di tre figli, originaria del trevigiano, per motivi personali ancora non noti, non consentiva a nessuno di avvicinarsi n\u00e9\u00a0 di parlare, interloquendo solo con la giovane carabiniera, la quale nel frattempo, al fine di non risentire troppo dell\u2019oscillazione del ponte, si era seduta a terra a pochi metri dalla donna. Le due hanno parlato tanto come consigliato dal militare negoziatore, anch\u2019egli giunto sul posto, specializzato nelle trattative di questo tipo, ma che non ha potuto intervenire direttamente per espresso diniego della donna. L\u2019argomento ha aperto\u00a0 un varco, la donna allo stremo raccolte le\u00a0 forze ha\u00a0 abbracciato la Carabiniera.<\/p>\n<p>&nbsp;<\/p>\n<p>&nbsp;<\/p>\n<p>****<\/p>\n","protected":false},"excerpt":{"rendered":"<p>PERAROLO Erano da poco passate le 8 del mattino quando un cittadino, chiamando il 112, riferiva che una donna si trovava in gravi difficolt\u00e0 psicologiche. a Perarolo lungo un ponte che unisce i due lati di un canalone profondo pi\u00f9 di 80 metri. Sul posto la pattuglia della Compagnia di Cortina d\u2019Ampezzo: un graduato esperto&hellip;<\/p>\n","protected":false},"author":4,"featured_media":44137,"comment_status":"closed","ping_status":"open","sticky":false,"template":"","format":"standard","meta":{"_monsterinsights_skip_tracking":false,"_monsterinsights_sitenote_active":false,"_monsterinsights_sitenote_note":"","_monsterinsights_sitenote_category":0,"footnotes":""},"categories":[51,49],"tags":[],"class_list":["post-235402","post","type-post","status-publish","format-standard","has-post-thumbnail","hentry","category-evidenza-top","category-news-18","category-51","category-49","description-off"],"img_url":"https:\/\/www.radiopiu.net\/wordpress\/wp-content\/uploads\/2018\/03\/CARABINIERI-CORTINA.jpg","_links":{"self":[{"href":"https:\/\/www.radiopiu.net\/wordpress\/wp-json\/wp\/v2\/posts\/235402","targetHints":{"allow":["GET"]}}],"collection":[{"href":"https:\/\/www.radiopiu.net\/wordpress\/wp-json\/wp\/v2\/posts"}],"about":[{"href":"https:\/\/www.radiopiu.net\/wordpress\/wp-json\/wp\/v2\/types\/post"}],"author":[{"embeddable":true,"href":"https:\/\/www.radiopiu.net\/wordpress\/wp-json\/wp\/v2\/users\/4"}],"replies":[{"embeddable":true,"href":"https:\/\/www.radiopiu.net\/wordpress\/wp-json\/wp\/v2\/comments?post=235402"}],"version-history":[{"count":0,"href":"https:\/\/www.radiopiu.net\/wordpress\/wp-json\/wp\/v2\/posts\/235402\/revisions"}],"wp:featuredmedia":[{"embeddable":true,"href":"https:\/\/www.radiopiu.net\/wordpress\/wp-json\/wp\/v2\/media\/44137"}],"wp:attachment":[{"href":"https:\/\/www.radiopiu.net\/wordpress\/wp-json\/wp\/v2\/media?parent=235402"}],"wp:term":[{"taxonomy":"category","embeddable":true,"href":"https:\/\/www.radiopiu.net\/wordpress\/wp-json\/wp\/v2\/categories?post=235402"},{"taxonomy":"post_tag","embeddable":true,"href":"https:\/\/www.radiopiu.net\/wordpress\/wp-json\/wp\/v2\/tags?post=235402"}],"curies":[{"name":"wp","href":"https:\/\/api.w.org\/{rel}","templated":true}]}}