{"id":235440,"date":"2021-10-04T23:59:31","date_gmt":"2021-10-04T21:59:31","guid":{"rendered":"https:\/\/www.radiopiu.net\/wordpress\/?p=235440"},"modified":"2021-10-05T06:45:49","modified_gmt":"2021-10-05T04:45:49","slug":"denis-mezzacasa-secondo-assoluto-alla-cividale-castelmonte-e-trofeo-velocita-montagna-nord-in-tasca","status":"publish","type":"post","link":"https:\/\/www.radiopiu.net\/wordpress\/denis-mezzacasa-secondo-assoluto-alla-cividale-castelmonte-e-trofeo-velocita-montagna-nord-in-tasca\/","title":{"rendered":"DENIS MEZZACASA SECONDO ASSOLUTO ALLA CIVIDALE &#8211; CASTELMONTE E TROFEO VELOCITA&#8217; MONTAGNA NORD IN TASCA"},"content":{"rendered":"<p><strong>DI ROBERTO BONA\u00a0<\/strong><\/p>\n<audio class=\"wp-audio-shortcode\" id=\"audio-235440-1\" preload=\"none\" style=\"width: 100%;\" controls=\"controls\"><source type=\"audio\/mpeg\" src=\"https:\/\/www.radiopiu.net\/wordpress\/wp-content\/uploads\/2021\/10\/mezza-roberto.mp3?_=1\" \/><a href=\"https:\/\/www.radiopiu.net\/wordpress\/wp-content\/uploads\/2021\/10\/mezza-roberto.mp3\">https:\/\/www.radiopiu.net\/wordpress\/wp-content\/uploads\/2021\/10\/mezza-roberto.mp3<\/a><\/audio>\n<p>&nbsp;<\/p>\n<p>&nbsp;<\/p>\n<p><strong><a href=\"https:\/\/www.radiopiu.net\/wordpress\/un-agordino-allalpe-del-nevegal-denis-mezzacasa-il-veloce-pilota-lavallese\/denismezzacasa-2\/\" rel=\"attachment wp-att-151785\"><img loading=\"lazy\" decoding=\"async\" class=\"size-medium wp-image-151785 alignleft\" src=\"https:\/\/www.radiopiu.net\/wordpress\/wp-content\/uploads\/2020\/07\/DenisMezzacasa-300x300.jpg\" alt=\"\" width=\"300\" height=\"300\" srcset=\"https:\/\/www.radiopiu.net\/wordpress\/wp-content\/uploads\/2020\/07\/DenisMezzacasa-300x300.jpg 300w, https:\/\/www.radiopiu.net\/wordpress\/wp-content\/uploads\/2020\/07\/DenisMezzacasa-150x150.jpg 150w, https:\/\/www.radiopiu.net\/wordpress\/wp-content\/uploads\/2020\/07\/DenisMezzacasa-768x768.jpg 768w, https:\/\/www.radiopiu.net\/wordpress\/wp-content\/uploads\/2020\/07\/DenisMezzacasa.jpg 960w\" sizes=\"auto, (max-width: 300px) 100vw, 300px\" \/><\/a>LA VALLE <\/strong>\u00a0&#8220;Per me questa trasferta era una passeggiata &#8211; dice Mezzacasa &#8211; anche perch\u00e8 il campionato lo avevo gi\u00e0 vinto e bastava arrivare in cima. Nelle prove del sabato il passo gara era buono allora abbiamo provato a dare il meglio domenica. Buono il tempo in gara 1 e in gara 2 l&#8217;ho migliorato di un secondo. Questo \u00e8 il mio miglior piazzamento di sempre. Con una monoposto come la mia, un p\u00f2 inferiore alle altre, non \u00e8 facile arrivare tra i primi 10 e fare il secondo posto assoluto \u00e8 stato inaspettato. Voglio ringraziare la scuderia X Motors, il Team Aralla e i miei sponsor Caff\u00e8 Miniere, GM Immobiliare e Biolegno che mi consentono di continuare nella mia passione&#8221;.<\/p>\n<p>&nbsp;<\/p>\n<p>&nbsp;<\/p>\n<p>&nbsp;<\/p>\n<p>*****<\/p>\n","protected":false},"excerpt":{"rendered":"<p>DI ROBERTO BONA\u00a0 &nbsp; &nbsp; LA VALLE \u00a0&#8220;Per me questa trasferta era una passeggiata &#8211; dice Mezzacasa &#8211; anche perch\u00e8 il campionato lo avevo gi\u00e0 vinto e bastava arrivare in cima. Nelle prove del sabato il passo gara era buono allora abbiamo provato a dare il meglio domenica. Buono il tempo in gara 1 e&hellip;<\/p>\n","protected":false},"author":4,"featured_media":151785,"comment_status":"closed","ping_status":"open","sticky":false,"template":"","format":"standard","meta":{"_monsterinsights_skip_tracking":false,"_monsterinsights_sitenote_active":false,"_monsterinsights_sitenote_note":"","_monsterinsights_sitenote_category":0,"footnotes":""},"categories":[104,49,72],"tags":[],"class_list":["post-235440","post","type-post","status-publish","format-standard","has-post-thumbnail","hentry","category-evidenza_3","category-news-18","category-sport","category-104","category-49","category-72","description-off"],"img_url":"https:\/\/www.radiopiu.net\/wordpress\/wp-content\/uploads\/2020\/07\/DenisMezzacasa.jpg","_links":{"self":[{"href":"https:\/\/www.radiopiu.net\/wordpress\/wp-json\/wp\/v2\/posts\/235440","targetHints":{"allow":["GET"]}}],"collection":[{"href":"https:\/\/www.radiopiu.net\/wordpress\/wp-json\/wp\/v2\/posts"}],"about":[{"href":"https:\/\/www.radiopiu.net\/wordpress\/wp-json\/wp\/v2\/types\/post"}],"author":[{"embeddable":true,"href":"https:\/\/www.radiopiu.net\/wordpress\/wp-json\/wp\/v2\/users\/4"}],"replies":[{"embeddable":true,"href":"https:\/\/www.radiopiu.net\/wordpress\/wp-json\/wp\/v2\/comments?post=235440"}],"version-history":[{"count":0,"href":"https:\/\/www.radiopiu.net\/wordpress\/wp-json\/wp\/v2\/posts\/235440\/revisions"}],"wp:featuredmedia":[{"embeddable":true,"href":"https:\/\/www.radiopiu.net\/wordpress\/wp-json\/wp\/v2\/media\/151785"}],"wp:attachment":[{"href":"https:\/\/www.radiopiu.net\/wordpress\/wp-json\/wp\/v2\/media?parent=235440"}],"wp:term":[{"taxonomy":"category","embeddable":true,"href":"https:\/\/www.radiopiu.net\/wordpress\/wp-json\/wp\/v2\/categories?post=235440"},{"taxonomy":"post_tag","embeddable":true,"href":"https:\/\/www.radiopiu.net\/wordpress\/wp-json\/wp\/v2\/tags?post=235440"}],"curies":[{"name":"wp","href":"https:\/\/api.w.org\/{rel}","templated":true}]}}