{"id":235641,"date":"2021-10-07T05:45:05","date_gmt":"2021-10-07T03:45:05","guid":{"rendered":"https:\/\/www.radiopiu.net\/wordpress\/?p=235641"},"modified":"2021-10-08T11:14:42","modified_gmt":"2021-10-08T09:14:42","slug":"giornale-radiopiu-07-ottobre-2021-direttore-mirko-mezzacasa","status":"publish","type":"post","link":"https:\/\/www.radiopiu.net\/wordpress\/giornale-radiopiu-07-ottobre-2021-direttore-mirko-mezzacasa\/","title":{"rendered":"GIORNALE RADIOPIU 07 OTTOBRE 2021 DIRETTORE MIRKO MEZZACASA"},"content":{"rendered":"<h3 class=\"kvgmc6g5 cxmmr5t8 oygrvhab hcukyx3x c1et5uql\"><span style=\"color: #0000ff;\">INFORMAZIONE il canale su TELEGRAM informazione di prima mano e in tempo reale. iscriviti ed aiutaci a farlo conoscere\u00a0\u00a0<\/span><\/h3>\n<p>&nbsp;<\/p>\n<hr \/>\n<p>&nbsp;<\/p>\n<p>&nbsp;<\/p>\n<h2>RACCOLTI 29.000 EURO PER LA NUOVA AUTO DI RICCARDO TEGNER<\/h2>\n<p><em>La macchina nel frattempo\u00a0 stata ordinata,\u00a0 servono i tempi tecnici per attrezzarla a dovere con pedane e spazi adeguati al movimento della carrozzina\u00a0<\/em><\/p>\n<p><strong><a href=\"https:\/\/www.radiopiu.net\/wordpress\/raccolti-29-000-euro-per-la-nuova-auto-riccardo-tegner\/1626451699105964-locandina-riccardo-4\/\" rel=\"attachment wp-att-235380\"><img loading=\"lazy\" decoding=\"async\" class=\"size-medium wp-image-235380 alignleft\" src=\"https:\/\/www.radiopiu.net\/wordpress\/wp-content\/uploads\/2021\/10\/1626451699105964-locandina-riccardo-300x169.jpg\" alt=\"\" width=\"300\" height=\"169\" srcset=\"https:\/\/www.radiopiu.net\/wordpress\/wp-content\/uploads\/2021\/10\/1626451699105964-locandina-riccardo-300x169.jpg 300w, https:\/\/www.radiopiu.net\/wordpress\/wp-content\/uploads\/2021\/10\/1626451699105964-locandina-riccardo-768x432.jpg 768w, https:\/\/www.radiopiu.net\/wordpress\/wp-content\/uploads\/2021\/10\/1626451699105964-locandina-riccardo.jpg 800w\" sizes=\"auto, (max-width: 300px) 100vw, 300px\" \/><\/a>REDAZIONE<\/strong> Si \u00e8 conclusa da alcuni giorni la raccolta fondi per acquistare una nuova auto a Riccardo Tegner.\u00a0 L&#8217;iniziativa \u00e8 stata appoggiata anche da Radio Pi\u00f9 e nelle ultime ore \u00e8 arrivato il bonifico da Eppela a cui si aggiungono i soldi arrivati direttamente sul conto corrente della famiglia. In totale sono stati raccolti 29.000 euro, di cui quasi 22.000 solo online.<\/p>\n<p>L&#8217;auto che Agostino intende acquistare per Riccardo prevede una spesa di 35mila euro, per questo rimane aperta la possibilit\u00e0 di poter contribuire, non pi\u00f9 su piattaforma eppela, piuttosto sul conto corrente privato della famiglia Tegner.<\/p>\n<h3><span style=\"color: #ff0000;\"><em><strong>CHI VOLESSE FARE UNA DONAZIONE DIRETTAMENTE ALLA FAMIGLIA DI RICCARDO LO PUO\u2019 FARE SU QUESTO IBAN INTESTATO ALLA MAMMA ANA MARIA STOIAN:\u00a0<\/strong><\/em><\/span><\/h3>\n<h3><span style=\"color: #ff0000;\"><em> <strong>IT40N0760111900000003558144<\/strong><\/em><\/span><\/h3>\n<p><strong>IL RINGRAZIAMENTO DI AGOSTINO TEGNER, PAPA&#8217; DI RICCARDO<\/strong><\/p>\n<audio class=\"wp-audio-shortcode\" id=\"audio-235641-1\" preload=\"none\" style=\"width: 100%;\" controls=\"controls\"><source type=\"audio\/mpeg\" src=\"https:\/\/www.radiopiu.net\/wordpress\/wp-content\/uploads\/2021\/10\/TEGNER-.mp3?_=1\" \/><a href=\"https:\/\/www.radiopiu.net\/wordpress\/wp-content\/uploads\/2021\/10\/TEGNER-.mp3\">https:\/\/www.radiopiu.net\/wordpress\/wp-content\/uploads\/2021\/10\/TEGNER-.mp3<\/a><\/audio>\n<p>&nbsp;<\/p>\n<p>&nbsp;<\/p>\n<p>&nbsp;<\/p>\n<p>&nbsp;<\/p>\n<hr \/>\n<p>&nbsp;<\/p>\n<blockquote>\n<div class=\"page-title-head hgroup\">\n<h3 class=\"entry-title\">DA OGGI CHIUDE LA 203 AGORDINA<\/h3>\n<\/div>\n<\/blockquote>\n<p><strong><img loading=\"lazy\" decoding=\"async\" class=\"alignleft\" src=\"https:\/\/www.radiopiu.net\/wordpress\/wp-content\/uploads\/2020\/05\/VENETO-STRADE-300x300.png\" width=\"54\" height=\"54\" \/>BELLUNO\u00a0<\/strong> \u00a0Le lavorazioni lungo la 203 agordina con relativa chiusura\u00a0 avranno inizio da oggi alle ore 8:30. OGGI E DOMANI chiusura totale dalle 8,30 alle 13 e dalle 14,30 alle 16,30<\/p>\n<p>&nbsp;<\/p>\n<p><a href=\"https:\/\/www.radiopiu.net\/wordpress\/il-cartello-che-inganna\/e9bfc5dc-1c38-453a-8876-0b59ec88c37e\/\" rel=\"attachment wp-att-235838\"><img loading=\"lazy\" decoding=\"async\" class=\"size-medium wp-image-235838 alignleft\" src=\"https:\/\/www.radiopiu.net\/wordpress\/wp-content\/uploads\/2021\/10\/e9bfc5dc-1c38-453a-8876-0b59ec88c37e-169x300.jpg\" alt=\"\" width=\"169\" height=\"300\" srcset=\"https:\/\/www.radiopiu.net\/wordpress\/wp-content\/uploads\/2021\/10\/e9bfc5dc-1c38-453a-8876-0b59ec88c37e-169x300.jpg 169w, https:\/\/www.radiopiu.net\/wordpress\/wp-content\/uploads\/2021\/10\/e9bfc5dc-1c38-453a-8876-0b59ec88c37e.jpg 450w\" sizes=\"auto, (max-width: 169px) 100vw, 169px\" \/><\/a> Giungono in redazione continue richieste di chiarimenti circa la regionale 203 agordina tra Agordo e Belluno. Infatti, leggendo il cartello posizionato ai &#8220;confini&#8221; della vallata si legge: strada chiusa: 7\/8\/10\/2021, sembrerebbe che la chiusura si protragga anche il 10 ottobre &#8211; domenica &#8211; dopo i due giorni lavorativi previsti (oggi e domani), \u00e8 comunque evidente che quel 10 sta per ottobre e non per la data di domenica, ma chi transita sulla strada da una lettura veloce e superficiale conclude: strada chiusa\u00a0 il 7, 8, 9 e 10&#8230;.<\/p>\n<p>&nbsp;<\/p>\n<h1><\/h1>\n<h1><\/h1>\n<h1><\/h1>\n<h1><\/h1>\n<h1>DOLOMITIBUS<br \/>\n<a href=\"https:\/\/www.radiopiu.net\/wordpress\/giornale-radiopiu-07-ottobre-2021-direttore-mirko-mezzacasa\/17d68107-6229-47f2-b0c0-cac47852b89f\/\" rel=\"attachment wp-att-235835\"><img loading=\"lazy\" decoding=\"async\" class=\"alignnone wp-image-235835 size-full\" src=\"https:\/\/www.radiopiu.net\/wordpress\/wp-content\/uploads\/2021\/10\/17d68107-6229-47f2-b0c0-cac47852b89f.jpg\" alt=\"\" width=\"800\" height=\"707\" srcset=\"https:\/\/www.radiopiu.net\/wordpress\/wp-content\/uploads\/2021\/10\/17d68107-6229-47f2-b0c0-cac47852b89f.jpg 800w, https:\/\/www.radiopiu.net\/wordpress\/wp-content\/uploads\/2021\/10\/17d68107-6229-47f2-b0c0-cac47852b89f-300x265.jpg 300w, https:\/\/www.radiopiu.net\/wordpress\/wp-content\/uploads\/2021\/10\/17d68107-6229-47f2-b0c0-cac47852b89f-768x679.jpg 768w\" sizes=\"auto, (max-width: 800px) 100vw, 800px\" \/><\/a><\/h1>\n<p>&nbsp;<\/p>\n<p>&nbsp;<\/p>\n<blockquote>\n<h3><strong>CHIUSA LA STRADA PER CORLO, IN SEGUITO A CADUTA SASSI\u00a0<\/strong><\/h3>\n<p><strong>ARSIE&#8217; Rimarr\u00e0 chiusa almeno per tutta la giornata la strada che dalla diga porta alla frazione di Corlo. Nel pomeriggio di ieri, infatti, alcuni massi di grosse dimensioni sono caduti in un tratto di competenza del Comune di Valbrenta.\u00a0 La frazione di Arsi\u00e8 resta in ogni caso raggiungibile da una seconda strada pi\u00f9 lunga.\u00a0\u00a0<\/strong><\/p><\/blockquote>\n<p>&nbsp;<\/p>\n<p>&nbsp;<\/p>\n<p>&nbsp;<\/p>\n<p>&nbsp;<\/p>\n<hr \/>\n<p>&nbsp;<\/p>\n<blockquote>\n<h3>INTERRUZIONI ELETTRICHE PROGRAMMATE<\/h3>\n<\/blockquote>\n<p><strong><a href=\"https:\/\/www.radiopiu.net\/wordpress\/giornale-radiopiu-16-giugno-2021-direttore-mirko-mezzacasa\/th-140\/\" rel=\"attachment wp-att-216173\"><img loading=\"lazy\" decoding=\"async\" class=\" wp-image-216173 alignleft\" src=\"https:\/\/www.radiopiu.net\/wordpress\/wp-content\/uploads\/2021\/06\/th-13.jpg\" alt=\"\" width=\"169\" height=\"113\" \/><\/a> <\/strong><\/p>\n<p><strong>SELVA DI CADORE<\/strong>, Oggi dalle 8.30 alle 14.30 nelle vie Villa, Foppa, Solator<\/p>\n<p><strong>FALCADE<\/strong> Luned\u00ec dalle 8:30 alle 10:30 nelle vie Cime D&#8217;Auta, Col di Frena, Patrioti, Giovanni Marchiori, Colmaor e Trento. Sempre luned\u00ec dalle 14:30 alle 16:30 nelle vie Cime D&#8217;auta, Colmaor e Giovanni Marchiori<\/p>\n<p><strong>CANALE<\/strong> <strong>D&#8217;AGORDO<\/strong> Luned\u00ec dalle 8:30 alle 10:30 nelle vie Pisoliva, Fregona e Sot Fregona<\/p>\n<p>&nbsp;<\/p>\n<p>&nbsp;<\/p>\n<hr \/>\n<p>&nbsp;<\/p>\n<p>&nbsp;<\/p>\n<p><strong><a href=\"https:\/\/www.radiopiu.net\/wordpress\/giornale-radiopiu-07-ottobre-2021-direttore-mirko-mezzacasa\/14e9ed5a-1ac6-4965-a9cd-8cccff70ccd5\/\" rel=\"attachment wp-att-235820\"><img loading=\"lazy\" decoding=\"async\" class=\"wp-image-235820 alignleft\" src=\"https:\/\/www.radiopiu.net\/wordpress\/wp-content\/uploads\/2021\/10\/14e9ed5a-1ac6-4965-a9cd-8cccff70ccd5-169x300.jpg\" alt=\"\" width=\"94\" height=\"167\" srcset=\"https:\/\/www.radiopiu.net\/wordpress\/wp-content\/uploads\/2021\/10\/14e9ed5a-1ac6-4965-a9cd-8cccff70ccd5-169x300.jpg 169w, https:\/\/www.radiopiu.net\/wordpress\/wp-content\/uploads\/2021\/10\/14e9ed5a-1ac6-4965-a9cd-8cccff70ccd5-576x1024.jpg 576w, https:\/\/www.radiopiu.net\/wordpress\/wp-content\/uploads\/2021\/10\/14e9ed5a-1ac6-4965-a9cd-8cccff70ccd5-768x1366.jpg 768w, https:\/\/www.radiopiu.net\/wordpress\/wp-content\/uploads\/2021\/10\/14e9ed5a-1ac6-4965-a9cd-8cccff70ccd5-864x1536.jpg 864w, https:\/\/www.radiopiu.net\/wordpress\/wp-content\/uploads\/2021\/10\/14e9ed5a-1ac6-4965-a9cd-8cccff70ccd5.jpg 899w\" sizes=\"auto, (max-width: 94px) 100vw, 94px\" \/><\/a>IL LUTTO\u00a0<\/strong><\/p>\n<p><strong>LIMANA<\/strong> \u00a0Paola Giacchetti se n&#8217;\u00e8 andata a 80 anni. Stretta collaboratrice di don Attilio Menia,\u00a0 era una maestra, ma aveva anche deciso di condividere il suo impegno con il mondo ecclesiale. Per tutto il lungo periodo in cui don Menia \u00e8 stato parroco a Limana ha lavorato per la comunit\u00e0 anche come direttrice della scuola materna paritaria. E&#8217; stata una collaboratrice\u00a0 dell&#8217;Universit\u00e0 per adulti e anziani, fondata da don Menia.<\/p>\n<p>&nbsp;<\/p>\n<p>&nbsp;<\/p>\n<hr \/>\n<p>&nbsp;<\/p>\n<blockquote>\n<h3 style=\"text-align: left;\">I NAS IN QUATTRO LOCALI DEL FELTRINO, CONTROLLATI I GREEN PASS<\/h3>\n<\/blockquote>\n<p><strong>FELTRE<\/strong>\u00a0 Due persone sono state sanzionate perch\u00e8 prive di green pass, sono scattati i controlli e 12 persone sono state identificate in quattro locali del feltrino dai Carabinieri del Nas di Treviso.\u00a0 Il blitz marted\u00ec pomeriggio, all&#8217;osteria &#8220;da Piero Ostia&#8221;\u00a0 \u00e8 scattata la sanzione: multa di 400 euro a testa a due clienti che erano prive del Green pass e analoga sanzione da 400 euro al locale per non aver verificato che le clienti fossero in regola con la &#8220;certificazione verde, 280\u00a0 euro se viene pagata entro cinque giorni.<\/p>\n<p>&nbsp;<\/p>\n<hr \/>\n<p>&nbsp;<\/p>\n<blockquote>\n<h3>UNA PECORA E UN MONTONE NELLO STOMACO DEL LUPO<\/h3>\n<\/blockquote>\n<p><strong>FELTRE<\/strong>\u00a0 Una pecora e un montone uccisi\u00a0 tra le case di Lasen, il lupo ha colpito di nuov in una piccola fattoria. Animali custoditi per hobby sistemate in un recinto che evidentemente non \u00e8 stato sufficiente a difendersi dal predatore.<\/p>\n<p>&nbsp;<\/p>\n<p>&nbsp;<\/p>\n<hr \/>\n<p>&nbsp;<\/p>\n<p>&nbsp;<\/p>\n<blockquote>\n<h3>VANDALI SUL COL DI LANA<\/h3>\n<\/blockquote>\n<p><strong>LIVINALLONGO<\/strong>\u00a0 I Vandali\u00a0 al Col di Lana hanno cancellato\u00a0 con lo spray i segni bianco-rossi sul sentiero Caetani. &#8220;Cos\u00ec si mette in pericolo la sicurezza degli escursionisti&#8221; \u00e8 il logico commento del sindaco Leandro Grones che ha segnalato l&#8217;espisodio alla locale stazione dei Carabinieri. Del gesto si \u00e8 accorto\u00a0 un\u00a0 socio del\u00a0 Cai durante un&#8217; escursione<\/p>\n<p>&nbsp;<\/p>\n<p>&nbsp;<\/p>\n<hr \/>\n<p>&nbsp;<\/p>\n<blockquote>\n<h3>OGGI SUL CORRIERE DELLE ALPI<\/h3>\n<p>di Stefano de Barba<\/p>\n<p>SAMANTHA, SPIRAGLIO PER IL FINE VITA<\/p><\/blockquote>\n<p><strong>FELTRE<\/strong> I trattamenti sanitari devono essere utili a Samantha. E in una situazione di coma irreversibile come quella della trentenne di Mugnai, ricoverata alla casa di riposo Gaggia Lante di Cavarzano, alcuni trattamenti potrebbero non avere pi\u00f9 utilit\u00e0. Diventando anzi accanimento terapeutico.\u00c8 questo il punto raggiungo dalla vicenda della ragazza in coma da novembre dell&#8217;anno scorso dopo l&#8217;udienza celebrata ieri, al tribunale civile di Belluno, davanti al giudice tutelare a cui la famiglia D&#8217;Inc\u00e0 si \u00e8 rivolta per &#8220;staccare la spina&#8221;. Per lasciare cio\u00e8 che Samantha raggiunga il fine vita e non resti in quella condizione sospesa che &#8211; la madre Genzianella lo dice da mesi &#8211; lei non avrebbe mai voluto per s\u00e9. Non aveva lasciato nulla di scritto, Samantha, prima che una banale caduta sul vialetto di casa si trasformasse in un viaggio senza ritorno nel buio. E i genitori Genzianella e Giorgio possono solo ripetere allo sfinimento: \u00abSamantha sarebbe arrabbiatissima di questa situazione, ne avevamo parlato\u00bb. Lo hanno ripetuto anche ieri davanti al giudice&#8230;.<\/p>\n<p>&nbsp;<\/p>\n<hr \/>\n<p>&nbsp;<\/p>\n<p>&nbsp;<\/p>\n<p>&nbsp;<\/p>\n<blockquote>\n<h2>IERI, L&#8217;ARTICOLO PIU&#8217; VISUALIZZATO SUL SITO DI RADIOPIU<\/h2>\n<p>clicca per entrare nelle notizie.<\/p><\/blockquote>\n<blockquote class=\"wp-embedded-content\" data-secret=\"JBBZ08mggW\"><p><a href=\"https:\/\/www.radiopiu.net\/wordpress\/luxottica-tra-10-giorni-lobbligo-di-green-pass-la-uil-attende-chiarimenti\/\">LUXOTTICA: TRA 10 GIORNI L&#8217;OBBLIGO DI GREEN PASS. LA UIL ATTENDE CHIARIMENTI<\/a><\/p><\/blockquote>\n<p><iframe loading=\"lazy\" class=\"wp-embedded-content\" sandbox=\"allow-scripts\" security=\"restricted\" style=\"position: absolute; clip: rect(1px, 1px, 1px, 1px);\" title=\"&#8220;LUXOTTICA: TRA 10 GIORNI L&#8217;OBBLIGO DI GREEN PASS. LA UIL ATTENDE CHIARIMENTI&#8221; &#8212; Radio Pi\u00f9\" src=\"https:\/\/www.radiopiu.net\/wordpress\/luxottica-tra-10-giorni-lobbligo-di-green-pass-la-uil-attende-chiarimenti\/embed\/#?secret=JBBZ08mggW\" data-secret=\"JBBZ08mggW\" width=\"600\" height=\"338\" frameborder=\"0\" marginwidth=\"0\" marginheight=\"0\" scrolling=\"no\"><\/iframe><\/p>\n<p>&nbsp;<\/p>\n<p>&nbsp;<\/p>\n<p>&nbsp;<\/p>\n<hr \/>\n<blockquote>\n<h2><\/h2>\n<h2>ACC: ASTA DESERTA. BONA &#8220;BASTA OMISSIONI&#8221;<\/h2>\n<\/blockquote>\n<blockquote><p><em>&#8220;E&#8217; fatto obbligo per tutti di trovare soluzioni anche straordinarie, questo si aspettano i\u00a0 lavoratori\u00a0 ai quali \u00e8 dovuto&#8221;<\/em><\/p><\/blockquote>\n<p><strong>BORGO VALBELLUNA<\/strong>\u00a0 Il peggio:\u00a0 l&#8217;asta \u00e8 andata deserta. Per questo dalla parte sindacale parte immediata la richiesta al Mise perche&#8217; convochi un tavolo immediatamente per individuare e condividere misure urgenti e straordinarie per sostenere Acc nella prosecuzione di quanto previsto dalla legge Prodi.<\/p>\n<blockquote><p><em><a href=\"https:\/\/www.radiopiu.net\/wordpress\/acc-consegna-i-compressori-gesto-simbolico-dai-grandi-significati\/download-1114\/\" rel=\"attachment wp-att-197665\"><img loading=\"lazy\" decoding=\"async\" class=\" wp-image-197665 alignleft\" src=\"https:\/\/www.radiopiu.net\/wordpress\/wp-content\/uploads\/2021\/03\/download-2.jpg\" alt=\"\" width=\"204\" height=\"114\" \/><\/a>&#8220;Ora nessuno si nasconda dietro la procedura!! nessuna si senta escluso &#8211; tuona Stefano Bona della Fim Cgil &#8211; basta omissioni e inerzie che hanno portato alla drammatica attuale situazione. Da troppo tempo le lavoratrici e i lavoratori attendono decisioni definitive, promesse e mai mantenute, ora ad Acc e i suoi lavoratori devono essere risarciti di quel che colpevolmente non \u00e8 stato dato per tempo. Servono e sono doverose scelte politiche che consentano il proseguimento della ricerca di possibili altri investitori, anzi chiediamo che grazie all&#8217;art.57 comma bis modificato nel 2015 della Prodi alla procedura sia concesso un&#8217;altro ulteriore anno, ripetiamo tenendo fede agli impegni presi a tutti i livelli e cio\u00e8 di sostenere finanziariamente la fabbrica di Mel. Giorgetti, Todde, D&#8217;Inca, tutti la politica Veneta e Bellunese non si permettano di tirarsi indietro con le solite scuse trite e ritrite, serve una volont\u00e0 e uno sforzo comune per salvare un patrimonio inestimabile della nostra industria&#8221;.<\/em><\/p><\/blockquote>\n<p>&nbsp;<\/p>\n<p>&nbsp;<\/p>\n<hr \/>\n<p>&nbsp;<\/p>\n<blockquote>\n<h3><a href=\"https:\/\/www.radiopiu.net\/wordpress\/giornale-radiopiu-07-ottobre-2021-direttore-mirko-mezzacasa\/244650718_1723526764523769_3802842649877608128_n\/\" rel=\"attachment wp-att-235819\"><img loading=\"lazy\" decoding=\"async\" class=\"wp-image-235819 alignleft\" src=\"https:\/\/www.radiopiu.net\/wordpress\/wp-content\/uploads\/2021\/10\/244650718_1723526764523769_3802842649877608128_n-300x300.jpg\" alt=\"\" width=\"161\" height=\"161\" srcset=\"https:\/\/www.radiopiu.net\/wordpress\/wp-content\/uploads\/2021\/10\/244650718_1723526764523769_3802842649877608128_n-300x300.jpg 300w, https:\/\/www.radiopiu.net\/wordpress\/wp-content\/uploads\/2021\/10\/244650718_1723526764523769_3802842649877608128_n-150x150.jpg 150w, https:\/\/www.radiopiu.net\/wordpress\/wp-content\/uploads\/2021\/10\/244650718_1723526764523769_3802842649877608128_n-768x768.jpg 768w, https:\/\/www.radiopiu.net\/wordpress\/wp-content\/uploads\/2021\/10\/244650718_1723526764523769_3802842649877608128_n.jpg 960w\" sizes=\"auto, (max-width: 161px) 100vw, 161px\" \/><\/a>INVERNO IN ANTICIPO A 1800 METRI<\/h3>\n<p>Pioggia, neve e brusco calo delle temperature tipico dell&#8217;autunno, in quota l&#8217;inverno sulle Dolomiti gi\u00e0 alle quote di 1.800-2.00 metri, dal Feltrino all&#8217;Agner all&#8217;alto Agordino. Il paesaggio al passo Giau ieri era invernale. Oggi il meteo dovrebbe gi\u00e0 migliorare.<\/p><\/blockquote>\n<p>foto facebook, Son da Selva se&#8230; di <span class=\"d2edcug0 hpfvmrgz qv66sw1b c1et5uql lr9zc1uh jq4qci2q a3bd9o3v b1v8xokw m9osqain\"><span class=\"\"><span class=\"nc684nl6\"><a class=\"oajrlxb2 g5ia77u1 qu0x051f esr5mh6w e9989ue4 r7d6kgcz rq0escxv nhd2j8a9 nc684nl6 p7hjln8o kvgmc6g5 cxmmr5t8 oygrvhab hcukyx3x jb3vyjys rz4wbd8a qt6c0cv9 a8nywdso i1ao9s8h esuyzwwr f1sip0of lzcic4wl oo9gr5id gpro0wi8 lrazzd5p\" tabindex=\"0\" role=\"link\" href=\"https:\/\/www.facebook.com\/groups\/1441840852715463\/user\/100005993865834\/?__cft__[0]=AZXk5EijdqRKoHN-wG-InZajgSKG4h4EeQUXJvjJ-HvhBCdAS38rH1mzFioRuusqfAWQl0U733bLEPCEztIFGSojIE9X4cIi4IXxO4iPV_wA3T-5cfwk8eUZ3GXPl5nKFWAKuwybDunjfuia8y4PXXH9_Mn-do7_empLgzYu6ZXKZOIyjfkJkRIt7CXkyzV1_HE&amp;__tn__=-UC*F\">Luisa Lo Voi<\/a><\/span><\/span><\/span><\/p>\n<p>&nbsp;<\/p>\n<hr \/>\n<blockquote>\n<h3><\/h3>\n<h3>AGGRESSIONE AL PSICHIATRICO DI BALDENICH, L&#8217;ENNESIMA. I SINDACATI CHIEDONO UN INCONTRO AL PREFETTO<\/h3>\n<\/blockquote>\n<div align=\"left\"><span style=\"color: #000000; font-family: Helvetica;\"><strong><img loading=\"lazy\" decoding=\"async\" class=\"alignleft\" src=\"https:\/\/www.radiopiu.net\/wordpress\/wp-content\/uploads\/2021\/07\/image-2.jpg\" width=\"268\" height=\"151\" \/>BELLUNO<\/strong> Le Organizzazioni Sindacali\u00a0 denunciano nuovi, gravi eventi critici presso la sezione psichiatrica del carcere di Baldenich. <\/span><span style=\"color: #000000; font-family: Helvetica;\">Marted\u00ec un \u201cpaziente detenuto\u201d della sezione Articolazione per la Tutela della Salute Mentale, gi\u00e0 allontanato tempo fa dalla Casa Circondariale di Belluno per motivi di sicurezza, ha aggredito due unit\u00e0 di polizia penitenziaria in servizio presso la sezione, prima con le gambe metalliche di un tavolo che aveva rotto per lo scopo, poi con una lametta occultata negli indumenti. Solo la calma e la professionalit\u00e0 dei due poliziotti hanno limitato i danni fino all\u2019arrivo di altro personale che allarmato accorreva in soccorso. In<\/span><span style=\"font-size: medium;\"> un altro reparto dell\u2019istituto, grazie alla professionalit\u00e0 e alla tempestivit\u00e0 dei poliziotti \u00e8 stato sventato un tentativo di suicidio.\u00a0<\/span><span style=\"color: #000000; font-family: Helvetica;\"> I sindacati <\/span><span style=\"color: #000000; font-family: Helvetica;\">\u00a0denunciano inoltre la passivit\u00e0 del Provveditorato Regionale dell\u2019Amministrazione Penitenziaria per il Triveneto e del Dipartimento dell\u2019Amministrazione Penitenziaria, che ancora non hanno provveduto alla chiusura della sezione psichiatrica della Casa Circondariale di Belluno\u00a0 per inadeguatezza strutturale e sanitaria. Reparto che continua a barcollare, in assenza di presidi medici adeguati per una sezione particolare come quella in esame, dove gli utenti continuano nella loro regressione patologica, mettendo a repentaglio la loro incolumit\u00e0 e quella dei poliziotti in servizio. <\/span><span style=\"color: #000000; font-family: Helvetica;\">Sar\u00e0 cura delle organizzazioni sindacali chiedere un incontro urgente con il Prefetto di Belluno, per aggiornarlo sulle gravi condizioni di sicurezza all\u2019interno dell\u2019istituto bellunese, acutizzate dalla carenza di personale.\u00a0 P<\/span><span style=\"color: #000000; font-family: Helvetica;\">iena solidariet\u00e0 ai poliziotti penitenziari incorsi nell\u2019aggressione e complimentarsi con i loro colleghi per il tempestivo intervento che ha salvato una vita umana.<\/span><\/div>\n<p>&nbsp;<\/p>\n<p>&nbsp;<\/p>\n<hr \/>\n<p>&nbsp;<\/p>\n<blockquote>\n<h3>VENTO FORTE, STATO DI ATTENZIONE IN TUTTA LA REGIONE<\/h3>\n<\/blockquote>\n<p><strong>VENEZIA<\/strong> La Protezione Civile del Veneto, alla luce della segnalazione sul Bollettino Meteo Veneto, ha emanato un avviso di attenzione per vento forte valido in tutto il territorio regionale fino alla mezzanotte di oggi. Le previsioni meteo, infatti, indicano rinforzo dei venti, con bora da tesa a forte su costa e pianura limitrofa (in particolare su costa centro-meridionale e su pianura sud orientale), venti da nord\/nordest tesi e a tratti forti sulle dorsali prealpine, localmente sulle zone pedemontane centro-occidentali, anche per raffiche di Foehn. Alla luce di ci\u00f2, al fine di garantire un monitoraggio costante della situazione e la massima prontezza operativa del Sistema Regionale di Protezione Civile, \u00e8 stata dichiarata la fase operativa di attenzione per vento forte su costa e pianura limitrofa, dorsali prealpine e zone pedemontane centro-occidentali del territorio regionale da riconfigurare, a livello locale, a seconda dell\u2019intensit\u00e0 del vento<\/p>\n<p>&nbsp;<\/p>\n<p>&nbsp;<\/p>\n<hr \/>\n<p>&nbsp;<\/p>\n<blockquote>\n<h3>MAGGIORANZA IN DUBBIO NELL&#8217;UNIONE MONTANA AGORDINA CON L&#8217;ARRIVO DEI NUOVI SINDACI A VOLTAGO E SELVA DI CADORE<\/h3>\n<\/blockquote>\n<p><strong><a href=\"https:\/\/www.radiopiu.net\/wordpress\/giornale-radiopiu-12-luglio-2018-direttore-mirko-mezzacasa\/unione-montana-2\/\" rel=\"attachment wp-att-53717\"><img loading=\"lazy\" decoding=\"async\" class=\" wp-image-53717 alignleft\" src=\"https:\/\/www.radiopiu.net\/wordpress\/wp-content\/uploads\/2018\/07\/UNIONE-MONTANA-211x300.jpg\" alt=\"\" width=\"148\" height=\"210\" srcset=\"https:\/\/www.radiopiu.net\/wordpress\/wp-content\/uploads\/2018\/07\/UNIONE-MONTANA-211x300.jpg 211w, https:\/\/www.radiopiu.net\/wordpress\/wp-content\/uploads\/2018\/07\/UNIONE-MONTANA.jpg 464w\" sizes=\"auto, (max-width: 148px) 100vw, 148px\" \/><\/a>AGORDO<\/strong><\/p>\n<p>di Gianni Santomaso<\/p>\n<audio class=\"wp-audio-shortcode\" id=\"audio-235641-2\" preload=\"none\" style=\"width: 100%;\" controls=\"controls\"><source type=\"audio\/mpeg\" src=\"https:\/\/www.radiopiu.net\/wordpress\/wp-content\/uploads\/2021\/10\/GIANNI-NUOVI-SINDACI-UNIONE-MONTANA.mp3?_=2\" \/><a href=\"https:\/\/www.radiopiu.net\/wordpress\/wp-content\/uploads\/2021\/10\/GIANNI-NUOVI-SINDACI-UNIONE-MONTANA.mp3\">https:\/\/www.radiopiu.net\/wordpress\/wp-content\/uploads\/2021\/10\/GIANNI-NUOVI-SINDACI-UNIONE-MONTANA.mp3<\/a><\/audio>\n<p>&nbsp;<\/p>\n<hr \/>\n<p>&nbsp;<\/p>\n<blockquote>\n<h3>NEL FINE SETTIMANA A FELTRE L&#8217;ESERCITAZIONE ZONALE DI PROTEZIONE CIVILE<\/h3>\n<\/blockquote>\n<p><strong><a href=\"https:\/\/www.radiopiu.net\/wordpress\/omaggi-a-feltre-dallalto\/45a4f71b-bf29-4ac0-90da-ab4c004ca5c4\/\" rel=\"attachment wp-att-145791\"><img loading=\"lazy\" decoding=\"async\" class=\" wp-image-145791 alignleft\" src=\"https:\/\/www.radiopiu.net\/wordpress\/wp-content\/uploads\/2020\/06\/45a4f71b-bf29-4ac0-90da-ab4c004ca5c4-300x225.jpg\" alt=\"\" width=\"228\" height=\"171\" srcset=\"https:\/\/www.radiopiu.net\/wordpress\/wp-content\/uploads\/2020\/06\/45a4f71b-bf29-4ac0-90da-ab4c004ca5c4-300x225.jpg 300w, https:\/\/www.radiopiu.net\/wordpress\/wp-content\/uploads\/2020\/06\/45a4f71b-bf29-4ac0-90da-ab4c004ca5c4-768x576.jpg 768w, https:\/\/www.radiopiu.net\/wordpress\/wp-content\/uploads\/2020\/06\/45a4f71b-bf29-4ac0-90da-ab4c004ca5c4.jpg 960w\" sizes=\"auto, (max-width: 228px) 100vw, 228px\" \/><\/a>FELTRE<\/strong><\/p>\n<p>di Moreno Gioli<\/p>\n<audio class=\"wp-audio-shortcode\" id=\"audio-235641-3\" preload=\"none\" style=\"width: 100%;\" controls=\"controls\"><source type=\"audio\/mpeg\" src=\"https:\/\/www.radiopiu.net\/wordpress\/wp-content\/uploads\/2021\/10\/GIOLI-ESERCITAZIONE-FELTRE.mp3?_=3\" \/><a href=\"https:\/\/www.radiopiu.net\/wordpress\/wp-content\/uploads\/2021\/10\/GIOLI-ESERCITAZIONE-FELTRE.mp3\">https:\/\/www.radiopiu.net\/wordpress\/wp-content\/uploads\/2021\/10\/GIOLI-ESERCITAZIONE-FELTRE.mp3<\/a><\/audio>\n<p>&nbsp;<\/p>\n<p><strong>L&#8217;ASSESSORE DEL COMUNE DI FELTRE ADIS ZATTA<\/strong><\/p>\n<audio class=\"wp-audio-shortcode\" id=\"audio-235641-4\" preload=\"none\" style=\"width: 100%;\" controls=\"controls\"><source type=\"audio\/mpeg\" src=\"https:\/\/www.radiopiu.net\/wordpress\/wp-content\/uploads\/2021\/10\/ADIS-ZATTA-ESERCITAZIONE.mp3?_=4\" \/><a href=\"https:\/\/www.radiopiu.net\/wordpress\/wp-content\/uploads\/2021\/10\/ADIS-ZATTA-ESERCITAZIONE.mp3\">https:\/\/www.radiopiu.net\/wordpress\/wp-content\/uploads\/2021\/10\/ADIS-ZATTA-ESERCITAZIONE.mp3<\/a><\/audio>\n<p>&nbsp;<\/p>\n<p><strong>STEFANO MARIECH, PRESIDENTE ANA FELTRE<\/strong><\/p>\n<audio class=\"wp-audio-shortcode\" id=\"audio-235641-5\" preload=\"none\" style=\"width: 100%;\" controls=\"controls\"><source type=\"audio\/mpeg\" src=\"https:\/\/www.radiopiu.net\/wordpress\/wp-content\/uploads\/2021\/10\/STEFANO-MARIECH-ANA-FELTRE-ESERCITAZIONE.mp3?_=5\" \/><a href=\"https:\/\/www.radiopiu.net\/wordpress\/wp-content\/uploads\/2021\/10\/STEFANO-MARIECH-ANA-FELTRE-ESERCITAZIONE.mp3\">https:\/\/www.radiopiu.net\/wordpress\/wp-content\/uploads\/2021\/10\/STEFANO-MARIECH-ANA-FELTRE-ESERCITAZIONE.mp3<\/a><\/audio>\n<p>&nbsp;<\/p>\n<hr \/>\n<p>&nbsp;<\/p>\n<blockquote class=\"wp-embedded-content\" data-secret=\"knAymbHdqC\"><p><a href=\"https:\/\/www.radiopiu.net\/wordpress\/aggiornamentoott06\/\">CORONAVIRUS: AGGIORNAMENTO NAZIONALE 06 OTTOBRE  2021<\/a><\/p><\/blockquote>\n<p><iframe loading=\"lazy\" class=\"wp-embedded-content\" sandbox=\"allow-scripts\" security=\"restricted\" style=\"position: absolute; clip: rect(1px, 1px, 1px, 1px);\" title=\"&#8220;CORONAVIRUS: AGGIORNAMENTO NAZIONALE 06 OTTOBRE  2021&#8221; &#8212; Radio Pi\u00f9\" src=\"https:\/\/www.radiopiu.net\/wordpress\/aggiornamentoott06\/embed\/#?secret=knAymbHdqC\" data-secret=\"knAymbHdqC\" width=\"600\" height=\"338\" frameborder=\"0\" marginwidth=\"0\" marginheight=\"0\" scrolling=\"no\"><\/iframe><\/p>\n<p>&nbsp;<\/p>\n<blockquote class=\"wp-embedded-content\" data-secret=\"Z3vDgV3PwU\"><p><a href=\"https:\/\/www.radiopiu.net\/wordpress\/lunbollssa\/\">IN 24 ORE DIECI PAZIENTI GRAVI IN MENO NELLE TERAPIE INTENSIVE,  SEI NUOVI DECESSI<\/a><\/p><\/blockquote>\n<p><iframe loading=\"lazy\" class=\"wp-embedded-content\" sandbox=\"allow-scripts\" security=\"restricted\" style=\"position: absolute; clip: rect(1px, 1px, 1px, 1px);\" title=\"&#8220;IN 24 ORE DIECI PAZIENTI GRAVI IN MENO NELLE TERAPIE INTENSIVE,  SEI NUOVI DECESSI&#8221; &#8212; Radio Pi\u00f9\" src=\"https:\/\/www.radiopiu.net\/wordpress\/lunbollssa\/embed\/#?secret=Z3vDgV3PwU\" data-secret=\"Z3vDgV3PwU\" width=\"600\" height=\"338\" frameborder=\"0\" marginwidth=\"0\" marginheight=\"0\" scrolling=\"no\"><\/iframe><\/p>\n<p>&nbsp;<\/p>\n<h3><strong>I GRAFICI DI TIZIANO DE COL<\/strong><\/h3>\n\n\t\t\t<style type='text\/css'>\n\t\t\t\t#gallery-1 {\n\t\t\t\t\tmargin: auto;\n\t\t\t\t}\n\t\t\t\t#gallery-1 .gallery-item {\n\t\t\t\t\tfloat: left;\n\t\t\t\t\tmargin-top: 10px;\n\t\t\t\t\ttext-align: center;\n\t\t\t\t\twidth: 20%;\n\t\t\t\t}\n\t\t\t\t#gallery-1 img {\n\t\t\t\t\tborder: 2px solid #cfcfcf;\n\t\t\t\t}\n\t\t\t\t#gallery-1 .gallery-caption {\n\t\t\t\t\tmargin-left: 0;\n\t\t\t\t}\n\t\t\t\t\/* see gallery_shortcode() in wp-includes\/media.php *\/\n\t\t\t<\/style>\n\t\t<div id='gallery-1' class='dt-gallery-container gallery galleryid-235641 gallery-columns-5 gallery-size-medium'><dl class='gallery-item'>\n\t\t\t\t<dt class='gallery-icon landscape'>\n\t\t\t\t\t<a class=\"rollover rollover-zoom dt-pswp-item\" title=\"ab1a92d3-7390-4124-a3d7-b6d7b3157a8c\" data-dt-img-description=\"\" data-large_image_width=\"592\" data-large_image_height=\"364\"href='https:\/\/www.radiopiu.net\/wordpress\/wp-content\/uploads\/2021\/10\/ab1a92d3-7390-4124-a3d7-b6d7b3157a8c.jpg'><img loading=\"lazy\" decoding=\"async\" width=\"300\" height=\"184\" src=\"https:\/\/www.radiopiu.net\/wordpress\/wp-content\/uploads\/2021\/10\/ab1a92d3-7390-4124-a3d7-b6d7b3157a8c-300x184.jpg\" class=\"attachment-medium size-medium\" alt=\"\" srcset=\"https:\/\/www.radiopiu.net\/wordpress\/wp-content\/uploads\/2021\/10\/ab1a92d3-7390-4124-a3d7-b6d7b3157a8c-300x184.jpg 300w, https:\/\/www.radiopiu.net\/wordpress\/wp-content\/uploads\/2021\/10\/ab1a92d3-7390-4124-a3d7-b6d7b3157a8c.jpg 592w\" sizes=\"auto, (max-width: 300px) 100vw, 300px\" \/><\/a>\n\t\t\t\t<\/dt><\/dl><dl class='gallery-item'>\n\t\t\t\t<dt class='gallery-icon landscape'>\n\t\t\t\t\t<a class=\"rollover rollover-zoom dt-pswp-item\" title=\"5d1636bd-a646-4e60-8b03-21d5fc4fd377\" data-dt-img-description=\"\" data-large_image_width=\"618\" data-large_image_height=\"356\"href='https:\/\/www.radiopiu.net\/wordpress\/wp-content\/uploads\/2021\/10\/5d1636bd-a646-4e60-8b03-21d5fc4fd377.jpg'><img loading=\"lazy\" decoding=\"async\" width=\"300\" height=\"173\" src=\"https:\/\/www.radiopiu.net\/wordpress\/wp-content\/uploads\/2021\/10\/5d1636bd-a646-4e60-8b03-21d5fc4fd377-300x173.jpg\" class=\"attachment-medium size-medium\" alt=\"\" srcset=\"https:\/\/www.radiopiu.net\/wordpress\/wp-content\/uploads\/2021\/10\/5d1636bd-a646-4e60-8b03-21d5fc4fd377-300x173.jpg 300w, https:\/\/www.radiopiu.net\/wordpress\/wp-content\/uploads\/2021\/10\/5d1636bd-a646-4e60-8b03-21d5fc4fd377.jpg 618w\" sizes=\"auto, (max-width: 300px) 100vw, 300px\" \/><\/a>\n\t\t\t\t<\/dt><\/dl><dl class='gallery-item'>\n\t\t\t\t<dt class='gallery-icon landscape'>\n\t\t\t\t\t<a class=\"rollover rollover-zoom dt-pswp-item\" title=\"79195a99-aaa9-49f4-ba8b-48521764e3c3\" data-dt-img-description=\"\" data-large_image_width=\"616\" data-large_image_height=\"356\"href='https:\/\/www.radiopiu.net\/wordpress\/wp-content\/uploads\/2021\/10\/79195a99-aaa9-49f4-ba8b-48521764e3c3.jpg'><img loading=\"lazy\" decoding=\"async\" width=\"300\" height=\"173\" src=\"https:\/\/www.radiopiu.net\/wordpress\/wp-content\/uploads\/2021\/10\/79195a99-aaa9-49f4-ba8b-48521764e3c3-300x173.jpg\" class=\"attachment-medium size-medium\" alt=\"\" srcset=\"https:\/\/www.radiopiu.net\/wordpress\/wp-content\/uploads\/2021\/10\/79195a99-aaa9-49f4-ba8b-48521764e3c3-300x173.jpg 300w, https:\/\/www.radiopiu.net\/wordpress\/wp-content\/uploads\/2021\/10\/79195a99-aaa9-49f4-ba8b-48521764e3c3.jpg 616w\" sizes=\"auto, (max-width: 300px) 100vw, 300px\" \/><\/a>\n\t\t\t\t<\/dt><\/dl><dl class='gallery-item'>\n\t\t\t\t<dt class='gallery-icon landscape'>\n\t\t\t\t\t<a class=\"rollover rollover-zoom dt-pswp-item\" title=\"00ee5dfe-6006-4c19-84ea-6538b868c3ef\" data-dt-img-description=\"\" data-large_image_width=\"606\" data-large_image_height=\"358\"href='https:\/\/www.radiopiu.net\/wordpress\/wp-content\/uploads\/2021\/10\/00ee5dfe-6006-4c19-84ea-6538b868c3ef.jpg'><img loading=\"lazy\" decoding=\"async\" width=\"300\" height=\"177\" src=\"https:\/\/www.radiopiu.net\/wordpress\/wp-content\/uploads\/2021\/10\/00ee5dfe-6006-4c19-84ea-6538b868c3ef-300x177.jpg\" class=\"attachment-medium size-medium\" alt=\"\" srcset=\"https:\/\/www.radiopiu.net\/wordpress\/wp-content\/uploads\/2021\/10\/00ee5dfe-6006-4c19-84ea-6538b868c3ef-300x177.jpg 300w, https:\/\/www.radiopiu.net\/wordpress\/wp-content\/uploads\/2021\/10\/00ee5dfe-6006-4c19-84ea-6538b868c3ef.jpg 606w\" sizes=\"auto, (max-width: 300px) 100vw, 300px\" \/><\/a>\n\t\t\t\t<\/dt><\/dl><dl class='gallery-item'>\n\t\t\t\t<dt class='gallery-icon landscape'>\n\t\t\t\t\t<a class=\"rollover rollover-zoom dt-pswp-item\" title=\"cae861fb-25e1-48da-92bd-8a9f5a4831ed\" data-dt-img-description=\"\" data-large_image_width=\"604\" data-large_image_height=\"357\"href='https:\/\/www.radiopiu.net\/wordpress\/wp-content\/uploads\/2021\/10\/cae861fb-25e1-48da-92bd-8a9f5a4831ed.jpg'><img loading=\"lazy\" decoding=\"async\" width=\"300\" height=\"177\" src=\"https:\/\/www.radiopiu.net\/wordpress\/wp-content\/uploads\/2021\/10\/cae861fb-25e1-48da-92bd-8a9f5a4831ed-300x177.jpg\" class=\"attachment-medium size-medium\" alt=\"\" srcset=\"https:\/\/www.radiopiu.net\/wordpress\/wp-content\/uploads\/2021\/10\/cae861fb-25e1-48da-92bd-8a9f5a4831ed-300x177.jpg 300w, https:\/\/www.radiopiu.net\/wordpress\/wp-content\/uploads\/2021\/10\/cae861fb-25e1-48da-92bd-8a9f5a4831ed.jpg 604w\" sizes=\"auto, (max-width: 300px) 100vw, 300px\" \/><\/a>\n\t\t\t\t<\/dt><\/dl><br style=\"clear: both\" \/>\n\t\t\t<\/div>\n\n<p>&nbsp;<\/p>\n<hr \/>\n<p>&nbsp;<\/p>\n<div class=\"page-title-head hgroup\">\n<blockquote>\n<h3 class=\"entry-title\">\u201cNO ALLA CHIUSURA DELLA PSICHIATRIA\u201d, DA FELTRE LA PETIZIONE E L\u2019AGGIORNAMENTO<\/h3>\n<\/blockquote>\n<\/div>\n<blockquote>\n<div dir=\"ltr\"><em>&#8220;\u00c8 tempo dunque, che la Sanit\u00e0 pubblica ritorni ad essere considerata un investimento, un bene comune imprescindibile per la salute e il benessere delle persone&#8221;.\u00a0<\/em><\/div>\n<\/blockquote>\n<div class=\"gmail_attr\" dir=\"ltr\"><strong>FELTRE<\/strong> La petizione \u201cNo alla chiusura di Psichiatria a Feltre\u201d ha raccolto pi\u00f9 di 1.800 firme on line e pi\u00f9 di 600 firme dai banchi di raccolta che sono stati organizzati nelle scorse settimane a Feltre. L&#8217;Associazione Italiana di Tutela Salute Mentale sezione di Belluno organizza per sabato dalle 9 alle 13 in piazza dei Martiri a Belluno delle letture con la compagnia teatrale &#8220;Il Gabbiano&#8221;, formato da persone con disagio psichico e da volontari guidati da un regista teatrale. Per l&#8217;occasione sar\u00e0 presente anche il comitato feltrino per il diritto alla salute con un banco di raccolte firme.\u00a0 Domenica \u00a0alle\u00a0 18 presso la Sala San Felice di Trichiana, in piazza Merlin, in occasione della giornata mondiale della salute mentale \u00e8 in programma un&#8217;assemblea per la costituzione di un coordinamento provinciale per la difesa dei servizi socio sanitari del territorio.\u00a0 Il comitato ha deciso inoltre di aderire e partecipare alla manifestazione organizzata dal Comitato per la sanit\u00e0 pubblica nell\u2019Alto Vicentino il 16 ottobre a Schio (VI),\u00a0 manifestazione senza bandiere di partito e nel rispetto delle norme anti-Covid<\/div>\n<blockquote>\n<div class=\"gmail_attr\" dir=\"ltr\"><em>\u00a0 \u00a0&#8220;La recente sospensione del Servizio di degenza nel reparto di Psichiatria dell\u2019Ospedale di Feltre\u00a0 &#8211; scrive il Comitato Feltrino per il Diritto alla Salute &#8211;\u00a0 ed il ricorso a cooperative anche a supporto della pediatria, rappresentano l\u2019ennesimo atto di quel processo di progressivo smantellamento della Sanit\u00e0 pubblica che sta coinvolgendo da oramai troppi anni l\u2019intera rete dei Servizi socio sanitari del territorio bellunese, soprattutto nelle aree di montagna e pi\u00f9 periferiche, dove questi servizi rappresentano uno degli antidoti concreti al problema dello spopolamento. Ci\u00f2 continua ad avvenire in un momento in cui l\u2019emergenza sanitaria ci sta dimostrando con forza come la presenza di un sistema sanitario pubblico ed universalistico sia una questione dirimente per gli esiti di salute della popolazione e fondamentale nel garantire il diritto di cura per tutte le persone&#8221;.\u00a0\u00a0<\/em><\/div>\n<\/blockquote>\n<div dir=\"ltr\"><span style=\"color: #ff0000;\">ARCHIVIO, GIORNALE RADIOPIU 11 SETTEMBRE 2021\u00a0\u00a0<\/span><\/div>\n<div dir=\"ltr\"><\/div>\n<div dir=\"ltr\">\n<p dir=\"ltr\"><strong><a class=\"dt-pswp-item\" href=\"https:\/\/www.radiopiu.net\/wordpress\/wp-content\/uploads\/2021\/09\/mental-health-2019924__480.jpg\" data-dt-img-description=\"\" data-large_image_width=\"720\" data-large_image_height=\"480\"><img loading=\"lazy\" decoding=\"async\" class=\"size-thumbnail wp-image-231689 alignleft\" src=\"https:\/\/www.radiopiu.net\/wordpress\/wp-content\/uploads\/2021\/09\/mental-health-2019924__480-150x150.jpg\" alt=\"\" width=\"150\" height=\"150\" \/><\/a>FELTRE<\/strong> Il comitato feltrino per il diritto alla salute, nato lo scorso luglio\u00a0 da un gruppo di cittadini e volontari di alcune associazioni che si occupano di tutela della salute mentale, in seguito alla notizia della sospensione delle degenze nel reparto di psichiatria dell&#8217;ospedale di Feltre a causa della mancanza di psichiatri, ha deciso di avviare una petizione pubblica di sensibilizzazione per segnalare la continua riduzione dei servizi socio-sanitari pubblici nella provincia di Belluno e per chiedere alla Regione Veneto, alla Conferenza dei Sindaci della ULSS 1 Dolomiti ed alla Direzione della ULSS 1 Veneto delle azioni concrete per salvaguardare i servizi per la salute mentale. Il comitato ha raccolto le preoccupazioni di molti cittadini, \u00e8 recente la notizia che la ULSS 1 Domiti ha affidato ad una cooperativa 180 turni di 12 ore per il servizio di assistenza pediatrica di Feltre e Belluno a causa della mancanza di medici; la carenza di psichiatri nel Dipartimento di Salute Mentale ha coinvolto anche il Centro per il Disturbi del Comportamento Alimentare di Feltre, rallentando i tempi di attesa per le visite periodiche di controllo, un servizio di valore e importante per le famiglie.<\/p>\n<blockquote>\n<h3 dir=\"ltr\">La raccolta firme del comitato feltrino per il diritto alla salute \u00e8 stata pubblicata on-line sul sito internet <a href=\"https:\/\/change.org\/nochiusurapsichiatriafeltre\" target=\"_blank\" rel=\"noopener\">https:\/\/change.org\/<wbr \/>nochiusurapsichiatriafeltre<\/a><\/h3>\n<h3 dir=\"ltr\"><\/h3>\n<\/blockquote>\n<\/div>\n<p>&nbsp;<\/p>\n<p>&nbsp;<\/p>\n<hr \/>\n<p>&nbsp;<\/p>\n<blockquote>\n<h3>INAUGURATA LA BRIGLIA SULLA FRANA DI CANCIA<\/h3>\n<\/blockquote>\n<p><strong>BORCA DI CADORE <\/strong>\u00c8 stata inaugurata dalla provincia la briglia sulla frana di Cancia. Le colate detritiche che scendono dal monte Antelao sono causate da precipitazioni di breve durata e forte intensita\u0300, concentrate prevalentemente nel periodo estivo. La quantita\u0300 piu\u0300 frequente di materiale mobilizzato con una colata solido-liquida e\u0300 stimata in 10.000 &#8211; 50.000 metri cubi (le massime quantita\u0300 ipotizzabili, in caso di eventi con tempi di ritorno significativi, sono stimate attorno ai 100.000 metri cubi). I fenomeni si innescano lungo il canalone, a quota 1.666 metri circa, scendono a valle e si aggravano fortemente a quota 1.300 metri, dove al materiale solido si aggiungono le acque del rio Bus del Diau, le quali mobilizzano la parte rocciosa e solida di colata presente per poi trascinarla a valle. L\u2019intervento e\u0300 consistito nella realizzazione delle seguenti opere: Briglia frangicolata: L\u2019opera principale e\u0300 una briglia frangicolata del tipo \u201cSabo dam\u201d. Si tratta di una opera trasversale di trattenuta in cemento armato di tipo aperto, all\u2019interno della quale sono inseriti elementi in acciaio frangicolata alti all\u2019incirca 6 metri, funzionali a trattenere i massi piu\u0300 grandi della colata. E\u0300 stata realizzata a monte della ridisegnata confluenza tra il Bus del Diau e la colata detritica e serve a fermare la parte piu\u0300 consistente della colata prima che raggiunga la componente liquida. Deviazione Bus del Diau: Prolungamento del canale, con deviazione e spostamento della confluenza esistente da 1.362 metri fino a 1.260 metri di quota. L\u2019opera ha uno sviluppo complessivo di 330 metri circa, costituito da tre tratti che terminano con tre salti di fondo, l\u2019ultimo dei quali corrisponde alla vasca di dissipazione dell\u2019energia del canale in ingresso. Risagomatura della cosiddetta \u201cRovina di Cancia\u201d: Con questo intervento si intende conferire alle possibili colate detritiche un convogliamento il piu\u0300 possibile centrale rispetto al canalone, evitando il rischio di sormonto. Il tratto interessato dall\u2019operazione ha uno sviluppo di 70 metri circa e una larghezza variabile a seconda della conformazione del terreno (comunque non inferiore a 13 metri). Sono state realizzate anche alcune scogliere in massi ciclopici a protezione degli argini, sia a monte che a valle della briglia frangicolata.<\/p>\n\n\t\t\t<style type='text\/css'>\n\t\t\t\t#gallery-2 {\n\t\t\t\t\tmargin: auto;\n\t\t\t\t}\n\t\t\t\t#gallery-2 .gallery-item {\n\t\t\t\t\tfloat: left;\n\t\t\t\t\tmargin-top: 10px;\n\t\t\t\t\ttext-align: center;\n\t\t\t\t\twidth: 14%;\n\t\t\t\t}\n\t\t\t\t#gallery-2 img {\n\t\t\t\t\tborder: 2px solid #cfcfcf;\n\t\t\t\t}\n\t\t\t\t#gallery-2 .gallery-caption {\n\t\t\t\t\tmargin-left: 0;\n\t\t\t\t}\n\t\t\t\t\/* see gallery_shortcode() in wp-includes\/media.php *\/\n\t\t\t<\/style>\n\t\t<div id='gallery-2' class='dt-gallery-container gallery galleryid-235641 gallery-columns-7 gallery-size-thumbnail'><dl class='gallery-item'>\n\t\t\t\t<dt class='gallery-icon portrait'>\n\t\t\t\t\t<a class=\"rollover rollover-zoom dt-pswp-item\" title=\"IMG-20210831-WA0001\" data-dt-img-description=\"\" data-large_image_width=\"1200\" data-large_image_height=\"1600\"href='https:\/\/www.radiopiu.net\/wordpress\/wp-content\/uploads\/2021\/10\/IMG-20210831-WA0001.jpg'><img loading=\"lazy\" decoding=\"async\" width=\"150\" height=\"150\" src=\"https:\/\/www.radiopiu.net\/wordpress\/wp-content\/uploads\/2021\/10\/IMG-20210831-WA0001-150x150.jpg\" class=\"attachment-thumbnail size-thumbnail\" alt=\"\" \/><\/a>\n\t\t\t\t<\/dt><\/dl><dl class='gallery-item'>\n\t\t\t\t<dt class='gallery-icon landscape'>\n\t\t\t\t\t<a class=\"rollover rollover-zoom dt-pswp-item\" title=\"IMG-20210831-WA0004\" data-dt-img-description=\"\" data-large_image_width=\"1600\" data-large_image_height=\"1200\"href='https:\/\/www.radiopiu.net\/wordpress\/wp-content\/uploads\/2021\/10\/IMG-20210831-WA0004.jpg'><img loading=\"lazy\" decoding=\"async\" width=\"150\" height=\"150\" src=\"https:\/\/www.radiopiu.net\/wordpress\/wp-content\/uploads\/2021\/10\/IMG-20210831-WA0004-150x150.jpg\" class=\"attachment-thumbnail size-thumbnail\" alt=\"\" \/><\/a>\n\t\t\t\t<\/dt><\/dl><dl class='gallery-item'>\n\t\t\t\t<dt class='gallery-icon landscape'>\n\t\t\t\t\t<a class=\"rollover rollover-zoom dt-pswp-item\" title=\"IMG-20210831-WA0005\" data-dt-img-description=\"\" data-large_image_width=\"1600\" data-large_image_height=\"1200\"href='https:\/\/www.radiopiu.net\/wordpress\/wp-content\/uploads\/2021\/10\/IMG-20210831-WA0005.jpg'><img loading=\"lazy\" decoding=\"async\" width=\"150\" height=\"150\" src=\"https:\/\/www.radiopiu.net\/wordpress\/wp-content\/uploads\/2021\/10\/IMG-20210831-WA0005-150x150.jpg\" class=\"attachment-thumbnail size-thumbnail\" alt=\"\" \/><\/a>\n\t\t\t\t<\/dt><\/dl><dl class='gallery-item'>\n\t\t\t\t<dt class='gallery-icon landscape'>\n\t\t\t\t\t<a class=\"rollover rollover-zoom dt-pswp-item\" title=\"IMG20210818111646\" data-dt-img-description=\"\" data-large_image_width=\"2560\" data-large_image_height=\"1444\"href='https:\/\/www.radiopiu.net\/wordpress\/wp-content\/uploads\/2021\/10\/IMG20210818111646-scaled.jpg'><img loading=\"lazy\" decoding=\"async\" width=\"150\" height=\"150\" src=\"https:\/\/www.radiopiu.net\/wordpress\/wp-content\/uploads\/2021\/10\/IMG20210818111646-150x150.jpg\" class=\"attachment-thumbnail size-thumbnail\" alt=\"\" \/><\/a>\n\t\t\t\t<\/dt><\/dl><dl class='gallery-item'>\n\t\t\t\t<dt class='gallery-icon landscape'>\n\t\t\t\t\t<a class=\"rollover rollover-zoom dt-pswp-item\" title=\"IMG20210818111656\" data-dt-img-description=\"\" data-large_image_width=\"2560\" data-large_image_height=\"1444\"href='https:\/\/www.radiopiu.net\/wordpress\/wp-content\/uploads\/2021\/10\/IMG20210818111656-scaled.jpg'><img loading=\"lazy\" decoding=\"async\" width=\"150\" height=\"150\" src=\"https:\/\/www.radiopiu.net\/wordpress\/wp-content\/uploads\/2021\/10\/IMG20210818111656-150x150.jpg\" class=\"attachment-thumbnail size-thumbnail\" alt=\"\" \/><\/a>\n\t\t\t\t<\/dt><\/dl><dl class='gallery-item'>\n\t\t\t\t<dt class='gallery-icon landscape'>\n\t\t\t\t\t<a class=\"rollover rollover-zoom dt-pswp-item\" title=\"IMG20210818111823\" data-dt-img-description=\"\" data-large_image_width=\"2560\" data-large_image_height=\"1444\"href='https:\/\/www.radiopiu.net\/wordpress\/wp-content\/uploads\/2021\/10\/IMG20210818111823-scaled.jpg'><img loading=\"lazy\" decoding=\"async\" width=\"150\" height=\"150\" src=\"https:\/\/www.radiopiu.net\/wordpress\/wp-content\/uploads\/2021\/10\/IMG20210818111823-150x150.jpg\" class=\"attachment-thumbnail size-thumbnail\" alt=\"\" \/><\/a>\n\t\t\t\t<\/dt><\/dl><dl class='gallery-item'>\n\t\t\t\t<dt class='gallery-icon portrait'>\n\t\t\t\t\t<a class=\"rollover rollover-zoom dt-pswp-item\" title=\"IMG20210818111928\" data-dt-img-description=\"\" data-large_image_width=\"1444\" data-large_image_height=\"2560\"href='https:\/\/www.radiopiu.net\/wordpress\/wp-content\/uploads\/2021\/10\/IMG20210818111928-scaled.jpg'><img loading=\"lazy\" decoding=\"async\" width=\"150\" height=\"150\" src=\"https:\/\/www.radiopiu.net\/wordpress\/wp-content\/uploads\/2021\/10\/IMG20210818111928-150x150.jpg\" class=\"attachment-thumbnail size-thumbnail\" alt=\"\" \/><\/a>\n\t\t\t\t<\/dt><\/dl><br style=\"clear: both\" \/>\n\t\t\t<\/div>\n\n<p>&nbsp;<\/p>\n<hr \/>\n<p>&nbsp;<\/p>\n<blockquote>\n<h3>PER I COMUNI IN ARRIVO 9,5 MILIONI DAI FONDI DI CONFINE<\/h3>\n<\/blockquote>\n<p><em>Via libera alle risorse del \u2018Fondo Letta\u2019 per i municipi limitrofi col Friuli Venezia Giulia<\/em><\/p>\n<p><strong>ROMA<\/strong>\u00a0 Sbloccati i finanziamenti del cosiddetto Fondo Letta per i comuni del Veneto confinanti con il Friuli Venezia Giulia. Il 9 settembre la Commissione nominata con decreto Dipartimentale in data 18 giugno 2021 per la verifica di rispondenza ai criteri di finanziamento dei progetti ha concluso i propri lavori. Ne d\u00e0 notizia il deputato bellunese <strong>Roger De Menech<\/strong> ricordando che tutti e dodici i comuni bellunesi sono stati ammessi ai finanziamenti.<\/p>\n<div style=\"width: 848px;\" class=\"wp-video\"><video class=\"wp-video-shortcode\" id=\"video-235641-1\" width=\"848\" height=\"480\" preload=\"metadata\" controls=\"controls\"><source type=\"video\/mp4\" src=\"https:\/\/www.radiopiu.net\/wordpress\/wp-content\/uploads\/2021\/10\/WhatsApp-Video-2021-10-06-at-10.39.28-1.mp4?_=1\" \/><a href=\"https:\/\/www.radiopiu.net\/wordpress\/wp-content\/uploads\/2021\/10\/WhatsApp-Video-2021-10-06-at-10.39.28-1.mp4\">https:\/\/www.radiopiu.net\/wordpress\/wp-content\/uploads\/2021\/10\/WhatsApp-Video-2021-10-06-at-10.39.28-1.mp4<\/a><\/video><\/div>\n<p>&nbsp;<\/p>\n<p>Questo l\u2019elenco dei beneficiari con relativi progetti e l\u2019importo del contributo: ALPAGO: lavori miglioramento viabilit\u00e0, contributo di 754.544 CHIES D\u2019ALPAGO: lavori miglioramento viabilit\u00e0, contributo di 754.544 DOMEGGE DI CADORE: lavori riqualificazione ambientale e turistica, contributo di a 754.544 LONGARONE: rigenerazione e valorizzazione urbana, contributo di 1.489.108 LORENZAGO DI CADORE: potenziamento infrastrutture turistico sportive, contributo di 744.554 OSPITALE DI CADORE: riqualificazione servizi di trasporto, contributo di 744.000 PERAROLO DI CADORE: riqualificazione e valorizzazione centro storico, contributo di 744.544 PIEVE DI CADORE; ristrutturazione scuola primaria, contributo di 744.544 SANTO STEFANO DI CADORE: riqualificazione piazza Roma, contributo di 744.544 SOVERZENE: percorso ciclopedonale ponte sul Piave, contributo di 744.544 TAMBRE: efficientamento energetico strutture comunali, contributo di 744.550 VIGO DI CADORE: ristrutturazione del municipio, contributo di 744.544<\/p>\n<p>&nbsp;<\/p>\n<p>&nbsp;<\/p>\n<p>&nbsp;<\/p>\n<hr \/>\n<p>&nbsp;<\/p>\n<blockquote>\n<h3>UN NUOVO SERVIZIO A SEDICO: SOLIDARIETA&#8217; ECOLOGIA, RICICLO<\/h3>\n<\/blockquote>\n<p>&nbsp;<\/p>\n<p><strong><a href=\"https:\/\/www.radiopiu.net\/wordpress\/giornale-radiopiu-07-ottobre-2021-direttore-mirko-mezzacasa\/th-210\/\" rel=\"attachment wp-att-235816\"><img loading=\"lazy\" decoding=\"async\" class=\"size-full wp-image-235816 alignleft\" src=\"https:\/\/www.radiopiu.net\/wordpress\/wp-content\/uploads\/2021\/10\/th-7.jpg\" alt=\"\" width=\"240\" height=\"180\" \/><\/a>SEDICO\u00a0<\/strong><\/p>\n<p>DI DAMIANO TORMEN<\/p>\n<audio class=\"wp-audio-shortcode\" id=\"audio-235641-6\" preload=\"none\" style=\"width: 100%;\" controls=\"controls\"><source type=\"audio\/mpeg\" src=\"https:\/\/www.radiopiu.net\/wordpress\/wp-content\/uploads\/2021\/10\/damiano.mp3?_=6\" \/><a href=\"https:\/\/www.radiopiu.net\/wordpress\/wp-content\/uploads\/2021\/10\/damiano.mp3\">https:\/\/www.radiopiu.net\/wordpress\/wp-content\/uploads\/2021\/10\/damiano.mp3<\/a><\/audio>\n<p>&nbsp;<\/p>\n<hr \/>\n<p>&nbsp;<\/p>\n<blockquote>\n<h2>ANGELO MONTANA E&#8217; IL NUOVO DIRIGENTE SANITARIO IN QUESTURA, FEDERICO FARRIS CAPO DI GABINETTO E PORTAVOCE<\/h2>\n<\/blockquote>\n<p><strong>BELLUNO<\/strong> Il Questore Lilia Fredella, presso la Questura di Belluno ha reso noti i nuovi incarichi:\u00a0 i<span style=\"font-family: Times New Roman, serif;\"><span style=\"font-size: medium;\">l Commissario Capo\u00a0 Federico Farris \u00e8 stato nominato nuovo Capo di Gabinetto e Portavoce della Questura di Belluno, un ruolo, quest\u2019ultimo, di referente e regista in ambito provinciale della comunicazione della Polizia di Stato, con funzioni di coordinamento, promozione e diffusione delle informazioni degli uffici presenti sul territorio di riferimento.\u00a0 Dopo circa un anno e mezzo, lascia l\u2019Ufficio Prevenzione Generale e Soccorso Pubblico ora diretto dal Vice Questore Aggiunto\u00a0 Jacopo Ballarin, anche dirigente della locale Squadra Mobile. Assegnato alla Questura di Belluno il funzionario Medico Principale della Polizia di Stato dottor Angelo Montana,\u00a0 ricopre il ruolo di dirigente dell\u2019Ufficio Sanitario Provinciale: 35 anni, originario di Licata (AG), ha conseguito la laurea in Medicina e Chirurgia, specializzandosi in Medicina Legale presso l\u2019universit\u00e0 degli studi di Palermo per poi frequentare il 15\u00b0 Corso di formazione per Medici della Polizia di Stato presso la Scuola Superiore di Polizia. Con il nuovo incarico coordiner\u00e0 le strutture sanitarie espletando attivit\u00e0 di promozione della salute, con particolare riferimento alla profilassi vaccinale anti Sars Cov-19 degli operatori di Polizia e gestione della fase pandemica in atto.\u00a0<\/span><\/span><\/p>\n\n\t\t\t<style type='text\/css'>\n\t\t\t\t#gallery-3 {\n\t\t\t\t\tmargin: auto;\n\t\t\t\t}\n\t\t\t\t#gallery-3 .gallery-item {\n\t\t\t\t\tfloat: left;\n\t\t\t\t\tmargin-top: 10px;\n\t\t\t\t\ttext-align: center;\n\t\t\t\t\twidth: 50%;\n\t\t\t\t}\n\t\t\t\t#gallery-3 img {\n\t\t\t\t\tborder: 2px solid #cfcfcf;\n\t\t\t\t}\n\t\t\t\t#gallery-3 .gallery-caption {\n\t\t\t\t\tmargin-left: 0;\n\t\t\t\t}\n\t\t\t\t\/* see gallery_shortcode() in wp-includes\/media.php *\/\n\t\t\t<\/style>\n\t\t<div id='gallery-3' class='dt-gallery-container gallery galleryid-235641 gallery-columns-2 gallery-size-medium'><dl class='gallery-item'>\n\t\t\t\t<dt class='gallery-icon portrait'>\n\t\t\t\t\t<a class=\"rollover rollover-zoom dt-pswp-item\" title=\"FOTO MONTANA ULTIMA\" data-dt-img-description=\"\" data-large_image_width=\"617\" data-large_image_height=\"683\"href='https:\/\/www.radiopiu.net\/wordpress\/wp-content\/uploads\/2021\/10\/FOTO-MONTANA-ULTIMA-.jpeg'><img loading=\"lazy\" decoding=\"async\" width=\"271\" height=\"300\" src=\"https:\/\/www.radiopiu.net\/wordpress\/wp-content\/uploads\/2021\/10\/FOTO-MONTANA-ULTIMA--271x300.jpeg\" class=\"attachment-medium size-medium\" alt=\"\" aria-describedby=\"gallery-3-235722\" srcset=\"https:\/\/www.radiopiu.net\/wordpress\/wp-content\/uploads\/2021\/10\/FOTO-MONTANA-ULTIMA--271x300.jpeg 271w, https:\/\/www.radiopiu.net\/wordpress\/wp-content\/uploads\/2021\/10\/FOTO-MONTANA-ULTIMA-.jpeg 617w\" sizes=\"auto, (max-width: 271px) 100vw, 271px\" \/><\/a>\n\t\t\t\t<\/dt>\n\t\t\t\t\t<dd class='wp-caption-text gallery-caption' id='gallery-3-235722'>\n\t\t\t\t\tANGELO MONTANA\n\t\t\t\t\t<\/dd><\/dl><dl class='gallery-item'>\n\t\t\t\t<dt class='gallery-icon portrait'>\n\t\t\t\t\t<a class=\"rollover rollover-zoom dt-pswp-item\" title=\"FOTO FARRIS ULTIMA\" data-dt-img-description=\"\" data-large_image_width=\"1430\" data-large_image_height=\"2560\"href='https:\/\/www.radiopiu.net\/wordpress\/wp-content\/uploads\/2021\/10\/FOTO-FARRIS-ULTIMA-scaled.jpeg'><img loading=\"lazy\" decoding=\"async\" width=\"168\" height=\"300\" src=\"https:\/\/www.radiopiu.net\/wordpress\/wp-content\/uploads\/2021\/10\/FOTO-FARRIS-ULTIMA-168x300.jpeg\" class=\"attachment-medium size-medium\" alt=\"\" aria-describedby=\"gallery-3-235721\" srcset=\"https:\/\/www.radiopiu.net\/wordpress\/wp-content\/uploads\/2021\/10\/FOTO-FARRIS-ULTIMA-168x300.jpeg 168w, https:\/\/www.radiopiu.net\/wordpress\/wp-content\/uploads\/2021\/10\/FOTO-FARRIS-ULTIMA-572x1024.jpeg 572w, https:\/\/www.radiopiu.net\/wordpress\/wp-content\/uploads\/2021\/10\/FOTO-FARRIS-ULTIMA-768x1375.jpeg 768w, https:\/\/www.radiopiu.net\/wordpress\/wp-content\/uploads\/2021\/10\/FOTO-FARRIS-ULTIMA-858x1536.jpeg 858w, https:\/\/www.radiopiu.net\/wordpress\/wp-content\/uploads\/2021\/10\/FOTO-FARRIS-ULTIMA-1144x2048.jpeg 1144w, https:\/\/www.radiopiu.net\/wordpress\/wp-content\/uploads\/2021\/10\/FOTO-FARRIS-ULTIMA-scaled.jpeg 1430w\" sizes=\"auto, (max-width: 168px) 100vw, 168px\" \/><\/a>\n\t\t\t\t<\/dt>\n\t\t\t\t\t<dd class='wp-caption-text gallery-caption' id='gallery-3-235721'>\n\t\t\t\t\tFEDERICO FARRIS\n\t\t\t\t\t<\/dd><\/dl><br style=\"clear: both\" \/>\n\t\t\t<\/div>\n\n<p>&nbsp;<\/p>\n<p>&nbsp;<\/p>\n<hr \/>\n<blockquote>\n<h3><\/h3>\n<h3>BANDO DI SELEZIONE PER LA PARTECIPAZIONE AL CORSO DI FORMAZIONE \u201cTECNICO DELL\u2019EDUCAZIONE E DELLA RIABILITAZIONE IN ORIENTAMENTO E MOBILITA\u2019 E AUTONOMIA PERSONALE PER L\u2019ISTRUZIONE A DISABILI VISIVI \u201c<\/h3>\n<\/blockquote>\n<p><strong>BELLUNO <\/strong>L\u2019Unione Italiana dei Ciechi e degli Ipovedenti, Consiglio Regionale del Veneto organizza, grazie al finanziamento regionale (DDR n. 33 del 30\/07\/2021 e DGR n. 13 del 12\/01\/2021), un corso per la formazione di istruttori di orientamento e mobilit\u00e0 ed autonomia personale per persone con disabilit\u00e0 visiva di ogni tipologia e grado. Altre informazioni\u00a0 su <a href=\"http:\/\/www.uiciveneto.it\/bando-di-selezione-per-la-partecipazione-al-corso-di-formazione-tecnico-delleducazione-e-della-riabilitazione-in-orientamento-e-mobilita-e-autonomia-personale-per-listruzion\/\">www.uiciveneto.it<\/a><\/p>\n<p>&nbsp;<\/p>\n<p>&nbsp;<\/p>\n<hr \/>\n<p>&nbsp;<\/p>\n<blockquote>\n<h3>ASPETTI PSICOLOGICI DELLA GRAVIDANZA E DEL PARTO AL TEMPO DEL COVID: INCONTRO IN GMEET<\/h3>\n<\/blockquote>\n<p><strong>BELLUNO <\/strong>L\u2019Ulss Dolomiti aderisce alle giornate dedicate alla salute mentale al femminile proposta dal circuito degli ospedali con bollino rosa ONDA proponendo una incontro in Gmeet sul tema &#8221; Gravidanza, parto e post parto ai tempi del Coronavirus: aspetti psicologici ed organizzativi&#8221;. L\u2019incontro si terr\u00e0 domani\u00a0 dalle 17.30 alle 18.30 attraverso Google meet e sar\u00e0 condotto dalla dalla psicologa Susanna Tison e dalle ostetriche Beatrice D&#8217;Alberto e Elda Cengia. Per iscrizioni inviare una mail a <a href=\"mailto:elda.cengia@aulss1.veneto.it\">elda.cengia@aulss1.veneto.it<\/a><\/p>\n<p>&nbsp;<\/p>\n<hr \/>\n<p>&nbsp;<\/p>\n<blockquote>\n<h3>DE BERNARDIN CONVOCA I CONSIGLIERI, DIANA IRACI BORGIA\u00a0 MANDOLINI INTERROGA SU BOSTRICO E SERRAI DI SOTTOGUDA<\/h3>\n<\/blockquote>\n<p><strong>ROCCA PIETORE<\/strong> Martedi alle 18.30 consiglio comunale in sala Teaz. All&#8217;ordine del giorno: prelevamento dal fondo di riserva ordinario (quinta variazione al bilancio); approvazione convenzione servizio di tesoreria; nomina revisore dei conti per il triennio 22-24; costituzione diritto di superficie. Due le interrogazioni del consigliere Diana Iraci, la prima sullo stato dei lavori ai Serrai di Sottoguda, la seconda sulla diffusione del bostrico.<\/p>\n<p>&nbsp;<\/p>\n<blockquote>\n<h3>IL CONSIGLIERE DI MINORANZA DIANA IRACI INTERROGA IL SINDACO DE BERNARDIN SUI SERRAI DI SOTTOGUDA<\/h3>\n<\/blockquote>\n<p><strong><a href=\"https:\/\/www.radiopiu.net\/wordpress\/aggiornamento-sui-lavori-ai-serrai-di-sottoguda\/cantiere-serrai-23-06-21_2\/\" rel=\"attachment wp-att-217833\"><img loading=\"lazy\" decoding=\"async\" class=\" wp-image-217833 alignleft\" src=\"https:\/\/www.radiopiu.net\/wordpress\/wp-content\/uploads\/2021\/06\/Cantiere-Serrai-23.06.21_2-300x225.jpeg\" alt=\"\" width=\"204\" height=\"153\" srcset=\"https:\/\/www.radiopiu.net\/wordpress\/wp-content\/uploads\/2021\/06\/Cantiere-Serrai-23.06.21_2-300x225.jpeg 300w, https:\/\/www.radiopiu.net\/wordpress\/wp-content\/uploads\/2021\/06\/Cantiere-Serrai-23.06.21_2-768x576.jpeg 768w, https:\/\/www.radiopiu.net\/wordpress\/wp-content\/uploads\/2021\/06\/Cantiere-Serrai-23.06.21_2.jpeg 1024w\" sizes=\"auto, (max-width: 204px) 100vw, 204px\" \/><\/a>ROCCA PIETORE<\/strong><\/p>\n<p>di Gianni Santomaso<\/p>\n<audio class=\"wp-audio-shortcode\" id=\"audio-235641-7\" preload=\"none\" style=\"width: 100%;\" controls=\"controls\"><source type=\"audio\/mpeg\" src=\"https:\/\/www.radiopiu.net\/wordpress\/wp-content\/uploads\/2021\/10\/GIANNI-CHIARIMENTI-DIANA-IRACI.mp3?_=7\" \/><a href=\"https:\/\/www.radiopiu.net\/wordpress\/wp-content\/uploads\/2021\/10\/GIANNI-CHIARIMENTI-DIANA-IRACI.mp3\">https:\/\/www.radiopiu.net\/wordpress\/wp-content\/uploads\/2021\/10\/GIANNI-CHIARIMENTI-DIANA-IRACI.mp3<\/a><\/audio>\n<p>&nbsp;<\/p>\n<hr \/>\n<p>&nbsp;<\/p>\n<p>&nbsp;<\/p>\n<blockquote>\n<h3>SABATO TORNA L&#8217;APPUNTAMENTO AD AGORDO CON &#8220;LA FIERA DEL BESTIAM&#8221; E &#8220;FORMAI E VIN IN VILLA&#8221;<\/h3>\n<\/blockquote>\n<p><strong><a href=\"https:\/\/www.radiopiu.net\/wordpress\/sabato-torna-lappuntamento-ad-agordo-con-la-fiera-del-bestiam-e-formai-e-vin-in-villa\/locandina-fiera-del-bestiam-e-formai-e-vin-2021\/\" rel=\"attachment wp-att-235578\"><img loading=\"lazy\" decoding=\"async\" class=\"size-medium wp-image-235578 alignleft\" src=\"https:\/\/www.radiopiu.net\/wordpress\/wp-content\/uploads\/2021\/10\/LOCANDINA-FIERA-DEL-BESTIAM-E-FORMAI-E-VIN-2021-215x300.jpg\" alt=\"\" width=\"215\" height=\"300\" srcset=\"https:\/\/www.radiopiu.net\/wordpress\/wp-content\/uploads\/2021\/10\/LOCANDINA-FIERA-DEL-BESTIAM-E-FORMAI-E-VIN-2021-215x300.jpg 215w, https:\/\/www.radiopiu.net\/wordpress\/wp-content\/uploads\/2021\/10\/LOCANDINA-FIERA-DEL-BESTIAM-E-FORMAI-E-VIN-2021-734x1024.jpg 734w, https:\/\/www.radiopiu.net\/wordpress\/wp-content\/uploads\/2021\/10\/LOCANDINA-FIERA-DEL-BESTIAM-E-FORMAI-E-VIN-2021-768x1071.jpg 768w, https:\/\/www.radiopiu.net\/wordpress\/wp-content\/uploads\/2021\/10\/LOCANDINA-FIERA-DEL-BESTIAM-E-FORMAI-E-VIN-2021-1101x1536.jpg 1101w, https:\/\/www.radiopiu.net\/wordpress\/wp-content\/uploads\/2021\/10\/LOCANDINA-FIERA-DEL-BESTIAM-E-FORMAI-E-VIN-2021.jpg 1147w\" sizes=\"auto, (max-width: 215px) 100vw, 215px\" \/><\/a>AGORDO <\/strong>Sabato 9 ottobre si svolger\u00e0 ad Agordo la tradizionale Fiera del Bestiam con il mercato dei prodotti agricoli ed artigianali, l&#8217;esposizione zootecnica nel Broi e delle macchine e attrezzature agricole. In concomitanza si svolger\u00e0 presso la splendida cornice di Palazzo Crotta-De&#8217; Manzoni l\u2019evento \u201cFormai e Vin in Villa\u201d dove sar\u00e0 possibile visitare la storica residenza agordina degustando ottimi abbinamenti di formaggi locali, vini di cantine venete e friulane e prodotti di panifici del territorio. \u00a0La manifestazione \u00e8 organizzata dal Comune di Agordo, Comitato Fiera del Bestiam e AD Agordo Pro Loco.<\/p>\n<p>&nbsp;<\/p>\n<p>&nbsp;<\/p>\n<p>&nbsp;<\/p>\n<p><span style=\"color: #ff0000;\"><strong>\u00a0IERI ALLA RADIO,<\/strong><\/span> Claudio Fontanive ne ha parlato con Damiano Soppelsa e Daniele Galligani Presidente di Ad Agordo Proloco<\/p>\n<audio class=\"wp-audio-shortcode\" id=\"audio-235641-8\" preload=\"none\" style=\"width: 100%;\" controls=\"controls\"><source type=\"audio\/mpeg\" src=\"https:\/\/www.radiopiu.net\/wordpress\/wp-content\/uploads\/2021\/10\/damiano-galligani-6-ottobre.mp3?_=8\" \/><a href=\"https:\/\/www.radiopiu.net\/wordpress\/wp-content\/uploads\/2021\/10\/damiano-galligani-6-ottobre.mp3\">https:\/\/www.radiopiu.net\/wordpress\/wp-content\/uploads\/2021\/10\/damiano-galligani-6-ottobre.mp3<\/a><\/audio>\n<p>&nbsp;<\/p>\n<p>&nbsp;<\/p>\n<p>&nbsp;<\/p>\n<hr \/>\n<p>&nbsp;<\/p>\n<blockquote>\n<h3>DISABILITA&#8217; FISICO-INTELLETTIVA, AGORDO C&#8217;E&#8217;<\/h3>\n<p><strong><a href=\"https:\/\/www.radiopiu.net\/wordpress\/per-i-comuni-in-arriv\/foto-5-3\/\" rel=\"attachment wp-att-235706\"><img loading=\"lazy\" decoding=\"async\" class=\"size-medium wp-image-235706 alignleft\" src=\"https:\/\/www.radiopiu.net\/wordpress\/wp-content\/uploads\/2021\/10\/foto-5-225x300.jpg\" alt=\"\" width=\"225\" height=\"300\" srcset=\"https:\/\/www.radiopiu.net\/wordpress\/wp-content\/uploads\/2021\/10\/foto-5-225x300.jpg 225w, https:\/\/www.radiopiu.net\/wordpress\/wp-content\/uploads\/2021\/10\/foto-5-768x1024.jpg 768w, https:\/\/www.radiopiu.net\/wordpress\/wp-content\/uploads\/2021\/10\/foto-5-1152x1536.jpg 1152w, https:\/\/www.radiopiu.net\/wordpress\/wp-content\/uploads\/2021\/10\/foto-5.jpg 1200w\" sizes=\"auto, (max-width: 225px) 100vw, 225px\" \/><\/a><\/strong><\/p><\/blockquote>\n<p><strong>AGORDO<\/strong> L&#8217; associazione Cycling Pangea ha fatto tappa ad Agordo nel suo Giro delle Dolomiti, un percorso che ha avuto inizio il 25 settembre 2021 da Mirano, e concluso sempre nel comune veneziano dopo circa 10 giorni in Veneto e Trentino Alto Adige, toccando le localit\u00e0 di Vittorio Veneto, Pieve di Cadore, Misurina, Cortina d\u2019Ampezzo, Corvara, Agordo e Feltre. L\u2019associazione promuove progetti con persone con disabilit\u00e0 fisico-intellettiva e con storie di dipendenza che concorre attivamente a realizzare pedalando su di un tandem. La bicicletta-tandem, che permette di sincronizzare e condividere lo sforzo fisico e l&#8217;impegno mentale di pi\u00f9 persone per poter ambire a raggiungere importanti risultati, diventa il mezzo, con valenze anche simboliche, per superare le barriere fisiche e intellettive e per veicolare stimolanti azioni di inclusione che coinvolgano anche il gruppo famili\u00e0re delle persone disabili. L&#8217;obiettivo: l&#8217;attraversamento dei grandi passi dolomitici. La sesta tappa di <a href=\"https:\/\/www.radiopiu.net\/wordpress\/per-i-comuni-in-arriv\/foto-1-23\/\" rel=\"attachment wp-att-235702\"><img loading=\"lazy\" decoding=\"async\" class=\"size-medium wp-image-235702 alignright\" src=\"https:\/\/www.radiopiu.net\/wordpress\/wp-content\/uploads\/2021\/10\/foto-1-300x225.jpg\" alt=\"\" width=\"300\" height=\"225\" srcset=\"https:\/\/www.radiopiu.net\/wordpress\/wp-content\/uploads\/2021\/10\/foto-1-300x225.jpg 300w, https:\/\/www.radiopiu.net\/wordpress\/wp-content\/uploads\/2021\/10\/foto-1-1024x768.jpg 1024w, https:\/\/www.radiopiu.net\/wordpress\/wp-content\/uploads\/2021\/10\/foto-1-768x576.jpg 768w, https:\/\/www.radiopiu.net\/wordpress\/wp-content\/uploads\/2021\/10\/foto-1-1536x1152.jpg 1536w, https:\/\/www.radiopiu.net\/wordpress\/wp-content\/uploads\/2021\/10\/foto-1.jpg 1600w\" sizes=\"auto, (max-width: 300px) 100vw, 300px\" \/><\/a>&#8220;Dolomiti in tandem&#8221; partita da Corvara in Val Badia \u00e8 terminata ad Agordo per ripartire il giorno successivo per Feltre.\u00a0 <em>\u201cSono stata molto felice di sostenere questa lodevole iniziativa\u00a0 &#8211; afferma l\u2019assessore di Agordo Chiara Fontanive. &#8211; e spero in un futuro, non molto lontano, di partecipare nuovamente a nuovi progetti.\u00a0 Ho percepito l\u2019energia positiva di questo gruppo sinergico che affronta nuove sfide con motivazione e collaborazione\u201d\u00a0<\/em><\/p>\n<p><strong>AI MICROFONI DI RADIO PIU&#8217;, IL PRESIDENTE ALESSANDRO DA LIO<\/strong><\/p>\n<audio class=\"wp-audio-shortcode\" id=\"audio-235641-9\" preload=\"none\" style=\"width: 100%;\" controls=\"controls\"><source type=\"audio\/mpeg\" src=\"https:\/\/www.radiopiu.net\/wordpress\/wp-content\/uploads\/2021\/10\/DALIO.mp3?_=9\" \/><a href=\"https:\/\/www.radiopiu.net\/wordpress\/wp-content\/uploads\/2021\/10\/DALIO.mp3\">https:\/\/www.radiopiu.net\/wordpress\/wp-content\/uploads\/2021\/10\/DALIO.mp3<\/a><\/audio>\n<p>&nbsp;<\/p>\n<p>&nbsp;<\/p>\n<p>&nbsp;<\/p>\n<hr \/>\n<p>&nbsp;<\/p>\n<blockquote>\n<h3>BUON SUCCESSO DOMENICA SCORSA A VILLA PATT IN OCCASIONE DI &#8220;PER NON PERDERE IL FILO&#8221;<\/h3>\n<\/blockquote>\n<p><strong>SEDICO <\/strong>Si \u00e8 svolto domenica 3 ottobre a Villa Patt di Sedico l\u2019evento \u201cPer non Perdere il filo ..\u201d dedicato alle Associazioni e alle donne che hanno collaborato al progetto Viva Vittoria tre Cime di Lavaredo. L\u2019evento, ideato dall\u2019Associazione di promozione sociale Gocce di Sole di Belluno, si \u00e8 svolto nella magnifica cornice di Villa Patt. Particolarmente apprezzato dai presenti l\u2019ottimo pranzo preparato dai ragazzi\u00a0 dell\u2019Enaip Veneto e Diego Ferigo del ristorante il Moretto di Belluno e allietato dalle bellissime voci di Jessica Da Re, Valentina De March, Giorgia Canton e dalla musica dei gruppi MAT, Marco V. Dal Farra e The JB Band. Molte sono state le persone che nel corso della giornata si sono recate in villa per ascoltare della buona musica, mangiare del buon cibo, ammirare le creazioni realizzate dalle mani artistiche delle donne aderenti al progetto Viva Vittoria; molti sono poi ritornati a casa con la loro coperta Viva Vittoria Tre cime di Lavaredo sostenendo cos\u00ec i progetti contro la violenza sulle donne di Belluno. Attivita&#8217; questa di proporre le splendide e calde coperte che continua ancora in citta&#8217; di Belluno presso la sede di via mezzaterra. L\u2019associazione Gocce di Sole rivolge un ringraziamento particolarmente alla Proloco di Sedico e il Comune di Sedico per l\u2019ospitalit\u00e0, ai musicisti che si sono alternati nel corso della giornata, ai ragazzi dell\u2019Enaip Veneto, i loro professori e allo chef Diego Ferigo.<\/p>\n\n\t\t\t<style type='text\/css'>\n\t\t\t\t#gallery-4 {\n\t\t\t\t\tmargin: auto;\n\t\t\t\t}\n\t\t\t\t#gallery-4 .gallery-item {\n\t\t\t\t\tfloat: left;\n\t\t\t\t\tmargin-top: 10px;\n\t\t\t\t\ttext-align: center;\n\t\t\t\t\twidth: 25%;\n\t\t\t\t}\n\t\t\t\t#gallery-4 img {\n\t\t\t\t\tborder: 2px solid #cfcfcf;\n\t\t\t\t}\n\t\t\t\t#gallery-4 .gallery-caption {\n\t\t\t\t\tmargin-left: 0;\n\t\t\t\t}\n\t\t\t\t\/* see gallery_shortcode() in wp-includes\/media.php *\/\n\t\t\t<\/style>\n\t\t<div id='gallery-4' class='dt-gallery-container gallery galleryid-235641 gallery-columns-4 gallery-size-medium'><dl class='gallery-item'>\n\t\t\t\t<dt class='gallery-icon landscape'>\n\t\t\t\t\t<a class=\"rollover rollover-zoom dt-pswp-item\" title=\"DSC_4090-1\" data-dt-img-description=\"\" data-large_image_width=\"2560\" data-large_image_height=\"1707\"href='https:\/\/www.radiopiu.net\/wordpress\/wp-content\/uploads\/2021\/10\/DSC_4090-1-scaled.jpg'><img loading=\"lazy\" decoding=\"async\" width=\"300\" height=\"200\" src=\"https:\/\/www.radiopiu.net\/wordpress\/wp-content\/uploads\/2021\/10\/DSC_4090-1-300x200.jpg\" class=\"attachment-medium size-medium\" alt=\"\" srcset=\"https:\/\/www.radiopiu.net\/wordpress\/wp-content\/uploads\/2021\/10\/DSC_4090-1-300x200.jpg 300w, https:\/\/www.radiopiu.net\/wordpress\/wp-content\/uploads\/2021\/10\/DSC_4090-1-1024x683.jpg 1024w, https:\/\/www.radiopiu.net\/wordpress\/wp-content\/uploads\/2021\/10\/DSC_4090-1-768x512.jpg 768w, https:\/\/www.radiopiu.net\/wordpress\/wp-content\/uploads\/2021\/10\/DSC_4090-1-1536x1024.jpg 1536w, https:\/\/www.radiopiu.net\/wordpress\/wp-content\/uploads\/2021\/10\/DSC_4090-1-2048x1365.jpg 2048w\" sizes=\"auto, (max-width: 300px) 100vw, 300px\" \/><\/a>\n\t\t\t\t<\/dt><\/dl><dl class='gallery-item'>\n\t\t\t\t<dt class='gallery-icon landscape'>\n\t\t\t\t\t<a class=\"rollover rollover-zoom dt-pswp-item\" title=\"DSC_4092\" data-dt-img-description=\"\" data-large_image_width=\"2560\" data-large_image_height=\"1706\"href='https:\/\/www.radiopiu.net\/wordpress\/wp-content\/uploads\/2021\/10\/DSC_4092-scaled.jpg'><img loading=\"lazy\" decoding=\"async\" width=\"300\" height=\"200\" src=\"https:\/\/www.radiopiu.net\/wordpress\/wp-content\/uploads\/2021\/10\/DSC_4092-300x200.jpg\" class=\"attachment-medium size-medium\" alt=\"\" srcset=\"https:\/\/www.radiopiu.net\/wordpress\/wp-content\/uploads\/2021\/10\/DSC_4092-300x200.jpg 300w, https:\/\/www.radiopiu.net\/wordpress\/wp-content\/uploads\/2021\/10\/DSC_4092-1024x683.jpg 1024w, https:\/\/www.radiopiu.net\/wordpress\/wp-content\/uploads\/2021\/10\/DSC_4092-768x512.jpg 768w, https:\/\/www.radiopiu.net\/wordpress\/wp-content\/uploads\/2021\/10\/DSC_4092-1536x1024.jpg 1536w, https:\/\/www.radiopiu.net\/wordpress\/wp-content\/uploads\/2021\/10\/DSC_4092-2048x1365.jpg 2048w\" sizes=\"auto, (max-width: 300px) 100vw, 300px\" \/><\/a>\n\t\t\t\t<\/dt><\/dl><dl class='gallery-item'>\n\t\t\t\t<dt class='gallery-icon landscape'>\n\t\t\t\t\t<a class=\"rollover rollover-zoom dt-pswp-item\" title=\"DSC_4232-1\" data-dt-img-description=\"\" data-large_image_width=\"2560\" data-large_image_height=\"1707\"href='https:\/\/www.radiopiu.net\/wordpress\/wp-content\/uploads\/2021\/10\/DSC_4232-1-scaled.jpg'><img loading=\"lazy\" decoding=\"async\" width=\"300\" height=\"200\" src=\"https:\/\/www.radiopiu.net\/wordpress\/wp-content\/uploads\/2021\/10\/DSC_4232-1-300x200.jpg\" class=\"attachment-medium size-medium\" alt=\"\" srcset=\"https:\/\/www.radiopiu.net\/wordpress\/wp-content\/uploads\/2021\/10\/DSC_4232-1-300x200.jpg 300w, https:\/\/www.radiopiu.net\/wordpress\/wp-content\/uploads\/2021\/10\/DSC_4232-1-1024x683.jpg 1024w, https:\/\/www.radiopiu.net\/wordpress\/wp-content\/uploads\/2021\/10\/DSC_4232-1-768x512.jpg 768w, https:\/\/www.radiopiu.net\/wordpress\/wp-content\/uploads\/2021\/10\/DSC_4232-1-1536x1024.jpg 1536w, https:\/\/www.radiopiu.net\/wordpress\/wp-content\/uploads\/2021\/10\/DSC_4232-1-2048x1365.jpg 2048w\" sizes=\"auto, (max-width: 300px) 100vw, 300px\" \/><\/a>\n\t\t\t\t<\/dt><\/dl><dl class='gallery-item'>\n\t\t\t\t<dt class='gallery-icon landscape'>\n\t\t\t\t\t<a class=\"rollover rollover-zoom dt-pswp-item\" title=\"DSC_4283-1\" data-dt-img-description=\"\" data-large_image_width=\"2560\" data-large_image_height=\"1707\"href='https:\/\/www.radiopiu.net\/wordpress\/wp-content\/uploads\/2021\/10\/DSC_4283-1-scaled.jpg'><img loading=\"lazy\" decoding=\"async\" width=\"300\" height=\"200\" src=\"https:\/\/www.radiopiu.net\/wordpress\/wp-content\/uploads\/2021\/10\/DSC_4283-1-300x200.jpg\" class=\"attachment-medium size-medium\" alt=\"\" srcset=\"https:\/\/www.radiopiu.net\/wordpress\/wp-content\/uploads\/2021\/10\/DSC_4283-1-300x200.jpg 300w, https:\/\/www.radiopiu.net\/wordpress\/wp-content\/uploads\/2021\/10\/DSC_4283-1-1024x683.jpg 1024w, https:\/\/www.radiopiu.net\/wordpress\/wp-content\/uploads\/2021\/10\/DSC_4283-1-768x512.jpg 768w, https:\/\/www.radiopiu.net\/wordpress\/wp-content\/uploads\/2021\/10\/DSC_4283-1-1536x1024.jpg 1536w, https:\/\/www.radiopiu.net\/wordpress\/wp-content\/uploads\/2021\/10\/DSC_4283-1-2048x1366.jpg 2048w\" sizes=\"auto, (max-width: 300px) 100vw, 300px\" \/><\/a>\n\t\t\t\t<\/dt><\/dl><br style=\"clear: both\" \/>\n\t\t\t<\/div>\n\n<p>&nbsp;<\/p>\n<p>&nbsp;<\/p>\n<hr \/>\n<p>&nbsp;<\/p>\n<p>&nbsp;<\/p>\n<blockquote>\n<h3><a href=\"https:\/\/www.radiopiu.net\/wordpress\/giornale-radiopiu-07-ottobre-2021-direttore-mirko-mezzacasa\/bellati-gelato-1\/\" rel=\"attachment wp-att-235697\"><img loading=\"lazy\" decoding=\"async\" class=\"wp-image-235697 alignleft\" src=\"https:\/\/www.radiopiu.net\/wordpress\/wp-content\/uploads\/2021\/10\/Bellati-gelato-1-200x300.jpg\" alt=\"\" width=\"150\" height=\"225\" srcset=\"https:\/\/www.radiopiu.net\/wordpress\/wp-content\/uploads\/2021\/10\/Bellati-gelato-1-200x300.jpg 200w, https:\/\/www.radiopiu.net\/wordpress\/wp-content\/uploads\/2021\/10\/Bellati-gelato-1-683x1024.jpg 683w, https:\/\/www.radiopiu.net\/wordpress\/wp-content\/uploads\/2021\/10\/Bellati-gelato-1-768x1152.jpg 768w, https:\/\/www.radiopiu.net\/wordpress\/wp-content\/uploads\/2021\/10\/Bellati-gelato-1-1024x1536.jpg 1024w, https:\/\/www.radiopiu.net\/wordpress\/wp-content\/uploads\/2021\/10\/Bellati-gelato-1.jpg 1280w\" sizes=\"auto, (max-width: 150px) 100vw, 150px\" \/><\/a>MOSTRA DEL GELATO, L&#8217;EDIZIONE RIVOLUZIONARIA<\/h3>\n<\/blockquote>\n<p><span style=\"color: #000000;\"><span style=\"font-family: Helvetica Neue, serif;\"><span style=\"font-family: Calibri, serif;\"><span style=\"font-size: medium;\"><span lang=\"it-IT\">Riparte la MIG, alla sua 61a edizione, e sar\u00e0 la prima fiera del gelato <\/span><\/span><\/span><span style=\"font-family: Calibri, serif;\"><span style=\"font-size: medium;\"><span lang=\"it-IT\"><b>in presenza<\/b><\/span><\/span><\/span><span style=\"font-family: Calibri, serif;\"><span style=\"font-size: medium;\"><span lang=\"it-IT\"> dopo il periodo Covid e la prima in assoluto <\/span><\/span><\/span><span style=\"font-family: Calibri, serif;\"><span style=\"font-size: medium;\"><span lang=\"it-IT\"><b>senza plastica<\/b><\/span><\/span><\/span><span style=\"font-family: Calibri, serif;\"><span style=\"font-size: medium;\"><span lang=\"it-IT\">. Ma non solo Plastic free, cambiano le modalit\u00e0 di visita, l\u2019organizzazione degli spazi espositivi e i contenuti per presentare il gelato in un mondo in forte evoluzione. <\/span><\/span><\/span><\/span><\/span><span style=\"font-size: medium; font-family: Calibri, serif; color: #000000;\">Tre saranno i cardini del rilancio della fiera storica, per dimostrare come gli strumenti proposti rispondano alle esigenze del mercato e per far incontrare domanda e offerta in un contesto innovativo e favorevole al business: sicurezza, sostemibilit\u00e0 e nuovi player nel mondo del gelato.\u00a0 <\/span><span style=\"color: #000000;\"><span style=\"font-family: Helvetica Neue, serif;\"><span style=\"font-family: Calibri, serif;\"><span style=\"font-size: medium;\"><span lang=\"it-IT\"><b>Gian Angelo Bellati <\/b><\/span><\/span><\/span><span style=\"font-family: Calibri, serif;\"><span style=\"font-size: medium;\"><span lang=\"it-IT\">\u00a0presidente di Longarone Fiere Dolomiti (foto) sottolinea come \u201c<\/span><\/span><\/span><span style=\"font-family: Calibri, serif;\"><span style=\"font-size: medium;\"><span lang=\"it-IT\"><i>la MIG riparte perch\u00e9 tutto il settore del gelato artigianale ha bisogno di un messaggio di forte di rinascita e ottimismo dopo il dramma che abbiamo vissuto. E nonostante l&#8217;emergenza sanitaria non sia completamente terminata con indubbie difficolt\u00e0 organizzative per tutti, il nostro motto \u00e8: insieme per ripartire con nuovi progetti e nuovi investimenti!\u201d.\u00a0<\/i><\/span><\/span><\/span><\/span><\/span><\/p>\n<p>&nbsp;<\/p>\n<p>&nbsp;<\/p>\n<hr \/>\n<blockquote>\n<h3><\/h3>\n<h3>RIPARTONO GIARDINETTE E TOPOLINO, IN VIAGGIO GLI AMICI D CON SINDROME DI DOWN<\/h3>\n<\/blockquote>\n<p><strong><a href=\"https:\/\/www.radiopiu.net\/wordpress\/ripartono-giardinette-e-topolino-in-viaggio-gli-amici-d-con-sindrome-di-down\/afecabf9-c61b-45b4-a844-a96e3b2b1078\/\" rel=\"attachment wp-att-235540\"><img loading=\"lazy\" decoding=\"async\" class=\" wp-image-235540 alignleft\" src=\"https:\/\/www.radiopiu.net\/wordpress\/wp-content\/uploads\/2021\/10\/afecabf9-c61b-45b4-a844-a96e3b2b1078-300x169.jpg\" alt=\"\" width=\"282\" height=\"159\" srcset=\"https:\/\/www.radiopiu.net\/wordpress\/wp-content\/uploads\/2021\/10\/afecabf9-c61b-45b4-a844-a96e3b2b1078-300x169.jpg 300w, https:\/\/www.radiopiu.net\/wordpress\/wp-content\/uploads\/2021\/10\/afecabf9-c61b-45b4-a844-a96e3b2b1078-1024x576.jpg 1024w, https:\/\/www.radiopiu.net\/wordpress\/wp-content\/uploads\/2021\/10\/afecabf9-c61b-45b4-a844-a96e3b2b1078-768x432.jpg 768w, https:\/\/www.radiopiu.net\/wordpress\/wp-content\/uploads\/2021\/10\/afecabf9-c61b-45b4-a844-a96e3b2b1078-1536x864.jpg 1536w, https:\/\/www.radiopiu.net\/wordpress\/wp-content\/uploads\/2021\/10\/afecabf9-c61b-45b4-a844-a96e3b2b1078.jpg 1599w\" sizes=\"auto, (max-width: 282px) 100vw, 282px\" \/><\/a>FELTRE<\/strong><b> <\/b>\u00a0Domenica\u00a0 ricorre l&#8217;annuale <strong>Giornata Nazionale delle persone con sindrome di Down<\/strong> ; anche l\u2019AIPD (Associazone Italiana Persone Down) della provincia di Belluno \u00e8 presente con\u00a0 alcune iniziative, per informare,\u00a0 \u00a0sensibilizzare e\u00a0 raccogliere fondi.\u00a0 In collaborazione col Club <strong>\u201cAmici della Topolino&#8221; ritorna<\/strong> il classico giro turistico con Topolino e Giardinette, con percorso che varia ogni anno. Raduno in piazza dei Martiri, quindi:\u00a0 Ponte nelle Alpi,\u00a0 Limana ed arrivo a Mel dove\u00a0 gli equipaggi\u00a0 (autista e un giovane con sindrome di Down come navigatore ) si esibiranno in alcune semplici prove di abilit\u00e0. Sabato e domenica \u00a0in molti centri della provincia ci saranno banchetti con materiale informativo sulla sindrome di Down e sulle attivit\u00e0 dell\u2019AIPD locale, e per raccolta fondi\u00a0 Agordo sabato alla Fiera del bestiam, Belluno piazza\u00a0 Martiri, Ponte nelle Alpi, Limana, Mel, Lentiai, Feltre, Pedavena, Lamon, infine luned\u00ec 11 a Pieve di Cadore in piazza. A breve\u00a0 ripartono anche con i progetti pensati per le persone con sindrome di Down, delle varie classi di et\u00e0, quindi: percorsi di educazione all\u2019autonomia personale e sociale, orientamento al lavoro e semi residenzialit\u00e0.<\/p>\n<p>&nbsp;<\/p>\n<p>&nbsp;<\/p>\n<hr \/>\n<p>&nbsp;<\/p>\n<blockquote>\n<h3>I COLORI DELL&#8217;AUTUNNO, IL CONCORSO FOTOGRAFICO<\/h3>\n<\/blockquote>\n<p><strong><a href=\"https:\/\/www.radiopiu.net\/wordpress\/giornale-radiopiu-05-ottobre-2021-direttore-mirko-mezzacasa\/11872114_851463808295033_304473982179215535_o\/\" rel=\"attachment wp-att-235245\"><img loading=\"lazy\" decoding=\"async\" class=\"wp-image-235245 alignleft\" src=\"https:\/\/www.radiopiu.net\/wordpress\/wp-content\/uploads\/2021\/10\/11872114_851463808295033_304473982179215535_o-300x225.jpg\" alt=\"\" width=\"156\" height=\"117\" srcset=\"https:\/\/www.radiopiu.net\/wordpress\/wp-content\/uploads\/2021\/10\/11872114_851463808295033_304473982179215535_o-300x225.jpg 300w, https:\/\/www.radiopiu.net\/wordpress\/wp-content\/uploads\/2021\/10\/11872114_851463808295033_304473982179215535_o-1024x768.jpg 1024w, https:\/\/www.radiopiu.net\/wordpress\/wp-content\/uploads\/2021\/10\/11872114_851463808295033_304473982179215535_o-768x576.jpg 768w, https:\/\/www.radiopiu.net\/wordpress\/wp-content\/uploads\/2021\/10\/11872114_851463808295033_304473982179215535_o-1536x1152.jpg 1536w, https:\/\/www.radiopiu.net\/wordpress\/wp-content\/uploads\/2021\/10\/11872114_851463808295033_304473982179215535_o.jpg 2048w\" sizes=\"auto, (max-width: 156px) 100vw, 156px\" \/><\/a>CENCENIGHE<\/strong> La proloco ha indetto un concorso fotografico sui colori della stagione appena iniziata. Le fotografie dovranno pervenire entro il 31 ottobre all&#8217;indirizzo: concorsocoloriautunno@gmail.com. Sabato 13 novembre alle 15 la premiazione con l&#8217;esposizione delle foto al Nof Filo&#8217;. Il regolamento sul sito www.prolococencenighe.it<\/p>\n<p><span style=\"color: #ff0000;\">LO SPECIALE ALLA RADIO\u00a0<\/span><br \/>\n<strong>OSPITI: Milena Soppelsa, Francesca Trentin, Elisa Cancel e Orietta Scardanzan\u00a0<\/strong><\/p>\n<p><strong>di Claudio Fontanive<\/strong><\/p>\n<audio class=\"wp-audio-shortcode\" id=\"audio-235641-10\" preload=\"none\" style=\"width: 100%;\" controls=\"controls\"><source type=\"audio\/mpeg\" src=\"https:\/\/www.radiopiu.net\/wordpress\/wp-content\/uploads\/2021\/10\/concorso-fotografico-04-ottobre.mp3?_=10\" \/><a href=\"https:\/\/www.radiopiu.net\/wordpress\/wp-content\/uploads\/2021\/10\/concorso-fotografico-04-ottobre.mp3\">https:\/\/www.radiopiu.net\/wordpress\/wp-content\/uploads\/2021\/10\/concorso-fotografico-04-ottobre.mp3<\/a><\/audio>\n<p>&nbsp;<\/p>\n<p>&nbsp;<\/p>\n<hr \/>\n<p>&nbsp;<\/p>\n<blockquote>\n<h3>E CON LA PROLOCO&#8230; LA PALESTRA DIGITALE<\/h3>\n<\/blockquote>\n<p><a href=\"https:\/\/www.radiopiu.net\/wordpress\/giornale-radiopiu-05-ottobre-2021-direttore-mirko-mezzacasa\/locandina-computer\/\" rel=\"attachment wp-att-235276\"><img loading=\"lazy\" decoding=\"async\" class=\"wp-image-235276 alignleft\" src=\"https:\/\/www.radiopiu.net\/wordpress\/wp-content\/uploads\/2021\/10\/locandina-computer-212x300.jpg\" alt=\"\" width=\"114\" height=\"161\" srcset=\"https:\/\/www.radiopiu.net\/wordpress\/wp-content\/uploads\/2021\/10\/locandina-computer-212x300.jpg 212w, https:\/\/www.radiopiu.net\/wordpress\/wp-content\/uploads\/2021\/10\/locandina-computer-724x1024.jpg 724w, https:\/\/www.radiopiu.net\/wordpress\/wp-content\/uploads\/2021\/10\/locandina-computer-768x1086.jpg 768w, https:\/\/www.radiopiu.net\/wordpress\/wp-content\/uploads\/2021\/10\/locandina-computer-1086x1536.jpg 1086w, https:\/\/www.radiopiu.net\/wordpress\/wp-content\/uploads\/2021\/10\/locandina-computer.jpg 1414w\" sizes=\"auto, (max-width: 114px) 100vw, 114px\" \/><\/a><\/p>\n<p><strong>\u00a0<\/strong><\/p>\n<p><strong>CENCENIGHE<\/strong> Presso l&#8217;ufficio turistico-Biblioteca sono a disposizione alcuni computer per accedere gratuitamente ai servizi della Pubblica Amministrazione. I Pc sono stati acquistati grazie al finanziamento Por Obiettivo Investimenti in favore della crescita dell&#8217;occupazione, fondo europeo di sviluppo regionale 2014-2020. Informazioni all&#8217;ufficio turistico, 0437 591549<\/p>\n<p>&nbsp;<\/p>\n<p>&nbsp;<\/p>\n<hr \/>\n<p>&nbsp;<\/p>\n<p>&nbsp;<\/p>\n<blockquote>\n<h3 style=\"text-align: left;\" align=\"CENTER\"><span style=\"color: #1f3864;\"><span style=\"font-family: Candara, serif;\"><span style=\"font-size: x-large;\"><b><a href=\"https:\/\/www.radiopiu.net\/wordpress\/giornale-radiopiu-07-ottobre-2021-direttore-mirko-mezzacasa\/its-2019-5718-2\/\" rel=\"attachment wp-att-235698\"><img loading=\"lazy\" decoding=\"async\" class=\" wp-image-235698 alignleft\" src=\"https:\/\/www.radiopiu.net\/wordpress\/wp-content\/uploads\/2021\/10\/ITS-2019-5718-2-300x200.jpg\" alt=\"\" width=\"242\" height=\"161\" srcset=\"https:\/\/www.radiopiu.net\/wordpress\/wp-content\/uploads\/2021\/10\/ITS-2019-5718-2-300x200.jpg 300w, https:\/\/www.radiopiu.net\/wordpress\/wp-content\/uploads\/2021\/10\/ITS-2019-5718-2-1024x683.jpg 1024w, https:\/\/www.radiopiu.net\/wordpress\/wp-content\/uploads\/2021\/10\/ITS-2019-5718-2-768x512.jpg 768w, https:\/\/www.radiopiu.net\/wordpress\/wp-content\/uploads\/2021\/10\/ITS-2019-5718-2.jpg 1500w\" sizes=\"auto, (max-width: 242px) 100vw, 242px\" \/><\/a>IL 26 OTTOBRE L\u2019ULTIMA SELEZIONE PER PARTECIPARE <\/b><\/span><\/span><\/span><span style=\"color: #1f3864;\"><span style=\"font-family: Candara, serif;\"><span style=\"font-size: x-large;\"><span lang=\"en-GB\"><b>AL CORSO ITS PER EYEWEAR PRODUCT MANAGER<\/b><\/span><\/span><\/span><\/span><\/h3>\n<\/blockquote>\n<p><strong>LONGARONE<\/strong>\u00a0 \u00a0I<span style=\"font-family: Candara, serif;\"><span style=\"font-size: large;\">l corso ITS Academy per Eyewear Product manager <\/span><\/span><span style=\"font-family: Candara, serif;\"><span style=\"font-size: large;\">\u00a0il <\/span><\/span><span style=\"font-family: Candara, serif;\"><span style=\"font-size: large;\">26 ottobre<\/span><\/span><span style=\"font-family: Candara, serif;\"><span style=\"font-size: large;\"> selezioner\u00e0 gli ultimi candidati per l\u20198\u00b0 edizione, i<\/span><\/span><span style=\"font-size: large; font-family: Candara, serif;\">l corso gestito dall\u2019Area Formazione di Certottica, la Fondazione di riferimento \u00e8 la Fashion Academy ITS Cosmo, con sede a Padova, che ha in capo tutto il mondo della moda e dei suoi accessori.\u00a0 Gli ITS giovano del contributo del MIUR e della Regione del Veneto nel solco del Fondo Sociale Europeo. <\/span><span style=\"font-family: Candara, serif;\"><span style=\"font-size: large;\">Per accedere alla prossima selezione \u00e8 possibile procedere all\u2019iscrizione direttamente dall\u2019home page della Fondazione <\/span><\/span><a href=\"http:\/\/www.itscosmo.it\"><span style=\"color: #00000a;\"><span style=\"font-family: Candara, serif;\"><span style=\"font-size: large;\">www.itscosmo.it<\/span><\/span><\/span><\/a><span style=\"font-family: Candara, serif;\"><span style=\"font-size: large;\">.\u00a0<\/span><\/span><\/p>\n<p>&nbsp;<\/p>\n<p>&nbsp;<\/p>\n<hr \/>\n<p>&nbsp;<\/p>\n<p>&nbsp;<\/p>\n<blockquote>\n<h3>UN FINE SETTIMANA CON IL FAI<\/h3>\n<\/blockquote>\n<p><strong>BELLUNO<\/strong> Sabato 16 e domenica 17 ottobre tornano le \u201cGiornate FAI d\u2019Autunno\u201d. Le visite \u2013 a contributo \u2013 sono proposte dai Gruppi FAI Giovani, con il supporto di tutte le Delegazioni e i Gruppi FAI, in centinaia di luoghi solitamente inaccessibili oppure poco noti e bisognosi di valorizzazione in tutta Italia. Anche in provincia di Belluno la delegazione e il gruppo giovani FAI stanno organizzando questa manifestazione e proporr\u00e0 due interessanti siti nel Feltrino.<\/p>\n<p>&nbsp;<\/p>\n<p>&nbsp;<\/p>\n<p>&nbsp;<\/p>\n<hr \/>\n<p>&nbsp;<\/p>\n<blockquote>\n<h3>COPERTINA SUL GRUPPO SEI DI FALCADE OFFICIAL DOPO IL CONCORSO FOTOGRAFICO<\/h3>\n<\/blockquote>\n<p><strong><a href=\"https:\/\/www.radiopiu.net\/wordpress\/giornale-radiopiu-07-ottobre-2021-direttore-mirko-mezzacasa\/fa8bfbbd-9b63-46a4-a6f6-155eef6089f1\/\" rel=\"attachment wp-att-235748\"><img loading=\"lazy\" decoding=\"async\" class=\"size-medium wp-image-235748 alignleft\" src=\"https:\/\/www.radiopiu.net\/wordpress\/wp-content\/uploads\/2021\/10\/fa8bfbbd-9b63-46a4-a6f6-155eef6089f1-300x225.jpg\" alt=\"\" width=\"300\" height=\"225\" srcset=\"https:\/\/www.radiopiu.net\/wordpress\/wp-content\/uploads\/2021\/10\/fa8bfbbd-9b63-46a4-a6f6-155eef6089f1-300x225.jpg 300w, https:\/\/www.radiopiu.net\/wordpress\/wp-content\/uploads\/2021\/10\/fa8bfbbd-9b63-46a4-a6f6-155eef6089f1.jpg 720w\" sizes=\"auto, (max-width: 300px) 100vw, 300px\" \/><\/a> <\/strong><\/p>\n<p><strong>\u00a0<\/strong><\/p>\n<p><strong>\u00a0<\/strong><\/p>\n<p><strong>FALCADE<\/strong> Copertina estova del gruppo. &#8221; <em>Complimenti a Marco Valt autore della copertina del\u00a0 gruppo<\/em>&#8221;<\/p>\n<p>&nbsp;<\/p>\n<p>&nbsp;<\/p>\n<p>&nbsp;<\/p>\n<p>&nbsp;<\/p>\n<p>&nbsp;<\/p>\n<p>&nbsp;<\/p>\n<hr \/>\n<p>&nbsp;<\/p>\n<p><span style=\"color: #ff0000;\"><strong>IERI ALLA RADIO<\/strong><\/span><\/p>\n<blockquote>\n<h2>FRANCESCO ZILLIO &#8211; SECONDA PUNTATA 2021<\/h2>\n<p><iframe loading=\"lazy\" title=\"FRANCESCO ZILLIO &quot;SVILUPPO DEI SISTEMI DI RICARICA&quot;\" width=\"1200\" height=\"675\" src=\"https:\/\/www.youtube.com\/embed\/QP5fcjC72vs?start=2&#038;feature=oembed\" frameborder=\"0\" allow=\"accelerometer; autoplay; clipboard-write; encrypted-media; gyroscope; picture-in-picture\" allowfullscreen><\/iframe><\/p>\n<p>&nbsp;<\/p><\/blockquote>\n<h2>LA RACCOLTA COMPLETA 2021<\/h2>\n<p>&nbsp;<\/p>\n<blockquote class=\"wp-embedded-content\" data-secret=\"w15Ysu7JPQ\"><p><a href=\"https:\/\/www.radiopiu.net\/wordpress\/tecnologie-con-francesco-zillio\/\">TECNOLOGIE CON FRANCESCO ZILLIO<\/a><\/p><\/blockquote>\n<p><iframe loading=\"lazy\" class=\"wp-embedded-content\" sandbox=\"allow-scripts\" security=\"restricted\" style=\"position: absolute; clip: rect(1px, 1px, 1px, 1px);\" title=\"&#8220;TECNOLOGIE CON FRANCESCO ZILLIO&#8221; &#8212; Radio Pi\u00f9\" src=\"https:\/\/www.radiopiu.net\/wordpress\/tecnologie-con-francesco-zillio\/embed\/#?secret=w15Ysu7JPQ\" data-secret=\"w15Ysu7JPQ\" width=\"600\" height=\"338\" frameborder=\"0\" marginwidth=\"0\" marginheight=\"0\" scrolling=\"no\"><\/iframe><\/p>\n<p>&nbsp;<\/p>\n<hr \/>\n<p>&nbsp;<\/p>\n<blockquote>\n<h3>IN UN BOLLA DI PAPA LUCIO III DEL 1185 NOTIZIA CERTA SULLA PIEVE DI SEDICO<\/h3>\n<\/blockquote>\n<p><strong>di\u00a0 RENATO BONA<\/strong><\/p>\n<p>\u201cRicordando. Storia e immagini del comune di Sedico\u201d nel primo capitolo il libro (edito dall\u2019Istituto bellunese di ricerche sociali e culturali ad iniziativa di Comune e biblioteca civica, stampa del marzo 1986, tipografia Piave, in copertina disegno di Villa Rudio a Landris, opera di Sandra Rossa Argenti) ha proposto con Carla Conz la breve storia di Sedico, nella quale non poteva certo mancare lo spazio per la pieve. Partendo dal fatto che nel territorio bellunese le pievi erano sorte intorno al 1000 e forse anche prima, viene precisato che per quanto riguarda la realt\u00e0 di Sedico la prima notizia certa dell\u2019esistenza della pieve viene da una bolla di Papa Lucio III del 1185 \u201cin cui si fa chiaro riferimento alla Pieve di Sedico \u2018cum cappellis suis\u2019 cio\u00e8 alla chiesa pievanale e alle altre cappelle minori, distribuite nella zona; il che ci fa supporre che la pieve fosse ben anteriore a questa data\u201d. E, sostiene la Conz, come comunit\u00e0 religiosa si \u00e8 formata probabilmente quando la comunit\u00e0 pagana, convertita al cristianesimo, viene governata da un sacerdote che risiede stabilmente presso di essa, costruendo nella parte centrale del villaggio la chiesa battesimale. L\u2019autrice richiama il fatto che \u201cla pieve, generalmente aveva la sua scuola in cui si formavano i futuri diaconi e i chierici che si preparavano al sacerdozio, ma si formavano anche medici, giudici, notai\u201d per poi sottolineare: \u201cche tale scuola esistesse pu\u00f2 essere confermato da un atto notarile del 15 gennaio 1240, firmato da Marescotto di Villiago &#8211; ante Calonice &#8211; cio\u00e8 davanti alla residenza del parroco, chiaramente indicata al plurale, il che lascia intendere che non si trattava di un solo edificio, ma di un complesso pi\u00f9 vasto, del quale faceva parte la scuola stessa, come scriveva don Ferdinando Tamis nel numero 1 della Rivista Bellunese. E veniamo alla chiesa, completamente ricostruita nel 1762 per volere del conte Miaro Miari e demolita nel 1955 perch\u00e9 pericolante e in luogo poco adatto alle esigenze del traffico in aumento. Mentre molte altre chiesette frazionali, alcune ormai scomparse, sorgevano nel territorio di Sedico a testimonianza della fede che sorreggeva gli abitanti in ogni occasione, lieta o triste, della vita. Secondo la Conz, merita un cenno la chiesetta di San Pietro che sorge sull\u2019omonimo colle e che la tradizione indica come la pi\u00f9 vecchia della parrocchia, antecedente anche alla principale, dedicata a Santa Maria Annunziata. E aggiunge: \u201cSe consideriamo che parecchie di queste chiesette furono costruite nel XV e XVI secolo, se teniamo conto dell\u2019esiguit\u00e0 della popolazione di allora (una curiosa tabella, tra le note in appendice al testo precisa: 1564 Sedego: anime utili: homeni 289, donne 244; inutili: putti 616, vecchi 107; preti 2 &#8211; ndr.) e delle precarie condizioni economiche della quasi totalit\u00e0 dei villici, possiamo anche immaginare quali sacrifici costasse la erezione di tante cappelle (quella di Santa Margherita, ora di santa Lucia, di Longano; di San Giorgio a Libano; quella di San Giacomo a Bribano e di san Nicol\u00f2 a Bribanet; di San Pietro in Corona; quella di San Lorenzo di Pasa; quella di Villiago dedicata a San Girolamo ed ora a Sant\u2019Antonio Abate come quella di Carmegn, l\u2019unica quest\u2019ultima ad avere il privilegio nella Pieve di Sedico, delle indulgenze per cui i fedeli vi si recavano in penitenza, a piedi, quattro volte l\u2019anno: il 30 settembre e nelle feste di Santa Croce, dei Santissimi Innocenti e di San Biagio). Il contributo di Carla Conz a \u201cRicordando\u201d sull\u2019argomento si conclude con un cenno alle varie confraternite \u201ccostituitesi nella pieve, lungo i secoli, da quella pi\u00f9 antica dei Battuti, detta anche \u2018scuola della Beata Vergine dalle cape bianche\u2019 a quella del Santissimo Sacramento, del Rosario, delle Anime Purganti; confraternite che provvedevano tutte, oltre che al decoro della chiesa, al soccorso dei poveri, degli infermi, alle spese dei funerali dei pi\u00f9 indigenti ma che talvolta, forse, non impiegavano nel modo migliore le risorse disponibili, se nel 1661 i confratelli della \u2018scuola della Beata Vergine\u2019 vengono rimproverati di spendere troppo \u2018in pasti e simili magnarie\u2019\u201d. Di religione si \u00e8 occupato anche Gianni De Vecchi che in base alle testimonianze orali esistenti scrive che: \u201cLa chiesa era l\u2019unico luogo di ritrovo, cui potevano accedere tutti. Attorno ad essa, costruita coi sacrifici di tutti, sorgevano poi le altre casa fino a formare il paese. Era molto frequentata nei giorni. Il parroco rappresentava quindi, in genere, l\u2019unico aiuto sia spirituale che materiale per una popolazione analfabeta (o quasi) e molto povera\u2026 Il sentimento religioso era molto radicato nella gente (in genere contadini, operai o emigranti) ed aiutava ad affrontare con serenit\u00e0 le privazioni che la vita difficile imponeva e ad accettare le malattie con cristiana rassegnazione. A testimonianza della loro profonda fede in Dio e della devozione alla Madonna e ai Santi (le cui ricorrenze scandivano i lavori agricoli), i nostri avi eressero chiesette, tarioi (cappellette), capitei (capitelli) anche nei luoghi pi\u00f9 impervi come la chiesetta di San Giorgio sopra Barp.<\/p>\n\n\t\t\t<style type='text\/css'>\n\t\t\t\t#gallery-5 {\n\t\t\t\t\tmargin: auto;\n\t\t\t\t}\n\t\t\t\t#gallery-5 .gallery-item {\n\t\t\t\t\tfloat: left;\n\t\t\t\t\tmargin-top: 10px;\n\t\t\t\t\ttext-align: center;\n\t\t\t\t\twidth: 25%;\n\t\t\t\t}\n\t\t\t\t#gallery-5 img {\n\t\t\t\t\tborder: 2px solid #cfcfcf;\n\t\t\t\t}\n\t\t\t\t#gallery-5 .gallery-caption {\n\t\t\t\t\tmargin-left: 0;\n\t\t\t\t}\n\t\t\t\t\/* see gallery_shortcode() in wp-includes\/media.php *\/\n\t\t\t<\/style>\n\t\t<div id='gallery-5' class='dt-gallery-container gallery galleryid-235641 gallery-columns-4 gallery-size-thumbnail'><dl class='gallery-item'>\n\t\t\t\t<dt class='gallery-icon landscape'>\n\t\t\t\t\t<a class=\"rollover rollover-zoom dt-pswp-item\" title=\"244555458_268556451818711_7709071411518491898_n\" data-dt-img-description=\"\" data-large_image_width=\"275\" data-large_image_height=\"206\"href='https:\/\/www.radiopiu.net\/wordpress\/wp-content\/uploads\/2021\/10\/244555458_268556451818711_7709071411518491898_n.jpg'><img loading=\"lazy\" decoding=\"async\" width=\"150\" height=\"150\" src=\"https:\/\/www.radiopiu.net\/wordpress\/wp-content\/uploads\/2021\/10\/244555458_268556451818711_7709071411518491898_n-150x150.jpg\" class=\"attachment-thumbnail size-thumbnail\" alt=\"\" \/><\/a>\n\t\t\t\t<\/dt><\/dl><dl class='gallery-item'>\n\t\t\t\t<dt class='gallery-icon landscape'>\n\t\t\t\t\t<a class=\"rollover rollover-zoom dt-pswp-item\" title=\"244523594_396856805232902_5451455837719912949_n\" data-dt-img-description=\"\" data-large_image_width=\"293\" data-large_image_height=\"206\"href='https:\/\/www.radiopiu.net\/wordpress\/wp-content\/uploads\/2021\/10\/244523594_396856805232902_5451455837719912949_n.jpg'><img loading=\"lazy\" decoding=\"async\" width=\"150\" height=\"150\" src=\"https:\/\/www.radiopiu.net\/wordpress\/wp-content\/uploads\/2021\/10\/244523594_396856805232902_5451455837719912949_n-150x150.jpg\" class=\"attachment-thumbnail size-thumbnail\" alt=\"\" \/><\/a>\n\t\t\t\t<\/dt><\/dl><dl class='gallery-item'>\n\t\t\t\t<dt class='gallery-icon portrait'>\n\t\t\t\t\t<a class=\"rollover rollover-zoom dt-pswp-item\" title=\"244045500_1202967370179733_1197150511965610975_n\" data-dt-img-description=\"\" data-large_image_width=\"151\" data-large_image_height=\"206\"href='https:\/\/www.radiopiu.net\/wordpress\/wp-content\/uploads\/2021\/10\/244045500_1202967370179733_1197150511965610975_n.jpg'><img loading=\"lazy\" decoding=\"async\" width=\"150\" height=\"150\" src=\"https:\/\/www.radiopiu.net\/wordpress\/wp-content\/uploads\/2021\/10\/244045500_1202967370179733_1197150511965610975_n-150x150.jpg\" class=\"attachment-thumbnail size-thumbnail\" alt=\"\" \/><\/a>\n\t\t\t\t<\/dt><\/dl><dl class='gallery-item'>\n\t\t\t\t<dt class='gallery-icon portrait'>\n\t\t\t\t\t<a class=\"rollover rollover-zoom dt-pswp-item\" title=\"244590984_4203482319750579_1783397577828580032_n\" data-dt-img-description=\"\" data-large_image_width=\"153\" data-large_image_height=\"240\"href='https:\/\/www.radiopiu.net\/wordpress\/wp-content\/uploads\/2021\/10\/244590984_4203482319750579_1783397577828580032_n.jpg'><img loading=\"lazy\" decoding=\"async\" width=\"150\" height=\"150\" src=\"https:\/\/www.radiopiu.net\/wordpress\/wp-content\/uploads\/2021\/10\/244590984_4203482319750579_1783397577828580032_n-150x150.jpg\" class=\"attachment-thumbnail size-thumbnail\" alt=\"\" \/><\/a>\n\t\t\t\t<\/dt><\/dl><br style=\"clear: both\" \/><dl class='gallery-item'>\n\t\t\t\t<dt class='gallery-icon landscape'>\n\t\t\t\t\t<a class=\"rollover rollover-zoom dt-pswp-item\" title=\"244636014_229660925863897_5703877873230667714_n\" data-dt-img-description=\"\" data-large_image_width=\"275\" data-large_image_height=\"206\"href='https:\/\/www.radiopiu.net\/wordpress\/wp-content\/uploads\/2021\/10\/244636014_229660925863897_5703877873230667714_n.jpg'><img loading=\"lazy\" decoding=\"async\" width=\"150\" height=\"150\" src=\"https:\/\/www.radiopiu.net\/wordpress\/wp-content\/uploads\/2021\/10\/244636014_229660925863897_5703877873230667714_n-150x150.jpg\" class=\"attachment-thumbnail size-thumbnail\" alt=\"\" \/><\/a>\n\t\t\t\t<\/dt><\/dl><dl class='gallery-item'>\n\t\t\t\t<dt class='gallery-icon landscape'>\n\t\t\t\t\t<a class=\"rollover rollover-zoom dt-pswp-item\" title=\"244622517_399144275000774_8332089736088291944_n\" data-dt-img-description=\"\" data-large_image_width=\"280\" data-large_image_height=\"202\"href='https:\/\/www.radiopiu.net\/wordpress\/wp-content\/uploads\/2021\/10\/244622517_399144275000774_8332089736088291944_n.jpg'><img loading=\"lazy\" decoding=\"async\" width=\"150\" height=\"150\" src=\"https:\/\/www.radiopiu.net\/wordpress\/wp-content\/uploads\/2021\/10\/244622517_399144275000774_8332089736088291944_n-150x150.jpg\" class=\"attachment-thumbnail size-thumbnail\" alt=\"\" \/><\/a>\n\t\t\t\t<\/dt><\/dl><dl class='gallery-item'>\n\t\t\t\t<dt class='gallery-icon landscape'>\n\t\t\t\t\t<a class=\"rollover rollover-zoom dt-pswp-item\" title=\"244554151_1037910263693807_5724242345879426635_n\" data-dt-img-description=\"\" data-large_image_width=\"334\" data-large_image_height=\"206\"href='https:\/\/www.radiopiu.net\/wordpress\/wp-content\/uploads\/2021\/10\/244554151_1037910263693807_5724242345879426635_n.jpg'><img loading=\"lazy\" decoding=\"async\" width=\"150\" height=\"150\" src=\"https:\/\/www.radiopiu.net\/wordpress\/wp-content\/uploads\/2021\/10\/244554151_1037910263693807_5724242345879426635_n-150x150.jpg\" class=\"attachment-thumbnail size-thumbnail\" alt=\"\" \/><\/a>\n\t\t\t\t<\/dt><\/dl><dl class='gallery-item'>\n\t\t\t\t<dt class='gallery-icon portrait'>\n\t\t\t\t\t<a class=\"rollover rollover-zoom dt-pswp-item\" title=\"244122228_419042133185969_1239514635532016842_n\" data-dt-img-description=\"\" data-large_image_width=\"180\" data-large_image_height=\"202\"href='https:\/\/www.radiopiu.net\/wordpress\/wp-content\/uploads\/2021\/10\/244122228_419042133185969_1239514635532016842_n.jpg'><img loading=\"lazy\" decoding=\"async\" width=\"150\" height=\"150\" src=\"https:\/\/www.radiopiu.net\/wordpress\/wp-content\/uploads\/2021\/10\/244122228_419042133185969_1239514635532016842_n-150x150.jpg\" class=\"attachment-thumbnail size-thumbnail\" alt=\"\" \/><\/a>\n\t\t\t\t<\/dt><\/dl><br style=\"clear: both\" \/>\n\t\t\t<\/div>\n\n<p>NELLE FOTO (riproduzioni dal libro \u201cRicordando\u201d e Pinterest): la parrocchiale di Sedico: vecchia di oltre 200 anni venne demolita nel 1955; monsignor Luigi Fiori ed il fratello monsignor Angelo, maestranze e operai posano per la foto ricordo del \u201ccolmo\u201d della nuova chiesa; la vecchia Canonica; processione, la prima domenica di ottobre, in onore della Beata vergine del Rosario, sullo sfondo la vecchia parrocchiale poi demolita; prima messa di don Giacomo Viezzer nella parrocchiale di Libano il 2 luglio 1933; ricordo della cresima del 1913; prima comunione del 1930; la chiesetta di San Pietro sul colle omonimo.<\/p>\n<p>&nbsp;<\/p>\n<p>&nbsp;<\/p>\n<hr \/>\n<p>&nbsp;<\/p>\n<p><a href=\"https:\/\/www.radiopiu.net\/wordpress\/dt_gallery\/voltago-campioni-dellagordino-nella-16-comuni\/appuntamenti-4\/\" rel=\"attachment wp-att-61958\"><img loading=\"lazy\" decoding=\"async\" class=\"wp-image-61958 size-full aligncenter\" src=\"https:\/\/www.radiopiu.net\/wordpress\/wp-content\/uploads\/2018\/09\/appuntamenti.jpeg\" alt=\"\" width=\"800\" height=\"100\" srcset=\"https:\/\/www.radiopiu.net\/wordpress\/wp-content\/uploads\/2018\/09\/appuntamenti.jpeg 800w, https:\/\/www.radiopiu.net\/wordpress\/wp-content\/uploads\/2018\/09\/appuntamenti-300x38.jpeg 300w, https:\/\/www.radiopiu.net\/wordpress\/wp-content\/uploads\/2018\/09\/appuntamenti-768x96.jpeg 768w\" sizes=\"auto, (max-width: 800px) 100vw, 800px\" \/><\/a><\/p>\n<h3><\/h3>\n<p>&nbsp;<\/p>\n<blockquote>\n<h3><span style=\"color: #ff0000;\"><span style=\"color: #000000;\">IMPORTANTE:<\/span> il previsto evento organizzato per il fine settimana\u00a0 dalla Sezione di Belluno del Club Alpino Italiano &#8220;Un Tranquillo Weekend da Lupi&#8221; \u00e8 stato annullato. Annullata anche\u00a0 la serata prevista in Nevegal (BL) per sabato 9 ottobre.<\/span><\/h3>\n<\/blockquote>\n<p>&nbsp;<\/p>\n<p>&nbsp;<\/p>\n<hr \/>\n<p>&nbsp;<\/p>\n<blockquote>\n<h3>GRANDE FESTIVAL DEI CORI A LIMANA<\/h3>\n<\/blockquote>\n<p><strong>LIMANA<\/strong> Domenica 17 ottobre alle 14.30 nell&#8217;area della Proloco fronte scuole elementari cori in concerto: Coro Agordo, Arcobaleno Limana, Polifonico Trichiana, Coro Alpino Monte Civetta, Corale di Limana. Iniziativa Proloco-Corale di Limana.<\/p>\n<p>&nbsp;<\/p>\n<hr \/>\n<p>&nbsp;<\/p>\n<blockquote>\n<h3>D<a href=\"https:\/\/www.radiopiu.net\/wordpress\/giornale-radiopiu-07-ottobre-2021-direttore-mirko-mezzacasa\/lara-lago-2-copia-2port-850x1360\/\" rel=\"attachment wp-att-235695\"><img loading=\"lazy\" decoding=\"async\" class=\"wp-image-235695 alignleft\" src=\"https:\/\/www.radiopiu.net\/wordpress\/wp-content\/uploads\/2021\/10\/Lara-Lago-2-copia-2port-850x1360-1-188x300.jpg\" alt=\"\" width=\"113\" height=\"180\" srcset=\"https:\/\/www.radiopiu.net\/wordpress\/wp-content\/uploads\/2021\/10\/Lara-Lago-2-copia-2port-850x1360-1-188x300.jpg 188w, https:\/\/www.radiopiu.net\/wordpress\/wp-content\/uploads\/2021\/10\/Lara-Lago-2-copia-2port-850x1360-1-640x1024.jpg 640w, https:\/\/www.radiopiu.net\/wordpress\/wp-content\/uploads\/2021\/10\/Lara-Lago-2-copia-2port-850x1360-1-768x1229.jpg 768w, https:\/\/www.radiopiu.net\/wordpress\/wp-content\/uploads\/2021\/10\/Lara-Lago-2-copia-2port-850x1360-1.jpg 850w\" sizes=\"auto, (max-width: 113px) 100vw, 113px\" \/><\/a>A OGGI A FONZASO LARA LAGO E CERDITA<\/h3>\n<\/blockquote>\n<p><strong>FONZASO\u00a0<\/strong> \u00a0Avr\u00e0 inizio oggi a Fonzaso \u201cNon \u00e8 solo questione di genere\u201d, la rassegna di appuntamenti cinematografici sulle pari opportunit\u00e0 promossa dalla Commissione per le Pari Opportunit\u00e0 del Comune di Feltre e dal Comune di Fonzaso in coprogettazione con Dolomiti Hub. Alle\u00a0 20.30 all\u2019ex-scuola elementare di Arten con la giornalista Lara Lago (foto) impegnata nel\u00a0 movimento sociale nato per far s\u00ec che ogni persona accetti e riconosca il proprio corpo e il proprio aspetto fisico senza discriminazioni. \u00a0Durante l\u2019evento sar\u00e0\u00a0 proiettato il cortometraggio \u201cCerdita\u201d, opera cinematografica molto premiata in Europa.\u00a0 La partecipazione \u00e8 gratuita, su prenotazione, modera l&#8217;assessore comunale feltrino Giorgia Li Castri.<\/p>\n<div><\/div>\n<p>&nbsp;<\/p>\n<hr \/>\n<p>&nbsp;<\/p>\n<p><span style=\"color: #ff0000;\"><strong>PITE SAS, MEO TE STAS<\/strong><\/span><\/p>\n<blockquote>\n<h3>Dopo il successo della prima edizione, il Comune e la Pro Loco di Lorenzago presentano una nuova serie d\u2019incontri culturali che si terranno ogni 15 giorni, a partire dal 15 ottobre, nella sala esposizioni del Municipio. Ospiti e relatori tratteranno argomenti legati a temi attuali come il mangiare sano, lo sport, il dialetto e la cultura locale. Previsti anche 2 cineforum per giovani e bambini.<\/h3>\n<\/blockquote>\n<p><a href=\"https:\/\/www.radiopiu.net\/wordpress\/giornale-radiopiu-07-ottobre-2021-direttore-mirko-mezzacasa\/pitesasmeotestas2021-1\/\" rel=\"attachment wp-att-235712\"><img loading=\"lazy\" decoding=\"async\" class=\"alignnone wp-image-235712\" src=\"https:\/\/www.radiopiu.net\/wordpress\/wp-content\/uploads\/2021\/10\/PiTeSasMeoTeStas2021-1-212x300.jpg\" alt=\"\" width=\"242\" height=\"342\" srcset=\"https:\/\/www.radiopiu.net\/wordpress\/wp-content\/uploads\/2021\/10\/PiTeSasMeoTeStas2021-1-212x300.jpg 212w, https:\/\/www.radiopiu.net\/wordpress\/wp-content\/uploads\/2021\/10\/PiTeSasMeoTeStas2021-1-724x1024.jpg 724w, https:\/\/www.radiopiu.net\/wordpress\/wp-content\/uploads\/2021\/10\/PiTeSasMeoTeStas2021-1-768x1086.jpg 768w, https:\/\/www.radiopiu.net\/wordpress\/wp-content\/uploads\/2021\/10\/PiTeSasMeoTeStas2021-1-1086x1536.jpg 1086w, https:\/\/www.radiopiu.net\/wordpress\/wp-content\/uploads\/2021\/10\/PiTeSasMeoTeStas2021-1-1448x2048.jpg 1448w, https:\/\/www.radiopiu.net\/wordpress\/wp-content\/uploads\/2021\/10\/PiTeSasMeoTeStas2021-1.jpg 1655w\" sizes=\"auto, (max-width: 242px) 100vw, 242px\" \/><\/a><\/p>\n<p>&nbsp;<\/p>\n<p>&nbsp;<\/p>\n<hr \/>\n<p>&nbsp;<\/p>\n<blockquote>\n<h3>A PRANZO TRA VILLE E PALAZZI: i nuovi appuntamenti della Biblioteca tra storia e cibo<\/h3>\n<\/blockquote>\n<p><strong>BELLUNO<\/strong>\u00a0 Tornano gli appuntamenti della Biblioteca con le passeggiate guidate e il pranzo (costo di \u20ac 20 euro a persona). \u201cA pranzo tra ville e palazzi\u201d \u00e8 il titolo di questa nuova rassegna che unisce la scoperta di alcuni luoghi inconsueti di Belluno, accompagnati dalla guida turistica Marta Azzalini. Sabato Palazzo Doglioni a Borgo Piave, pi\u00f9 conosciuto come \u201cIl Boteg\u00f2n\u201d, il 16 ottobre visita al parco di Villa Morassutti, che domina dall\u2019alto la stazione ferroviaria Info: biblioteca@comune.belluno.it o tel. 0437948093.<\/p>\n<p>&nbsp;<\/p>\n<p>&nbsp;<\/p>\n<hr \/>\n<p>&nbsp;<\/p>\n<p><strong>IL LUNEDI ALLE 13 E ALLE 20, LA DOMENICA ALLE 10.30: SALUTE E SOCIETA&#8217; CON IL DOTTOR MARCO CARACCIOLO\u00a0<\/strong><\/p>\n<h3>LA RACCOLTA COMPLETA<\/h3>\n<blockquote class=\"wp-embedded-content\" data-secret=\"wUNSfW93S5\"><p><a href=\"https:\/\/www.radiopiu.net\/wordpress\/saluteesocieta\/\">Salute e Societ\u00e0<\/a><\/p><\/blockquote>\n<p><iframe loading=\"lazy\" class=\"wp-embedded-content\" sandbox=\"allow-scripts\" security=\"restricted\" style=\"position: absolute; clip: rect(1px, 1px, 1px, 1px);\" title=\"&#8220;Salute e Societ\u00e0&#8221; &#8212; Radio Pi\u00f9\" src=\"https:\/\/www.radiopiu.net\/wordpress\/saluteesocieta\/embed\/#?secret=wUNSfW93S5\" data-secret=\"wUNSfW93S5\" width=\"600\" height=\"338\" frameborder=\"0\" marginwidth=\"0\" marginheight=\"0\" scrolling=\"no\"><\/iframe><\/p>\n<p>&nbsp;<\/p>\n<hr \/>\n<p>&nbsp;<\/p>\n<div>\n<div class=\"b654a4as d2edcug0\">\n<div class=\"rq0escxv hkbzh7o3 jwdofwj8 n8tt0mok r8blr3vg hyh9befq\">\n<p><a class=\"dt-pswp-item\" href=\"https:\/\/www.radiopiu.net\/wordpress\/wp-content\/uploads\/2020\/10\/pp.jpg\" data-dt-img-description=\"\" data-large_image_width=\"640\" data-large_image_height=\"640\"><img loading=\"lazy\" decoding=\"async\" class=\"wp-image-163678 alignleft\" src=\"https:\/\/www.radiopiu.net\/wordpress\/wp-content\/uploads\/2020\/10\/pp-300x300.jpg\" alt=\"\" width=\"106\" height=\"106\" srcset=\"https:\/\/www.radiopiu.net\/wordpress\/wp-content\/uploads\/2020\/10\/pp-300x300.jpg 300w, https:\/\/www.radiopiu.net\/wordpress\/wp-content\/uploads\/2020\/10\/pp-150x150.jpg 150w, https:\/\/www.radiopiu.net\/wordpress\/wp-content\/uploads\/2020\/10\/pp-125x125.jpg 125w, https:\/\/www.radiopiu.net\/wordpress\/wp-content\/uploads\/2020\/10\/pp-200x200.jpg 200w, https:\/\/www.radiopiu.net\/wordpress\/wp-content\/uploads\/2020\/10\/pp-80x80.jpg 80w, https:\/\/www.radiopiu.net\/wordpress\/wp-content\/uploads\/2020\/10\/pp-480x480.jpg 480w, https:\/\/www.radiopiu.net\/wordpress\/wp-content\/uploads\/2020\/10\/pp.jpg 640w\" sizes=\"auto, (max-width: 106px) 100vw, 106px\" \/><\/a><\/p>\n<\/div>\n<\/div>\n<\/div>\n<div>\n<div class=\"page-title-head hgroup\">\n<div class=\"page-title-head hgroup\">\n<div class=\"b654a4as d2edcug0\">\n<div class=\"j83agx80 btwxx1t3 lhclo0ds hop8lmos nkwizq5d scwd0bx6 roh60bw9\">\n<div class=\"rq0escxv hkbzh7o3 jwdofwj8 n8tt0mok r8blr3vg hyh9befq\">\n<div class=\"do00u71z l9j0dhe7 k4urcfbm\">\n<h2><span style=\"color: #000080;\">DON CESARE, IL PENSIERO DEL GIORNO. ALLA RADIO ALLE 7 DEL MATTINO E ALLE 19.30 DELLA SERA.\u00a0\u00a0<\/span><\/h2>\n<p>&nbsp;<\/p>\n<p>&nbsp;<\/p>\n<audio class=\"wp-audio-shortcode\" id=\"audio-235641-11\" preload=\"none\" style=\"width: 100%;\" controls=\"controls\"><source type=\"audio\/mpeg\" src=\"https:\/\/www.radiopiu.net\/wordpress\/wp-content\/uploads\/2021\/10\/cesare-2.mp3?_=11\" \/><a href=\"https:\/\/www.radiopiu.net\/wordpress\/wp-content\/uploads\/2021\/10\/cesare-2.mp3\">https:\/\/www.radiopiu.net\/wordpress\/wp-content\/uploads\/2021\/10\/cesare-2.mp3<\/a><\/audio>\n<p>&nbsp;<\/p>\n<p>&nbsp;<\/p>\n<hr \/>\n<p>&nbsp;<\/p>\n<div>\n<div>\n<h3 class=\"kvgmc6g5 cxmmr5t8 oygrvhab hcukyx3x c1et5uql\"><span style=\"color: #0000ff;\">INFORMAZIONE il canale su TELEGRAM informazione di prima mano e in tempo reale. iscriviti ed aiutaci a farlo conoscere\u00a0\u00a0<\/span><\/h3>\n<\/div>\n<div>\n<div class=\"page-title-head hgroup\">\n<div class=\"page-title-head hgroup\">\n<div class=\"page-title-head hgroup\">\n<div class=\"page-title-head hgroup\">\n<div class=\"b654a4as d2edcug0\">\n<div class=\"page-title-head hgroup\">\n<div class=\"page-title-head hgroup\">\n<div class=\"page-title-head hgroup\">\n<div class=\"page-title-head hgroup\">\n<div class=\"b654a4as d2edcug0\">\n<div>\n<p>&nbsp;<\/p>\n<p>&nbsp;<\/p>\n<\/div>\n<div>\n<div class=\"page-title-head hgroup\">\n<div class=\"page-title-head hgroup\">\n<div class=\"page-title-head hgroup\">\n<div>\n<div class=\"b654a4as d2edcug0\">\n<div class=\"rq0escxv hkbzh7o3 jwdofwj8 n8tt0mok r8blr3vg hyh9befq\">\n<hr \/>\n<\/div>\n<\/div>\n<\/div>\n<div>\n<div class=\"page-title-head hgroup\">\n<div class=\"page-title-head hgroup\">\n<div class=\"b654a4as d2edcug0\">\n<p><strong>\u00a0 <\/strong><\/p>\n<div class=\"b654a4as d2edcug0\">\n<p><strong>L&#8217;ALMANACCO LADINO ALLA RADIO OGNI 15 GIORNI\u00a0 IL LUNEDI 8.30 MARTEDI 13.30 MERCOLEDI 1830 E DOMENICA ALLE 9<\/strong><\/p>\n<p><strong>RACCOLTA COMPLETA\u00a0 \u00a0<\/strong><\/p>\n<blockquote class=\"wp-embedded-content\" data-secret=\"BZXzOq1r57\"><p><a href=\"https:\/\/www.radiopiu.net\/wordpress\/almanacco-ladino\/\">Almanacco Ladino<\/a><\/p><\/blockquote>\n<p><iframe loading=\"lazy\" class=\"wp-embedded-content\" sandbox=\"allow-scripts\" security=\"restricted\" style=\"position: absolute; clip: rect(1px, 1px, 1px, 1px);\" title=\"&#8220;Almanacco Ladino&#8221; &#8212; Radio Pi\u00f9\" src=\"https:\/\/www.radiopiu.net\/wordpress\/almanacco-ladino\/embed\/#?secret=BZXzOq1r57\" data-secret=\"BZXzOq1r57\" width=\"600\" height=\"338\" frameborder=\"0\" marginwidth=\"0\" marginheight=\"0\" scrolling=\"no\"><\/iframe><\/p>\n<\/div>\n<div>\n<hr \/>\n<\/div>\n<\/div>\n<div>\n<p><strong>\u00a0<\/strong><\/p>\n<div>\n<p><strong>DUE MINUTI UN LIBRO, TUTTI I GIORNI ALLA RADIO ALLE 9.40 E ALLE 17.50<\/strong><\/p>\n<p><strong>LA RACCOLTA COMPLETA\u00a0\u00a0<\/strong><\/p>\n<\/div>\n<div>\n<blockquote class=\"wp-embedded-content\" data-secret=\"rck4v6DmuP\"><p><a href=\"https:\/\/www.radiopiu.net\/wordpress\/due-minuti-un-libro\/\">Due minuti un libro<\/a><\/p><\/blockquote>\n<p><iframe loading=\"lazy\" class=\"wp-embedded-content\" sandbox=\"allow-scripts\" security=\"restricted\" style=\"position: absolute; clip: rect(1px, 1px, 1px, 1px);\" title=\"&#8220;Due minuti un libro&#8221; &#8212; Radio Pi\u00f9\" src=\"https:\/\/www.radiopiu.net\/wordpress\/due-minuti-un-libro\/embed\/#?secret=rck4v6DmuP\" data-secret=\"rck4v6DmuP\" width=\"600\" height=\"338\" frameborder=\"0\" marginwidth=\"0\" marginheight=\"0\" scrolling=\"no\"><\/iframe><\/p>\n<p>&nbsp;<\/p>\n<\/div>\n<\/div>\n<div>\n<hr \/>\n<p><strong>\u00a0<\/strong><\/p>\n<p><strong>I RACCONTI DI PAOLO SOPPELSA, ALLA RADIO IL LUNEDI ALLE 9.30 E ALLE 18.30\u00a0<\/strong><\/p>\n<div>\n<p><strong>LA RACCOLTA COMPLETA\u00a0<\/strong><\/p>\n<blockquote class=\"wp-embedded-content\" data-secret=\"RiSZ4eO0WC\"><p><a href=\"https:\/\/www.radiopiu.net\/wordpress\/i-racconti-di-paolo-soppelsa\/\">I racconti di Paolo Soppelsa<\/a><\/p><\/blockquote>\n<p><iframe loading=\"lazy\" class=\"wp-embedded-content\" sandbox=\"allow-scripts\" security=\"restricted\" style=\"position: absolute; clip: rect(1px, 1px, 1px, 1px);\" title=\"&#8220;I racconti di Paolo Soppelsa&#8221; &#8212; Radio Pi\u00f9\" src=\"https:\/\/www.radiopiu.net\/wordpress\/i-racconti-di-paolo-soppelsa\/embed\/#?secret=RiSZ4eO0WC\" data-secret=\"RiSZ4eO0WC\" width=\"600\" height=\"338\" frameborder=\"0\" marginwidth=\"0\" marginheight=\"0\" scrolling=\"no\"><\/iframe><\/p>\n<\/div>\n<div class=\"mkdf-post-text\">\n<div class=\"mkdf-post-text-inner\">\n<div class=\"mkdf-post-text-main\">\n<div class=\"mkdf-post-text\">\n<div class=\"mkdf-post-text-inner\">\n<div class=\"mkdf-post-text-main\">\n<div class=\"mkdf-post-text\">\n<div class=\"mkdf-post-text-inner\">\n<div class=\"mkdf-post-text-main\">\n<div class=\"page-title-head hgroup\">\n<div class=\"page-title-head hgroup\">\n<div class=\"mkdf-post-text\">\n<div class=\"mkdf-post-text-inner\">\n<div class=\"mkdf-post-text-main\">\n<div class=\"mkdf-post-text\">\n<div class=\"mkdf-post-text-inner\">\n<div class=\"mkdf-post-text-main\">\n<div class=\"page-title-head hgroup\">\n<div class=\"page-title-head hgroup\">\n<div class=\"page-title-head hgroup\">\n<div class=\"page-title-head hgroup\">\n<div class=\"b654a4as d2edcug0\">\n<div class=\"page-title-head hgroup\">\n<div class=\"page-title-head hgroup\">\n<div class=\"page-title-head hgroup\">\n<div class=\"page-title-head hgroup\">\n<div class=\"b654a4as d2edcug0\">\n<div class=\"page-title-head hgroup\">\n<div class=\"page-title-head hgroup\">\n<div class=\"page-title-head hgroup\">\n<div class=\"page-title-head hgroup\">\n<div class=\"b654a4as d2edcug0\">\n<div><\/div>\n<\/div>\n<\/div>\n<\/div>\n<\/div>\n<\/div>\n<\/div>\n<\/div>\n<\/div>\n<\/div>\n<\/div>\n<\/div>\n<\/div>\n<\/div>\n<\/div>\n<\/div>\n<\/div>\n<\/div>\n<\/div>\n<\/div>\n<\/div>\n<\/div>\n<\/div>\n<\/div>\n<\/div>\n<\/div>\n<\/div>\n<\/div>\n<\/div>\n<\/div>\n<\/div>\n<\/div>\n<\/div>\n<\/div>\n<div class=\"mkdf-post-text\">\n<div class=\"mkdf-post-text-inner\">\n<div class=\"mkdf-post-text-main\">\n<div class=\"mkdf-post-text\">\n<div class=\"mkdf-post-text-inner\">\n<div class=\"mkdf-post-text-main\">\n<div class=\"mkdf-post-text\">\n<div class=\"mkdf-post-text-inner\">\n<div class=\"mkdf-post-text-main\">\n<div class=\"page-title-head hgroup\">\n<div class=\"page-title-head hgroup\">\n<div class=\"mkdf-post-text\">\n<div class=\"mkdf-post-text-inner\">\n<div class=\"mkdf-post-text-main\">\n<div class=\"mkdf-post-text\">\n<div class=\"mkdf-post-text-inner\">\n<div class=\"mkdf-post-text-main\">\n<div class=\"page-title-head hgroup\">\n<div class=\"page-title-head hgroup\">\n<div class=\"page-title-head hgroup\">\n<div class=\"page-title-head hgroup\">\n<div class=\"b654a4as d2edcug0\">\n<div class=\"page-title-head hgroup\">\n<div class=\"page-title-head hgroup\">\n<div class=\"page-title-head hgroup\">\n<div class=\"page-title-head hgroup\">\n<div class=\"b654a4as d2edcug0\">\n<div class=\"page-title-head hgroup\">\n<div class=\"page-title-head hgroup\">\n<div class=\"page-title-head hgroup\">\n<div class=\"page-title-head hgroup\">\n<div class=\"b654a4as d2edcug0\">\n<div><\/div>\n<div>\n<hr \/>\n<\/div>\n<div><\/div>\n<h4><span style=\"color: #ff0000;\">MUSICA ALLA RADIO<\/span><\/h4>\n<div><a href=\"https:\/\/www.radiopiu.net\/wordpress\/giornale-radiopiu-20-settembre-2021-direttore-mirko-mezzacasa\/pp-79\/\" rel=\"attachment wp-att-232921\"><img loading=\"lazy\" decoding=\"async\" class=\"wp-image-232921 alignleft\" src=\"https:\/\/www.radiopiu.net\/wordpress\/wp-content\/uploads\/2021\/09\/pp-1-300x300.jpg\" alt=\"\" width=\"135\" height=\"135\" srcset=\"https:\/\/www.radiopiu.net\/wordpress\/wp-content\/uploads\/2021\/09\/pp-1-300x300.jpg 300w, https:\/\/www.radiopiu.net\/wordpress\/wp-content\/uploads\/2021\/09\/pp-1-150x150.jpg 150w, https:\/\/www.radiopiu.net\/wordpress\/wp-content\/uploads\/2021\/09\/pp-1.jpg 640w\" sizes=\"auto, (max-width: 135px) 100vw, 135px\" \/><\/a><\/div>\n<div><\/div>\n<div><\/div>\n<div>\n<p><strong>MUSICA ALLA RADIO, IL PROGRAMMA DI LORIS SCUSSEL &#8220;COLLAGE OPERAZIONE NOSTALGIA&#8221; DAL LUNEDI AL VENERDI ALLE 16.00\u00a0 E ALLE 23\u00a0<\/strong><\/p>\n<p>&nbsp;<\/p>\n<p>&nbsp;<\/p>\n<p>LA PUNTATA DI IERI 448<\/p>\n<\/div>\n<div>\n<audio class=\"wp-audio-shortcode\" id=\"audio-235641-12\" preload=\"none\" style=\"width: 100%;\" controls=\"controls\"><source type=\"audio\/mpeg\" src=\"https:\/\/www.radiopiu.net\/wordpress\/wp-content\/uploads\/2021\/10\/Collage-448.mp3?_=12\" \/><a href=\"https:\/\/www.radiopiu.net\/wordpress\/wp-content\/uploads\/2021\/10\/Collage-448.mp3\">https:\/\/www.radiopiu.net\/wordpress\/wp-content\/uploads\/2021\/10\/Collage-448.mp3<\/a><\/audio>\n<p>&nbsp;<\/p>\n<hr \/>\n<p>&nbsp;<\/p>\n<p><a href=\"https:\/\/www.radiopiu.net\/wordpress\/giornale-radiopiu-26-settembre-2018-direttore-mirko-mezzacasa\/viabilita-2\/\" rel=\"attachment wp-att-61954\"><img loading=\"lazy\" decoding=\"async\" class=\"wp-image-61954 size-full aligncenter\" src=\"https:\/\/www.radiopiu.net\/wordpress\/wp-content\/uploads\/2018\/09\/viabilita.jpeg\" alt=\"\" width=\"800\" height=\"100\" srcset=\"https:\/\/www.radiopiu.net\/wordpress\/wp-content\/uploads\/2018\/09\/viabilita.jpeg 800w, https:\/\/www.radiopiu.net\/wordpress\/wp-content\/uploads\/2018\/09\/viabilita-300x38.jpeg 300w, https:\/\/www.radiopiu.net\/wordpress\/wp-content\/uploads\/2018\/09\/viabilita-768x96.jpeg 768w\" sizes=\"auto, (max-width: 800px) 100vw, 800px\" \/><\/a><\/p>\n<blockquote>\n<h3>CAPRILE-DIGONERA\u00a0 A &#8220;SINGHIOZZO&#8221;<\/h3>\n<\/blockquote>\n<p><strong><img loading=\"lazy\" decoding=\"async\" class=\"alignleft\" src=\"https:\/\/www.radiopiu.net\/wordpress\/wp-content\/uploads\/2021\/09\/th-9.jpg\" width=\"165\" height=\"79\" \/>ROCCA PIETORE<\/strong> La messa in sicurezza del piano viabile lungo la provinciale 563 di Salesei che da Saviner di Rocca Pietore sale a Digonera e quindi Livinallongo, obbliga l&#8217;impresa vicentina Gheller\u00a0 non solo a prevedere il senso unico alternato h24 ma anche a chiusure fino a 20 minuti. I lavori termineranno (salvo proroghe) il prossimo 11 ottobre.<\/p>\n<p>&nbsp;<\/p>\n<p><strong><a href=\"https:\/\/www.radiopiu.net\/wordpress\/veneto-strade-interdizione-al-traffico\/veneto-strade-2\/\" rel=\"attachment wp-att-135574\"><img loading=\"lazy\" decoding=\"async\" class=\"wp-image-135574 alignleft\" src=\"https:\/\/www.radiopiu.net\/wordpress\/wp-content\/uploads\/2020\/05\/VENETO-STRADE-300x300.png\" alt=\"\" width=\"100\" height=\"100\" srcset=\"https:\/\/www.radiopiu.net\/wordpress\/wp-content\/uploads\/2020\/05\/VENETO-STRADE-300x300.png 300w, https:\/\/www.radiopiu.net\/wordpress\/wp-content\/uploads\/2020\/05\/VENETO-STRADE-150x150.png 150w, https:\/\/www.radiopiu.net\/wordpress\/wp-content\/uploads\/2020\/05\/VENETO-STRADE.png 400w\" sizes=\"auto, (max-width: 100px) 100vw, 100px\" \/><\/a><\/strong><strong>SP39 MONTE AVENA COMUNE SOVRAMONTE<\/strong>\u00a0 Fino al 15 ottobre -esclusi festivi e prefestivi &#8211; interdizione totale al traffico<\/p>\n<p><strong>REGIONALE 48 DELLE DOLOMITI PASSO FALZAREGO<\/strong>\u00a0 fino\u00a0 al 26 novembre interruzioni della durata massima di 15 minuti in localit\u00e0 Pian di Falzarego <strong>PROVINCIALE VAL FIORENTINA SP20<\/strong>: dall&#8217;11 al 15 ottobre senso unico alternato per tratti di 300 metri <strong>REGIONALE 48 DOLOMITI<\/strong> dall&#8217;11 ottobre al 3 dicembre senso unico localit\u00e0 Andraz. <strong>PROVINCIALE 638<\/strong> Passo Giau fino\u00a0 al 19 ottobre senso unico alternato tratti di 300 metri<\/p>\n<p>&nbsp;<\/p>\n<hr \/>\n<p>&nbsp;<\/p>\n<\/div>\n<\/div>\n<\/div>\n<\/div>\n<\/div>\n<\/div>\n<\/div>\n<\/div>\n<\/div>\n<\/div>\n<\/div>\n<\/div>\n<\/div>\n<\/div>\n<\/div>\n<\/div>\n<\/div>\n<\/div>\n<\/div>\n<\/div>\n<\/div>\n<\/div>\n<\/div>\n<\/div>\n<\/div>\n<\/div>\n<\/div>\n<\/div>\n<\/div>\n<\/div>\n<\/div>\n<\/div>\n<\/div>\n<\/div>\n<\/div>\n<\/div>\n<\/div>\n<\/div>\n<\/div>\n<\/div>\n<\/div>\n<\/div>\n<\/div>\n<\/div>\n<\/div>\n<\/div>\n<\/div>\n<\/div>\n<\/div>\n<\/div>\n<\/div>\n<\/div>\n<div>\n<div class=\"page-title-head hgroup\">\n<div class=\"page-title-head hgroup\">\n<div class=\"page-title-head hgroup\">\n<div class=\"page-title-head hgroup\">\n<div class=\"b654a4as d2edcug0\">\n<div class=\"page-title-head hgroup\">\n<div class=\"page-title-head hgroup\">\n<div class=\"page-title-head hgroup\">\n<div class=\"page-title-head hgroup\">\n<div class=\"b654a4as d2edcug0\">\n<div class=\"page-title-head hgroup\">\n<div class=\"page-title-head hgroup\">\n<div class=\"page-title-head hgroup\">\n<div class=\"page-title-head hgroup\">\n<div class=\"page-title-head hgroup\">\n<div class=\"mkdf-post-text\">\n<div class=\"mkdf-post-text-inner\">\n<div class=\"mkdf-post-text-main\">\n<div class=\"mkdf-post-text\">\n<div class=\"mkdf-post-text-inner\">\n<div class=\"mkdf-post-text-main\">\n<div class=\"mkdf-post-text\">\n<div class=\"mkdf-post-text-inner\">\n<div class=\"mkdf-post-text-main\">\n<div class=\"page-title-head hgroup\">\n<div class=\"page-title-head hgroup\">\n<div class=\"mkdf-post-text\">\n<div class=\"mkdf-post-text-inner\">\n<div class=\"mkdf-post-text-main\">\n<div class=\"mkdf-post-text\">\n<div class=\"mkdf-post-text-inner\">\n<div class=\"mkdf-post-text-main\">\n<div>\n<div class=\"page-title-head hgroup\">\n<div class=\"page-title-head hgroup\">\n<div>\n<div class=\"page-title-head hgroup\">\n<div class=\"page-title-head hgroup\">\n<div class=\"b654a4as d2edcug0\">\n<div>\n<div class=\"page-title-head hgroup\" style=\"text-align: left;\">\n<div class=\"page-title-head hgroup\">\n<div dir=\"auto\">\n<p><a class=\"dt-pswp-item pspw-wrap-ready\" href=\"https:\/\/i0.wp.com\/www.radiopiu.net\/wordpress\/wp-content\/uploads\/2018\/09\/WhatsApp-Image-2018-09-20-at-16.04.06.jpeg?ssl=1\" data-dt-img-description=\"\" data-large_image_width=\"800\" data-large_image_height=\"100\"><img loading=\"lazy\" decoding=\"async\" class=\"aligncenter wp-image-61378 size-full jetpack-lazy-image jetpack-lazy-image--handled\" src=\"https:\/\/i0.wp.com\/www.radiopiu.net\/wordpress\/wp-content\/uploads\/2018\/09\/WhatsApp-Image-2018-09-20-at-16.04.06.jpeg?resize=800%2C100&amp;ssl=1\" sizes=\"auto, (max-width: 800px) 100vw, 800px\" srcset=\"https:\/\/i0.wp.com\/www.radiopiu.net\/wordpress\/wp-content\/uploads\/2018\/09\/WhatsApp-Image-2018-09-20-at-16.04.06.jpeg?w=800&amp;ssl=1 800w, https:\/\/i0.wp.com\/www.radiopiu.net\/wordpress\/wp-content\/uploads\/2018\/09\/WhatsApp-Image-2018-09-20-at-16.04.06.jpeg?resize=300%2C38&amp;ssl=1 300w, https:\/\/i0.wp.com\/www.radiopiu.net\/wordpress\/wp-content\/uploads\/2018\/09\/WhatsApp-Image-2018-09-20-at-16.04.06.jpeg?resize=768%2C96&amp;ssl=1 768w\" alt=\"\" width=\"800\" height=\"100\" data-lazy-loaded=\"1\" \/><\/a><\/p>\n<\/div>\n<\/div>\n<\/div>\n<\/div>\n<\/div>\n<\/div>\n<\/div>\n<\/div>\n<\/div>\n<\/div>\n<\/div>\n<\/div>\n<\/div>\n<\/div>\n<\/div>\n<\/div>\n<\/div>\n<\/div>\n<\/div>\n<\/div>\n<\/div>\n<\/div>\n<\/div>\n<\/div>\n<\/div>\n<\/div>\n<\/div>\n<\/div>\n<\/div>\n<\/div>\n<\/div>\n<\/div>\n<\/div>\n<\/div>\n<\/div>\n<\/div>\n<\/div>\n<\/div>\n<\/div>\n<\/div>\n<\/div>\n<\/div>\n<\/div>\n<\/div>\n<p>&nbsp;<\/p>\n<p><center><\/center><center><b>Giovedi 7<\/b><\/center><b>Tempo atteso: <\/b>Cielo in prevalenza molto nuvoloso\/coperto, salvo fugaci e sporadiche schiarite al mattino, specie sui settori settentrionali. Entro la tarda mattinata ulteriore intensificazione della nuvolosit\u00e0 con maggiore rischio di precipitazioni ad iniziare dai settori prealpini, in successiva estensione alle Dolomiti nel corso del pomeriggio\/sera. Contesto termico diurno un po&#8217; meno fresco rispetto a mercoled\u00ec.<br \/>\n<b>Precipitazioni: <\/b>Al mattino pressoch\u00e9 assenti sulle Dolomiti (10%), mentre non saranno da escludere sulle Prealpi (20\/30%). Al pomeriggio estensione dei fenomeni verso nord (40\/60%), ma non piover\u00e0 ovunque causa venti da nord-est, cio\u00e8 fenomeni burrascosi sulle cime, con nevischio oltre i 2200\/2300 m, mentre l&#8217;effetto favonio ridurr\u00e0 il rischio di fenomeni in molte valli. Sono previsti apporti di 0-5 mm sulle Prealpi e di 0-2 mm sulle Dolomiti, con altrettanti cm di neve sopra i 2500 m.<br \/>\n<b>Temperature: <\/b>Minime senza notevoli variazioni e massime in leggera ripresa, 1\/2\u00b0C in pi\u00f9 rispetto a mercoled\u00ec. Su Prealpi a 1500 m min 3\u00b0C max 8\u00b0C, a 2000 m min 0\u00b0C max 5\u00b0C. Su Dolomiti a 2000 m min -1\u00b0C max 4\u00b0C, a 3000 m min -5\u00b0C max -1\u00b0C.<br \/>\n<b>Venti: <\/b>Nelle valli deboli\/moderati di direzione variabile, con locali rinforzi per episodi di Foehn; in quota moderati\/tesi da nord-est, anche tesi\/forti oltre i 2500 m e su alcune dorsali prealpine, a 15-50 km\/h a 2000 m e 35-65 km\/h a 3000 m.<\/p>\n<hr \/>\n<p><center><b>Venerdi 8<\/b><\/center><b>Tempo atteso: <\/b>Al mattino copertura nuvolosa media e medio-alta stratiforme con tendenza a graduale assottigliamento, prima di un miglioramento pomeridiano con ritorno del sole in un cielo sempre pi\u00f9 sereno a partire dalle Dolomiti, cosa che si verificher\u00e0 anche sulle Prealpi in maniera pi\u00f9 tardiva. Contesto termico sempre assai fresco per il periodo.<br \/>\n<b>Precipitazioni: <\/b>Assenti (0%).<br \/>\n<b>Temperature: <\/b>Minime in calo nelle valli e in leggero aumento in quota; massime in ripresa. Su Prealpi a 1500 m min 5\u00b0C max 9\u00b0C, a 2000 m min 2\u00b0C max 6\u00b0C. Su Dolomiti a 2000 m min 1\u00b0C max 5\u00b0C, a 3000 m min -2\u00b0C max -1\u00b0C.<br \/>\n<b>Venti: <\/b>Nelle valli deboli di direzione variabile, eccetto rinforzi per episodi di Foehn nei settori esposti a nord; in quota moderati\/tesi da nord-est tra la notte e il mattino, poi in attenuazione, salvo residue forti raffiche sulle creste prealpine, a 10-25 km\/h a 2000 m e 20-40 km\/h a 3000 m.<\/p>\n<hr \/>\n<p><center><b>Sabato 9<\/b><\/center>Sole e atmosfera assai fresca al mattino, eccetto eventuali banchi di stratocumuli o di nebbie mattutine su alcuni settori prealpini. Al pomeriggio il sole continua a splendere con cielo sereno su tutta la montagna veneta. Ambiente assai fresco nonostante il buon soleggiamento, anche freddo e un po&#8217; ventilato sulle cime pi\u00f9 alte quota. Temperature in generale calo, specie le minime. Nelle valli venti deboli di direzione variabile; in quota deboli\/moderati da nord-est, in rinforzo a fine giornata.<\/p>\n<hr \/>\n<p><center><b>Domenica 10<\/b><\/center>Tempo ancora ben soleggiato nella prima parte del giorno, mentre nubi alte stratiformi potrebbero giungere da est nel pomeriggio, senza altro effetto che ridurre il soleggiamento nei settori interessati dalla suddetta copertura. Temperature in ulteriore calo. Nelle valli venti deboli di direzione variabile; in quota moderati\/tesi da nord-est. Previsore: R.L.Th.<\/p>\n<p>&nbsp;<\/p>\n<hr \/>\n<p>&nbsp;<\/p>\n<div class=\"mkdf-post-text\">\n<div class=\"mkdf-post-text-inner\">\n<p><a href=\"https:\/\/www.radiopiu.net\/wordpress\/giornale-radiopiu-15-settembre-2018-direttore-mirko-mezzacasa\/sport-7\/\" rel=\"attachment wp-att-60761\"><img loading=\"lazy\" decoding=\"async\" class=\"wp-image-60761 size-full aligncenter\" src=\"https:\/\/www.radiopiu.net\/wordpress\/wp-content\/uploads\/2018\/09\/sport.jpg\" alt=\"\" width=\"800\" height=\"100\" srcset=\"https:\/\/www.radiopiu.net\/wordpress\/wp-content\/uploads\/2018\/09\/sport.jpg 800w, https:\/\/www.radiopiu.net\/wordpress\/wp-content\/uploads\/2018\/09\/sport-300x38.jpg 300w, https:\/\/www.radiopiu.net\/wordpress\/wp-content\/uploads\/2018\/09\/sport-768x96.jpg 768w\" sizes=\"auto, (max-width: 800px) 100vw, 800px\" \/><\/a><\/p>\n<\/div>\n<\/div>\n<p>&nbsp;<\/p>\n<blockquote>\n<h3>L&#8217;ALLEGHE HOCKEY IN FONDO ALLA CLASSIFICA DOPO LE PRIME TRE GIORNATE<\/h3>\n<\/blockquote>\n<p><strong><a href=\"https:\/\/www.radiopiu.net\/wordpress\/alleghe-hockey-due-sconfitte-consecutive-e-ora-arriva-il-dobbiaco\/alleghe-panchina\/\" rel=\"attachment wp-att-233998\"><img loading=\"lazy\" decoding=\"async\" class=\"size-medium wp-image-233998 alignleft\" src=\"https:\/\/www.radiopiu.net\/wordpress\/wp-content\/uploads\/2021\/09\/ALLEGHE-PANCHINA-300x200.jpg\" alt=\"\" width=\"300\" height=\"200\" srcset=\"https:\/\/www.radiopiu.net\/wordpress\/wp-content\/uploads\/2021\/09\/ALLEGHE-PANCHINA-300x200.jpg 300w, https:\/\/www.radiopiu.net\/wordpress\/wp-content\/uploads\/2021\/09\/ALLEGHE-PANCHINA-768x511.jpg 768w, https:\/\/www.radiopiu.net\/wordpress\/wp-content\/uploads\/2021\/09\/ALLEGHE-PANCHINA.jpg 1000w\" sizes=\"auto, (max-width: 300px) 100vw, 300px\" \/><\/a>ALLEGHE<\/strong> Periodo nero per l&#8217;Alleghe Hockey che ha iniziato la stagione nel peggiore dei modi. La squadra allenata da Alessandro Fontana non gioca male ma subisce le incursioni avversarie. Anche nell&#8217;ultima partita contro il Dobbiaco, gli agordini erano andati sotto per poi recuperare e portarsi in vantaggio. Fatali per\u00f2 sono stati gli ultimi sei minuti di gara dove la squadra altoatesina \u00e8 riuscita a capovolgere il risultato incamerando i primi 3 punti tra le mura di casa. Ora le civette ritorneranno in campo sabato sera alle 19:30 al De Toni. In riva al lago arriva il Fiemme, una compagine che ha iniziato la stagione col botto e che si trova in testa alla classifica assieme al Bressanone.<\/p>\n<p><strong>ALESSANDRO FONTANA, ALLENATORE DELL&#8217;ALLEGHE HOCKEY<\/strong><\/p>\n<audio class=\"wp-audio-shortcode\" id=\"audio-235641-13\" preload=\"none\" style=\"width: 100%;\" controls=\"controls\"><source type=\"audio\/mpeg\" src=\"https:\/\/www.radiopiu.net\/wordpress\/wp-content\/uploads\/2021\/10\/ALESSANDRO-FONTANA-ALLEGHE.mp3?_=13\" \/><a href=\"https:\/\/www.radiopiu.net\/wordpress\/wp-content\/uploads\/2021\/10\/ALESSANDRO-FONTANA-ALLEGHE.mp3\">https:\/\/www.radiopiu.net\/wordpress\/wp-content\/uploads\/2021\/10\/ALESSANDRO-FONTANA-ALLEGHE.mp3<\/a><\/audio>\n<p>&nbsp;<\/p>\n<hr \/>\n<p>&nbsp;<\/p>\n<blockquote>\n<h3>INIZIA OGGI IL TORNEO DI QUALIFICAZIONE OLIMPICA DELLA NAZIONALE FEMMINILE DI HOCKEY SU GHIACCIO<\/h3>\n<\/blockquote>\n<p><strong><a href=\"https:\/\/www.radiopiu.net\/wordpress\/giornale-radiopiu-07-ottobre-2021-direttore-mirko-mezzacasa\/e3636c48-84d5-cbce-4e4b-84c9e4b24620\/\" rel=\"attachment wp-att-235786\"><img loading=\"lazy\" decoding=\"async\" class=\" wp-image-235786 alignleft\" src=\"https:\/\/www.radiopiu.net\/wordpress\/wp-content\/uploads\/2021\/10\/e3636c48-84d5-cbce-4e4b-84c9e4b24620-300x221.jpg\" alt=\"\" width=\"145\" height=\"107\" srcset=\"https:\/\/www.radiopiu.net\/wordpress\/wp-content\/uploads\/2021\/10\/e3636c48-84d5-cbce-4e4b-84c9e4b24620-300x221.jpg 300w, https:\/\/www.radiopiu.net\/wordpress\/wp-content\/uploads\/2021\/10\/e3636c48-84d5-cbce-4e4b-84c9e4b24620-1024x754.jpg 1024w, https:\/\/www.radiopiu.net\/wordpress\/wp-content\/uploads\/2021\/10\/e3636c48-84d5-cbce-4e4b-84c9e4b24620-768x566.jpg 768w, https:\/\/www.radiopiu.net\/wordpress\/wp-content\/uploads\/2021\/10\/e3636c48-84d5-cbce-4e4b-84c9e4b24620.jpg 1200w\" sizes=\"auto, (max-width: 145px) 100vw, 145px\" \/><\/a>TORRE PELLICE<\/strong> Inizia oggi, al \u201cCotta Morandini\u201d di Torre Pellice, il torneo di pre-qualificazione olimpica di hockey su ghiaccio femminile. Per l\u2019Italia il primo appuntamento \u00e8 con la Spagna: il match \u00e8 in programma alle ore 20.15. Le azzurre di coach Max Fedrizzi, reduci dal brillante 3-0 in amichevole contro l\u2019Austria (a segno Gius, Bonafini e Kaneppele), sono favorite dal pronostico in virt\u00f9 del miglior piazzamento nel ranking IIHF, che vede l\u2019Italia occupare il 16esimo posto contro il 25esimo della Spagn.<\/p>\n<p>&nbsp;<\/p>\n<p>&nbsp;<\/p>\n<hr \/>\n<p>&nbsp;<\/p>\n<blockquote>\n<h3>BUSIN &#8211; FENTI AL 6\u00b0 DOLOMITI RALLY &#8211; PS 3<\/h3>\n<\/blockquote>\n<p><iframe loading=\"lazy\" title=\"BUSIN - FENTI  6\u00b0 Dolomiti Rally 2021 - PS 3\" width=\"1200\" height=\"675\" src=\"https:\/\/www.youtube.com\/embed\/8Cji5CUWI-8?feature=oembed\" frameborder=\"0\" allow=\"accelerometer; autoplay; clipboard-write; encrypted-media; gyroscope; picture-in-picture\" allowfullscreen><\/iframe><\/p>\n<\/div>\n<\/div>\n<\/div>\n<\/div>\n<\/div>\n<\/div>\n<\/div>\n","protected":false},"excerpt":{"rendered":"<p>INFORMAZIONE il canale su TELEGRAM informazione di prima mano e in tempo reale. iscriviti ed aiutaci a farlo conoscere\u00a0\u00a0 &nbsp; &nbsp; &nbsp; RACCOLTI 29.000 EURO PER LA NUOVA AUTO DI RICCARDO TEGNER La macchina nel frattempo\u00a0 stata ordinata,\u00a0 servono i tempi tecnici per attrezzarla a dovere con pedane e spazi adeguati al movimento della carrozzina\u00a0&hellip;<\/p>\n","protected":false},"author":4,"featured_media":235819,"comment_status":"closed","ping_status":"open","sticky":false,"template":"","format":"standard","meta":{"_monsterinsights_skip_tracking":false,"_monsterinsights_sitenote_active":false,"_monsterinsights_sitenote_note":"","_monsterinsights_sitenote_category":0,"footnotes":""},"categories":[1,104,86,49],"tags":[],"class_list":["post-235641","post","type-post","status-publish","format-standard","has-post-thumbnail","hentry","category-senza-categoria","category-evidenza_3","category-gr","category-news-18","category-1","category-104","category-86","category-49","description-off"],"img_url":"https:\/\/www.radiopiu.net\/wordpress\/wp-content\/uploads\/2021\/10\/244650718_1723526764523769_3802842649877608128_n.jpg","_links":{"self":[{"href":"https:\/\/www.radiopiu.net\/wordpress\/wp-json\/wp\/v2\/posts\/235641","targetHints":{"allow":["GET"]}}],"collection":[{"href":"https:\/\/www.radiopiu.net\/wordpress\/wp-json\/wp\/v2\/posts"}],"about":[{"href":"https:\/\/www.radiopiu.net\/wordpress\/wp-json\/wp\/v2\/types\/post"}],"author":[{"embeddable":true,"href":"https:\/\/www.radiopiu.net\/wordpress\/wp-json\/wp\/v2\/users\/4"}],"replies":[{"embeddable":true,"href":"https:\/\/www.radiopiu.net\/wordpress\/wp-json\/wp\/v2\/comments?post=235641"}],"version-history":[{"count":0,"href":"https:\/\/www.radiopiu.net\/wordpress\/wp-json\/wp\/v2\/posts\/235641\/revisions"}],"wp:featuredmedia":[{"embeddable":true,"href":"https:\/\/www.radiopiu.net\/wordpress\/wp-json\/wp\/v2\/media\/235819"}],"wp:attachment":[{"href":"https:\/\/www.radiopiu.net\/wordpress\/wp-json\/wp\/v2\/media?parent=235641"}],"wp:term":[{"taxonomy":"category","embeddable":true,"href":"https:\/\/www.radiopiu.net\/wordpress\/wp-json\/wp\/v2\/categories?post=235641"},{"taxonomy":"post_tag","embeddable":true,"href":"https:\/\/www.radiopiu.net\/wordpress\/wp-json\/wp\/v2\/tags?post=235641"}],"curies":[{"name":"wp","href":"https:\/\/api.w.org\/{rel}","templated":true}]}}