{"id":235806,"date":"2021-10-08T05:40:15","date_gmt":"2021-10-08T03:40:15","guid":{"rendered":"https:\/\/www.radiopiu.net\/wordpress\/?p=235806"},"modified":"2021-10-08T09:57:15","modified_gmt":"2021-10-08T07:57:15","slug":"giornale-radiopiu-08-ottobre-2021-direttore-mirko-mezzacasa","status":"publish","type":"post","link":"https:\/\/www.radiopiu.net\/wordpress\/giornale-radiopiu-08-ottobre-2021-direttore-mirko-mezzacasa\/","title":{"rendered":"GIORNALE RADIOPIU 08 OTTOBRE 2021 DIRETTORE MIRKO MEZZACASA"},"content":{"rendered":"<h3 class=\"kvgmc6g5 cxmmr5t8 oygrvhab hcukyx3x c1et5uql\"><span style=\"color: #0000ff;\">INFORMAZIONE il canale su TELEGRAM informazione di prima mano e in tempo reale. iscriviti ed aiutaci a farlo conoscere\u00a0\u00a0<\/span><\/h3>\n<p>&nbsp;<\/p>\n<hr \/>\n<p>&nbsp;<\/p>\n<blockquote><p>&nbsp;<\/p>\n<blockquote>\n<h2>RACCOLTI 29.000 EURO PER LA NUOVA AUTO DI RICCARDO TEGNER<\/h2>\n<p><em>La macchina nel frattempo\u00a0 stata ordinata,\u00a0 servono i tempi tecnici per attrezzarla a dovere con pedane e spazi adeguati al movimento della carrozzina\u00a0<\/em><\/p><\/blockquote>\n<p><strong><a href=\"https:\/\/www.radiopiu.net\/wordpress\/raccolti-29-000-euro-per-la-nuova-auto-riccardo-tegner\/1626451699105964-locandina-riccardo-4\/\" rel=\"attachment wp-att-235380\"><img loading=\"lazy\" decoding=\"async\" class=\"size-medium wp-image-235380 alignleft\" src=\"https:\/\/www.radiopiu.net\/wordpress\/wp-content\/uploads\/2021\/10\/1626451699105964-locandina-riccardo-300x169.jpg\" alt=\"\" width=\"300\" height=\"169\" srcset=\"https:\/\/www.radiopiu.net\/wordpress\/wp-content\/uploads\/2021\/10\/1626451699105964-locandina-riccardo-300x169.jpg 300w, https:\/\/www.radiopiu.net\/wordpress\/wp-content\/uploads\/2021\/10\/1626451699105964-locandina-riccardo-768x432.jpg 768w, https:\/\/www.radiopiu.net\/wordpress\/wp-content\/uploads\/2021\/10\/1626451699105964-locandina-riccardo.jpg 800w\" sizes=\"auto, (max-width: 300px) 100vw, 300px\" \/><\/a>REDAZIONE<\/strong> Si \u00e8 conclusa da alcuni giorni la raccolta fondi per acquistare una nuova auto a Riccardo Tegner.\u00a0 L&#8217;iniziativa \u00e8 stata appoggiata anche da Radio Pi\u00f9 e nelle ultime ore \u00e8 arrivato il bonifico da Eppela a cui si aggiungono i soldi arrivati direttamente sul conto corrente della famiglia. In totale sono stati raccolti 29.000 euro, di cui quasi 22.000 solo online.<\/p>\n<p>L&#8217;auto che Agostino intende acquistare per Riccardo prevede una spesa di 35mila euro, per questo rimane aperta la possibilit\u00e0 di poter contribuire, non pi\u00f9 su piattaforma eppela, piuttosto sul conto corrente privato della famiglia Tegner.<\/p>\n<blockquote>\n<h3><span style=\"color: #ff0000;\"><em><strong>CHI VOLESSE FARE UNA DONAZIONE DIRETTAMENTE ALLA FAMIGLIA DI RICCARDO LO PUO\u2019 FARE SU QUESTO IBAN INTESTATO ALLA MAMMA ANA MARIA STOIAN:\u00a0<\/strong><\/em><\/span><\/h3>\n<h3><span style=\"color: #ff0000;\"><em> <strong>IT40N0760111900000003558144<\/strong><\/em><\/span><\/h3>\n<\/blockquote>\n<p><strong>IL RINGRAZIAMENTO DI AGOSTINO TEGNER, PAPA&#8217; DI RICCARDO<\/strong><\/p>\n<audio class=\"wp-audio-shortcode\" id=\"audio-235806-1\" preload=\"none\" style=\"width: 100%;\" controls=\"controls\"><source type=\"audio\/mpeg\" src=\"https:\/\/www.radiopiu.net\/wordpress\/wp-content\/uploads\/2021\/10\/TEGNER-.mp3?_=1\" \/><a href=\"https:\/\/www.radiopiu.net\/wordpress\/wp-content\/uploads\/2021\/10\/TEGNER-.mp3\">https:\/\/www.radiopiu.net\/wordpress\/wp-content\/uploads\/2021\/10\/TEGNER-.mp3<\/a><\/audio>\n<p>&nbsp;<\/p>\n<p>&nbsp;<\/p><\/blockquote>\n<p>&nbsp;<\/p>\n<p>&nbsp;<\/p>\n<hr \/>\n<p>&nbsp;<\/p>\n<blockquote>\n<div class=\"page-title-head hgroup\">\n<h3 class=\"entry-title\">CHIUDE LA 203 AGORDINA<\/h3>\n<\/div>\n<\/blockquote>\n<p>&nbsp;<\/p>\n<p><strong>BELLUNO\u00a0<\/strong>\u00a0 \u00a0OGGI chiusura totale dalle 8,30 alle 13 e dalle 14,30 alle 16,30<strong><span style=\"color: #ff0000;\"> DOMANI E DOMENICA STRADA REGOLARMENTE APERTA<\/span><\/strong><\/p>\n<blockquote>\n<h1><\/h1>\n<h1>\u00a0 la 203 agordina chiude anche lunedi e martedi<br \/>\ndalle 8.45 alle 13 e dalle 14.30 alle 16.30<\/h1>\n<h1><\/h1>\n<\/blockquote>\n<p>&nbsp;<\/p>\n<p>&nbsp;<\/p>\n<hr \/>\n<p>&nbsp;<\/p>\n<blockquote>\n<h3>INTERRUZIONI ELETTRICHE PROGRAMMATE<\/h3>\n<\/blockquote>\n<p><strong><a href=\"https:\/\/www.radiopiu.net\/wordpress\/giornale-radiopiu-16-giugno-2021-direttore-mirko-mezzacasa\/th-140\/\" rel=\"attachment wp-att-216173\"><img loading=\"lazy\" decoding=\"async\" class=\" wp-image-216173 alignleft\" src=\"https:\/\/www.radiopiu.net\/wordpress\/wp-content\/uploads\/2021\/06\/th-13.jpg\" alt=\"\" width=\"169\" height=\"113\" \/><\/a> <\/strong><\/p>\n<p><strong>\u00a0<\/strong><\/p>\n<p><strong>FALCADE<\/strong> Luned\u00ec dalle 8:30 alle 10:30 nelle vie Cime D&#8217;Auta, Col di Frena, Patrioti, Giovanni Marchiori, Colmaor e Trento. Sempre luned\u00ec dalle 14:30 alle 16:30 nelle vie Cime D&#8217;auta, Colmaor e Giovanni Marchiori<\/p>\n<p><strong>CANALE<\/strong> <strong>D&#8217;AGORDO<\/strong> Luned\u00ec dalle 8:30 alle 10:30 nelle vie Pisoliva, Fregona e Sot Fregona<\/p>\n<p>&nbsp;<\/p>\n<p>&nbsp;<\/p>\n<hr \/>\n<p>&nbsp;<\/p>\n<blockquote>\n<h3>SEMINA IL PANICO SULLE STRADE DELLA VAL D&#8217;ISARCO. INSEGUITO E ARRESTATO UN AGORDINO<\/h3>\n<p><em>Alcune settimane fa lo stesso ragazzo nato a Canale d&#8217;Agordo e residente nel capoluogo agordino,\u00a0 aveva seminato il panico in vallata, al mattino schiantandosi con l&#8217;auto del nonno una Punto contro una casa a Cencenighe inseguito dalla pattuglia della Polizia superata dal giovane lungo la regionale 203 agordina in linea continua. Nel pomeriggio lo stesso usciva dalla caserma dei Carabinieri per rubare una Skoda in piazza facendosi rincorrere per mezza vallata da Selva di Cadore a Gosaldo sfrecciando a oltre 180 all&#8217;ora, addirittura superando in modo rocambolesco un gregge di pecore a Taibon,\u00a0 fino a sera quando \u00e8 stato fermato a Canale d&#8217;Agordo, il giorno dopo lo stesso,\u00a0 dopo una notte in carcere e il processo per direttissima (condanna a 1 anno e 10 mesi con la condizionale)\u00a0 \u00e8 scappato di casa, mobilitati Carabinieri, Vigili del Fuoco, Volontari. Si era temuto il peggio ma alla fine era ad Alleghe nei pressi del lago. Forse il giovane anche alla luce di questa serie di eventi agordini meritava un po&#8217; pi\u00f9 di attenzione da parte delle strutture sanitarie preposte?\u00a0<\/em><\/p><\/blockquote>\n<p><strong><a href=\"https:\/\/www.radiopiu.net\/wordpress\/semina-il-panico-sulle-strade-della-val-disarco-inseguito-e-arrestato-un-agordino-dai-carabinieri\/bressanone-5\/\" rel=\"attachment wp-att-235926\"><img loading=\"lazy\" decoding=\"async\" class=\"size-medium wp-image-235926 alignleft\" src=\"https:\/\/www.radiopiu.net\/wordpress\/wp-content\/uploads\/2021\/10\/Bressanone-5-300x200.jpg\" alt=\"\" width=\"300\" height=\"200\" srcset=\"https:\/\/www.radiopiu.net\/wordpress\/wp-content\/uploads\/2021\/10\/Bressanone-5-300x200.jpg 300w, https:\/\/www.radiopiu.net\/wordpress\/wp-content\/uploads\/2021\/10\/Bressanone-5-1024x683.jpg 1024w, https:\/\/www.radiopiu.net\/wordpress\/wp-content\/uploads\/2021\/10\/Bressanone-5-768x512.jpg 768w, https:\/\/www.radiopiu.net\/wordpress\/wp-content\/uploads\/2021\/10\/Bressanone-5.jpg 1381w\" sizes=\"auto, (max-width: 300px) 100vw, 300px\" \/><\/a>BRESSANONE (BZ) <\/strong>I militari della Compagnia Carabinieri di Bressanone hanno arrestato un ventenne agordino per resistenza a pubblico ufficiale e furto ma \u00e8 accusato anche di una lunga lista di reati. Dalle 21.15 di mercoled\u00ec sera alle 11 di ieri il giovane ha creato scompiglio in mezza Val d\u2019Isarco costringendo i carabinieri a due vaste operazioni di ricerca nell\u2019ambito di tutto il territorio della compagnia di Bressanone. Mercoled\u00ec sera poco dopo le nove e un quarto, una donna del luogo ha telefonato al numero unico europeo di pronto intervento 112 per segnalare di essere appena stata coinvolta in un sinistro stradale in via Battisti, lungo l\u2019argine dell\u2019Isarco poco lontano dal centro cittadino, e che l\u2019altro automobilista era scappato. La donna per\u00f2 \u2013 congratulazioni per la memoria fotografica \u2013 non solo ha fornito colore marca, modello e targa del veicolo fuggito ma pure una precisa descrizione del conducente, un giovane sulla ventina. In maniera un po\u2019 imprudente ma efficace, la donna si era anche posta all\u2019inseguimento del veicolo, agevolando cos\u00ec non poco i carabinieri nel raggiungerli. Peraltro l\u2019operatore della centrale operativa brissinese nel mandare le pattuglie a inseguire l\u2019auto pirata ha verificato la targa al terminale scoprendo che l\u2019auto era stata rubata la mattina stessa in un comune a sud di Trento. La fuga \u00e8 durata poco perch\u00e9 il giovane, forse sentito il suono delle sirene, si \u00e8 infilato in una strada secondaria del comune di Varna, a un paio di chilometri dal luogo del sinistro, ha lasciato l\u2019auto in un parcheggio e si \u00e8 allontanato a piedi. Immediate ricerche in zona da parte dei militari dell\u2019Arma hanno permesso di trovare un ragazzo a piedi perfettamente corrispondente alla descrizione avuta dalla donna. I carabinieri gli hanno dunque chiesto un documento <a href=\"https:\/\/www.radiopiu.net\/wordpress\/semina-il-panico-sulle-strade-della-val-disarco-inseguito-e-arrestato-un-agordino-dai-carabinieri\/img-20211007-wa0040\/\" rel=\"attachment wp-att-235927\"><img loading=\"lazy\" decoding=\"async\" class=\" wp-image-235927 alignright\" src=\"https:\/\/www.radiopiu.net\/wordpress\/wp-content\/uploads\/2021\/10\/IMG-20211007-WA0040-300x225.jpg\" alt=\"\" width=\"388\" height=\"291\" srcset=\"https:\/\/www.radiopiu.net\/wordpress\/wp-content\/uploads\/2021\/10\/IMG-20211007-WA0040-300x225.jpg 300w, https:\/\/www.radiopiu.net\/wordpress\/wp-content\/uploads\/2021\/10\/IMG-20211007-WA0040-1024x768.jpg 1024w, https:\/\/www.radiopiu.net\/wordpress\/wp-content\/uploads\/2021\/10\/IMG-20211007-WA0040-768x576.jpg 768w, https:\/\/www.radiopiu.net\/wordpress\/wp-content\/uploads\/2021\/10\/IMG-20211007-WA0040-1536x1152.jpg 1536w, https:\/\/www.radiopiu.net\/wordpress\/wp-content\/uploads\/2021\/10\/IMG-20211007-WA0040.jpg 2048w\" sizes=\"auto, (max-width: 388px) 100vw, 388px\" \/><\/a>d\u2019identit\u00e0 ma il giovane ha affermato di non averne al seguito ma ha fornito dei dati anagrafici. Interrogato in merito alla propria presenza a Varna, il giovane ha tergiversato e iniziato a raccontare evidenti frottole. I carabinieri hanno dunque avuto conferma del loro sospetto e lo hanno perquisito. Addosso gli hanno trovato un documento d\u2019identit\u00e0 riportante dati diversi da quelli forniti prima, una chiave di un\u2019auto della stessa marca di quella rubata (e che peraltro apriva perfettamente detta auto), quattro pezzi di hashish (per quasi otto grammi) e pi\u00f9 di quattrocento euro in contanti. Il ventenne agordino, peraltro non nuovo a tale tipo di comportamento, \u00e8 stato portato in caserma e denunciato in stato di libert\u00e0 per i reati di ricettazione di autoveicolo, false dichiarazioni sull\u2019identit\u00e0 personale, detenzione di droga ai fini di spaccio, rifiuto sottoporsi al controllo sull\u2019assunzione di stupefacenti e, infine, sanzionato per guida senza patente. Poi, in piena notte, redatti tutti i previsti atti, \u00e8 stato rilasciato. Intorno alle 10.30 ai carabinieri di Luson hanno incrociato una grossa berlina \u2013 peraltro, coincidenze, della stessa casa automobilistica tedesca di quella recuperata nella notte. I militari subito si sono posti all\u2019inseguimento e hanno comunicato la cosa alla centrale operativa. Tutte le pattuglie pi\u00f9 vicine si sono attivate per la caccia al pirata della strada. Visto quanto era successo a Funes a settembre, i carabinieri hanno pensato subito a una banda di ladri. Peraltro l\u2019auto non voleva proprio saperne di fermarsi. Ne \u00e8 nato un folle inseguimento da Luson fino a Bressanone per pi\u00f9 di dieci chilometri , con il coinvolgimento di quattro autopattuglie. Infine a via Plose di Bressanone il pirata si \u00e8 trovato la strada sbarrata da due auto dei carabinieri e si \u00e8 dovuto fermare. Quindi, improvvisamente, ha ingranato la retromarcia e ha speronato la gazzella dei carabinieri che lo stava chiudendo da dietro. Ha fatto per\u00f2 poca strada poich\u00e9 \u00e8 finito contro un albero. Sceso dall\u2019auto ha pure tentato la fuga a piedi ma i carabinieri lo hanno quasi subito placcato, bloccato e ammanettato. Sorpresa: era lo stesso giovane agordino della sera precedente. Condotto in caserma e perquisito nuovamente, \u00e8 stato \u2013 con grande stupore dei militari \u2013 trovato ancora in possesso di hashish per circa quindici grammi. \u00c8 stato infine arrestato per i reati di furto aggravato e resistenza a pubblico ufficiale. La fuga in auto che provoca pericoli per la circolazione stradale costituisce infatti il reato di resistenza a un pubblico ufficiale. Oltre a questi gli vengono anche contestati i reati di danneggiamento aggravato, detenzione di droga ai fini di spaccio, rifiuto dell\u2019accertamento per le sostanze stupefacenti nonch\u00e9 oltre alla sanzione amministrativa per guida senza patente diverse altre contestazioni per violazioni delle norme sulla circolazione stradale. Sar\u00e0 inoltre proposto per un divieto di ritorno nei comuni di Varna e Bressanone. Informato il pubblico ministero, \u00e8 stato associato al carcere di Bolzano per l\u2019udienza di convalida. I carabinieri brissinesi hanno scoperto che l\u2019auto l\u2019aveva rubata gi\u00e0 alle 8 del mattino a Bressanone. Ora, nel prosieguo delle indagini, stanno cercando di capire cosa abbia fatto dalla mattina alla sera (di ieri) in giro per l\u2019Alto Adige dove non aveva ragione di salire nonch\u00e9 cos\u2019abbia fatto ieri mattina e dove abbia preso la droga trovatagli addosso dato che sicuramente quando \u00e8 uscito dalla caserma alle 3 di della scorsa notte non ne aveva con s\u00e9. La gazzella speronata intanto \u00e8 finita dal meccanico, non marciante. E un carabiniere \u00e8 finito in pronto soccorso, fortunatamente per lesioni non gravi, per una contusione alla spalla per cui ne avr\u00e0 per otto giorni almeno.<\/p>\n<p>&nbsp;<\/p>\n<p>&nbsp;<\/p>\n<p>&nbsp;<\/p>\n<p>&nbsp;<\/p>\n<p>&nbsp;<\/p>\n<hr \/>\n<p>&nbsp;<\/p>\n<blockquote>\n<h3>SUEM E POMPIERI IN AIUTO AD UN&#8217;ANZIANA<\/h3>\n<p><strong>FELTRE<\/strong> \u00a0Un&#8217;anziana\u00a0 ha avuto bisogno di essere trasportata all&#8217;ospedale Santa Maria del Prato. La donna ha la camera da letto al primo piano della sua abitazione e i sanitari prontamente intervenuti erano in difficolt\u00e0 a scendere con la lettiga a piano terra. Hanno cos\u00ec chiesto l&#8217;ausilio dei pompieri di Feltre che hanno provveduto a fornire il supporto necessario.<\/p><\/blockquote>\n<p>&nbsp;<\/p>\n<p>&nbsp;<\/p>\n<p>&nbsp;<\/p>\n<hr \/>\n<p>&nbsp;<\/p>\n<blockquote>\n<h3>VOLONTARI DELLA CROCE VERDE SOTTO CONTROLLO GREEN PASS: ABERRAZIONE<\/h3>\n<\/blockquote>\n<blockquote><p><em>Si va ai seggi a votarli senza green pass, anche gli scrutatori sono esentati, ma non i volontari della Croce Verde, che oltre a fare un servizio che dovrebbe fare lo Stato, non vengono pagati, anzi vengono minacciati di essere sanzionati&#8230;<\/em><\/p>\n<p><strong>di Gianni Santomaso<\/strong><\/p><\/blockquote>\n<audio class=\"wp-audio-shortcode\" id=\"audio-235806-2\" preload=\"none\" style=\"width: 100%;\" controls=\"controls\"><source type=\"audio\/mpeg\" src=\"https:\/\/www.radiopiu.net\/wordpress\/wp-content\/uploads\/2021\/10\/GIANNI-CROCE-VERDE-VAL-BIOIS.mp3?_=2\" \/><a href=\"https:\/\/www.radiopiu.net\/wordpress\/wp-content\/uploads\/2021\/10\/GIANNI-CROCE-VERDE-VAL-BIOIS.mp3\">https:\/\/www.radiopiu.net\/wordpress\/wp-content\/uploads\/2021\/10\/GIANNI-CROCE-VERDE-VAL-BIOIS.mp3<\/a><\/audio>\n<p>&nbsp;<\/p>\n<p><strong><a href=\"https:\/\/www.radiopiu.net\/wordpress\/speciale-croce-verde-val-biois-21-mila-chilometri-in-un-anno-per-471-interventi\/murer\/\" rel=\"attachment wp-att-80526\"><img loading=\"lazy\" decoding=\"async\" class=\" wp-image-80526 alignleft\" src=\"https:\/\/www.radiopiu.net\/wordpress\/wp-content\/uploads\/2019\/03\/MURER-e1603200896333.jpg\" alt=\"\" width=\"175\" height=\"131\" \/><\/a>FALCADE\u00a0<\/strong> Aberrazione. Non ha mezzi termini il presidente della Croce Verde Val Biois Stefano Murer, nella missiva inviata al Presidente del Consiglio Mario Draghi, al Presidente della Repubblica Sergio Mattarella, ai Parlamentari Bellunesi e rappresentanti regionali il concetto \u00e8 chiaro:\u00a0 &#8220;Con il Decreto Legge ci obbligate a verificare e controllare se i nostri volontari siano dotati o meno di green pass, con l&#8217;aggiunta di salate sanzioni a chi lavora costantemente in sostituzione dello Stato che non \u00e8 in grado di garantire i Lea per le aree periferiche e disagiate come la montagna&#8221;. Montagna vera, insiste Murer,\u00a0 dove il costo del carburante \u00e8 maggiore, le derrate alimentari costano di pi\u00f9 e sui servizi pubblici e sanit\u00e0 stendiamo un velo pietoso.<\/p>\n<p><strong>IL PRESIDENTE STEFANO MURER\u00a0 &#8220;Sono esasperato, snervato&#8230;&#8221;<\/strong><\/p>\n<audio class=\"wp-audio-shortcode\" id=\"audio-235806-3\" preload=\"none\" style=\"width: 100%;\" controls=\"controls\"><source type=\"audio\/mpeg\" src=\"https:\/\/www.radiopiu.net\/wordpress\/wp-content\/uploads\/2021\/10\/stefano-murer.mp3?_=3\" \/><a href=\"https:\/\/www.radiopiu.net\/wordpress\/wp-content\/uploads\/2021\/10\/stefano-murer.mp3\">https:\/\/www.radiopiu.net\/wordpress\/wp-content\/uploads\/2021\/10\/stefano-murer.mp3<\/a><\/audio>\n<p>&nbsp;<\/p>\n<p>&nbsp;<\/p>\n<hr \/>\n<h3><\/h3>\n<blockquote>\n<h3>CON UN COMUNICATO CONGIUNTO LE SEGRETERIE SINDACALI RICORDANO ALLE AZIENDE CHE NON DEVONO CHIEDERE AI PROPRI DIPENDENTI IL POSSESSO DEL GREEN PASS<\/h3>\n<\/blockquote>\n<p><strong><a href=\"https:\/\/www.radiopiu.net\/wordpress\/comunicato-unitario-delle-sigle-sindacali-per-le-misure-di-protezione-dei-lavoratori-nei-posti-di-lavoro\/sindacati\/\" rel=\"attachment wp-att-121809\"><img loading=\"lazy\" decoding=\"async\" class=\" wp-image-121809 alignleft\" src=\"https:\/\/www.radiopiu.net\/wordpress\/wp-content\/uploads\/2020\/03\/SINDACATI-300x300.jpg\" alt=\"\" width=\"155\" height=\"155\" srcset=\"https:\/\/www.radiopiu.net\/wordpress\/wp-content\/uploads\/2020\/03\/SINDACATI-300x300.jpg 300w, https:\/\/www.radiopiu.net\/wordpress\/wp-content\/uploads\/2020\/03\/SINDACATI-1024x1024.jpg 1024w, https:\/\/www.radiopiu.net\/wordpress\/wp-content\/uploads\/2020\/03\/SINDACATI-150x150.jpg 150w, https:\/\/www.radiopiu.net\/wordpress\/wp-content\/uploads\/2020\/03\/SINDACATI-768x768.jpg 768w, https:\/\/www.radiopiu.net\/wordpress\/wp-content\/uploads\/2020\/03\/SINDACATI-1536x1536.jpg 1536w, https:\/\/www.radiopiu.net\/wordpress\/wp-content\/uploads\/2020\/03\/SINDACATI.jpg 2048w\" sizes=\"auto, (max-width: 155px) 100vw, 155px\" \/><\/a>MESTRE<\/strong> Le segreterie della FILCTEM CGIL, FEMCA CISL e UILTEC UIL, a seguito di alcune segnalazioni pervenute da aziende della nostra regione, che starebbero richiedendo ai propri dipendenti di comunicare attraverso la compilazione di un apposito modulo il possesso o meno del green pass, rilevano l&#8217;illegittimit\u00e0 della richiesta e chiedono il rispetto delle procedure previste dal Decreto Legge 127\/2021. Chiedono pertanto di bloccare immediatamente ogni forma di richiesta in tal senso e di rispettare quanto previsto dalle nome attualmente in vigore per assicurare lo svolgimento in sicurezza del lavoro in contesto di pandemia.<\/p>\n<p><em><strong>M. Corso (FICTEM CGIL), S. Zanon (FEMCA CISL), G. Gregnanin (UILTEC UIL)<\/strong><\/em><\/p>\n<p>&nbsp;<\/p>\n<p>&nbsp;<\/p>\n<hr \/>\n<p>&nbsp;<\/p>\n<blockquote>\n<h3>FORMAGGIO INBRIAGO A &#8220;I FATTI VOSTRI\u201d.\u00a0 SU RAI2 DALLE ORE 11.30<\/h3>\n<\/blockquote>\n<div class=\"kvgmc6g5 cxmmr5t8 oygrvhab hcukyx3x c1et5uql ii04i59q\">\n<blockquote>\n<h3 dir=\"auto\">Ai fornelli il cuoco contadino di Coldiretti Belluno, Fabrizio Pescosta<\/h3>\n<\/blockquote>\n<div dir=\"auto\"><\/div>\n<\/div>\n<div class=\"o9v6fnle cxmmr5t8 oygrvhab hcukyx3x c1et5uql ii04i59q\">\n<div dir=\"auto\">\n<p><strong><a class=\"dt-pswp-item\" href=\"https:\/\/www.radiopiu.net\/wordpress\/wp-content\/uploads\/2021\/10\/244745214_10223305664607722_7878871872004274317_n.jpg\" data-dt-img-description=\"\" data-large_image_width=\"720\" data-large_image_height=\"540\"><img loading=\"lazy\" decoding=\"async\" class=\"wp-image-235851 size-medium alignleft\" src=\"https:\/\/www.radiopiu.net\/wordpress\/wp-content\/uploads\/2021\/10\/244745214_10223305664607722_7878871872004274317_n-300x225.jpg\" alt=\"\" width=\"300\" height=\"225\" srcset=\"https:\/\/www.radiopiu.net\/wordpress\/wp-content\/uploads\/2021\/10\/244745214_10223305664607722_7878871872004274317_n-300x225.jpg 300w, https:\/\/www.radiopiu.net\/wordpress\/wp-content\/uploads\/2021\/10\/244745214_10223305664607722_7878871872004274317_n.jpg 720w\" sizes=\"auto, (max-width: 300px) 100vw, 300px\" \/><\/a>FALCADE<\/strong>\u00a0 La trasmissione di Michele Guard\u00ec dedica uno spazio al formaggio Inbriago. Oggi su Rai2 dalle ore 11.30 a &#8220;I fatti vostri&#8217; l\u2019esperto casaro di Coldiretti Manuel Lombardi presenter\u00e0 ai telespettatori le varie stagionature A Fabrizio Pescosta capo brigata delle cucine degli operatori agrituristici di Coldiretti Belluno spetta la sfida pi\u00f9 grande: quella di tornare in Via Teulada con tutta la produzione casearia identitaria coperta dai sigilli di Campagna Amica dal Morlacco al Bastardo, dal Piave al Nevegal.<\/p>\n<p>&nbsp;<\/p>\n<p>&nbsp;<\/p>\n<p>&nbsp;<\/p>\n<p>&nbsp;<\/p>\n<\/div>\n<\/div>\n<p>&nbsp;<\/p>\n<hr \/>\n<p>&nbsp;<\/p>\n<blockquote>\n<h3>DOMANI A FRASSENE&#8217; L&#8217;ULTIMO SALUTO A CLAUDIO GNECH<\/h3>\n<\/blockquote>\n<p><strong><a href=\"https:\/\/www.radiopiu.net\/wordpress\/domani-a-frassene-lultimo-saluto-a-claudio-gnech\/schermata-2021-10-07-alle-18-56-05\/\" rel=\"attachment wp-att-235943\"><img loading=\"lazy\" decoding=\"async\" class=\" wp-image-235943 alignleft\" src=\"https:\/\/www.radiopiu.net\/wordpress\/wp-content\/uploads\/2021\/10\/Schermata-2021-10-07-alle-18.56.05-234x300.png\" alt=\"\" width=\"152\" height=\"195\" srcset=\"https:\/\/www.radiopiu.net\/wordpress\/wp-content\/uploads\/2021\/10\/Schermata-2021-10-07-alle-18.56.05-234x300.png 234w, https:\/\/www.radiopiu.net\/wordpress\/wp-content\/uploads\/2021\/10\/Schermata-2021-10-07-alle-18.56.05.png 348w\" sizes=\"auto, (max-width: 152px) 100vw, 152px\" \/><\/a> <\/strong><\/p>\n<p><strong>\u00a0<\/strong><\/p>\n<p><strong>\u00a0<\/strong><\/p>\n<p><strong>VOLTAGO<\/strong> Una comunit\u00e0 si stringe attorno alla famiglia di Claudio Gnech. Improvvisamente mancato ne danno l&#8217;annuncio i fratelli Gianni e Fulvio, le cognate Donatella e Rosanna, la zia Maria\u00a0 e i nipoti Ingrid, Denise, Davide, Francesca e Lucia e tutti i parenti. I funerali domani alle 10:30 nella chiesa di Frassen\u00e8.<\/p>\n<p>&nbsp;<\/p>\n<p>&nbsp;<\/p>\n<p>&nbsp;<\/p>\n<p>&nbsp;<\/p>\n<hr \/>\n<p>&nbsp;<\/p>\n<blockquote>\n<h3>GALLERIA DEI CASTEI, LA STORIA SI RIPETE, POCO RISPETTO DI CHI GUIDA I BISONTI DEL CIPPATO<\/h3>\n<\/blockquote>\n<p><strong>LA VALLE<\/strong> Camion carichi di cippato che perdono parte del carico, finch\u00e8 succede all&#8217;aperto lungo la regionale 203 agordina nessuno forse se ne accorge nemmeno, ma quando il cippato riempie la zona di sosta per l&#8217;emergenza e le cunette la storia cambia. Gi\u00e0 la galleria ha seri problemi con le cascate d&#8217;acqua che scendono dalla volta schiantandosi sui cristalli delle auto per poi formare un ruscello verso valle, ora si aggiunge anche lo scarico indesiderato del cippato che contribuir\u00e0 a riempire i tombini. Auspicabile un intervento deciso di Veneto Strade scrivevamo a luglio, ma la storia oggi si \u00e8 di nuovo ripetuta sar\u00e0 cos\u00ec anche in futuro?<\/p>\n\n\t\t\t<style type='text\/css'>\n\t\t\t\t#gallery-1 {\n\t\t\t\t\tmargin: auto;\n\t\t\t\t}\n\t\t\t\t#gallery-1 .gallery-item {\n\t\t\t\t\tfloat: left;\n\t\t\t\t\tmargin-top: 10px;\n\t\t\t\t\ttext-align: center;\n\t\t\t\t\twidth: 50%;\n\t\t\t\t}\n\t\t\t\t#gallery-1 img {\n\t\t\t\t\tborder: 2px solid #cfcfcf;\n\t\t\t\t}\n\t\t\t\t#gallery-1 .gallery-caption {\n\t\t\t\t\tmargin-left: 0;\n\t\t\t\t}\n\t\t\t\t\/* see gallery_shortcode() in wp-includes\/media.php *\/\n\t\t\t<\/style>\n\t\t<div id='gallery-1' class='dt-gallery-container gallery galleryid-235806 gallery-columns-2 gallery-size-medium'><dl class='gallery-item'>\n\t\t\t\t<dt class='gallery-icon portrait'>\n\t\t\t\t\t<a class=\"rollover rollover-zoom dt-pswp-item\" title=\"e4a9a51e-d846-49ef-ad66-8e15e45ec34f\" data-dt-img-description=\"\" data-large_image_width=\"1200\" data-large_image_height=\"1600\"href='https:\/\/www.radiopiu.net\/wordpress\/wp-content\/uploads\/2021\/10\/e4a9a51e-d846-49ef-ad66-8e15e45ec34f.jpg'><img loading=\"lazy\" decoding=\"async\" width=\"225\" height=\"300\" src=\"https:\/\/www.radiopiu.net\/wordpress\/wp-content\/uploads\/2021\/10\/e4a9a51e-d846-49ef-ad66-8e15e45ec34f-225x300.jpg\" class=\"attachment-medium size-medium\" alt=\"\" srcset=\"https:\/\/www.radiopiu.net\/wordpress\/wp-content\/uploads\/2021\/10\/e4a9a51e-d846-49ef-ad66-8e15e45ec34f-225x300.jpg 225w, https:\/\/www.radiopiu.net\/wordpress\/wp-content\/uploads\/2021\/10\/e4a9a51e-d846-49ef-ad66-8e15e45ec34f-768x1024.jpg 768w, https:\/\/www.radiopiu.net\/wordpress\/wp-content\/uploads\/2021\/10\/e4a9a51e-d846-49ef-ad66-8e15e45ec34f-1152x1536.jpg 1152w, https:\/\/www.radiopiu.net\/wordpress\/wp-content\/uploads\/2021\/10\/e4a9a51e-d846-49ef-ad66-8e15e45ec34f.jpg 1200w\" sizes=\"auto, (max-width: 225px) 100vw, 225px\" \/><\/a>\n\t\t\t\t<\/dt><\/dl><dl class='gallery-item'>\n\t\t\t\t<dt class='gallery-icon portrait'>\n\t\t\t\t\t<a class=\"rollover rollover-zoom dt-pswp-item\" title=\"7bc453a9-22e6-452d-a78a-f4e25f62afc0\" data-dt-img-description=\"\" data-large_image_width=\"1200\" data-large_image_height=\"1600\"href='https:\/\/www.radiopiu.net\/wordpress\/wp-content\/uploads\/2021\/10\/7bc453a9-22e6-452d-a78a-f4e25f62afc0.jpg'><img loading=\"lazy\" decoding=\"async\" width=\"225\" height=\"300\" src=\"https:\/\/www.radiopiu.net\/wordpress\/wp-content\/uploads\/2021\/10\/7bc453a9-22e6-452d-a78a-f4e25f62afc0-225x300.jpg\" class=\"attachment-medium size-medium\" alt=\"\" srcset=\"https:\/\/www.radiopiu.net\/wordpress\/wp-content\/uploads\/2021\/10\/7bc453a9-22e6-452d-a78a-f4e25f62afc0-225x300.jpg 225w, https:\/\/www.radiopiu.net\/wordpress\/wp-content\/uploads\/2021\/10\/7bc453a9-22e6-452d-a78a-f4e25f62afc0-768x1024.jpg 768w, https:\/\/www.radiopiu.net\/wordpress\/wp-content\/uploads\/2021\/10\/7bc453a9-22e6-452d-a78a-f4e25f62afc0-1152x1536.jpg 1152w, https:\/\/www.radiopiu.net\/wordpress\/wp-content\/uploads\/2021\/10\/7bc453a9-22e6-452d-a78a-f4e25f62afc0.jpg 1200w\" sizes=\"auto, (max-width: 225px) 100vw, 225px\" \/><\/a>\n\t\t\t\t<\/dt><\/dl><br style=\"clear: both\" \/>\n\t\t\t<\/div>\n\n<p><strong>LE FOTO DEL 14 LUGLIO 2021<\/strong><\/p>\n\n\t\t\t<style type='text\/css'>\n\t\t\t\t#gallery-2 {\n\t\t\t\t\tmargin: auto;\n\t\t\t\t}\n\t\t\t\t#gallery-2 .gallery-item {\n\t\t\t\t\tfloat: left;\n\t\t\t\t\tmargin-top: 10px;\n\t\t\t\t\ttext-align: center;\n\t\t\t\t\twidth: 50%;\n\t\t\t\t}\n\t\t\t\t#gallery-2 img {\n\t\t\t\t\tborder: 2px solid #cfcfcf;\n\t\t\t\t}\n\t\t\t\t#gallery-2 .gallery-caption {\n\t\t\t\t\tmargin-left: 0;\n\t\t\t\t}\n\t\t\t\t\/* see gallery_shortcode() in wp-includes\/media.php *\/\n\t\t\t<\/style>\n\t\t<div id='gallery-2' class='dt-gallery-container gallery galleryid-235806 gallery-columns-2 gallery-size-thumbnail'><dl class='gallery-item'>\n\t\t\t\t<dt class='gallery-icon portrait'>\n\t\t\t\t\t<a class=\"rollover rollover-zoom dt-pswp-item\" title=\"a595b86c-82e7-4bdf-9a20-6c190116d5b6\" data-dt-img-description=\"\" data-large_image_width=\"900\" data-large_image_height=\"1600\"href='https:\/\/www.radiopiu.net\/wordpress\/wp-content\/uploads\/2021\/07\/a595b86c-82e7-4bdf-9a20-6c190116d5b6.jpg'><img loading=\"lazy\" decoding=\"async\" width=\"150\" height=\"150\" src=\"https:\/\/www.radiopiu.net\/wordpress\/wp-content\/uploads\/2021\/07\/a595b86c-82e7-4bdf-9a20-6c190116d5b6-150x150.jpg\" class=\"attachment-thumbnail size-thumbnail\" alt=\"\" \/><\/a>\n\t\t\t\t<\/dt><\/dl><dl class='gallery-item'>\n\t\t\t\t<dt class='gallery-icon portrait'>\n\t\t\t\t\t<a class=\"rollover rollover-zoom dt-pswp-item\" title=\"36b1dc54-2b81-44a2-9253-a49d7320d6a1\" data-dt-img-description=\"\" data-large_image_width=\"900\" data-large_image_height=\"1600\"href='https:\/\/www.radiopiu.net\/wordpress\/wp-content\/uploads\/2021\/07\/36b1dc54-2b81-44a2-9253-a49d7320d6a1.jpg'><img loading=\"lazy\" decoding=\"async\" width=\"150\" height=\"150\" src=\"https:\/\/www.radiopiu.net\/wordpress\/wp-content\/uploads\/2021\/07\/36b1dc54-2b81-44a2-9253-a49d7320d6a1-150x150.jpg\" class=\"attachment-thumbnail size-thumbnail\" alt=\"\" \/><\/a>\n\t\t\t\t<\/dt><\/dl><br style=\"clear: both\" \/>\n\t\t\t<\/div>\n\n<p>&nbsp;<\/p>\n<hr \/>\n<p>&nbsp;<\/p>\n<blockquote class=\"wp-embedded-content\" data-secret=\"FWKgzeHFOD\"><p><a href=\"https:\/\/www.radiopiu.net\/wordpress\/aggiornamentoott07\/\">CORONAVIRUS: AGGIORNAMENTO NAZIONALE 07 OTTOBRE  2021<\/a><\/p><\/blockquote>\n<p><iframe loading=\"lazy\" class=\"wp-embedded-content\" sandbox=\"allow-scripts\" security=\"restricted\" style=\"position: absolute; clip: rect(1px, 1px, 1px, 1px);\" title=\"&#8220;CORONAVIRUS: AGGIORNAMENTO NAZIONALE 07 OTTOBRE  2021&#8221; &#8212; Radio Pi\u00f9\" src=\"https:\/\/www.radiopiu.net\/wordpress\/aggiornamentoott07\/embed\/#?secret=FWKgzeHFOD\" data-secret=\"FWKgzeHFOD\" width=\"600\" height=\"338\" frameborder=\"0\" marginwidth=\"0\" marginheight=\"0\" scrolling=\"no\"><\/iframe><\/p>\n<p>&nbsp;<\/p>\n<blockquote class=\"wp-embedded-content\" data-secret=\"84w3afX5gh\"><p><a href=\"https:\/\/www.radiopiu.net\/wordpress\/lunbollssaa\/\">ATTUAMENTE POSITIVI PER LA PRIMA VOLTA SOTTO QUOTA 10 MILA<\/a><\/p><\/blockquote>\n<p><iframe loading=\"lazy\" class=\"wp-embedded-content\" sandbox=\"allow-scripts\" security=\"restricted\" style=\"position: absolute; clip: rect(1px, 1px, 1px, 1px);\" title=\"&#8220;ATTUAMENTE POSITIVI PER LA PRIMA VOLTA SOTTO QUOTA 10 MILA&#8221; &#8212; Radio Pi\u00f9\" src=\"https:\/\/www.radiopiu.net\/wordpress\/lunbollssaa\/embed\/#?secret=84w3afX5gh\" data-secret=\"84w3afX5gh\" width=\"600\" height=\"338\" frameborder=\"0\" marginwidth=\"0\" marginheight=\"0\" scrolling=\"no\"><\/iframe><\/p>\n<p>&nbsp;<\/p>\n<h3><strong>I GRAFICI DI TIZIANO DE COL<\/strong><\/h3>\n\n\t\t\t<style type='text\/css'>\n\t\t\t\t#gallery-3 {\n\t\t\t\t\tmargin: auto;\n\t\t\t\t}\n\t\t\t\t#gallery-3 .gallery-item {\n\t\t\t\t\tfloat: left;\n\t\t\t\t\tmargin-top: 10px;\n\t\t\t\t\ttext-align: center;\n\t\t\t\t\twidth: 20%;\n\t\t\t\t}\n\t\t\t\t#gallery-3 img {\n\t\t\t\t\tborder: 2px solid #cfcfcf;\n\t\t\t\t}\n\t\t\t\t#gallery-3 .gallery-caption {\n\t\t\t\t\tmargin-left: 0;\n\t\t\t\t}\n\t\t\t\t\/* see gallery_shortcode() in wp-includes\/media.php *\/\n\t\t\t<\/style>\n\t\t<div id='gallery-3' class='dt-gallery-container gallery galleryid-235806 gallery-columns-5 gallery-size-medium'><dl class='gallery-item'>\n\t\t\t\t<dt class='gallery-icon landscape'>\n\t\t\t\t\t<a class=\"rollover rollover-zoom dt-pswp-item\" title=\"f48839ed-0328-4d68-98c0-ab3aa0e44c6e\" data-dt-img-description=\"\" data-large_image_width=\"592\" data-large_image_height=\"364\"href='https:\/\/www.radiopiu.net\/wordpress\/wp-content\/uploads\/2021\/10\/f48839ed-0328-4d68-98c0-ab3aa0e44c6e.jpg'><img loading=\"lazy\" decoding=\"async\" width=\"300\" height=\"184\" src=\"https:\/\/www.radiopiu.net\/wordpress\/wp-content\/uploads\/2021\/10\/f48839ed-0328-4d68-98c0-ab3aa0e44c6e-300x184.jpg\" class=\"attachment-medium size-medium\" alt=\"\" srcset=\"https:\/\/www.radiopiu.net\/wordpress\/wp-content\/uploads\/2021\/10\/f48839ed-0328-4d68-98c0-ab3aa0e44c6e-300x184.jpg 300w, https:\/\/www.radiopiu.net\/wordpress\/wp-content\/uploads\/2021\/10\/f48839ed-0328-4d68-98c0-ab3aa0e44c6e.jpg 592w\" sizes=\"auto, (max-width: 300px) 100vw, 300px\" \/><\/a>\n\t\t\t\t<\/dt><\/dl><dl class='gallery-item'>\n\t\t\t\t<dt class='gallery-icon landscape'>\n\t\t\t\t\t<a class=\"rollover rollover-zoom dt-pswp-item\" title=\"37771ab1-8fac-4b13-9b80-5cd883c20d37\" data-dt-img-description=\"\" data-large_image_width=\"618\" data-large_image_height=\"356\"href='https:\/\/www.radiopiu.net\/wordpress\/wp-content\/uploads\/2021\/10\/37771ab1-8fac-4b13-9b80-5cd883c20d37.jpg'><img loading=\"lazy\" decoding=\"async\" width=\"300\" height=\"173\" src=\"https:\/\/www.radiopiu.net\/wordpress\/wp-content\/uploads\/2021\/10\/37771ab1-8fac-4b13-9b80-5cd883c20d37-300x173.jpg\" class=\"attachment-medium size-medium\" alt=\"\" srcset=\"https:\/\/www.radiopiu.net\/wordpress\/wp-content\/uploads\/2021\/10\/37771ab1-8fac-4b13-9b80-5cd883c20d37-300x173.jpg 300w, https:\/\/www.radiopiu.net\/wordpress\/wp-content\/uploads\/2021\/10\/37771ab1-8fac-4b13-9b80-5cd883c20d37.jpg 618w\" sizes=\"auto, (max-width: 300px) 100vw, 300px\" \/><\/a>\n\t\t\t\t<\/dt><\/dl><dl class='gallery-item'>\n\t\t\t\t<dt class='gallery-icon landscape'>\n\t\t\t\t\t<a class=\"rollover rollover-zoom dt-pswp-item\" title=\"2c180266-15e1-4786-9bc3-1aecd22d5784\" data-dt-img-description=\"\" data-large_image_width=\"616\" data-large_image_height=\"356\"href='https:\/\/www.radiopiu.net\/wordpress\/wp-content\/uploads\/2021\/10\/2c180266-15e1-4786-9bc3-1aecd22d5784.jpg'><img loading=\"lazy\" decoding=\"async\" width=\"300\" height=\"173\" src=\"https:\/\/www.radiopiu.net\/wordpress\/wp-content\/uploads\/2021\/10\/2c180266-15e1-4786-9bc3-1aecd22d5784-300x173.jpg\" class=\"attachment-medium size-medium\" alt=\"\" srcset=\"https:\/\/www.radiopiu.net\/wordpress\/wp-content\/uploads\/2021\/10\/2c180266-15e1-4786-9bc3-1aecd22d5784-300x173.jpg 300w, https:\/\/www.radiopiu.net\/wordpress\/wp-content\/uploads\/2021\/10\/2c180266-15e1-4786-9bc3-1aecd22d5784.jpg 616w\" sizes=\"auto, (max-width: 300px) 100vw, 300px\" \/><\/a>\n\t\t\t\t<\/dt><\/dl><dl class='gallery-item'>\n\t\t\t\t<dt class='gallery-icon landscape'>\n\t\t\t\t\t<a class=\"rollover rollover-zoom dt-pswp-item\" title=\"ebb1ec11-3eb8-4a4a-9725-f97fd4788bf0\" data-dt-img-description=\"\" data-large_image_width=\"606\" data-large_image_height=\"358\"href='https:\/\/www.radiopiu.net\/wordpress\/wp-content\/uploads\/2021\/10\/ebb1ec11-3eb8-4a4a-9725-f97fd4788bf0.jpg'><img loading=\"lazy\" decoding=\"async\" width=\"300\" height=\"177\" src=\"https:\/\/www.radiopiu.net\/wordpress\/wp-content\/uploads\/2021\/10\/ebb1ec11-3eb8-4a4a-9725-f97fd4788bf0-300x177.jpg\" class=\"attachment-medium size-medium\" alt=\"\" srcset=\"https:\/\/www.radiopiu.net\/wordpress\/wp-content\/uploads\/2021\/10\/ebb1ec11-3eb8-4a4a-9725-f97fd4788bf0-300x177.jpg 300w, https:\/\/www.radiopiu.net\/wordpress\/wp-content\/uploads\/2021\/10\/ebb1ec11-3eb8-4a4a-9725-f97fd4788bf0.jpg 606w\" sizes=\"auto, (max-width: 300px) 100vw, 300px\" \/><\/a>\n\t\t\t\t<\/dt><\/dl><dl class='gallery-item'>\n\t\t\t\t<dt class='gallery-icon landscape'>\n\t\t\t\t\t<a class=\"rollover rollover-zoom dt-pswp-item\" title=\"da760411-cf6a-4390-8beb-f7054f83cbbf\" data-dt-img-description=\"\" data-large_image_width=\"604\" data-large_image_height=\"357\"href='https:\/\/www.radiopiu.net\/wordpress\/wp-content\/uploads\/2021\/10\/da760411-cf6a-4390-8beb-f7054f83cbbf.jpg'><img loading=\"lazy\" decoding=\"async\" width=\"300\" height=\"177\" src=\"https:\/\/www.radiopiu.net\/wordpress\/wp-content\/uploads\/2021\/10\/da760411-cf6a-4390-8beb-f7054f83cbbf-300x177.jpg\" class=\"attachment-medium size-medium\" alt=\"\" srcset=\"https:\/\/www.radiopiu.net\/wordpress\/wp-content\/uploads\/2021\/10\/da760411-cf6a-4390-8beb-f7054f83cbbf-300x177.jpg 300w, https:\/\/www.radiopiu.net\/wordpress\/wp-content\/uploads\/2021\/10\/da760411-cf6a-4390-8beb-f7054f83cbbf.jpg 604w\" sizes=\"auto, (max-width: 300px) 100vw, 300px\" \/><\/a>\n\t\t\t\t<\/dt><\/dl><br style=\"clear: both\" \/>\n\t\t\t<\/div>\n\n<p>&nbsp;<\/p>\n<p>&nbsp;<\/p>\n<hr \/>\n<p>&nbsp;<\/p>\n<blockquote>\n<h3>IL VENETO IN ZONA BIANCA<\/h3>\n<\/blockquote>\n<p><strong><a href=\"https:\/\/www.radiopiu.net\/wordpress\/il-veneto-in-zona-bianca-zaia-contesta-il-35-della-capienza-nelle-discoteche\/244630773_10220861701317249_7594272392227988677_n\/\" rel=\"attachment wp-att-235869\"><img loading=\"lazy\" decoding=\"async\" class=\"size-medium wp-image-235869 alignleft\" src=\"https:\/\/www.radiopiu.net\/wordpress\/wp-content\/uploads\/2021\/10\/244630773_10220861701317249_7594272392227988677_n-139x300.jpg\" alt=\"\" width=\"139\" height=\"300\" srcset=\"https:\/\/www.radiopiu.net\/wordpress\/wp-content\/uploads\/2021\/10\/244630773_10220861701317249_7594272392227988677_n-139x300.jpg 139w, https:\/\/www.radiopiu.net\/wordpress\/wp-content\/uploads\/2021\/10\/244630773_10220861701317249_7594272392227988677_n-473x1024.jpg 473w, https:\/\/www.radiopiu.net\/wordpress\/wp-content\/uploads\/2021\/10\/244630773_10220861701317249_7594272392227988677_n.jpg 640w\" sizes=\"auto, (max-width: 139px) 100vw, 139px\" \/><\/a>BIANCO<\/strong> Il veneto \u00e8 confermato zona bianca.\u00a0 con\u00a0 parametri importanti: occupazione delle terapie intensive al 4 e nell&#8217;area medica a 3 0.79 di Rt, incidenza 49 su 100mila, la scorsa settimana era a 69\u00a0 andiamo verso una remissione del contagio, con casi contenuti. E a quasi tre settimane dall&#8217;inizio delle scuole che, al momento, non stanno dato l&#8217;incremento di contagi avuto l&#8217;anno scorso nello stesso periodo. <strong>VACCINI<\/strong> superato l&#8217;83% su media regionale \u00a012-19 anni 66.9%\u00a0 \u00a020-29, 80.7% \u00a030-39, 75.9% \u00a040-49, 77.4% 50-59, 83.8%\u00a0 \u00a060-69, 88-9%\u00a0 et\u00e0 70-79, 92.6\u00a0 over 80, 99.7% <strong>TERZA DOSE <\/strong>Le terze dosi vanno a rilento? Ci siamo mossi con i fragili, sugli over 80 diciamo che possono prenotarsi se hanno fatto al seconda dose da pi\u00f9 di 6 mesi, la strada per informare gli anziani deve essere battuta, l&#8217;assessore alla Salute Manuela Lanzarin\u00a0 ha annunciato un incontro che avverr\u00e0 a breve con i\u00a0 <strong>medici di famiglia<\/strong> per parlare proprio di antinfluenzale e terza dose. <strong>FAKE NEWS<\/strong> sui\u00a0controlli\u00a0dei\u00a0Green Pass\u00a0e una\u00a0presunta task force di Zaia\u00a0per\u00a0multare\u00a0i\u00a0trasgressori\u00a0e fare controlli nei locali. Io non ho parole, non abbiamo potest\u00e0 giuridica, non chiediamo controlli e non abbiamo mai attivato alcuna richiesta di controlli: questa \u00e8 una presa in giro dei cittadini da parte di chi fa questi messaggi. <strong>GREEN PASS\u00a0<\/strong>spero che il Governo venga incontro alle aziende, che hanno difficolt\u00e0 a reperire collaboratori. Le modalit\u00e0 di controllo devono essere progettate in maniera pi\u00f9 sartoriale rispetto alle esigenze di movimento dell&#8217;impresa. Davanti a una diagnostica ormai in autosomministrazione, riconoscere la validit\u00e0 ai tamponi salivari potrebbe essere un segnale. L&#8217;altro, varrebbe la pena di riesumare il tema delle 72 ore di durata del tampone, che permetterebbe di decollassare la pressione. <strong>DISCOTECHE\u00a0<\/strong> Riaperture delle discoteche ma con un massimo di capienza al 35% \u00e8 impraticabile per un settore da\u00a0 22mila addetti. Spero che il consiglio dei Ministri provveda a modificare questa percentuale, sembra quasi una presa in giro, non so chi riaprir\u00e0.<\/p>\n<p>&nbsp;<\/p>\n<p><a href=\"https:\/\/www.facebook.com\/zaiaufficiale\/videos\/267114471959364\">https:\/\/www.facebook.com\/zaiaufficiale\/videos\/267114471959364<\/a><\/p>\n<p>&nbsp;<\/p>\n<p>&nbsp;<\/p>\n<hr \/>\n<p>&nbsp;<\/p>\n<blockquote>\n<h3>SANITA\u2019. IN ARRIVO IN VENETO 371 MILIONI PER NUOVI INVESTIMENTI<\/h3>\n<\/blockquote>\n<p><strong>VENEZIA\u00a0 <\/strong>Sono in arrivo in Veneto 371 milioni 824 mila 503 euro che finanzieranno investimenti nel settore della sanit\u00e0 e che riguardano undici progetti da realizzare in tutte le Ullss e all\u2019Istituto Oncologico Veneto. Si tratta della positiva conclusione di un complesso iter iniziato nel 2020, attraverso il quale la Regione Veneto ha ottenuto l\u2019accesso ai fondi nazionali \u201cex articolo 20\u201d dedicati agli investimenti in sanit\u00e0. Tutti i progetti hanno superato brillantemente un lungo iter valutativo tecnico a livello nazionale. Per quanto riguarda la provincia di Belluno, un solo intervento in Ulss 1 Dolomiti che riguarda il miglioramento sismico dell&#8217;ospedale di Belluno per un totale di 39.642.500 euro.<\/p>\n<p>&nbsp;<\/p>\n<p>&nbsp;<\/p>\n<hr \/>\n<p>&nbsp;<\/p>\n<blockquote>\n<h3>L&#8217; ASSESSORE REGIONALE INCONTRA RAPPRESENTANTI ORDINI PROFESSIONI INFERMIERISTICHE<\/h3>\n<\/blockquote>\n<p><strong><a href=\"https:\/\/www.radiopiu.net\/wordpress\/lanzarin-risponde-a-pd-sui-fondi-per-belluno-90-milioni-di-investimenti-solo-nel-recente\/lanzarin-11\/\" rel=\"attachment wp-att-194081\"><img loading=\"lazy\" decoding=\"async\" class=\"wp-image-194081 alignleft\" src=\"https:\/\/www.radiopiu.net\/wordpress\/wp-content\/uploads\/2021\/02\/LANZARIN-300x279.png\" alt=\"\" width=\"194\" height=\"180\" srcset=\"https:\/\/www.radiopiu.net\/wordpress\/wp-content\/uploads\/2021\/02\/LANZARIN-300x279.png 300w, https:\/\/www.radiopiu.net\/wordpress\/wp-content\/uploads\/2021\/02\/LANZARIN-1024x951.png 1024w, https:\/\/www.radiopiu.net\/wordpress\/wp-content\/uploads\/2021\/02\/LANZARIN-768x713.png 768w, https:\/\/www.radiopiu.net\/wordpress\/wp-content\/uploads\/2021\/02\/LANZARIN.png 1092w\" sizes=\"auto, (max-width: 194px) 100vw, 194px\" \/><\/a>VENEZIA<\/strong>\u00a0 L\u2019assessore regionale alla Sanit\u00e0 e ai Servizi sociali ha incontrato i rappresentanti degli Ordini delle Professioni infermieristiche del Veneto. <em>\u201cSi \u00e8 trattato di un incontro molto proficuo e collaborativo che ha affrontato i molti aspetti e gli ulteriori sviluppi delle professioni infermieristiche nell\u2019ambito del nostro servizio sanitario \u2013 afferma l\u2019Assessore -. Ho apprezzato molto la grande disponibilit\u00e0 da parte degli OPI soprattutto pensando ai nuovi modelli organizzativi, alle sfide che accompagneranno il PNRR ma soprattutto per continuare a garantire il corretto livello di assistenza sul territorio oltre che all\u2019interno dei vari presidi e delle strutture protette\u201d. <\/em>L\u2019incontro\u00a0 \u00e8 stata l\u2019occasione per fare il punto su alcuni temi importanti come la formazione complementare specifica. Una materia di grande attualit\u00e0 soprattutto per i settori che oggi sono in maggiore difficolt\u00e0 come Pronto soccorso, Anestesia e Rianimazione o l\u2019ambito sociosanitario.\u00a0 Nell\u2019incontro \u00e8 stata anche affrontata l\u2019istituzione dei gruppi di lavoro per lo sviluppo di competenze clinico organizzative nell\u2019area Emergenza-Urgenza e per la revisione dei modelli organizzativi della Day e Week Surgery, nonch\u00e9 del tavolo dedicato alla riorganizzazione delle RSA.<\/p>\n<p>&nbsp;<\/p>\n<hr \/>\n<p>&nbsp;<\/p>\n<p>&nbsp;<\/p>\n<blockquote>\n<h3>PER LA PRIMA VOLTA IN VENETO IL PREMIO STRIKE, STORIE DI GIOVANI CHE CAMBIANO LE COSE<\/h3>\n<\/blockquote>\n<p><strong>VENEZIA\u00a0<\/strong> Affidare a un videomessaggio il racconto della storia di un successo, un primo traguardo di cui essere orgogliosi, e condividerlo con gli altri. In ci\u00f2 consiste il premio \u201cStrike! Storie di giovani che cambiano le cose\u201d, dedicato ai giovani tra i 18 e i 35 anni, che quest\u2019anno, nella sua sesta edizione, dal Trentino- Alto Adige si allarga in via sperimentale anche a Veneto e Lombardia. In palio ci sono premi in denaro per i primi 3 classificati, mentre i 10 finalisti potranno partecipare in autunno a un laboratorio di storytelling e a un corso di public speaking, entrambi online. C\u2018\u00e8 tempo fino al 25 ottobre per partecipare compilando il form sul sito www.strikestories.com. Il passo successivo \u00e8 realizzare un breve videomessaggio della durata massima di 5 minuti che racconti il proprio strike, un traguardo di cui andare orgogliosi e che possa diventare fonte di ispirazione per altri giovani.<\/p>\n<p>&nbsp;<\/p>\n<hr \/>\n<p>&nbsp;<\/p>\n<blockquote>\n<h3>Calendario venatorio &#8211; Zanoni (PD): \u201cLa Regione rispetti la sentenza del Tar, anzich\u00e9 dare interpretazioni riduttive per andare incontro ai cacciatori\u201d<\/h3>\n<\/blockquote>\n<p><strong>VENEZIA<\/strong>\u00a0 \u201cLa sentenza del Tar sul calendario venatorio \u00e8 chiara, la Regione deve rispettarla dando ampia e corretta informazione delle nuove disposizioni, anzich\u00e9 affidarsi a interpretazioni fantasiose e riduttive per fare un favore ai cacciatori\u201d.\u00a0\u00c8 quanto afferma Andrea Zanoni, consigliere regionale del Partito Democratico, che contesta la circolare del 30 settembre inviata da Palazzo Balbi alle associazioni venatorie contenente delle \u2018precisazioni\u2019 sull\u2019ordinanza del Tribunale amministrativo, pubblicata lo scorso 24 settembre, che ha \u2018impallinato\u2019 il calendario venatorio.<\/p>\n<p>&nbsp;<\/p>\n<hr \/>\n<p>&nbsp;<\/p>\n<blockquote>\n<h4>EFFRAZIONE AL COUNTRY TENNIS DI CORTINA &#8211; PESATO (SALVIAMO IL COUNTRY): \u201cINQUIETANTE QUANTO ACCADUTO: CHIEDER\u00d2 INDAGINI APPROFONDITE\u201d<\/h4>\n<\/blockquote>\n<p>&nbsp;<\/p>\n<p><a class=\"dt-pswp-item\" href=\"https:\/\/www.radiopiu.net\/wordpress\/wp-content\/uploads\/2021\/10\/Vittorio-Pesato.jpg\" data-dt-img-description=\"\" data-large_image_width=\"960\" data-large_image_height=\"640\"><img loading=\"lazy\" decoding=\"async\" class=\" wp-image-235848 alignleft\" src=\"https:\/\/www.radiopiu.net\/wordpress\/wp-content\/uploads\/2021\/10\/Vittorio-Pesato-150x150.jpg\" alt=\"\" width=\"251\" height=\"251\" \/><\/a><strong>CORTINA<\/strong> \u201c<em>Episodio inquietante quello accaduto alla struttura del Country Tennis con un tentativo di effrazione andato fortunatamente male: voglio sperare si tratti di un banale tentativo di scasso e non di altro che faticherei a giustificare se non alla luce della tanta attenzione che in tutta Italia si \u00e8 riservata e si sta riservando al futuro dei campi da tennis e di questa storica e prestigiosa realt\u00e0 del tennis a Cortina d\u2019Ampezzo<\/em>\u201d: cos\u00ec il dott.\u00a0Vittorio Pesato, portavoce del comitato spontaneo \u201c<em>Salviamo il Country<\/em>\u201d, commentando i recenti fatti che hanno interessato la struttura del\u00a0<em>Country Tennis Cortina<\/em> di Cortina d\u2019Ampezzo. \u201c<em>Chieder\u00f2 alle autorit\u00e0 preposte alla sicurezza di procedere ad una verifica minuziosa per individuare il o i responsabili<\/em>\u201d aggiunge\u00a0Vittorio Pesato (foto) , impegnato da mesi in un&#8217;attivit\u00e0 di sensibilizzazione alla tutela della prestigiosa realt\u00e0 tennistica che continua a raccogliere adesioni, soprattutto dal mondo del tennis italiano con singoli sportivi ed interi circoli. \u201c<em>Intanto un grande risultato \u00e8 gi\u00e0 stato ottenuto: abbiamo trovato grande sensibilit\u00e0 in favore della salvaguardia dei campi tennis e del Country Tennis Cortina da parte della Regione del Veneto<\/em>\u201d continua\u00a0<strong>Pesato<\/strong>, \u201c<em>Regione attenta ai temi ambientali, alla trasparenza nella pubblica amministrazione e al buon governo del territorio e che giustamente, e pi\u00f9 di chiunque altro, ha creduto nelle Olimpiadi a Cortina d\u2019Ampezzo<\/em>\u201d. \u201c<em>Il Presidente Luca Zaia ha sempre affermato che la Regione Veneto \u00e8 una casa di vetro, intendendo che la trasparenza e la correttezza sono l&#8217;elemento qualificante la sua Amministrazione, e tanto ci conforta. Anche per il futuro del Country Tennis Cortina e della sua gestione<\/em>\u201d conclude il portavoce del comitato spontaneo.<\/p>\n<p>&nbsp;<\/p>\n<hr \/>\n<h3><\/h3>\n<blockquote>\n<h3>ULSS 1 DOLOMITI: IL DISTRETTO DI PUOS D\u2019ALPAGO CAMBIA TEMPORANEAMENTE SEDE<\/h3>\n<\/blockquote>\n<p><strong><a href=\"https:\/\/www.radiopiu.net\/wordpress\/monoclonali-pronti-per-la-somministrazione-in-ulss-1-dolomiti\/ulss-1-2\/\" rel=\"attachment wp-att-198838\"><img loading=\"lazy\" decoding=\"async\" class=\"size-medium wp-image-198838 alignleft\" src=\"https:\/\/www.radiopiu.net\/wordpress\/wp-content\/uploads\/2021\/03\/ULSS-1-300x158.jpg\" alt=\"\" width=\"300\" height=\"158\" srcset=\"https:\/\/www.radiopiu.net\/wordpress\/wp-content\/uploads\/2021\/03\/ULSS-1-300x158.jpg 300w, https:\/\/www.radiopiu.net\/wordpress\/wp-content\/uploads\/2021\/03\/ULSS-1-768x404.jpg 768w, https:\/\/www.radiopiu.net\/wordpress\/wp-content\/uploads\/2021\/03\/ULSS-1.jpg 776w\" sizes=\"auto, (max-width: 300px) 100vw, 300px\" \/><\/a>BELLUNO <\/strong>Per dare modo di avviare i lavori in programma nella sede distrettuale di Puos d\u2019Alpago, gli ambulatori e gli uffici amministrativi a servizio dell\u2019utenza saranno trasferiti temporaneamente nell\u2019adiacente palazzo municipale a partire da marted\u00ec 12 ottobre e saranno attivi nei consueti orari. Al fine di consentire il trasloco per dare avvio alla nuova operativit\u00e0, domani\u00a0 venerd\u00ec 8 ottobre e luned\u00ec 11 ottobre la sede distrettuale di Puos sar\u00e0 chiusa. L\u2019attivit\u00e0 sanitaria \u00e8 gi\u00e0 stata programmata in modo da non creare disagio all\u2019utenza per queste due giornate. Per eventuali necessit\u00e0 di tipo amministrativo, come l\u2019anagrafe sanitaria, contattare gli uffici della direzione\u00a0 amministrativa territoriale allo 0437\/516757.<\/p>\n<p>&nbsp;<\/p>\n<p>&nbsp;<\/p>\n<hr \/>\n<p>&nbsp;<\/p>\n<blockquote>\n<h3>OPERAZIONI ALLA TIROIDE SENZA SEGNO<\/h3>\n<\/blockquote>\n<p><strong><a href=\"https:\/\/www.radiopiu.net\/wordpress\/giornale-radiopiu-08-ottobre-2021-direttore-mirko-mezzacasa\/orl-belluno\/\" rel=\"attachment wp-att-235934\"><img loading=\"lazy\" decoding=\"async\" class=\"size-medium wp-image-235934 alignleft\" src=\"https:\/\/www.radiopiu.net\/wordpress\/wp-content\/uploads\/2021\/10\/ORL-belluno-300x228.jpg\" alt=\"\" width=\"300\" height=\"228\" srcset=\"https:\/\/www.radiopiu.net\/wordpress\/wp-content\/uploads\/2021\/10\/ORL-belluno-300x228.jpg 300w, https:\/\/www.radiopiu.net\/wordpress\/wp-content\/uploads\/2021\/10\/ORL-belluno.jpg 642w\" sizes=\"auto, (max-width: 300px) 100vw, 300px\" \/><\/a>BELLUNO <\/strong>Ottobre \u00e8 il mese dedicato alla salute in rosa. Tra le malattie che pi\u00f9 colpiscono le donne ci sono le patologie a carico della tiroide. Alcuni studi evidenziano che negli ultimi anni \u00e8 aumentata l\u2019incidenza di tumori della tiroide, con la richiesta di intervenire chirurgicamente. Frequentemente, questo tipo di intervento lascia una cicatrice visibile alla base del collo. Dallo scorso giugno, nell&#8217; UOC di Otorinolaringoiatria di Belluno, ha preso avvio una nuova metodica per l&#8217; asportazione della tiroide con tecnica miniinvasiva assistita da ottiche ad alta definizione (MIVAT). \u00abCon questa metodica e&#8217; possibile operare il paziente anche con una incisione sul collo di solo 1,5 cm per patologie della tiroide fino a 35-40 mm di grandezza\u00bb, spiega il direttore dell\u2019Otorinolaringoiatria di Belluno Roberto Bianchini. \u00abDurante l&#8217; estate sono state operate alcune pazienti tra cui anche una ragazza molto giovane con un tumore maligno della tiroide\u00bb. \u00abQuesta tecnica comprende il concetto di trauma ridotto per il paziente con\u00a0minor dolore post-operatorio\u00a0e\u00a0piu&#8217; rapida ripresa funzionale. Inoltre, \u00e8 valutata positivamente per il\u00a0risultato estetico: \u00a0negli ultimi trent\u2019anni la cicatrice e&#8217; passata prima\u00a0 da 10\u00a0 a 5 centimetri con la conservazione di tutti i muscoli e ora a 1.5 cm con l&#8217; introduzione dei bisturi a ultrasuoni e delle tecniche video-assistite<strong>\u00bb, <\/strong>conclude Bianchini.<\/p>\n<p>&nbsp;<\/p>\n<p>&nbsp;<\/p>\n<hr \/>\n<p>&nbsp;<\/p>\n<blockquote>\n<h3>IL COMUNE DI FELTRE SI PREPARA AL NATALE 2021<\/h3>\n<\/blockquote>\n<p><strong>FELTRE<\/strong> Natale 2021 ai blocchi di partenza. Dopo la positiva esperienza dello scorso anno, l\u2019amministrazione comunale di Feltre intende riproporre, in occasione delle prossime festivit\u00e0 natalizie, le iniziative che hanno riscontrato un notevole successo nel 2020, quali l\u2019illuminazione artistica della citt\u00e0 e l\u2019utilizzo delle vetrine sfitte in centro storico, oltre a proporre nuove attivit\u00e0, finalizzate a valorizzare la citt\u00e0 sia per i residenti che in chiave turistica. A tale riguardo, nelle prossime settimane verranno definiti nel dettaglio i programmi.<\/p>\n<p><strong>L&#8217;ASSESSORE DEL COMUNE DI FELTRE IRMA VISALLI<\/strong><\/p>\n<audio class=\"wp-audio-shortcode\" id=\"audio-235806-4\" preload=\"none\" style=\"width: 100%;\" controls=\"controls\"><source type=\"audio\/mpeg\" src=\"https:\/\/www.radiopiu.net\/wordpress\/wp-content\/uploads\/2021\/10\/IRMA-VISALLI-NATALE-FELTRE.mp3?_=4\" \/><a href=\"https:\/\/www.radiopiu.net\/wordpress\/wp-content\/uploads\/2021\/10\/IRMA-VISALLI-NATALE-FELTRE.mp3\">https:\/\/www.radiopiu.net\/wordpress\/wp-content\/uploads\/2021\/10\/IRMA-VISALLI-NATALE-FELTRE.mp3<\/a><\/audio>\n<p>&nbsp;<\/p>\n<hr \/>\n<p>&nbsp;<\/p>\n<blockquote>\n<h3>BANDO DI SELEZIONE PER LA PARTECIPAZIONE AL CORSO DI FORMAZIONE \u201cTECNICO DELL\u2019EDUCAZIONE E DELLA RIABILITAZIONE IN ORIENTAMENTO E MOBILITA\u2019 E AUTONOMIA PERSONALE PER L\u2019ISTRUZIONE A DISABILI VISIVI \u201c<\/h3>\n<\/blockquote>\n<p><strong>BELLUNO <\/strong>L\u2019Unione Italiana dei Ciechi e degli Ipovedenti, Consiglio Regionale del Veneto organizza, grazie al finanziamento regionale (DDR n. 33 del 30\/07\/2021 e DGR n. 13 del 12\/01\/2021), un corso per la formazione di istruttori di orientamento e mobilit\u00e0 ed autonomia personale per persone con disabilit\u00e0 visiva di ogni tipologia e grado. Altre informazioni\u00a0 su <a href=\"http:\/\/www.uiciveneto.it\/bando-di-selezione-per-la-partecipazione-al-corso-di-formazione-tecnico-delleducazione-e-della-riabilitazione-in-orientamento-e-mobilita-e-autonomia-personale-per-listruzion\/\">www.uiciveneto.it<\/a><\/p>\n<p>&nbsp;<\/p>\n<p>&nbsp;<\/p>\n<hr \/>\n<p>&nbsp;<\/p>\n<blockquote>\n<h3>ASPETTI PSICOLOGICI DELLA GRAVIDANZA E DEL PARTO AL TEMPO DEL COVID: INCONTRO IN GMEET<\/h3>\n<\/blockquote>\n<p><strong>BELLUNO <\/strong>L\u2019Ulss Dolomiti aderisce alle giornate dedicate alla salute mentale al femminile proposta dal circuito degli ospedali con bollino rosa ONDA proponendo una incontro in Gmeet sul tema &#8221; Gravidanza, parto e post parto ai tempi del Coronavirus: aspetti psicologici ed organizzativi&#8221;. L\u2019incontro si terr\u00e0 oggi\u00a0 dalle 17.30 alle 18.30 attraverso Google meet e sar\u00e0 condotto dalla dalla psicologa Susanna Tison e dalle ostetriche Beatrice D&#8217;Alberto e Elda Cengia. Per iscrizioni inviare una mail a <a href=\"mailto:elda.cengia@aulss1.veneto.it\">elda.cengia@aulss1.veneto.it<\/a><\/p>\n<p>&nbsp;<\/p>\n<hr \/>\n<p>&nbsp;<\/p>\n<blockquote>\n<h3>DE BERNARDIN CONVOCA I CONSIGLIERI, DIANA IRACI BORGIA\u00a0 MANDOLINI INTERROGA SU BOSTRICO E SERRAI DI SOTTOGUDA<\/h3>\n<\/blockquote>\n<p><strong>ROCCA PIETORE<\/strong> Martedi alle 18.30 consiglio comunale in sala Teaz. All&#8217;ordine del giorno: prelevamento dal fondo di riserva ordinario (quinta variazione al bilancio); approvazione convenzione servizio di tesoreria; nomina revisore dei conti per il triennio 22-24; costituzione diritto di superficie. Due le interrogazioni del consigliere Diana Iraci, la prima sullo stato dei lavori ai Serrai di Sottoguda, la seconda sulla diffusione del bostrico.<\/p>\n<p><strong>DI GIANNI SANTOMASO\u00a0<\/strong><\/p>\n<audio class=\"wp-audio-shortcode\" id=\"audio-235806-5\" preload=\"none\" style=\"width: 100%;\" controls=\"controls\"><source type=\"audio\/mpeg\" src=\"https:\/\/www.radiopiu.net\/wordpress\/wp-content\/uploads\/2021\/10\/GIANNI-CHIARIMENTI-DIANA-IRACI.mp3?_=5\" \/><a href=\"https:\/\/www.radiopiu.net\/wordpress\/wp-content\/uploads\/2021\/10\/GIANNI-CHIARIMENTI-DIANA-IRACI.mp3\">https:\/\/www.radiopiu.net\/wordpress\/wp-content\/uploads\/2021\/10\/GIANNI-CHIARIMENTI-DIANA-IRACI.mp3<\/a><\/audio>\n<p>&nbsp;<\/p>\n<blockquote>\n<h3>NEI SERRAI DI SOTTOGUDA: IMPEGNO, SACRIFICIO, TECNICA, PROFESSIONALITA&#8217; ESPERIENZA PER LA SICUREZZA DEGLI ALTRI<\/h3>\n<\/blockquote>\n<p><strong>ROCCA PIETORE<\/strong> Un video meraviglioso realizzato dalla direzione lavori: <strong>\u00a0Rstudio con l&#8217;Ing.\u00a0 Felice Gaiardo, Ing.\u00a0 Fabio Muraro,\u00a0 geologo\u00a0 Tiziano Padovan<\/strong>, un&#8217;esplosione da manuale di Alberto Sief che\u00a0 mette in evidenza uno dei tanti importanti cantieri nel canyon dei Serrai di Sottoguda.<\/p>\n<p><strong>Alberto Sief:<\/strong> \u00a0L&#8217;azienda si occupa dello sviluppo dell&#8217;attivit\u00e0 appartenente a Preparazione del cantiere edile e sistemazione del terreno. Il domicilio dell&#8217;azienda si trova in VIA CANAZEI, 4, 32020, nella citt\u00e0 italiana di COLLE SANTA LUCIA del provincia di Belluno.<\/p>\n<p>&nbsp;<\/p>\n<div style=\"width: 848px;\" class=\"wp-video\"><video class=\"wp-video-shortcode\" id=\"video-235806-1\" width=\"848\" height=\"480\" preload=\"metadata\" controls=\"controls\"><source type=\"video\/mp4\" src=\"https:\/\/www.radiopiu.net\/wordpress\/wp-content\/uploads\/2021\/10\/WhatsApp-Video-2021-10-07-at-11.06.57.mp4?_=1\" \/><a href=\"https:\/\/www.radiopiu.net\/wordpress\/wp-content\/uploads\/2021\/10\/WhatsApp-Video-2021-10-07-at-11.06.57.mp4\">https:\/\/www.radiopiu.net\/wordpress\/wp-content\/uploads\/2021\/10\/WhatsApp-Video-2021-10-07-at-11.06.57.mp4<\/a><\/video><\/div>\n<p>&nbsp;<\/p>\n<p>&nbsp;<\/p>\n<hr \/>\n<p>&nbsp;<\/p>\n<p>&nbsp;<\/p>\n<blockquote>\n<h3>DOMANI &#8220;LA FIERA DEL BESTIAM&#8221; E &#8220;FORMAI E VIN IN VILLA&#8221;<\/h3>\n<\/blockquote>\n<p><strong>AGORDO <\/strong>Domani si svolger\u00e0 ad Agordo la tradizionale Fiera del Bestiam con il mercato dei prodotti agricoli ed artigianali, l&#8217;esposizione zootecnica nel Broi e delle macchine e attrezzature agricole. In concomitanza si svolger\u00e0 presso la splendida cornice di Palazzo Crotta-De&#8217; Manzoni l\u2019evento \u201cFormai e Vin in Villa\u201d dove sar\u00e0 possibile visitare la storica residenza agordina degustando ottimi abbinamenti di formaggi locali, vini di cantine venete e friulane e prodotti di panifici del territorio. \u00a0La manifestazione \u00e8 organizzata dal Comune di Agordo, Comitato Fiera del Bestiam e AD Agordo Pro Loco.<\/p>\n<p>&nbsp;<\/p>\n<hr \/>\n<p>&nbsp;<\/p>\n<blockquote>\n<h3>AL MUSEO ETNOGRAFICOE DELLA PROVINCIA CON EURO ALLA MANO, PREVISTO IL BIGLIETTO D&#8217;INGRESSO E IL GREEN PASS PER CHI HA PIU&#8217; DI 12 ANNI.<\/h3>\n<\/blockquote>\n<p><a href=\"https:\/\/www.radiopiu.net\/wordpress\/giornale-radiopiu-08-ottobre-2021-direttore-mirko-mezzacasa\/museo-etnografico-attivita-gioco-1\/\" rel=\"attachment wp-att-235875\"><img loading=\"lazy\" decoding=\"async\" class=\"wp-image-235875 alignleft\" src=\"https:\/\/www.radiopiu.net\/wordpress\/wp-content\/uploads\/2021\/10\/museo-etnografico-attivita-gioco-1-300x225.jpg\" alt=\"\" width=\"200\" height=\"150\" srcset=\"https:\/\/www.radiopiu.net\/wordpress\/wp-content\/uploads\/2021\/10\/museo-etnografico-attivita-gioco-1-300x225.jpg 300w, https:\/\/www.radiopiu.net\/wordpress\/wp-content\/uploads\/2021\/10\/museo-etnografico-attivita-gioco-1-768x576.jpg 768w, https:\/\/www.radiopiu.net\/wordpress\/wp-content\/uploads\/2021\/10\/museo-etnografico-attivita-gioco-1.jpg 960w\" sizes=\"auto, (max-width: 200px) 100vw, 200px\" \/><\/a><strong>CESIOMAGGIORE<\/strong> Il Museo etnografico Dolomiti e il Museo storico della bicicletta di Cesiomaggiore ricominciano la scuola: al via le attivit\u00e0 didattiche, in collaborazione con l\u2019Associazione Isoipse. Per le scolaresche sar\u00e0 possibile accedere al museo e partecipare ai percorsi didattici dedicati.\u00a0 Per le scuole che non potranno raggiungere i musei, l\u2019Associazione Isoipse propone i percorsi didattici da svolgere in classe. Alcuni potranno essere condotti anche nel cortile della scuola. I percorsi didattici sono a pagamento ed \u00e8 necessario esibire il Green pass al di sopra dei 12 anni per poter accedere agli allestimenti. Gratuita la partecipazione agli alunni delle scuole del Comune di Cesiomaggiore.<\/p>\n<p>&nbsp;<\/p>\n<p>&nbsp;<\/p>\n<p>&nbsp;<\/p>\n<p>&nbsp;<\/p>\n<p>&nbsp;<\/p>\n<hr \/>\n<p>&nbsp;<\/p>\n<blockquote>\n<h3>RIPARTONO GIARDINETTE E TOPOLINO, IN VIAGGIO GLI AMICI D CON SINDROME DI DOWN<\/h3>\n<\/blockquote>\n<p><strong>FELTRE<\/strong><b> <\/b>\u00a0Domenica\u00a0 ricorre l&#8217;annuale <strong>Giornata Nazionale delle persone con sindrome di Down<\/strong> ; anche l\u2019AIPD (Associazone Italiana Persone Down) della provincia di Belluno \u00e8 presente con\u00a0 alcune iniziative, per informare,\u00a0 \u00a0sensibilizzare e\u00a0 raccogliere fondi.\u00a0 In collaborazione col Club <strong>\u201cAmici della Topolino&#8221; ritorna<\/strong> il classico giro turistico con Topolino e Giardinette. Domani e domenica\u00a0 \u00a0in molti centri della provincia ci saranno banchetti con materiale informativo sulla sindrome di Down e sulle attivit\u00e0 dell\u2019AIPD locale, e per raccolta fondi<\/p>\n<p>&nbsp;<\/p>\n<p>&nbsp;<\/p>\n<hr \/>\n<p>&nbsp;<\/p>\n<blockquote>\n<h3>I COLORI DELL&#8217;AUTUNNO, IL CONCORSO FOTOGRAFICO<\/h3>\n<\/blockquote>\n<p><strong><a href=\"https:\/\/www.radiopiu.net\/wordpress\/giornale-radiopiu-05-ottobre-2021-direttore-mirko-mezzacasa\/11872114_851463808295033_304473982179215535_o\/\" rel=\"attachment wp-att-235245\"><img loading=\"lazy\" decoding=\"async\" class=\"wp-image-235245 alignleft\" src=\"https:\/\/www.radiopiu.net\/wordpress\/wp-content\/uploads\/2021\/10\/11872114_851463808295033_304473982179215535_o-300x225.jpg\" alt=\"\" width=\"156\" height=\"117\" srcset=\"https:\/\/www.radiopiu.net\/wordpress\/wp-content\/uploads\/2021\/10\/11872114_851463808295033_304473982179215535_o-300x225.jpg 300w, https:\/\/www.radiopiu.net\/wordpress\/wp-content\/uploads\/2021\/10\/11872114_851463808295033_304473982179215535_o-1024x768.jpg 1024w, https:\/\/www.radiopiu.net\/wordpress\/wp-content\/uploads\/2021\/10\/11872114_851463808295033_304473982179215535_o-768x576.jpg 768w, https:\/\/www.radiopiu.net\/wordpress\/wp-content\/uploads\/2021\/10\/11872114_851463808295033_304473982179215535_o-1536x1152.jpg 1536w, https:\/\/www.radiopiu.net\/wordpress\/wp-content\/uploads\/2021\/10\/11872114_851463808295033_304473982179215535_o.jpg 2048w\" sizes=\"auto, (max-width: 156px) 100vw, 156px\" \/><\/a>CENCENIGHE<\/strong> La proloco ha indetto un concorso fotografico sui colori della stagione appena iniziata. Le fotografie dovranno pervenire entro il 31 ottobre all&#8217;indirizzo: concorsocoloriautunno@gmail.com. Sabato 13 novembre alle 15 la premiazione con l&#8217;esposizione delle foto al Nof Filo&#8217;. Il regolamento sul sito www.prolococencenighe.it<\/p>\n<p><span style=\"color: #ff0000;\">LO SPECIALE ALLA RADIO\u00a0<\/span><br \/>\n<strong>OSPITI: Milena Soppelsa, Francesca Trentin, Elisa Cancel e Orietta Scardanzan\u00a0<\/strong><\/p>\n<p><strong>di Claudio Fontanive<\/strong><\/p>\n<audio class=\"wp-audio-shortcode\" id=\"audio-235806-6\" preload=\"none\" style=\"width: 100%;\" controls=\"controls\"><source type=\"audio\/mpeg\" src=\"https:\/\/www.radiopiu.net\/wordpress\/wp-content\/uploads\/2021\/10\/concorso-fotografico-04-ottobre.mp3?_=6\" \/><a href=\"https:\/\/www.radiopiu.net\/wordpress\/wp-content\/uploads\/2021\/10\/concorso-fotografico-04-ottobre.mp3\">https:\/\/www.radiopiu.net\/wordpress\/wp-content\/uploads\/2021\/10\/concorso-fotografico-04-ottobre.mp3<\/a><\/audio>\n<p>&nbsp;<\/p>\n<p>&nbsp;<\/p>\n<hr \/>\n<p>&nbsp;<\/p>\n<blockquote>\n<h3>E CON LA PROLOCO&#8230; LA PALESTRA DIGITALE<\/h3>\n<\/blockquote>\n<p><a href=\"https:\/\/www.radiopiu.net\/wordpress\/giornale-radiopiu-05-ottobre-2021-direttore-mirko-mezzacasa\/locandina-computer\/\" rel=\"attachment wp-att-235276\"><img loading=\"lazy\" decoding=\"async\" class=\"wp-image-235276 alignleft\" src=\"https:\/\/www.radiopiu.net\/wordpress\/wp-content\/uploads\/2021\/10\/locandina-computer-212x300.jpg\" alt=\"\" width=\"114\" height=\"161\" srcset=\"https:\/\/www.radiopiu.net\/wordpress\/wp-content\/uploads\/2021\/10\/locandina-computer-212x300.jpg 212w, https:\/\/www.radiopiu.net\/wordpress\/wp-content\/uploads\/2021\/10\/locandina-computer-724x1024.jpg 724w, https:\/\/www.radiopiu.net\/wordpress\/wp-content\/uploads\/2021\/10\/locandina-computer-768x1086.jpg 768w, https:\/\/www.radiopiu.net\/wordpress\/wp-content\/uploads\/2021\/10\/locandina-computer-1086x1536.jpg 1086w, https:\/\/www.radiopiu.net\/wordpress\/wp-content\/uploads\/2021\/10\/locandina-computer.jpg 1414w\" sizes=\"auto, (max-width: 114px) 100vw, 114px\" \/><\/a><\/p>\n<p><strong>\u00a0<\/strong><\/p>\n<p><strong>CENCENIGHE<\/strong> Presso l&#8217;ufficio turistico-Biblioteca sono a disposizione alcuni computer per accedere gratuitamente ai servizi della Pubblica Amministrazione. I Pc sono stati acquistati grazie al finanziamento Por Obiettivo Investimenti in favore della crescita dell&#8217;occupazione, fondo europeo di sviluppo regionale 2014-2020. Informazioni all&#8217;ufficio turistico, 0437 591549<\/p>\n<p>&nbsp;<\/p>\n<p>&nbsp;<\/p>\n<p>&nbsp;<\/p>\n<p>&nbsp;<\/p>\n<p>&nbsp;<\/p>\n<hr \/>\n<p>&nbsp;<\/p>\n<blockquote>\n<h3>\u201cDonne di terre estreme\u201d sbarca a Belluno con il supporto di Confartigianato Donne Impresa Belluno<\/h3>\n<\/blockquote>\n<p><strong>BELLUNO\u00a0<\/strong> La mostra fotografica \u201cDonne di terre estreme\u201d\u00a0 \u00e8\u00a0 opera di Caterina Borgato, viaggiatrice, guida turistica di luoghi remoti, scrittrice, e fotografa.\u00a0I 40 pannelli fotografici saranno montati fronte e retro, e avranno 20 strutture di supporto in legno, costruite con abeti schiantati dalla tempesta di fine ottobre 2018. La realizzazione \u00e8 opera di due imprenditrici artigiane bellunesi: Martina Gennari e Claudia Scarzanella.\u00a0 Il vernissage della mostra oggi alle 17.30 nei giardini di Piazza dei Martiri dove l\u2019esposizione rimarr\u00e0 visitabile fino al 24 ottobre.<\/p>\n<p>&nbsp;<\/p>\n<hr \/>\n<p>&nbsp;<\/p>\n<blockquote>\n<h3 style=\"text-align: left;\" align=\"CENTER\"><span style=\"color: #1f3864;\"><span style=\"font-family: Candara, serif;\"><span style=\"font-size: x-large;\"><b><a href=\"https:\/\/www.radiopiu.net\/wordpress\/giornale-radiopiu-07-ottobre-2021-direttore-mirko-mezzacasa\/its-2019-5718-2\/\" rel=\"attachment wp-att-235698\"><img loading=\"lazy\" decoding=\"async\" class=\" wp-image-235698 alignleft\" src=\"https:\/\/www.radiopiu.net\/wordpress\/wp-content\/uploads\/2021\/10\/ITS-2019-5718-2-300x200.jpg\" alt=\"\" width=\"242\" height=\"161\" srcset=\"https:\/\/www.radiopiu.net\/wordpress\/wp-content\/uploads\/2021\/10\/ITS-2019-5718-2-300x200.jpg 300w, https:\/\/www.radiopiu.net\/wordpress\/wp-content\/uploads\/2021\/10\/ITS-2019-5718-2-1024x683.jpg 1024w, https:\/\/www.radiopiu.net\/wordpress\/wp-content\/uploads\/2021\/10\/ITS-2019-5718-2-768x512.jpg 768w, https:\/\/www.radiopiu.net\/wordpress\/wp-content\/uploads\/2021\/10\/ITS-2019-5718-2.jpg 1500w\" sizes=\"auto, (max-width: 242px) 100vw, 242px\" \/><\/a>IL 26 OTTOBRE L\u2019ULTIMA SELEZIONE PER PARTECIPARE <\/b><\/span><\/span><\/span><span style=\"color: #1f3864;\"><span style=\"font-family: Candara, serif;\"><span style=\"font-size: x-large;\"><span lang=\"en-GB\"><b>AL CORSO ITS PER EYEWEAR PRODUCT MANAGER<\/b><\/span><\/span><\/span><\/span><\/h3>\n<\/blockquote>\n<p><strong>LONGARONE<\/strong>\u00a0 \u00a0I<span style=\"font-family: Candara, serif;\"><span style=\"font-size: large;\">l corso ITS Academy per Eyewear Product manager <\/span><\/span><span style=\"font-family: Candara, serif;\"><span style=\"font-size: large;\">\u00a0il <\/span><\/span><span style=\"font-family: Candara, serif;\"><span style=\"font-size: large;\">26 ottobre<\/span><\/span><span style=\"font-family: Candara, serif;\"><span style=\"font-size: large;\"> selezioner\u00e0 gli ultimi candidati per l\u20198\u00b0 edizione, i<\/span><\/span><span style=\"font-size: large; font-family: Candara, serif;\">l corso gestito dall\u2019Area Formazione di Certottica, la Fondazione di riferimento \u00e8 la Fashion Academy ITS Cosmo, con sede a Padova, che ha in capo tutto il mondo della moda e dei suoi accessori.\u00a0 Gli ITS giovano del contributo del MIUR e della Regione del Veneto nel solco del Fondo Sociale Europeo. <\/span><span style=\"font-family: Candara, serif;\"><span style=\"font-size: large;\">Per accedere alla prossima selezione \u00e8 possibile procedere all\u2019iscrizione direttamente dall\u2019home page della Fondazione <\/span><\/span><a href=\"http:\/\/www.itscosmo.it\"><span style=\"color: #00000a;\"><span style=\"font-family: Candara, serif;\"><span style=\"font-size: large;\">www.itscosmo.it<\/span><\/span><\/span><\/a><span style=\"font-family: Candara, serif;\"><span style=\"font-size: large;\">.\u00a0<\/span><\/span><\/p>\n<p>&nbsp;<\/p>\n<p>&nbsp;<\/p>\n<hr \/>\n<p>&nbsp;<\/p>\n<p>&nbsp;<\/p>\n<blockquote>\n<h3>\u00a0PIANO STRAORDINARIO SPORT E SALUTE PER LA SCUOLA PRIMARIA E SECONDARIA DI PRIMO GRADO<\/h3>\n<\/blockquote>\n<p><strong>BELLUNO<\/strong> Sono aperte \u00a0le adesioni per le scuole primarie che vogliono partecipare a Scuola Attiva Kids, la proposta motoria, sportiva ed educativa dedicata alla scuola primaria. Avvio del progetto ad inizio novembre, con l\u2019arrivo dei Tutor sportivi scolastici nelle scuole che aderiranno. Progetto promosso da Sport e Salute &#8211; d\u2019intesa con la Sottosegretaria allo Sport &#8211; e il Ministero dell\u2019Istruzione, per promuovere l\u2019attivit\u00e0 fisica e sportiva, oltre alla cultura del benessere e del movimento, nella scuola primaria. Fino al 18 ottobre, le scuole possono aderire all\u2019iniziativa, tramite apposita piattaforma informatica presente nella pagina dedicata del sito di Sport e Salute. Concluse, invece, le candidature dei Tutor Sportivi Scolastici (laureati in Scienze motorie o diplomati ISEF). La piattaforma per adesioni e candidature \u00e8 raggiungibile dal sito www.sportesalute.eu<\/p>\n<p>&nbsp;<\/p>\n<hr \/>\n<p>&nbsp;<\/p>\n<blockquote>\n<h3>MONGOLFIERA DI GIORGIA, TEMPO DI BANDI<\/h3>\n<\/blockquote>\n<p><strong>BELLUNO<\/strong> Chiuso il bando straordinario che quest&#8217;estate ha messo a disposizione due pacchetti da 10 sedute di fisioterapia. Entro i termini previsti \u00e8 stata ricevuta una sola richiesta che \u00e8 stata accettata dal Consiglio nella seduta del 24 settembre e, quindi, RDP (22 anni di Belluno) si \u00e8 aggiudicato uno dei due pacchetti, il secondo pacchetto non aggiudicato \u00e8 stato\u00a0 sostituito da un&#8217;offerta di 250 euro. A breve \u00a0il bando ordinario: il settimo. Come di consueto questo bando sar\u00e0 attivo dal 10 ottobre (quinto anniversario di Giorgia) fino alla mezzanotte del 9 dicembre. La novit\u00e0 \u00e8 che la cifra messa a disposizione questa volta \u00e8 di 6.000 euro.<\/p>\n<a href=\"https:\/\/www.radiopiu.net\/wordpress\/wp-content\/uploads\/2021\/10\/bando-ottobre-2021-1.pdf\" class=\"pdfemb-viewer\" style=\"\" data-width=\"max\" data-height=\"max\" data-toolbar=\"top\" data-toolbar-fixed=\"on\">bando ottobre 2021-1<\/a>\n<p>&nbsp;<\/p>\n<p>&nbsp;<\/p>\n<hr \/>\n<p>&nbsp;<\/p>\n<blockquote>\n<h3>UN FINE SETTIMANA CON IL FAI<\/h3>\n<\/blockquote>\n<p><strong>BELLUNO<\/strong> Sabato 16 e domenica 17 ottobre tornano le \u201cGiornate FAI d\u2019Autunno\u201d. Le visite \u2013 a contributo \u2013 sono proposte dai Gruppi FAI Giovani, con il supporto di tutte le Delegazioni e i Gruppi FAI, in centinaia di luoghi solitamente inaccessibili oppure poco noti e bisognosi di valorizzazione in tutta Italia. Anche in provincia di Belluno la delegazione e il gruppo giovani FAI stanno organizzando questa manifestazione e proporr\u00e0 due interessanti siti nel Feltrino.<\/p>\n<p>&nbsp;<\/p>\n<p>&nbsp;<\/p>\n<hr \/>\n<p>&nbsp;<\/p>\n<blockquote>\n<h3>IERI ALLA RADIO<\/h3>\n<h2><a href=\"https:\/\/www.radiopiu.net\/wordpress\/il-veneto-in-zona-bianca-zaia-contesta-il-35-della-capienza-nelle-discoteche\/0cbe20db-516a-43fc-8e3f-928c84c48297\/\" rel=\"attachment wp-att-235872\"><img loading=\"lazy\" decoding=\"async\" class=\"size-medium wp-image-235872 alignleft\" src=\"https:\/\/www.radiopiu.net\/wordpress\/wp-content\/uploads\/2021\/10\/0cbe20db-516a-43fc-8e3f-928c84c48297-e1633610260671-300x169.jpg\" alt=\"\" width=\"300\" height=\"169\" srcset=\"https:\/\/www.radiopiu.net\/wordpress\/wp-content\/uploads\/2021\/10\/0cbe20db-516a-43fc-8e3f-928c84c48297-e1633610260671-300x169.jpg 300w, https:\/\/www.radiopiu.net\/wordpress\/wp-content\/uploads\/2021\/10\/0cbe20db-516a-43fc-8e3f-928c84c48297-e1633610260671-1024x576.jpg 1024w, https:\/\/www.radiopiu.net\/wordpress\/wp-content\/uploads\/2021\/10\/0cbe20db-516a-43fc-8e3f-928c84c48297-e1633610260671-768x432.jpg 768w, https:\/\/www.radiopiu.net\/wordpress\/wp-content\/uploads\/2021\/10\/0cbe20db-516a-43fc-8e3f-928c84c48297-e1633610260671-1536x864.jpg 1536w, https:\/\/www.radiopiu.net\/wordpress\/wp-content\/uploads\/2021\/10\/0cbe20db-516a-43fc-8e3f-928c84c48297-e1633610260671.jpg 1599w\" sizes=\"auto, (max-width: 300px) 100vw, 300px\" \/><\/a><span style=\"color: #ff9900;\">IL RISTORANTE SOTTO CASA, NOVITA&#8217; PER TAIBON AGORDINO<\/span><\/h2>\n<\/blockquote>\n<p><strong>OSPITE GUIDO ALBERTINI\u00a0<\/strong><\/p>\n<p><strong>di CLAUDIO FONTANIVE\u00a0<\/strong><\/p>\n<audio class=\"wp-audio-shortcode\" id=\"audio-235806-7\" preload=\"none\" style=\"width: 100%;\" controls=\"controls\"><source type=\"audio\/mpeg\" src=\"https:\/\/www.radiopiu.net\/wordpress\/wp-content\/uploads\/2021\/10\/guido-albertini-papere-7-ottobre.mp3?_=7\" \/><a href=\"https:\/\/www.radiopiu.net\/wordpress\/wp-content\/uploads\/2021\/10\/guido-albertini-papere-7-ottobre.mp3\">https:\/\/www.radiopiu.net\/wordpress\/wp-content\/uploads\/2021\/10\/guido-albertini-papere-7-ottobre.mp3<\/a><\/audio>\n<p>&nbsp;<\/p>\n<p>&nbsp;<\/p>\n<hr \/>\n<p>&nbsp;<\/p>\n<blockquote>\n<h3>\u201cDALLA PROTOSTORIA ALLA ROMANIT\u00c0\u201d NEL LIBRO DEL 1995 DEDICATO A LIMANA<\/h3>\n<\/blockquote>\n<p><strong>di RENATO BONA\u00a0<\/strong><\/p>\n<p>Un autentico personaggio della cultura quale Luisa Alpago Novello ha firmato nel libro \u201cAmbiente, storia e cultura di Limana\u201d (edito nell\u2019aprile 1995 da Castaldi di Feltre ad iniziativa di Biblioteca Civica e Comune, con il contributo della Regione Veneto) il capitolo \u201cDalla protostoria alla romanit\u00e0\u201d. All\u2019esordio richiama il fatto che i ritrovamenti archeologici \u201cattestano che durante la prima et\u00e0 del Ferro (sec. VIII a.C.) giunsero in Val Belluna dalla pianura piccoli gruppi di genti portanti una nuova cultura, gli antichi Veneti (Paleoveneti), che si stanziarono prima a Mel e nei secoli successivi intorno a Cavarzano e lungo le vie commerciali (in Alpago e in Cadore)\u201d. E spiega che \u201cusavano bruciare i corpi dei morti e seppellirne le ceneri entro urne protette da lastrine di pietra. Insieme vi era deposto un corredo di oggetti d\u2019uso e d\u2019ornamento, prevalentemente in terracotta e in bronzo.\u201d E ricorda che la posizione strategica di Mel, situato sulla direttrice della via che dal passo di Praderadego scendeva nella Val Belluna e di fronte allo sbocco del Codevole nel Piave, pu\u00f2 far pensare che gli abitanti coordinassero il commercio del rame estratto nell\u2019Agordino sfruttando la via fluviale del Piave\u201d. Detto che \u201cLe ricerche toponomastiche e i rari rinvenimenti archeologici hanno evidenziato nella seconda et\u00e0 del Ferro (sec. IV.III a.C.) anche la sporadica presenza di genti celtiche\u201d, rammenta che \u201cNel nostro Comune, Limana appunto, non sono state trovate tracce della cultura paleoveneta, ma appena al di l\u00e0 del torrente Limana recenti ricerche degli Amici del Museo di Belluno hanno portato al rinvenimento di una grande chiave votiva in bronzo, sormontata da un cavallino e riccamente decorata con pendagli, attribuibile al periodo paleoveneto. Si potrebbe pensare quindi alla presenza di un luogo di culto dedicato alla dea rappresentata sui dischi bronzei detti \u2018di Montebelluna\u2019, la quale reca una grande chiave in mano a simboleggiare il suo potere sulla vita e sulla morte\u201d. Luisa Alpago Novello aggiunge poi: \u201cMolto importante \u00e8 il rinvenimento effettuato negli anni 1944-45 dallo stradino Giacinto Dal Mas di Cavassico nel letto del torrente Limana, dove si procurava la ghiaia da spargere sulle strade: una moneta in elettro (lega di oro e argento) coniata a Cartagine circa negli anni 350-270 a.C., secondo la classificazione fatta dal professore G. Gorini dell\u2019Universit\u00e0 di Padova. E\u2019 infatti probabile che tale moneta sia stata data in pagamento a un mercenario celtico che aveva combattuto per Cartagine nelle guerre contro Roma (I. e II guerra punica, 264-202 a.C.). I veneti invece, come sempre si mantennero fedeli alleati. Ancora l\u2019autrice del servizio: \u201cInsieme alla moneta di Cartagine fu trovato anche un denario romano d\u2019argento degli anni 108-107 a.C.. Come saranno finite nella Limana queste monete di metallo prezioso? E\u2019 probabile che vi siano state gettate di proposito. Come offerta votiva alla divinit\u00e0 del fiume, secondo un uso comune a quell\u2019epoca. Alpago Novello afferma poi che il ritrovamento della moneta romana testimonia come dal II secolo a.C. anche in Val Belluna sia iniziato l\u2019influsso della cultura romana e aggiunge che \u201cla romanizzazione del Veneto si concluse tra il 49 ed il 42 a.C. quando venne concessa la cittadinanza romana a tutta la Transpadana. Belluno, come le altre citt\u00e0 pi\u00f9 importanti del Veneto, divenne municipio romano (Bellunum), dall\u2019et\u00e0 augustea incluso nella Regio X Venetia et Histria. Nel suo territorio era compreso anche il Comune di Limana. In proposito viene richiamato il fatto che \u201cA Can\u00e8 fin dal secolo XVI e murata nell\u2019angolo esterno della chiesa di San Biagio un\u2019urna funeraria romana in pietra calcarea bianca, databile al secolo I d.C.. Sulla fronte presente entro targa l\u2019iscrizione dedicatoria, il fianco decorato a festone, Conteneva le ceneri di un illustre cittadino, Marco Giunio Massimo iscritto come tutti i bellunesi alla trib\u00f9 Papiria\u2026 Questo importante personaggio (massimo magistrato giurisdicente di Belluno) aveva rapporti con la zona di Can\u00e8 se vi volle essere sepolto. Forse di l\u00ec proveniva la famiglia sua o della moglie (Precellia Massimilla) o vi aveva dei possedimenti\u201d. Naturalmente, a fianco dei cittadini di stirpe romana dovevano sussistere gli indigeni romanizzati e secondo approfonditi studi del professor Giovanni Battista Pellegrini \u201ci toponimi con derivazione in \u2018es\u2019 cos\u00ec frequenti a Limana: Triches, Castes, Polentes, Malves, Ricomes possono derivare da un nome personale con l\u2019aggiunta del suffisso asios di origine gallica; designerebbe cio\u00e8 il podere di Triccus, di Castos, ecc. Avviandosi a conclusione, Luisa Alpago Novello ricorda che nella zona centuriata (cio\u00e8 quella di appezzamenti quadrangolari in genere di circa 710 metri di lato assegnati ai singoli proprietari &#8211; ndr.) \u201csono stati rintracciati pi\u00f9 di 100 cippi di pietra, di forma cilindrica un po\u2019 rastremata in alto, con intagli vari sul piano superiore e sui lati. Interpretati inizialmente come pietre confinarie poste dagli agrimensori romani lungo i limiti delle centurie si \u00e8 fatta poi l\u2019ipotesi che fossero stati usati come contrappesi nei torchi da vino e da olio di noce\u201d e raccomanda: \u201cCippi di questo tipo sono stati segnalati a Limana, Triches, Centore, Polentes, Navasa e Cesa. Meritano di essere conservati con cura, perch\u00e9 comunque hanno notevole importanza storica\u201d. Chiude il pregevole servizio un riferimento alla presenza di una Pieve e Limana che \u201cci richiama alla prima diffusione del Cristianesimo nella Val Belluna. Non sappiamo con esattezza come e quando ci\u00f2 sia avvenuto. Secondo la tradizione, l\u2019evangelizzazione fu operata nel Feltrino da San Prosdocimo, primo vescovo di Padova, e nel Bellunese da Sant\u2019Ermagora, primo vescovo di Aquileia, ambedue operanti nel III sec. d. C.. La Pieve di Limana \u00e8 dedicata a Santa Giustina, discepola di San Prosdocimo. Il suo culto si \u00e8 diffuso nel Veneto nei secoli VI e VII d.C. Siamo ormai negli anni tristi delle invasioni dei barbari, dopo la caduta dell\u2019Impero romano\u2026\u201d. NELLE FOTO (riproduzioni dal libro \u201cAmbiente, storia e cultura di Limana; Wikipedia): la copertina del pregevole volume edito da Biblioteca civica e Comune di Limana; l\u2019autrice del capitolo \u201cDalla protostoria alla romanit\u00e0\u201d Luisa Alpago Novello; disco bronzeo dello \u201cdi Montebelluna\u201d; moneta punica in elettro rinvenuta tra le ghiaie della Limana, con la testa della dea Tanit; volto a destra, il cavallo di profilo; denario romano d\u2019argento rinvenuto nella stessa occasione: testa femminile di profilo; Enea fuggente da Troia con il padre Anchise sulle spalle; urna funeraria romana murata nella chiesa di San Biagio di Can\u00e8 di Limana; immagine di Santa Giustina da Padova.<\/p>\n\n\t\t\t<style type='text\/css'>\n\t\t\t\t#gallery-4 {\n\t\t\t\t\tmargin: auto;\n\t\t\t\t}\n\t\t\t\t#gallery-4 .gallery-item {\n\t\t\t\t\tfloat: left;\n\t\t\t\t\tmargin-top: 10px;\n\t\t\t\t\ttext-align: center;\n\t\t\t\t\twidth: 33%;\n\t\t\t\t}\n\t\t\t\t#gallery-4 img {\n\t\t\t\t\tborder: 2px solid #cfcfcf;\n\t\t\t\t}\n\t\t\t\t#gallery-4 .gallery-caption {\n\t\t\t\t\tmargin-left: 0;\n\t\t\t\t}\n\t\t\t\t\/* see gallery_shortcode() in wp-includes\/media.php *\/\n\t\t\t<\/style>\n\t\t<div id='gallery-4' class='dt-gallery-container gallery galleryid-235806 gallery-columns-3 gallery-size-thumbnail'><dl class='gallery-item'>\n\t\t\t\t<dt class='gallery-icon portrait'>\n\t\t\t\t\t<a class=\"rollover\" href='https:\/\/www.radiopiu.net\/wordpress\/dalla-protostoria-alla-romanita-nel-libro-del-1995-dedicato-a-limana\/244786058_1035942870500254_8812709951715527991_n\/'><img loading=\"lazy\" decoding=\"async\" width=\"150\" height=\"150\" src=\"https:\/\/www.radiopiu.net\/wordpress\/wp-content\/uploads\/2021\/10\/244786058_1035942870500254_8812709951715527991_n-150x150.jpg\" class=\"attachment-thumbnail size-thumbnail\" alt=\"\" \/><\/a>\n\t\t\t\t<\/dt><\/dl><dl class='gallery-item'>\n\t\t\t\t<dt class='gallery-icon portrait'>\n\t\t\t\t\t<a class=\"rollover\" href='https:\/\/www.radiopiu.net\/wordpress\/dalla-protostoria-alla-romanita-nel-libro-del-1995-dedicato-a-limana\/244340440_3140178822931476_4949153346190496386_n\/'><img loading=\"lazy\" decoding=\"async\" width=\"81\" height=\"143\" src=\"https:\/\/www.radiopiu.net\/wordpress\/wp-content\/uploads\/2021\/10\/244340440_3140178822931476_4949153346190496386_n.jpg\" class=\"attachment-thumbnail size-thumbnail\" alt=\"\" \/><\/a>\n\t\t\t\t<\/dt><\/dl><dl class='gallery-item'>\n\t\t\t\t<dt class='gallery-icon portrait'>\n\t\t\t\t\t<a class=\"rollover\" href='https:\/\/www.radiopiu.net\/wordpress\/dalla-protostoria-alla-romanita-nel-libro-del-1995-dedicato-a-limana\/244650503_942394729678839_1310714337558839558_n\/'><img loading=\"lazy\" decoding=\"async\" width=\"150\" height=\"150\" src=\"https:\/\/www.radiopiu.net\/wordpress\/wp-content\/uploads\/2021\/10\/244650503_942394729678839_1310714337558839558_n-150x150.jpg\" class=\"attachment-thumbnail size-thumbnail\" alt=\"\" \/><\/a>\n\t\t\t\t<\/dt><\/dl><br style=\"clear: both\" \/><dl class='gallery-item'>\n\t\t\t\t<dt class='gallery-icon portrait'>\n\t\t\t\t\t<a class=\"rollover\" href='https:\/\/www.radiopiu.net\/wordpress\/dalla-protostoria-alla-romanita-nel-libro-del-1995-dedicato-a-limana\/244349121_424369072435520_6023502627860354148_n\/'><img loading=\"lazy\" decoding=\"async\" width=\"150\" height=\"150\" src=\"https:\/\/www.radiopiu.net\/wordpress\/wp-content\/uploads\/2021\/10\/244349121_424369072435520_6023502627860354148_n-150x150.jpg\" class=\"attachment-thumbnail size-thumbnail\" alt=\"\" \/><\/a>\n\t\t\t\t<\/dt><\/dl><dl class='gallery-item'>\n\t\t\t\t<dt class='gallery-icon portrait'>\n\t\t\t\t\t<a class=\"rollover\" href='https:\/\/www.radiopiu.net\/wordpress\/dalla-protostoria-alla-romanita-nel-libro-del-1995-dedicato-a-limana\/244338018_389470052660365_370824008885202378_n\/'><img loading=\"lazy\" decoding=\"async\" width=\"150\" height=\"150\" src=\"https:\/\/www.radiopiu.net\/wordpress\/wp-content\/uploads\/2021\/10\/244338018_389470052660365_370824008885202378_n-150x150.jpg\" class=\"attachment-thumbnail size-thumbnail\" alt=\"\" \/><\/a>\n\t\t\t\t<\/dt><\/dl><dl class='gallery-item'>\n\t\t\t\t<dt class='gallery-icon landscape'>\n\t\t\t\t\t<a class=\"rollover\" href='https:\/\/www.radiopiu.net\/wordpress\/dalla-protostoria-alla-romanita-nel-libro-del-1995-dedicato-a-limana\/244645514_557971625430582_4776368464396302034_n\/'><img loading=\"lazy\" decoding=\"async\" width=\"150\" height=\"150\" src=\"https:\/\/www.radiopiu.net\/wordpress\/wp-content\/uploads\/2021\/10\/244645514_557971625430582_4776368464396302034_n-150x150.jpg\" class=\"attachment-thumbnail size-thumbnail\" alt=\"\" \/><\/a>\n\t\t\t\t<\/dt><\/dl><br style=\"clear: both\" \/><dl class='gallery-item'>\n\t\t\t\t<dt class='gallery-icon portrait'>\n\t\t\t\t\t<a class=\"rollover\" href='https:\/\/www.radiopiu.net\/wordpress\/dalla-protostoria-alla-romanita-nel-libro-del-1995-dedicato-a-limana\/244345720_4657843407582477_7762220410196186979_n\/'><img loading=\"lazy\" decoding=\"async\" width=\"150\" height=\"150\" src=\"https:\/\/www.radiopiu.net\/wordpress\/wp-content\/uploads\/2021\/10\/244345720_4657843407582477_7762220410196186979_n-150x150.jpg\" class=\"attachment-thumbnail size-thumbnail\" alt=\"\" \/><\/a>\n\t\t\t\t<\/dt><\/dl><dl class='gallery-item'>\n\t\t\t\t<dt class='gallery-icon landscape'>\n\t\t\t\t\t<a class=\"rollover\" href='https:\/\/www.radiopiu.net\/wordpress\/dalla-protostoria-alla-romanita-nel-libro-del-1995-dedicato-a-limana\/244650753_603351944360542_3851214213352999156_n\/'><img loading=\"lazy\" decoding=\"async\" width=\"150\" height=\"150\" src=\"https:\/\/www.radiopiu.net\/wordpress\/wp-content\/uploads\/2021\/10\/244650753_603351944360542_3851214213352999156_n-150x150.jpg\" class=\"attachment-thumbnail size-thumbnail\" alt=\"\" \/><\/a>\n\t\t\t\t<\/dt><\/dl><dl class='gallery-item'>\n\t\t\t\t<dt class='gallery-icon portrait'>\n\t\t\t\t\t<a class=\"rollover\" href='https:\/\/www.radiopiu.net\/wordpress\/dalla-protostoria-alla-romanita-nel-libro-del-1995-dedicato-a-limana\/244469818_350387050177085_5852425848255027470_n\/'><img loading=\"lazy\" decoding=\"async\" width=\"150\" height=\"150\" src=\"https:\/\/www.radiopiu.net\/wordpress\/wp-content\/uploads\/2021\/10\/244469818_350387050177085_5852425848255027470_n-150x150.jpg\" class=\"attachment-thumbnail size-thumbnail\" alt=\"\" \/><\/a>\n\t\t\t\t<\/dt><\/dl><br style=\"clear: both\" \/>\n\t\t\t<\/div>\n\n<p>&nbsp;<\/p>\n<hr \/>\n<p>&nbsp;<\/p>\n<blockquote>\n<h3><span style=\"color: #ff0000;\"><span style=\"color: #000000;\">IMPORTANTE:<\/span> il previsto evento organizzato per il fine settimana\u00a0 dalla Sezione di Belluno del Club Alpino Italiano &#8220;Un Tranquillo Weekend da Lupi&#8221; \u00e8 stato annullato. Annullata anche\u00a0 la serata prevista in Nevegal (BL) per sabato 9 ottobre.<\/span><\/h3>\n<\/blockquote>\n<p>&nbsp;<\/p>\n<hr \/>\n<p>&nbsp;<\/p>\n<blockquote>\n<h3>GRANDE FESTIVAL DEI CORI A LIMANA<\/h3>\n<\/blockquote>\n<p><strong>LIMANA<\/strong> Domenica 17 ottobre alle 14.30 nell&#8217;area della Proloco fronte scuole elementari cori in concerto: Coro Agordo, Arcobaleno Limana, Polifonico Trichiana, Coro Alpino Monte Civetta, Corale di Limana. Iniziativa Proloco-Corale di Limana.<\/p>\n<div><\/div>\n<p>&nbsp;<\/p>\n<hr \/>\n<p>&nbsp;<\/p>\n<p><span style=\"color: #ff0000;\"><strong>PITE SAS, MEO TE STAS<\/strong><\/span><\/p>\n<blockquote>\n<h3>Dopo il successo della prima edizione, il Comune e la Pro Loco di Lorenzago presentano una nuova serie d\u2019incontri culturali che si terranno ogni 15 giorni, a partire dal 15 ottobre, nella sala esposizioni del Municipio. Ospiti e relatori tratteranno argomenti legati a temi attuali come il mangiare sano, lo sport, il dialetto e la cultura locale. Previsti anche 2 cineforum per giovani e bambini.<\/h3>\n<\/blockquote>\n<p>&nbsp;<\/p>\n<hr \/>\n<p>&nbsp;<\/p>\n<blockquote>\n<h3>IL LIBRO DI DANILO COPPE &#8220;CRIMINI ESPLOSIVI&#8221; SARA&#8217; PRESENTATO IN SALA DON TAMIS IL 15 OTTOBRE<\/h3>\n<\/blockquote>\n<p><strong><a href=\"https:\/\/www.radiopiu.net\/wordpress\/il-libro-di-danilo-coppe-crimini-esplosivi-sara-presentato-in-sala-don-tamis-il-15-ottobre\/crimini-esplosivi-green-pass\/\" rel=\"attachment wp-att-235916\"><img loading=\"lazy\" decoding=\"async\" class=\"size-medium wp-image-235916 alignleft\" src=\"https:\/\/www.radiopiu.net\/wordpress\/wp-content\/uploads\/2021\/10\/crimini-esplosivi-green-pass-212x300.jpg\" alt=\"\" width=\"212\" height=\"300\" srcset=\"https:\/\/www.radiopiu.net\/wordpress\/wp-content\/uploads\/2021\/10\/crimini-esplosivi-green-pass-212x300.jpg 212w, https:\/\/www.radiopiu.net\/wordpress\/wp-content\/uploads\/2021\/10\/crimini-esplosivi-green-pass-724x1024.jpg 724w, https:\/\/www.radiopiu.net\/wordpress\/wp-content\/uploads\/2021\/10\/crimini-esplosivi-green-pass-768x1086.jpg 768w, https:\/\/www.radiopiu.net\/wordpress\/wp-content\/uploads\/2021\/10\/crimini-esplosivi-green-pass-1086x1536.jpg 1086w, https:\/\/www.radiopiu.net\/wordpress\/wp-content\/uploads\/2021\/10\/crimini-esplosivi-green-pass-1448x2048.jpg 1448w, https:\/\/www.radiopiu.net\/wordpress\/wp-content\/uploads\/2021\/10\/crimini-esplosivi-green-pass.jpg 1754w\" sizes=\"auto, (max-width: 212px) 100vw, 212px\" \/><\/a> <\/strong><\/p>\n<p><strong>\u00a0<\/strong><\/p>\n<p><strong>AGORDO <\/strong>Si parla di Crimini Esplosivi con l\u2019omonimo libro, nella presentazione organizzata dall\u2019APIM Associazione Periti Minerari. Venerd\u00ec 15 ottobre alle ore 18.00 presso la Sala Don Tamis di Agordo, l\u2019autore Danilo Coppe, noto esplosivista, riveler\u00e0 molti segreti che hanno caratterizzato, fra l\u2019altro, gli Anni di Piombo e tutte le altre vicende storiche che hanno visto protagonisti negativi gli esplosivi. Danilo Coppe \u00e8 uno che gli esplosivi li ha sempre usati a fin di bene, come quando ha abbattuto le campate 10 e 11 del Ponte Morandi. Ma la sua attivit\u00e0 di consulente per tanti Tribunali italiani gli hanno consentito di studiare anche i fenomeni criminali e terroristici, avendo a disposizione una moltitudine di documenti inediti. L\u2019incontro \u00e8 aperto a tutti. Ingresso con green pass.<\/p>\n<p>&nbsp;<\/p>\n<p>&nbsp;<\/p>\n<p>&nbsp;<\/p>\n<p>&nbsp;<\/p>\n<p>&nbsp;<\/p>\n<hr \/>\n<p>&nbsp;<\/p>\n<blockquote>\n<h3>A PRANZO TRA VILLE E PALAZZI: i nuovi appuntamenti della Biblioteca tra storia e cibo<\/h3>\n<\/blockquote>\n<p><strong>BELLUNO<\/strong>\u00a0 Tornano gli appuntamenti della Biblioteca con le passeggiate guidate e il pranzo (costo di \u20ac 20 euro a persona). \u201cA pranzo tra ville e palazzi\u201d \u00e8 il titolo di questa nuova rassegna che unisce la scoperta di alcuni luoghi inconsueti di Belluno, accompagnati dalla guida turistica Marta Azzalini. Domani Palazzo Doglioni a Borgo Piave, pi\u00f9 conosciuto come \u201cIl Boteg\u00f2n\u201d, il 16 ottobre visita al parco di Villa Morassutti, che domina dall\u2019alto la stazione ferroviaria Info: biblioteca@comune.belluno.it o tel. 0437948093.<\/p>\n<p>&nbsp;<\/p>\n<p>&nbsp;<\/p>\n<hr \/>\n<p>&nbsp;<\/p>\n<p><strong>IL LUNEDI ALLE 13 E ALLE 20, LA DOMENICA ALLE 10.30: SALUTE E SOCIETA&#8217; CON IL DOTTOR MARCO CARACCIOLO\u00a0<\/strong><\/p>\n<h3>LA RACCOLTA COMPLETA<\/h3>\n<blockquote class=\"wp-embedded-content\" data-secret=\"HhHaM5k1ai\"><p><a href=\"https:\/\/www.radiopiu.net\/wordpress\/saluteesocieta\/\">Salute e Societ\u00e0<\/a><\/p><\/blockquote>\n<p><iframe loading=\"lazy\" class=\"wp-embedded-content\" sandbox=\"allow-scripts\" security=\"restricted\" style=\"position: absolute; clip: rect(1px, 1px, 1px, 1px);\" title=\"&#8220;Salute e Societ\u00e0&#8221; &#8212; Radio Pi\u00f9\" src=\"https:\/\/www.radiopiu.net\/wordpress\/saluteesocieta\/embed\/#?secret=HhHaM5k1ai\" data-secret=\"HhHaM5k1ai\" width=\"600\" height=\"338\" frameborder=\"0\" marginwidth=\"0\" marginheight=\"0\" scrolling=\"no\"><\/iframe><\/p>\n<p>&nbsp;<\/p>\n<hr \/>\n<p>&nbsp;<\/p>\n<div>\n<div class=\"b654a4as d2edcug0\">\n<div class=\"rq0escxv hkbzh7o3 jwdofwj8 n8tt0mok r8blr3vg hyh9befq\">\n<p><a class=\"dt-pswp-item\" href=\"https:\/\/www.radiopiu.net\/wordpress\/wp-content\/uploads\/2020\/10\/pp.jpg\" data-dt-img-description=\"\" data-large_image_width=\"640\" data-large_image_height=\"640\"><img loading=\"lazy\" decoding=\"async\" class=\"wp-image-163678 alignleft\" src=\"https:\/\/www.radiopiu.net\/wordpress\/wp-content\/uploads\/2020\/10\/pp-300x300.jpg\" alt=\"\" width=\"106\" height=\"106\" srcset=\"https:\/\/www.radiopiu.net\/wordpress\/wp-content\/uploads\/2020\/10\/pp-300x300.jpg 300w, https:\/\/www.radiopiu.net\/wordpress\/wp-content\/uploads\/2020\/10\/pp-150x150.jpg 150w, https:\/\/www.radiopiu.net\/wordpress\/wp-content\/uploads\/2020\/10\/pp-125x125.jpg 125w, https:\/\/www.radiopiu.net\/wordpress\/wp-content\/uploads\/2020\/10\/pp-200x200.jpg 200w, https:\/\/www.radiopiu.net\/wordpress\/wp-content\/uploads\/2020\/10\/pp-80x80.jpg 80w, https:\/\/www.radiopiu.net\/wordpress\/wp-content\/uploads\/2020\/10\/pp-480x480.jpg 480w, https:\/\/www.radiopiu.net\/wordpress\/wp-content\/uploads\/2020\/10\/pp.jpg 640w\" sizes=\"auto, (max-width: 106px) 100vw, 106px\" \/><\/a><\/p>\n<\/div>\n<\/div>\n<\/div>\n<div>\n<div class=\"page-title-head hgroup\">\n<div class=\"page-title-head hgroup\">\n<div class=\"b654a4as d2edcug0\">\n<div class=\"j83agx80 btwxx1t3 lhclo0ds hop8lmos nkwizq5d scwd0bx6 roh60bw9\">\n<div class=\"rq0escxv hkbzh7o3 jwdofwj8 n8tt0mok r8blr3vg hyh9befq\">\n<div class=\"do00u71z l9j0dhe7 k4urcfbm\">\n<h2><span style=\"color: #000080;\">DON CESARE, IL PENSIERO DEL GIORNO. ALLA RADIO ALLE 7 DEL MATTINO E ALLE 19.30 DELLA SERA.\u00a0\u00a0<\/span><\/h2>\n<p>&nbsp;<\/p>\n<p>&nbsp;<\/p>\n<audio class=\"wp-audio-shortcode\" id=\"audio-235806-8\" preload=\"none\" style=\"width: 100%;\" controls=\"controls\"><source type=\"audio\/mpeg\" src=\"https:\/\/www.radiopiu.net\/wordpress\/wp-content\/uploads\/2021\/10\/cesare-3.mp3?_=8\" \/><a href=\"https:\/\/www.radiopiu.net\/wordpress\/wp-content\/uploads\/2021\/10\/cesare-3.mp3\">https:\/\/www.radiopiu.net\/wordpress\/wp-content\/uploads\/2021\/10\/cesare-3.mp3<\/a><\/audio>\n<p>&nbsp;<\/p>\n<p>&nbsp;<\/p>\n<hr \/>\n<p>&nbsp;<\/p>\n<div>\n<div>\n<h3 class=\"kvgmc6g5 cxmmr5t8 oygrvhab hcukyx3x c1et5uql\"><span style=\"color: #0000ff;\">INFORMAZIONE il canale su TELEGRAM informazione di prima mano e in tempo reale. iscriviti ed aiutaci a farlo conoscere\u00a0\u00a0<\/span><\/h3>\n<\/div>\n<div>\n<div class=\"page-title-head hgroup\">\n<div class=\"page-title-head hgroup\">\n<div class=\"page-title-head hgroup\">\n<div class=\"page-title-head hgroup\">\n<div class=\"b654a4as d2edcug0\">\n<div class=\"page-title-head hgroup\">\n<div class=\"page-title-head hgroup\">\n<div class=\"page-title-head hgroup\">\n<div class=\"page-title-head hgroup\">\n<div class=\"b654a4as d2edcug0\">\n<div>\n<p>&nbsp;<\/p>\n<p>&nbsp;<\/p>\n<\/div>\n<div>\n<div class=\"page-title-head hgroup\">\n<div class=\"page-title-head hgroup\">\n<div class=\"page-title-head hgroup\">\n<div>\n<div class=\"b654a4as d2edcug0\">\n<div class=\"rq0escxv hkbzh7o3 jwdofwj8 n8tt0mok r8blr3vg hyh9befq\">\n<hr \/>\n<\/div>\n<\/div>\n<\/div>\n<div>\n<div class=\"page-title-head hgroup\">\n<div class=\"page-title-head hgroup\">\n<div class=\"b654a4as d2edcug0\">\n<p><strong>\u00a0 <\/strong><\/p>\n<div class=\"b654a4as d2edcug0\">\n<p><strong>L&#8217;ALMANACCO LADINO ALLA RADIO OGNI 15 GIORNI\u00a0 IL LUNEDI 8.30 MARTEDI 13.30 MERCOLEDI 1830 E DOMENICA ALLE 9<\/strong><\/p>\n<p><strong>RACCOLTA COMPLETA\u00a0 \u00a0<\/strong><\/p>\n<blockquote class=\"wp-embedded-content\" data-secret=\"lwIPQ2V1HT\"><p><a href=\"https:\/\/www.radiopiu.net\/wordpress\/almanacco-ladino\/\">Almanacco Ladino<\/a><\/p><\/blockquote>\n<p><iframe loading=\"lazy\" class=\"wp-embedded-content\" sandbox=\"allow-scripts\" security=\"restricted\" style=\"position: absolute; clip: rect(1px, 1px, 1px, 1px);\" title=\"&#8220;Almanacco Ladino&#8221; &#8212; Radio Pi\u00f9\" src=\"https:\/\/www.radiopiu.net\/wordpress\/almanacco-ladino\/embed\/#?secret=lwIPQ2V1HT\" data-secret=\"lwIPQ2V1HT\" width=\"600\" height=\"338\" frameborder=\"0\" marginwidth=\"0\" marginheight=\"0\" scrolling=\"no\"><\/iframe><\/p>\n<\/div>\n<div>\n<hr \/>\n<\/div>\n<\/div>\n<div>\n<p><strong>\u00a0<\/strong><\/p>\n<div>\n<p><strong>DUE MINUTI UN LIBRO, TUTTI I GIORNI ALLA RADIO ALLE 9.40 E ALLE 17.50<\/strong><\/p>\n<p><strong>LA RACCOLTA COMPLETA\u00a0\u00a0<\/strong><\/p>\n<\/div>\n<div>\n<blockquote class=\"wp-embedded-content\" data-secret=\"ttbQUyIKhW\"><p><a href=\"https:\/\/www.radiopiu.net\/wordpress\/due-minuti-un-libro\/\">Due minuti un libro<\/a><\/p><\/blockquote>\n<p><iframe loading=\"lazy\" class=\"wp-embedded-content\" sandbox=\"allow-scripts\" security=\"restricted\" style=\"position: absolute; clip: rect(1px, 1px, 1px, 1px);\" title=\"&#8220;Due minuti un libro&#8221; &#8212; Radio Pi\u00f9\" src=\"https:\/\/www.radiopiu.net\/wordpress\/due-minuti-un-libro\/embed\/#?secret=ttbQUyIKhW\" data-secret=\"ttbQUyIKhW\" width=\"600\" height=\"338\" frameborder=\"0\" marginwidth=\"0\" marginheight=\"0\" scrolling=\"no\"><\/iframe><\/p>\n<p>&nbsp;<\/p>\n<\/div>\n<\/div>\n<div>\n<hr \/>\n<p><strong>\u00a0<\/strong><\/p>\n<p><strong>I RACCONTI DI PAOLO SOPPELSA, ALLA RADIO IL LUNEDI ALLE 9.30 E ALLE 18.30\u00a0<\/strong><\/p>\n<div>\n<p><strong>LA RACCOLTA COMPLETA\u00a0<\/strong><\/p>\n<blockquote class=\"wp-embedded-content\" data-secret=\"5PuIQnrQVm\"><p><a href=\"https:\/\/www.radiopiu.net\/wordpress\/i-racconti-di-paolo-soppelsa\/\">I racconti di Paolo Soppelsa<\/a><\/p><\/blockquote>\n<p><iframe loading=\"lazy\" class=\"wp-embedded-content\" sandbox=\"allow-scripts\" security=\"restricted\" style=\"position: absolute; clip: rect(1px, 1px, 1px, 1px);\" title=\"&#8220;I racconti di Paolo Soppelsa&#8221; &#8212; Radio Pi\u00f9\" src=\"https:\/\/www.radiopiu.net\/wordpress\/i-racconti-di-paolo-soppelsa\/embed\/#?secret=5PuIQnrQVm\" data-secret=\"5PuIQnrQVm\" width=\"600\" height=\"338\" frameborder=\"0\" marginwidth=\"0\" marginheight=\"0\" scrolling=\"no\"><\/iframe><\/p>\n<\/div>\n<div class=\"mkdf-post-text\">\n<div class=\"mkdf-post-text-inner\">\n<div class=\"mkdf-post-text-main\">\n<div class=\"mkdf-post-text\">\n<div class=\"mkdf-post-text-inner\">\n<div class=\"mkdf-post-text-main\">\n<div class=\"mkdf-post-text\">\n<div class=\"mkdf-post-text-inner\">\n<div class=\"mkdf-post-text-main\">\n<div class=\"page-title-head hgroup\">\n<div class=\"page-title-head hgroup\">\n<div class=\"mkdf-post-text\">\n<div class=\"mkdf-post-text-inner\">\n<div class=\"mkdf-post-text-main\">\n<div class=\"mkdf-post-text\">\n<div class=\"mkdf-post-text-inner\">\n<div class=\"mkdf-post-text-main\">\n<div class=\"page-title-head hgroup\">\n<div class=\"page-title-head hgroup\">\n<div class=\"page-title-head hgroup\">\n<div class=\"page-title-head hgroup\">\n<div class=\"b654a4as d2edcug0\">\n<div class=\"page-title-head hgroup\">\n<div class=\"page-title-head hgroup\">\n<div class=\"page-title-head hgroup\">\n<div class=\"page-title-head hgroup\">\n<div class=\"b654a4as d2edcug0\">\n<div class=\"page-title-head hgroup\">\n<div class=\"page-title-head hgroup\">\n<div class=\"page-title-head hgroup\">\n<div class=\"page-title-head hgroup\">\n<div class=\"b654a4as d2edcug0\">\n<div><\/div>\n<\/div>\n<\/div>\n<\/div>\n<\/div>\n<\/div>\n<\/div>\n<\/div>\n<\/div>\n<\/div>\n<\/div>\n<\/div>\n<\/div>\n<\/div>\n<\/div>\n<\/div>\n<\/div>\n<\/div>\n<\/div>\n<\/div>\n<\/div>\n<\/div>\n<\/div>\n<\/div>\n<\/div>\n<\/div>\n<\/div>\n<\/div>\n<\/div>\n<\/div>\n<\/div>\n<\/div>\n<\/div>\n<\/div>\n<div class=\"mkdf-post-text\">\n<div class=\"mkdf-post-text-inner\">\n<div class=\"mkdf-post-text-main\">\n<div class=\"mkdf-post-text\">\n<div class=\"mkdf-post-text-inner\">\n<div class=\"mkdf-post-text-main\">\n<div class=\"mkdf-post-text\">\n<div class=\"mkdf-post-text-inner\">\n<div class=\"mkdf-post-text-main\">\n<div class=\"page-title-head hgroup\">\n<div class=\"page-title-head hgroup\">\n<div class=\"mkdf-post-text\">\n<div class=\"mkdf-post-text-inner\">\n<div class=\"mkdf-post-text-main\">\n<div class=\"mkdf-post-text\">\n<div class=\"mkdf-post-text-inner\">\n<div class=\"mkdf-post-text-main\">\n<div class=\"page-title-head hgroup\">\n<div class=\"page-title-head hgroup\">\n<div class=\"page-title-head hgroup\">\n<div class=\"page-title-head hgroup\">\n<div class=\"b654a4as d2edcug0\">\n<div class=\"page-title-head hgroup\">\n<div class=\"page-title-head hgroup\">\n<div class=\"page-title-head hgroup\">\n<div class=\"page-title-head hgroup\">\n<div class=\"b654a4as d2edcug0\">\n<div class=\"page-title-head hgroup\">\n<div class=\"page-title-head hgroup\">\n<div class=\"page-title-head hgroup\">\n<div class=\"page-title-head hgroup\">\n<div class=\"b654a4as d2edcug0\">\n<div><\/div>\n<div>\n<hr \/>\n<\/div>\n<div><\/div>\n<h4><span style=\"color: #ff0000;\">MUSICA ALLA RADIO<\/span><\/h4>\n<div><a href=\"https:\/\/www.radiopiu.net\/wordpress\/giornale-radiopiu-20-settembre-2021-direttore-mirko-mezzacasa\/pp-79\/\" rel=\"attachment wp-att-232921\"><img loading=\"lazy\" decoding=\"async\" class=\"wp-image-232921 alignleft\" src=\"https:\/\/www.radiopiu.net\/wordpress\/wp-content\/uploads\/2021\/09\/pp-1-300x300.jpg\" alt=\"\" width=\"135\" height=\"135\" srcset=\"https:\/\/www.radiopiu.net\/wordpress\/wp-content\/uploads\/2021\/09\/pp-1-300x300.jpg 300w, https:\/\/www.radiopiu.net\/wordpress\/wp-content\/uploads\/2021\/09\/pp-1-150x150.jpg 150w, https:\/\/www.radiopiu.net\/wordpress\/wp-content\/uploads\/2021\/09\/pp-1.jpg 640w\" sizes=\"auto, (max-width: 135px) 100vw, 135px\" \/><\/a><\/div>\n<div><\/div>\n<div><\/div>\n<div>\n<p><strong>MUSICA ALLA RADIO, IL PROGRAMMA DI LORIS SCUSSEL &#8220;COLLAGE OPERAZIONE NOSTALGIA&#8221; DAL LUNEDI AL VENERDI ALLE 16.00\u00a0 E ALLE 23\u00a0<\/strong><\/p>\n<p>&nbsp;<\/p>\n<p>&nbsp;<\/p>\n<p>LA PUNTATA DI IERI 449<\/p>\n<\/div>\n<div>\n<audio class=\"wp-audio-shortcode\" id=\"audio-235806-9\" preload=\"none\" style=\"width: 100%;\" controls=\"controls\"><source type=\"audio\/mpeg\" src=\"https:\/\/www.radiopiu.net\/wordpress\/wp-content\/uploads\/2021\/10\/Collage-449.mp3?_=9\" \/><a href=\"https:\/\/www.radiopiu.net\/wordpress\/wp-content\/uploads\/2021\/10\/Collage-449.mp3\">https:\/\/www.radiopiu.net\/wordpress\/wp-content\/uploads\/2021\/10\/Collage-449.mp3<\/a><\/audio>\n<p>&nbsp;<\/p>\n<hr \/>\n<p>&nbsp;<\/p>\n<p><a href=\"https:\/\/www.radiopiu.net\/wordpress\/giornale-radiopiu-26-settembre-2018-direttore-mirko-mezzacasa\/viabilita-2\/\" rel=\"attachment wp-att-61954\"><img loading=\"lazy\" decoding=\"async\" class=\"wp-image-61954 size-full aligncenter\" src=\"https:\/\/www.radiopiu.net\/wordpress\/wp-content\/uploads\/2018\/09\/viabilita.jpeg\" alt=\"\" width=\"800\" height=\"100\" srcset=\"https:\/\/www.radiopiu.net\/wordpress\/wp-content\/uploads\/2018\/09\/viabilita.jpeg 800w, https:\/\/www.radiopiu.net\/wordpress\/wp-content\/uploads\/2018\/09\/viabilita-300x38.jpeg 300w, https:\/\/www.radiopiu.net\/wordpress\/wp-content\/uploads\/2018\/09\/viabilita-768x96.jpeg 768w\" sizes=\"auto, (max-width: 800px) 100vw, 800px\" \/><\/a><\/p>\n<blockquote>\n<h3>CAPRILE-DIGONERA\u00a0 A &#8220;SINGHIOZZO&#8221;<\/h3>\n<\/blockquote>\n<p><strong><img loading=\"lazy\" decoding=\"async\" class=\"alignleft\" src=\"https:\/\/www.radiopiu.net\/wordpress\/wp-content\/uploads\/2021\/09\/th-9.jpg\" width=\"165\" height=\"79\" \/>ROCCA PIETORE<\/strong> La messa in sicurezza del piano viabile lungo la provinciale 563 di Salesei che da Saviner di Rocca Pietore sale a Digonera e quindi Livinallongo, obbliga l&#8217;impresa vicentina Gheller\u00a0 non solo a prevedere il senso unico alternato h24 ma anche a chiusure fino a 20 minuti. I lavori termineranno (salvo proroghe) il prossimo 11 ottobre.<\/p>\n<p>&nbsp;<\/p>\n<p><strong><a href=\"https:\/\/www.radiopiu.net\/wordpress\/veneto-strade-interdizione-al-traffico\/veneto-strade-2\/\" rel=\"attachment wp-att-135574\"><img loading=\"lazy\" decoding=\"async\" class=\"wp-image-135574 alignleft\" src=\"https:\/\/www.radiopiu.net\/wordpress\/wp-content\/uploads\/2020\/05\/VENETO-STRADE-300x300.png\" alt=\"\" width=\"100\" height=\"100\" srcset=\"https:\/\/www.radiopiu.net\/wordpress\/wp-content\/uploads\/2020\/05\/VENETO-STRADE-300x300.png 300w, https:\/\/www.radiopiu.net\/wordpress\/wp-content\/uploads\/2020\/05\/VENETO-STRADE-150x150.png 150w, https:\/\/www.radiopiu.net\/wordpress\/wp-content\/uploads\/2020\/05\/VENETO-STRADE.png 400w\" sizes=\"auto, (max-width: 100px) 100vw, 100px\" \/><\/a><\/strong><strong>SP39 MONTE AVENA COMUNE SOVRAMONTE<\/strong>\u00a0 Fino al 15 ottobre -esclusi festivi e prefestivi &#8211; interdizione totale al traffico<\/p>\n<p><strong>REGIONALE 48 DELLE DOLOMITI PASSO FALZAREGO<\/strong>\u00a0 fino\u00a0 al 26 novembre interruzioni della durata massima di 15 minuti in localit\u00e0 Pian di Falzarego <strong>PROVINCIALE VAL FIORENTINA SP20<\/strong>: dall&#8217;11 al 15 ottobre senso unico alternato per tratti di 300 metri <strong>REGIONALE 48 DOLOMITI<\/strong> dall&#8217;11 ottobre al 3 dicembre senso unico localit\u00e0 Andraz. <strong>PROVINCIALE 638<\/strong> Passo Giau fino\u00a0 al 19 ottobre senso unico alternato tratti di 300 metri<\/p>\n<p>&nbsp;<\/p>\n<hr \/>\n<p>&nbsp;<\/p>\n<\/div>\n<\/div>\n<\/div>\n<\/div>\n<\/div>\n<\/div>\n<\/div>\n<\/div>\n<\/div>\n<\/div>\n<\/div>\n<\/div>\n<\/div>\n<\/div>\n<\/div>\n<\/div>\n<\/div>\n<\/div>\n<\/div>\n<\/div>\n<\/div>\n<\/div>\n<\/div>\n<\/div>\n<\/div>\n<\/div>\n<\/div>\n<\/div>\n<\/div>\n<\/div>\n<\/div>\n<\/div>\n<\/div>\n<\/div>\n<\/div>\n<\/div>\n<\/div>\n<\/div>\n<\/div>\n<\/div>\n<\/div>\n<\/div>\n<\/div>\n<\/div>\n<\/div>\n<\/div>\n<\/div>\n<\/div>\n<\/div>\n<\/div>\n<\/div>\n<\/div>\n<div>\n<div class=\"page-title-head hgroup\">\n<div class=\"page-title-head hgroup\">\n<div class=\"page-title-head hgroup\">\n<div class=\"page-title-head hgroup\">\n<div class=\"b654a4as d2edcug0\">\n<div class=\"page-title-head hgroup\">\n<div class=\"page-title-head hgroup\">\n<div class=\"page-title-head hgroup\">\n<div class=\"page-title-head hgroup\">\n<div class=\"b654a4as d2edcug0\">\n<div class=\"page-title-head hgroup\">\n<div class=\"page-title-head hgroup\">\n<div class=\"page-title-head hgroup\">\n<div class=\"page-title-head hgroup\">\n<div class=\"page-title-head hgroup\">\n<div class=\"mkdf-post-text\">\n<div class=\"mkdf-post-text-inner\">\n<div class=\"mkdf-post-text-main\">\n<div class=\"mkdf-post-text\">\n<div class=\"mkdf-post-text-inner\">\n<div class=\"mkdf-post-text-main\">\n<div class=\"mkdf-post-text\">\n<div class=\"mkdf-post-text-inner\">\n<div class=\"mkdf-post-text-main\">\n<div class=\"page-title-head hgroup\">\n<div class=\"page-title-head hgroup\">\n<div class=\"mkdf-post-text\">\n<div class=\"mkdf-post-text-inner\">\n<div class=\"mkdf-post-text-main\">\n<div class=\"mkdf-post-text\">\n<div class=\"mkdf-post-text-inner\">\n<div class=\"mkdf-post-text-main\">\n<div>\n<div class=\"page-title-head hgroup\">\n<div class=\"page-title-head hgroup\">\n<div>\n<div class=\"page-title-head hgroup\">\n<div class=\"page-title-head hgroup\">\n<div class=\"b654a4as d2edcug0\">\n<div>\n<div class=\"page-title-head hgroup\" style=\"text-align: left;\">\n<div class=\"page-title-head hgroup\">\n<div dir=\"auto\">\n<p><a class=\"dt-pswp-item pspw-wrap-ready\" href=\"https:\/\/i0.wp.com\/www.radiopiu.net\/wordpress\/wp-content\/uploads\/2018\/09\/WhatsApp-Image-2018-09-20-at-16.04.06.jpeg?ssl=1\" data-dt-img-description=\"\" data-large_image_width=\"800\" data-large_image_height=\"100\"><img loading=\"lazy\" decoding=\"async\" class=\"aligncenter wp-image-61378 size-full jetpack-lazy-image jetpack-lazy-image--handled\" src=\"https:\/\/i0.wp.com\/www.radiopiu.net\/wordpress\/wp-content\/uploads\/2018\/09\/WhatsApp-Image-2018-09-20-at-16.04.06.jpeg?resize=800%2C100&amp;ssl=1\" sizes=\"auto, (max-width: 800px) 100vw, 800px\" srcset=\"https:\/\/i0.wp.com\/www.radiopiu.net\/wordpress\/wp-content\/uploads\/2018\/09\/WhatsApp-Image-2018-09-20-at-16.04.06.jpeg?w=800&amp;ssl=1 800w, https:\/\/i0.wp.com\/www.radiopiu.net\/wordpress\/wp-content\/uploads\/2018\/09\/WhatsApp-Image-2018-09-20-at-16.04.06.jpeg?resize=300%2C38&amp;ssl=1 300w, https:\/\/i0.wp.com\/www.radiopiu.net\/wordpress\/wp-content\/uploads\/2018\/09\/WhatsApp-Image-2018-09-20-at-16.04.06.jpeg?resize=768%2C96&amp;ssl=1 768w\" alt=\"\" width=\"800\" height=\"100\" data-lazy-loaded=\"1\" \/><\/a><\/p>\n<\/div>\n<\/div>\n<\/div>\n<\/div>\n<\/div>\n<\/div>\n<\/div>\n<\/div>\n<\/div>\n<\/div>\n<\/div>\n<\/div>\n<\/div>\n<\/div>\n<\/div>\n<\/div>\n<\/div>\n<\/div>\n<\/div>\n<\/div>\n<\/div>\n<\/div>\n<\/div>\n<\/div>\n<\/div>\n<\/div>\n<\/div>\n<\/div>\n<\/div>\n<\/div>\n<\/div>\n<\/div>\n<\/div>\n<\/div>\n<\/div>\n<\/div>\n<\/div>\n<\/div>\n<\/div>\n<\/div>\n<\/div>\n<\/div>\n<\/div>\n<\/div>\n<p>&nbsp;<\/p>\n<p><center><\/center><center><b>Venerdi 8<\/b><\/center><b>Tempo atteso: <\/b>Al mattino copertura nuvolosa media e medio-alta stratiforme con tendenza a graduale assottigliamento, prima di un miglioramento pomeridiano con ritorno del sole in un cielo sempre pi\u00f9 sereno a partire dalle Dolomiti, cosa che si verificher\u00e0 anche sulle Prealpi in maniera pi\u00f9 tardiva. Contesto termico sempre assai fresco per il periodo, nonostante il parziale ritorno del sole.<br \/>\n<b>Precipitazioni: <\/b>Assenti (0%).<br \/>\n<b>Temperature: <\/b>Minime in calo nelle valli e in leggero aumento in quota; massime in ripresa. Sono previste punte di 15\/17\u00b0C nei fondovalle prealpini e di 10\/13\u00b0C a 1000\/1200 m. Su Prealpi a 1500 m min 3\u00b0C max 9\u00b0C, a 2000 m min 0\u00b0C max 6\u00b0C. Su Dolomiti a 2000 m min -1\u00b0C max 5\u00b0C, a 3000 m min -4\u00b0C max -1\u00b0C.<br \/>\n<b>Venti: <\/b>Nelle valli deboli di direzione variabile, eccetto rinforzi per episodi di Foehn nei settori esposti a nord; in quota moderati\/tesi da nord-est tra la notte e il mattino, poi in attenuazione, salvo residue forti raffiche sulle creste prealpine, a 10-25 km\/h a 2000 m e 20-40 km\/h a 3000 m.<\/p>\n<hr \/>\n<p><center><b>Sabato 9<\/b><\/center><b>Tempo atteso: <\/b>Stupenda giornata con sole, cielo sereno ed aria limpida. L&#8217;atmosfera sar\u00e0 assai fresca al mattino, anche fredda in quota, mentre il sole mitigher\u00e0 leggermente l&#8217;ambiente nei fondovalle pi\u00f9 assolati in giornata. Non esclusi eventuali locali banchi di nebbia nelle ore pi\u00f9 fredde in alcune depressioni prealpine, in rapido dissolvimento.<br \/>\n<b>Precipitazioni: <\/b>Assenti (0%).<br \/>\n<b>Temperature: <\/b>In generale calo, specie le minime, e oltre i 1000\/1200 m le gelate saranno frequenti, senza escludere il gelo notturno o le brinate anche sotto tali quote. Su Prealpi a 1500 m min 2\u00b0C max 7\u00b0C, a 2000 m min -1\u00b0C max 5\u00b0C. Su Dolomiti a 2000 m min -1\u00b0C max 4\u00b0C, a 3000 m min -6\u00b0C max -2\u00b0C.<br \/>\n<b>Venti: <\/b>Nelle valli deboli di direzione variabile, eccetto rinforzi per brezze nei settori solitamente pi\u00f9 ventilati; in quota deboli\/moderati da nord-est, a tratti tesi sulle cime pi\u00f9 alte, a 5-15 km\/h a 2000 m e 15-30 km\/h a 3000 m.<\/p>\n<hr \/>\n<p><center><b>Domenica 10<\/b><\/center>Tempo ancora ben soleggiato con cielo generalmente sereno, aria nitida e ottima visibilit\u00e0. Temperature in ulteriore lieve calo con maggiore diffusione delle brinate e gelate notturne. Nelle valli venti deboli di direzione variabile, con qualche locale rinforzo per brezze; in quota moderati\/tesi da nord-est.<\/p>\n<hr \/>\n<p><center><b>Lunedi 11<\/b><\/center>Tempo ancora ben soleggiato nella prima parte del giorno, mentre sottili nubi alte stratiformi giungeranno da nord nel corso del pomeriggio, senza altro effetto che ridurre leggermente il soleggiamento pomeridiano. Temperature minime senza variazioni di rilievo in quota e in calo nelle valli, massime in lieve ripresa. Nelle valli venti deboli di direzione variabile, con qualche locale rinforzo per brezze; in quota moderati\/tesi da nord-ovest. Previsore: R.L.Th.<\/p>\n<p>&nbsp;<\/p>\n<hr \/>\n<p>&nbsp;<\/p>\n<div class=\"mkdf-post-text\">\n<div class=\"mkdf-post-text-inner\">\n<p><a href=\"https:\/\/www.radiopiu.net\/wordpress\/giornale-radiopiu-15-settembre-2018-direttore-mirko-mezzacasa\/sport-7\/\" rel=\"attachment wp-att-60761\"><img loading=\"lazy\" decoding=\"async\" class=\"wp-image-60761 size-full aligncenter\" src=\"https:\/\/www.radiopiu.net\/wordpress\/wp-content\/uploads\/2018\/09\/sport.jpg\" alt=\"\" width=\"800\" height=\"100\" srcset=\"https:\/\/www.radiopiu.net\/wordpress\/wp-content\/uploads\/2018\/09\/sport.jpg 800w, https:\/\/www.radiopiu.net\/wordpress\/wp-content\/uploads\/2018\/09\/sport-300x38.jpg 300w, https:\/\/www.radiopiu.net\/wordpress\/wp-content\/uploads\/2018\/09\/sport-768x96.jpg 768w\" sizes=\"auto, (max-width: 800px) 100vw, 800px\" \/><\/a><\/p>\n<\/div>\n<\/div>\n<p>&nbsp;<\/p>\n<blockquote>\n<h3>L&#8217;AGORDINA IN CERCA DI PUNTI PER AGGUANTARE LA SALVEZZA IL PRIMA POSSIBILE<\/h3>\n<\/blockquote>\n<p><strong><a href=\"https:\/\/www.radiopiu.net\/wordpress\/domani-il-primo-impegno-ufficiale-per-lagordina\/agordina-calcio\/\" rel=\"attachment wp-att-97575\"><img loading=\"lazy\" decoding=\"async\" class=\"size-full wp-image-97575 alignleft\" src=\"https:\/\/www.radiopiu.net\/wordpress\/wp-content\/uploads\/2019\/09\/AGORDINA-CALCIO.jpeg\" alt=\"\" width=\"225\" height=\"225\" srcset=\"https:\/\/www.radiopiu.net\/wordpress\/wp-content\/uploads\/2019\/09\/AGORDINA-CALCIO.jpeg 225w, https:\/\/www.radiopiu.net\/wordpress\/wp-content\/uploads\/2019\/09\/AGORDINA-CALCIO-150x150.jpeg 150w\" sizes=\"auto, (max-width: 225px) 100vw, 225px\" \/><\/a>AGORDO<\/strong> Si sono giocate 3 partite del campionato di Seconda Categoria girone T e dopo le prime uscite stagionali l&#8217;Agordina di Marco Lorenzi ha 4 punti in classifica. Una classifica che non rispecchia l&#8217;impegno messo in campo dalla compagine di Agordo che anche la scorsa settimana ha giocato bene per 60&#8242; ma poi ha subito le incursioni della Fulgor Farra che all&#8217;Ivano Dorigo di Agordo \u00e8 riuscita a vincere la prima partita della stagione. Da adesso in poi l&#8217;Agordina deve fare sul serio ed agguantare l&#8217;obbiettivo salvezza il pi\u00f9 presto possibile per poi continuare la stagione con tranquillit\u00e0. Domenica prossima i ragazzi di Lorenzi saranno impegnati in una trasferta in terra trevigiana per affrontare il Gemelle.<\/p>\n<p><strong>DIEGO ZANNONI, GIOCATORE DELL&#8217;AGORDINA<\/strong><\/p>\n<audio class=\"wp-audio-shortcode\" id=\"audio-235806-10\" preload=\"none\" style=\"width: 100%;\" controls=\"controls\"><source type=\"audio\/mpeg\" src=\"https:\/\/www.radiopiu.net\/wordpress\/wp-content\/uploads\/2021\/10\/AGORDINA-DIEGO-ZANNONI.mp3?_=10\" \/><a href=\"https:\/\/www.radiopiu.net\/wordpress\/wp-content\/uploads\/2021\/10\/AGORDINA-DIEGO-ZANNONI.mp3\">https:\/\/www.radiopiu.net\/wordpress\/wp-content\/uploads\/2021\/10\/AGORDINA-DIEGO-ZANNONI.mp3<\/a><\/audio>\n<p>&nbsp;<\/p>\n<hr \/>\n<p>&nbsp;<\/p>\n<table width=\"100%\">\n<tbody>\n<tr>\n<td>\n<table width=\"100%\">\n<tbody>\n<tr>\n<td>\n<table width=\"100%\">\n<tbody>\n<tr>\n<td><a href=\"https:\/\/www.radiopiu.net\/wordpress\/giornale-radiopiu-08-ottobre-2021-direttore-mirko-mezzacasa\/80aaeac9-1ffb-0456-3dc8-819c299dee11\/\" rel=\"attachment wp-att-235964\"><img loading=\"lazy\" decoding=\"async\" class=\"size-medium wp-image-235964\" src=\"https:\/\/www.radiopiu.net\/wordpress\/wp-content\/uploads\/2021\/10\/80aaeac9-1ffb-0456-3dc8-819c299dee11-300x200.jpg\" alt=\"\" width=\"300\" height=\"200\" srcset=\"https:\/\/www.radiopiu.net\/wordpress\/wp-content\/uploads\/2021\/10\/80aaeac9-1ffb-0456-3dc8-819c299dee11-300x200.jpg 300w, https:\/\/www.radiopiu.net\/wordpress\/wp-content\/uploads\/2021\/10\/80aaeac9-1ffb-0456-3dc8-819c299dee11-1024x683.jpg 1024w, https:\/\/www.radiopiu.net\/wordpress\/wp-content\/uploads\/2021\/10\/80aaeac9-1ffb-0456-3dc8-819c299dee11-768x512.jpg 768w, https:\/\/www.radiopiu.net\/wordpress\/wp-content\/uploads\/2021\/10\/80aaeac9-1ffb-0456-3dc8-819c299dee11-1536x1024.jpg 1536w, https:\/\/www.radiopiu.net\/wordpress\/wp-content\/uploads\/2021\/10\/80aaeac9-1ffb-0456-3dc8-819c299dee11.jpg 2048w\" sizes=\"auto, (max-width: 300px) 100vw, 300px\" \/><\/a><\/p>\n<h2><\/h2>\n<h2>HOCKEY<\/h2>\n<h1>Poker azzurro, l&#8217;Italia batte la Spagna e inizia bene la qualificazione olimpica<\/h1>\n<\/td>\n<\/tr>\n<\/tbody>\n<\/table>\n<\/td>\n<\/tr>\n<\/tbody>\n<\/table>\n<\/td>\n<\/tr>\n<tr>\n<td>\n<table width=\"100%\">\n<tbody>\n<tr>\n<td>\n<table width=\"100%\">\n<tbody>\n<tr>\n<td>\n<h3>Le azzurre superano 4-1 le iberiche nel primo match del torneo di pre-qualificazione olimpica. Buon primo tempo con qualche sofferenza di troppo nella seconda parte del match. Sabato alle 20.15 prossima sfida contro Taipei.<\/h3>\n<\/td>\n<\/tr>\n<\/tbody>\n<\/table>\n<\/td>\n<\/tr>\n<\/tbody>\n<\/table>\n<table width=\"100%\">\n<tbody>\n<tr>\n<td>\n<table width=\"100%\">\n<tbody>\n<tr>\n<td>\n<h4>Nella prima giornata del <strong>torneo di pre-qualificazione olimpica<\/strong> l\u2019<strong>Italia<\/strong> supera la <strong>Spagna<\/strong>, confermando sul ghiaccio, almeno nella prima frazione, il gap tecnico tra le due formazioni, ma soffrendo forse pi\u00f9 del dovuto nella seconda met\u00e0 di un match concluso comunque con un comodo 4-1. &#8220;Partiamo sicuramente con il piede giusto grazie a questi tre punti &#8211; commenta <strong>coach Max Fedrizzi<\/strong> &#8211; ma siamo consapevoli che dobbiamo crescere, essere pi\u00f9 concrete sottoporta e giocare per 60 minuti anche contro squadre, come la Spagna, che creano tanta confusione sul ghiaccio&#8221;.<\/h4>\n<\/td>\n<\/tr>\n<\/tbody>\n<\/table>\n<\/td>\n<\/tr>\n<\/tbody>\n<\/table>\n<\/td>\n<\/tr>\n<\/tbody>\n<\/table>\n<p>&nbsp;<\/p>\n<p>&nbsp;<\/p>\n<hr \/>\n<blockquote>\n<h3><b><span style=\"color: #000000; font-family: Helvetica; font-size: large;\">\u00a0<\/span><\/b><\/h3>\n<h3><b><span style=\"color: #000000; font-family: Helvetica; font-size: large;\">Si alza il sipario sulla\u00a0 Pallavolo\u00a0 Belluno<\/span><\/b><\/h3>\n<\/blockquote>\n<p>&nbsp;<\/p>\n<p><strong><a href=\"https:\/\/www.radiopiu.net\/wordpress\/giornale-radiopiu-08-ottobre-2021-direttore-mirko-mezzacasa\/da_rold_logistics_brindisi_deon\/\" rel=\"attachment wp-att-235959\"><img loading=\"lazy\" decoding=\"async\" class=\" wp-image-235959 alignleft\" src=\"https:\/\/www.radiopiu.net\/wordpress\/wp-content\/uploads\/2021\/10\/Da_Rold_Logistics_brindisi_Deon-300x182.jpg\" alt=\"\" width=\"236\" height=\"143\" srcset=\"https:\/\/www.radiopiu.net\/wordpress\/wp-content\/uploads\/2021\/10\/Da_Rold_Logistics_brindisi_Deon-300x182.jpg 300w, https:\/\/www.radiopiu.net\/wordpress\/wp-content\/uploads\/2021\/10\/Da_Rold_Logistics_brindisi_Deon-768x465.jpg 768w, https:\/\/www.radiopiu.net\/wordpress\/wp-content\/uploads\/2021\/10\/Da_Rold_Logistics_brindisi_Deon.jpg 917w\" sizes=\"auto, (max-width: 236px) 100vw, 236px\" \/><\/a>BELLUNO<\/strong>\u00a0 In pieno centro la Drl si \u00e8 presentata in via ufficiale, i ragazzi di coach Diego Poletto hanno ricevuto il simbolico abbraccio della collettivit\u00e0, in una serata nel segno della festa. Ma anche del ricordo per chi non c\u2019\u00e8 pi\u00f9, come ha sottolineato lo speaker Sergio Milani: lo storico dirigente Plinio Possamai e il giovane Davide Bristot.\u00a0 Il presidente Sandro Da Rold. <em>\u00abLa rosa \u00e8 arricchita da diversi atleti che provengono da fuori provincia \u2013 sono state le parole del massimo dirigente \u2013 ma vanta pure una componente importante di bellunesi. E, in questo senso, la collaborazione con la Spes per il settore giovanile potr\u00e0 far crescere anche la prima squadra. Obiettivi per la stagione? Far divertire il pubblico: una volta rafforzata e stabilizzata la societ\u00e0, potremmo pensare a un eventuale salto di categoria\u00bb.\u00a0 <\/em>Il team manager Alessio Bortoluzzi ha evidenziato la centralit\u00e0 del <em>\u00absenso di appartenenza: \u00e8 la prima cosa che dobbiamo trasmettere in termini di gruppo e di singole persone\u00bb,<\/em> mentre Alex Paganin \u00e8 pronto a giurare, e a sorridere:<em> \u00abIl ruolo di capitano non mi ha cambiato. Do solo qualche \u201curlata\u201d in pi\u00f9 ai miei compagni\u00bb<\/em>. E non \u00e8 mancata la voce del direttore generale, Franco Da Re: <em>\u00abPer me \u00e8 un onore essere a Belluno, una terra che merita il palcoscenico della A3\u00bb. <\/em>Prima tappa alla Spes Arena domenica alle\u00a0 18 con\u00a0 l\u2019Abba Pineto.<\/p>\n<p>&nbsp;<\/p>\n<p>&nbsp;<\/p>\n<hr \/>\n<blockquote>\n<h3><\/h3>\n<h3>LA 24 ORE DI SAN MARTINO POST COVID<\/h3>\n<p><span style=\"font-family: Verdana;\"><strong>Domani\u00a0 e Domenica 10 ottobre<\/strong> ritorna\u00a0 &#8211; dopo un anno di stop forzato &#8211; la\u00a0 manifestazione podistica e di solidariet\u00e0. La 24 ore pi\u00f9 antica d&#8217;Italia ritorna sul tradizionale tartan dello Stadio polisportivo di Belluno, con partenza degli atleti alle 15 di sabato. Per 24 ore filate, 528 atlete e atleti si susseguiranno sulla pista per rincorrere un record, per stare in compagnia dei propri amici o per portare avanti una storia che da 47 anni si ripete, puntuale, ogni secondo fine settimana di ottobre. <\/span><\/p><\/blockquote>\n<p>&nbsp;<\/p>\n<p>&nbsp;<\/p>\n<\/div>\n<\/div>\n<\/div>\n<\/div>\n<\/div>\n<\/div>\n<\/div>\n","protected":false},"excerpt":{"rendered":"<p>INFORMAZIONE il canale su TELEGRAM informazione di prima mano e in tempo reale. iscriviti ed aiutaci a farlo conoscere\u00a0\u00a0 &nbsp; &nbsp; &nbsp; RACCOLTI 29.000 EURO PER LA NUOVA AUTO DI RICCARDO TEGNER La macchina nel frattempo\u00a0 stata ordinata,\u00a0 servono i tempi tecnici per attrezzarla a dovere con pedane e spazi adeguati al movimento della carrozzina\u00a0&hellip;<\/p>\n","protected":false},"author":4,"featured_media":235838,"comment_status":"closed","ping_status":"open","sticky":false,"template":"","format":"standard","meta":{"_monsterinsights_skip_tracking":false,"_monsterinsights_sitenote_active":false,"_monsterinsights_sitenote_note":"","_monsterinsights_sitenote_category":0,"footnotes":""},"categories":[1,104,86,49],"tags":[],"class_list":["post-235806","post","type-post","status-publish","format-standard","has-post-thumbnail","hentry","category-senza-categoria","category-evidenza_3","category-gr","category-news-18","category-1","category-104","category-86","category-49","description-off"],"img_url":"https:\/\/www.radiopiu.net\/wordpress\/wp-content\/uploads\/2021\/10\/e9bfc5dc-1c38-453a-8876-0b59ec88c37e.jpg","_links":{"self":[{"href":"https:\/\/www.radiopiu.net\/wordpress\/wp-json\/wp\/v2\/posts\/235806","targetHints":{"allow":["GET"]}}],"collection":[{"href":"https:\/\/www.radiopiu.net\/wordpress\/wp-json\/wp\/v2\/posts"}],"about":[{"href":"https:\/\/www.radiopiu.net\/wordpress\/wp-json\/wp\/v2\/types\/post"}],"author":[{"embeddable":true,"href":"https:\/\/www.radiopiu.net\/wordpress\/wp-json\/wp\/v2\/users\/4"}],"replies":[{"embeddable":true,"href":"https:\/\/www.radiopiu.net\/wordpress\/wp-json\/wp\/v2\/comments?post=235806"}],"version-history":[{"count":0,"href":"https:\/\/www.radiopiu.net\/wordpress\/wp-json\/wp\/v2\/posts\/235806\/revisions"}],"wp:featuredmedia":[{"embeddable":true,"href":"https:\/\/www.radiopiu.net\/wordpress\/wp-json\/wp\/v2\/media\/235838"}],"wp:attachment":[{"href":"https:\/\/www.radiopiu.net\/wordpress\/wp-json\/wp\/v2\/media?parent=235806"}],"wp:term":[{"taxonomy":"category","embeddable":true,"href":"https:\/\/www.radiopiu.net\/wordpress\/wp-json\/wp\/v2\/categories?post=235806"},{"taxonomy":"post_tag","embeddable":true,"href":"https:\/\/www.radiopiu.net\/wordpress\/wp-json\/wp\/v2\/tags?post=235806"}],"curies":[{"name":"wp","href":"https:\/\/api.w.org\/{rel}","templated":true}]}}