{"id":235999,"date":"2021-10-08T10:48:28","date_gmt":"2021-10-08T08:48:28","guid":{"rendered":"https:\/\/www.radiopiu.net\/wordpress\/?p=235999"},"modified":"2021-10-08T10:48:57","modified_gmt":"2021-10-08T08:48:57","slug":"dillo-a-radio-piu-che-colpa-ne-ho-se-ho-scelto-per-il-vaccino","status":"publish","type":"post","link":"https:\/\/www.radiopiu.net\/wordpress\/dillo-a-radio-piu-che-colpa-ne-ho-se-ho-scelto-per-il-vaccino\/","title":{"rendered":"DILLO A RADIO PIU&#8217;&#8230;. &#8220;CHE COLPA NE HO SE HO SCELTO PER IL VACCINO?&#8221;"},"content":{"rendered":"<p>&nbsp;<\/p>\n<blockquote>\n<h3><img loading=\"lazy\" decoding=\"async\" class=\"alignleft\" src=\"https:\/\/www.radiopiu.net\/wordpress\/wp-content\/uploads\/2021\/09\/vaccino-gravida.jpeg\" width=\"115\" height=\"159\" \/>Riceviamo e volentieri pubblichiamo un contributo firmato.<\/h3>\n<p><strong>AGORDO<\/strong> Sono d una dipendente di una grande Azienda bellunese. In questi giorni il livello di tensione sul posto di lavoro \u00e8 molto alto. Si avvicina il 15 ottobre ed io mi chiedo quale sia la mia colpa se tempo fa ho deciso di vaccinarmi e quindi potr\u00f2 andare a lavorare. Mi chiedo se la mia libert\u00e0 di scelta debba essere continuamente messa in discussione da molte persone che credono di avere la verit\u00e0 in tasca. Manifestare un&#8217;opinione \u00e8 un diritto ma vanno anche rispettate le leggi. Sono stanca di sentire ragioni pro e contro vaccino. Non esistono ragioni giuste o sbagliate .Ognuno agisce in coscienza.\u00a0 Sicuramente la legge va rispettata. Il 15 ottobre mi appello al senso civico delle persone Non fa bene a nessuno imporre le proprie idee.<\/p><\/blockquote>\n","protected":false},"excerpt":{"rendered":"<p>&nbsp; Riceviamo e volentieri pubblichiamo un contributo firmato. AGORDO Sono d una dipendente di una grande Azienda bellunese. In questi giorni il livello di tensione sul posto di lavoro \u00e8 molto alto. Si avvicina il 15 ottobre ed io mi chiedo quale sia la mia colpa se tempo fa ho deciso di vaccinarmi e quindi&hellip;<\/p>\n","protected":false},"author":4,"featured_media":233519,"comment_status":"closed","ping_status":"open","sticky":false,"template":"","format":"standard","meta":{"_monsterinsights_skip_tracking":false,"_monsterinsights_sitenote_active":false,"_monsterinsights_sitenote_note":"","_monsterinsights_sitenote_category":0,"footnotes":""},"categories":[51,49],"tags":[],"class_list":["post-235999","post","type-post","status-publish","format-standard","has-post-thumbnail","hentry","category-evidenza-top","category-news-18","category-51","category-49","description-off"],"img_url":"https:\/\/www.radiopiu.net\/wordpress\/wp-content\/uploads\/2021\/09\/vaccino-gravida.jpeg","_links":{"self":[{"href":"https:\/\/www.radiopiu.net\/wordpress\/wp-json\/wp\/v2\/posts\/235999","targetHints":{"allow":["GET"]}}],"collection":[{"href":"https:\/\/www.radiopiu.net\/wordpress\/wp-json\/wp\/v2\/posts"}],"about":[{"href":"https:\/\/www.radiopiu.net\/wordpress\/wp-json\/wp\/v2\/types\/post"}],"author":[{"embeddable":true,"href":"https:\/\/www.radiopiu.net\/wordpress\/wp-json\/wp\/v2\/users\/4"}],"replies":[{"embeddable":true,"href":"https:\/\/www.radiopiu.net\/wordpress\/wp-json\/wp\/v2\/comments?post=235999"}],"version-history":[{"count":0,"href":"https:\/\/www.radiopiu.net\/wordpress\/wp-json\/wp\/v2\/posts\/235999\/revisions"}],"wp:featuredmedia":[{"embeddable":true,"href":"https:\/\/www.radiopiu.net\/wordpress\/wp-json\/wp\/v2\/media\/233519"}],"wp:attachment":[{"href":"https:\/\/www.radiopiu.net\/wordpress\/wp-json\/wp\/v2\/media?parent=235999"}],"wp:term":[{"taxonomy":"category","embeddable":true,"href":"https:\/\/www.radiopiu.net\/wordpress\/wp-json\/wp\/v2\/categories?post=235999"},{"taxonomy":"post_tag","embeddable":true,"href":"https:\/\/www.radiopiu.net\/wordpress\/wp-json\/wp\/v2\/tags?post=235999"}],"curies":[{"name":"wp","href":"https:\/\/api.w.org\/{rel}","templated":true}]}}