{"id":236031,"date":"2021-10-08T14:26:16","date_gmt":"2021-10-08T12:26:16","guid":{"rendered":"https:\/\/www.radiopiu.net\/wordpress\/?p=236031"},"modified":"2021-10-08T14:26:18","modified_gmt":"2021-10-08T12:26:18","slug":"dillo-a-radio-piu-green-pass-volontariato-e-croce-verde-val-biois","status":"publish","type":"post","link":"https:\/\/www.radiopiu.net\/wordpress\/dillo-a-radio-piu-green-pass-volontariato-e-croce-verde-val-biois\/","title":{"rendered":"DILLO A RADIO PIU&#8217;&#8230;. GREEN PASS, VOLONTARIATO E CROCE VERDE VAL BIOIS"},"content":{"rendered":"<p><strong>FALCADE<\/strong> Da Susy Dan, gi\u00e0 consigliere comunale con il sindaco Michele Costa ci ha inviato una riflessione sulla situazione presentata ieri dal Presidente della Croce Verde Val Biois, Stefano Murer, volentieri la condividiamo con gli ascoltatori di Radio Pi\u00f9.<\/p>\n<blockquote><p>\n<strong><a href=\"https:\/\/www.radiopiu.net\/wordpress\/dillo-a-radio-piu-green-pass-volontariato-e-croce-verde-val-biois\/pp-82\/\" rel=\"attachment wp-att-236032\"><img loading=\"lazy\" decoding=\"async\" class=\"wp-image-236032 alignleft\" src=\"https:\/\/www.radiopiu.net\/wordpress\/wp-content\/uploads\/2021\/10\/pp-2.jpg\" alt=\"\" width=\"224\" height=\"224\" srcset=\"https:\/\/www.radiopiu.net\/wordpress\/wp-content\/uploads\/2021\/10\/pp-2.jpg 567w, https:\/\/www.radiopiu.net\/wordpress\/wp-content\/uploads\/2021\/10\/pp-2-300x300.jpg 300w, https:\/\/www.radiopiu.net\/wordpress\/wp-content\/uploads\/2021\/10\/pp-2-150x150.jpg 150w\" sizes=\"auto, (max-width: 224px) 100vw, 224px\" \/><\/a>Come non essere d\u2019accordo con il \u201cgrido di dolore\u201d di Stefano Murer, Presidente della Croce Verde Val Biois, e non comprendere la sua esasperazione per l\u2019applicazione del Green Pass anche alle associazioni di volontariato. Aggravio di oneri e di burocrazia e rischio di pesanti sanzioni anche per chi opera, donando gratuitamente tempo ed impegno, per assicurare un servizio essenziale alla comunit\u00e0. Un servizio, \u00e8 bene sottolinearlo ancora una volta, che ai cittadini dovrebbe essere fornito dallo stato, come altrove avviene, ma che qui, in un territorio sempre pi\u00f9 debole e marginale, \u00e8 garantito soltanto dalla generosit\u00e0 dei volontari. <\/strong><strong>A Stefano Murer vorrei quindi, innanzitutto, esprimere la mia piena solidariet\u00e0 e la mia gratitudine per il lavoro che, tra difficolt\u00e0 crescenti, ultima appunto quella dell\u2019obbligo di Green Pass, che rischia di sottrarre alla Croce Verde preziose risorse, continua a svolgere. Vorrei, tuttavia, invitare a una pi\u00f9 ampia riflessione sul tema della vaccinazione. Una riflessione serena, aggiungo, perch\u00e9 questo argomento infiamma gli animi e spesso produce reazioni incomprensibilmente aggressive. Personalmente credo che vaccinarsi, nel contesto di una pandemia che \u00e8 in corso da un anno e mezzo, con un doloroso bilancio di vite umane perdute e conseguenze economiche e sociali molto pesanti, sia un dovere civico e morale. Un gesto di rispetto e di solidariet\u00e0 volto a proteggere non solo noi stessi ma anche chi ci circonda. Un mattoncino con cui ciascuno di noi pu\u00f2 contribuire per costruire un muro che argini il virus e ci restituisca una vita normale. Come tale l\u2019ho vissuto e a ci\u00f2 ho conformato i miei comportamenti, <\/strong><strong>Troverei, quindi, naturale e coerente che un simile sentimento animasse chi, con lodevole e altruistico dono di se\u2019, opera nel volontariato e che si sottoponesse al vaccino. Soprattutto quando destinatarie del servizio sono persone che si trovano in una condizione di particolare vulnerabilit\u00e0. Vorrei che ci\u00f2 si facesse non per costrizione ma per convinzione. Per una libera e consapevole scelta.<\/strong><\/p><\/blockquote>\n<p>&nbsp;<\/p>\n<h2>IERI ALLA RADIO<\/h2>\n<p>&nbsp;<\/p>\n<blockquote class=\"wp-embedded-content\" data-secret=\"B9OdpwM7VE\"><p><a href=\"https:\/\/www.radiopiu.net\/wordpress\/croceverde\/\">VOLONTARI DELLA CROCE VERDE SOTTO CONTROLLO GREEN PASS: ABERRAZIONE<\/a><\/p><\/blockquote>\n<p><iframe loading=\"lazy\" class=\"wp-embedded-content\" sandbox=\"allow-scripts\" security=\"restricted\" style=\"position: absolute; clip: rect(1px, 1px, 1px, 1px);\" title=\"&#8220;VOLONTARI DELLA CROCE VERDE SOTTO CONTROLLO GREEN PASS: ABERRAZIONE&#8221; &#8212; Radio Pi\u00f9\" src=\"https:\/\/www.radiopiu.net\/wordpress\/croceverde\/embed\/#?secret=B9OdpwM7VE\" data-secret=\"B9OdpwM7VE\" width=\"600\" height=\"338\" frameborder=\"0\" marginwidth=\"0\" marginheight=\"0\" scrolling=\"no\"><\/iframe><\/p>\n","protected":false},"excerpt":{"rendered":"<p>FALCADE Da Susy Dan, gi\u00e0 consigliere comunale con il sindaco Michele Costa ci ha inviato una riflessione sulla situazione presentata ieri dal Presidente della Croce Verde Val Biois, Stefano Murer, volentieri la condividiamo con gli ascoltatori di Radio Pi\u00f9. Come non essere d\u2019accordo con il \u201cgrido di dolore\u201d di Stefano Murer, Presidente della Croce Verde&hellip;<\/p>\n","protected":false},"author":4,"featured_media":80527,"comment_status":"closed","ping_status":"open","sticky":false,"template":"","format":"standard","meta":{"_monsterinsights_skip_tracking":false,"_monsterinsights_sitenote_active":false,"_monsterinsights_sitenote_note":"","_monsterinsights_sitenote_category":0,"footnotes":""},"categories":[51,49],"tags":[],"class_list":["post-236031","post","type-post","status-publish","format-standard","has-post-thumbnail","hentry","category-evidenza-top","category-news-18","category-51","category-49","description-off"],"img_url":"https:\/\/www.radiopiu.net\/wordpress\/wp-content\/uploads\/2019\/03\/CROCE.jpg","_links":{"self":[{"href":"https:\/\/www.radiopiu.net\/wordpress\/wp-json\/wp\/v2\/posts\/236031","targetHints":{"allow":["GET"]}}],"collection":[{"href":"https:\/\/www.radiopiu.net\/wordpress\/wp-json\/wp\/v2\/posts"}],"about":[{"href":"https:\/\/www.radiopiu.net\/wordpress\/wp-json\/wp\/v2\/types\/post"}],"author":[{"embeddable":true,"href":"https:\/\/www.radiopiu.net\/wordpress\/wp-json\/wp\/v2\/users\/4"}],"replies":[{"embeddable":true,"href":"https:\/\/www.radiopiu.net\/wordpress\/wp-json\/wp\/v2\/comments?post=236031"}],"version-history":[{"count":0,"href":"https:\/\/www.radiopiu.net\/wordpress\/wp-json\/wp\/v2\/posts\/236031\/revisions"}],"wp:featuredmedia":[{"embeddable":true,"href":"https:\/\/www.radiopiu.net\/wordpress\/wp-json\/wp\/v2\/media\/80527"}],"wp:attachment":[{"href":"https:\/\/www.radiopiu.net\/wordpress\/wp-json\/wp\/v2\/media?parent=236031"}],"wp:term":[{"taxonomy":"category","embeddable":true,"href":"https:\/\/www.radiopiu.net\/wordpress\/wp-json\/wp\/v2\/categories?post=236031"},{"taxonomy":"post_tag","embeddable":true,"href":"https:\/\/www.radiopiu.net\/wordpress\/wp-json\/wp\/v2\/tags?post=236031"}],"curies":[{"name":"wp","href":"https:\/\/api.w.org\/{rel}","templated":true}]}}