{"id":236041,"date":"2021-10-08T15:20:07","date_gmt":"2021-10-08T13:20:07","guid":{"rendered":"https:\/\/www.radiopiu.net\/wordpress\/?p=236041"},"modified":"2021-10-08T15:20:10","modified_gmt":"2021-10-08T13:20:10","slug":"covid-nelle-scuole-calano-le-classi-in-sorveglianza-sono-85-i-soggetti-in-carico-allulss-1-dolomiti","status":"publish","type":"post","link":"https:\/\/www.radiopiu.net\/wordpress\/covid-nelle-scuole-calano-le-classi-in-sorveglianza-sono-85-i-soggetti-in-carico-allulss-1-dolomiti\/","title":{"rendered":"COVID NELLE SCUOLE: CALANO LE CLASSI IN SORVEGLIANZA. SONO 85 I SOGGETTI IN CARICO ALL&#8217;ULSS 1 DOLOMITI"},"content":{"rendered":"<p><strong>BELLUNO <\/strong>Il team scuole, del Dipartimento di Prevenzione, fa il punto settimanale sulla situazione dei contagi nelle scuole della provincia.<\/p>\n<p><a href=\"https:\/\/www.radiopiu.net\/wordpress\/covid-nelle-scuole-calano-le-classi-in-sorveglianza-sono-85-i-soggetti-in-carico-allulss-1-dolomiti\/schermata-2021-10-08-alle-15-16-24\/\" rel=\"attachment wp-att-236042\"><img loading=\"lazy\" decoding=\"async\" class=\"alignnone size-full wp-image-236042\" src=\"https:\/\/www.radiopiu.net\/wordpress\/wp-content\/uploads\/2021\/10\/Schermata-2021-10-08-alle-15.16.24.png\" alt=\"\" width=\"1996\" height=\"926\" srcset=\"https:\/\/www.radiopiu.net\/wordpress\/wp-content\/uploads\/2021\/10\/Schermata-2021-10-08-alle-15.16.24.png 1996w, https:\/\/www.radiopiu.net\/wordpress\/wp-content\/uploads\/2021\/10\/Schermata-2021-10-08-alle-15.16.24-300x139.png 300w, https:\/\/www.radiopiu.net\/wordpress\/wp-content\/uploads\/2021\/10\/Schermata-2021-10-08-alle-15.16.24-1024x475.png 1024w, https:\/\/www.radiopiu.net\/wordpress\/wp-content\/uploads\/2021\/10\/Schermata-2021-10-08-alle-15.16.24-768x356.png 768w, https:\/\/www.radiopiu.net\/wordpress\/wp-content\/uploads\/2021\/10\/Schermata-2021-10-08-alle-15.16.24-1536x713.png 1536w\" sizes=\"auto, (max-width: 1996px) 100vw, 1996px\" \/><\/a><\/p>\n<p>&nbsp;<\/p>\n<p>Si rileva un calo delle classi in sorveglianza, in linea con quello della precedente settimana. Dai tamponi di controllo al termine del periodo di sorveglianza\/quarantena non sono emersi nuovi casi positivi, permettendo cos\u00ec il rientro delle classi a scuola. Attualmente in carico nel Bellunese e Feltrino due sezioni di una scuola dell\u2019Infanzia e due classi di Istituti Secondari di secondo grado. Anche in Ulss Dolomiti \u00e8 partito in questi giorni il progetto scuole sentinella. Il progetto prevede il monitoraggio della circolazione in ambito scolastico del virus responsabile di COVID-19, tramite una campagna programmata di testing negli alunni asintomatici. Una rete di \u201cscuole sentinella\u201d per sorvegliare l\u2019epidemia da COVID-19 che vede coinvolti gli studenti delle scuole che parteciperanno al progetto, ai quali verr\u00e0 offerto un test molecolare per la ricerca sulla saliva del virus responsabile di COVID-19. Il campione sar\u00e0 analizzato in un Laboratorio di Microbiologia. Il test \u00e8 offerto gratuitamente. La Scuola riceve dall\u2019ULSS i kit gi\u00e0 etichettati con i dati dello studente che ha aderito e lo consegna allo studente per l&#8217;auto-prelievo. \u00a0Il campione, infatti, deve essere raccolto a casa, al mattino, appena svegli,prima di fare colazione e prima di lavarsi i denti, con una sorta di \u201clecca lecca\u201d che va imbevuto di saliva. Lo studente riconsegna poi il campione in un apposito contenitore presso l\u2019Istituto scolastico. L\u2019ULSS raccoglie i campioni e li porta al Laboratorio che referta i tamponi come di consueto. Il test sar\u00e0 effettuato ogni 15 giorni. In provincia di Belluno, le scuole individuate nelle rete sono l\u2019istituto comprensivo 2 di Belluno (che comprende le scuole elemetari di Fiammoi, Quartier Cadore, Cavarzano e Mur di Cadola\u00a0 primarie; e la scuola media Nievo) e l\u2019istituto superiore di Feltre che raggruppa Negrelli, Colotti e Rizzarda. In totale le classi monitorate sono 80. Nella prima &#8220;settimana di collaudo&#8221; del progetto siamo partiti con le scuole superiori allestendo e distribuendo 475 provette (una per ciascuno studente). Al momento sono stati refertati 251 tamponi ed \u00e8 in corso la refertazione dell&#8217;ultimo giorno di raccolta. Al momento non \u00e8 stato riscontrato alcun positivo. La prossima settimana sar\u00e0 il turno dell\u2019Istituto comprensivo 2 di Belluno \u00a0con la distribuzione ela raccolta di 559 campioni nei giorni 12,13 e 14 ottobre.<\/p>\n<p>&nbsp;<\/p>\n<p>&nbsp;<\/p>\n<p>&nbsp;<\/p>\n<p>*****<\/p>\n","protected":false},"excerpt":{"rendered":"<p>BELLUNO Il team scuole, del Dipartimento di Prevenzione, fa il punto settimanale sulla situazione dei contagi nelle scuole della provincia. &nbsp; Si rileva un calo delle classi in sorveglianza, in linea con quello della precedente settimana. Dai tamponi di controllo al termine del periodo di sorveglianza\/quarantena non sono emersi nuovi casi positivi, permettendo cos\u00ec il&hellip;<\/p>\n","protected":false},"author":4,"featured_media":160517,"comment_status":"closed","ping_status":"open","sticky":false,"template":"","format":"standard","meta":{"_monsterinsights_skip_tracking":false,"_monsterinsights_sitenote_active":false,"_monsterinsights_sitenote_note":"","_monsterinsights_sitenote_category":0,"footnotes":""},"categories":[51,49],"tags":[],"class_list":["post-236041","post","type-post","status-publish","format-standard","has-post-thumbnail","hentry","category-evidenza-top","category-news-18","category-51","category-49","description-off"],"img_url":"https:\/\/www.radiopiu.net\/wordpress\/wp-content\/uploads\/2020\/09\/bambini-a-scuola-con-le-maschere_23-2148601410.jpg","_links":{"self":[{"href":"https:\/\/www.radiopiu.net\/wordpress\/wp-json\/wp\/v2\/posts\/236041","targetHints":{"allow":["GET"]}}],"collection":[{"href":"https:\/\/www.radiopiu.net\/wordpress\/wp-json\/wp\/v2\/posts"}],"about":[{"href":"https:\/\/www.radiopiu.net\/wordpress\/wp-json\/wp\/v2\/types\/post"}],"author":[{"embeddable":true,"href":"https:\/\/www.radiopiu.net\/wordpress\/wp-json\/wp\/v2\/users\/4"}],"replies":[{"embeddable":true,"href":"https:\/\/www.radiopiu.net\/wordpress\/wp-json\/wp\/v2\/comments?post=236041"}],"version-history":[{"count":0,"href":"https:\/\/www.radiopiu.net\/wordpress\/wp-json\/wp\/v2\/posts\/236041\/revisions"}],"wp:featuredmedia":[{"embeddable":true,"href":"https:\/\/www.radiopiu.net\/wordpress\/wp-json\/wp\/v2\/media\/160517"}],"wp:attachment":[{"href":"https:\/\/www.radiopiu.net\/wordpress\/wp-json\/wp\/v2\/media?parent=236041"}],"wp:term":[{"taxonomy":"category","embeddable":true,"href":"https:\/\/www.radiopiu.net\/wordpress\/wp-json\/wp\/v2\/categories?post=236041"},{"taxonomy":"post_tag","embeddable":true,"href":"https:\/\/www.radiopiu.net\/wordpress\/wp-json\/wp\/v2\/tags?post=236041"}],"curies":[{"name":"wp","href":"https:\/\/api.w.org\/{rel}","templated":true}]}}