{"id":236088,"date":"2021-10-08T19:01:42","date_gmt":"2021-10-08T17:01:42","guid":{"rendered":"https:\/\/www.radiopiu.net\/wordpress\/?p=236088"},"modified":"2021-10-08T19:42:36","modified_gmt":"2021-10-08T17:42:36","slug":"ninob","status":"publish","type":"post","link":"https:\/\/www.radiopiu.net\/wordpress\/ninob\/","title":{"rendered":"NINO BENVENUTI &#8220;NELL&#8217;AGORDINO HO VISSUTO GLI ANNI PIU&#8217; BELLI DELLA MIA VITA&#8221;"},"content":{"rendered":"<p><strong>AGORDO <\/strong>Quel sorriso \u00e8 inconfondibile: oggi come ieri: quello visto in televisione, sulla mitica Telefunken\u00a0 in bianco e nero quando Nino calcava i ring, lo stesso sorriso di oggi quando capita di chiamarlo &#8220;Ciao Nino&#8221;,\u00a0 incontrandolo casualmente tra le stradine di Agordo. Un &#8220;cittadino&#8221; importante, che non evita di stringere mani a quanti lo riconoscono e non nega un selfie. Giovanni Nino Benvenuti, il pugile. All&#8217;Agordino \u00e8 legato da molti anni, cos\u00ec come agli amici di allora che oggi non ci sono pi\u00f9, a Toccol di Agordo, Angelo Miola che un tempo gestiva la malga ai piedi della Marmolada, a Canale d&#8217;Agordo, il campione degli sci stretti Franco Manfroi, a Cencenighe Giuseppe &#8220;Bepi&#8221; De Biasio che gli insegnava a sciare in Marmolada. <em>&#8220;Eccome se mi ricordo i tempi di Nino Benvenuti &#8211; dice &#8211; bei momenti che non si possono scordare tra sport, qualche brindisi e tanta amicizia che nel tempo non si dissolve, mi piacerebbe proprio scambiare qualche parola con lui come allora&#8221;.<\/em> Al culmine della carriera Nino ha amato la montagna agordina dove incontrava altri amici come il badioto Varallo (l&#8217;eterno secondo) oppure Siorpaes a Cortina. Sciorinando i nomi Nino sorride, ricorda e saluta. Sono in tanti nell&#8217;Agordino che rimpiangono quei tempi, Ivan ad esempio che oggi gestisce il Bar Carlin, negli anni Settanta era un ragazzino primo pelo <em>&#8220;E come se me lo ricordo &#8211; ci confessa &#8211; eravamo un gruppo di ragazzini che si arrampicava sui tetti per vederlo passare quando andava a trovare Angelo Miola&#8221;.<\/em><\/p>\n<p><strong>AUDIO<\/strong><\/p>\n<audio class=\"wp-audio-shortcode\" id=\"audio-236088-1\" preload=\"none\" style=\"width: 100%;\" controls=\"controls\"><source type=\"audio\/mpeg\" src=\"https:\/\/www.radiopiu.net\/wordpress\/wp-content\/uploads\/2021\/10\/NINO-BENVENUTI.mp3?_=1\" \/><a href=\"https:\/\/www.radiopiu.net\/wordpress\/wp-content\/uploads\/2021\/10\/NINO-BENVENUTI.mp3\">https:\/\/www.radiopiu.net\/wordpress\/wp-content\/uploads\/2021\/10\/NINO-BENVENUTI.mp3<\/a><\/audio>\n<p>&nbsp;<\/p>\n\n\t\t\t<style type='text\/css'>\n\t\t\t\t#gallery-1 {\n\t\t\t\t\tmargin: auto;\n\t\t\t\t}\n\t\t\t\t#gallery-1 .gallery-item {\n\t\t\t\t\tfloat: left;\n\t\t\t\t\tmargin-top: 10px;\n\t\t\t\t\ttext-align: center;\n\t\t\t\t\twidth: 50%;\n\t\t\t\t}\n\t\t\t\t#gallery-1 img {\n\t\t\t\t\tborder: 2px solid #cfcfcf;\n\t\t\t\t}\n\t\t\t\t#gallery-1 .gallery-caption {\n\t\t\t\t\tmargin-left: 0;\n\t\t\t\t}\n\t\t\t\t\/* see gallery_shortcode() in wp-includes\/media.php *\/\n\t\t\t<\/style>\n\t\t<div id='gallery-1' class='dt-gallery-container gallery galleryid-236088 gallery-columns-2 gallery-size-medium'><dl class='gallery-item'>\n\t\t\t\t<dt class='gallery-icon landscape'>\n\t\t\t\t\t<a class=\"rollover rollover-zoom dt-pswp-item\" title=\"ab7e9b47-1d5a-4c03-b69b-38cff7156df4\" data-dt-img-description=\"\" data-large_image_width=\"2048\" data-large_image_height=\"1152\"href='https:\/\/www.radiopiu.net\/wordpress\/wp-content\/uploads\/2021\/10\/ab7e9b47-1d5a-4c03-b69b-38cff7156df4.jpg'><img loading=\"lazy\" decoding=\"async\" width=\"300\" height=\"169\" src=\"https:\/\/www.radiopiu.net\/wordpress\/wp-content\/uploads\/2021\/10\/ab7e9b47-1d5a-4c03-b69b-38cff7156df4-300x169.jpg\" class=\"attachment-medium size-medium\" alt=\"\" srcset=\"https:\/\/www.radiopiu.net\/wordpress\/wp-content\/uploads\/2021\/10\/ab7e9b47-1d5a-4c03-b69b-38cff7156df4-300x169.jpg 300w, https:\/\/www.radiopiu.net\/wordpress\/wp-content\/uploads\/2021\/10\/ab7e9b47-1d5a-4c03-b69b-38cff7156df4-1024x576.jpg 1024w, https:\/\/www.radiopiu.net\/wordpress\/wp-content\/uploads\/2021\/10\/ab7e9b47-1d5a-4c03-b69b-38cff7156df4-768x432.jpg 768w, https:\/\/www.radiopiu.net\/wordpress\/wp-content\/uploads\/2021\/10\/ab7e9b47-1d5a-4c03-b69b-38cff7156df4-1536x864.jpg 1536w, https:\/\/www.radiopiu.net\/wordpress\/wp-content\/uploads\/2021\/10\/ab7e9b47-1d5a-4c03-b69b-38cff7156df4.jpg 2048w\" sizes=\"auto, (max-width: 300px) 100vw, 300px\" \/><\/a>\n\t\t\t\t<\/dt><\/dl><dl class='gallery-item'>\n\t\t\t\t<dt class='gallery-icon landscape'>\n\t\t\t\t\t<a class=\"rollover rollover-zoom dt-pswp-item\" title=\"90810ab0-6a30-4ee9-bb5a-55b55e055a9e\" data-dt-img-description=\"\" data-large_image_width=\"1600\" data-large_image_height=\"900\"href='https:\/\/www.radiopiu.net\/wordpress\/wp-content\/uploads\/2021\/10\/90810ab0-6a30-4ee9-bb5a-55b55e055a9e.jpg'><img loading=\"lazy\" decoding=\"async\" width=\"300\" height=\"169\" src=\"https:\/\/www.radiopiu.net\/wordpress\/wp-content\/uploads\/2021\/10\/90810ab0-6a30-4ee9-bb5a-55b55e055a9e-300x169.jpg\" class=\"attachment-medium size-medium\" alt=\"\" srcset=\"https:\/\/www.radiopiu.net\/wordpress\/wp-content\/uploads\/2021\/10\/90810ab0-6a30-4ee9-bb5a-55b55e055a9e-300x169.jpg 300w, https:\/\/www.radiopiu.net\/wordpress\/wp-content\/uploads\/2021\/10\/90810ab0-6a30-4ee9-bb5a-55b55e055a9e-1024x576.jpg 1024w, https:\/\/www.radiopiu.net\/wordpress\/wp-content\/uploads\/2021\/10\/90810ab0-6a30-4ee9-bb5a-55b55e055a9e-768x432.jpg 768w, https:\/\/www.radiopiu.net\/wordpress\/wp-content\/uploads\/2021\/10\/90810ab0-6a30-4ee9-bb5a-55b55e055a9e-1536x864.jpg 1536w, https:\/\/www.radiopiu.net\/wordpress\/wp-content\/uploads\/2021\/10\/90810ab0-6a30-4ee9-bb5a-55b55e055a9e.jpg 1600w\" sizes=\"auto, (max-width: 300px) 100vw, 300px\" \/><\/a>\n\t\t\t\t<\/dt><\/dl><br style=\"clear: both\" \/>\n\t\t\t<\/div>\n\n<p>&nbsp;<\/p>\n<p><strong>NON SCORDO L&#8217;ORRORE, GUAI A CHI NEGA LE FOIBE &#8221; Un eccidio \u00e8 un eccidio, mica serve contare le vittime&#8221;<\/strong><\/p>\n<p>Nino Benvenuti. \u00e8 uno dei sopravvissuti all&#8217;esodo istriano-giuliano-dalmata, all&#8217;et\u00e0 di 83 anni se serve indossa i guantoni per rispondere a boutade dei negazionisti dell&#8217;orrore come quelle dello storico dell\u2019arte e rettore dell\u2019universit\u00e0 per Stranieri di Siena, Tomaso Montanari al &#8220;Giorno del Ricordo&#8221;. Non \u00e8 uno storico Nino Benvenuti ma non crede nemmeno,\u00a0 oggi a 83 anni,\u00a0 che a simili tragedie si possa dare un peso e una misura. Benvenuti istriano orgoglioso. Legato al suo popolo, alla sua gente sparsa nel mondo che esiste grazie a tenacia e dignit\u00e0.\u00a0 I primi 16 anni della sua vita, sono stati vissuti tra infinite difficolt\u00e0, perseguitato dalle prepotenze e dalle violenze degli slavi, dai soprusi verso gli italiani, ma questa \u00e8 stata la sua vera formazione, come uomo e come atleta. <em>&#8220;Nelle mie vittorie &#8211; ha detto Nino recentemente al giornale.it- c&#8217;era anche quella rabbia che mi portavo dentro, anche se sono sempre salito sul ring da Italiano e i valori forti che mi hanno aiutato a sopravvivere in un mondo in cui tutto girava al contrario&#8221;.<\/em><\/p>\n<p>&nbsp;<\/p>\n<p><strong>LA CARRIERA SPORTIVA DI BENVENUTI\u00a0<\/strong><\/p>\n<p><strong><a href=\"https:\/\/www.radiopiu.net\/wordpress\/ninob\/220px-nino_benvenuti_1960b\/\" rel=\"attachment wp-att-236115\"><img loading=\"lazy\" decoding=\"async\" class=\"size-medium wp-image-236115 alignleft\" src=\"https:\/\/www.radiopiu.net\/wordpress\/wp-content\/uploads\/2021\/10\/220px-Nino_Benvenuti_1960b-189x300.jpg\" alt=\"\" width=\"189\" height=\"300\" srcset=\"https:\/\/www.radiopiu.net\/wordpress\/wp-content\/uploads\/2021\/10\/220px-Nino_Benvenuti_1960b-189x300.jpg 189w, https:\/\/www.radiopiu.net\/wordpress\/wp-content\/uploads\/2021\/10\/220px-Nino_Benvenuti_1960b.jpg 220w\" sizes=\"auto, (max-width: 189px) 100vw, 189px\" \/><\/a>1957 <\/strong>, vince l\u2019oro agli europei di Praga e blinda la sua supremazia anche agli europei di Lucerna del <strong>1959<\/strong> vincendo un altro oro. <strong>1960<\/strong> \u00e8 l\u2019anno delle olimpiadi Italiane e Nino Benvenuti conquista la medaglia d\u2019oro . In quest\u2019occasione, sfila la coppa al mediomassimo Cassius Clay. <strong>1961<\/strong> decide di passare al professionismo e tra il \u201961 ed il \u201963 vince 29 incontri su 29. Al suo trentesimo incontro sfida Tommaso Truppi e conquista il titolo di campione Italiano dei pesi medi.\u00a0 <strong>1965<\/strong> allo stadio di San Siro a Milano, facendo registrare il tutto-esaurito, si scontrano per la prima volta Benvenuti e Mazzingh steso con\u00a0 un montante destro.\u00a0 La rivincita, obbligatoria per contratto, si svolge al Palazzo dello Sport di Roma. Mazzinghi viene atterrato al secondo round, Benvenuti, con un finale brillante vince l\u2019incontro ai punti. <strong>1967<\/strong> \u00e8 il turno di Emile Griffith il campione istriano trionfa ai punti In segno di rispetto Griffith gli stringe\u00a0 la mano. Nella rivincita Griffith con un pugno preciso al tronco rompe una costola all\u2019italiano che resistette stoicamente fino alla fine dello stesso perdendo ai punti.\u00a0<strong> 1968<\/strong> terzo incontro tra i due al Madison Square Garden.\u00a0 Al termine dell\u2019incontro Nino trionfa e il titolo mondiale\u00a0 ritorna in Italia. I suo primo sfidante \u00e8 Don Fullmer a Sanremo. Benvenuti vince agevolmente. <strong>1968<\/strong>, Benvenuti decide di sfidare nella categoria dei mediomassimi il nigeriano Dick Tiger allora detentore del titolo mondiale,\u00a0 si frattura una mano durante l\u2019incontro e perde.\u00a0 Al San Paolo-Maradona di Napoli sconfigge Fraser Scott. Al Palaeur di Roma\u00a0 ne fa le spese\u00a0 Louis Manuel Rodriguez.<strong> 1970<\/strong> sceglie che il suo sfidante deve essere l\u2019argentino Carlos Monzon e perde i due titoli. <strong>1971 <\/strong>la rivincita allo Stadio Louis II. L\u2019incontro dura appena tre riprese: Benvenuti viene dichiarato sconfitto per lancio della spugna e dopo\u00a0 pochi giorni annuncia il suo ritiro. (foto wikipedia, la medaglia d&#8217;oro Olimpica di Roma)<\/p>\n<p>&nbsp;<\/p>\n<p><a href=\"https:\/\/www.radiopiu.net\/wordpress\/nino-benvenuti-nellagordino-ho-vissuto-i-piu-bei-anni-della-mia-vita\/dbf79ba9-ffba-4624-90fe-d413f79337fe\/\" rel=\"attachment wp-att-236103\"><img loading=\"lazy\" decoding=\"async\" class=\"size-medium wp-image-236103 aligncenter\" src=\"https:\/\/www.radiopiu.net\/wordpress\/wp-content\/uploads\/2021\/10\/dbf79ba9-ffba-4624-90fe-d413f79337fe-300x186.jpg\" alt=\"\" width=\"300\" height=\"186\" srcset=\"https:\/\/www.radiopiu.net\/wordpress\/wp-content\/uploads\/2021\/10\/dbf79ba9-ffba-4624-90fe-d413f79337fe-300x186.jpg 300w, https:\/\/www.radiopiu.net\/wordpress\/wp-content\/uploads\/2021\/10\/dbf79ba9-ffba-4624-90fe-d413f79337fe-1024x636.jpg 1024w, https:\/\/www.radiopiu.net\/wordpress\/wp-content\/uploads\/2021\/10\/dbf79ba9-ffba-4624-90fe-d413f79337fe-768x477.jpg 768w, https:\/\/www.radiopiu.net\/wordpress\/wp-content\/uploads\/2021\/10\/dbf79ba9-ffba-4624-90fe-d413f79337fe.jpg 1280w\" sizes=\"auto, (max-width: 300px) 100vw, 300px\" \/><\/a><\/p>\n<p>&nbsp;<\/p>\n","protected":false},"excerpt":{"rendered":"<p>AGORDO Quel sorriso \u00e8 inconfondibile: oggi come ieri: quello visto in televisione, sulla mitica Telefunken\u00a0 in bianco e nero quando Nino calcava i ring, lo stesso sorriso di oggi quando capita di chiamarlo &#8220;Ciao Nino&#8221;,\u00a0 incontrandolo casualmente tra le stradine di Agordo. Un &#8220;cittadino&#8221; importante, che non evita di stringere mani a quanti lo riconoscono&hellip;<\/p>\n","protected":false},"author":4,"featured_media":236092,"comment_status":"closed","ping_status":"open","sticky":false,"template":"","format":"standard","meta":{"_monsterinsights_skip_tracking":false,"_monsterinsights_sitenote_active":false,"_monsterinsights_sitenote_note":"","_monsterinsights_sitenote_category":0,"footnotes":""},"categories":[51,49],"tags":[],"class_list":["post-236088","post","type-post","status-publish","format-standard","has-post-thumbnail","hentry","category-evidenza-top","category-news-18","category-51","category-49","description-off"],"img_url":"https:\/\/www.radiopiu.net\/wordpress\/wp-content\/uploads\/2021\/10\/ab7e9b47-1d5a-4c03-b69b-38cff7156df4.jpg","_links":{"self":[{"href":"https:\/\/www.radiopiu.net\/wordpress\/wp-json\/wp\/v2\/posts\/236088","targetHints":{"allow":["GET"]}}],"collection":[{"href":"https:\/\/www.radiopiu.net\/wordpress\/wp-json\/wp\/v2\/posts"}],"about":[{"href":"https:\/\/www.radiopiu.net\/wordpress\/wp-json\/wp\/v2\/types\/post"}],"author":[{"embeddable":true,"href":"https:\/\/www.radiopiu.net\/wordpress\/wp-json\/wp\/v2\/users\/4"}],"replies":[{"embeddable":true,"href":"https:\/\/www.radiopiu.net\/wordpress\/wp-json\/wp\/v2\/comments?post=236088"}],"version-history":[{"count":0,"href":"https:\/\/www.radiopiu.net\/wordpress\/wp-json\/wp\/v2\/posts\/236088\/revisions"}],"wp:featuredmedia":[{"embeddable":true,"href":"https:\/\/www.radiopiu.net\/wordpress\/wp-json\/wp\/v2\/media\/236092"}],"wp:attachment":[{"href":"https:\/\/www.radiopiu.net\/wordpress\/wp-json\/wp\/v2\/media?parent=236088"}],"wp:term":[{"taxonomy":"category","embeddable":true,"href":"https:\/\/www.radiopiu.net\/wordpress\/wp-json\/wp\/v2\/categories?post=236088"},{"taxonomy":"post_tag","embeddable":true,"href":"https:\/\/www.radiopiu.net\/wordpress\/wp-json\/wp\/v2\/tags?post=236088"}],"curies":[{"name":"wp","href":"https:\/\/api.w.org\/{rel}","templated":true}]}}