{"id":236091,"date":"2021-10-09T05:16:09","date_gmt":"2021-10-09T03:16:09","guid":{"rendered":"https:\/\/www.radiopiu.net\/wordpress\/?p=236091"},"modified":"2021-10-09T05:43:19","modified_gmt":"2021-10-09T03:43:19","slug":"dal-15-ottobre-si-entra-in-luxottica-solo-con-green-pass-i-controlli-ai-tornelli-e-allingresso-dei-parcheggi-interni","status":"publish","type":"post","link":"https:\/\/www.radiopiu.net\/wordpress\/dal-15-ottobre-si-entra-in-luxottica-solo-con-green-pass-i-controlli-ai-tornelli-e-allingresso-dei-parcheggi-interni\/","title":{"rendered":"DAL 15 OTTOBRE SI ENTRA IN LUXOTTICA SOLO CON GREEN PASS. I CONTROLLI AI TORNELLI E ALL&#8217;INGRESSO DEI PARCHEGGI INTERNI"},"content":{"rendered":"<p><strong><a href=\"https:\/\/www.radiopiu.net\/wordpress\/da-oggi-aperte-le-iscrizioni-al-summer-camp-luxottica\/luxottica-notte\/\" rel=\"attachment wp-att-117391\"><img loading=\"lazy\" decoding=\"async\" class=\"size-medium wp-image-117391 alignleft\" src=\"https:\/\/www.radiopiu.net\/wordpress\/wp-content\/uploads\/2020\/02\/LUXOTTICA-NOTTE-300x225.jpg\" alt=\"\" width=\"300\" height=\"225\" srcset=\"https:\/\/www.radiopiu.net\/wordpress\/wp-content\/uploads\/2020\/02\/LUXOTTICA-NOTTE-300x225.jpg 300w, https:\/\/www.radiopiu.net\/wordpress\/wp-content\/uploads\/2020\/02\/LUXOTTICA-NOTTE-1024x768.jpg 1024w, https:\/\/www.radiopiu.net\/wordpress\/wp-content\/uploads\/2020\/02\/LUXOTTICA-NOTTE-768x576.jpg 768w, https:\/\/www.radiopiu.net\/wordpress\/wp-content\/uploads\/2020\/02\/LUXOTTICA-NOTTE-1536x1152.jpg 1536w, https:\/\/www.radiopiu.net\/wordpress\/wp-content\/uploads\/2020\/02\/LUXOTTICA-NOTTE-2048x1536.jpg 2048w\" sizes=\"auto, (max-width: 300px) 100vw, 300px\" \/><\/a>AGORDO<\/strong> Con una comunicazione ai dipendenti, Luxottica fa chiarezza sull&#8217;obbligo del green pass in azienda a partire da 15 ottobre.<\/p>\n<p><strong>LA COMUNICAZIONE<\/strong><\/p>\n<blockquote><p><em>Dal 15 ottobre sar\u00e0 possibile accedere a tutte le sedi aziendali e prestare attivit\u00e0 lavorativa esclusivamente con green pass. Per tutto il personale la verifica del Green Pass avverr\u00e0 ogni giorno al momento dell&#8217;ingresso in azienda tramite la lettura automatica del Codice QR effettuata con l&#8217;apposita app ministeriale VerificaC19, nei pressi dei tornelli, dove presenti, oppure all&#8217;ingresso del perimetro aziendale, anche per chi accede con la propria auto. Chi non \u00e8 in possesso di Green Pass non potr\u00e0 accedere in azienda e sar\u00e0 ritenuto assente<span class=\"Apple-converted-space\">\u00a0<\/span>ingiustificato<span class=\"Apple-converted-space\">\u00a0<\/span>senza retribuzione fino alla presentazione di una certificazione verde in corso di validit\u00e0, cos\u00ec<span class=\"Apple-converted-space\">\u00a0<\/span>come previsto dalla normativa vigente. I dipendenti sprovvisti di Green Pass devono comunicare la propria situazione all\u2019Ufficio Risorse Umane entro e non oltre la prima giornata di assenza per tale motivo. Per rendere la segnalazione semplice e veloce ed evitare di presentarsi agli ingressi, dal 14 ottobre \u00e8 disponibile l\u2019apposito<span class=\"Apple-converted-space\">\u00a0<\/span>modulo digitale su<span class=\"Apple-converted-space\">\u00a0<\/span>My Personal Desk. Il<span class=\"Apple-converted-space\">\u00a0<\/span>codice QR<span class=\"Apple-converted-space\">\u00a0<\/span>deve essere presentato nelle seguenti forme: app IO o app Immuni; screenshot<span class=\"Apple-converted-space\">\u00a0<\/span>del codice QR; stampa<span class=\"Apple-converted-space\">\u00a0<\/span>cartacea del documento pdf scaricabile tramite il sito<span class=\"Apple-converted-space\">\u00a0<\/span><a href=\"http:\/\/www.dgc.gov.it\/\">dgc.gov.it<\/a><span class=\"Apple-converted-space\">\u00a0<\/span>o dal proprio Fascicolo Sanitario Elettronico.. \u00c9 prevista inoltre la verifica a campione della corrispondenza tra l\u2019identit\u00e0 della persona e la titolarit\u00e0 del Green Pass. Su<span class=\"Apple-converted-space\">\u00a0<\/span>OneLuxottica<span class=\"Apple-converted-space\">\u00a0<\/span>sar\u00e0 presto disponibile un documento di<span class=\"Apple-converted-space\">\u00a0<\/span>Domande e Risposte<span class=\"Apple-converted-space\">\u00a0<\/span>che sar\u00e0 progressivamente aggiornato per recepire ogni evoluzione del quadro normativo. Per ulteriori informazioni o in caso di dubbio contatta il tuo referente HR, chiedi informazioni in infermeria o al medico aziendale, oppure rivolgiti agli Infopoint negli stabilimenti.<\/em><\/p><\/blockquote>\n<p>&nbsp;<\/p>\n<p>&nbsp;<\/p>\n<p>****<\/p>\n","protected":false},"excerpt":{"rendered":"<p>AGORDO Con una comunicazione ai dipendenti, Luxottica fa chiarezza sull&#8217;obbligo del green pass in azienda a partire da 15 ottobre. LA COMUNICAZIONE Dal 15 ottobre sar\u00e0 possibile accedere a tutte le sedi aziendali e prestare attivit\u00e0 lavorativa esclusivamente con green pass. Per tutto il personale la verifica del Green Pass avverr\u00e0 ogni giorno al momento&hellip;<\/p>\n","protected":false},"author":4,"featured_media":117391,"comment_status":"closed","ping_status":"open","sticky":false,"template":"","format":"standard","meta":{"_monsterinsights_skip_tracking":false,"_monsterinsights_sitenote_active":false,"_monsterinsights_sitenote_note":"","_monsterinsights_sitenote_category":0,"footnotes":""},"categories":[51,49],"tags":[],"class_list":["post-236091","post","type-post","status-publish","format-standard","has-post-thumbnail","hentry","category-evidenza-top","category-news-18","category-51","category-49","description-off"],"img_url":"https:\/\/www.radiopiu.net\/wordpress\/wp-content\/uploads\/2020\/02\/LUXOTTICA-NOTTE-scaled.jpg","_links":{"self":[{"href":"https:\/\/www.radiopiu.net\/wordpress\/wp-json\/wp\/v2\/posts\/236091","targetHints":{"allow":["GET"]}}],"collection":[{"href":"https:\/\/www.radiopiu.net\/wordpress\/wp-json\/wp\/v2\/posts"}],"about":[{"href":"https:\/\/www.radiopiu.net\/wordpress\/wp-json\/wp\/v2\/types\/post"}],"author":[{"embeddable":true,"href":"https:\/\/www.radiopiu.net\/wordpress\/wp-json\/wp\/v2\/users\/4"}],"replies":[{"embeddable":true,"href":"https:\/\/www.radiopiu.net\/wordpress\/wp-json\/wp\/v2\/comments?post=236091"}],"version-history":[{"count":0,"href":"https:\/\/www.radiopiu.net\/wordpress\/wp-json\/wp\/v2\/posts\/236091\/revisions"}],"wp:featuredmedia":[{"embeddable":true,"href":"https:\/\/www.radiopiu.net\/wordpress\/wp-json\/wp\/v2\/media\/117391"}],"wp:attachment":[{"href":"https:\/\/www.radiopiu.net\/wordpress\/wp-json\/wp\/v2\/media?parent=236091"}],"wp:term":[{"taxonomy":"category","embeddable":true,"href":"https:\/\/www.radiopiu.net\/wordpress\/wp-json\/wp\/v2\/categories?post=236091"},{"taxonomy":"post_tag","embeddable":true,"href":"https:\/\/www.radiopiu.net\/wordpress\/wp-json\/wp\/v2\/tags?post=236091"}],"curies":[{"name":"wp","href":"https:\/\/api.w.org\/{rel}","templated":true}]}}