{"id":236190,"date":"2021-10-09T13:44:56","date_gmt":"2021-10-09T11:44:56","guid":{"rendered":"https:\/\/www.radiopiu.net\/wordpress\/?p=236190"},"modified":"2021-10-09T14:12:23","modified_gmt":"2021-10-09T12:12:23","slug":"236190-2","status":"publish","type":"post","link":"https:\/\/www.radiopiu.net\/wordpress\/236190-2\/","title":{"rendered":"STEFANO BONA E L&#8217;ACC DI MEL, IL COLLEGAMENTO CON LA STRAGE DEL VAJONT"},"content":{"rendered":"<p><strong><a href=\"https:\/\/www.radiopiu.net\/wordpress\/acc-consegna-i-compressori-gesto-simbolico-dai-grandi-significati\/download-1114\/\" rel=\"attachment wp-att-197665\"><img loading=\"lazy\" decoding=\"async\" class=\"size-full wp-image-197665 alignleft\" src=\"https:\/\/www.radiopiu.net\/wordpress\/wp-content\/uploads\/2021\/03\/download-2.jpg\" alt=\"\" width=\"300\" height=\"168\" \/><\/a>BELLUNO<\/strong> Stefano Bona della FIOM CGIL torna a parlare del caso ACC<\/p>\n<blockquote><p><em>Oggi 9 Ottobre ricorre l&#8217;anniversario della tragedia del Vajont, una strage di Stato, causata dalla volont\u00e0 di profitto di alcuni a discapito dei tanti. E come allora non ricordare che l&#8217;attuale Acc nasce negli anni 70 quale uno dei primi investimenti sorti con l&#8217;utilizzo dei fondi CONIB contributi del post Vajont e primo esempio del processo di industrializzazione della vallata Bellunese, fu un elemento determinante per la lotta alla povert\u00e0 ed emigrazione piaghe storiche del nostro territorio prevalentemente montano. Fin qui la storia e la memoria che vanno sempre rammentate! Ed oggi cosa \u00e8 rimasto della gloriosa Zanussi Elettromeccanica e per quali precise responsabilit\u00e0? il dibattito pubblico sul lavoro \u00e8 incentrato giustamente sui casi di GNK, Giannetti ruote, Timken, si dibatte sulla legge anti delocalizzazioni e su multinazionali e fondi speculativi che depredano e abbandonano le nostre fabbrica. E allora perch\u00e9 non ricordare che Acc \u00e8 stata vittima e con essa le migliaia di lavoratrici e lavoratori che l&#8217;hanno fatta grande, di fondi e multinazionali, prima nel lontano 2003 ceduta da Electrolux a fondi di private equity che l&#8217;hanno portata a declino, crisi e dissesto fino alla bancarotta i cui responsabili sono andati inspiegabilmente assolti, poi posta in amministrazione straordinaria e ceduta nel 2014 alla multinazionale cinese di Wanbao che privandola dei necessari investimenti sul prodotto e sul processo, ha prima licenziato 100 lavoratori per poi decidere di abbandonarla nel settembre del 2019, ma Acc grazie alla straordinaria capacit\u00e0 di resistenza della sua comunit\u00e0 combattente \u00e8 tornata in amministrazione straordinaria ed \u00e8 qui che \u00e8 stata di nuovo tradita e abbandonata questa volta per\u00f2 dallo Stato! solo un anno fa avevamo, clienti, volumi, si riassumevano lavoratori licenziati dai cinesi! Ma gli aiuti finanziari necessari per il suo sostegno e rilancio non sono mai arrivati, tra progetti mai realizzati(Italcomp) e promesse mai mantenute( fondo legge Prodi,art.43, garanzia Sace, art. 37) ed ora che l&#8217;asta per la sua cessione \u00e8 andata deserta qualcuno pensa di rassegnarsi al fallimento! Acc \u00e8 il vero scandalo da denunciare, depredata e abbandonata dai fondi dalle multinazionali ed ora anche dallo Stato per inerzie ed omissioni. Anche per questo dovremo tutti insorgere.<\/em><\/p><\/blockquote>\n<p>&nbsp;<\/p>\n<p>&nbsp;<\/p>\n<p>****<\/p>\n","protected":false},"excerpt":{"rendered":"<p>BELLUNO Stefano Bona della FIOM CGIL torna a parlare del caso ACC Oggi 9 Ottobre ricorre l&#8217;anniversario della tragedia del Vajont, una strage di Stato, causata dalla volont\u00e0 di profitto di alcuni a discapito dei tanti. E come allora non ricordare che l&#8217;attuale Acc nasce negli anni 70 quale uno dei primi investimenti sorti con&hellip;<\/p>\n","protected":false},"author":4,"featured_media":189413,"comment_status":"closed","ping_status":"open","sticky":false,"template":"","format":"standard","meta":{"_monsterinsights_skip_tracking":false,"_monsterinsights_sitenote_active":false,"_monsterinsights_sitenote_note":"","_monsterinsights_sitenote_category":0,"footnotes":""},"categories":[49],"tags":[],"class_list":["post-236190","post","type-post","status-publish","format-standard","has-post-thumbnail","hentry","category-news-18","category-49","description-off"],"img_url":"https:\/\/www.radiopiu.net\/wordpress\/wp-content\/uploads\/2021\/02\/FIOM-CGIL.png","_links":{"self":[{"href":"https:\/\/www.radiopiu.net\/wordpress\/wp-json\/wp\/v2\/posts\/236190","targetHints":{"allow":["GET"]}}],"collection":[{"href":"https:\/\/www.radiopiu.net\/wordpress\/wp-json\/wp\/v2\/posts"}],"about":[{"href":"https:\/\/www.radiopiu.net\/wordpress\/wp-json\/wp\/v2\/types\/post"}],"author":[{"embeddable":true,"href":"https:\/\/www.radiopiu.net\/wordpress\/wp-json\/wp\/v2\/users\/4"}],"replies":[{"embeddable":true,"href":"https:\/\/www.radiopiu.net\/wordpress\/wp-json\/wp\/v2\/comments?post=236190"}],"version-history":[{"count":0,"href":"https:\/\/www.radiopiu.net\/wordpress\/wp-json\/wp\/v2\/posts\/236190\/revisions"}],"wp:featuredmedia":[{"embeddable":true,"href":"https:\/\/www.radiopiu.net\/wordpress\/wp-json\/wp\/v2\/media\/189413"}],"wp:attachment":[{"href":"https:\/\/www.radiopiu.net\/wordpress\/wp-json\/wp\/v2\/media?parent=236190"}],"wp:term":[{"taxonomy":"category","embeddable":true,"href":"https:\/\/www.radiopiu.net\/wordpress\/wp-json\/wp\/v2\/categories?post=236190"},{"taxonomy":"post_tag","embeddable":true,"href":"https:\/\/www.radiopiu.net\/wordpress\/wp-json\/wp\/v2\/tags?post=236190"}],"curies":[{"name":"wp","href":"https:\/\/api.w.org\/{rel}","templated":true}]}}