{"id":236210,"date":"2021-10-11T05:55:04","date_gmt":"2021-10-11T03:55:04","guid":{"rendered":"https:\/\/www.radiopiu.net\/wordpress\/?p=236210"},"modified":"2021-10-11T09:27:51","modified_gmt":"2021-10-11T07:27:51","slug":"giornale-radiopiu-11-ottobre-2021-direttore-mirko-mezzacasa","status":"publish","type":"post","link":"https:\/\/www.radiopiu.net\/wordpress\/giornale-radiopiu-11-ottobre-2021-direttore-mirko-mezzacasa\/","title":{"rendered":"GIORNALE RADIOPIU 11 OTTOBRE 2021 DIRETTORE MIRKO MEZZACASA"},"content":{"rendered":"<h3 class=\"kvgmc6g5 cxmmr5t8 oygrvhab hcukyx3x c1et5uql\"><span style=\"color: #0000ff;\">\u00a0<\/span><\/h3>\n<h3 class=\"kvgmc6g5 cxmmr5t8 oygrvhab hcukyx3x c1et5uql\"><span style=\"color: #0000ff;\">INFORMAZIONE il canale su TELEGRAM informazione di prima mano e in tempo reale. iscriviti ed aiutaci a farlo conoscere\u00a0\u00a0<\/span><\/h3>\n<p>&nbsp;<\/p>\n<p>&nbsp;<\/p>\n<hr \/>\n<p>&nbsp;<\/p>\n<blockquote>\n<h2 style=\"text-align: center;\">LA 203 AGORDINA CHIUDE OGGI E DOMANI PER LAVORI<\/h2>\n<\/blockquote>\n<blockquote><p><a href=\"https:\/\/www.radiopiu.net\/wordpress\/giornale-radiopiu-09-ottobre-2021-direttore-mirko-mezzacasa\/10f8733b-fe23-4285-b400-c77f628803d2\/\" rel=\"attachment wp-att-236097\"><img loading=\"lazy\" decoding=\"async\" class=\"size-medium wp-image-236097 aligncenter\" src=\"https:\/\/www.radiopiu.net\/wordpress\/wp-content\/uploads\/2021\/10\/10f8733b-fe23-4285-b400-c77f628803d2-300x300.jpg\" alt=\"\" width=\"300\" height=\"300\" srcset=\"https:\/\/www.radiopiu.net\/wordpress\/wp-content\/uploads\/2021\/10\/10f8733b-fe23-4285-b400-c77f628803d2-300x300.jpg 300w, https:\/\/www.radiopiu.net\/wordpress\/wp-content\/uploads\/2021\/10\/10f8733b-fe23-4285-b400-c77f628803d2-150x150.jpg 150w, https:\/\/www.radiopiu.net\/wordpress\/wp-content\/uploads\/2021\/10\/10f8733b-fe23-4285-b400-c77f628803d2.jpg 526w\" sizes=\"auto, (max-width: 300px) 100vw, 300px\" \/><\/a><\/p><\/blockquote>\n<h3>Da domani &#8211; sabato e domenica esclusi &#8211; chiusura a fasce orarie della provinciale 3 di Valle Imperina in Comune di Gosaldo per la messa in sicurezza della strada al chilometro 9.900. Negli altri orari senso unico alternato CHIUSURE: 8 &#8211; 12.45 &#8211; 13.45-16.00 &#8211; 16.30-1800<\/h3>\n<p>&nbsp;<\/p>\n<hr \/>\n<p>&nbsp;<\/p>\n<blockquote>\n<h2>DUE GIORNI CON I RUBINETTI A SECCO A SANTA GIUSTINA<\/h2>\n<\/blockquote>\n\n\t\t\t<style type='text\/css'>\n\t\t\t\t#gallery-1 {\n\t\t\t\t\tmargin: auto;\n\t\t\t\t}\n\t\t\t\t#gallery-1 .gallery-item {\n\t\t\t\t\tfloat: left;\n\t\t\t\t\tmargin-top: 10px;\n\t\t\t\t\ttext-align: center;\n\t\t\t\t\twidth: 50%;\n\t\t\t\t}\n\t\t\t\t#gallery-1 img {\n\t\t\t\t\tborder: 2px solid #cfcfcf;\n\t\t\t\t}\n\t\t\t\t#gallery-1 .gallery-caption {\n\t\t\t\t\tmargin-left: 0;\n\t\t\t\t}\n\t\t\t\t\/* see gallery_shortcode() in wp-includes\/media.php *\/\n\t\t\t<\/style>\n\t\t<div id='gallery-1' class='dt-gallery-container gallery galleryid-236210 gallery-columns-2 gallery-size-thumbnail'><dl class='gallery-item'>\n\t\t\t\t<dt class='gallery-icon landscape'>\n\t\t\t\t\t<a class=\"rollover\" href='https:\/\/www.radiopiu.net\/wordpress\/giornale-radiopiu-05-aprile-2024-direttore-mirko-mezzacasada-40-anni-25-giugno-1983-25-giugno-2023\/220px-municipio_santa_giustina\/'><img loading=\"lazy\" decoding=\"async\" width=\"150\" height=\"150\" src=\"https:\/\/www.radiopiu.net\/wordpress\/wp-content\/uploads\/2018\/03\/220px-Municipio_Santa_Giustina-150x150.jpg\" class=\"attachment-thumbnail size-thumbnail\" alt=\"\" \/><\/a>\n\t\t\t\t<\/dt><\/dl><dl class='gallery-item'>\n\t\t\t\t<dt class='gallery-icon landscape'>\n\t\t\t\t\t<a class=\"rollover\" href='https:\/\/www.radiopiu.net\/wordpress\/giornale-radiopiu-16-giugno-2021-direttore-mirko-mezzacasa\/th-139\/'><img loading=\"lazy\" decoding=\"async\" width=\"150\" height=\"150\" src=\"https:\/\/www.radiopiu.net\/wordpress\/wp-content\/uploads\/2021\/06\/th-12-150x150.jpg\" class=\"attachment-thumbnail size-thumbnail\" alt=\"\" \/><\/a>\n\t\t\t\t<\/dt><\/dl><br style=\"clear: both\" \/>\n\t\t\t<\/div>\n\n<p><strong>DI DAMIANO TORMEN\u00a0<\/strong><\/p>\n<audio class=\"wp-audio-shortcode\" id=\"audio-236210-1\" preload=\"none\" style=\"width: 100%;\" controls=\"controls\"><source type=\"audio\/mpeg\" src=\"https:\/\/www.radiopiu.net\/wordpress\/wp-content\/uploads\/2021\/10\/damiano-1.mp3?_=1\" \/><a href=\"https:\/\/www.radiopiu.net\/wordpress\/wp-content\/uploads\/2021\/10\/damiano-1.mp3\">https:\/\/www.radiopiu.net\/wordpress\/wp-content\/uploads\/2021\/10\/damiano-1.mp3<\/a><\/audio>\n<p>&nbsp;<\/p>\n<p>&nbsp;<\/p>\n<hr \/>\n<p>&nbsp;<\/p>\n<blockquote>\n<blockquote>\n<h2>RACCOLTI 29.000 EURO PER LA NUOVA AUTO DI RICCARDO TEGNER<\/h2>\n<p><em>La macchina nel frattempo\u00a0 stata ordinata,\u00a0 servono i tempi tecnici per attrezzarla a dovere con pedane e spazi adeguati al movimento della carrozzina\u00a0<\/em><\/p><\/blockquote>\n<p><strong><a href=\"https:\/\/www.radiopiu.net\/wordpress\/raccolti-29-000-euro-per-la-nuova-auto-riccardo-tegner\/1626451699105964-locandina-riccardo-4\/\" rel=\"attachment wp-att-235380\"><img loading=\"lazy\" decoding=\"async\" class=\"size-medium wp-image-235380 alignleft\" src=\"https:\/\/www.radiopiu.net\/wordpress\/wp-content\/uploads\/2021\/10\/1626451699105964-locandina-riccardo-300x169.jpg\" alt=\"\" width=\"300\" height=\"169\" srcset=\"https:\/\/www.radiopiu.net\/wordpress\/wp-content\/uploads\/2021\/10\/1626451699105964-locandina-riccardo-300x169.jpg 300w, https:\/\/www.radiopiu.net\/wordpress\/wp-content\/uploads\/2021\/10\/1626451699105964-locandina-riccardo-768x432.jpg 768w, https:\/\/www.radiopiu.net\/wordpress\/wp-content\/uploads\/2021\/10\/1626451699105964-locandina-riccardo.jpg 800w\" sizes=\"auto, (max-width: 300px) 100vw, 300px\" \/><\/a>REDAZIONE<\/strong> Si \u00e8 conclusa da alcuni giorni la raccolta fondi per acquistare una nuova auto a Riccardo Tegner.\u00a0 L&#8217;iniziativa \u00e8 stata appoggiata anche da Radio Pi\u00f9 e nelle ultime ore \u00e8 arrivato il bonifico da Eppela a cui si aggiungono i soldi arrivati direttamente sul conto corrente della famiglia. In totale sono stati raccolti 29.000 euro, di cui quasi 22.000 solo online.<\/p>\n<p>L&#8217;auto che Agostino intende acquistare per Riccardo prevede una spesa di 35mila euro, per questo rimane aperta la possibilit\u00e0 di poter contribuire, non pi\u00f9 su piattaforma eppela, piuttosto sul conto corrente privato della famiglia Tegner.<\/p>\n<blockquote>\n<h3><span style=\"color: #ff0000;\"><em><strong>CHI VOLESSE FARE UNA DONAZIONE DIRETTAMENTE ALLA FAMIGLIA DI RICCARDO LO PUO\u2019 FARE SU QUESTO IBAN INTESTATO ALLA MAMMA ANA MARIA STOIAN:\u00a0<\/strong><\/em><\/span><\/h3>\n<h3><span style=\"color: #ff0000;\"><em><strong>IT40N0760111900000003558144<\/strong><\/em><\/span><\/h3>\n<\/blockquote>\n<p><strong>IL RINGRAZIAMENTO DI AGOSTINO TEGNER, PAPA&#8217; DI RICCARDO<\/strong><\/p><\/blockquote>\n<audio class=\"wp-audio-shortcode\" id=\"audio-236210-2\" preload=\"none\" style=\"width: 100%;\" controls=\"controls\"><source type=\"audio\/mpeg\" src=\"https:\/\/www.radiopiu.net\/wordpress\/wp-content\/uploads\/2021\/10\/TEGNER-.mp3?_=2\" \/><a href=\"https:\/\/www.radiopiu.net\/wordpress\/wp-content\/uploads\/2021\/10\/TEGNER-.mp3\">https:\/\/www.radiopiu.net\/wordpress\/wp-content\/uploads\/2021\/10\/TEGNER-.mp3<\/a><\/audio>\n<p>&nbsp;<\/p>\n<hr \/>\n<p>&nbsp;<\/p>\n<blockquote>\n<h3>INTERRUZIONI ELETTRICHE PROGRAMMATE<\/h3>\n<\/blockquote>\n<p><strong><a href=\"https:\/\/www.radiopiu.net\/wordpress\/giornale-radiopiu-16-giugno-2021-direttore-mirko-mezzacasa\/th-140\/\" rel=\"attachment wp-att-216173\"><img loading=\"lazy\" decoding=\"async\" class=\" wp-image-216173 alignleft\" src=\"https:\/\/www.radiopiu.net\/wordpress\/wp-content\/uploads\/2021\/06\/th-13.jpg\" alt=\"\" width=\"169\" height=\"113\" \/><\/a> <\/strong><\/p>\n<p><strong>\u00a0<\/strong><\/p>\n<p><strong>FALCADE<\/strong> Oggi dalle 8:30 alle 10:30 nelle vie Cime D&#8217;Auta, Col di Frena, Patrioti, Giovanni Marchiori, Colmaor e Trento. Sempre oggi dalle 14:30 alle 16:30 nelle vie Cime D&#8217;auta, Colmaor e Giovanni Marchiori<\/p>\n<p><strong>CANALE<\/strong> <strong>D&#8217;AGORDO<\/strong> Oggi dalle 8:30 alle 10:30 nelle vie Pisoliva, Fregona e Sot Fregona<\/p>\n<p>&nbsp;<\/p>\n<p>&nbsp;<\/p>\n<hr \/>\n<p>&nbsp;<\/p>\n<blockquote>\n<h3>ANDREA MUORE A 24 ANNI, ERA UN APPREZZATO TATUATORE<\/h3>\n<\/blockquote>\n<p><em><strong>Una morte naturale, seppur inspiegabile, \u00a0la mamma, che vive in Cadore, ha provato a contattare pi\u00f9 volte il figlio, senza per\u00f2 ricevere risposta.<\/strong><\/em><\/p>\n<p><strong><a href=\"https:\/\/www.radiopiu.net\/wordpress\/andrea-muore-a-24-anni-era-un-apprezzato-tatuatore\/e862763d-12a5-430c-a7ea-a02b041eba6a\/\" rel=\"attachment wp-att-236391\"><img loading=\"lazy\" decoding=\"async\" class=\" wp-image-236391 alignleft\" src=\"https:\/\/www.radiopiu.net\/wordpress\/wp-content\/uploads\/2021\/10\/e862763d-12a5-430c-a7ea-a02b041eba6a-300x169.jpg\" alt=\"\" width=\"208\" height=\"117\" srcset=\"https:\/\/www.radiopiu.net\/wordpress\/wp-content\/uploads\/2021\/10\/e862763d-12a5-430c-a7ea-a02b041eba6a-300x169.jpg 300w, https:\/\/www.radiopiu.net\/wordpress\/wp-content\/uploads\/2021\/10\/e862763d-12a5-430c-a7ea-a02b041eba6a-1024x576.jpg 1024w, https:\/\/www.radiopiu.net\/wordpress\/wp-content\/uploads\/2021\/10\/e862763d-12a5-430c-a7ea-a02b041eba6a-768x432.jpg 768w, https:\/\/www.radiopiu.net\/wordpress\/wp-content\/uploads\/2021\/10\/e862763d-12a5-430c-a7ea-a02b041eba6a-1536x864.jpg 1536w, https:\/\/www.radiopiu.net\/wordpress\/wp-content\/uploads\/2021\/10\/e862763d-12a5-430c-a7ea-a02b041eba6a.jpg 1599w\" sizes=\"auto, (max-width: 208px) 100vw, 208px\" \/><\/a>FELTRE<\/strong> Senza spiegazione, almeno per ora, la morte di un giovane di soli 24 anni, \u00a0in pieno centro a Feltre. Andrea Codarin, 24 anni\u00a0 di origini cadorine, ma da tempo\u00a0 a Feltre noto\u00a0 tatuatore nello studio Mountain Tattoo della vicina piazza Isola. A chiedere l&#8217;intervento dei carabinieri e dei vigili del fuoco \u00e8 stata la mamma del giovane che dopo una serie di chiamate a vuoto sul telefonino del figlio ha chiesto alle forze dell&#8217;ordine. I\u00a0 carabinieri di Feltre, poco dopo le 16,\u00a0 hanno fatto la triste scoperta. Il ragazzo era riverso a terra all&#8217;interno del bagno, ormai privo di vita. Si cercano elementi per tentare di dare una spiegazione al decesso. Andrea aveva trascorso un sabato sera spensierato e sereno in un locale della citt\u00e0 tirando tardi con gli amici.<\/p>\n<p>FOTO CORRIERE DELLE ALPI<\/p>\n<hr \/>\n<p>&nbsp;<\/p>\n<blockquote>\n<h3>IN RIANIMAZIONE DOPO L&#8217;INCIDENTE CON LO SCOOTER<\/h3>\n<\/blockquote>\n<p><strong>FELTRE<\/strong>\u00a0 Scontro violento,\u00a0 \u00a0Alessandro Cassol 47 anni di Santa Giustina versa\u00a0 in gravi condizioni all&#8217;ospedale di Feltre in prognosi riservata. L&#8217;incidente nel tardo pomeriggio di ieri lungo via Bagnols.\u00a0 La 67 enne B.D. di Seren del Grappa era al volante di una Hyundai i10. La donna \u00e8 uscita dallo stop proprio mentre stava sopraggiungendo la Vespa con il sella Cassol che ha tentato una disperata manovra per evitare l&#8217;impatto, ma ha centrato in pieno la portiera posteriore dell&#8217;utilitaria. Uno schianto violentissimo nel quale il vespista ha riportato contusioni gravi, tanto da essere trasportato all&#8217;ospedale Santa Maria del Prato e subito trasferito in rianimazione.<\/p>\n<p>&nbsp;<\/p>\n<p>&nbsp;<\/p>\n<hr \/>\n<blockquote>\n<h3><\/h3>\n<h3>MONTE MARCORA, CROLLI CONTINUI<\/h3>\n<\/blockquote>\n<p><strong>SAN VITO DI CADORE<\/strong> Sabato poco dopo le 18:30, si \u00e8 verificato un distacco di roccia dal monte Marcora che ha causato una frana detritica verso la zona Chiapuzza nel comune di San Vito di Cadore: i Vigili del Fuoco sul posto. La frana si \u00e8 riversata in una zona non abitata. Ieri mattina il consigliere provinciale delegato alla Difesa del Suolo \u00e8 stato in sopralluogo sotto la frana, assieme al sindaco di San Vito, Emanuele Caruzzo. Durante tutta la mattinata sono continuati piccoli crolli, con conseguenti nuvole di polvere. Tutto il materiale \u00e8 depositato in alto, e al momento non interessa i canaloni di guardia realizzati dalla Provincia. Nessun pericolo, allo stato attuale, per l\u2019abitato di Chiapuzza n\u00e9 per la viabilit\u00e0 sottostante (Ss51 di Alemagna)<\/p>\n<p><strong>IL SINDACO DI SAN VITO EMANUELE CARUZZO<\/strong><\/p>\n<div style=\"width: 848px;\" class=\"wp-video\"><video class=\"wp-video-shortcode\" id=\"video-236210-1\" width=\"848\" height=\"480\" preload=\"metadata\" controls=\"controls\"><source type=\"video\/mp4\" src=\"https:\/\/www.radiopiu.net\/wordpress\/wp-content\/uploads\/2021\/10\/WhatsApp-Video-2021-10-10-at-11.24.51.mp4?_=1\" \/><a href=\"https:\/\/www.radiopiu.net\/wordpress\/wp-content\/uploads\/2021\/10\/WhatsApp-Video-2021-10-10-at-11.24.51.mp4\">https:\/\/www.radiopiu.net\/wordpress\/wp-content\/uploads\/2021\/10\/WhatsApp-Video-2021-10-10-at-11.24.51.mp4<\/a><\/video><\/div>\n<p>&nbsp;<\/p>\n<p>&nbsp;<\/p>\n<p>&nbsp;<\/p>\n<hr \/>\n<p>&nbsp;<\/p>\n<blockquote>\n<h3>SCIVOLA IN UN RUSCELLO IN PROSSIMITA&#8217; DELLA CASCATA DELLA SOFFIA<\/h3>\n<\/blockquote>\n<p><strong><a href=\"https:\/\/www.radiopiu.net\/wordpress\/torna-la-festa-del-volontariato-cadorino-sabato-1-settembre\/soccorsoalpino\/\" rel=\"attachment wp-att-59164\"><img loading=\"lazy\" decoding=\"async\" class=\" wp-image-59164 alignleft\" src=\"https:\/\/www.radiopiu.net\/wordpress\/wp-content\/uploads\/2018\/08\/soccorsoalpino-300x300.jpg\" alt=\"\" width=\"97\" height=\"97\" srcset=\"https:\/\/www.radiopiu.net\/wordpress\/wp-content\/uploads\/2018\/08\/soccorsoalpino-300x300.jpg 300w, https:\/\/www.radiopiu.net\/wordpress\/wp-content\/uploads\/2018\/08\/soccorsoalpino-150x150.jpg 150w, https:\/\/www.radiopiu.net\/wordpress\/wp-content\/uploads\/2018\/08\/soccorsoalpino-768x768.jpg 768w, https:\/\/www.radiopiu.net\/wordpress\/wp-content\/uploads\/2018\/08\/soccorsoalpino-1024x1024.jpg 1024w, https:\/\/www.radiopiu.net\/wordpress\/wp-content\/uploads\/2018\/08\/soccorsoalpino.jpg 1200w\" sizes=\"auto, (max-width: 97px) 100vw, 97px\" \/><\/a>SOSPIROLO<\/strong> Ieri attorno alle 18, il Soccorso alpino di Belluno \u00e8 stato allertato per un escursionista che, mentre stava camminando con le figlie lungo un sentiero in prossimit\u00e0 della cascata della Soffia, era scivolato e caduto in un ruscello. Subito aiutato da un soccorritore, infermiere, di Feltre casualmente sul posto, L.G., 61 anni, di San Vendemiano (TV), \u00e8 stato riportato sul sentiero e accompagnato fino alla strada, dove \u00e8 sopraggiunta una squadra assieme al medico di Stazione. L&#8217;infortunato, con un probabile trauma al volto e una contusione alla gamba, \u00e8 stato poi trasportato al l&#8217;ospedale di Belluno.<\/p>\n<p>&nbsp;<\/p>\n<p>&nbsp;<\/p>\n<hr \/>\n<p>&nbsp;<\/p>\n<blockquote>\n<h3>INFORTUNIO AD UNA SPALLA PER UN&#8217;ESCURSIONISTA SUL COL DI FOGLIA<\/h3>\n<\/blockquote>\n<p><strong><a href=\"https:\/\/www.radiopiu.net\/wordpress\/il-soccorso-alpino-ritorna-al-vazzoler\/th-172\/\" rel=\"attachment wp-att-225856\"><img loading=\"lazy\" decoding=\"async\" class=\"size-full wp-image-225856 alignleft\" src=\"https:\/\/www.radiopiu.net\/wordpress\/wp-content\/uploads\/2021\/08\/th.jpg\" alt=\"\" width=\"222\" height=\"167\" \/><\/a> <\/strong><\/p>\n<p><strong>\u00a0<\/strong><\/p>\n<p><strong>AGORDO <\/strong>Il Soccorso alpino di Agordo ha recuperato un&#8217;escursionista, L.R., 64 anni, di Agordo (BL), che ieri verso le 14.45 era caduta mentre camminava con la figlia in zona Col de Foia procurandosi un trauma alla spalla. La squadra, giunta nelle vicinanze con il fuoristrada, ha stabilizzato la spalla della donna, per poi accompagnarla al pronto soccorso di Agordo.<\/p>\n<p>&nbsp;<\/p>\n<p>&nbsp;<\/p>\n<p>&nbsp;<\/p>\n<hr \/>\n<p>&nbsp;<\/p>\n<blockquote>\n<h3>DE CARLI, CGIL: &#8220;LA RISPOSTA DEMOCRATICA CHE CI ASPETTAVAMO C\u2019\u00c8 STATA; FORTE, CONCRETA, PACIFICA E SOLIDALE&#8221;<\/h3>\n<\/blockquote>\n<p><strong><a href=\"https:\/\/www.radiopiu.net\/wordpress\/cgil-belluno-i-dati-sono-essenziali-case-di-riposo\/mauro_de_carli_cgil\/\" rel=\"attachment wp-att-130310\"><img loading=\"lazy\" decoding=\"async\" class=\"size-medium wp-image-130310 alignleft\" src=\"https:\/\/www.radiopiu.net\/wordpress\/wp-content\/uploads\/2020\/04\/Mauro_De_Carli_CGIL-e1606926296575-300x200.jpg\" alt=\"\" width=\"300\" height=\"200\" srcset=\"https:\/\/www.radiopiu.net\/wordpress\/wp-content\/uploads\/2020\/04\/Mauro_De_Carli_CGIL-e1606926296575-300x200.jpg 300w, https:\/\/www.radiopiu.net\/wordpress\/wp-content\/uploads\/2020\/04\/Mauro_De_Carli_CGIL-e1606926296575-1024x682.jpg 1024w, https:\/\/www.radiopiu.net\/wordpress\/wp-content\/uploads\/2020\/04\/Mauro_De_Carli_CGIL-e1606926296575-768x512.jpg 768w, https:\/\/www.radiopiu.net\/wordpress\/wp-content\/uploads\/2020\/04\/Mauro_De_Carli_CGIL-e1606926296575-1536x1023.jpg 1536w, https:\/\/www.radiopiu.net\/wordpress\/wp-content\/uploads\/2020\/04\/Mauro_De_Carli_CGIL-e1606926296575.jpg 1654w\" sizes=\"auto, (max-width: 300px) 100vw, 300px\" \/><\/a>BELLUNO<\/strong> Dopo l&#8217;attacco alla sede della CGIL di Roma, anche in provincia di Belluno il presidio delle sedi. Queste le parole del segretario provinciale della CGIL Mauro De Carli.<\/p>\n<blockquote><p><em>Dopo il vile atto fascista di ieri a Roma, dove la sede nazionale della CGIL \u00e8 stata aggredita da manifestanti no-vax, in verit\u00e0 eterodiretti da forze politiche dell\u2019estrema destra, abbiamo aperto le nostre sedi di tutta Italia per accogliere tutti coloro che volevano respingere la brutalit\u00e0 e gli indirizzi dei fatti che hanno coinvolto la nostra organizzazione. Chi d\u00e0 poca importanza al significato delle parole non capisce o sottovaluta che non si pu\u00f2 gridare \u201clibert\u00e0\u201d distruggendo fisicamente i simboli di chi ha volutamente dedicato la sua vita alla costruzione di una societ\u00e0 libera che fra le altre cose ti permette di manifestare liberamente. La storia di questo Paese non pu\u00f2 essere riscritta di chi assiste inerte, o condivide l\u2019azione di coloro che vogliono distruggere le sedi dei sindacati, attacca il Parlamento, minaccia i giornalisti. Fino a quando esisteranno comportamenti squadristi e violenti nascosti dietro una presunta libert\u00e0 di pensiero e questi saranno giustificati o tollerati; fino a quando qualcuno vorr\u00e0 farci riflettere sul ventennio e grider\u00e0 alla goliardia del saluto romano, fino a quando il ventennio \u00e8 da studiare come un qualsiasi altro periodo storico senza comprendere cosa significava per lo squadrismo militante pensarla in modo diversa dagli squadristi, fino a quando qualcuno penser\u00e0 con un sorrisino che i fatti di ieri sono il frutto di pochi disadattati o di una frangia minoritaria di nostalgici fascisti, vorr\u00e0 dire che abbiamo ancora il dovere di essere antifascisti. Oggi quindi \u00e8 ancora in gioco la tenuta democratica della nostra societ\u00e0. Per questo la CGIL, anche quella di Belluno, ha aperto le sue sedi a tutta la cittadinanza, perch\u00e9 crede al valore democratico della partecipazione, perch\u00e9 vuole raccogliere gli attestati di solidariet\u00e0 che a frotte sono arrivati, dalla politica alla societ\u00e0 civile, soprattutto da lavoratori, RSU e pensionati. A Belluno tutte le nostre sedi erano aperte, con tutti i nostri funzionari, hanno aperto anche le sedi dei Pensionati e dei recapiti esterni,\u00a0 abbiamo fatto vedere il nostro radicamento locale, tra la gente oltre che dentro le fabbriche, per\u00a0 riprendere quella spinta a discutere sui tanti temi sociale ed economici che ci hanno sempre visto protagonisti e che ora ci vedranno intensificare la nostra azione sindacale. Servir\u00e0 maggiore unit\u00e0, quell\u2019unit\u00e0 che con CISL e UIL\u00a0 ci porta gi\u00e0 il 16 ottobre a manifestare a difesa della libert\u00e0 e della democrazia e della nostra Costituzione, a Roma, proprio dove ieri la destra fascista ha tentato di colpire la nostra Democrazia.<\/em><\/p><\/blockquote>\n<p>&nbsp;<\/p>\n\n\t\t\t<style type='text\/css'>\n\t\t\t\t#gallery-2 {\n\t\t\t\t\tmargin: auto;\n\t\t\t\t}\n\t\t\t\t#gallery-2 .gallery-item {\n\t\t\t\t\tfloat: left;\n\t\t\t\t\tmargin-top: 10px;\n\t\t\t\t\ttext-align: center;\n\t\t\t\t\twidth: 25%;\n\t\t\t\t}\n\t\t\t\t#gallery-2 img {\n\t\t\t\t\tborder: 2px solid #cfcfcf;\n\t\t\t\t}\n\t\t\t\t#gallery-2 .gallery-caption {\n\t\t\t\t\tmargin-left: 0;\n\t\t\t\t}\n\t\t\t\t\/* see gallery_shortcode() in wp-includes\/media.php *\/\n\t\t\t<\/style>\n\t\t<div id='gallery-2' class='dt-gallery-container gallery galleryid-236210 gallery-columns-4 gallery-size-medium'><dl class='gallery-item'>\n\t\t\t\t<dt class='gallery-icon landscape'>\n\t\t\t\t\t<a class=\"rollover\" href='https:\/\/www.radiopiu.net\/wordpress\/de-carli-cgil-la-risposta-democratica-che-ci-aspettavamo-ce-stata-forte-concreta-pacifica-e-solidale\/1b825876-6bd2-4684-bab3-14cf8ba31c6e\/'><img loading=\"lazy\" decoding=\"async\" width=\"300\" height=\"169\" src=\"https:\/\/www.radiopiu.net\/wordpress\/wp-content\/uploads\/2021\/10\/1b825876-6bd2-4684-bab3-14cf8ba31c6e-300x169.jpg\" class=\"attachment-medium size-medium\" alt=\"\" srcset=\"https:\/\/www.radiopiu.net\/wordpress\/wp-content\/uploads\/2021\/10\/1b825876-6bd2-4684-bab3-14cf8ba31c6e-300x169.jpg 300w, https:\/\/www.radiopiu.net\/wordpress\/wp-content\/uploads\/2021\/10\/1b825876-6bd2-4684-bab3-14cf8ba31c6e-1024x576.jpg 1024w, https:\/\/www.radiopiu.net\/wordpress\/wp-content\/uploads\/2021\/10\/1b825876-6bd2-4684-bab3-14cf8ba31c6e-768x432.jpg 768w, https:\/\/www.radiopiu.net\/wordpress\/wp-content\/uploads\/2021\/10\/1b825876-6bd2-4684-bab3-14cf8ba31c6e-1536x864.jpg 1536w, https:\/\/www.radiopiu.net\/wordpress\/wp-content\/uploads\/2021\/10\/1b825876-6bd2-4684-bab3-14cf8ba31c6e.jpg 1600w\" sizes=\"auto, (max-width: 300px) 100vw, 300px\" \/><\/a>\n\t\t\t\t<\/dt><\/dl><dl class='gallery-item'>\n\t\t\t\t<dt class='gallery-icon landscape'>\n\t\t\t\t\t<a class=\"rollover\" href='https:\/\/www.radiopiu.net\/wordpress\/de-carli-cgil-la-risposta-democratica-che-ci-aspettavamo-ce-stata-forte-concreta-pacifica-e-solidale\/b6b671c1-3490-4b96-8fce-c7db039c0444\/'><img loading=\"lazy\" decoding=\"async\" width=\"300\" height=\"225\" src=\"https:\/\/www.radiopiu.net\/wordpress\/wp-content\/uploads\/2021\/10\/b6b671c1-3490-4b96-8fce-c7db039c0444-300x225.jpg\" class=\"attachment-medium size-medium\" alt=\"\" srcset=\"https:\/\/www.radiopiu.net\/wordpress\/wp-content\/uploads\/2021\/10\/b6b671c1-3490-4b96-8fce-c7db039c0444-300x225.jpg 300w, https:\/\/www.radiopiu.net\/wordpress\/wp-content\/uploads\/2021\/10\/b6b671c1-3490-4b96-8fce-c7db039c0444-1024x768.jpg 1024w, https:\/\/www.radiopiu.net\/wordpress\/wp-content\/uploads\/2021\/10\/b6b671c1-3490-4b96-8fce-c7db039c0444-768x576.jpg 768w, https:\/\/www.radiopiu.net\/wordpress\/wp-content\/uploads\/2021\/10\/b6b671c1-3490-4b96-8fce-c7db039c0444-1536x1152.jpg 1536w, https:\/\/www.radiopiu.net\/wordpress\/wp-content\/uploads\/2021\/10\/b6b671c1-3490-4b96-8fce-c7db039c0444.jpg 2048w\" sizes=\"auto, (max-width: 300px) 100vw, 300px\" \/><\/a>\n\t\t\t\t<\/dt><\/dl><dl class='gallery-item'>\n\t\t\t\t<dt class='gallery-icon landscape'>\n\t\t\t\t\t<a class=\"rollover\" href='https:\/\/www.radiopiu.net\/wordpress\/de-carli-cgil-la-risposta-democratica-che-ci-aspettavamo-ce-stata-forte-concreta-pacifica-e-solidale\/bd537dc8-95bc-482d-8392-ef53e96b73ff\/'><img loading=\"lazy\" decoding=\"async\" width=\"300\" height=\"138\" src=\"https:\/\/www.radiopiu.net\/wordpress\/wp-content\/uploads\/2021\/10\/bd537dc8-95bc-482d-8392-ef53e96b73ff-300x138.jpg\" class=\"attachment-medium size-medium\" alt=\"\" srcset=\"https:\/\/www.radiopiu.net\/wordpress\/wp-content\/uploads\/2021\/10\/bd537dc8-95bc-482d-8392-ef53e96b73ff-300x138.jpg 300w, https:\/\/www.radiopiu.net\/wordpress\/wp-content\/uploads\/2021\/10\/bd537dc8-95bc-482d-8392-ef53e96b73ff-1024x471.jpg 1024w, https:\/\/www.radiopiu.net\/wordpress\/wp-content\/uploads\/2021\/10\/bd537dc8-95bc-482d-8392-ef53e96b73ff-768x353.jpg 768w, https:\/\/www.radiopiu.net\/wordpress\/wp-content\/uploads\/2021\/10\/bd537dc8-95bc-482d-8392-ef53e96b73ff-1536x707.jpg 1536w, https:\/\/www.radiopiu.net\/wordpress\/wp-content\/uploads\/2021\/10\/bd537dc8-95bc-482d-8392-ef53e96b73ff.jpg 1600w\" sizes=\"auto, (max-width: 300px) 100vw, 300px\" \/><\/a>\n\t\t\t\t<\/dt><\/dl><dl class='gallery-item'>\n\t\t\t\t<dt class='gallery-icon landscape'>\n\t\t\t\t\t<a class=\"rollover\" href='https:\/\/www.radiopiu.net\/wordpress\/de-carli-cgil-la-risposta-democratica-che-ci-aspettavamo-ce-stata-forte-concreta-pacifica-e-solidale\/839674fc-c8ad-4c75-8cef-b87a8210d6e4\/'><img loading=\"lazy\" decoding=\"async\" width=\"300\" height=\"138\" src=\"https:\/\/www.radiopiu.net\/wordpress\/wp-content\/uploads\/2021\/10\/839674fc-c8ad-4c75-8cef-b87a8210d6e4-300x138.jpg\" class=\"attachment-medium size-medium\" alt=\"\" srcset=\"https:\/\/www.radiopiu.net\/wordpress\/wp-content\/uploads\/2021\/10\/839674fc-c8ad-4c75-8cef-b87a8210d6e4-300x138.jpg 300w, https:\/\/www.radiopiu.net\/wordpress\/wp-content\/uploads\/2021\/10\/839674fc-c8ad-4c75-8cef-b87a8210d6e4-1024x473.jpg 1024w, https:\/\/www.radiopiu.net\/wordpress\/wp-content\/uploads\/2021\/10\/839674fc-c8ad-4c75-8cef-b87a8210d6e4-768x354.jpg 768w, https:\/\/www.radiopiu.net\/wordpress\/wp-content\/uploads\/2021\/10\/839674fc-c8ad-4c75-8cef-b87a8210d6e4-1536x709.jpg 1536w, https:\/\/www.radiopiu.net\/wordpress\/wp-content\/uploads\/2021\/10\/839674fc-c8ad-4c75-8cef-b87a8210d6e4.jpg 2048w\" sizes=\"auto, (max-width: 300px) 100vw, 300px\" \/><\/a>\n\t\t\t\t<\/dt><\/dl><br style=\"clear: both\" \/>\n\t\t\t<\/div>\n\n<p>&nbsp;<\/p>\n<blockquote>\n<h3>ANCHE IL PRESIDENTE DELLA PROVINCIA DI BELLUNO ROBERTO PADRIN IN VISITA ALLA CGIL<\/h3>\n<\/blockquote>\n<p><strong>BELLUNO<\/strong> Il presidente Padrin \u00e8 andato alla Cgil per portare la solidariet\u00e0 della Provincia. \u00abManifestare e violenze sono due cose antitetiche e se \u00e8 doveroso consentire la libera manifestazione del pensiero \u00e8 altrettanto doveroso condannare senza se e senza ma i gesti di inaudita follia registrati alla sede romana del sindacato\u00bb.<\/p>\n\n\t\t\t<style type='text\/css'>\n\t\t\t\t#gallery-3 {\n\t\t\t\t\tmargin: auto;\n\t\t\t\t}\n\t\t\t\t#gallery-3 .gallery-item {\n\t\t\t\t\tfloat: left;\n\t\t\t\t\tmargin-top: 10px;\n\t\t\t\t\ttext-align: center;\n\t\t\t\t\twidth: 33%;\n\t\t\t\t}\n\t\t\t\t#gallery-3 img {\n\t\t\t\t\tborder: 2px solid #cfcfcf;\n\t\t\t\t}\n\t\t\t\t#gallery-3 .gallery-caption {\n\t\t\t\t\tmargin-left: 0;\n\t\t\t\t}\n\t\t\t\t\/* see gallery_shortcode() in wp-includes\/media.php *\/\n\t\t\t<\/style>\n\t\t<div id='gallery-3' class='dt-gallery-container gallery galleryid-236210 gallery-columns-3 gallery-size-medium'><dl class='gallery-item'>\n\t\t\t\t<dt class='gallery-icon landscape'>\n\t\t\t\t\t<a class=\"rollover rollover-zoom dt-pswp-item\" title=\"34398224-311b-441c-8530-c56bf1720629\" data-dt-img-description=\"\" data-large_image_width=\"1024\" data-large_image_height=\"473\"href='https:\/\/www.radiopiu.net\/wordpress\/wp-content\/uploads\/2021\/10\/34398224-311b-441c-8530-c56bf1720629.jpg'><img loading=\"lazy\" decoding=\"async\" width=\"300\" height=\"139\" src=\"https:\/\/www.radiopiu.net\/wordpress\/wp-content\/uploads\/2021\/10\/34398224-311b-441c-8530-c56bf1720629-300x139.jpg\" class=\"attachment-medium size-medium\" alt=\"\" srcset=\"https:\/\/www.radiopiu.net\/wordpress\/wp-content\/uploads\/2021\/10\/34398224-311b-441c-8530-c56bf1720629-300x139.jpg 300w, https:\/\/www.radiopiu.net\/wordpress\/wp-content\/uploads\/2021\/10\/34398224-311b-441c-8530-c56bf1720629-768x355.jpg 768w, https:\/\/www.radiopiu.net\/wordpress\/wp-content\/uploads\/2021\/10\/34398224-311b-441c-8530-c56bf1720629.jpg 1024w\" sizes=\"auto, (max-width: 300px) 100vw, 300px\" \/><\/a>\n\t\t\t\t<\/dt><\/dl><dl class='gallery-item'>\n\t\t\t\t<dt class='gallery-icon landscape'>\n\t\t\t\t\t<a class=\"rollover rollover-zoom dt-pswp-item\" title=\"ee6e797f-aa55-489a-a191-22e3b7df2364\" data-dt-img-description=\"\" data-large_image_width=\"1024\" data-large_image_height=\"473\"href='https:\/\/www.radiopiu.net\/wordpress\/wp-content\/uploads\/2021\/10\/ee6e797f-aa55-489a-a191-22e3b7df2364.jpg'><img loading=\"lazy\" decoding=\"async\" width=\"300\" height=\"139\" src=\"https:\/\/www.radiopiu.net\/wordpress\/wp-content\/uploads\/2021\/10\/ee6e797f-aa55-489a-a191-22e3b7df2364-300x139.jpg\" class=\"attachment-medium size-medium\" alt=\"\" srcset=\"https:\/\/www.radiopiu.net\/wordpress\/wp-content\/uploads\/2021\/10\/ee6e797f-aa55-489a-a191-22e3b7df2364-300x139.jpg 300w, https:\/\/www.radiopiu.net\/wordpress\/wp-content\/uploads\/2021\/10\/ee6e797f-aa55-489a-a191-22e3b7df2364-768x355.jpg 768w, https:\/\/www.radiopiu.net\/wordpress\/wp-content\/uploads\/2021\/10\/ee6e797f-aa55-489a-a191-22e3b7df2364.jpg 1024w\" sizes=\"auto, (max-width: 300px) 100vw, 300px\" \/><\/a>\n\t\t\t\t<\/dt><\/dl><dl class='gallery-item'>\n\t\t\t\t<dt class='gallery-icon landscape'>\n\t\t\t\t\t<a class=\"rollover rollover-zoom dt-pswp-item\" title=\"07331cb3-155f-44dc-90b0-7e984622b924\" data-dt-img-description=\"\" data-large_image_width=\"1024\" data-large_image_height=\"473\"href='https:\/\/www.radiopiu.net\/wordpress\/wp-content\/uploads\/2021\/10\/07331cb3-155f-44dc-90b0-7e984622b924.jpg'><img loading=\"lazy\" decoding=\"async\" width=\"300\" height=\"139\" src=\"https:\/\/www.radiopiu.net\/wordpress\/wp-content\/uploads\/2021\/10\/07331cb3-155f-44dc-90b0-7e984622b924-300x139.jpg\" class=\"attachment-medium size-medium\" alt=\"\" srcset=\"https:\/\/www.radiopiu.net\/wordpress\/wp-content\/uploads\/2021\/10\/07331cb3-155f-44dc-90b0-7e984622b924-300x139.jpg 300w, https:\/\/www.radiopiu.net\/wordpress\/wp-content\/uploads\/2021\/10\/07331cb3-155f-44dc-90b0-7e984622b924-768x355.jpg 768w, https:\/\/www.radiopiu.net\/wordpress\/wp-content\/uploads\/2021\/10\/07331cb3-155f-44dc-90b0-7e984622b924.jpg 1024w\" sizes=\"auto, (max-width: 300px) 100vw, 300px\" \/><\/a>\n\t\t\t\t<\/dt><\/dl><br style=\"clear: both\" \/>\n\t\t\t<\/div>\n\n<p>&nbsp;<\/p>\n<hr \/>\n<p>&nbsp;<\/p>\n<blockquote>\n<h3>ASSALTO ALLA CGIL DI ROMA, LA SOLIDARIETA&#8217; DELLA CISL<\/h3>\n<\/blockquote>\n<p><strong><a href=\"https:\/\/www.radiopiu.net\/wordpress\/giornale-radiopiu-11-ottobre-2021-direttore-mirko-mezzacasa\/de-carli-brancher\/\" rel=\"attachment wp-att-236279\"><img loading=\"lazy\" decoding=\"async\" class=\" wp-image-236279 alignleft\" src=\"https:\/\/www.radiopiu.net\/wordpress\/wp-content\/uploads\/2021\/10\/De-Carli-Brancher-225x300.jpeg\" alt=\"\" width=\"176\" height=\"235\" srcset=\"https:\/\/www.radiopiu.net\/wordpress\/wp-content\/uploads\/2021\/10\/De-Carli-Brancher-225x300.jpeg 225w, https:\/\/www.radiopiu.net\/wordpress\/wp-content\/uploads\/2021\/10\/De-Carli-Brancher.jpeg 720w\" sizes=\"auto, (max-width: 176px) 100vw, 176px\" \/><\/a>BELLUNO <\/strong><span style=\"color: #000000; font-family: Helvetica;\">Solidariet\u00e0 della Cisl Belluno Treviso alla Cgil, presa di mira sabato durante la manifestazione dei No Green Pass nella capitale. La Cisl territoriale ha manifestato la propria vicinanza al sindacato guidato da Landini recandosi ieri mattina, nelle sedi di Treviso e Belluno, aperte, come in tutta Italia, proprio in riposta all\u2019attacco sub\u00ecto. <\/span><span style=\"color: #000000; font-family: Helvetica;\">Il segretario generale Massimiliano Paglini e la segretaria Teresa Merotto sono andati nella sede di via Dandolo a Treviso, mentre il segretario Nicola Brancher ha portato la propria solidariet\u00e0, a nome di tutta la Cisl, al segretario Cgil di Belluno Mauro De Carli. <\/span><span style=\"color: #000000; font-family: Helvetica;\">\u201cTutta la nostra solidariet\u00e0 e vicinanza &#8211; dichiarano i segretari Cisl attraverso i canali social- agli amici della Cgil di Treviso e Belluno, che oggi hanno aperto le sedi per dire no al fascismo e alla violenza che li ha colpiti sabato a Roma. Noi siamo con loro, assieme per tenere alti i valori della democrazia e della libert\u00e0. I responsabili delle violenze dovranno essere assicurati alla giustizia, cos\u00ec come chi si rende responsabile di apologia del fascismo, che \u00e8 ancora oggi un reato e deve essere perseguito in ogni sede e in ogni luogo\u201d.<\/span><\/p>\n<p>&nbsp;<\/p>\n<p>&nbsp;<\/p>\n<hr \/>\n<p>&nbsp;<\/p>\n<blockquote>\n<h3>MONICA LOTTO (PD): DOPO L&#8217;ATTACCO ALLA SEDE DELLA CGIL SERVE UNA RISPOSTA FORTE<\/h3>\n<\/blockquote>\n<p><strong><a href=\"https:\/\/www.radiopiu.net\/wordpress\/giornale-radiopiu-25-giugno-2020-direttore-mirko-mezzacasa\/download-855\/\" rel=\"attachment wp-att-146218\"><img loading=\"lazy\" decoding=\"async\" class=\" wp-image-146218 alignleft\" src=\"https:\/\/www.radiopiu.net\/wordpress\/wp-content\/uploads\/2020\/06\/download-26.jpg\" alt=\"\" width=\"200\" height=\"200\" srcset=\"https:\/\/www.radiopiu.net\/wordpress\/wp-content\/uploads\/2020\/06\/download-26.jpg 225w, https:\/\/www.radiopiu.net\/wordpress\/wp-content\/uploads\/2020\/06\/download-26-150x150.jpg 150w\" sizes=\"auto, (max-width: 200px) 100vw, 200px\" \/><\/a>BELLUNO<\/strong> &#8220;Il vergognoso attacco squadrista alla Cgil di Roma va condannato da tutte le forze politiche; \u00e8 necessaria una risposta forte e priva di ambiguit\u00e0&#8221;. Non usa mezzi termini la segretaria provinciale del pd bellunese Monica Lotto: La scelta di attaccare un\u2019organizzazione sindacale rappresenta un\u2019aggressione alla democrazia e ai valori in cui tutti possiamo riconoscerci. &#8220;Oggi, ancora una volta, si dimostra necessaria una presa di posizione netta e decisa da parte delle istituzioni e di tutte le forze democratiche. Ma non solo. Quando una manifestazione per una presunta libert\u00e0 supera ogni limite, come in questo caso, deve essere condannata. \u00c8 giunta l\u2019ora che chi ha prestato il fianco ai fascisti in questi anni si assuma le proprie responsabilit\u00e0.\u00a0Forza nuova e tutti i gruppi neofascisti che cavalcano la protesta dei no vax e no green pass vanno sciolti. Le istituzioni agiscano secondo Costituzione, immediatamente.\u00a0La libert\u00e0 di espressione, che \u00e8 sempre garantita nel nostro Paese, non ha nulla a che vedere con quanto visto ieri nella capitale. Esprimo a nome di tutta la comunit\u00e0 democratica la completa solidariet\u00e0 a tutte le lavoratrici e i lavoratori del sindacato e ai rappresentanti della CIGL, a cominciare dall\u2019organizzazione provinciale con il suo segretario Mauro De Carli. Il PD bellunese \u00e8 accanto a voi e alla maggior parte dei cittadini che, per fortuna, rispettano le regole e i valori democratici della nostra costituzione&#8221; conclude la Lotto.<\/p>\n<p>&nbsp;<\/p>\n<p>&nbsp;<\/p>\n<hr \/>\n<p>&nbsp;<\/p>\n<blockquote>\n<h3>ASSALTO ALLA CGIL E GUERRIGLIA URBANA A ROMA. BERTON: \u201cSOLIDARIET\u00c0 ALLA CAMERA DEL LAVORO. \u00c8 UNA FASE DELICATA: DOBBIAMO LAVORARE INSIEME\u201d<\/h3>\n<\/blockquote>\n<p><strong><a href=\"https:\/\/www.radiopiu.net\/wordpress\/giornale-radiopiu-26-maggio-2021-direttore-mirko-mezzacasa\/confindustria\/\" rel=\"attachment wp-att-211858\"><img loading=\"lazy\" decoding=\"async\" class=\"size-medium wp-image-211858 alignleft\" src=\"https:\/\/www.radiopiu.net\/wordpress\/wp-content\/uploads\/2021\/05\/CONFINDUSTRIA-300x300.png\" alt=\"\" width=\"300\" height=\"300\" srcset=\"https:\/\/www.radiopiu.net\/wordpress\/wp-content\/uploads\/2021\/05\/CONFINDUSTRIA-300x300.png 300w, https:\/\/www.radiopiu.net\/wordpress\/wp-content\/uploads\/2021\/05\/CONFINDUSTRIA-150x150.png 150w, https:\/\/www.radiopiu.net\/wordpress\/wp-content\/uploads\/2021\/05\/CONFINDUSTRIA.png 575w\" sizes=\"auto, (max-width: 300px) 100vw, 300px\" \/><\/a>BELLUNO\u00a0 <\/strong>\u201c<em>Le scene di guerriglia urbana che abbiamo visto a Roma fanno male alla democrazia e a un Paese che vuole, con responsabilit\u00e0, lasciarsi alle spalle una terribile pandemia. Condanno con fermezza gli scontri ed esprimo la massima solidariet\u00e0 nei confronti della Cgil, nazionale e bellunese. La Camera del Lavoro \u00e8 finita vergognosamente sotto attacco. Da qui ai prossimi giorni dobbiamo mantenere alta la guardia ed evitare che altri simili episodi possano ripetersi: categorie economiche e sindacati, in questa fase, sono chiamati a navigare nella stessa direzione, pretendendo e assicurando la sicurezza nei luoghi di lavoro e il rispetto delle regole anti-Covid. Le ambiguit\u00e0 non sono ammesse<\/em>\u201d. A dirlo, all\u2019indomani della manifestazione di Roma, \u00e8 Lorraine Berton, presidente di Confindustria Belluno Dolomiti. \u201c<em>Abbiamo scelto di avere fiducia nella scienza, condividendo le scelte di questo Governo: da qui non si torna indietro se vogliamo continuare a recuperare il terreno perso nel 2020 e agganciare davvero una crescita duratura e non un semplice \u201crimbalzo\u201d. La sicurezza sanitaria \u00e8 la base di tutto e il green pass \u00e8 uno strumento per attuarla<\/em>\u201d, prosegue Berton. \u201c<em>La stragrande maggioranza degli imprenditori e dei lavoratori ha bene presente cos\u2019\u00e8 stata la pandemia, in termini sanitari, umani e socio-economici. Abbiamo tutti sofferto la paura prima, l\u2019incertezza poi, le restrizioni, la dad dei nostri figli e nipoti. In tanti hanno pianto la perdita dei propri cari. Ritornare indietro non si pu\u00f2, per questo mi stupisce e mi addolora che sul tema del green pass e dei vaccini si faccia ideologia e si arrivi addirittura alla violenza<\/em>\u201d.<\/p>\n<p>&nbsp;<\/p>\n<p>&nbsp;<\/p>\n<hr \/>\n<p>&nbsp;<\/p>\n<blockquote>\n<h3>ANCHE A BELLUNO LA MANIFESTAZIONE CONTRO IL GREEN PASS<\/h3>\n<\/blockquote>\n<p><strong>BELLUNO<\/strong> Come a Roma e Milano anche in altre citt\u00e0 d&#8217;Italia si \u00e8 svolta la manifestazione contro il Green Pass. Anche a Belluno un corteo che ha attraversato piazza dei Martiri, Piazza Duomo, Piazza delle Erbe e Via Rialto. Un migliaio le persone che hanno partecipato alla protesta.<\/p>\n<p><iframe loading=\"lazy\" title=\"#NOGREENPASS Belluno 9 ottobre 2021\" width=\"1200\" height=\"675\" src=\"https:\/\/www.youtube.com\/embed\/G2q2NW9G_gY?feature=oembed\" frameborder=\"0\" allow=\"accelerometer; autoplay; clipboard-write; encrypted-media; gyroscope; picture-in-picture\" allowfullscreen><\/iframe><\/p>\n<p>&nbsp;<\/p>\n<hr \/>\n<p>&nbsp;<\/p>\n<blockquote>\n<h3>GLI SPECIALI DEL LUNEDI SUL CORRIERE DELLE ALPI<\/h3>\n<p><strong>DI GIANNI SANTOMASO\u00a0<\/strong><\/p>\n<p><a href=\"https:\/\/www.radiopiu.net\/wordpress\/giornale-radiopiu-11-ottobre-2021-direttore-mirko-mezzacasa\/federico_camagni\/\" rel=\"attachment wp-att-236394\"><img loading=\"lazy\" decoding=\"async\" class=\"size-medium wp-image-236394 alignleft\" src=\"https:\/\/www.radiopiu.net\/wordpress\/wp-content\/uploads\/2021\/10\/Federico_Camagni-241x300.png\" alt=\"\" width=\"241\" height=\"300\" srcset=\"https:\/\/www.radiopiu.net\/wordpress\/wp-content\/uploads\/2021\/10\/Federico_Camagni-241x300.png 241w, https:\/\/www.radiopiu.net\/wordpress\/wp-content\/uploads\/2021\/10\/Federico_Camagni-822x1024.png 822w, https:\/\/www.radiopiu.net\/wordpress\/wp-content\/uploads\/2021\/10\/Federico_Camagni-768x956.png 768w, https:\/\/www.radiopiu.net\/wordpress\/wp-content\/uploads\/2021\/10\/Federico_Camagni-1233x1536.png 1233w, https:\/\/www.radiopiu.net\/wordpress\/wp-content\/uploads\/2021\/10\/Federico_Camagni-1644x2048.png 1644w, https:\/\/www.radiopiu.net\/wordpress\/wp-content\/uploads\/2021\/10\/Federico_Camagni.png 1956w\" sizes=\"auto, (max-width: 241px) 100vw, 241px\" \/><\/a>Montagne autentiche: Rivamonte meglio di Courmayeur Parola di guida alpina<\/p><\/blockquote>\n<p><strong>Il personaggio<\/strong><br \/>\nSe \u00e8 diventato guida alpina \u00e8 anche perch\u00e9 in famiglia qualcuno gli nascondeva le corde e i moschettoni dello zio arrampicatore, facendo crescere anzich\u00e9 spegnere la sua curiosit\u00e0 per la montagna. Il fatto che oggi svolga questa professione nelle Dolomiti e abiti a Le Miotte di Rivamonte \u00e8 invece legato da un lato alla chiusura per il Covid, da un altro all&#8217;amico Valerio Scarpa, da un altro ancora alla nascita, due anni e mezzo fa, della sua bambina. \u00abRivamonte &#8211; dice Federico Camangi, 44 anni, originario di Parma&#8230;<\/p>\n<p>&nbsp;<\/p>\n<p>la vignetta di ERICA ANDRICH<\/p>\n<p>&nbsp;<\/p>\n<p>&nbsp;<\/p>\n<p>&nbsp;<\/p>\n<hr \/>\n<blockquote>\n<h3>Terminati i lavori di messa in sicurezza dalle valanghe a Passo Fedaia. Lavori eseguiti da Veneto Strade<\/h3>\n<\/blockquote>\n\n\t\t\t<style type='text\/css'>\n\t\t\t\t#gallery-4 {\n\t\t\t\t\tmargin: auto;\n\t\t\t\t}\n\t\t\t\t#gallery-4 .gallery-item {\n\t\t\t\t\tfloat: left;\n\t\t\t\t\tmargin-top: 10px;\n\t\t\t\t\ttext-align: center;\n\t\t\t\t\twidth: 33%;\n\t\t\t\t}\n\t\t\t\t#gallery-4 img {\n\t\t\t\t\tborder: 2px solid #cfcfcf;\n\t\t\t\t}\n\t\t\t\t#gallery-4 .gallery-caption {\n\t\t\t\t\tmargin-left: 0;\n\t\t\t\t}\n\t\t\t\t\/* see gallery_shortcode() in wp-includes\/media.php *\/\n\t\t\t<\/style>\n\t\t<div id='gallery-4' class='dt-gallery-container gallery galleryid-236210 gallery-columns-3 gallery-size-thumbnail'><dl class='gallery-item'>\n\t\t\t\t<dt class='gallery-icon landscape'>\n\t\t\t\t\t<a class=\"rollover rollover-zoom dt-pswp-item\" title=\"e4cf02b3-2d3f-4126-9509-c456ac0d8658\" data-dt-img-description=\"\" data-large_image_width=\"2048\" data-large_image_height=\"1536\"href='https:\/\/www.radiopiu.net\/wordpress\/wp-content\/uploads\/2021\/10\/e4cf02b3-2d3f-4126-9509-c456ac0d8658.jpg'><img loading=\"lazy\" decoding=\"async\" width=\"150\" height=\"150\" src=\"https:\/\/www.radiopiu.net\/wordpress\/wp-content\/uploads\/2021\/10\/e4cf02b3-2d3f-4126-9509-c456ac0d8658-150x150.jpg\" class=\"attachment-thumbnail size-thumbnail\" alt=\"\" \/><\/a>\n\t\t\t\t<\/dt><\/dl><dl class='gallery-item'>\n\t\t\t\t<dt class='gallery-icon landscape'>\n\t\t\t\t\t<a class=\"rollover rollover-zoom dt-pswp-item\" title=\"e6377dc5-1e1c-46b4-bdd8-215d2afc1431\" data-dt-img-description=\"\" data-large_image_width=\"2048\" data-large_image_height=\"1536\"href='https:\/\/www.radiopiu.net\/wordpress\/wp-content\/uploads\/2021\/10\/e6377dc5-1e1c-46b4-bdd8-215d2afc1431.jpg'><img loading=\"lazy\" decoding=\"async\" width=\"150\" height=\"150\" src=\"https:\/\/www.radiopiu.net\/wordpress\/wp-content\/uploads\/2021\/10\/e6377dc5-1e1c-46b4-bdd8-215d2afc1431-150x150.jpg\" class=\"attachment-thumbnail size-thumbnail\" alt=\"\" \/><\/a>\n\t\t\t\t<\/dt><\/dl><dl class='gallery-item'>\n\t\t\t\t<dt class='gallery-icon landscape'>\n\t\t\t\t\t<a class=\"rollover rollover-zoom dt-pswp-item\" title=\"d3d98cc5-909c-4168-9849-3e546dfbf078\" data-dt-img-description=\"\" data-large_image_width=\"2048\" data-large_image_height=\"1536\"href='https:\/\/www.radiopiu.net\/wordpress\/wp-content\/uploads\/2021\/10\/d3d98cc5-909c-4168-9849-3e546dfbf078.jpg'><img loading=\"lazy\" decoding=\"async\" width=\"150\" height=\"150\" src=\"https:\/\/www.radiopiu.net\/wordpress\/wp-content\/uploads\/2021\/10\/d3d98cc5-909c-4168-9849-3e546dfbf078-150x150.jpg\" class=\"attachment-thumbnail size-thumbnail\" alt=\"\" \/><\/a>\n\t\t\t\t<\/dt><\/dl><br style=\"clear: both\" \/>\n\t\t\t<\/div>\n\n<p>&nbsp;<\/p>\n<p>&nbsp;<\/p>\n<p>&nbsp;<\/p>\n<hr \/>\n<blockquote>\n<h3><\/h3>\n<h3>DILLO A RADIO PIU&#8217;&#8230;LA CICLABILE LE CAMPE MISSIAGA<\/h3>\n<\/blockquote>\n<p><strong>REDAZIONE<\/strong> Ecco di nuovo un&#8217;altra segnalazione di un ascoltatore di Radio Pi\u00f9. Situazione imbarazzante con la ciclabile ancora chiusa, bloccata da una ricorso di un cittadino che va avanti da anni nonostante cause e denaro pubblico speso in maniera imbarazzante.\u00a0 Clamoroso &#8220;cul de sac&#8221; mentre cambiano sindaci, assessori, consiglieri comunali, Presidenti dell&#8217;Unione Montana, nessuno ha trovato una soluzione o uno spiraglio per dire che finalmente ci siamo. Forse era il caso di spostare il tracciato altrove, sono stati persi anni, &#8220;facce&#8221; e soprattutto denaro pubblico. Ma tutti tacciono.<\/p>\n<p><strong>LE FOTO<\/strong><\/p>\n\n\t\t\t<style type='text\/css'>\n\t\t\t\t#gallery-5 {\n\t\t\t\t\tmargin: auto;\n\t\t\t\t}\n\t\t\t\t#gallery-5 .gallery-item {\n\t\t\t\t\tfloat: left;\n\t\t\t\t\tmargin-top: 10px;\n\t\t\t\t\ttext-align: center;\n\t\t\t\t\twidth: 16%;\n\t\t\t\t}\n\t\t\t\t#gallery-5 img {\n\t\t\t\t\tborder: 2px solid #cfcfcf;\n\t\t\t\t}\n\t\t\t\t#gallery-5 .gallery-caption {\n\t\t\t\t\tmargin-left: 0;\n\t\t\t\t}\n\t\t\t\t\/* see gallery_shortcode() in wp-includes\/media.php *\/\n\t\t\t<\/style>\n\t\t<div id='gallery-5' class='dt-gallery-container gallery galleryid-236210 gallery-columns-6 gallery-size-thumbnail'><dl class='gallery-item'>\n\t\t\t\t<dt class='gallery-icon landscape'>\n\t\t\t\t\t<a class=\"rollover rollover-zoom dt-pswp-item\" title=\"0d40395e-749b-4ce4-b60e-628a4664af99\" data-dt-img-description=\"\" data-large_image_width=\"1600\" data-large_image_height=\"1201\"href='https:\/\/www.radiopiu.net\/wordpress\/wp-content\/uploads\/2021\/10\/0d40395e-749b-4ce4-b60e-628a4664af99.jpg'><img loading=\"lazy\" decoding=\"async\" width=\"150\" height=\"150\" src=\"https:\/\/www.radiopiu.net\/wordpress\/wp-content\/uploads\/2021\/10\/0d40395e-749b-4ce4-b60e-628a4664af99-150x150.jpg\" class=\"attachment-thumbnail size-thumbnail\" alt=\"\" \/><\/a>\n\t\t\t\t<\/dt><\/dl><dl class='gallery-item'>\n\t\t\t\t<dt class='gallery-icon portrait'>\n\t\t\t\t\t<a class=\"rollover rollover-zoom dt-pswp-item\" title=\"3ab4c7b7-8a94-47fc-b2a2-9c8b35b65d9d\" data-dt-img-description=\"\" data-large_image_width=\"1201\" data-large_image_height=\"1600\"href='https:\/\/www.radiopiu.net\/wordpress\/wp-content\/uploads\/2021\/10\/3ab4c7b7-8a94-47fc-b2a2-9c8b35b65d9d.jpg'><img loading=\"lazy\" decoding=\"async\" width=\"150\" height=\"150\" src=\"https:\/\/www.radiopiu.net\/wordpress\/wp-content\/uploads\/2021\/10\/3ab4c7b7-8a94-47fc-b2a2-9c8b35b65d9d-150x150.jpg\" class=\"attachment-thumbnail size-thumbnail\" alt=\"\" \/><\/a>\n\t\t\t\t<\/dt><\/dl><dl class='gallery-item'>\n\t\t\t\t<dt class='gallery-icon portrait'>\n\t\t\t\t\t<a class=\"rollover rollover-zoom dt-pswp-item\" title=\"4e4a8db7-0f4c-446c-bdf3-5197f83cebb2\" data-dt-img-description=\"\" data-large_image_width=\"1201\" data-large_image_height=\"1600\"href='https:\/\/www.radiopiu.net\/wordpress\/wp-content\/uploads\/2021\/10\/4e4a8db7-0f4c-446c-bdf3-5197f83cebb2.jpg'><img loading=\"lazy\" decoding=\"async\" width=\"150\" height=\"150\" src=\"https:\/\/www.radiopiu.net\/wordpress\/wp-content\/uploads\/2021\/10\/4e4a8db7-0f4c-446c-bdf3-5197f83cebb2-150x150.jpg\" class=\"attachment-thumbnail size-thumbnail\" alt=\"\" \/><\/a>\n\t\t\t\t<\/dt><\/dl><dl class='gallery-item'>\n\t\t\t\t<dt class='gallery-icon portrait'>\n\t\t\t\t\t<a class=\"rollover rollover-zoom dt-pswp-item\" title=\"9c09a0bf-14ca-4f2c-b246-d79b730781db\" data-dt-img-description=\"\" data-large_image_width=\"1201\" data-large_image_height=\"1600\"href='https:\/\/www.radiopiu.net\/wordpress\/wp-content\/uploads\/2021\/10\/9c09a0bf-14ca-4f2c-b246-d79b730781db.jpg'><img loading=\"lazy\" decoding=\"async\" width=\"150\" height=\"150\" src=\"https:\/\/www.radiopiu.net\/wordpress\/wp-content\/uploads\/2021\/10\/9c09a0bf-14ca-4f2c-b246-d79b730781db-150x150.jpg\" class=\"attachment-thumbnail size-thumbnail\" alt=\"\" \/><\/a>\n\t\t\t\t<\/dt><\/dl><dl class='gallery-item'>\n\t\t\t\t<dt class='gallery-icon portrait'>\n\t\t\t\t\t<a class=\"rollover rollover-zoom dt-pswp-item\" title=\"21c0d54d-0b12-4a70-9bcc-3063b9cb1b6c\" data-dt-img-description=\"\" data-large_image_width=\"1201\" data-large_image_height=\"1600\"href='https:\/\/www.radiopiu.net\/wordpress\/wp-content\/uploads\/2021\/10\/21c0d54d-0b12-4a70-9bcc-3063b9cb1b6c.jpg'><img loading=\"lazy\" decoding=\"async\" width=\"150\" height=\"150\" src=\"https:\/\/www.radiopiu.net\/wordpress\/wp-content\/uploads\/2021\/10\/21c0d54d-0b12-4a70-9bcc-3063b9cb1b6c-150x150.jpg\" class=\"attachment-thumbnail size-thumbnail\" alt=\"\" \/><\/a>\n\t\t\t\t<\/dt><\/dl><dl class='gallery-item'>\n\t\t\t\t<dt class='gallery-icon portrait'>\n\t\t\t\t\t<a class=\"rollover rollover-zoom dt-pswp-item\" title=\"78615d51-4373-4bba-ad15-1810a6761422\" data-dt-img-description=\"\" data-large_image_width=\"1201\" data-large_image_height=\"1600\"href='https:\/\/www.radiopiu.net\/wordpress\/wp-content\/uploads\/2021\/10\/78615d51-4373-4bba-ad15-1810a6761422.jpg'><img loading=\"lazy\" decoding=\"async\" width=\"150\" height=\"150\" src=\"https:\/\/www.radiopiu.net\/wordpress\/wp-content\/uploads\/2021\/10\/78615d51-4373-4bba-ad15-1810a6761422-150x150.jpg\" class=\"attachment-thumbnail size-thumbnail\" alt=\"\" \/><\/a>\n\t\t\t\t<\/dt><\/dl><br style=\"clear: both\" \/><dl class='gallery-item'>\n\t\t\t\t<dt class='gallery-icon landscape'>\n\t\t\t\t\t<a class=\"rollover rollover-zoom dt-pswp-item\" title=\"6382800a-1da8-43a0-a814-8b14cb431eb1\" data-dt-img-description=\"\" data-large_image_width=\"1600\" data-large_image_height=\"1201\"href='https:\/\/www.radiopiu.net\/wordpress\/wp-content\/uploads\/2021\/10\/6382800a-1da8-43a0-a814-8b14cb431eb1.jpg'><img loading=\"lazy\" decoding=\"async\" width=\"150\" height=\"150\" src=\"https:\/\/www.radiopiu.net\/wordpress\/wp-content\/uploads\/2021\/10\/6382800a-1da8-43a0-a814-8b14cb431eb1-150x150.jpg\" class=\"attachment-thumbnail size-thumbnail\" alt=\"\" \/><\/a>\n\t\t\t\t<\/dt><\/dl><dl class='gallery-item'>\n\t\t\t\t<dt class='gallery-icon portrait'>\n\t\t\t\t\t<a class=\"rollover rollover-zoom dt-pswp-item\" title=\"ad6bb96a-4a8a-4330-8b21-4303d296804b\" data-dt-img-description=\"\" data-large_image_width=\"1201\" data-large_image_height=\"1600\"href='https:\/\/www.radiopiu.net\/wordpress\/wp-content\/uploads\/2021\/10\/ad6bb96a-4a8a-4330-8b21-4303d296804b.jpg'><img loading=\"lazy\" decoding=\"async\" width=\"150\" height=\"150\" src=\"https:\/\/www.radiopiu.net\/wordpress\/wp-content\/uploads\/2021\/10\/ad6bb96a-4a8a-4330-8b21-4303d296804b-150x150.jpg\" class=\"attachment-thumbnail size-thumbnail\" alt=\"\" \/><\/a>\n\t\t\t\t<\/dt><\/dl><dl class='gallery-item'>\n\t\t\t\t<dt class='gallery-icon portrait'>\n\t\t\t\t\t<a class=\"rollover rollover-zoom dt-pswp-item\" title=\"cc11ded3-f5e9-421e-bb9a-121fa2b8b782\" data-dt-img-description=\"\" data-large_image_width=\"1201\" data-large_image_height=\"1600\"href='https:\/\/www.radiopiu.net\/wordpress\/wp-content\/uploads\/2021\/10\/cc11ded3-f5e9-421e-bb9a-121fa2b8b782.jpg'><img loading=\"lazy\" decoding=\"async\" width=\"150\" height=\"150\" src=\"https:\/\/www.radiopiu.net\/wordpress\/wp-content\/uploads\/2021\/10\/cc11ded3-f5e9-421e-bb9a-121fa2b8b782-150x150.jpg\" class=\"attachment-thumbnail size-thumbnail\" alt=\"\" \/><\/a>\n\t\t\t\t<\/dt><\/dl><dl class='gallery-item'>\n\t\t\t\t<dt class='gallery-icon portrait'>\n\t\t\t\t\t<a class=\"rollover rollover-zoom dt-pswp-item\" title=\"dbad9367-7513-4e23-9911-40c6db56725f\" data-dt-img-description=\"\" data-large_image_width=\"1201\" data-large_image_height=\"1600\"href='https:\/\/www.radiopiu.net\/wordpress\/wp-content\/uploads\/2021\/10\/dbad9367-7513-4e23-9911-40c6db56725f.jpg'><img loading=\"lazy\" decoding=\"async\" width=\"150\" height=\"150\" src=\"https:\/\/www.radiopiu.net\/wordpress\/wp-content\/uploads\/2021\/10\/dbad9367-7513-4e23-9911-40c6db56725f-150x150.jpg\" class=\"attachment-thumbnail size-thumbnail\" alt=\"\" \/><\/a>\n\t\t\t\t<\/dt><\/dl><dl class='gallery-item'>\n\t\t\t\t<dt class='gallery-icon portrait'>\n\t\t\t\t\t<a class=\"rollover rollover-zoom dt-pswp-item\" title=\"f7d8d849-8b11-4d12-acd6-69200e0e4410\" data-dt-img-description=\"\" data-large_image_width=\"1201\" data-large_image_height=\"1600\"href='https:\/\/www.radiopiu.net\/wordpress\/wp-content\/uploads\/2021\/10\/f7d8d849-8b11-4d12-acd6-69200e0e4410.jpg'><img loading=\"lazy\" decoding=\"async\" width=\"150\" height=\"150\" src=\"https:\/\/www.radiopiu.net\/wordpress\/wp-content\/uploads\/2021\/10\/f7d8d849-8b11-4d12-acd6-69200e0e4410-150x150.jpg\" class=\"attachment-thumbnail size-thumbnail\" alt=\"\" \/><\/a>\n\t\t\t\t<\/dt><\/dl><dl class='gallery-item'>\n\t\t\t\t<dt class='gallery-icon portrait'>\n\t\t\t\t\t<a class=\"rollover rollover-zoom dt-pswp-item\" title=\"f00405a9-e239-468f-af83-8894d9ffe1b8\" data-dt-img-description=\"\" data-large_image_width=\"1201\" data-large_image_height=\"1600\"href='https:\/\/www.radiopiu.net\/wordpress\/wp-content\/uploads\/2021\/10\/f00405a9-e239-468f-af83-8894d9ffe1b8.jpg'><img loading=\"lazy\" decoding=\"async\" width=\"150\" height=\"150\" src=\"https:\/\/www.radiopiu.net\/wordpress\/wp-content\/uploads\/2021\/10\/f00405a9-e239-468f-af83-8894d9ffe1b8-150x150.jpg\" class=\"attachment-thumbnail size-thumbnail\" alt=\"\" \/><\/a>\n\t\t\t\t<\/dt><\/dl><br style=\"clear: both\" \/>\n\t\t\t<\/div>\n\n<p>&nbsp;<\/p>\n<hr \/>\n<p>&nbsp;<\/p>\n<blockquote>\n<h3>DILLO A RADIO PIU&#8217;&#8230; &#8220;MA I PONTI NON SONO PUBBLICI?&#8221;<\/h3>\n<\/blockquote>\n<p><a href=\"https:\/\/www.radiopiu.net\/wordpress\/dillo-a-radio-piu-la-ciclabile-le-campe-misiaga\/0d40395e-749b-4ce4-b60e-628a4664af99\/\" rel=\"attachment wp-att-236282\"><img loading=\"lazy\" decoding=\"async\" class=\"size-medium wp-image-236282 alignleft\" src=\"https:\/\/www.radiopiu.net\/wordpress\/wp-content\/uploads\/2021\/10\/0d40395e-749b-4ce4-b60e-628a4664af99-300x225.jpg\" alt=\"\" width=\"300\" height=\"225\" srcset=\"https:\/\/www.radiopiu.net\/wordpress\/wp-content\/uploads\/2021\/10\/0d40395e-749b-4ce4-b60e-628a4664af99-300x225.jpg 300w, https:\/\/www.radiopiu.net\/wordpress\/wp-content\/uploads\/2021\/10\/0d40395e-749b-4ce4-b60e-628a4664af99-1024x769.jpg 1024w, https:\/\/www.radiopiu.net\/wordpress\/wp-content\/uploads\/2021\/10\/0d40395e-749b-4ce4-b60e-628a4664af99-768x576.jpg 768w, https:\/\/www.radiopiu.net\/wordpress\/wp-content\/uploads\/2021\/10\/0d40395e-749b-4ce4-b60e-628a4664af99-1536x1153.jpg 1536w, https:\/\/www.radiopiu.net\/wordpress\/wp-content\/uploads\/2021\/10\/0d40395e-749b-4ce4-b60e-628a4664af99.jpg 1600w\" sizes=\"auto, (max-width: 300px) 100vw, 300px\" \/><\/a>Gentile direttore, ho letto il suo recente \u201cDillo a Radio Pi\u00f9\u201d e proprio recentemente avevo gi\u00e0 potuto constatare quanto da voi denunciato. \u201cNel mezzo del cammin di nostra vita \/ mi ritrovai per una selva oscura \/ ch\u00e9 la diritta via era smarrita \/ lasciate ogni speranza o voi che entrate\u201d Queste la mie sensazioni nell\u2019imboccare quella che fino a qualche anno fa, se non una ciclabile, era comunque una bellissima passeggiata. Erbacce ovunque, una decina di alberi abbattuti da Vaia, arbusti e alberelli che crescono da quello che era un tempo un manto d\u2019asfalto, staccionate divelte o sfasciate: l\u2019abbandono pi\u00f9 totale!<br \/>\nMa nessun amministratore \u00e8 passato di qui, se non per mettere due segnali posticci di divieto d\u2019accesso? Non si potrebbe ripristinare in modo decoroso il tratto di oltre un chilometro che \u00e8 costato denaro alla pubblica utilit\u00e0? Perch\u00e9 questo abbandono? Perch\u00e9 questo spreco? Certo \u00e8 noto ormai in Agordino il problema del tappo dal lato del versante della Missiaga in comune di Agordo, ma dal lato di La Valle uno sfogo ci sarebbe grazie ad un ampia strada di servizio, creata dopo Vaia! Perch\u00e9 non affidare a volontari il recupero, come spesso succede? E una domanda finale: come mai quasi met\u00e0 del ponte della Missiaga \u00e8 evidentemente occupato da privati, con tanto di cartello \u201c\u2019propriet\u00e0 privata\u201d? Ma i ponti non sono pubblici?<\/p>\n<p><strong>LETTERA FIRMATA<\/strong><\/p>\n<p>&nbsp;<\/p>\n<p>&nbsp;<\/p>\n<hr \/>\n<p>&nbsp;<\/p>\n<blockquote class=\"wp-embedded-content\" data-secret=\"xoJovwAkni\"><p><a href=\"https:\/\/www.radiopiu.net\/wordpress\/aggiornamentoott10\/\">CORONAVIRUS: AGGIORNAMENTO NAZIONALE 10 OTTOBRE  2021<\/a><\/p><\/blockquote>\n<p><iframe loading=\"lazy\" class=\"wp-embedded-content\" sandbox=\"allow-scripts\" security=\"restricted\" style=\"position: absolute; clip: rect(1px, 1px, 1px, 1px);\" title=\"&#8220;CORONAVIRUS: AGGIORNAMENTO NAZIONALE 10 OTTOBRE  2021&#8221; &#8212; Radio Pi\u00f9\" src=\"https:\/\/www.radiopiu.net\/wordpress\/aggiornamentoott10\/embed\/#?secret=xoJovwAkni\" data-secret=\"xoJovwAkni\" width=\"600\" height=\"338\" frameborder=\"0\" marginwidth=\"0\" marginheight=\"0\" scrolling=\"no\"><\/iframe><\/p>\n<p>&nbsp;<\/p>\n<blockquote class=\"wp-embedded-content\" data-secret=\"371EZMZNth\"><p><a href=\"https:\/\/www.radiopiu.net\/wordpress\/due-decessi-ricoveri-stabili-e-224-nuovi-positivi-in-veneto-nelle-ultime-24-ore\/\">DUE DECESSI, RICOVERI STABILI E 224 NUOVI POSITIVI IN VENETO NELLE ULTIME 24 ORE<\/a><\/p><\/blockquote>\n<p><iframe loading=\"lazy\" class=\"wp-embedded-content\" sandbox=\"allow-scripts\" security=\"restricted\" style=\"position: absolute; clip: rect(1px, 1px, 1px, 1px);\" title=\"&#8220;DUE DECESSI, RICOVERI STABILI E 224 NUOVI POSITIVI IN VENETO NELLE ULTIME 24 ORE&#8221; &#8212; Radio Pi\u00f9\" src=\"https:\/\/www.radiopiu.net\/wordpress\/due-decessi-ricoveri-stabili-e-224-nuovi-positivi-in-veneto-nelle-ultime-24-ore\/embed\/#?secret=371EZMZNth\" data-secret=\"371EZMZNth\" width=\"600\" height=\"338\" frameborder=\"0\" marginwidth=\"0\" marginheight=\"0\" scrolling=\"no\"><\/iframe><\/p>\n<p>&nbsp;<\/p>\n<h2>I GRAFICI DI TIZIANO DE COL<\/h2>\n\n\t\t\t<style type='text\/css'>\n\t\t\t\t#gallery-6 {\n\t\t\t\t\tmargin: auto;\n\t\t\t\t}\n\t\t\t\t#gallery-6 .gallery-item {\n\t\t\t\t\tfloat: left;\n\t\t\t\t\tmargin-top: 10px;\n\t\t\t\t\ttext-align: center;\n\t\t\t\t\twidth: 20%;\n\t\t\t\t}\n\t\t\t\t#gallery-6 img {\n\t\t\t\t\tborder: 2px solid #cfcfcf;\n\t\t\t\t}\n\t\t\t\t#gallery-6 .gallery-caption {\n\t\t\t\t\tmargin-left: 0;\n\t\t\t\t}\n\t\t\t\t\/* see gallery_shortcode() in wp-includes\/media.php *\/\n\t\t\t<\/style>\n\t\t<div id='gallery-6' class='dt-gallery-container gallery galleryid-236210 gallery-columns-5 gallery-size-medium'><dl class='gallery-item'>\n\t\t\t\t<dt class='gallery-icon landscape'>\n\t\t\t\t\t<a class=\"rollover rollover-zoom dt-pswp-item\" title=\"ba88f4ad-3a92-4539-b88a-d73990e544ac\" data-dt-img-description=\"\" data-large_image_width=\"589\" data-large_image_height=\"354\"href='https:\/\/www.radiopiu.net\/wordpress\/wp-content\/uploads\/2021\/10\/ba88f4ad-3a92-4539-b88a-d73990e544ac.jpg'><img loading=\"lazy\" decoding=\"async\" width=\"300\" height=\"180\" src=\"https:\/\/www.radiopiu.net\/wordpress\/wp-content\/uploads\/2021\/10\/ba88f4ad-3a92-4539-b88a-d73990e544ac-300x180.jpg\" class=\"attachment-medium size-medium\" alt=\"\" srcset=\"https:\/\/www.radiopiu.net\/wordpress\/wp-content\/uploads\/2021\/10\/ba88f4ad-3a92-4539-b88a-d73990e544ac-300x180.jpg 300w, https:\/\/www.radiopiu.net\/wordpress\/wp-content\/uploads\/2021\/10\/ba88f4ad-3a92-4539-b88a-d73990e544ac.jpg 589w\" sizes=\"auto, (max-width: 300px) 100vw, 300px\" \/><\/a>\n\t\t\t\t<\/dt><\/dl><dl class='gallery-item'>\n\t\t\t\t<dt class='gallery-icon landscape'>\n\t\t\t\t\t<a class=\"rollover rollover-zoom dt-pswp-item\" title=\"20435ad4-5b8f-4cdb-8acd-7991fbc660a3\" data-dt-img-description=\"\" data-large_image_width=\"608\" data-large_image_height=\"361\"href='https:\/\/www.radiopiu.net\/wordpress\/wp-content\/uploads\/2021\/10\/20435ad4-5b8f-4cdb-8acd-7991fbc660a3.jpg'><img loading=\"lazy\" decoding=\"async\" width=\"300\" height=\"178\" src=\"https:\/\/www.radiopiu.net\/wordpress\/wp-content\/uploads\/2021\/10\/20435ad4-5b8f-4cdb-8acd-7991fbc660a3-300x178.jpg\" class=\"attachment-medium size-medium\" alt=\"\" srcset=\"https:\/\/www.radiopiu.net\/wordpress\/wp-content\/uploads\/2021\/10\/20435ad4-5b8f-4cdb-8acd-7991fbc660a3-300x178.jpg 300w, https:\/\/www.radiopiu.net\/wordpress\/wp-content\/uploads\/2021\/10\/20435ad4-5b8f-4cdb-8acd-7991fbc660a3.jpg 608w\" sizes=\"auto, (max-width: 300px) 100vw, 300px\" \/><\/a>\n\t\t\t\t<\/dt><\/dl><dl class='gallery-item'>\n\t\t\t\t<dt class='gallery-icon landscape'>\n\t\t\t\t\t<a class=\"rollover rollover-zoom dt-pswp-item\" title=\"dfd7c511-5f98-4735-bde0-4cc8b353c464\" data-dt-img-description=\"\" data-large_image_width=\"606\" data-large_image_height=\"353\"href='https:\/\/www.radiopiu.net\/wordpress\/wp-content\/uploads\/2021\/10\/dfd7c511-5f98-4735-bde0-4cc8b353c464.jpg'><img loading=\"lazy\" decoding=\"async\" width=\"300\" height=\"175\" src=\"https:\/\/www.radiopiu.net\/wordpress\/wp-content\/uploads\/2021\/10\/dfd7c511-5f98-4735-bde0-4cc8b353c464-300x175.jpg\" class=\"attachment-medium size-medium\" alt=\"\" srcset=\"https:\/\/www.radiopiu.net\/wordpress\/wp-content\/uploads\/2021\/10\/dfd7c511-5f98-4735-bde0-4cc8b353c464-300x175.jpg 300w, https:\/\/www.radiopiu.net\/wordpress\/wp-content\/uploads\/2021\/10\/dfd7c511-5f98-4735-bde0-4cc8b353c464.jpg 606w\" sizes=\"auto, (max-width: 300px) 100vw, 300px\" \/><\/a>\n\t\t\t\t<\/dt><\/dl><dl class='gallery-item'>\n\t\t\t\t<dt class='gallery-icon landscape'>\n\t\t\t\t\t<a class=\"rollover rollover-zoom dt-pswp-item\" title=\"32ef7e3d-f4f9-4609-9517-414983732f0f\" data-dt-img-description=\"\" data-large_image_width=\"604\" data-large_image_height=\"368\"href='https:\/\/www.radiopiu.net\/wordpress\/wp-content\/uploads\/2021\/10\/32ef7e3d-f4f9-4609-9517-414983732f0f.jpg'><img loading=\"lazy\" decoding=\"async\" width=\"300\" height=\"183\" src=\"https:\/\/www.radiopiu.net\/wordpress\/wp-content\/uploads\/2021\/10\/32ef7e3d-f4f9-4609-9517-414983732f0f-300x183.jpg\" class=\"attachment-medium size-medium\" alt=\"\" srcset=\"https:\/\/www.radiopiu.net\/wordpress\/wp-content\/uploads\/2021\/10\/32ef7e3d-f4f9-4609-9517-414983732f0f-300x183.jpg 300w, https:\/\/www.radiopiu.net\/wordpress\/wp-content\/uploads\/2021\/10\/32ef7e3d-f4f9-4609-9517-414983732f0f.jpg 604w\" sizes=\"auto, (max-width: 300px) 100vw, 300px\" \/><\/a>\n\t\t\t\t<\/dt><\/dl><dl class='gallery-item'>\n\t\t\t\t<dt class='gallery-icon landscape'>\n\t\t\t\t\t<a class=\"rollover rollover-zoom dt-pswp-item\" title=\"127fe9b4-ae04-46c7-828e-3db7697dcde6\" data-dt-img-description=\"\" data-large_image_width=\"602\" data-large_image_height=\"363\"href='https:\/\/www.radiopiu.net\/wordpress\/wp-content\/uploads\/2021\/10\/127fe9b4-ae04-46c7-828e-3db7697dcde6.jpg'><img loading=\"lazy\" decoding=\"async\" width=\"300\" height=\"181\" src=\"https:\/\/www.radiopiu.net\/wordpress\/wp-content\/uploads\/2021\/10\/127fe9b4-ae04-46c7-828e-3db7697dcde6-300x181.jpg\" class=\"attachment-medium size-medium\" alt=\"\" srcset=\"https:\/\/www.radiopiu.net\/wordpress\/wp-content\/uploads\/2021\/10\/127fe9b4-ae04-46c7-828e-3db7697dcde6-300x181.jpg 300w, https:\/\/www.radiopiu.net\/wordpress\/wp-content\/uploads\/2021\/10\/127fe9b4-ae04-46c7-828e-3db7697dcde6.jpg 602w\" sizes=\"auto, (max-width: 300px) 100vw, 300px\" \/><\/a>\n\t\t\t\t<\/dt><\/dl><br style=\"clear: both\" \/>\n\t\t\t<\/div>\n\n<p>&nbsp;<\/p>\n<hr \/>\n<p>&nbsp;<\/p>\n<blockquote>\n<h3>IL RACCONTO DELLA CATASTROFE DEL VAJONT CON LE CRONACHE DEL PROCESSO A L\u2019AQUILA<\/h3>\n<\/blockquote>\n<p><strong>di RENATO BONA<\/strong><\/p>\n<p>Giustamente, il sindaco di Longarone nonch\u00e9 presidente della Provincia di Belluno, Roberto Padrin in occasione della cerimonia ufficiale per ricordare le vittime della catastrofe del Vajont del 9 ottobre 1963, ha esaltato le figure della giornalista Tina Merlin e del giudice istruttore del Tribunale Mario Fabbri, che ebbero una parte importantissima nella denuncia dei pericoli, l\u2019una, nell\u2019accertamento delle responsabilit\u00e0 penalmente perseguite, l\u2019altro. Di rilievo, a mio modesto avviso anche, fra altri, il collega e mio primo caposervizio a Il Gazzettino, Fiorello Zangrando, anch\u2019egli purtroppo scomparso come gli altri due. E non a caso &#8211; come viene ricordato nel libretto intitolato \u201cFiorello Zangrando. In occasione della consegna di una medaglia da parte dell\u2019Associazione Stampa Cadore\u201d edito nel marzo 1980 (stampa tipografia Piave) a cura di Gloria Fiori e Mario Ferruccio Belli &#8211; \u201cPortando avanti il discorso sulle responsabilit\u00e0 della caduta della frana del monte Toc che provoc\u00f2 duemila morti, \u00e8 stato per un paio d\u2019anni inviato de Il Gazzettino a L\u2019Aquila (dove si \u00e8 celebrato il processo per la sciagura \u2013ndr.) ottenendo per tali servizi il \u201cBagutta di giornalismo\u201d nel marzo 1969 (\u201cPremiolino\u201d, giornalista del mese). La pubblicazione si apre con una immagine di Fiorello e della sua famiglia, seguita da un profilo dove si ricorda che il nostro nacque a Perarolo di Cadore in provincia di Belluno il 1. dicembre 1934; ha studiato a Belluno, Trento e a Padova dove nel 1959 si \u00e8 laureato in giurisprudenza discutendo una tesi in Storia del diritto italiano. Ha anche superato l\u2019esame di procuratore legale, ma dopo un anno d\u2019iscrizione all\u2019albo ha preferito rinunciare alla professione di avvocato. All\u2019et\u00e0 di 16 anni ha cominciato a scrivere ed ha pubblicato nel 1951 un opuscolo dedicato alla storia del paese natale. E\u2019 seguita una serie di collaborazioni proseguita per tre lustri. Poi \u00e8 stato capo redattore del quindicinale Il Cadore dal 1955 al 1957 ed ha collaborato con la redazione bellunese de Il Gazzettino della quale \u00e8 divenuto redattore proprio nel 1963 (professionista nel 1965), e capo redazione l\u2019anno seguente. In precedenza aveva svolto il compito di assessore nella Magnifica comunit\u00e0 di Cadore e di funzionario della Camera di commercio. Dopo la parentesi bellunese \u00e8 approdato alla redazione centrale di Venezia del quotidiano fondato dal cadorino Gianpietro Talamini, occupandosi di argomenti come la Biennale del cinema, il processo per le bombe del 1969, il caso Marzollo. La settantina di pagine del libretto contengono quindi testimonianze di: Nicol\u00f2 De Sandre, presidente dell\u2019Associazione stampa Cadore, Dino Conti, Il Gazzettino; Giovanna Svaluto, insegnante elementare; Serafino De Lorenzo; la mia che espongo il ricordo di un collega-amico; Giovanni Fabbiani, storico. C\u2019\u00e8 quindi l\u2019elenco dei libri: \u201cNote sulla storia giuridica del Cadore\u201d, Firenze 1960; \u201cOmbre italiane. Storia dei disegni e pupazzi animati\u201d, Milano 1968;\u201dVajont, memoria di una distruzione\u201d, Bologna, Tamari, 1973, fotografie di Giuseppe Zanfron; \u201cL\u2019Italia di cartone\u201d in collaborazione con Pietro Zanotto, Liviana, Padova 1973; \u201cCadore, un incontro\u201d, Nuovi Sentieri Editore, fotografie di Giuseppe Bruno, Belluno 1978. Seguito da quello di 29 libretti e pubblicazioni antologiche quindi quello delle riviste, ben 158; poi i periodici: cento; ancora: la serie di servizi per Il Cadore degli anni dal 1953 al 1965 e poi degli anni 1977 e 1978; Infine ventuno pagine con l\u2019elenco dei servizi speciali per Il Gazzettino. Estrapolo una frase per ciascuno dei \u201cpresentatori\u201d del giornalista cadorino e mi concedo un po\u2019 di spazio in pi\u00f9, non per vanagloria, certo, ma per ribadire il sentimento di stima profonda e amicizia sincera che mi ha legato, fino alla sua scomparsa avvenuta a Venezia nel 1993, al mio primo caposervizio: Fiorello Zangrando, appunto. Nicol\u00f2 De Sandre: \u201cFiorello Zangrando: quanto difficile parlare di un amico, del quotidiano lavoro che oggi &#8211; professionista stimato &#8211; assolve come l\u2019assolse ieri con l\u2019entusiasmo dell\u2019asceta, con l\u2019onest\u00e0 del puro, con l\u2019equilibrio del montanaro, con la passione di uno che esercita il suo \u2018mestiere\u2019 per vocazione, senza incorrere nel rischio di cadere nella retorica\u2026\u201d. Dino Conti: \u201cNello studente Zangrando, venuto al Gazzettino con i calzoni alla zuava (o, addirittura, corti?) e col foglietto in mano, c\u2019erano il dottore Zangrando, il procuratore, il giornalista, il caposervizio, l\u2019inviato speciale, il critico, lo scrittore, lo studioso. Lui, forse, inconsapevolmente lo sapeva; o ci credeva, che \u00e8 poi la stessa cosa\u2026\u201d. Giovanna Svaluto: \u201cSono la madrina di Fiorello Zangrando, gli sono molto affezionata e perci\u00f2 non vorrei che le mie parole potessero apparire esagerate\u2026 Personalmente ricordo con commozione che un tempo atroce per noi, ebbe pi\u00f9 volte a scrivere degne ed affettuose parole per mio fratello Renato De Zordo, partigiano torturato e barbaramente ucciso dai tedeschi, perch\u00e9 da Italiano e Cadorino non si difese, non accus\u00f2, tenacemente, eroicamente tacque. Gli sono molto vicina col pensiero memore e grato\u201d. Serafino De Lorenzo: \u201cEbbi fin da quegli ormai lontani anni Cinquanta, la percezione che quel ragazzo alto, disinvolto, sempre simpaticamente sorridente, avrebbe ben presto sfondato dove si riprometteva. Una cosa che mi ha fatto e mi fa sempre piacere\u201d. Giovanni Fabbiani: \u201cE\u2019 sintomatico che uno che nacque e visse alcuni anni a Perarolo (dove un cinema non \u2018era), poi a Belluno e certamente con in tasca i pochi soldi d\u2019uno studente da spendere in divertimenti, sia stato in breve capace a saper signoreggiare una produzione abbondante e varia di un tema veramente eccezionale\u2026\u201d. Tocca a me, che all\u2019epoca fui stimolato a scrivere di Zangrando da Mario Ferruccio Belli. \u201cConoscevo gi\u00e0 quello spilungone con baffi. Ci si era visti qualche volta quando il sottoscritto esordiva a Il resto del Carlino, giornale che aveva tentato (senza successo come si sarebbe constatato dopo pochissimi anni) di fare la concorrenza al Gazzettino. E Fiorello era gi\u00e0 importante: \u201cvice\u201d di Lucio De Grandis Una conoscenza che divenne rapporto di subordinazione e immediatamente amicizia quando, con la complicit\u00e0 del comm. Emanuele De Polo, capo redattore centrale, e del carissimo Giovanni Lugaresi, accettai l\u2019incarico di corrispondente da Feltre de Il Gazzettino e fui automaticamente \u2018dipendente\u2019 di Fiorello \u201cFiore\u201d Zangrando, nel frattempo subentrato a De Grandis passato al \u2018Corrierone\u2019. Era l\u2019epoca in cui a Feltre, con l\u2019eredit\u00e0 pesante di personaggi del calibro di Piazzetta e Sommacal, e anche se eri soltanto un pubblicista, c\u2019era l\u2019ambizione di scrivere un\u2019intera pagina di cronaca di Feltre e del Mandamento\u2026 Produrre, produrre\u2026 Era una delle sue sollecitazioni, prima e dopo il quotidiano \u201cgiro di ombre\u201d. Lui per la sua parte \u00e8 sempre stato un \u201cproduttore\u201d formidabile. Notizie. interviste, inchieste, resoconti; faceva di tutto e sempre bene..\u201d. Fra le sue cose pi\u00f9 belle ricordo sovente, con immutato grande piacere, il libro \u201cMemoria per il Vajont. Longarone 1981\u201d- ristampa della prima edizione realizzata per il 9 ottobre 1973 nel decimo anniversario della catastrofe, che conteneva, fra l\u2019altro, \u201cun ammonimento perch\u00e9 il progredire della scienza, spesso soltanto al servizio dell\u2019egoistico profitto, sia pi\u00f9 attento alla salvaguardia della vita umana e dei suoi valori, cos\u00ec che in avvenire ogni conquista possa dare qualcosa in pi\u00f9 all\u2019uomo e non chiedere il suo sacrificio\u201d &#8211; con i suoi testi accostati alle drammaticamente splendide immagini di un altro grande: il fotoreporter Giuseppe \u201cBepi\u201d Zanfron; libro voluto da Comune e associazione Pro Loco di Longarone con il coordinamento grafico e impaginazione di Eronda e stampato dalla bolognese Arti grafiche Tamari nell\u2019ottobre del 1981 quando \u201cLongarone \u00e8 ricostruita ma certamente il Vajont non \u00e8 stato dimenticato\u201d.<\/p>\n\n\t\t\t<style type='text\/css'>\n\t\t\t\t#gallery-7 {\n\t\t\t\t\tmargin: auto;\n\t\t\t\t}\n\t\t\t\t#gallery-7 .gallery-item {\n\t\t\t\t\tfloat: left;\n\t\t\t\t\tmargin-top: 10px;\n\t\t\t\t\ttext-align: center;\n\t\t\t\t\twidth: 20%;\n\t\t\t\t}\n\t\t\t\t#gallery-7 img {\n\t\t\t\t\tborder: 2px solid #cfcfcf;\n\t\t\t\t}\n\t\t\t\t#gallery-7 .gallery-caption {\n\t\t\t\t\tmargin-left: 0;\n\t\t\t\t}\n\t\t\t\t\/* see gallery_shortcode() in wp-includes\/media.php *\/\n\t\t\t<\/style>\n\t\t<div id='gallery-7' class='dt-gallery-container gallery galleryid-236210 gallery-columns-5 gallery-size-thumbnail'><dl class='gallery-item'>\n\t\t\t\t<dt class='gallery-icon portrait'>\n\t\t\t\t\t<a class=\"rollover rollover-zoom dt-pswp-item\" title=\"244705002_388647489590733_1201844575509985863_n\" data-dt-img-description=\"\" data-large_image_width=\"160\" data-large_image_height=\"207\"href='https:\/\/www.radiopiu.net\/wordpress\/wp-content\/uploads\/2021\/10\/244705002_388647489590733_1201844575509985863_n.jpg'><img loading=\"lazy\" decoding=\"async\" width=\"150\" height=\"150\" src=\"https:\/\/www.radiopiu.net\/wordpress\/wp-content\/uploads\/2021\/10\/244705002_388647489590733_1201844575509985863_n-150x150.jpg\" class=\"attachment-thumbnail size-thumbnail\" alt=\"\" \/><\/a>\n\t\t\t\t<\/dt><\/dl><dl class='gallery-item'>\n\t\t\t\t<dt class='gallery-icon landscape'>\n\t\t\t\t\t<a class=\"rollover rollover-zoom dt-pswp-item\" title=\"244699540_412156963866368_2070861846992294656_n\" data-dt-img-description=\"\" data-large_image_width=\"300\" data-large_image_height=\"200\"href='https:\/\/www.radiopiu.net\/wordpress\/wp-content\/uploads\/2021\/10\/244699540_412156963866368_2070861846992294656_n.jpg'><img loading=\"lazy\" decoding=\"async\" width=\"150\" height=\"150\" src=\"https:\/\/www.radiopiu.net\/wordpress\/wp-content\/uploads\/2021\/10\/244699540_412156963866368_2070861846992294656_n-150x150.jpg\" class=\"attachment-thumbnail size-thumbnail\" alt=\"\" \/><\/a>\n\t\t\t\t<\/dt><\/dl><dl class='gallery-item'>\n\t\t\t\t<dt class='gallery-icon landscape'>\n\t\t\t\t\t<a class=\"rollover rollover-zoom dt-pswp-item\" title=\"245165338_551500362798002_8496490592133939756_n\" data-dt-img-description=\"\" data-large_image_width=\"309\" data-large_image_height=\"206\"href='https:\/\/www.radiopiu.net\/wordpress\/wp-content\/uploads\/2021\/10\/245165338_551500362798002_8496490592133939756_n.jpg'><img loading=\"lazy\" decoding=\"async\" width=\"150\" height=\"150\" src=\"https:\/\/www.radiopiu.net\/wordpress\/wp-content\/uploads\/2021\/10\/245165338_551500362798002_8496490592133939756_n-150x150.jpg\" class=\"attachment-thumbnail size-thumbnail\" alt=\"\" \/><\/a>\n\t\t\t\t<\/dt><\/dl><dl class='gallery-item'>\n\t\t\t\t<dt class='gallery-icon landscape'>\n\t\t\t\t\t<a class=\"rollover rollover-zoom dt-pswp-item\" title=\"182893954_150181407061418_2295661337443516749_n\" data-dt-img-description=\"\" data-large_image_width=\"274\" data-large_image_height=\"206\"href='https:\/\/www.radiopiu.net\/wordpress\/wp-content\/uploads\/2021\/10\/182893954_150181407061418_2295661337443516749_n.jpg'><img loading=\"lazy\" decoding=\"async\" width=\"150\" height=\"150\" src=\"https:\/\/www.radiopiu.net\/wordpress\/wp-content\/uploads\/2021\/10\/182893954_150181407061418_2295661337443516749_n-150x150.jpg\" class=\"attachment-thumbnail size-thumbnail\" alt=\"\" \/><\/a>\n\t\t\t\t<\/dt><\/dl><dl class='gallery-item'>\n\t\t\t\t<dt class='gallery-icon portrait'>\n\t\t\t\t\t<a class=\"rollover rollover-zoom dt-pswp-item\" title=\"244715025_943763066175242_1765342455173475985_n\" data-dt-img-description=\"\" data-large_image_width=\"152\" data-large_image_height=\"206\"href='https:\/\/www.radiopiu.net\/wordpress\/wp-content\/uploads\/2021\/10\/244715025_943763066175242_1765342455173475985_n.jpg'><img loading=\"lazy\" decoding=\"async\" width=\"150\" height=\"150\" src=\"https:\/\/www.radiopiu.net\/wordpress\/wp-content\/uploads\/2021\/10\/244715025_943763066175242_1765342455173475985_n-150x150.jpg\" class=\"attachment-thumbnail size-thumbnail\" alt=\"\" \/><\/a>\n\t\t\t\t<\/dt><\/dl><br style=\"clear: both\" \/><dl class='gallery-item'>\n\t\t\t\t<dt class='gallery-icon landscape'>\n\t\t\t\t\t<a class=\"rollover rollover-zoom dt-pswp-item\" title=\"245095351_599265241208213_3438904905929767291_n\" data-dt-img-description=\"\" data-large_image_width=\"259\" data-large_image_height=\"206\"href='https:\/\/www.radiopiu.net\/wordpress\/wp-content\/uploads\/2021\/10\/245095351_599265241208213_3438904905929767291_n.jpg'><img loading=\"lazy\" decoding=\"async\" width=\"150\" height=\"150\" src=\"https:\/\/www.radiopiu.net\/wordpress\/wp-content\/uploads\/2021\/10\/245095351_599265241208213_3438904905929767291_n-150x150.jpg\" class=\"attachment-thumbnail size-thumbnail\" alt=\"\" \/><\/a>\n\t\t\t\t<\/dt><\/dl><dl class='gallery-item'>\n\t\t\t\t<dt class='gallery-icon portrait'>\n\t\t\t\t\t<a class=\"rollover rollover-zoom dt-pswp-item\" title=\"244690557_885878658713058_8817880309553008708_n\" data-dt-img-description=\"\" data-large_image_width=\"151\" data-large_image_height=\"206\"href='https:\/\/www.radiopiu.net\/wordpress\/wp-content\/uploads\/2021\/10\/244690557_885878658713058_8817880309553008708_n.jpg'><img loading=\"lazy\" decoding=\"async\" width=\"150\" height=\"150\" src=\"https:\/\/www.radiopiu.net\/wordpress\/wp-content\/uploads\/2021\/10\/244690557_885878658713058_8817880309553008708_n-150x150.jpg\" class=\"attachment-thumbnail size-thumbnail\" alt=\"\" \/><\/a>\n\t\t\t\t<\/dt><\/dl><dl class='gallery-item'>\n\t\t\t\t<dt class='gallery-icon portrait'>\n\t\t\t\t\t<a class=\"rollover rollover-zoom dt-pswp-item\" title=\"245218441_1582472902089088_2524628026316498483_n\" data-dt-img-description=\"\" data-large_image_width=\"160\" data-large_image_height=\"205\"href='https:\/\/www.radiopiu.net\/wordpress\/wp-content\/uploads\/2021\/10\/245218441_1582472902089088_2524628026316498483_n.jpg'><img loading=\"lazy\" decoding=\"async\" width=\"150\" height=\"150\" src=\"https:\/\/www.radiopiu.net\/wordpress\/wp-content\/uploads\/2021\/10\/245218441_1582472902089088_2524628026316498483_n-150x150.jpg\" class=\"attachment-thumbnail size-thumbnail\" alt=\"\" \/><\/a>\n\t\t\t\t<\/dt><\/dl><dl class='gallery-item'>\n\t\t\t\t<dt class='gallery-icon landscape'>\n\t\t\t\t\t<a class=\"rollover rollover-zoom dt-pswp-item\" title=\"244699308_573744543867489_969151207365936606_n\" data-dt-img-description=\"\" data-large_image_width=\"368\" data-large_image_height=\"206\"href='https:\/\/www.radiopiu.net\/wordpress\/wp-content\/uploads\/2021\/10\/244699308_573744543867489_969151207365936606_n.jpg'><img loading=\"lazy\" decoding=\"async\" width=\"150\" height=\"150\" src=\"https:\/\/www.radiopiu.net\/wordpress\/wp-content\/uploads\/2021\/10\/244699308_573744543867489_969151207365936606_n-150x150.jpg\" class=\"attachment-thumbnail size-thumbnail\" alt=\"\" \/><\/a>\n\t\t\t\t<\/dt><\/dl><dl class='gallery-item'>\n\t\t\t\t<dt class='gallery-icon landscape'>\n\t\t\t\t\t<a class=\"rollover rollover-zoom dt-pswp-item\" title=\"244971908_601869417896267_8306562021224571_n\" data-dt-img-description=\"\" data-large_image_width=\"338\" data-large_image_height=\"206\"href='https:\/\/www.radiopiu.net\/wordpress\/wp-content\/uploads\/2021\/10\/244971908_601869417896267_8306562021224571_n.jpg'><img loading=\"lazy\" decoding=\"async\" width=\"150\" height=\"150\" src=\"https:\/\/www.radiopiu.net\/wordpress\/wp-content\/uploads\/2021\/10\/244971908_601869417896267_8306562021224571_n-150x150.jpg\" class=\"attachment-thumbnail size-thumbnail\" alt=\"\" \/><\/a>\n\t\t\t\t<\/dt><\/dl><br style=\"clear: both\" \/><dl class='gallery-item'>\n\t\t\t\t<dt class='gallery-icon landscape'>\n\t\t\t\t\t<a class=\"rollover rollover-zoom dt-pswp-item\" title=\"244981477_886857405326981_3119363325223065961_n\" data-dt-img-description=\"\" data-large_image_width=\"311\" data-large_image_height=\"206\"href='https:\/\/www.radiopiu.net\/wordpress\/wp-content\/uploads\/2021\/10\/244981477_886857405326981_3119363325223065961_n.jpg'><img loading=\"lazy\" decoding=\"async\" width=\"150\" height=\"150\" src=\"https:\/\/www.radiopiu.net\/wordpress\/wp-content\/uploads\/2021\/10\/244981477_886857405326981_3119363325223065961_n-150x150.jpg\" class=\"attachment-thumbnail size-thumbnail\" alt=\"\" \/><\/a>\n\t\t\t\t<\/dt><\/dl><dl class='gallery-item'>\n\t\t\t\t<dt class='gallery-icon landscape'>\n\t\t\t\t\t<a class=\"rollover rollover-zoom dt-pswp-item\" title=\"244714517_395405768731681_638424015129679514_n\" data-dt-img-description=\"\" data-large_image_width=\"215\" data-large_image_height=\"206\"href='https:\/\/www.radiopiu.net\/wordpress\/wp-content\/uploads\/2021\/10\/244714517_395405768731681_638424015129679514_n.jpg'><img loading=\"lazy\" decoding=\"async\" width=\"150\" height=\"150\" src=\"https:\/\/www.radiopiu.net\/wordpress\/wp-content\/uploads\/2021\/10\/244714517_395405768731681_638424015129679514_n-150x150.jpg\" class=\"attachment-thumbnail size-thumbnail\" alt=\"\" \/><\/a>\n\t\t\t\t<\/dt><\/dl><dl class='gallery-item'>\n\t\t\t\t<dt class='gallery-icon landscape'>\n\t\t\t\t\t<a class=\"rollover rollover-zoom dt-pswp-item\" title=\"244995113_3066523456951331_7514017051512622097_n\" data-dt-img-description=\"\" data-large_image_width=\"318\" data-large_image_height=\"206\"href='https:\/\/www.radiopiu.net\/wordpress\/wp-content\/uploads\/2021\/10\/244995113_3066523456951331_7514017051512622097_n.jpg'><img loading=\"lazy\" decoding=\"async\" width=\"150\" height=\"150\" src=\"https:\/\/www.radiopiu.net\/wordpress\/wp-content\/uploads\/2021\/10\/244995113_3066523456951331_7514017051512622097_n-150x150.jpg\" class=\"attachment-thumbnail size-thumbnail\" alt=\"\" \/><\/a>\n\t\t\t\t<\/dt><\/dl><dl class='gallery-item'>\n\t\t\t\t<dt class='gallery-icon portrait'>\n\t\t\t\t\t<a class=\"rollover rollover-zoom dt-pswp-item\" title=\"244677180_301408018082466_3083091936734868673_n\" data-dt-img-description=\"\" data-large_image_width=\"150\" data-large_image_height=\"240\"href='https:\/\/www.radiopiu.net\/wordpress\/wp-content\/uploads\/2021\/10\/244677180_301408018082466_3083091936734868673_n.jpg'><img loading=\"lazy\" decoding=\"async\" width=\"150\" height=\"150\" src=\"https:\/\/www.radiopiu.net\/wordpress\/wp-content\/uploads\/2021\/10\/244677180_301408018082466_3083091936734868673_n-150x150.jpg\" class=\"attachment-thumbnail size-thumbnail\" alt=\"\" \/><\/a>\n\t\t\t\t<\/dt><\/dl><dl class='gallery-item'>\n\t\t\t\t<dt class='gallery-icon landscape'>\n\t\t\t\t\t<a class=\"rollover rollover-zoom dt-pswp-item\" title=\"244967644_903908857198992_473329123050561186_n\" data-dt-img-description=\"\" data-large_image_width=\"296\" data-large_image_height=\"203\"href='https:\/\/www.radiopiu.net\/wordpress\/wp-content\/uploads\/2021\/10\/244967644_903908857198992_473329123050561186_n.jpg'><img loading=\"lazy\" decoding=\"async\" width=\"150\" height=\"150\" src=\"https:\/\/www.radiopiu.net\/wordpress\/wp-content\/uploads\/2021\/10\/244967644_903908857198992_473329123050561186_n-150x150.jpg\" class=\"attachment-thumbnail size-thumbnail\" alt=\"\" \/><\/a>\n\t\t\t\t<\/dt><\/dl><br style=\"clear: both\" \/>\n\t\t\t<\/div>\n\n<p>NELLE FOTO (riproduzioni dai libri \u201cFiorello Zangrando\u201d e \u201cMemoria per il Vajont\u201d): il giornalista Fiorello Zangrando con moglie e figli; la targa che gli \u00e8 stata dedicata nella via Roma a Perarolo di Cadore, paese natale, ad iniziativa de Il Cidolo; Renato Bona, assunto a Il Gazzettino di Feltre, offr\u00ec una cena a colleghi ed amici: il \u201ccapo\u201d Zangrando \u00e8 al centro in basso, tra chi scrive e l\u2019allora sindaco Sisto Belli, in piedi da sinistra: Sostene Schena, Ezio Pellizzaroli, Sergio Sommacal e Giovanni Lugaresi; il sindaco di Longarone e presidente della Provincia di Belluno, Roberto Padrin; la copertina del libro \u201cMemoria per il Vajont\u201d; la giornalista bellunese Tina Merlin (accanto a lei Zangrando) che per prima denunci\u00f2 i pericoli rappresentati dalla costruzione della diga del Vajont; soccorritori alla ricerca di superstiti; vigile del fuoco assiste una donna che si \u00e8 salvata; distruzione ovunque; i feriti portati all\u2019ospedale con elicotteri; il recupero delle vittime; centro di Longarone devastato; alpini, e non solo, mobilitati nelle operazioni di soccorso; raccapricciante panoramica di Longarone devastata dalla furia delle acque; disperazione di una superstite.<\/p>\n<p>&nbsp;<\/p>\n<p>&nbsp;<\/p>\n<hr \/>\n<blockquote>\n<h3><\/h3>\n<h3>58 ANNI DAL VAJONT. BERTON: \u201cLA MEMORIA DELLA TRAGEDIA, OGGI PIU\u2019 CHE MAI, CI INSEGNA COSA VUOL DIRE RIPARTIRE<\/h3>\n<\/blockquote>\n<p><strong><a href=\"https:\/\/www.radiopiu.net\/wordpress\/giornale-radiopiu-14-gennaio-2020-direttore-mirko-mezzacasa\/lorraine_berton-2\/\" rel=\"attachment wp-att-112912\"><img loading=\"lazy\" decoding=\"async\" class=\"wp-image-112912 alignleft\" src=\"https:\/\/www.radiopiu.net\/wordpress\/wp-content\/uploads\/2020\/01\/Lorraine_Berton-300x300.jpg\" alt=\"\" width=\"227\" height=\"227\" srcset=\"https:\/\/www.radiopiu.net\/wordpress\/wp-content\/uploads\/2020\/01\/Lorraine_Berton-300x300.jpg 300w, https:\/\/www.radiopiu.net\/wordpress\/wp-content\/uploads\/2020\/01\/Lorraine_Berton-150x150.jpg 150w, https:\/\/www.radiopiu.net\/wordpress\/wp-content\/uploads\/2020\/01\/Lorraine_Berton.jpg 767w\" sizes=\"auto, (max-width: 227px) 100vw, 227px\" \/><\/a>BELLUNO <\/strong>\u201cLa memoria del Vajont, oggi pi\u00f9 che mai, deve farci trovare la forza per rimanere su questo territorio, avere rispetto della montagna e delle sue genti. Siamo ripartiti allora, dopo una tragedia inenarrabile, stiamo ripartendo anche oggi con una pandemia ancora in corso e che ha lasciato tante, troppe, cicatrici. Non dimenticare la nostra storia \u00e8 il modo migliore per affrontare il presente e le sue incertezze, formulando politiche efficaci e sostenibili, a misura d\u2019uomo, di famiglia e di impresa\u201d. A dirlo \u2013 nel giorno del 58esimo anniversario della catastrofe del Vajont \u2013 \u00e8 Lorraine Berton, presidente di Confindustria Belluno Dolomiti. \u201cRicordare quanto successo \u00e8 doveroso, ma la memoria non deve essere mai fine a s\u00e9 stessa. Il vero rispetto nasce dall\u2019azione e dalla capacit\u00e0 di creare le condizioni per assicurare un futuro ai nostri territori e alle nuove generazioni. Anche per questo oggi \u00e8 necessario cogliere tutte quelle opportunit\u00e0 che possano trattenere persone e talenti. Le Istituzioni, su questo, devono responsabilizzarsi: qualcosa \u00e8 stato fatto, ma tanto resta da fare\u201d.<\/p>\n<p>&nbsp;<\/p>\n<p>&nbsp;<\/p>\n<hr \/>\n<p>&nbsp;<\/p>\n<blockquote>\n<h3>INAUGURATO IL CENTRO DI RIUSO A SEDICO<\/h3>\n<\/blockquote>\n<p><strong>SEDICO <\/strong>\u00c8 stato inaugurato sabato il centro del riuso a Sedico.<\/p>\n<p><strong>GIOIA SACCHET, ASSESSORE DEL COMUNE DI SEDICO<\/strong><\/p>\n<audio class=\"wp-audio-shortcode\" id=\"audio-236210-3\" preload=\"none\" style=\"width: 100%;\" controls=\"controls\"><source type=\"audio\/mpeg\" src=\"https:\/\/www.radiopiu.net\/wordpress\/wp-content\/uploads\/2021\/10\/GIOIA-SACCHE-CENTRO-RIUSO.mp3?_=3\" \/><a href=\"https:\/\/www.radiopiu.net\/wordpress\/wp-content\/uploads\/2021\/10\/GIOIA-SACCHE-CENTRO-RIUSO.mp3\">https:\/\/www.radiopiu.net\/wordpress\/wp-content\/uploads\/2021\/10\/GIOIA-SACCHE-CENTRO-RIUSO.mp3<\/a><\/audio>\n<p>&nbsp;<\/p>\n\n\t\t\t<style type='text\/css'>\n\t\t\t\t#gallery-8 {\n\t\t\t\t\tmargin: auto;\n\t\t\t\t}\n\t\t\t\t#gallery-8 .gallery-item {\n\t\t\t\t\tfloat: left;\n\t\t\t\t\tmargin-top: 10px;\n\t\t\t\t\ttext-align: center;\n\t\t\t\t\twidth: 25%;\n\t\t\t\t}\n\t\t\t\t#gallery-8 img {\n\t\t\t\t\tborder: 2px solid #cfcfcf;\n\t\t\t\t}\n\t\t\t\t#gallery-8 .gallery-caption {\n\t\t\t\t\tmargin-left: 0;\n\t\t\t\t}\n\t\t\t\t\/* see gallery_shortcode() in wp-includes\/media.php *\/\n\t\t\t<\/style>\n\t\t<div id='gallery-8' class='dt-gallery-container gallery galleryid-236210 gallery-columns-4 gallery-size-medium'><dl class='gallery-item'>\n\t\t\t\t<dt class='gallery-icon landscape'>\n\t\t\t\t\t<a class=\"rollover rollover-zoom dt-pswp-item\" title=\"13b3fbd1-fb82-4be8-b6c2-fd162ba1bf68\" data-dt-img-description=\"\" data-large_image_width=\"1024\" data-large_image_height=\"768\"href='https:\/\/www.radiopiu.net\/wordpress\/wp-content\/uploads\/2021\/10\/13b3fbd1-fb82-4be8-b6c2-fd162ba1bf68.jpg'><img loading=\"lazy\" decoding=\"async\" width=\"300\" height=\"225\" src=\"https:\/\/www.radiopiu.net\/wordpress\/wp-content\/uploads\/2021\/10\/13b3fbd1-fb82-4be8-b6c2-fd162ba1bf68-300x225.jpg\" class=\"attachment-medium size-medium\" alt=\"\" srcset=\"https:\/\/www.radiopiu.net\/wordpress\/wp-content\/uploads\/2021\/10\/13b3fbd1-fb82-4be8-b6c2-fd162ba1bf68-300x225.jpg 300w, https:\/\/www.radiopiu.net\/wordpress\/wp-content\/uploads\/2021\/10\/13b3fbd1-fb82-4be8-b6c2-fd162ba1bf68-768x576.jpg 768w, https:\/\/www.radiopiu.net\/wordpress\/wp-content\/uploads\/2021\/10\/13b3fbd1-fb82-4be8-b6c2-fd162ba1bf68.jpg 1024w\" sizes=\"auto, (max-width: 300px) 100vw, 300px\" \/><\/a>\n\t\t\t\t<\/dt><\/dl><dl class='gallery-item'>\n\t\t\t\t<dt class='gallery-icon landscape'>\n\t\t\t\t\t<a class=\"rollover rollover-zoom dt-pswp-item\" title=\"6901a8d0-008d-4719-b301-bcfa3755fae3\" data-dt-img-description=\"\" data-large_image_width=\"1024\" data-large_image_height=\"768\"href='https:\/\/www.radiopiu.net\/wordpress\/wp-content\/uploads\/2021\/10\/6901a8d0-008d-4719-b301-bcfa3755fae3.jpg'><img loading=\"lazy\" decoding=\"async\" width=\"300\" height=\"225\" src=\"https:\/\/www.radiopiu.net\/wordpress\/wp-content\/uploads\/2021\/10\/6901a8d0-008d-4719-b301-bcfa3755fae3-300x225.jpg\" class=\"attachment-medium size-medium\" alt=\"\" srcset=\"https:\/\/www.radiopiu.net\/wordpress\/wp-content\/uploads\/2021\/10\/6901a8d0-008d-4719-b301-bcfa3755fae3-300x225.jpg 300w, https:\/\/www.radiopiu.net\/wordpress\/wp-content\/uploads\/2021\/10\/6901a8d0-008d-4719-b301-bcfa3755fae3-768x576.jpg 768w, https:\/\/www.radiopiu.net\/wordpress\/wp-content\/uploads\/2021\/10\/6901a8d0-008d-4719-b301-bcfa3755fae3.jpg 1024w\" sizes=\"auto, (max-width: 300px) 100vw, 300px\" \/><\/a>\n\t\t\t\t<\/dt><\/dl><dl class='gallery-item'>\n\t\t\t\t<dt class='gallery-icon landscape'>\n\t\t\t\t\t<a class=\"rollover rollover-zoom dt-pswp-item\" title=\"6b3f3107-f277-4abb-925e-fb32a5cad232\" data-dt-img-description=\"\" data-large_image_width=\"1024\" data-large_image_height=\"768\"href='https:\/\/www.radiopiu.net\/wordpress\/wp-content\/uploads\/2021\/10\/6b3f3107-f277-4abb-925e-fb32a5cad232.jpg'><img loading=\"lazy\" decoding=\"async\" width=\"300\" height=\"225\" src=\"https:\/\/www.radiopiu.net\/wordpress\/wp-content\/uploads\/2021\/10\/6b3f3107-f277-4abb-925e-fb32a5cad232-300x225.jpg\" class=\"attachment-medium size-medium\" alt=\"\" srcset=\"https:\/\/www.radiopiu.net\/wordpress\/wp-content\/uploads\/2021\/10\/6b3f3107-f277-4abb-925e-fb32a5cad232-300x225.jpg 300w, https:\/\/www.radiopiu.net\/wordpress\/wp-content\/uploads\/2021\/10\/6b3f3107-f277-4abb-925e-fb32a5cad232-768x576.jpg 768w, https:\/\/www.radiopiu.net\/wordpress\/wp-content\/uploads\/2021\/10\/6b3f3107-f277-4abb-925e-fb32a5cad232.jpg 1024w\" sizes=\"auto, (max-width: 300px) 100vw, 300px\" \/><\/a>\n\t\t\t\t<\/dt><\/dl><dl class='gallery-item'>\n\t\t\t\t<dt class='gallery-icon landscape'>\n\t\t\t\t\t<a class=\"rollover rollover-zoom dt-pswp-item\" title=\"94c9f447-ab54-4bbd-9b6f-2e0b1c0b568d\" data-dt-img-description=\"\" data-large_image_width=\"1024\" data-large_image_height=\"768\"href='https:\/\/www.radiopiu.net\/wordpress\/wp-content\/uploads\/2021\/10\/94c9f447-ab54-4bbd-9b6f-2e0b1c0b568d.jpg'><img loading=\"lazy\" decoding=\"async\" width=\"300\" height=\"225\" src=\"https:\/\/www.radiopiu.net\/wordpress\/wp-content\/uploads\/2021\/10\/94c9f447-ab54-4bbd-9b6f-2e0b1c0b568d-300x225.jpg\" class=\"attachment-medium size-medium\" alt=\"\" srcset=\"https:\/\/www.radiopiu.net\/wordpress\/wp-content\/uploads\/2021\/10\/94c9f447-ab54-4bbd-9b6f-2e0b1c0b568d-300x225.jpg 300w, https:\/\/www.radiopiu.net\/wordpress\/wp-content\/uploads\/2021\/10\/94c9f447-ab54-4bbd-9b6f-2e0b1c0b568d-768x576.jpg 768w, https:\/\/www.radiopiu.net\/wordpress\/wp-content\/uploads\/2021\/10\/94c9f447-ab54-4bbd-9b6f-2e0b1c0b568d.jpg 1024w\" sizes=\"auto, (max-width: 300px) 100vw, 300px\" \/><\/a>\n\t\t\t\t<\/dt><\/dl><br style=\"clear: both\" \/>\n\t\t\t<\/div>\n\n<p>&nbsp;<\/p>\n<p><strong>DAL GIORNALE RADIO DEL 07 OTTOBRE IL SERVIZIO DI DAMIANO TORMEN<\/strong><\/p>\n<audio class=\"wp-audio-shortcode\" id=\"audio-236210-4\" preload=\"none\" style=\"width: 100%;\" controls=\"controls\"><source type=\"audio\/mpeg\" src=\"https:\/\/www.radiopiu.net\/wordpress\/wp-content\/uploads\/2021\/10\/damiano.mp3?_=4\" \/><a href=\"https:\/\/www.radiopiu.net\/wordpress\/wp-content\/uploads\/2021\/10\/damiano.mp3\">https:\/\/www.radiopiu.net\/wordpress\/wp-content\/uploads\/2021\/10\/damiano.mp3<\/a><\/audio>\n<p>&nbsp;<\/p>\n<hr \/>\n<p>&nbsp;<\/p>\n<blockquote>\n<h3>IN FASE DI CONCLUSIONE I LAVORI A BORGATA GIAU A VALLE DI CADORE<\/h3>\n<\/blockquote>\n<p><strong><a href=\"https:\/\/www.radiopiu.net\/wordpress\/giornale-radiopiu-11-ottobre-2021-direttore-mirko-mezzacasa\/sopralluogo-2\/\" rel=\"attachment wp-att-236218\"><img loading=\"lazy\" decoding=\"async\" class=\"size-medium wp-image-236218 alignleft\" src=\"https:\/\/www.radiopiu.net\/wordpress\/wp-content\/uploads\/2021\/10\/Sopralluogo-2-300x225.jpg\" alt=\"\" width=\"300\" height=\"225\" srcset=\"https:\/\/www.radiopiu.net\/wordpress\/wp-content\/uploads\/2021\/10\/Sopralluogo-2-300x225.jpg 300w, https:\/\/www.radiopiu.net\/wordpress\/wp-content\/uploads\/2021\/10\/Sopralluogo-2-1024x768.jpg 1024w, https:\/\/www.radiopiu.net\/wordpress\/wp-content\/uploads\/2021\/10\/Sopralluogo-2-768x576.jpg 768w, https:\/\/www.radiopiu.net\/wordpress\/wp-content\/uploads\/2021\/10\/Sopralluogo-2.jpg 1417w\" sizes=\"auto, (max-width: 300px) 100vw, 300px\" \/><\/a>VALLE DI CADORE <\/strong>Sono in fase di conclusione gli ultimi lavori di mitigazione del rischio idrogeologico a Borgata Giau (Valle di Cadore). La Provincia ha messo in campo tre somme urgenze negli ultimi mesi, per un investimento complessivo di quasi 500mila euro, con l\u2019obiettivo di ridurre il pi\u00f9 possibile il rischio di colate di fango provenienti dal versante a monte dell\u2019abitato. Il problema si \u00e8 presentato a inizio dicembre 2020, in concomitanza con le abbondanti piogge che hanno investito tutto il Bellunese. Tra il 5 e il 9 dicembre una frana liquida di terra e acqua si era riversata sulle case e sulla strada comunale.<span class=\"gmail-Apple-converted-space\"> \u00a0<\/span>In totale, la Provincia \u00e8 intervenuta tre volte sul versante di Borgata Giau, per lo sgombero del materiale e la pulizia dell\u2019area di accumulo, per la risagomatura del versante, ma soprattutto per la realizzazione di importanti opere di mitigazione del rischio. In particolare, \u00e8 stato creato un drenaggio delle acque, con moderazione di un tratto di canale, per impedire che le piogge trascinino a valle materiale e terra. Sono stati costruiti nuovi argini e terre rinforzate per stabilizzare il pendio.<span class=\"gmail-Apple-converted-space\"> \u00a0<\/span>Nei giorni scorsi il presidente della Provincia e due consiglieri sono stati in sopralluogo sul cantiere, in via di conclusione.<\/p>\n<p>&nbsp;<\/p>\n<p>&nbsp;<\/p>\n<hr \/>\n<p>&nbsp;<\/p>\n<blockquote>\n<h3>LA LEGA DICE NO ALLA VENDITA DI UNA PORZIONE DELLA CASERMA PIAVE<\/h3>\n<\/blockquote>\n<p><strong>BELLUNO<\/strong> \u201cAll&#8217;alienazione di una parte dell&#8217;ex caserma Piave, noi diciamo no\u201d. A parlare \u00e8 l&#8217;esponente della Lega in Consiglio comunale Marzio Sovilla, a proposito dell&#8217;ex spazio militare di via Tiziano Vecellio, affidato da anni ad associazioni di volontariato e ad enti del terzo settore. L&#8217;intenzione dell&#8217;amministrazione Massaro di vendere una parte del complesso non trova d&#8217;accordo il partito, convinto di come l&#8217;alienazione di una parte degli edifici svaluter\u00e0 l&#8217;intera area.<\/p>\n<p>&nbsp;<\/p>\n<p>&nbsp;<\/p>\n<hr \/>\n<p>&nbsp;<\/p>\n<blockquote>\n<h3>LA OXFORD SCHOOL OF ENGLISH ARRIVA IN AGORDINO<\/h3>\n<\/blockquote>\n<p><strong><a href=\"https:\/\/www.radiopiu.net\/wordpress\/giornale-radiopiu-11-ottobre-2021-direttore-mirko-mezzacasa\/244925840_1520371381658948_4127111717002817107_n\/\" rel=\"attachment wp-att-236213\"><img loading=\"lazy\" decoding=\"async\" class=\"wp-image-236213 alignleft\" src=\"https:\/\/www.radiopiu.net\/wordpress\/wp-content\/uploads\/2021\/10\/244925840_1520371381658948_4127111717002817107_n-225x300.jpg\" alt=\"\" width=\"104\" height=\"139\" srcset=\"https:\/\/www.radiopiu.net\/wordpress\/wp-content\/uploads\/2021\/10\/244925840_1520371381658948_4127111717002817107_n-225x300.jpg 225w, https:\/\/www.radiopiu.net\/wordpress\/wp-content\/uploads\/2021\/10\/244925840_1520371381658948_4127111717002817107_n-768x1024.jpg 768w, https:\/\/www.radiopiu.net\/wordpress\/wp-content\/uploads\/2021\/10\/244925840_1520371381658948_4127111717002817107_n-1152x1536.jpg 1152w, https:\/\/www.radiopiu.net\/wordpress\/wp-content\/uploads\/2021\/10\/244925840_1520371381658948_4127111717002817107_n.jpg 1511w\" sizes=\"auto, (max-width: 104px) 100vw, 104px\" \/><\/a>AGORDO <\/strong>\u00c8\u00a0stato firmato il contratto di collaborazione tra &#8220;Dolomiti English School&#8221; di Claudia Soppelsa e la <a class=\"gmail-oajrlxb2 gmail-g5ia77u1 gmail-qu0x051f esr5mh6w e9989ue4 gmail-r7d6kgcz gmail-rq0escxv gmail-nhd2j8a9 gmail-nc684nl6 gmail-p7hjln8o gmail-kvgmc6g5 gmail-cxmmr5t8 gmail-oygrvhab gmail-hcukyx3x gmail-jb3vyjys gmail-rz4wbd8a gmail-qt6c0cv9 gmail-a8nywdso gmail-i1ao9s8h esuyzwwr gmail-f1sip0of gmail-lzcic4wl gmail-q66pz984 gmail-gpro0wi8 gmail-b1v8xokw\" tabindex=\"0\" title=\"https:\/\/www.facebook.com\/Oxford.School.1961\/?__cft__[0]=AZVDIPrpK6q-LR2tbCb47pE4j9hy6TJranNtxAbdElwue3NKZO4ytUu2Mu7HgzzrD6CYz8WU53RE8_7iKKbWYbgvcJdiWXCSKQodjnnYbTCiQzHHhhjSli9OzojVNrMWDCdst1fammEDUotBbsFE8sZ1o4WdYp5VzmEnYW9Lw_i0BQ&amp;__tn__=kK-y-R\" role=\"link\" href=\"https:\/\/www.facebook.com\/Oxford.School.1961\/?__cft__[0]=AZVDIPrpK6q-LR2tbCb47pE4j9hy6TJranNtxAbdElwue3NKZO4ytUu2Mu7HgzzrD6CYz8WU53RE8_7iKKbWYbgvcJdiWXCSKQodjnnYbTCiQzHHhhjSli9OzojVNrMWDCdst1fammEDUotBbsFE8sZ1o4WdYp5VzmEnYW9Lw_i0BQ&amp;__tn__=kK-y-R\"><span class=\"gmail-nc684nl6\">Oxford School of English<\/span><\/a>, 60 anni di esperienza in Italia sull&#8217;insegnamento delle lingue. Per la primissima volta nella storia d&#8217;Agordino, sar\u00e0 possibile proporre i viaggi studio per ragazzi, famiglie e adulti. E soprattutto si aprir\u00e0 l&#8217;opportunit\u00e0 eventualmente di fare gli esami di certificazione ad Agordo, o Livinallongo o Falcade, senza doversi spostare fino a Feltre o Padova. L&#8217;obiettivo di Dolomiti English School, che opera sul territorio da 4 anni, \u00e8 quello di di portare servizi educativi d&#8217;eccellenza anche nelle nostre vallate spesso spopolate e isolate. <em>(In foto Claudia Soppelsa e James Grant, direttore della Oxford triveneto, che \u00e8 venuto appositamente ad Agordo per sottoscrivere il contratto)<\/em><\/p>\n<p>&nbsp;<\/p>\n<p>&nbsp;<\/p>\n<hr \/>\n<p>&nbsp;<\/p>\n<blockquote>\n<h3>LA FARMACIA COMUNALE DI AGORDO CERCA UN FARMACISTA<\/h3>\n<\/blockquote>\n<p><strong>AGORDO<\/strong> \u00c8 stata indetta una selezione pubblica per la copertura di un posto a tempo determinato e pieno (40 ore settimanali) nel profilo di farmacista collaboratore. La domanda deve essere presentata entro le ore 12:00 del giorno 30 ottobre 2021 a pena di esclusione, esclusivamente mediante una delle seguenti modalita\u0300: Presentazione direttamente all\u2019Ufficio Protocollo dell\u2019AZIENDA SPECIALE \u201cAGORDO SERVIZI\u201d via insurrezione n. 18\/C \u2013 32021 AGORDO (BL); raccomandata andata\/ritorno indirizzata ad Azienda Speciale Agordo Servizi in via Insurrezione 18\/C 32021 Agordo (BL); Per via telematica mediante Posta Elettronica Certificata (PEC) all\u2019indirizzo: 04315@pec.federfarma.it\u00a0 Qualsiasi sia la modalita\u0300 utilizzata per presentare la domanda, la stessa dovra\u0300 perentoriamente pervenire entro le ore 12:00 del giorno 30 ottobre 2021. L\u2019avviso di selezione e\u0300 pubblicato sul sito: <a href=\"https:\/\/agordofarmaciacomunale.it\/\">https:\/\/agordofarmaciacomunale.it\/<\/a><\/p>\n<p>&nbsp;<\/p>\n<p>&nbsp;<\/p>\n<hr \/>\n<p>&nbsp;<\/p>\n<blockquote>\n<h3>UNA GRANDE MANIFESTAZIONE A CORTINA CONTRO LE OPERE PER LE OLIMPIADI 2026<\/h3>\n<\/blockquote>\n<p><strong>CORTINA<\/strong> Domenica 24 ottobre alcune associazioni locali e con riferimenti anche nazionali hanno indetto una grande manifestazione a Cortina contro alcune delle opere previste per le Olimpiadi 2026. Se la pi\u00f9 oscena di tutte riguarda la pista di bob (85 milioni gi\u00e0 stanziati dalla Regione Veneto e non voluta dal CIO e CONI), preoccupano una lunga serie di altre opere che si stanno affacciando e progettando. In pratica si demolisce Cortina e si propone l&#8217;assalto definitivo alle Dolomiti con tre imponenti nuovi caroselli sciistici. Le adesioni, pi\u00f9 sollecite possibile, devono pervenire scritte a peraltrestrade.cadore@gmail.com Luigi Casanova 348.3592477 e Giovanna Deppi 348.7201103 di Domegge in Cadore siamo a vostra disposizione per ogni dovuto chiarimento. Sul sito di Per Altre Strade trovate alcuni documenti sulle opere in corso di progettazione, altro lo trovate in Questo Trentino o sul sito di Mountain Wilderness Italia<\/p>\n<p>&nbsp;<\/p>\n<p>&nbsp;<\/p>\n<hr \/>\n<p>&nbsp;<\/p>\n<blockquote>\n<h3>IN VENETO SEMPRE MENO ARTIGIANI E COMMERCIANTI. A ROVIGO, BELLUNO E VICENZA LE SITUAZIONI PIU\u2019 CRITICHE<\/h3>\n<\/blockquote>\n<p><a class=\"dt-pswp-item\" href=\"https:\/\/www.radiopiu.net\/wordpress\/wp-content\/uploads\/2021\/10\/chiuso-1.jpeg\" data-dt-img-description=\"\" data-large_image_width=\"626\" data-large_image_height=\"361\"><img loading=\"lazy\" decoding=\"async\" class=\"alignleft size-medium wp-image-236193\" src=\"https:\/\/www.radiopiu.net\/wordpress\/wp-content\/uploads\/2021\/10\/chiuso-1-300x173.jpeg\" alt=\"\" width=\"300\" height=\"173\" srcset=\"https:\/\/www.radiopiu.net\/wordpress\/wp-content\/uploads\/2021\/10\/chiuso-1-300x173.jpeg 300w, https:\/\/www.radiopiu.net\/wordpress\/wp-content\/uploads\/2021\/10\/chiuso-1.jpeg 626w\" sizes=\"auto, (max-width: 300px) 100vw, 300px\" \/><\/a>In quasi un decennio il Veneto ha perso 16.386 commercianti e oltre il doppio di artigiani: precisamente 33.945. In altre parole, tra il 2011 e la fine del 2020 il cosiddetto popolo delle partite Iva ha perso in queste 2 categorie complessivamente 50.331 iscritti. Una contrazione che ha riguardato tutte le province del nostre territorio. In termini percentuali, per quanto riguarda l\u2019artigianato le situazioni pi\u00f9 critiche si sono registrate a Rovigo (-22,6 per cento), a Verona (-22,5 per cento), a Vicenza (-17,8 per cento) e a Belluno (-16,9 per cento). Nel commercio, invece, le note pi\u00f9 negative hanno interessato Belluno, Rovigo (entrambe con -14,3 per cento) e Vicenza (-11,9 per cento). Attualmente in Veneto ci sono 158.402 artigiani e 166.645 commercianti. La denuncia \u00e8 sollevata dall\u2019Ufficio studi della CGIA.<\/p>\n<p><strong>Le cause di questa moria<\/strong><br \/>\nAi tradizionali problemi che da sempre assillano le micro imprese (tasse, burocrazia, mancanza di credito, etc.), le chiusure imposte per decreto e le limitazioni alla mobilit\u00e0 registrati in questo ultimo anno e mezzo sono state esiziali. Non dobbiamo nemmeno dimenticare il crollo dei consumi delle famiglie e il boom dell\u2019e-commerce: per tanti autonomi la situazione \u00e8 diventata insostenibile e l\u2019unica cosa da fare \u00e8 stata quella di chiudere l\u2019attivit\u00e0. Queste micro realt\u00e0, ricordiamo, vivono quasi esclusivamente di domanda interna, legata al territorio in cui operano. Solo nel 2020, nel Veneto i consumi delle famiglie sono scesi di quasi 13 miliardi di euro, soldi che in gran parte alimentavano i ricavi delle piccolissime attivit\u00e0 che, a seguito di questa contrazione, non sono pi\u00f9 riuscite a far quadrare i propri bilanci.<br \/>\nSenza negozi le citt\u00e0 non sono pi\u00f9 le stesse<br \/>\nCamminando lungo i centri storici e nei quartieri sia delle citt\u00e0 che dei piccoli paesi di periferia del nostro Veneto, \u00e8 in forte aumento il numero delle botteghe artigiane e dei piccoli negozi commerciali con la saracinesca costantemente abbassata e le luci all\u2019interno completamente spente. Meno visibile a occhio nudo, ma altrettanto preoccupante, sono le chiusure che hanno interessato anche i liberi professionisti, gli avvocati, i commercialisti e i consulenti che svolgevano la propria attivit\u00e0 in uffici\/studi ubicati all\u2019interno di un condominio. Insomma, le nostre citt\u00e0 stanno cambiando volto: con meno negozi e uffici sono poco frequentate, pi\u00f9 insicure e con livelli di degrado in aumento.<\/p>\n<p><strong>Subito un tavolo di crisi sul lavoro autonomo<\/strong><br \/>\nLa CGIA ritiene sia giunto il momento di aprire un tavolo di crisi permanente a livello regionale. Mai come in questo momento, infatti, \u00e8 necessario dare una risposta ad un mondo, quello autonomo, che sta vivendo una situazione particolarmente delicata. Intendiamoci, misure miracolistiche non ce ne sono. E non dobbiamo nemmeno dimenticare che in questo ultimo anno e mezzo oltre ai ristori (ancorch\u00e8 del tutto insufficienti), gli esecutivi che si sono succeduti hanno, tra le altre cose, approvato l\u2019Iscro, esteso l\u2019utilizzo dell\u2019assegno universale per i figli a carico anche agli autonomi ed \u00e8 stato introdotto il reddito di emergenza per chi \u00e8 ancora in attivit\u00e0. Tutte misure importanti, ma non sufficienti per arginare le difficolt\u00e0 emerse in questi mesi di pandemia.<\/p>\n<p><strong>Pi\u00f9 impresa nelle scuole<\/strong><br \/>\nE\u2019 altres\u00ec necessario coinvolgere il Ministero dell\u2019Istruzione e le sue articolazioni territoriali affinch\u00e8 attivi quanto prima una importante azione informativa\/formativa nei confronti degli studenti delle scuole medie superiori che li sensibilizzi in particolar modo su un punto; una volta terminato il percorso scolastico, nel mercato del lavoro ci si pu\u00f2 affermare anche come lavoratori autonomi. Prospettiva, quest\u2019ultima, che tra i giovani \u00e8 poco conosciuta. E\u2019 inoltre auspicabile, dove queste esperienze non sono radicate, aprire momenti di confronto tra le parti sociali (associazioni datoriali e sigle sindacali), le istituzioni locali (Comuni, Province, CCIAA, etc.) e il mondo della scuola con l\u2019obbiettivo di avvicinare il pi\u00f9 possibile la domanda all\u2019offerta di lavoro. Un problema, quello del mismatch occupazionale, che paradossalmente interessa anche quelle aree del Nordest che presentano livelli di disoccupazione giovanile molto elevati.<\/p>\n<p><strong>A rischio la coesione sociale del Veneto<\/strong><br \/>\nInutile ricordare che quando perdono il posto c\u2019\u00e8 una sostanziale differenza tra i lavoratori dipendenti e gli autonomi. Mentre i primi possono beneficiare di alcune importanti misure di sostegno al reddito (Cig, Naspi, etc.), i secondi, invece, non possono contare quasi su nulla. A loro rimane solo il fallimento di un\u2019esperienza lavorativa finita male e l\u2019angoscia di come reinventarsi il proprio futuro. La CGIA sostiene che i negozi di vicinato e le botteghe artigiane presenti anche nel Veneto hanno bisogno di sostegno perch\u00e9 garantiscono la coesione sociale del nostro sistema produttivo. Se spariscono le micro imprese, rischiamo di abbassare notevolmente la qualit\u00e0 del nostro made in Italy. Per questo \u00e8 indispensabile tagliare la burocrazia, rivedere il fisco, abbassando drasticamente il peso di imposte e contributi e approvare quanto prima la riforma degli ammortizzatori sociali che, in caso di chiusura dell\u2019attivit\u00e0, preveda delle misure di sostegno al reddito anche ai lavoratori autonomi.<\/p>\n<p>&nbsp;<\/p>\n<p>&nbsp;<\/p>\n<hr \/>\n<p>&nbsp;<\/p>\n<blockquote>\n<h3>VENERDI&#8217; IL CONSIGLIO COMUNALE A CENCENIGHE<\/h3>\n<\/blockquote>\n<p><strong>CENCENIGHE<\/strong> Il sindaco di Cencenighe Mauro Soppelsa ha convocato i consiglieri comunali venerd\u00ec alle 20:30 presso la sede del municipio. Tra i 4 punti da discutere, la nona variazione al bilancio, l&#8217;approvazione della convenzione per il servizio di tesoreria con affidamento al comune di Colle Santa Lucia e l&#8217;approvazione del regolamento per la detenzione e uso dell&#8217;armamento degli apparati della polizia locale.<\/p>\n<p>&nbsp;<\/p>\n<p>&nbsp;<\/p>\n<hr \/>\n<p>&nbsp;<\/p>\n<blockquote>\n<h3>GLI APPUNTAMENTI DI OTTOBRE ROSA DELL&#8217;ULSS 1 DOLOMITI<\/h3>\n<\/blockquote>\n<p class=\"gmail-o9v6fnle gmail-cxmmr5t8 gmail-oygrvhab gmail-hcukyx3x gmail-c1et5uql gmail-ii04i59q\"><strong><a href=\"https:\/\/www.radiopiu.net\/wordpress\/giornale-radiopiu-09-ottobre-2021-direttore-mirko-mezzacasa\/ottobre-rosa\/\" rel=\"attachment wp-att-236082\"><img loading=\"lazy\" decoding=\"async\" class=\" wp-image-236082 alignleft\" src=\"https:\/\/www.radiopiu.net\/wordpress\/wp-content\/uploads\/2021\/10\/ottobre-rosa-212x300.png\" alt=\"\" width=\"134\" height=\"190\" srcset=\"https:\/\/www.radiopiu.net\/wordpress\/wp-content\/uploads\/2021\/10\/ottobre-rosa-212x300.png 212w, https:\/\/www.radiopiu.net\/wordpress\/wp-content\/uploads\/2021\/10\/ottobre-rosa-724x1024.png 724w, https:\/\/www.radiopiu.net\/wordpress\/wp-content\/uploads\/2021\/10\/ottobre-rosa-768x1086.png 768w, https:\/\/www.radiopiu.net\/wordpress\/wp-content\/uploads\/2021\/10\/ottobre-rosa-1086x1536.png 1086w, https:\/\/www.radiopiu.net\/wordpress\/wp-content\/uploads\/2021\/10\/ottobre-rosa.png 1414w\" sizes=\"auto, (max-width: 134px) 100vw, 134px\" \/><\/a>BELLUNO <\/strong>In occasione del mese dedicato alla sensibilizzazione sui tumori al seno, l&#8217;Ulss Dolomiti propone una serie di incontri di Gmeet aperti alla cittadinanza con l&#8217;obiettivo di favorire il dialogo con e tra le donne. Si parler\u00e0 di prevenzione, cura chirurgica, terapie oncologiche e radioterapiche e di come ricominciare a prendersi cura di s\u00e9 partendo da una lezione di trucco. Ecco il calendario: Un appuntamento speciale: la mammografia (senza segreti), Mercoled\u00ec 13 ottobre ore 18.00 &#8211; 19.00. Incontro con: Nicoletta De Marzo (medico della prevenzione) e Elena Fabbro (radiologa). Ho un tumore al seno. E adesso cosa succede? Mercoled\u00ec 20 ottobre ore 18.00 &#8211; 19.00, Incontro con: Laura Renon e Mauro Dal Soler (chirurghi). Il percorso prima e dopo l&#8217;operazione, Luned\u00ec 25 ottobre ore 18.00 &#8211; 19.00, Incontro con: Fable Zustovich (oncologo) e Filippo De Renzi (radioterapista). Ricomincio da me. Incontro con make up artist, Mercoled\u00ec 27 ottobre ore 18.00 &#8211; 19.00, Incontro con: Serena Zatta (make up artist)<\/p>\n<p>&nbsp;<\/p>\n<p>&nbsp;<\/p>\n<hr \/>\n<p>&nbsp;<\/p>\n<blockquote>\n<h3>I COLORI DELL&#8217;AUTUNNO, IL CONCORSO FOTOGRAFICO<\/h3>\n<\/blockquote>\n<p><strong><a href=\"https:\/\/www.radiopiu.net\/wordpress\/giornale-radiopiu-05-ottobre-2021-direttore-mirko-mezzacasa\/11872114_851463808295033_304473982179215535_o\/\" rel=\"attachment wp-att-235245\"><img loading=\"lazy\" decoding=\"async\" class=\"wp-image-235245 alignleft\" src=\"https:\/\/www.radiopiu.net\/wordpress\/wp-content\/uploads\/2021\/10\/11872114_851463808295033_304473982179215535_o-300x225.jpg\" alt=\"\" width=\"156\" height=\"117\" srcset=\"https:\/\/www.radiopiu.net\/wordpress\/wp-content\/uploads\/2021\/10\/11872114_851463808295033_304473982179215535_o-300x225.jpg 300w, https:\/\/www.radiopiu.net\/wordpress\/wp-content\/uploads\/2021\/10\/11872114_851463808295033_304473982179215535_o-1024x768.jpg 1024w, https:\/\/www.radiopiu.net\/wordpress\/wp-content\/uploads\/2021\/10\/11872114_851463808295033_304473982179215535_o-768x576.jpg 768w, https:\/\/www.radiopiu.net\/wordpress\/wp-content\/uploads\/2021\/10\/11872114_851463808295033_304473982179215535_o-1536x1152.jpg 1536w, https:\/\/www.radiopiu.net\/wordpress\/wp-content\/uploads\/2021\/10\/11872114_851463808295033_304473982179215535_o.jpg 2048w\" sizes=\"auto, (max-width: 156px) 100vw, 156px\" \/><\/a>CENCENIGHE<\/strong> La proloco ha indetto un concorso fotografico sui colori della stagione appena iniziata. Le fotografie dovranno pervenire entro il 31 ottobre all&#8217;indirizzo: concorsocoloriautunno@gmail.com. Sabato 13 novembre alle 15 la premiazione con l&#8217;esposizione delle foto al Nof Filo&#8217;. Il regolamento sul sito www.prolococencenighe.it<\/p>\n<p><span style=\"color: #ff0000;\">LO SPECIALE ALLA RADIO\u00a0<\/span><br \/>\n<strong>OSPITI: Milena Soppelsa, Francesca Trentin, Elisa Cancel e Orietta Scardanzan\u00a0<\/strong><\/p>\n<p><strong>di Claudio Fontanive<\/strong><\/p>\n<audio class=\"wp-audio-shortcode\" id=\"audio-236210-5\" preload=\"none\" style=\"width: 100%;\" controls=\"controls\"><source type=\"audio\/mpeg\" src=\"https:\/\/www.radiopiu.net\/wordpress\/wp-content\/uploads\/2021\/10\/concorso-fotografico-04-ottobre.mp3?_=5\" \/><a href=\"https:\/\/www.radiopiu.net\/wordpress\/wp-content\/uploads\/2021\/10\/concorso-fotografico-04-ottobre.mp3\">https:\/\/www.radiopiu.net\/wordpress\/wp-content\/uploads\/2021\/10\/concorso-fotografico-04-ottobre.mp3<\/a><\/audio>\n<p>&nbsp;<\/p>\n<p>&nbsp;<\/p>\n<hr \/>\n<p>&nbsp;<\/p>\n<blockquote>\n<h3>E CON LA PROLOCO&#8230; LA PALESTRA DIGITALE<\/h3>\n<\/blockquote>\n<p><a href=\"https:\/\/www.radiopiu.net\/wordpress\/giornale-radiopiu-05-ottobre-2021-direttore-mirko-mezzacasa\/locandina-computer\/\" rel=\"attachment wp-att-235276\"><img loading=\"lazy\" decoding=\"async\" class=\"wp-image-235276 alignleft\" src=\"https:\/\/www.radiopiu.net\/wordpress\/wp-content\/uploads\/2021\/10\/locandina-computer-212x300.jpg\" alt=\"\" width=\"114\" height=\"161\" srcset=\"https:\/\/www.radiopiu.net\/wordpress\/wp-content\/uploads\/2021\/10\/locandina-computer-212x300.jpg 212w, https:\/\/www.radiopiu.net\/wordpress\/wp-content\/uploads\/2021\/10\/locandina-computer-724x1024.jpg 724w, https:\/\/www.radiopiu.net\/wordpress\/wp-content\/uploads\/2021\/10\/locandina-computer-768x1086.jpg 768w, https:\/\/www.radiopiu.net\/wordpress\/wp-content\/uploads\/2021\/10\/locandina-computer-1086x1536.jpg 1086w, https:\/\/www.radiopiu.net\/wordpress\/wp-content\/uploads\/2021\/10\/locandina-computer.jpg 1414w\" sizes=\"auto, (max-width: 114px) 100vw, 114px\" \/><\/a><\/p>\n<p><strong>\u00a0<\/strong><\/p>\n<p><strong>CENCENIGHE<\/strong> Presso l&#8217;ufficio turistico-Biblioteca sono a disposizione alcuni computer per accedere gratuitamente ai servizi della Pubblica Amministrazione. I Pc sono stati acquistati grazie al finanziamento Por Obiettivo Investimenti in favore della crescita dell&#8217;occupazione, fondo europeo di sviluppo regionale 2014-2020. Informazioni all&#8217;ufficio turistico, 0437 591549<\/p>\n<p>&nbsp;<\/p>\n<p>&nbsp;<\/p>\n<p>&nbsp;<\/p>\n<hr \/>\n<p>&nbsp;<\/p>\n<blockquote>\n<h3 style=\"text-align: left;\" align=\"CENTER\"><span style=\"color: #1f3864;\"><span style=\"font-family: Candara, serif;\"><span style=\"font-size: x-large;\"><b><a href=\"https:\/\/www.radiopiu.net\/wordpress\/giornale-radiopiu-07-ottobre-2021-direttore-mirko-mezzacasa\/its-2019-5718-2\/\" rel=\"attachment wp-att-235698\"><img loading=\"lazy\" decoding=\"async\" class=\" wp-image-235698 alignleft\" src=\"https:\/\/www.radiopiu.net\/wordpress\/wp-content\/uploads\/2021\/10\/ITS-2019-5718-2-300x200.jpg\" alt=\"\" width=\"242\" height=\"161\" srcset=\"https:\/\/www.radiopiu.net\/wordpress\/wp-content\/uploads\/2021\/10\/ITS-2019-5718-2-300x200.jpg 300w, https:\/\/www.radiopiu.net\/wordpress\/wp-content\/uploads\/2021\/10\/ITS-2019-5718-2-1024x683.jpg 1024w, https:\/\/www.radiopiu.net\/wordpress\/wp-content\/uploads\/2021\/10\/ITS-2019-5718-2-768x512.jpg 768w, https:\/\/www.radiopiu.net\/wordpress\/wp-content\/uploads\/2021\/10\/ITS-2019-5718-2.jpg 1500w\" sizes=\"auto, (max-width: 242px) 100vw, 242px\" \/><\/a>IL 26 OTTOBRE L\u2019ULTIMA SELEZIONE PER PARTECIPARE <\/b><\/span><\/span><\/span><span style=\"color: #1f3864;\"><span style=\"font-family: Candara, serif;\"><span style=\"font-size: x-large;\"><span lang=\"en-GB\"><b>AL CORSO ITS PER EYEWEAR PRODUCT MANAGER<\/b><\/span><\/span><\/span><\/span><\/h3>\n<\/blockquote>\n<p><strong>LONGARONE<\/strong>\u00a0 \u00a0I<span style=\"font-family: Candara, serif;\"><span style=\"font-size: large;\">l corso ITS Academy per Eyewear Product manager <\/span><\/span><span style=\"font-family: Candara, serif;\"><span style=\"font-size: large;\">\u00a0il <\/span><\/span><span style=\"font-family: Candara, serif;\"><span style=\"font-size: large;\">26 ottobre<\/span><\/span><span style=\"font-family: Candara, serif;\"><span style=\"font-size: large;\"> selezioner\u00e0 gli ultimi candidati per l\u20198\u00b0 edizione, i<\/span><\/span><span style=\"font-size: large; font-family: Candara, serif;\">l corso gestito dall\u2019Area Formazione di Certottica, la Fondazione di riferimento \u00e8 la Fashion Academy ITS Cosmo, con sede a Padova, che ha in capo tutto il mondo della moda e dei suoi accessori.\u00a0 Gli ITS giovano del contributo del MIUR e della Regione del Veneto nel solco del Fondo Sociale Europeo. <\/span><span style=\"font-family: Candara, serif;\"><span style=\"font-size: large;\">Per accedere alla prossima selezione \u00e8 possibile procedere all\u2019iscrizione direttamente dall\u2019home page della Fondazione <\/span><\/span><a href=\"http:\/\/www.itscosmo.it\"><span style=\"color: #00000a;\"><span style=\"font-family: Candara, serif;\"><span style=\"font-size: large;\">www.itscosmo.it<\/span><\/span><\/span><\/a><span style=\"font-family: Candara, serif;\"><span style=\"font-size: large;\">.\u00a0<\/span><\/span><\/p>\n<p>&nbsp;<\/p>\n<p>&nbsp;<\/p>\n<hr \/>\n<p>&nbsp;<\/p>\n<blockquote>\n<h3>CSV BELLUNO E TREVISO APRE UN BANDO PER BORSE DI STUDIO<\/h3>\n<\/blockquote>\n<p><strong>BELLUNO<\/strong> Anche il CSV (centro servizi per il volontariato) Belluno Treviso per valorizzare il ricordo (nel centenario della sua nascita 10.10.1921) del grande scrittore poeta, Andrea Zanzotto, ha promosso un concorso letterario, con riconoscimento di borse di studio, per studenti universitari residenti nelle province di Belluno e Treviso. Gli interessati, per la partecipazione al concorso, dovranno chiedere il bando alle Segreterie delle sedi territoriali CSV Belluno e\/o Treviso. Il bando su Andrea Zanzotto si affianca agli altri due concorsi CSV BL TV, sulle straordinarie personalit\u00e0 culturali venete: Mario Rigoni Stern e Dino Buzzati<\/p>\n<p>&nbsp;<\/p>\n<p>&nbsp;<\/p>\n<hr \/>\n<p>&nbsp;<\/p>\n<blockquote>\n<h3>\u00a0PIANO STRAORDINARIO SPORT E SALUTE PER LA SCUOLA PRIMARIA E SECONDARIA DI PRIMO GRADO<\/h3>\n<\/blockquote>\n<p><strong>BELLUNO<\/strong> Sono aperte \u00a0le adesioni per le scuole primarie che vogliono partecipare a Scuola Attiva Kids, la proposta motoria, sportiva ed educativa dedicata alla scuola primaria. Avvio del progetto ad inizio novembre, con l\u2019arrivo dei Tutor sportivi scolastici nelle scuole che aderiranno. Progetto promosso da Sport e Salute &#8211; d\u2019intesa con la Sottosegretaria allo Sport &#8211; e il Ministero dell\u2019Istruzione, per promuovere l\u2019attivit\u00e0 fisica e sportiva, oltre alla cultura del benessere e del movimento, nella scuola primaria. Fino al 18 ottobre, le scuole possono aderire all\u2019iniziativa, tramite apposita piattaforma informatica presente nella pagina dedicata del sito di Sport e Salute. Concluse, invece, le candidature dei Tutor Sportivi Scolastici (laureati in Scienze motorie o diplomati ISEF). La piattaforma per adesioni e candidature \u00e8 raggiungibile dal sito www.sportesalute.eu<\/p>\n<p>&nbsp;<\/p>\n<hr \/>\n<p>&nbsp;<\/p>\n<blockquote>\n<h3>MONGOLFIERA DI GIORGIA, TEMPO DI BANDI<\/h3>\n<\/blockquote>\n<p><strong>BELLUNO<\/strong> Chiuso il bando straordinario che quest&#8217;estate ha messo a disposizione due pacchetti da 10 sedute di fisioterapia. Entro i termini previsti \u00e8 stata ricevuta una sola richiesta che \u00e8 stata accettata dal Consiglio nella seduta del 24 settembre e, quindi, RDP (22 anni di Belluno) si \u00e8 aggiudicato uno dei due pacchetti, il secondo pacchetto non aggiudicato \u00e8 stato\u00a0 sostituito da un&#8217;offerta di 250 euro. A breve \u00a0il bando ordinario: il settimo. Come di consueto questo bando sar\u00e0 attivo dal 10 ottobre (quinto anniversario di Giorgia) fino alla mezzanotte del 9 dicembre. La novit\u00e0 \u00e8 che la cifra messa a disposizione questa volta \u00e8 di 6.000 euro.<\/p>\n<a href=\"https:\/\/www.radiopiu.net\/wordpress\/wp-content\/uploads\/2021\/10\/bando-ottobre-2021-1.pdf\" class=\"pdfemb-viewer\" style=\"\" data-width=\"max\" data-height=\"max\" data-toolbar=\"top\" data-toolbar-fixed=\"on\">bando ottobre 2021-1<\/a>\n<p>&nbsp;<\/p>\n<hr \/>\n<p>&nbsp;<\/p>\n<blockquote>\n<h3>RITORNA IL MERCATINO DI SAN MARTINO<\/h3>\n<\/blockquote>\n<p><strong>BELLUNO<\/strong> Ritorna a Salce dopo un anno di arresto forzato dovuto alla pandemia Covid il \u201cMercatino di San Martino\u201d, che rappresenta non solo un&#8217;opportunit\u00e0 di solidariet\u00e0, ma anche una delle pi\u00f9 belle feste paesane del periodo autunnale. In oltre 30 anni di storia il mercatino continua ancor oggi ad unire occasioni di intrattenimento e fratellanza. L\u2019appuntamento, nel rispetto delle normative anti contagio, in questo 2021 \u00e8 per domenica 7 novembre presso il campo sportivo di Salce \u2013 \u201ccasetta degli Alpini\u201d con inizio alle ore 9.00. Saranno a disposizione dei visitatori non solo prodotti ortofrutticoli locali, ma anche prodotti dolciari come i tipici crostoli, le torte, i biscotti e gli oggetti frutto dell\u2019artigianato locale. Una delle chicche pi\u00f9 apprezzate dai visitatori sono i prodotti \u201ctake-away\u201d come i pasticci pronti da infornare, le trippe, i canederli e molto altro ancora. Per facilitare la vendita ed evitare assembramenti alcuni prodotti sono pre ordinabili al telefono o online: tutte le informazioni utili nel sito www.parrocchiadisalce.it.<\/p>\n<p>&nbsp;<\/p>\n<p>&nbsp;<\/p>\n<hr \/>\n<p>&nbsp;<\/p>\n<blockquote>\n<h3>IL LIBRO DI DANILO COPPE &#8220;CRIMINI ESPLOSIVI&#8221; SARA&#8217; PRESENTATO IN SALA DON TAMIS IL 15 OTTOBRE<\/h3>\n<\/blockquote>\n<p><strong><a href=\"https:\/\/www.radiopiu.net\/wordpress\/il-libro-di-danilo-coppe-crimini-esplosivi-sara-presentato-in-sala-don-tamis-il-15-ottobre\/crimini-esplosivi-green-pass\/\" rel=\"attachment wp-att-235916\"><img loading=\"lazy\" decoding=\"async\" class=\"size-medium wp-image-235916 alignleft\" src=\"https:\/\/www.radiopiu.net\/wordpress\/wp-content\/uploads\/2021\/10\/crimini-esplosivi-green-pass-212x300.jpg\" alt=\"\" width=\"212\" height=\"300\" srcset=\"https:\/\/www.radiopiu.net\/wordpress\/wp-content\/uploads\/2021\/10\/crimini-esplosivi-green-pass-212x300.jpg 212w, https:\/\/www.radiopiu.net\/wordpress\/wp-content\/uploads\/2021\/10\/crimini-esplosivi-green-pass-724x1024.jpg 724w, https:\/\/www.radiopiu.net\/wordpress\/wp-content\/uploads\/2021\/10\/crimini-esplosivi-green-pass-768x1086.jpg 768w, https:\/\/www.radiopiu.net\/wordpress\/wp-content\/uploads\/2021\/10\/crimini-esplosivi-green-pass-1086x1536.jpg 1086w, https:\/\/www.radiopiu.net\/wordpress\/wp-content\/uploads\/2021\/10\/crimini-esplosivi-green-pass-1448x2048.jpg 1448w, https:\/\/www.radiopiu.net\/wordpress\/wp-content\/uploads\/2021\/10\/crimini-esplosivi-green-pass.jpg 1754w\" sizes=\"auto, (max-width: 212px) 100vw, 212px\" \/><\/a> <\/strong><\/p>\n<p><strong>\u00a0<\/strong><\/p>\n<p><strong>AGORDO <\/strong>Si parla di Crimini Esplosivi con l\u2019omonimo libro, nella presentazione organizzata dall\u2019APIM Associazione Periti Minerari. Venerd\u00ec 15 ottobre alle ore 18.00 presso la Sala Don Tamis di Agordo, l\u2019autore Danilo Coppe, noto esplosivista, riveler\u00e0 molti segreti che hanno caratterizzato, fra l\u2019altro, gli Anni di Piombo e tutte le altre vicende storiche che hanno visto protagonisti negativi gli esplosivi. Danilo Coppe \u00e8 uno che gli esplosivi li ha sempre usati a fin di bene, come quando ha abbattuto le campate 10 e 11 del Ponte Morandi. Ma la sua attivit\u00e0 di consulente per tanti Tribunali italiani gli hanno consentito di studiare anche i fenomeni criminali e terroristici, avendo a disposizione una moltitudine di documenti inediti. L\u2019incontro \u00e8 aperto a tutti. Ingresso con green pass.<\/p>\n<p>&nbsp;<\/p>\n<p>&nbsp;<\/p>\n<p>&nbsp;<\/p>\n<p>&nbsp;<\/p>\n<p>&nbsp;<\/p>\n<p>&nbsp;<\/p>\n<hr \/>\n<p>&nbsp;<\/p>\n<h1><span style=\"color: #ff0000;\">IERI ALLA RADIO<\/span><\/h1>\n<h2><strong><a href=\"https:\/\/www.radiopiu.net\/wordpress\/laugurio-di-monsignor-giorgio-lise-agli-agordini\/don-giorgio-lise\/\" rel=\"attachment wp-att-177420\"><img loading=\"lazy\" decoding=\"async\" class=\"size-medium wp-image-177420 alignleft\" src=\"https:\/\/www.radiopiu.net\/wordpress\/wp-content\/uploads\/2020\/12\/DON-GIORGIO-LISE-300x169.jpg\" alt=\"\" width=\"300\" height=\"169\" srcset=\"https:\/\/www.radiopiu.net\/wordpress\/wp-content\/uploads\/2020\/12\/DON-GIORGIO-LISE-300x169.jpg 300w, https:\/\/www.radiopiu.net\/wordpress\/wp-content\/uploads\/2020\/12\/DON-GIORGIO-LISE-1024x577.jpg 1024w, https:\/\/www.radiopiu.net\/wordpress\/wp-content\/uploads\/2020\/12\/DON-GIORGIO-LISE-768x432.jpg 768w, https:\/\/www.radiopiu.net\/wordpress\/wp-content\/uploads\/2020\/12\/DON-GIORGIO-LISE-1536x865.jpg 1536w, https:\/\/www.radiopiu.net\/wordpress\/wp-content\/uploads\/2020\/12\/DON-GIORGIO-LISE.jpg 1600w\" sizes=\"auto, (max-width: 300px) 100vw, 300px\" \/><\/a><span style=\"color: #ff6600;\">DUE MINUTI PER TE<\/span><\/strong><\/h2>\n<p><strong>APPUNTAMENTO DELLA DOMENICA CON DON GIORGIO LISE<\/strong><\/p>\n<audio class=\"wp-audio-shortcode\" id=\"audio-236210-6\" preload=\"none\" style=\"width: 100%;\" controls=\"controls\"><source type=\"audio\/mpeg\" src=\"https:\/\/www.radiopiu.net\/wordpress\/wp-content\/uploads\/2021\/10\/DON-GIORGIO-10-OTTOBRE-2021.mp3?_=6\" \/><a href=\"https:\/\/www.radiopiu.net\/wordpress\/wp-content\/uploads\/2021\/10\/DON-GIORGIO-10-OTTOBRE-2021.mp3\">https:\/\/www.radiopiu.net\/wordpress\/wp-content\/uploads\/2021\/10\/DON-GIORGIO-10-OTTOBRE-2021.mp3<\/a><\/audio>\n<p>&nbsp;<\/p>\n<hr \/>\n<p>&nbsp;<\/p>\n<div>\n<div class=\"b654a4as d2edcug0\">\n<div class=\"rq0escxv hkbzh7o3 jwdofwj8 n8tt0mok r8blr3vg hyh9befq\">\n<p><a class=\"dt-pswp-item\" href=\"https:\/\/www.radiopiu.net\/wordpress\/wp-content\/uploads\/2020\/10\/pp.jpg\" data-dt-img-description=\"\" data-large_image_width=\"640\" data-large_image_height=\"640\"><img loading=\"lazy\" decoding=\"async\" class=\"wp-image-163678 alignleft\" src=\"https:\/\/www.radiopiu.net\/wordpress\/wp-content\/uploads\/2020\/10\/pp-300x300.jpg\" alt=\"\" width=\"106\" height=\"106\" srcset=\"https:\/\/www.radiopiu.net\/wordpress\/wp-content\/uploads\/2020\/10\/pp-300x300.jpg 300w, https:\/\/www.radiopiu.net\/wordpress\/wp-content\/uploads\/2020\/10\/pp-150x150.jpg 150w, https:\/\/www.radiopiu.net\/wordpress\/wp-content\/uploads\/2020\/10\/pp-125x125.jpg 125w, https:\/\/www.radiopiu.net\/wordpress\/wp-content\/uploads\/2020\/10\/pp-200x200.jpg 200w, https:\/\/www.radiopiu.net\/wordpress\/wp-content\/uploads\/2020\/10\/pp-80x80.jpg 80w, https:\/\/www.radiopiu.net\/wordpress\/wp-content\/uploads\/2020\/10\/pp-480x480.jpg 480w, https:\/\/www.radiopiu.net\/wordpress\/wp-content\/uploads\/2020\/10\/pp.jpg 640w\" sizes=\"auto, (max-width: 106px) 100vw, 106px\" \/><\/a><\/p>\n<\/div>\n<\/div>\n<\/div>\n<div>\n<div class=\"page-title-head hgroup\">\n<div class=\"page-title-head hgroup\">\n<div class=\"b654a4as d2edcug0\">\n<div class=\"j83agx80 btwxx1t3 lhclo0ds hop8lmos nkwizq5d scwd0bx6 roh60bw9\">\n<div class=\"rq0escxv hkbzh7o3 jwdofwj8 n8tt0mok r8blr3vg hyh9befq\">\n<div class=\"do00u71z l9j0dhe7 k4urcfbm\">\n<h2><span style=\"color: #000080;\">DON CESARE, IL PENSIERO DEL GIORNO. ALLA RADIO ALLE 7 DEL MATTINO E ALLE 19.30 DELLA SERA.\u00a0\u00a0<\/span><\/h2>\n<p>&nbsp;<\/p>\n<p>&nbsp;<\/p>\n<audio class=\"wp-audio-shortcode\" id=\"audio-236210-7\" preload=\"none\" style=\"width: 100%;\" controls=\"controls\"><source type=\"audio\/mpeg\" src=\"https:\/\/www.radiopiu.net\/wordpress\/wp-content\/uploads\/2021\/10\/CESARE-3.mp3?_=7\" \/><a href=\"https:\/\/www.radiopiu.net\/wordpress\/wp-content\/uploads\/2021\/10\/CESARE-3.mp3\">https:\/\/www.radiopiu.net\/wordpress\/wp-content\/uploads\/2021\/10\/CESARE-3.mp3<\/a><\/audio>\n<p>&nbsp;<\/p>\n<p>&nbsp;<\/p>\n<hr \/>\n<p>&nbsp;<\/p>\n<div>\n<div>\n<h3 class=\"kvgmc6g5 cxmmr5t8 oygrvhab hcukyx3x c1et5uql\"><span style=\"color: #0000ff;\">INFORMAZIONE il canale su TELEGRAM informazione di prima mano e in tempo reale. iscriviti ed aiutaci a farlo conoscere\u00a0\u00a0<\/span><\/h3>\n<\/div>\n<div>\n<div class=\"page-title-head hgroup\">\n<div class=\"page-title-head hgroup\">\n<div class=\"page-title-head hgroup\">\n<div class=\"page-title-head hgroup\">\n<div class=\"b654a4as d2edcug0\">\n<div class=\"page-title-head hgroup\">\n<div class=\"page-title-head hgroup\">\n<div class=\"page-title-head hgroup\">\n<div class=\"page-title-head hgroup\">\n<div class=\"b654a4as d2edcug0\">\n<div>\n<p>&nbsp;<\/p>\n<\/div>\n<div>\n<div class=\"page-title-head hgroup\">\n<div class=\"page-title-head hgroup\">\n<div class=\"page-title-head hgroup\">\n<div>\n<div class=\"page-title-head hgroup\">\n<div class=\"page-title-head hgroup\">\n<div class=\"b654a4as d2edcug0\">\n<div>\n<hr \/>\n<\/div>\n<\/div>\n<div>\n<p><strong>\u00a0\u00a0<\/strong><\/p>\n<h2><span style=\"color: #008080;\">LA RASSEGNA STAMPA DA L&#8217;AMICO DEL POPOLO<\/span><\/h2>\n<h3><em>IL SABATO ALLE 10.30 E 1900 LA DOMENICA ALLE 12.30<\/em><\/h3>\n<p><strong><a href=\"https:\/\/www.radiopiu.net\/wordpress\/la-rassegna-stampa-da-lamico-del-popolo-09-ottobre-2021\/schermata-2021-10-09-alle-17-34-47\/\" rel=\"attachment wp-att-236242\"><img loading=\"lazy\" decoding=\"async\" class=\"size-medium wp-image-236242 alignleft\" src=\"https:\/\/www.radiopiu.net\/wordpress\/wp-content\/uploads\/2021\/10\/Schermata-2021-10-09-alle-17.34.47-300x149.png\" alt=\"\" width=\"300\" height=\"149\" srcset=\"https:\/\/www.radiopiu.net\/wordpress\/wp-content\/uploads\/2021\/10\/Schermata-2021-10-09-alle-17.34.47-300x149.png 300w, https:\/\/www.radiopiu.net\/wordpress\/wp-content\/uploads\/2021\/10\/Schermata-2021-10-09-alle-17.34.47-1024x510.png 1024w, https:\/\/www.radiopiu.net\/wordpress\/wp-content\/uploads\/2021\/10\/Schermata-2021-10-09-alle-17.34.47-768x382.png 768w, https:\/\/www.radiopiu.net\/wordpress\/wp-content\/uploads\/2021\/10\/Schermata-2021-10-09-alle-17.34.47.png 1234w\" sizes=\"auto, (max-width: 300px) 100vw, 300px\" \/><\/a>PUNTATA DEL 09 OTTOBRE 2021<\/strong><\/p>\n<p><strong>di Gianni Santomaso<\/strong><\/p>\n<p>OSPITE: Federico Sordini, presidente della sezione Cai Civetta Marmolada<\/p>\n<audio class=\"wp-audio-shortcode\" id=\"audio-236210-8\" preload=\"none\" style=\"width: 100%;\" controls=\"controls\"><source type=\"audio\/mpeg\" src=\"https:\/\/www.radiopiu.net\/wordpress\/wp-content\/uploads\/2021\/10\/RASSEGNA-GIANNI-1.mp3?_=8\" \/><a href=\"https:\/\/www.radiopiu.net\/wordpress\/wp-content\/uploads\/2021\/10\/RASSEGNA-GIANNI-1.mp3\">https:\/\/www.radiopiu.net\/wordpress\/wp-content\/uploads\/2021\/10\/RASSEGNA-GIANNI-1.mp3<\/a><\/audio>\n<p>&nbsp;<\/p>\n<p>&nbsp;<\/p>\n<blockquote class=\"wp-embedded-content\" data-secret=\"iVxgqvPjys\"><p><a href=\"https:\/\/www.radiopiu.net\/wordpress\/rassegna-stampa-di-gianni-santomaso\/\">Rassegna stampa da l&#8217;amico del popolo &#8211; di Gianni Santomaso<\/a><\/p><\/blockquote>\n<p><iframe loading=\"lazy\" class=\"wp-embedded-content\" sandbox=\"allow-scripts\" security=\"restricted\" style=\"position: absolute; clip: rect(1px, 1px, 1px, 1px);\" title=\"&#8220;Rassegna stampa da l&#8217;amico del popolo &#8211; di Gianni Santomaso&#8221; &#8212; Radio Pi\u00f9\" src=\"https:\/\/www.radiopiu.net\/wordpress\/rassegna-stampa-di-gianni-santomaso\/embed\/#?secret=iVxgqvPjys\" data-secret=\"iVxgqvPjys\" width=\"600\" height=\"338\" frameborder=\"0\" marginwidth=\"0\" marginheight=\"0\" scrolling=\"no\"><\/iframe><\/p>\n<p>&nbsp;<\/p>\n<hr \/>\n<p>&nbsp;<\/p>\n<div>\n<p><strong>DUE MINUTI UN LIBRO, TUTTI I GIORNI ALLA RADIO ALLE 9.40 E ALLE 17.50<\/strong><\/p>\n<p><strong>LA RACCOLTA COMPLETA\u00a0\u00a0<\/strong><\/p>\n<\/div>\n<div>\n<blockquote class=\"wp-embedded-content\" data-secret=\"Y2zgt8I3VQ\"><p><a href=\"https:\/\/www.radiopiu.net\/wordpress\/due-minuti-un-libro\/\">Due minuti un libro<\/a><\/p><\/blockquote>\n<p><iframe loading=\"lazy\" class=\"wp-embedded-content\" sandbox=\"allow-scripts\" security=\"restricted\" style=\"position: absolute; clip: rect(1px, 1px, 1px, 1px);\" title=\"&#8220;Due minuti un libro&#8221; &#8212; Radio Pi\u00f9\" src=\"https:\/\/www.radiopiu.net\/wordpress\/due-minuti-un-libro\/embed\/#?secret=Y2zgt8I3VQ\" data-secret=\"Y2zgt8I3VQ\" width=\"600\" height=\"338\" frameborder=\"0\" marginwidth=\"0\" marginheight=\"0\" scrolling=\"no\"><\/iframe><\/p>\n<p>&nbsp;<\/p>\n<\/div>\n<\/div>\n<div>\n<p>&nbsp;<\/p>\n<\/div>\n<div class=\"mkdf-post-text\">\n<div class=\"mkdf-post-text-inner\">\n<div class=\"mkdf-post-text-main\">\n<div class=\"mkdf-post-text\">\n<div class=\"mkdf-post-text-inner\">\n<div class=\"mkdf-post-text-main\">\n<div class=\"mkdf-post-text\">\n<div class=\"mkdf-post-text-inner\">\n<div class=\"mkdf-post-text-main\">\n<div class=\"page-title-head hgroup\">\n<div class=\"page-title-head hgroup\">\n<div class=\"mkdf-post-text\">\n<div class=\"mkdf-post-text-inner\">\n<div class=\"mkdf-post-text-main\">\n<div class=\"mkdf-post-text\">\n<div class=\"mkdf-post-text-inner\">\n<div class=\"mkdf-post-text-main\">\n<div class=\"page-title-head hgroup\">\n<div class=\"page-title-head hgroup\">\n<div class=\"page-title-head hgroup\">\n<div class=\"page-title-head hgroup\">\n<div class=\"b654a4as d2edcug0\">\n<div class=\"page-title-head hgroup\">\n<div class=\"page-title-head hgroup\">\n<div class=\"page-title-head hgroup\">\n<div class=\"page-title-head hgroup\">\n<div class=\"b654a4as d2edcug0\">\n<div class=\"page-title-head hgroup\">\n<div class=\"page-title-head hgroup\">\n<div class=\"page-title-head hgroup\">\n<div class=\"page-title-head hgroup\">\n<div class=\"b654a4as d2edcug0\">\n<div><\/div>\n<div>\n<hr \/>\n<\/div>\n<div><\/div>\n<h4><span style=\"color: #ff0000;\">MUSICA ALLA RADIO<\/span><\/h4>\n<div><a href=\"https:\/\/www.radiopiu.net\/wordpress\/giornale-radiopiu-20-settembre-2021-direttore-mirko-mezzacasa\/pp-79\/\" rel=\"attachment wp-att-232921\"><img loading=\"lazy\" decoding=\"async\" class=\"wp-image-232921 alignleft\" src=\"https:\/\/www.radiopiu.net\/wordpress\/wp-content\/uploads\/2021\/09\/pp-1-300x300.jpg\" alt=\"\" width=\"135\" height=\"135\" srcset=\"https:\/\/www.radiopiu.net\/wordpress\/wp-content\/uploads\/2021\/09\/pp-1-300x300.jpg 300w, https:\/\/www.radiopiu.net\/wordpress\/wp-content\/uploads\/2021\/09\/pp-1-150x150.jpg 150w, https:\/\/www.radiopiu.net\/wordpress\/wp-content\/uploads\/2021\/09\/pp-1.jpg 640w\" sizes=\"auto, (max-width: 135px) 100vw, 135px\" \/><\/a><\/div>\n<div><\/div>\n<div><\/div>\n<div>\n<p><strong>MUSICA ALLA RADIO, IL PROGRAMMA DI LORIS SCUSSEL &#8220;COLLAGE OPERAZIONE NOSTALGIA&#8221; DAL LUNEDI AL VENERDI ALLE 16.00\u00a0 E ALLE 23\u00a0<\/strong><\/p>\n<p>&nbsp;<\/p>\n<p>&nbsp;<\/p>\n<\/div>\n<p>&nbsp;<\/p>\n<div>\n<hr \/>\n<p>&nbsp;<\/p>\n<p><a href=\"https:\/\/www.radiopiu.net\/wordpress\/giornale-radiopiu-26-settembre-2018-direttore-mirko-mezzacasa\/viabilita-2\/\" rel=\"attachment wp-att-61954\"><img loading=\"lazy\" decoding=\"async\" class=\"wp-image-61954 size-full aligncenter\" src=\"https:\/\/www.radiopiu.net\/wordpress\/wp-content\/uploads\/2018\/09\/viabilita.jpeg\" alt=\"\" width=\"800\" height=\"100\" srcset=\"https:\/\/www.radiopiu.net\/wordpress\/wp-content\/uploads\/2018\/09\/viabilita.jpeg 800w, https:\/\/www.radiopiu.net\/wordpress\/wp-content\/uploads\/2018\/09\/viabilita-300x38.jpeg 300w, https:\/\/www.radiopiu.net\/wordpress\/wp-content\/uploads\/2018\/09\/viabilita-768x96.jpeg 768w\" sizes=\"auto, (max-width: 800px) 100vw, 800px\" \/><\/a><\/p>\n<p>&nbsp;<\/p>\n<p><strong><a href=\"https:\/\/www.radiopiu.net\/wordpress\/veneto-strade-interdizione-al-traffico\/veneto-strade-2\/\" rel=\"attachment wp-att-135574\"><img loading=\"lazy\" decoding=\"async\" class=\"wp-image-135574 alignleft\" src=\"https:\/\/www.radiopiu.net\/wordpress\/wp-content\/uploads\/2020\/05\/VENETO-STRADE-300x300.png\" alt=\"\" width=\"100\" height=\"100\" srcset=\"https:\/\/www.radiopiu.net\/wordpress\/wp-content\/uploads\/2020\/05\/VENETO-STRADE-300x300.png 300w, https:\/\/www.radiopiu.net\/wordpress\/wp-content\/uploads\/2020\/05\/VENETO-STRADE-150x150.png 150w, https:\/\/www.radiopiu.net\/wordpress\/wp-content\/uploads\/2020\/05\/VENETO-STRADE.png 400w\" sizes=\"auto, (max-width: 100px) 100vw, 100px\" \/><\/a><\/strong><strong>SP39 MONTE AVENA COMUNE SOVRAMONTE<\/strong>\u00a0 Fino al 15 ottobre -esclusi festivi e prefestivi &#8211; interdizione totale al traffico<\/p>\n<p><strong>REGIONALE 48 DELLE DOLOMITI PASSO FALZAREGO<\/strong>\u00a0 fino\u00a0 al 26 novembre interruzioni della durata massima di 15 minuti in localit\u00e0 Pian di Falzarego <strong>PROVINCIALE VAL FIORENTINA SP20<\/strong>: dall&#8217;11 al 15 ottobre senso unico alternato per tratti di 300 metri <strong>REGIONALE 48 DOLOMITI<\/strong> dall&#8217;11 ottobre al 3 dicembre senso unico localit\u00e0 Andraz. <strong>PROVINCIALE 638<\/strong> Passo Giau fino\u00a0 al 19 ottobre senso unico alternato tratti di 300 metri<\/p>\n<p>&nbsp;<\/p>\n<hr \/>\n<p>&nbsp;<\/p>\n<\/div>\n<\/div>\n<\/div>\n<\/div>\n<\/div>\n<\/div>\n<\/div>\n<\/div>\n<\/div>\n<\/div>\n<\/div>\n<\/div>\n<\/div>\n<\/div>\n<\/div>\n<\/div>\n<\/div>\n<\/div>\n<\/div>\n<\/div>\n<\/div>\n<\/div>\n<\/div>\n<\/div>\n<\/div>\n<\/div>\n<\/div>\n<\/div>\n<\/div>\n<\/div>\n<\/div>\n<\/div>\n<\/div>\n<\/div>\n<\/div>\n<\/div>\n<\/div>\n<\/div>\n<\/div>\n<\/div>\n<\/div>\n<\/div>\n<\/div>\n<\/div>\n<\/div>\n<\/div>\n<\/div>\n<\/div>\n<\/div>\n<\/div>\n<\/div>\n<\/div>\n<div>\n<div class=\"page-title-head hgroup\">\n<div class=\"page-title-head hgroup\">\n<div class=\"page-title-head hgroup\">\n<div class=\"page-title-head hgroup\">\n<div class=\"b654a4as d2edcug0\">\n<div class=\"page-title-head hgroup\">\n<div class=\"page-title-head hgroup\">\n<div class=\"page-title-head hgroup\">\n<div class=\"page-title-head hgroup\">\n<div class=\"b654a4as d2edcug0\">\n<div class=\"page-title-head hgroup\">\n<div class=\"page-title-head hgroup\">\n<div class=\"page-title-head hgroup\">\n<div class=\"page-title-head hgroup\">\n<div class=\"page-title-head hgroup\">\n<div class=\"mkdf-post-text\">\n<div class=\"mkdf-post-text-inner\">\n<div class=\"mkdf-post-text-main\">\n<div class=\"mkdf-post-text\">\n<div class=\"mkdf-post-text-inner\">\n<div class=\"mkdf-post-text-main\">\n<div class=\"mkdf-post-text\">\n<div class=\"mkdf-post-text-inner\">\n<div class=\"mkdf-post-text-main\">\n<div class=\"page-title-head hgroup\">\n<div class=\"page-title-head hgroup\">\n<div class=\"mkdf-post-text\">\n<div class=\"mkdf-post-text-inner\">\n<div class=\"mkdf-post-text-main\">\n<div class=\"mkdf-post-text\">\n<div class=\"mkdf-post-text-inner\">\n<div class=\"mkdf-post-text-main\">\n<div>\n<div class=\"page-title-head hgroup\">\n<div class=\"page-title-head hgroup\">\n<div>\n<div class=\"page-title-head hgroup\">\n<div class=\"page-title-head hgroup\">\n<div class=\"b654a4as d2edcug0\">\n<div>\n<div class=\"page-title-head hgroup\" style=\"text-align: left;\">\n<div class=\"page-title-head hgroup\">\n<div dir=\"auto\">\n<p><a class=\"dt-pswp-item pspw-wrap-ready\" href=\"https:\/\/i0.wp.com\/www.radiopiu.net\/wordpress\/wp-content\/uploads\/2018\/09\/WhatsApp-Image-2018-09-20-at-16.04.06.jpeg?ssl=1\" data-dt-img-description=\"\" data-large_image_width=\"800\" data-large_image_height=\"100\"><img loading=\"lazy\" decoding=\"async\" class=\"aligncenter wp-image-61378 size-full jetpack-lazy-image jetpack-lazy-image--handled\" src=\"https:\/\/i0.wp.com\/www.radiopiu.net\/wordpress\/wp-content\/uploads\/2018\/09\/WhatsApp-Image-2018-09-20-at-16.04.06.jpeg?resize=800%2C100&amp;ssl=1\" sizes=\"auto, (max-width: 800px) 100vw, 800px\" srcset=\"https:\/\/i0.wp.com\/www.radiopiu.net\/wordpress\/wp-content\/uploads\/2018\/09\/WhatsApp-Image-2018-09-20-at-16.04.06.jpeg?w=800&amp;ssl=1 800w, https:\/\/i0.wp.com\/www.radiopiu.net\/wordpress\/wp-content\/uploads\/2018\/09\/WhatsApp-Image-2018-09-20-at-16.04.06.jpeg?resize=300%2C38&amp;ssl=1 300w, https:\/\/i0.wp.com\/www.radiopiu.net\/wordpress\/wp-content\/uploads\/2018\/09\/WhatsApp-Image-2018-09-20-at-16.04.06.jpeg?resize=768%2C96&amp;ssl=1 768w\" alt=\"\" width=\"800\" height=\"100\" data-lazy-loaded=\"1\" \/><\/a><\/p>\n<\/div>\n<\/div>\n<\/div>\n<\/div>\n<\/div>\n<\/div>\n<\/div>\n<\/div>\n<\/div>\n<\/div>\n<\/div>\n<\/div>\n<\/div>\n<\/div>\n<\/div>\n<\/div>\n<\/div>\n<\/div>\n<\/div>\n<\/div>\n<\/div>\n<\/div>\n<\/div>\n<\/div>\n<\/div>\n<\/div>\n<\/div>\n<\/div>\n<\/div>\n<\/div>\n<\/div>\n<\/div>\n<\/div>\n<\/div>\n<\/div>\n<\/div>\n<\/div>\n<\/div>\n<\/div>\n<\/div>\n<\/div>\n<\/div>\n<\/div>\n<\/div>\n<p>&nbsp;<\/p>\n<p>&nbsp;<\/p>\n<div id=\"dolomitimeteo_div_testi\">\n<p><strong>luned\u00ec 11.<\/strong>\u00a0Tempo ancora ben soleggiato nella prima parte del giorno, con cielo perlopi\u00f9 sereno e qualche nube stratiforme possibile sulle Prealpi orientali; sottili nubi alte stratiformi giungeranno da nord nel corso del pomeriggio, con parziale riduzione del soleggiamento, ma senza fenomeni. Contesto termico sempre piuttosto fresco, ma con temporaneo rialzo delle temperature diurne.<br \/>\n<strong>Precipitazioni.<\/strong>\u00a0Assenti (0%).<br \/>\n<strong>Temperature.<\/strong>\u00a0Minime stazionarie nelle valli, in aumento in quota; massime in aumento. Su Prealpi a 1500 m min 4\u00b0C max 10\u00b0C, a 2000 m min 3\u00b0C max 6\u00b0C. Su Dolomiti a 2000 m min 1\u00b0C max 6\u00b0C, a 3000 m min -4\u00b0C max -2\u00b0C.<br \/>\n<strong>Venti.<\/strong>\u00a0Nelle valli deboli di direzione variabile, con qualche locale rinforzo per Foehn in qualche valle dolomitica; in quota deboli\/moderati da nord nord-est, a 5-15 km\/h a 2000 m e 15-25 km\/h a 3000 m.<\/p>\n<p><strong>marted\u00ec 12.<\/strong>\u00a0Al mattino nuvolosit\u00e0 alta inizialmente estesa, in diradamento fino a lasciare spazio a schiarite anche ampie. Al pomeriggio\/sera annuvolamenti cumuliformi irregolari che potranno dar luogo a qualche locale fenomeno, specie sulle Prealpi. Contesto termico pi\u00f9 fresco del giorno precedente, con tempo che diverr\u00e0 ventoso, specie in quota, anche in qualche valle per locali condizioni di Foehn.<br \/>\n<strong>Precipitazioni.<\/strong>\u00a0Al mattino assenti (0%); al pomeriggio e in serata possibili locali piovaschi, specie sulle Prealpi (30\/40%), meno probabili sulle Dolomiti (20\/30%), dove eventualmente si esauriranno molto velocemente. Qualche burrasca di neve sar\u00e0 possibile oltre i 1700\/2000 m, eventualmente senza accumuli apprezzabili, ed anche a quote pi\u00f9 basse qualora si verificassero verso sera.<br \/>\n<strong>Temperature.<\/strong>\u00a0In calo, con minime alla sera in quota, anche nelle valli eccetto in caso di Foehn, nel caso in lieve aumento. Su Prealpi a 1500 m min 4\u00b0C max 8\u00b0C, a 2000 m min 1\u00b0C max 4\u00b0C. Su Dolomiti a 2000 m min -1\u00b0C max 3\u00b0C, a 3000 m min -8\u00b0C max -3\u00b0C.<br \/>\n<strong>Venti.<\/strong>\u00a0Nelle valli deboli di direzione variabile, con qualche locale rinforzo per Foehn; in quota moderati\/tesi da nord nord-ovest, a 10-25 km\/h a 2000 m e 30-45 km\/h a 3000 m.<\/p>\n<p><strong>mercoled\u00ec 13.<\/strong>\u00a0Tempo in parte soleggiato con nuvolosit\u00e0 irregolare presente per buona parte della giornata, in diradamento in serata, che non si esclude possa provocare qualche breve piovasco, specie sulle Prealpi al pomeriggio, eventualmente nevoso a 1500\/1800 m, ma senza accumuli apprezzabili. Contesto termico freddo a tutte le quote, con possibili gelate mattutine in molte valli, eccetto in caso di residuo Foehn, e atmosfera fredda e ancora ventosa in quota, seppure con venti in attenuazione.<\/p>\n<p><strong>gioved\u00ec 14.<\/strong>\u00a0Cielo sereno o poco nuvoloso con ottima visibilit\u00e0 in montagna. Atmosfera mattutina fredda per il periodo con possibili gelate su molti settori, anche a quote basse, e contesto termico diurno leggermente pi\u00f9 mite del giorno precedente per maggiore soleggiamento. Venti in quota in ulteriore attenuazione. Previsore: G.M.<\/p>\n<\/div>\n<p>&nbsp;<\/p>\n<hr \/>\n<p>&nbsp;<\/p>\n<div class=\"mkdf-post-text\">\n<div class=\"mkdf-post-text-inner\">\n<p><a href=\"https:\/\/www.radiopiu.net\/wordpress\/giornale-radiopiu-15-settembre-2018-direttore-mirko-mezzacasa\/sport-7\/\" rel=\"attachment wp-att-60761\"><img loading=\"lazy\" decoding=\"async\" class=\"wp-image-60761 size-full aligncenter\" src=\"https:\/\/www.radiopiu.net\/wordpress\/wp-content\/uploads\/2018\/09\/sport.jpg\" alt=\"\" width=\"800\" height=\"100\" srcset=\"https:\/\/www.radiopiu.net\/wordpress\/wp-content\/uploads\/2018\/09\/sport.jpg 800w, https:\/\/www.radiopiu.net\/wordpress\/wp-content\/uploads\/2018\/09\/sport-300x38.jpg 300w, https:\/\/www.radiopiu.net\/wordpress\/wp-content\/uploads\/2018\/09\/sport-768x96.jpg 768w\" sizes=\"auto, (max-width: 800px) 100vw, 800px\" \/><\/a><\/p>\n<\/div>\n<\/div>\n<p>&nbsp;<\/p>\n<table class=\"templateContainer\" border=\"0\" width=\"100%\" cellspacing=\"0\" cellpadding=\"0\">\n<tbody>\n<tr>\n<td id=\"templateHeader\" valign=\"top\">\n<table class=\"mcnTextBlock\" border=\"0\" width=\"100%\" cellspacing=\"0\" cellpadding=\"0\">\n<tbody class=\"mcnTextBlockOuter\">\n<tr>\n<td class=\"mcnTextBlockInner\" valign=\"top\">\n<table class=\"mcnTextContentContainer\" border=\"0\" width=\"100%\" cellspacing=\"0\" cellpadding=\"0\" align=\"left\">\n<tbody>\n<tr>\n<td class=\"mcnTextContent\" valign=\"top\">\n<h2 class=\"null\">HOCKEY FEMMINILE<\/h2>\n<h1 class=\"null\">Cuore azzurro, l\u2019Italia ottiene il pass per la qualificazione olimpica di F\u00fcssen<\/h1>\n<\/td>\n<\/tr>\n<\/tbody>\n<\/table>\n<\/td>\n<\/tr>\n<\/tbody>\n<\/table>\n<\/td>\n<\/tr>\n<tr>\n<td id=\"templateBody\" valign=\"top\">\n<table class=\"mcnTextBlock\" border=\"0\" width=\"100%\" cellspacing=\"0\" cellpadding=\"0\">\n<tbody class=\"mcnTextBlockOuter\">\n<tr>\n<td class=\"mcnTextBlockInner\" valign=\"top\">\n<table class=\"mcnTextContentContainer\" border=\"0\" width=\"100%\" cellspacing=\"0\" cellpadding=\"0\" align=\"left\">\n<tbody>\n<tr>\n<td class=\"mcnTextContent\" valign=\"top\">\n<h3 class=\"null\">Le azzurre soffrono ma battono 2-1 il Kazakhstan e si aggiudicano il\u00a0torneo di pre-qualificazione olimpica di hockey su ghiaccio femminile. A met\u00e0 novembre fase decisiva in Germania.<\/h3>\n<\/td>\n<\/tr>\n<\/tbody>\n<\/table>\n<\/td>\n<\/tr>\n<\/tbody>\n<\/table>\n<table class=\"mcnTextBlock\" border=\"0\" width=\"100%\" cellspacing=\"0\" cellpadding=\"0\">\n<tbody class=\"mcnTextBlockOuter\">\n<tr>\n<td class=\"mcnTextBlockInner\" valign=\"top\">\n<table class=\"mcnTextContentContainer\" border=\"0\" width=\"100%\" cellspacing=\"0\" cellpadding=\"0\" align=\"left\">\n<tbody>\n<tr>\n<td class=\"mcnTextContent\" valign=\"top\">\n<h4 class=\"null\"><a href=\"https:\/\/www.radiopiu.net\/wordpress\/giornale-radiopiu-11-ottobre-2021-direttore-mirko-mezzacasa\/af21c7f1-a6ad-ad4b-d53d-d5fbdaefd715\/\" rel=\"attachment wp-att-236388\"><img loading=\"lazy\" decoding=\"async\" class=\"size-medium wp-image-236388 alignleft\" src=\"https:\/\/www.radiopiu.net\/wordpress\/wp-content\/uploads\/2021\/10\/af21c7f1-a6ad-ad4b-d53d-d5fbdaefd715-300x200.jpg\" alt=\"\" width=\"300\" height=\"200\" srcset=\"https:\/\/www.radiopiu.net\/wordpress\/wp-content\/uploads\/2021\/10\/af21c7f1-a6ad-ad4b-d53d-d5fbdaefd715-300x200.jpg 300w, https:\/\/www.radiopiu.net\/wordpress\/wp-content\/uploads\/2021\/10\/af21c7f1-a6ad-ad4b-d53d-d5fbdaefd715-1024x683.jpg 1024w, https:\/\/www.radiopiu.net\/wordpress\/wp-content\/uploads\/2021\/10\/af21c7f1-a6ad-ad4b-d53d-d5fbdaefd715-768x512.jpg 768w, https:\/\/www.radiopiu.net\/wordpress\/wp-content\/uploads\/2021\/10\/af21c7f1-a6ad-ad4b-d53d-d5fbdaefd715.jpg 1200w\" sizes=\"auto, (max-width: 300px) 100vw, 300px\" \/><\/a>Il\u00a0<strong>sogno olimpico<\/strong>\u00a0\u00e8 ancora vivo, e l\u2019<strong>Italia\u00a0<\/strong>dell\u2019hockey su ghiaccio femminile se lo andr\u00e0 a giocare a\u00a0<strong>F<\/strong><strong>\u00fcssen<\/strong>\u00a0dall\u201911 al 14 novembre contro\u00a0<strong>Germania<\/strong>,\u00a0<strong>Danimarca<\/strong>\u00a0e\u00a0<strong>Austria<\/strong>. Nell\u2019ultimo match contro il\u00a0<strong>Kazakhstan<\/strong>\u00a0bastava un punto alle azzurre per agguantare il primo posto nel\u00a0<strong>torneo di pre-qualificazione olimpica<\/strong>, ma sul ghiaccio del \u201cCotta Morandini\u201d di\u00a0<strong>Torre Pellice<\/strong>\u00a0arriva una vittoria sofferta e proprio per questo ancora pi\u00f9 bella. L\u2019Italia, dopo un avvio complicato, esce alla grande alla distanza, e timbra un successo 2-1 firmato da\u00a0<strong>Franziska Stocker<\/strong>\u00a0e\u00a0<strong>Annna<\/strong>\u00a0<strong>Caumo<\/strong>.<\/h4>\n<\/td>\n<\/tr>\n<\/tbody>\n<\/table>\n<\/td>\n<\/tr>\n<\/tbody>\n<\/table>\n<\/td>\n<\/tr>\n<\/tbody>\n<\/table>\n<p>&nbsp;<\/p>\n<p>&nbsp;<\/p>\n<p><span style=\"color: #ff0000;\"><strong>CALCIO<\/strong><\/span><\/p>\n<blockquote>\n<h3>L&#8217;AGORDINA VINCE NEI MINUTI DI RECUPERO. DISASTRO KERALPEN<\/h3>\n<\/blockquote>\n<p><strong><a href=\"https:\/\/www.radiopiu.net\/wordpress\/domani-il-primo-impegno-ufficiale-per-lagordina\/agordina-calcio\/\" rel=\"attachment wp-att-97575\"><img loading=\"lazy\" decoding=\"async\" class=\"size-full wp-image-97575 alignleft\" src=\"https:\/\/www.radiopiu.net\/wordpress\/wp-content\/uploads\/2019\/09\/AGORDINA-CALCIO.jpeg\" alt=\"\" width=\"225\" height=\"225\" srcset=\"https:\/\/www.radiopiu.net\/wordpress\/wp-content\/uploads\/2019\/09\/AGORDINA-CALCIO.jpeg 225w, https:\/\/www.radiopiu.net\/wordpress\/wp-content\/uploads\/2019\/09\/AGORDINA-CALCIO-150x150.jpeg 150w\" sizes=\"auto, (max-width: 225px) 100vw, 225px\" \/><\/a>SECONDA CATEGORIA GIR. T \/ GEMELLE \u2013 AGORDINA <\/strong><strong>1-2 \u00a0(GOL AGORDINA: Lacetera, Ren)<\/strong><\/p>\n<p>L\u2019Agordina conquista in extremis 3 punti importantissimi contro il Gemelle. Sul campo di Trichiana la squadra di Lorenzi gioca un bel calcio e colpisce 3 legni oltre che andare a segno due volte. Un match giocato alla pari con gli agordini che passano in vantaggio a fine primo tempo, subiscono il pareggio nella ripresa e in pieno recupero mettono in saccoccia una vittoria vitale per l\u2019obbiettivo salvezza. Fase iniziale di studio con le squadre che non si sbilanciano. Al 5\u2019 il Gemelle prende coraggio e si avvicina al gol con una conclusione che termina di poco a lato della porta difesa da Colle. Poche occasioni anche nei minuti a seguire ma la pi\u00f9 interessante \u00e8 della squadra di Agordo che sfiora il vantaggio dopo una bella triangolazione tra Moretti e Lacetera. Prima dell\u2019intervallo l\u2019Agordina colpisce un palo con Casera e gli viene annullato un gol di Zannoni per fuorigioco. A sistemare tutto ci pensa Lacetera che riesce a sbloccare il punteggio trovando l\u2019angolo giusto per battere il portiere del Gemelle. Poche emozioni ad inizio secondo tempo, le squadre sembrano non volersi scoprire pi\u00f9 di tanto. Nel momento migliore per l\u2019Agordina, il Gemelle tira fuori le unghie e pareggia i conti con una punizione imprendibile per Colle. Nel finale di gara un palo e una traversa negano il gol alla squadra allenata da Lorenzi. In pieno recupero l\u2019Agordina trova i 3 punti con il tocco vincente dell\u2019appena entrato Ren.<\/p>\n<p>&nbsp;<\/p>\n<p><strong>GIOVANISSIMI PROVINCIALI \/ PONTE NELLE ALPI \u2013 AGORDINA 2-2<\/strong><\/p>\n<p>Termina con un pareggio la sfida di Pian Longhi contro il Ponte Nelle Alpi. La squadra di De Bastiani ha giocato bene solo il primo tempo e nella ripresa ha lasciato troppi spazi ai padroni di casa. Subito in svantaggio dopo un minuto di gara, l\u2019Agordina \u00e8 sembrata accusare il colpo e ha avuto bisogno di un po\u2019 di tempo per riordinare le idee e riprendere a macinare gioco con un certo ordine. Col passare dei minuti la squadra \u00e8 cresciuta creando interessanti occasioni, ma riuscendo a pervenire al pareggio solo al 32\u00b0con un diagonale da sinistra di Manuel Soccol, dopo una serie di occasioni sprecate, alcune clamorose, tra cui 4 traverse. Nella ripresa, quando ci si poteva aspettare dall\u2019Agordina un\u2019ulteriore accelerazione nel gioco sull\u2019entusiasmo del pareggio raggiunto, la squadra si \u00e8 invece gradualmente spenta lasciando maggiore spazio alla squadra di casa che \u00e8 parsa pi\u00f9 ordinata e grintosa. Questo atteggiamento ha permesso il vantaggio del Ponte al 29\u00b0 che solo allo scadere, sugli sviluppi di un calcio d\u2019angolo, l\u2019Agordina \u00e8 riuscita ad annullare conquistando il pari con un tocco sotto porta ancora di Manuel Soccol.<\/p>\n<p>&nbsp;<\/p>\n<p><strong>ALLIEVI REGIONALI \/ AGORDINA \u2013 SAN VENDEMIANO 1-2<\/strong><\/p>\n<p>Il San Vendemiano espugna l\u2019Ivano Dorigo di Agordo con una vittoria di Misura contro l\u2019Agordina. Una partita che ha visto le due compagni giocarsela fino alla fine con i ragazzi di Agordo passati in vantaggio grazie alla rete di Ferrara dopo pochi minuti. Trevigiani che rispondono e vanno a segno 2 volte ma i padroni di casa che non riescono a trovare il pareggio.<\/p>\n<p>&nbsp;<\/p>\n<p><strong>JUNIORES REGIONALI \/ AGORDINA \u2013 CONDOR TREVISO 3-3<\/strong><\/p>\n<p>Un pareggio amaro per l\u2019Agordina di Fontanive che gioca bene ma concede troppo al Treviso che pareggia i conti nella ripresa. Al 1\u2019, Agordina in vantaggio con Matthias Marcon. Pareggio al 4\u2019 su un errore in disimpegno della difesa agordina. All&#8217;8\u2019, agordini di nuovo in vantaggio con Manuel Selle di testa su calcio d&#8217;angolo. Pareggio al 15\u2019 su tiro-cross in diagonale quasi dalla bandierina di calcio d&#8217;angolo che in pallonetto sorvola il portiere dell&#8217;Agordina. La squadra di casa passa nuovamente in vantaggio al 36\u2019 con Matthias Marcon lanciato in contropiede. Nel secondo tempo, al 3&#8242; pareggio su pallonetto al portiere in uscita. Occasioni per entrambe le squadre, ma senza ulteriori marcature.<\/p>\n<p>&nbsp;<\/p>\n<p><strong>JUNIORES PROVINCIALI \/ CASTION \u2013 FIORI BARP 0-2<\/strong><\/p>\n<p>Continua il momento positivo del Fiori Barp che si aggiudica il quarto risultato utile consecutivo. La squadra di Mas gioca bene e raccoglie i frutti del lavoro battendo 2 a 0 il Castion. Nella trasferta di sabato pomeriggio il Fiori Barp domina nettamente la prima frazione di gara ma non riesce a sbloccare il punteggio. Nella ripresa i sedicensi si portano in vantaggio al 41\u2019 con Sovilla che batte il portiere con un tiro al volo a incrociare. Due minuti dopo il raddoppio di Fadda che solo davanti al portiere non sbaglia.<\/p>\n<p>&nbsp;<\/p>\n<p><strong><a href=\"https:\/\/www.radiopiu.net\/wordpress\/lagordina-vince-nei-minuti-di-recupero-disastro-keralpen\/11f97b54-f595-4fbc-bc0a-4b6c4275ecca\/\" rel=\"attachment wp-att-236331\"><img loading=\"lazy\" decoding=\"async\" class=\"size-medium wp-image-236331 alignright\" src=\"https:\/\/www.radiopiu.net\/wordpress\/wp-content\/uploads\/2021\/10\/11f97b54-f595-4fbc-bc0a-4b6c4275ecca-300x225.jpg\" alt=\"\" width=\"300\" height=\"225\" srcset=\"https:\/\/www.radiopiu.net\/wordpress\/wp-content\/uploads\/2021\/10\/11f97b54-f595-4fbc-bc0a-4b6c4275ecca-300x225.jpg 300w, https:\/\/www.radiopiu.net\/wordpress\/wp-content\/uploads\/2021\/10\/11f97b54-f595-4fbc-bc0a-4b6c4275ecca-1024x768.jpg 1024w, https:\/\/www.radiopiu.net\/wordpress\/wp-content\/uploads\/2021\/10\/11f97b54-f595-4fbc-bc0a-4b6c4275ecca-768x576.jpg 768w, https:\/\/www.radiopiu.net\/wordpress\/wp-content\/uploads\/2021\/10\/11f97b54-f595-4fbc-bc0a-4b6c4275ecca-1536x1152.jpg 1536w, https:\/\/www.radiopiu.net\/wordpress\/wp-content\/uploads\/2021\/10\/11f97b54-f595-4fbc-bc0a-4b6c4275ecca.jpg 2048w\" sizes=\"auto, (max-width: 300px) 100vw, 300px\" \/><\/a>ECCELLENZA FEMMINILE \/ KERALPEN \u2013 VILLORBA 3-9<\/strong><\/p>\n<p>Seconda sconfitta e ultimo posto della classifica per il Keralpen che viene asfaltato dal Villorba in una partita in cui le trevigiane hanno fatto vedere di essere nettamente superiori alle bellunesi. Dura poco l\u2019imbattibilit\u00e0 della squadra bellunese che subisce subito il vantaggio del Villorba con Zandomeneghi. Trevigiane che ci prendono gusto e raddoppiano al 10\u2019 con Granello. Passano pochi minuti e Trevisiol incrementa il vantaggio su punizione. Il Keralpen fatica ad ingranare la marcia giusta e il Villorba cala il poker con Trevisiol che sigla la doppietta personale. Trevigiane che calano il ritmo stando attente a non far concludere le bellunesi che provano a ripartire in contropiede. Padrone di casa che accorciano con Costa ma il Villorba risponde subito con Rossi. Continua il dominio della squadra ospite che porta a 6 le marcature dopo 10\u2019 con Trevisiol. Keralpen che risponde con Conedera che sigla seconda rete per le padrone di casa. Il Villorba chiude la sfida con altri tre \u00a0gol portando a nove le marcature di giornata. Nel finale il terzo gol delle bellunesi \u00e8 di Sommariva.<\/p>\n<p>&nbsp;<\/p>\n<hr \/>\n<p><strong>\u00a0<\/strong><\/p>\n<p><span style=\"color: #ff0000;\"><strong>HOCKEY<\/strong><\/span><\/p>\n<blockquote>\n<h3>L&#8217;ALLEGHE CONQUISTA I PRIMI 3 PUNTI STAGIONALI CONTRO LA CAPOLISTA FIEMME<\/h3>\n<\/blockquote>\n<p><strong><a href=\"https:\/\/www.radiopiu.net\/wordpress\/il-calendario-ufficiale-dellitalian-hockey-league\/logo-alleghe-hockey\/\" rel=\"attachment wp-att-95699\"><img loading=\"lazy\" decoding=\"async\" class=\"size-medium wp-image-95699 alignleft\" src=\"https:\/\/www.radiopiu.net\/wordpress\/wp-content\/uploads\/2019\/08\/logo-alleghe-hockey-300x281.png\" alt=\"\" width=\"300\" height=\"281\" srcset=\"https:\/\/www.radiopiu.net\/wordpress\/wp-content\/uploads\/2019\/08\/logo-alleghe-hockey-300x281.png 300w, https:\/\/www.radiopiu.net\/wordpress\/wp-content\/uploads\/2019\/08\/logo-alleghe-hockey.png 547w\" sizes=\"auto, (max-width: 300px) 100vw, 300px\" \/><\/a>ALLEGHE \u2013 FIEMME 2-0<\/strong><\/p>\n<p>PARZIALI: 0-0, 0-0, 2-0<\/p>\n<p>GOL: Tt. 14\u201931\u201d Giolai, 18\u201922\u201d Biondi<\/p>\n<p>Dopo una gara giocata alla pari contro il Fiemme, l\u2019Alleghe conquista i primi 3 punti della stagione. Una sfida giocata a testa alta dalle civette che sono state all\u2019altezza della squadra capolista della IHL. Dopo 50\u2019 di gioco alla pari tra le due formazioni, gli agordini riescono a sbloccare con Giolai e chiudere la sfida con Biondi. Ottima prova della squadra di Fontana che brilla al De Toni dopo un inizio stagione da dimenticare. Primi minuti di gara con le squadre che si studiano a lungo. Pochi i tiri in porta e portieri attenti che non lasciano passare un disco. Le civette sembrano avere una marcia in pi\u00f9 e nel giro di pochi minuti vanno vicine al gol. Si alza il ritmo di gara e le squadre giocano a viso aperto. I trentini provano a colpire in contropiede ma Scola sventa la minaccia. Risponde Ploner per gli agordini che non centra i pali su assist di Kiviranta. Continua a premere l\u2019Alleghe che per\u00f2 non riesce a sbloccare il punteggio prima della fine del primo tempo. Seconda frazione pi\u00f9 equilibrata con il Fiemme che comincia ad ingranare la marcia giusta dopo la debacle di fine primo drittel. Saltano i nervi e gli arbitri fanno fioccare penalit\u00e0 per entrambe le compagini. Biancorossi che sul finale della frazione centrale rischiano di subire il gol su contropiede trentino ma Scola salva ancora il risultato. Il portiere alleghese si ripete poco dopo quando gli agordini si trovano con l\u2019uomo in meno per una penalit\u00e0. Continua a dominare l\u2019equilibrio anche nel terzo tempo con le squadre che iniziano a sentire la stanchezza nelle gambe. La partita si sblocca a 6\u2019 dalla fine quando Giolai coglie l\u2019assist di De Val per battere il portiere trentino. A chiudere definitivamente il match ci pensa il fassano Biondi che in contropiede batte Peiti.<\/p>\n<p>&nbsp;<\/p>\n<p><strong>ANDREA PLONER, GIOCATORE DELL&#8217;ALLEGHE<\/strong><\/p>\n<audio class=\"wp-audio-shortcode\" id=\"audio-236210-9\" preload=\"none\" style=\"width: 100%;\" controls=\"controls\"><source type=\"audio\/mpeg\" src=\"https:\/\/www.radiopiu.net\/wordpress\/wp-content\/uploads\/2021\/10\/ANDREA-PLONER-ALLEGHE.mp3?_=9\" \/><a href=\"https:\/\/www.radiopiu.net\/wordpress\/wp-content\/uploads\/2021\/10\/ANDREA-PLONER-ALLEGHE.mp3\">https:\/\/www.radiopiu.net\/wordpress\/wp-content\/uploads\/2021\/10\/ANDREA-PLONER-ALLEGHE.mp3<\/a><\/audio>\n<p>&nbsp;<\/p>\n<p><strong>DAVIDE TESTORI, GIOCATORE DELL&#8217;ALLEGHE<\/strong><\/p>\n<audio class=\"wp-audio-shortcode\" id=\"audio-236210-10\" preload=\"none\" style=\"width: 100%;\" controls=\"controls\"><source type=\"audio\/mpeg\" src=\"https:\/\/www.radiopiu.net\/wordpress\/wp-content\/uploads\/2021\/10\/DAVIDE-TESTORI-ALLEGHE.mp3?_=10\" \/><a href=\"https:\/\/www.radiopiu.net\/wordpress\/wp-content\/uploads\/2021\/10\/DAVIDE-TESTORI-ALLEGHE.mp3\">https:\/\/www.radiopiu.net\/wordpress\/wp-content\/uploads\/2021\/10\/DAVIDE-TESTORI-ALLEGHE.mp3<\/a><\/audio>\n<p>&nbsp;<\/p>\n<blockquote>\n<h3>LA UNDER 17 DEL CORTINA\/ALLEGHE RIFILA 13 GOL AL PADOVA<\/h3>\n<\/blockquote>\n<p><strong>CORTINA\/ALLEGHE &#8211; PADOVA 13-0<\/strong><\/p>\n<p>Una vera e propria goleada della squadra mista Under 17 del Cortina\/Alleghe che al De Toni di Alleghe rifila ben 13 gol al Padova. Due formazioni molto giovani che si sono affrontate dove \u00e8 prevalso il gioco e l&#8217;esperienza dei padroni di casa. De Luca e Doriguzzi portano in vantaggio i bellunesi nella prima frazione. De Pol, Fattor, Costantini, e due reti di talamini chiudono la sfida nel drittel centrale. Altre 6 marcature nel terzo tempo con Talamini, Costantini e le doppiette di De Luca e Bassot.<\/p>\n<p>&nbsp;<\/p>\n<p>&nbsp;<\/p>\n<hr \/>\n<p>&nbsp;<\/p>\n<p><strong><span style=\"color: #ff0000;\">EQUITAZIONE<\/span><\/strong><\/p>\n<blockquote>\n<h3>ANCORA SODDISFAZIONI PER AURORA E FEDERICA DEL PR RANCH CHE CHIUDONO LA TAPPA NAZIONALE DI VOLTEGGIO CON UN ARGENTO<\/h3>\n<\/blockquote>\n<p><strong>LA VALLE\u00a0<\/strong> Aurora Zuanel e Federica Morandini sono salite sul podio anche nella gara nazionale di volteggio a Milano. Con molta emozione e agitazione, visto l&#8217;importanza del contesto nazionale, hanno affrontato la loro quarta uscita conquistando la medaglia d&#8217;argento della loro categoria nella trasferta lombarda di due giorni in cui le ragazze hanno dato il meglio di s\u00e9 gareggiando con squadre provenienti da tutta le parti d&#8217;Italia. Le gare FISE ludiche hanno messo a confronto una quarantina di squadre divise tra categoria F, L e E . &#8220;<em>Bravissime le nostre Agordine che al primo anno in gare FISE sono sempre salite sul podio con due ori, un argento e un bronzo, grazie all&#8217;impegno delle atlete che si allenano al PR Ranch di La Valle Agordina ma che devono anche affrontare trasferte di allenamento periodiche in quel di Padova per poter partecipare al circuito FISE nazionale. Un ringraziamento va anche ai genitori che supportano queste giovani atlete e le seguono in questo sport sicuramente poco conosciuto ma estremamente completo ed impegnativo a tutti i livelli e sicuramente non facile. La bellezza di questo sport sta anche nelle competizioni dove ogni squadra quando finisce il proprio esercizio \u00e8 applaudita da tutti gli altri concorrenti e le urla che si sentono sono solo di incoraggiamento per tutti. Un grande segno di sportivit\u00e0 che in questi anni \u00e8 purtroppo difficilissimo trovare anche nelle categorie ludiche<\/em>&#8221; dicono dal PR Ranch.<\/p>\n\n\t\t\t<style type='text\/css'>\n\t\t\t\t#gallery-9 {\n\t\t\t\t\tmargin: auto;\n\t\t\t\t}\n\t\t\t\t#gallery-9 .gallery-item {\n\t\t\t\t\tfloat: left;\n\t\t\t\t\tmargin-top: 10px;\n\t\t\t\t\ttext-align: center;\n\t\t\t\t\twidth: 50%;\n\t\t\t\t}\n\t\t\t\t#gallery-9 img {\n\t\t\t\t\tborder: 2px solid #cfcfcf;\n\t\t\t\t}\n\t\t\t\t#gallery-9 .gallery-caption {\n\t\t\t\t\tmargin-left: 0;\n\t\t\t\t}\n\t\t\t\t\/* see gallery_shortcode() in wp-includes\/media.php *\/\n\t\t\t<\/style>\n\t\t<div id='gallery-9' class='dt-gallery-container gallery galleryid-236210 gallery-columns-2 gallery-size-medium'><dl class='gallery-item'>\n\t\t\t\t<dt class='gallery-icon landscape'>\n\t\t\t\t\t<a class=\"rollover rollover-zoom dt-pswp-item\" title=\"05854335-c8ca-4e04-b412-487ac6a1ffae\" data-dt-img-description=\"\" data-large_image_width=\"2048\" data-large_image_height=\"996\"href='https:\/\/www.radiopiu.net\/wordpress\/wp-content\/uploads\/2021\/10\/05854335-c8ca-4e04-b412-487ac6a1ffae.jpg'><img loading=\"lazy\" decoding=\"async\" width=\"300\" height=\"146\" src=\"https:\/\/www.radiopiu.net\/wordpress\/wp-content\/uploads\/2021\/10\/05854335-c8ca-4e04-b412-487ac6a1ffae-300x146.jpg\" class=\"attachment-medium size-medium\" alt=\"\" srcset=\"https:\/\/www.radiopiu.net\/wordpress\/wp-content\/uploads\/2021\/10\/05854335-c8ca-4e04-b412-487ac6a1ffae-300x146.jpg 300w, https:\/\/www.radiopiu.net\/wordpress\/wp-content\/uploads\/2021\/10\/05854335-c8ca-4e04-b412-487ac6a1ffae-1024x498.jpg 1024w, https:\/\/www.radiopiu.net\/wordpress\/wp-content\/uploads\/2021\/10\/05854335-c8ca-4e04-b412-487ac6a1ffae-768x374.jpg 768w, https:\/\/www.radiopiu.net\/wordpress\/wp-content\/uploads\/2021\/10\/05854335-c8ca-4e04-b412-487ac6a1ffae-1536x747.jpg 1536w, https:\/\/www.radiopiu.net\/wordpress\/wp-content\/uploads\/2021\/10\/05854335-c8ca-4e04-b412-487ac6a1ffae.jpg 2048w\" sizes=\"auto, (max-width: 300px) 100vw, 300px\" \/><\/a>\n\t\t\t\t<\/dt><\/dl><dl class='gallery-item'>\n\t\t\t\t<dt class='gallery-icon landscape'>\n\t\t\t\t\t<a class=\"rollover rollover-zoom dt-pswp-item\" title=\"55d47869-4bbc-4c4a-8374-bf01fe3d8623\" data-dt-img-description=\"\" data-large_image_width=\"2016\" data-large_image_height=\"980\"href='https:\/\/www.radiopiu.net\/wordpress\/wp-content\/uploads\/2021\/10\/55d47869-4bbc-4c4a-8374-bf01fe3d8623.jpg'><img loading=\"lazy\" decoding=\"async\" width=\"300\" height=\"146\" src=\"https:\/\/www.radiopiu.net\/wordpress\/wp-content\/uploads\/2021\/10\/55d47869-4bbc-4c4a-8374-bf01fe3d8623-300x146.jpg\" class=\"attachment-medium size-medium\" alt=\"\" srcset=\"https:\/\/www.radiopiu.net\/wordpress\/wp-content\/uploads\/2021\/10\/55d47869-4bbc-4c4a-8374-bf01fe3d8623-300x146.jpg 300w, https:\/\/www.radiopiu.net\/wordpress\/wp-content\/uploads\/2021\/10\/55d47869-4bbc-4c4a-8374-bf01fe3d8623-1024x498.jpg 1024w, https:\/\/www.radiopiu.net\/wordpress\/wp-content\/uploads\/2021\/10\/55d47869-4bbc-4c4a-8374-bf01fe3d8623-768x373.jpg 768w, https:\/\/www.radiopiu.net\/wordpress\/wp-content\/uploads\/2021\/10\/55d47869-4bbc-4c4a-8374-bf01fe3d8623-1536x747.jpg 1536w, https:\/\/www.radiopiu.net\/wordpress\/wp-content\/uploads\/2021\/10\/55d47869-4bbc-4c4a-8374-bf01fe3d8623.jpg 2016w\" sizes=\"auto, (max-width: 300px) 100vw, 300px\" \/><\/a>\n\t\t\t\t<\/dt><\/dl><br style=\"clear: both\" \/><dl class='gallery-item'>\n\t\t\t\t<dt class='gallery-icon portrait'>\n\t\t\t\t\t<a class=\"rollover rollover-zoom dt-pswp-item\" title=\"cf06f4ab-7b11-4cdb-9022-49caa78ea36b\" data-dt-img-description=\"\" data-large_image_width=\"1201\" data-large_image_height=\"1600\"href='https:\/\/www.radiopiu.net\/wordpress\/wp-content\/uploads\/2021\/10\/cf06f4ab-7b11-4cdb-9022-49caa78ea36b.jpg'><img loading=\"lazy\" decoding=\"async\" width=\"225\" height=\"300\" src=\"https:\/\/www.radiopiu.net\/wordpress\/wp-content\/uploads\/2021\/10\/cf06f4ab-7b11-4cdb-9022-49caa78ea36b-225x300.jpg\" class=\"attachment-medium size-medium\" alt=\"\" srcset=\"https:\/\/www.radiopiu.net\/wordpress\/wp-content\/uploads\/2021\/10\/cf06f4ab-7b11-4cdb-9022-49caa78ea36b-225x300.jpg 225w, https:\/\/www.radiopiu.net\/wordpress\/wp-content\/uploads\/2021\/10\/cf06f4ab-7b11-4cdb-9022-49caa78ea36b-769x1024.jpg 769w, https:\/\/www.radiopiu.net\/wordpress\/wp-content\/uploads\/2021\/10\/cf06f4ab-7b11-4cdb-9022-49caa78ea36b-768x1023.jpg 768w, https:\/\/www.radiopiu.net\/wordpress\/wp-content\/uploads\/2021\/10\/cf06f4ab-7b11-4cdb-9022-49caa78ea36b-1153x1536.jpg 1153w, https:\/\/www.radiopiu.net\/wordpress\/wp-content\/uploads\/2021\/10\/cf06f4ab-7b11-4cdb-9022-49caa78ea36b.jpg 1201w\" sizes=\"auto, (max-width: 225px) 100vw, 225px\" \/><\/a>\n\t\t\t\t<\/dt><\/dl><dl class='gallery-item'>\n\t\t\t\t<dt class='gallery-icon portrait'>\n\t\t\t\t\t<a class=\"rollover rollover-zoom dt-pswp-item\" title=\"37615f66-93ba-47f5-a648-c1aa9821f628\" data-dt-img-description=\"\" data-large_image_width=\"1200\" data-large_image_height=\"1600\"href='https:\/\/www.radiopiu.net\/wordpress\/wp-content\/uploads\/2021\/10\/37615f66-93ba-47f5-a648-c1aa9821f628.jpg'><img loading=\"lazy\" decoding=\"async\" width=\"225\" height=\"300\" src=\"https:\/\/www.radiopiu.net\/wordpress\/wp-content\/uploads\/2021\/10\/37615f66-93ba-47f5-a648-c1aa9821f628-225x300.jpg\" class=\"attachment-medium size-medium\" alt=\"\" srcset=\"https:\/\/www.radiopiu.net\/wordpress\/wp-content\/uploads\/2021\/10\/37615f66-93ba-47f5-a648-c1aa9821f628-225x300.jpg 225w, https:\/\/www.radiopiu.net\/wordpress\/wp-content\/uploads\/2021\/10\/37615f66-93ba-47f5-a648-c1aa9821f628-768x1024.jpg 768w, https:\/\/www.radiopiu.net\/wordpress\/wp-content\/uploads\/2021\/10\/37615f66-93ba-47f5-a648-c1aa9821f628-1152x1536.jpg 1152w, https:\/\/www.radiopiu.net\/wordpress\/wp-content\/uploads\/2021\/10\/37615f66-93ba-47f5-a648-c1aa9821f628.jpg 1200w\" sizes=\"auto, (max-width: 225px) 100vw, 225px\" \/><\/a>\n\t\t\t\t<\/dt><\/dl><br style=\"clear: both\" \/>\n\t\t\t<\/div>\n\n<p>&nbsp;<\/p>\n<hr \/>\n<p>&nbsp;<\/p>\n<p><span style=\"color: #ff0000;\"><strong>CORSA IN MONTAGNA<\/strong><\/span><\/p>\n<blockquote>\n<h2>MANUEL DA COL FA POKER AL SUPER VERTICAL OLIMPO<\/h2>\n<\/blockquote>\n\n\t\t\t<style type='text\/css'>\n\t\t\t\t#gallery-10 {\n\t\t\t\t\tmargin: auto;\n\t\t\t\t}\n\t\t\t\t#gallery-10 .gallery-item {\n\t\t\t\t\tfloat: left;\n\t\t\t\t\tmargin-top: 10px;\n\t\t\t\t\ttext-align: center;\n\t\t\t\t\twidth: 33%;\n\t\t\t\t}\n\t\t\t\t#gallery-10 img {\n\t\t\t\t\tborder: 2px solid #cfcfcf;\n\t\t\t\t}\n\t\t\t\t#gallery-10 .gallery-caption {\n\t\t\t\t\tmargin-left: 0;\n\t\t\t\t}\n\t\t\t\t\/* see gallery_shortcode() in wp-includes\/media.php *\/\n\t\t\t<\/style>\n\t\t<div id='gallery-10' class='dt-gallery-container gallery galleryid-236210 gallery-columns-3 gallery-size-medium'><dl class='gallery-item'>\n\t\t\t\t<dt class='gallery-icon landscape'>\n\t\t\t\t\t<a class=\"rollover rollover-zoom dt-pswp-item\" title=\"Vertical Olimpo 2021 - il vincitore Manuel Da Col\" data-dt-img-description=\"\" data-large_image_width=\"1001\" data-large_image_height=\"667\"href='https:\/\/www.radiopiu.net\/wordpress\/wp-content\/uploads\/2021\/10\/Vertical-Olimpo-2021-il-vincitore-Manuel-Da-Col-1.jpg'><img loading=\"lazy\" decoding=\"async\" width=\"300\" height=\"200\" src=\"https:\/\/www.radiopiu.net\/wordpress\/wp-content\/uploads\/2021\/10\/Vertical-Olimpo-2021-il-vincitore-Manuel-Da-Col-1-300x200.jpg\" class=\"attachment-medium size-medium\" alt=\"\" aria-describedby=\"gallery-10-236385\" srcset=\"https:\/\/www.radiopiu.net\/wordpress\/wp-content\/uploads\/2021\/10\/Vertical-Olimpo-2021-il-vincitore-Manuel-Da-Col-1-300x200.jpg 300w, https:\/\/www.radiopiu.net\/wordpress\/wp-content\/uploads\/2021\/10\/Vertical-Olimpo-2021-il-vincitore-Manuel-Da-Col-1-768x512.jpg 768w, https:\/\/www.radiopiu.net\/wordpress\/wp-content\/uploads\/2021\/10\/Vertical-Olimpo-2021-il-vincitore-Manuel-Da-Col-1.jpg 1001w\" sizes=\"auto, (max-width: 300px) 100vw, 300px\" \/><\/a>\n\t\t\t\t<\/dt>\n\t\t\t\t\t<dd class='wp-caption-text gallery-caption' id='gallery-10-236385'>\n\t\t\t\t\tMANUEL DA COL\n\t\t\t\t\t<\/dd><\/dl><dl class='gallery-item'>\n\t\t\t\t<dt class='gallery-icon landscape'>\n\t\t\t\t\t<a class=\"rollover rollover-zoom dt-pswp-item\" title=\"Vertical Olimpo 2021 - la vincitrice Anna Dal Farra\" data-dt-img-description=\"\" data-large_image_width=\"1001\" data-large_image_height=\"667\"href='https:\/\/www.radiopiu.net\/wordpress\/wp-content\/uploads\/2021\/10\/Vertical-Olimpo-2021-la-vincitrice-Anna-Dal-Farra.jpg'><img loading=\"lazy\" decoding=\"async\" width=\"300\" height=\"200\" src=\"https:\/\/www.radiopiu.net\/wordpress\/wp-content\/uploads\/2021\/10\/Vertical-Olimpo-2021-la-vincitrice-Anna-Dal-Farra-300x200.jpg\" class=\"attachment-medium size-medium\" alt=\"\" aria-describedby=\"gallery-10-236386\" srcset=\"https:\/\/www.radiopiu.net\/wordpress\/wp-content\/uploads\/2021\/10\/Vertical-Olimpo-2021-la-vincitrice-Anna-Dal-Farra-300x200.jpg 300w, https:\/\/www.radiopiu.net\/wordpress\/wp-content\/uploads\/2021\/10\/Vertical-Olimpo-2021-la-vincitrice-Anna-Dal-Farra-768x512.jpg 768w, https:\/\/www.radiopiu.net\/wordpress\/wp-content\/uploads\/2021\/10\/Vertical-Olimpo-2021-la-vincitrice-Anna-Dal-Farra.jpg 1001w\" sizes=\"auto, (max-width: 300px) 100vw, 300px\" \/><\/a>\n\t\t\t\t<\/dt>\n\t\t\t\t\t<dd class='wp-caption-text gallery-caption' id='gallery-10-236386'>\n\t\t\t\t\tANNA DAL FARRA \n\t\t\t\t\t<\/dd><\/dl>\n\t\t\t\t<br style='clear: both' \/>\n\t\t\t<\/div>\n\n<p><strong>CHIES D&#8217;ALPAGO <\/strong>La legge di Manuel Da Col nel Vertical Olimpo 2021, corsa in montagna che si snoda su una delle vette di maggior suggestione delle vette che caratterizzano l\u2019Alpago, vale a dire il Monte Venal, ribattezzato, appunto, Olimpo. La manifestazione, coordinata da Fabio Fagherazzi, ha celebrato l\u2019edizione numero 10 diventando Super Vertical Olimpo: il tracciato \u00e8 stato infatti allungato, con partenza anticipata dal centro abitato di Irrighe (834 metri di altitudine). Confermatissimo, ovviamente, l\u2019approdo finale, sulla vetta del Venal \u2013 Olimpo (quota 2.212), dopo aver percorso il sentiero Cai numero 935. 5,1 i chilometri di sviluppo, per 1.387 metri di dislivello positivo. Diversi i tratti tecnici. In una giornata di splendido sole e di temperature piuttosto rigide, Manuel Da Col, classe 1982, cadorino di Cibiana, specialista delle gare vertical, ha portato a termine la propria fatica in 56\u201903\u201d e rifilando oltre due minuti al piazzato, il trentino Stefano Gretter (58\u201905\u201d). A completare il podio il polesano Enrico Bonati(58\u201914\u201d) mentre nella top five sono entrati anche un altro trentino, Daniele Meneghel (58\u201953\u201d) e il bellunese Simone Manfroi (59\u201908). Tra le donne, successo per la bellunese Anna Dal Farra in 1h14\u201940\u201d, con Roberta Dal Borgo (1h17\u201943\u201d) e Patrizia Zanette (1h18\u201944\u201d)\u00a0 in seconda e terza posizione. Nella categoria Under 21, successo del trentino Leonardo Taufer (settimo assoluto).<\/p>\n<p><span style=\"font-family: verdana, sans-serif;\"><b>CLASSIFICHE<\/b>:<a href=\"https:\/\/www.verticalolimpo.it\/wp-content\/uploads\/2021\/10\/Classifica-Super-Vertical-Olimpo-2021-10-ottobre-irrighe-alpago-alto.pdf\" target=\"_blank\" rel=\"noopener\">https:\/\/www.verticalolimpo.it\/wp-content\/uploads\/2021\/10\/Classifica-Super-Vertical-Olimpo-2021-10-ottobre-irrighe-alpago-alto.pdf\u00a0<\/a><\/span><\/p>\n<p>&nbsp;<\/p>\n<p>&nbsp;<\/p>\n<p><span style=\"color: #ff0000;\"><strong>PALLAVOLO<\/strong>\u00a0 BELLUNO<\/span><\/p>\n<p>&nbsp;<\/p>\n<blockquote>\n<h2><b>L&#8217;inizio e la Spes Arena sono da sogno, ma la spunta Pineto\u00a0<\/b><\/h2>\n<\/blockquote>\n<p><b><a href=\"https:\/\/www.radiopiu.net\/wordpress\/giornale-radiopiu-11-ottobre-2021-direttore-mirko-mezzacasa\/esordio_a3_spes_arena\/\" rel=\"attachment wp-att-236389\"><img loading=\"lazy\" decoding=\"async\" class=\"size-medium wp-image-236389 alignleft\" src=\"https:\/\/www.radiopiu.net\/wordpress\/wp-content\/uploads\/2021\/10\/Esordio_A3_Spes_Arena-300x182.jpg\" alt=\"\" width=\"300\" height=\"182\" srcset=\"https:\/\/www.radiopiu.net\/wordpress\/wp-content\/uploads\/2021\/10\/Esordio_A3_Spes_Arena-300x182.jpg 300w, https:\/\/www.radiopiu.net\/wordpress\/wp-content\/uploads\/2021\/10\/Esordio_A3_Spes_Arena.jpg 745w\" sizes=\"auto, (max-width: 300px) 100vw, 300px\" \/><\/a> BELLUNO-ABBA PINETO 1-3<\/b><\/p>\n<p><b>PARZIALI: <\/b>25-21, 16-25, 18-25.<span class=\"gmail-Apple-converted-space\">\u00a0<\/span><\/p>\n<p><b>BELLUNO: <\/b>Maccabruni 2, De Santis 7, Graziani 15, Candeago 11, Piazzetta 6, Mozzato 14; Martinez (L), Paganin, Della Vecchia, Milani, Ostuzzi 1. N.e. Gionchetti, Pierobon (L). Allenatore: D. Poletto.<b>\u00a0<\/b><\/p>\n<p><b>ABBA PINETO: <\/b>Calonico 7, Bertoli 13, Catone 2, Montanaro 8, Disabato 13, Link 23; Giuliani (L), Fioretti, Omaggi. N.e. Marolla, Persoglia, Martinelli, Marolla. Allenatore: P. Rovinelli.<span class=\"gmail-Apple-converted-space\">\u00a0<\/span><\/p>\n<p><b>ARBITRI: <\/b>Anthony Giglio di Trento ed Emilio Sabia di Potenza.<\/p>\n<p><b>NOTE. <\/b>Spettatori: 400. Durata set 31\u2019, 24\u2019, 26\u2019, 30\u2019; totale 1h51\u2019. Belluno: battute sbagliate 18, vincenti 1, muri 7. Pineto: b.s. 17, v. 5, m. 12.<span class=\"gmail-Apple-converted-space\">\u00a0<\/span><\/p>\n<blockquote><p><b> <\/b><em>\u00abVedere il pubblico di Belluno riempire le tribune \u00e8 stata un\u2019emozione &#8211; afferma nell\u2019immediato post partita coach Diego Poletto -. E in palestra non sono tornati solo i tifosi, ma anche la Serie A3. Il livello si \u00e8 alzato di molto: purtroppo abbiamo espresso solo a sprazzi le nostre qualit\u00e0 di gioco e l\u2019avversario, pi\u00f9 esperto e navigato, ne ha subito approfittato. Dispiace per il quarto parziale: ci siamo avvicinati con merito, difendendo qualche palla in pi\u00f9 e con il cuore. Per\u00f2 non siamo riusciti a capitalizzare\u00bb.<span class=\"gmail-Apple-converted-space\">\u00a0<\/span><\/em><\/p><\/blockquote>\n<p>&nbsp;<\/p>\n<\/div>\n<\/div>\n<\/div>\n<\/div>\n<\/div>\n<\/div>\n<\/div>\n","protected":false},"excerpt":{"rendered":"<p>\u00a0 INFORMAZIONE il canale su TELEGRAM informazione di prima mano e in tempo reale. iscriviti ed aiutaci a farlo conoscere\u00a0\u00a0 &nbsp; &nbsp; &nbsp; LA 203 AGORDINA CHIUDE OGGI E DOMANI PER LAVORI Da domani &#8211; sabato e domenica esclusi &#8211; chiusura a fasce orarie della provinciale 3 di Valle Imperina in Comune di Gosaldo per&hellip;<\/p>\n","protected":false},"author":4,"featured_media":236299,"comment_status":"closed","ping_status":"open","sticky":false,"template":"","format":"standard","meta":{"_monsterinsights_skip_tracking":false,"_monsterinsights_sitenote_active":false,"_monsterinsights_sitenote_note":"","_monsterinsights_sitenote_category":0,"footnotes":""},"categories":[1,104,86,49],"tags":[],"class_list":["post-236210","post","type-post","status-publish","format-standard","has-post-thumbnail","hentry","category-senza-categoria","category-evidenza_3","category-gr","category-news-18","category-1","category-104","category-86","category-49","description-off"],"img_url":"https:\/\/www.radiopiu.net\/wordpress\/wp-content\/uploads\/2021\/10\/b6b671c1-3490-4b96-8fce-c7db039c0444.jpg","_links":{"self":[{"href":"https:\/\/www.radiopiu.net\/wordpress\/wp-json\/wp\/v2\/posts\/236210","targetHints":{"allow":["GET"]}}],"collection":[{"href":"https:\/\/www.radiopiu.net\/wordpress\/wp-json\/wp\/v2\/posts"}],"about":[{"href":"https:\/\/www.radiopiu.net\/wordpress\/wp-json\/wp\/v2\/types\/post"}],"author":[{"embeddable":true,"href":"https:\/\/www.radiopiu.net\/wordpress\/wp-json\/wp\/v2\/users\/4"}],"replies":[{"embeddable":true,"href":"https:\/\/www.radiopiu.net\/wordpress\/wp-json\/wp\/v2\/comments?post=236210"}],"version-history":[{"count":0,"href":"https:\/\/www.radiopiu.net\/wordpress\/wp-json\/wp\/v2\/posts\/236210\/revisions"}],"wp:featuredmedia":[{"embeddable":true,"href":"https:\/\/www.radiopiu.net\/wordpress\/wp-json\/wp\/v2\/media\/236299"}],"wp:attachment":[{"href":"https:\/\/www.radiopiu.net\/wordpress\/wp-json\/wp\/v2\/media?parent=236210"}],"wp:term":[{"taxonomy":"category","embeddable":true,"href":"https:\/\/www.radiopiu.net\/wordpress\/wp-json\/wp\/v2\/categories?post=236210"},{"taxonomy":"post_tag","embeddable":true,"href":"https:\/\/www.radiopiu.net\/wordpress\/wp-json\/wp\/v2\/tags?post=236210"}],"curies":[{"name":"wp","href":"https:\/\/api.w.org\/{rel}","templated":true}]}}