{"id":236246,"date":"2021-10-10T15:00:11","date_gmt":"2021-10-10T13:00:11","guid":{"rendered":"https:\/\/www.radiopiu.net\/wordpress\/?p=236246"},"modified":"2021-10-11T07:31:29","modified_gmt":"2021-10-11T05:31:29","slug":"monte-marcoraaaa","status":"publish","type":"post","link":"https:\/\/www.radiopiu.net\/wordpress\/monte-marcoraaaa\/","title":{"rendered":"MONTE MARCORA, CROLLI CONTINUI"},"content":{"rendered":"<p><strong><a href=\"https:\/\/www.radiopiu.net\/wordpress\/monte-marcoraaaa\/6a4ea41a-1cff-4b4a-845d-c8fb1cd59241\/\" rel=\"attachment wp-att-236325\"><img loading=\"lazy\" decoding=\"async\" class=\"size-medium wp-image-236325 alignleft\" src=\"https:\/\/www.radiopiu.net\/wordpress\/wp-content\/uploads\/2021\/10\/6a4ea41a-1cff-4b4a-845d-c8fb1cd59241-225x300.jpg\" alt=\"\" width=\"225\" height=\"300\" srcset=\"https:\/\/www.radiopiu.net\/wordpress\/wp-content\/uploads\/2021\/10\/6a4ea41a-1cff-4b4a-845d-c8fb1cd59241-225x300.jpg 225w, https:\/\/www.radiopiu.net\/wordpress\/wp-content\/uploads\/2021\/10\/6a4ea41a-1cff-4b4a-845d-c8fb1cd59241.jpg 768w\" sizes=\"auto, (max-width: 225px) 100vw, 225px\" \/><\/a>AGGIORNAMENTO DEL 10 OTTOBRE<\/strong><\/p>\n<p><strong>ORE 15 &#8211; SAN VITO DI CADORE<\/strong> Questa mattina il consigliere provinciale delegato alla Difesa del Suolo \u00e8 stato in sopralluogo sotto la frana, assieme al sindaco di San Vito, Emanuele Caruzzo. Durante tutta la mattinata sono continuati piccoli crolli, con conseguenti nuvole di polvere. Tutto il materiale \u00e8 depositato in alto, e al momento non interessa i canaloni di guardia realizzati dalla Provincia. Nessun pericolo, allo stato attuale, per l\u2019abitato di Chiapuzza n\u00e9 per la viabilit\u00e0 sottostante (Ss51 di Alemagna). Attorno alle 14 \u00e8 stato effettuato anche il sorvolo con l\u2019elicottero della Regione Veneto (a bordo anche i geologi della Provincia). Dalle analisi di sorvolo, risulta che un pinnacolo di roccia, vicino al punto del crollo principale di ieri, \u00e8 particolarmente fessurato. I geologi ritengono possa spaccarsi e crollare (i tempi non sono calcolabili). Si tratterebbe, secondo una prima stima, di un blocco di materiale di dimensioni simili a quello della frana di ieri.<br \/>\nConsigliere Bortoluzzi: \u00abLa parete sta continuando a scaricare roccia, ma al momento non risultano pericoli per le case e la viabilit\u00e0. Il materiale si \u00e8 depositato tutto in alto e domani valuteremo come procedere per i rilievi. Solo in seguito, si potr\u00e0 capire come e se intervenire per rimuovere il materiale franato. Siamo gi\u00e0 in contatto con Tesaf dell\u2019Universit\u00e0 di Padova per uno studio approfondito dell\u2019evento\u00bb.<\/p>\n<p>&nbsp;<\/p>\n<p><strong>OR 10 -SAN VITO DI CADORE<\/strong> Continuano i crolli sulla parete del monte Marcora. Altri crolli ma pi\u00f9 piccoli di quello di ieri. Alle 12 l&#8217;arrivo dell&#8217;elicottero per fare il punto della situazione. I canali di guardia realizzati dalla Provincia sono puliti e quindi il materiale non \u00e8 arrivato gi\u00f9.<\/p>\n<p><strong>IL SINDACO DI SAN VITO EMANUELE CARUZZO<\/strong><\/p>\n<div style=\"width: 848px;\" class=\"wp-video\"><video class=\"wp-video-shortcode\" id=\"video-236246-1\" width=\"848\" height=\"480\" preload=\"metadata\" controls=\"controls\"><source type=\"video\/mp4\" src=\"https:\/\/www.radiopiu.net\/wordpress\/wp-content\/uploads\/2021\/10\/WhatsApp-Video-2021-10-10-at-11.24.51.mp4?_=1\" \/><a href=\"https:\/\/www.radiopiu.net\/wordpress\/wp-content\/uploads\/2021\/10\/WhatsApp-Video-2021-10-10-at-11.24.51.mp4\">https:\/\/www.radiopiu.net\/wordpress\/wp-content\/uploads\/2021\/10\/WhatsApp-Video-2021-10-10-at-11.24.51.mp4<\/a><\/video><\/div>\n<p>&nbsp;<\/p>\n<p>&nbsp;<\/p>\n<p>&nbsp;<\/p>\n<p>&nbsp;<\/p>\n<p><strong>IL DISTACCAMENTO FRANOSO IERI A SAN VITO<\/strong><\/p>\n<p><strong>SAN VITO DI CADORE <\/strong>Poco dopo le 18:30, si \u00e8 verificato un distacco di roccia dal monte Marcora che ha causato una frana detritica verso la zona Chiapuzza nel comune di San Vito di Cadore: i Vigili del Fuoco sul posto. La frana si \u00e8 riversata in una zona non abitata. I Vigili del Fuoco del distaccamento di Cortina e i volontari di San Vito, hanno eseguito un primo sopralluogo della zona. Nessuna persona risulta coinvolta o dispersa. Domani mattina sar\u00e0 eseguito un sorvolo con l\u2019elicottero Drago 81 con l\u2019imbarco di personale tecnico per verificare il distacco. Saranno eseguiti anche rilievi video particolareggiati con i droni del nucleo regionale dei Vigili del Fuoco.<\/p>\n<p>&nbsp;<\/p>\n<p>&nbsp;<\/p>\n<div style=\"width: 640px;\" class=\"wp-video\"><video class=\"wp-video-shortcode\" id=\"video-236246-2\" width=\"640\" height=\"352\" preload=\"metadata\" controls=\"controls\"><source type=\"video\/mp4\" src=\"https:\/\/www.radiopiu.net\/wordpress\/wp-content\/uploads\/2021\/10\/WhatsApp-Video-2021-10-09-at-21.12.16.mp4?_=2\" \/><a href=\"https:\/\/www.radiopiu.net\/wordpress\/wp-content\/uploads\/2021\/10\/WhatsApp-Video-2021-10-09-at-21.12.16.mp4\">https:\/\/www.radiopiu.net\/wordpress\/wp-content\/uploads\/2021\/10\/WhatsApp-Video-2021-10-09-at-21.12.16.mp4<\/a><\/video><\/div>\n<p>&nbsp;<\/p>\n\n\t\t\t<style type='text\/css'>\n\t\t\t\t#gallery-1 {\n\t\t\t\t\tmargin: auto;\n\t\t\t\t}\n\t\t\t\t#gallery-1 .gallery-item {\n\t\t\t\t\tfloat: left;\n\t\t\t\t\tmargin-top: 10px;\n\t\t\t\t\ttext-align: center;\n\t\t\t\t\twidth: 50%;\n\t\t\t\t}\n\t\t\t\t#gallery-1 img {\n\t\t\t\t\tborder: 2px solid #cfcfcf;\n\t\t\t\t}\n\t\t\t\t#gallery-1 .gallery-caption {\n\t\t\t\t\tmargin-left: 0;\n\t\t\t\t}\n\t\t\t\t\/* see gallery_shortcode() in wp-includes\/media.php *\/\n\t\t\t<\/style>\n\t\t<div id='gallery-1' class='dt-gallery-container gallery galleryid-236246 gallery-columns-2 gallery-size-medium'><dl class='gallery-item'>\n\t\t\t\t<dt class='gallery-icon landscape'>\n\t\t\t\t\t<a class=\"rollover rollover-zoom dt-pswp-item\" title=\"8139a10a-5a8c-4521-8da5-b6276fb8709d\" data-dt-img-description=\"\" data-large_image_width=\"640\" data-large_image_height=\"352\"href='https:\/\/www.radiopiu.net\/wordpress\/wp-content\/uploads\/2021\/10\/8139a10a-5a8c-4521-8da5-b6276fb8709d.jpg'><img loading=\"lazy\" decoding=\"async\" width=\"300\" height=\"165\" src=\"https:\/\/www.radiopiu.net\/wordpress\/wp-content\/uploads\/2021\/10\/8139a10a-5a8c-4521-8da5-b6276fb8709d-300x165.jpg\" class=\"attachment-medium size-medium\" alt=\"\" srcset=\"https:\/\/www.radiopiu.net\/wordpress\/wp-content\/uploads\/2021\/10\/8139a10a-5a8c-4521-8da5-b6276fb8709d-300x165.jpg 300w, https:\/\/www.radiopiu.net\/wordpress\/wp-content\/uploads\/2021\/10\/8139a10a-5a8c-4521-8da5-b6276fb8709d.jpg 640w\" sizes=\"auto, (max-width: 300px) 100vw, 300px\" \/><\/a>\n\t\t\t\t<\/dt><\/dl><dl class='gallery-item'>\n\t\t\t\t<dt class='gallery-icon landscape'>\n\t\t\t\t\t<a class=\"rollover rollover-zoom dt-pswp-item\" title=\"84642c62-42fc-4849-ad58-56c648971fc3\" data-dt-img-description=\"\" data-large_image_width=\"640\" data-large_image_height=\"352\"href='https:\/\/www.radiopiu.net\/wordpress\/wp-content\/uploads\/2021\/10\/84642c62-42fc-4849-ad58-56c648971fc3.jpg'><img loading=\"lazy\" decoding=\"async\" width=\"300\" height=\"165\" src=\"https:\/\/www.radiopiu.net\/wordpress\/wp-content\/uploads\/2021\/10\/84642c62-42fc-4849-ad58-56c648971fc3-300x165.jpg\" class=\"attachment-medium size-medium\" alt=\"\" srcset=\"https:\/\/www.radiopiu.net\/wordpress\/wp-content\/uploads\/2021\/10\/84642c62-42fc-4849-ad58-56c648971fc3-300x165.jpg 300w, https:\/\/www.radiopiu.net\/wordpress\/wp-content\/uploads\/2021\/10\/84642c62-42fc-4849-ad58-56c648971fc3.jpg 640w\" sizes=\"auto, (max-width: 300px) 100vw, 300px\" \/><\/a>\n\t\t\t\t<\/dt><\/dl><br style=\"clear: both\" \/>\n\t\t\t<\/div>\n\n","protected":false},"excerpt":{"rendered":"<p>AGGIORNAMENTO DEL 10 OTTOBRE ORE 15 &#8211; SAN VITO DI CADORE Questa mattina il consigliere provinciale delegato alla Difesa del Suolo \u00e8 stato in sopralluogo sotto la frana, assieme al sindaco di San Vito, Emanuele Caruzzo. Durante tutta la mattinata sono continuati piccoli crolli, con conseguenti nuvole di polvere. Tutto il materiale \u00e8 depositato in&hellip;<\/p>\n","protected":false},"author":4,"featured_media":236275,"comment_status":"closed","ping_status":"open","sticky":false,"template":"","format":"standard","meta":{"_monsterinsights_skip_tracking":false,"_monsterinsights_sitenote_active":false,"_monsterinsights_sitenote_note":"","_monsterinsights_sitenote_category":0,"footnotes":""},"categories":[51,49],"tags":[],"class_list":["post-236246","post","type-post","status-publish","format-standard","has-post-thumbnail","hentry","category-evidenza-top","category-news-18","category-51","category-49","description-off"],"img_url":"https:\/\/www.radiopiu.net\/wordpress\/wp-content\/uploads\/2021\/10\/Schermata-2021-10-10-alle-11.29.18.png","_links":{"self":[{"href":"https:\/\/www.radiopiu.net\/wordpress\/wp-json\/wp\/v2\/posts\/236246","targetHints":{"allow":["GET"]}}],"collection":[{"href":"https:\/\/www.radiopiu.net\/wordpress\/wp-json\/wp\/v2\/posts"}],"about":[{"href":"https:\/\/www.radiopiu.net\/wordpress\/wp-json\/wp\/v2\/types\/post"}],"author":[{"embeddable":true,"href":"https:\/\/www.radiopiu.net\/wordpress\/wp-json\/wp\/v2\/users\/4"}],"replies":[{"embeddable":true,"href":"https:\/\/www.radiopiu.net\/wordpress\/wp-json\/wp\/v2\/comments?post=236246"}],"version-history":[{"count":0,"href":"https:\/\/www.radiopiu.net\/wordpress\/wp-json\/wp\/v2\/posts\/236246\/revisions"}],"wp:featuredmedia":[{"embeddable":true,"href":"https:\/\/www.radiopiu.net\/wordpress\/wp-json\/wp\/v2\/media\/236275"}],"wp:attachment":[{"href":"https:\/\/www.radiopiu.net\/wordpress\/wp-json\/wp\/v2\/media?parent=236246"}],"wp:term":[{"taxonomy":"category","embeddable":true,"href":"https:\/\/www.radiopiu.net\/wordpress\/wp-json\/wp\/v2\/categories?post=236246"},{"taxonomy":"post_tag","embeddable":true,"href":"https:\/\/www.radiopiu.net\/wordpress\/wp-json\/wp\/v2\/tags?post=236246"}],"curies":[{"name":"wp","href":"https:\/\/api.w.org\/{rel}","templated":true}]}}