{"id":236489,"date":"2021-10-11T10:51:08","date_gmt":"2021-10-11T08:51:08","guid":{"rendered":"https:\/\/www.radiopiu.net\/wordpress\/?p=236489"},"modified":"2021-10-11T10:57:44","modified_gmt":"2021-10-11T08:57:44","slug":"dal-1976-la-messa-per-i-caduti-della-montagna-domenica-31-ottobre-ad-agordo","status":"publish","type":"post","link":"https:\/\/www.radiopiu.net\/wordpress\/dal-1976-la-messa-per-i-caduti-della-montagna-domenica-31-ottobre-ad-agordo\/","title":{"rendered":"DAL 1976 LA MESSA PER I CADUTI DELLA MONTAGNA, DOMENICA 31 OTTOBRE AD AGORDO"},"content":{"rendered":"<p><strong>AGORDO<\/strong>\u00a0 Anche quest&#8217;anno per iniziativa del Coro Agordo i Caduti in montagna saranno ricordati con una celebrazione religiosa accompagnata dai canti del Coro Agordo (che organizza il ricordo) nell&#8217;Arcidiaconale della citt\u00e0. Anche quest&#8217;anno la celebrazione sar\u00e0 trasmessa in tutto il mondo sulle frequenze FM e sullo streaming di Radio Pi\u00f9, in video sui canali facebook e telegram (RADIO PIU INFORMAZIONE). I posti a sedere in chiesa saranno distanziati come da norme anti covid, ridotti nel numero disponibile. E&#8217; dunque importante la comunicazione anticipata di quanti vorranno partecipare (347 8883140, mail coroagordo@libero.it). A causa della pandemia il consueto ritrovato al termine della messa nella sede del Coro non si terr\u00e0.<\/p>\n<p style=\"text-align: center;\"><strong>Di seguito l&#8217;invito e l&#8217;elenco dei tanti Caduti in montagna\u00a0<\/strong><\/p>\n<p><a href=\"https:\/\/www.radiopiu.net\/wordpress\/dal-1976-la-messa-per-i-caduti-della-montagna-domenica-31-ottobre-ad-agordo\/c23883fb-43b3-4ece-8e75-d2dd755113a7\/\" rel=\"attachment wp-att-236491\"><img loading=\"lazy\" decoding=\"async\" class=\"wp-image-236491 size-full aligncenter\" src=\"https:\/\/www.radiopiu.net\/wordpress\/wp-content\/uploads\/2021\/10\/c23883fb-43b3-4ece-8e75-d2dd755113a7.jpg\" alt=\"\" width=\"692\" height=\"1024\" srcset=\"https:\/\/www.radiopiu.net\/wordpress\/wp-content\/uploads\/2021\/10\/c23883fb-43b3-4ece-8e75-d2dd755113a7.jpg 692w, https:\/\/www.radiopiu.net\/wordpress\/wp-content\/uploads\/2021\/10\/c23883fb-43b3-4ece-8e75-d2dd755113a7-203x300.jpg 203w\" sizes=\"auto, (max-width: 692px) 100vw, 692px\" \/><\/a><\/p>\n","protected":false},"excerpt":{"rendered":"<p>AGORDO\u00a0 Anche quest&#8217;anno per iniziativa del Coro Agordo i Caduti in montagna saranno ricordati con una celebrazione religiosa accompagnata dai canti del Coro Agordo (che organizza il ricordo) nell&#8217;Arcidiaconale della citt\u00e0. Anche quest&#8217;anno la celebrazione sar\u00e0 trasmessa in tutto il mondo sulle frequenze FM e sullo streaming di Radio Pi\u00f9, in video sui canali facebook&hellip;<\/p>\n","protected":false},"author":4,"featured_media":236494,"comment_status":"closed","ping_status":"open","sticky":false,"template":"","format":"standard","meta":{"_monsterinsights_skip_tracking":false,"_monsterinsights_sitenote_active":false,"_monsterinsights_sitenote_note":"","_monsterinsights_sitenote_category":0,"footnotes":""},"categories":[49],"tags":[],"class_list":["post-236489","post","type-post","status-publish","format-standard","has-post-thumbnail","hentry","category-news-18","category-49","description-off"],"img_url":"https:\/\/www.radiopiu.net\/wordpress\/wp-content\/uploads\/2021\/10\/th-10.jpg","_links":{"self":[{"href":"https:\/\/www.radiopiu.net\/wordpress\/wp-json\/wp\/v2\/posts\/236489","targetHints":{"allow":["GET"]}}],"collection":[{"href":"https:\/\/www.radiopiu.net\/wordpress\/wp-json\/wp\/v2\/posts"}],"about":[{"href":"https:\/\/www.radiopiu.net\/wordpress\/wp-json\/wp\/v2\/types\/post"}],"author":[{"embeddable":true,"href":"https:\/\/www.radiopiu.net\/wordpress\/wp-json\/wp\/v2\/users\/4"}],"replies":[{"embeddable":true,"href":"https:\/\/www.radiopiu.net\/wordpress\/wp-json\/wp\/v2\/comments?post=236489"}],"version-history":[{"count":0,"href":"https:\/\/www.radiopiu.net\/wordpress\/wp-json\/wp\/v2\/posts\/236489\/revisions"}],"wp:featuredmedia":[{"embeddable":true,"href":"https:\/\/www.radiopiu.net\/wordpress\/wp-json\/wp\/v2\/media\/236494"}],"wp:attachment":[{"href":"https:\/\/www.radiopiu.net\/wordpress\/wp-json\/wp\/v2\/media?parent=236489"}],"wp:term":[{"taxonomy":"category","embeddable":true,"href":"https:\/\/www.radiopiu.net\/wordpress\/wp-json\/wp\/v2\/categories?post=236489"},{"taxonomy":"post_tag","embeddable":true,"href":"https:\/\/www.radiopiu.net\/wordpress\/wp-json\/wp\/v2\/tags?post=236489"}],"curies":[{"name":"wp","href":"https:\/\/api.w.org\/{rel}","templated":true}]}}